{"id":19704,"date":"2020-10-06T13:09:36","date_gmt":"2020-10-06T16:09:36","guid":{"rendered":"https:\/\/www.cidademarketing.com.br\/marketing\/?p=19704"},"modified":"2020-10-06T13:09:41","modified_gmt":"2020-10-06T16:09:41","slug":"mondial-de-la-biere-festival-internacional-de-cervejas-artesanais-sera-totalmente-digital","status":"publish","type":"post","link":"https:\/\/www.cidademarketing.com.br\/marketing\/2020\/10\/06\/mondial-de-la-biere-festival-internacional-de-cervejas-artesanais-sera-totalmente-digital\/","title":{"rendered":"Mondial de la Bi\u00e8re: Festival internacional de cervejas artesanais ser\u00e1 totalmente digital"},"content":{"rendered":"\n<p>No dia 12 de dezembro o Mondial de la Bi\u00e8re, principal festival internacional de cervejas artesanais, vai realizar uma edi\u00e7\u00e3o totalmente digital. Para garantir a seguran\u00e7a dos cervejeiros de plant\u00e3o, esse ano a festa ser\u00e1 online e os clientes poder\u00e3o curtir de todo o Brasil, recebendo a experi\u00eancia do festival dentro de casa. A palavra de ordem desta edi\u00e7\u00e3o \u00e9 inova\u00e7\u00e3o.<\/p>\n\n\n\n<p>O formato virtual ser\u00e1 gratuito e transmitido direto de uma Brewhouse atrav\u00e9s do canal de Youtube do Mondial. A programa\u00e7\u00e3o promete muitas novidades: degusta\u00e7\u00f5es guiadas, m\u00fasica, entretenimento, conte\u00fados sobre cerveja artesanal, mixologia, harmoniza\u00e7\u00f5es, tours virtuais pelas cervejarias e muito mais. O objetivo \u00e9 levar o p\u00fablico a um mergulho ainda mais profundo no universo do Mondial de la Bi\u00e8re.<\/p>\n\n\n\n<p>Um copo in\u00e9dito do festival, item colecionado pelos frequentadores ass\u00edduos de todos os anos, e as cervejas que s\u00e3o encontradas no evento desta vez ser\u00e3o levados direto para os clientes, assim como outros souvenires. Tamb\u00e9m est\u00e1 garantida a participa\u00e7\u00e3o de marcas nacionais e internacionais, onde as cervejarias j\u00e1 come\u00e7aram a preparar receitas inovadoras e lan\u00e7amentos exclusivos para o evento. \u201cAntes, os visitantes iam at\u00e9 o Mondial de la Bi\u00e8re. Agora, n\u00f3s levaremos a experi\u00eancia completa at\u00e9 eles.\u201d \u2013 Afirma Gabriel Pulcino, gerente do evento.<\/p>\n\n\n\n<p>Ser\u00e3o disponibilizados diferentes Boxs com r\u00f3tulos variados de cerveja al\u00e9m de diversos outros produtos. O p\u00fablico poder\u00e1 escolher o Box que preferir, comprar com anteced\u00eancia e receber em casa alguns dias antes do festival. No dia 12 de dezembro, durante a transmiss\u00e3o, as degusta\u00e7\u00f5es guiadas ser\u00e3o feitas pelos pr\u00f3prios cervejeiros de cada marca, baseada nos r\u00f3tulos que vieram nos Boxs.<\/p>\n\n\n\n<p>Durante o Festival Online, tamb\u00e9m haver\u00e1 um QR Code que funciona a partir de geolocaliza\u00e7\u00e3o e dar\u00e1 acesso a uma sele\u00e7\u00e3o de lojas em todo o pa\u00eds que trabalham com cervejas artesanais e s\u00e3o capazes de entregar os pedidos em at\u00e9 uma hora. \u00c9 s\u00f3 o cliente checar a cervejaria de sua prefer\u00eancia, conferir os benef\u00edcios especiais oferecidos, escolher os r\u00f3tulos que quer degustar, fazer o pedido e esperar chegar em sua casa enquanto curte as atra\u00e7\u00f5es do festival.<\/p>\n\n\n\n<p>O cunho solid\u00e1rio continuar\u00e1 presente mantendo a a\u00e7\u00e3o Cervejeiro Solid\u00e1rio com doa\u00e7\u00f5es sendo convertidas para diferentes institui\u00e7\u00f5es carentes que necessitam de ajuda.<\/p>\n\n\n\n<p><strong>Sobre o Mondial de la Bi\u00e8re<\/strong><\/p>\n\n\n\n<p>O Mondial de la Bi\u00e8re \u00e9 um festival internacional de cervejas artesanais que re\u00fane fabricantes, distribuidores e importadores de cervejas artesanais e premium. Sucesso idealizado no Canad\u00e1 h\u00e1 25 anos, e no Brasil desde 2013, o Mondial de la Bi\u00e8re realizou sete edi\u00e7\u00f5es no Rio de Janeiro e a duas em S\u00e3o Paulo e promove em 2020 sua primeira edi\u00e7\u00e3o online.<\/p>\n\n\n\n<p><strong>Sobre a GL Events<\/strong><\/p>\n\n\n\n<p>De origem francesa, a GL events \u00e9 um dos maiores grupos empresariais do setor de eventos no mundo. Presente em&nbsp;mais de 20 pa\u00edses nos cinco continentes, administra&nbsp;50 espa\u00e7os, entre centros de conven\u00e7\u00f5es e arenas multiuso, e j\u00e1 realizou&nbsp;mais de 4.000 eventos. Com faturamento de&nbsp;1,17 bilh\u00e3o de euros em receita no ano de 2018, a empresa&nbsp;tem atualmente 996 funcion\u00e1rios.<\/p>\n","protected":false},"excerpt":{"rendered":"<p>No dia 12 de dezembro o Mondial de la Bi\u00e8re, principal festival internacional de cervejas artesanais, vai realizar uma edi\u00e7\u00e3o totalmente digital. Para garantir a seguran\u00e7a dos cervejeiros de plant\u00e3o, esse ano a festa ser\u00e1 online e os clientes poder\u00e3o curtir de todo o Brasil, recebendo a experi\u00eancia do festival dentro de casa. A palavra [&hellip;]<\/p>\n","protected":false},"author":1,"featured_media":19705,"comment_status":"open","ping_status":"open","sticky":false,"template":"","format":"standard","meta":{"tdm_status":"","tdm_grid_status":"","footnotes":""},"categories":[6],"tags":[672,3467,28,26],"class_list":["post-19704","post","type-post","status-publish","format-standard","has-post-thumbnail","hentry","category-noticias","tag-cerveja","tag-cerveja-internacional","tag-marketing","tag-marketing-digital"],"yoast_head":"<!-- This site is optimized with the Yoast SEO plugin v27.4 - https:\/\/yoast.com\/product\/yoast-seo-wordpress\/ -->\n<title>Mondial de la Bi\u00e8re: Festival internacional de cervejas artesanais ser\u00e1 totalmente digital - CidadeMarketing<\/title>\n<meta name=\"robots\" content=\"index, follow, max-snippet:-1, max-image-preview:large, max-video-preview:-1\" \/>\n<link rel=\"canonical\" href=\"https:\/\/www.cidademarketing.com.br\/marketing\/2020\/10\/06\/mondial-de-la-biere-festival-internacional-de-cervejas-artesanais-sera-totalmente-digital\/\" \/>\n<meta property=\"og:locale\" content=\"pt_BR\" \/>\n<meta property=\"og:type\" content=\"article\" \/>\n<meta property=\"og:title\" content=\"Mondial de la Bi\u00e8re: Festival internacional de cervejas artesanais ser\u00e1 totalmente digital - CidadeMarketing\" \/>\n<meta property=\"og:description\" content=\"No dia 12 de dezembro o Mondial de la Bi\u00e8re, principal festival internacional de cervejas artesanais, vai realizar uma edi\u00e7\u00e3o totalmente digital. Para garantir a seguran\u00e7a dos cervejeiros de plant\u00e3o, esse ano a festa ser\u00e1 online e os clientes poder\u00e3o curtir de todo o Brasil, recebendo a experi\u00eancia do festival dentro de casa. A palavra [&hellip;]\" \/>\n<meta property=\"og:url\" content=\"https:\/\/www.cidademarketing.com.br\/marketing\/2020\/10\/06\/mondial-de-la-biere-festival-internacional-de-cervejas-artesanais-sera-totalmente-digital\/\" \/>\n<meta property=\"og:site_name\" content=\"CidadeMarketing\" \/>\n<meta property=\"article:publisher\" content=\"https:\/\/www.facebook.com\/portalcidademarketing\" \/>\n<meta property=\"article:author\" content=\"https:\/\/www.facebook.com\/thalesbrandao\" \/>\n<meta property=\"article:published_time\" content=\"2020-10-06T16:09:36+00:00\" \/>\n<meta property=\"article:modified_time\" content=\"2020-10-06T16:09:41+00:00\" \/>\n<meta property=\"og:image\" content=\"https:\/\/www.cidademarketing.com.br\/marketing\/wp-content\/uploads\/2020\/10\/festivaldecerveja.jpeg\" \/>\n\t<meta property=\"og:image:width\" content=\"1280\" \/>\n\t<meta property=\"og:image:height\" content=\"1280\" \/>\n\t<meta property=\"og:image:type\" content=\"image\/jpeg\" \/>\n<meta name=\"author\" content=\"Thales Brand\u00e3o\" \/>\n<meta name=\"twitter:card\" content=\"summary_large_image\" \/>\n<meta name=\"twitter:creator\" content=\"@http:\/\/www.twitter.com\/thalesbrandao\" \/>\n<meta name=\"twitter:site\" content=\"@CidadeMarketing\" \/>\n<meta name=\"twitter:label1\" content=\"Escrito por\" \/>\n\t<meta name=\"twitter:data1\" content=\"Thales Brand\u00e3o\" \/>\n\t<meta name=\"twitter:label2\" content=\"Est. tempo de leitura\" \/>\n\t<meta name=\"twitter:data2\" content=\"3 minutos\" \/>\n<script type=\"application\/ld+json\" class=\"yoast-schema-graph\">{\"@context\":\"https:\\\/\\\/schema.org\",\"@graph\":[{\"@type\":\"Article\",\"@id\":\"https:\\\/\\\/www.cidademarketing.com.br\\\/marketing\\\/2020\\\/10\\\/06\\\/mondial-de-la-biere-festival-internacional-de-cervejas-artesanais-sera-totalmente-digital\\\/#article\",\"isPartOf\":{\"@id\":\"https:\\\/\\\/www.cidademarketing.com.br\\\/marketing\\\/2020\\\/10\\\/06\\\/mondial-de-la-biere-festival-internacional-de-cervejas-artesanais-sera-totalmente-digital\\\/\"},\"author\":{\"name\":\"Thales Brand\u00e3o\",\"@id\":\"https:\\\/\\\/www.cidademarketing.com.br\\\/marketing\\\/#\\\/schema\\\/person\\\/02daff9f18bd9378c9e01eb6b2db155f\"},\"headline\":\"Mondial de la Bi\u00e8re: Festival internacional de cervejas artesanais ser\u00e1 totalmente digital\",\"datePublished\":\"2020-10-06T16:09:36+00:00\",\"dateModified\":\"2020-10-06T16:09:41+00:00\",\"mainEntityOfPage\":{\"@id\":\"https:\\\/\\\/www.cidademarketing.com.br\\\/marketing\\\/2020\\\/10\\\/06\\\/mondial-de-la-biere-festival-internacional-de-cervejas-artesanais-sera-totalmente-digital\\\/\"},\"wordCount\":563,\"commentCount\":0,\"publisher\":{\"@id\":\"https:\\\/\\\/www.cidademarketing.com.br\\\/marketing\\\/#organization\"},\"image\":{\"@id\":\"https:\\\/\\\/www.cidademarketing.com.br\\\/marketing\\\/2020\\\/10\\\/06\\\/mondial-de-la-biere-festival-internacional-de-cervejas-artesanais-sera-totalmente-digital\\\/#primaryimage\"},\"thumbnailUrl\":\"https:\\\/\\\/www.cidademarketing.com.br\\\/marketing\\\/wp-content\\\/uploads\\\/2020\\\/10\\\/festivaldecerveja.jpeg\",\"keywords\":[\"cerveja\",\"cerveja internacional\",\"marketing\",\"marketing digital\"],\"articleSection\":[\"Not\u00edcias\"],\"inLanguage\":\"pt-BR\",\"potentialAction\":[{\"@type\":\"CommentAction\",\"name\":\"Comment\",\"target\":[\"https:\\\/\\\/www.cidademarketing.com.br\\\/marketing\\\/2020\\\/10\\\/06\\\/mondial-de-la-biere-festival-internacional-de-cervejas-artesanais-sera-totalmente-digital\\\/#respond\"]}]},{\"@type\":\"WebPage\",\"@id\":\"https:\\\/\\\/www.cidademarketing.com.br\\\/marketing\\\/2020\\\/10\\\/06\\\/mondial-de-la-biere-festival-internacional-de-cervejas-artesanais-sera-totalmente-digital\\\/\",\"url\":\"https:\\\/\\\/www.cidademarketing.com.br\\\/marketing\\\/2020\\\/10\\\/06\\\/mondial-de-la-biere-festival-internacional-de-cervejas-artesanais-sera-totalmente-digital\\\/\",\"name\":\"Mondial de la Bi\u00e8re: Festival internacional de cervejas artesanais ser\u00e1 totalmente digital - CidadeMarketing\",\"isPartOf\":{\"@id\":\"https:\\\/\\\/www.cidademarketing.com.br\\\/marketing\\\/#website\"},\"primaryImageOfPage\":{\"@id\":\"https:\\\/\\\/www.cidademarketing.com.br\\\/marketing\\\/2020\\\/10\\\/06\\\/mondial-de-la-biere-festival-internacional-de-cervejas-artesanais-sera-totalmente-digital\\\/#primaryimage\"},\"image\":{\"@id\":\"https:\\\/\\\/www.cidademarketing.com.br\\\/marketing\\\/2020\\\/10\\\/06\\\/mondial-de-la-biere-festival-internacional-de-cervejas-artesanais-sera-totalmente-digital\\\/#primaryimage\"},\"thumbnailUrl\":\"https:\\\/\\\/www.cidademarketing.com.br\\\/marketing\\\/wp-content\\\/uploads\\\/2020\\\/10\\\/festivaldecerveja.jpeg\",\"datePublished\":\"2020-10-06T16:09:36+00:00\",\"dateModified\":\"2020-10-06T16:09:41+00:00\",\"breadcrumb\":{\"@id\":\"https:\\\/\\\/www.cidademarketing.com.br\\\/marketing\\\/2020\\\/10\\\/06\\\/mondial-de-la-biere-festival-internacional-de-cervejas-artesanais-sera-totalmente-digital\\\/#breadcrumb\"},\"inLanguage\":\"pt-BR\",\"potentialAction\":[{\"@type\":\"ReadAction\",\"target\":[\"https:\\\/\\\/www.cidademarketing.com.br\\\/marketing\\\/2020\\\/10\\\/06\\\/mondial-de-la-biere-festival-internacional-de-cervejas-artesanais-sera-totalmente-digital\\\/\"]}]},{\"@type\":\"ImageObject\",\"inLanguage\":\"pt-BR\",\"@id\":\"https:\\\/\\\/www.cidademarketing.com.br\\\/marketing\\\/2020\\\/10\\\/06\\\/mondial-de-la-biere-festival-internacional-de-cervejas-artesanais-sera-totalmente-digital\\\/#primaryimage\",\"url\":\"https:\\\/\\\/www.cidademarketing.com.br\\\/marketing\\\/wp-content\\\/uploads\\\/2020\\\/10\\\/festivaldecerveja.jpeg\",\"contentUrl\":\"https:\\\/\\\/www.cidademarketing.com.br\\\/marketing\\\/wp-content\\\/uploads\\\/2020\\\/10\\\/festivaldecerveja.jpeg\",\"width\":1280,\"height\":1280},{\"@type\":\"BreadcrumbList\",\"@id\":\"https:\\\/\\\/www.cidademarketing.com.br\\\/marketing\\\/2020\\\/10\\\/06\\\/mondial-de-la-biere-festival-internacional-de-cervejas-artesanais-sera-totalmente-digital\\\/#breadcrumb\",\"itemListElement\":[{\"@type\":\"ListItem\",\"position\":1,\"name\":\"In\u00edcio\",\"item\":\"https:\\\/\\\/www.cidademarketing.com.br\\\/marketing\\\/\"},{\"@type\":\"ListItem\",\"position\":2,\"name\":\"Mondial de la Bi\u00e8re: Festival internacional de cervejas artesanais ser\u00e1 totalmente digital\"}]},{\"@type\":\"WebSite\",\"@id\":\"https:\\\/\\\/www.cidademarketing.com.br\\\/marketing\\\/#website\",\"url\":\"https:\\\/\\\/www.cidademarketing.com.br\\\/marketing\\\/\",\"name\":\"CidadeMarketing\",\"description\":\"Somos um ve\u00edculo de comunica\u00e7\u00e3o de destaque no Brasil, reconhecido por conte\u00fados nos segmentos de marketing, empreendedorismo e inova\u00e7\u00e3o.\",\"publisher\":{\"@id\":\"https:\\\/\\\/www.cidademarketing.com.br\\\/marketing\\\/#organization\"},\"alternateName\":\"CidadeMarketing\",\"potentialAction\":[{\"@type\":\"SearchAction\",\"target\":{\"@type\":\"EntryPoint\",\"urlTemplate\":\"https:\\\/\\\/www.cidademarketing.com.br\\\/marketing\\\/?s={search_term_string}\"},\"query-input\":{\"@type\":\"PropertyValueSpecification\",\"valueRequired\":true,\"valueName\":\"search_term_string\"}}],\"inLanguage\":\"pt-BR\"},{\"@type\":\"Organization\",\"@id\":\"https:\\\/\\\/www.cidademarketing.com.br\\\/marketing\\\/#organization\",\"name\":\"CidadeMarketing\",\"alternateName\":\"CidadeMarketing\",\"url\":\"https:\\\/\\\/www.cidademarketing.com.br\\\/marketing\\\/\",\"logo\":{\"@type\":\"ImageObject\",\"inLanguage\":\"pt-BR\",\"@id\":\"https:\\\/\\\/www.cidademarketing.com.br\\\/marketing\\\/#\\\/schema\\\/logo\\\/image\\\/\",\"url\":\"https:\\\/\\\/www.cidademarketing.com.br\\\/marketing\\\/wp-content\\\/uploads\\\/2020\\\/01\\\/cidademarketing_marca_mobile.png\",\"contentUrl\":\"https:\\\/\\\/www.cidademarketing.com.br\\\/marketing\\\/wp-content\\\/uploads\\\/2020\\\/01\\\/cidademarketing_marca_mobile.png\",\"width\":230,\"height\":92,\"caption\":\"CidadeMarketing\"},\"image\":{\"@id\":\"https:\\\/\\\/www.cidademarketing.com.br\\\/marketing\\\/#\\\/schema\\\/logo\\\/image\\\/\"},\"sameAs\":[\"https:\\\/\\\/www.facebook.com\\\/portalcidademarketing\",\"https:\\\/\\\/x.com\\\/CidadeMarketing\",\"https:\\\/\\\/www.instagram.com\\\/cidademarketing\\\/\"]},{\"@type\":\"Person\",\"@id\":\"https:\\\/\\\/www.cidademarketing.com.br\\\/marketing\\\/#\\\/schema\\\/person\\\/02daff9f18bd9378c9e01eb6b2db155f\",\"name\":\"Thales Brand\u00e3o\",\"image\":{\"@type\":\"ImageObject\",\"inLanguage\":\"pt-BR\",\"@id\":\"https:\\\/\\\/secure.gravatar.com\\\/avatar\\\/7ca3206950207cc3cb48feec56a8a7898741ab725c368d99d5d7a5a50aab80c6?s=96&d=mm&r=g\",\"url\":\"https:\\\/\\\/secure.gravatar.com\\\/avatar\\\/7ca3206950207cc3cb48feec56a8a7898741ab725c368d99d5d7a5a50aab80c6?s=96&d=mm&r=g\",\"contentUrl\":\"https:\\\/\\\/secure.gravatar.com\\\/avatar\\\/7ca3206950207cc3cb48feec56a8a7898741ab725c368d99d5d7a5a50aab80c6?s=96&d=mm&r=g\",\"caption\":\"Thales Brand\u00e3o\"},\"description\":\"Editor Executivo do Portal CidadeMarketing.com.br &gt; Mestre em Comunica\u00e7\u00e3o e Sociedade pela Universidade Federal de Sergipe. Possui MBA Executivo em Administra\u00e7\u00e3o com \u00eanfase em Marketing pela Funda\u00e7\u00e3o Get\u00falio Vargas - Rio de Janeiro. Consultor, Palestrante e Pesquisador sobre Empreendedorismo, Marketing, Redes Sociais e Neg\u00f3cios Digitais. Professor, Palestrante TedxTalks e Campus Party. Twitter: @ThalesBrandao\",\"sameAs\":[\"http:\\\/\\\/www.mandacaru.com.br\",\"https:\\\/\\\/www.facebook.com\\\/thalesbrandao\",\"http:\\\/\\\/www.instagram.com.br\\\/thalesbrandaoferreira\",\"https:\\\/\\\/www.linkedin.com\\\/in\\\/thales-brand\u00e3o-3948609\\\/\",\"https:\\\/\\\/x.com\\\/http:\\\/\\\/www.twitter.com\\\/thalesbrandao\"],\"url\":\"https:\\\/\\\/www.cidademarketing.com.br\\\/marketing\\\/author\\\/thalesbrandao\\\/\"}]}<\/script>\n<!-- \/ Yoast SEO plugin. -->","yoast_head_json":{"title":"Mondial de la Bi\u00e8re: Festival internacional de cervejas artesanais ser\u00e1 totalmente digital - CidadeMarketing","robots":{"index":"index","follow":"follow","max-snippet":"max-snippet:-1","max-image-preview":"max-image-preview:large","max-video-preview":"max-video-preview:-1"},"canonical":"https:\/\/www.cidademarketing.com.br\/marketing\/2020\/10\/06\/mondial-de-la-biere-festival-internacional-de-cervejas-artesanais-sera-totalmente-digital\/","og_locale":"pt_BR","og_type":"article","og_title":"Mondial de la Bi\u00e8re: Festival internacional de cervejas artesanais ser\u00e1 totalmente digital - CidadeMarketing","og_description":"No dia 12 de dezembro o Mondial de la Bi\u00e8re, principal festival internacional de cervejas artesanais, vai realizar uma edi\u00e7\u00e3o totalmente digital. Para garantir a seguran\u00e7a dos cervejeiros de plant\u00e3o, esse ano a festa ser\u00e1 online e os clientes poder\u00e3o curtir de todo o Brasil, recebendo a experi\u00eancia do festival dentro de casa. A palavra [&hellip;]","og_url":"https:\/\/www.cidademarketing.com.br\/marketing\/2020\/10\/06\/mondial-de-la-biere-festival-internacional-de-cervejas-artesanais-sera-totalmente-digital\/","og_site_name":"CidadeMarketing","article_publisher":"https:\/\/www.facebook.com\/portalcidademarketing","article_author":"https:\/\/www.facebook.com\/thalesbrandao","article_published_time":"2020-10-06T16:09:36+00:00","article_modified_time":"2020-10-06T16:09:41+00:00","og_image":[{"width":1280,"height":1280,"url":"https:\/\/www.cidademarketing.com.br\/marketing\/wp-content\/uploads\/2020\/10\/festivaldecerveja.jpeg","type":"image\/jpeg"}],"author":"Thales Brand\u00e3o","twitter_card":"summary_large_image","twitter_creator":"@http:\/\/www.twitter.com\/thalesbrandao","twitter_site":"@CidadeMarketing","twitter_misc":{"Escrito por":"Thales Brand\u00e3o","Est. tempo de leitura":"3 minutos"},"schema":{"@context":"https:\/\/schema.org","@graph":[{"@type":"Article","@id":"https:\/\/www.cidademarketing.com.br\/marketing\/2020\/10\/06\/mondial-de-la-biere-festival-internacional-de-cervejas-artesanais-sera-totalmente-digital\/#article","isPartOf":{"@id":"https:\/\/www.cidademarketing.com.br\/marketing\/2020\/10\/06\/mondial-de-la-biere-festival-internacional-de-cervejas-artesanais-sera-totalmente-digital\/"},"author":{"name":"Thales Brand\u00e3o","@id":"https:\/\/www.cidademarketing.com.br\/marketing\/#\/schema\/person\/02daff9f18bd9378c9e01eb6b2db155f"},"headline":"Mondial de la Bi\u00e8re: Festival internacional de cervejas artesanais ser\u00e1 totalmente digital","datePublished":"2020-10-06T16:09:36+00:00","dateModified":"2020-10-06T16:09:41+00:00","mainEntityOfPage":{"@id":"https:\/\/www.cidademarketing.com.br\/marketing\/2020\/10\/06\/mondial-de-la-biere-festival-internacional-de-cervejas-artesanais-sera-totalmente-digital\/"},"wordCount":563,"commentCount":0,"publisher":{"@id":"https:\/\/www.cidademarketing.com.br\/marketing\/#organization"},"image":{"@id":"https:\/\/www.cidademarketing.com.br\/marketing\/2020\/10\/06\/mondial-de-la-biere-festival-internacional-de-cervejas-artesanais-sera-totalmente-digital\/#primaryimage"},"thumbnailUrl":"https:\/\/www.cidademarketing.com.br\/marketing\/wp-content\/uploads\/2020\/10\/festivaldecerveja.jpeg","keywords":["cerveja","cerveja internacional","marketing","marketing digital"],"articleSection":["Not\u00edcias"],"inLanguage":"pt-BR","potentialAction":[{"@type":"CommentAction","name":"Comment","target":["https:\/\/www.cidademarketing.com.br\/marketing\/2020\/10\/06\/mondial-de-la-biere-festival-internacional-de-cervejas-artesanais-sera-totalmente-digital\/#respond"]}]},{"@type":"WebPage","@id":"https:\/\/www.cidademarketing.com.br\/marketing\/2020\/10\/06\/mondial-de-la-biere-festival-internacional-de-cervejas-artesanais-sera-totalmente-digital\/","url":"https:\/\/www.cidademarketing.com.br\/marketing\/2020\/10\/06\/mondial-de-la-biere-festival-internacional-de-cervejas-artesanais-sera-totalmente-digital\/","name":"Mondial de la Bi\u00e8re: Festival internacional de cervejas artesanais ser\u00e1 totalmente digital - CidadeMarketing","isPartOf":{"@id":"https:\/\/www.cidademarketing.com.br\/marketing\/#website"},"primaryImageOfPage":{"@id":"https:\/\/www.cidademarketing.com.br\/marketing\/2020\/10\/06\/mondial-de-la-biere-festival-internacional-de-cervejas-artesanais-sera-totalmente-digital\/#primaryimage"},"image":{"@id":"https:\/\/www.cidademarketing.com.br\/marketing\/2020\/10\/06\/mondial-de-la-biere-festival-internacional-de-cervejas-artesanais-sera-totalmente-digital\/#primaryimage"},"thumbnailUrl":"https:\/\/www.cidademarketing.com.br\/marketing\/wp-content\/uploads\/2020\/10\/festivaldecerveja.jpeg","datePublished":"2020-10-06T16:09:36+00:00","dateModified":"2020-10-06T16:09:41+00:00","breadcrumb":{"@id":"https:\/\/www.cidademarketing.com.br\/marketing\/2020\/10\/06\/mondial-de-la-biere-festival-internacional-de-cervejas-artesanais-sera-totalmente-digital\/#breadcrumb"},"inLanguage":"pt-BR","potentialAction":[{"@type":"ReadAction","target":["https:\/\/www.cidademarketing.com.br\/marketing\/2020\/10\/06\/mondial-de-la-biere-festival-internacional-de-cervejas-artesanais-sera-totalmente-digital\/"]}]},{"@type":"ImageObject","inLanguage":"pt-BR","@id":"https:\/\/www.cidademarketing.com.br\/marketing\/2020\/10\/06\/mondial-de-la-biere-festival-internacional-de-cervejas-artesanais-sera-totalmente-digital\/#primaryimage","url":"https:\/\/www.cidademarketing.com.br\/marketing\/wp-content\/uploads\/2020\/10\/festivaldecerveja.jpeg","contentUrl":"https:\/\/www.cidademarketing.com.br\/marketing\/wp-content\/uploads\/2020\/10\/festivaldecerveja.jpeg","width":1280,"height":1280},{"@type":"BreadcrumbList","@id":"https:\/\/www.cidademarketing.com.br\/marketing\/2020\/10\/06\/mondial-de-la-biere-festival-internacional-de-cervejas-artesanais-sera-totalmente-digital\/#breadcrumb","itemListElement":[{"@type":"ListItem","position":1,"name":"In\u00edcio","item":"https:\/\/www.cidademarketing.com.br\/marketing\/"},{"@type":"ListItem","position":2,"name":"Mondial de la Bi\u00e8re: Festival internacional de cervejas artesanais ser\u00e1 totalmente digital"}]},{"@type":"WebSite","@id":"https:\/\/www.cidademarketing.com.br\/marketing\/#website","url":"https:\/\/www.cidademarketing.com.br\/marketing\/","name":"CidadeMarketing","description":"Somos um ve\u00edculo de comunica\u00e7\u00e3o de destaque no Brasil, reconhecido por conte\u00fados nos segmentos de marketing, empreendedorismo e inova\u00e7\u00e3o.","publisher":{"@id":"https:\/\/www.cidademarketing.com.br\/marketing\/#organization"},"alternateName":"CidadeMarketing","potentialAction":[{"@type":"SearchAction","target":{"@type":"EntryPoint","urlTemplate":"https:\/\/www.cidademarketing.com.br\/marketing\/?s={search_term_string}"},"query-input":{"@type":"PropertyValueSpecification","valueRequired":true,"valueName":"search_term_string"}}],"inLanguage":"pt-BR"},{"@type":"Organization","@id":"https:\/\/www.cidademarketing.com.br\/marketing\/#organization","name":"CidadeMarketing","alternateName":"CidadeMarketing","url":"https:\/\/www.cidademarketing.com.br\/marketing\/","logo":{"@type":"ImageObject","inLanguage":"pt-BR","@id":"https:\/\/www.cidademarketing.com.br\/marketing\/#\/schema\/logo\/image\/","url":"https:\/\/www.cidademarketing.com.br\/marketing\/wp-content\/uploads\/2020\/01\/cidademarketing_marca_mobile.png","contentUrl":"https:\/\/www.cidademarketing.com.br\/marketing\/wp-content\/uploads\/2020\/01\/cidademarketing_marca_mobile.png","width":230,"height":92,"caption":"CidadeMarketing"},"image":{"@id":"https:\/\/www.cidademarketing.com.br\/marketing\/#\/schema\/logo\/image\/"},"sameAs":["https:\/\/www.facebook.com\/portalcidademarketing","https:\/\/x.com\/CidadeMarketing","https:\/\/www.instagram.com\/cidademarketing\/"]},{"@type":"Person","@id":"https:\/\/www.cidademarketing.com.br\/marketing\/#\/schema\/person\/02daff9f18bd9378c9e01eb6b2db155f","name":"Thales Brand\u00e3o","image":{"@type":"ImageObject","inLanguage":"pt-BR","@id":"https:\/\/secure.gravatar.com\/avatar\/7ca3206950207cc3cb48feec56a8a7898741ab725c368d99d5d7a5a50aab80c6?s=96&d=mm&r=g","url":"https:\/\/secure.gravatar.com\/avatar\/7ca3206950207cc3cb48feec56a8a7898741ab725c368d99d5d7a5a50aab80c6?s=96&d=mm&r=g","contentUrl":"https:\/\/secure.gravatar.com\/avatar\/7ca3206950207cc3cb48feec56a8a7898741ab725c368d99d5d7a5a50aab80c6?s=96&d=mm&r=g","caption":"Thales Brand\u00e3o"},"description":"Editor Executivo do Portal CidadeMarketing.com.br &gt; Mestre em Comunica\u00e7\u00e3o e Sociedade pela Universidade Federal de Sergipe. Possui MBA Executivo em Administra\u00e7\u00e3o com \u00eanfase em Marketing pela Funda\u00e7\u00e3o Get\u00falio Vargas - Rio de Janeiro. Consultor, Palestrante e Pesquisador sobre Empreendedorismo, Marketing, Redes Sociais e Neg\u00f3cios Digitais. Professor, Palestrante TedxTalks e Campus Party. Twitter: @ThalesBrandao","sameAs":["http:\/\/www.mandacaru.com.br","https:\/\/www.facebook.com\/thalesbrandao","http:\/\/www.instagram.com.br\/thalesbrandaoferreira","https:\/\/www.linkedin.com\/in\/thales-brand\u00e3o-3948609\/","https:\/\/x.com\/http:\/\/www.twitter.com\/thalesbrandao"],"url":"https:\/\/www.cidademarketing.com.br\/marketing\/author\/thalesbrandao\/"}]}},"amp_enabled":true,"_links":{"self":[{"href":"https:\/\/www.cidademarketing.com.br\/marketing\/wp-json\/wp\/v2\/posts\/19704","targetHints":{"allow":["GET"]}}],"collection":[{"href":"https:\/\/www.cidademarketing.com.br\/marketing\/wp-json\/wp\/v2\/posts"}],"about":[{"href":"https:\/\/www.cidademarketing.com.br\/marketing\/wp-json\/wp\/v2\/types\/post"}],"author":[{"embeddable":true,"href":"https:\/\/www.cidademarketing.com.br\/marketing\/wp-json\/wp\/v2\/users\/1"}],"replies":[{"embeddable":true,"href":"https:\/\/www.cidademarketing.com.br\/marketing\/wp-json\/wp\/v2\/comments?post=19704"}],"version-history":[{"count":1,"href":"https:\/\/www.cidademarketing.com.br\/marketing\/wp-json\/wp\/v2\/posts\/19704\/revisions"}],"predecessor-version":[{"id":19706,"href":"https:\/\/www.cidademarketing.com.br\/marketing\/wp-json\/wp\/v2\/posts\/19704\/revisions\/19706"}],"wp:featuredmedia":[{"embeddable":true,"href":"https:\/\/www.cidademarketing.com.br\/marketing\/wp-json\/wp\/v2\/media\/19705"}],"wp:attachment":[{"href":"https:\/\/www.cidademarketing.com.br\/marketing\/wp-json\/wp\/v2\/media?parent=19704"}],"wp:term":[{"taxonomy":"category","embeddable":true,"href":"https:\/\/www.cidademarketing.com.br\/marketing\/wp-json\/wp\/v2\/categories?post=19704"},{"taxonomy":"post_tag","embeddable":true,"href":"https:\/\/www.cidademarketing.com.br\/marketing\/wp-json\/wp\/v2\/tags?post=19704"}],"curies":[{"name":"wp","href":"https:\/\/api.w.org\/{rel}","templated":true}]}}