{"id":19701,"date":"2020-10-06T13:03:33","date_gmt":"2020-10-06T16:03:33","guid":{"rendered":"https:\/\/www.cidademarketing.com.br\/marketing\/?p=19701"},"modified":"2020-10-06T13:03:38","modified_gmt":"2020-10-06T16:03:38","slug":"projeto-escolas-conectadas-e-o-unico-do-brasil-a-ganhar-premio-internacional-de-educacao-da-unesco","status":"publish","type":"post","link":"https:\/\/www.cidademarketing.com.br\/marketing\/2020\/10\/06\/projeto-escolas-conectadas-e-o-unico-do-brasil-a-ganhar-premio-internacional-de-educacao-da-unesco\/","title":{"rendered":"Projeto Escolas Conectadas \u00e9 o \u00fanico do Brasil a ganhar pr\u00eamio internacional de educa\u00e7\u00e3o da Unesco"},"content":{"rendered":"\n<p>A Unesco divulgou ontem (05), em cerim\u00f4nia no World Teachers\u2019 Day 2020, na Fran\u00e7a, os vencedores do <em>Pr\u00eamio UNESCO-Hamdan Bin Rashid Al-Maktoum de Melhores Pr\u00e1ticas e Desempenho no Aprimoramento da Efic\u00e1cia de Professores<\/em>, que destaca iniciativas que apoiem a melhoria da qualidade do ensino e da aprendizagem no cumprimento das metas de Educa\u00e7\u00e3o para Todos, que \u00e9 uma das prioridades da UNESCO. O Escolas Conectadas, da Funda\u00e7\u00e3o Telef\u00f4nica Vivo, \u00e9 o \u00fanico projeto brasileiro a ganhar a premia\u00e7\u00e3o que, a cada dois anos, seleciona tr\u00eas iniciativas por meio de um j\u00fari internacional composto por cinco profissionais distintos, escolhidos pelo conhecimento e experi\u00eancia em quest\u00f5es relacionadas a professores. Em 2020, tamb\u00e9m receberam o pr\u00eamio, os projetos School Transformation Journey, da Funda\u00e7\u00e3o Educate Me, do Egito, e o Apps for Good, do Centro de Inclus\u00e3o Digital de Portugal. Os vencedores dividir\u00e3o igualmente o valor de USD 300.000, cujo investimento ser\u00e1 revertido no pr\u00f3prio projeto.\u00a0<\/p>\n\n\n\n<p>O Escolas Conectadas \u00e9 uma iniciativa do ProFuturo, um programa da Funda\u00e7\u00e3o Telef\u00f4nica Vivo e da Funda\u00e7\u00e3o \u201cla Caixa\u201d que, dentre outras estrat\u00e9gias, estimula o ensino a dist\u00e2ncia para educadores. Desde 2015, o projeto promove a inclus\u00e3o de educadores na cultura digital e incentiva o desenvolvimento de habilidades do s\u00e9culo XXI nos alunos, por meio da pr\u00e1tica de metodologias inovadoras de ensino.<\/p>\n\n\n\n<p>A plataforma oferece cerca de 40 cursos gratuitos focados na troca de experi\u00eancia entre educadores e na constru\u00e7\u00e3o coletiva de conhecimento, com cursos mediados e autoformativos de diferentes cargas hor\u00e1rias e certificados por institui\u00e7\u00f5es de ensino superior reconhecidas pelo Minist\u00e9rio da Educa\u00e7\u00e3o (MEC). O conte\u00fado contempla demandas do cen\u00e1rio educacional brasileiro e beneficia n\u00e3o s\u00f3 quem est\u00e1 na sala de aula, mas tamb\u00e9m os gestores enquanto agentes de transforma\u00e7\u00e3o da educa\u00e7\u00e3o.&nbsp; Em 2020, s\u00e3o mais de 350 mil vagas dispon\u00edveis, com previs\u00e3o de 165 mil educadores atendidos ao longo do ano.<\/p>\n\n\n\n<p>\u201cEste reconhecimento fortalece a convic\u00e7\u00e3o de que estamos no caminho certo para transformar a educa\u00e7\u00e3o do nosso pa\u00eds: investindo e valorizando os educadores\u201d, explica Americo Mattar, diretor presidente da Funda\u00e7\u00e3o Telef\u00f4nica Vivo. Com o valor do pr\u00eamio, o objetivo da Funda\u00e7\u00e3o \u00e9 otimizar uma das ferramentas mais valorizadas pelos educadores: o atendimento personalizado. A partir de agora, ser\u00e1 utilizado um sistema de intelig\u00eancia na administra\u00e7\u00e3o dos f\u00f3runs para demandas recorrentes, o que ir\u00e1 qualificar o tempo dos tutores nas intera\u00e7\u00f5es com os educadores e possibilitar uma experi\u00eancia ainda melhor.<\/p>\n\n\n\n<p><strong><em>Inscri\u00e7\u00f5es abertas &#8211; <\/em><\/strong>O Escolas Conectadas est\u00e1 com inscri\u00e7\u00f5es abertas at\u00e9 o dia 12 de outubro para diferentes cursos, que acontecer\u00e3o entre 13 de outubro e 9 de novembro. Os educadores podem se inscrever gratuitamente pelo site <a href=\"http:\/\/www.escolasconectadas.org.br\" target=\"_blank\" rel=\"noreferrer noopener\">www.escolasconectadas.org.br<\/a> e selecionar os cursos de acordo com a \u00e1rea de interesse e carga hor\u00e1ria, que varia de 10 a 50 horas.<\/p>\n\n\n\n<p>Entre as op\u00e7\u00f5es de cursos autoformativos, que permitem mais flexibilidade de hor\u00e1rios, as op\u00e7\u00f5es s\u00e3o: \u201cEscola Digital: curadoria de Objetos Digitais de Aprendizagem\u201d; \u201cInova\u00e7\u00e3o nas escolas\u201d; \u201cExperi\u00eancias educativas inovadoras usando as TIC\u201d; \u201cInova\u00e7\u00e3o na educa\u00e7\u00e3o: conhecimentos avan\u00e7ados\u201d; \u201cQuero Inovar Por onde eu come\u00e7o?\u201d; \u201cSe meu computador pensasse: uma correla\u00e7\u00e3o entre a l\u00f3gica computacional e os problemas do dia a dia\u201d.&nbsp;<\/p>\n\n\n\n<p>Para os cursos mediados, as inscri\u00e7\u00f5es est\u00e3o abertas para: \u201cAvalia\u00e7\u00e3o: para que e como avaliar\u201d; \u201cEscola na nuvem: ferramentas gratuitas de produ\u00e7\u00e3o online\u201d; \u201cJogos e brincadeiras: para al\u00e9m da seria\u00e7\u00e3o\u201d; \u201cPomar dom\u00e9stico &#8211; um futuro saud\u00e1vel com frutas o ano todo\u201d; \u201cProdu\u00e7\u00e3o colaborativa de conhecimento: redes para multiplicar e aprender\u201d; \u201cProjeto de Vida\u201d.<\/p>\n\n\n\n<p><strong>Sobre a Funda\u00e7\u00e3o Telef\u00f4nica Vivo<\/strong> &#8211; A Funda\u00e7\u00e3o Telef\u00f4nica Vivo, respons\u00e1vel pelos projetos sociais da Vivo, acredita na Inova\u00e7\u00e3o Educativa como forma de inspirar novos caminhos para o desenvolvimento do Brasil a partir da educa\u00e7\u00e3o. Guiada pela inova\u00e7\u00e3o e a disposi\u00e7\u00e3o em contribuir para a constru\u00e7\u00e3o de um futuro com mais oportunidades para todos, a Funda\u00e7\u00e3o desenvolve projetos que utilizam a tecnologia para gerar novas metodologias de ensino-aprendizagem, estimular o empreendedorismo social e o exerc\u00edcio da cidadania. Com mais de 20 anos de atua\u00e7\u00e3o no Brasil, faz parte de uma rede formada por outras funda\u00e7\u00f5es presentes da Europa e Am\u00e9rica Latina, integrantes do Grupo Telef\u00f3nica.<\/p>\n","protected":false},"excerpt":{"rendered":"<p>A Unesco divulgou ontem (05), em cerim\u00f4nia no World Teachers\u2019 Day 2020, na Fran\u00e7a, os vencedores do Pr\u00eamio UNESCO-Hamdan Bin Rashid Al-Maktoum de Melhores Pr\u00e1ticas e Desempenho no Aprimoramento da Efic\u00e1cia de Professores, que destaca iniciativas que apoiem a melhoria da qualidade do ensino e da aprendizagem no cumprimento das metas de Educa\u00e7\u00e3o para Todos, [&hellip;]<\/p>\n","protected":false},"author":1,"featured_media":19702,"comment_status":"open","ping_status":"open","sticky":false,"template":"","format":"standard","meta":{"tdm_status":"","tdm_grid_status":"","footnotes":""},"categories":[6],"tags":[100,28,2278,119],"class_list":["post-19701","post","type-post","status-publish","format-standard","has-post-thumbnail","hentry","category-noticias","tag-educacao","tag-marketing","tag-unesco","tag-vivo"],"yoast_head":"<!-- This site is optimized with the Yoast SEO plugin v27.4 - https:\/\/yoast.com\/product\/yoast-seo-wordpress\/ -->\n<title>Projeto Escolas Conectadas \u00e9 o \u00fanico do Brasil a ganhar pr\u00eamio internacional de educa\u00e7\u00e3o da Unesco - CidadeMarketing<\/title>\n<meta name=\"robots\" content=\"index, follow, max-snippet:-1, max-image-preview:large, max-video-preview:-1\" \/>\n<link rel=\"canonical\" href=\"https:\/\/www.cidademarketing.com.br\/marketing\/2020\/10\/06\/projeto-escolas-conectadas-e-o-unico-do-brasil-a-ganhar-premio-internacional-de-educacao-da-unesco\/\" \/>\n<meta property=\"og:locale\" content=\"pt_BR\" \/>\n<meta property=\"og:type\" content=\"article\" \/>\n<meta property=\"og:title\" content=\"Projeto Escolas Conectadas \u00e9 o \u00fanico do Brasil a ganhar pr\u00eamio internacional de educa\u00e7\u00e3o da Unesco - CidadeMarketing\" \/>\n<meta property=\"og:description\" content=\"A Unesco divulgou ontem (05), em cerim\u00f4nia no World Teachers\u2019 Day 2020, na Fran\u00e7a, os vencedores do Pr\u00eamio UNESCO-Hamdan Bin Rashid Al-Maktoum de Melhores Pr\u00e1ticas e Desempenho no Aprimoramento da Efic\u00e1cia de Professores, que destaca iniciativas que apoiem a melhoria da qualidade do ensino e da aprendizagem no cumprimento das metas de Educa\u00e7\u00e3o para Todos, [&hellip;]\" \/>\n<meta property=\"og:url\" content=\"https:\/\/www.cidademarketing.com.br\/marketing\/2020\/10\/06\/projeto-escolas-conectadas-e-o-unico-do-brasil-a-ganhar-premio-internacional-de-educacao-da-unesco\/\" \/>\n<meta property=\"og:site_name\" content=\"CidadeMarketing\" \/>\n<meta property=\"article:publisher\" content=\"https:\/\/www.facebook.com\/portalcidademarketing\" \/>\n<meta property=\"article:author\" content=\"https:\/\/www.facebook.com\/thalesbrandao\" \/>\n<meta property=\"article:published_time\" content=\"2020-10-06T16:03:33+00:00\" \/>\n<meta property=\"article:modified_time\" content=\"2020-10-06T16:03:38+00:00\" \/>\n<meta property=\"og:image\" content=\"https:\/\/www.cidademarketing.com.br\/marketing\/wp-content\/uploads\/2020\/10\/vivo_tecnologias.jpg\" \/>\n\t<meta property=\"og:image:width\" content=\"411\" \/>\n\t<meta property=\"og:image:height\" content=\"405\" \/>\n\t<meta property=\"og:image:type\" content=\"image\/jpeg\" \/>\n<meta name=\"author\" content=\"Thales Brand\u00e3o\" \/>\n<meta name=\"twitter:card\" content=\"summary_large_image\" \/>\n<meta name=\"twitter:creator\" content=\"@http:\/\/www.twitter.com\/thalesbrandao\" \/>\n<meta name=\"twitter:site\" content=\"@CidadeMarketing\" \/>\n<meta name=\"twitter:label1\" content=\"Escrito por\" \/>\n\t<meta name=\"twitter:data1\" content=\"Thales Brand\u00e3o\" \/>\n\t<meta name=\"twitter:label2\" content=\"Est. tempo de leitura\" \/>\n\t<meta name=\"twitter:data2\" content=\"4 minutos\" \/>\n<script type=\"application\/ld+json\" class=\"yoast-schema-graph\">{\"@context\":\"https:\\\/\\\/schema.org\",\"@graph\":[{\"@type\":\"Article\",\"@id\":\"https:\\\/\\\/www.cidademarketing.com.br\\\/marketing\\\/2020\\\/10\\\/06\\\/projeto-escolas-conectadas-e-o-unico-do-brasil-a-ganhar-premio-internacional-de-educacao-da-unesco\\\/#article\",\"isPartOf\":{\"@id\":\"https:\\\/\\\/www.cidademarketing.com.br\\\/marketing\\\/2020\\\/10\\\/06\\\/projeto-escolas-conectadas-e-o-unico-do-brasil-a-ganhar-premio-internacional-de-educacao-da-unesco\\\/\"},\"author\":{\"name\":\"Thales Brand\u00e3o\",\"@id\":\"https:\\\/\\\/www.cidademarketing.com.br\\\/marketing\\\/#\\\/schema\\\/person\\\/02daff9f18bd9378c9e01eb6b2db155f\"},\"headline\":\"Projeto Escolas Conectadas \u00e9 o \u00fanico do Brasil a ganhar pr\u00eamio internacional de educa\u00e7\u00e3o da Unesco\",\"datePublished\":\"2020-10-06T16:03:33+00:00\",\"dateModified\":\"2020-10-06T16:03:38+00:00\",\"mainEntityOfPage\":{\"@id\":\"https:\\\/\\\/www.cidademarketing.com.br\\\/marketing\\\/2020\\\/10\\\/06\\\/projeto-escolas-conectadas-e-o-unico-do-brasil-a-ganhar-premio-internacional-de-educacao-da-unesco\\\/\"},\"wordCount\":769,\"commentCount\":0,\"publisher\":{\"@id\":\"https:\\\/\\\/www.cidademarketing.com.br\\\/marketing\\\/#organization\"},\"image\":{\"@id\":\"https:\\\/\\\/www.cidademarketing.com.br\\\/marketing\\\/2020\\\/10\\\/06\\\/projeto-escolas-conectadas-e-o-unico-do-brasil-a-ganhar-premio-internacional-de-educacao-da-unesco\\\/#primaryimage\"},\"thumbnailUrl\":\"https:\\\/\\\/www.cidademarketing.com.br\\\/marketing\\\/wp-content\\\/uploads\\\/2020\\\/10\\\/vivo_tecnologias.jpg\",\"keywords\":[\"educa\u00e7\u00e3o\",\"marketing\",\"Unesco\",\"Vivo\"],\"articleSection\":[\"Not\u00edcias\"],\"inLanguage\":\"pt-BR\",\"potentialAction\":[{\"@type\":\"CommentAction\",\"name\":\"Comment\",\"target\":[\"https:\\\/\\\/www.cidademarketing.com.br\\\/marketing\\\/2020\\\/10\\\/06\\\/projeto-escolas-conectadas-e-o-unico-do-brasil-a-ganhar-premio-internacional-de-educacao-da-unesco\\\/#respond\"]}]},{\"@type\":\"WebPage\",\"@id\":\"https:\\\/\\\/www.cidademarketing.com.br\\\/marketing\\\/2020\\\/10\\\/06\\\/projeto-escolas-conectadas-e-o-unico-do-brasil-a-ganhar-premio-internacional-de-educacao-da-unesco\\\/\",\"url\":\"https:\\\/\\\/www.cidademarketing.com.br\\\/marketing\\\/2020\\\/10\\\/06\\\/projeto-escolas-conectadas-e-o-unico-do-brasil-a-ganhar-premio-internacional-de-educacao-da-unesco\\\/\",\"name\":\"Projeto Escolas Conectadas \u00e9 o \u00fanico do Brasil a ganhar pr\u00eamio internacional de educa\u00e7\u00e3o da Unesco - CidadeMarketing\",\"isPartOf\":{\"@id\":\"https:\\\/\\\/www.cidademarketing.com.br\\\/marketing\\\/#website\"},\"primaryImageOfPage\":{\"@id\":\"https:\\\/\\\/www.cidademarketing.com.br\\\/marketing\\\/2020\\\/10\\\/06\\\/projeto-escolas-conectadas-e-o-unico-do-brasil-a-ganhar-premio-internacional-de-educacao-da-unesco\\\/#primaryimage\"},\"image\":{\"@id\":\"https:\\\/\\\/www.cidademarketing.com.br\\\/marketing\\\/2020\\\/10\\\/06\\\/projeto-escolas-conectadas-e-o-unico-do-brasil-a-ganhar-premio-internacional-de-educacao-da-unesco\\\/#primaryimage\"},\"thumbnailUrl\":\"https:\\\/\\\/www.cidademarketing.com.br\\\/marketing\\\/wp-content\\\/uploads\\\/2020\\\/10\\\/vivo_tecnologias.jpg\",\"datePublished\":\"2020-10-06T16:03:33+00:00\",\"dateModified\":\"2020-10-06T16:03:38+00:00\",\"breadcrumb\":{\"@id\":\"https:\\\/\\\/www.cidademarketing.com.br\\\/marketing\\\/2020\\\/10\\\/06\\\/projeto-escolas-conectadas-e-o-unico-do-brasil-a-ganhar-premio-internacional-de-educacao-da-unesco\\\/#breadcrumb\"},\"inLanguage\":\"pt-BR\",\"potentialAction\":[{\"@type\":\"ReadAction\",\"target\":[\"https:\\\/\\\/www.cidademarketing.com.br\\\/marketing\\\/2020\\\/10\\\/06\\\/projeto-escolas-conectadas-e-o-unico-do-brasil-a-ganhar-premio-internacional-de-educacao-da-unesco\\\/\"]}]},{\"@type\":\"ImageObject\",\"inLanguage\":\"pt-BR\",\"@id\":\"https:\\\/\\\/www.cidademarketing.com.br\\\/marketing\\\/2020\\\/10\\\/06\\\/projeto-escolas-conectadas-e-o-unico-do-brasil-a-ganhar-premio-internacional-de-educacao-da-unesco\\\/#primaryimage\",\"url\":\"https:\\\/\\\/www.cidademarketing.com.br\\\/marketing\\\/wp-content\\\/uploads\\\/2020\\\/10\\\/vivo_tecnologias.jpg\",\"contentUrl\":\"https:\\\/\\\/www.cidademarketing.com.br\\\/marketing\\\/wp-content\\\/uploads\\\/2020\\\/10\\\/vivo_tecnologias.jpg\",\"width\":411,\"height\":405},{\"@type\":\"BreadcrumbList\",\"@id\":\"https:\\\/\\\/www.cidademarketing.com.br\\\/marketing\\\/2020\\\/10\\\/06\\\/projeto-escolas-conectadas-e-o-unico-do-brasil-a-ganhar-premio-internacional-de-educacao-da-unesco\\\/#breadcrumb\",\"itemListElement\":[{\"@type\":\"ListItem\",\"position\":1,\"name\":\"In\u00edcio\",\"item\":\"https:\\\/\\\/www.cidademarketing.com.br\\\/marketing\\\/\"},{\"@type\":\"ListItem\",\"position\":2,\"name\":\"Projeto Escolas Conectadas \u00e9 o \u00fanico do Brasil a ganhar pr\u00eamio internacional de educa\u00e7\u00e3o da Unesco\"}]},{\"@type\":\"WebSite\",\"@id\":\"https:\\\/\\\/www.cidademarketing.com.br\\\/marketing\\\/#website\",\"url\":\"https:\\\/\\\/www.cidademarketing.com.br\\\/marketing\\\/\",\"name\":\"CidadeMarketing\",\"description\":\"Somos um ve\u00edculo de comunica\u00e7\u00e3o de destaque no Brasil, reconhecido por conte\u00fados nos segmentos de marketing, empreendedorismo e inova\u00e7\u00e3o.\",\"publisher\":{\"@id\":\"https:\\\/\\\/www.cidademarketing.com.br\\\/marketing\\\/#organization\"},\"alternateName\":\"CidadeMarketing\",\"potentialAction\":[{\"@type\":\"SearchAction\",\"target\":{\"@type\":\"EntryPoint\",\"urlTemplate\":\"https:\\\/\\\/www.cidademarketing.com.br\\\/marketing\\\/?s={search_term_string}\"},\"query-input\":{\"@type\":\"PropertyValueSpecification\",\"valueRequired\":true,\"valueName\":\"search_term_string\"}}],\"inLanguage\":\"pt-BR\"},{\"@type\":\"Organization\",\"@id\":\"https:\\\/\\\/www.cidademarketing.com.br\\\/marketing\\\/#organization\",\"name\":\"CidadeMarketing\",\"alternateName\":\"CidadeMarketing\",\"url\":\"https:\\\/\\\/www.cidademarketing.com.br\\\/marketing\\\/\",\"logo\":{\"@type\":\"ImageObject\",\"inLanguage\":\"pt-BR\",\"@id\":\"https:\\\/\\\/www.cidademarketing.com.br\\\/marketing\\\/#\\\/schema\\\/logo\\\/image\\\/\",\"url\":\"https:\\\/\\\/www.cidademarketing.com.br\\\/marketing\\\/wp-content\\\/uploads\\\/2020\\\/01\\\/cidademarketing_marca_mobile.png\",\"contentUrl\":\"https:\\\/\\\/www.cidademarketing.com.br\\\/marketing\\\/wp-content\\\/uploads\\\/2020\\\/01\\\/cidademarketing_marca_mobile.png\",\"width\":230,\"height\":92,\"caption\":\"CidadeMarketing\"},\"image\":{\"@id\":\"https:\\\/\\\/www.cidademarketing.com.br\\\/marketing\\\/#\\\/schema\\\/logo\\\/image\\\/\"},\"sameAs\":[\"https:\\\/\\\/www.facebook.com\\\/portalcidademarketing\",\"https:\\\/\\\/x.com\\\/CidadeMarketing\",\"https:\\\/\\\/www.instagram.com\\\/cidademarketing\\\/\"]},{\"@type\":\"Person\",\"@id\":\"https:\\\/\\\/www.cidademarketing.com.br\\\/marketing\\\/#\\\/schema\\\/person\\\/02daff9f18bd9378c9e01eb6b2db155f\",\"name\":\"Thales Brand\u00e3o\",\"image\":{\"@type\":\"ImageObject\",\"inLanguage\":\"pt-BR\",\"@id\":\"https:\\\/\\\/secure.gravatar.com\\\/avatar\\\/7ca3206950207cc3cb48feec56a8a7898741ab725c368d99d5d7a5a50aab80c6?s=96&d=mm&r=g\",\"url\":\"https:\\\/\\\/secure.gravatar.com\\\/avatar\\\/7ca3206950207cc3cb48feec56a8a7898741ab725c368d99d5d7a5a50aab80c6?s=96&d=mm&r=g\",\"contentUrl\":\"https:\\\/\\\/secure.gravatar.com\\\/avatar\\\/7ca3206950207cc3cb48feec56a8a7898741ab725c368d99d5d7a5a50aab80c6?s=96&d=mm&r=g\",\"caption\":\"Thales Brand\u00e3o\"},\"description\":\"Editor Executivo do Portal CidadeMarketing.com.br &gt; Mestre em Comunica\u00e7\u00e3o e Sociedade pela Universidade Federal de Sergipe. Possui MBA Executivo em Administra\u00e7\u00e3o com \u00eanfase em Marketing pela Funda\u00e7\u00e3o Get\u00falio Vargas - Rio de Janeiro. Consultor, Palestrante e Pesquisador sobre Empreendedorismo, Marketing, Redes Sociais e Neg\u00f3cios Digitais. Professor, Palestrante TedxTalks e Campus Party. Twitter: @ThalesBrandao\",\"sameAs\":[\"http:\\\/\\\/www.mandacaru.com.br\",\"https:\\\/\\\/www.facebook.com\\\/thalesbrandao\",\"http:\\\/\\\/www.instagram.com.br\\\/thalesbrandaoferreira\",\"https:\\\/\\\/www.linkedin.com\\\/in\\\/thales-brand\u00e3o-3948609\\\/\",\"https:\\\/\\\/x.com\\\/http:\\\/\\\/www.twitter.com\\\/thalesbrandao\"],\"url\":\"https:\\\/\\\/www.cidademarketing.com.br\\\/marketing\\\/author\\\/thalesbrandao\\\/\"}]}<\/script>\n<!-- \/ Yoast SEO plugin. -->","yoast_head_json":{"title":"Projeto Escolas Conectadas \u00e9 o \u00fanico do Brasil a ganhar pr\u00eamio internacional de educa\u00e7\u00e3o da Unesco - CidadeMarketing","robots":{"index":"index","follow":"follow","max-snippet":"max-snippet:-1","max-image-preview":"max-image-preview:large","max-video-preview":"max-video-preview:-1"},"canonical":"https:\/\/www.cidademarketing.com.br\/marketing\/2020\/10\/06\/projeto-escolas-conectadas-e-o-unico-do-brasil-a-ganhar-premio-internacional-de-educacao-da-unesco\/","og_locale":"pt_BR","og_type":"article","og_title":"Projeto Escolas Conectadas \u00e9 o \u00fanico do Brasil a ganhar pr\u00eamio internacional de educa\u00e7\u00e3o da Unesco - CidadeMarketing","og_description":"A Unesco divulgou ontem (05), em cerim\u00f4nia no World Teachers\u2019 Day 2020, na Fran\u00e7a, os vencedores do Pr\u00eamio UNESCO-Hamdan Bin Rashid Al-Maktoum de Melhores Pr\u00e1ticas e Desempenho no Aprimoramento da Efic\u00e1cia de Professores, que destaca iniciativas que apoiem a melhoria da qualidade do ensino e da aprendizagem no cumprimento das metas de Educa\u00e7\u00e3o para Todos, [&hellip;]","og_url":"https:\/\/www.cidademarketing.com.br\/marketing\/2020\/10\/06\/projeto-escolas-conectadas-e-o-unico-do-brasil-a-ganhar-premio-internacional-de-educacao-da-unesco\/","og_site_name":"CidadeMarketing","article_publisher":"https:\/\/www.facebook.com\/portalcidademarketing","article_author":"https:\/\/www.facebook.com\/thalesbrandao","article_published_time":"2020-10-06T16:03:33+00:00","article_modified_time":"2020-10-06T16:03:38+00:00","og_image":[{"width":411,"height":405,"url":"https:\/\/www.cidademarketing.com.br\/marketing\/wp-content\/uploads\/2020\/10\/vivo_tecnologias.jpg","type":"image\/jpeg"}],"author":"Thales Brand\u00e3o","twitter_card":"summary_large_image","twitter_creator":"@http:\/\/www.twitter.com\/thalesbrandao","twitter_site":"@CidadeMarketing","twitter_misc":{"Escrito por":"Thales Brand\u00e3o","Est. tempo de leitura":"4 minutos"},"schema":{"@context":"https:\/\/schema.org","@graph":[{"@type":"Article","@id":"https:\/\/www.cidademarketing.com.br\/marketing\/2020\/10\/06\/projeto-escolas-conectadas-e-o-unico-do-brasil-a-ganhar-premio-internacional-de-educacao-da-unesco\/#article","isPartOf":{"@id":"https:\/\/www.cidademarketing.com.br\/marketing\/2020\/10\/06\/projeto-escolas-conectadas-e-o-unico-do-brasil-a-ganhar-premio-internacional-de-educacao-da-unesco\/"},"author":{"name":"Thales Brand\u00e3o","@id":"https:\/\/www.cidademarketing.com.br\/marketing\/#\/schema\/person\/02daff9f18bd9378c9e01eb6b2db155f"},"headline":"Projeto Escolas Conectadas \u00e9 o \u00fanico do Brasil a ganhar pr\u00eamio internacional de educa\u00e7\u00e3o da Unesco","datePublished":"2020-10-06T16:03:33+00:00","dateModified":"2020-10-06T16:03:38+00:00","mainEntityOfPage":{"@id":"https:\/\/www.cidademarketing.com.br\/marketing\/2020\/10\/06\/projeto-escolas-conectadas-e-o-unico-do-brasil-a-ganhar-premio-internacional-de-educacao-da-unesco\/"},"wordCount":769,"commentCount":0,"publisher":{"@id":"https:\/\/www.cidademarketing.com.br\/marketing\/#organization"},"image":{"@id":"https:\/\/www.cidademarketing.com.br\/marketing\/2020\/10\/06\/projeto-escolas-conectadas-e-o-unico-do-brasil-a-ganhar-premio-internacional-de-educacao-da-unesco\/#primaryimage"},"thumbnailUrl":"https:\/\/www.cidademarketing.com.br\/marketing\/wp-content\/uploads\/2020\/10\/vivo_tecnologias.jpg","keywords":["educa\u00e7\u00e3o","marketing","Unesco","Vivo"],"articleSection":["Not\u00edcias"],"inLanguage":"pt-BR","potentialAction":[{"@type":"CommentAction","name":"Comment","target":["https:\/\/www.cidademarketing.com.br\/marketing\/2020\/10\/06\/projeto-escolas-conectadas-e-o-unico-do-brasil-a-ganhar-premio-internacional-de-educacao-da-unesco\/#respond"]}]},{"@type":"WebPage","@id":"https:\/\/www.cidademarketing.com.br\/marketing\/2020\/10\/06\/projeto-escolas-conectadas-e-o-unico-do-brasil-a-ganhar-premio-internacional-de-educacao-da-unesco\/","url":"https:\/\/www.cidademarketing.com.br\/marketing\/2020\/10\/06\/projeto-escolas-conectadas-e-o-unico-do-brasil-a-ganhar-premio-internacional-de-educacao-da-unesco\/","name":"Projeto Escolas Conectadas \u00e9 o \u00fanico do Brasil a ganhar pr\u00eamio internacional de educa\u00e7\u00e3o da Unesco - CidadeMarketing","isPartOf":{"@id":"https:\/\/www.cidademarketing.com.br\/marketing\/#website"},"primaryImageOfPage":{"@id":"https:\/\/www.cidademarketing.com.br\/marketing\/2020\/10\/06\/projeto-escolas-conectadas-e-o-unico-do-brasil-a-ganhar-premio-internacional-de-educacao-da-unesco\/#primaryimage"},"image":{"@id":"https:\/\/www.cidademarketing.com.br\/marketing\/2020\/10\/06\/projeto-escolas-conectadas-e-o-unico-do-brasil-a-ganhar-premio-internacional-de-educacao-da-unesco\/#primaryimage"},"thumbnailUrl":"https:\/\/www.cidademarketing.com.br\/marketing\/wp-content\/uploads\/2020\/10\/vivo_tecnologias.jpg","datePublished":"2020-10-06T16:03:33+00:00","dateModified":"2020-10-06T16:03:38+00:00","breadcrumb":{"@id":"https:\/\/www.cidademarketing.com.br\/marketing\/2020\/10\/06\/projeto-escolas-conectadas-e-o-unico-do-brasil-a-ganhar-premio-internacional-de-educacao-da-unesco\/#breadcrumb"},"inLanguage":"pt-BR","potentialAction":[{"@type":"ReadAction","target":["https:\/\/www.cidademarketing.com.br\/marketing\/2020\/10\/06\/projeto-escolas-conectadas-e-o-unico-do-brasil-a-ganhar-premio-internacional-de-educacao-da-unesco\/"]}]},{"@type":"ImageObject","inLanguage":"pt-BR","@id":"https:\/\/www.cidademarketing.com.br\/marketing\/2020\/10\/06\/projeto-escolas-conectadas-e-o-unico-do-brasil-a-ganhar-premio-internacional-de-educacao-da-unesco\/#primaryimage","url":"https:\/\/www.cidademarketing.com.br\/marketing\/wp-content\/uploads\/2020\/10\/vivo_tecnologias.jpg","contentUrl":"https:\/\/www.cidademarketing.com.br\/marketing\/wp-content\/uploads\/2020\/10\/vivo_tecnologias.jpg","width":411,"height":405},{"@type":"BreadcrumbList","@id":"https:\/\/www.cidademarketing.com.br\/marketing\/2020\/10\/06\/projeto-escolas-conectadas-e-o-unico-do-brasil-a-ganhar-premio-internacional-de-educacao-da-unesco\/#breadcrumb","itemListElement":[{"@type":"ListItem","position":1,"name":"In\u00edcio","item":"https:\/\/www.cidademarketing.com.br\/marketing\/"},{"@type":"ListItem","position":2,"name":"Projeto Escolas Conectadas \u00e9 o \u00fanico do Brasil a ganhar pr\u00eamio internacional de educa\u00e7\u00e3o da Unesco"}]},{"@type":"WebSite","@id":"https:\/\/www.cidademarketing.com.br\/marketing\/#website","url":"https:\/\/www.cidademarketing.com.br\/marketing\/","name":"CidadeMarketing","description":"Somos um ve\u00edculo de comunica\u00e7\u00e3o de destaque no Brasil, reconhecido por conte\u00fados nos segmentos de marketing, empreendedorismo e inova\u00e7\u00e3o.","publisher":{"@id":"https:\/\/www.cidademarketing.com.br\/marketing\/#organization"},"alternateName":"CidadeMarketing","potentialAction":[{"@type":"SearchAction","target":{"@type":"EntryPoint","urlTemplate":"https:\/\/www.cidademarketing.com.br\/marketing\/?s={search_term_string}"},"query-input":{"@type":"PropertyValueSpecification","valueRequired":true,"valueName":"search_term_string"}}],"inLanguage":"pt-BR"},{"@type":"Organization","@id":"https:\/\/www.cidademarketing.com.br\/marketing\/#organization","name":"CidadeMarketing","alternateName":"CidadeMarketing","url":"https:\/\/www.cidademarketing.com.br\/marketing\/","logo":{"@type":"ImageObject","inLanguage":"pt-BR","@id":"https:\/\/www.cidademarketing.com.br\/marketing\/#\/schema\/logo\/image\/","url":"https:\/\/www.cidademarketing.com.br\/marketing\/wp-content\/uploads\/2020\/01\/cidademarketing_marca_mobile.png","contentUrl":"https:\/\/www.cidademarketing.com.br\/marketing\/wp-content\/uploads\/2020\/01\/cidademarketing_marca_mobile.png","width":230,"height":92,"caption":"CidadeMarketing"},"image":{"@id":"https:\/\/www.cidademarketing.com.br\/marketing\/#\/schema\/logo\/image\/"},"sameAs":["https:\/\/www.facebook.com\/portalcidademarketing","https:\/\/x.com\/CidadeMarketing","https:\/\/www.instagram.com\/cidademarketing\/"]},{"@type":"Person","@id":"https:\/\/www.cidademarketing.com.br\/marketing\/#\/schema\/person\/02daff9f18bd9378c9e01eb6b2db155f","name":"Thales Brand\u00e3o","image":{"@type":"ImageObject","inLanguage":"pt-BR","@id":"https:\/\/secure.gravatar.com\/avatar\/7ca3206950207cc3cb48feec56a8a7898741ab725c368d99d5d7a5a50aab80c6?s=96&d=mm&r=g","url":"https:\/\/secure.gravatar.com\/avatar\/7ca3206950207cc3cb48feec56a8a7898741ab725c368d99d5d7a5a50aab80c6?s=96&d=mm&r=g","contentUrl":"https:\/\/secure.gravatar.com\/avatar\/7ca3206950207cc3cb48feec56a8a7898741ab725c368d99d5d7a5a50aab80c6?s=96&d=mm&r=g","caption":"Thales Brand\u00e3o"},"description":"Editor Executivo do Portal CidadeMarketing.com.br &gt; Mestre em Comunica\u00e7\u00e3o e Sociedade pela Universidade Federal de Sergipe. Possui MBA Executivo em Administra\u00e7\u00e3o com \u00eanfase em Marketing pela Funda\u00e7\u00e3o Get\u00falio Vargas - Rio de Janeiro. Consultor, Palestrante e Pesquisador sobre Empreendedorismo, Marketing, Redes Sociais e Neg\u00f3cios Digitais. Professor, Palestrante TedxTalks e Campus Party. Twitter: @ThalesBrandao","sameAs":["http:\/\/www.mandacaru.com.br","https:\/\/www.facebook.com\/thalesbrandao","http:\/\/www.instagram.com.br\/thalesbrandaoferreira","https:\/\/www.linkedin.com\/in\/thales-brand\u00e3o-3948609\/","https:\/\/x.com\/http:\/\/www.twitter.com\/thalesbrandao"],"url":"https:\/\/www.cidademarketing.com.br\/marketing\/author\/thalesbrandao\/"}]}},"amp_enabled":true,"_links":{"self":[{"href":"https:\/\/www.cidademarketing.com.br\/marketing\/wp-json\/wp\/v2\/posts\/19701","targetHints":{"allow":["GET"]}}],"collection":[{"href":"https:\/\/www.cidademarketing.com.br\/marketing\/wp-json\/wp\/v2\/posts"}],"about":[{"href":"https:\/\/www.cidademarketing.com.br\/marketing\/wp-json\/wp\/v2\/types\/post"}],"author":[{"embeddable":true,"href":"https:\/\/www.cidademarketing.com.br\/marketing\/wp-json\/wp\/v2\/users\/1"}],"replies":[{"embeddable":true,"href":"https:\/\/www.cidademarketing.com.br\/marketing\/wp-json\/wp\/v2\/comments?post=19701"}],"version-history":[{"count":1,"href":"https:\/\/www.cidademarketing.com.br\/marketing\/wp-json\/wp\/v2\/posts\/19701\/revisions"}],"predecessor-version":[{"id":19703,"href":"https:\/\/www.cidademarketing.com.br\/marketing\/wp-json\/wp\/v2\/posts\/19701\/revisions\/19703"}],"wp:featuredmedia":[{"embeddable":true,"href":"https:\/\/www.cidademarketing.com.br\/marketing\/wp-json\/wp\/v2\/media\/19702"}],"wp:attachment":[{"href":"https:\/\/www.cidademarketing.com.br\/marketing\/wp-json\/wp\/v2\/media?parent=19701"}],"wp:term":[{"taxonomy":"category","embeddable":true,"href":"https:\/\/www.cidademarketing.com.br\/marketing\/wp-json\/wp\/v2\/categories?post=19701"},{"taxonomy":"post_tag","embeddable":true,"href":"https:\/\/www.cidademarketing.com.br\/marketing\/wp-json\/wp\/v2\/tags?post=19701"}],"curies":[{"name":"wp","href":"https:\/\/api.w.org\/{rel}","templated":true}]}}