{"id":19695,"date":"2020-10-05T11:22:27","date_gmt":"2020-10-05T14:22:27","guid":{"rendered":"https:\/\/www.cidademarketing.com.br\/marketing\/?p=19695"},"modified":"2020-10-05T11:22:34","modified_gmt":"2020-10-05T14:22:34","slug":"serpro-inicia-retomada-das-atividades-presenciais","status":"publish","type":"post","link":"https:\/\/www.cidademarketing.com.br\/marketing\/2020\/10\/05\/serpro-inicia-retomada-das-atividades-presenciais\/","title":{"rendered":"Serpro inicia retomada das atividades presenciais"},"content":{"rendered":"\n<p>O Serpro, empresa de tecnologia da informa\u00e7\u00e3o do Governo Federal, vai retornar as atividades presenciais a partir da pr\u00f3xima segunda-feira, 5 de outubro. O retorno ser\u00e1 escalonado e, nesta primeira fase, voltam cerca de 30% dos empregados em todo o pa\u00eds. Apenas, na Regional do Rio de Janeiro, ser\u00e1 mantido, temporariamente, o home office aos empregados.<br><br>\u201cPassamos por um momento dif\u00edcil e o Serpro foi muito resiliente e preciso na hora de adotar o home office. Conseguimos, antes de toda a Administra\u00e7\u00e3o P\u00fablica, fazer com que nossos empregados fossem para casa. Todos passamos por essa pandemia, e ainda estamos passando, n\u00f3s e o pa\u00eds tivemos muitos desafios. Mas, agora, o Brasil precisa retornar \u00e0 vida, e est\u00e1 retornando, e o Serpro se insere neste movimento bem lento, gradual e seguro de retorno a suas atividades&#8221;, ressaltou o presidente do Serpro, Gileno Barreto.<br><br>Para facilitar o retorno, a empresa criou o projeto Retorno Seguro e dividiu os empregados em tr\u00eas grupos, considerando, principalmente, crit\u00e9rios de sa\u00fade. Assim, empregados que n\u00e3o se enquadrem em grupos de riscos ou vulnerabilidades s\u00e3o os primeiros a retomarem ao trabalho presencial j\u00e1 no dia 5. A volta de integrantes dos grupos classificados como vulnerabilidade e de risco est\u00e1 prevista, respectivamente, para novembro e dezembro,<br><br><strong>Medidas para um Retorno Seguro<\/strong> &#8220;O Serpro \u00e9 a \u2018ponta de lan\u00e7a\u2019 da transforma\u00e7\u00e3o digital do governo, \u00e9 uma empresa que serve ao cidad\u00e3o e esse retorno se faz necess\u00e1rio, mas n\u00e3o ser\u00e1 de qualquer forma. V\u00e1rias medidas sanit\u00e1rias, de adapta\u00e7\u00e3o de mobili\u00e1rio e log\u00edstica foram tomadas\u201d, explicou o presidente Gileno, durante evento online em que foi comunicado aos empregados o protocolo de retorno.<br><br>Essas iniciativas contemplam at\u00e9 mesmo a possibilidade de que cada chefia possa, por exemplo, determinar uma escala do trabalho presencial de suas equipes, de forma a garantir o distanciamento social na empresa, decidindo, em casos pontuais e em conjunto com o empregado, o melhor dia para retorno dele \u00e0 empresa, dentro do m\u00eas disponibilizado para cada grupo. \u00c9 poss\u00edvel at\u00e9 que o empregado trabalhe alguns dias na empresa e outros em casa, ou que trabalhe, pela manh\u00e3, na empresa e, \u00e0 tarde, em casa.<br><br>As medidas de seguran\u00e7a de desinfec\u00e7\u00e3o pr\u00e9via e geral dos ambientes, acesso \u00e0 empresa com aferi\u00e7\u00e3o de temperatura e altera\u00e7\u00e3o na climatiza\u00e7\u00e3o seguem recomenda\u00e7\u00f5es internacionais e, al\u00e9m disso, a empresa investiu na sinaliza\u00e7\u00e3o dos ambientes para garantir o cumprimento dos protocolos de seguran\u00e7a em trabalho presencial.<br><br>\u201cTivemos, em todos os endere\u00e7os do Serpro, o mesmo cuidado na implementa\u00e7\u00e3o das medidas. Por\u00e9m \u00e9 essencial e necess\u00e1rio que cada um colabore, usando m\u00e1scara e \u00e1lcool gel na empresa, mantendo o distanciamento e ajudando a alertar os colegas sobre tudo isso, quando preciso. Ou seja, \u00e9 importante seguir todas as medidas de preven\u00e7\u00e3o amplamente divulgadas no pa\u00eds e j\u00e1 conhecidas por n\u00f3s&#8221;, enfatizou o superintendente de Log\u00edstica do Serpro, Roberto Luiz Peixoto.<br><br><strong>Atendimento presencial<\/strong><br><br>O atendimento presencial \u00e0 popula\u00e7\u00e3o fica restrito apenas para emiss\u00e3o de certifica\u00e7\u00e3o digital. Caso o cidad\u00e3o precise de outro tipo de atendimento relacionado \u00e0 produtos do Serpro, gest\u00e3o de pessoas, \u00e1rea de opera\u00e7\u00f5es e financeira da empresa, o atendimento continua sendo realizado de forma virtual.<br><br><strong>Regional do Rio de Janeiro<\/strong><br><br>O Serpro decidiu manter, temporariamente, em home office os empregados da Regional do Rio de Janeiro que n\u00e3o pertencem aos grupos de vulner\u00e1veis e de risco, se antecipando a uma notifica\u00e7\u00e3o judicial que suspenderia o retorno ao trabalho presencial. A empresa tomou conhecimento da decis\u00e3o no \u00faltimo dia 2 de outubro e ainda n\u00e3o foi intimada pela Justi\u00e7a do Trabalho do RJ.<br><br>A medida da empresa ser\u00e1 mantida enquanto perdurar a decis\u00e3o judicial e foi tomada para evitar risco de aglomera\u00e7\u00e3o na entrada da Regional, em decorr\u00eancia de eventual inseguran\u00e7a provocada por qualquer desinforma\u00e7\u00e3o porventura causada pela decis\u00e3o, no momento em que as pessoas voltassem \u00e0 empresa.<br><br>O compromisso com a sa\u00fade dos empregados \u00e9 prioridade do Serpro, principalmente neste momento de pandemia. A Justi\u00e7a do Trabalho do RJ ainda n\u00e3o ouviu a empresa para o esclarecimento acerca dos protocolos de seguran\u00e7a.<\/p>\n","protected":false},"excerpt":{"rendered":"<p>O Serpro, empresa de tecnologia da informa\u00e7\u00e3o do Governo Federal, vai retornar as atividades presenciais a partir da pr\u00f3xima segunda-feira, 5 de outubro. O retorno ser\u00e1 escalonado e, nesta primeira fase, voltam cerca de 30% dos empregados em todo o pa\u00eds. Apenas, na Regional do Rio de Janeiro, ser\u00e1 mantido, temporariamente, o home office aos [&hellip;]<\/p>\n","protected":false},"author":1,"featured_media":16366,"comment_status":"open","ping_status":"open","sticky":false,"template":"","format":"standard","meta":{"tdm_status":"","tdm_grid_status":"","footnotes":""},"categories":[6],"tags":[33,28,2355],"class_list":["post-19695","post","type-post","status-publish","format-standard","has-post-thumbnail","hentry","category-noticias","tag-estrategia","tag-marketing","tag-serpro"],"yoast_head":"<!-- This site is optimized with the Yoast SEO plugin v27.5 - https:\/\/yoast.com\/product\/yoast-seo-wordpress\/ -->\n<title>Serpro inicia retomada das atividades presenciais - CidadeMarketing<\/title>\n<meta name=\"robots\" content=\"index, follow, max-snippet:-1, max-image-preview:large, max-video-preview:-1\" \/>\n<link rel=\"canonical\" href=\"https:\/\/www.cidademarketing.com.br\/marketing\/2020\/10\/05\/serpro-inicia-retomada-das-atividades-presenciais\/\" \/>\n<meta property=\"og:locale\" content=\"pt_BR\" \/>\n<meta property=\"og:type\" content=\"article\" \/>\n<meta property=\"og:title\" content=\"Serpro inicia retomada das atividades presenciais - CidadeMarketing\" \/>\n<meta property=\"og:description\" content=\"O Serpro, empresa de tecnologia da informa\u00e7\u00e3o do Governo Federal, vai retornar as atividades presenciais a partir da pr\u00f3xima segunda-feira, 5 de outubro. O retorno ser\u00e1 escalonado e, nesta primeira fase, voltam cerca de 30% dos empregados em todo o pa\u00eds. Apenas, na Regional do Rio de Janeiro, ser\u00e1 mantido, temporariamente, o home office aos [&hellip;]\" \/>\n<meta property=\"og:url\" content=\"https:\/\/www.cidademarketing.com.br\/marketing\/2020\/10\/05\/serpro-inicia-retomada-das-atividades-presenciais\/\" \/>\n<meta property=\"og:site_name\" content=\"CidadeMarketing\" \/>\n<meta property=\"article:publisher\" content=\"https:\/\/www.facebook.com\/portalcidademarketing\" \/>\n<meta property=\"article:author\" content=\"https:\/\/www.facebook.com\/thalesbrandao\" \/>\n<meta property=\"article:published_time\" content=\"2020-10-05T14:22:27+00:00\" \/>\n<meta property=\"article:modified_time\" content=\"2020-10-05T14:22:34+00:00\" \/>\n<meta property=\"og:image\" content=\"https:\/\/www.cidademarketing.com.br\/marketing\/wp-content\/uploads\/2020\/06\/serpro.jpg\" \/>\n\t<meta property=\"og:image:width\" content=\"257\" \/>\n\t<meta property=\"og:image:height\" content=\"92\" \/>\n\t<meta property=\"og:image:type\" content=\"image\/jpeg\" \/>\n<meta name=\"author\" content=\"Thales Brand\u00e3o\" \/>\n<meta name=\"twitter:card\" content=\"summary_large_image\" \/>\n<meta name=\"twitter:creator\" content=\"@http:\/\/www.twitter.com\/thalesbrandao\" \/>\n<meta name=\"twitter:site\" content=\"@CidadeMarketing\" \/>\n<meta name=\"twitter:label1\" content=\"Escrito por\" \/>\n\t<meta name=\"twitter:data1\" content=\"Thales Brand\u00e3o\" \/>\n\t<meta name=\"twitter:label2\" content=\"Est. tempo de leitura\" \/>\n\t<meta name=\"twitter:data2\" content=\"4 minutos\" \/>\n<script type=\"application\/ld+json\" class=\"yoast-schema-graph\">{\"@context\":\"https:\\\/\\\/schema.org\",\"@graph\":[{\"@type\":\"Article\",\"@id\":\"https:\\\/\\\/www.cidademarketing.com.br\\\/marketing\\\/2020\\\/10\\\/05\\\/serpro-inicia-retomada-das-atividades-presenciais\\\/#article\",\"isPartOf\":{\"@id\":\"https:\\\/\\\/www.cidademarketing.com.br\\\/marketing\\\/2020\\\/10\\\/05\\\/serpro-inicia-retomada-das-atividades-presenciais\\\/\"},\"author\":{\"name\":\"Thales Brand\u00e3o\",\"@id\":\"https:\\\/\\\/www.cidademarketing.com.br\\\/marketing\\\/#\\\/schema\\\/person\\\/02daff9f18bd9378c9e01eb6b2db155f\"},\"headline\":\"Serpro inicia retomada das atividades presenciais\",\"datePublished\":\"2020-10-05T14:22:27+00:00\",\"dateModified\":\"2020-10-05T14:22:34+00:00\",\"mainEntityOfPage\":{\"@id\":\"https:\\\/\\\/www.cidademarketing.com.br\\\/marketing\\\/2020\\\/10\\\/05\\\/serpro-inicia-retomada-das-atividades-presenciais\\\/\"},\"wordCount\":724,\"commentCount\":0,\"publisher\":{\"@id\":\"https:\\\/\\\/www.cidademarketing.com.br\\\/marketing\\\/#organization\"},\"image\":{\"@id\":\"https:\\\/\\\/www.cidademarketing.com.br\\\/marketing\\\/2020\\\/10\\\/05\\\/serpro-inicia-retomada-das-atividades-presenciais\\\/#primaryimage\"},\"thumbnailUrl\":\"https:\\\/\\\/www.cidademarketing.com.br\\\/marketing\\\/wp-content\\\/uploads\\\/2020\\\/06\\\/serpro.jpg\",\"keywords\":[\"estrat\u00e9gia\",\"marketing\",\"Serpro\"],\"articleSection\":[\"Not\u00edcias\"],\"inLanguage\":\"pt-BR\",\"potentialAction\":[{\"@type\":\"CommentAction\",\"name\":\"Comment\",\"target\":[\"https:\\\/\\\/www.cidademarketing.com.br\\\/marketing\\\/2020\\\/10\\\/05\\\/serpro-inicia-retomada-das-atividades-presenciais\\\/#respond\"]}]},{\"@type\":\"WebPage\",\"@id\":\"https:\\\/\\\/www.cidademarketing.com.br\\\/marketing\\\/2020\\\/10\\\/05\\\/serpro-inicia-retomada-das-atividades-presenciais\\\/\",\"url\":\"https:\\\/\\\/www.cidademarketing.com.br\\\/marketing\\\/2020\\\/10\\\/05\\\/serpro-inicia-retomada-das-atividades-presenciais\\\/\",\"name\":\"Serpro inicia retomada das atividades presenciais - CidadeMarketing\",\"isPartOf\":{\"@id\":\"https:\\\/\\\/www.cidademarketing.com.br\\\/marketing\\\/#website\"},\"primaryImageOfPage\":{\"@id\":\"https:\\\/\\\/www.cidademarketing.com.br\\\/marketing\\\/2020\\\/10\\\/05\\\/serpro-inicia-retomada-das-atividades-presenciais\\\/#primaryimage\"},\"image\":{\"@id\":\"https:\\\/\\\/www.cidademarketing.com.br\\\/marketing\\\/2020\\\/10\\\/05\\\/serpro-inicia-retomada-das-atividades-presenciais\\\/#primaryimage\"},\"thumbnailUrl\":\"https:\\\/\\\/www.cidademarketing.com.br\\\/marketing\\\/wp-content\\\/uploads\\\/2020\\\/06\\\/serpro.jpg\",\"datePublished\":\"2020-10-05T14:22:27+00:00\",\"dateModified\":\"2020-10-05T14:22:34+00:00\",\"breadcrumb\":{\"@id\":\"https:\\\/\\\/www.cidademarketing.com.br\\\/marketing\\\/2020\\\/10\\\/05\\\/serpro-inicia-retomada-das-atividades-presenciais\\\/#breadcrumb\"},\"inLanguage\":\"pt-BR\",\"potentialAction\":[{\"@type\":\"ReadAction\",\"target\":[\"https:\\\/\\\/www.cidademarketing.com.br\\\/marketing\\\/2020\\\/10\\\/05\\\/serpro-inicia-retomada-das-atividades-presenciais\\\/\"]}]},{\"@type\":\"ImageObject\",\"inLanguage\":\"pt-BR\",\"@id\":\"https:\\\/\\\/www.cidademarketing.com.br\\\/marketing\\\/2020\\\/10\\\/05\\\/serpro-inicia-retomada-das-atividades-presenciais\\\/#primaryimage\",\"url\":\"https:\\\/\\\/www.cidademarketing.com.br\\\/marketing\\\/wp-content\\\/uploads\\\/2020\\\/06\\\/serpro.jpg\",\"contentUrl\":\"https:\\\/\\\/www.cidademarketing.com.br\\\/marketing\\\/wp-content\\\/uploads\\\/2020\\\/06\\\/serpro.jpg\",\"width\":257,\"height\":92},{\"@type\":\"BreadcrumbList\",\"@id\":\"https:\\\/\\\/www.cidademarketing.com.br\\\/marketing\\\/2020\\\/10\\\/05\\\/serpro-inicia-retomada-das-atividades-presenciais\\\/#breadcrumb\",\"itemListElement\":[{\"@type\":\"ListItem\",\"position\":1,\"name\":\"In\u00edcio\",\"item\":\"https:\\\/\\\/www.cidademarketing.com.br\\\/marketing\\\/\"},{\"@type\":\"ListItem\",\"position\":2,\"name\":\"Serpro inicia retomada das atividades presenciais\"}]},{\"@type\":\"WebSite\",\"@id\":\"https:\\\/\\\/www.cidademarketing.com.br\\\/marketing\\\/#website\",\"url\":\"https:\\\/\\\/www.cidademarketing.com.br\\\/marketing\\\/\",\"name\":\"CidadeMarketing\",\"description\":\"Somos um ve\u00edculo de comunica\u00e7\u00e3o de destaque no Brasil, reconhecido por conte\u00fados nos segmentos de marketing, empreendedorismo e inova\u00e7\u00e3o.\",\"publisher\":{\"@id\":\"https:\\\/\\\/www.cidademarketing.com.br\\\/marketing\\\/#organization\"},\"alternateName\":\"CidadeMarketing\",\"potentialAction\":[{\"@type\":\"SearchAction\",\"target\":{\"@type\":\"EntryPoint\",\"urlTemplate\":\"https:\\\/\\\/www.cidademarketing.com.br\\\/marketing\\\/?s={search_term_string}\"},\"query-input\":{\"@type\":\"PropertyValueSpecification\",\"valueRequired\":true,\"valueName\":\"search_term_string\"}}],\"inLanguage\":\"pt-BR\"},{\"@type\":\"Organization\",\"@id\":\"https:\\\/\\\/www.cidademarketing.com.br\\\/marketing\\\/#organization\",\"name\":\"CidadeMarketing\",\"alternateName\":\"CidadeMarketing\",\"url\":\"https:\\\/\\\/www.cidademarketing.com.br\\\/marketing\\\/\",\"logo\":{\"@type\":\"ImageObject\",\"inLanguage\":\"pt-BR\",\"@id\":\"https:\\\/\\\/www.cidademarketing.com.br\\\/marketing\\\/#\\\/schema\\\/logo\\\/image\\\/\",\"url\":\"https:\\\/\\\/www.cidademarketing.com.br\\\/marketing\\\/wp-content\\\/uploads\\\/2020\\\/01\\\/cidademarketing_marca_mobile.png\",\"contentUrl\":\"https:\\\/\\\/www.cidademarketing.com.br\\\/marketing\\\/wp-content\\\/uploads\\\/2020\\\/01\\\/cidademarketing_marca_mobile.png\",\"width\":230,\"height\":92,\"caption\":\"CidadeMarketing\"},\"image\":{\"@id\":\"https:\\\/\\\/www.cidademarketing.com.br\\\/marketing\\\/#\\\/schema\\\/logo\\\/image\\\/\"},\"sameAs\":[\"https:\\\/\\\/www.facebook.com\\\/portalcidademarketing\",\"https:\\\/\\\/x.com\\\/CidadeMarketing\",\"https:\\\/\\\/www.instagram.com\\\/cidademarketing\\\/\"]},{\"@type\":\"Person\",\"@id\":\"https:\\\/\\\/www.cidademarketing.com.br\\\/marketing\\\/#\\\/schema\\\/person\\\/02daff9f18bd9378c9e01eb6b2db155f\",\"name\":\"Thales Brand\u00e3o\",\"image\":{\"@type\":\"ImageObject\",\"inLanguage\":\"pt-BR\",\"@id\":\"https:\\\/\\\/secure.gravatar.com\\\/avatar\\\/7ca3206950207cc3cb48feec56a8a7898741ab725c368d99d5d7a5a50aab80c6?s=96&d=mm&r=g\",\"url\":\"https:\\\/\\\/secure.gravatar.com\\\/avatar\\\/7ca3206950207cc3cb48feec56a8a7898741ab725c368d99d5d7a5a50aab80c6?s=96&d=mm&r=g\",\"contentUrl\":\"https:\\\/\\\/secure.gravatar.com\\\/avatar\\\/7ca3206950207cc3cb48feec56a8a7898741ab725c368d99d5d7a5a50aab80c6?s=96&d=mm&r=g\",\"caption\":\"Thales Brand\u00e3o\"},\"description\":\"Editor Executivo do Portal CidadeMarketing.com.br &gt; Mestre em Comunica\u00e7\u00e3o e Sociedade pela Universidade Federal de Sergipe. Possui MBA Executivo em Administra\u00e7\u00e3o com \u00eanfase em Marketing pela Funda\u00e7\u00e3o Get\u00falio Vargas - Rio de Janeiro. Consultor, Palestrante e Pesquisador sobre Empreendedorismo, Marketing, Redes Sociais e Neg\u00f3cios Digitais. Professor, Palestrante TedxTalks e Campus Party. Twitter: @ThalesBrandao\",\"sameAs\":[\"http:\\\/\\\/www.mandacaru.com.br\",\"https:\\\/\\\/www.facebook.com\\\/thalesbrandao\",\"http:\\\/\\\/www.instagram.com.br\\\/thalesbrandaoferreira\",\"https:\\\/\\\/www.linkedin.com\\\/in\\\/thales-brand\u00e3o-3948609\\\/\",\"https:\\\/\\\/x.com\\\/http:\\\/\\\/www.twitter.com\\\/thalesbrandao\"],\"url\":\"https:\\\/\\\/www.cidademarketing.com.br\\\/marketing\\\/author\\\/thalesbrandao\\\/\"}]}<\/script>\n<!-- \/ Yoast SEO plugin. -->","yoast_head_json":{"title":"Serpro inicia retomada das atividades presenciais - CidadeMarketing","robots":{"index":"index","follow":"follow","max-snippet":"max-snippet:-1","max-image-preview":"max-image-preview:large","max-video-preview":"max-video-preview:-1"},"canonical":"https:\/\/www.cidademarketing.com.br\/marketing\/2020\/10\/05\/serpro-inicia-retomada-das-atividades-presenciais\/","og_locale":"pt_BR","og_type":"article","og_title":"Serpro inicia retomada das atividades presenciais - CidadeMarketing","og_description":"O Serpro, empresa de tecnologia da informa\u00e7\u00e3o do Governo Federal, vai retornar as atividades presenciais a partir da pr\u00f3xima segunda-feira, 5 de outubro. O retorno ser\u00e1 escalonado e, nesta primeira fase, voltam cerca de 30% dos empregados em todo o pa\u00eds. Apenas, na Regional do Rio de Janeiro, ser\u00e1 mantido, temporariamente, o home office aos [&hellip;]","og_url":"https:\/\/www.cidademarketing.com.br\/marketing\/2020\/10\/05\/serpro-inicia-retomada-das-atividades-presenciais\/","og_site_name":"CidadeMarketing","article_publisher":"https:\/\/www.facebook.com\/portalcidademarketing","article_author":"https:\/\/www.facebook.com\/thalesbrandao","article_published_time":"2020-10-05T14:22:27+00:00","article_modified_time":"2020-10-05T14:22:34+00:00","og_image":[{"width":257,"height":92,"url":"https:\/\/www.cidademarketing.com.br\/marketing\/wp-content\/uploads\/2020\/06\/serpro.jpg","type":"image\/jpeg"}],"author":"Thales Brand\u00e3o","twitter_card":"summary_large_image","twitter_creator":"@http:\/\/www.twitter.com\/thalesbrandao","twitter_site":"@CidadeMarketing","twitter_misc":{"Escrito por":"Thales Brand\u00e3o","Est. tempo de leitura":"4 minutos"},"schema":{"@context":"https:\/\/schema.org","@graph":[{"@type":"Article","@id":"https:\/\/www.cidademarketing.com.br\/marketing\/2020\/10\/05\/serpro-inicia-retomada-das-atividades-presenciais\/#article","isPartOf":{"@id":"https:\/\/www.cidademarketing.com.br\/marketing\/2020\/10\/05\/serpro-inicia-retomada-das-atividades-presenciais\/"},"author":{"name":"Thales Brand\u00e3o","@id":"https:\/\/www.cidademarketing.com.br\/marketing\/#\/schema\/person\/02daff9f18bd9378c9e01eb6b2db155f"},"headline":"Serpro inicia retomada das atividades presenciais","datePublished":"2020-10-05T14:22:27+00:00","dateModified":"2020-10-05T14:22:34+00:00","mainEntityOfPage":{"@id":"https:\/\/www.cidademarketing.com.br\/marketing\/2020\/10\/05\/serpro-inicia-retomada-das-atividades-presenciais\/"},"wordCount":724,"commentCount":0,"publisher":{"@id":"https:\/\/www.cidademarketing.com.br\/marketing\/#organization"},"image":{"@id":"https:\/\/www.cidademarketing.com.br\/marketing\/2020\/10\/05\/serpro-inicia-retomada-das-atividades-presenciais\/#primaryimage"},"thumbnailUrl":"https:\/\/www.cidademarketing.com.br\/marketing\/wp-content\/uploads\/2020\/06\/serpro.jpg","keywords":["estrat\u00e9gia","marketing","Serpro"],"articleSection":["Not\u00edcias"],"inLanguage":"pt-BR","potentialAction":[{"@type":"CommentAction","name":"Comment","target":["https:\/\/www.cidademarketing.com.br\/marketing\/2020\/10\/05\/serpro-inicia-retomada-das-atividades-presenciais\/#respond"]}]},{"@type":"WebPage","@id":"https:\/\/www.cidademarketing.com.br\/marketing\/2020\/10\/05\/serpro-inicia-retomada-das-atividades-presenciais\/","url":"https:\/\/www.cidademarketing.com.br\/marketing\/2020\/10\/05\/serpro-inicia-retomada-das-atividades-presenciais\/","name":"Serpro inicia retomada das atividades presenciais - CidadeMarketing","isPartOf":{"@id":"https:\/\/www.cidademarketing.com.br\/marketing\/#website"},"primaryImageOfPage":{"@id":"https:\/\/www.cidademarketing.com.br\/marketing\/2020\/10\/05\/serpro-inicia-retomada-das-atividades-presenciais\/#primaryimage"},"image":{"@id":"https:\/\/www.cidademarketing.com.br\/marketing\/2020\/10\/05\/serpro-inicia-retomada-das-atividades-presenciais\/#primaryimage"},"thumbnailUrl":"https:\/\/www.cidademarketing.com.br\/marketing\/wp-content\/uploads\/2020\/06\/serpro.jpg","datePublished":"2020-10-05T14:22:27+00:00","dateModified":"2020-10-05T14:22:34+00:00","breadcrumb":{"@id":"https:\/\/www.cidademarketing.com.br\/marketing\/2020\/10\/05\/serpro-inicia-retomada-das-atividades-presenciais\/#breadcrumb"},"inLanguage":"pt-BR","potentialAction":[{"@type":"ReadAction","target":["https:\/\/www.cidademarketing.com.br\/marketing\/2020\/10\/05\/serpro-inicia-retomada-das-atividades-presenciais\/"]}]},{"@type":"ImageObject","inLanguage":"pt-BR","@id":"https:\/\/www.cidademarketing.com.br\/marketing\/2020\/10\/05\/serpro-inicia-retomada-das-atividades-presenciais\/#primaryimage","url":"https:\/\/www.cidademarketing.com.br\/marketing\/wp-content\/uploads\/2020\/06\/serpro.jpg","contentUrl":"https:\/\/www.cidademarketing.com.br\/marketing\/wp-content\/uploads\/2020\/06\/serpro.jpg","width":257,"height":92},{"@type":"BreadcrumbList","@id":"https:\/\/www.cidademarketing.com.br\/marketing\/2020\/10\/05\/serpro-inicia-retomada-das-atividades-presenciais\/#breadcrumb","itemListElement":[{"@type":"ListItem","position":1,"name":"In\u00edcio","item":"https:\/\/www.cidademarketing.com.br\/marketing\/"},{"@type":"ListItem","position":2,"name":"Serpro inicia retomada das atividades presenciais"}]},{"@type":"WebSite","@id":"https:\/\/www.cidademarketing.com.br\/marketing\/#website","url":"https:\/\/www.cidademarketing.com.br\/marketing\/","name":"CidadeMarketing","description":"Somos um ve\u00edculo de comunica\u00e7\u00e3o de destaque no Brasil, reconhecido por conte\u00fados nos segmentos de marketing, empreendedorismo e inova\u00e7\u00e3o.","publisher":{"@id":"https:\/\/www.cidademarketing.com.br\/marketing\/#organization"},"alternateName":"CidadeMarketing","potentialAction":[{"@type":"SearchAction","target":{"@type":"EntryPoint","urlTemplate":"https:\/\/www.cidademarketing.com.br\/marketing\/?s={search_term_string}"},"query-input":{"@type":"PropertyValueSpecification","valueRequired":true,"valueName":"search_term_string"}}],"inLanguage":"pt-BR"},{"@type":"Organization","@id":"https:\/\/www.cidademarketing.com.br\/marketing\/#organization","name":"CidadeMarketing","alternateName":"CidadeMarketing","url":"https:\/\/www.cidademarketing.com.br\/marketing\/","logo":{"@type":"ImageObject","inLanguage":"pt-BR","@id":"https:\/\/www.cidademarketing.com.br\/marketing\/#\/schema\/logo\/image\/","url":"https:\/\/www.cidademarketing.com.br\/marketing\/wp-content\/uploads\/2020\/01\/cidademarketing_marca_mobile.png","contentUrl":"https:\/\/www.cidademarketing.com.br\/marketing\/wp-content\/uploads\/2020\/01\/cidademarketing_marca_mobile.png","width":230,"height":92,"caption":"CidadeMarketing"},"image":{"@id":"https:\/\/www.cidademarketing.com.br\/marketing\/#\/schema\/logo\/image\/"},"sameAs":["https:\/\/www.facebook.com\/portalcidademarketing","https:\/\/x.com\/CidadeMarketing","https:\/\/www.instagram.com\/cidademarketing\/"]},{"@type":"Person","@id":"https:\/\/www.cidademarketing.com.br\/marketing\/#\/schema\/person\/02daff9f18bd9378c9e01eb6b2db155f","name":"Thales Brand\u00e3o","image":{"@type":"ImageObject","inLanguage":"pt-BR","@id":"https:\/\/secure.gravatar.com\/avatar\/7ca3206950207cc3cb48feec56a8a7898741ab725c368d99d5d7a5a50aab80c6?s=96&d=mm&r=g","url":"https:\/\/secure.gravatar.com\/avatar\/7ca3206950207cc3cb48feec56a8a7898741ab725c368d99d5d7a5a50aab80c6?s=96&d=mm&r=g","contentUrl":"https:\/\/secure.gravatar.com\/avatar\/7ca3206950207cc3cb48feec56a8a7898741ab725c368d99d5d7a5a50aab80c6?s=96&d=mm&r=g","caption":"Thales Brand\u00e3o"},"description":"Editor Executivo do Portal CidadeMarketing.com.br &gt; Mestre em Comunica\u00e7\u00e3o e Sociedade pela Universidade Federal de Sergipe. Possui MBA Executivo em Administra\u00e7\u00e3o com \u00eanfase em Marketing pela Funda\u00e7\u00e3o Get\u00falio Vargas - Rio de Janeiro. Consultor, Palestrante e Pesquisador sobre Empreendedorismo, Marketing, Redes Sociais e Neg\u00f3cios Digitais. Professor, Palestrante TedxTalks e Campus Party. Twitter: @ThalesBrandao","sameAs":["http:\/\/www.mandacaru.com.br","https:\/\/www.facebook.com\/thalesbrandao","http:\/\/www.instagram.com.br\/thalesbrandaoferreira","https:\/\/www.linkedin.com\/in\/thales-brand\u00e3o-3948609\/","https:\/\/x.com\/http:\/\/www.twitter.com\/thalesbrandao"],"url":"https:\/\/www.cidademarketing.com.br\/marketing\/author\/thalesbrandao\/"}]}},"amp_enabled":true,"_links":{"self":[{"href":"https:\/\/www.cidademarketing.com.br\/marketing\/wp-json\/wp\/v2\/posts\/19695","targetHints":{"allow":["GET"]}}],"collection":[{"href":"https:\/\/www.cidademarketing.com.br\/marketing\/wp-json\/wp\/v2\/posts"}],"about":[{"href":"https:\/\/www.cidademarketing.com.br\/marketing\/wp-json\/wp\/v2\/types\/post"}],"author":[{"embeddable":true,"href":"https:\/\/www.cidademarketing.com.br\/marketing\/wp-json\/wp\/v2\/users\/1"}],"replies":[{"embeddable":true,"href":"https:\/\/www.cidademarketing.com.br\/marketing\/wp-json\/wp\/v2\/comments?post=19695"}],"version-history":[{"count":1,"href":"https:\/\/www.cidademarketing.com.br\/marketing\/wp-json\/wp\/v2\/posts\/19695\/revisions"}],"predecessor-version":[{"id":19696,"href":"https:\/\/www.cidademarketing.com.br\/marketing\/wp-json\/wp\/v2\/posts\/19695\/revisions\/19696"}],"wp:featuredmedia":[{"embeddable":true,"href":"https:\/\/www.cidademarketing.com.br\/marketing\/wp-json\/wp\/v2\/media\/16366"}],"wp:attachment":[{"href":"https:\/\/www.cidademarketing.com.br\/marketing\/wp-json\/wp\/v2\/media?parent=19695"}],"wp:term":[{"taxonomy":"category","embeddable":true,"href":"https:\/\/www.cidademarketing.com.br\/marketing\/wp-json\/wp\/v2\/categories?post=19695"},{"taxonomy":"post_tag","embeddable":true,"href":"https:\/\/www.cidademarketing.com.br\/marketing\/wp-json\/wp\/v2\/tags?post=19695"}],"curies":[{"name":"wp","href":"https:\/\/api.w.org\/{rel}","templated":true}]}}