{"id":19693,"date":"2020-10-05T10:53:47","date_gmt":"2020-10-05T13:53:47","guid":{"rendered":"https:\/\/www.cidademarketing.com.br\/marketing\/?p=19693"},"modified":"2020-10-05T10:53:59","modified_gmt":"2020-10-05T13:53:59","slug":"balanco-de-vendas-de-setembro-confirma-o-reaquecimento-do-varejo-na-capital-aponta-acsp","status":"publish","type":"post","link":"https:\/\/www.cidademarketing.com.br\/marketing\/2020\/10\/05\/balanco-de-vendas-de-setembro-confirma-o-reaquecimento-do-varejo-na-capital-aponta-acsp\/","title":{"rendered":"Balan\u00e7o de Vendas de setembro confirma o reaquecimento do varejo na capital, aponta ACSP"},"content":{"rendered":"\n<p>O Balan\u00e7o de Vendas da Associa\u00e7\u00e3o Comercial de S\u00e3o Paulo (ACSP) de setembro confirma o crescimento da economia na capital, mesmo em \u00e9poca de pandemia. Segundo dados preliminares da Boa Vista Servi\u00e7os (BVS), a curva do m\u00eas fechou com eleva\u00e7\u00e3o m\u00e9dia de 20,9% comparada a agosto.&nbsp;<\/p>\n\n\n\n<p>Os n\u00fameros, no entanto, s\u00e3o menores do que os registrados na primeira quinzena de setembro que foi de 35,8% de alta em rela\u00e7\u00e3o aos mesmos 15 dias tamb\u00e9m de agosto. Esses dados mais aquecidos refletem as promo\u00e7\u00f5es de vendas dos lojistas na chamada Semana do Brasil, em comemora\u00e7\u00e3o ao Dia da Independ\u00eancia. Apesar disso, os dados gr\u00e1ficos mensais mostram que h\u00e1 uma curva econ\u00f4mica ascendente e que o aumento das vendas \u00e9 gradativo desde que houve o relaxamento do isolamento social.&nbsp;<\/p>\n\n\n\n<p>Essa tend\u00eancia gradativa, combinada com a aproxima\u00e7\u00e3o do Dia das Crian\u00e7as, promete um per\u00edodo positivo para o varejo.&nbsp; \u201cTemos a expectativa de que as vendas aumentem de 15% a 20% em rela\u00e7\u00e3o aos n\u00fameros registrados neste Balan\u00e7o\u201d, projeta Marcel Solimeo, economista da ACSP. \u201cEmbora o Dia das Crian\u00e7as n\u00e3o seja a data mais importante do calend\u00e1rio comemorativo, \u00e9 uma data \u00e9 importante para os segmentos de brinquedos e roupas infantis. \u00c9 poss\u00edvel que, por conta de as crian\u00e7as estarem em casa, os pais tenham ainda mais interesse em presente\u00e1-las para entret\u00ea-las\u201d, explica.<\/p>\n\n\n\n<p>A derrubada da economia no munic\u00edpio e seu retorno de crescimento gradativo podem ser contados em n\u00fameros. Para isso, basta que se comparem percentuais fechados do m\u00eas com o mesmo per\u00edodo de 2019, fora do contexto da Covid-19, e, logo ap\u00f3s, com o per\u00edodo em que ocorreu o relaxamento do isolamento social. Em mar\u00e7o, por exemplo, \u00e9poca em que as pessoas come\u00e7aram a ficar em casa, registrou-se um recuo de 27% em rela\u00e7\u00e3o aos 30 dias correspondentes do ano anterior. Nos meses posteriores, a ACSP apontou balan\u00e7o de -63,8% e -67% (abril e maio) tamb\u00e9m comparado ao per\u00edodo similar de 2019. O reaquecimento da economia come\u00e7a a acontecer em seguida com -54,9%, -47,7%, -33,6% (junho, julho e agosto respectivamente) e, agora, setembro, com -14,6%.&nbsp;&nbsp;<\/p>\n\n\n\n<p>\u201cAs vendas de outubro devem continuar crescendo como tem crescido a cada m\u00eas sobre o m\u00eas anterior, reduzindo a queda que enfrentamos, neste momento de pandemia, em rela\u00e7\u00e3o ao ano passado\u201d, afirma Solimeo.<\/p>\n","protected":false},"excerpt":{"rendered":"<p>O Balan\u00e7o de Vendas da Associa\u00e7\u00e3o Comercial de S\u00e3o Paulo (ACSP) de setembro confirma o crescimento da economia na capital, mesmo em \u00e9poca de pandemia. Segundo dados preliminares da Boa Vista Servi\u00e7os (BVS), a curva do m\u00eas fechou com eleva\u00e7\u00e3o m\u00e9dia de 20,9% comparada a agosto.&nbsp; Os n\u00fameros, no entanto, s\u00e3o menores do que os [&hellip;]<\/p>\n","protected":false},"author":1,"featured_media":13325,"comment_status":"open","ping_status":"open","sticky":false,"template":"","format":"standard","meta":{"tdm_status":"","tdm_grid_status":"","footnotes":""},"categories":[6],"tags":[1161,33,28],"class_list":["post-19693","post","type-post","status-publish","format-standard","has-post-thumbnail","hentry","category-noticias","tag-acsp","tag-estrategia","tag-marketing"],"yoast_head":"<!-- This site is optimized with the Yoast SEO plugin v27.5 - https:\/\/yoast.com\/product\/yoast-seo-wordpress\/ -->\n<title>Balan\u00e7o de Vendas de setembro confirma o reaquecimento do varejo na capital, aponta ACSP - CidadeMarketing<\/title>\n<meta name=\"robots\" content=\"index, follow, max-snippet:-1, max-image-preview:large, max-video-preview:-1\" \/>\n<link rel=\"canonical\" href=\"https:\/\/www.cidademarketing.com.br\/marketing\/2020\/10\/05\/balanco-de-vendas-de-setembro-confirma-o-reaquecimento-do-varejo-na-capital-aponta-acsp\/\" \/>\n<meta property=\"og:locale\" content=\"pt_BR\" \/>\n<meta property=\"og:type\" content=\"article\" \/>\n<meta property=\"og:title\" content=\"Balan\u00e7o de Vendas de setembro confirma o reaquecimento do varejo na capital, aponta ACSP - CidadeMarketing\" \/>\n<meta property=\"og:description\" content=\"O Balan\u00e7o de Vendas da Associa\u00e7\u00e3o Comercial de S\u00e3o Paulo (ACSP) de setembro confirma o crescimento da economia na capital, mesmo em \u00e9poca de pandemia. Segundo dados preliminares da Boa Vista Servi\u00e7os (BVS), a curva do m\u00eas fechou com eleva\u00e7\u00e3o m\u00e9dia de 20,9% comparada a agosto.&nbsp; Os n\u00fameros, no entanto, s\u00e3o menores do que os [&hellip;]\" \/>\n<meta property=\"og:url\" content=\"https:\/\/www.cidademarketing.com.br\/marketing\/2020\/10\/05\/balanco-de-vendas-de-setembro-confirma-o-reaquecimento-do-varejo-na-capital-aponta-acsp\/\" \/>\n<meta property=\"og:site_name\" content=\"CidadeMarketing\" \/>\n<meta property=\"article:publisher\" content=\"https:\/\/www.facebook.com\/portalcidademarketing\" \/>\n<meta property=\"article:author\" content=\"https:\/\/www.facebook.com\/thalesbrandao\" \/>\n<meta property=\"article:published_time\" content=\"2020-10-05T13:53:47+00:00\" \/>\n<meta property=\"article:modified_time\" content=\"2020-10-05T13:53:59+00:00\" \/>\n<meta property=\"og:image\" content=\"https:\/\/www.cidademarketing.com.br\/marketing\/wp-content\/uploads\/2019\/12\/alshop_shopping2019.jpg\" \/>\n\t<meta property=\"og:image:width\" content=\"1024\" \/>\n\t<meta property=\"og:image:height\" content=\"697\" \/>\n\t<meta property=\"og:image:type\" content=\"image\/jpeg\" \/>\n<meta name=\"author\" content=\"Thales Brand\u00e3o\" \/>\n<meta name=\"twitter:card\" content=\"summary_large_image\" \/>\n<meta name=\"twitter:creator\" content=\"@http:\/\/www.twitter.com\/thalesbrandao\" \/>\n<meta name=\"twitter:site\" content=\"@CidadeMarketing\" \/>\n<meta name=\"twitter:label1\" content=\"Escrito por\" \/>\n\t<meta name=\"twitter:data1\" content=\"Thales Brand\u00e3o\" \/>\n\t<meta name=\"twitter:label2\" content=\"Est. tempo de leitura\" \/>\n\t<meta name=\"twitter:data2\" content=\"2 minutos\" \/>\n<script type=\"application\/ld+json\" class=\"yoast-schema-graph\">{\"@context\":\"https:\\\/\\\/schema.org\",\"@graph\":[{\"@type\":\"Article\",\"@id\":\"https:\\\/\\\/www.cidademarketing.com.br\\\/marketing\\\/2020\\\/10\\\/05\\\/balanco-de-vendas-de-setembro-confirma-o-reaquecimento-do-varejo-na-capital-aponta-acsp\\\/#article\",\"isPartOf\":{\"@id\":\"https:\\\/\\\/www.cidademarketing.com.br\\\/marketing\\\/2020\\\/10\\\/05\\\/balanco-de-vendas-de-setembro-confirma-o-reaquecimento-do-varejo-na-capital-aponta-acsp\\\/\"},\"author\":{\"name\":\"Thales Brand\u00e3o\",\"@id\":\"https:\\\/\\\/www.cidademarketing.com.br\\\/marketing\\\/#\\\/schema\\\/person\\\/02daff9f18bd9378c9e01eb6b2db155f\"},\"headline\":\"Balan\u00e7o de Vendas de setembro confirma o reaquecimento do varejo na capital, aponta ACSP\",\"datePublished\":\"2020-10-05T13:53:47+00:00\",\"dateModified\":\"2020-10-05T13:53:59+00:00\",\"mainEntityOfPage\":{\"@id\":\"https:\\\/\\\/www.cidademarketing.com.br\\\/marketing\\\/2020\\\/10\\\/05\\\/balanco-de-vendas-de-setembro-confirma-o-reaquecimento-do-varejo-na-capital-aponta-acsp\\\/\"},\"wordCount\":429,\"commentCount\":0,\"publisher\":{\"@id\":\"https:\\\/\\\/www.cidademarketing.com.br\\\/marketing\\\/#organization\"},\"image\":{\"@id\":\"https:\\\/\\\/www.cidademarketing.com.br\\\/marketing\\\/2020\\\/10\\\/05\\\/balanco-de-vendas-de-setembro-confirma-o-reaquecimento-do-varejo-na-capital-aponta-acsp\\\/#primaryimage\"},\"thumbnailUrl\":\"https:\\\/\\\/www.cidademarketing.com.br\\\/marketing\\\/wp-content\\\/uploads\\\/2019\\\/12\\\/alshop_shopping2019.jpg\",\"keywords\":[\"ACSP\",\"estrat\u00e9gia\",\"marketing\"],\"articleSection\":[\"Not\u00edcias\"],\"inLanguage\":\"pt-BR\",\"potentialAction\":[{\"@type\":\"CommentAction\",\"name\":\"Comment\",\"target\":[\"https:\\\/\\\/www.cidademarketing.com.br\\\/marketing\\\/2020\\\/10\\\/05\\\/balanco-de-vendas-de-setembro-confirma-o-reaquecimento-do-varejo-na-capital-aponta-acsp\\\/#respond\"]}]},{\"@type\":\"WebPage\",\"@id\":\"https:\\\/\\\/www.cidademarketing.com.br\\\/marketing\\\/2020\\\/10\\\/05\\\/balanco-de-vendas-de-setembro-confirma-o-reaquecimento-do-varejo-na-capital-aponta-acsp\\\/\",\"url\":\"https:\\\/\\\/www.cidademarketing.com.br\\\/marketing\\\/2020\\\/10\\\/05\\\/balanco-de-vendas-de-setembro-confirma-o-reaquecimento-do-varejo-na-capital-aponta-acsp\\\/\",\"name\":\"Balan\u00e7o de Vendas de setembro confirma o reaquecimento do varejo na capital, aponta ACSP - CidadeMarketing\",\"isPartOf\":{\"@id\":\"https:\\\/\\\/www.cidademarketing.com.br\\\/marketing\\\/#website\"},\"primaryImageOfPage\":{\"@id\":\"https:\\\/\\\/www.cidademarketing.com.br\\\/marketing\\\/2020\\\/10\\\/05\\\/balanco-de-vendas-de-setembro-confirma-o-reaquecimento-do-varejo-na-capital-aponta-acsp\\\/#primaryimage\"},\"image\":{\"@id\":\"https:\\\/\\\/www.cidademarketing.com.br\\\/marketing\\\/2020\\\/10\\\/05\\\/balanco-de-vendas-de-setembro-confirma-o-reaquecimento-do-varejo-na-capital-aponta-acsp\\\/#primaryimage\"},\"thumbnailUrl\":\"https:\\\/\\\/www.cidademarketing.com.br\\\/marketing\\\/wp-content\\\/uploads\\\/2019\\\/12\\\/alshop_shopping2019.jpg\",\"datePublished\":\"2020-10-05T13:53:47+00:00\",\"dateModified\":\"2020-10-05T13:53:59+00:00\",\"breadcrumb\":{\"@id\":\"https:\\\/\\\/www.cidademarketing.com.br\\\/marketing\\\/2020\\\/10\\\/05\\\/balanco-de-vendas-de-setembro-confirma-o-reaquecimento-do-varejo-na-capital-aponta-acsp\\\/#breadcrumb\"},\"inLanguage\":\"pt-BR\",\"potentialAction\":[{\"@type\":\"ReadAction\",\"target\":[\"https:\\\/\\\/www.cidademarketing.com.br\\\/marketing\\\/2020\\\/10\\\/05\\\/balanco-de-vendas-de-setembro-confirma-o-reaquecimento-do-varejo-na-capital-aponta-acsp\\\/\"]}]},{\"@type\":\"ImageObject\",\"inLanguage\":\"pt-BR\",\"@id\":\"https:\\\/\\\/www.cidademarketing.com.br\\\/marketing\\\/2020\\\/10\\\/05\\\/balanco-de-vendas-de-setembro-confirma-o-reaquecimento-do-varejo-na-capital-aponta-acsp\\\/#primaryimage\",\"url\":\"https:\\\/\\\/www.cidademarketing.com.br\\\/marketing\\\/wp-content\\\/uploads\\\/2019\\\/12\\\/alshop_shopping2019.jpg\",\"contentUrl\":\"https:\\\/\\\/www.cidademarketing.com.br\\\/marketing\\\/wp-content\\\/uploads\\\/2019\\\/12\\\/alshop_shopping2019.jpg\",\"width\":1024,\"height\":697,\"caption\":\"Divulga\u00e7\u00e3o\"},{\"@type\":\"BreadcrumbList\",\"@id\":\"https:\\\/\\\/www.cidademarketing.com.br\\\/marketing\\\/2020\\\/10\\\/05\\\/balanco-de-vendas-de-setembro-confirma-o-reaquecimento-do-varejo-na-capital-aponta-acsp\\\/#breadcrumb\",\"itemListElement\":[{\"@type\":\"ListItem\",\"position\":1,\"name\":\"In\u00edcio\",\"item\":\"https:\\\/\\\/www.cidademarketing.com.br\\\/marketing\\\/\"},{\"@type\":\"ListItem\",\"position\":2,\"name\":\"Balan\u00e7o de Vendas de setembro confirma o reaquecimento do varejo na capital, aponta ACSP\"}]},{\"@type\":\"WebSite\",\"@id\":\"https:\\\/\\\/www.cidademarketing.com.br\\\/marketing\\\/#website\",\"url\":\"https:\\\/\\\/www.cidademarketing.com.br\\\/marketing\\\/\",\"name\":\"CidadeMarketing\",\"description\":\"Somos um ve\u00edculo de comunica\u00e7\u00e3o de destaque no Brasil, reconhecido por conte\u00fados nos segmentos de marketing, empreendedorismo e inova\u00e7\u00e3o.\",\"publisher\":{\"@id\":\"https:\\\/\\\/www.cidademarketing.com.br\\\/marketing\\\/#organization\"},\"alternateName\":\"CidadeMarketing\",\"potentialAction\":[{\"@type\":\"SearchAction\",\"target\":{\"@type\":\"EntryPoint\",\"urlTemplate\":\"https:\\\/\\\/www.cidademarketing.com.br\\\/marketing\\\/?s={search_term_string}\"},\"query-input\":{\"@type\":\"PropertyValueSpecification\",\"valueRequired\":true,\"valueName\":\"search_term_string\"}}],\"inLanguage\":\"pt-BR\"},{\"@type\":\"Organization\",\"@id\":\"https:\\\/\\\/www.cidademarketing.com.br\\\/marketing\\\/#organization\",\"name\":\"CidadeMarketing\",\"alternateName\":\"CidadeMarketing\",\"url\":\"https:\\\/\\\/www.cidademarketing.com.br\\\/marketing\\\/\",\"logo\":{\"@type\":\"ImageObject\",\"inLanguage\":\"pt-BR\",\"@id\":\"https:\\\/\\\/www.cidademarketing.com.br\\\/marketing\\\/#\\\/schema\\\/logo\\\/image\\\/\",\"url\":\"https:\\\/\\\/www.cidademarketing.com.br\\\/marketing\\\/wp-content\\\/uploads\\\/2020\\\/01\\\/cidademarketing_marca_mobile.png\",\"contentUrl\":\"https:\\\/\\\/www.cidademarketing.com.br\\\/marketing\\\/wp-content\\\/uploads\\\/2020\\\/01\\\/cidademarketing_marca_mobile.png\",\"width\":230,\"height\":92,\"caption\":\"CidadeMarketing\"},\"image\":{\"@id\":\"https:\\\/\\\/www.cidademarketing.com.br\\\/marketing\\\/#\\\/schema\\\/logo\\\/image\\\/\"},\"sameAs\":[\"https:\\\/\\\/www.facebook.com\\\/portalcidademarketing\",\"https:\\\/\\\/x.com\\\/CidadeMarketing\",\"https:\\\/\\\/www.instagram.com\\\/cidademarketing\\\/\"]},{\"@type\":\"Person\",\"@id\":\"https:\\\/\\\/www.cidademarketing.com.br\\\/marketing\\\/#\\\/schema\\\/person\\\/02daff9f18bd9378c9e01eb6b2db155f\",\"name\":\"Thales Brand\u00e3o\",\"image\":{\"@type\":\"ImageObject\",\"inLanguage\":\"pt-BR\",\"@id\":\"https:\\\/\\\/secure.gravatar.com\\\/avatar\\\/7ca3206950207cc3cb48feec56a8a7898741ab725c368d99d5d7a5a50aab80c6?s=96&d=mm&r=g\",\"url\":\"https:\\\/\\\/secure.gravatar.com\\\/avatar\\\/7ca3206950207cc3cb48feec56a8a7898741ab725c368d99d5d7a5a50aab80c6?s=96&d=mm&r=g\",\"contentUrl\":\"https:\\\/\\\/secure.gravatar.com\\\/avatar\\\/7ca3206950207cc3cb48feec56a8a7898741ab725c368d99d5d7a5a50aab80c6?s=96&d=mm&r=g\",\"caption\":\"Thales Brand\u00e3o\"},\"description\":\"Editor Executivo do Portal CidadeMarketing.com.br &gt; Mestre em Comunica\u00e7\u00e3o e Sociedade pela Universidade Federal de Sergipe. Possui MBA Executivo em Administra\u00e7\u00e3o com \u00eanfase em Marketing pela Funda\u00e7\u00e3o Get\u00falio Vargas - Rio de Janeiro. Consultor, Palestrante e Pesquisador sobre Empreendedorismo, Marketing, Redes Sociais e Neg\u00f3cios Digitais. Professor, Palestrante TedxTalks e Campus Party. Twitter: @ThalesBrandao\",\"sameAs\":[\"http:\\\/\\\/www.mandacaru.com.br\",\"https:\\\/\\\/www.facebook.com\\\/thalesbrandao\",\"http:\\\/\\\/www.instagram.com.br\\\/thalesbrandaoferreira\",\"https:\\\/\\\/www.linkedin.com\\\/in\\\/thales-brand\u00e3o-3948609\\\/\",\"https:\\\/\\\/x.com\\\/http:\\\/\\\/www.twitter.com\\\/thalesbrandao\"],\"url\":\"https:\\\/\\\/www.cidademarketing.com.br\\\/marketing\\\/author\\\/thalesbrandao\\\/\"}]}<\/script>\n<!-- \/ Yoast SEO plugin. -->","yoast_head_json":{"title":"Balan\u00e7o de Vendas de setembro confirma o reaquecimento do varejo na capital, aponta ACSP - CidadeMarketing","robots":{"index":"index","follow":"follow","max-snippet":"max-snippet:-1","max-image-preview":"max-image-preview:large","max-video-preview":"max-video-preview:-1"},"canonical":"https:\/\/www.cidademarketing.com.br\/marketing\/2020\/10\/05\/balanco-de-vendas-de-setembro-confirma-o-reaquecimento-do-varejo-na-capital-aponta-acsp\/","og_locale":"pt_BR","og_type":"article","og_title":"Balan\u00e7o de Vendas de setembro confirma o reaquecimento do varejo na capital, aponta ACSP - CidadeMarketing","og_description":"O Balan\u00e7o de Vendas da Associa\u00e7\u00e3o Comercial de S\u00e3o Paulo (ACSP) de setembro confirma o crescimento da economia na capital, mesmo em \u00e9poca de pandemia. Segundo dados preliminares da Boa Vista Servi\u00e7os (BVS), a curva do m\u00eas fechou com eleva\u00e7\u00e3o m\u00e9dia de 20,9% comparada a agosto.&nbsp; Os n\u00fameros, no entanto, s\u00e3o menores do que os [&hellip;]","og_url":"https:\/\/www.cidademarketing.com.br\/marketing\/2020\/10\/05\/balanco-de-vendas-de-setembro-confirma-o-reaquecimento-do-varejo-na-capital-aponta-acsp\/","og_site_name":"CidadeMarketing","article_publisher":"https:\/\/www.facebook.com\/portalcidademarketing","article_author":"https:\/\/www.facebook.com\/thalesbrandao","article_published_time":"2020-10-05T13:53:47+00:00","article_modified_time":"2020-10-05T13:53:59+00:00","og_image":[{"width":1024,"height":697,"url":"https:\/\/www.cidademarketing.com.br\/marketing\/wp-content\/uploads\/2019\/12\/alshop_shopping2019.jpg","type":"image\/jpeg"}],"author":"Thales Brand\u00e3o","twitter_card":"summary_large_image","twitter_creator":"@http:\/\/www.twitter.com\/thalesbrandao","twitter_site":"@CidadeMarketing","twitter_misc":{"Escrito por":"Thales Brand\u00e3o","Est. tempo de leitura":"2 minutos"},"schema":{"@context":"https:\/\/schema.org","@graph":[{"@type":"Article","@id":"https:\/\/www.cidademarketing.com.br\/marketing\/2020\/10\/05\/balanco-de-vendas-de-setembro-confirma-o-reaquecimento-do-varejo-na-capital-aponta-acsp\/#article","isPartOf":{"@id":"https:\/\/www.cidademarketing.com.br\/marketing\/2020\/10\/05\/balanco-de-vendas-de-setembro-confirma-o-reaquecimento-do-varejo-na-capital-aponta-acsp\/"},"author":{"name":"Thales Brand\u00e3o","@id":"https:\/\/www.cidademarketing.com.br\/marketing\/#\/schema\/person\/02daff9f18bd9378c9e01eb6b2db155f"},"headline":"Balan\u00e7o de Vendas de setembro confirma o reaquecimento do varejo na capital, aponta ACSP","datePublished":"2020-10-05T13:53:47+00:00","dateModified":"2020-10-05T13:53:59+00:00","mainEntityOfPage":{"@id":"https:\/\/www.cidademarketing.com.br\/marketing\/2020\/10\/05\/balanco-de-vendas-de-setembro-confirma-o-reaquecimento-do-varejo-na-capital-aponta-acsp\/"},"wordCount":429,"commentCount":0,"publisher":{"@id":"https:\/\/www.cidademarketing.com.br\/marketing\/#organization"},"image":{"@id":"https:\/\/www.cidademarketing.com.br\/marketing\/2020\/10\/05\/balanco-de-vendas-de-setembro-confirma-o-reaquecimento-do-varejo-na-capital-aponta-acsp\/#primaryimage"},"thumbnailUrl":"https:\/\/www.cidademarketing.com.br\/marketing\/wp-content\/uploads\/2019\/12\/alshop_shopping2019.jpg","keywords":["ACSP","estrat\u00e9gia","marketing"],"articleSection":["Not\u00edcias"],"inLanguage":"pt-BR","potentialAction":[{"@type":"CommentAction","name":"Comment","target":["https:\/\/www.cidademarketing.com.br\/marketing\/2020\/10\/05\/balanco-de-vendas-de-setembro-confirma-o-reaquecimento-do-varejo-na-capital-aponta-acsp\/#respond"]}]},{"@type":"WebPage","@id":"https:\/\/www.cidademarketing.com.br\/marketing\/2020\/10\/05\/balanco-de-vendas-de-setembro-confirma-o-reaquecimento-do-varejo-na-capital-aponta-acsp\/","url":"https:\/\/www.cidademarketing.com.br\/marketing\/2020\/10\/05\/balanco-de-vendas-de-setembro-confirma-o-reaquecimento-do-varejo-na-capital-aponta-acsp\/","name":"Balan\u00e7o de Vendas de setembro confirma o reaquecimento do varejo na capital, aponta ACSP - CidadeMarketing","isPartOf":{"@id":"https:\/\/www.cidademarketing.com.br\/marketing\/#website"},"primaryImageOfPage":{"@id":"https:\/\/www.cidademarketing.com.br\/marketing\/2020\/10\/05\/balanco-de-vendas-de-setembro-confirma-o-reaquecimento-do-varejo-na-capital-aponta-acsp\/#primaryimage"},"image":{"@id":"https:\/\/www.cidademarketing.com.br\/marketing\/2020\/10\/05\/balanco-de-vendas-de-setembro-confirma-o-reaquecimento-do-varejo-na-capital-aponta-acsp\/#primaryimage"},"thumbnailUrl":"https:\/\/www.cidademarketing.com.br\/marketing\/wp-content\/uploads\/2019\/12\/alshop_shopping2019.jpg","datePublished":"2020-10-05T13:53:47+00:00","dateModified":"2020-10-05T13:53:59+00:00","breadcrumb":{"@id":"https:\/\/www.cidademarketing.com.br\/marketing\/2020\/10\/05\/balanco-de-vendas-de-setembro-confirma-o-reaquecimento-do-varejo-na-capital-aponta-acsp\/#breadcrumb"},"inLanguage":"pt-BR","potentialAction":[{"@type":"ReadAction","target":["https:\/\/www.cidademarketing.com.br\/marketing\/2020\/10\/05\/balanco-de-vendas-de-setembro-confirma-o-reaquecimento-do-varejo-na-capital-aponta-acsp\/"]}]},{"@type":"ImageObject","inLanguage":"pt-BR","@id":"https:\/\/www.cidademarketing.com.br\/marketing\/2020\/10\/05\/balanco-de-vendas-de-setembro-confirma-o-reaquecimento-do-varejo-na-capital-aponta-acsp\/#primaryimage","url":"https:\/\/www.cidademarketing.com.br\/marketing\/wp-content\/uploads\/2019\/12\/alshop_shopping2019.jpg","contentUrl":"https:\/\/www.cidademarketing.com.br\/marketing\/wp-content\/uploads\/2019\/12\/alshop_shopping2019.jpg","width":1024,"height":697,"caption":"Divulga\u00e7\u00e3o"},{"@type":"BreadcrumbList","@id":"https:\/\/www.cidademarketing.com.br\/marketing\/2020\/10\/05\/balanco-de-vendas-de-setembro-confirma-o-reaquecimento-do-varejo-na-capital-aponta-acsp\/#breadcrumb","itemListElement":[{"@type":"ListItem","position":1,"name":"In\u00edcio","item":"https:\/\/www.cidademarketing.com.br\/marketing\/"},{"@type":"ListItem","position":2,"name":"Balan\u00e7o de Vendas de setembro confirma o reaquecimento do varejo na capital, aponta ACSP"}]},{"@type":"WebSite","@id":"https:\/\/www.cidademarketing.com.br\/marketing\/#website","url":"https:\/\/www.cidademarketing.com.br\/marketing\/","name":"CidadeMarketing","description":"Somos um ve\u00edculo de comunica\u00e7\u00e3o de destaque no Brasil, reconhecido por conte\u00fados nos segmentos de marketing, empreendedorismo e inova\u00e7\u00e3o.","publisher":{"@id":"https:\/\/www.cidademarketing.com.br\/marketing\/#organization"},"alternateName":"CidadeMarketing","potentialAction":[{"@type":"SearchAction","target":{"@type":"EntryPoint","urlTemplate":"https:\/\/www.cidademarketing.com.br\/marketing\/?s={search_term_string}"},"query-input":{"@type":"PropertyValueSpecification","valueRequired":true,"valueName":"search_term_string"}}],"inLanguage":"pt-BR"},{"@type":"Organization","@id":"https:\/\/www.cidademarketing.com.br\/marketing\/#organization","name":"CidadeMarketing","alternateName":"CidadeMarketing","url":"https:\/\/www.cidademarketing.com.br\/marketing\/","logo":{"@type":"ImageObject","inLanguage":"pt-BR","@id":"https:\/\/www.cidademarketing.com.br\/marketing\/#\/schema\/logo\/image\/","url":"https:\/\/www.cidademarketing.com.br\/marketing\/wp-content\/uploads\/2020\/01\/cidademarketing_marca_mobile.png","contentUrl":"https:\/\/www.cidademarketing.com.br\/marketing\/wp-content\/uploads\/2020\/01\/cidademarketing_marca_mobile.png","width":230,"height":92,"caption":"CidadeMarketing"},"image":{"@id":"https:\/\/www.cidademarketing.com.br\/marketing\/#\/schema\/logo\/image\/"},"sameAs":["https:\/\/www.facebook.com\/portalcidademarketing","https:\/\/x.com\/CidadeMarketing","https:\/\/www.instagram.com\/cidademarketing\/"]},{"@type":"Person","@id":"https:\/\/www.cidademarketing.com.br\/marketing\/#\/schema\/person\/02daff9f18bd9378c9e01eb6b2db155f","name":"Thales Brand\u00e3o","image":{"@type":"ImageObject","inLanguage":"pt-BR","@id":"https:\/\/secure.gravatar.com\/avatar\/7ca3206950207cc3cb48feec56a8a7898741ab725c368d99d5d7a5a50aab80c6?s=96&d=mm&r=g","url":"https:\/\/secure.gravatar.com\/avatar\/7ca3206950207cc3cb48feec56a8a7898741ab725c368d99d5d7a5a50aab80c6?s=96&d=mm&r=g","contentUrl":"https:\/\/secure.gravatar.com\/avatar\/7ca3206950207cc3cb48feec56a8a7898741ab725c368d99d5d7a5a50aab80c6?s=96&d=mm&r=g","caption":"Thales Brand\u00e3o"},"description":"Editor Executivo do Portal CidadeMarketing.com.br &gt; Mestre em Comunica\u00e7\u00e3o e Sociedade pela Universidade Federal de Sergipe. Possui MBA Executivo em Administra\u00e7\u00e3o com \u00eanfase em Marketing pela Funda\u00e7\u00e3o Get\u00falio Vargas - Rio de Janeiro. Consultor, Palestrante e Pesquisador sobre Empreendedorismo, Marketing, Redes Sociais e Neg\u00f3cios Digitais. Professor, Palestrante TedxTalks e Campus Party. Twitter: @ThalesBrandao","sameAs":["http:\/\/www.mandacaru.com.br","https:\/\/www.facebook.com\/thalesbrandao","http:\/\/www.instagram.com.br\/thalesbrandaoferreira","https:\/\/www.linkedin.com\/in\/thales-brand\u00e3o-3948609\/","https:\/\/x.com\/http:\/\/www.twitter.com\/thalesbrandao"],"url":"https:\/\/www.cidademarketing.com.br\/marketing\/author\/thalesbrandao\/"}]}},"amp_enabled":true,"_links":{"self":[{"href":"https:\/\/www.cidademarketing.com.br\/marketing\/wp-json\/wp\/v2\/posts\/19693","targetHints":{"allow":["GET"]}}],"collection":[{"href":"https:\/\/www.cidademarketing.com.br\/marketing\/wp-json\/wp\/v2\/posts"}],"about":[{"href":"https:\/\/www.cidademarketing.com.br\/marketing\/wp-json\/wp\/v2\/types\/post"}],"author":[{"embeddable":true,"href":"https:\/\/www.cidademarketing.com.br\/marketing\/wp-json\/wp\/v2\/users\/1"}],"replies":[{"embeddable":true,"href":"https:\/\/www.cidademarketing.com.br\/marketing\/wp-json\/wp\/v2\/comments?post=19693"}],"version-history":[{"count":1,"href":"https:\/\/www.cidademarketing.com.br\/marketing\/wp-json\/wp\/v2\/posts\/19693\/revisions"}],"predecessor-version":[{"id":19694,"href":"https:\/\/www.cidademarketing.com.br\/marketing\/wp-json\/wp\/v2\/posts\/19693\/revisions\/19694"}],"wp:featuredmedia":[{"embeddable":true,"href":"https:\/\/www.cidademarketing.com.br\/marketing\/wp-json\/wp\/v2\/media\/13325"}],"wp:attachment":[{"href":"https:\/\/www.cidademarketing.com.br\/marketing\/wp-json\/wp\/v2\/media?parent=19693"}],"wp:term":[{"taxonomy":"category","embeddable":true,"href":"https:\/\/www.cidademarketing.com.br\/marketing\/wp-json\/wp\/v2\/categories?post=19693"},{"taxonomy":"post_tag","embeddable":true,"href":"https:\/\/www.cidademarketing.com.br\/marketing\/wp-json\/wp\/v2\/tags?post=19693"}],"curies":[{"name":"wp","href":"https:\/\/api.w.org\/{rel}","templated":true}]}}