{"id":19514,"date":"2020-09-25T22:14:19","date_gmt":"2020-09-26T01:14:19","guid":{"rendered":"https:\/\/www.cidademarketing.com.br\/marketing\/?p=19514"},"modified":"2020-09-25T22:14:23","modified_gmt":"2020-09-26T01:14:23","slug":"m-dias-branco-em-parceria-com-o-senai-ceara-lanca-chamada-para-startups-com-incentivos-de-r-1-milhao","status":"publish","type":"post","link":"https:\/\/www.cidademarketing.com.br\/marketing\/2020\/09\/25\/m-dias-branco-em-parceria-com-o-senai-ceara-lanca-chamada-para-startups-com-incentivos-de-r-1-milhao\/","title":{"rendered":"M. Dias Branco, em parceria com o Senai Cear\u00e1, lan\u00e7a chamada para startups com incentivos de R$ 1 milh\u00e3o"},"content":{"rendered":"\n<p>A M. Dias Branco, l\u00edder nacional em massas e biscoitos, lan\u00e7ar\u00e1, na pr\u00f3xima segunda-feira (28), a nova edi\u00e7\u00e3o do programa Germinar, desta vez com o apoio do Senai Cear\u00e1. O objetivo \u00e9 fazer conex\u00e3o com startups para a solu\u00e7\u00e3o de cinco desafios alinhados \u00e0 estrat\u00e9gia de inova\u00e7\u00e3o estabelecida pela Companhia. Ao todo, o incentivo chega a R$ 1 milh\u00e3o.<\/p>\n\n\n\n<p>O lan\u00e7amento acontecer\u00e1 por meio de uma live, no YouTube do Senai Cear\u00e1, quando ser\u00e3o apresentados todos os detalhes da iniciativa.<\/p>\n\n\n\n<p>A parceria entre grandes empresas e startups tem se tornado cada vez mais frequente, uma vez que representa oportunidades para todos os envolvidos. \u201cAo mesmo tempo em que nossos colaboradores t\u00eam a oportunidade de entrar em contato com o ambiente de inova\u00e7\u00e3o de maneira \u00e1gil e intensa, trazendo ganhos para o neg\u00f3cio, as startups ganham experi\u00eancia, a partir de nossos processos de mentoria e da possibilidade de testar e alavancar sua solu\u00e7\u00e3o junto a uma grande empresa e a alian\u00e7a com o SENAI\u201d, afirma Fernando Bocchi, diretor de Pesquisa &amp; Desenvolvimento da M. Dias Branco e respons\u00e1vel pelo Germinar.<\/p>\n\n\n\n<p>Os projetos selecionados receber\u00e3o apoio para o desenvolvimento de uma prova de conceito, passando por processos de valida\u00e7\u00e3o, prototipa\u00e7\u00e3o e teste. Cada projeto ter\u00e1 a dura\u00e7\u00e3o m\u00e1xima de 12 meses e contar\u00e1 com um investimento de, no m\u00ednimo, R$ 250 mil e, no m\u00e1ximo, R$ 400 mil, cuja distribui\u00e7\u00e3o est\u00e1 descrita no item \u201cFinanciamento\u201d do edital dispon\u00edvel aqui.<\/p>\n\n\n\n<p>A execu\u00e7\u00e3o dos projetos ser\u00e1 realizada nas instala\u00e7\u00f5es do Instituto Senai de Tecnologia, localizado em Maracana\u00fa\/CE, e as startups selecionadas poder\u00e3o se instalar no Instituto, devendo designar pelo menos um representante local.<\/p>\n\n\n\n<p>A iniciativa. Em 2019, a M. Dias Branco manifestou interesse em se conectar com startups por meio do Edital de Inova\u00e7\u00e3o para a Ind\u00fastria da Confedera\u00e7\u00e3o Nacional da Ind\u00fastria. Isso \u00e9 poss\u00edvel dentro da categoria \u201cEmpreendedorismo Industrial\u201d do edital, que viabiliza o compartilhamento de riscos financeiros e tecnol\u00f3gicos, entre grandes empresas e Senai, para investir em inova\u00e7\u00e3o. Uma parcela do recurso \u00e9 aportada pela empresa e a outra pelo Senai.<\/p>\n\n\n\n<p>No Cear\u00e1, o Instituto Senai de Tecnologia em Eletrometalmec\u00e2nica \u00e9 o executor dessa chamada. Em parceria com a M. Dias Branco, o ISTEMM lan\u00e7ou o edital e ir\u00e1 selecionar as startups e prestar todo o apoio tecnol\u00f3gico para o desenvolvimento dos projetos.<\/p>\n\n\n\n<p>Pela categoria Empreendedorismo Industrial, o Edital de Inova\u00e7\u00e3o para a Ind\u00fastria investe no desenvolvimento de solu\u00e7\u00f5es inovadoras por startups de base tecnol\u00f3gica, MEIs ou MPEs para desafios apresentados por m\u00e9dias e grandes empresas. S\u00e3o at\u00e9 10 milh\u00f5es de reais distribu\u00eddos entre chamadas tem\u00e1ticas.<\/p>\n\n\n\n<p>S\u00e3o lan\u00e7adas chamadas tem\u00e1ticas, apresentando desafios industriais de m\u00e9dias e grandes empresas. Startups, MEIs ou MPEs podem propor novos produtos, processos e servi\u00e7os que solucionem esses desafios.<\/p>\n\n\n\n<p><strong>Servi\u00e7o<\/strong><strong><br><\/strong>Lan\u00e7amento programa Germinar<br>28\/09 (segunda-feira)<br>Hor\u00e1rio: 17h (de Bras\u00edlia)<br>Local: YouTube Senai Cear\u00e1<\/p>\n","protected":false},"excerpt":{"rendered":"<p>A M. Dias Branco, l\u00edder nacional em massas e biscoitos, lan\u00e7ar\u00e1, na pr\u00f3xima segunda-feira (28), a nova edi\u00e7\u00e3o do programa Germinar, desta vez com o apoio do Senai Cear\u00e1. O objetivo \u00e9 fazer conex\u00e3o com startups para a solu\u00e7\u00e3o de cinco desafios alinhados \u00e0 estrat\u00e9gia de inova\u00e7\u00e3o estabelecida pela Companhia. Ao todo, o incentivo chega [&hellip;]<\/p>\n","protected":false},"author":1,"featured_media":1760,"comment_status":"open","ping_status":"open","sticky":false,"template":"","format":"standard","meta":{"tdm_status":"","tdm_grid_status":"","footnotes":""},"categories":[6,10],"tags":[396,28,634],"class_list":["post-19514","post","type-post","status-publish","format-standard","has-post-thumbnail","hentry","category-noticias","category-start_up","tag-m-dias-branco","tag-marketing","tag-startups"],"yoast_head":"<!-- This site is optimized with the Yoast SEO plugin v27.4 - https:\/\/yoast.com\/product\/yoast-seo-wordpress\/ -->\n<title>M. Dias Branco, em parceria com o Senai Cear\u00e1, lan\u00e7a chamada para startups com incentivos de R$ 1 milh\u00e3o - CidadeMarketing<\/title>\n<meta name=\"robots\" content=\"index, follow, max-snippet:-1, max-image-preview:large, max-video-preview:-1\" \/>\n<link rel=\"canonical\" href=\"https:\/\/www.cidademarketing.com.br\/marketing\/2020\/09\/25\/m-dias-branco-em-parceria-com-o-senai-ceara-lanca-chamada-para-startups-com-incentivos-de-r-1-milhao\/\" \/>\n<meta property=\"og:locale\" content=\"pt_BR\" \/>\n<meta property=\"og:type\" content=\"article\" \/>\n<meta property=\"og:title\" content=\"M. Dias Branco, em parceria com o Senai Cear\u00e1, lan\u00e7a chamada para startups com incentivos de R$ 1 milh\u00e3o - CidadeMarketing\" \/>\n<meta property=\"og:description\" content=\"A M. Dias Branco, l\u00edder nacional em massas e biscoitos, lan\u00e7ar\u00e1, na pr\u00f3xima segunda-feira (28), a nova edi\u00e7\u00e3o do programa Germinar, desta vez com o apoio do Senai Cear\u00e1. O objetivo \u00e9 fazer conex\u00e3o com startups para a solu\u00e7\u00e3o de cinco desafios alinhados \u00e0 estrat\u00e9gia de inova\u00e7\u00e3o estabelecida pela Companhia. Ao todo, o incentivo chega [&hellip;]\" \/>\n<meta property=\"og:url\" content=\"https:\/\/www.cidademarketing.com.br\/marketing\/2020\/09\/25\/m-dias-branco-em-parceria-com-o-senai-ceara-lanca-chamada-para-startups-com-incentivos-de-r-1-milhao\/\" \/>\n<meta property=\"og:site_name\" content=\"CidadeMarketing\" \/>\n<meta property=\"article:publisher\" content=\"https:\/\/www.facebook.com\/portalcidademarketing\" \/>\n<meta property=\"article:author\" content=\"https:\/\/www.facebook.com\/thalesbrandao\" \/>\n<meta property=\"article:published_time\" content=\"2020-09-26T01:14:19+00:00\" \/>\n<meta property=\"article:modified_time\" content=\"2020-09-26T01:14:23+00:00\" \/>\n<meta property=\"og:image\" content=\"https:\/\/www.cidademarketing.com.br\/marketing\/wp-content\/uploads\/2018\/08\/mdiasbranco.png\" \/>\n\t<meta property=\"og:image:width\" content=\"1512\" \/>\n\t<meta property=\"og:image:height\" content=\"1009\" \/>\n\t<meta property=\"og:image:type\" content=\"image\/png\" \/>\n<meta name=\"author\" content=\"Thales Brand\u00e3o\" \/>\n<meta name=\"twitter:card\" content=\"summary_large_image\" \/>\n<meta name=\"twitter:creator\" content=\"@http:\/\/www.twitter.com\/thalesbrandao\" \/>\n<meta name=\"twitter:site\" content=\"@CidadeMarketing\" \/>\n<meta name=\"twitter:label1\" content=\"Escrito por\" \/>\n\t<meta name=\"twitter:data1\" content=\"Thales Brand\u00e3o\" \/>\n\t<meta name=\"twitter:label2\" content=\"Est. tempo de leitura\" \/>\n\t<meta name=\"twitter:data2\" content=\"3 minutos\" \/>\n<script type=\"application\/ld+json\" class=\"yoast-schema-graph\">{\"@context\":\"https:\\\/\\\/schema.org\",\"@graph\":[{\"@type\":\"Article\",\"@id\":\"https:\\\/\\\/www.cidademarketing.com.br\\\/marketing\\\/2020\\\/09\\\/25\\\/m-dias-branco-em-parceria-com-o-senai-ceara-lanca-chamada-para-startups-com-incentivos-de-r-1-milhao\\\/#article\",\"isPartOf\":{\"@id\":\"https:\\\/\\\/www.cidademarketing.com.br\\\/marketing\\\/2020\\\/09\\\/25\\\/m-dias-branco-em-parceria-com-o-senai-ceara-lanca-chamada-para-startups-com-incentivos-de-r-1-milhao\\\/\"},\"author\":{\"name\":\"Thales Brand\u00e3o\",\"@id\":\"https:\\\/\\\/www.cidademarketing.com.br\\\/marketing\\\/#\\\/schema\\\/person\\\/02daff9f18bd9378c9e01eb6b2db155f\"},\"headline\":\"M. Dias Branco, em parceria com o Senai Cear\u00e1, lan\u00e7a chamada para startups com incentivos de R$ 1 milh\u00e3o\",\"datePublished\":\"2020-09-26T01:14:19+00:00\",\"dateModified\":\"2020-09-26T01:14:23+00:00\",\"mainEntityOfPage\":{\"@id\":\"https:\\\/\\\/www.cidademarketing.com.br\\\/marketing\\\/2020\\\/09\\\/25\\\/m-dias-branco-em-parceria-com-o-senai-ceara-lanca-chamada-para-startups-com-incentivos-de-r-1-milhao\\\/\"},\"wordCount\":531,\"commentCount\":0,\"publisher\":{\"@id\":\"https:\\\/\\\/www.cidademarketing.com.br\\\/marketing\\\/#organization\"},\"image\":{\"@id\":\"https:\\\/\\\/www.cidademarketing.com.br\\\/marketing\\\/2020\\\/09\\\/25\\\/m-dias-branco-em-parceria-com-o-senai-ceara-lanca-chamada-para-startups-com-incentivos-de-r-1-milhao\\\/#primaryimage\"},\"thumbnailUrl\":\"https:\\\/\\\/www.cidademarketing.com.br\\\/marketing\\\/wp-content\\\/uploads\\\/2018\\\/08\\\/mdiasbranco.png\",\"keywords\":[\"M. Dias Branco\",\"marketing\",\"startups\"],\"articleSection\":[\"Not\u00edcias\",\"Start-up\"],\"inLanguage\":\"pt-BR\",\"potentialAction\":[{\"@type\":\"CommentAction\",\"name\":\"Comment\",\"target\":[\"https:\\\/\\\/www.cidademarketing.com.br\\\/marketing\\\/2020\\\/09\\\/25\\\/m-dias-branco-em-parceria-com-o-senai-ceara-lanca-chamada-para-startups-com-incentivos-de-r-1-milhao\\\/#respond\"]}]},{\"@type\":\"WebPage\",\"@id\":\"https:\\\/\\\/www.cidademarketing.com.br\\\/marketing\\\/2020\\\/09\\\/25\\\/m-dias-branco-em-parceria-com-o-senai-ceara-lanca-chamada-para-startups-com-incentivos-de-r-1-milhao\\\/\",\"url\":\"https:\\\/\\\/www.cidademarketing.com.br\\\/marketing\\\/2020\\\/09\\\/25\\\/m-dias-branco-em-parceria-com-o-senai-ceara-lanca-chamada-para-startups-com-incentivos-de-r-1-milhao\\\/\",\"name\":\"M. Dias Branco, em parceria com o Senai Cear\u00e1, lan\u00e7a chamada para startups com incentivos de R$ 1 milh\u00e3o - CidadeMarketing\",\"isPartOf\":{\"@id\":\"https:\\\/\\\/www.cidademarketing.com.br\\\/marketing\\\/#website\"},\"primaryImageOfPage\":{\"@id\":\"https:\\\/\\\/www.cidademarketing.com.br\\\/marketing\\\/2020\\\/09\\\/25\\\/m-dias-branco-em-parceria-com-o-senai-ceara-lanca-chamada-para-startups-com-incentivos-de-r-1-milhao\\\/#primaryimage\"},\"image\":{\"@id\":\"https:\\\/\\\/www.cidademarketing.com.br\\\/marketing\\\/2020\\\/09\\\/25\\\/m-dias-branco-em-parceria-com-o-senai-ceara-lanca-chamada-para-startups-com-incentivos-de-r-1-milhao\\\/#primaryimage\"},\"thumbnailUrl\":\"https:\\\/\\\/www.cidademarketing.com.br\\\/marketing\\\/wp-content\\\/uploads\\\/2018\\\/08\\\/mdiasbranco.png\",\"datePublished\":\"2020-09-26T01:14:19+00:00\",\"dateModified\":\"2020-09-26T01:14:23+00:00\",\"breadcrumb\":{\"@id\":\"https:\\\/\\\/www.cidademarketing.com.br\\\/marketing\\\/2020\\\/09\\\/25\\\/m-dias-branco-em-parceria-com-o-senai-ceara-lanca-chamada-para-startups-com-incentivos-de-r-1-milhao\\\/#breadcrumb\"},\"inLanguage\":\"pt-BR\",\"potentialAction\":[{\"@type\":\"ReadAction\",\"target\":[\"https:\\\/\\\/www.cidademarketing.com.br\\\/marketing\\\/2020\\\/09\\\/25\\\/m-dias-branco-em-parceria-com-o-senai-ceara-lanca-chamada-para-startups-com-incentivos-de-r-1-milhao\\\/\"]}]},{\"@type\":\"ImageObject\",\"inLanguage\":\"pt-BR\",\"@id\":\"https:\\\/\\\/www.cidademarketing.com.br\\\/marketing\\\/2020\\\/09\\\/25\\\/m-dias-branco-em-parceria-com-o-senai-ceara-lanca-chamada-para-startups-com-incentivos-de-r-1-milhao\\\/#primaryimage\",\"url\":\"https:\\\/\\\/www.cidademarketing.com.br\\\/marketing\\\/wp-content\\\/uploads\\\/2018\\\/08\\\/mdiasbranco.png\",\"contentUrl\":\"https:\\\/\\\/www.cidademarketing.com.br\\\/marketing\\\/wp-content\\\/uploads\\\/2018\\\/08\\\/mdiasbranco.png\",\"width\":1512,\"height\":1009},{\"@type\":\"BreadcrumbList\",\"@id\":\"https:\\\/\\\/www.cidademarketing.com.br\\\/marketing\\\/2020\\\/09\\\/25\\\/m-dias-branco-em-parceria-com-o-senai-ceara-lanca-chamada-para-startups-com-incentivos-de-r-1-milhao\\\/#breadcrumb\",\"itemListElement\":[{\"@type\":\"ListItem\",\"position\":1,\"name\":\"In\u00edcio\",\"item\":\"https:\\\/\\\/www.cidademarketing.com.br\\\/marketing\\\/\"},{\"@type\":\"ListItem\",\"position\":2,\"name\":\"M. Dias Branco, em parceria com o Senai Cear\u00e1, lan\u00e7a chamada para startups com incentivos de R$ 1 milh\u00e3o\"}]},{\"@type\":\"WebSite\",\"@id\":\"https:\\\/\\\/www.cidademarketing.com.br\\\/marketing\\\/#website\",\"url\":\"https:\\\/\\\/www.cidademarketing.com.br\\\/marketing\\\/\",\"name\":\"CidadeMarketing\",\"description\":\"Somos um ve\u00edculo de comunica\u00e7\u00e3o de destaque no Brasil, reconhecido por conte\u00fados nos segmentos de marketing, empreendedorismo e inova\u00e7\u00e3o.\",\"publisher\":{\"@id\":\"https:\\\/\\\/www.cidademarketing.com.br\\\/marketing\\\/#organization\"},\"alternateName\":\"CidadeMarketing\",\"potentialAction\":[{\"@type\":\"SearchAction\",\"target\":{\"@type\":\"EntryPoint\",\"urlTemplate\":\"https:\\\/\\\/www.cidademarketing.com.br\\\/marketing\\\/?s={search_term_string}\"},\"query-input\":{\"@type\":\"PropertyValueSpecification\",\"valueRequired\":true,\"valueName\":\"search_term_string\"}}],\"inLanguage\":\"pt-BR\"},{\"@type\":\"Organization\",\"@id\":\"https:\\\/\\\/www.cidademarketing.com.br\\\/marketing\\\/#organization\",\"name\":\"CidadeMarketing\",\"alternateName\":\"CidadeMarketing\",\"url\":\"https:\\\/\\\/www.cidademarketing.com.br\\\/marketing\\\/\",\"logo\":{\"@type\":\"ImageObject\",\"inLanguage\":\"pt-BR\",\"@id\":\"https:\\\/\\\/www.cidademarketing.com.br\\\/marketing\\\/#\\\/schema\\\/logo\\\/image\\\/\",\"url\":\"https:\\\/\\\/www.cidademarketing.com.br\\\/marketing\\\/wp-content\\\/uploads\\\/2020\\\/01\\\/cidademarketing_marca_mobile.png\",\"contentUrl\":\"https:\\\/\\\/www.cidademarketing.com.br\\\/marketing\\\/wp-content\\\/uploads\\\/2020\\\/01\\\/cidademarketing_marca_mobile.png\",\"width\":230,\"height\":92,\"caption\":\"CidadeMarketing\"},\"image\":{\"@id\":\"https:\\\/\\\/www.cidademarketing.com.br\\\/marketing\\\/#\\\/schema\\\/logo\\\/image\\\/\"},\"sameAs\":[\"https:\\\/\\\/www.facebook.com\\\/portalcidademarketing\",\"https:\\\/\\\/x.com\\\/CidadeMarketing\",\"https:\\\/\\\/www.instagram.com\\\/cidademarketing\\\/\"]},{\"@type\":\"Person\",\"@id\":\"https:\\\/\\\/www.cidademarketing.com.br\\\/marketing\\\/#\\\/schema\\\/person\\\/02daff9f18bd9378c9e01eb6b2db155f\",\"name\":\"Thales Brand\u00e3o\",\"image\":{\"@type\":\"ImageObject\",\"inLanguage\":\"pt-BR\",\"@id\":\"https:\\\/\\\/secure.gravatar.com\\\/avatar\\\/7ca3206950207cc3cb48feec56a8a7898741ab725c368d99d5d7a5a50aab80c6?s=96&d=mm&r=g\",\"url\":\"https:\\\/\\\/secure.gravatar.com\\\/avatar\\\/7ca3206950207cc3cb48feec56a8a7898741ab725c368d99d5d7a5a50aab80c6?s=96&d=mm&r=g\",\"contentUrl\":\"https:\\\/\\\/secure.gravatar.com\\\/avatar\\\/7ca3206950207cc3cb48feec56a8a7898741ab725c368d99d5d7a5a50aab80c6?s=96&d=mm&r=g\",\"caption\":\"Thales Brand\u00e3o\"},\"description\":\"Editor Executivo do Portal CidadeMarketing.com.br &gt; Mestre em Comunica\u00e7\u00e3o e Sociedade pela Universidade Federal de Sergipe. Possui MBA Executivo em Administra\u00e7\u00e3o com \u00eanfase em Marketing pela Funda\u00e7\u00e3o Get\u00falio Vargas - Rio de Janeiro. Consultor, Palestrante e Pesquisador sobre Empreendedorismo, Marketing, Redes Sociais e Neg\u00f3cios Digitais. Professor, Palestrante TedxTalks e Campus Party. Twitter: @ThalesBrandao\",\"sameAs\":[\"http:\\\/\\\/www.mandacaru.com.br\",\"https:\\\/\\\/www.facebook.com\\\/thalesbrandao\",\"http:\\\/\\\/www.instagram.com.br\\\/thalesbrandaoferreira\",\"https:\\\/\\\/www.linkedin.com\\\/in\\\/thales-brand\u00e3o-3948609\\\/\",\"https:\\\/\\\/x.com\\\/http:\\\/\\\/www.twitter.com\\\/thalesbrandao\"],\"url\":\"https:\\\/\\\/www.cidademarketing.com.br\\\/marketing\\\/author\\\/thalesbrandao\\\/\"}]}<\/script>\n<!-- \/ Yoast SEO plugin. -->","yoast_head_json":{"title":"M. Dias Branco, em parceria com o Senai Cear\u00e1, lan\u00e7a chamada para startups com incentivos de R$ 1 milh\u00e3o - CidadeMarketing","robots":{"index":"index","follow":"follow","max-snippet":"max-snippet:-1","max-image-preview":"max-image-preview:large","max-video-preview":"max-video-preview:-1"},"canonical":"https:\/\/www.cidademarketing.com.br\/marketing\/2020\/09\/25\/m-dias-branco-em-parceria-com-o-senai-ceara-lanca-chamada-para-startups-com-incentivos-de-r-1-milhao\/","og_locale":"pt_BR","og_type":"article","og_title":"M. Dias Branco, em parceria com o Senai Cear\u00e1, lan\u00e7a chamada para startups com incentivos de R$ 1 milh\u00e3o - CidadeMarketing","og_description":"A M. Dias Branco, l\u00edder nacional em massas e biscoitos, lan\u00e7ar\u00e1, na pr\u00f3xima segunda-feira (28), a nova edi\u00e7\u00e3o do programa Germinar, desta vez com o apoio do Senai Cear\u00e1. O objetivo \u00e9 fazer conex\u00e3o com startups para a solu\u00e7\u00e3o de cinco desafios alinhados \u00e0 estrat\u00e9gia de inova\u00e7\u00e3o estabelecida pela Companhia. Ao todo, o incentivo chega [&hellip;]","og_url":"https:\/\/www.cidademarketing.com.br\/marketing\/2020\/09\/25\/m-dias-branco-em-parceria-com-o-senai-ceara-lanca-chamada-para-startups-com-incentivos-de-r-1-milhao\/","og_site_name":"CidadeMarketing","article_publisher":"https:\/\/www.facebook.com\/portalcidademarketing","article_author":"https:\/\/www.facebook.com\/thalesbrandao","article_published_time":"2020-09-26T01:14:19+00:00","article_modified_time":"2020-09-26T01:14:23+00:00","og_image":[{"width":1512,"height":1009,"url":"https:\/\/www.cidademarketing.com.br\/marketing\/wp-content\/uploads\/2018\/08\/mdiasbranco.png","type":"image\/png"}],"author":"Thales Brand\u00e3o","twitter_card":"summary_large_image","twitter_creator":"@http:\/\/www.twitter.com\/thalesbrandao","twitter_site":"@CidadeMarketing","twitter_misc":{"Escrito por":"Thales Brand\u00e3o","Est. tempo de leitura":"3 minutos"},"schema":{"@context":"https:\/\/schema.org","@graph":[{"@type":"Article","@id":"https:\/\/www.cidademarketing.com.br\/marketing\/2020\/09\/25\/m-dias-branco-em-parceria-com-o-senai-ceara-lanca-chamada-para-startups-com-incentivos-de-r-1-milhao\/#article","isPartOf":{"@id":"https:\/\/www.cidademarketing.com.br\/marketing\/2020\/09\/25\/m-dias-branco-em-parceria-com-o-senai-ceara-lanca-chamada-para-startups-com-incentivos-de-r-1-milhao\/"},"author":{"name":"Thales Brand\u00e3o","@id":"https:\/\/www.cidademarketing.com.br\/marketing\/#\/schema\/person\/02daff9f18bd9378c9e01eb6b2db155f"},"headline":"M. Dias Branco, em parceria com o Senai Cear\u00e1, lan\u00e7a chamada para startups com incentivos de R$ 1 milh\u00e3o","datePublished":"2020-09-26T01:14:19+00:00","dateModified":"2020-09-26T01:14:23+00:00","mainEntityOfPage":{"@id":"https:\/\/www.cidademarketing.com.br\/marketing\/2020\/09\/25\/m-dias-branco-em-parceria-com-o-senai-ceara-lanca-chamada-para-startups-com-incentivos-de-r-1-milhao\/"},"wordCount":531,"commentCount":0,"publisher":{"@id":"https:\/\/www.cidademarketing.com.br\/marketing\/#organization"},"image":{"@id":"https:\/\/www.cidademarketing.com.br\/marketing\/2020\/09\/25\/m-dias-branco-em-parceria-com-o-senai-ceara-lanca-chamada-para-startups-com-incentivos-de-r-1-milhao\/#primaryimage"},"thumbnailUrl":"https:\/\/www.cidademarketing.com.br\/marketing\/wp-content\/uploads\/2018\/08\/mdiasbranco.png","keywords":["M. Dias Branco","marketing","startups"],"articleSection":["Not\u00edcias","Start-up"],"inLanguage":"pt-BR","potentialAction":[{"@type":"CommentAction","name":"Comment","target":["https:\/\/www.cidademarketing.com.br\/marketing\/2020\/09\/25\/m-dias-branco-em-parceria-com-o-senai-ceara-lanca-chamada-para-startups-com-incentivos-de-r-1-milhao\/#respond"]}]},{"@type":"WebPage","@id":"https:\/\/www.cidademarketing.com.br\/marketing\/2020\/09\/25\/m-dias-branco-em-parceria-com-o-senai-ceara-lanca-chamada-para-startups-com-incentivos-de-r-1-milhao\/","url":"https:\/\/www.cidademarketing.com.br\/marketing\/2020\/09\/25\/m-dias-branco-em-parceria-com-o-senai-ceara-lanca-chamada-para-startups-com-incentivos-de-r-1-milhao\/","name":"M. Dias Branco, em parceria com o Senai Cear\u00e1, lan\u00e7a chamada para startups com incentivos de R$ 1 milh\u00e3o - CidadeMarketing","isPartOf":{"@id":"https:\/\/www.cidademarketing.com.br\/marketing\/#website"},"primaryImageOfPage":{"@id":"https:\/\/www.cidademarketing.com.br\/marketing\/2020\/09\/25\/m-dias-branco-em-parceria-com-o-senai-ceara-lanca-chamada-para-startups-com-incentivos-de-r-1-milhao\/#primaryimage"},"image":{"@id":"https:\/\/www.cidademarketing.com.br\/marketing\/2020\/09\/25\/m-dias-branco-em-parceria-com-o-senai-ceara-lanca-chamada-para-startups-com-incentivos-de-r-1-milhao\/#primaryimage"},"thumbnailUrl":"https:\/\/www.cidademarketing.com.br\/marketing\/wp-content\/uploads\/2018\/08\/mdiasbranco.png","datePublished":"2020-09-26T01:14:19+00:00","dateModified":"2020-09-26T01:14:23+00:00","breadcrumb":{"@id":"https:\/\/www.cidademarketing.com.br\/marketing\/2020\/09\/25\/m-dias-branco-em-parceria-com-o-senai-ceara-lanca-chamada-para-startups-com-incentivos-de-r-1-milhao\/#breadcrumb"},"inLanguage":"pt-BR","potentialAction":[{"@type":"ReadAction","target":["https:\/\/www.cidademarketing.com.br\/marketing\/2020\/09\/25\/m-dias-branco-em-parceria-com-o-senai-ceara-lanca-chamada-para-startups-com-incentivos-de-r-1-milhao\/"]}]},{"@type":"ImageObject","inLanguage":"pt-BR","@id":"https:\/\/www.cidademarketing.com.br\/marketing\/2020\/09\/25\/m-dias-branco-em-parceria-com-o-senai-ceara-lanca-chamada-para-startups-com-incentivos-de-r-1-milhao\/#primaryimage","url":"https:\/\/www.cidademarketing.com.br\/marketing\/wp-content\/uploads\/2018\/08\/mdiasbranco.png","contentUrl":"https:\/\/www.cidademarketing.com.br\/marketing\/wp-content\/uploads\/2018\/08\/mdiasbranco.png","width":1512,"height":1009},{"@type":"BreadcrumbList","@id":"https:\/\/www.cidademarketing.com.br\/marketing\/2020\/09\/25\/m-dias-branco-em-parceria-com-o-senai-ceara-lanca-chamada-para-startups-com-incentivos-de-r-1-milhao\/#breadcrumb","itemListElement":[{"@type":"ListItem","position":1,"name":"In\u00edcio","item":"https:\/\/www.cidademarketing.com.br\/marketing\/"},{"@type":"ListItem","position":2,"name":"M. Dias Branco, em parceria com o Senai Cear\u00e1, lan\u00e7a chamada para startups com incentivos de R$ 1 milh\u00e3o"}]},{"@type":"WebSite","@id":"https:\/\/www.cidademarketing.com.br\/marketing\/#website","url":"https:\/\/www.cidademarketing.com.br\/marketing\/","name":"CidadeMarketing","description":"Somos um ve\u00edculo de comunica\u00e7\u00e3o de destaque no Brasil, reconhecido por conte\u00fados nos segmentos de marketing, empreendedorismo e inova\u00e7\u00e3o.","publisher":{"@id":"https:\/\/www.cidademarketing.com.br\/marketing\/#organization"},"alternateName":"CidadeMarketing","potentialAction":[{"@type":"SearchAction","target":{"@type":"EntryPoint","urlTemplate":"https:\/\/www.cidademarketing.com.br\/marketing\/?s={search_term_string}"},"query-input":{"@type":"PropertyValueSpecification","valueRequired":true,"valueName":"search_term_string"}}],"inLanguage":"pt-BR"},{"@type":"Organization","@id":"https:\/\/www.cidademarketing.com.br\/marketing\/#organization","name":"CidadeMarketing","alternateName":"CidadeMarketing","url":"https:\/\/www.cidademarketing.com.br\/marketing\/","logo":{"@type":"ImageObject","inLanguage":"pt-BR","@id":"https:\/\/www.cidademarketing.com.br\/marketing\/#\/schema\/logo\/image\/","url":"https:\/\/www.cidademarketing.com.br\/marketing\/wp-content\/uploads\/2020\/01\/cidademarketing_marca_mobile.png","contentUrl":"https:\/\/www.cidademarketing.com.br\/marketing\/wp-content\/uploads\/2020\/01\/cidademarketing_marca_mobile.png","width":230,"height":92,"caption":"CidadeMarketing"},"image":{"@id":"https:\/\/www.cidademarketing.com.br\/marketing\/#\/schema\/logo\/image\/"},"sameAs":["https:\/\/www.facebook.com\/portalcidademarketing","https:\/\/x.com\/CidadeMarketing","https:\/\/www.instagram.com\/cidademarketing\/"]},{"@type":"Person","@id":"https:\/\/www.cidademarketing.com.br\/marketing\/#\/schema\/person\/02daff9f18bd9378c9e01eb6b2db155f","name":"Thales Brand\u00e3o","image":{"@type":"ImageObject","inLanguage":"pt-BR","@id":"https:\/\/secure.gravatar.com\/avatar\/7ca3206950207cc3cb48feec56a8a7898741ab725c368d99d5d7a5a50aab80c6?s=96&d=mm&r=g","url":"https:\/\/secure.gravatar.com\/avatar\/7ca3206950207cc3cb48feec56a8a7898741ab725c368d99d5d7a5a50aab80c6?s=96&d=mm&r=g","contentUrl":"https:\/\/secure.gravatar.com\/avatar\/7ca3206950207cc3cb48feec56a8a7898741ab725c368d99d5d7a5a50aab80c6?s=96&d=mm&r=g","caption":"Thales Brand\u00e3o"},"description":"Editor Executivo do Portal CidadeMarketing.com.br &gt; Mestre em Comunica\u00e7\u00e3o e Sociedade pela Universidade Federal de Sergipe. Possui MBA Executivo em Administra\u00e7\u00e3o com \u00eanfase em Marketing pela Funda\u00e7\u00e3o Get\u00falio Vargas - Rio de Janeiro. Consultor, Palestrante e Pesquisador sobre Empreendedorismo, Marketing, Redes Sociais e Neg\u00f3cios Digitais. Professor, Palestrante TedxTalks e Campus Party. Twitter: @ThalesBrandao","sameAs":["http:\/\/www.mandacaru.com.br","https:\/\/www.facebook.com\/thalesbrandao","http:\/\/www.instagram.com.br\/thalesbrandaoferreira","https:\/\/www.linkedin.com\/in\/thales-brand\u00e3o-3948609\/","https:\/\/x.com\/http:\/\/www.twitter.com\/thalesbrandao"],"url":"https:\/\/www.cidademarketing.com.br\/marketing\/author\/thalesbrandao\/"}]}},"amp_enabled":true,"_links":{"self":[{"href":"https:\/\/www.cidademarketing.com.br\/marketing\/wp-json\/wp\/v2\/posts\/19514","targetHints":{"allow":["GET"]}}],"collection":[{"href":"https:\/\/www.cidademarketing.com.br\/marketing\/wp-json\/wp\/v2\/posts"}],"about":[{"href":"https:\/\/www.cidademarketing.com.br\/marketing\/wp-json\/wp\/v2\/types\/post"}],"author":[{"embeddable":true,"href":"https:\/\/www.cidademarketing.com.br\/marketing\/wp-json\/wp\/v2\/users\/1"}],"replies":[{"embeddable":true,"href":"https:\/\/www.cidademarketing.com.br\/marketing\/wp-json\/wp\/v2\/comments?post=19514"}],"version-history":[{"count":1,"href":"https:\/\/www.cidademarketing.com.br\/marketing\/wp-json\/wp\/v2\/posts\/19514\/revisions"}],"predecessor-version":[{"id":19515,"href":"https:\/\/www.cidademarketing.com.br\/marketing\/wp-json\/wp\/v2\/posts\/19514\/revisions\/19515"}],"wp:featuredmedia":[{"embeddable":true,"href":"https:\/\/www.cidademarketing.com.br\/marketing\/wp-json\/wp\/v2\/media\/1760"}],"wp:attachment":[{"href":"https:\/\/www.cidademarketing.com.br\/marketing\/wp-json\/wp\/v2\/media?parent=19514"}],"wp:term":[{"taxonomy":"category","embeddable":true,"href":"https:\/\/www.cidademarketing.com.br\/marketing\/wp-json\/wp\/v2\/categories?post=19514"},{"taxonomy":"post_tag","embeddable":true,"href":"https:\/\/www.cidademarketing.com.br\/marketing\/wp-json\/wp\/v2\/tags?post=19514"}],"curies":[{"name":"wp","href":"https:\/\/api.w.org\/{rel}","templated":true}]}}