{"id":19503,"date":"2020-09-25T15:10:55","date_gmt":"2020-09-25T18:10:55","guid":{"rendered":"https:\/\/www.cidademarketing.com.br\/marketing\/?p=19503"},"modified":"2020-09-25T15:11:01","modified_gmt":"2020-09-25T18:11:01","slug":"gol-anuncia-nova-executiva-de-ti","status":"publish","type":"post","link":"https:\/\/www.cidademarketing.com.br\/marketing\/2020\/09\/25\/gol-anuncia-nova-executiva-de-ti\/","title":{"rendered":"GOL anuncia nova executiva de TI"},"content":{"rendered":"\n<p>A GOL Linhas A\u00e9reas, maior Companhia dom\u00e9stica do Pa\u00eds, com 36 milh\u00f5es de Clientes transportados ao ano e quase duas d\u00e9cadas de hist\u00f3ria, d\u00e1 as boas-vindas a Cl\u00e1udia Meira, que assumiu no dia 22 de setembro de 2020 o cargo de diretora de TI da Companhia.<\/p>\n\n\n\n<p>Nome respeitado no mercado, com uma trajet\u00f3ria que soma 25 anos de viv\u00eancia em sua \u00e1rea de atua\u00e7\u00e3o, Cl\u00e1udia Meira \u00e9 uma entusiasta em fazer da tecnologia uma agregadora de valor ao neg\u00f3cio, aumentando a percep\u00e7\u00e3o de marca dos consumidores. Nos \u00faltimos anos, ela voltou seu foco para estrat\u00e9gia digital e gest\u00e3o de projetos, equipe e relacionamento com o cliente.<\/p>\n\n\n\n<p>P\u00f3s-graduada em Gest\u00e3o de Projetos pela Universidade de S\u00e3o Paulo (USP) e em Engenharia de Software pela Unicamp, a nova executiva da GOL trabalhou anteriormente em empresas como Unibanco e Avon Cosm\u00e9ticos &#8211; nesta, permaneceu nos \u00faltimos 15 anos, onde tamb\u00e9m exerceu o cargo de diretora de TI. Cl\u00e1udia foi laureada com o pr\u00eamio Executiva de Tecnologia do Ano de 2020 no ramo de empresas de Bens de Consumo n\u00e3o Dur\u00e1veis, promovido pela IT M\u00eddia.<\/p>\n\n\n\n<p>Cl\u00e1udia Meira vem substituir o executivo Paulo Palaia, ap\u00f3s mais de 9 anos de valiosa contribui\u00e7\u00e3o \u00e0 empresa. CIO da GOL, Palaia liderou o departamento diante dos desafios impostos pelo avan\u00e7o tecnol\u00f3gico, ajudando a empresa a aprimorar sistemas e servi\u00e7os que permitem a melhor experi\u00eancia de viagem aos nossos Clientes e facilitam as atividades do dia a dia da organiza\u00e7\u00e3o.<\/p>\n\n\n\n<p>Sob a lideran\u00e7a de Palaia, a GOL implementou servi\u00e7os importantes, como o recurso de geolocaliza\u00e7\u00e3o, o Selfie Check-in, Embarque Biom\u00e9trico, DCS Amadeus, Rob\u00f4 F\u00edsico de Atendimento (GAL), Check-in por Whatsapp, dentre outras inova\u00e7\u00f5es pioneiras no mercado. Al\u00e9m disso, em sua gest\u00e3o, a GOL lan\u00e7ou em 2018 o GOL Labs, laborat\u00f3rio de inova\u00e7\u00e3o que conta com um time multidisciplinar para desenvolvimento e entrega r\u00e1pida de novas solu\u00e7\u00f5es, marco importante para a nossa Companhia. Foi um ciclo desafiador e repleto de conquistas, encerrado pelo CIO com um resultado extremamente positivo para o setor de tecnologia. Palaia, que teve participa\u00e7\u00e3o direta no processo seletivo que escolheu sua sucessora, deixa a rotina executiva para se dedicar, por um per\u00edodo de 12 meses, ainda na GOL, \u00e0 tarefa de advisor na \u00e1rea de tecnologia.<br><\/p>\n","protected":false},"excerpt":{"rendered":"<p>A GOL Linhas A\u00e9reas, maior Companhia dom\u00e9stica do Pa\u00eds, com 36 milh\u00f5es de Clientes transportados ao ano e quase duas d\u00e9cadas de hist\u00f3ria, d\u00e1 as boas-vindas a Cl\u00e1udia Meira, que assumiu no dia 22 de setembro de 2020 o cargo de diretora de TI da Companhia. Nome respeitado no mercado, com uma trajet\u00f3ria que soma [&hellip;]<\/p>\n","protected":false},"author":1,"featured_media":11589,"comment_status":"open","ping_status":"open","sticky":false,"template":"","format":"standard","meta":{"tdm_status":"","tdm_grid_status":"","footnotes":""},"categories":[6],"tags":[251,475,28,2974],"class_list":["post-19503","post","type-post","status-publish","format-standard","has-post-thumbnail","hentry","category-noticias","tag-carreira","tag-gol","tag-marketing","tag-ti"],"yoast_head":"<!-- This site is optimized with the Yoast SEO plugin v27.4 - https:\/\/yoast.com\/product\/yoast-seo-wordpress\/ -->\n<title>GOL anuncia nova executiva de TI - CidadeMarketing<\/title>\n<meta name=\"robots\" content=\"index, follow, max-snippet:-1, max-image-preview:large, max-video-preview:-1\" \/>\n<link rel=\"canonical\" href=\"https:\/\/www.cidademarketing.com.br\/marketing\/2020\/09\/25\/gol-anuncia-nova-executiva-de-ti\/\" \/>\n<meta property=\"og:locale\" content=\"pt_BR\" \/>\n<meta property=\"og:type\" content=\"article\" \/>\n<meta property=\"og:title\" content=\"GOL anuncia nova executiva de TI - CidadeMarketing\" \/>\n<meta property=\"og:description\" content=\"A GOL Linhas A\u00e9reas, maior Companhia dom\u00e9stica do Pa\u00eds, com 36 milh\u00f5es de Clientes transportados ao ano e quase duas d\u00e9cadas de hist\u00f3ria, d\u00e1 as boas-vindas a Cl\u00e1udia Meira, que assumiu no dia 22 de setembro de 2020 o cargo de diretora de TI da Companhia. Nome respeitado no mercado, com uma trajet\u00f3ria que soma [&hellip;]\" \/>\n<meta property=\"og:url\" content=\"https:\/\/www.cidademarketing.com.br\/marketing\/2020\/09\/25\/gol-anuncia-nova-executiva-de-ti\/\" \/>\n<meta property=\"og:site_name\" content=\"CidadeMarketing\" \/>\n<meta property=\"article:publisher\" content=\"https:\/\/www.facebook.com\/portalcidademarketing\" \/>\n<meta property=\"article:author\" content=\"https:\/\/www.facebook.com\/thalesbrandao\" \/>\n<meta property=\"article:published_time\" content=\"2020-09-25T18:10:55+00:00\" \/>\n<meta property=\"article:modified_time\" content=\"2020-09-25T18:11:01+00:00\" \/>\n<meta property=\"og:image\" content=\"https:\/\/www.cidademarketing.com.br\/marketing\/wp-content\/uploads\/2019\/09\/gol_semanadobrasil.jpg\" \/>\n\t<meta property=\"og:image:width\" content=\"3000\" \/>\n\t<meta property=\"og:image:height\" content=\"2144\" \/>\n\t<meta property=\"og:image:type\" content=\"image\/jpeg\" \/>\n<meta name=\"author\" content=\"Thales Brand\u00e3o\" \/>\n<meta name=\"twitter:card\" content=\"summary_large_image\" \/>\n<meta name=\"twitter:creator\" content=\"@http:\/\/www.twitter.com\/thalesbrandao\" \/>\n<meta name=\"twitter:site\" content=\"@CidadeMarketing\" \/>\n<meta name=\"twitter:label1\" content=\"Escrito por\" \/>\n\t<meta name=\"twitter:data1\" content=\"Thales Brand\u00e3o\" \/>\n\t<meta name=\"twitter:label2\" content=\"Est. tempo de leitura\" \/>\n\t<meta name=\"twitter:data2\" content=\"2 minutos\" \/>\n<script type=\"application\/ld+json\" class=\"yoast-schema-graph\">{\"@context\":\"https:\\\/\\\/schema.org\",\"@graph\":[{\"@type\":\"Article\",\"@id\":\"https:\\\/\\\/www.cidademarketing.com.br\\\/marketing\\\/2020\\\/09\\\/25\\\/gol-anuncia-nova-executiva-de-ti\\\/#article\",\"isPartOf\":{\"@id\":\"https:\\\/\\\/www.cidademarketing.com.br\\\/marketing\\\/2020\\\/09\\\/25\\\/gol-anuncia-nova-executiva-de-ti\\\/\"},\"author\":{\"name\":\"Thales Brand\u00e3o\",\"@id\":\"https:\\\/\\\/www.cidademarketing.com.br\\\/marketing\\\/#\\\/schema\\\/person\\\/02daff9f18bd9378c9e01eb6b2db155f\"},\"headline\":\"GOL anuncia nova executiva de TI\",\"datePublished\":\"2020-09-25T18:10:55+00:00\",\"dateModified\":\"2020-09-25T18:11:01+00:00\",\"mainEntityOfPage\":{\"@id\":\"https:\\\/\\\/www.cidademarketing.com.br\\\/marketing\\\/2020\\\/09\\\/25\\\/gol-anuncia-nova-executiva-de-ti\\\/\"},\"wordCount\":412,\"commentCount\":0,\"publisher\":{\"@id\":\"https:\\\/\\\/www.cidademarketing.com.br\\\/marketing\\\/#organization\"},\"image\":{\"@id\":\"https:\\\/\\\/www.cidademarketing.com.br\\\/marketing\\\/2020\\\/09\\\/25\\\/gol-anuncia-nova-executiva-de-ti\\\/#primaryimage\"},\"thumbnailUrl\":\"https:\\\/\\\/www.cidademarketing.com.br\\\/marketing\\\/wp-content\\\/uploads\\\/2019\\\/09\\\/gol_semanadobrasil.jpg\",\"keywords\":[\"carreira\",\"Gol\",\"marketing\",\"TI\"],\"articleSection\":[\"Not\u00edcias\"],\"inLanguage\":\"pt-BR\",\"potentialAction\":[{\"@type\":\"CommentAction\",\"name\":\"Comment\",\"target\":[\"https:\\\/\\\/www.cidademarketing.com.br\\\/marketing\\\/2020\\\/09\\\/25\\\/gol-anuncia-nova-executiva-de-ti\\\/#respond\"]}]},{\"@type\":\"WebPage\",\"@id\":\"https:\\\/\\\/www.cidademarketing.com.br\\\/marketing\\\/2020\\\/09\\\/25\\\/gol-anuncia-nova-executiva-de-ti\\\/\",\"url\":\"https:\\\/\\\/www.cidademarketing.com.br\\\/marketing\\\/2020\\\/09\\\/25\\\/gol-anuncia-nova-executiva-de-ti\\\/\",\"name\":\"GOL anuncia nova executiva de TI - CidadeMarketing\",\"isPartOf\":{\"@id\":\"https:\\\/\\\/www.cidademarketing.com.br\\\/marketing\\\/#website\"},\"primaryImageOfPage\":{\"@id\":\"https:\\\/\\\/www.cidademarketing.com.br\\\/marketing\\\/2020\\\/09\\\/25\\\/gol-anuncia-nova-executiva-de-ti\\\/#primaryimage\"},\"image\":{\"@id\":\"https:\\\/\\\/www.cidademarketing.com.br\\\/marketing\\\/2020\\\/09\\\/25\\\/gol-anuncia-nova-executiva-de-ti\\\/#primaryimage\"},\"thumbnailUrl\":\"https:\\\/\\\/www.cidademarketing.com.br\\\/marketing\\\/wp-content\\\/uploads\\\/2019\\\/09\\\/gol_semanadobrasil.jpg\",\"datePublished\":\"2020-09-25T18:10:55+00:00\",\"dateModified\":\"2020-09-25T18:11:01+00:00\",\"breadcrumb\":{\"@id\":\"https:\\\/\\\/www.cidademarketing.com.br\\\/marketing\\\/2020\\\/09\\\/25\\\/gol-anuncia-nova-executiva-de-ti\\\/#breadcrumb\"},\"inLanguage\":\"pt-BR\",\"potentialAction\":[{\"@type\":\"ReadAction\",\"target\":[\"https:\\\/\\\/www.cidademarketing.com.br\\\/marketing\\\/2020\\\/09\\\/25\\\/gol-anuncia-nova-executiva-de-ti\\\/\"]}]},{\"@type\":\"ImageObject\",\"inLanguage\":\"pt-BR\",\"@id\":\"https:\\\/\\\/www.cidademarketing.com.br\\\/marketing\\\/2020\\\/09\\\/25\\\/gol-anuncia-nova-executiva-de-ti\\\/#primaryimage\",\"url\":\"https:\\\/\\\/www.cidademarketing.com.br\\\/marketing\\\/wp-content\\\/uploads\\\/2019\\\/09\\\/gol_semanadobrasil.jpg\",\"contentUrl\":\"https:\\\/\\\/www.cidademarketing.com.br\\\/marketing\\\/wp-content\\\/uploads\\\/2019\\\/09\\\/gol_semanadobrasil.jpg\",\"width\":3000,\"height\":2144,\"caption\":\"Divulga\u00e7\u00e3o\"},{\"@type\":\"BreadcrumbList\",\"@id\":\"https:\\\/\\\/www.cidademarketing.com.br\\\/marketing\\\/2020\\\/09\\\/25\\\/gol-anuncia-nova-executiva-de-ti\\\/#breadcrumb\",\"itemListElement\":[{\"@type\":\"ListItem\",\"position\":1,\"name\":\"In\u00edcio\",\"item\":\"https:\\\/\\\/www.cidademarketing.com.br\\\/marketing\\\/\"},{\"@type\":\"ListItem\",\"position\":2,\"name\":\"GOL anuncia nova executiva de TI\"}]},{\"@type\":\"WebSite\",\"@id\":\"https:\\\/\\\/www.cidademarketing.com.br\\\/marketing\\\/#website\",\"url\":\"https:\\\/\\\/www.cidademarketing.com.br\\\/marketing\\\/\",\"name\":\"CidadeMarketing\",\"description\":\"Somos um ve\u00edculo de comunica\u00e7\u00e3o de destaque no Brasil, reconhecido por conte\u00fados nos segmentos de marketing, empreendedorismo e inova\u00e7\u00e3o.\",\"publisher\":{\"@id\":\"https:\\\/\\\/www.cidademarketing.com.br\\\/marketing\\\/#organization\"},\"alternateName\":\"CidadeMarketing\",\"potentialAction\":[{\"@type\":\"SearchAction\",\"target\":{\"@type\":\"EntryPoint\",\"urlTemplate\":\"https:\\\/\\\/www.cidademarketing.com.br\\\/marketing\\\/?s={search_term_string}\"},\"query-input\":{\"@type\":\"PropertyValueSpecification\",\"valueRequired\":true,\"valueName\":\"search_term_string\"}}],\"inLanguage\":\"pt-BR\"},{\"@type\":\"Organization\",\"@id\":\"https:\\\/\\\/www.cidademarketing.com.br\\\/marketing\\\/#organization\",\"name\":\"CidadeMarketing\",\"alternateName\":\"CidadeMarketing\",\"url\":\"https:\\\/\\\/www.cidademarketing.com.br\\\/marketing\\\/\",\"logo\":{\"@type\":\"ImageObject\",\"inLanguage\":\"pt-BR\",\"@id\":\"https:\\\/\\\/www.cidademarketing.com.br\\\/marketing\\\/#\\\/schema\\\/logo\\\/image\\\/\",\"url\":\"https:\\\/\\\/www.cidademarketing.com.br\\\/marketing\\\/wp-content\\\/uploads\\\/2020\\\/01\\\/cidademarketing_marca_mobile.png\",\"contentUrl\":\"https:\\\/\\\/www.cidademarketing.com.br\\\/marketing\\\/wp-content\\\/uploads\\\/2020\\\/01\\\/cidademarketing_marca_mobile.png\",\"width\":230,\"height\":92,\"caption\":\"CidadeMarketing\"},\"image\":{\"@id\":\"https:\\\/\\\/www.cidademarketing.com.br\\\/marketing\\\/#\\\/schema\\\/logo\\\/image\\\/\"},\"sameAs\":[\"https:\\\/\\\/www.facebook.com\\\/portalcidademarketing\",\"https:\\\/\\\/x.com\\\/CidadeMarketing\",\"https:\\\/\\\/www.instagram.com\\\/cidademarketing\\\/\"]},{\"@type\":\"Person\",\"@id\":\"https:\\\/\\\/www.cidademarketing.com.br\\\/marketing\\\/#\\\/schema\\\/person\\\/02daff9f18bd9378c9e01eb6b2db155f\",\"name\":\"Thales Brand\u00e3o\",\"image\":{\"@type\":\"ImageObject\",\"inLanguage\":\"pt-BR\",\"@id\":\"https:\\\/\\\/secure.gravatar.com\\\/avatar\\\/7ca3206950207cc3cb48feec56a8a7898741ab725c368d99d5d7a5a50aab80c6?s=96&d=mm&r=g\",\"url\":\"https:\\\/\\\/secure.gravatar.com\\\/avatar\\\/7ca3206950207cc3cb48feec56a8a7898741ab725c368d99d5d7a5a50aab80c6?s=96&d=mm&r=g\",\"contentUrl\":\"https:\\\/\\\/secure.gravatar.com\\\/avatar\\\/7ca3206950207cc3cb48feec56a8a7898741ab725c368d99d5d7a5a50aab80c6?s=96&d=mm&r=g\",\"caption\":\"Thales Brand\u00e3o\"},\"description\":\"Editor Executivo do Portal CidadeMarketing.com.br &gt; Mestre em Comunica\u00e7\u00e3o e Sociedade pela Universidade Federal de Sergipe. Possui MBA Executivo em Administra\u00e7\u00e3o com \u00eanfase em Marketing pela Funda\u00e7\u00e3o Get\u00falio Vargas - Rio de Janeiro. Consultor, Palestrante e Pesquisador sobre Empreendedorismo, Marketing, Redes Sociais e Neg\u00f3cios Digitais. Professor, Palestrante TedxTalks e Campus Party. Twitter: @ThalesBrandao\",\"sameAs\":[\"http:\\\/\\\/www.mandacaru.com.br\",\"https:\\\/\\\/www.facebook.com\\\/thalesbrandao\",\"http:\\\/\\\/www.instagram.com.br\\\/thalesbrandaoferreira\",\"https:\\\/\\\/www.linkedin.com\\\/in\\\/thales-brand\u00e3o-3948609\\\/\",\"https:\\\/\\\/x.com\\\/http:\\\/\\\/www.twitter.com\\\/thalesbrandao\"],\"url\":\"https:\\\/\\\/www.cidademarketing.com.br\\\/marketing\\\/author\\\/thalesbrandao\\\/\"}]}<\/script>\n<!-- \/ Yoast SEO plugin. -->","yoast_head_json":{"title":"GOL anuncia nova executiva de TI - CidadeMarketing","robots":{"index":"index","follow":"follow","max-snippet":"max-snippet:-1","max-image-preview":"max-image-preview:large","max-video-preview":"max-video-preview:-1"},"canonical":"https:\/\/www.cidademarketing.com.br\/marketing\/2020\/09\/25\/gol-anuncia-nova-executiva-de-ti\/","og_locale":"pt_BR","og_type":"article","og_title":"GOL anuncia nova executiva de TI - CidadeMarketing","og_description":"A GOL Linhas A\u00e9reas, maior Companhia dom\u00e9stica do Pa\u00eds, com 36 milh\u00f5es de Clientes transportados ao ano e quase duas d\u00e9cadas de hist\u00f3ria, d\u00e1 as boas-vindas a Cl\u00e1udia Meira, que assumiu no dia 22 de setembro de 2020 o cargo de diretora de TI da Companhia. Nome respeitado no mercado, com uma trajet\u00f3ria que soma [&hellip;]","og_url":"https:\/\/www.cidademarketing.com.br\/marketing\/2020\/09\/25\/gol-anuncia-nova-executiva-de-ti\/","og_site_name":"CidadeMarketing","article_publisher":"https:\/\/www.facebook.com\/portalcidademarketing","article_author":"https:\/\/www.facebook.com\/thalesbrandao","article_published_time":"2020-09-25T18:10:55+00:00","article_modified_time":"2020-09-25T18:11:01+00:00","og_image":[{"width":3000,"height":2144,"url":"https:\/\/www.cidademarketing.com.br\/marketing\/wp-content\/uploads\/2019\/09\/gol_semanadobrasil.jpg","type":"image\/jpeg"}],"author":"Thales Brand\u00e3o","twitter_card":"summary_large_image","twitter_creator":"@http:\/\/www.twitter.com\/thalesbrandao","twitter_site":"@CidadeMarketing","twitter_misc":{"Escrito por":"Thales Brand\u00e3o","Est. tempo de leitura":"2 minutos"},"schema":{"@context":"https:\/\/schema.org","@graph":[{"@type":"Article","@id":"https:\/\/www.cidademarketing.com.br\/marketing\/2020\/09\/25\/gol-anuncia-nova-executiva-de-ti\/#article","isPartOf":{"@id":"https:\/\/www.cidademarketing.com.br\/marketing\/2020\/09\/25\/gol-anuncia-nova-executiva-de-ti\/"},"author":{"name":"Thales Brand\u00e3o","@id":"https:\/\/www.cidademarketing.com.br\/marketing\/#\/schema\/person\/02daff9f18bd9378c9e01eb6b2db155f"},"headline":"GOL anuncia nova executiva de TI","datePublished":"2020-09-25T18:10:55+00:00","dateModified":"2020-09-25T18:11:01+00:00","mainEntityOfPage":{"@id":"https:\/\/www.cidademarketing.com.br\/marketing\/2020\/09\/25\/gol-anuncia-nova-executiva-de-ti\/"},"wordCount":412,"commentCount":0,"publisher":{"@id":"https:\/\/www.cidademarketing.com.br\/marketing\/#organization"},"image":{"@id":"https:\/\/www.cidademarketing.com.br\/marketing\/2020\/09\/25\/gol-anuncia-nova-executiva-de-ti\/#primaryimage"},"thumbnailUrl":"https:\/\/www.cidademarketing.com.br\/marketing\/wp-content\/uploads\/2019\/09\/gol_semanadobrasil.jpg","keywords":["carreira","Gol","marketing","TI"],"articleSection":["Not\u00edcias"],"inLanguage":"pt-BR","potentialAction":[{"@type":"CommentAction","name":"Comment","target":["https:\/\/www.cidademarketing.com.br\/marketing\/2020\/09\/25\/gol-anuncia-nova-executiva-de-ti\/#respond"]}]},{"@type":"WebPage","@id":"https:\/\/www.cidademarketing.com.br\/marketing\/2020\/09\/25\/gol-anuncia-nova-executiva-de-ti\/","url":"https:\/\/www.cidademarketing.com.br\/marketing\/2020\/09\/25\/gol-anuncia-nova-executiva-de-ti\/","name":"GOL anuncia nova executiva de TI - CidadeMarketing","isPartOf":{"@id":"https:\/\/www.cidademarketing.com.br\/marketing\/#website"},"primaryImageOfPage":{"@id":"https:\/\/www.cidademarketing.com.br\/marketing\/2020\/09\/25\/gol-anuncia-nova-executiva-de-ti\/#primaryimage"},"image":{"@id":"https:\/\/www.cidademarketing.com.br\/marketing\/2020\/09\/25\/gol-anuncia-nova-executiva-de-ti\/#primaryimage"},"thumbnailUrl":"https:\/\/www.cidademarketing.com.br\/marketing\/wp-content\/uploads\/2019\/09\/gol_semanadobrasil.jpg","datePublished":"2020-09-25T18:10:55+00:00","dateModified":"2020-09-25T18:11:01+00:00","breadcrumb":{"@id":"https:\/\/www.cidademarketing.com.br\/marketing\/2020\/09\/25\/gol-anuncia-nova-executiva-de-ti\/#breadcrumb"},"inLanguage":"pt-BR","potentialAction":[{"@type":"ReadAction","target":["https:\/\/www.cidademarketing.com.br\/marketing\/2020\/09\/25\/gol-anuncia-nova-executiva-de-ti\/"]}]},{"@type":"ImageObject","inLanguage":"pt-BR","@id":"https:\/\/www.cidademarketing.com.br\/marketing\/2020\/09\/25\/gol-anuncia-nova-executiva-de-ti\/#primaryimage","url":"https:\/\/www.cidademarketing.com.br\/marketing\/wp-content\/uploads\/2019\/09\/gol_semanadobrasil.jpg","contentUrl":"https:\/\/www.cidademarketing.com.br\/marketing\/wp-content\/uploads\/2019\/09\/gol_semanadobrasil.jpg","width":3000,"height":2144,"caption":"Divulga\u00e7\u00e3o"},{"@type":"BreadcrumbList","@id":"https:\/\/www.cidademarketing.com.br\/marketing\/2020\/09\/25\/gol-anuncia-nova-executiva-de-ti\/#breadcrumb","itemListElement":[{"@type":"ListItem","position":1,"name":"In\u00edcio","item":"https:\/\/www.cidademarketing.com.br\/marketing\/"},{"@type":"ListItem","position":2,"name":"GOL anuncia nova executiva de TI"}]},{"@type":"WebSite","@id":"https:\/\/www.cidademarketing.com.br\/marketing\/#website","url":"https:\/\/www.cidademarketing.com.br\/marketing\/","name":"CidadeMarketing","description":"Somos um ve\u00edculo de comunica\u00e7\u00e3o de destaque no Brasil, reconhecido por conte\u00fados nos segmentos de marketing, empreendedorismo e inova\u00e7\u00e3o.","publisher":{"@id":"https:\/\/www.cidademarketing.com.br\/marketing\/#organization"},"alternateName":"CidadeMarketing","potentialAction":[{"@type":"SearchAction","target":{"@type":"EntryPoint","urlTemplate":"https:\/\/www.cidademarketing.com.br\/marketing\/?s={search_term_string}"},"query-input":{"@type":"PropertyValueSpecification","valueRequired":true,"valueName":"search_term_string"}}],"inLanguage":"pt-BR"},{"@type":"Organization","@id":"https:\/\/www.cidademarketing.com.br\/marketing\/#organization","name":"CidadeMarketing","alternateName":"CidadeMarketing","url":"https:\/\/www.cidademarketing.com.br\/marketing\/","logo":{"@type":"ImageObject","inLanguage":"pt-BR","@id":"https:\/\/www.cidademarketing.com.br\/marketing\/#\/schema\/logo\/image\/","url":"https:\/\/www.cidademarketing.com.br\/marketing\/wp-content\/uploads\/2020\/01\/cidademarketing_marca_mobile.png","contentUrl":"https:\/\/www.cidademarketing.com.br\/marketing\/wp-content\/uploads\/2020\/01\/cidademarketing_marca_mobile.png","width":230,"height":92,"caption":"CidadeMarketing"},"image":{"@id":"https:\/\/www.cidademarketing.com.br\/marketing\/#\/schema\/logo\/image\/"},"sameAs":["https:\/\/www.facebook.com\/portalcidademarketing","https:\/\/x.com\/CidadeMarketing","https:\/\/www.instagram.com\/cidademarketing\/"]},{"@type":"Person","@id":"https:\/\/www.cidademarketing.com.br\/marketing\/#\/schema\/person\/02daff9f18bd9378c9e01eb6b2db155f","name":"Thales Brand\u00e3o","image":{"@type":"ImageObject","inLanguage":"pt-BR","@id":"https:\/\/secure.gravatar.com\/avatar\/7ca3206950207cc3cb48feec56a8a7898741ab725c368d99d5d7a5a50aab80c6?s=96&d=mm&r=g","url":"https:\/\/secure.gravatar.com\/avatar\/7ca3206950207cc3cb48feec56a8a7898741ab725c368d99d5d7a5a50aab80c6?s=96&d=mm&r=g","contentUrl":"https:\/\/secure.gravatar.com\/avatar\/7ca3206950207cc3cb48feec56a8a7898741ab725c368d99d5d7a5a50aab80c6?s=96&d=mm&r=g","caption":"Thales Brand\u00e3o"},"description":"Editor Executivo do Portal CidadeMarketing.com.br &gt; Mestre em Comunica\u00e7\u00e3o e Sociedade pela Universidade Federal de Sergipe. Possui MBA Executivo em Administra\u00e7\u00e3o com \u00eanfase em Marketing pela Funda\u00e7\u00e3o Get\u00falio Vargas - Rio de Janeiro. Consultor, Palestrante e Pesquisador sobre Empreendedorismo, Marketing, Redes Sociais e Neg\u00f3cios Digitais. Professor, Palestrante TedxTalks e Campus Party. Twitter: @ThalesBrandao","sameAs":["http:\/\/www.mandacaru.com.br","https:\/\/www.facebook.com\/thalesbrandao","http:\/\/www.instagram.com.br\/thalesbrandaoferreira","https:\/\/www.linkedin.com\/in\/thales-brand\u00e3o-3948609\/","https:\/\/x.com\/http:\/\/www.twitter.com\/thalesbrandao"],"url":"https:\/\/www.cidademarketing.com.br\/marketing\/author\/thalesbrandao\/"}]}},"amp_enabled":true,"_links":{"self":[{"href":"https:\/\/www.cidademarketing.com.br\/marketing\/wp-json\/wp\/v2\/posts\/19503","targetHints":{"allow":["GET"]}}],"collection":[{"href":"https:\/\/www.cidademarketing.com.br\/marketing\/wp-json\/wp\/v2\/posts"}],"about":[{"href":"https:\/\/www.cidademarketing.com.br\/marketing\/wp-json\/wp\/v2\/types\/post"}],"author":[{"embeddable":true,"href":"https:\/\/www.cidademarketing.com.br\/marketing\/wp-json\/wp\/v2\/users\/1"}],"replies":[{"embeddable":true,"href":"https:\/\/www.cidademarketing.com.br\/marketing\/wp-json\/wp\/v2\/comments?post=19503"}],"version-history":[{"count":1,"href":"https:\/\/www.cidademarketing.com.br\/marketing\/wp-json\/wp\/v2\/posts\/19503\/revisions"}],"predecessor-version":[{"id":19504,"href":"https:\/\/www.cidademarketing.com.br\/marketing\/wp-json\/wp\/v2\/posts\/19503\/revisions\/19504"}],"wp:featuredmedia":[{"embeddable":true,"href":"https:\/\/www.cidademarketing.com.br\/marketing\/wp-json\/wp\/v2\/media\/11589"}],"wp:attachment":[{"href":"https:\/\/www.cidademarketing.com.br\/marketing\/wp-json\/wp\/v2\/media?parent=19503"}],"wp:term":[{"taxonomy":"category","embeddable":true,"href":"https:\/\/www.cidademarketing.com.br\/marketing\/wp-json\/wp\/v2\/categories?post=19503"},{"taxonomy":"post_tag","embeddable":true,"href":"https:\/\/www.cidademarketing.com.br\/marketing\/wp-json\/wp\/v2\/tags?post=19503"}],"curies":[{"name":"wp","href":"https:\/\/api.w.org\/{rel}","templated":true}]}}