{"id":19418,"date":"2020-09-23T11:50:39","date_gmt":"2020-09-23T14:50:39","guid":{"rendered":"https:\/\/www.cidademarketing.com.br\/marketing\/?p=19418"},"modified":"2020-09-23T11:50:44","modified_gmt":"2020-09-23T14:50:44","slug":"jbs-anuncia-o-programa-juntos-pela-amazonia","status":"publish","type":"post","link":"https:\/\/www.cidademarketing.com.br\/marketing\/2020\/09\/23\/jbs-anuncia-o-programa-juntos-pela-amazonia\/","title":{"rendered":"JBS anuncia o programa \u201cJuntos pela Amaz\u00f4nia\u201d"},"content":{"rendered":"\n<p>A JBS, segunda maior ind\u00fastria de alimentos do mundo, tem como prop\u00f3sito produzir de forma cada dia mais sustent\u00e1vel. H\u00e1 uma d\u00e9cada, a Companhia monitora por imagens de sat\u00e9lites uma \u00e1rea superior ao territ\u00f3rio da Alemanha, garantindo que hoje 100% de seus fornecedores diretos de bovinos estejam em conformidade com suas pol\u00edticas de compra respons\u00e1vel. Ou seja: desmatamento zero. Mas entende que pode ir al\u00e9m. \u00a0<\/p>\n\n\n\n<figure class=\"wp-block-embed-youtube wp-block-embed is-type-video is-provider-youtube wp-embed-aspect-16-9 wp-has-aspect-ratio\"><div class=\"wp-block-embed__wrapper\">\nhttps:\/\/www.youtube.com\/watch?v=zL_sT7Dkq_E&#038;feature=emb_title\n<\/div><\/figure>\n\n\n\n<p>E \u00e9 por este motivo que nesta data a JBS apresenta o programa <strong>Juntos Pela Amaz\u00f4nia<\/strong>.&nbsp;<\/p>\n\n\n\n<p>O&nbsp;<strong>Juntos Pela Amaz\u00f4nia<\/strong> \u00e9 um conjunto de iniciativas com vis\u00e3o de longo prazo que visam aumentar a conserva\u00e7\u00e3o e o desenvolvimento do bioma, engajando o setor e propondo a\u00e7\u00f5es para al\u00e9m da cadeia de valor da Companhia. &nbsp;<\/p>\n\n\n\n<p>O programa integra a prioridade Mudan\u00e7as Clim\u00e1ticas, do plano de metas globais de sustentabilidade da Companhia, apresentado em 2019. Os pilares fundamentais do Juntos Pela Amaz\u00f4nia s\u00e3o: (i) desenvolvimento da cadeia de valor; (ii) conserva\u00e7\u00e3o e recupera\u00e7\u00e3o de florestas; (iii) apoio \u00e0s comunidades; e (iv) desenvolvimento cient\u00edfico e tecnol\u00f3gico.&nbsp;<\/p>\n\n\n\n<p>O primeiro pilar \u00e9 composto por tr\u00eas principais iniciativas. A primeira delas \u00e9 a <strong>Plataforma Verde JBS, uma plataforma <em>blockchain<\/em> que vai permitir que a Companhia inclua em sua base de monitoramento os fornecedores de seus fornecedores de bovinos at\u00e9 2025.&nbsp;<\/strong><\/p>\n\n\n\n<p>A segunda iniciativa \u00e9 o compartilhamento da tecnologia de monitoramento de fornecedores da empresa e da pol\u00edtica de compra respons\u00e1vel com sua cadeia de valor, o que inclui toda a ind\u00fastria de alimentos, desde pecuaristas, agricultores a institui\u00e7\u00f5es financeiras e do agroneg\u00f3cio. A terceira iniciativa ser\u00e1 o apoio ambiental, agropecu\u00e1rio e jur\u00eddico aos fornecedores.&nbsp; &nbsp;<\/p>\n\n\n\n<p>Os outros tr\u00eas pilares ser\u00e3o alcan\u00e7ados por meio da atua\u00e7\u00e3o do Fundo JBS Pela Amaz\u00f4nia para financiar a\u00e7\u00f5es e projetos para o desenvolvimento sustent\u00e1vel no bioma. A Companhia vai aportar R$ 250 milh\u00f5es, nos primeiros cinco anos, podendo chegar a R$ 500 milh\u00f5es at\u00e9 2030. &nbsp;<\/p>\n\n\n\n<p>\u201cEstamos reafirmando publicamente o nosso compromisso com a sustentabilidade da Amaz\u00f4nia. Esperamos promover um avan\u00e7o em escala n\u00e3o apenas em dire\u00e7\u00e3o ao combate ao desmatamento, mas tamb\u00e9m \u00e0 promo\u00e7\u00e3o da bioeconomia, agricultura sustent\u00e1vel e desenvolvimento social\u201d, afirma Gilberto Tomazoni, CEO Global da JBS.<br><\/p>\n\n\n\n<p><strong>Desenvolvimento da cadeia de valor&nbsp;<\/strong><\/p>\n\n\n\n<p>Atualmente, a Pol\u00edtica de Compra Respons\u00e1vel de Mat\u00e9ria-Prima da JBS j\u00e1 monitora diariamente 100% dos fornecedores de bovinos da Companhia segundo crit\u00e9rios r\u00edgidos de sustentabilidade, com toler\u00e2ncia zero para o desmatamento, invas\u00e3o de \u00e1reas protegidas como terras ind\u00edgenas ou unidades de conserva\u00e7\u00e3o ambiental, trabalho an\u00e1logo \u00e0 escravid\u00e3o, ou uso de \u00e1reas embargadas pelo Ibama. Essa an\u00e1lise \u00e9 feita online e diariamente, e abrange mais de 50 mil fazendas fornecedoras.&nbsp;<\/p>\n\n\n\n<p>\u201cAo longo da <a href=\"https:\/\/jbs.com.br\/juntospelaamazonia\/#linha-do-tempo\" target=\"_blank\" rel=\"noreferrer noopener\">\u00faltima d\u00e9cada<\/a> fizemos investimentos significativos para viabilizar o que hoje \u00e9 um dos maiores sistemas privados de monitoramento de fornecedores do mundo. Tamb\u00e9m nos engajamos em iniciativas setoriais \u2013 junto a organiza\u00e7\u00f5es n\u00e3o governamentais e Minist\u00e9rio P\u00fablico Federal \u2013 em estados da Amaz\u00f4nia Legal e programas educativos de melhoramento de manejo da terra junto aos nossos fornecedores\u201d, afirma Wesley Batista Filho, presidente da JBS Am\u00e9rica do Sul e da Seara. \u00a0<\/p>\n\n\n\n<p><strong>A Plataforma Verde JBS<\/strong> \u00e9 uma iniciativa in\u00e9dita que vai cruzar informa\u00e7\u00f5es dos fornecedores da Companhia com dados de tr\u00e2nsito de animais. A nova tecnologia permitir\u00e1 estender aos demais elos da cadeia produtiva o monitoramento socioambiental que j\u00e1 \u00e9 feito nos fornecedores da empresa na Amaz\u00f4nia. A iniciativa usar\u00e1 tecnologia <em>blockchain<\/em> justamente para dar confidencialidade e seguran\u00e7a no acesso \u00e0s informa\u00e7\u00f5es e transpar\u00eancia nas an\u00e1lises dos fornecedores. O trabalho ser\u00e1 auditado e seus resultados reportados no relat\u00f3rio anual e de sustentabilidade.&nbsp;<\/p>\n\n\n\n<p>A Companhia far\u00e1 campanhas de engajamento com fornecedores e entidades para que at\u00e9 o final de 2025, os fornecedores de seus fornecedores estejam na Plataforma Verde JBS. \u201cEstamos muito confiantes na participa\u00e7\u00e3o de todo o setor. Acreditamos que com o engajamento de todos conseguiremos provocar mudan\u00e7as significativas em busca de uma produ\u00e7\u00e3o cada vez mais sustent\u00e1vel\u201d, afirma Renato Costa, presidente da Friboi.&nbsp;<\/p>\n\n\n\n<p>Adicionalmente a Companhia tamb\u00e9m <strong>vai disponibilizar assessoramento jur\u00eddico, ambiental e agropecu\u00e1rio<\/strong> para auxiliar produtores na melhoria do manejo de suas propriedades. A JBS vai ampliar suas a\u00e7\u00f5es educativas em sustentabilidade para sua cadeia de fornecimento agropecu\u00e1rio e aumentar os investimentos no desenvolvimento de plataformas digitais para regulariza\u00e7\u00e3o ambiental, como j\u00e1 faz nos estados de Mato Grosso e Par\u00e1.&nbsp;<\/p>\n\n\n\n<p>Como parte do Programa Juntos Pela Amaz\u00f4nia, a Companhia tamb\u00e9m anuncia hoje o <strong>compartilhamento de sua tecnologia de monitoramento de fornecedores <\/strong>com pecuaristas, institui\u00e7\u00f5es financeiras e outras empresas que desejarem adotar crit\u00e9rios socioambientais na rela\u00e7\u00e3o com suas cadeias de valor. &nbsp;<\/p>\n\n\n\n<p>O monitoramento feito pela JBS na Amaz\u00f4nia j\u00e1 permitiu o bloqueio comercial de fornecedores em situa\u00e7\u00e3o de n\u00e3o conformidade com as pol\u00edticas de compra da empresa. Agora, a Companhia anuncia sua disposi\u00e7\u00e3o de compartilhar essa tecnologia de monitoramento com institui\u00e7\u00f5es financeiras e outras empresas que quiserem aplic\u00e1-lo.&nbsp;<\/p>\n\n\n\n<p><strong>Fundo JBS pela Amaz\u00f4nia&nbsp;<\/strong><\/p>\n\n\n\n<p>A empresa anuncia tamb\u00e9m a constitui\u00e7\u00e3o do Fundo JBS pela Amaz\u00f4nia, dedicado a financiar iniciativas e projetos para ampliar a conserva\u00e7\u00e3o da floresta e o desenvolvimento sustent\u00e1vel das comunidades que nela vivem, com aporte de R$ 250 milh\u00f5es nos primeiros cinco anos.&nbsp;<\/p>\n\n\n\n<p>A JBS convidar\u00e1 seus <em>stakeholders<\/em> a contribu\u00edrem para o Fundo, e se compromete a igualar sua contribui\u00e7\u00e3o \u00e0s doa\u00e7\u00f5es de terceiros na mesma propor\u00e7\u00e3o. A meta \u00e9 levar os recursos do fundo a um total de R$ 1 bilh\u00e3o at\u00e9 2030.&nbsp;<\/p>\n\n\n\n<p>Ser\u00e3o apoiados projetos em tr\u00eas frentes: conserva\u00e7\u00e3o e restaura\u00e7\u00e3o da floresta; desenvolvimento socioecon\u00f4mico das comunidades e desenvolvimento cient\u00edfico e tecnol\u00f3gico.&nbsp;<\/p>\n\n\n\n<p>O Fundo ser\u00e1 presidido por Joanita Maestri Karoleski, ex-CEO da Seara, com o apoio de um Conselho de Administra\u00e7\u00e3o, um Conselho Fiscal, um Conselho Consultivo e um Comit\u00ea T\u00e9cnico (veja nomes abaixo). O Comit\u00ea T\u00e9cnico e o Conselho Consultivo auxiliar\u00e3o na escolha de projetos que receber\u00e3o aportes do Fundo, que ser\u00e1 auditado pela KPMG. Todo o processo ser\u00e1 reportado e os resultados publicados no site.&nbsp;<\/p>\n\n\n\n<p>\u201cConter o desmatamento ilegal \u00e9 um desafio central para a defesa da Amaz\u00f4nia. Esse problema s\u00f3 ser\u00e1 combatido efetivamente por um olhar voltado \u00e0 qualidade de vida e \u00e0 gera\u00e7\u00e3o de renda para a popula\u00e7\u00e3o da regi\u00e3o, ind\u00edgenas, ribeirinhos e quilombolas, por exemplo\u201d, afirma&nbsp;Joanita Maestri Karoleski, presidente do Fundo. \u201cAcreditamos em uma Amaz\u00f4nia sustent\u00e1vel, pois sabemos que preserva\u00e7\u00e3o ambiental e desenvolvimento socioecon\u00f4mico s\u00e3o indissoci\u00e1veis\u201d, ressalta&nbsp;a&nbsp;executiva.&nbsp;<\/p>\n","protected":false},"excerpt":{"rendered":"<p>A JBS, segunda maior ind\u00fastria de alimentos do mundo, tem como prop\u00f3sito produzir de forma cada dia mais sustent\u00e1vel. H\u00e1 uma d\u00e9cada, a Companhia monitora por imagens de sat\u00e9lites uma \u00e1rea superior ao territ\u00f3rio da Alemanha, garantindo que hoje 100% de seus fornecedores diretos de bovinos estejam em conformidade com suas pol\u00edticas de compra respons\u00e1vel. [&hellip;]<\/p>\n","protected":false},"author":1,"featured_media":19419,"comment_status":"open","ping_status":"open","sticky":false,"template":"","format":"standard","meta":{"tdm_status":"","tdm_grid_status":"","footnotes":""},"categories":[6],"tags":[33,657,28,176],"class_list":["post-19418","post","type-post","status-publish","format-standard","has-post-thumbnail","hentry","category-noticias","tag-estrategia","tag-jbs","tag-marketing","tag-sustentabilidade"],"yoast_head":"<!-- This site is optimized with the Yoast SEO plugin v27.5 - https:\/\/yoast.com\/product\/yoast-seo-wordpress\/ -->\n<title>JBS anuncia o programa \u201cJuntos pela Amaz\u00f4nia\u201d - CidadeMarketing<\/title>\n<meta name=\"robots\" content=\"index, follow, max-snippet:-1, max-image-preview:large, max-video-preview:-1\" \/>\n<link rel=\"canonical\" href=\"https:\/\/www.cidademarketing.com.br\/marketing\/2020\/09\/23\/jbs-anuncia-o-programa-juntos-pela-amazonia\/\" \/>\n<meta property=\"og:locale\" content=\"pt_BR\" \/>\n<meta property=\"og:type\" content=\"article\" \/>\n<meta property=\"og:title\" content=\"JBS anuncia o programa \u201cJuntos pela Amaz\u00f4nia\u201d - CidadeMarketing\" \/>\n<meta property=\"og:description\" content=\"A JBS, segunda maior ind\u00fastria de alimentos do mundo, tem como prop\u00f3sito produzir de forma cada dia mais sustent\u00e1vel. H\u00e1 uma d\u00e9cada, a Companhia monitora por imagens de sat\u00e9lites uma \u00e1rea superior ao territ\u00f3rio da Alemanha, garantindo que hoje 100% de seus fornecedores diretos de bovinos estejam em conformidade com suas pol\u00edticas de compra respons\u00e1vel. [&hellip;]\" \/>\n<meta property=\"og:url\" content=\"https:\/\/www.cidademarketing.com.br\/marketing\/2020\/09\/23\/jbs-anuncia-o-programa-juntos-pela-amazonia\/\" \/>\n<meta property=\"og:site_name\" content=\"CidadeMarketing\" \/>\n<meta property=\"article:publisher\" content=\"https:\/\/www.facebook.com\/portalcidademarketing\" \/>\n<meta property=\"article:author\" content=\"https:\/\/www.facebook.com\/thalesbrandao\" \/>\n<meta property=\"article:published_time\" content=\"2020-09-23T14:50:39+00:00\" \/>\n<meta property=\"article:modified_time\" content=\"2020-09-23T14:50:44+00:00\" \/>\n<meta property=\"og:image\" content=\"https:\/\/www.cidademarketing.com.br\/marketing\/wp-content\/uploads\/2020\/09\/jbs_amazonia.jpg\" \/>\n\t<meta property=\"og:image:width\" content=\"1180\" \/>\n\t<meta property=\"og:image:height\" content=\"612\" \/>\n\t<meta property=\"og:image:type\" content=\"image\/jpeg\" \/>\n<meta name=\"author\" content=\"Thales Brand\u00e3o\" \/>\n<meta name=\"twitter:card\" content=\"summary_large_image\" \/>\n<meta name=\"twitter:creator\" content=\"@http:\/\/www.twitter.com\/thalesbrandao\" \/>\n<meta name=\"twitter:site\" content=\"@CidadeMarketing\" \/>\n<meta name=\"twitter:label1\" content=\"Escrito por\" \/>\n\t<meta name=\"twitter:data1\" content=\"Thales Brand\u00e3o\" \/>\n\t<meta name=\"twitter:label2\" content=\"Est. tempo de leitura\" \/>\n\t<meta name=\"twitter:data2\" content=\"6 minutos\" \/>\n<script type=\"application\/ld+json\" class=\"yoast-schema-graph\">{\"@context\":\"https:\\\/\\\/schema.org\",\"@graph\":[{\"@type\":\"Article\",\"@id\":\"https:\\\/\\\/www.cidademarketing.com.br\\\/marketing\\\/2020\\\/09\\\/23\\\/jbs-anuncia-o-programa-juntos-pela-amazonia\\\/#article\",\"isPartOf\":{\"@id\":\"https:\\\/\\\/www.cidademarketing.com.br\\\/marketing\\\/2020\\\/09\\\/23\\\/jbs-anuncia-o-programa-juntos-pela-amazonia\\\/\"},\"author\":{\"name\":\"Thales Brand\u00e3o\",\"@id\":\"https:\\\/\\\/www.cidademarketing.com.br\\\/marketing\\\/#\\\/schema\\\/person\\\/02daff9f18bd9378c9e01eb6b2db155f\"},\"headline\":\"JBS anuncia o programa \u201cJuntos pela Amaz\u00f4nia\u201d\",\"datePublished\":\"2020-09-23T14:50:39+00:00\",\"dateModified\":\"2020-09-23T14:50:44+00:00\",\"mainEntityOfPage\":{\"@id\":\"https:\\\/\\\/www.cidademarketing.com.br\\\/marketing\\\/2020\\\/09\\\/23\\\/jbs-anuncia-o-programa-juntos-pela-amazonia\\\/\"},\"wordCount\":1176,\"commentCount\":0,\"publisher\":{\"@id\":\"https:\\\/\\\/www.cidademarketing.com.br\\\/marketing\\\/#organization\"},\"image\":{\"@id\":\"https:\\\/\\\/www.cidademarketing.com.br\\\/marketing\\\/2020\\\/09\\\/23\\\/jbs-anuncia-o-programa-juntos-pela-amazonia\\\/#primaryimage\"},\"thumbnailUrl\":\"https:\\\/\\\/www.cidademarketing.com.br\\\/marketing\\\/wp-content\\\/uploads\\\/2020\\\/09\\\/jbs_amazonia.jpg\",\"keywords\":[\"estrat\u00e9gia\",\"JBS\",\"marketing\",\"sustentabilidade\"],\"articleSection\":[\"Not\u00edcias\"],\"inLanguage\":\"pt-BR\",\"potentialAction\":[{\"@type\":\"CommentAction\",\"name\":\"Comment\",\"target\":[\"https:\\\/\\\/www.cidademarketing.com.br\\\/marketing\\\/2020\\\/09\\\/23\\\/jbs-anuncia-o-programa-juntos-pela-amazonia\\\/#respond\"]}]},{\"@type\":\"WebPage\",\"@id\":\"https:\\\/\\\/www.cidademarketing.com.br\\\/marketing\\\/2020\\\/09\\\/23\\\/jbs-anuncia-o-programa-juntos-pela-amazonia\\\/\",\"url\":\"https:\\\/\\\/www.cidademarketing.com.br\\\/marketing\\\/2020\\\/09\\\/23\\\/jbs-anuncia-o-programa-juntos-pela-amazonia\\\/\",\"name\":\"JBS anuncia o programa \u201cJuntos pela Amaz\u00f4nia\u201d - CidadeMarketing\",\"isPartOf\":{\"@id\":\"https:\\\/\\\/www.cidademarketing.com.br\\\/marketing\\\/#website\"},\"primaryImageOfPage\":{\"@id\":\"https:\\\/\\\/www.cidademarketing.com.br\\\/marketing\\\/2020\\\/09\\\/23\\\/jbs-anuncia-o-programa-juntos-pela-amazonia\\\/#primaryimage\"},\"image\":{\"@id\":\"https:\\\/\\\/www.cidademarketing.com.br\\\/marketing\\\/2020\\\/09\\\/23\\\/jbs-anuncia-o-programa-juntos-pela-amazonia\\\/#primaryimage\"},\"thumbnailUrl\":\"https:\\\/\\\/www.cidademarketing.com.br\\\/marketing\\\/wp-content\\\/uploads\\\/2020\\\/09\\\/jbs_amazonia.jpg\",\"datePublished\":\"2020-09-23T14:50:39+00:00\",\"dateModified\":\"2020-09-23T14:50:44+00:00\",\"breadcrumb\":{\"@id\":\"https:\\\/\\\/www.cidademarketing.com.br\\\/marketing\\\/2020\\\/09\\\/23\\\/jbs-anuncia-o-programa-juntos-pela-amazonia\\\/#breadcrumb\"},\"inLanguage\":\"pt-BR\",\"potentialAction\":[{\"@type\":\"ReadAction\",\"target\":[\"https:\\\/\\\/www.cidademarketing.com.br\\\/marketing\\\/2020\\\/09\\\/23\\\/jbs-anuncia-o-programa-juntos-pela-amazonia\\\/\"]}]},{\"@type\":\"ImageObject\",\"inLanguage\":\"pt-BR\",\"@id\":\"https:\\\/\\\/www.cidademarketing.com.br\\\/marketing\\\/2020\\\/09\\\/23\\\/jbs-anuncia-o-programa-juntos-pela-amazonia\\\/#primaryimage\",\"url\":\"https:\\\/\\\/www.cidademarketing.com.br\\\/marketing\\\/wp-content\\\/uploads\\\/2020\\\/09\\\/jbs_amazonia.jpg\",\"contentUrl\":\"https:\\\/\\\/www.cidademarketing.com.br\\\/marketing\\\/wp-content\\\/uploads\\\/2020\\\/09\\\/jbs_amazonia.jpg\",\"width\":1180,\"height\":612,\"caption\":\"Reprodu\u00e7\u00e3o\"},{\"@type\":\"BreadcrumbList\",\"@id\":\"https:\\\/\\\/www.cidademarketing.com.br\\\/marketing\\\/2020\\\/09\\\/23\\\/jbs-anuncia-o-programa-juntos-pela-amazonia\\\/#breadcrumb\",\"itemListElement\":[{\"@type\":\"ListItem\",\"position\":1,\"name\":\"In\u00edcio\",\"item\":\"https:\\\/\\\/www.cidademarketing.com.br\\\/marketing\\\/\"},{\"@type\":\"ListItem\",\"position\":2,\"name\":\"JBS anuncia o programa \u201cJuntos pela Amaz\u00f4nia\u201d\"}]},{\"@type\":\"WebSite\",\"@id\":\"https:\\\/\\\/www.cidademarketing.com.br\\\/marketing\\\/#website\",\"url\":\"https:\\\/\\\/www.cidademarketing.com.br\\\/marketing\\\/\",\"name\":\"CidadeMarketing\",\"description\":\"Somos um ve\u00edculo de comunica\u00e7\u00e3o de destaque no Brasil, reconhecido por conte\u00fados nos segmentos de marketing, empreendedorismo e inova\u00e7\u00e3o.\",\"publisher\":{\"@id\":\"https:\\\/\\\/www.cidademarketing.com.br\\\/marketing\\\/#organization\"},\"alternateName\":\"CidadeMarketing\",\"potentialAction\":[{\"@type\":\"SearchAction\",\"target\":{\"@type\":\"EntryPoint\",\"urlTemplate\":\"https:\\\/\\\/www.cidademarketing.com.br\\\/marketing\\\/?s={search_term_string}\"},\"query-input\":{\"@type\":\"PropertyValueSpecification\",\"valueRequired\":true,\"valueName\":\"search_term_string\"}}],\"inLanguage\":\"pt-BR\"},{\"@type\":\"Organization\",\"@id\":\"https:\\\/\\\/www.cidademarketing.com.br\\\/marketing\\\/#organization\",\"name\":\"CidadeMarketing\",\"alternateName\":\"CidadeMarketing\",\"url\":\"https:\\\/\\\/www.cidademarketing.com.br\\\/marketing\\\/\",\"logo\":{\"@type\":\"ImageObject\",\"inLanguage\":\"pt-BR\",\"@id\":\"https:\\\/\\\/www.cidademarketing.com.br\\\/marketing\\\/#\\\/schema\\\/logo\\\/image\\\/\",\"url\":\"https:\\\/\\\/www.cidademarketing.com.br\\\/marketing\\\/wp-content\\\/uploads\\\/2020\\\/01\\\/cidademarketing_marca_mobile.png\",\"contentUrl\":\"https:\\\/\\\/www.cidademarketing.com.br\\\/marketing\\\/wp-content\\\/uploads\\\/2020\\\/01\\\/cidademarketing_marca_mobile.png\",\"width\":230,\"height\":92,\"caption\":\"CidadeMarketing\"},\"image\":{\"@id\":\"https:\\\/\\\/www.cidademarketing.com.br\\\/marketing\\\/#\\\/schema\\\/logo\\\/image\\\/\"},\"sameAs\":[\"https:\\\/\\\/www.facebook.com\\\/portalcidademarketing\",\"https:\\\/\\\/x.com\\\/CidadeMarketing\",\"https:\\\/\\\/www.instagram.com\\\/cidademarketing\\\/\"]},{\"@type\":\"Person\",\"@id\":\"https:\\\/\\\/www.cidademarketing.com.br\\\/marketing\\\/#\\\/schema\\\/person\\\/02daff9f18bd9378c9e01eb6b2db155f\",\"name\":\"Thales Brand\u00e3o\",\"image\":{\"@type\":\"ImageObject\",\"inLanguage\":\"pt-BR\",\"@id\":\"https:\\\/\\\/secure.gravatar.com\\\/avatar\\\/7ca3206950207cc3cb48feec56a8a7898741ab725c368d99d5d7a5a50aab80c6?s=96&d=mm&r=g\",\"url\":\"https:\\\/\\\/secure.gravatar.com\\\/avatar\\\/7ca3206950207cc3cb48feec56a8a7898741ab725c368d99d5d7a5a50aab80c6?s=96&d=mm&r=g\",\"contentUrl\":\"https:\\\/\\\/secure.gravatar.com\\\/avatar\\\/7ca3206950207cc3cb48feec56a8a7898741ab725c368d99d5d7a5a50aab80c6?s=96&d=mm&r=g\",\"caption\":\"Thales Brand\u00e3o\"},\"description\":\"Editor Executivo do Portal CidadeMarketing.com.br &gt; Mestre em Comunica\u00e7\u00e3o e Sociedade pela Universidade Federal de Sergipe. Possui MBA Executivo em Administra\u00e7\u00e3o com \u00eanfase em Marketing pela Funda\u00e7\u00e3o Get\u00falio Vargas - Rio de Janeiro. Consultor, Palestrante e Pesquisador sobre Empreendedorismo, Marketing, Redes Sociais e Neg\u00f3cios Digitais. Professor, Palestrante TedxTalks e Campus Party. Twitter: @ThalesBrandao\",\"sameAs\":[\"http:\\\/\\\/www.mandacaru.com.br\",\"https:\\\/\\\/www.facebook.com\\\/thalesbrandao\",\"http:\\\/\\\/www.instagram.com.br\\\/thalesbrandaoferreira\",\"https:\\\/\\\/www.linkedin.com\\\/in\\\/thales-brand\u00e3o-3948609\\\/\",\"https:\\\/\\\/x.com\\\/http:\\\/\\\/www.twitter.com\\\/thalesbrandao\"],\"url\":\"https:\\\/\\\/www.cidademarketing.com.br\\\/marketing\\\/author\\\/thalesbrandao\\\/\"}]}<\/script>\n<!-- \/ Yoast SEO plugin. -->","yoast_head_json":{"title":"JBS anuncia o programa \u201cJuntos pela Amaz\u00f4nia\u201d - CidadeMarketing","robots":{"index":"index","follow":"follow","max-snippet":"max-snippet:-1","max-image-preview":"max-image-preview:large","max-video-preview":"max-video-preview:-1"},"canonical":"https:\/\/www.cidademarketing.com.br\/marketing\/2020\/09\/23\/jbs-anuncia-o-programa-juntos-pela-amazonia\/","og_locale":"pt_BR","og_type":"article","og_title":"JBS anuncia o programa \u201cJuntos pela Amaz\u00f4nia\u201d - CidadeMarketing","og_description":"A JBS, segunda maior ind\u00fastria de alimentos do mundo, tem como prop\u00f3sito produzir de forma cada dia mais sustent\u00e1vel. H\u00e1 uma d\u00e9cada, a Companhia monitora por imagens de sat\u00e9lites uma \u00e1rea superior ao territ\u00f3rio da Alemanha, garantindo que hoje 100% de seus fornecedores diretos de bovinos estejam em conformidade com suas pol\u00edticas de compra respons\u00e1vel. [&hellip;]","og_url":"https:\/\/www.cidademarketing.com.br\/marketing\/2020\/09\/23\/jbs-anuncia-o-programa-juntos-pela-amazonia\/","og_site_name":"CidadeMarketing","article_publisher":"https:\/\/www.facebook.com\/portalcidademarketing","article_author":"https:\/\/www.facebook.com\/thalesbrandao","article_published_time":"2020-09-23T14:50:39+00:00","article_modified_time":"2020-09-23T14:50:44+00:00","og_image":[{"width":1180,"height":612,"url":"https:\/\/www.cidademarketing.com.br\/marketing\/wp-content\/uploads\/2020\/09\/jbs_amazonia.jpg","type":"image\/jpeg"}],"author":"Thales Brand\u00e3o","twitter_card":"summary_large_image","twitter_creator":"@http:\/\/www.twitter.com\/thalesbrandao","twitter_site":"@CidadeMarketing","twitter_misc":{"Escrito por":"Thales Brand\u00e3o","Est. tempo de leitura":"6 minutos"},"schema":{"@context":"https:\/\/schema.org","@graph":[{"@type":"Article","@id":"https:\/\/www.cidademarketing.com.br\/marketing\/2020\/09\/23\/jbs-anuncia-o-programa-juntos-pela-amazonia\/#article","isPartOf":{"@id":"https:\/\/www.cidademarketing.com.br\/marketing\/2020\/09\/23\/jbs-anuncia-o-programa-juntos-pela-amazonia\/"},"author":{"name":"Thales Brand\u00e3o","@id":"https:\/\/www.cidademarketing.com.br\/marketing\/#\/schema\/person\/02daff9f18bd9378c9e01eb6b2db155f"},"headline":"JBS anuncia o programa \u201cJuntos pela Amaz\u00f4nia\u201d","datePublished":"2020-09-23T14:50:39+00:00","dateModified":"2020-09-23T14:50:44+00:00","mainEntityOfPage":{"@id":"https:\/\/www.cidademarketing.com.br\/marketing\/2020\/09\/23\/jbs-anuncia-o-programa-juntos-pela-amazonia\/"},"wordCount":1176,"commentCount":0,"publisher":{"@id":"https:\/\/www.cidademarketing.com.br\/marketing\/#organization"},"image":{"@id":"https:\/\/www.cidademarketing.com.br\/marketing\/2020\/09\/23\/jbs-anuncia-o-programa-juntos-pela-amazonia\/#primaryimage"},"thumbnailUrl":"https:\/\/www.cidademarketing.com.br\/marketing\/wp-content\/uploads\/2020\/09\/jbs_amazonia.jpg","keywords":["estrat\u00e9gia","JBS","marketing","sustentabilidade"],"articleSection":["Not\u00edcias"],"inLanguage":"pt-BR","potentialAction":[{"@type":"CommentAction","name":"Comment","target":["https:\/\/www.cidademarketing.com.br\/marketing\/2020\/09\/23\/jbs-anuncia-o-programa-juntos-pela-amazonia\/#respond"]}]},{"@type":"WebPage","@id":"https:\/\/www.cidademarketing.com.br\/marketing\/2020\/09\/23\/jbs-anuncia-o-programa-juntos-pela-amazonia\/","url":"https:\/\/www.cidademarketing.com.br\/marketing\/2020\/09\/23\/jbs-anuncia-o-programa-juntos-pela-amazonia\/","name":"JBS anuncia o programa \u201cJuntos pela Amaz\u00f4nia\u201d - CidadeMarketing","isPartOf":{"@id":"https:\/\/www.cidademarketing.com.br\/marketing\/#website"},"primaryImageOfPage":{"@id":"https:\/\/www.cidademarketing.com.br\/marketing\/2020\/09\/23\/jbs-anuncia-o-programa-juntos-pela-amazonia\/#primaryimage"},"image":{"@id":"https:\/\/www.cidademarketing.com.br\/marketing\/2020\/09\/23\/jbs-anuncia-o-programa-juntos-pela-amazonia\/#primaryimage"},"thumbnailUrl":"https:\/\/www.cidademarketing.com.br\/marketing\/wp-content\/uploads\/2020\/09\/jbs_amazonia.jpg","datePublished":"2020-09-23T14:50:39+00:00","dateModified":"2020-09-23T14:50:44+00:00","breadcrumb":{"@id":"https:\/\/www.cidademarketing.com.br\/marketing\/2020\/09\/23\/jbs-anuncia-o-programa-juntos-pela-amazonia\/#breadcrumb"},"inLanguage":"pt-BR","potentialAction":[{"@type":"ReadAction","target":["https:\/\/www.cidademarketing.com.br\/marketing\/2020\/09\/23\/jbs-anuncia-o-programa-juntos-pela-amazonia\/"]}]},{"@type":"ImageObject","inLanguage":"pt-BR","@id":"https:\/\/www.cidademarketing.com.br\/marketing\/2020\/09\/23\/jbs-anuncia-o-programa-juntos-pela-amazonia\/#primaryimage","url":"https:\/\/www.cidademarketing.com.br\/marketing\/wp-content\/uploads\/2020\/09\/jbs_amazonia.jpg","contentUrl":"https:\/\/www.cidademarketing.com.br\/marketing\/wp-content\/uploads\/2020\/09\/jbs_amazonia.jpg","width":1180,"height":612,"caption":"Reprodu\u00e7\u00e3o"},{"@type":"BreadcrumbList","@id":"https:\/\/www.cidademarketing.com.br\/marketing\/2020\/09\/23\/jbs-anuncia-o-programa-juntos-pela-amazonia\/#breadcrumb","itemListElement":[{"@type":"ListItem","position":1,"name":"In\u00edcio","item":"https:\/\/www.cidademarketing.com.br\/marketing\/"},{"@type":"ListItem","position":2,"name":"JBS anuncia o programa \u201cJuntos pela Amaz\u00f4nia\u201d"}]},{"@type":"WebSite","@id":"https:\/\/www.cidademarketing.com.br\/marketing\/#website","url":"https:\/\/www.cidademarketing.com.br\/marketing\/","name":"CidadeMarketing","description":"Somos um ve\u00edculo de comunica\u00e7\u00e3o de destaque no Brasil, reconhecido por conte\u00fados nos segmentos de marketing, empreendedorismo e inova\u00e7\u00e3o.","publisher":{"@id":"https:\/\/www.cidademarketing.com.br\/marketing\/#organization"},"alternateName":"CidadeMarketing","potentialAction":[{"@type":"SearchAction","target":{"@type":"EntryPoint","urlTemplate":"https:\/\/www.cidademarketing.com.br\/marketing\/?s={search_term_string}"},"query-input":{"@type":"PropertyValueSpecification","valueRequired":true,"valueName":"search_term_string"}}],"inLanguage":"pt-BR"},{"@type":"Organization","@id":"https:\/\/www.cidademarketing.com.br\/marketing\/#organization","name":"CidadeMarketing","alternateName":"CidadeMarketing","url":"https:\/\/www.cidademarketing.com.br\/marketing\/","logo":{"@type":"ImageObject","inLanguage":"pt-BR","@id":"https:\/\/www.cidademarketing.com.br\/marketing\/#\/schema\/logo\/image\/","url":"https:\/\/www.cidademarketing.com.br\/marketing\/wp-content\/uploads\/2020\/01\/cidademarketing_marca_mobile.png","contentUrl":"https:\/\/www.cidademarketing.com.br\/marketing\/wp-content\/uploads\/2020\/01\/cidademarketing_marca_mobile.png","width":230,"height":92,"caption":"CidadeMarketing"},"image":{"@id":"https:\/\/www.cidademarketing.com.br\/marketing\/#\/schema\/logo\/image\/"},"sameAs":["https:\/\/www.facebook.com\/portalcidademarketing","https:\/\/x.com\/CidadeMarketing","https:\/\/www.instagram.com\/cidademarketing\/"]},{"@type":"Person","@id":"https:\/\/www.cidademarketing.com.br\/marketing\/#\/schema\/person\/02daff9f18bd9378c9e01eb6b2db155f","name":"Thales Brand\u00e3o","image":{"@type":"ImageObject","inLanguage":"pt-BR","@id":"https:\/\/secure.gravatar.com\/avatar\/7ca3206950207cc3cb48feec56a8a7898741ab725c368d99d5d7a5a50aab80c6?s=96&d=mm&r=g","url":"https:\/\/secure.gravatar.com\/avatar\/7ca3206950207cc3cb48feec56a8a7898741ab725c368d99d5d7a5a50aab80c6?s=96&d=mm&r=g","contentUrl":"https:\/\/secure.gravatar.com\/avatar\/7ca3206950207cc3cb48feec56a8a7898741ab725c368d99d5d7a5a50aab80c6?s=96&d=mm&r=g","caption":"Thales Brand\u00e3o"},"description":"Editor Executivo do Portal CidadeMarketing.com.br &gt; Mestre em Comunica\u00e7\u00e3o e Sociedade pela Universidade Federal de Sergipe. Possui MBA Executivo em Administra\u00e7\u00e3o com \u00eanfase em Marketing pela Funda\u00e7\u00e3o Get\u00falio Vargas - Rio de Janeiro. Consultor, Palestrante e Pesquisador sobre Empreendedorismo, Marketing, Redes Sociais e Neg\u00f3cios Digitais. Professor, Palestrante TedxTalks e Campus Party. Twitter: @ThalesBrandao","sameAs":["http:\/\/www.mandacaru.com.br","https:\/\/www.facebook.com\/thalesbrandao","http:\/\/www.instagram.com.br\/thalesbrandaoferreira","https:\/\/www.linkedin.com\/in\/thales-brand\u00e3o-3948609\/","https:\/\/x.com\/http:\/\/www.twitter.com\/thalesbrandao"],"url":"https:\/\/www.cidademarketing.com.br\/marketing\/author\/thalesbrandao\/"}]}},"amp_enabled":true,"_links":{"self":[{"href":"https:\/\/www.cidademarketing.com.br\/marketing\/wp-json\/wp\/v2\/posts\/19418","targetHints":{"allow":["GET"]}}],"collection":[{"href":"https:\/\/www.cidademarketing.com.br\/marketing\/wp-json\/wp\/v2\/posts"}],"about":[{"href":"https:\/\/www.cidademarketing.com.br\/marketing\/wp-json\/wp\/v2\/types\/post"}],"author":[{"embeddable":true,"href":"https:\/\/www.cidademarketing.com.br\/marketing\/wp-json\/wp\/v2\/users\/1"}],"replies":[{"embeddable":true,"href":"https:\/\/www.cidademarketing.com.br\/marketing\/wp-json\/wp\/v2\/comments?post=19418"}],"version-history":[{"count":1,"href":"https:\/\/www.cidademarketing.com.br\/marketing\/wp-json\/wp\/v2\/posts\/19418\/revisions"}],"predecessor-version":[{"id":19420,"href":"https:\/\/www.cidademarketing.com.br\/marketing\/wp-json\/wp\/v2\/posts\/19418\/revisions\/19420"}],"wp:featuredmedia":[{"embeddable":true,"href":"https:\/\/www.cidademarketing.com.br\/marketing\/wp-json\/wp\/v2\/media\/19419"}],"wp:attachment":[{"href":"https:\/\/www.cidademarketing.com.br\/marketing\/wp-json\/wp\/v2\/media?parent=19418"}],"wp:term":[{"taxonomy":"category","embeddable":true,"href":"https:\/\/www.cidademarketing.com.br\/marketing\/wp-json\/wp\/v2\/categories?post=19418"},{"taxonomy":"post_tag","embeddable":true,"href":"https:\/\/www.cidademarketing.com.br\/marketing\/wp-json\/wp\/v2\/tags?post=19418"}],"curies":[{"name":"wp","href":"https:\/\/api.w.org\/{rel}","templated":true}]}}