{"id":19324,"date":"2020-09-21T11:43:34","date_gmt":"2020-09-21T14:43:34","guid":{"rendered":"https:\/\/www.cidademarketing.com.br\/marketing\/?p=19324"},"modified":"2020-09-21T11:43:38","modified_gmt":"2020-09-21T14:43:38","slug":"magazine-luiza-abre-inscricoes-para-programa-de-trainee-exclusivo-para-pessoas-negras","status":"publish","type":"post","link":"https:\/\/www.cidademarketing.com.br\/marketing\/2020\/09\/21\/magazine-luiza-abre-inscricoes-para-programa-de-trainee-exclusivo-para-pessoas-negras\/","title":{"rendered":"Magazine Luiza abre inscri\u00e7\u00f5es para programa de trainee exclusivo para pessoas negras"},"content":{"rendered":"\n<p>O Magalu (SA:MGLU3), uma das melhores empresas para trabalhar no Brasil, de acordo com o Great Place to Work Institute, abre inscri\u00e7\u00f5es, nesta sexta-feira, para seu programa de trainee 2021. A edi\u00e7\u00e3o deste ano tem um formato in\u00e9dito: aceitar\u00e1<br>apenas candidatos negros. O objetivo do Magalu com o programa \u00e9 trazer mais diversidade racial para os cargos de lideran\u00e7a da companhia, recrutando universit\u00e1rios e rec\u00e9m-formados de todo Brasil, no in\u00edcio da vida profissional.<br>Ser\u00e3o aceitos candidatos formados entre dezembro de 2017 e dezembro de 2020, em qualquer curso superior. O conhecimento em l\u00edngua inglesa e experi\u00eancia profissional anterior n\u00e3o fazem parte dos pr\u00e9-requisitos para a sele\u00e7\u00e3o. Candidatos de todo o Brasil podem participar, desde que tenham disponibilidade para se mudar para S\u00e3o Paulo. Caso o<br>selecionado seja de fora da cidade, receber\u00e1 um aux\u00edlio mudan\u00e7a.<br>O processo seletivo ser\u00e1 dividido em seis etapas. A sele\u00e7\u00e3o come\u00e7ar\u00e1 com testes online, em seguida, eles passar\u00e3o pela etapa que consiste na grava\u00e7\u00e3o de um v\u00eddeo de apresenta\u00e7\u00e3o profissional e por entrevistas com o departamento de recursos humanos. Aqueles que seguirem no processo, ser\u00e3o entrevistados por diretores de \u00e1rea e, depois, pela Diretoria Executiva. Os finalistas participar\u00e3o de uma conversa com Frederico Trajano, CEO da empresa.<br>Sal\u00e1rio: R$ 6.600,00 + B\u00f4nus de contrata\u00e7\u00e3o de 1 sal\u00e1rio<br>Benef\u00edcios:<\/p>\n\n\n\n<ul class=\"wp-block-list\"><li>PLR<\/li><li>VR ou VA<\/li><li>VT<\/li><li>Plano m\u00e9dico e odontol\u00f3gico<\/li><li>Gympass<\/li><li>Univers<\/li><li>Desconto em produtos<\/li><li>Home Office h\u00edbrido<\/li><li>Frutas no Escrit\u00f3rio<\/li><li>Liberdade pra se vestir como quiser<\/li><li>Previd\u00eancia Privada<\/li><li>Bolsa ingl\u00eas, al\u00e9m de uma grade de desenvolvimento exclusiva para acelera\u00e7\u00e3o de carreira do trainee com Job Rotation e de sess\u00f5es Mentoria. Duas das causas mais importantes do Magalu s\u00e3o a igualdade de oportunidades e a inclus\u00e3o. Por enxergar a equidade racial e de g\u00eanero como uma ponte para ambientes empresariais mais bem-sucedidos e para um pa\u00eds mais igualit\u00e1rio, a companhia desenvolveu o primeiro programa de trainee exclusivo para negros do Brasil. Atualmente, o Magalu tem em seu quadro de funcion\u00e1rios 53% de pretos e pardos. Mas apenas 16% deles ocupam cargos de lideran\u00e7a. O alerta despertado por essa baixa participa\u00e7\u00e3o fez com que o Magalu decidisse atuar, oferecendo oportunidades para quem ainda est\u00e1 come\u00e7ando a carreira. \u201cO Magazine Luiza acredita que uma empresa diversa \u00e9 uma empresa melhor e mais competitiva\u201d, diz Patr\u00edcia Pugas, diretora executiva de Gest\u00e3o de Pessoas. &#8220;Queremos<br>desenvolver talentos negros, atuar contra o racismo estrutural e ajudar a combater desigualdade brasileira.\u201d<br>O programa de trainees 2021 foi desenvolvido em parceria com as consultorias Indique Uma Preta e Goldenberg, Instituto Identidades do Brasil (ID_BR), Faculdade Zumbi dos Palmares e Comit\u00ea de Igualdade Racial do Mulheres do Brasil &#8212; todos dedicados ao combate ao<br>racismo e \u00e0 inclus\u00e3o. Esses parceiros ajudaram a equipe do Magalu a fazer ajustes finos no processo, para que ele n\u00e3o tivesse barreiras para a sele\u00e7\u00e3o e desenvolvimento profissional.<br>As inscri\u00e7\u00f5es podem ser realizadas pelo site <a rel=\"noreferrer noopener\" href=\"https:\/\/carreiras.magazineluiza.com.br\/\" target=\"_blank\">https:\/\/carreiras.magazineluiza.com.br\/<\/a><\/li><\/ul>\n\n\n\n<p><\/p>\n","protected":false},"excerpt":{"rendered":"<p>O Magalu (SA:MGLU3), uma das melhores empresas para trabalhar no Brasil, de acordo com o Great Place to Work Institute, abre inscri\u00e7\u00f5es, nesta sexta-feira, para seu programa de trainee 2021. A edi\u00e7\u00e3o deste ano tem um formato in\u00e9dito: aceitar\u00e1apenas candidatos negros. O objetivo do Magalu com o programa \u00e9 trazer mais diversidade racial para os [&hellip;]<\/p>\n","protected":false},"author":1,"featured_media":19325,"comment_status":"open","ping_status":"open","sticky":false,"template":"","format":"standard","meta":{"tdm_status":"","tdm_grid_status":"","footnotes":""},"categories":[6],"tags":[251,2577,740,28],"class_list":["post-19324","post","type-post","status-publish","format-standard","has-post-thumbnail","hentry","category-noticias","tag-carreira","tag-magalu","tag-magazine-luiza","tag-marketing"],"yoast_head":"<!-- This site is optimized with the Yoast SEO plugin v27.5 - https:\/\/yoast.com\/product\/yoast-seo-wordpress\/ -->\n<title>Magazine Luiza abre inscri\u00e7\u00f5es para programa de trainee exclusivo para pessoas negras - CidadeMarketing<\/title>\n<meta name=\"robots\" content=\"index, follow, max-snippet:-1, max-image-preview:large, max-video-preview:-1\" \/>\n<link rel=\"canonical\" href=\"https:\/\/www.cidademarketing.com.br\/marketing\/2020\/09\/21\/magazine-luiza-abre-inscricoes-para-programa-de-trainee-exclusivo-para-pessoas-negras\/\" \/>\n<meta property=\"og:locale\" content=\"pt_BR\" \/>\n<meta property=\"og:type\" content=\"article\" \/>\n<meta property=\"og:title\" content=\"Magazine Luiza abre inscri\u00e7\u00f5es para programa de trainee exclusivo para pessoas negras - CidadeMarketing\" \/>\n<meta property=\"og:description\" content=\"O Magalu (SA:MGLU3), uma das melhores empresas para trabalhar no Brasil, de acordo com o Great Place to Work Institute, abre inscri\u00e7\u00f5es, nesta sexta-feira, para seu programa de trainee 2021. A edi\u00e7\u00e3o deste ano tem um formato in\u00e9dito: aceitar\u00e1apenas candidatos negros. O objetivo do Magalu com o programa \u00e9 trazer mais diversidade racial para os [&hellip;]\" \/>\n<meta property=\"og:url\" content=\"https:\/\/www.cidademarketing.com.br\/marketing\/2020\/09\/21\/magazine-luiza-abre-inscricoes-para-programa-de-trainee-exclusivo-para-pessoas-negras\/\" \/>\n<meta property=\"og:site_name\" content=\"CidadeMarketing\" \/>\n<meta property=\"article:publisher\" content=\"https:\/\/www.facebook.com\/portalcidademarketing\" \/>\n<meta property=\"article:author\" content=\"https:\/\/www.facebook.com\/thalesbrandao\" \/>\n<meta property=\"article:published_time\" content=\"2020-09-21T14:43:34+00:00\" \/>\n<meta property=\"article:modified_time\" content=\"2020-09-21T14:43:38+00:00\" \/>\n<meta property=\"og:image\" content=\"https:\/\/www.cidademarketing.com.br\/marketing\/wp-content\/uploads\/2020\/09\/magazineluiza_negros.jpg\" \/>\n\t<meta property=\"og:image:width\" content=\"500\" \/>\n\t<meta property=\"og:image:height\" content=\"512\" \/>\n\t<meta property=\"og:image:type\" content=\"image\/jpeg\" \/>\n<meta name=\"author\" content=\"Thales Brand\u00e3o\" \/>\n<meta name=\"twitter:card\" content=\"summary_large_image\" \/>\n<meta name=\"twitter:creator\" content=\"@http:\/\/www.twitter.com\/thalesbrandao\" \/>\n<meta name=\"twitter:site\" content=\"@CidadeMarketing\" \/>\n<meta name=\"twitter:label1\" content=\"Escrito por\" \/>\n\t<meta name=\"twitter:data1\" content=\"Thales Brand\u00e3o\" \/>\n\t<meta name=\"twitter:label2\" content=\"Est. tempo de leitura\" \/>\n\t<meta name=\"twitter:data2\" content=\"3 minutos\" \/>\n<script type=\"application\/ld+json\" class=\"yoast-schema-graph\">{\"@context\":\"https:\\\/\\\/schema.org\",\"@graph\":[{\"@type\":\"Article\",\"@id\":\"https:\\\/\\\/www.cidademarketing.com.br\\\/marketing\\\/2020\\\/09\\\/21\\\/magazine-luiza-abre-inscricoes-para-programa-de-trainee-exclusivo-para-pessoas-negras\\\/#article\",\"isPartOf\":{\"@id\":\"https:\\\/\\\/www.cidademarketing.com.br\\\/marketing\\\/2020\\\/09\\\/21\\\/magazine-luiza-abre-inscricoes-para-programa-de-trainee-exclusivo-para-pessoas-negras\\\/\"},\"author\":{\"name\":\"Thales Brand\u00e3o\",\"@id\":\"https:\\\/\\\/www.cidademarketing.com.br\\\/marketing\\\/#\\\/schema\\\/person\\\/02daff9f18bd9378c9e01eb6b2db155f\"},\"headline\":\"Magazine Luiza abre inscri\u00e7\u00f5es para programa de trainee exclusivo para pessoas negras\",\"datePublished\":\"2020-09-21T14:43:34+00:00\",\"dateModified\":\"2020-09-21T14:43:38+00:00\",\"mainEntityOfPage\":{\"@id\":\"https:\\\/\\\/www.cidademarketing.com.br\\\/marketing\\\/2020\\\/09\\\/21\\\/magazine-luiza-abre-inscricoes-para-programa-de-trainee-exclusivo-para-pessoas-negras\\\/\"},\"wordCount\":531,\"commentCount\":0,\"publisher\":{\"@id\":\"https:\\\/\\\/www.cidademarketing.com.br\\\/marketing\\\/#organization\"},\"image\":{\"@id\":\"https:\\\/\\\/www.cidademarketing.com.br\\\/marketing\\\/2020\\\/09\\\/21\\\/magazine-luiza-abre-inscricoes-para-programa-de-trainee-exclusivo-para-pessoas-negras\\\/#primaryimage\"},\"thumbnailUrl\":\"https:\\\/\\\/www.cidademarketing.com.br\\\/marketing\\\/wp-content\\\/uploads\\\/2020\\\/09\\\/magazineluiza_negros.jpg\",\"keywords\":[\"carreira\",\"Magalu\",\"Magazine Luiza\",\"marketing\"],\"articleSection\":[\"Not\u00edcias\"],\"inLanguage\":\"pt-BR\",\"potentialAction\":[{\"@type\":\"CommentAction\",\"name\":\"Comment\",\"target\":[\"https:\\\/\\\/www.cidademarketing.com.br\\\/marketing\\\/2020\\\/09\\\/21\\\/magazine-luiza-abre-inscricoes-para-programa-de-trainee-exclusivo-para-pessoas-negras\\\/#respond\"]}]},{\"@type\":\"WebPage\",\"@id\":\"https:\\\/\\\/www.cidademarketing.com.br\\\/marketing\\\/2020\\\/09\\\/21\\\/magazine-luiza-abre-inscricoes-para-programa-de-trainee-exclusivo-para-pessoas-negras\\\/\",\"url\":\"https:\\\/\\\/www.cidademarketing.com.br\\\/marketing\\\/2020\\\/09\\\/21\\\/magazine-luiza-abre-inscricoes-para-programa-de-trainee-exclusivo-para-pessoas-negras\\\/\",\"name\":\"Magazine Luiza abre inscri\u00e7\u00f5es para programa de trainee exclusivo para pessoas negras - CidadeMarketing\",\"isPartOf\":{\"@id\":\"https:\\\/\\\/www.cidademarketing.com.br\\\/marketing\\\/#website\"},\"primaryImageOfPage\":{\"@id\":\"https:\\\/\\\/www.cidademarketing.com.br\\\/marketing\\\/2020\\\/09\\\/21\\\/magazine-luiza-abre-inscricoes-para-programa-de-trainee-exclusivo-para-pessoas-negras\\\/#primaryimage\"},\"image\":{\"@id\":\"https:\\\/\\\/www.cidademarketing.com.br\\\/marketing\\\/2020\\\/09\\\/21\\\/magazine-luiza-abre-inscricoes-para-programa-de-trainee-exclusivo-para-pessoas-negras\\\/#primaryimage\"},\"thumbnailUrl\":\"https:\\\/\\\/www.cidademarketing.com.br\\\/marketing\\\/wp-content\\\/uploads\\\/2020\\\/09\\\/magazineluiza_negros.jpg\",\"datePublished\":\"2020-09-21T14:43:34+00:00\",\"dateModified\":\"2020-09-21T14:43:38+00:00\",\"breadcrumb\":{\"@id\":\"https:\\\/\\\/www.cidademarketing.com.br\\\/marketing\\\/2020\\\/09\\\/21\\\/magazine-luiza-abre-inscricoes-para-programa-de-trainee-exclusivo-para-pessoas-negras\\\/#breadcrumb\"},\"inLanguage\":\"pt-BR\",\"potentialAction\":[{\"@type\":\"ReadAction\",\"target\":[\"https:\\\/\\\/www.cidademarketing.com.br\\\/marketing\\\/2020\\\/09\\\/21\\\/magazine-luiza-abre-inscricoes-para-programa-de-trainee-exclusivo-para-pessoas-negras\\\/\"]}]},{\"@type\":\"ImageObject\",\"inLanguage\":\"pt-BR\",\"@id\":\"https:\\\/\\\/www.cidademarketing.com.br\\\/marketing\\\/2020\\\/09\\\/21\\\/magazine-luiza-abre-inscricoes-para-programa-de-trainee-exclusivo-para-pessoas-negras\\\/#primaryimage\",\"url\":\"https:\\\/\\\/www.cidademarketing.com.br\\\/marketing\\\/wp-content\\\/uploads\\\/2020\\\/09\\\/magazineluiza_negros.jpg\",\"contentUrl\":\"https:\\\/\\\/www.cidademarketing.com.br\\\/marketing\\\/wp-content\\\/uploads\\\/2020\\\/09\\\/magazineluiza_negros.jpg\",\"width\":500,\"height\":512,\"caption\":\"Divulga\u00e7\u00e3o\"},{\"@type\":\"BreadcrumbList\",\"@id\":\"https:\\\/\\\/www.cidademarketing.com.br\\\/marketing\\\/2020\\\/09\\\/21\\\/magazine-luiza-abre-inscricoes-para-programa-de-trainee-exclusivo-para-pessoas-negras\\\/#breadcrumb\",\"itemListElement\":[{\"@type\":\"ListItem\",\"position\":1,\"name\":\"In\u00edcio\",\"item\":\"https:\\\/\\\/www.cidademarketing.com.br\\\/marketing\\\/\"},{\"@type\":\"ListItem\",\"position\":2,\"name\":\"Magazine Luiza abre inscri\u00e7\u00f5es para programa de trainee exclusivo para pessoas negras\"}]},{\"@type\":\"WebSite\",\"@id\":\"https:\\\/\\\/www.cidademarketing.com.br\\\/marketing\\\/#website\",\"url\":\"https:\\\/\\\/www.cidademarketing.com.br\\\/marketing\\\/\",\"name\":\"CidadeMarketing\",\"description\":\"Somos um ve\u00edculo de comunica\u00e7\u00e3o de destaque no Brasil, reconhecido por conte\u00fados nos segmentos de marketing, empreendedorismo e inova\u00e7\u00e3o.\",\"publisher\":{\"@id\":\"https:\\\/\\\/www.cidademarketing.com.br\\\/marketing\\\/#organization\"},\"alternateName\":\"CidadeMarketing\",\"potentialAction\":[{\"@type\":\"SearchAction\",\"target\":{\"@type\":\"EntryPoint\",\"urlTemplate\":\"https:\\\/\\\/www.cidademarketing.com.br\\\/marketing\\\/?s={search_term_string}\"},\"query-input\":{\"@type\":\"PropertyValueSpecification\",\"valueRequired\":true,\"valueName\":\"search_term_string\"}}],\"inLanguage\":\"pt-BR\"},{\"@type\":\"Organization\",\"@id\":\"https:\\\/\\\/www.cidademarketing.com.br\\\/marketing\\\/#organization\",\"name\":\"CidadeMarketing\",\"alternateName\":\"CidadeMarketing\",\"url\":\"https:\\\/\\\/www.cidademarketing.com.br\\\/marketing\\\/\",\"logo\":{\"@type\":\"ImageObject\",\"inLanguage\":\"pt-BR\",\"@id\":\"https:\\\/\\\/www.cidademarketing.com.br\\\/marketing\\\/#\\\/schema\\\/logo\\\/image\\\/\",\"url\":\"https:\\\/\\\/www.cidademarketing.com.br\\\/marketing\\\/wp-content\\\/uploads\\\/2020\\\/01\\\/cidademarketing_marca_mobile.png\",\"contentUrl\":\"https:\\\/\\\/www.cidademarketing.com.br\\\/marketing\\\/wp-content\\\/uploads\\\/2020\\\/01\\\/cidademarketing_marca_mobile.png\",\"width\":230,\"height\":92,\"caption\":\"CidadeMarketing\"},\"image\":{\"@id\":\"https:\\\/\\\/www.cidademarketing.com.br\\\/marketing\\\/#\\\/schema\\\/logo\\\/image\\\/\"},\"sameAs\":[\"https:\\\/\\\/www.facebook.com\\\/portalcidademarketing\",\"https:\\\/\\\/x.com\\\/CidadeMarketing\",\"https:\\\/\\\/www.instagram.com\\\/cidademarketing\\\/\"]},{\"@type\":\"Person\",\"@id\":\"https:\\\/\\\/www.cidademarketing.com.br\\\/marketing\\\/#\\\/schema\\\/person\\\/02daff9f18bd9378c9e01eb6b2db155f\",\"name\":\"Thales Brand\u00e3o\",\"image\":{\"@type\":\"ImageObject\",\"inLanguage\":\"pt-BR\",\"@id\":\"https:\\\/\\\/secure.gravatar.com\\\/avatar\\\/7ca3206950207cc3cb48feec56a8a7898741ab725c368d99d5d7a5a50aab80c6?s=96&d=mm&r=g\",\"url\":\"https:\\\/\\\/secure.gravatar.com\\\/avatar\\\/7ca3206950207cc3cb48feec56a8a7898741ab725c368d99d5d7a5a50aab80c6?s=96&d=mm&r=g\",\"contentUrl\":\"https:\\\/\\\/secure.gravatar.com\\\/avatar\\\/7ca3206950207cc3cb48feec56a8a7898741ab725c368d99d5d7a5a50aab80c6?s=96&d=mm&r=g\",\"caption\":\"Thales Brand\u00e3o\"},\"description\":\"Editor Executivo do Portal CidadeMarketing.com.br &gt; Mestre em Comunica\u00e7\u00e3o e Sociedade pela Universidade Federal de Sergipe. Possui MBA Executivo em Administra\u00e7\u00e3o com \u00eanfase em Marketing pela Funda\u00e7\u00e3o Get\u00falio Vargas - Rio de Janeiro. Consultor, Palestrante e Pesquisador sobre Empreendedorismo, Marketing, Redes Sociais e Neg\u00f3cios Digitais. Professor, Palestrante TedxTalks e Campus Party. Twitter: @ThalesBrandao\",\"sameAs\":[\"http:\\\/\\\/www.mandacaru.com.br\",\"https:\\\/\\\/www.facebook.com\\\/thalesbrandao\",\"http:\\\/\\\/www.instagram.com.br\\\/thalesbrandaoferreira\",\"https:\\\/\\\/www.linkedin.com\\\/in\\\/thales-brand\u00e3o-3948609\\\/\",\"https:\\\/\\\/x.com\\\/http:\\\/\\\/www.twitter.com\\\/thalesbrandao\"],\"url\":\"https:\\\/\\\/www.cidademarketing.com.br\\\/marketing\\\/author\\\/thalesbrandao\\\/\"}]}<\/script>\n<!-- \/ Yoast SEO plugin. -->","yoast_head_json":{"title":"Magazine Luiza abre inscri\u00e7\u00f5es para programa de trainee exclusivo para pessoas negras - CidadeMarketing","robots":{"index":"index","follow":"follow","max-snippet":"max-snippet:-1","max-image-preview":"max-image-preview:large","max-video-preview":"max-video-preview:-1"},"canonical":"https:\/\/www.cidademarketing.com.br\/marketing\/2020\/09\/21\/magazine-luiza-abre-inscricoes-para-programa-de-trainee-exclusivo-para-pessoas-negras\/","og_locale":"pt_BR","og_type":"article","og_title":"Magazine Luiza abre inscri\u00e7\u00f5es para programa de trainee exclusivo para pessoas negras - CidadeMarketing","og_description":"O Magalu (SA:MGLU3), uma das melhores empresas para trabalhar no Brasil, de acordo com o Great Place to Work Institute, abre inscri\u00e7\u00f5es, nesta sexta-feira, para seu programa de trainee 2021. A edi\u00e7\u00e3o deste ano tem um formato in\u00e9dito: aceitar\u00e1apenas candidatos negros. O objetivo do Magalu com o programa \u00e9 trazer mais diversidade racial para os [&hellip;]","og_url":"https:\/\/www.cidademarketing.com.br\/marketing\/2020\/09\/21\/magazine-luiza-abre-inscricoes-para-programa-de-trainee-exclusivo-para-pessoas-negras\/","og_site_name":"CidadeMarketing","article_publisher":"https:\/\/www.facebook.com\/portalcidademarketing","article_author":"https:\/\/www.facebook.com\/thalesbrandao","article_published_time":"2020-09-21T14:43:34+00:00","article_modified_time":"2020-09-21T14:43:38+00:00","og_image":[{"width":500,"height":512,"url":"https:\/\/www.cidademarketing.com.br\/marketing\/wp-content\/uploads\/2020\/09\/magazineluiza_negros.jpg","type":"image\/jpeg"}],"author":"Thales Brand\u00e3o","twitter_card":"summary_large_image","twitter_creator":"@http:\/\/www.twitter.com\/thalesbrandao","twitter_site":"@CidadeMarketing","twitter_misc":{"Escrito por":"Thales Brand\u00e3o","Est. tempo de leitura":"3 minutos"},"schema":{"@context":"https:\/\/schema.org","@graph":[{"@type":"Article","@id":"https:\/\/www.cidademarketing.com.br\/marketing\/2020\/09\/21\/magazine-luiza-abre-inscricoes-para-programa-de-trainee-exclusivo-para-pessoas-negras\/#article","isPartOf":{"@id":"https:\/\/www.cidademarketing.com.br\/marketing\/2020\/09\/21\/magazine-luiza-abre-inscricoes-para-programa-de-trainee-exclusivo-para-pessoas-negras\/"},"author":{"name":"Thales Brand\u00e3o","@id":"https:\/\/www.cidademarketing.com.br\/marketing\/#\/schema\/person\/02daff9f18bd9378c9e01eb6b2db155f"},"headline":"Magazine Luiza abre inscri\u00e7\u00f5es para programa de trainee exclusivo para pessoas negras","datePublished":"2020-09-21T14:43:34+00:00","dateModified":"2020-09-21T14:43:38+00:00","mainEntityOfPage":{"@id":"https:\/\/www.cidademarketing.com.br\/marketing\/2020\/09\/21\/magazine-luiza-abre-inscricoes-para-programa-de-trainee-exclusivo-para-pessoas-negras\/"},"wordCount":531,"commentCount":0,"publisher":{"@id":"https:\/\/www.cidademarketing.com.br\/marketing\/#organization"},"image":{"@id":"https:\/\/www.cidademarketing.com.br\/marketing\/2020\/09\/21\/magazine-luiza-abre-inscricoes-para-programa-de-trainee-exclusivo-para-pessoas-negras\/#primaryimage"},"thumbnailUrl":"https:\/\/www.cidademarketing.com.br\/marketing\/wp-content\/uploads\/2020\/09\/magazineluiza_negros.jpg","keywords":["carreira","Magalu","Magazine Luiza","marketing"],"articleSection":["Not\u00edcias"],"inLanguage":"pt-BR","potentialAction":[{"@type":"CommentAction","name":"Comment","target":["https:\/\/www.cidademarketing.com.br\/marketing\/2020\/09\/21\/magazine-luiza-abre-inscricoes-para-programa-de-trainee-exclusivo-para-pessoas-negras\/#respond"]}]},{"@type":"WebPage","@id":"https:\/\/www.cidademarketing.com.br\/marketing\/2020\/09\/21\/magazine-luiza-abre-inscricoes-para-programa-de-trainee-exclusivo-para-pessoas-negras\/","url":"https:\/\/www.cidademarketing.com.br\/marketing\/2020\/09\/21\/magazine-luiza-abre-inscricoes-para-programa-de-trainee-exclusivo-para-pessoas-negras\/","name":"Magazine Luiza abre inscri\u00e7\u00f5es para programa de trainee exclusivo para pessoas negras - CidadeMarketing","isPartOf":{"@id":"https:\/\/www.cidademarketing.com.br\/marketing\/#website"},"primaryImageOfPage":{"@id":"https:\/\/www.cidademarketing.com.br\/marketing\/2020\/09\/21\/magazine-luiza-abre-inscricoes-para-programa-de-trainee-exclusivo-para-pessoas-negras\/#primaryimage"},"image":{"@id":"https:\/\/www.cidademarketing.com.br\/marketing\/2020\/09\/21\/magazine-luiza-abre-inscricoes-para-programa-de-trainee-exclusivo-para-pessoas-negras\/#primaryimage"},"thumbnailUrl":"https:\/\/www.cidademarketing.com.br\/marketing\/wp-content\/uploads\/2020\/09\/magazineluiza_negros.jpg","datePublished":"2020-09-21T14:43:34+00:00","dateModified":"2020-09-21T14:43:38+00:00","breadcrumb":{"@id":"https:\/\/www.cidademarketing.com.br\/marketing\/2020\/09\/21\/magazine-luiza-abre-inscricoes-para-programa-de-trainee-exclusivo-para-pessoas-negras\/#breadcrumb"},"inLanguage":"pt-BR","potentialAction":[{"@type":"ReadAction","target":["https:\/\/www.cidademarketing.com.br\/marketing\/2020\/09\/21\/magazine-luiza-abre-inscricoes-para-programa-de-trainee-exclusivo-para-pessoas-negras\/"]}]},{"@type":"ImageObject","inLanguage":"pt-BR","@id":"https:\/\/www.cidademarketing.com.br\/marketing\/2020\/09\/21\/magazine-luiza-abre-inscricoes-para-programa-de-trainee-exclusivo-para-pessoas-negras\/#primaryimage","url":"https:\/\/www.cidademarketing.com.br\/marketing\/wp-content\/uploads\/2020\/09\/magazineluiza_negros.jpg","contentUrl":"https:\/\/www.cidademarketing.com.br\/marketing\/wp-content\/uploads\/2020\/09\/magazineluiza_negros.jpg","width":500,"height":512,"caption":"Divulga\u00e7\u00e3o"},{"@type":"BreadcrumbList","@id":"https:\/\/www.cidademarketing.com.br\/marketing\/2020\/09\/21\/magazine-luiza-abre-inscricoes-para-programa-de-trainee-exclusivo-para-pessoas-negras\/#breadcrumb","itemListElement":[{"@type":"ListItem","position":1,"name":"In\u00edcio","item":"https:\/\/www.cidademarketing.com.br\/marketing\/"},{"@type":"ListItem","position":2,"name":"Magazine Luiza abre inscri\u00e7\u00f5es para programa de trainee exclusivo para pessoas negras"}]},{"@type":"WebSite","@id":"https:\/\/www.cidademarketing.com.br\/marketing\/#website","url":"https:\/\/www.cidademarketing.com.br\/marketing\/","name":"CidadeMarketing","description":"Somos um ve\u00edculo de comunica\u00e7\u00e3o de destaque no Brasil, reconhecido por conte\u00fados nos segmentos de marketing, empreendedorismo e inova\u00e7\u00e3o.","publisher":{"@id":"https:\/\/www.cidademarketing.com.br\/marketing\/#organization"},"alternateName":"CidadeMarketing","potentialAction":[{"@type":"SearchAction","target":{"@type":"EntryPoint","urlTemplate":"https:\/\/www.cidademarketing.com.br\/marketing\/?s={search_term_string}"},"query-input":{"@type":"PropertyValueSpecification","valueRequired":true,"valueName":"search_term_string"}}],"inLanguage":"pt-BR"},{"@type":"Organization","@id":"https:\/\/www.cidademarketing.com.br\/marketing\/#organization","name":"CidadeMarketing","alternateName":"CidadeMarketing","url":"https:\/\/www.cidademarketing.com.br\/marketing\/","logo":{"@type":"ImageObject","inLanguage":"pt-BR","@id":"https:\/\/www.cidademarketing.com.br\/marketing\/#\/schema\/logo\/image\/","url":"https:\/\/www.cidademarketing.com.br\/marketing\/wp-content\/uploads\/2020\/01\/cidademarketing_marca_mobile.png","contentUrl":"https:\/\/www.cidademarketing.com.br\/marketing\/wp-content\/uploads\/2020\/01\/cidademarketing_marca_mobile.png","width":230,"height":92,"caption":"CidadeMarketing"},"image":{"@id":"https:\/\/www.cidademarketing.com.br\/marketing\/#\/schema\/logo\/image\/"},"sameAs":["https:\/\/www.facebook.com\/portalcidademarketing","https:\/\/x.com\/CidadeMarketing","https:\/\/www.instagram.com\/cidademarketing\/"]},{"@type":"Person","@id":"https:\/\/www.cidademarketing.com.br\/marketing\/#\/schema\/person\/02daff9f18bd9378c9e01eb6b2db155f","name":"Thales Brand\u00e3o","image":{"@type":"ImageObject","inLanguage":"pt-BR","@id":"https:\/\/secure.gravatar.com\/avatar\/7ca3206950207cc3cb48feec56a8a7898741ab725c368d99d5d7a5a50aab80c6?s=96&d=mm&r=g","url":"https:\/\/secure.gravatar.com\/avatar\/7ca3206950207cc3cb48feec56a8a7898741ab725c368d99d5d7a5a50aab80c6?s=96&d=mm&r=g","contentUrl":"https:\/\/secure.gravatar.com\/avatar\/7ca3206950207cc3cb48feec56a8a7898741ab725c368d99d5d7a5a50aab80c6?s=96&d=mm&r=g","caption":"Thales Brand\u00e3o"},"description":"Editor Executivo do Portal CidadeMarketing.com.br &gt; Mestre em Comunica\u00e7\u00e3o e Sociedade pela Universidade Federal de Sergipe. Possui MBA Executivo em Administra\u00e7\u00e3o com \u00eanfase em Marketing pela Funda\u00e7\u00e3o Get\u00falio Vargas - Rio de Janeiro. Consultor, Palestrante e Pesquisador sobre Empreendedorismo, Marketing, Redes Sociais e Neg\u00f3cios Digitais. Professor, Palestrante TedxTalks e Campus Party. Twitter: @ThalesBrandao","sameAs":["http:\/\/www.mandacaru.com.br","https:\/\/www.facebook.com\/thalesbrandao","http:\/\/www.instagram.com.br\/thalesbrandaoferreira","https:\/\/www.linkedin.com\/in\/thales-brand\u00e3o-3948609\/","https:\/\/x.com\/http:\/\/www.twitter.com\/thalesbrandao"],"url":"https:\/\/www.cidademarketing.com.br\/marketing\/author\/thalesbrandao\/"}]}},"amp_enabled":true,"_links":{"self":[{"href":"https:\/\/www.cidademarketing.com.br\/marketing\/wp-json\/wp\/v2\/posts\/19324","targetHints":{"allow":["GET"]}}],"collection":[{"href":"https:\/\/www.cidademarketing.com.br\/marketing\/wp-json\/wp\/v2\/posts"}],"about":[{"href":"https:\/\/www.cidademarketing.com.br\/marketing\/wp-json\/wp\/v2\/types\/post"}],"author":[{"embeddable":true,"href":"https:\/\/www.cidademarketing.com.br\/marketing\/wp-json\/wp\/v2\/users\/1"}],"replies":[{"embeddable":true,"href":"https:\/\/www.cidademarketing.com.br\/marketing\/wp-json\/wp\/v2\/comments?post=19324"}],"version-history":[{"count":1,"href":"https:\/\/www.cidademarketing.com.br\/marketing\/wp-json\/wp\/v2\/posts\/19324\/revisions"}],"predecessor-version":[{"id":19326,"href":"https:\/\/www.cidademarketing.com.br\/marketing\/wp-json\/wp\/v2\/posts\/19324\/revisions\/19326"}],"wp:featuredmedia":[{"embeddable":true,"href":"https:\/\/www.cidademarketing.com.br\/marketing\/wp-json\/wp\/v2\/media\/19325"}],"wp:attachment":[{"href":"https:\/\/www.cidademarketing.com.br\/marketing\/wp-json\/wp\/v2\/media?parent=19324"}],"wp:term":[{"taxonomy":"category","embeddable":true,"href":"https:\/\/www.cidademarketing.com.br\/marketing\/wp-json\/wp\/v2\/categories?post=19324"},{"taxonomy":"post_tag","embeddable":true,"href":"https:\/\/www.cidademarketing.com.br\/marketing\/wp-json\/wp\/v2\/tags?post=19324"}],"curies":[{"name":"wp","href":"https:\/\/api.w.org\/{rel}","templated":true}]}}