{"id":1932,"date":"2018-08-27T16:52:36","date_gmt":"2018-08-27T19:52:36","guid":{"rendered":"http:\/\/www.cidademarketing.com.br\/marketing\/?p=1932"},"modified":"2018-08-27T16:52:36","modified_gmt":"2018-08-27T19:52:36","slug":"proteste-orienta-consumidores-na-hora-de-contratar-o-pacote-de-intercambio","status":"publish","type":"post","link":"https:\/\/www.cidademarketing.com.br\/marketing\/2018\/08\/27\/proteste-orienta-consumidores-na-hora-de-contratar-o-pacote-de-intercambio\/","title":{"rendered":"PROTESTE orienta consumidores na hora de contratar o pacote de interc\u00e2mbio"},"content":{"rendered":"<p>Realizar um interc\u00e2mbio \u00e9 o sonho de milhares de jovens brasileiros, seja para aprender um outro idioma ou apenas conhecer novos lugares. Com o tempo, essa experi\u00eancia ajudar\u00e1 na busca de um novo emprego e trar\u00e1 novos contatos. No entanto, \u00e9 preciso ter cautela com os processos, principalmente antes do embarque, a fim de garantir a seguran\u00e7a durante toda a viagem e tamb\u00e9m o melhor pre\u00e7o. A PROTESTE, associa\u00e7\u00e3o de consumidores, listou as principais dicas que poder\u00e3o ajudar a planejar essa temporada internacional:<br \/>\nAten\u00e7\u00e3o com os intermedi\u00e1rios<br \/>\nAs ag\u00eancias tendem a facilitar a vida do estudante, por cooperar com a contrata\u00e7\u00e3o de escolas, vistos e seguros de sa\u00fade. Por\u00e9m, para n\u00e3o cair em golpes, \u00e9 imprescind\u00edvel fazer buscas de reclama\u00e7\u00f5es nos sites do Tribunal de Justi\u00e7a do Estado, Procon e at\u00e9 mesmo em f\u00f3runs pela internet e nas comunidades de estudantes que j\u00e1 fizeram interc\u00e2mbio. Pedir indica\u00e7\u00f5es de amigos ou familiares pr\u00f3ximos \u00e9 uma boa maneira de descobrir se a empresa \u00e9 id\u00f4nea.<\/p>\n<p><strong>Documenta\u00e7\u00e3o correta<\/strong><br \/>\nEmbarcar para outros pa\u00edses requer passaporte e, em alguns casos, tamb\u00e9m os vistos previamente solicitados. Todos esses gastos n\u00e3o s\u00e3o irrelevantes e exigem que o processo seja feito de maneira correta, ou o estudante perder\u00e1 os valores investidos caso n\u00e3o obtenha o visto. Seguro viagem normalmente \u00e9 obrigat\u00f3rio (<a href=\"https:\/\/www.proteste.org.br\/seguros\/seguro-viagem\" target=\"_blank\" rel=\"noopener\">https:\/\/www.proteste.org.br\/seguros\/seguro-viagem<\/a>)<\/p>\n<p><strong>Custos detalhados<\/strong><br \/>\nCusto de vida, acomoda\u00e7\u00e3o e passagens a\u00e9reas costumam impactar no pre\u00e7o final do investimento. Por isso, antes de viajar, \u00e9 necess\u00e1rio realizar um estudo detalhado dos valores a serem pagos. \u00c9 recomendado verificar se a ag\u00eancia contratada possui, por meio de parcerias com as operadoras de voos, passagens com descontos e se o pa\u00eds selecionado exige comprova\u00e7\u00e3o de renda. Outro ponto \u00e9 saber o custo de vida no local, os costumes sobre alimenta\u00e7\u00e3o, custo do transporte p\u00fablico entre outros.<\/p>\n<p>Contrato bem explicado<br \/>\nA PROTESTE alerta que, na hora de assinar o contrato, o consumidor tem o direito de exigir todas explica\u00e7\u00f5es poss\u00edveis, a fim de esclarecer os pontos citados contratualmente.<br \/>\nOutra dica \u00e9 solicitar os nomes daqueles que ficar\u00e3o respons\u00e1veis pela solu\u00e7\u00e3o de problemas relacionados \u00e0 escola ou \u00e0 moradia no exterior, e que poder\u00e3o ser acionados em casos de emerg\u00eancia tanto no pa\u00eds de destino quanto no Brasil e como podem receber o contato do cliente e quais as restri\u00e7\u00f5es para isso (dias da semana, hor\u00e1rios etc.)<br \/>\nOutra dica \u00e9 levar uma quantia em dinheiro para se manter por pelo menos 1 m\u00eas. Para isso a Proteste possui uma ferramenta para escolher a melhor cota\u00e7\u00e3o do mercado para comprar a moeda. <a href=\"https:\/\/www.proteste.org.br\/dinheiro\/cambio\" target=\"_blank\" rel=\"noopener\">https:\/\/www.proteste.org.br\/dinheiro\/cambio<\/a><br \/>\n\u00c9 de suma import\u00e2ncia que, toda conversa via e-mail ou celular seja devidamente guardada. Dessa forma, se houver algum problema durante a viagem, o consumidor tem como comprovar o que foi dito anteriormente e que deve ser cumprido. A associa\u00e7\u00e3o tamb\u00e9m pode colaborar com aqueles que se sentirem lesados. Basta acessar https:\/\/www.proteste.org.br\/ ou ligar para 0800 282 2207.<\/p>\n","protected":false},"excerpt":{"rendered":"<p>Realizar um interc\u00e2mbio \u00e9 o sonho de milhares de jovens brasileiros, seja para aprender um outro idioma ou apenas conhecer novos lugares. Com o tempo, essa experi\u00eancia ajudar\u00e1 na busca de um novo emprego e trar\u00e1 novos contatos. No entanto, \u00e9 preciso ter cautela com os processos, principalmente antes do embarque, a fim de garantir [&hellip;]<\/p>\n","protected":false},"author":1,"featured_media":792,"comment_status":"open","ping_status":"open","sticky":false,"template":"","format":"standard","meta":{"tdm_status":"","tdm_grid_status":"","footnotes":""},"categories":[6],"tags":[135,429],"class_list":["post-1932","post","type-post","status-publish","format-standard","has-post-thumbnail","hentry","category-noticias","tag-comportamento-do-consumidor","tag-prosteste"],"yoast_head":"<!-- This site is optimized with the Yoast SEO plugin v27.5 - https:\/\/yoast.com\/product\/yoast-seo-wordpress\/ -->\n<title>PROTESTE orienta consumidores na hora de contratar o pacote de interc\u00e2mbio - CidadeMarketing<\/title>\n<meta name=\"robots\" content=\"index, follow, max-snippet:-1, max-image-preview:large, max-video-preview:-1\" \/>\n<link rel=\"canonical\" href=\"https:\/\/www.cidademarketing.com.br\/marketing\/2018\/08\/27\/proteste-orienta-consumidores-na-hora-de-contratar-o-pacote-de-intercambio\/\" \/>\n<meta property=\"og:locale\" content=\"pt_BR\" \/>\n<meta property=\"og:type\" content=\"article\" \/>\n<meta property=\"og:title\" content=\"PROTESTE orienta consumidores na hora de contratar o pacote de interc\u00e2mbio - CidadeMarketing\" \/>\n<meta property=\"og:description\" content=\"Realizar um interc\u00e2mbio \u00e9 o sonho de milhares de jovens brasileiros, seja para aprender um outro idioma ou apenas conhecer novos lugares. Com o tempo, essa experi\u00eancia ajudar\u00e1 na busca de um novo emprego e trar\u00e1 novos contatos. No entanto, \u00e9 preciso ter cautela com os processos, principalmente antes do embarque, a fim de garantir [&hellip;]\" \/>\n<meta property=\"og:url\" content=\"https:\/\/www.cidademarketing.com.br\/marketing\/2018\/08\/27\/proteste-orienta-consumidores-na-hora-de-contratar-o-pacote-de-intercambio\/\" \/>\n<meta property=\"og:site_name\" content=\"CidadeMarketing\" \/>\n<meta property=\"article:publisher\" content=\"https:\/\/www.facebook.com\/portalcidademarketing\" \/>\n<meta property=\"article:author\" content=\"https:\/\/www.facebook.com\/thalesbrandao\" \/>\n<meta property=\"article:published_time\" content=\"2018-08-27T19:52:36+00:00\" \/>\n<meta property=\"og:image\" content=\"https:\/\/www.cidademarketing.com.br\/marketing\/wp-content\/uploads\/2018\/07\/marcaproteste.png\" \/>\n\t<meta property=\"og:image:width\" content=\"464\" \/>\n\t<meta property=\"og:image:height\" content=\"109\" \/>\n\t<meta property=\"og:image:type\" content=\"image\/png\" \/>\n<meta name=\"author\" content=\"Thales Brand\u00e3o\" \/>\n<meta name=\"twitter:card\" content=\"summary_large_image\" \/>\n<meta name=\"twitter:creator\" content=\"@http:\/\/www.twitter.com\/thalesbrandao\" \/>\n<meta name=\"twitter:site\" content=\"@CidadeMarketing\" \/>\n<meta name=\"twitter:label1\" content=\"Escrito por\" \/>\n\t<meta name=\"twitter:data1\" content=\"Thales Brand\u00e3o\" \/>\n\t<meta name=\"twitter:label2\" content=\"Est. tempo de leitura\" \/>\n\t<meta name=\"twitter:data2\" content=\"3 minutos\" \/>\n<script type=\"application\/ld+json\" class=\"yoast-schema-graph\">{\"@context\":\"https:\\\/\\\/schema.org\",\"@graph\":[{\"@type\":\"Article\",\"@id\":\"https:\\\/\\\/www.cidademarketing.com.br\\\/marketing\\\/2018\\\/08\\\/27\\\/proteste-orienta-consumidores-na-hora-de-contratar-o-pacote-de-intercambio\\\/#article\",\"isPartOf\":{\"@id\":\"https:\\\/\\\/www.cidademarketing.com.br\\\/marketing\\\/2018\\\/08\\\/27\\\/proteste-orienta-consumidores-na-hora-de-contratar-o-pacote-de-intercambio\\\/\"},\"author\":{\"name\":\"Thales Brand\u00e3o\",\"@id\":\"https:\\\/\\\/www.cidademarketing.com.br\\\/marketing\\\/#\\\/schema\\\/person\\\/02daff9f18bd9378c9e01eb6b2db155f\"},\"headline\":\"PROTESTE orienta consumidores na hora de contratar o pacote de interc\u00e2mbio\",\"datePublished\":\"2018-08-27T19:52:36+00:00\",\"mainEntityOfPage\":{\"@id\":\"https:\\\/\\\/www.cidademarketing.com.br\\\/marketing\\\/2018\\\/08\\\/27\\\/proteste-orienta-consumidores-na-hora-de-contratar-o-pacote-de-intercambio\\\/\"},\"wordCount\":540,\"commentCount\":0,\"publisher\":{\"@id\":\"https:\\\/\\\/www.cidademarketing.com.br\\\/marketing\\\/#organization\"},\"image\":{\"@id\":\"https:\\\/\\\/www.cidademarketing.com.br\\\/marketing\\\/2018\\\/08\\\/27\\\/proteste-orienta-consumidores-na-hora-de-contratar-o-pacote-de-intercambio\\\/#primaryimage\"},\"thumbnailUrl\":\"https:\\\/\\\/www.cidademarketing.com.br\\\/marketing\\\/wp-content\\\/uploads\\\/2018\\\/07\\\/marcaproteste.png\",\"keywords\":[\"comportamento do consumidor\",\"Prosteste\"],\"articleSection\":[\"Not\u00edcias\"],\"inLanguage\":\"pt-BR\",\"potentialAction\":[{\"@type\":\"CommentAction\",\"name\":\"Comment\",\"target\":[\"https:\\\/\\\/www.cidademarketing.com.br\\\/marketing\\\/2018\\\/08\\\/27\\\/proteste-orienta-consumidores-na-hora-de-contratar-o-pacote-de-intercambio\\\/#respond\"]}]},{\"@type\":\"WebPage\",\"@id\":\"https:\\\/\\\/www.cidademarketing.com.br\\\/marketing\\\/2018\\\/08\\\/27\\\/proteste-orienta-consumidores-na-hora-de-contratar-o-pacote-de-intercambio\\\/\",\"url\":\"https:\\\/\\\/www.cidademarketing.com.br\\\/marketing\\\/2018\\\/08\\\/27\\\/proteste-orienta-consumidores-na-hora-de-contratar-o-pacote-de-intercambio\\\/\",\"name\":\"PROTESTE orienta consumidores na hora de contratar o pacote de interc\u00e2mbio - CidadeMarketing\",\"isPartOf\":{\"@id\":\"https:\\\/\\\/www.cidademarketing.com.br\\\/marketing\\\/#website\"},\"primaryImageOfPage\":{\"@id\":\"https:\\\/\\\/www.cidademarketing.com.br\\\/marketing\\\/2018\\\/08\\\/27\\\/proteste-orienta-consumidores-na-hora-de-contratar-o-pacote-de-intercambio\\\/#primaryimage\"},\"image\":{\"@id\":\"https:\\\/\\\/www.cidademarketing.com.br\\\/marketing\\\/2018\\\/08\\\/27\\\/proteste-orienta-consumidores-na-hora-de-contratar-o-pacote-de-intercambio\\\/#primaryimage\"},\"thumbnailUrl\":\"https:\\\/\\\/www.cidademarketing.com.br\\\/marketing\\\/wp-content\\\/uploads\\\/2018\\\/07\\\/marcaproteste.png\",\"datePublished\":\"2018-08-27T19:52:36+00:00\",\"breadcrumb\":{\"@id\":\"https:\\\/\\\/www.cidademarketing.com.br\\\/marketing\\\/2018\\\/08\\\/27\\\/proteste-orienta-consumidores-na-hora-de-contratar-o-pacote-de-intercambio\\\/#breadcrumb\"},\"inLanguage\":\"pt-BR\",\"potentialAction\":[{\"@type\":\"ReadAction\",\"target\":[\"https:\\\/\\\/www.cidademarketing.com.br\\\/marketing\\\/2018\\\/08\\\/27\\\/proteste-orienta-consumidores-na-hora-de-contratar-o-pacote-de-intercambio\\\/\"]}]},{\"@type\":\"ImageObject\",\"inLanguage\":\"pt-BR\",\"@id\":\"https:\\\/\\\/www.cidademarketing.com.br\\\/marketing\\\/2018\\\/08\\\/27\\\/proteste-orienta-consumidores-na-hora-de-contratar-o-pacote-de-intercambio\\\/#primaryimage\",\"url\":\"https:\\\/\\\/www.cidademarketing.com.br\\\/marketing\\\/wp-content\\\/uploads\\\/2018\\\/07\\\/marcaproteste.png\",\"contentUrl\":\"https:\\\/\\\/www.cidademarketing.com.br\\\/marketing\\\/wp-content\\\/uploads\\\/2018\\\/07\\\/marcaproteste.png\",\"width\":464,\"height\":109},{\"@type\":\"BreadcrumbList\",\"@id\":\"https:\\\/\\\/www.cidademarketing.com.br\\\/marketing\\\/2018\\\/08\\\/27\\\/proteste-orienta-consumidores-na-hora-de-contratar-o-pacote-de-intercambio\\\/#breadcrumb\",\"itemListElement\":[{\"@type\":\"ListItem\",\"position\":1,\"name\":\"In\u00edcio\",\"item\":\"https:\\\/\\\/www.cidademarketing.com.br\\\/marketing\\\/\"},{\"@type\":\"ListItem\",\"position\":2,\"name\":\"PROTESTE orienta consumidores na hora de contratar o pacote de interc\u00e2mbio\"}]},{\"@type\":\"WebSite\",\"@id\":\"https:\\\/\\\/www.cidademarketing.com.br\\\/marketing\\\/#website\",\"url\":\"https:\\\/\\\/www.cidademarketing.com.br\\\/marketing\\\/\",\"name\":\"CidadeMarketing\",\"description\":\"Somos um ve\u00edculo de comunica\u00e7\u00e3o de destaque no Brasil, reconhecido por conte\u00fados nos segmentos de marketing, empreendedorismo e inova\u00e7\u00e3o.\",\"publisher\":{\"@id\":\"https:\\\/\\\/www.cidademarketing.com.br\\\/marketing\\\/#organization\"},\"alternateName\":\"CidadeMarketing\",\"potentialAction\":[{\"@type\":\"SearchAction\",\"target\":{\"@type\":\"EntryPoint\",\"urlTemplate\":\"https:\\\/\\\/www.cidademarketing.com.br\\\/marketing\\\/?s={search_term_string}\"},\"query-input\":{\"@type\":\"PropertyValueSpecification\",\"valueRequired\":true,\"valueName\":\"search_term_string\"}}],\"inLanguage\":\"pt-BR\"},{\"@type\":\"Organization\",\"@id\":\"https:\\\/\\\/www.cidademarketing.com.br\\\/marketing\\\/#organization\",\"name\":\"CidadeMarketing\",\"alternateName\":\"CidadeMarketing\",\"url\":\"https:\\\/\\\/www.cidademarketing.com.br\\\/marketing\\\/\",\"logo\":{\"@type\":\"ImageObject\",\"inLanguage\":\"pt-BR\",\"@id\":\"https:\\\/\\\/www.cidademarketing.com.br\\\/marketing\\\/#\\\/schema\\\/logo\\\/image\\\/\",\"url\":\"https:\\\/\\\/www.cidademarketing.com.br\\\/marketing\\\/wp-content\\\/uploads\\\/2020\\\/01\\\/cidademarketing_marca_mobile.png\",\"contentUrl\":\"https:\\\/\\\/www.cidademarketing.com.br\\\/marketing\\\/wp-content\\\/uploads\\\/2020\\\/01\\\/cidademarketing_marca_mobile.png\",\"width\":230,\"height\":92,\"caption\":\"CidadeMarketing\"},\"image\":{\"@id\":\"https:\\\/\\\/www.cidademarketing.com.br\\\/marketing\\\/#\\\/schema\\\/logo\\\/image\\\/\"},\"sameAs\":[\"https:\\\/\\\/www.facebook.com\\\/portalcidademarketing\",\"https:\\\/\\\/x.com\\\/CidadeMarketing\",\"https:\\\/\\\/www.instagram.com\\\/cidademarketing\\\/\"]},{\"@type\":\"Person\",\"@id\":\"https:\\\/\\\/www.cidademarketing.com.br\\\/marketing\\\/#\\\/schema\\\/person\\\/02daff9f18bd9378c9e01eb6b2db155f\",\"name\":\"Thales Brand\u00e3o\",\"image\":{\"@type\":\"ImageObject\",\"inLanguage\":\"pt-BR\",\"@id\":\"https:\\\/\\\/secure.gravatar.com\\\/avatar\\\/7ca3206950207cc3cb48feec56a8a7898741ab725c368d99d5d7a5a50aab80c6?s=96&d=mm&r=g\",\"url\":\"https:\\\/\\\/secure.gravatar.com\\\/avatar\\\/7ca3206950207cc3cb48feec56a8a7898741ab725c368d99d5d7a5a50aab80c6?s=96&d=mm&r=g\",\"contentUrl\":\"https:\\\/\\\/secure.gravatar.com\\\/avatar\\\/7ca3206950207cc3cb48feec56a8a7898741ab725c368d99d5d7a5a50aab80c6?s=96&d=mm&r=g\",\"caption\":\"Thales Brand\u00e3o\"},\"description\":\"Editor Executivo do Portal CidadeMarketing.com.br &gt; Mestre em Comunica\u00e7\u00e3o e Sociedade pela Universidade Federal de Sergipe. Possui MBA Executivo em Administra\u00e7\u00e3o com \u00eanfase em Marketing pela Funda\u00e7\u00e3o Get\u00falio Vargas - Rio de Janeiro. Consultor, Palestrante e Pesquisador sobre Empreendedorismo, Marketing, Redes Sociais e Neg\u00f3cios Digitais. Professor, Palestrante TedxTalks e Campus Party. Twitter: @ThalesBrandao\",\"sameAs\":[\"http:\\\/\\\/www.mandacaru.com.br\",\"https:\\\/\\\/www.facebook.com\\\/thalesbrandao\",\"http:\\\/\\\/www.instagram.com.br\\\/thalesbrandaoferreira\",\"https:\\\/\\\/www.linkedin.com\\\/in\\\/thales-brand\u00e3o-3948609\\\/\",\"https:\\\/\\\/x.com\\\/http:\\\/\\\/www.twitter.com\\\/thalesbrandao\"],\"url\":\"https:\\\/\\\/www.cidademarketing.com.br\\\/marketing\\\/author\\\/thalesbrandao\\\/\"}]}<\/script>\n<!-- \/ Yoast SEO plugin. -->","yoast_head_json":{"title":"PROTESTE orienta consumidores na hora de contratar o pacote de interc\u00e2mbio - CidadeMarketing","robots":{"index":"index","follow":"follow","max-snippet":"max-snippet:-1","max-image-preview":"max-image-preview:large","max-video-preview":"max-video-preview:-1"},"canonical":"https:\/\/www.cidademarketing.com.br\/marketing\/2018\/08\/27\/proteste-orienta-consumidores-na-hora-de-contratar-o-pacote-de-intercambio\/","og_locale":"pt_BR","og_type":"article","og_title":"PROTESTE orienta consumidores na hora de contratar o pacote de interc\u00e2mbio - CidadeMarketing","og_description":"Realizar um interc\u00e2mbio \u00e9 o sonho de milhares de jovens brasileiros, seja para aprender um outro idioma ou apenas conhecer novos lugares. Com o tempo, essa experi\u00eancia ajudar\u00e1 na busca de um novo emprego e trar\u00e1 novos contatos. No entanto, \u00e9 preciso ter cautela com os processos, principalmente antes do embarque, a fim de garantir [&hellip;]","og_url":"https:\/\/www.cidademarketing.com.br\/marketing\/2018\/08\/27\/proteste-orienta-consumidores-na-hora-de-contratar-o-pacote-de-intercambio\/","og_site_name":"CidadeMarketing","article_publisher":"https:\/\/www.facebook.com\/portalcidademarketing","article_author":"https:\/\/www.facebook.com\/thalesbrandao","article_published_time":"2018-08-27T19:52:36+00:00","og_image":[{"width":464,"height":109,"url":"https:\/\/www.cidademarketing.com.br\/marketing\/wp-content\/uploads\/2018\/07\/marcaproteste.png","type":"image\/png"}],"author":"Thales Brand\u00e3o","twitter_card":"summary_large_image","twitter_creator":"@http:\/\/www.twitter.com\/thalesbrandao","twitter_site":"@CidadeMarketing","twitter_misc":{"Escrito por":"Thales Brand\u00e3o","Est. tempo de leitura":"3 minutos"},"schema":{"@context":"https:\/\/schema.org","@graph":[{"@type":"Article","@id":"https:\/\/www.cidademarketing.com.br\/marketing\/2018\/08\/27\/proteste-orienta-consumidores-na-hora-de-contratar-o-pacote-de-intercambio\/#article","isPartOf":{"@id":"https:\/\/www.cidademarketing.com.br\/marketing\/2018\/08\/27\/proteste-orienta-consumidores-na-hora-de-contratar-o-pacote-de-intercambio\/"},"author":{"name":"Thales Brand\u00e3o","@id":"https:\/\/www.cidademarketing.com.br\/marketing\/#\/schema\/person\/02daff9f18bd9378c9e01eb6b2db155f"},"headline":"PROTESTE orienta consumidores na hora de contratar o pacote de interc\u00e2mbio","datePublished":"2018-08-27T19:52:36+00:00","mainEntityOfPage":{"@id":"https:\/\/www.cidademarketing.com.br\/marketing\/2018\/08\/27\/proteste-orienta-consumidores-na-hora-de-contratar-o-pacote-de-intercambio\/"},"wordCount":540,"commentCount":0,"publisher":{"@id":"https:\/\/www.cidademarketing.com.br\/marketing\/#organization"},"image":{"@id":"https:\/\/www.cidademarketing.com.br\/marketing\/2018\/08\/27\/proteste-orienta-consumidores-na-hora-de-contratar-o-pacote-de-intercambio\/#primaryimage"},"thumbnailUrl":"https:\/\/www.cidademarketing.com.br\/marketing\/wp-content\/uploads\/2018\/07\/marcaproteste.png","keywords":["comportamento do consumidor","Prosteste"],"articleSection":["Not\u00edcias"],"inLanguage":"pt-BR","potentialAction":[{"@type":"CommentAction","name":"Comment","target":["https:\/\/www.cidademarketing.com.br\/marketing\/2018\/08\/27\/proteste-orienta-consumidores-na-hora-de-contratar-o-pacote-de-intercambio\/#respond"]}]},{"@type":"WebPage","@id":"https:\/\/www.cidademarketing.com.br\/marketing\/2018\/08\/27\/proteste-orienta-consumidores-na-hora-de-contratar-o-pacote-de-intercambio\/","url":"https:\/\/www.cidademarketing.com.br\/marketing\/2018\/08\/27\/proteste-orienta-consumidores-na-hora-de-contratar-o-pacote-de-intercambio\/","name":"PROTESTE orienta consumidores na hora de contratar o pacote de interc\u00e2mbio - CidadeMarketing","isPartOf":{"@id":"https:\/\/www.cidademarketing.com.br\/marketing\/#website"},"primaryImageOfPage":{"@id":"https:\/\/www.cidademarketing.com.br\/marketing\/2018\/08\/27\/proteste-orienta-consumidores-na-hora-de-contratar-o-pacote-de-intercambio\/#primaryimage"},"image":{"@id":"https:\/\/www.cidademarketing.com.br\/marketing\/2018\/08\/27\/proteste-orienta-consumidores-na-hora-de-contratar-o-pacote-de-intercambio\/#primaryimage"},"thumbnailUrl":"https:\/\/www.cidademarketing.com.br\/marketing\/wp-content\/uploads\/2018\/07\/marcaproteste.png","datePublished":"2018-08-27T19:52:36+00:00","breadcrumb":{"@id":"https:\/\/www.cidademarketing.com.br\/marketing\/2018\/08\/27\/proteste-orienta-consumidores-na-hora-de-contratar-o-pacote-de-intercambio\/#breadcrumb"},"inLanguage":"pt-BR","potentialAction":[{"@type":"ReadAction","target":["https:\/\/www.cidademarketing.com.br\/marketing\/2018\/08\/27\/proteste-orienta-consumidores-na-hora-de-contratar-o-pacote-de-intercambio\/"]}]},{"@type":"ImageObject","inLanguage":"pt-BR","@id":"https:\/\/www.cidademarketing.com.br\/marketing\/2018\/08\/27\/proteste-orienta-consumidores-na-hora-de-contratar-o-pacote-de-intercambio\/#primaryimage","url":"https:\/\/www.cidademarketing.com.br\/marketing\/wp-content\/uploads\/2018\/07\/marcaproteste.png","contentUrl":"https:\/\/www.cidademarketing.com.br\/marketing\/wp-content\/uploads\/2018\/07\/marcaproteste.png","width":464,"height":109},{"@type":"BreadcrumbList","@id":"https:\/\/www.cidademarketing.com.br\/marketing\/2018\/08\/27\/proteste-orienta-consumidores-na-hora-de-contratar-o-pacote-de-intercambio\/#breadcrumb","itemListElement":[{"@type":"ListItem","position":1,"name":"In\u00edcio","item":"https:\/\/www.cidademarketing.com.br\/marketing\/"},{"@type":"ListItem","position":2,"name":"PROTESTE orienta consumidores na hora de contratar o pacote de interc\u00e2mbio"}]},{"@type":"WebSite","@id":"https:\/\/www.cidademarketing.com.br\/marketing\/#website","url":"https:\/\/www.cidademarketing.com.br\/marketing\/","name":"CidadeMarketing","description":"Somos um ve\u00edculo de comunica\u00e7\u00e3o de destaque no Brasil, reconhecido por conte\u00fados nos segmentos de marketing, empreendedorismo e inova\u00e7\u00e3o.","publisher":{"@id":"https:\/\/www.cidademarketing.com.br\/marketing\/#organization"},"alternateName":"CidadeMarketing","potentialAction":[{"@type":"SearchAction","target":{"@type":"EntryPoint","urlTemplate":"https:\/\/www.cidademarketing.com.br\/marketing\/?s={search_term_string}"},"query-input":{"@type":"PropertyValueSpecification","valueRequired":true,"valueName":"search_term_string"}}],"inLanguage":"pt-BR"},{"@type":"Organization","@id":"https:\/\/www.cidademarketing.com.br\/marketing\/#organization","name":"CidadeMarketing","alternateName":"CidadeMarketing","url":"https:\/\/www.cidademarketing.com.br\/marketing\/","logo":{"@type":"ImageObject","inLanguage":"pt-BR","@id":"https:\/\/www.cidademarketing.com.br\/marketing\/#\/schema\/logo\/image\/","url":"https:\/\/www.cidademarketing.com.br\/marketing\/wp-content\/uploads\/2020\/01\/cidademarketing_marca_mobile.png","contentUrl":"https:\/\/www.cidademarketing.com.br\/marketing\/wp-content\/uploads\/2020\/01\/cidademarketing_marca_mobile.png","width":230,"height":92,"caption":"CidadeMarketing"},"image":{"@id":"https:\/\/www.cidademarketing.com.br\/marketing\/#\/schema\/logo\/image\/"},"sameAs":["https:\/\/www.facebook.com\/portalcidademarketing","https:\/\/x.com\/CidadeMarketing","https:\/\/www.instagram.com\/cidademarketing\/"]},{"@type":"Person","@id":"https:\/\/www.cidademarketing.com.br\/marketing\/#\/schema\/person\/02daff9f18bd9378c9e01eb6b2db155f","name":"Thales Brand\u00e3o","image":{"@type":"ImageObject","inLanguage":"pt-BR","@id":"https:\/\/secure.gravatar.com\/avatar\/7ca3206950207cc3cb48feec56a8a7898741ab725c368d99d5d7a5a50aab80c6?s=96&d=mm&r=g","url":"https:\/\/secure.gravatar.com\/avatar\/7ca3206950207cc3cb48feec56a8a7898741ab725c368d99d5d7a5a50aab80c6?s=96&d=mm&r=g","contentUrl":"https:\/\/secure.gravatar.com\/avatar\/7ca3206950207cc3cb48feec56a8a7898741ab725c368d99d5d7a5a50aab80c6?s=96&d=mm&r=g","caption":"Thales Brand\u00e3o"},"description":"Editor Executivo do Portal CidadeMarketing.com.br &gt; Mestre em Comunica\u00e7\u00e3o e Sociedade pela Universidade Federal de Sergipe. Possui MBA Executivo em Administra\u00e7\u00e3o com \u00eanfase em Marketing pela Funda\u00e7\u00e3o Get\u00falio Vargas - Rio de Janeiro. Consultor, Palestrante e Pesquisador sobre Empreendedorismo, Marketing, Redes Sociais e Neg\u00f3cios Digitais. Professor, Palestrante TedxTalks e Campus Party. Twitter: @ThalesBrandao","sameAs":["http:\/\/www.mandacaru.com.br","https:\/\/www.facebook.com\/thalesbrandao","http:\/\/www.instagram.com.br\/thalesbrandaoferreira","https:\/\/www.linkedin.com\/in\/thales-brand\u00e3o-3948609\/","https:\/\/x.com\/http:\/\/www.twitter.com\/thalesbrandao"],"url":"https:\/\/www.cidademarketing.com.br\/marketing\/author\/thalesbrandao\/"}]}},"amp_enabled":true,"_links":{"self":[{"href":"https:\/\/www.cidademarketing.com.br\/marketing\/wp-json\/wp\/v2\/posts\/1932","targetHints":{"allow":["GET"]}}],"collection":[{"href":"https:\/\/www.cidademarketing.com.br\/marketing\/wp-json\/wp\/v2\/posts"}],"about":[{"href":"https:\/\/www.cidademarketing.com.br\/marketing\/wp-json\/wp\/v2\/types\/post"}],"author":[{"embeddable":true,"href":"https:\/\/www.cidademarketing.com.br\/marketing\/wp-json\/wp\/v2\/users\/1"}],"replies":[{"embeddable":true,"href":"https:\/\/www.cidademarketing.com.br\/marketing\/wp-json\/wp\/v2\/comments?post=1932"}],"version-history":[{"count":1,"href":"https:\/\/www.cidademarketing.com.br\/marketing\/wp-json\/wp\/v2\/posts\/1932\/revisions"}],"predecessor-version":[{"id":1933,"href":"https:\/\/www.cidademarketing.com.br\/marketing\/wp-json\/wp\/v2\/posts\/1932\/revisions\/1933"}],"wp:featuredmedia":[{"embeddable":true,"href":"https:\/\/www.cidademarketing.com.br\/marketing\/wp-json\/wp\/v2\/media\/792"}],"wp:attachment":[{"href":"https:\/\/www.cidademarketing.com.br\/marketing\/wp-json\/wp\/v2\/media?parent=1932"}],"wp:term":[{"taxonomy":"category","embeddable":true,"href":"https:\/\/www.cidademarketing.com.br\/marketing\/wp-json\/wp\/v2\/categories?post=1932"},{"taxonomy":"post_tag","embeddable":true,"href":"https:\/\/www.cidademarketing.com.br\/marketing\/wp-json\/wp\/v2\/tags?post=1932"}],"curies":[{"name":"wp","href":"https:\/\/api.w.org\/{rel}","templated":true}]}}