{"id":19248,"date":"2020-09-18T22:07:09","date_gmt":"2020-09-19T01:07:09","guid":{"rendered":"https:\/\/www.cidademarketing.com.br\/marketing\/?p=19248"},"modified":"2020-09-18T22:07:14","modified_gmt":"2020-09-19T01:07:14","slug":"omint-destaca-o-que-e-realmente-importante-para-seu-publico-em-campanha-de-40-anos","status":"publish","type":"post","link":"https:\/\/www.cidademarketing.com.br\/marketing\/2020\/09\/18\/omint-destaca-o-que-e-realmente-importante-para-seu-publico-em-campanha-de-40-anos\/","title":{"rendered":"Omint destaca o que \u00e9 realmente importante para seu p\u00fablico em campanha de 40 anos"},"content":{"rendered":"\n<p>Cuidado de uma forma ampla come\u00e7a com a valoriza\u00e7\u00e3o e promo\u00e7\u00e3o da sa\u00fade e tamb\u00e9m com a prote\u00e7\u00e3o de si mesmo e de quem se ama. Sob o conceito \u201cvalor ao que \u00e9 importante para voc\u00ea, por voc\u00ea\u201d, a Omint, seguradora e operadora de sa\u00fade l\u00edder no segmento premium, retorna \u00e0 m\u00eddia com uma nova campanha de posicionamento. &nbsp;<\/p>\n\n\n\n<p>Ao completar 40 anos de atua\u00e7\u00e3o no Brasil e demonstrando sua voca\u00e7\u00e3o quando o assunto \u00e9 cuidar das pessoas, as pe\u00e7as assinadas pela Lew\u2019Lara\\TBWA estreiam hoje, com filme para PayTv, digital e out of home (OOH) com veicula\u00e7\u00e3o programada para as pra\u00e7as do RJ, SP, BA e MG. Tamb\u00e9m foram elaboradas pe\u00e7as para revistas especializadas e a\u00e7\u00f5es de conte\u00fado.\u00a0<\/p>\n\n\n\n<p><\/p>\n\n\n\n<figure class=\"wp-block-embed-youtube wp-block-embed is-type-video is-provider-youtube wp-embed-aspect-16-9 wp-has-aspect-ratio\"><div class=\"wp-block-embed__wrapper\">\n<div class=\"youtube-embed\" data-video_id=\"7Z383pVkTgs\"><iframe title=\"Omint \u2013 Campanha 40 anos\" width=\"640\" height=\"360\" src=\"https:\/\/www.youtube.com\/embed\/7Z383pVkTgs?start=1&#038;feature=oembed&#038;enablejsapi=1\" frameborder=\"0\" allow=\"accelerometer; autoplay; clipboard-write; encrypted-media; gyroscope; picture-in-picture; web-share\" referrerpolicy=\"strict-origin-when-cross-origin\" allowfullscreen><\/iframe><\/div>\n<\/div><\/figure>\n\n\n\n<p>Se for poss\u00edvel destacar uma mudan\u00e7a relevante em fun\u00e7\u00e3o da pandemia, certamente o cuidado e aten\u00e7\u00e3o \u00e0 sa\u00fade e \u00e0 fam\u00edlia tornou-se prioridade. De acordo com o levantamento exclusivo da Lew\u2019Lara\\TBWA, por meio de sua ferramenta de mapeamento de tend\u00eancias comportamentais sobre o setor de sa\u00fade e bem-estar, alguns consumidores passaram a dar mais aten\u00e7\u00e3o ao autocuidado. O estudo ainda observou que o contexto atual fez com que a sa\u00fade deixasse de ser algo individual, e a ideia de cuidado coletivo tem se ampliado com preocupa\u00e7\u00f5es direcionadas na busca de h\u00e1bitos mais saud\u00e1veis. \u00a0<\/p>\n\n\n\n<figure class=\"wp-block-gallery columns-3 is-cropped wp-block-gallery-1 is-layout-flex wp-block-gallery-is-layout-flex\"><ul class=\"blocks-gallery-grid\"><li class=\"blocks-gallery-item\"><figure><img fetchpriority=\"high\" decoding=\"async\" width=\"1024\" height=\"561\" src=\"https:\/\/www.cidademarketing.com.br\/marketing\/wp-content\/uploads\/2020\/09\/Omint-40-anos_02-1024x561.png\" alt=\"\" data-id=\"19249\" data-full-url=\"https:\/\/www.cidademarketing.com.br\/marketing\/wp-content\/uploads\/2020\/09\/Omint-40-anos_02.png\" data-link=\"https:\/\/www.cidademarketing.com.br\/marketing\/?attachment_id=19249\" class=\"wp-image-19249\" srcset=\"https:\/\/www.cidademarketing.com.br\/marketing\/wp-content\/uploads\/2020\/09\/Omint-40-anos_02-1024x561.png 1024w, https:\/\/www.cidademarketing.com.br\/marketing\/wp-content\/uploads\/2020\/09\/Omint-40-anos_02-300x164.png 300w, https:\/\/www.cidademarketing.com.br\/marketing\/wp-content\/uploads\/2020\/09\/Omint-40-anos_02-768x421.png 768w, https:\/\/www.cidademarketing.com.br\/marketing\/wp-content\/uploads\/2020\/09\/Omint-40-anos_02-1536x842.png 1536w, https:\/\/www.cidademarketing.com.br\/marketing\/wp-content\/uploads\/2020\/09\/Omint-40-anos_02-2048x1123.png 2048w, https:\/\/www.cidademarketing.com.br\/marketing\/wp-content\/uploads\/2020\/09\/Omint-40-anos_02-766x420.png 766w, https:\/\/www.cidademarketing.com.br\/marketing\/wp-content\/uploads\/2020\/09\/Omint-40-anos_02-640x350.png 640w, https:\/\/www.cidademarketing.com.br\/marketing\/wp-content\/uploads\/2020\/09\/Omint-40-anos_02-681x373.png 681w\" sizes=\"(max-width: 1024px) 100vw, 1024px\" \/><\/figure><\/li><li class=\"blocks-gallery-item\"><figure><img decoding=\"async\" width=\"1024\" height=\"561\" src=\"https:\/\/www.cidademarketing.com.br\/marketing\/wp-content\/uploads\/2020\/09\/Omint-40-anos_03-1024x561.png\" alt=\"\" data-id=\"19250\" data-full-url=\"https:\/\/www.cidademarketing.com.br\/marketing\/wp-content\/uploads\/2020\/09\/Omint-40-anos_03.png\" data-link=\"https:\/\/www.cidademarketing.com.br\/marketing\/?attachment_id=19250\" class=\"wp-image-19250\" srcset=\"https:\/\/www.cidademarketing.com.br\/marketing\/wp-content\/uploads\/2020\/09\/Omint-40-anos_03-1024x561.png 1024w, https:\/\/www.cidademarketing.com.br\/marketing\/wp-content\/uploads\/2020\/09\/Omint-40-anos_03-300x164.png 300w, https:\/\/www.cidademarketing.com.br\/marketing\/wp-content\/uploads\/2020\/09\/Omint-40-anos_03-768x421.png 768w, https:\/\/www.cidademarketing.com.br\/marketing\/wp-content\/uploads\/2020\/09\/Omint-40-anos_03-1536x842.png 1536w, https:\/\/www.cidademarketing.com.br\/marketing\/wp-content\/uploads\/2020\/09\/Omint-40-anos_03-2048x1122.png 2048w, https:\/\/www.cidademarketing.com.br\/marketing\/wp-content\/uploads\/2020\/09\/Omint-40-anos_03-767x420.png 767w, https:\/\/www.cidademarketing.com.br\/marketing\/wp-content\/uploads\/2020\/09\/Omint-40-anos_03-640x350.png 640w, https:\/\/www.cidademarketing.com.br\/marketing\/wp-content\/uploads\/2020\/09\/Omint-40-anos_03-681x373.png 681w\" sizes=\"(max-width: 1024px) 100vw, 1024px\" \/><\/figure><\/li><li class=\"blocks-gallery-item\"><figure><img decoding=\"async\" width=\"1024\" height=\"561\" src=\"https:\/\/www.cidademarketing.com.br\/marketing\/wp-content\/uploads\/2020\/09\/Omint-40-anos_04-1024x561.png\" alt=\"\" data-id=\"19251\" data-full-url=\"https:\/\/www.cidademarketing.com.br\/marketing\/wp-content\/uploads\/2020\/09\/Omint-40-anos_04.png\" data-link=\"https:\/\/www.cidademarketing.com.br\/marketing\/?attachment_id=19251\" class=\"wp-image-19251\" srcset=\"https:\/\/www.cidademarketing.com.br\/marketing\/wp-content\/uploads\/2020\/09\/Omint-40-anos_04-1024x561.png 1024w, https:\/\/www.cidademarketing.com.br\/marketing\/wp-content\/uploads\/2020\/09\/Omint-40-anos_04-300x164.png 300w, https:\/\/www.cidademarketing.com.br\/marketing\/wp-content\/uploads\/2020\/09\/Omint-40-anos_04-768x421.png 768w, https:\/\/www.cidademarketing.com.br\/marketing\/wp-content\/uploads\/2020\/09\/Omint-40-anos_04-1536x842.png 1536w, https:\/\/www.cidademarketing.com.br\/marketing\/wp-content\/uploads\/2020\/09\/Omint-40-anos_04-2048x1122.png 2048w, https:\/\/www.cidademarketing.com.br\/marketing\/wp-content\/uploads\/2020\/09\/Omint-40-anos_04-767x420.png 767w, https:\/\/www.cidademarketing.com.br\/marketing\/wp-content\/uploads\/2020\/09\/Omint-40-anos_04-640x350.png 640w, https:\/\/www.cidademarketing.com.br\/marketing\/wp-content\/uploads\/2020\/09\/Omint-40-anos_04-681x373.png 681w\" sizes=\"(max-width: 1024px) 100vw, 1024px\" \/><\/figure><\/li><li class=\"blocks-gallery-item\"><figure><img loading=\"lazy\" decoding=\"async\" width=\"1024\" height=\"571\" src=\"https:\/\/www.cidademarketing.com.br\/marketing\/wp-content\/uploads\/2020\/09\/Omint-40-anos_05-1024x571.png\" alt=\"\" data-id=\"19252\" data-full-url=\"https:\/\/www.cidademarketing.com.br\/marketing\/wp-content\/uploads\/2020\/09\/Omint-40-anos_05.png\" data-link=\"https:\/\/www.cidademarketing.com.br\/marketing\/?attachment_id=19252\" class=\"wp-image-19252\" srcset=\"https:\/\/www.cidademarketing.com.br\/marketing\/wp-content\/uploads\/2020\/09\/Omint-40-anos_05-1024x571.png 1024w, https:\/\/www.cidademarketing.com.br\/marketing\/wp-content\/uploads\/2020\/09\/Omint-40-anos_05-300x167.png 300w, https:\/\/www.cidademarketing.com.br\/marketing\/wp-content\/uploads\/2020\/09\/Omint-40-anos_05-768x428.png 768w, https:\/\/www.cidademarketing.com.br\/marketing\/wp-content\/uploads\/2020\/09\/Omint-40-anos_05-1536x856.png 1536w, https:\/\/www.cidademarketing.com.br\/marketing\/wp-content\/uploads\/2020\/09\/Omint-40-anos_05-2048x1142.png 2048w, https:\/\/www.cidademarketing.com.br\/marketing\/wp-content\/uploads\/2020\/09\/Omint-40-anos_05-754x420.png 754w, https:\/\/www.cidademarketing.com.br\/marketing\/wp-content\/uploads\/2020\/09\/Omint-40-anos_05-640x357.png 640w, https:\/\/www.cidademarketing.com.br\/marketing\/wp-content\/uploads\/2020\/09\/Omint-40-anos_05-681x380.png 681w\" sizes=\"(max-width: 1024px) 100vw, 1024px\" \/><\/figure><\/li><\/ul><\/figure>\n\n\n\n<p><\/p>\n\n\n\n<p>Atenta a esse movimento, a Omint retorna \u00e0 m\u00eddia em comunica\u00e7\u00e3o cujo destaque \u00e9 o valor que a companhia, h\u00e1 40 anos, d\u00e1 ao que \u00e9 importante \u00e0s pessoas, colocando-as no centro de toda a experi\u00eancia. Seja por meio da gest\u00e3o da sa\u00fade, do apoio a uma viagem e at\u00e9 a prote\u00e7\u00e3o da sua trajet\u00f3ria de vida, a empresa conta com solu\u00e7\u00f5es altamente personalizadas que tangibilizam esse cuidado com olhar diferenciado ao ser humano.&nbsp;<\/p>\n\n\n\n<p>Embalada pelo sucesso \u201cPor voc\u00ea\u201d, do Bar\u00e3o Vermelho, a comunica\u00e7\u00e3o \u201cvalor ao que \u00e9 importante para voc\u00ea, por voc\u00ea\u201d, ressalta o protagonismo das pessoas como elo mais importante da cadeia de valor da companhia, o que motiva constantes inova\u00e7\u00f5es e oferta do que h\u00e1 de melhor na medicina, odontologia e em seguros de pessoas. &nbsp;<\/p>\n\n\n\n<p>H\u00e1 40 anos a Omint oferece cuidado nas mais diferentes formas de proteger as pessoas, come\u00e7ando com a gest\u00e3o de sa\u00fade por meio da opera\u00e7\u00e3o de planos premium, considerados refer\u00eancia no mercado por todas essas d\u00e9cadas de exist\u00eancia da companhia. A empresa vem ampliando o seu portf\u00f3lio de produtos e atua\u00e7\u00e3o para fazer cada vez mais parte da vida das pessoas, em todos os momentos, e foi essa vis\u00e3o que deu origem \u00e0 Omint Seguros em 2015, que oferece desde o apoio a uma viagem internacional \u2013 por lazer ou neg\u00f3cios, com o seguro viagem mais robusto do mercado, at\u00e9 a melhor forma de proteger sua vida, sua fam\u00edlia e seu patrim\u00f4nio por meio de um seguro de vida altamente personalizado. &nbsp;<\/p>\n\n\n\n<p>Para tornar mais palp\u00e1vel esses pontos que s\u00e3o importantes e ir\u00e3o balizar todo o trabalho da Omint, a comunica\u00e7\u00e3o traz a participa\u00e7\u00e3o do p\u00fablico por meio de tweets reais em que apontam o que os fez escolher e manter a Omint para cuidar do que mais importa para elas. Plano de sa\u00fade, telemedicina, seguro de vida e olhar de especialistas est\u00e3o entre os destaques.&nbsp;<\/p>\n\n\n\n<p>\u201c<em>A Omint completa 40 anos de atua\u00e7\u00e3o no Brasil, mantendo a voca\u00e7\u00e3o de cuidar das pessoas, sempre colocando-as no centro de nossa experi\u00eancia. Como resultado dessa dedica\u00e7\u00e3o em oferecer o melhor em cuidados com a sa\u00fade e prote\u00e7\u00e3o de pessoas, a campanha celebra o legado que constru\u00edmos nas \u00faltimas d\u00e9cadas, consolidando a parceria com toda a nossa cadeia de valor, com quem estabelecemos diariamente uma rela\u00e7\u00e3o duradoura e de confian\u00e7a calcada em s\u00f3lidos pilares como qualidade e gest\u00e3o<\/em>\u201d, comenta C\u00edcero Barreto, diretor comercial e de marketing da Omint.&nbsp;<\/p>\n\n\n\n<p>\u201c<em>Embora estejamos em momentos delicados para ocasi\u00f5es festivas, 40 anos de tradi\u00e7\u00e3o no cuidado com a vida n\u00e3o \u00e9 para qualquer marca. Por isso, al\u00e9m de comunicarmos Omint com a chancela dos 40 anos, tivemos o desafio de realizar uma campanha que enfatizasse excel\u00eancia em tudo o que a companhia faz, com destaque aos produtos, seus benef\u00edcios e vantagens<\/em>\u201d, finaliza Wilson Negrini, chief growth &amp; business officer da Lew\u2019Lara\\TBWA.&nbsp;<\/p>\n\n\n\n<p><strong>FICHA T\u00c9CNICA&nbsp;<\/strong><\/p>\n\n\n\n<p><strong>T\u00edtulo:&nbsp;<\/strong>Por voc\u00ea&nbsp;<\/p>\n\n\n\n<p><strong>Ag\u00eancia:&nbsp;<\/strong>LEW\u2019LARA\\TBWA&nbsp;&nbsp;<\/p>\n\n\n\n<p><strong>Cliente:<\/strong>&nbsp;Omint&nbsp;<\/p>\n\n\n\n<p><strong>Produto:<\/strong>&nbsp;Institucional&nbsp;<\/p>\n\n\n\n<p><strong>Dura\u00e7\u00e3o:&nbsp;<\/strong>30&#8243;&nbsp;<\/p>\n\n\n\n<p><strong>Chairman Grupo TBWA:&nbsp;<\/strong>Luiz Lara&nbsp;&nbsp;<\/p>\n\n\n\n<p><strong>CEO:&nbsp;<\/strong>Marcia Esteves&nbsp;&nbsp;<\/p>\n\n\n\n<p><strong>Diretor Executivo de Cria\u00e7\u00e3o:&nbsp;<\/strong>Sleyman Khodor&nbsp;&nbsp;<\/p>\n\n\n\n<p><strong>Dire\u00e7\u00e3o de Cria\u00e7\u00e3o:&nbsp;<\/strong>Rodrigo da Matta e Jose Neto&nbsp;<\/p>\n\n\n\n<p><strong>Dire\u00e7\u00e3o de Arte: <\/strong>\u00c0ile Pires&nbsp;&nbsp;&nbsp;&nbsp;&nbsp;&nbsp;&nbsp;&nbsp;&nbsp;&nbsp;&nbsp;<\/p>\n\n\n\n<p><strong>Reda\u00e7\u00e3o:&nbsp;&nbsp;<\/strong>Fl\u00e1vio Cherem &nbsp;<\/p>\n\n\n\n<p><strong>Neg\u00f3cios:&nbsp;<\/strong>Wilson Negrini,&nbsp;Fl\u00e1via Carvalho, Thiago Barboza e Juliana Tomas&nbsp;&nbsp;<\/p>\n\n\n\n<p><strong>Estrat\u00e9gia:&nbsp;<\/strong>Renata Serafim, Thiago Lia, Raissa Santos e Haroldo Goes&nbsp;<\/p>\n\n\n\n<p><strong>Opera\u00e7\u00f5es:&nbsp;<\/strong>Elise Passamani&nbsp;&nbsp;<\/p>\n\n\n\n<p><strong>M\u00eddia:&nbsp;<\/strong>Vicente Varela,&nbsp;B\u00e1rbara Lopes, Marco Rivera, Victor Motta e Fabiana Heiser&nbsp;<\/p>\n\n\n\n<p><strong>BI:&nbsp;<\/strong>Vicente Varela,&nbsp;Raphael Penna, Gabriel Ferreira, Giovanna Oliveira e Amanda Zungalo&nbsp;<\/p>\n\n\n\n<p><strong>Projetos:&nbsp;<\/strong>Henrique Salvadori e Renata Abbud&nbsp;<\/p>\n\n\n\n<p><strong>Produ\u00e7\u00e3o de RTV:&nbsp;<\/strong>Izabel Soares e Ana Borges&nbsp;<\/p>\n\n\n\n<p><strong>Produtora de filme:&nbsp;<\/strong>Academia de Filmes&nbsp;<\/p>\n\n\n\n<p><strong>Dire\u00e7\u00e3o de Cena:&nbsp;<\/strong>Toro\/Inada&nbsp;<\/p>\n\n\n\n<p><strong>Produtor executivo:&nbsp;<\/strong>Duda Marujo e Elaine Salles&nbsp;<\/p>\n\n\n\n<p><strong>Montagem e finaliza\u00e7\u00e3o:&nbsp;<\/strong>Equipe Academia&nbsp;<\/p>\n\n\n\n<p><strong>Atendimento:&nbsp;<\/strong>Paula Saraiva &nbsp;<\/p>\n\n\n\n<p><strong>Produtora de som:&nbsp;<\/strong>Sonido&nbsp;<\/p>\n\n\n\n<p><strong>Trilha sonora e mixagem:&nbsp;<\/strong>Nixon Silva&nbsp;<\/p>\n\n\n\n<p><strong>Dire\u00e7\u00e3o musical:&nbsp;<\/strong>Lucas Duque&nbsp;<\/p>\n\n\n\n<p><strong>Atendimento<\/strong>: Alessandra Ferreira&nbsp;<\/p>\n\n\n\n<p><strong>Coordena\u00e7\u00e3o de produ\u00e7\u00e3o:&nbsp;&nbsp;<\/strong>Mariana Tardelli&nbsp;<\/p>\n\n\n\n<p><strong>Locu\u00e7\u00e3o:&nbsp;<\/strong>Ana Flor&nbsp;<\/p>\n\n\n\n<p><strong>Trilha Sonora:&nbsp;<\/strong>&#8221;POR VOC\u00ca&#8221;, autoria de MAURICIO BARROS\/ MAURO SANTA CECILIA\/ FREJAT, editor original: 100% RF Edi\u00e7\u00f5es Musicais Ltda (Adm. por Warner Chappell Edi\u00e7\u00f5es Musicais Ltda).&nbsp;<\/p>\n\n\n\n<p><strong>Aprova\u00e7\u00e3o Cliente:<\/strong>&nbsp;&nbsp;C\u00edcero Barreto, Fabio Ribeiro, Kelly Costabile e Jessica Perrota&nbsp;<\/p>\n","protected":false},"excerpt":{"rendered":"<p>Cuidado de uma forma ampla come\u00e7a com a valoriza\u00e7\u00e3o e promo\u00e7\u00e3o da sa\u00fade e tamb\u00e9m com a prote\u00e7\u00e3o de si mesmo e de quem se ama. Sob o conceito \u201cvalor ao que \u00e9 importante para voc\u00ea, por voc\u00ea\u201d, a Omint, seguradora e operadora de sa\u00fade l\u00edder no segmento premium, retorna \u00e0 m\u00eddia com uma nova [&hellip;]<\/p>\n","protected":false},"author":1,"featured_media":19253,"comment_status":"open","ping_status":"open","sticky":false,"template":"","format":"standard","meta":{"tdm_status":"","tdm_grid_status":"","footnotes":""},"categories":[6],"tags":[65,33,28,3427],"class_list":["post-19248","post","type-post","status-publish","format-standard","has-post-thumbnail","hentry","category-noticias","tag-campanha","tag-estrategia","tag-marketing","tag-omint"],"yoast_head":"<!-- This site is optimized with the Yoast SEO plugin v27.5 - https:\/\/yoast.com\/product\/yoast-seo-wordpress\/ -->\n<title>Omint destaca o que \u00e9 realmente importante para seu p\u00fablico em campanha de 40 anos - CidadeMarketing<\/title>\n<meta name=\"robots\" content=\"index, follow, max-snippet:-1, max-image-preview:large, max-video-preview:-1\" \/>\n<link rel=\"canonical\" href=\"https:\/\/www.cidademarketing.com.br\/marketing\/2020\/09\/18\/omint-destaca-o-que-e-realmente-importante-para-seu-publico-em-campanha-de-40-anos\/\" \/>\n<meta property=\"og:locale\" content=\"pt_BR\" \/>\n<meta property=\"og:type\" content=\"article\" \/>\n<meta property=\"og:title\" content=\"Omint destaca o que \u00e9 realmente importante para seu p\u00fablico em campanha de 40 anos - CidadeMarketing\" \/>\n<meta property=\"og:description\" content=\"Cuidado de uma forma ampla come\u00e7a com a valoriza\u00e7\u00e3o e promo\u00e7\u00e3o da sa\u00fade e tamb\u00e9m com a prote\u00e7\u00e3o de si mesmo e de quem se ama. Sob o conceito \u201cvalor ao que \u00e9 importante para voc\u00ea, por voc\u00ea\u201d, a Omint, seguradora e operadora de sa\u00fade l\u00edder no segmento premium, retorna \u00e0 m\u00eddia com uma nova [&hellip;]\" \/>\n<meta property=\"og:url\" content=\"https:\/\/www.cidademarketing.com.br\/marketing\/2020\/09\/18\/omint-destaca-o-que-e-realmente-importante-para-seu-publico-em-campanha-de-40-anos\/\" \/>\n<meta property=\"og:site_name\" content=\"CidadeMarketing\" \/>\n<meta property=\"article:publisher\" content=\"https:\/\/www.facebook.com\/portalcidademarketing\" \/>\n<meta property=\"article:author\" content=\"https:\/\/www.facebook.com\/thalesbrandao\" \/>\n<meta property=\"article:published_time\" content=\"2020-09-19T01:07:09+00:00\" \/>\n<meta property=\"article:modified_time\" content=\"2020-09-19T01:07:14+00:00\" \/>\n<meta property=\"og:image\" content=\"https:\/\/www.cidademarketing.com.br\/marketing\/wp-content\/uploads\/2020\/09\/Omint-40-anos_01-1024x557.png\" \/>\n\t<meta property=\"og:image:width\" content=\"1024\" \/>\n\t<meta property=\"og:image:height\" content=\"557\" \/>\n\t<meta property=\"og:image:type\" content=\"image\/png\" \/>\n<meta name=\"author\" content=\"Thales Brand\u00e3o\" \/>\n<meta name=\"twitter:card\" content=\"summary_large_image\" \/>\n<meta name=\"twitter:creator\" content=\"@http:\/\/www.twitter.com\/thalesbrandao\" \/>\n<meta name=\"twitter:site\" content=\"@CidadeMarketing\" \/>\n<meta name=\"twitter:label1\" content=\"Escrito por\" \/>\n\t<meta name=\"twitter:data1\" content=\"Thales Brand\u00e3o\" \/>\n\t<meta name=\"twitter:label2\" content=\"Est. tempo de leitura\" \/>\n\t<meta name=\"twitter:data2\" content=\"5 minutos\" \/>\n<script type=\"application\/ld+json\" class=\"yoast-schema-graph\">{\"@context\":\"https:\\\/\\\/schema.org\",\"@graph\":[{\"@type\":\"Article\",\"@id\":\"https:\\\/\\\/www.cidademarketing.com.br\\\/marketing\\\/2020\\\/09\\\/18\\\/omint-destaca-o-que-e-realmente-importante-para-seu-publico-em-campanha-de-40-anos\\\/#article\",\"isPartOf\":{\"@id\":\"https:\\\/\\\/www.cidademarketing.com.br\\\/marketing\\\/2020\\\/09\\\/18\\\/omint-destaca-o-que-e-realmente-importante-para-seu-publico-em-campanha-de-40-anos\\\/\"},\"author\":{\"name\":\"Thales Brand\u00e3o\",\"@id\":\"https:\\\/\\\/www.cidademarketing.com.br\\\/marketing\\\/#\\\/schema\\\/person\\\/02daff9f18bd9378c9e01eb6b2db155f\"},\"headline\":\"Omint destaca o que \u00e9 realmente importante para seu p\u00fablico em campanha de 40 anos\",\"datePublished\":\"2020-09-19T01:07:09+00:00\",\"dateModified\":\"2020-09-19T01:07:14+00:00\",\"mainEntityOfPage\":{\"@id\":\"https:\\\/\\\/www.cidademarketing.com.br\\\/marketing\\\/2020\\\/09\\\/18\\\/omint-destaca-o-que-e-realmente-importante-para-seu-publico-em-campanha-de-40-anos\\\/\"},\"wordCount\":1084,\"commentCount\":0,\"publisher\":{\"@id\":\"https:\\\/\\\/www.cidademarketing.com.br\\\/marketing\\\/#organization\"},\"image\":{\"@id\":\"https:\\\/\\\/www.cidademarketing.com.br\\\/marketing\\\/2020\\\/09\\\/18\\\/omint-destaca-o-que-e-realmente-importante-para-seu-publico-em-campanha-de-40-anos\\\/#primaryimage\"},\"thumbnailUrl\":\"https:\\\/\\\/www.cidademarketing.com.br\\\/marketing\\\/wp-content\\\/uploads\\\/2020\\\/09\\\/Omint-40-anos_01.png\",\"keywords\":[\"campanha\",\"estrat\u00e9gia\",\"marketing\",\"Omint\"],\"articleSection\":[\"Not\u00edcias\"],\"inLanguage\":\"pt-BR\",\"potentialAction\":[{\"@type\":\"CommentAction\",\"name\":\"Comment\",\"target\":[\"https:\\\/\\\/www.cidademarketing.com.br\\\/marketing\\\/2020\\\/09\\\/18\\\/omint-destaca-o-que-e-realmente-importante-para-seu-publico-em-campanha-de-40-anos\\\/#respond\"]}]},{\"@type\":\"WebPage\",\"@id\":\"https:\\\/\\\/www.cidademarketing.com.br\\\/marketing\\\/2020\\\/09\\\/18\\\/omint-destaca-o-que-e-realmente-importante-para-seu-publico-em-campanha-de-40-anos\\\/\",\"url\":\"https:\\\/\\\/www.cidademarketing.com.br\\\/marketing\\\/2020\\\/09\\\/18\\\/omint-destaca-o-que-e-realmente-importante-para-seu-publico-em-campanha-de-40-anos\\\/\",\"name\":\"Omint destaca o que \u00e9 realmente importante para seu p\u00fablico em campanha de 40 anos - CidadeMarketing\",\"isPartOf\":{\"@id\":\"https:\\\/\\\/www.cidademarketing.com.br\\\/marketing\\\/#website\"},\"primaryImageOfPage\":{\"@id\":\"https:\\\/\\\/www.cidademarketing.com.br\\\/marketing\\\/2020\\\/09\\\/18\\\/omint-destaca-o-que-e-realmente-importante-para-seu-publico-em-campanha-de-40-anos\\\/#primaryimage\"},\"image\":{\"@id\":\"https:\\\/\\\/www.cidademarketing.com.br\\\/marketing\\\/2020\\\/09\\\/18\\\/omint-destaca-o-que-e-realmente-importante-para-seu-publico-em-campanha-de-40-anos\\\/#primaryimage\"},\"thumbnailUrl\":\"https:\\\/\\\/www.cidademarketing.com.br\\\/marketing\\\/wp-content\\\/uploads\\\/2020\\\/09\\\/Omint-40-anos_01.png\",\"datePublished\":\"2020-09-19T01:07:09+00:00\",\"dateModified\":\"2020-09-19T01:07:14+00:00\",\"breadcrumb\":{\"@id\":\"https:\\\/\\\/www.cidademarketing.com.br\\\/marketing\\\/2020\\\/09\\\/18\\\/omint-destaca-o-que-e-realmente-importante-para-seu-publico-em-campanha-de-40-anos\\\/#breadcrumb\"},\"inLanguage\":\"pt-BR\",\"potentialAction\":[{\"@type\":\"ReadAction\",\"target\":[\"https:\\\/\\\/www.cidademarketing.com.br\\\/marketing\\\/2020\\\/09\\\/18\\\/omint-destaca-o-que-e-realmente-importante-para-seu-publico-em-campanha-de-40-anos\\\/\"]}]},{\"@type\":\"ImageObject\",\"inLanguage\":\"pt-BR\",\"@id\":\"https:\\\/\\\/www.cidademarketing.com.br\\\/marketing\\\/2020\\\/09\\\/18\\\/omint-destaca-o-que-e-realmente-importante-para-seu-publico-em-campanha-de-40-anos\\\/#primaryimage\",\"url\":\"https:\\\/\\\/www.cidademarketing.com.br\\\/marketing\\\/wp-content\\\/uploads\\\/2020\\\/09\\\/Omint-40-anos_01.png\",\"contentUrl\":\"https:\\\/\\\/www.cidademarketing.com.br\\\/marketing\\\/wp-content\\\/uploads\\\/2020\\\/09\\\/Omint-40-anos_01.png\",\"width\":2848,\"height\":1548,\"caption\":\"Reprodu\u00e7\u00e3o\"},{\"@type\":\"BreadcrumbList\",\"@id\":\"https:\\\/\\\/www.cidademarketing.com.br\\\/marketing\\\/2020\\\/09\\\/18\\\/omint-destaca-o-que-e-realmente-importante-para-seu-publico-em-campanha-de-40-anos\\\/#breadcrumb\",\"itemListElement\":[{\"@type\":\"ListItem\",\"position\":1,\"name\":\"In\u00edcio\",\"item\":\"https:\\\/\\\/www.cidademarketing.com.br\\\/marketing\\\/\"},{\"@type\":\"ListItem\",\"position\":2,\"name\":\"Omint destaca o que \u00e9 realmente importante para seu p\u00fablico em campanha de 40 anos\"}]},{\"@type\":\"WebSite\",\"@id\":\"https:\\\/\\\/www.cidademarketing.com.br\\\/marketing\\\/#website\",\"url\":\"https:\\\/\\\/www.cidademarketing.com.br\\\/marketing\\\/\",\"name\":\"CidadeMarketing\",\"description\":\"Somos um ve\u00edculo de comunica\u00e7\u00e3o de destaque no Brasil, reconhecido por conte\u00fados nos segmentos de marketing, empreendedorismo e inova\u00e7\u00e3o.\",\"publisher\":{\"@id\":\"https:\\\/\\\/www.cidademarketing.com.br\\\/marketing\\\/#organization\"},\"alternateName\":\"CidadeMarketing\",\"potentialAction\":[{\"@type\":\"SearchAction\",\"target\":{\"@type\":\"EntryPoint\",\"urlTemplate\":\"https:\\\/\\\/www.cidademarketing.com.br\\\/marketing\\\/?s={search_term_string}\"},\"query-input\":{\"@type\":\"PropertyValueSpecification\",\"valueRequired\":true,\"valueName\":\"search_term_string\"}}],\"inLanguage\":\"pt-BR\"},{\"@type\":\"Organization\",\"@id\":\"https:\\\/\\\/www.cidademarketing.com.br\\\/marketing\\\/#organization\",\"name\":\"CidadeMarketing\",\"alternateName\":\"CidadeMarketing\",\"url\":\"https:\\\/\\\/www.cidademarketing.com.br\\\/marketing\\\/\",\"logo\":{\"@type\":\"ImageObject\",\"inLanguage\":\"pt-BR\",\"@id\":\"https:\\\/\\\/www.cidademarketing.com.br\\\/marketing\\\/#\\\/schema\\\/logo\\\/image\\\/\",\"url\":\"https:\\\/\\\/www.cidademarketing.com.br\\\/marketing\\\/wp-content\\\/uploads\\\/2020\\\/01\\\/cidademarketing_marca_mobile.png\",\"contentUrl\":\"https:\\\/\\\/www.cidademarketing.com.br\\\/marketing\\\/wp-content\\\/uploads\\\/2020\\\/01\\\/cidademarketing_marca_mobile.png\",\"width\":230,\"height\":92,\"caption\":\"CidadeMarketing\"},\"image\":{\"@id\":\"https:\\\/\\\/www.cidademarketing.com.br\\\/marketing\\\/#\\\/schema\\\/logo\\\/image\\\/\"},\"sameAs\":[\"https:\\\/\\\/www.facebook.com\\\/portalcidademarketing\",\"https:\\\/\\\/x.com\\\/CidadeMarketing\",\"https:\\\/\\\/www.instagram.com\\\/cidademarketing\\\/\"]},{\"@type\":\"Person\",\"@id\":\"https:\\\/\\\/www.cidademarketing.com.br\\\/marketing\\\/#\\\/schema\\\/person\\\/02daff9f18bd9378c9e01eb6b2db155f\",\"name\":\"Thales Brand\u00e3o\",\"image\":{\"@type\":\"ImageObject\",\"inLanguage\":\"pt-BR\",\"@id\":\"https:\\\/\\\/secure.gravatar.com\\\/avatar\\\/7ca3206950207cc3cb48feec56a8a7898741ab725c368d99d5d7a5a50aab80c6?s=96&d=mm&r=g\",\"url\":\"https:\\\/\\\/secure.gravatar.com\\\/avatar\\\/7ca3206950207cc3cb48feec56a8a7898741ab725c368d99d5d7a5a50aab80c6?s=96&d=mm&r=g\",\"contentUrl\":\"https:\\\/\\\/secure.gravatar.com\\\/avatar\\\/7ca3206950207cc3cb48feec56a8a7898741ab725c368d99d5d7a5a50aab80c6?s=96&d=mm&r=g\",\"caption\":\"Thales Brand\u00e3o\"},\"description\":\"Editor Executivo do Portal CidadeMarketing.com.br &gt; Mestre em Comunica\u00e7\u00e3o e Sociedade pela Universidade Federal de Sergipe. Possui MBA Executivo em Administra\u00e7\u00e3o com \u00eanfase em Marketing pela Funda\u00e7\u00e3o Get\u00falio Vargas - Rio de Janeiro. Consultor, Palestrante e Pesquisador sobre Empreendedorismo, Marketing, Redes Sociais e Neg\u00f3cios Digitais. Professor, Palestrante TedxTalks e Campus Party. Twitter: @ThalesBrandao\",\"sameAs\":[\"http:\\\/\\\/www.mandacaru.com.br\",\"https:\\\/\\\/www.facebook.com\\\/thalesbrandao\",\"http:\\\/\\\/www.instagram.com.br\\\/thalesbrandaoferreira\",\"https:\\\/\\\/www.linkedin.com\\\/in\\\/thales-brand\u00e3o-3948609\\\/\",\"https:\\\/\\\/x.com\\\/http:\\\/\\\/www.twitter.com\\\/thalesbrandao\"],\"url\":\"https:\\\/\\\/www.cidademarketing.com.br\\\/marketing\\\/author\\\/thalesbrandao\\\/\"}]}<\/script>\n<!-- \/ Yoast SEO plugin. -->","yoast_head_json":{"title":"Omint destaca o que \u00e9 realmente importante para seu p\u00fablico em campanha de 40 anos - CidadeMarketing","robots":{"index":"index","follow":"follow","max-snippet":"max-snippet:-1","max-image-preview":"max-image-preview:large","max-video-preview":"max-video-preview:-1"},"canonical":"https:\/\/www.cidademarketing.com.br\/marketing\/2020\/09\/18\/omint-destaca-o-que-e-realmente-importante-para-seu-publico-em-campanha-de-40-anos\/","og_locale":"pt_BR","og_type":"article","og_title":"Omint destaca o que \u00e9 realmente importante para seu p\u00fablico em campanha de 40 anos - CidadeMarketing","og_description":"Cuidado de uma forma ampla come\u00e7a com a valoriza\u00e7\u00e3o e promo\u00e7\u00e3o da sa\u00fade e tamb\u00e9m com a prote\u00e7\u00e3o de si mesmo e de quem se ama. Sob o conceito \u201cvalor ao que \u00e9 importante para voc\u00ea, por voc\u00ea\u201d, a Omint, seguradora e operadora de sa\u00fade l\u00edder no segmento premium, retorna \u00e0 m\u00eddia com uma nova [&hellip;]","og_url":"https:\/\/www.cidademarketing.com.br\/marketing\/2020\/09\/18\/omint-destaca-o-que-e-realmente-importante-para-seu-publico-em-campanha-de-40-anos\/","og_site_name":"CidadeMarketing","article_publisher":"https:\/\/www.facebook.com\/portalcidademarketing","article_author":"https:\/\/www.facebook.com\/thalesbrandao","article_published_time":"2020-09-19T01:07:09+00:00","article_modified_time":"2020-09-19T01:07:14+00:00","og_image":[{"width":1024,"height":557,"url":"https:\/\/www.cidademarketing.com.br\/marketing\/wp-content\/uploads\/2020\/09\/Omint-40-anos_01-1024x557.png","type":"image\/png"}],"author":"Thales Brand\u00e3o","twitter_card":"summary_large_image","twitter_creator":"@http:\/\/www.twitter.com\/thalesbrandao","twitter_site":"@CidadeMarketing","twitter_misc":{"Escrito por":"Thales Brand\u00e3o","Est. tempo de leitura":"5 minutos"},"schema":{"@context":"https:\/\/schema.org","@graph":[{"@type":"Article","@id":"https:\/\/www.cidademarketing.com.br\/marketing\/2020\/09\/18\/omint-destaca-o-que-e-realmente-importante-para-seu-publico-em-campanha-de-40-anos\/#article","isPartOf":{"@id":"https:\/\/www.cidademarketing.com.br\/marketing\/2020\/09\/18\/omint-destaca-o-que-e-realmente-importante-para-seu-publico-em-campanha-de-40-anos\/"},"author":{"name":"Thales Brand\u00e3o","@id":"https:\/\/www.cidademarketing.com.br\/marketing\/#\/schema\/person\/02daff9f18bd9378c9e01eb6b2db155f"},"headline":"Omint destaca o que \u00e9 realmente importante para seu p\u00fablico em campanha de 40 anos","datePublished":"2020-09-19T01:07:09+00:00","dateModified":"2020-09-19T01:07:14+00:00","mainEntityOfPage":{"@id":"https:\/\/www.cidademarketing.com.br\/marketing\/2020\/09\/18\/omint-destaca-o-que-e-realmente-importante-para-seu-publico-em-campanha-de-40-anos\/"},"wordCount":1084,"commentCount":0,"publisher":{"@id":"https:\/\/www.cidademarketing.com.br\/marketing\/#organization"},"image":{"@id":"https:\/\/www.cidademarketing.com.br\/marketing\/2020\/09\/18\/omint-destaca-o-que-e-realmente-importante-para-seu-publico-em-campanha-de-40-anos\/#primaryimage"},"thumbnailUrl":"https:\/\/www.cidademarketing.com.br\/marketing\/wp-content\/uploads\/2020\/09\/Omint-40-anos_01.png","keywords":["campanha","estrat\u00e9gia","marketing","Omint"],"articleSection":["Not\u00edcias"],"inLanguage":"pt-BR","potentialAction":[{"@type":"CommentAction","name":"Comment","target":["https:\/\/www.cidademarketing.com.br\/marketing\/2020\/09\/18\/omint-destaca-o-que-e-realmente-importante-para-seu-publico-em-campanha-de-40-anos\/#respond"]}]},{"@type":"WebPage","@id":"https:\/\/www.cidademarketing.com.br\/marketing\/2020\/09\/18\/omint-destaca-o-que-e-realmente-importante-para-seu-publico-em-campanha-de-40-anos\/","url":"https:\/\/www.cidademarketing.com.br\/marketing\/2020\/09\/18\/omint-destaca-o-que-e-realmente-importante-para-seu-publico-em-campanha-de-40-anos\/","name":"Omint destaca o que \u00e9 realmente importante para seu p\u00fablico em campanha de 40 anos - CidadeMarketing","isPartOf":{"@id":"https:\/\/www.cidademarketing.com.br\/marketing\/#website"},"primaryImageOfPage":{"@id":"https:\/\/www.cidademarketing.com.br\/marketing\/2020\/09\/18\/omint-destaca-o-que-e-realmente-importante-para-seu-publico-em-campanha-de-40-anos\/#primaryimage"},"image":{"@id":"https:\/\/www.cidademarketing.com.br\/marketing\/2020\/09\/18\/omint-destaca-o-que-e-realmente-importante-para-seu-publico-em-campanha-de-40-anos\/#primaryimage"},"thumbnailUrl":"https:\/\/www.cidademarketing.com.br\/marketing\/wp-content\/uploads\/2020\/09\/Omint-40-anos_01.png","datePublished":"2020-09-19T01:07:09+00:00","dateModified":"2020-09-19T01:07:14+00:00","breadcrumb":{"@id":"https:\/\/www.cidademarketing.com.br\/marketing\/2020\/09\/18\/omint-destaca-o-que-e-realmente-importante-para-seu-publico-em-campanha-de-40-anos\/#breadcrumb"},"inLanguage":"pt-BR","potentialAction":[{"@type":"ReadAction","target":["https:\/\/www.cidademarketing.com.br\/marketing\/2020\/09\/18\/omint-destaca-o-que-e-realmente-importante-para-seu-publico-em-campanha-de-40-anos\/"]}]},{"@type":"ImageObject","inLanguage":"pt-BR","@id":"https:\/\/www.cidademarketing.com.br\/marketing\/2020\/09\/18\/omint-destaca-o-que-e-realmente-importante-para-seu-publico-em-campanha-de-40-anos\/#primaryimage","url":"https:\/\/www.cidademarketing.com.br\/marketing\/wp-content\/uploads\/2020\/09\/Omint-40-anos_01.png","contentUrl":"https:\/\/www.cidademarketing.com.br\/marketing\/wp-content\/uploads\/2020\/09\/Omint-40-anos_01.png","width":2848,"height":1548,"caption":"Reprodu\u00e7\u00e3o"},{"@type":"BreadcrumbList","@id":"https:\/\/www.cidademarketing.com.br\/marketing\/2020\/09\/18\/omint-destaca-o-que-e-realmente-importante-para-seu-publico-em-campanha-de-40-anos\/#breadcrumb","itemListElement":[{"@type":"ListItem","position":1,"name":"In\u00edcio","item":"https:\/\/www.cidademarketing.com.br\/marketing\/"},{"@type":"ListItem","position":2,"name":"Omint destaca o que \u00e9 realmente importante para seu p\u00fablico em campanha de 40 anos"}]},{"@type":"WebSite","@id":"https:\/\/www.cidademarketing.com.br\/marketing\/#website","url":"https:\/\/www.cidademarketing.com.br\/marketing\/","name":"CidadeMarketing","description":"Somos um ve\u00edculo de comunica\u00e7\u00e3o de destaque no Brasil, reconhecido por conte\u00fados nos segmentos de marketing, empreendedorismo e inova\u00e7\u00e3o.","publisher":{"@id":"https:\/\/www.cidademarketing.com.br\/marketing\/#organization"},"alternateName":"CidadeMarketing","potentialAction":[{"@type":"SearchAction","target":{"@type":"EntryPoint","urlTemplate":"https:\/\/www.cidademarketing.com.br\/marketing\/?s={search_term_string}"},"query-input":{"@type":"PropertyValueSpecification","valueRequired":true,"valueName":"search_term_string"}}],"inLanguage":"pt-BR"},{"@type":"Organization","@id":"https:\/\/www.cidademarketing.com.br\/marketing\/#organization","name":"CidadeMarketing","alternateName":"CidadeMarketing","url":"https:\/\/www.cidademarketing.com.br\/marketing\/","logo":{"@type":"ImageObject","inLanguage":"pt-BR","@id":"https:\/\/www.cidademarketing.com.br\/marketing\/#\/schema\/logo\/image\/","url":"https:\/\/www.cidademarketing.com.br\/marketing\/wp-content\/uploads\/2020\/01\/cidademarketing_marca_mobile.png","contentUrl":"https:\/\/www.cidademarketing.com.br\/marketing\/wp-content\/uploads\/2020\/01\/cidademarketing_marca_mobile.png","width":230,"height":92,"caption":"CidadeMarketing"},"image":{"@id":"https:\/\/www.cidademarketing.com.br\/marketing\/#\/schema\/logo\/image\/"},"sameAs":["https:\/\/www.facebook.com\/portalcidademarketing","https:\/\/x.com\/CidadeMarketing","https:\/\/www.instagram.com\/cidademarketing\/"]},{"@type":"Person","@id":"https:\/\/www.cidademarketing.com.br\/marketing\/#\/schema\/person\/02daff9f18bd9378c9e01eb6b2db155f","name":"Thales Brand\u00e3o","image":{"@type":"ImageObject","inLanguage":"pt-BR","@id":"https:\/\/secure.gravatar.com\/avatar\/7ca3206950207cc3cb48feec56a8a7898741ab725c368d99d5d7a5a50aab80c6?s=96&d=mm&r=g","url":"https:\/\/secure.gravatar.com\/avatar\/7ca3206950207cc3cb48feec56a8a7898741ab725c368d99d5d7a5a50aab80c6?s=96&d=mm&r=g","contentUrl":"https:\/\/secure.gravatar.com\/avatar\/7ca3206950207cc3cb48feec56a8a7898741ab725c368d99d5d7a5a50aab80c6?s=96&d=mm&r=g","caption":"Thales Brand\u00e3o"},"description":"Editor Executivo do Portal CidadeMarketing.com.br &gt; Mestre em Comunica\u00e7\u00e3o e Sociedade pela Universidade Federal de Sergipe. Possui MBA Executivo em Administra\u00e7\u00e3o com \u00eanfase em Marketing pela Funda\u00e7\u00e3o Get\u00falio Vargas - Rio de Janeiro. Consultor, Palestrante e Pesquisador sobre Empreendedorismo, Marketing, Redes Sociais e Neg\u00f3cios Digitais. Professor, Palestrante TedxTalks e Campus Party. Twitter: @ThalesBrandao","sameAs":["http:\/\/www.mandacaru.com.br","https:\/\/www.facebook.com\/thalesbrandao","http:\/\/www.instagram.com.br\/thalesbrandaoferreira","https:\/\/www.linkedin.com\/in\/thales-brand\u00e3o-3948609\/","https:\/\/x.com\/http:\/\/www.twitter.com\/thalesbrandao"],"url":"https:\/\/www.cidademarketing.com.br\/marketing\/author\/thalesbrandao\/"}]}},"amp_enabled":true,"_links":{"self":[{"href":"https:\/\/www.cidademarketing.com.br\/marketing\/wp-json\/wp\/v2\/posts\/19248","targetHints":{"allow":["GET"]}}],"collection":[{"href":"https:\/\/www.cidademarketing.com.br\/marketing\/wp-json\/wp\/v2\/posts"}],"about":[{"href":"https:\/\/www.cidademarketing.com.br\/marketing\/wp-json\/wp\/v2\/types\/post"}],"author":[{"embeddable":true,"href":"https:\/\/www.cidademarketing.com.br\/marketing\/wp-json\/wp\/v2\/users\/1"}],"replies":[{"embeddable":true,"href":"https:\/\/www.cidademarketing.com.br\/marketing\/wp-json\/wp\/v2\/comments?post=19248"}],"version-history":[{"count":1,"href":"https:\/\/www.cidademarketing.com.br\/marketing\/wp-json\/wp\/v2\/posts\/19248\/revisions"}],"predecessor-version":[{"id":19254,"href":"https:\/\/www.cidademarketing.com.br\/marketing\/wp-json\/wp\/v2\/posts\/19248\/revisions\/19254"}],"wp:featuredmedia":[{"embeddable":true,"href":"https:\/\/www.cidademarketing.com.br\/marketing\/wp-json\/wp\/v2\/media\/19253"}],"wp:attachment":[{"href":"https:\/\/www.cidademarketing.com.br\/marketing\/wp-json\/wp\/v2\/media?parent=19248"}],"wp:term":[{"taxonomy":"category","embeddable":true,"href":"https:\/\/www.cidademarketing.com.br\/marketing\/wp-json\/wp\/v2\/categories?post=19248"},{"taxonomy":"post_tag","embeddable":true,"href":"https:\/\/www.cidademarketing.com.br\/marketing\/wp-json\/wp\/v2\/tags?post=19248"}],"curies":[{"name":"wp","href":"https:\/\/api.w.org\/{rel}","templated":true}]}}