{"id":19176,"date":"2020-09-17T15:07:51","date_gmt":"2020-09-17T18:07:51","guid":{"rendered":"https:\/\/www.cidademarketing.com.br\/marketing\/?p=19176"},"modified":"2020-09-17T15:24:12","modified_gmt":"2020-09-17T18:24:12","slug":"belas-artes-cria-evento-online-sobre-economia-criativa-para-comemorar-95-anos","status":"publish","type":"post","link":"https:\/\/www.cidademarketing.com.br\/marketing\/2020\/09\/17\/belas-artes-cria-evento-online-sobre-economia-criativa-para-comemorar-95-anos\/","title":{"rendered":"Belas Artes cria evento online sobre Economia Criativa para comemorar 95 anos"},"content":{"rendered":"\n<p>O Centro Universit\u00e1rio Belas Artes completa 95 anos em setembro e para celebrar a data promove o 1\u00ba F\u00f3rum Online de Economia Criativa. O evento acontece de 22 a 23 de setembro e a programa\u00e7\u00e3o contar\u00e1 com conte\u00fados exclusivos distribu\u00eddos entre webinars, cursos gratuitos com certifica\u00e7\u00e3o, e-books, entre outros, todos com profissionais do mercado refer\u00eancias em suas \u00e1reas e que v\u00e3o debater o tema macro \u201cProje\u00e7\u00f5es, Cen\u00e1rios e Comportamentos\u201d.<\/p>\n\n\n\n<p>A abertura do evento \u00e9 no dia 22, \u00e0s 18h10, com Manuela Bordash, Idealizadora da plataforma Steal The look e do Push, que apresenta o tema \u201cTransforma\u00e7\u00e3o Digital na Moda\u201d. Em seguida, \u00e0s 19h30, Manuela Villela, gerente de parcerias latam do Google\/Youtube, fala sobre \u201cO Poder do Youtube no Brasil\u201d.&nbsp; No dia seguinte, o primeiro webinar \u00e9 o \u201cBranding pessoal e sociedade 5.0\u201d com a Coordenadora de P\u00f3s-Gradua\u00e7\u00e3o da Belas Artes, Marcia Auriani e com o Mestre em Branding Rodrigo Amorim. Marcos Sterenkrantz, Head de inova\u00e7\u00e3o da XP Ventures, e Thiago Godoy Nascimento, Head de Educa\u00e7\u00e3o Financeira da XP Inc., falam da \u201cEduca\u00e7\u00e3o Financeira e o Papel da XP nesse Processo. O terceiro e \u00faltimo dia do F\u00f3rum tem Luiz Arruda, Head da WGSN, &nbsp;com o tema \u201cO Consumidor do Futuro 2022\u201d,&nbsp; e, Diogo Rejtman Guimar\u00e3es, Director Omnichannel Consumer Experience Marketing da adidas, fecha o evento falando sobre \u201cO Varejo e o Novo Consumidor\u201d.<\/p>\n\n\n\n<p>A inscri\u00e7\u00e3o para o F\u00f3rum \u00e9 gratuita e pode ser feita no site <a href=\"https:\/\/aniversario.belasartes.br\/\" target=\"_blank\" rel=\"noreferrer noopener\">https:\/\/aniversario.belasartes.br\/<\/a>. Ap\u00f3s o cadastro, no dia do evento o interessado receber\u00e1 um link de acesso para o zoom onde acompanhar\u00e1 os webinars, participar\u00e1 dos cursos entre outros.<\/p>\n\n\n\n<p>Al\u00e9m de participar de um evento com o intuito de expandir os conhecimentos, os cursos ter\u00e3o certificados para os participantes.<\/p>\n\n\n\n<p><strong>Belas Artes 95 anos<\/strong><\/p>\n\n\n\n<p>A Belas Artes comemora 95 anos de muita hist\u00f3ria e que se mistura com o cen\u00e1rio cultural da cidade de S\u00e3o Paulo, que nessa \u00e9poca j\u00e1 se destacava como um novo centro econ\u00f4mico brasileiro.<\/p>\n\n\n\n<p>Seu fundador, Pedro Augusto Gomes Cardim, teve grande contribui\u00e7\u00e3o para o principal marco do Modernismo brasileiro: a Semana de Arte Moderna em 1922, que revelou novos artistas, novos grupos, uma nova era. Fundada em 1925, motivada pela inquietude de Pedro Augusto Gomes Cardim, que tamb\u00e9m teve sua contribui\u00e7\u00e3o na constru\u00e7\u00e3o do Teatro Municipal de S\u00e3o Paulo, no Conservat\u00f3rio de M\u00fasica, na Academia de Letras entre outros.<\/p>\n\n\n\n<p>A ent\u00e3o Escola de Bellas Artes, formou grande nomes como Francisca Franco da Rocha, Antonio Garcia Moya e Benedito Calixto Neto, respons\u00e1vel pelo projeto do Santu\u00e1rio Nacional de Nossa Senhora Aparecida.<\/p>\n\n\n\n<p>Atualmente liderada pela 4\u00ba gera\u00e7\u00e3o da fam\u00edlia Gomes Cardim, a Belas Artes continua com a sua ess\u00eancia de revelar novos talentos, de questionar o presente, buscar novos meios, de propor discuss\u00f5es construtivas para uma sociedade atuante, cidad\u00e3 e globalizada.<\/p>\n\n\n\n<p><strong>Servi\u00e7o<\/strong><strong><br>1\u00ba F\u00f3rum Online de Economia Criativa Belas Artes<br>22, 23 e 24 de setembro<br>18h<br>Inscri\u00e7\u00f5es em <\/strong><a href=\"https:\/\/aniversario.belasartes.br\/\" target=\"_blank\" rel=\"noreferrer noopener\"><strong>https:\/\/aniversario.belasartes.br\/<\/strong><\/a><\/p>\n","protected":false},"excerpt":{"rendered":"<p>O Centro Universit\u00e1rio Belas Artes completa 95 anos em setembro e para celebrar a data promove o 1\u00ba F\u00f3rum Online de Economia Criativa. O evento acontece de 22 a 23 de setembro e a programa\u00e7\u00e3o contar\u00e1 com conte\u00fados exclusivos distribu\u00eddos entre webinars, cursos gratuitos com certifica\u00e7\u00e3o, e-books, entre outros, todos com profissionais do mercado refer\u00eancias [&hellip;]<\/p>\n","protected":false},"author":1,"featured_media":19177,"comment_status":"open","ping_status":"open","sticky":false,"template":"","format":"standard","meta":{"tdm_status":"","tdm_grid_status":"","footnotes":""},"categories":[6],"tags":[2452,631],"class_list":["post-19176","post","type-post","status-publish","format-standard","has-post-thumbnail","hentry","category-noticias","tag-belas-artes","tag-economia-criativa"],"yoast_head":"<!-- This site is optimized with the Yoast SEO plugin v27.5 - https:\/\/yoast.com\/product\/yoast-seo-wordpress\/ -->\n<title>Belas Artes cria evento online sobre Economia Criativa para comemorar 95 anos - CidadeMarketing<\/title>\n<meta name=\"robots\" content=\"index, follow, max-snippet:-1, max-image-preview:large, max-video-preview:-1\" \/>\n<link rel=\"canonical\" href=\"https:\/\/www.cidademarketing.com.br\/marketing\/2020\/09\/17\/belas-artes-cria-evento-online-sobre-economia-criativa-para-comemorar-95-anos\/\" \/>\n<meta property=\"og:locale\" content=\"pt_BR\" \/>\n<meta property=\"og:type\" content=\"article\" \/>\n<meta property=\"og:title\" content=\"Belas Artes cria evento online sobre Economia Criativa para comemorar 95 anos - CidadeMarketing\" \/>\n<meta property=\"og:description\" content=\"O Centro Universit\u00e1rio Belas Artes completa 95 anos em setembro e para celebrar a data promove o 1\u00ba F\u00f3rum Online de Economia Criativa. O evento acontece de 22 a 23 de setembro e a programa\u00e7\u00e3o contar\u00e1 com conte\u00fados exclusivos distribu\u00eddos entre webinars, cursos gratuitos com certifica\u00e7\u00e3o, e-books, entre outros, todos com profissionais do mercado refer\u00eancias [&hellip;]\" \/>\n<meta property=\"og:url\" content=\"https:\/\/www.cidademarketing.com.br\/marketing\/2020\/09\/17\/belas-artes-cria-evento-online-sobre-economia-criativa-para-comemorar-95-anos\/\" \/>\n<meta property=\"og:site_name\" content=\"CidadeMarketing\" \/>\n<meta property=\"article:publisher\" content=\"https:\/\/www.facebook.com\/portalcidademarketing\" \/>\n<meta property=\"article:author\" content=\"https:\/\/www.facebook.com\/thalesbrandao\" \/>\n<meta property=\"article:published_time\" content=\"2020-09-17T18:07:51+00:00\" \/>\n<meta property=\"article:modified_time\" content=\"2020-09-17T18:24:12+00:00\" \/>\n<meta property=\"og:image\" content=\"https:\/\/www.cidademarketing.com.br\/marketing\/wp-content\/uploads\/2020\/09\/belasartes_95anos.jpg\" \/>\n\t<meta property=\"og:image:width\" content=\"924\" \/>\n\t<meta property=\"og:image:height\" content=\"500\" \/>\n\t<meta property=\"og:image:type\" content=\"image\/jpeg\" \/>\n<meta name=\"author\" content=\"Thales Brand\u00e3o\" \/>\n<meta name=\"twitter:card\" content=\"summary_large_image\" \/>\n<meta name=\"twitter:creator\" content=\"@http:\/\/www.twitter.com\/thalesbrandao\" \/>\n<meta name=\"twitter:site\" content=\"@CidadeMarketing\" \/>\n<meta name=\"twitter:label1\" content=\"Escrito por\" \/>\n\t<meta name=\"twitter:data1\" content=\"Thales Brand\u00e3o\" \/>\n\t<meta name=\"twitter:label2\" content=\"Est. tempo de leitura\" \/>\n\t<meta name=\"twitter:data2\" content=\"3 minutos\" \/>\n<script type=\"application\/ld+json\" class=\"yoast-schema-graph\">{\"@context\":\"https:\\\/\\\/schema.org\",\"@graph\":[{\"@type\":\"Article\",\"@id\":\"https:\\\/\\\/www.cidademarketing.com.br\\\/marketing\\\/2020\\\/09\\\/17\\\/belas-artes-cria-evento-online-sobre-economia-criativa-para-comemorar-95-anos\\\/#article\",\"isPartOf\":{\"@id\":\"https:\\\/\\\/www.cidademarketing.com.br\\\/marketing\\\/2020\\\/09\\\/17\\\/belas-artes-cria-evento-online-sobre-economia-criativa-para-comemorar-95-anos\\\/\"},\"author\":{\"name\":\"Thales Brand\u00e3o\",\"@id\":\"https:\\\/\\\/www.cidademarketing.com.br\\\/marketing\\\/#\\\/schema\\\/person\\\/02daff9f18bd9378c9e01eb6b2db155f\"},\"headline\":\"Belas Artes cria evento online sobre Economia Criativa para comemorar 95 anos\",\"datePublished\":\"2020-09-17T18:07:51+00:00\",\"dateModified\":\"2020-09-17T18:24:12+00:00\",\"mainEntityOfPage\":{\"@id\":\"https:\\\/\\\/www.cidademarketing.com.br\\\/marketing\\\/2020\\\/09\\\/17\\\/belas-artes-cria-evento-online-sobre-economia-criativa-para-comemorar-95-anos\\\/\"},\"wordCount\":521,\"commentCount\":0,\"publisher\":{\"@id\":\"https:\\\/\\\/www.cidademarketing.com.br\\\/marketing\\\/#organization\"},\"image\":{\"@id\":\"https:\\\/\\\/www.cidademarketing.com.br\\\/marketing\\\/2020\\\/09\\\/17\\\/belas-artes-cria-evento-online-sobre-economia-criativa-para-comemorar-95-anos\\\/#primaryimage\"},\"thumbnailUrl\":\"https:\\\/\\\/www.cidademarketing.com.br\\\/marketing\\\/wp-content\\\/uploads\\\/2020\\\/09\\\/belasartes_95anos.jpg\",\"keywords\":[\"Belas Artes\",\"economia criativa\"],\"articleSection\":[\"Not\u00edcias\"],\"inLanguage\":\"pt-BR\",\"potentialAction\":[{\"@type\":\"CommentAction\",\"name\":\"Comment\",\"target\":[\"https:\\\/\\\/www.cidademarketing.com.br\\\/marketing\\\/2020\\\/09\\\/17\\\/belas-artes-cria-evento-online-sobre-economia-criativa-para-comemorar-95-anos\\\/#respond\"]}]},{\"@type\":\"WebPage\",\"@id\":\"https:\\\/\\\/www.cidademarketing.com.br\\\/marketing\\\/2020\\\/09\\\/17\\\/belas-artes-cria-evento-online-sobre-economia-criativa-para-comemorar-95-anos\\\/\",\"url\":\"https:\\\/\\\/www.cidademarketing.com.br\\\/marketing\\\/2020\\\/09\\\/17\\\/belas-artes-cria-evento-online-sobre-economia-criativa-para-comemorar-95-anos\\\/\",\"name\":\"Belas Artes cria evento online sobre Economia Criativa para comemorar 95 anos - CidadeMarketing\",\"isPartOf\":{\"@id\":\"https:\\\/\\\/www.cidademarketing.com.br\\\/marketing\\\/#website\"},\"primaryImageOfPage\":{\"@id\":\"https:\\\/\\\/www.cidademarketing.com.br\\\/marketing\\\/2020\\\/09\\\/17\\\/belas-artes-cria-evento-online-sobre-economia-criativa-para-comemorar-95-anos\\\/#primaryimage\"},\"image\":{\"@id\":\"https:\\\/\\\/www.cidademarketing.com.br\\\/marketing\\\/2020\\\/09\\\/17\\\/belas-artes-cria-evento-online-sobre-economia-criativa-para-comemorar-95-anos\\\/#primaryimage\"},\"thumbnailUrl\":\"https:\\\/\\\/www.cidademarketing.com.br\\\/marketing\\\/wp-content\\\/uploads\\\/2020\\\/09\\\/belasartes_95anos.jpg\",\"datePublished\":\"2020-09-17T18:07:51+00:00\",\"dateModified\":\"2020-09-17T18:24:12+00:00\",\"breadcrumb\":{\"@id\":\"https:\\\/\\\/www.cidademarketing.com.br\\\/marketing\\\/2020\\\/09\\\/17\\\/belas-artes-cria-evento-online-sobre-economia-criativa-para-comemorar-95-anos\\\/#breadcrumb\"},\"inLanguage\":\"pt-BR\",\"potentialAction\":[{\"@type\":\"ReadAction\",\"target\":[\"https:\\\/\\\/www.cidademarketing.com.br\\\/marketing\\\/2020\\\/09\\\/17\\\/belas-artes-cria-evento-online-sobre-economia-criativa-para-comemorar-95-anos\\\/\"]}]},{\"@type\":\"ImageObject\",\"inLanguage\":\"pt-BR\",\"@id\":\"https:\\\/\\\/www.cidademarketing.com.br\\\/marketing\\\/2020\\\/09\\\/17\\\/belas-artes-cria-evento-online-sobre-economia-criativa-para-comemorar-95-anos\\\/#primaryimage\",\"url\":\"https:\\\/\\\/www.cidademarketing.com.br\\\/marketing\\\/wp-content\\\/uploads\\\/2020\\\/09\\\/belasartes_95anos.jpg\",\"contentUrl\":\"https:\\\/\\\/www.cidademarketing.com.br\\\/marketing\\\/wp-content\\\/uploads\\\/2020\\\/09\\\/belasartes_95anos.jpg\",\"width\":924,\"height\":500},{\"@type\":\"BreadcrumbList\",\"@id\":\"https:\\\/\\\/www.cidademarketing.com.br\\\/marketing\\\/2020\\\/09\\\/17\\\/belas-artes-cria-evento-online-sobre-economia-criativa-para-comemorar-95-anos\\\/#breadcrumb\",\"itemListElement\":[{\"@type\":\"ListItem\",\"position\":1,\"name\":\"In\u00edcio\",\"item\":\"https:\\\/\\\/www.cidademarketing.com.br\\\/marketing\\\/\"},{\"@type\":\"ListItem\",\"position\":2,\"name\":\"Belas Artes cria evento online sobre Economia Criativa para comemorar 95 anos\"}]},{\"@type\":\"WebSite\",\"@id\":\"https:\\\/\\\/www.cidademarketing.com.br\\\/marketing\\\/#website\",\"url\":\"https:\\\/\\\/www.cidademarketing.com.br\\\/marketing\\\/\",\"name\":\"CidadeMarketing\",\"description\":\"Somos um ve\u00edculo de comunica\u00e7\u00e3o de destaque no Brasil, reconhecido por conte\u00fados nos segmentos de marketing, empreendedorismo e inova\u00e7\u00e3o.\",\"publisher\":{\"@id\":\"https:\\\/\\\/www.cidademarketing.com.br\\\/marketing\\\/#organization\"},\"alternateName\":\"CidadeMarketing\",\"potentialAction\":[{\"@type\":\"SearchAction\",\"target\":{\"@type\":\"EntryPoint\",\"urlTemplate\":\"https:\\\/\\\/www.cidademarketing.com.br\\\/marketing\\\/?s={search_term_string}\"},\"query-input\":{\"@type\":\"PropertyValueSpecification\",\"valueRequired\":true,\"valueName\":\"search_term_string\"}}],\"inLanguage\":\"pt-BR\"},{\"@type\":\"Organization\",\"@id\":\"https:\\\/\\\/www.cidademarketing.com.br\\\/marketing\\\/#organization\",\"name\":\"CidadeMarketing\",\"alternateName\":\"CidadeMarketing\",\"url\":\"https:\\\/\\\/www.cidademarketing.com.br\\\/marketing\\\/\",\"logo\":{\"@type\":\"ImageObject\",\"inLanguage\":\"pt-BR\",\"@id\":\"https:\\\/\\\/www.cidademarketing.com.br\\\/marketing\\\/#\\\/schema\\\/logo\\\/image\\\/\",\"url\":\"https:\\\/\\\/www.cidademarketing.com.br\\\/marketing\\\/wp-content\\\/uploads\\\/2020\\\/01\\\/cidademarketing_marca_mobile.png\",\"contentUrl\":\"https:\\\/\\\/www.cidademarketing.com.br\\\/marketing\\\/wp-content\\\/uploads\\\/2020\\\/01\\\/cidademarketing_marca_mobile.png\",\"width\":230,\"height\":92,\"caption\":\"CidadeMarketing\"},\"image\":{\"@id\":\"https:\\\/\\\/www.cidademarketing.com.br\\\/marketing\\\/#\\\/schema\\\/logo\\\/image\\\/\"},\"sameAs\":[\"https:\\\/\\\/www.facebook.com\\\/portalcidademarketing\",\"https:\\\/\\\/x.com\\\/CidadeMarketing\",\"https:\\\/\\\/www.instagram.com\\\/cidademarketing\\\/\"]},{\"@type\":\"Person\",\"@id\":\"https:\\\/\\\/www.cidademarketing.com.br\\\/marketing\\\/#\\\/schema\\\/person\\\/02daff9f18bd9378c9e01eb6b2db155f\",\"name\":\"Thales Brand\u00e3o\",\"image\":{\"@type\":\"ImageObject\",\"inLanguage\":\"pt-BR\",\"@id\":\"https:\\\/\\\/secure.gravatar.com\\\/avatar\\\/7ca3206950207cc3cb48feec56a8a7898741ab725c368d99d5d7a5a50aab80c6?s=96&d=mm&r=g\",\"url\":\"https:\\\/\\\/secure.gravatar.com\\\/avatar\\\/7ca3206950207cc3cb48feec56a8a7898741ab725c368d99d5d7a5a50aab80c6?s=96&d=mm&r=g\",\"contentUrl\":\"https:\\\/\\\/secure.gravatar.com\\\/avatar\\\/7ca3206950207cc3cb48feec56a8a7898741ab725c368d99d5d7a5a50aab80c6?s=96&d=mm&r=g\",\"caption\":\"Thales Brand\u00e3o\"},\"description\":\"Editor Executivo do Portal CidadeMarketing.com.br &gt; Mestre em Comunica\u00e7\u00e3o e Sociedade pela Universidade Federal de Sergipe. Possui MBA Executivo em Administra\u00e7\u00e3o com \u00eanfase em Marketing pela Funda\u00e7\u00e3o Get\u00falio Vargas - Rio de Janeiro. Consultor, Palestrante e Pesquisador sobre Empreendedorismo, Marketing, Redes Sociais e Neg\u00f3cios Digitais. Professor, Palestrante TedxTalks e Campus Party. Twitter: @ThalesBrandao\",\"sameAs\":[\"http:\\\/\\\/www.mandacaru.com.br\",\"https:\\\/\\\/www.facebook.com\\\/thalesbrandao\",\"http:\\\/\\\/www.instagram.com.br\\\/thalesbrandaoferreira\",\"https:\\\/\\\/www.linkedin.com\\\/in\\\/thales-brand\u00e3o-3948609\\\/\",\"https:\\\/\\\/x.com\\\/http:\\\/\\\/www.twitter.com\\\/thalesbrandao\"],\"url\":\"https:\\\/\\\/www.cidademarketing.com.br\\\/marketing\\\/author\\\/thalesbrandao\\\/\"}]}<\/script>\n<!-- \/ Yoast SEO plugin. -->","yoast_head_json":{"title":"Belas Artes cria evento online sobre Economia Criativa para comemorar 95 anos - CidadeMarketing","robots":{"index":"index","follow":"follow","max-snippet":"max-snippet:-1","max-image-preview":"max-image-preview:large","max-video-preview":"max-video-preview:-1"},"canonical":"https:\/\/www.cidademarketing.com.br\/marketing\/2020\/09\/17\/belas-artes-cria-evento-online-sobre-economia-criativa-para-comemorar-95-anos\/","og_locale":"pt_BR","og_type":"article","og_title":"Belas Artes cria evento online sobre Economia Criativa para comemorar 95 anos - CidadeMarketing","og_description":"O Centro Universit\u00e1rio Belas Artes completa 95 anos em setembro e para celebrar a data promove o 1\u00ba F\u00f3rum Online de Economia Criativa. O evento acontece de 22 a 23 de setembro e a programa\u00e7\u00e3o contar\u00e1 com conte\u00fados exclusivos distribu\u00eddos entre webinars, cursos gratuitos com certifica\u00e7\u00e3o, e-books, entre outros, todos com profissionais do mercado refer\u00eancias [&hellip;]","og_url":"https:\/\/www.cidademarketing.com.br\/marketing\/2020\/09\/17\/belas-artes-cria-evento-online-sobre-economia-criativa-para-comemorar-95-anos\/","og_site_name":"CidadeMarketing","article_publisher":"https:\/\/www.facebook.com\/portalcidademarketing","article_author":"https:\/\/www.facebook.com\/thalesbrandao","article_published_time":"2020-09-17T18:07:51+00:00","article_modified_time":"2020-09-17T18:24:12+00:00","og_image":[{"width":924,"height":500,"url":"https:\/\/www.cidademarketing.com.br\/marketing\/wp-content\/uploads\/2020\/09\/belasartes_95anos.jpg","type":"image\/jpeg"}],"author":"Thales Brand\u00e3o","twitter_card":"summary_large_image","twitter_creator":"@http:\/\/www.twitter.com\/thalesbrandao","twitter_site":"@CidadeMarketing","twitter_misc":{"Escrito por":"Thales Brand\u00e3o","Est. tempo de leitura":"3 minutos"},"schema":{"@context":"https:\/\/schema.org","@graph":[{"@type":"Article","@id":"https:\/\/www.cidademarketing.com.br\/marketing\/2020\/09\/17\/belas-artes-cria-evento-online-sobre-economia-criativa-para-comemorar-95-anos\/#article","isPartOf":{"@id":"https:\/\/www.cidademarketing.com.br\/marketing\/2020\/09\/17\/belas-artes-cria-evento-online-sobre-economia-criativa-para-comemorar-95-anos\/"},"author":{"name":"Thales Brand\u00e3o","@id":"https:\/\/www.cidademarketing.com.br\/marketing\/#\/schema\/person\/02daff9f18bd9378c9e01eb6b2db155f"},"headline":"Belas Artes cria evento online sobre Economia Criativa para comemorar 95 anos","datePublished":"2020-09-17T18:07:51+00:00","dateModified":"2020-09-17T18:24:12+00:00","mainEntityOfPage":{"@id":"https:\/\/www.cidademarketing.com.br\/marketing\/2020\/09\/17\/belas-artes-cria-evento-online-sobre-economia-criativa-para-comemorar-95-anos\/"},"wordCount":521,"commentCount":0,"publisher":{"@id":"https:\/\/www.cidademarketing.com.br\/marketing\/#organization"},"image":{"@id":"https:\/\/www.cidademarketing.com.br\/marketing\/2020\/09\/17\/belas-artes-cria-evento-online-sobre-economia-criativa-para-comemorar-95-anos\/#primaryimage"},"thumbnailUrl":"https:\/\/www.cidademarketing.com.br\/marketing\/wp-content\/uploads\/2020\/09\/belasartes_95anos.jpg","keywords":["Belas Artes","economia criativa"],"articleSection":["Not\u00edcias"],"inLanguage":"pt-BR","potentialAction":[{"@type":"CommentAction","name":"Comment","target":["https:\/\/www.cidademarketing.com.br\/marketing\/2020\/09\/17\/belas-artes-cria-evento-online-sobre-economia-criativa-para-comemorar-95-anos\/#respond"]}]},{"@type":"WebPage","@id":"https:\/\/www.cidademarketing.com.br\/marketing\/2020\/09\/17\/belas-artes-cria-evento-online-sobre-economia-criativa-para-comemorar-95-anos\/","url":"https:\/\/www.cidademarketing.com.br\/marketing\/2020\/09\/17\/belas-artes-cria-evento-online-sobre-economia-criativa-para-comemorar-95-anos\/","name":"Belas Artes cria evento online sobre Economia Criativa para comemorar 95 anos - CidadeMarketing","isPartOf":{"@id":"https:\/\/www.cidademarketing.com.br\/marketing\/#website"},"primaryImageOfPage":{"@id":"https:\/\/www.cidademarketing.com.br\/marketing\/2020\/09\/17\/belas-artes-cria-evento-online-sobre-economia-criativa-para-comemorar-95-anos\/#primaryimage"},"image":{"@id":"https:\/\/www.cidademarketing.com.br\/marketing\/2020\/09\/17\/belas-artes-cria-evento-online-sobre-economia-criativa-para-comemorar-95-anos\/#primaryimage"},"thumbnailUrl":"https:\/\/www.cidademarketing.com.br\/marketing\/wp-content\/uploads\/2020\/09\/belasartes_95anos.jpg","datePublished":"2020-09-17T18:07:51+00:00","dateModified":"2020-09-17T18:24:12+00:00","breadcrumb":{"@id":"https:\/\/www.cidademarketing.com.br\/marketing\/2020\/09\/17\/belas-artes-cria-evento-online-sobre-economia-criativa-para-comemorar-95-anos\/#breadcrumb"},"inLanguage":"pt-BR","potentialAction":[{"@type":"ReadAction","target":["https:\/\/www.cidademarketing.com.br\/marketing\/2020\/09\/17\/belas-artes-cria-evento-online-sobre-economia-criativa-para-comemorar-95-anos\/"]}]},{"@type":"ImageObject","inLanguage":"pt-BR","@id":"https:\/\/www.cidademarketing.com.br\/marketing\/2020\/09\/17\/belas-artes-cria-evento-online-sobre-economia-criativa-para-comemorar-95-anos\/#primaryimage","url":"https:\/\/www.cidademarketing.com.br\/marketing\/wp-content\/uploads\/2020\/09\/belasartes_95anos.jpg","contentUrl":"https:\/\/www.cidademarketing.com.br\/marketing\/wp-content\/uploads\/2020\/09\/belasartes_95anos.jpg","width":924,"height":500},{"@type":"BreadcrumbList","@id":"https:\/\/www.cidademarketing.com.br\/marketing\/2020\/09\/17\/belas-artes-cria-evento-online-sobre-economia-criativa-para-comemorar-95-anos\/#breadcrumb","itemListElement":[{"@type":"ListItem","position":1,"name":"In\u00edcio","item":"https:\/\/www.cidademarketing.com.br\/marketing\/"},{"@type":"ListItem","position":2,"name":"Belas Artes cria evento online sobre Economia Criativa para comemorar 95 anos"}]},{"@type":"WebSite","@id":"https:\/\/www.cidademarketing.com.br\/marketing\/#website","url":"https:\/\/www.cidademarketing.com.br\/marketing\/","name":"CidadeMarketing","description":"Somos um ve\u00edculo de comunica\u00e7\u00e3o de destaque no Brasil, reconhecido por conte\u00fados nos segmentos de marketing, empreendedorismo e inova\u00e7\u00e3o.","publisher":{"@id":"https:\/\/www.cidademarketing.com.br\/marketing\/#organization"},"alternateName":"CidadeMarketing","potentialAction":[{"@type":"SearchAction","target":{"@type":"EntryPoint","urlTemplate":"https:\/\/www.cidademarketing.com.br\/marketing\/?s={search_term_string}"},"query-input":{"@type":"PropertyValueSpecification","valueRequired":true,"valueName":"search_term_string"}}],"inLanguage":"pt-BR"},{"@type":"Organization","@id":"https:\/\/www.cidademarketing.com.br\/marketing\/#organization","name":"CidadeMarketing","alternateName":"CidadeMarketing","url":"https:\/\/www.cidademarketing.com.br\/marketing\/","logo":{"@type":"ImageObject","inLanguage":"pt-BR","@id":"https:\/\/www.cidademarketing.com.br\/marketing\/#\/schema\/logo\/image\/","url":"https:\/\/www.cidademarketing.com.br\/marketing\/wp-content\/uploads\/2020\/01\/cidademarketing_marca_mobile.png","contentUrl":"https:\/\/www.cidademarketing.com.br\/marketing\/wp-content\/uploads\/2020\/01\/cidademarketing_marca_mobile.png","width":230,"height":92,"caption":"CidadeMarketing"},"image":{"@id":"https:\/\/www.cidademarketing.com.br\/marketing\/#\/schema\/logo\/image\/"},"sameAs":["https:\/\/www.facebook.com\/portalcidademarketing","https:\/\/x.com\/CidadeMarketing","https:\/\/www.instagram.com\/cidademarketing\/"]},{"@type":"Person","@id":"https:\/\/www.cidademarketing.com.br\/marketing\/#\/schema\/person\/02daff9f18bd9378c9e01eb6b2db155f","name":"Thales Brand\u00e3o","image":{"@type":"ImageObject","inLanguage":"pt-BR","@id":"https:\/\/secure.gravatar.com\/avatar\/7ca3206950207cc3cb48feec56a8a7898741ab725c368d99d5d7a5a50aab80c6?s=96&d=mm&r=g","url":"https:\/\/secure.gravatar.com\/avatar\/7ca3206950207cc3cb48feec56a8a7898741ab725c368d99d5d7a5a50aab80c6?s=96&d=mm&r=g","contentUrl":"https:\/\/secure.gravatar.com\/avatar\/7ca3206950207cc3cb48feec56a8a7898741ab725c368d99d5d7a5a50aab80c6?s=96&d=mm&r=g","caption":"Thales Brand\u00e3o"},"description":"Editor Executivo do Portal CidadeMarketing.com.br &gt; Mestre em Comunica\u00e7\u00e3o e Sociedade pela Universidade Federal de Sergipe. Possui MBA Executivo em Administra\u00e7\u00e3o com \u00eanfase em Marketing pela Funda\u00e7\u00e3o Get\u00falio Vargas - Rio de Janeiro. Consultor, Palestrante e Pesquisador sobre Empreendedorismo, Marketing, Redes Sociais e Neg\u00f3cios Digitais. Professor, Palestrante TedxTalks e Campus Party. Twitter: @ThalesBrandao","sameAs":["http:\/\/www.mandacaru.com.br","https:\/\/www.facebook.com\/thalesbrandao","http:\/\/www.instagram.com.br\/thalesbrandaoferreira","https:\/\/www.linkedin.com\/in\/thales-brand\u00e3o-3948609\/","https:\/\/x.com\/http:\/\/www.twitter.com\/thalesbrandao"],"url":"https:\/\/www.cidademarketing.com.br\/marketing\/author\/thalesbrandao\/"}]}},"amp_enabled":true,"_links":{"self":[{"href":"https:\/\/www.cidademarketing.com.br\/marketing\/wp-json\/wp\/v2\/posts\/19176","targetHints":{"allow":["GET"]}}],"collection":[{"href":"https:\/\/www.cidademarketing.com.br\/marketing\/wp-json\/wp\/v2\/posts"}],"about":[{"href":"https:\/\/www.cidademarketing.com.br\/marketing\/wp-json\/wp\/v2\/types\/post"}],"author":[{"embeddable":true,"href":"https:\/\/www.cidademarketing.com.br\/marketing\/wp-json\/wp\/v2\/users\/1"}],"replies":[{"embeddable":true,"href":"https:\/\/www.cidademarketing.com.br\/marketing\/wp-json\/wp\/v2\/comments?post=19176"}],"version-history":[{"count":1,"href":"https:\/\/www.cidademarketing.com.br\/marketing\/wp-json\/wp\/v2\/posts\/19176\/revisions"}],"predecessor-version":[{"id":19178,"href":"https:\/\/www.cidademarketing.com.br\/marketing\/wp-json\/wp\/v2\/posts\/19176\/revisions\/19178"}],"wp:featuredmedia":[{"embeddable":true,"href":"https:\/\/www.cidademarketing.com.br\/marketing\/wp-json\/wp\/v2\/media\/19177"}],"wp:attachment":[{"href":"https:\/\/www.cidademarketing.com.br\/marketing\/wp-json\/wp\/v2\/media?parent=19176"}],"wp:term":[{"taxonomy":"category","embeddable":true,"href":"https:\/\/www.cidademarketing.com.br\/marketing\/wp-json\/wp\/v2\/categories?post=19176"},{"taxonomy":"post_tag","embeddable":true,"href":"https:\/\/www.cidademarketing.com.br\/marketing\/wp-json\/wp\/v2\/tags?post=19176"}],"curies":[{"name":"wp","href":"https:\/\/api.w.org\/{rel}","templated":true}]}}