{"id":1912,"date":"2018-08-23T11:49:53","date_gmt":"2018-08-23T14:49:53","guid":{"rendered":"http:\/\/www.cidademarketing.com.br\/marketing\/?p=1912"},"modified":"2018-08-23T11:49:53","modified_gmt":"2018-08-23T14:49:53","slug":"samsung-lg-philips-e-toshiba-atuaram-com-cartel-no-preco-de-tvs-atingindo-o-brasil-afirma-cade","status":"publish","type":"post","link":"https:\/\/www.cidademarketing.com.br\/marketing\/2018\/08\/23\/samsung-lg-philips-e-toshiba-atuaram-com-cartel-no-preco-de-tvs-atingindo-o-brasil-afirma-cade\/","title":{"rendered":"Samsung, LG, Philips e Toshiba atuaram com cartel no pre\u00e7o de TVs atingindo o Brasil, afirma Cade"},"content":{"rendered":"<p>O Conselho Administrativo de Defesa Econ\u00f4mica (Cade) julgou, nesta quarta-feira (22\/08), dois cart\u00e9is internacionais no mercado de tubo de raios cat\u00f3dicos (em ingl\u00eas, <em>Cathode Ray Tubes \u2013 CRT<\/em>s). Ap\u00f3s investiga\u00e7\u00e3o, a autoridade antitruste concluiu que fabricantes de componentes para imagem colorida de televisores (em ingl\u00eas, C<em>olor Picture Tube \u2013 CPTs<\/em>) e para monitores coloridos de computadores (em ingl\u00eas, <em>Color Display Tubes \u2013 CDTs<\/em>) se uniram com o objetivo de realizar pr\u00e1ticas anticompetitivas, que causaram danos ao mercado brasileiro por mais de uma d\u00e9cada.<\/p>\n<p>As pr\u00e1ticas anticompetitivas ocorreram entre 1995 e 2007, e envolveram os maiores fabricantes mundiais de CRTs. Os cart\u00e9is foram marcados pela troca regular de informa\u00e7\u00f5es comercialmente sens\u00edveis, fixa\u00e7\u00e3o de pre\u00e7os, divis\u00e3o de mercado e restri\u00e7\u00e3o da produ\u00e7\u00e3o do produto. Segundo as investiga\u00e7\u00f5es, os acordos entre os concorrentes foram acertados por e-mail e em reuni\u00f5es bilaterais e multilaterais.<\/p>\n<p>As condutas afetaram a concorr\u00eancia no mercado de tubos para imagem colorida e causaram preju\u00edzos no Brasil. Foram lesadas as empresas que adquiriram, via importa\u00e7\u00e3o, os produtos das representadas, e os consumidores brasileiros que compraram televisores e computadores fabricados com essa tecnologia.<\/p>\n<p>Constam nos autos dos processos provas que demonstram, inclusive, a realiza\u00e7\u00e3o de reuni\u00f5es no Brasil, al\u00e9m de men\u00e7\u00f5es expressas a clientes brasileiros em encontros realizados em outros pa\u00edses.<\/p>\n<p>As provas de que as condutas ocorreram e causaram preju\u00edzos ao mercado nacional foram obtidas, principalmente, por meio dos acordos de leni\u00eancia e Termos de Compromisso de Cessa\u00e7\u00e3o (TCCs) celebrados com o Cade por empresas e pessoas f\u00edsicas envolvidas no conluio.<\/p>\n<p>Os cart\u00e9is no mercado de CRTs tamb\u00e9m foram alvo de investiga\u00e7\u00f5es e condena\u00e7\u00f5es em outras jurisdi\u00e7\u00f5es, como Estados Unidos, Uni\u00e3o Europeia, Jap\u00e3o, Rep\u00fablica Tcheca, Hungria e Coreia do Sul.<\/p>\n<p><strong>Julgamento<\/strong><\/p>\n<p>Durante a sess\u00e3o desta quarta-feira, o Tribunal, por unanimidade, seguiu o voto do conselheiro Paulo Burnier e condenou as empresas Toshiba Corporation e MT Picture Display, al\u00e9m de uma pessoa f\u00edsica, por cartel no mercado internacional de CPTs (08012.002414\/2009-92). Elas foram multadas em R$ 4,9 milh\u00f5es, no total.<\/p>\n<p>Tamb\u00e9m por unanimidade, o Conselho seguiu entendimento do conselheiro Mauricio Oscar Bandeira Maia e arquivou o processo de cartel no mercado de CDTs (08012.010338\/2014-11) em rela\u00e7\u00e3o \u00e0 MT Picture Display, \u00fanica empresa que n\u00e3o firmou acordo de cessa\u00e7\u00e3o com o Cade durante a investiga\u00e7\u00e3o do caso. O Tribunal entendeu que n\u00e3o h\u00e1 ind\u00edcios suficientes de sua participa\u00e7\u00e3o nesse cartel.<\/p>\n<p>Com as decis\u00f5es proferidas hoje, o Cade alcan\u00e7a o n\u00famero de dez cart\u00e9is internacionais julgados pelo colegiado.<\/p>\n<p><strong>Leni\u00eancias e TCCs<\/strong><\/p>\n<p>As investiga\u00e7\u00f5es tiveram in\u00edcio a partir de acordos de leni\u00eancia firmados em 2008 com a Samsung e pessoas f\u00edsicas relacionadas ao grupo, que confessaram participa\u00e7\u00e3o nos cart\u00e9is e apresentaram provas das infra\u00e7\u00f5es e de seus efeitos no Brasil. No julgamento desta quarta-feira, o Conselho extinguiu a punibilidade dos benefici\u00e1rios da leni\u00eancia, em raz\u00e3o do cumprimento total dos acordos.<\/p>\n<p>Nos dois processos foram celebrados Termos de Compromisso de Cessa\u00e7\u00e3o (TCCs), nos quais as partes admitiram participa\u00e7\u00e3o na conduta investigada, se comprometeram a cessar a pr\u00e1tica e a colaborar com o \u00f3rg\u00e3o antitruste na elucida\u00e7\u00e3o dos fatos. S\u00e3o signat\u00e1rios dos acordos as empresas LG Electronics, LG Electronics do Brasil, Koninklijke Philips, Philips do Brasil, Chunghwa Picture Tubes, LP Displays International (controladora da LP Displays Amaz\u00f4nia), LP Displays International Limited, Technicolor, e cinco pessoas f\u00edsicas.<\/p>\n<p>Acesse o processo referente ao mercado internacional de CPTs (<a class=\"external-link\" title=\"\" href=\"https:\/\/sei.cade.gov.br\/sei\/modulos\/pesquisa\/md_pesq_processo_exibir.php?KOXi3eEqJC73dCc3G_MH5w73G76ivtXYDDG65Jr7vK4fhNNdRnnFDgAfJTIfRn8_ywCudV1gCNGrQiNgXFAcnaGjig7A9qR9AjF7aXtiwPo3Fn6jkpWDdl6Nc7aJxhyi\" target=\"_blank\" rel=\"noopener\">08012.002414\/2009-92<\/a>).<\/p>\n<p>Acesse o processo referente ao mercado internacional de CDTs (<a class=\"external-link\" title=\"\" href=\"https:\/\/sei.cade.gov.br\/sei\/modulos\/pesquisa\/md_pesq_processo_exibir.php?2pXoYgv29q86Rn-fAe4ZUaXIR3v7-gVxEWL1JeB-RtUgqOwvr6Zlwydl0IhRNSr2Q22lByVKByYDYwsa13_JxgwxjUB3mA0SVOOslfE3WW9QuGGejDrjU5dEHceNeK-k\" target=\"_blank\" rel=\"noopener\">08012.010338\/2009-99<\/a>).<\/p>\n","protected":false},"excerpt":{"rendered":"<p>O Conselho Administrativo de Defesa Econ\u00f4mica (Cade) julgou, nesta quarta-feira (22\/08), dois cart\u00e9is internacionais no mercado de tubo de raios cat\u00f3dicos (em ingl\u00eas, Cathode Ray Tubes \u2013 CRTs). Ap\u00f3s investiga\u00e7\u00e3o, a autoridade antitruste concluiu que fabricantes de componentes para imagem colorida de televisores (em ingl\u00eas, Color Picture Tube \u2013 CPTs) e para monitores coloridos de [&hellip;]<\/p>\n","protected":false},"author":1,"featured_media":1913,"comment_status":"open","ping_status":"open","sticky":false,"template":"","format":"standard","meta":{"tdm_status":"","tdm_grid_status":"","footnotes":""},"categories":[9,6],"tags":[425,201,73,424],"class_list":["post-1912","post","type-post","status-publish","format-standard","has-post-thumbnail","hentry","category-consumidor","category-noticias","tag-lg","tag-philips","tag-samsung","tag-toshiba"],"yoast_head":"<!-- This site is optimized with the Yoast SEO plugin v27.5 - https:\/\/yoast.com\/product\/yoast-seo-wordpress\/ -->\n<title>Samsung, LG, Philips e Toshiba atuaram com cartel no pre\u00e7o de TVs atingindo o Brasil, afirma Cade - CidadeMarketing<\/title>\n<meta name=\"robots\" content=\"index, follow, max-snippet:-1, max-image-preview:large, max-video-preview:-1\" \/>\n<link rel=\"canonical\" href=\"https:\/\/www.cidademarketing.com.br\/marketing\/2018\/08\/23\/samsung-lg-philips-e-toshiba-atuaram-com-cartel-no-preco-de-tvs-atingindo-o-brasil-afirma-cade\/\" \/>\n<meta property=\"og:locale\" content=\"pt_BR\" \/>\n<meta property=\"og:type\" content=\"article\" \/>\n<meta property=\"og:title\" content=\"Samsung, LG, Philips e Toshiba atuaram com cartel no pre\u00e7o de TVs atingindo o Brasil, afirma Cade - CidadeMarketing\" \/>\n<meta property=\"og:description\" content=\"O Conselho Administrativo de Defesa Econ\u00f4mica (Cade) julgou, nesta quarta-feira (22\/08), dois cart\u00e9is internacionais no mercado de tubo de raios cat\u00f3dicos (em ingl\u00eas, Cathode Ray Tubes \u2013 CRTs). Ap\u00f3s investiga\u00e7\u00e3o, a autoridade antitruste concluiu que fabricantes de componentes para imagem colorida de televisores (em ingl\u00eas, Color Picture Tube \u2013 CPTs) e para monitores coloridos de [&hellip;]\" \/>\n<meta property=\"og:url\" content=\"https:\/\/www.cidademarketing.com.br\/marketing\/2018\/08\/23\/samsung-lg-philips-e-toshiba-atuaram-com-cartel-no-preco-de-tvs-atingindo-o-brasil-afirma-cade\/\" \/>\n<meta property=\"og:site_name\" content=\"CidadeMarketing\" \/>\n<meta property=\"article:publisher\" content=\"https:\/\/www.facebook.com\/portalcidademarketing\" \/>\n<meta property=\"article:author\" content=\"https:\/\/www.facebook.com\/thalesbrandao\" \/>\n<meta property=\"article:published_time\" content=\"2018-08-23T14:49:53+00:00\" \/>\n<meta property=\"og:image\" content=\"https:\/\/www.cidademarketing.com.br\/marketing\/wp-content\/uploads\/2018\/08\/tv_toshiba.jpg\" \/>\n\t<meta property=\"og:image:width\" content=\"1600\" \/>\n\t<meta property=\"og:image:height\" content=\"1200\" \/>\n\t<meta property=\"og:image:type\" content=\"image\/jpeg\" \/>\n<meta name=\"author\" content=\"Thales Brand\u00e3o\" \/>\n<meta name=\"twitter:card\" content=\"summary_large_image\" \/>\n<meta name=\"twitter:creator\" content=\"@http:\/\/www.twitter.com\/thalesbrandao\" \/>\n<meta name=\"twitter:site\" content=\"@CidadeMarketing\" \/>\n<meta name=\"twitter:label1\" content=\"Escrito por\" \/>\n\t<meta name=\"twitter:data1\" content=\"Thales Brand\u00e3o\" \/>\n\t<meta name=\"twitter:label2\" content=\"Est. tempo de leitura\" \/>\n\t<meta name=\"twitter:data2\" content=\"3 minutos\" \/>\n<script type=\"application\/ld+json\" class=\"yoast-schema-graph\">{\"@context\":\"https:\\\/\\\/schema.org\",\"@graph\":[{\"@type\":\"Article\",\"@id\":\"https:\\\/\\\/www.cidademarketing.com.br\\\/marketing\\\/2018\\\/08\\\/23\\\/samsung-lg-philips-e-toshiba-atuaram-com-cartel-no-preco-de-tvs-atingindo-o-brasil-afirma-cade\\\/#article\",\"isPartOf\":{\"@id\":\"https:\\\/\\\/www.cidademarketing.com.br\\\/marketing\\\/2018\\\/08\\\/23\\\/samsung-lg-philips-e-toshiba-atuaram-com-cartel-no-preco-de-tvs-atingindo-o-brasil-afirma-cade\\\/\"},\"author\":{\"name\":\"Thales Brand\u00e3o\",\"@id\":\"https:\\\/\\\/www.cidademarketing.com.br\\\/marketing\\\/#\\\/schema\\\/person\\\/02daff9f18bd9378c9e01eb6b2db155f\"},\"headline\":\"Samsung, LG, Philips e Toshiba atuaram com cartel no pre\u00e7o de TVs atingindo o Brasil, afirma Cade\",\"datePublished\":\"2018-08-23T14:49:53+00:00\",\"mainEntityOfPage\":{\"@id\":\"https:\\\/\\\/www.cidademarketing.com.br\\\/marketing\\\/2018\\\/08\\\/23\\\/samsung-lg-philips-e-toshiba-atuaram-com-cartel-no-preco-de-tvs-atingindo-o-brasil-afirma-cade\\\/\"},\"wordCount\":646,\"commentCount\":0,\"publisher\":{\"@id\":\"https:\\\/\\\/www.cidademarketing.com.br\\\/marketing\\\/#organization\"},\"image\":{\"@id\":\"https:\\\/\\\/www.cidademarketing.com.br\\\/marketing\\\/2018\\\/08\\\/23\\\/samsung-lg-philips-e-toshiba-atuaram-com-cartel-no-preco-de-tvs-atingindo-o-brasil-afirma-cade\\\/#primaryimage\"},\"thumbnailUrl\":\"https:\\\/\\\/www.cidademarketing.com.br\\\/marketing\\\/wp-content\\\/uploads\\\/2018\\\/08\\\/tv_toshiba.jpg\",\"keywords\":[\"LG\",\"Philips\",\"Samsung\",\"Toshiba\"],\"articleSection\":[\"Consumidor\",\"Not\u00edcias\"],\"inLanguage\":\"pt-BR\",\"potentialAction\":[{\"@type\":\"CommentAction\",\"name\":\"Comment\",\"target\":[\"https:\\\/\\\/www.cidademarketing.com.br\\\/marketing\\\/2018\\\/08\\\/23\\\/samsung-lg-philips-e-toshiba-atuaram-com-cartel-no-preco-de-tvs-atingindo-o-brasil-afirma-cade\\\/#respond\"]}]},{\"@type\":\"WebPage\",\"@id\":\"https:\\\/\\\/www.cidademarketing.com.br\\\/marketing\\\/2018\\\/08\\\/23\\\/samsung-lg-philips-e-toshiba-atuaram-com-cartel-no-preco-de-tvs-atingindo-o-brasil-afirma-cade\\\/\",\"url\":\"https:\\\/\\\/www.cidademarketing.com.br\\\/marketing\\\/2018\\\/08\\\/23\\\/samsung-lg-philips-e-toshiba-atuaram-com-cartel-no-preco-de-tvs-atingindo-o-brasil-afirma-cade\\\/\",\"name\":\"Samsung, LG, Philips e Toshiba atuaram com cartel no pre\u00e7o de TVs atingindo o Brasil, afirma Cade - CidadeMarketing\",\"isPartOf\":{\"@id\":\"https:\\\/\\\/www.cidademarketing.com.br\\\/marketing\\\/#website\"},\"primaryImageOfPage\":{\"@id\":\"https:\\\/\\\/www.cidademarketing.com.br\\\/marketing\\\/2018\\\/08\\\/23\\\/samsung-lg-philips-e-toshiba-atuaram-com-cartel-no-preco-de-tvs-atingindo-o-brasil-afirma-cade\\\/#primaryimage\"},\"image\":{\"@id\":\"https:\\\/\\\/www.cidademarketing.com.br\\\/marketing\\\/2018\\\/08\\\/23\\\/samsung-lg-philips-e-toshiba-atuaram-com-cartel-no-preco-de-tvs-atingindo-o-brasil-afirma-cade\\\/#primaryimage\"},\"thumbnailUrl\":\"https:\\\/\\\/www.cidademarketing.com.br\\\/marketing\\\/wp-content\\\/uploads\\\/2018\\\/08\\\/tv_toshiba.jpg\",\"datePublished\":\"2018-08-23T14:49:53+00:00\",\"breadcrumb\":{\"@id\":\"https:\\\/\\\/www.cidademarketing.com.br\\\/marketing\\\/2018\\\/08\\\/23\\\/samsung-lg-philips-e-toshiba-atuaram-com-cartel-no-preco-de-tvs-atingindo-o-brasil-afirma-cade\\\/#breadcrumb\"},\"inLanguage\":\"pt-BR\",\"potentialAction\":[{\"@type\":\"ReadAction\",\"target\":[\"https:\\\/\\\/www.cidademarketing.com.br\\\/marketing\\\/2018\\\/08\\\/23\\\/samsung-lg-philips-e-toshiba-atuaram-com-cartel-no-preco-de-tvs-atingindo-o-brasil-afirma-cade\\\/\"]}]},{\"@type\":\"ImageObject\",\"inLanguage\":\"pt-BR\",\"@id\":\"https:\\\/\\\/www.cidademarketing.com.br\\\/marketing\\\/2018\\\/08\\\/23\\\/samsung-lg-philips-e-toshiba-atuaram-com-cartel-no-preco-de-tvs-atingindo-o-brasil-afirma-cade\\\/#primaryimage\",\"url\":\"https:\\\/\\\/www.cidademarketing.com.br\\\/marketing\\\/wp-content\\\/uploads\\\/2018\\\/08\\\/tv_toshiba.jpg\",\"contentUrl\":\"https:\\\/\\\/www.cidademarketing.com.br\\\/marketing\\\/wp-content\\\/uploads\\\/2018\\\/08\\\/tv_toshiba.jpg\",\"width\":1600,\"height\":1200,\"caption\":\"Reprodu\u00e7\u00e3o\\\/Google\"},{\"@type\":\"BreadcrumbList\",\"@id\":\"https:\\\/\\\/www.cidademarketing.com.br\\\/marketing\\\/2018\\\/08\\\/23\\\/samsung-lg-philips-e-toshiba-atuaram-com-cartel-no-preco-de-tvs-atingindo-o-brasil-afirma-cade\\\/#breadcrumb\",\"itemListElement\":[{\"@type\":\"ListItem\",\"position\":1,\"name\":\"In\u00edcio\",\"item\":\"https:\\\/\\\/www.cidademarketing.com.br\\\/marketing\\\/\"},{\"@type\":\"ListItem\",\"position\":2,\"name\":\"Samsung, LG, Philips e Toshiba atuaram com cartel no pre\u00e7o de TVs atingindo o Brasil, afirma Cade\"}]},{\"@type\":\"WebSite\",\"@id\":\"https:\\\/\\\/www.cidademarketing.com.br\\\/marketing\\\/#website\",\"url\":\"https:\\\/\\\/www.cidademarketing.com.br\\\/marketing\\\/\",\"name\":\"CidadeMarketing\",\"description\":\"Somos um ve\u00edculo de comunica\u00e7\u00e3o de destaque no Brasil, reconhecido por conte\u00fados nos segmentos de marketing, empreendedorismo e inova\u00e7\u00e3o.\",\"publisher\":{\"@id\":\"https:\\\/\\\/www.cidademarketing.com.br\\\/marketing\\\/#organization\"},\"alternateName\":\"CidadeMarketing\",\"potentialAction\":[{\"@type\":\"SearchAction\",\"target\":{\"@type\":\"EntryPoint\",\"urlTemplate\":\"https:\\\/\\\/www.cidademarketing.com.br\\\/marketing\\\/?s={search_term_string}\"},\"query-input\":{\"@type\":\"PropertyValueSpecification\",\"valueRequired\":true,\"valueName\":\"search_term_string\"}}],\"inLanguage\":\"pt-BR\"},{\"@type\":\"Organization\",\"@id\":\"https:\\\/\\\/www.cidademarketing.com.br\\\/marketing\\\/#organization\",\"name\":\"CidadeMarketing\",\"alternateName\":\"CidadeMarketing\",\"url\":\"https:\\\/\\\/www.cidademarketing.com.br\\\/marketing\\\/\",\"logo\":{\"@type\":\"ImageObject\",\"inLanguage\":\"pt-BR\",\"@id\":\"https:\\\/\\\/www.cidademarketing.com.br\\\/marketing\\\/#\\\/schema\\\/logo\\\/image\\\/\",\"url\":\"https:\\\/\\\/www.cidademarketing.com.br\\\/marketing\\\/wp-content\\\/uploads\\\/2020\\\/01\\\/cidademarketing_marca_mobile.png\",\"contentUrl\":\"https:\\\/\\\/www.cidademarketing.com.br\\\/marketing\\\/wp-content\\\/uploads\\\/2020\\\/01\\\/cidademarketing_marca_mobile.png\",\"width\":230,\"height\":92,\"caption\":\"CidadeMarketing\"},\"image\":{\"@id\":\"https:\\\/\\\/www.cidademarketing.com.br\\\/marketing\\\/#\\\/schema\\\/logo\\\/image\\\/\"},\"sameAs\":[\"https:\\\/\\\/www.facebook.com\\\/portalcidademarketing\",\"https:\\\/\\\/x.com\\\/CidadeMarketing\",\"https:\\\/\\\/www.instagram.com\\\/cidademarketing\\\/\"]},{\"@type\":\"Person\",\"@id\":\"https:\\\/\\\/www.cidademarketing.com.br\\\/marketing\\\/#\\\/schema\\\/person\\\/02daff9f18bd9378c9e01eb6b2db155f\",\"name\":\"Thales Brand\u00e3o\",\"image\":{\"@type\":\"ImageObject\",\"inLanguage\":\"pt-BR\",\"@id\":\"https:\\\/\\\/secure.gravatar.com\\\/avatar\\\/7ca3206950207cc3cb48feec56a8a7898741ab725c368d99d5d7a5a50aab80c6?s=96&d=mm&r=g\",\"url\":\"https:\\\/\\\/secure.gravatar.com\\\/avatar\\\/7ca3206950207cc3cb48feec56a8a7898741ab725c368d99d5d7a5a50aab80c6?s=96&d=mm&r=g\",\"contentUrl\":\"https:\\\/\\\/secure.gravatar.com\\\/avatar\\\/7ca3206950207cc3cb48feec56a8a7898741ab725c368d99d5d7a5a50aab80c6?s=96&d=mm&r=g\",\"caption\":\"Thales Brand\u00e3o\"},\"description\":\"Editor Executivo do Portal CidadeMarketing.com.br &gt; Mestre em Comunica\u00e7\u00e3o e Sociedade pela Universidade Federal de Sergipe. Possui MBA Executivo em Administra\u00e7\u00e3o com \u00eanfase em Marketing pela Funda\u00e7\u00e3o Get\u00falio Vargas - Rio de Janeiro. Consultor, Palestrante e Pesquisador sobre Empreendedorismo, Marketing, Redes Sociais e Neg\u00f3cios Digitais. Professor, Palestrante TedxTalks e Campus Party. Twitter: @ThalesBrandao\",\"sameAs\":[\"http:\\\/\\\/www.mandacaru.com.br\",\"https:\\\/\\\/www.facebook.com\\\/thalesbrandao\",\"http:\\\/\\\/www.instagram.com.br\\\/thalesbrandaoferreira\",\"https:\\\/\\\/www.linkedin.com\\\/in\\\/thales-brand\u00e3o-3948609\\\/\",\"https:\\\/\\\/x.com\\\/http:\\\/\\\/www.twitter.com\\\/thalesbrandao\"],\"url\":\"https:\\\/\\\/www.cidademarketing.com.br\\\/marketing\\\/author\\\/thalesbrandao\\\/\"}]}<\/script>\n<!-- \/ Yoast SEO plugin. -->","yoast_head_json":{"title":"Samsung, LG, Philips e Toshiba atuaram com cartel no pre\u00e7o de TVs atingindo o Brasil, afirma Cade - CidadeMarketing","robots":{"index":"index","follow":"follow","max-snippet":"max-snippet:-1","max-image-preview":"max-image-preview:large","max-video-preview":"max-video-preview:-1"},"canonical":"https:\/\/www.cidademarketing.com.br\/marketing\/2018\/08\/23\/samsung-lg-philips-e-toshiba-atuaram-com-cartel-no-preco-de-tvs-atingindo-o-brasil-afirma-cade\/","og_locale":"pt_BR","og_type":"article","og_title":"Samsung, LG, Philips e Toshiba atuaram com cartel no pre\u00e7o de TVs atingindo o Brasil, afirma Cade - CidadeMarketing","og_description":"O Conselho Administrativo de Defesa Econ\u00f4mica (Cade) julgou, nesta quarta-feira (22\/08), dois cart\u00e9is internacionais no mercado de tubo de raios cat\u00f3dicos (em ingl\u00eas, Cathode Ray Tubes \u2013 CRTs). Ap\u00f3s investiga\u00e7\u00e3o, a autoridade antitruste concluiu que fabricantes de componentes para imagem colorida de televisores (em ingl\u00eas, Color Picture Tube \u2013 CPTs) e para monitores coloridos de [&hellip;]","og_url":"https:\/\/www.cidademarketing.com.br\/marketing\/2018\/08\/23\/samsung-lg-philips-e-toshiba-atuaram-com-cartel-no-preco-de-tvs-atingindo-o-brasil-afirma-cade\/","og_site_name":"CidadeMarketing","article_publisher":"https:\/\/www.facebook.com\/portalcidademarketing","article_author":"https:\/\/www.facebook.com\/thalesbrandao","article_published_time":"2018-08-23T14:49:53+00:00","og_image":[{"width":1600,"height":1200,"url":"https:\/\/www.cidademarketing.com.br\/marketing\/wp-content\/uploads\/2018\/08\/tv_toshiba.jpg","type":"image\/jpeg"}],"author":"Thales Brand\u00e3o","twitter_card":"summary_large_image","twitter_creator":"@http:\/\/www.twitter.com\/thalesbrandao","twitter_site":"@CidadeMarketing","twitter_misc":{"Escrito por":"Thales Brand\u00e3o","Est. tempo de leitura":"3 minutos"},"schema":{"@context":"https:\/\/schema.org","@graph":[{"@type":"Article","@id":"https:\/\/www.cidademarketing.com.br\/marketing\/2018\/08\/23\/samsung-lg-philips-e-toshiba-atuaram-com-cartel-no-preco-de-tvs-atingindo-o-brasil-afirma-cade\/#article","isPartOf":{"@id":"https:\/\/www.cidademarketing.com.br\/marketing\/2018\/08\/23\/samsung-lg-philips-e-toshiba-atuaram-com-cartel-no-preco-de-tvs-atingindo-o-brasil-afirma-cade\/"},"author":{"name":"Thales Brand\u00e3o","@id":"https:\/\/www.cidademarketing.com.br\/marketing\/#\/schema\/person\/02daff9f18bd9378c9e01eb6b2db155f"},"headline":"Samsung, LG, Philips e Toshiba atuaram com cartel no pre\u00e7o de TVs atingindo o Brasil, afirma Cade","datePublished":"2018-08-23T14:49:53+00:00","mainEntityOfPage":{"@id":"https:\/\/www.cidademarketing.com.br\/marketing\/2018\/08\/23\/samsung-lg-philips-e-toshiba-atuaram-com-cartel-no-preco-de-tvs-atingindo-o-brasil-afirma-cade\/"},"wordCount":646,"commentCount":0,"publisher":{"@id":"https:\/\/www.cidademarketing.com.br\/marketing\/#organization"},"image":{"@id":"https:\/\/www.cidademarketing.com.br\/marketing\/2018\/08\/23\/samsung-lg-philips-e-toshiba-atuaram-com-cartel-no-preco-de-tvs-atingindo-o-brasil-afirma-cade\/#primaryimage"},"thumbnailUrl":"https:\/\/www.cidademarketing.com.br\/marketing\/wp-content\/uploads\/2018\/08\/tv_toshiba.jpg","keywords":["LG","Philips","Samsung","Toshiba"],"articleSection":["Consumidor","Not\u00edcias"],"inLanguage":"pt-BR","potentialAction":[{"@type":"CommentAction","name":"Comment","target":["https:\/\/www.cidademarketing.com.br\/marketing\/2018\/08\/23\/samsung-lg-philips-e-toshiba-atuaram-com-cartel-no-preco-de-tvs-atingindo-o-brasil-afirma-cade\/#respond"]}]},{"@type":"WebPage","@id":"https:\/\/www.cidademarketing.com.br\/marketing\/2018\/08\/23\/samsung-lg-philips-e-toshiba-atuaram-com-cartel-no-preco-de-tvs-atingindo-o-brasil-afirma-cade\/","url":"https:\/\/www.cidademarketing.com.br\/marketing\/2018\/08\/23\/samsung-lg-philips-e-toshiba-atuaram-com-cartel-no-preco-de-tvs-atingindo-o-brasil-afirma-cade\/","name":"Samsung, LG, Philips e Toshiba atuaram com cartel no pre\u00e7o de TVs atingindo o Brasil, afirma Cade - CidadeMarketing","isPartOf":{"@id":"https:\/\/www.cidademarketing.com.br\/marketing\/#website"},"primaryImageOfPage":{"@id":"https:\/\/www.cidademarketing.com.br\/marketing\/2018\/08\/23\/samsung-lg-philips-e-toshiba-atuaram-com-cartel-no-preco-de-tvs-atingindo-o-brasil-afirma-cade\/#primaryimage"},"image":{"@id":"https:\/\/www.cidademarketing.com.br\/marketing\/2018\/08\/23\/samsung-lg-philips-e-toshiba-atuaram-com-cartel-no-preco-de-tvs-atingindo-o-brasil-afirma-cade\/#primaryimage"},"thumbnailUrl":"https:\/\/www.cidademarketing.com.br\/marketing\/wp-content\/uploads\/2018\/08\/tv_toshiba.jpg","datePublished":"2018-08-23T14:49:53+00:00","breadcrumb":{"@id":"https:\/\/www.cidademarketing.com.br\/marketing\/2018\/08\/23\/samsung-lg-philips-e-toshiba-atuaram-com-cartel-no-preco-de-tvs-atingindo-o-brasil-afirma-cade\/#breadcrumb"},"inLanguage":"pt-BR","potentialAction":[{"@type":"ReadAction","target":["https:\/\/www.cidademarketing.com.br\/marketing\/2018\/08\/23\/samsung-lg-philips-e-toshiba-atuaram-com-cartel-no-preco-de-tvs-atingindo-o-brasil-afirma-cade\/"]}]},{"@type":"ImageObject","inLanguage":"pt-BR","@id":"https:\/\/www.cidademarketing.com.br\/marketing\/2018\/08\/23\/samsung-lg-philips-e-toshiba-atuaram-com-cartel-no-preco-de-tvs-atingindo-o-brasil-afirma-cade\/#primaryimage","url":"https:\/\/www.cidademarketing.com.br\/marketing\/wp-content\/uploads\/2018\/08\/tv_toshiba.jpg","contentUrl":"https:\/\/www.cidademarketing.com.br\/marketing\/wp-content\/uploads\/2018\/08\/tv_toshiba.jpg","width":1600,"height":1200,"caption":"Reprodu\u00e7\u00e3o\/Google"},{"@type":"BreadcrumbList","@id":"https:\/\/www.cidademarketing.com.br\/marketing\/2018\/08\/23\/samsung-lg-philips-e-toshiba-atuaram-com-cartel-no-preco-de-tvs-atingindo-o-brasil-afirma-cade\/#breadcrumb","itemListElement":[{"@type":"ListItem","position":1,"name":"In\u00edcio","item":"https:\/\/www.cidademarketing.com.br\/marketing\/"},{"@type":"ListItem","position":2,"name":"Samsung, LG, Philips e Toshiba atuaram com cartel no pre\u00e7o de TVs atingindo o Brasil, afirma Cade"}]},{"@type":"WebSite","@id":"https:\/\/www.cidademarketing.com.br\/marketing\/#website","url":"https:\/\/www.cidademarketing.com.br\/marketing\/","name":"CidadeMarketing","description":"Somos um ve\u00edculo de comunica\u00e7\u00e3o de destaque no Brasil, reconhecido por conte\u00fados nos segmentos de marketing, empreendedorismo e inova\u00e7\u00e3o.","publisher":{"@id":"https:\/\/www.cidademarketing.com.br\/marketing\/#organization"},"alternateName":"CidadeMarketing","potentialAction":[{"@type":"SearchAction","target":{"@type":"EntryPoint","urlTemplate":"https:\/\/www.cidademarketing.com.br\/marketing\/?s={search_term_string}"},"query-input":{"@type":"PropertyValueSpecification","valueRequired":true,"valueName":"search_term_string"}}],"inLanguage":"pt-BR"},{"@type":"Organization","@id":"https:\/\/www.cidademarketing.com.br\/marketing\/#organization","name":"CidadeMarketing","alternateName":"CidadeMarketing","url":"https:\/\/www.cidademarketing.com.br\/marketing\/","logo":{"@type":"ImageObject","inLanguage":"pt-BR","@id":"https:\/\/www.cidademarketing.com.br\/marketing\/#\/schema\/logo\/image\/","url":"https:\/\/www.cidademarketing.com.br\/marketing\/wp-content\/uploads\/2020\/01\/cidademarketing_marca_mobile.png","contentUrl":"https:\/\/www.cidademarketing.com.br\/marketing\/wp-content\/uploads\/2020\/01\/cidademarketing_marca_mobile.png","width":230,"height":92,"caption":"CidadeMarketing"},"image":{"@id":"https:\/\/www.cidademarketing.com.br\/marketing\/#\/schema\/logo\/image\/"},"sameAs":["https:\/\/www.facebook.com\/portalcidademarketing","https:\/\/x.com\/CidadeMarketing","https:\/\/www.instagram.com\/cidademarketing\/"]},{"@type":"Person","@id":"https:\/\/www.cidademarketing.com.br\/marketing\/#\/schema\/person\/02daff9f18bd9378c9e01eb6b2db155f","name":"Thales Brand\u00e3o","image":{"@type":"ImageObject","inLanguage":"pt-BR","@id":"https:\/\/secure.gravatar.com\/avatar\/7ca3206950207cc3cb48feec56a8a7898741ab725c368d99d5d7a5a50aab80c6?s=96&d=mm&r=g","url":"https:\/\/secure.gravatar.com\/avatar\/7ca3206950207cc3cb48feec56a8a7898741ab725c368d99d5d7a5a50aab80c6?s=96&d=mm&r=g","contentUrl":"https:\/\/secure.gravatar.com\/avatar\/7ca3206950207cc3cb48feec56a8a7898741ab725c368d99d5d7a5a50aab80c6?s=96&d=mm&r=g","caption":"Thales Brand\u00e3o"},"description":"Editor Executivo do Portal CidadeMarketing.com.br &gt; Mestre em Comunica\u00e7\u00e3o e Sociedade pela Universidade Federal de Sergipe. Possui MBA Executivo em Administra\u00e7\u00e3o com \u00eanfase em Marketing pela Funda\u00e7\u00e3o Get\u00falio Vargas - Rio de Janeiro. Consultor, Palestrante e Pesquisador sobre Empreendedorismo, Marketing, Redes Sociais e Neg\u00f3cios Digitais. Professor, Palestrante TedxTalks e Campus Party. Twitter: @ThalesBrandao","sameAs":["http:\/\/www.mandacaru.com.br","https:\/\/www.facebook.com\/thalesbrandao","http:\/\/www.instagram.com.br\/thalesbrandaoferreira","https:\/\/www.linkedin.com\/in\/thales-brand\u00e3o-3948609\/","https:\/\/x.com\/http:\/\/www.twitter.com\/thalesbrandao"],"url":"https:\/\/www.cidademarketing.com.br\/marketing\/author\/thalesbrandao\/"}]}},"amp_enabled":true,"_links":{"self":[{"href":"https:\/\/www.cidademarketing.com.br\/marketing\/wp-json\/wp\/v2\/posts\/1912","targetHints":{"allow":["GET"]}}],"collection":[{"href":"https:\/\/www.cidademarketing.com.br\/marketing\/wp-json\/wp\/v2\/posts"}],"about":[{"href":"https:\/\/www.cidademarketing.com.br\/marketing\/wp-json\/wp\/v2\/types\/post"}],"author":[{"embeddable":true,"href":"https:\/\/www.cidademarketing.com.br\/marketing\/wp-json\/wp\/v2\/users\/1"}],"replies":[{"embeddable":true,"href":"https:\/\/www.cidademarketing.com.br\/marketing\/wp-json\/wp\/v2\/comments?post=1912"}],"version-history":[{"count":1,"href":"https:\/\/www.cidademarketing.com.br\/marketing\/wp-json\/wp\/v2\/posts\/1912\/revisions"}],"predecessor-version":[{"id":1914,"href":"https:\/\/www.cidademarketing.com.br\/marketing\/wp-json\/wp\/v2\/posts\/1912\/revisions\/1914"}],"wp:featuredmedia":[{"embeddable":true,"href":"https:\/\/www.cidademarketing.com.br\/marketing\/wp-json\/wp\/v2\/media\/1913"}],"wp:attachment":[{"href":"https:\/\/www.cidademarketing.com.br\/marketing\/wp-json\/wp\/v2\/media?parent=1912"}],"wp:term":[{"taxonomy":"category","embeddable":true,"href":"https:\/\/www.cidademarketing.com.br\/marketing\/wp-json\/wp\/v2\/categories?post=1912"},{"taxonomy":"post_tag","embeddable":true,"href":"https:\/\/www.cidademarketing.com.br\/marketing\/wp-json\/wp\/v2\/tags?post=1912"}],"curies":[{"name":"wp","href":"https:\/\/api.w.org\/{rel}","templated":true}]}}