{"id":19110,"date":"2020-09-14T21:20:17","date_gmt":"2020-09-15T00:20:17","guid":{"rendered":"https:\/\/www.cidademarketing.com.br\/marketing\/?p=19110"},"modified":"2020-09-14T21:20:22","modified_gmt":"2020-09-15T00:20:22","slug":"em-campanha-amstel-celebra-o-retorno-dos-jogos-da-conmebol-libertadores-2020","status":"publish","type":"post","link":"https:\/\/www.cidademarketing.com.br\/marketing\/2020\/09\/14\/em-campanha-amstel-celebra-o-retorno-dos-jogos-da-conmebol-libertadores-2020\/","title":{"rendered":"Em campanha, Amstel celebra o retorno dos jogos da Conmebol Libertadores 2020"},"content":{"rendered":"\n<p>Seguindo o conceito \u201cQuanto maior o desafio, maior nossa paix\u00e3o\u201d, a marca explora diversas demonstra\u00e7\u00f5es de amor dos torcedores pelos seus times. O filme ser\u00e1 veiculado no Brasil, Argentina e Paraguai e em canais de m\u00eddia digital durante todo o campeonato.<\/p>\n\n\n\n<p>Para Renan Ciccone, diretor de marketing da marca Amstel no Brasil, a CONMEBOL LIBERTADORES \u00e9 um dos campeonatos mais esperado da Am\u00e9rica Latina, e o cen\u00e1rio da pandemia e paralisa\u00e7\u00e3o dos jogos faz desse retorno um momento diferente, mas de celebra\u00e7\u00e3o.<\/p>\n\n\n\n<p>\u201cDentro e fora de campo, vemos a paix\u00e3o de cada torcedor se manifestar de uma maneira muito forte e variada. Os torcedores ficaram mais de quatro meses aguardando a retomada e ainda n\u00e3o poder\u00e3o estar presentes no est\u00e1dio. Por isso, t\u00ednhamos que homenagear todo o amor que ele tem pelo seu time. E mais uma vez, Amstel est\u00e1 ao lado deles, incentivando a torcida de forma segura\u201d, afirma Ciccone.<\/p>\n\n\n\n<p>O primeiro filme, lan\u00e7ado em 14 de setembro, tra\u00e7a o paralelo entre um casal em um relacionamento \u00e0 dist\u00e2ncia e o tempo que os torcedores viveram sem o torneio, at\u00e9 a celebra\u00e7\u00e3o da sua volta. A campanha inclui filmes de 30 \u201de 15\u201d e diversos ativos digitais.<\/p>\n\n\n\n<p><\/p>\n\n\n\n<figure class=\"wp-block-embed-youtube wp-block-embed is-type-video is-provider-youtube wp-embed-aspect-16-9 wp-has-aspect-ratio\"><div class=\"wp-block-embed__wrapper\">\n<div class=\"youtube-embed\" data-video_id=\"YZnUJZRUMpM\"><iframe title=\"AMSTEL | Carta de Amor #ElaVoltou - Conmebol Libertadores\" width=\"640\" height=\"360\" src=\"https:\/\/www.youtube.com\/embed\/YZnUJZRUMpM?feature=oembed&#038;enablejsapi=1&#038;enablejsapi=1\" frameborder=\"0\" allow=\"accelerometer; autoplay; clipboard-write; encrypted-media; gyroscope; picture-in-picture; web-share\" referrerpolicy=\"strict-origin-when-cross-origin\" allowfullscreen><\/iframe><\/div>\n<\/div><\/figure>\n\n\n\n<p><strong><u>Ficha t\u00e9cnica &#8211; AMSTEL \u2013 love letter<\/u><\/strong><\/p>\n\n\n\n<p><strong>Cliente:<\/strong>&nbsp;HEINEKEN Brasil<strong><br>Ag\u00eancia:<\/strong>&nbsp;HNK LAB &amp; Wunderman Thompson Brasil<strong><br>Produto:<\/strong>&nbsp;Amstel<br><strong>Campanha:<\/strong> Love Letter<\/p>\n\n\n\n<p><strong>HNK LAB<\/strong><\/p>\n\n\n\n<p><strong>Business Lead: <\/strong>Felipe Giacon<strong><br>Creative Lead: <\/strong>Gustavo Lacerda<strong><br>Project Director: <\/strong>Marcos Richter<strong><br>Strategy Lead: <\/strong>Renata Valio<strong><br>Atendimento<\/strong>: Luana Garcia, Julianna Carvalho, Caio Sabag e Marcelo Honorio<strong><br>Planejamento:<\/strong> Gabriel Guerra e Larissa Baldassarini<strong><br>Conte\u00fado:<\/strong> Nabil Carone,Marilia Ramos, Monikhe Menezes e Gabriella Varella<strong><br>M\u00eddia:<\/strong> Ana Battaglini, Nicole Negrigo, Thiago Sousa e Thiago Barbosa<strong><\/strong><\/p>\n\n\n\n<p><strong>WT<\/strong><strong><\/strong><\/p>\n\n\n\n<p><strong>CEO:<\/strong>&nbsp;Pedro Reiss<strong><br>CCO:<\/strong>&nbsp;Keka Morelle<br><strong>Dire\u00e7\u00e3o de Cria\u00e7\u00e3o:<\/strong>&nbsp; Ana Cavalcanti e Nicol\u00e1s Roman\u00f3<strong><br>Reda\u00e7\u00e3o: <\/strong>Jo\u00e3o Gandara<strong><br>Dire\u00e7\u00e3o de Arte<\/strong>: Vinicius Pegoraro<br><strong>Dire\u00e7\u00e3o de Produ\u00e7\u00e3o:<\/strong>&nbsp;Maisa Delgado<br><strong>Gerente de Produ\u00e7\u00e3o Audiovisual:<\/strong> Marcia Granja<\/p>\n\n\n\n<p><strong>Grupo<\/strong> <strong>HEINEKEN: <\/strong><strong><\/strong><\/p>\n\n\n\n<p><strong>Aprova\u00e7\u00e3o Cliente: <\/strong>Nabil Nasser, Cec\u00edlia Mondino,Renan Ciccone, Anna Luisa Dafico, Fabrizio D\u2019Angelo<br><strong>Aprovac\u00e3o Cliente (M\u00eddia):<\/strong> Carina Hermida, Victor Soffiatti e Mariana Rabello<strong><\/strong><\/p>\n\n\n\n<p><strong>Produ\u00e7\u00e3o:<br>Produtora do Filme:<\/strong>&nbsp;Landia &amp; M&amp;A<strong><br>Dire\u00e7\u00e3o:<\/strong>&nbsp;1985 e Clara Behrmann<strong><br>Managing Directors &amp; EP: <\/strong>Carolina Dantas e Sebastian Hall<strong><br>Assistente de Produ\u00e7\u00e3o Executiva:<\/strong> Larissa Delfini<strong><br>Line Producer:<\/strong> Camilla Bastos<strong><br>Assistentes de Coordena\u00e7\u00e3o:<\/strong> Nat\u00e1lia Petrechen e Luciana Andrade<strong><br>Assistente de Dire\u00e7\u00e3o:<\/strong> Camila Nicodemos<strong><br>Diretor de Fotografia:<\/strong> Diego Robaldo<strong><br>Diretor de Arte:<\/strong> Rafa Blas<strong><br>Produtora de Casting:<\/strong> Cintia Cappellano<strong><br>Diretora de Produ\u00e7\u00e3o:<\/strong> Luciana Oppido<strong><br>Figurinista:<\/strong> Guga Saraiva<strong><br>Coordenador de P\u00f3s-produ\u00e7\u00e3o: <\/strong>Elton Bronzeli <strong><br>Assistentes de P\u00f3s-produ\u00e7\u00e3o:<\/strong> Jorge Bannoki e Henrique Gomes<strong><br>P\u00f3s-produ\u00e7\u00e3o:<\/strong> Clan VFX<strong><br>Editor:<\/strong> Nathalia Kamura <strong><br>Color:<\/strong> Marla Colour Grading&nbsp;&nbsp;&nbsp;&nbsp;&nbsp;&nbsp;&nbsp;&nbsp;&nbsp;&nbsp;&nbsp; &nbsp;&nbsp;&nbsp;&nbsp;&nbsp;&nbsp;&nbsp;&nbsp;&nbsp;&nbsp;&nbsp;&nbsp;&nbsp;&nbsp;&nbsp;&nbsp;&nbsp;&nbsp;&nbsp;&nbsp;&nbsp;&nbsp;&nbsp;&nbsp;&nbsp;&nbsp;&nbsp;&nbsp;&nbsp; &nbsp;&nbsp;&nbsp;&nbsp;&nbsp;&nbsp;&nbsp;&nbsp;&nbsp;&nbsp;&nbsp;&nbsp;&nbsp;&nbsp;<strong><\/strong><\/p>\n\n\n\n<p><strong>Produtora de Som:<\/strong>&nbsp;<\/p>\n\n\n\n<p><strong>Produtora de \u00c1udio:<\/strong> A9 Audio<br><strong>Dire\u00e7\u00e3o musical:<\/strong> Apollo Nove<br><strong>Atendimento:<\/strong> Guta Lima<br><strong>Locutores:<\/strong> Beto Freitas, Dani Freitas, Daniel Tavares e Marcelo Meirelles<\/p>\n","protected":false},"excerpt":{"rendered":"<p>Seguindo o conceito \u201cQuanto maior o desafio, maior nossa paix\u00e3o\u201d, a marca explora diversas demonstra\u00e7\u00f5es de amor dos torcedores pelos seus times. O filme ser\u00e1 veiculado no Brasil, Argentina e Paraguai e em canais de m\u00eddia digital durante todo o campeonato. Para Renan Ciccone, diretor de marketing da marca Amstel no Brasil, a CONMEBOL LIBERTADORES [&hellip;]<\/p>\n","protected":false},"author":1,"featured_media":19111,"comment_status":"open","ping_status":"open","sticky":false,"template":"","format":"standard","meta":{"tdm_status":"","tdm_grid_status":"","footnotes":""},"categories":[6],"tags":[2138,1898,33,28],"class_list":["post-19110","post","type-post","status-publish","format-standard","has-post-thumbnail","hentry","category-noticias","tag-amstel","tag-conmebol","tag-estrategia","tag-marketing"],"yoast_head":"<!-- This site is optimized with the Yoast SEO plugin v27.5 - https:\/\/yoast.com\/product\/yoast-seo-wordpress\/ -->\n<title>Em campanha, Amstel celebra o retorno dos jogos da Conmebol Libertadores 2020 - CidadeMarketing<\/title>\n<meta name=\"robots\" content=\"index, follow, max-snippet:-1, max-image-preview:large, max-video-preview:-1\" \/>\n<link rel=\"canonical\" href=\"https:\/\/www.cidademarketing.com.br\/marketing\/2020\/09\/14\/em-campanha-amstel-celebra-o-retorno-dos-jogos-da-conmebol-libertadores-2020\/\" \/>\n<meta property=\"og:locale\" content=\"pt_BR\" \/>\n<meta property=\"og:type\" content=\"article\" \/>\n<meta property=\"og:title\" content=\"Em campanha, Amstel celebra o retorno dos jogos da Conmebol Libertadores 2020 - CidadeMarketing\" \/>\n<meta property=\"og:description\" content=\"Seguindo o conceito \u201cQuanto maior o desafio, maior nossa paix\u00e3o\u201d, a marca explora diversas demonstra\u00e7\u00f5es de amor dos torcedores pelos seus times. O filme ser\u00e1 veiculado no Brasil, Argentina e Paraguai e em canais de m\u00eddia digital durante todo o campeonato. Para Renan Ciccone, diretor de marketing da marca Amstel no Brasil, a CONMEBOL LIBERTADORES [&hellip;]\" \/>\n<meta property=\"og:url\" content=\"https:\/\/www.cidademarketing.com.br\/marketing\/2020\/09\/14\/em-campanha-amstel-celebra-o-retorno-dos-jogos-da-conmebol-libertadores-2020\/\" \/>\n<meta property=\"og:site_name\" content=\"CidadeMarketing\" \/>\n<meta property=\"article:publisher\" content=\"https:\/\/www.facebook.com\/portalcidademarketing\" \/>\n<meta property=\"article:author\" content=\"https:\/\/www.facebook.com\/thalesbrandao\" \/>\n<meta property=\"article:published_time\" content=\"2020-09-15T00:20:17+00:00\" \/>\n<meta property=\"article:modified_time\" content=\"2020-09-15T00:20:22+00:00\" \/>\n<meta property=\"og:image\" content=\"https:\/\/www.cidademarketing.com.br\/marketing\/wp-content\/uploads\/2020\/09\/amstel.jpg\" \/>\n\t<meta property=\"og:image:width\" content=\"550\" \/>\n\t<meta property=\"og:image:height\" content=\"309\" \/>\n\t<meta property=\"og:image:type\" content=\"image\/jpeg\" \/>\n<meta name=\"author\" content=\"Thales Brand\u00e3o\" \/>\n<meta name=\"twitter:card\" content=\"summary_large_image\" \/>\n<meta name=\"twitter:creator\" content=\"@http:\/\/www.twitter.com\/thalesbrandao\" \/>\n<meta name=\"twitter:site\" content=\"@CidadeMarketing\" \/>\n<meta name=\"twitter:label1\" content=\"Escrito por\" \/>\n\t<meta name=\"twitter:data1\" content=\"Thales Brand\u00e3o\" \/>\n\t<meta name=\"twitter:label2\" content=\"Est. tempo de leitura\" \/>\n\t<meta name=\"twitter:data2\" content=\"3 minutos\" \/>\n<script type=\"application\/ld+json\" class=\"yoast-schema-graph\">{\"@context\":\"https:\\\/\\\/schema.org\",\"@graph\":[{\"@type\":\"Article\",\"@id\":\"https:\\\/\\\/www.cidademarketing.com.br\\\/marketing\\\/2020\\\/09\\\/14\\\/em-campanha-amstel-celebra-o-retorno-dos-jogos-da-conmebol-libertadores-2020\\\/#article\",\"isPartOf\":{\"@id\":\"https:\\\/\\\/www.cidademarketing.com.br\\\/marketing\\\/2020\\\/09\\\/14\\\/em-campanha-amstel-celebra-o-retorno-dos-jogos-da-conmebol-libertadores-2020\\\/\"},\"author\":{\"name\":\"Thales Brand\u00e3o\",\"@id\":\"https:\\\/\\\/www.cidademarketing.com.br\\\/marketing\\\/#\\\/schema\\\/person\\\/02daff9f18bd9378c9e01eb6b2db155f\"},\"headline\":\"Em campanha, Amstel celebra o retorno dos jogos da Conmebol Libertadores 2020\",\"datePublished\":\"2020-09-15T00:20:17+00:00\",\"dateModified\":\"2020-09-15T00:20:22+00:00\",\"mainEntityOfPage\":{\"@id\":\"https:\\\/\\\/www.cidademarketing.com.br\\\/marketing\\\/2020\\\/09\\\/14\\\/em-campanha-amstel-celebra-o-retorno-dos-jogos-da-conmebol-libertadores-2020\\\/\"},\"wordCount\":577,\"commentCount\":0,\"publisher\":{\"@id\":\"https:\\\/\\\/www.cidademarketing.com.br\\\/marketing\\\/#organization\"},\"image\":{\"@id\":\"https:\\\/\\\/www.cidademarketing.com.br\\\/marketing\\\/2020\\\/09\\\/14\\\/em-campanha-amstel-celebra-o-retorno-dos-jogos-da-conmebol-libertadores-2020\\\/#primaryimage\"},\"thumbnailUrl\":\"https:\\\/\\\/www.cidademarketing.com.br\\\/marketing\\\/wp-content\\\/uploads\\\/2020\\\/09\\\/amstel.jpg\",\"keywords\":[\"Amstel\",\"Conmebol\",\"estrat\u00e9gia\",\"marketing\"],\"articleSection\":[\"Not\u00edcias\"],\"inLanguage\":\"pt-BR\",\"potentialAction\":[{\"@type\":\"CommentAction\",\"name\":\"Comment\",\"target\":[\"https:\\\/\\\/www.cidademarketing.com.br\\\/marketing\\\/2020\\\/09\\\/14\\\/em-campanha-amstel-celebra-o-retorno-dos-jogos-da-conmebol-libertadores-2020\\\/#respond\"]}]},{\"@type\":\"WebPage\",\"@id\":\"https:\\\/\\\/www.cidademarketing.com.br\\\/marketing\\\/2020\\\/09\\\/14\\\/em-campanha-amstel-celebra-o-retorno-dos-jogos-da-conmebol-libertadores-2020\\\/\",\"url\":\"https:\\\/\\\/www.cidademarketing.com.br\\\/marketing\\\/2020\\\/09\\\/14\\\/em-campanha-amstel-celebra-o-retorno-dos-jogos-da-conmebol-libertadores-2020\\\/\",\"name\":\"Em campanha, Amstel celebra o retorno dos jogos da Conmebol Libertadores 2020 - CidadeMarketing\",\"isPartOf\":{\"@id\":\"https:\\\/\\\/www.cidademarketing.com.br\\\/marketing\\\/#website\"},\"primaryImageOfPage\":{\"@id\":\"https:\\\/\\\/www.cidademarketing.com.br\\\/marketing\\\/2020\\\/09\\\/14\\\/em-campanha-amstel-celebra-o-retorno-dos-jogos-da-conmebol-libertadores-2020\\\/#primaryimage\"},\"image\":{\"@id\":\"https:\\\/\\\/www.cidademarketing.com.br\\\/marketing\\\/2020\\\/09\\\/14\\\/em-campanha-amstel-celebra-o-retorno-dos-jogos-da-conmebol-libertadores-2020\\\/#primaryimage\"},\"thumbnailUrl\":\"https:\\\/\\\/www.cidademarketing.com.br\\\/marketing\\\/wp-content\\\/uploads\\\/2020\\\/09\\\/amstel.jpg\",\"datePublished\":\"2020-09-15T00:20:17+00:00\",\"dateModified\":\"2020-09-15T00:20:22+00:00\",\"breadcrumb\":{\"@id\":\"https:\\\/\\\/www.cidademarketing.com.br\\\/marketing\\\/2020\\\/09\\\/14\\\/em-campanha-amstel-celebra-o-retorno-dos-jogos-da-conmebol-libertadores-2020\\\/#breadcrumb\"},\"inLanguage\":\"pt-BR\",\"potentialAction\":[{\"@type\":\"ReadAction\",\"target\":[\"https:\\\/\\\/www.cidademarketing.com.br\\\/marketing\\\/2020\\\/09\\\/14\\\/em-campanha-amstel-celebra-o-retorno-dos-jogos-da-conmebol-libertadores-2020\\\/\"]}]},{\"@type\":\"ImageObject\",\"inLanguage\":\"pt-BR\",\"@id\":\"https:\\\/\\\/www.cidademarketing.com.br\\\/marketing\\\/2020\\\/09\\\/14\\\/em-campanha-amstel-celebra-o-retorno-dos-jogos-da-conmebol-libertadores-2020\\\/#primaryimage\",\"url\":\"https:\\\/\\\/www.cidademarketing.com.br\\\/marketing\\\/wp-content\\\/uploads\\\/2020\\\/09\\\/amstel.jpg\",\"contentUrl\":\"https:\\\/\\\/www.cidademarketing.com.br\\\/marketing\\\/wp-content\\\/uploads\\\/2020\\\/09\\\/amstel.jpg\",\"width\":550,\"height\":309,\"caption\":\"reprodu\u00e7\u00e3o\"},{\"@type\":\"BreadcrumbList\",\"@id\":\"https:\\\/\\\/www.cidademarketing.com.br\\\/marketing\\\/2020\\\/09\\\/14\\\/em-campanha-amstel-celebra-o-retorno-dos-jogos-da-conmebol-libertadores-2020\\\/#breadcrumb\",\"itemListElement\":[{\"@type\":\"ListItem\",\"position\":1,\"name\":\"In\u00edcio\",\"item\":\"https:\\\/\\\/www.cidademarketing.com.br\\\/marketing\\\/\"},{\"@type\":\"ListItem\",\"position\":2,\"name\":\"Em campanha, Amstel celebra o retorno dos jogos da Conmebol Libertadores 2020\"}]},{\"@type\":\"WebSite\",\"@id\":\"https:\\\/\\\/www.cidademarketing.com.br\\\/marketing\\\/#website\",\"url\":\"https:\\\/\\\/www.cidademarketing.com.br\\\/marketing\\\/\",\"name\":\"CidadeMarketing\",\"description\":\"Somos um ve\u00edculo de comunica\u00e7\u00e3o de destaque no Brasil, reconhecido por conte\u00fados nos segmentos de marketing, empreendedorismo e inova\u00e7\u00e3o.\",\"publisher\":{\"@id\":\"https:\\\/\\\/www.cidademarketing.com.br\\\/marketing\\\/#organization\"},\"alternateName\":\"CidadeMarketing\",\"potentialAction\":[{\"@type\":\"SearchAction\",\"target\":{\"@type\":\"EntryPoint\",\"urlTemplate\":\"https:\\\/\\\/www.cidademarketing.com.br\\\/marketing\\\/?s={search_term_string}\"},\"query-input\":{\"@type\":\"PropertyValueSpecification\",\"valueRequired\":true,\"valueName\":\"search_term_string\"}}],\"inLanguage\":\"pt-BR\"},{\"@type\":\"Organization\",\"@id\":\"https:\\\/\\\/www.cidademarketing.com.br\\\/marketing\\\/#organization\",\"name\":\"CidadeMarketing\",\"alternateName\":\"CidadeMarketing\",\"url\":\"https:\\\/\\\/www.cidademarketing.com.br\\\/marketing\\\/\",\"logo\":{\"@type\":\"ImageObject\",\"inLanguage\":\"pt-BR\",\"@id\":\"https:\\\/\\\/www.cidademarketing.com.br\\\/marketing\\\/#\\\/schema\\\/logo\\\/image\\\/\",\"url\":\"https:\\\/\\\/www.cidademarketing.com.br\\\/marketing\\\/wp-content\\\/uploads\\\/2020\\\/01\\\/cidademarketing_marca_mobile.png\",\"contentUrl\":\"https:\\\/\\\/www.cidademarketing.com.br\\\/marketing\\\/wp-content\\\/uploads\\\/2020\\\/01\\\/cidademarketing_marca_mobile.png\",\"width\":230,\"height\":92,\"caption\":\"CidadeMarketing\"},\"image\":{\"@id\":\"https:\\\/\\\/www.cidademarketing.com.br\\\/marketing\\\/#\\\/schema\\\/logo\\\/image\\\/\"},\"sameAs\":[\"https:\\\/\\\/www.facebook.com\\\/portalcidademarketing\",\"https:\\\/\\\/x.com\\\/CidadeMarketing\",\"https:\\\/\\\/www.instagram.com\\\/cidademarketing\\\/\"]},{\"@type\":\"Person\",\"@id\":\"https:\\\/\\\/www.cidademarketing.com.br\\\/marketing\\\/#\\\/schema\\\/person\\\/02daff9f18bd9378c9e01eb6b2db155f\",\"name\":\"Thales Brand\u00e3o\",\"image\":{\"@type\":\"ImageObject\",\"inLanguage\":\"pt-BR\",\"@id\":\"https:\\\/\\\/secure.gravatar.com\\\/avatar\\\/7ca3206950207cc3cb48feec56a8a7898741ab725c368d99d5d7a5a50aab80c6?s=96&d=mm&r=g\",\"url\":\"https:\\\/\\\/secure.gravatar.com\\\/avatar\\\/7ca3206950207cc3cb48feec56a8a7898741ab725c368d99d5d7a5a50aab80c6?s=96&d=mm&r=g\",\"contentUrl\":\"https:\\\/\\\/secure.gravatar.com\\\/avatar\\\/7ca3206950207cc3cb48feec56a8a7898741ab725c368d99d5d7a5a50aab80c6?s=96&d=mm&r=g\",\"caption\":\"Thales Brand\u00e3o\"},\"description\":\"Editor Executivo do Portal CidadeMarketing.com.br &gt; Mestre em Comunica\u00e7\u00e3o e Sociedade pela Universidade Federal de Sergipe. Possui MBA Executivo em Administra\u00e7\u00e3o com \u00eanfase em Marketing pela Funda\u00e7\u00e3o Get\u00falio Vargas - Rio de Janeiro. Consultor, Palestrante e Pesquisador sobre Empreendedorismo, Marketing, Redes Sociais e Neg\u00f3cios Digitais. Professor, Palestrante TedxTalks e Campus Party. Twitter: @ThalesBrandao\",\"sameAs\":[\"http:\\\/\\\/www.mandacaru.com.br\",\"https:\\\/\\\/www.facebook.com\\\/thalesbrandao\",\"http:\\\/\\\/www.instagram.com.br\\\/thalesbrandaoferreira\",\"https:\\\/\\\/www.linkedin.com\\\/in\\\/thales-brand\u00e3o-3948609\\\/\",\"https:\\\/\\\/x.com\\\/http:\\\/\\\/www.twitter.com\\\/thalesbrandao\"],\"url\":\"https:\\\/\\\/www.cidademarketing.com.br\\\/marketing\\\/author\\\/thalesbrandao\\\/\"}]}<\/script>\n<!-- \/ Yoast SEO plugin. -->","yoast_head_json":{"title":"Em campanha, Amstel celebra o retorno dos jogos da Conmebol Libertadores 2020 - CidadeMarketing","robots":{"index":"index","follow":"follow","max-snippet":"max-snippet:-1","max-image-preview":"max-image-preview:large","max-video-preview":"max-video-preview:-1"},"canonical":"https:\/\/www.cidademarketing.com.br\/marketing\/2020\/09\/14\/em-campanha-amstel-celebra-o-retorno-dos-jogos-da-conmebol-libertadores-2020\/","og_locale":"pt_BR","og_type":"article","og_title":"Em campanha, Amstel celebra o retorno dos jogos da Conmebol Libertadores 2020 - CidadeMarketing","og_description":"Seguindo o conceito \u201cQuanto maior o desafio, maior nossa paix\u00e3o\u201d, a marca explora diversas demonstra\u00e7\u00f5es de amor dos torcedores pelos seus times. O filme ser\u00e1 veiculado no Brasil, Argentina e Paraguai e em canais de m\u00eddia digital durante todo o campeonato. Para Renan Ciccone, diretor de marketing da marca Amstel no Brasil, a CONMEBOL LIBERTADORES [&hellip;]","og_url":"https:\/\/www.cidademarketing.com.br\/marketing\/2020\/09\/14\/em-campanha-amstel-celebra-o-retorno-dos-jogos-da-conmebol-libertadores-2020\/","og_site_name":"CidadeMarketing","article_publisher":"https:\/\/www.facebook.com\/portalcidademarketing","article_author":"https:\/\/www.facebook.com\/thalesbrandao","article_published_time":"2020-09-15T00:20:17+00:00","article_modified_time":"2020-09-15T00:20:22+00:00","og_image":[{"width":550,"height":309,"url":"https:\/\/www.cidademarketing.com.br\/marketing\/wp-content\/uploads\/2020\/09\/amstel.jpg","type":"image\/jpeg"}],"author":"Thales Brand\u00e3o","twitter_card":"summary_large_image","twitter_creator":"@http:\/\/www.twitter.com\/thalesbrandao","twitter_site":"@CidadeMarketing","twitter_misc":{"Escrito por":"Thales Brand\u00e3o","Est. tempo de leitura":"3 minutos"},"schema":{"@context":"https:\/\/schema.org","@graph":[{"@type":"Article","@id":"https:\/\/www.cidademarketing.com.br\/marketing\/2020\/09\/14\/em-campanha-amstel-celebra-o-retorno-dos-jogos-da-conmebol-libertadores-2020\/#article","isPartOf":{"@id":"https:\/\/www.cidademarketing.com.br\/marketing\/2020\/09\/14\/em-campanha-amstel-celebra-o-retorno-dos-jogos-da-conmebol-libertadores-2020\/"},"author":{"name":"Thales Brand\u00e3o","@id":"https:\/\/www.cidademarketing.com.br\/marketing\/#\/schema\/person\/02daff9f18bd9378c9e01eb6b2db155f"},"headline":"Em campanha, Amstel celebra o retorno dos jogos da Conmebol Libertadores 2020","datePublished":"2020-09-15T00:20:17+00:00","dateModified":"2020-09-15T00:20:22+00:00","mainEntityOfPage":{"@id":"https:\/\/www.cidademarketing.com.br\/marketing\/2020\/09\/14\/em-campanha-amstel-celebra-o-retorno-dos-jogos-da-conmebol-libertadores-2020\/"},"wordCount":577,"commentCount":0,"publisher":{"@id":"https:\/\/www.cidademarketing.com.br\/marketing\/#organization"},"image":{"@id":"https:\/\/www.cidademarketing.com.br\/marketing\/2020\/09\/14\/em-campanha-amstel-celebra-o-retorno-dos-jogos-da-conmebol-libertadores-2020\/#primaryimage"},"thumbnailUrl":"https:\/\/www.cidademarketing.com.br\/marketing\/wp-content\/uploads\/2020\/09\/amstel.jpg","keywords":["Amstel","Conmebol","estrat\u00e9gia","marketing"],"articleSection":["Not\u00edcias"],"inLanguage":"pt-BR","potentialAction":[{"@type":"CommentAction","name":"Comment","target":["https:\/\/www.cidademarketing.com.br\/marketing\/2020\/09\/14\/em-campanha-amstel-celebra-o-retorno-dos-jogos-da-conmebol-libertadores-2020\/#respond"]}]},{"@type":"WebPage","@id":"https:\/\/www.cidademarketing.com.br\/marketing\/2020\/09\/14\/em-campanha-amstel-celebra-o-retorno-dos-jogos-da-conmebol-libertadores-2020\/","url":"https:\/\/www.cidademarketing.com.br\/marketing\/2020\/09\/14\/em-campanha-amstel-celebra-o-retorno-dos-jogos-da-conmebol-libertadores-2020\/","name":"Em campanha, Amstel celebra o retorno dos jogos da Conmebol Libertadores 2020 - CidadeMarketing","isPartOf":{"@id":"https:\/\/www.cidademarketing.com.br\/marketing\/#website"},"primaryImageOfPage":{"@id":"https:\/\/www.cidademarketing.com.br\/marketing\/2020\/09\/14\/em-campanha-amstel-celebra-o-retorno-dos-jogos-da-conmebol-libertadores-2020\/#primaryimage"},"image":{"@id":"https:\/\/www.cidademarketing.com.br\/marketing\/2020\/09\/14\/em-campanha-amstel-celebra-o-retorno-dos-jogos-da-conmebol-libertadores-2020\/#primaryimage"},"thumbnailUrl":"https:\/\/www.cidademarketing.com.br\/marketing\/wp-content\/uploads\/2020\/09\/amstel.jpg","datePublished":"2020-09-15T00:20:17+00:00","dateModified":"2020-09-15T00:20:22+00:00","breadcrumb":{"@id":"https:\/\/www.cidademarketing.com.br\/marketing\/2020\/09\/14\/em-campanha-amstel-celebra-o-retorno-dos-jogos-da-conmebol-libertadores-2020\/#breadcrumb"},"inLanguage":"pt-BR","potentialAction":[{"@type":"ReadAction","target":["https:\/\/www.cidademarketing.com.br\/marketing\/2020\/09\/14\/em-campanha-amstel-celebra-o-retorno-dos-jogos-da-conmebol-libertadores-2020\/"]}]},{"@type":"ImageObject","inLanguage":"pt-BR","@id":"https:\/\/www.cidademarketing.com.br\/marketing\/2020\/09\/14\/em-campanha-amstel-celebra-o-retorno-dos-jogos-da-conmebol-libertadores-2020\/#primaryimage","url":"https:\/\/www.cidademarketing.com.br\/marketing\/wp-content\/uploads\/2020\/09\/amstel.jpg","contentUrl":"https:\/\/www.cidademarketing.com.br\/marketing\/wp-content\/uploads\/2020\/09\/amstel.jpg","width":550,"height":309,"caption":"reprodu\u00e7\u00e3o"},{"@type":"BreadcrumbList","@id":"https:\/\/www.cidademarketing.com.br\/marketing\/2020\/09\/14\/em-campanha-amstel-celebra-o-retorno-dos-jogos-da-conmebol-libertadores-2020\/#breadcrumb","itemListElement":[{"@type":"ListItem","position":1,"name":"In\u00edcio","item":"https:\/\/www.cidademarketing.com.br\/marketing\/"},{"@type":"ListItem","position":2,"name":"Em campanha, Amstel celebra o retorno dos jogos da Conmebol Libertadores 2020"}]},{"@type":"WebSite","@id":"https:\/\/www.cidademarketing.com.br\/marketing\/#website","url":"https:\/\/www.cidademarketing.com.br\/marketing\/","name":"CidadeMarketing","description":"Somos um ve\u00edculo de comunica\u00e7\u00e3o de destaque no Brasil, reconhecido por conte\u00fados nos segmentos de marketing, empreendedorismo e inova\u00e7\u00e3o.","publisher":{"@id":"https:\/\/www.cidademarketing.com.br\/marketing\/#organization"},"alternateName":"CidadeMarketing","potentialAction":[{"@type":"SearchAction","target":{"@type":"EntryPoint","urlTemplate":"https:\/\/www.cidademarketing.com.br\/marketing\/?s={search_term_string}"},"query-input":{"@type":"PropertyValueSpecification","valueRequired":true,"valueName":"search_term_string"}}],"inLanguage":"pt-BR"},{"@type":"Organization","@id":"https:\/\/www.cidademarketing.com.br\/marketing\/#organization","name":"CidadeMarketing","alternateName":"CidadeMarketing","url":"https:\/\/www.cidademarketing.com.br\/marketing\/","logo":{"@type":"ImageObject","inLanguage":"pt-BR","@id":"https:\/\/www.cidademarketing.com.br\/marketing\/#\/schema\/logo\/image\/","url":"https:\/\/www.cidademarketing.com.br\/marketing\/wp-content\/uploads\/2020\/01\/cidademarketing_marca_mobile.png","contentUrl":"https:\/\/www.cidademarketing.com.br\/marketing\/wp-content\/uploads\/2020\/01\/cidademarketing_marca_mobile.png","width":230,"height":92,"caption":"CidadeMarketing"},"image":{"@id":"https:\/\/www.cidademarketing.com.br\/marketing\/#\/schema\/logo\/image\/"},"sameAs":["https:\/\/www.facebook.com\/portalcidademarketing","https:\/\/x.com\/CidadeMarketing","https:\/\/www.instagram.com\/cidademarketing\/"]},{"@type":"Person","@id":"https:\/\/www.cidademarketing.com.br\/marketing\/#\/schema\/person\/02daff9f18bd9378c9e01eb6b2db155f","name":"Thales Brand\u00e3o","image":{"@type":"ImageObject","inLanguage":"pt-BR","@id":"https:\/\/secure.gravatar.com\/avatar\/7ca3206950207cc3cb48feec56a8a7898741ab725c368d99d5d7a5a50aab80c6?s=96&d=mm&r=g","url":"https:\/\/secure.gravatar.com\/avatar\/7ca3206950207cc3cb48feec56a8a7898741ab725c368d99d5d7a5a50aab80c6?s=96&d=mm&r=g","contentUrl":"https:\/\/secure.gravatar.com\/avatar\/7ca3206950207cc3cb48feec56a8a7898741ab725c368d99d5d7a5a50aab80c6?s=96&d=mm&r=g","caption":"Thales Brand\u00e3o"},"description":"Editor Executivo do Portal CidadeMarketing.com.br &gt; Mestre em Comunica\u00e7\u00e3o e Sociedade pela Universidade Federal de Sergipe. Possui MBA Executivo em Administra\u00e7\u00e3o com \u00eanfase em Marketing pela Funda\u00e7\u00e3o Get\u00falio Vargas - Rio de Janeiro. Consultor, Palestrante e Pesquisador sobre Empreendedorismo, Marketing, Redes Sociais e Neg\u00f3cios Digitais. Professor, Palestrante TedxTalks e Campus Party. Twitter: @ThalesBrandao","sameAs":["http:\/\/www.mandacaru.com.br","https:\/\/www.facebook.com\/thalesbrandao","http:\/\/www.instagram.com.br\/thalesbrandaoferreira","https:\/\/www.linkedin.com\/in\/thales-brand\u00e3o-3948609\/","https:\/\/x.com\/http:\/\/www.twitter.com\/thalesbrandao"],"url":"https:\/\/www.cidademarketing.com.br\/marketing\/author\/thalesbrandao\/"}]}},"amp_enabled":true,"_links":{"self":[{"href":"https:\/\/www.cidademarketing.com.br\/marketing\/wp-json\/wp\/v2\/posts\/19110","targetHints":{"allow":["GET"]}}],"collection":[{"href":"https:\/\/www.cidademarketing.com.br\/marketing\/wp-json\/wp\/v2\/posts"}],"about":[{"href":"https:\/\/www.cidademarketing.com.br\/marketing\/wp-json\/wp\/v2\/types\/post"}],"author":[{"embeddable":true,"href":"https:\/\/www.cidademarketing.com.br\/marketing\/wp-json\/wp\/v2\/users\/1"}],"replies":[{"embeddable":true,"href":"https:\/\/www.cidademarketing.com.br\/marketing\/wp-json\/wp\/v2\/comments?post=19110"}],"version-history":[{"count":1,"href":"https:\/\/www.cidademarketing.com.br\/marketing\/wp-json\/wp\/v2\/posts\/19110\/revisions"}],"predecessor-version":[{"id":19112,"href":"https:\/\/www.cidademarketing.com.br\/marketing\/wp-json\/wp\/v2\/posts\/19110\/revisions\/19112"}],"wp:featuredmedia":[{"embeddable":true,"href":"https:\/\/www.cidademarketing.com.br\/marketing\/wp-json\/wp\/v2\/media\/19111"}],"wp:attachment":[{"href":"https:\/\/www.cidademarketing.com.br\/marketing\/wp-json\/wp\/v2\/media?parent=19110"}],"wp:term":[{"taxonomy":"category","embeddable":true,"href":"https:\/\/www.cidademarketing.com.br\/marketing\/wp-json\/wp\/v2\/categories?post=19110"},{"taxonomy":"post_tag","embeddable":true,"href":"https:\/\/www.cidademarketing.com.br\/marketing\/wp-json\/wp\/v2\/tags?post=19110"}],"curies":[{"name":"wp","href":"https:\/\/api.w.org\/{rel}","templated":true}]}}