{"id":19028,"date":"2020-09-13T10:44:42","date_gmt":"2020-09-13T13:44:42","guid":{"rendered":"https:\/\/www.cidademarketing.com.br\/marketing\/?p=19028"},"modified":"2020-09-13T10:44:48","modified_gmt":"2020-09-13T13:44:48","slug":"santander-e-cufa-se-unem-para-mobilizar-a-sociedade-em-apoio-a-comunidades","status":"publish","type":"post","link":"https:\/\/www.cidademarketing.com.br\/marketing\/2020\/09\/13\/santander-e-cufa-se-unem-para-mobilizar-a-sociedade-em-apoio-a-comunidades\/","title":{"rendered":"Santander e CUFA se unem para mobilizar a sociedade em apoio a comunidades"},"content":{"rendered":"\n<p>O Santander Brasil e a Central \u00danica de Favelas (CUFA) iniciam nesta semana uma grande mobiliza\u00e7\u00e3o social de arrecada\u00e7\u00e3o de recursos para a compra de cestas b\u00e1sicas. O objetivo \u00e9 dar apoio \u00e0s fam\u00edlias e comunidades mais impactadas pelos efeitos econ\u00f4micos da pandemia.<\/p>\n\n\n\n<p>A campanha j\u00e1 est\u00e1 recebendo doa\u00e7\u00f5es \u2013 tanto dos funcion\u00e1rios, clientes e p\u00fablico em geral -, que poder\u00e3o ser feitas at\u00e9 a noite entre os dias 25 e 26 de setembro, quando uma a\u00e7\u00e3o in\u00e9dita marcar\u00e1 o encerramento da a\u00e7\u00e3o. A virada ter\u00e1 12 horas de veicula\u00e7\u00e3o nas TVs e r\u00e1dios parceiras que se revezar\u00e3o, a cada 30 minutos, para exibir uma programa\u00e7\u00e3o especial e convidar os telespectadores a participar da arrecada\u00e7\u00e3o. Nove canais se sensibilizaram com a causa e confirmaram participa\u00e7\u00e3o.<\/p>\n\n\n\n<p>Desde 2007, o banco realiza a Semana Santander, uma semana que celebra o orgulho de pertencer e de se conectar com a comunidade, com doa\u00e7\u00f5es realizadas pelos mais de 40 mil funcion\u00e1rios e nesta edi\u00e7\u00e3o ocorrer\u00e1 de 21 a 26 de setembro. Desta vez, os desafios impostos pela pandemia motivaram a institui\u00e7\u00e3o a extrapolar as fronteiras das ag\u00eancias e dos pr\u00e9dios corporativos, convidando toda a sociedade para participar.<\/p>\n\n\n\n<p>\u201cSomos agentes de transforma\u00e7\u00e3o na sociedade e percebemos o momento de externalizar essa atua\u00e7\u00e3o. O contexto atual nos leva a engajar a sociedade na cultura de servir ao pr\u00f3ximo, multiplicando o efeito de nossa campanha anual. Todo o esfor\u00e7o conjunto ser\u00e1 revertido ao projeto \u2018As M\u00e3es da Favela\u2019, da CUFA\u201d, afirma S\u00e9rgio Rial, presidente do Santander Brasil.<\/p>\n\n\n\n<p>A CUFA apoia cerca de 5 mil favelas, o que corresponde a 1,1 milh\u00e3o de fam\u00edlias em todo o Pa\u00eds. Nessas comunidades, cerca de metade dos lares s\u00e3o chefiados por mulheres, muitas delas empreendedoras que viram seus pequenos neg\u00f3cios quebrarem no atual cen\u00e1rio adverso.<\/p>\n\n\n\n<p>\u201cO brasileiro \u00e9 solid\u00e1rio por natureza. A virada \u00e9 uma grande oportunidade de unir a popula\u00e7\u00e3o em prol de um trabalho de apoio \u00e0 dignidade, realizado com excel\u00eancia pela CUFA. Ao juntar essas duas pontas, quem pode doar e quem precisa, empenhamos nosso potencial de intermediadores financeiros com o objetivo de gerar prosperidade\u201d, completa Rial.<\/p>\n\n\n\n<p>A Semana Santander ocorre de 21 a 26 de setembro. As doa\u00e7\u00f5es em dinheiro, a partir de R$ 5, ser\u00e3o feitas diretamente em uma conta corrente da CUFA, que reverter\u00e1 o valor em cestas b\u00e1sicas que custam R$ 120 cada uma.<\/p>\n\n\n\n<p>\u201cO projeto \u201cM\u00e3es da Favela\u201d \u00e9 muito importante porque tem duas vertentes: doa\u00e7\u00e3o de cesta b\u00e1sica f\u00edsica, com alimentos doados, ou da cesta digital, com o mesmo valor em dinheiro para que haja poder de escolha na compra de itens conforme a necessidade. Neste momento de tanta tens\u00e3o pessoas que sempre foram vulner\u00e1veis ficam em uma vulnerabilidade ainda maior\u201d, afirma Celso Athayde, fundador da CUFA.<\/p>\n\n\n\n<p>Al\u00e9m de engajar a sociedade, o Santander e a CUFA buscam a ades\u00e3o de outros canais e emissoras de r\u00e1dio \u00e0 campanha. Artistas e influenciadores digitais tamb\u00e9m devem fazer participa\u00e7\u00f5es especiais na programa\u00e7\u00e3o.<\/p>\n\n\n\n<p><strong>Para doar<br><\/strong>Banco Santander &#8211; 033<br>Ag\u00eancia 2093<br>Conta corrente: 13002055-0<br>Raz\u00e3o Social: Central \u00danica das Favelas<br>CNPJ: 06.052.228\/0001-01<\/p>\n","protected":false},"excerpt":{"rendered":"<p>O Santander Brasil e a Central \u00danica de Favelas (CUFA) iniciam nesta semana uma grande mobiliza\u00e7\u00e3o social de arrecada\u00e7\u00e3o de recursos para a compra de cestas b\u00e1sicas. O objetivo \u00e9 dar apoio \u00e0s fam\u00edlias e comunidades mais impactadas pelos efeitos econ\u00f4micos da pandemia. A campanha j\u00e1 est\u00e1 recebendo doa\u00e7\u00f5es \u2013 tanto dos funcion\u00e1rios, clientes e [&hellip;]<\/p>\n","protected":false},"author":1,"featured_media":19029,"comment_status":"open","ping_status":"open","sticky":false,"template":"","format":"standard","meta":{"tdm_status":"","tdm_grid_status":"","footnotes":""},"categories":[6],"tags":[2938,33,28,441],"class_list":["post-19028","post","type-post","status-publish","format-standard","has-post-thumbnail","hentry","category-noticias","tag-cufa","tag-estrategia","tag-marketing","tag-santander"],"yoast_head":"<!-- This site is optimized with the Yoast SEO plugin v27.5 - https:\/\/yoast.com\/product\/yoast-seo-wordpress\/ -->\n<title>Santander e CUFA se unem para mobilizar a sociedade em apoio a comunidades - CidadeMarketing<\/title>\n<meta name=\"robots\" content=\"index, follow, max-snippet:-1, max-image-preview:large, max-video-preview:-1\" \/>\n<link rel=\"canonical\" href=\"https:\/\/www.cidademarketing.com.br\/marketing\/2020\/09\/13\/santander-e-cufa-se-unem-para-mobilizar-a-sociedade-em-apoio-a-comunidades\/\" \/>\n<meta property=\"og:locale\" content=\"pt_BR\" \/>\n<meta property=\"og:type\" content=\"article\" \/>\n<meta property=\"og:title\" content=\"Santander e CUFA se unem para mobilizar a sociedade em apoio a comunidades - CidadeMarketing\" \/>\n<meta property=\"og:description\" content=\"O Santander Brasil e a Central \u00danica de Favelas (CUFA) iniciam nesta semana uma grande mobiliza\u00e7\u00e3o social de arrecada\u00e7\u00e3o de recursos para a compra de cestas b\u00e1sicas. O objetivo \u00e9 dar apoio \u00e0s fam\u00edlias e comunidades mais impactadas pelos efeitos econ\u00f4micos da pandemia. A campanha j\u00e1 est\u00e1 recebendo doa\u00e7\u00f5es \u2013 tanto dos funcion\u00e1rios, clientes e [&hellip;]\" \/>\n<meta property=\"og:url\" content=\"https:\/\/www.cidademarketing.com.br\/marketing\/2020\/09\/13\/santander-e-cufa-se-unem-para-mobilizar-a-sociedade-em-apoio-a-comunidades\/\" \/>\n<meta property=\"og:site_name\" content=\"CidadeMarketing\" \/>\n<meta property=\"article:publisher\" content=\"https:\/\/www.facebook.com\/portalcidademarketing\" \/>\n<meta property=\"article:author\" content=\"https:\/\/www.facebook.com\/thalesbrandao\" \/>\n<meta property=\"article:published_time\" content=\"2020-09-13T13:44:42+00:00\" \/>\n<meta property=\"article:modified_time\" content=\"2020-09-13T13:44:48+00:00\" \/>\n<meta property=\"og:image\" content=\"https:\/\/www.cidademarketing.com.br\/marketing\/wp-content\/uploads\/2020\/09\/santander_cufa.jpg\" \/>\n\t<meta property=\"og:image:width\" content=\"400\" \/>\n\t<meta property=\"og:image:height\" content=\"400\" \/>\n\t<meta property=\"og:image:type\" content=\"image\/jpeg\" \/>\n<meta name=\"author\" content=\"Thales Brand\u00e3o\" \/>\n<meta name=\"twitter:card\" content=\"summary_large_image\" \/>\n<meta name=\"twitter:creator\" content=\"@http:\/\/www.twitter.com\/thalesbrandao\" \/>\n<meta name=\"twitter:site\" content=\"@CidadeMarketing\" \/>\n<meta name=\"twitter:label1\" content=\"Escrito por\" \/>\n\t<meta name=\"twitter:data1\" content=\"Thales Brand\u00e3o\" \/>\n\t<meta name=\"twitter:label2\" content=\"Est. tempo de leitura\" \/>\n\t<meta name=\"twitter:data2\" content=\"3 minutos\" \/>\n<script type=\"application\/ld+json\" class=\"yoast-schema-graph\">{\"@context\":\"https:\\\/\\\/schema.org\",\"@graph\":[{\"@type\":\"Article\",\"@id\":\"https:\\\/\\\/www.cidademarketing.com.br\\\/marketing\\\/2020\\\/09\\\/13\\\/santander-e-cufa-se-unem-para-mobilizar-a-sociedade-em-apoio-a-comunidades\\\/#article\",\"isPartOf\":{\"@id\":\"https:\\\/\\\/www.cidademarketing.com.br\\\/marketing\\\/2020\\\/09\\\/13\\\/santander-e-cufa-se-unem-para-mobilizar-a-sociedade-em-apoio-a-comunidades\\\/\"},\"author\":{\"name\":\"Thales Brand\u00e3o\",\"@id\":\"https:\\\/\\\/www.cidademarketing.com.br\\\/marketing\\\/#\\\/schema\\\/person\\\/02daff9f18bd9378c9e01eb6b2db155f\"},\"headline\":\"Santander e CUFA se unem para mobilizar a sociedade em apoio a comunidades\",\"datePublished\":\"2020-09-13T13:44:42+00:00\",\"dateModified\":\"2020-09-13T13:44:48+00:00\",\"mainEntityOfPage\":{\"@id\":\"https:\\\/\\\/www.cidademarketing.com.br\\\/marketing\\\/2020\\\/09\\\/13\\\/santander-e-cufa-se-unem-para-mobilizar-a-sociedade-em-apoio-a-comunidades\\\/\"},\"wordCount\":552,\"commentCount\":0,\"publisher\":{\"@id\":\"https:\\\/\\\/www.cidademarketing.com.br\\\/marketing\\\/#organization\"},\"image\":{\"@id\":\"https:\\\/\\\/www.cidademarketing.com.br\\\/marketing\\\/2020\\\/09\\\/13\\\/santander-e-cufa-se-unem-para-mobilizar-a-sociedade-em-apoio-a-comunidades\\\/#primaryimage\"},\"thumbnailUrl\":\"https:\\\/\\\/www.cidademarketing.com.br\\\/marketing\\\/wp-content\\\/uploads\\\/2020\\\/09\\\/santander_cufa.jpg\",\"keywords\":[\"Cufa\",\"estrat\u00e9gia\",\"marketing\",\"Santander\"],\"articleSection\":[\"Not\u00edcias\"],\"inLanguage\":\"pt-BR\",\"potentialAction\":[{\"@type\":\"CommentAction\",\"name\":\"Comment\",\"target\":[\"https:\\\/\\\/www.cidademarketing.com.br\\\/marketing\\\/2020\\\/09\\\/13\\\/santander-e-cufa-se-unem-para-mobilizar-a-sociedade-em-apoio-a-comunidades\\\/#respond\"]}]},{\"@type\":\"WebPage\",\"@id\":\"https:\\\/\\\/www.cidademarketing.com.br\\\/marketing\\\/2020\\\/09\\\/13\\\/santander-e-cufa-se-unem-para-mobilizar-a-sociedade-em-apoio-a-comunidades\\\/\",\"url\":\"https:\\\/\\\/www.cidademarketing.com.br\\\/marketing\\\/2020\\\/09\\\/13\\\/santander-e-cufa-se-unem-para-mobilizar-a-sociedade-em-apoio-a-comunidades\\\/\",\"name\":\"Santander e CUFA se unem para mobilizar a sociedade em apoio a comunidades - CidadeMarketing\",\"isPartOf\":{\"@id\":\"https:\\\/\\\/www.cidademarketing.com.br\\\/marketing\\\/#website\"},\"primaryImageOfPage\":{\"@id\":\"https:\\\/\\\/www.cidademarketing.com.br\\\/marketing\\\/2020\\\/09\\\/13\\\/santander-e-cufa-se-unem-para-mobilizar-a-sociedade-em-apoio-a-comunidades\\\/#primaryimage\"},\"image\":{\"@id\":\"https:\\\/\\\/www.cidademarketing.com.br\\\/marketing\\\/2020\\\/09\\\/13\\\/santander-e-cufa-se-unem-para-mobilizar-a-sociedade-em-apoio-a-comunidades\\\/#primaryimage\"},\"thumbnailUrl\":\"https:\\\/\\\/www.cidademarketing.com.br\\\/marketing\\\/wp-content\\\/uploads\\\/2020\\\/09\\\/santander_cufa.jpg\",\"datePublished\":\"2020-09-13T13:44:42+00:00\",\"dateModified\":\"2020-09-13T13:44:48+00:00\",\"breadcrumb\":{\"@id\":\"https:\\\/\\\/www.cidademarketing.com.br\\\/marketing\\\/2020\\\/09\\\/13\\\/santander-e-cufa-se-unem-para-mobilizar-a-sociedade-em-apoio-a-comunidades\\\/#breadcrumb\"},\"inLanguage\":\"pt-BR\",\"potentialAction\":[{\"@type\":\"ReadAction\",\"target\":[\"https:\\\/\\\/www.cidademarketing.com.br\\\/marketing\\\/2020\\\/09\\\/13\\\/santander-e-cufa-se-unem-para-mobilizar-a-sociedade-em-apoio-a-comunidades\\\/\"]}]},{\"@type\":\"ImageObject\",\"inLanguage\":\"pt-BR\",\"@id\":\"https:\\\/\\\/www.cidademarketing.com.br\\\/marketing\\\/2020\\\/09\\\/13\\\/santander-e-cufa-se-unem-para-mobilizar-a-sociedade-em-apoio-a-comunidades\\\/#primaryimage\",\"url\":\"https:\\\/\\\/www.cidademarketing.com.br\\\/marketing\\\/wp-content\\\/uploads\\\/2020\\\/09\\\/santander_cufa.jpg\",\"contentUrl\":\"https:\\\/\\\/www.cidademarketing.com.br\\\/marketing\\\/wp-content\\\/uploads\\\/2020\\\/09\\\/santander_cufa.jpg\",\"width\":400,\"height\":400},{\"@type\":\"BreadcrumbList\",\"@id\":\"https:\\\/\\\/www.cidademarketing.com.br\\\/marketing\\\/2020\\\/09\\\/13\\\/santander-e-cufa-se-unem-para-mobilizar-a-sociedade-em-apoio-a-comunidades\\\/#breadcrumb\",\"itemListElement\":[{\"@type\":\"ListItem\",\"position\":1,\"name\":\"In\u00edcio\",\"item\":\"https:\\\/\\\/www.cidademarketing.com.br\\\/marketing\\\/\"},{\"@type\":\"ListItem\",\"position\":2,\"name\":\"Santander e CUFA se unem para mobilizar a sociedade em apoio a comunidades\"}]},{\"@type\":\"WebSite\",\"@id\":\"https:\\\/\\\/www.cidademarketing.com.br\\\/marketing\\\/#website\",\"url\":\"https:\\\/\\\/www.cidademarketing.com.br\\\/marketing\\\/\",\"name\":\"CidadeMarketing\",\"description\":\"Somos um ve\u00edculo de comunica\u00e7\u00e3o de destaque no Brasil, reconhecido por conte\u00fados nos segmentos de marketing, empreendedorismo e inova\u00e7\u00e3o.\",\"publisher\":{\"@id\":\"https:\\\/\\\/www.cidademarketing.com.br\\\/marketing\\\/#organization\"},\"alternateName\":\"CidadeMarketing\",\"potentialAction\":[{\"@type\":\"SearchAction\",\"target\":{\"@type\":\"EntryPoint\",\"urlTemplate\":\"https:\\\/\\\/www.cidademarketing.com.br\\\/marketing\\\/?s={search_term_string}\"},\"query-input\":{\"@type\":\"PropertyValueSpecification\",\"valueRequired\":true,\"valueName\":\"search_term_string\"}}],\"inLanguage\":\"pt-BR\"},{\"@type\":\"Organization\",\"@id\":\"https:\\\/\\\/www.cidademarketing.com.br\\\/marketing\\\/#organization\",\"name\":\"CidadeMarketing\",\"alternateName\":\"CidadeMarketing\",\"url\":\"https:\\\/\\\/www.cidademarketing.com.br\\\/marketing\\\/\",\"logo\":{\"@type\":\"ImageObject\",\"inLanguage\":\"pt-BR\",\"@id\":\"https:\\\/\\\/www.cidademarketing.com.br\\\/marketing\\\/#\\\/schema\\\/logo\\\/image\\\/\",\"url\":\"https:\\\/\\\/www.cidademarketing.com.br\\\/marketing\\\/wp-content\\\/uploads\\\/2020\\\/01\\\/cidademarketing_marca_mobile.png\",\"contentUrl\":\"https:\\\/\\\/www.cidademarketing.com.br\\\/marketing\\\/wp-content\\\/uploads\\\/2020\\\/01\\\/cidademarketing_marca_mobile.png\",\"width\":230,\"height\":92,\"caption\":\"CidadeMarketing\"},\"image\":{\"@id\":\"https:\\\/\\\/www.cidademarketing.com.br\\\/marketing\\\/#\\\/schema\\\/logo\\\/image\\\/\"},\"sameAs\":[\"https:\\\/\\\/www.facebook.com\\\/portalcidademarketing\",\"https:\\\/\\\/x.com\\\/CidadeMarketing\",\"https:\\\/\\\/www.instagram.com\\\/cidademarketing\\\/\"]},{\"@type\":\"Person\",\"@id\":\"https:\\\/\\\/www.cidademarketing.com.br\\\/marketing\\\/#\\\/schema\\\/person\\\/02daff9f18bd9378c9e01eb6b2db155f\",\"name\":\"Thales Brand\u00e3o\",\"image\":{\"@type\":\"ImageObject\",\"inLanguage\":\"pt-BR\",\"@id\":\"https:\\\/\\\/secure.gravatar.com\\\/avatar\\\/7ca3206950207cc3cb48feec56a8a7898741ab725c368d99d5d7a5a50aab80c6?s=96&d=mm&r=g\",\"url\":\"https:\\\/\\\/secure.gravatar.com\\\/avatar\\\/7ca3206950207cc3cb48feec56a8a7898741ab725c368d99d5d7a5a50aab80c6?s=96&d=mm&r=g\",\"contentUrl\":\"https:\\\/\\\/secure.gravatar.com\\\/avatar\\\/7ca3206950207cc3cb48feec56a8a7898741ab725c368d99d5d7a5a50aab80c6?s=96&d=mm&r=g\",\"caption\":\"Thales Brand\u00e3o\"},\"description\":\"Editor Executivo do Portal CidadeMarketing.com.br &gt; Mestre em Comunica\u00e7\u00e3o e Sociedade pela Universidade Federal de Sergipe. Possui MBA Executivo em Administra\u00e7\u00e3o com \u00eanfase em Marketing pela Funda\u00e7\u00e3o Get\u00falio Vargas - Rio de Janeiro. Consultor, Palestrante e Pesquisador sobre Empreendedorismo, Marketing, Redes Sociais e Neg\u00f3cios Digitais. Professor, Palestrante TedxTalks e Campus Party. Twitter: @ThalesBrandao\",\"sameAs\":[\"http:\\\/\\\/www.mandacaru.com.br\",\"https:\\\/\\\/www.facebook.com\\\/thalesbrandao\",\"http:\\\/\\\/www.instagram.com.br\\\/thalesbrandaoferreira\",\"https:\\\/\\\/www.linkedin.com\\\/in\\\/thales-brand\u00e3o-3948609\\\/\",\"https:\\\/\\\/x.com\\\/http:\\\/\\\/www.twitter.com\\\/thalesbrandao\"],\"url\":\"https:\\\/\\\/www.cidademarketing.com.br\\\/marketing\\\/author\\\/thalesbrandao\\\/\"}]}<\/script>\n<!-- \/ Yoast SEO plugin. -->","yoast_head_json":{"title":"Santander e CUFA se unem para mobilizar a sociedade em apoio a comunidades - CidadeMarketing","robots":{"index":"index","follow":"follow","max-snippet":"max-snippet:-1","max-image-preview":"max-image-preview:large","max-video-preview":"max-video-preview:-1"},"canonical":"https:\/\/www.cidademarketing.com.br\/marketing\/2020\/09\/13\/santander-e-cufa-se-unem-para-mobilizar-a-sociedade-em-apoio-a-comunidades\/","og_locale":"pt_BR","og_type":"article","og_title":"Santander e CUFA se unem para mobilizar a sociedade em apoio a comunidades - CidadeMarketing","og_description":"O Santander Brasil e a Central \u00danica de Favelas (CUFA) iniciam nesta semana uma grande mobiliza\u00e7\u00e3o social de arrecada\u00e7\u00e3o de recursos para a compra de cestas b\u00e1sicas. O objetivo \u00e9 dar apoio \u00e0s fam\u00edlias e comunidades mais impactadas pelos efeitos econ\u00f4micos da pandemia. A campanha j\u00e1 est\u00e1 recebendo doa\u00e7\u00f5es \u2013 tanto dos funcion\u00e1rios, clientes e [&hellip;]","og_url":"https:\/\/www.cidademarketing.com.br\/marketing\/2020\/09\/13\/santander-e-cufa-se-unem-para-mobilizar-a-sociedade-em-apoio-a-comunidades\/","og_site_name":"CidadeMarketing","article_publisher":"https:\/\/www.facebook.com\/portalcidademarketing","article_author":"https:\/\/www.facebook.com\/thalesbrandao","article_published_time":"2020-09-13T13:44:42+00:00","article_modified_time":"2020-09-13T13:44:48+00:00","og_image":[{"width":400,"height":400,"url":"https:\/\/www.cidademarketing.com.br\/marketing\/wp-content\/uploads\/2020\/09\/santander_cufa.jpg","type":"image\/jpeg"}],"author":"Thales Brand\u00e3o","twitter_card":"summary_large_image","twitter_creator":"@http:\/\/www.twitter.com\/thalesbrandao","twitter_site":"@CidadeMarketing","twitter_misc":{"Escrito por":"Thales Brand\u00e3o","Est. tempo de leitura":"3 minutos"},"schema":{"@context":"https:\/\/schema.org","@graph":[{"@type":"Article","@id":"https:\/\/www.cidademarketing.com.br\/marketing\/2020\/09\/13\/santander-e-cufa-se-unem-para-mobilizar-a-sociedade-em-apoio-a-comunidades\/#article","isPartOf":{"@id":"https:\/\/www.cidademarketing.com.br\/marketing\/2020\/09\/13\/santander-e-cufa-se-unem-para-mobilizar-a-sociedade-em-apoio-a-comunidades\/"},"author":{"name":"Thales Brand\u00e3o","@id":"https:\/\/www.cidademarketing.com.br\/marketing\/#\/schema\/person\/02daff9f18bd9378c9e01eb6b2db155f"},"headline":"Santander e CUFA se unem para mobilizar a sociedade em apoio a comunidades","datePublished":"2020-09-13T13:44:42+00:00","dateModified":"2020-09-13T13:44:48+00:00","mainEntityOfPage":{"@id":"https:\/\/www.cidademarketing.com.br\/marketing\/2020\/09\/13\/santander-e-cufa-se-unem-para-mobilizar-a-sociedade-em-apoio-a-comunidades\/"},"wordCount":552,"commentCount":0,"publisher":{"@id":"https:\/\/www.cidademarketing.com.br\/marketing\/#organization"},"image":{"@id":"https:\/\/www.cidademarketing.com.br\/marketing\/2020\/09\/13\/santander-e-cufa-se-unem-para-mobilizar-a-sociedade-em-apoio-a-comunidades\/#primaryimage"},"thumbnailUrl":"https:\/\/www.cidademarketing.com.br\/marketing\/wp-content\/uploads\/2020\/09\/santander_cufa.jpg","keywords":["Cufa","estrat\u00e9gia","marketing","Santander"],"articleSection":["Not\u00edcias"],"inLanguage":"pt-BR","potentialAction":[{"@type":"CommentAction","name":"Comment","target":["https:\/\/www.cidademarketing.com.br\/marketing\/2020\/09\/13\/santander-e-cufa-se-unem-para-mobilizar-a-sociedade-em-apoio-a-comunidades\/#respond"]}]},{"@type":"WebPage","@id":"https:\/\/www.cidademarketing.com.br\/marketing\/2020\/09\/13\/santander-e-cufa-se-unem-para-mobilizar-a-sociedade-em-apoio-a-comunidades\/","url":"https:\/\/www.cidademarketing.com.br\/marketing\/2020\/09\/13\/santander-e-cufa-se-unem-para-mobilizar-a-sociedade-em-apoio-a-comunidades\/","name":"Santander e CUFA se unem para mobilizar a sociedade em apoio a comunidades - CidadeMarketing","isPartOf":{"@id":"https:\/\/www.cidademarketing.com.br\/marketing\/#website"},"primaryImageOfPage":{"@id":"https:\/\/www.cidademarketing.com.br\/marketing\/2020\/09\/13\/santander-e-cufa-se-unem-para-mobilizar-a-sociedade-em-apoio-a-comunidades\/#primaryimage"},"image":{"@id":"https:\/\/www.cidademarketing.com.br\/marketing\/2020\/09\/13\/santander-e-cufa-se-unem-para-mobilizar-a-sociedade-em-apoio-a-comunidades\/#primaryimage"},"thumbnailUrl":"https:\/\/www.cidademarketing.com.br\/marketing\/wp-content\/uploads\/2020\/09\/santander_cufa.jpg","datePublished":"2020-09-13T13:44:42+00:00","dateModified":"2020-09-13T13:44:48+00:00","breadcrumb":{"@id":"https:\/\/www.cidademarketing.com.br\/marketing\/2020\/09\/13\/santander-e-cufa-se-unem-para-mobilizar-a-sociedade-em-apoio-a-comunidades\/#breadcrumb"},"inLanguage":"pt-BR","potentialAction":[{"@type":"ReadAction","target":["https:\/\/www.cidademarketing.com.br\/marketing\/2020\/09\/13\/santander-e-cufa-se-unem-para-mobilizar-a-sociedade-em-apoio-a-comunidades\/"]}]},{"@type":"ImageObject","inLanguage":"pt-BR","@id":"https:\/\/www.cidademarketing.com.br\/marketing\/2020\/09\/13\/santander-e-cufa-se-unem-para-mobilizar-a-sociedade-em-apoio-a-comunidades\/#primaryimage","url":"https:\/\/www.cidademarketing.com.br\/marketing\/wp-content\/uploads\/2020\/09\/santander_cufa.jpg","contentUrl":"https:\/\/www.cidademarketing.com.br\/marketing\/wp-content\/uploads\/2020\/09\/santander_cufa.jpg","width":400,"height":400},{"@type":"BreadcrumbList","@id":"https:\/\/www.cidademarketing.com.br\/marketing\/2020\/09\/13\/santander-e-cufa-se-unem-para-mobilizar-a-sociedade-em-apoio-a-comunidades\/#breadcrumb","itemListElement":[{"@type":"ListItem","position":1,"name":"In\u00edcio","item":"https:\/\/www.cidademarketing.com.br\/marketing\/"},{"@type":"ListItem","position":2,"name":"Santander e CUFA se unem para mobilizar a sociedade em apoio a comunidades"}]},{"@type":"WebSite","@id":"https:\/\/www.cidademarketing.com.br\/marketing\/#website","url":"https:\/\/www.cidademarketing.com.br\/marketing\/","name":"CidadeMarketing","description":"Somos um ve\u00edculo de comunica\u00e7\u00e3o de destaque no Brasil, reconhecido por conte\u00fados nos segmentos de marketing, empreendedorismo e inova\u00e7\u00e3o.","publisher":{"@id":"https:\/\/www.cidademarketing.com.br\/marketing\/#organization"},"alternateName":"CidadeMarketing","potentialAction":[{"@type":"SearchAction","target":{"@type":"EntryPoint","urlTemplate":"https:\/\/www.cidademarketing.com.br\/marketing\/?s={search_term_string}"},"query-input":{"@type":"PropertyValueSpecification","valueRequired":true,"valueName":"search_term_string"}}],"inLanguage":"pt-BR"},{"@type":"Organization","@id":"https:\/\/www.cidademarketing.com.br\/marketing\/#organization","name":"CidadeMarketing","alternateName":"CidadeMarketing","url":"https:\/\/www.cidademarketing.com.br\/marketing\/","logo":{"@type":"ImageObject","inLanguage":"pt-BR","@id":"https:\/\/www.cidademarketing.com.br\/marketing\/#\/schema\/logo\/image\/","url":"https:\/\/www.cidademarketing.com.br\/marketing\/wp-content\/uploads\/2020\/01\/cidademarketing_marca_mobile.png","contentUrl":"https:\/\/www.cidademarketing.com.br\/marketing\/wp-content\/uploads\/2020\/01\/cidademarketing_marca_mobile.png","width":230,"height":92,"caption":"CidadeMarketing"},"image":{"@id":"https:\/\/www.cidademarketing.com.br\/marketing\/#\/schema\/logo\/image\/"},"sameAs":["https:\/\/www.facebook.com\/portalcidademarketing","https:\/\/x.com\/CidadeMarketing","https:\/\/www.instagram.com\/cidademarketing\/"]},{"@type":"Person","@id":"https:\/\/www.cidademarketing.com.br\/marketing\/#\/schema\/person\/02daff9f18bd9378c9e01eb6b2db155f","name":"Thales Brand\u00e3o","image":{"@type":"ImageObject","inLanguage":"pt-BR","@id":"https:\/\/secure.gravatar.com\/avatar\/7ca3206950207cc3cb48feec56a8a7898741ab725c368d99d5d7a5a50aab80c6?s=96&d=mm&r=g","url":"https:\/\/secure.gravatar.com\/avatar\/7ca3206950207cc3cb48feec56a8a7898741ab725c368d99d5d7a5a50aab80c6?s=96&d=mm&r=g","contentUrl":"https:\/\/secure.gravatar.com\/avatar\/7ca3206950207cc3cb48feec56a8a7898741ab725c368d99d5d7a5a50aab80c6?s=96&d=mm&r=g","caption":"Thales Brand\u00e3o"},"description":"Editor Executivo do Portal CidadeMarketing.com.br &gt; Mestre em Comunica\u00e7\u00e3o e Sociedade pela Universidade Federal de Sergipe. Possui MBA Executivo em Administra\u00e7\u00e3o com \u00eanfase em Marketing pela Funda\u00e7\u00e3o Get\u00falio Vargas - Rio de Janeiro. Consultor, Palestrante e Pesquisador sobre Empreendedorismo, Marketing, Redes Sociais e Neg\u00f3cios Digitais. Professor, Palestrante TedxTalks e Campus Party. Twitter: @ThalesBrandao","sameAs":["http:\/\/www.mandacaru.com.br","https:\/\/www.facebook.com\/thalesbrandao","http:\/\/www.instagram.com.br\/thalesbrandaoferreira","https:\/\/www.linkedin.com\/in\/thales-brand\u00e3o-3948609\/","https:\/\/x.com\/http:\/\/www.twitter.com\/thalesbrandao"],"url":"https:\/\/www.cidademarketing.com.br\/marketing\/author\/thalesbrandao\/"}]}},"amp_enabled":true,"_links":{"self":[{"href":"https:\/\/www.cidademarketing.com.br\/marketing\/wp-json\/wp\/v2\/posts\/19028","targetHints":{"allow":["GET"]}}],"collection":[{"href":"https:\/\/www.cidademarketing.com.br\/marketing\/wp-json\/wp\/v2\/posts"}],"about":[{"href":"https:\/\/www.cidademarketing.com.br\/marketing\/wp-json\/wp\/v2\/types\/post"}],"author":[{"embeddable":true,"href":"https:\/\/www.cidademarketing.com.br\/marketing\/wp-json\/wp\/v2\/users\/1"}],"replies":[{"embeddable":true,"href":"https:\/\/www.cidademarketing.com.br\/marketing\/wp-json\/wp\/v2\/comments?post=19028"}],"version-history":[{"count":1,"href":"https:\/\/www.cidademarketing.com.br\/marketing\/wp-json\/wp\/v2\/posts\/19028\/revisions"}],"predecessor-version":[{"id":19030,"href":"https:\/\/www.cidademarketing.com.br\/marketing\/wp-json\/wp\/v2\/posts\/19028\/revisions\/19030"}],"wp:featuredmedia":[{"embeddable":true,"href":"https:\/\/www.cidademarketing.com.br\/marketing\/wp-json\/wp\/v2\/media\/19029"}],"wp:attachment":[{"href":"https:\/\/www.cidademarketing.com.br\/marketing\/wp-json\/wp\/v2\/media?parent=19028"}],"wp:term":[{"taxonomy":"category","embeddable":true,"href":"https:\/\/www.cidademarketing.com.br\/marketing\/wp-json\/wp\/v2\/categories?post=19028"},{"taxonomy":"post_tag","embeddable":true,"href":"https:\/\/www.cidademarketing.com.br\/marketing\/wp-json\/wp\/v2\/tags?post=19028"}],"curies":[{"name":"wp","href":"https:\/\/api.w.org\/{rel}","templated":true}]}}