{"id":19022,"date":"2020-09-13T10:36:47","date_gmt":"2020-09-13T13:36:47","guid":{"rendered":"https:\/\/www.cidademarketing.com.br\/marketing\/?p=19022"},"modified":"2020-09-13T10:36:52","modified_gmt":"2020-09-13T13:36:52","slug":"harley-davidson-relanca-a-revista-the-enthusiast","status":"publish","type":"post","link":"https:\/\/www.cidademarketing.com.br\/marketing\/2020\/09\/13\/harley-davidson-relanca-a-revista-the-enthusiast\/","title":{"rendered":"Harley-Davidson relan\u00e7a a revista The Enthusiast\u2122"},"content":{"rendered":"\n<p>A Harley-Davidson est\u00e1 relan\u00e7ando a revista The Enthusiast\u2122 como uma revista impressa e digital projetada para mostrar a cultura da motocicleta e o estilo de vida de pilotagem atrav\u00e9s das lentes da marca Harley-Davidson. Originalmente publicada pela Harley-Davidson de 1916 a 2008, a revista The Enthusiast substituir\u00e1 a HOG<sup>\u00ae<\/sup> Magazine (<em>Revista HOG<\/em>) como a publica\u00e7\u00e3o oficial da Harley-Davidson Motor Company e se tornar\u00e1 mais amplamente dispon\u00edvel por meio de outros canais de distribui\u00e7\u00e3o.<\/p>\n\n\n\n<p>\u201cEste \u00e9 o retorno a uma grande tradi\u00e7\u00e3o\u201d, disse Jochen Zeitz, presidente e CEO da Harley-Davidson. \u201cAcreditamos que hoje o t\u00edtulo The Enthusiast \u00e9 mais relevante do que nunca. Em um ano em que tantas pessoas ficaram presas, acreditamos apaixonadamente em inspirar pilotos e aspirantes a pilotos a sair pelo mundo para redescobrir a aventura por meio da pilotagem socialmente distanciada.\u201d<\/p>\n\n\n\n<p>A primeira nova edi\u00e7\u00e3o da revista The Enthusiast aparece nos Estados Unidos esta semana com uma reportagem de capa apresentando Ewan McGregor e Charley Boorman, estrelas da nova s\u00e9rie Apple Original \u201cLong Way Up\u201d, com estreia sexta-feira, 18 de setembro na Apple TV +. A s\u00e9rie segue a aventura \u00e9pica de motocicleta que McGregor e Boorman experimentaram em uma jornada de mais de 33 mil quil\u00f4metros a bordo de duas motocicletas el\u00e9tricas Harley-Davidson<sup>\u00ae<\/sup> LiveWire<sup>\u00ae<\/sup> pela Am\u00e9rica do Sul, Am\u00e9rica Central e M\u00e9xico.<\/p>\n\n\n\n<p>Impressa quatro vezes ao ano, com uma tiragem de mais de 500.000 exemplares impressos nos Estados Unidos e 150.000 exemplares internacionalmente, a revista The Enthusiast \u00e9 a revista de motocicletas com maior circula\u00e7\u00e3o no mundo. Publicada pela primeira vez pela Harley-Davidson em 1916, a revista The Enthusiast foi uma das primeiras revistas impressas para consumidores de motocicletas, embora a alem\u00e3 <em>Motorrad<\/em> (1903), a italiana <em>Motociclismo<\/em> (1914) e a revista norte-americana <em>Motorcyclist<\/em> (1909) a precederam.<\/p>\n\n\n\n<p>De 1984 a 2008, a Harley-Davidson produziu duas publica\u00e7\u00f5es separadas para propriet\u00e1rios e motociclistas, a revista The Enthusiast e a revista HOG Tales. Em 2009, elas foram fundidas sob o t\u00edtulo de <em>Revista HOG<\/em> em uma nova revista que obteve inspira\u00e7\u00e3o de conte\u00fado de ambas as publica\u00e7\u00f5es.<\/p>\n\n\n\n<p>Com a mudan\u00e7a da <em>Motorcyclist<\/em> para o formato digital em 2018, a revista Enthusiast, incluindo os anos da HOG Magazine, continua sendo a mais antiga revista de motocicleta impressa continuamente nos Estados Unidos.<\/p>\n\n\n\n<p>Todos os membros do Harley Owner Group (Full and Life) continuar\u00e3o a receber uma assinatura gratuita da revista The Enthusiast como parte de seus benef\u00edcios de associa\u00e7\u00e3o. Vers\u00f5es de aplicativos gratuitas da revista tamb\u00e9m est\u00e3o dispon\u00edveis para telefones e tablets iOS e Android. Para obter mais informa\u00e7\u00f5es e hist\u00f3ria sobre a revista The Enthusiast, visite <a href=\"https:\/\/www.harley-davidson.com\/us\/en\/content\/hog\/the-enthusiast.html\" target=\"_blank\" rel=\"noreferrer noopener\"><em><strong>h-d.com\/enthusiast<\/strong><\/em><\/a> (conte\u00fado em ingl\u00eas).<\/p>\n\n\n\n<p>As motocicletas da Harley-Davidson do Brasil est\u00e3o dispon\u00edveis para um exclusivo <em>Test Ride<\/em> em toda a rede de concession\u00e1rias autorizadas da marca no Pa\u00eds, de acordo com a disponibilidade dos modelos na rede e seguindo as recomenda\u00e7\u00f5es dos governos estaduais e municipais em rela\u00e7\u00e3o aos cuidados com a sa\u00fade. Para registrar seu interesse, acesse o site <a href=\"https:\/\/change-your-ride.harley-davidson.com\/pt_BR\/home\" target=\"_blank\" rel=\"noreferrer noopener\"><strong><em>https:\/\/change-your-ride.harley-davidson.com\/pt_BR\/home<\/em><\/strong><\/a> e inscreva-se. Encontre a loja Harley-Davidson mais pr\u00f3xima em <a href=\"https:\/\/www.harley-davidson.com\/br\/pt\/tools\/find-a-dealer.html\" target=\"_blank\" rel=\"noreferrer noopener\"><em><strong>https:\/\/www.harley-davidson.com\/br\/pt\/tools\/find-a-dealer.html<\/strong><\/em><\/a><strong><em>.<\/em><\/strong> Confira as ofertas do m\u00eas em&nbsp;<a href=\"https:\/\/www.harley-davidson.com\/br\/pt\/tools\/offers.html\" target=\"_blank\" rel=\"noreferrer noopener\"><em><strong>https:\/\/www.harley-davidson.com\/br\/pt\/tools\/offers.html<\/strong><\/em><\/a><strong><em>.<\/em><\/strong><\/p>\n","protected":false},"excerpt":{"rendered":"<p>A Harley-Davidson est\u00e1 relan\u00e7ando a revista The Enthusiast\u2122 como uma revista impressa e digital projetada para mostrar a cultura da motocicleta e o estilo de vida de pilotagem atrav\u00e9s das lentes da marca Harley-Davidson. Originalmente publicada pela Harley-Davidson de 1916 a 2008, a revista The Enthusiast substituir\u00e1 a HOG\u00ae Magazine (Revista HOG) como a publica\u00e7\u00e3o [&hellip;]<\/p>\n","protected":false},"author":1,"featured_media":19023,"comment_status":"open","ping_status":"open","sticky":false,"template":"","format":"standard","meta":{"tdm_status":"","tdm_grid_status":"","footnotes":""},"categories":[6],"tags":[33,2039,28],"class_list":["post-19022","post","type-post","status-publish","format-standard","has-post-thumbnail","hentry","category-noticias","tag-estrategia","tag-harley-davidson","tag-marketing"],"yoast_head":"<!-- This site is optimized with the Yoast SEO plugin v27.5 - https:\/\/yoast.com\/product\/yoast-seo-wordpress\/ -->\n<title>Harley-Davidson relan\u00e7a a revista The Enthusiast\u2122 - CidadeMarketing<\/title>\n<meta name=\"robots\" content=\"index, follow, max-snippet:-1, max-image-preview:large, max-video-preview:-1\" \/>\n<link rel=\"canonical\" href=\"https:\/\/www.cidademarketing.com.br\/marketing\/2020\/09\/13\/harley-davidson-relanca-a-revista-the-enthusiast\/\" \/>\n<meta property=\"og:locale\" content=\"pt_BR\" \/>\n<meta property=\"og:type\" content=\"article\" \/>\n<meta property=\"og:title\" content=\"Harley-Davidson relan\u00e7a a revista The Enthusiast\u2122 - CidadeMarketing\" \/>\n<meta property=\"og:description\" content=\"A Harley-Davidson est\u00e1 relan\u00e7ando a revista The Enthusiast\u2122 como uma revista impressa e digital projetada para mostrar a cultura da motocicleta e o estilo de vida de pilotagem atrav\u00e9s das lentes da marca Harley-Davidson. Originalmente publicada pela Harley-Davidson de 1916 a 2008, a revista The Enthusiast substituir\u00e1 a HOG\u00ae Magazine (Revista HOG) como a publica\u00e7\u00e3o [&hellip;]\" \/>\n<meta property=\"og:url\" content=\"https:\/\/www.cidademarketing.com.br\/marketing\/2020\/09\/13\/harley-davidson-relanca-a-revista-the-enthusiast\/\" \/>\n<meta property=\"og:site_name\" content=\"CidadeMarketing\" \/>\n<meta property=\"article:publisher\" content=\"https:\/\/www.facebook.com\/portalcidademarketing\" \/>\n<meta property=\"article:author\" content=\"https:\/\/www.facebook.com\/thalesbrandao\" \/>\n<meta property=\"article:published_time\" content=\"2020-09-13T13:36:47+00:00\" \/>\n<meta property=\"article:modified_time\" content=\"2020-09-13T13:36:52+00:00\" \/>\n<meta property=\"og:image\" content=\"https:\/\/www.cidademarketing.com.br\/marketing\/wp-content\/uploads\/2020\/09\/theenthusiast_harleydavidson.jpg\" \/>\n\t<meta property=\"og:image:width\" content=\"800\" \/>\n\t<meta property=\"og:image:height\" content=\"723\" \/>\n\t<meta property=\"og:image:type\" content=\"image\/jpeg\" \/>\n<meta name=\"author\" content=\"Thales Brand\u00e3o\" \/>\n<meta name=\"twitter:card\" content=\"summary_large_image\" \/>\n<meta name=\"twitter:creator\" content=\"@http:\/\/www.twitter.com\/thalesbrandao\" \/>\n<meta name=\"twitter:site\" content=\"@CidadeMarketing\" \/>\n<meta name=\"twitter:label1\" content=\"Escrito por\" \/>\n\t<meta name=\"twitter:data1\" content=\"Thales Brand\u00e3o\" \/>\n\t<meta name=\"twitter:label2\" content=\"Est. tempo de leitura\" \/>\n\t<meta name=\"twitter:data2\" content=\"3 minutos\" \/>\n<script type=\"application\/ld+json\" class=\"yoast-schema-graph\">{\"@context\":\"https:\\\/\\\/schema.org\",\"@graph\":[{\"@type\":\"Article\",\"@id\":\"https:\\\/\\\/www.cidademarketing.com.br\\\/marketing\\\/2020\\\/09\\\/13\\\/harley-davidson-relanca-a-revista-the-enthusiast\\\/#article\",\"isPartOf\":{\"@id\":\"https:\\\/\\\/www.cidademarketing.com.br\\\/marketing\\\/2020\\\/09\\\/13\\\/harley-davidson-relanca-a-revista-the-enthusiast\\\/\"},\"author\":{\"name\":\"Thales Brand\u00e3o\",\"@id\":\"https:\\\/\\\/www.cidademarketing.com.br\\\/marketing\\\/#\\\/schema\\\/person\\\/02daff9f18bd9378c9e01eb6b2db155f\"},\"headline\":\"Harley-Davidson relan\u00e7a a revista The Enthusiast\u2122\",\"datePublished\":\"2020-09-13T13:36:47+00:00\",\"dateModified\":\"2020-09-13T13:36:52+00:00\",\"mainEntityOfPage\":{\"@id\":\"https:\\\/\\\/www.cidademarketing.com.br\\\/marketing\\\/2020\\\/09\\\/13\\\/harley-davidson-relanca-a-revista-the-enthusiast\\\/\"},\"wordCount\":560,\"commentCount\":0,\"publisher\":{\"@id\":\"https:\\\/\\\/www.cidademarketing.com.br\\\/marketing\\\/#organization\"},\"image\":{\"@id\":\"https:\\\/\\\/www.cidademarketing.com.br\\\/marketing\\\/2020\\\/09\\\/13\\\/harley-davidson-relanca-a-revista-the-enthusiast\\\/#primaryimage\"},\"thumbnailUrl\":\"https:\\\/\\\/www.cidademarketing.com.br\\\/marketing\\\/wp-content\\\/uploads\\\/2020\\\/09\\\/theenthusiast_harleydavidson.jpg\",\"keywords\":[\"estrat\u00e9gia\",\"Harley-Davidson\",\"marketing\"],\"articleSection\":[\"Not\u00edcias\"],\"inLanguage\":\"pt-BR\",\"potentialAction\":[{\"@type\":\"CommentAction\",\"name\":\"Comment\",\"target\":[\"https:\\\/\\\/www.cidademarketing.com.br\\\/marketing\\\/2020\\\/09\\\/13\\\/harley-davidson-relanca-a-revista-the-enthusiast\\\/#respond\"]}]},{\"@type\":\"WebPage\",\"@id\":\"https:\\\/\\\/www.cidademarketing.com.br\\\/marketing\\\/2020\\\/09\\\/13\\\/harley-davidson-relanca-a-revista-the-enthusiast\\\/\",\"url\":\"https:\\\/\\\/www.cidademarketing.com.br\\\/marketing\\\/2020\\\/09\\\/13\\\/harley-davidson-relanca-a-revista-the-enthusiast\\\/\",\"name\":\"Harley-Davidson relan\u00e7a a revista The Enthusiast\u2122 - CidadeMarketing\",\"isPartOf\":{\"@id\":\"https:\\\/\\\/www.cidademarketing.com.br\\\/marketing\\\/#website\"},\"primaryImageOfPage\":{\"@id\":\"https:\\\/\\\/www.cidademarketing.com.br\\\/marketing\\\/2020\\\/09\\\/13\\\/harley-davidson-relanca-a-revista-the-enthusiast\\\/#primaryimage\"},\"image\":{\"@id\":\"https:\\\/\\\/www.cidademarketing.com.br\\\/marketing\\\/2020\\\/09\\\/13\\\/harley-davidson-relanca-a-revista-the-enthusiast\\\/#primaryimage\"},\"thumbnailUrl\":\"https:\\\/\\\/www.cidademarketing.com.br\\\/marketing\\\/wp-content\\\/uploads\\\/2020\\\/09\\\/theenthusiast_harleydavidson.jpg\",\"datePublished\":\"2020-09-13T13:36:47+00:00\",\"dateModified\":\"2020-09-13T13:36:52+00:00\",\"breadcrumb\":{\"@id\":\"https:\\\/\\\/www.cidademarketing.com.br\\\/marketing\\\/2020\\\/09\\\/13\\\/harley-davidson-relanca-a-revista-the-enthusiast\\\/#breadcrumb\"},\"inLanguage\":\"pt-BR\",\"potentialAction\":[{\"@type\":\"ReadAction\",\"target\":[\"https:\\\/\\\/www.cidademarketing.com.br\\\/marketing\\\/2020\\\/09\\\/13\\\/harley-davidson-relanca-a-revista-the-enthusiast\\\/\"]}]},{\"@type\":\"ImageObject\",\"inLanguage\":\"pt-BR\",\"@id\":\"https:\\\/\\\/www.cidademarketing.com.br\\\/marketing\\\/2020\\\/09\\\/13\\\/harley-davidson-relanca-a-revista-the-enthusiast\\\/#primaryimage\",\"url\":\"https:\\\/\\\/www.cidademarketing.com.br\\\/marketing\\\/wp-content\\\/uploads\\\/2020\\\/09\\\/theenthusiast_harleydavidson.jpg\",\"contentUrl\":\"https:\\\/\\\/www.cidademarketing.com.br\\\/marketing\\\/wp-content\\\/uploads\\\/2020\\\/09\\\/theenthusiast_harleydavidson.jpg\",\"width\":800,\"height\":723,\"caption\":\"Divulga\u00e7\u00e3o\"},{\"@type\":\"BreadcrumbList\",\"@id\":\"https:\\\/\\\/www.cidademarketing.com.br\\\/marketing\\\/2020\\\/09\\\/13\\\/harley-davidson-relanca-a-revista-the-enthusiast\\\/#breadcrumb\",\"itemListElement\":[{\"@type\":\"ListItem\",\"position\":1,\"name\":\"In\u00edcio\",\"item\":\"https:\\\/\\\/www.cidademarketing.com.br\\\/marketing\\\/\"},{\"@type\":\"ListItem\",\"position\":2,\"name\":\"Harley-Davidson relan\u00e7a a revista The Enthusiast\u2122\"}]},{\"@type\":\"WebSite\",\"@id\":\"https:\\\/\\\/www.cidademarketing.com.br\\\/marketing\\\/#website\",\"url\":\"https:\\\/\\\/www.cidademarketing.com.br\\\/marketing\\\/\",\"name\":\"CidadeMarketing\",\"description\":\"Somos um ve\u00edculo de comunica\u00e7\u00e3o de destaque no Brasil, reconhecido por conte\u00fados nos segmentos de marketing, empreendedorismo e inova\u00e7\u00e3o.\",\"publisher\":{\"@id\":\"https:\\\/\\\/www.cidademarketing.com.br\\\/marketing\\\/#organization\"},\"alternateName\":\"CidadeMarketing\",\"potentialAction\":[{\"@type\":\"SearchAction\",\"target\":{\"@type\":\"EntryPoint\",\"urlTemplate\":\"https:\\\/\\\/www.cidademarketing.com.br\\\/marketing\\\/?s={search_term_string}\"},\"query-input\":{\"@type\":\"PropertyValueSpecification\",\"valueRequired\":true,\"valueName\":\"search_term_string\"}}],\"inLanguage\":\"pt-BR\"},{\"@type\":\"Organization\",\"@id\":\"https:\\\/\\\/www.cidademarketing.com.br\\\/marketing\\\/#organization\",\"name\":\"CidadeMarketing\",\"alternateName\":\"CidadeMarketing\",\"url\":\"https:\\\/\\\/www.cidademarketing.com.br\\\/marketing\\\/\",\"logo\":{\"@type\":\"ImageObject\",\"inLanguage\":\"pt-BR\",\"@id\":\"https:\\\/\\\/www.cidademarketing.com.br\\\/marketing\\\/#\\\/schema\\\/logo\\\/image\\\/\",\"url\":\"https:\\\/\\\/www.cidademarketing.com.br\\\/marketing\\\/wp-content\\\/uploads\\\/2020\\\/01\\\/cidademarketing_marca_mobile.png\",\"contentUrl\":\"https:\\\/\\\/www.cidademarketing.com.br\\\/marketing\\\/wp-content\\\/uploads\\\/2020\\\/01\\\/cidademarketing_marca_mobile.png\",\"width\":230,\"height\":92,\"caption\":\"CidadeMarketing\"},\"image\":{\"@id\":\"https:\\\/\\\/www.cidademarketing.com.br\\\/marketing\\\/#\\\/schema\\\/logo\\\/image\\\/\"},\"sameAs\":[\"https:\\\/\\\/www.facebook.com\\\/portalcidademarketing\",\"https:\\\/\\\/x.com\\\/CidadeMarketing\",\"https:\\\/\\\/www.instagram.com\\\/cidademarketing\\\/\"]},{\"@type\":\"Person\",\"@id\":\"https:\\\/\\\/www.cidademarketing.com.br\\\/marketing\\\/#\\\/schema\\\/person\\\/02daff9f18bd9378c9e01eb6b2db155f\",\"name\":\"Thales Brand\u00e3o\",\"image\":{\"@type\":\"ImageObject\",\"inLanguage\":\"pt-BR\",\"@id\":\"https:\\\/\\\/secure.gravatar.com\\\/avatar\\\/7ca3206950207cc3cb48feec56a8a7898741ab725c368d99d5d7a5a50aab80c6?s=96&d=mm&r=g\",\"url\":\"https:\\\/\\\/secure.gravatar.com\\\/avatar\\\/7ca3206950207cc3cb48feec56a8a7898741ab725c368d99d5d7a5a50aab80c6?s=96&d=mm&r=g\",\"contentUrl\":\"https:\\\/\\\/secure.gravatar.com\\\/avatar\\\/7ca3206950207cc3cb48feec56a8a7898741ab725c368d99d5d7a5a50aab80c6?s=96&d=mm&r=g\",\"caption\":\"Thales Brand\u00e3o\"},\"description\":\"Editor Executivo do Portal CidadeMarketing.com.br &gt; Mestre em Comunica\u00e7\u00e3o e Sociedade pela Universidade Federal de Sergipe. Possui MBA Executivo em Administra\u00e7\u00e3o com \u00eanfase em Marketing pela Funda\u00e7\u00e3o Get\u00falio Vargas - Rio de Janeiro. Consultor, Palestrante e Pesquisador sobre Empreendedorismo, Marketing, Redes Sociais e Neg\u00f3cios Digitais. Professor, Palestrante TedxTalks e Campus Party. Twitter: @ThalesBrandao\",\"sameAs\":[\"http:\\\/\\\/www.mandacaru.com.br\",\"https:\\\/\\\/www.facebook.com\\\/thalesbrandao\",\"http:\\\/\\\/www.instagram.com.br\\\/thalesbrandaoferreira\",\"https:\\\/\\\/www.linkedin.com\\\/in\\\/thales-brand\u00e3o-3948609\\\/\",\"https:\\\/\\\/x.com\\\/http:\\\/\\\/www.twitter.com\\\/thalesbrandao\"],\"url\":\"https:\\\/\\\/www.cidademarketing.com.br\\\/marketing\\\/author\\\/thalesbrandao\\\/\"}]}<\/script>\n<!-- \/ Yoast SEO plugin. -->","yoast_head_json":{"title":"Harley-Davidson relan\u00e7a a revista The Enthusiast\u2122 - CidadeMarketing","robots":{"index":"index","follow":"follow","max-snippet":"max-snippet:-1","max-image-preview":"max-image-preview:large","max-video-preview":"max-video-preview:-1"},"canonical":"https:\/\/www.cidademarketing.com.br\/marketing\/2020\/09\/13\/harley-davidson-relanca-a-revista-the-enthusiast\/","og_locale":"pt_BR","og_type":"article","og_title":"Harley-Davidson relan\u00e7a a revista The Enthusiast\u2122 - CidadeMarketing","og_description":"A Harley-Davidson est\u00e1 relan\u00e7ando a revista The Enthusiast\u2122 como uma revista impressa e digital projetada para mostrar a cultura da motocicleta e o estilo de vida de pilotagem atrav\u00e9s das lentes da marca Harley-Davidson. Originalmente publicada pela Harley-Davidson de 1916 a 2008, a revista The Enthusiast substituir\u00e1 a HOG\u00ae Magazine (Revista HOG) como a publica\u00e7\u00e3o [&hellip;]","og_url":"https:\/\/www.cidademarketing.com.br\/marketing\/2020\/09\/13\/harley-davidson-relanca-a-revista-the-enthusiast\/","og_site_name":"CidadeMarketing","article_publisher":"https:\/\/www.facebook.com\/portalcidademarketing","article_author":"https:\/\/www.facebook.com\/thalesbrandao","article_published_time":"2020-09-13T13:36:47+00:00","article_modified_time":"2020-09-13T13:36:52+00:00","og_image":[{"width":800,"height":723,"url":"https:\/\/www.cidademarketing.com.br\/marketing\/wp-content\/uploads\/2020\/09\/theenthusiast_harleydavidson.jpg","type":"image\/jpeg"}],"author":"Thales Brand\u00e3o","twitter_card":"summary_large_image","twitter_creator":"@http:\/\/www.twitter.com\/thalesbrandao","twitter_site":"@CidadeMarketing","twitter_misc":{"Escrito por":"Thales Brand\u00e3o","Est. tempo de leitura":"3 minutos"},"schema":{"@context":"https:\/\/schema.org","@graph":[{"@type":"Article","@id":"https:\/\/www.cidademarketing.com.br\/marketing\/2020\/09\/13\/harley-davidson-relanca-a-revista-the-enthusiast\/#article","isPartOf":{"@id":"https:\/\/www.cidademarketing.com.br\/marketing\/2020\/09\/13\/harley-davidson-relanca-a-revista-the-enthusiast\/"},"author":{"name":"Thales Brand\u00e3o","@id":"https:\/\/www.cidademarketing.com.br\/marketing\/#\/schema\/person\/02daff9f18bd9378c9e01eb6b2db155f"},"headline":"Harley-Davidson relan\u00e7a a revista The Enthusiast\u2122","datePublished":"2020-09-13T13:36:47+00:00","dateModified":"2020-09-13T13:36:52+00:00","mainEntityOfPage":{"@id":"https:\/\/www.cidademarketing.com.br\/marketing\/2020\/09\/13\/harley-davidson-relanca-a-revista-the-enthusiast\/"},"wordCount":560,"commentCount":0,"publisher":{"@id":"https:\/\/www.cidademarketing.com.br\/marketing\/#organization"},"image":{"@id":"https:\/\/www.cidademarketing.com.br\/marketing\/2020\/09\/13\/harley-davidson-relanca-a-revista-the-enthusiast\/#primaryimage"},"thumbnailUrl":"https:\/\/www.cidademarketing.com.br\/marketing\/wp-content\/uploads\/2020\/09\/theenthusiast_harleydavidson.jpg","keywords":["estrat\u00e9gia","Harley-Davidson","marketing"],"articleSection":["Not\u00edcias"],"inLanguage":"pt-BR","potentialAction":[{"@type":"CommentAction","name":"Comment","target":["https:\/\/www.cidademarketing.com.br\/marketing\/2020\/09\/13\/harley-davidson-relanca-a-revista-the-enthusiast\/#respond"]}]},{"@type":"WebPage","@id":"https:\/\/www.cidademarketing.com.br\/marketing\/2020\/09\/13\/harley-davidson-relanca-a-revista-the-enthusiast\/","url":"https:\/\/www.cidademarketing.com.br\/marketing\/2020\/09\/13\/harley-davidson-relanca-a-revista-the-enthusiast\/","name":"Harley-Davidson relan\u00e7a a revista The Enthusiast\u2122 - CidadeMarketing","isPartOf":{"@id":"https:\/\/www.cidademarketing.com.br\/marketing\/#website"},"primaryImageOfPage":{"@id":"https:\/\/www.cidademarketing.com.br\/marketing\/2020\/09\/13\/harley-davidson-relanca-a-revista-the-enthusiast\/#primaryimage"},"image":{"@id":"https:\/\/www.cidademarketing.com.br\/marketing\/2020\/09\/13\/harley-davidson-relanca-a-revista-the-enthusiast\/#primaryimage"},"thumbnailUrl":"https:\/\/www.cidademarketing.com.br\/marketing\/wp-content\/uploads\/2020\/09\/theenthusiast_harleydavidson.jpg","datePublished":"2020-09-13T13:36:47+00:00","dateModified":"2020-09-13T13:36:52+00:00","breadcrumb":{"@id":"https:\/\/www.cidademarketing.com.br\/marketing\/2020\/09\/13\/harley-davidson-relanca-a-revista-the-enthusiast\/#breadcrumb"},"inLanguage":"pt-BR","potentialAction":[{"@type":"ReadAction","target":["https:\/\/www.cidademarketing.com.br\/marketing\/2020\/09\/13\/harley-davidson-relanca-a-revista-the-enthusiast\/"]}]},{"@type":"ImageObject","inLanguage":"pt-BR","@id":"https:\/\/www.cidademarketing.com.br\/marketing\/2020\/09\/13\/harley-davidson-relanca-a-revista-the-enthusiast\/#primaryimage","url":"https:\/\/www.cidademarketing.com.br\/marketing\/wp-content\/uploads\/2020\/09\/theenthusiast_harleydavidson.jpg","contentUrl":"https:\/\/www.cidademarketing.com.br\/marketing\/wp-content\/uploads\/2020\/09\/theenthusiast_harleydavidson.jpg","width":800,"height":723,"caption":"Divulga\u00e7\u00e3o"},{"@type":"BreadcrumbList","@id":"https:\/\/www.cidademarketing.com.br\/marketing\/2020\/09\/13\/harley-davidson-relanca-a-revista-the-enthusiast\/#breadcrumb","itemListElement":[{"@type":"ListItem","position":1,"name":"In\u00edcio","item":"https:\/\/www.cidademarketing.com.br\/marketing\/"},{"@type":"ListItem","position":2,"name":"Harley-Davidson relan\u00e7a a revista The Enthusiast\u2122"}]},{"@type":"WebSite","@id":"https:\/\/www.cidademarketing.com.br\/marketing\/#website","url":"https:\/\/www.cidademarketing.com.br\/marketing\/","name":"CidadeMarketing","description":"Somos um ve\u00edculo de comunica\u00e7\u00e3o de destaque no Brasil, reconhecido por conte\u00fados nos segmentos de marketing, empreendedorismo e inova\u00e7\u00e3o.","publisher":{"@id":"https:\/\/www.cidademarketing.com.br\/marketing\/#organization"},"alternateName":"CidadeMarketing","potentialAction":[{"@type":"SearchAction","target":{"@type":"EntryPoint","urlTemplate":"https:\/\/www.cidademarketing.com.br\/marketing\/?s={search_term_string}"},"query-input":{"@type":"PropertyValueSpecification","valueRequired":true,"valueName":"search_term_string"}}],"inLanguage":"pt-BR"},{"@type":"Organization","@id":"https:\/\/www.cidademarketing.com.br\/marketing\/#organization","name":"CidadeMarketing","alternateName":"CidadeMarketing","url":"https:\/\/www.cidademarketing.com.br\/marketing\/","logo":{"@type":"ImageObject","inLanguage":"pt-BR","@id":"https:\/\/www.cidademarketing.com.br\/marketing\/#\/schema\/logo\/image\/","url":"https:\/\/www.cidademarketing.com.br\/marketing\/wp-content\/uploads\/2020\/01\/cidademarketing_marca_mobile.png","contentUrl":"https:\/\/www.cidademarketing.com.br\/marketing\/wp-content\/uploads\/2020\/01\/cidademarketing_marca_mobile.png","width":230,"height":92,"caption":"CidadeMarketing"},"image":{"@id":"https:\/\/www.cidademarketing.com.br\/marketing\/#\/schema\/logo\/image\/"},"sameAs":["https:\/\/www.facebook.com\/portalcidademarketing","https:\/\/x.com\/CidadeMarketing","https:\/\/www.instagram.com\/cidademarketing\/"]},{"@type":"Person","@id":"https:\/\/www.cidademarketing.com.br\/marketing\/#\/schema\/person\/02daff9f18bd9378c9e01eb6b2db155f","name":"Thales Brand\u00e3o","image":{"@type":"ImageObject","inLanguage":"pt-BR","@id":"https:\/\/secure.gravatar.com\/avatar\/7ca3206950207cc3cb48feec56a8a7898741ab725c368d99d5d7a5a50aab80c6?s=96&d=mm&r=g","url":"https:\/\/secure.gravatar.com\/avatar\/7ca3206950207cc3cb48feec56a8a7898741ab725c368d99d5d7a5a50aab80c6?s=96&d=mm&r=g","contentUrl":"https:\/\/secure.gravatar.com\/avatar\/7ca3206950207cc3cb48feec56a8a7898741ab725c368d99d5d7a5a50aab80c6?s=96&d=mm&r=g","caption":"Thales Brand\u00e3o"},"description":"Editor Executivo do Portal CidadeMarketing.com.br &gt; Mestre em Comunica\u00e7\u00e3o e Sociedade pela Universidade Federal de Sergipe. Possui MBA Executivo em Administra\u00e7\u00e3o com \u00eanfase em Marketing pela Funda\u00e7\u00e3o Get\u00falio Vargas - Rio de Janeiro. Consultor, Palestrante e Pesquisador sobre Empreendedorismo, Marketing, Redes Sociais e Neg\u00f3cios Digitais. Professor, Palestrante TedxTalks e Campus Party. Twitter: @ThalesBrandao","sameAs":["http:\/\/www.mandacaru.com.br","https:\/\/www.facebook.com\/thalesbrandao","http:\/\/www.instagram.com.br\/thalesbrandaoferreira","https:\/\/www.linkedin.com\/in\/thales-brand\u00e3o-3948609\/","https:\/\/x.com\/http:\/\/www.twitter.com\/thalesbrandao"],"url":"https:\/\/www.cidademarketing.com.br\/marketing\/author\/thalesbrandao\/"}]}},"amp_enabled":true,"_links":{"self":[{"href":"https:\/\/www.cidademarketing.com.br\/marketing\/wp-json\/wp\/v2\/posts\/19022","targetHints":{"allow":["GET"]}}],"collection":[{"href":"https:\/\/www.cidademarketing.com.br\/marketing\/wp-json\/wp\/v2\/posts"}],"about":[{"href":"https:\/\/www.cidademarketing.com.br\/marketing\/wp-json\/wp\/v2\/types\/post"}],"author":[{"embeddable":true,"href":"https:\/\/www.cidademarketing.com.br\/marketing\/wp-json\/wp\/v2\/users\/1"}],"replies":[{"embeddable":true,"href":"https:\/\/www.cidademarketing.com.br\/marketing\/wp-json\/wp\/v2\/comments?post=19022"}],"version-history":[{"count":1,"href":"https:\/\/www.cidademarketing.com.br\/marketing\/wp-json\/wp\/v2\/posts\/19022\/revisions"}],"predecessor-version":[{"id":19024,"href":"https:\/\/www.cidademarketing.com.br\/marketing\/wp-json\/wp\/v2\/posts\/19022\/revisions\/19024"}],"wp:featuredmedia":[{"embeddable":true,"href":"https:\/\/www.cidademarketing.com.br\/marketing\/wp-json\/wp\/v2\/media\/19023"}],"wp:attachment":[{"href":"https:\/\/www.cidademarketing.com.br\/marketing\/wp-json\/wp\/v2\/media?parent=19022"}],"wp:term":[{"taxonomy":"category","embeddable":true,"href":"https:\/\/www.cidademarketing.com.br\/marketing\/wp-json\/wp\/v2\/categories?post=19022"},{"taxonomy":"post_tag","embeddable":true,"href":"https:\/\/www.cidademarketing.com.br\/marketing\/wp-json\/wp\/v2\/tags?post=19022"}],"curies":[{"name":"wp","href":"https:\/\/api.w.org\/{rel}","templated":true}]}}