{"id":18978,"date":"2020-09-11T12:00:03","date_gmt":"2020-09-11T15:00:03","guid":{"rendered":"https:\/\/www.cidademarketing.com.br\/marketing\/?p=18978"},"modified":"2020-09-11T12:00:07","modified_gmt":"2020-09-11T15:00:07","slug":"basf-e-saint-gobain-debatem-inovacao-no-setor-de-material-de-construcao-em-web-serie-ao-vivo","status":"publish","type":"post","link":"https:\/\/www.cidademarketing.com.br\/marketing\/2020\/09\/11\/basf-e-saint-gobain-debatem-inovacao-no-setor-de-material-de-construcao-em-web-serie-ao-vivo\/","title":{"rendered":"Basf e Saint-Gobain debatem inova\u00e7\u00e3o no setor de material de constru\u00e7\u00e3o em web s\u00e9rie ao vivo"},"content":{"rendered":"\n<p>A ABA (Associa\u00e7\u00e3o Brasileira de Anunciantes) e o Grupo Croma se uniram para promover uma s\u00e9rie de encontros com profissionais de grandes empresas do mercado para debater \u2018Perspectivas \u2013 uma vis\u00e3o setorizada da inova\u00e7\u00e3o\u2019. No epis\u00f3dio do dia 16 de setembro, o tema ser\u00e1 Inova\u00e7\u00e3o no setor de Material de Constru\u00e7\u00e3o, com Juliana Hosken, Diretora de Marketing da BASF \u2013 Suvinil e Diretora da ABA e Pablo Satyro, Chief Marketing Officer na Saint-Gobain Telhanorte Distribui\u00e7\u00e3o Brasil e Diretor da ABA.<\/p>\n\n\n\n<p><em>\u201cO setor de Material de Constru\u00e7\u00e3o estava previsto para crescer em 2% em 2020, de acordo com as informa\u00e7\u00f5es levantadas em pesquisa da Associa\u00e7\u00e3o Brasileira da Ind\u00fastria de Materiais de Constru\u00e7\u00e3o (Abramat). Contudo, devido ao contexto pand\u00eamico, o cen\u00e1rio foi reconfigurado e os profissionais precisaram inovar ainda mais por meio das tecnologias. Com os consumidores passando mais tempo em casa, pequenas reformas est\u00e3o sendo realizadas, o que mant\u00e9m o mercado aquecido e em constante evolu\u00e7\u00e3o. O nosso epis\u00f3dio em 16\/09 abordar\u00e1 estas quest\u00f5es, com foco no papel do marketing para a efetiva\u00e7\u00e3o destas inova\u00e7\u00f5es.\u201d.&nbsp;&nbsp; <\/em>Comenta Sandra Martinelli, Presidente Executiva da ABA.<\/p>\n\n\n\n<p>Os epis\u00f3dios s\u00e3o transmitidos semanalmente\u00a0\u00e0s 17h. As inscri\u00e7\u00f5es devem ser realizadas gratuitamente na plataforma Sympla <a href=\"http:\/\/bit.ly\/Perspectivas_ep14\" target=\"_blank\" rel=\"noreferrer noopener\">http:\/\/bit.ly\/Perspectivas_ep14<\/a>, com transmiss\u00e3o via YouTube para inscritos. Os encontros, com uma hora de dura\u00e7\u00e3o, s\u00e3o apresentados por Sandra Martinelli, Presidente Executiva da ABA, e a modera\u00e7\u00e3o \u00e9 realizada por Edmar Bulla, CEO do Grupo Croma.<\/p>\n\n\n\n<p><em>\u201cO protagonismo da iniciativa privada frente \u00e0 pandemia nos levou a propor essa abordagem setorizada. Concorrentes compartilhando perspectivas que podem influenciar o mercado, o consumo e as cadeias de produ\u00e7\u00e3o \u00e9 algo in\u00e9dito. Al\u00e9m disso, podem influenciar outras empresas, inclusive de menor porte, com otimismo e boas pr\u00e1ticas,\u201d<\/em> comenta Edmar Bulla.<\/p>\n\n\n\n<p>O primeiro epis\u00f3dio, realizado no dia 17 de junho, contou com a participa\u00e7\u00e3o das profissionais do setor de eletroeletr\u00f4nicos Loredana Sarcinella, \u00e0 \u00e9poca Diretora S\u00eanior de Marketing, Trade e Canais da Samsung e conselheira da ABA, e Cris Duclos, Vice-Presidente de Marketing Electrolux e Diretora da ABA. A&nbsp;<em>Inova\u00e7\u00e3o no Varejo<\/em>&nbsp;foi o tema do encontro do dia 24 de junho, com a participa\u00e7\u00e3o de Othon Vela, Diretor de Marketing do GPA, e Silvana Balbo, Diretora de Marketing do Carrefour e Diretora da ABA.<\/p>\n\n\n\n<p>No dia 01 de julho o tema foi&nbsp;<em>Inova\u00e7\u00e3o no setor de Bebidas&nbsp;<\/em>e contou com os convidados Ricardo Dias, Vice-Presidente de Marketing da Ambev, e Vanessa Brand\u00e3o, Premium Brands Sr Director da Heineken.&nbsp;<em>Inova\u00e7\u00e3o no setor de Alimentos<\/em>&nbsp;foi o tema do epis\u00f3dio do dia 08 de julho, com Frank Pflaumer, VP de Marketing e Comunica\u00e7\u00e3o da Nestl\u00e9 e 1\u00ba Vice-Presidente da ABA, e Andrea Gaeta, Diretora S\u00eanior de Marcas da Danone e Diretora da ABA.<\/p>\n\n\n\n<p><em>Inova\u00e7\u00e3o no setor de Beleza e Cosm\u00e9ticos<\/em>&nbsp;foi o assunto do epis\u00f3dio do dia 15 de julho, com Isabella Zakzuk, Diretora de Beauty na P&amp;G e Conselheira da ABA, e Eduardo Campanella, VP de Marketing da Unilever \u2013 Brasil e LatAm. No dia 22 de julho,&nbsp;<em>Inova\u00e7\u00e3o no setor de Higiene Pessoal <\/em>foi o assunto do epis\u00f3dio com Ricardo Wolff, VP de Estrat\u00e9gia e Marketing da J&amp;J e Vice-Presidente da ABA, e Candice Pomi, Consumer Strategic Insights Director for Latin America na Kimberly-Clark e Presidente do Comit\u00ea de Insights da ABA.<\/p>\n\n\n\n<p>No dia 29 de julho o tema foi&nbsp;<em>Inova\u00e7\u00e3o no setor de Meios de Pagamento<\/em>, com a participa\u00e7\u00e3o de Sarah Buchwitz, VP Marketing &amp; Communications at Mastercard e Conselheira da ABA e Sergio Giorgetti, Marketing Vice President da Visa.&nbsp;<em>A Inova\u00e7\u00e3o no setor Automotivo&nbsp;<\/em>foi o assunto do epis\u00f3dio do dia 05 de agosto, com Frederico Battaglia, CMO LATAM FCA (Fiat Chrysler Automobiles) e Diretor da ABA e Hermann Mahnke, South America Marketing Director GM e Conselheiro da ABA.<\/p>\n\n\n\n<p>No dia&nbsp;12 de agosto&nbsp;o tema foi <em>Inova\u00e7\u00e3o no setor Automotivo<\/em>, com Hermann Mahnke, Diretor Executivo de Marketing da GM e Conselheiro da ABA e Frederico Battaglia, CMO da FCA Fiat e Diretor da ABA. O tema do dia&nbsp;19 de agosto&nbsp;foi&nbsp;<em>Inova\u00e7\u00e3o nas pr\u00e1ticas de ESG<\/em>, com as participa\u00e7\u00f5es de Vanessa Vilar, General Counsel Brazil da Unilever e Vice-Presidente da ABA e Grazielle Parenti, Diretora Global de Assuntos Corporativos da BRF e Diretora da ABA.&nbsp;<\/p>\n\n\n\n<p>O epis\u00f3dio que aconteceu em 26 de agosto abordou a <em>Inova\u00e7\u00e3o no setor de Avia\u00e7\u00e3o<\/em> e contou&nbsp;com a participa\u00e7\u00e3o de Loraine Ricino, Diretora de Marketing da Gol e Diretora da ABA e Sabrina Salgado, Head de Marketing da LATAM e Diretora da ABA. No dia 02 de setembro, o tema foi <em>Inova\u00e7\u00e3o em Public Affairs <\/em>e contou com a participa\u00e7\u00e3o de Nelcina Tropardi, Presidente da ABA e Vice-Presidente de Sustentabilidade e Assuntos Corporativos da Heineken e Maria Claudia Souza, Diretora da ABA e Diretora de Assuntos Corporativos e Assuntos Governamentais da Mondel\u0113z.<\/p>\n\n\n\n<p>No epis\u00f3dio do dia 09 de setembro, o tema foi <em>Inova\u00e7\u00e3o em Cosm\u00e9ticos e Perfumaria<\/em>, com Patricia Borges, Diretora de Marketing da L\u2019Or\u00e9al e Diretora da ABA e Alexandre Bouza, Head do Grupo O Botic\u00e1rio e Conselheiro da ABA. No dia 07 de outubro o tema ser\u00e1 <em>Inova\u00e7\u00e3o no setor de Perfumaria<\/em> e contar\u00e1 com a participa\u00e7\u00e3o de Regiane Bueno, Diretora Executiva de Marketing da Coty e Diretora da ABA e Danielle Bibas, Vice-Presidente de Marketing da AVON Brasil e Conselheira da ABA.<\/p>\n\n\n\n<p>Os participantes inscritos podem enviar perguntas e fazer coment\u00e1rios durante o epis\u00f3dio. Para se inscrever basta acessar o link <a href=\"http:\/\/bit.ly\/Perspectivas_ep14\" target=\"_blank\" rel=\"noreferrer noopener\">http:\/\/bit.ly\/Perspectivas_ep14<\/a> e aguardar o envio do e-mail de confirma\u00e7\u00e3o para participa\u00e7\u00e3o.<\/p>\n","protected":false},"excerpt":{"rendered":"<p>A ABA (Associa\u00e7\u00e3o Brasileira de Anunciantes) e o Grupo Croma se uniram para promover uma s\u00e9rie de encontros com profissionais de grandes empresas do mercado para debater \u2018Perspectivas \u2013 uma vis\u00e3o setorizada da inova\u00e7\u00e3o\u2019. No epis\u00f3dio do dia 16 de setembro, o tema ser\u00e1 Inova\u00e7\u00e3o no setor de Material de Constru\u00e7\u00e3o, com Juliana Hosken, Diretora [&hellip;]<\/p>\n","protected":false},"author":1,"featured_media":18980,"comment_status":"open","ping_status":"open","sticky":false,"template":"","format":"standard","meta":{"tdm_status":"","tdm_grid_status":"","footnotes":""},"categories":[13],"tags":[345,179,687],"class_list":["post-18978","post","type-post","status-publish","format-standard","has-post-thumbnail","hentry","category-eventos","tag-basf","tag-evento","tag-saint-gobain"],"yoast_head":"<!-- This site is optimized with the Yoast SEO plugin v27.5 - https:\/\/yoast.com\/product\/yoast-seo-wordpress\/ -->\n<title>Basf e Saint-Gobain debatem inova\u00e7\u00e3o no setor de material de constru\u00e7\u00e3o em web s\u00e9rie ao vivo - CidadeMarketing<\/title>\n<meta name=\"robots\" content=\"index, follow, max-snippet:-1, max-image-preview:large, max-video-preview:-1\" \/>\n<link rel=\"canonical\" href=\"https:\/\/www.cidademarketing.com.br\/marketing\/2020\/09\/11\/basf-e-saint-gobain-debatem-inovacao-no-setor-de-material-de-construcao-em-web-serie-ao-vivo\/\" \/>\n<meta property=\"og:locale\" content=\"pt_BR\" \/>\n<meta property=\"og:type\" content=\"article\" \/>\n<meta property=\"og:title\" content=\"Basf e Saint-Gobain debatem inova\u00e7\u00e3o no setor de material de constru\u00e7\u00e3o em web s\u00e9rie ao vivo - CidadeMarketing\" \/>\n<meta property=\"og:description\" content=\"A ABA (Associa\u00e7\u00e3o Brasileira de Anunciantes) e o Grupo Croma se uniram para promover uma s\u00e9rie de encontros com profissionais de grandes empresas do mercado para debater \u2018Perspectivas \u2013 uma vis\u00e3o setorizada da inova\u00e7\u00e3o\u2019. No epis\u00f3dio do dia 16 de setembro, o tema ser\u00e1 Inova\u00e7\u00e3o no setor de Material de Constru\u00e7\u00e3o, com Juliana Hosken, Diretora [&hellip;]\" \/>\n<meta property=\"og:url\" content=\"https:\/\/www.cidademarketing.com.br\/marketing\/2020\/09\/11\/basf-e-saint-gobain-debatem-inovacao-no-setor-de-material-de-construcao-em-web-serie-ao-vivo\/\" \/>\n<meta property=\"og:site_name\" content=\"CidadeMarketing\" \/>\n<meta property=\"article:publisher\" content=\"https:\/\/www.facebook.com\/portalcidademarketing\" \/>\n<meta property=\"article:author\" content=\"https:\/\/www.facebook.com\/thalesbrandao\" \/>\n<meta property=\"article:published_time\" content=\"2020-09-11T15:00:03+00:00\" \/>\n<meta property=\"article:modified_time\" content=\"2020-09-11T15:00:07+00:00\" \/>\n<meta property=\"og:image\" content=\"https:\/\/www.cidademarketing.com.br\/marketing\/wp-content\/uploads\/2020\/09\/evento_construcaocivil.jpg\" \/>\n\t<meta property=\"og:image:width\" content=\"1072\" \/>\n\t<meta property=\"og:image:height\" content=\"540\" \/>\n\t<meta property=\"og:image:type\" content=\"image\/jpeg\" \/>\n<meta name=\"author\" content=\"Thales Brand\u00e3o\" \/>\n<meta name=\"twitter:card\" content=\"summary_large_image\" \/>\n<meta name=\"twitter:creator\" content=\"@http:\/\/www.twitter.com\/thalesbrandao\" \/>\n<meta name=\"twitter:site\" content=\"@CidadeMarketing\" \/>\n<meta name=\"twitter:label1\" content=\"Escrito por\" \/>\n\t<meta name=\"twitter:data1\" content=\"Thales Brand\u00e3o\" \/>\n\t<meta name=\"twitter:label2\" content=\"Est. tempo de leitura\" \/>\n\t<meta name=\"twitter:data2\" content=\"5 minutos\" \/>\n<script type=\"application\/ld+json\" class=\"yoast-schema-graph\">{\"@context\":\"https:\\\/\\\/schema.org\",\"@graph\":[{\"@type\":\"Article\",\"@id\":\"https:\\\/\\\/www.cidademarketing.com.br\\\/marketing\\\/2020\\\/09\\\/11\\\/basf-e-saint-gobain-debatem-inovacao-no-setor-de-material-de-construcao-em-web-serie-ao-vivo\\\/#article\",\"isPartOf\":{\"@id\":\"https:\\\/\\\/www.cidademarketing.com.br\\\/marketing\\\/2020\\\/09\\\/11\\\/basf-e-saint-gobain-debatem-inovacao-no-setor-de-material-de-construcao-em-web-serie-ao-vivo\\\/\"},\"author\":{\"name\":\"Thales Brand\u00e3o\",\"@id\":\"https:\\\/\\\/www.cidademarketing.com.br\\\/marketing\\\/#\\\/schema\\\/person\\\/02daff9f18bd9378c9e01eb6b2db155f\"},\"headline\":\"Basf e Saint-Gobain debatem inova\u00e7\u00e3o no setor de material de constru\u00e7\u00e3o em web s\u00e9rie ao vivo\",\"datePublished\":\"2020-09-11T15:00:03+00:00\",\"dateModified\":\"2020-09-11T15:00:07+00:00\",\"mainEntityOfPage\":{\"@id\":\"https:\\\/\\\/www.cidademarketing.com.br\\\/marketing\\\/2020\\\/09\\\/11\\\/basf-e-saint-gobain-debatem-inovacao-no-setor-de-material-de-construcao-em-web-serie-ao-vivo\\\/\"},\"wordCount\":1001,\"commentCount\":0,\"publisher\":{\"@id\":\"https:\\\/\\\/www.cidademarketing.com.br\\\/marketing\\\/#organization\"},\"image\":{\"@id\":\"https:\\\/\\\/www.cidademarketing.com.br\\\/marketing\\\/2020\\\/09\\\/11\\\/basf-e-saint-gobain-debatem-inovacao-no-setor-de-material-de-construcao-em-web-serie-ao-vivo\\\/#primaryimage\"},\"thumbnailUrl\":\"https:\\\/\\\/www.cidademarketing.com.br\\\/marketing\\\/wp-content\\\/uploads\\\/2020\\\/09\\\/evento_construcaocivil.jpg\",\"keywords\":[\"Basf\",\"evento\",\"Saint-Gobain\"],\"articleSection\":[\"Eventos\"],\"inLanguage\":\"pt-BR\",\"potentialAction\":[{\"@type\":\"CommentAction\",\"name\":\"Comment\",\"target\":[\"https:\\\/\\\/www.cidademarketing.com.br\\\/marketing\\\/2020\\\/09\\\/11\\\/basf-e-saint-gobain-debatem-inovacao-no-setor-de-material-de-construcao-em-web-serie-ao-vivo\\\/#respond\"]}]},{\"@type\":\"WebPage\",\"@id\":\"https:\\\/\\\/www.cidademarketing.com.br\\\/marketing\\\/2020\\\/09\\\/11\\\/basf-e-saint-gobain-debatem-inovacao-no-setor-de-material-de-construcao-em-web-serie-ao-vivo\\\/\",\"url\":\"https:\\\/\\\/www.cidademarketing.com.br\\\/marketing\\\/2020\\\/09\\\/11\\\/basf-e-saint-gobain-debatem-inovacao-no-setor-de-material-de-construcao-em-web-serie-ao-vivo\\\/\",\"name\":\"Basf e Saint-Gobain debatem inova\u00e7\u00e3o no setor de material de constru\u00e7\u00e3o em web s\u00e9rie ao vivo - CidadeMarketing\",\"isPartOf\":{\"@id\":\"https:\\\/\\\/www.cidademarketing.com.br\\\/marketing\\\/#website\"},\"primaryImageOfPage\":{\"@id\":\"https:\\\/\\\/www.cidademarketing.com.br\\\/marketing\\\/2020\\\/09\\\/11\\\/basf-e-saint-gobain-debatem-inovacao-no-setor-de-material-de-construcao-em-web-serie-ao-vivo\\\/#primaryimage\"},\"image\":{\"@id\":\"https:\\\/\\\/www.cidademarketing.com.br\\\/marketing\\\/2020\\\/09\\\/11\\\/basf-e-saint-gobain-debatem-inovacao-no-setor-de-material-de-construcao-em-web-serie-ao-vivo\\\/#primaryimage\"},\"thumbnailUrl\":\"https:\\\/\\\/www.cidademarketing.com.br\\\/marketing\\\/wp-content\\\/uploads\\\/2020\\\/09\\\/evento_construcaocivil.jpg\",\"datePublished\":\"2020-09-11T15:00:03+00:00\",\"dateModified\":\"2020-09-11T15:00:07+00:00\",\"breadcrumb\":{\"@id\":\"https:\\\/\\\/www.cidademarketing.com.br\\\/marketing\\\/2020\\\/09\\\/11\\\/basf-e-saint-gobain-debatem-inovacao-no-setor-de-material-de-construcao-em-web-serie-ao-vivo\\\/#breadcrumb\"},\"inLanguage\":\"pt-BR\",\"potentialAction\":[{\"@type\":\"ReadAction\",\"target\":[\"https:\\\/\\\/www.cidademarketing.com.br\\\/marketing\\\/2020\\\/09\\\/11\\\/basf-e-saint-gobain-debatem-inovacao-no-setor-de-material-de-construcao-em-web-serie-ao-vivo\\\/\"]}]},{\"@type\":\"ImageObject\",\"inLanguage\":\"pt-BR\",\"@id\":\"https:\\\/\\\/www.cidademarketing.com.br\\\/marketing\\\/2020\\\/09\\\/11\\\/basf-e-saint-gobain-debatem-inovacao-no-setor-de-material-de-construcao-em-web-serie-ao-vivo\\\/#primaryimage\",\"url\":\"https:\\\/\\\/www.cidademarketing.com.br\\\/marketing\\\/wp-content\\\/uploads\\\/2020\\\/09\\\/evento_construcaocivil.jpg\",\"contentUrl\":\"https:\\\/\\\/www.cidademarketing.com.br\\\/marketing\\\/wp-content\\\/uploads\\\/2020\\\/09\\\/evento_construcaocivil.jpg\",\"width\":1072,\"height\":540},{\"@type\":\"BreadcrumbList\",\"@id\":\"https:\\\/\\\/www.cidademarketing.com.br\\\/marketing\\\/2020\\\/09\\\/11\\\/basf-e-saint-gobain-debatem-inovacao-no-setor-de-material-de-construcao-em-web-serie-ao-vivo\\\/#breadcrumb\",\"itemListElement\":[{\"@type\":\"ListItem\",\"position\":1,\"name\":\"In\u00edcio\",\"item\":\"https:\\\/\\\/www.cidademarketing.com.br\\\/marketing\\\/\"},{\"@type\":\"ListItem\",\"position\":2,\"name\":\"Basf e Saint-Gobain debatem inova\u00e7\u00e3o no setor de material de constru\u00e7\u00e3o em web s\u00e9rie ao vivo\"}]},{\"@type\":\"WebSite\",\"@id\":\"https:\\\/\\\/www.cidademarketing.com.br\\\/marketing\\\/#website\",\"url\":\"https:\\\/\\\/www.cidademarketing.com.br\\\/marketing\\\/\",\"name\":\"CidadeMarketing\",\"description\":\"Somos um ve\u00edculo de comunica\u00e7\u00e3o de destaque no Brasil, reconhecido por conte\u00fados nos segmentos de marketing, empreendedorismo e inova\u00e7\u00e3o.\",\"publisher\":{\"@id\":\"https:\\\/\\\/www.cidademarketing.com.br\\\/marketing\\\/#organization\"},\"alternateName\":\"CidadeMarketing\",\"potentialAction\":[{\"@type\":\"SearchAction\",\"target\":{\"@type\":\"EntryPoint\",\"urlTemplate\":\"https:\\\/\\\/www.cidademarketing.com.br\\\/marketing\\\/?s={search_term_string}\"},\"query-input\":{\"@type\":\"PropertyValueSpecification\",\"valueRequired\":true,\"valueName\":\"search_term_string\"}}],\"inLanguage\":\"pt-BR\"},{\"@type\":\"Organization\",\"@id\":\"https:\\\/\\\/www.cidademarketing.com.br\\\/marketing\\\/#organization\",\"name\":\"CidadeMarketing\",\"alternateName\":\"CidadeMarketing\",\"url\":\"https:\\\/\\\/www.cidademarketing.com.br\\\/marketing\\\/\",\"logo\":{\"@type\":\"ImageObject\",\"inLanguage\":\"pt-BR\",\"@id\":\"https:\\\/\\\/www.cidademarketing.com.br\\\/marketing\\\/#\\\/schema\\\/logo\\\/image\\\/\",\"url\":\"https:\\\/\\\/www.cidademarketing.com.br\\\/marketing\\\/wp-content\\\/uploads\\\/2020\\\/01\\\/cidademarketing_marca_mobile.png\",\"contentUrl\":\"https:\\\/\\\/www.cidademarketing.com.br\\\/marketing\\\/wp-content\\\/uploads\\\/2020\\\/01\\\/cidademarketing_marca_mobile.png\",\"width\":230,\"height\":92,\"caption\":\"CidadeMarketing\"},\"image\":{\"@id\":\"https:\\\/\\\/www.cidademarketing.com.br\\\/marketing\\\/#\\\/schema\\\/logo\\\/image\\\/\"},\"sameAs\":[\"https:\\\/\\\/www.facebook.com\\\/portalcidademarketing\",\"https:\\\/\\\/x.com\\\/CidadeMarketing\",\"https:\\\/\\\/www.instagram.com\\\/cidademarketing\\\/\"]},{\"@type\":\"Person\",\"@id\":\"https:\\\/\\\/www.cidademarketing.com.br\\\/marketing\\\/#\\\/schema\\\/person\\\/02daff9f18bd9378c9e01eb6b2db155f\",\"name\":\"Thales Brand\u00e3o\",\"image\":{\"@type\":\"ImageObject\",\"inLanguage\":\"pt-BR\",\"@id\":\"https:\\\/\\\/secure.gravatar.com\\\/avatar\\\/7ca3206950207cc3cb48feec56a8a7898741ab725c368d99d5d7a5a50aab80c6?s=96&d=mm&r=g\",\"url\":\"https:\\\/\\\/secure.gravatar.com\\\/avatar\\\/7ca3206950207cc3cb48feec56a8a7898741ab725c368d99d5d7a5a50aab80c6?s=96&d=mm&r=g\",\"contentUrl\":\"https:\\\/\\\/secure.gravatar.com\\\/avatar\\\/7ca3206950207cc3cb48feec56a8a7898741ab725c368d99d5d7a5a50aab80c6?s=96&d=mm&r=g\",\"caption\":\"Thales Brand\u00e3o\"},\"description\":\"Editor Executivo do Portal CidadeMarketing.com.br &gt; Mestre em Comunica\u00e7\u00e3o e Sociedade pela Universidade Federal de Sergipe. Possui MBA Executivo em Administra\u00e7\u00e3o com \u00eanfase em Marketing pela Funda\u00e7\u00e3o Get\u00falio Vargas - Rio de Janeiro. Consultor, Palestrante e Pesquisador sobre Empreendedorismo, Marketing, Redes Sociais e Neg\u00f3cios Digitais. Professor, Palestrante TedxTalks e Campus Party. Twitter: @ThalesBrandao\",\"sameAs\":[\"http:\\\/\\\/www.mandacaru.com.br\",\"https:\\\/\\\/www.facebook.com\\\/thalesbrandao\",\"http:\\\/\\\/www.instagram.com.br\\\/thalesbrandaoferreira\",\"https:\\\/\\\/www.linkedin.com\\\/in\\\/thales-brand\u00e3o-3948609\\\/\",\"https:\\\/\\\/x.com\\\/http:\\\/\\\/www.twitter.com\\\/thalesbrandao\"],\"url\":\"https:\\\/\\\/www.cidademarketing.com.br\\\/marketing\\\/author\\\/thalesbrandao\\\/\"}]}<\/script>\n<!-- \/ Yoast SEO plugin. -->","yoast_head_json":{"title":"Basf e Saint-Gobain debatem inova\u00e7\u00e3o no setor de material de constru\u00e7\u00e3o em web s\u00e9rie ao vivo - CidadeMarketing","robots":{"index":"index","follow":"follow","max-snippet":"max-snippet:-1","max-image-preview":"max-image-preview:large","max-video-preview":"max-video-preview:-1"},"canonical":"https:\/\/www.cidademarketing.com.br\/marketing\/2020\/09\/11\/basf-e-saint-gobain-debatem-inovacao-no-setor-de-material-de-construcao-em-web-serie-ao-vivo\/","og_locale":"pt_BR","og_type":"article","og_title":"Basf e Saint-Gobain debatem inova\u00e7\u00e3o no setor de material de constru\u00e7\u00e3o em web s\u00e9rie ao vivo - CidadeMarketing","og_description":"A ABA (Associa\u00e7\u00e3o Brasileira de Anunciantes) e o Grupo Croma se uniram para promover uma s\u00e9rie de encontros com profissionais de grandes empresas do mercado para debater \u2018Perspectivas \u2013 uma vis\u00e3o setorizada da inova\u00e7\u00e3o\u2019. No epis\u00f3dio do dia 16 de setembro, o tema ser\u00e1 Inova\u00e7\u00e3o no setor de Material de Constru\u00e7\u00e3o, com Juliana Hosken, Diretora [&hellip;]","og_url":"https:\/\/www.cidademarketing.com.br\/marketing\/2020\/09\/11\/basf-e-saint-gobain-debatem-inovacao-no-setor-de-material-de-construcao-em-web-serie-ao-vivo\/","og_site_name":"CidadeMarketing","article_publisher":"https:\/\/www.facebook.com\/portalcidademarketing","article_author":"https:\/\/www.facebook.com\/thalesbrandao","article_published_time":"2020-09-11T15:00:03+00:00","article_modified_time":"2020-09-11T15:00:07+00:00","og_image":[{"width":1072,"height":540,"url":"https:\/\/www.cidademarketing.com.br\/marketing\/wp-content\/uploads\/2020\/09\/evento_construcaocivil.jpg","type":"image\/jpeg"}],"author":"Thales Brand\u00e3o","twitter_card":"summary_large_image","twitter_creator":"@http:\/\/www.twitter.com\/thalesbrandao","twitter_site":"@CidadeMarketing","twitter_misc":{"Escrito por":"Thales Brand\u00e3o","Est. tempo de leitura":"5 minutos"},"schema":{"@context":"https:\/\/schema.org","@graph":[{"@type":"Article","@id":"https:\/\/www.cidademarketing.com.br\/marketing\/2020\/09\/11\/basf-e-saint-gobain-debatem-inovacao-no-setor-de-material-de-construcao-em-web-serie-ao-vivo\/#article","isPartOf":{"@id":"https:\/\/www.cidademarketing.com.br\/marketing\/2020\/09\/11\/basf-e-saint-gobain-debatem-inovacao-no-setor-de-material-de-construcao-em-web-serie-ao-vivo\/"},"author":{"name":"Thales Brand\u00e3o","@id":"https:\/\/www.cidademarketing.com.br\/marketing\/#\/schema\/person\/02daff9f18bd9378c9e01eb6b2db155f"},"headline":"Basf e Saint-Gobain debatem inova\u00e7\u00e3o no setor de material de constru\u00e7\u00e3o em web s\u00e9rie ao vivo","datePublished":"2020-09-11T15:00:03+00:00","dateModified":"2020-09-11T15:00:07+00:00","mainEntityOfPage":{"@id":"https:\/\/www.cidademarketing.com.br\/marketing\/2020\/09\/11\/basf-e-saint-gobain-debatem-inovacao-no-setor-de-material-de-construcao-em-web-serie-ao-vivo\/"},"wordCount":1001,"commentCount":0,"publisher":{"@id":"https:\/\/www.cidademarketing.com.br\/marketing\/#organization"},"image":{"@id":"https:\/\/www.cidademarketing.com.br\/marketing\/2020\/09\/11\/basf-e-saint-gobain-debatem-inovacao-no-setor-de-material-de-construcao-em-web-serie-ao-vivo\/#primaryimage"},"thumbnailUrl":"https:\/\/www.cidademarketing.com.br\/marketing\/wp-content\/uploads\/2020\/09\/evento_construcaocivil.jpg","keywords":["Basf","evento","Saint-Gobain"],"articleSection":["Eventos"],"inLanguage":"pt-BR","potentialAction":[{"@type":"CommentAction","name":"Comment","target":["https:\/\/www.cidademarketing.com.br\/marketing\/2020\/09\/11\/basf-e-saint-gobain-debatem-inovacao-no-setor-de-material-de-construcao-em-web-serie-ao-vivo\/#respond"]}]},{"@type":"WebPage","@id":"https:\/\/www.cidademarketing.com.br\/marketing\/2020\/09\/11\/basf-e-saint-gobain-debatem-inovacao-no-setor-de-material-de-construcao-em-web-serie-ao-vivo\/","url":"https:\/\/www.cidademarketing.com.br\/marketing\/2020\/09\/11\/basf-e-saint-gobain-debatem-inovacao-no-setor-de-material-de-construcao-em-web-serie-ao-vivo\/","name":"Basf e Saint-Gobain debatem inova\u00e7\u00e3o no setor de material de constru\u00e7\u00e3o em web s\u00e9rie ao vivo - CidadeMarketing","isPartOf":{"@id":"https:\/\/www.cidademarketing.com.br\/marketing\/#website"},"primaryImageOfPage":{"@id":"https:\/\/www.cidademarketing.com.br\/marketing\/2020\/09\/11\/basf-e-saint-gobain-debatem-inovacao-no-setor-de-material-de-construcao-em-web-serie-ao-vivo\/#primaryimage"},"image":{"@id":"https:\/\/www.cidademarketing.com.br\/marketing\/2020\/09\/11\/basf-e-saint-gobain-debatem-inovacao-no-setor-de-material-de-construcao-em-web-serie-ao-vivo\/#primaryimage"},"thumbnailUrl":"https:\/\/www.cidademarketing.com.br\/marketing\/wp-content\/uploads\/2020\/09\/evento_construcaocivil.jpg","datePublished":"2020-09-11T15:00:03+00:00","dateModified":"2020-09-11T15:00:07+00:00","breadcrumb":{"@id":"https:\/\/www.cidademarketing.com.br\/marketing\/2020\/09\/11\/basf-e-saint-gobain-debatem-inovacao-no-setor-de-material-de-construcao-em-web-serie-ao-vivo\/#breadcrumb"},"inLanguage":"pt-BR","potentialAction":[{"@type":"ReadAction","target":["https:\/\/www.cidademarketing.com.br\/marketing\/2020\/09\/11\/basf-e-saint-gobain-debatem-inovacao-no-setor-de-material-de-construcao-em-web-serie-ao-vivo\/"]}]},{"@type":"ImageObject","inLanguage":"pt-BR","@id":"https:\/\/www.cidademarketing.com.br\/marketing\/2020\/09\/11\/basf-e-saint-gobain-debatem-inovacao-no-setor-de-material-de-construcao-em-web-serie-ao-vivo\/#primaryimage","url":"https:\/\/www.cidademarketing.com.br\/marketing\/wp-content\/uploads\/2020\/09\/evento_construcaocivil.jpg","contentUrl":"https:\/\/www.cidademarketing.com.br\/marketing\/wp-content\/uploads\/2020\/09\/evento_construcaocivil.jpg","width":1072,"height":540},{"@type":"BreadcrumbList","@id":"https:\/\/www.cidademarketing.com.br\/marketing\/2020\/09\/11\/basf-e-saint-gobain-debatem-inovacao-no-setor-de-material-de-construcao-em-web-serie-ao-vivo\/#breadcrumb","itemListElement":[{"@type":"ListItem","position":1,"name":"In\u00edcio","item":"https:\/\/www.cidademarketing.com.br\/marketing\/"},{"@type":"ListItem","position":2,"name":"Basf e Saint-Gobain debatem inova\u00e7\u00e3o no setor de material de constru\u00e7\u00e3o em web s\u00e9rie ao vivo"}]},{"@type":"WebSite","@id":"https:\/\/www.cidademarketing.com.br\/marketing\/#website","url":"https:\/\/www.cidademarketing.com.br\/marketing\/","name":"CidadeMarketing","description":"Somos um ve\u00edculo de comunica\u00e7\u00e3o de destaque no Brasil, reconhecido por conte\u00fados nos segmentos de marketing, empreendedorismo e inova\u00e7\u00e3o.","publisher":{"@id":"https:\/\/www.cidademarketing.com.br\/marketing\/#organization"},"alternateName":"CidadeMarketing","potentialAction":[{"@type":"SearchAction","target":{"@type":"EntryPoint","urlTemplate":"https:\/\/www.cidademarketing.com.br\/marketing\/?s={search_term_string}"},"query-input":{"@type":"PropertyValueSpecification","valueRequired":true,"valueName":"search_term_string"}}],"inLanguage":"pt-BR"},{"@type":"Organization","@id":"https:\/\/www.cidademarketing.com.br\/marketing\/#organization","name":"CidadeMarketing","alternateName":"CidadeMarketing","url":"https:\/\/www.cidademarketing.com.br\/marketing\/","logo":{"@type":"ImageObject","inLanguage":"pt-BR","@id":"https:\/\/www.cidademarketing.com.br\/marketing\/#\/schema\/logo\/image\/","url":"https:\/\/www.cidademarketing.com.br\/marketing\/wp-content\/uploads\/2020\/01\/cidademarketing_marca_mobile.png","contentUrl":"https:\/\/www.cidademarketing.com.br\/marketing\/wp-content\/uploads\/2020\/01\/cidademarketing_marca_mobile.png","width":230,"height":92,"caption":"CidadeMarketing"},"image":{"@id":"https:\/\/www.cidademarketing.com.br\/marketing\/#\/schema\/logo\/image\/"},"sameAs":["https:\/\/www.facebook.com\/portalcidademarketing","https:\/\/x.com\/CidadeMarketing","https:\/\/www.instagram.com\/cidademarketing\/"]},{"@type":"Person","@id":"https:\/\/www.cidademarketing.com.br\/marketing\/#\/schema\/person\/02daff9f18bd9378c9e01eb6b2db155f","name":"Thales Brand\u00e3o","image":{"@type":"ImageObject","inLanguage":"pt-BR","@id":"https:\/\/secure.gravatar.com\/avatar\/7ca3206950207cc3cb48feec56a8a7898741ab725c368d99d5d7a5a50aab80c6?s=96&d=mm&r=g","url":"https:\/\/secure.gravatar.com\/avatar\/7ca3206950207cc3cb48feec56a8a7898741ab725c368d99d5d7a5a50aab80c6?s=96&d=mm&r=g","contentUrl":"https:\/\/secure.gravatar.com\/avatar\/7ca3206950207cc3cb48feec56a8a7898741ab725c368d99d5d7a5a50aab80c6?s=96&d=mm&r=g","caption":"Thales Brand\u00e3o"},"description":"Editor Executivo do Portal CidadeMarketing.com.br &gt; Mestre em Comunica\u00e7\u00e3o e Sociedade pela Universidade Federal de Sergipe. Possui MBA Executivo em Administra\u00e7\u00e3o com \u00eanfase em Marketing pela Funda\u00e7\u00e3o Get\u00falio Vargas - Rio de Janeiro. Consultor, Palestrante e Pesquisador sobre Empreendedorismo, Marketing, Redes Sociais e Neg\u00f3cios Digitais. Professor, Palestrante TedxTalks e Campus Party. Twitter: @ThalesBrandao","sameAs":["http:\/\/www.mandacaru.com.br","https:\/\/www.facebook.com\/thalesbrandao","http:\/\/www.instagram.com.br\/thalesbrandaoferreira","https:\/\/www.linkedin.com\/in\/thales-brand\u00e3o-3948609\/","https:\/\/x.com\/http:\/\/www.twitter.com\/thalesbrandao"],"url":"https:\/\/www.cidademarketing.com.br\/marketing\/author\/thalesbrandao\/"}]}},"amp_enabled":true,"_links":{"self":[{"href":"https:\/\/www.cidademarketing.com.br\/marketing\/wp-json\/wp\/v2\/posts\/18978","targetHints":{"allow":["GET"]}}],"collection":[{"href":"https:\/\/www.cidademarketing.com.br\/marketing\/wp-json\/wp\/v2\/posts"}],"about":[{"href":"https:\/\/www.cidademarketing.com.br\/marketing\/wp-json\/wp\/v2\/types\/post"}],"author":[{"embeddable":true,"href":"https:\/\/www.cidademarketing.com.br\/marketing\/wp-json\/wp\/v2\/users\/1"}],"replies":[{"embeddable":true,"href":"https:\/\/www.cidademarketing.com.br\/marketing\/wp-json\/wp\/v2\/comments?post=18978"}],"version-history":[{"count":1,"href":"https:\/\/www.cidademarketing.com.br\/marketing\/wp-json\/wp\/v2\/posts\/18978\/revisions"}],"predecessor-version":[{"id":18981,"href":"https:\/\/www.cidademarketing.com.br\/marketing\/wp-json\/wp\/v2\/posts\/18978\/revisions\/18981"}],"wp:featuredmedia":[{"embeddable":true,"href":"https:\/\/www.cidademarketing.com.br\/marketing\/wp-json\/wp\/v2\/media\/18980"}],"wp:attachment":[{"href":"https:\/\/www.cidademarketing.com.br\/marketing\/wp-json\/wp\/v2\/media?parent=18978"}],"wp:term":[{"taxonomy":"category","embeddable":true,"href":"https:\/\/www.cidademarketing.com.br\/marketing\/wp-json\/wp\/v2\/categories?post=18978"},{"taxonomy":"post_tag","embeddable":true,"href":"https:\/\/www.cidademarketing.com.br\/marketing\/wp-json\/wp\/v2\/tags?post=18978"}],"curies":[{"name":"wp","href":"https:\/\/api.w.org\/{rel}","templated":true}]}}