{"id":18958,"date":"2020-09-10T21:38:18","date_gmt":"2020-09-11T00:38:18","guid":{"rendered":"https:\/\/www.cidademarketing.com.br\/marketing\/?p=18958"},"modified":"2020-09-10T21:38:23","modified_gmt":"2020-09-11T00:38:23","slug":"tv-brasil-estreia-animacao-infantil-o-menino-que-engoliu-o-sol-com-narracao-de-ney-matogrosso","status":"publish","type":"post","link":"https:\/\/www.cidademarketing.com.br\/marketing\/2020\/09\/10\/tv-brasil-estreia-animacao-infantil-o-menino-que-engoliu-o-sol-com-narracao-de-ney-matogrosso\/","title":{"rendered":"TV Brasil estreia anima\u00e7\u00e3o infantil &#8220;O Menino que engoliu o sol&#8221; com narra\u00e7\u00e3o de Ney Matogrosso"},"content":{"rendered":"\n<p>Com narra\u00e7\u00e3o do cantor Ney Matogrosso e inspirada na obra do poeta <strong>Manoel de Barros<\/strong>, a s\u00e9rie infantil &#8220;<strong>O Menino que engoliu o sol<\/strong>&#8221; estreia na <strong>TV Brasil<\/strong> nesta segunda (14), \u00e0s 7h45. A anima\u00e7\u00e3o abre a faixa de programa\u00e7\u00e3o da emissora p\u00fablica com recursos de acessibilidade para as crian\u00e7as.<\/p>\n\n\n\n<p>No ar de segunda a sexta-feira, sempre no mesmo hor\u00e1rio, a produ\u00e7\u00e3o independente tem 13 epis\u00f3dios de sete minutos. A novidade, cujo conte\u00fado tem supervis\u00e3o art\u00edstica do cineasta <strong>Joel Pizzini<\/strong>, pode ser conferida na sess\u00e3o <strong>TV Brasil Animada Acess\u00edvel<\/strong>.<\/p>\n\n\n\n<figure class=\"wp-block-gallery columns-3 is-cropped wp-block-gallery-1 is-layout-flex wp-block-gallery-is-layout-flex\"><ul class=\"blocks-gallery-grid\"><li class=\"blocks-gallery-item\"><figure><img fetchpriority=\"high\" decoding=\"async\" width=\"1024\" height=\"575\" src=\"https:\/\/www.cidademarketing.com.br\/marketing\/wp-content\/uploads\/2020\/09\/O_Menino_que_Engoliu_o_Sol_01_Divulgacao_TV_Brasil-1024x575.jpg\" alt=\"\" data-id=\"18959\" data-full-url=\"https:\/\/www.cidademarketing.com.br\/marketing\/wp-content\/uploads\/2020\/09\/O_Menino_que_Engoliu_o_Sol_01_Divulgacao_TV_Brasil.jpg\" data-link=\"https:\/\/www.cidademarketing.com.br\/marketing\/?attachment_id=18959\" class=\"wp-image-18959\" srcset=\"https:\/\/www.cidademarketing.com.br\/marketing\/wp-content\/uploads\/2020\/09\/O_Menino_que_Engoliu_o_Sol_01_Divulgacao_TV_Brasil-1024x575.jpg 1024w, https:\/\/www.cidademarketing.com.br\/marketing\/wp-content\/uploads\/2020\/09\/O_Menino_que_Engoliu_o_Sol_01_Divulgacao_TV_Brasil-300x169.jpg 300w, https:\/\/www.cidademarketing.com.br\/marketing\/wp-content\/uploads\/2020\/09\/O_Menino_que_Engoliu_o_Sol_01_Divulgacao_TV_Brasil-768x431.jpg 768w, https:\/\/www.cidademarketing.com.br\/marketing\/wp-content\/uploads\/2020\/09\/O_Menino_que_Engoliu_o_Sol_01_Divulgacao_TV_Brasil-1536x863.jpg 1536w, https:\/\/www.cidademarketing.com.br\/marketing\/wp-content\/uploads\/2020\/09\/O_Menino_que_Engoliu_o_Sol_01_Divulgacao_TV_Brasil-748x420.jpg 748w, https:\/\/www.cidademarketing.com.br\/marketing\/wp-content\/uploads\/2020\/09\/O_Menino_que_Engoliu_o_Sol_01_Divulgacao_TV_Brasil-640x360.jpg 640w, https:\/\/www.cidademarketing.com.br\/marketing\/wp-content\/uploads\/2020\/09\/O_Menino_que_Engoliu_o_Sol_01_Divulgacao_TV_Brasil-681x383.jpg 681w, https:\/\/www.cidademarketing.com.br\/marketing\/wp-content\/uploads\/2020\/09\/O_Menino_que_Engoliu_o_Sol_01_Divulgacao_TV_Brasil.jpg 1611w\" sizes=\"(max-width: 1024px) 100vw, 1024px\" \/><\/figure><\/li><li class=\"blocks-gallery-item\"><figure><img decoding=\"async\" width=\"1024\" height=\"576\" src=\"https:\/\/www.cidademarketing.com.br\/marketing\/wp-content\/uploads\/2020\/09\/O_Menino_que_Engoliu_o_Sol_02_Divulgacao_TV_Brasil-1024x576.jpg\" alt=\"\" data-id=\"18960\" data-full-url=\"https:\/\/www.cidademarketing.com.br\/marketing\/wp-content\/uploads\/2020\/09\/O_Menino_que_Engoliu_o_Sol_02_Divulgacao_TV_Brasil.jpg\" data-link=\"https:\/\/www.cidademarketing.com.br\/marketing\/?attachment_id=18960\" class=\"wp-image-18960\" srcset=\"https:\/\/www.cidademarketing.com.br\/marketing\/wp-content\/uploads\/2020\/09\/O_Menino_que_Engoliu_o_Sol_02_Divulgacao_TV_Brasil-1024x576.jpg 1024w, https:\/\/www.cidademarketing.com.br\/marketing\/wp-content\/uploads\/2020\/09\/O_Menino_que_Engoliu_o_Sol_02_Divulgacao_TV_Brasil-300x169.jpg 300w, https:\/\/www.cidademarketing.com.br\/marketing\/wp-content\/uploads\/2020\/09\/O_Menino_que_Engoliu_o_Sol_02_Divulgacao_TV_Brasil-768x432.jpg 768w, https:\/\/www.cidademarketing.com.br\/marketing\/wp-content\/uploads\/2020\/09\/O_Menino_que_Engoliu_o_Sol_02_Divulgacao_TV_Brasil-1536x864.jpg 1536w, https:\/\/www.cidademarketing.com.br\/marketing\/wp-content\/uploads\/2020\/09\/O_Menino_que_Engoliu_o_Sol_02_Divulgacao_TV_Brasil-747x420.jpg 747w, https:\/\/www.cidademarketing.com.br\/marketing\/wp-content\/uploads\/2020\/09\/O_Menino_que_Engoliu_o_Sol_02_Divulgacao_TV_Brasil-640x360.jpg 640w, https:\/\/www.cidademarketing.com.br\/marketing\/wp-content\/uploads\/2020\/09\/O_Menino_que_Engoliu_o_Sol_02_Divulgacao_TV_Brasil-681x383.jpg 681w, https:\/\/www.cidademarketing.com.br\/marketing\/wp-content\/uploads\/2020\/09\/O_Menino_que_Engoliu_o_Sol_02_Divulgacao_TV_Brasil.jpg 1920w\" sizes=\"(max-width: 1024px) 100vw, 1024px\" \/><\/figure><\/li><li class=\"blocks-gallery-item\"><figure><img decoding=\"async\" width=\"1024\" height=\"725\" src=\"https:\/\/www.cidademarketing.com.br\/marketing\/wp-content\/uploads\/2020\/09\/O_Menino_que_Engoliu_o_Sol_03_Divulgacao_TV_Brasil-1024x725.jpg\" alt=\"\" data-id=\"18961\" data-full-url=\"https:\/\/www.cidademarketing.com.br\/marketing\/wp-content\/uploads\/2020\/09\/O_Menino_que_Engoliu_o_Sol_03_Divulgacao_TV_Brasil.jpg\" data-link=\"https:\/\/www.cidademarketing.com.br\/marketing\/?attachment_id=18961\" class=\"wp-image-18961\" srcset=\"https:\/\/www.cidademarketing.com.br\/marketing\/wp-content\/uploads\/2020\/09\/O_Menino_que_Engoliu_o_Sol_03_Divulgacao_TV_Brasil-1024x725.jpg 1024w, https:\/\/www.cidademarketing.com.br\/marketing\/wp-content\/uploads\/2020\/09\/O_Menino_que_Engoliu_o_Sol_03_Divulgacao_TV_Brasil-300x212.jpg 300w, https:\/\/www.cidademarketing.com.br\/marketing\/wp-content\/uploads\/2020\/09\/O_Menino_que_Engoliu_o_Sol_03_Divulgacao_TV_Brasil-768x544.jpg 768w, https:\/\/www.cidademarketing.com.br\/marketing\/wp-content\/uploads\/2020\/09\/O_Menino_que_Engoliu_o_Sol_03_Divulgacao_TV_Brasil-593x420.jpg 593w, https:\/\/www.cidademarketing.com.br\/marketing\/wp-content\/uploads\/2020\/09\/O_Menino_que_Engoliu_o_Sol_03_Divulgacao_TV_Brasil-640x453.jpg 640w, https:\/\/www.cidademarketing.com.br\/marketing\/wp-content\/uploads\/2020\/09\/O_Menino_que_Engoliu_o_Sol_03_Divulgacao_TV_Brasil-681x482.jpg 681w, https:\/\/www.cidademarketing.com.br\/marketing\/wp-content\/uploads\/2020\/09\/O_Menino_que_Engoliu_o_Sol_03_Divulgacao_TV_Brasil.jpg 1509w\" sizes=\"(max-width: 1024px) 100vw, 1024px\" \/><\/figure><\/li><li class=\"blocks-gallery-item\"><figure><img loading=\"lazy\" decoding=\"async\" width=\"1024\" height=\"576\" src=\"https:\/\/www.cidademarketing.com.br\/marketing\/wp-content\/uploads\/2020\/09\/O_Menino_que_Engoliu_o_Sol_04_Divulgacao_TV_Brasil-1024x576.jpg\" alt=\"\" data-id=\"18962\" data-full-url=\"https:\/\/www.cidademarketing.com.br\/marketing\/wp-content\/uploads\/2020\/09\/O_Menino_que_Engoliu_o_Sol_04_Divulgacao_TV_Brasil.jpg\" data-link=\"https:\/\/www.cidademarketing.com.br\/marketing\/?attachment_id=18962\" class=\"wp-image-18962\" srcset=\"https:\/\/www.cidademarketing.com.br\/marketing\/wp-content\/uploads\/2020\/09\/O_Menino_que_Engoliu_o_Sol_04_Divulgacao_TV_Brasil-1024x576.jpg 1024w, https:\/\/www.cidademarketing.com.br\/marketing\/wp-content\/uploads\/2020\/09\/O_Menino_que_Engoliu_o_Sol_04_Divulgacao_TV_Brasil-300x169.jpg 300w, https:\/\/www.cidademarketing.com.br\/marketing\/wp-content\/uploads\/2020\/09\/O_Menino_que_Engoliu_o_Sol_04_Divulgacao_TV_Brasil-768x432.jpg 768w, https:\/\/www.cidademarketing.com.br\/marketing\/wp-content\/uploads\/2020\/09\/O_Menino_que_Engoliu_o_Sol_04_Divulgacao_TV_Brasil-746x420.jpg 746w, https:\/\/www.cidademarketing.com.br\/marketing\/wp-content\/uploads\/2020\/09\/O_Menino_que_Engoliu_o_Sol_04_Divulgacao_TV_Brasil-640x360.jpg 640w, https:\/\/www.cidademarketing.com.br\/marketing\/wp-content\/uploads\/2020\/09\/O_Menino_que_Engoliu_o_Sol_04_Divulgacao_TV_Brasil-681x383.jpg 681w, https:\/\/www.cidademarketing.com.br\/marketing\/wp-content\/uploads\/2020\/09\/O_Menino_que_Engoliu_o_Sol_04_Divulgacao_TV_Brasil.jpg 1498w\" sizes=\"(max-width: 1024px) 100vw, 1024px\" \/><\/figure><\/li><li class=\"blocks-gallery-item\"><figure><img loading=\"lazy\" decoding=\"async\" width=\"1024\" height=\"576\" src=\"https:\/\/www.cidademarketing.com.br\/marketing\/wp-content\/uploads\/2020\/09\/O_Menino_que_Engoliu_o_Sol_05_Divulgacao_TV_Brasil-1024x576.jpg\" alt=\"\" data-id=\"18963\" data-full-url=\"https:\/\/www.cidademarketing.com.br\/marketing\/wp-content\/uploads\/2020\/09\/O_Menino_que_Engoliu_o_Sol_05_Divulgacao_TV_Brasil.jpg\" data-link=\"https:\/\/www.cidademarketing.com.br\/marketing\/?attachment_id=18963\" class=\"wp-image-18963\" srcset=\"https:\/\/www.cidademarketing.com.br\/marketing\/wp-content\/uploads\/2020\/09\/O_Menino_que_Engoliu_o_Sol_05_Divulgacao_TV_Brasil-1024x576.jpg 1024w, https:\/\/www.cidademarketing.com.br\/marketing\/wp-content\/uploads\/2020\/09\/O_Menino_que_Engoliu_o_Sol_05_Divulgacao_TV_Brasil-300x169.jpg 300w, https:\/\/www.cidademarketing.com.br\/marketing\/wp-content\/uploads\/2020\/09\/O_Menino_que_Engoliu_o_Sol_05_Divulgacao_TV_Brasil-768x432.jpg 768w, https:\/\/www.cidademarketing.com.br\/marketing\/wp-content\/uploads\/2020\/09\/O_Menino_que_Engoliu_o_Sol_05_Divulgacao_TV_Brasil-746x420.jpg 746w, https:\/\/www.cidademarketing.com.br\/marketing\/wp-content\/uploads\/2020\/09\/O_Menino_que_Engoliu_o_Sol_05_Divulgacao_TV_Brasil-640x360.jpg 640w, https:\/\/www.cidademarketing.com.br\/marketing\/wp-content\/uploads\/2020\/09\/O_Menino_que_Engoliu_o_Sol_05_Divulgacao_TV_Brasil-681x383.jpg 681w, https:\/\/www.cidademarketing.com.br\/marketing\/wp-content\/uploads\/2020\/09\/O_Menino_que_Engoliu_o_Sol_05_Divulgacao_TV_Brasil.jpg 1498w\" sizes=\"(max-width: 1024px) 100vw, 1024px\" \/><\/figure><\/li><li class=\"blocks-gallery-item\"><figure><img loading=\"lazy\" decoding=\"async\" width=\"1024\" height=\"576\" src=\"https:\/\/www.cidademarketing.com.br\/marketing\/wp-content\/uploads\/2020\/09\/O_Menino_que_Engoliu_o_Sol_06_Divulgacao_TV_Brasil-1024x576.jpg\" alt=\"\" data-id=\"18964\" data-full-url=\"https:\/\/www.cidademarketing.com.br\/marketing\/wp-content\/uploads\/2020\/09\/O_Menino_que_Engoliu_o_Sol_06_Divulgacao_TV_Brasil.jpg\" data-link=\"https:\/\/www.cidademarketing.com.br\/marketing\/?attachment_id=18964\" class=\"wp-image-18964\" srcset=\"https:\/\/www.cidademarketing.com.br\/marketing\/wp-content\/uploads\/2020\/09\/O_Menino_que_Engoliu_o_Sol_06_Divulgacao_TV_Brasil-1024x576.jpg 1024w, https:\/\/www.cidademarketing.com.br\/marketing\/wp-content\/uploads\/2020\/09\/O_Menino_que_Engoliu_o_Sol_06_Divulgacao_TV_Brasil-300x169.jpg 300w, https:\/\/www.cidademarketing.com.br\/marketing\/wp-content\/uploads\/2020\/09\/O_Menino_que_Engoliu_o_Sol_06_Divulgacao_TV_Brasil-768x432.jpg 768w, https:\/\/www.cidademarketing.com.br\/marketing\/wp-content\/uploads\/2020\/09\/O_Menino_que_Engoliu_o_Sol_06_Divulgacao_TV_Brasil-746x420.jpg 746w, https:\/\/www.cidademarketing.com.br\/marketing\/wp-content\/uploads\/2020\/09\/O_Menino_que_Engoliu_o_Sol_06_Divulgacao_TV_Brasil-640x360.jpg 640w, https:\/\/www.cidademarketing.com.br\/marketing\/wp-content\/uploads\/2020\/09\/O_Menino_que_Engoliu_o_Sol_06_Divulgacao_TV_Brasil-681x383.jpg 681w, https:\/\/www.cidademarketing.com.br\/marketing\/wp-content\/uploads\/2020\/09\/O_Menino_que_Engoliu_o_Sol_06_Divulgacao_TV_Brasil.jpg 1498w\" sizes=\"(max-width: 1024px) 100vw, 1024px\" \/><\/figure><\/li><li class=\"blocks-gallery-item\"><figure><img loading=\"lazy\" decoding=\"async\" width=\"1024\" height=\"576\" src=\"https:\/\/www.cidademarketing.com.br\/marketing\/wp-content\/uploads\/2020\/09\/O_Menino_que_Engoliu_o_Sol_07_Divulgacao_TV_Brasil-1024x576.jpg\" alt=\"\" data-id=\"18965\" data-full-url=\"https:\/\/www.cidademarketing.com.br\/marketing\/wp-content\/uploads\/2020\/09\/O_Menino_que_Engoliu_o_Sol_07_Divulgacao_TV_Brasil.jpg\" data-link=\"https:\/\/www.cidademarketing.com.br\/marketing\/?attachment_id=18965\" class=\"wp-image-18965\" srcset=\"https:\/\/www.cidademarketing.com.br\/marketing\/wp-content\/uploads\/2020\/09\/O_Menino_que_Engoliu_o_Sol_07_Divulgacao_TV_Brasil-1024x576.jpg 1024w, https:\/\/www.cidademarketing.com.br\/marketing\/wp-content\/uploads\/2020\/09\/O_Menino_que_Engoliu_o_Sol_07_Divulgacao_TV_Brasil-300x169.jpg 300w, https:\/\/www.cidademarketing.com.br\/marketing\/wp-content\/uploads\/2020\/09\/O_Menino_que_Engoliu_o_Sol_07_Divulgacao_TV_Brasil-768x432.jpg 768w, https:\/\/www.cidademarketing.com.br\/marketing\/wp-content\/uploads\/2020\/09\/O_Menino_que_Engoliu_o_Sol_07_Divulgacao_TV_Brasil-746x420.jpg 746w, https:\/\/www.cidademarketing.com.br\/marketing\/wp-content\/uploads\/2020\/09\/O_Menino_que_Engoliu_o_Sol_07_Divulgacao_TV_Brasil-640x360.jpg 640w, https:\/\/www.cidademarketing.com.br\/marketing\/wp-content\/uploads\/2020\/09\/O_Menino_que_Engoliu_o_Sol_07_Divulgacao_TV_Brasil-681x383.jpg 681w, https:\/\/www.cidademarketing.com.br\/marketing\/wp-content\/uploads\/2020\/09\/O_Menino_que_Engoliu_o_Sol_07_Divulgacao_TV_Brasil.jpg 1498w\" sizes=\"(max-width: 1024px) 100vw, 1024px\" \/><\/figure><\/li><li class=\"blocks-gallery-item\"><figure><img loading=\"lazy\" decoding=\"async\" width=\"1024\" height=\"576\" src=\"https:\/\/www.cidademarketing.com.br\/marketing\/wp-content\/uploads\/2020\/09\/O_Menino_que_Engoliu_o_Sol_08_Divulgacao_TV_Brasil-1024x576.jpg\" alt=\"\" data-id=\"18966\" data-full-url=\"https:\/\/www.cidademarketing.com.br\/marketing\/wp-content\/uploads\/2020\/09\/O_Menino_que_Engoliu_o_Sol_08_Divulgacao_TV_Brasil.jpg\" data-link=\"https:\/\/www.cidademarketing.com.br\/marketing\/?attachment_id=18966\" class=\"wp-image-18966\" srcset=\"https:\/\/www.cidademarketing.com.br\/marketing\/wp-content\/uploads\/2020\/09\/O_Menino_que_Engoliu_o_Sol_08_Divulgacao_TV_Brasil-1024x576.jpg 1024w, https:\/\/www.cidademarketing.com.br\/marketing\/wp-content\/uploads\/2020\/09\/O_Menino_que_Engoliu_o_Sol_08_Divulgacao_TV_Brasil-300x169.jpg 300w, https:\/\/www.cidademarketing.com.br\/marketing\/wp-content\/uploads\/2020\/09\/O_Menino_que_Engoliu_o_Sol_08_Divulgacao_TV_Brasil-768x432.jpg 768w, https:\/\/www.cidademarketing.com.br\/marketing\/wp-content\/uploads\/2020\/09\/O_Menino_que_Engoliu_o_Sol_08_Divulgacao_TV_Brasil-746x420.jpg 746w, https:\/\/www.cidademarketing.com.br\/marketing\/wp-content\/uploads\/2020\/09\/O_Menino_que_Engoliu_o_Sol_08_Divulgacao_TV_Brasil-640x360.jpg 640w, https:\/\/www.cidademarketing.com.br\/marketing\/wp-content\/uploads\/2020\/09\/O_Menino_que_Engoliu_o_Sol_08_Divulgacao_TV_Brasil-681x383.jpg 681w, https:\/\/www.cidademarketing.com.br\/marketing\/wp-content\/uploads\/2020\/09\/O_Menino_que_Engoliu_o_Sol_08_Divulgacao_TV_Brasil.jpg 1498w\" sizes=\"(max-width: 1024px) 100vw, 1024px\" \/><\/figure><\/li><li class=\"blocks-gallery-item\"><figure><img loading=\"lazy\" decoding=\"async\" width=\"1024\" height=\"576\" src=\"https:\/\/www.cidademarketing.com.br\/marketing\/wp-content\/uploads\/2020\/09\/O_Menino_que_Engoliu_o_Sol_09_Divulgacao_TV_Brasil-1024x576.jpg\" alt=\"\" data-id=\"18967\" data-full-url=\"https:\/\/www.cidademarketing.com.br\/marketing\/wp-content\/uploads\/2020\/09\/O_Menino_que_Engoliu_o_Sol_09_Divulgacao_TV_Brasil.jpg\" data-link=\"https:\/\/www.cidademarketing.com.br\/marketing\/?attachment_id=18967\" class=\"wp-image-18967\" srcset=\"https:\/\/www.cidademarketing.com.br\/marketing\/wp-content\/uploads\/2020\/09\/O_Menino_que_Engoliu_o_Sol_09_Divulgacao_TV_Brasil-1024x576.jpg 1024w, https:\/\/www.cidademarketing.com.br\/marketing\/wp-content\/uploads\/2020\/09\/O_Menino_que_Engoliu_o_Sol_09_Divulgacao_TV_Brasil-300x169.jpg 300w, https:\/\/www.cidademarketing.com.br\/marketing\/wp-content\/uploads\/2020\/09\/O_Menino_que_Engoliu_o_Sol_09_Divulgacao_TV_Brasil-768x432.jpg 768w, https:\/\/www.cidademarketing.com.br\/marketing\/wp-content\/uploads\/2020\/09\/O_Menino_que_Engoliu_o_Sol_09_Divulgacao_TV_Brasil-746x420.jpg 746w, https:\/\/www.cidademarketing.com.br\/marketing\/wp-content\/uploads\/2020\/09\/O_Menino_que_Engoliu_o_Sol_09_Divulgacao_TV_Brasil-640x360.jpg 640w, https:\/\/www.cidademarketing.com.br\/marketing\/wp-content\/uploads\/2020\/09\/O_Menino_que_Engoliu_o_Sol_09_Divulgacao_TV_Brasil-681x383.jpg 681w, https:\/\/www.cidademarketing.com.br\/marketing\/wp-content\/uploads\/2020\/09\/O_Menino_que_Engoliu_o_Sol_09_Divulgacao_TV_Brasil.jpg 1498w\" sizes=\"(max-width: 1024px) 100vw, 1024px\" \/><\/figure><\/li><li class=\"blocks-gallery-item\"><figure><img loading=\"lazy\" decoding=\"async\" width=\"1024\" height=\"576\" src=\"https:\/\/www.cidademarketing.com.br\/marketing\/wp-content\/uploads\/2020\/09\/O_Menino_que_Engoliu_o_Sol_diretora_Patricia_Alves_Dias_e_Ney_Matogrosso_01_Divulgacao_TV_Brasil-1024x576.jpg\" alt=\"\" data-id=\"18968\" data-full-url=\"https:\/\/www.cidademarketing.com.br\/marketing\/wp-content\/uploads\/2020\/09\/O_Menino_que_Engoliu_o_Sol_diretora_Patricia_Alves_Dias_e_Ney_Matogrosso_01_Divulgacao_TV_Brasil.jpg\" data-link=\"https:\/\/www.cidademarketing.com.br\/marketing\/?attachment_id=18968\" class=\"wp-image-18968\" srcset=\"https:\/\/www.cidademarketing.com.br\/marketing\/wp-content\/uploads\/2020\/09\/O_Menino_que_Engoliu_o_Sol_diretora_Patricia_Alves_Dias_e_Ney_Matogrosso_01_Divulgacao_TV_Brasil-1024x576.jpg 1024w, https:\/\/www.cidademarketing.com.br\/marketing\/wp-content\/uploads\/2020\/09\/O_Menino_que_Engoliu_o_Sol_diretora_Patricia_Alves_Dias_e_Ney_Matogrosso_01_Divulgacao_TV_Brasil-300x169.jpg 300w, https:\/\/www.cidademarketing.com.br\/marketing\/wp-content\/uploads\/2020\/09\/O_Menino_que_Engoliu_o_Sol_diretora_Patricia_Alves_Dias_e_Ney_Matogrosso_01_Divulgacao_TV_Brasil-768x432.jpg 768w, https:\/\/www.cidademarketing.com.br\/marketing\/wp-content\/uploads\/2020\/09\/O_Menino_que_Engoliu_o_Sol_diretora_Patricia_Alves_Dias_e_Ney_Matogrosso_01_Divulgacao_TV_Brasil-1536x864.jpg 1536w, https:\/\/www.cidademarketing.com.br\/marketing\/wp-content\/uploads\/2020\/09\/O_Menino_que_Engoliu_o_Sol_diretora_Patricia_Alves_Dias_e_Ney_Matogrosso_01_Divulgacao_TV_Brasil-747x420.jpg 747w, https:\/\/www.cidademarketing.com.br\/marketing\/wp-content\/uploads\/2020\/09\/O_Menino_que_Engoliu_o_Sol_diretora_Patricia_Alves_Dias_e_Ney_Matogrosso_01_Divulgacao_TV_Brasil-640x360.jpg 640w, https:\/\/www.cidademarketing.com.br\/marketing\/wp-content\/uploads\/2020\/09\/O_Menino_que_Engoliu_o_Sol_diretora_Patricia_Alves_Dias_e_Ney_Matogrosso_01_Divulgacao_TV_Brasil-681x383.jpg 681w, https:\/\/www.cidademarketing.com.br\/marketing\/wp-content\/uploads\/2020\/09\/O_Menino_que_Engoliu_o_Sol_diretora_Patricia_Alves_Dias_e_Ney_Matogrosso_01_Divulgacao_TV_Brasil.jpg 1920w\" sizes=\"(max-width: 1024px) 100vw, 1024px\" \/><\/figure><\/li><li class=\"blocks-gallery-item\"><figure><img loading=\"lazy\" decoding=\"async\" width=\"1024\" height=\"576\" src=\"https:\/\/www.cidademarketing.com.br\/marketing\/wp-content\/uploads\/2020\/09\/O_Menino_que_Engoliu_o_Sol_diretora_Patricia_Alves_Dias_e_Ney_Matogrosso_02_Divulgacao_TV_Brasil-1024x576.jpg\" alt=\"\" data-id=\"18969\" data-full-url=\"https:\/\/www.cidademarketing.com.br\/marketing\/wp-content\/uploads\/2020\/09\/O_Menino_que_Engoliu_o_Sol_diretora_Patricia_Alves_Dias_e_Ney_Matogrosso_02_Divulgacao_TV_Brasil.jpg\" data-link=\"https:\/\/www.cidademarketing.com.br\/marketing\/?attachment_id=18969\" class=\"wp-image-18969\" srcset=\"https:\/\/www.cidademarketing.com.br\/marketing\/wp-content\/uploads\/2020\/09\/O_Menino_que_Engoliu_o_Sol_diretora_Patricia_Alves_Dias_e_Ney_Matogrosso_02_Divulgacao_TV_Brasil-1024x576.jpg 1024w, https:\/\/www.cidademarketing.com.br\/marketing\/wp-content\/uploads\/2020\/09\/O_Menino_que_Engoliu_o_Sol_diretora_Patricia_Alves_Dias_e_Ney_Matogrosso_02_Divulgacao_TV_Brasil-300x169.jpg 300w, https:\/\/www.cidademarketing.com.br\/marketing\/wp-content\/uploads\/2020\/09\/O_Menino_que_Engoliu_o_Sol_diretora_Patricia_Alves_Dias_e_Ney_Matogrosso_02_Divulgacao_TV_Brasil-768x432.jpg 768w, https:\/\/www.cidademarketing.com.br\/marketing\/wp-content\/uploads\/2020\/09\/O_Menino_que_Engoliu_o_Sol_diretora_Patricia_Alves_Dias_e_Ney_Matogrosso_02_Divulgacao_TV_Brasil-1536x864.jpg 1536w, https:\/\/www.cidademarketing.com.br\/marketing\/wp-content\/uploads\/2020\/09\/O_Menino_que_Engoliu_o_Sol_diretora_Patricia_Alves_Dias_e_Ney_Matogrosso_02_Divulgacao_TV_Brasil-747x420.jpg 747w, https:\/\/www.cidademarketing.com.br\/marketing\/wp-content\/uploads\/2020\/09\/O_Menino_que_Engoliu_o_Sol_diretora_Patricia_Alves_Dias_e_Ney_Matogrosso_02_Divulgacao_TV_Brasil-640x360.jpg 640w, https:\/\/www.cidademarketing.com.br\/marketing\/wp-content\/uploads\/2020\/09\/O_Menino_que_Engoliu_o_Sol_diretora_Patricia_Alves_Dias_e_Ney_Matogrosso_02_Divulgacao_TV_Brasil-681x383.jpg 681w, https:\/\/www.cidademarketing.com.br\/marketing\/wp-content\/uploads\/2020\/09\/O_Menino_que_Engoliu_o_Sol_diretora_Patricia_Alves_Dias_e_Ney_Matogrosso_02_Divulgacao_TV_Brasil.jpg 1920w\" sizes=\"(max-width: 1024px) 100vw, 1024px\" \/><\/figure><\/li><li class=\"blocks-gallery-item\"><figure><img loading=\"lazy\" decoding=\"async\" width=\"1024\" height=\"576\" src=\"https:\/\/www.cidademarketing.com.br\/marketing\/wp-content\/uploads\/2020\/09\/O_Menino_que_Engoliu_o_Sol_diretora_Patricia_Alves_Dias_e_Ney_Matogrosso_03_Divulgacao_TV_Brasil-1024x576.jpg\" alt=\"\" data-id=\"18970\" data-full-url=\"https:\/\/www.cidademarketing.com.br\/marketing\/wp-content\/uploads\/2020\/09\/O_Menino_que_Engoliu_o_Sol_diretora_Patricia_Alves_Dias_e_Ney_Matogrosso_03_Divulgacao_TV_Brasil.jpg\" data-link=\"https:\/\/www.cidademarketing.com.br\/marketing\/?attachment_id=18970\" class=\"wp-image-18970\" srcset=\"https:\/\/www.cidademarketing.com.br\/marketing\/wp-content\/uploads\/2020\/09\/O_Menino_que_Engoliu_o_Sol_diretora_Patricia_Alves_Dias_e_Ney_Matogrosso_03_Divulgacao_TV_Brasil-1024x576.jpg 1024w, https:\/\/www.cidademarketing.com.br\/marketing\/wp-content\/uploads\/2020\/09\/O_Menino_que_Engoliu_o_Sol_diretora_Patricia_Alves_Dias_e_Ney_Matogrosso_03_Divulgacao_TV_Brasil-300x169.jpg 300w, https:\/\/www.cidademarketing.com.br\/marketing\/wp-content\/uploads\/2020\/09\/O_Menino_que_Engoliu_o_Sol_diretora_Patricia_Alves_Dias_e_Ney_Matogrosso_03_Divulgacao_TV_Brasil-768x432.jpg 768w, https:\/\/www.cidademarketing.com.br\/marketing\/wp-content\/uploads\/2020\/09\/O_Menino_que_Engoliu_o_Sol_diretora_Patricia_Alves_Dias_e_Ney_Matogrosso_03_Divulgacao_TV_Brasil-1536x864.jpg 1536w, https:\/\/www.cidademarketing.com.br\/marketing\/wp-content\/uploads\/2020\/09\/O_Menino_que_Engoliu_o_Sol_diretora_Patricia_Alves_Dias_e_Ney_Matogrosso_03_Divulgacao_TV_Brasil-747x420.jpg 747w, https:\/\/www.cidademarketing.com.br\/marketing\/wp-content\/uploads\/2020\/09\/O_Menino_que_Engoliu_o_Sol_diretora_Patricia_Alves_Dias_e_Ney_Matogrosso_03_Divulgacao_TV_Brasil-640x360.jpg 640w, https:\/\/www.cidademarketing.com.br\/marketing\/wp-content\/uploads\/2020\/09\/O_Menino_que_Engoliu_o_Sol_diretora_Patricia_Alves_Dias_e_Ney_Matogrosso_03_Divulgacao_TV_Brasil-681x383.jpg 681w, https:\/\/www.cidademarketing.com.br\/marketing\/wp-content\/uploads\/2020\/09\/O_Menino_que_Engoliu_o_Sol_diretora_Patricia_Alves_Dias_e_Ney_Matogrosso_03_Divulgacao_TV_Brasil.jpg 1920w\" sizes=\"(max-width: 1024px) 100vw, 1024px\" \/><\/figure><\/li><li class=\"blocks-gallery-item\"><figure><img loading=\"lazy\" decoding=\"async\" width=\"1024\" height=\"576\" src=\"https:\/\/www.cidademarketing.com.br\/marketing\/wp-content\/uploads\/2020\/09\/O_Menino_que_Engoliu_o_Sol_Live-action_Pantanal_Divulgacao_TV_Brasil-1024x576.jpg\" alt=\"\" data-id=\"18971\" data-full-url=\"https:\/\/www.cidademarketing.com.br\/marketing\/wp-content\/uploads\/2020\/09\/O_Menino_que_Engoliu_o_Sol_Live-action_Pantanal_Divulgacao_TV_Brasil.jpg\" data-link=\"https:\/\/www.cidademarketing.com.br\/marketing\/?attachment_id=18971\" class=\"wp-image-18971\" srcset=\"https:\/\/www.cidademarketing.com.br\/marketing\/wp-content\/uploads\/2020\/09\/O_Menino_que_Engoliu_o_Sol_Live-action_Pantanal_Divulgacao_TV_Brasil-1024x576.jpg 1024w, https:\/\/www.cidademarketing.com.br\/marketing\/wp-content\/uploads\/2020\/09\/O_Menino_que_Engoliu_o_Sol_Live-action_Pantanal_Divulgacao_TV_Brasil-300x169.jpg 300w, https:\/\/www.cidademarketing.com.br\/marketing\/wp-content\/uploads\/2020\/09\/O_Menino_que_Engoliu_o_Sol_Live-action_Pantanal_Divulgacao_TV_Brasil-768x432.jpg 768w, https:\/\/www.cidademarketing.com.br\/marketing\/wp-content\/uploads\/2020\/09\/O_Menino_que_Engoliu_o_Sol_Live-action_Pantanal_Divulgacao_TV_Brasil-746x420.jpg 746w, https:\/\/www.cidademarketing.com.br\/marketing\/wp-content\/uploads\/2020\/09\/O_Menino_que_Engoliu_o_Sol_Live-action_Pantanal_Divulgacao_TV_Brasil-640x360.jpg 640w, https:\/\/www.cidademarketing.com.br\/marketing\/wp-content\/uploads\/2020\/09\/O_Menino_que_Engoliu_o_Sol_Live-action_Pantanal_Divulgacao_TV_Brasil-681x383.jpg 681w, https:\/\/www.cidademarketing.com.br\/marketing\/wp-content\/uploads\/2020\/09\/O_Menino_que_Engoliu_o_Sol_Live-action_Pantanal_Divulgacao_TV_Brasil.jpg 1498w\" sizes=\"(max-width: 1024px) 100vw, 1024px\" \/><\/figure><\/li><li class=\"blocks-gallery-item\"><figure><img loading=\"lazy\" decoding=\"async\" width=\"1024\" height=\"576\" src=\"https:\/\/www.cidademarketing.com.br\/marketing\/wp-content\/uploads\/2020\/09\/O_Menino_que_Engoliu_o_Sol_Ney_Matogrosso_Divulgacao_TV_Brasil-1024x576.jpg\" alt=\"\" data-id=\"18972\" data-full-url=\"https:\/\/www.cidademarketing.com.br\/marketing\/wp-content\/uploads\/2020\/09\/O_Menino_que_Engoliu_o_Sol_Ney_Matogrosso_Divulgacao_TV_Brasil.jpg\" data-link=\"https:\/\/www.cidademarketing.com.br\/marketing\/?attachment_id=18972\" class=\"wp-image-18972\" srcset=\"https:\/\/www.cidademarketing.com.br\/marketing\/wp-content\/uploads\/2020\/09\/O_Menino_que_Engoliu_o_Sol_Ney_Matogrosso_Divulgacao_TV_Brasil-1024x576.jpg 1024w, https:\/\/www.cidademarketing.com.br\/marketing\/wp-content\/uploads\/2020\/09\/O_Menino_que_Engoliu_o_Sol_Ney_Matogrosso_Divulgacao_TV_Brasil-300x169.jpg 300w, https:\/\/www.cidademarketing.com.br\/marketing\/wp-content\/uploads\/2020\/09\/O_Menino_que_Engoliu_o_Sol_Ney_Matogrosso_Divulgacao_TV_Brasil-768x432.jpg 768w, https:\/\/www.cidademarketing.com.br\/marketing\/wp-content\/uploads\/2020\/09\/O_Menino_que_Engoliu_o_Sol_Ney_Matogrosso_Divulgacao_TV_Brasil-1536x864.jpg 1536w, https:\/\/www.cidademarketing.com.br\/marketing\/wp-content\/uploads\/2020\/09\/O_Menino_que_Engoliu_o_Sol_Ney_Matogrosso_Divulgacao_TV_Brasil-747x420.jpg 747w, https:\/\/www.cidademarketing.com.br\/marketing\/wp-content\/uploads\/2020\/09\/O_Menino_que_Engoliu_o_Sol_Ney_Matogrosso_Divulgacao_TV_Brasil-640x360.jpg 640w, https:\/\/www.cidademarketing.com.br\/marketing\/wp-content\/uploads\/2020\/09\/O_Menino_que_Engoliu_o_Sol_Ney_Matogrosso_Divulgacao_TV_Brasil-681x383.jpg 681w, https:\/\/www.cidademarketing.com.br\/marketing\/wp-content\/uploads\/2020\/09\/O_Menino_que_Engoliu_o_Sol_Ney_Matogrosso_Divulgacao_TV_Brasil.jpg 1920w\" sizes=\"(max-width: 1024px) 100vw, 1024px\" \/><\/figure><\/li><li class=\"blocks-gallery-item\"><figure><img loading=\"lazy\" decoding=\"async\" width=\"1024\" height=\"576\" src=\"https:\/\/www.cidademarketing.com.br\/marketing\/wp-content\/uploads\/2020\/09\/O_Menino_que_Engoliu_o_Sol_Ney_Matogrosso_e_quipe_assistem_a_serie_Divulgacao_TV_Brasil-1024x576.jpg\" alt=\"\" data-id=\"18973\" data-full-url=\"https:\/\/www.cidademarketing.com.br\/marketing\/wp-content\/uploads\/2020\/09\/O_Menino_que_Engoliu_o_Sol_Ney_Matogrosso_e_quipe_assistem_a_serie_Divulgacao_TV_Brasil.jpg\" data-link=\"https:\/\/www.cidademarketing.com.br\/marketing\/?attachment_id=18973\" class=\"wp-image-18973\" srcset=\"https:\/\/www.cidademarketing.com.br\/marketing\/wp-content\/uploads\/2020\/09\/O_Menino_que_Engoliu_o_Sol_Ney_Matogrosso_e_quipe_assistem_a_serie_Divulgacao_TV_Brasil-1024x576.jpg 1024w, https:\/\/www.cidademarketing.com.br\/marketing\/wp-content\/uploads\/2020\/09\/O_Menino_que_Engoliu_o_Sol_Ney_Matogrosso_e_quipe_assistem_a_serie_Divulgacao_TV_Brasil-300x169.jpg 300w, https:\/\/www.cidademarketing.com.br\/marketing\/wp-content\/uploads\/2020\/09\/O_Menino_que_Engoliu_o_Sol_Ney_Matogrosso_e_quipe_assistem_a_serie_Divulgacao_TV_Brasil-768x432.jpg 768w, https:\/\/www.cidademarketing.com.br\/marketing\/wp-content\/uploads\/2020\/09\/O_Menino_que_Engoliu_o_Sol_Ney_Matogrosso_e_quipe_assistem_a_serie_Divulgacao_TV_Brasil-1536x864.jpg 1536w, https:\/\/www.cidademarketing.com.br\/marketing\/wp-content\/uploads\/2020\/09\/O_Menino_que_Engoliu_o_Sol_Ney_Matogrosso_e_quipe_assistem_a_serie_Divulgacao_TV_Brasil-747x420.jpg 747w, https:\/\/www.cidademarketing.com.br\/marketing\/wp-content\/uploads\/2020\/09\/O_Menino_que_Engoliu_o_Sol_Ney_Matogrosso_e_quipe_assistem_a_serie_Divulgacao_TV_Brasil-640x360.jpg 640w, https:\/\/www.cidademarketing.com.br\/marketing\/wp-content\/uploads\/2020\/09\/O_Menino_que_Engoliu_o_Sol_Ney_Matogrosso_e_quipe_assistem_a_serie_Divulgacao_TV_Brasil-681x383.jpg 681w, https:\/\/www.cidademarketing.com.br\/marketing\/wp-content\/uploads\/2020\/09\/O_Menino_que_Engoliu_o_Sol_Ney_Matogrosso_e_quipe_assistem_a_serie_Divulgacao_TV_Brasil.jpg 1920w\" sizes=\"(max-width: 1024px) 100vw, 1024px\" \/><\/figure><\/li><\/ul><\/figure>\n\n\n\n<p><\/p>\n\n\n\n<p>A proposta do seriado nacional \u00e9 abordar de forma po\u00e9tica o Pantanal e a rela\u00e7\u00e3o do homem com a natureza. O universo l\u00edrico de Manoel de Barros, a pintura de Martha Barros e o mito do fogo na cultura ind\u00edgena guat\u00f3 tamb\u00e9m s\u00e3o tem\u00e1ticas que aparecem na obra audiovisual que tem adapta\u00e7\u00e3o livre.<\/p>\n\n\n\n<p>A partir de um olhar sens\u00edvel sobre a poesia presente no meio ambiente, a anima\u00e7\u00e3o &#8220;O Menino que engoliu o sol&#8221; aborda o medo do escuro de uma forma que cativa e emociona o p\u00fablico de todas as idades, desde crian\u00e7as at\u00e9 adultos.<\/p>\n\n\n\n<p>Para resolver esse problema, o jovem Manoel acha que \u00e9 preciso comer um pedacinho do sol. O garoto vivencia diversas experi\u00eancias e aprende uma li\u00e7\u00e3o sobre o que fazer com as emo\u00e7\u00f5es e a import\u00e2ncia do equil\u00edbrio no universo.<\/p>\n\n\n\n<p>Realizado pela produtora P\u00f3lofilme, o conte\u00fado exibido pela TV Brasil em rede nacional \u00e9 baseado no livro hom\u00f4nimo redigido por Ricardo Pieretti C\u00e2mara, que assina o roteiro ao lado da diretora Patr\u00edcia Alves Dias. Trata-se da primeira s\u00e9rie de anima\u00e7\u00e3o do Mato Grosso do Sul.<\/p>\n\n\n\n<p>Natural do estado, Ney Matogrosso aproveitou o conhecimento de longa data da regi\u00e3o para incluir suas viv\u00eancias. Com sua amplitude vocal, o cantor e compositor possibilitou a interpreta\u00e7\u00e3o de v\u00e1rios personagens. O astro ainda cantarolou can\u00e7\u00f5es que ele ouvia do av\u00f4 durante a inf\u00e2ncia.<\/p>\n\n\n\n<p>Essa experi\u00eancia das gera\u00e7\u00f5es anteriores est\u00e1 presente na linguagem da trama que mescla a ternura da poesia com as belezas concretas desse ecossistema. O seriado para a garotada tem trechos em live-action, com imagens do Pantanal sul-mato-grossense.<\/p>\n\n\n\n<p><strong>Trama se passa em um Pantanal po\u00e9tico<\/strong><\/p>\n\n\n\n<p>A s\u00e9rie &#8220;O Menino que engoliu o sol&#8221; apresenta experi\u00eancias sens\u00f3rias do di\u00e1logo infantil com a natureza sob uma perspectiva po\u00e9tica. Manoel \u00e9 uma crian\u00e7a que leva a vida no quintal perto de muitos bichos. Ele vira passarinho tocando as \u00e1guas que falam enquanto as aves fazem m\u00fasica.<\/p>\n\n\n\n<p>Quando o dia acorda, o garoto e os animais saem para brincar. Ele interage com um rio de cobras, \u00e1rvores p\u00e1ssaros e o amigo peixe-cachorro. O quintal de Manoel \u00e9 o Pantanal. Com invencionices t\u00edpicas da idade, ele gosta de regar o charco, catar a chuva, ouvir o mar, pegar o vento pelo rabo e conversar com os bichos em geral.<\/p>\n\n\n\n<p>Ao anoitecer, o menino tem tanto medo do escuro que n\u00e3o quer dormir e nem comer: sua barriga est\u00e1 cheia de medo. Donanna, av\u00f3 do jovem, que passa os dias lavando, cozinhando e passando, acredita que ele tem doen\u00e7a alimentar e diz que a gente \u00e9 o que come.<\/p>\n\n\n\n<p>Para apagar seu medo, o menino decide consumir luz e percebe que a mais brilhante \u00e9 o Sol. Manoel, ent\u00e3o, resolve comer um peda\u00e7o do astro que seu telhado costuma tocar. Ele s\u00f3 n\u00e3o contava que fosse devorar n\u00e3o apenas um pedacinho, mas o Sol inteiro. E, assim o mundo todo ficou no escuro.<\/p>\n\n\n\n<p>Sob essa l\u00f3gica, o garoto descobre que todos os seres t\u00eam luz pr\u00f3pria. Ao desenvolver seu pr\u00f3prio racioc\u00ednio e amadurecer, Manoel entende que durante a noite todos continuam a brilhar. Assim, sem medo, o protagonista nota que pode voar bem alto para o dia voltar a nascer.<\/p>\n\n\n\n<p>As cenas da produ\u00e7\u00e3o refletem sobre as emo\u00e7\u00f5es de modo bem s\u00fatil, colorido e com a po\u00e9tica de Manoel de Barros. A obra estimula o p\u00fablico a assistir e a sentir o linguajar pantaneiro, a maneira infantil e o sentido po\u00e9tico da vida.<\/p>\n\n\n\n<p><strong>Produ\u00e7\u00e3o combina ilustra\u00e7\u00f5es e live-action<\/strong><\/p>\n\n\n\n<p>Inspirado na arte de Martha Barros, filha do poeta Manoel de Barros, as ilustra\u00e7\u00f5es t\u00eam t\u00e9cnica utilizada que foge dos desenhos convencionais. A equipe trabalhou a aquarela, com pigmentos que v\u00e3o se dissolvendo e surgindo formando cada um dos personagens.<\/p>\n\n\n\n<p>A produ\u00e7\u00e3o &#8220;O Menino que engoliu o sol&#8221; integra anima\u00e7\u00e3o a trechos com cenas em live-action a partir de imagens do Pantanal sul-mato-grossense que foram registradas pelo diretor e fot\u00f3grafo Maur\u00edcio Copetti. As sequ\u00eancias trazem imagens bel\u00edssimas da fauna e flora t\u00edpicas desse bioma.<\/p>\n\n\n\n<p>A trilha sonora se harmoniza com as imagens. A m\u00fasica instrumental utilizada na anima\u00e7\u00e3o remete ao som de instrumentos como a viola de cocho ao produzir sonoridade que aproxima os acontecimentos da realidade pantaneira.<\/p>\n\n\n\n<p><strong>Valoriza\u00e7\u00e3o do conte\u00fado independente nacional<\/strong><\/p>\n\n\n\n<p>Criada pela produtora sul-mato-grossense P\u00f3lofilme, a s\u00e9rie infantil &#8220;O Menino que engoliu o sol&#8221; \u00e9 uma &nbsp;das obras independentes que contemplam os conte\u00fados audiovisuais selecionados pela linha de fomento do Fundo Setorial do Audiovisual (FSA), atrav\u00e9s do Programa de Apoio ao Desenvolvimento do Audiovisual (Prodav\/TVs P\u00fablicas).<\/p>\n\n\n\n<p>A TV Brasil \u00e9 um dos canais que mais exibe conte\u00fado independente nacional. Al\u00e9m de ser uma grande apoiadora da produ\u00e7\u00e3o de atra\u00e7\u00f5es infantis no mercado audiovisual do pa\u00eds, a emissora estimula novos realizadores.<\/p>\n\n\n\n<p>Em sua programa\u00e7\u00e3o, o canal p\u00fablico refor\u00e7a valores como a n\u00e3o viol\u00eancia e a toler\u00e2ncia \u00e0s diferen\u00e7as. Refer\u00eancia de conte\u00fado para a garotada na televis\u00e3o aberta, a TV Brasil \u00e9 uma das principais janelas para desenhos e anima\u00e7\u00f5es nacionais.<\/p>\n\n\n\n<p><strong>Est\u00edmulo \u00e0s produ\u00e7\u00f5es infantis com acessibilidade<\/strong><\/p>\n\n\n\n<p>Com mais de 50 horas semanais de produ\u00e7\u00e3o audiovisual para crian\u00e7as e jovens, a emissora p\u00fablica apresenta uma sess\u00e3o di\u00e1ria com s\u00e9ries e desenhos, a TV Brasil Animada, no ar de segunda a sexta-feira, com mais de 10 horas de dura\u00e7\u00e3o.<\/p>\n\n\n\n<p>A faixa tem espa\u00e7o aos fins de semana, nos s\u00e1bados, de 10h \u00e0s 14h. A programa\u00e7\u00e3o para crian\u00e7as e jovens oferecida pelo canal \u00e9 organizada por faixa et\u00e1ria e destaca-se pela aus\u00eancia de publicidade que incentive o consumismo.<\/p>\n\n\n\n<p>De segunda a sexta, no in\u00edcio da manh\u00e3, entre 7h45 e 9h45, a TV Brasil exibe uma sess\u00e3o especial que re\u00fane produ\u00e7\u00f5es para a garotada com todos os recursos de acessibilidade, como audiodescri\u00e7\u00e3o, legenda oculta, interpreta\u00e7\u00e3o em Libras e dublagem.<\/p>\n\n\n\n<p>Em seguida, a partir das 10h, a TV Brasil Animada leva ao ar quase nove horas consecutivas de conte\u00fado infantil e juvenil educativo at\u00e9 \u00e0s 19h, com intervalo para o programa Sem Censura, \u00e0s 14h, e para os boletins jornal\u00edsticos do Rep\u00f3rter Brasil.<\/p>\n\n\n\n<p>Muitas anima\u00e7\u00f5es de sucesso no pa\u00eds e no exterior est\u00e3o em cartaz na grade da emissora p\u00fablica como O Show da Luna!, Peixonauta e SOS Fada Manu. Entre as s\u00e9ries em live-action, as atra\u00e7\u00f5es s\u00e3o Detetives do Pr\u00e9dio Azul, Gaby Estrela e Valentins.<\/p>\n\n\n\n<p><strong>Ficha T\u00e9cnica<\/strong><\/p>\n\n\n\n<p>Produ\u00e7\u00e3o: P\u00f3lofilme<\/p>\n\n\n\n<p>Dire\u00e7\u00e3o: Patr\u00edcia Alves Dias<\/p>\n\n\n\n<p>Roteiro: Patr\u00edcia Alves Dias e Ricardo Pieretti C\u00e2mara<\/p>\n\n\n\n<p>Supervis\u00e3o art\u00edstica: Joel Pizzini<\/p>\n\n\n\n<p>Produ\u00e7\u00e3o Executiva: Daniela Vitorino<\/p>\n\n\n\n<p>Produ\u00e7\u00e3o: Patr\u00edcia Alves Dias, Joel Pizzini e Sergio Pedrosa<\/p>\n\n\n\n<p>Epis\u00f3dios: 13<\/p>\n\n\n\n<p>Dura\u00e7\u00e3o: 7 min.<\/p>\n\n\n\n<p>Ano: 2019<\/p>\n\n\n\n<p>Classifica\u00e7\u00e3o indicativa: Livre<\/p>\n\n\n\n<p><strong>Servi\u00e7o:<\/strong><\/p>\n\n\n\n<p>&#8211; TV Brasil Animada &#8211; segunda a sexta, das 7h45 \u00e0s 9h45, das 10h \u00e0s 19h; e aos s\u00e1bados, das 10h \u00e0s 14h.<\/p>\n\n\n\n<p>&#8211; O Menino que engoliu o sol &#8211; segunda a sexta, \u00e0s 7h45, na TV Brasil.<\/p>\n","protected":false},"excerpt":{"rendered":"<p>Com narra\u00e7\u00e3o do cantor Ney Matogrosso e inspirada na obra do poeta Manoel de Barros, a s\u00e9rie infantil &#8220;O Menino que engoliu o sol&#8221; estreia na TV Brasil nesta segunda (14), \u00e0s 7h45. A anima\u00e7\u00e3o abre a faixa de programa\u00e7\u00e3o da emissora p\u00fablica com recursos de acessibilidade para as crian\u00e7as. No ar de segunda a [&hellip;]<\/p>\n","protected":false},"author":1,"featured_media":18959,"comment_status":"open","ping_status":"open","sticky":false,"template":"","format":"standard","meta":{"tdm_status":"","tdm_grid_status":"","footnotes":""},"categories":[6],"tags":[33,28,228,380],"class_list":["post-18958","post","type-post","status-publish","format-standard","has-post-thumbnail","hentry","category-noticias","tag-estrategia","tag-marketing","tag-segmentacao-de-mercado","tag-tv-brasil"],"yoast_head":"<!-- This site is optimized with the Yoast SEO plugin v27.5 - https:\/\/yoast.com\/product\/yoast-seo-wordpress\/ -->\n<title>TV Brasil estreia anima\u00e7\u00e3o infantil &quot;O Menino que engoliu o sol&quot; com narra\u00e7\u00e3o de Ney Matogrosso - CidadeMarketing<\/title>\n<meta name=\"robots\" content=\"index, follow, max-snippet:-1, max-image-preview:large, max-video-preview:-1\" \/>\n<link rel=\"canonical\" href=\"https:\/\/www.cidademarketing.com.br\/marketing\/2020\/09\/10\/tv-brasil-estreia-animacao-infantil-o-menino-que-engoliu-o-sol-com-narracao-de-ney-matogrosso\/\" \/>\n<meta property=\"og:locale\" content=\"pt_BR\" \/>\n<meta property=\"og:type\" content=\"article\" \/>\n<meta property=\"og:title\" content=\"TV Brasil estreia anima\u00e7\u00e3o infantil &quot;O Menino que engoliu o sol&quot; com narra\u00e7\u00e3o de Ney Matogrosso - CidadeMarketing\" \/>\n<meta property=\"og:description\" content=\"Com narra\u00e7\u00e3o do cantor Ney Matogrosso e inspirada na obra do poeta Manoel de Barros, a s\u00e9rie infantil &#8220;O Menino que engoliu o sol&#8221; estreia na TV Brasil nesta segunda (14), \u00e0s 7h45. A anima\u00e7\u00e3o abre a faixa de programa\u00e7\u00e3o da emissora p\u00fablica com recursos de acessibilidade para as crian\u00e7as. No ar de segunda a [&hellip;]\" \/>\n<meta property=\"og:url\" content=\"https:\/\/www.cidademarketing.com.br\/marketing\/2020\/09\/10\/tv-brasil-estreia-animacao-infantil-o-menino-que-engoliu-o-sol-com-narracao-de-ney-matogrosso\/\" \/>\n<meta property=\"og:site_name\" content=\"CidadeMarketing\" \/>\n<meta property=\"article:publisher\" content=\"https:\/\/www.facebook.com\/portalcidademarketing\" \/>\n<meta property=\"article:author\" content=\"https:\/\/www.facebook.com\/thalesbrandao\" \/>\n<meta property=\"article:published_time\" content=\"2020-09-11T00:38:18+00:00\" \/>\n<meta property=\"article:modified_time\" content=\"2020-09-11T00:38:23+00:00\" \/>\n<meta property=\"og:image\" content=\"https:\/\/www.cidademarketing.com.br\/marketing\/wp-content\/uploads\/2020\/09\/O_Menino_que_Engoliu_o_Sol_01_Divulgacao_TV_Brasil.jpg\" \/>\n\t<meta property=\"og:image:width\" content=\"1611\" \/>\n\t<meta property=\"og:image:height\" content=\"905\" \/>\n\t<meta property=\"og:image:type\" content=\"image\/jpeg\" \/>\n<meta name=\"author\" content=\"Thales Brand\u00e3o\" \/>\n<meta name=\"twitter:card\" content=\"summary_large_image\" \/>\n<meta name=\"twitter:creator\" content=\"@http:\/\/www.twitter.com\/thalesbrandao\" \/>\n<meta name=\"twitter:site\" content=\"@CidadeMarketing\" \/>\n<meta name=\"twitter:label1\" content=\"Escrito por\" \/>\n\t<meta name=\"twitter:data1\" content=\"Thales Brand\u00e3o\" \/>\n\t<meta name=\"twitter:label2\" content=\"Est. tempo de leitura\" \/>\n\t<meta name=\"twitter:data2\" content=\"7 minutos\" \/>\n<script type=\"application\/ld+json\" class=\"yoast-schema-graph\">{\"@context\":\"https:\\\/\\\/schema.org\",\"@graph\":[{\"@type\":\"Article\",\"@id\":\"https:\\\/\\\/www.cidademarketing.com.br\\\/marketing\\\/2020\\\/09\\\/10\\\/tv-brasil-estreia-animacao-infantil-o-menino-que-engoliu-o-sol-com-narracao-de-ney-matogrosso\\\/#article\",\"isPartOf\":{\"@id\":\"https:\\\/\\\/www.cidademarketing.com.br\\\/marketing\\\/2020\\\/09\\\/10\\\/tv-brasil-estreia-animacao-infantil-o-menino-que-engoliu-o-sol-com-narracao-de-ney-matogrosso\\\/\"},\"author\":{\"name\":\"Thales Brand\u00e3o\",\"@id\":\"https:\\\/\\\/www.cidademarketing.com.br\\\/marketing\\\/#\\\/schema\\\/person\\\/02daff9f18bd9378c9e01eb6b2db155f\"},\"headline\":\"TV Brasil estreia anima\u00e7\u00e3o infantil &#8220;O Menino que engoliu o sol&#8221; com narra\u00e7\u00e3o de Ney Matogrosso\",\"datePublished\":\"2020-09-11T00:38:18+00:00\",\"dateModified\":\"2020-09-11T00:38:23+00:00\",\"mainEntityOfPage\":{\"@id\":\"https:\\\/\\\/www.cidademarketing.com.br\\\/marketing\\\/2020\\\/09\\\/10\\\/tv-brasil-estreia-animacao-infantil-o-menino-que-engoliu-o-sol-com-narracao-de-ney-matogrosso\\\/\"},\"wordCount\":1362,\"commentCount\":0,\"publisher\":{\"@id\":\"https:\\\/\\\/www.cidademarketing.com.br\\\/marketing\\\/#organization\"},\"image\":{\"@id\":\"https:\\\/\\\/www.cidademarketing.com.br\\\/marketing\\\/2020\\\/09\\\/10\\\/tv-brasil-estreia-animacao-infantil-o-menino-que-engoliu-o-sol-com-narracao-de-ney-matogrosso\\\/#primaryimage\"},\"thumbnailUrl\":\"https:\\\/\\\/www.cidademarketing.com.br\\\/marketing\\\/wp-content\\\/uploads\\\/2020\\\/09\\\/O_Menino_que_Engoliu_o_Sol_01_Divulgacao_TV_Brasil.jpg\",\"keywords\":[\"estrat\u00e9gia\",\"marketing\",\"segmenta\u00e7\u00e3o de mercado\",\"TV Brasil\"],\"articleSection\":[\"Not\u00edcias\"],\"inLanguage\":\"pt-BR\",\"potentialAction\":[{\"@type\":\"CommentAction\",\"name\":\"Comment\",\"target\":[\"https:\\\/\\\/www.cidademarketing.com.br\\\/marketing\\\/2020\\\/09\\\/10\\\/tv-brasil-estreia-animacao-infantil-o-menino-que-engoliu-o-sol-com-narracao-de-ney-matogrosso\\\/#respond\"]}]},{\"@type\":\"WebPage\",\"@id\":\"https:\\\/\\\/www.cidademarketing.com.br\\\/marketing\\\/2020\\\/09\\\/10\\\/tv-brasil-estreia-animacao-infantil-o-menino-que-engoliu-o-sol-com-narracao-de-ney-matogrosso\\\/\",\"url\":\"https:\\\/\\\/www.cidademarketing.com.br\\\/marketing\\\/2020\\\/09\\\/10\\\/tv-brasil-estreia-animacao-infantil-o-menino-que-engoliu-o-sol-com-narracao-de-ney-matogrosso\\\/\",\"name\":\"TV Brasil estreia anima\u00e7\u00e3o infantil \\\"O Menino que engoliu o sol\\\" com narra\u00e7\u00e3o de Ney Matogrosso - CidadeMarketing\",\"isPartOf\":{\"@id\":\"https:\\\/\\\/www.cidademarketing.com.br\\\/marketing\\\/#website\"},\"primaryImageOfPage\":{\"@id\":\"https:\\\/\\\/www.cidademarketing.com.br\\\/marketing\\\/2020\\\/09\\\/10\\\/tv-brasil-estreia-animacao-infantil-o-menino-que-engoliu-o-sol-com-narracao-de-ney-matogrosso\\\/#primaryimage\"},\"image\":{\"@id\":\"https:\\\/\\\/www.cidademarketing.com.br\\\/marketing\\\/2020\\\/09\\\/10\\\/tv-brasil-estreia-animacao-infantil-o-menino-que-engoliu-o-sol-com-narracao-de-ney-matogrosso\\\/#primaryimage\"},\"thumbnailUrl\":\"https:\\\/\\\/www.cidademarketing.com.br\\\/marketing\\\/wp-content\\\/uploads\\\/2020\\\/09\\\/O_Menino_que_Engoliu_o_Sol_01_Divulgacao_TV_Brasil.jpg\",\"datePublished\":\"2020-09-11T00:38:18+00:00\",\"dateModified\":\"2020-09-11T00:38:23+00:00\",\"breadcrumb\":{\"@id\":\"https:\\\/\\\/www.cidademarketing.com.br\\\/marketing\\\/2020\\\/09\\\/10\\\/tv-brasil-estreia-animacao-infantil-o-menino-que-engoliu-o-sol-com-narracao-de-ney-matogrosso\\\/#breadcrumb\"},\"inLanguage\":\"pt-BR\",\"potentialAction\":[{\"@type\":\"ReadAction\",\"target\":[\"https:\\\/\\\/www.cidademarketing.com.br\\\/marketing\\\/2020\\\/09\\\/10\\\/tv-brasil-estreia-animacao-infantil-o-menino-que-engoliu-o-sol-com-narracao-de-ney-matogrosso\\\/\"]}]},{\"@type\":\"ImageObject\",\"inLanguage\":\"pt-BR\",\"@id\":\"https:\\\/\\\/www.cidademarketing.com.br\\\/marketing\\\/2020\\\/09\\\/10\\\/tv-brasil-estreia-animacao-infantil-o-menino-que-engoliu-o-sol-com-narracao-de-ney-matogrosso\\\/#primaryimage\",\"url\":\"https:\\\/\\\/www.cidademarketing.com.br\\\/marketing\\\/wp-content\\\/uploads\\\/2020\\\/09\\\/O_Menino_que_Engoliu_o_Sol_01_Divulgacao_TV_Brasil.jpg\",\"contentUrl\":\"https:\\\/\\\/www.cidademarketing.com.br\\\/marketing\\\/wp-content\\\/uploads\\\/2020\\\/09\\\/O_Menino_que_Engoliu_o_Sol_01_Divulgacao_TV_Brasil.jpg\",\"width\":1611,\"height\":905},{\"@type\":\"BreadcrumbList\",\"@id\":\"https:\\\/\\\/www.cidademarketing.com.br\\\/marketing\\\/2020\\\/09\\\/10\\\/tv-brasil-estreia-animacao-infantil-o-menino-que-engoliu-o-sol-com-narracao-de-ney-matogrosso\\\/#breadcrumb\",\"itemListElement\":[{\"@type\":\"ListItem\",\"position\":1,\"name\":\"In\u00edcio\",\"item\":\"https:\\\/\\\/www.cidademarketing.com.br\\\/marketing\\\/\"},{\"@type\":\"ListItem\",\"position\":2,\"name\":\"TV Brasil estreia anima\u00e7\u00e3o infantil &#8220;O Menino que engoliu o sol&#8221; com narra\u00e7\u00e3o de Ney Matogrosso\"}]},{\"@type\":\"WebSite\",\"@id\":\"https:\\\/\\\/www.cidademarketing.com.br\\\/marketing\\\/#website\",\"url\":\"https:\\\/\\\/www.cidademarketing.com.br\\\/marketing\\\/\",\"name\":\"CidadeMarketing\",\"description\":\"Somos um ve\u00edculo de comunica\u00e7\u00e3o de destaque no Brasil, reconhecido por conte\u00fados nos segmentos de marketing, empreendedorismo e inova\u00e7\u00e3o.\",\"publisher\":{\"@id\":\"https:\\\/\\\/www.cidademarketing.com.br\\\/marketing\\\/#organization\"},\"alternateName\":\"CidadeMarketing\",\"potentialAction\":[{\"@type\":\"SearchAction\",\"target\":{\"@type\":\"EntryPoint\",\"urlTemplate\":\"https:\\\/\\\/www.cidademarketing.com.br\\\/marketing\\\/?s={search_term_string}\"},\"query-input\":{\"@type\":\"PropertyValueSpecification\",\"valueRequired\":true,\"valueName\":\"search_term_string\"}}],\"inLanguage\":\"pt-BR\"},{\"@type\":\"Organization\",\"@id\":\"https:\\\/\\\/www.cidademarketing.com.br\\\/marketing\\\/#organization\",\"name\":\"CidadeMarketing\",\"alternateName\":\"CidadeMarketing\",\"url\":\"https:\\\/\\\/www.cidademarketing.com.br\\\/marketing\\\/\",\"logo\":{\"@type\":\"ImageObject\",\"inLanguage\":\"pt-BR\",\"@id\":\"https:\\\/\\\/www.cidademarketing.com.br\\\/marketing\\\/#\\\/schema\\\/logo\\\/image\\\/\",\"url\":\"https:\\\/\\\/www.cidademarketing.com.br\\\/marketing\\\/wp-content\\\/uploads\\\/2020\\\/01\\\/cidademarketing_marca_mobile.png\",\"contentUrl\":\"https:\\\/\\\/www.cidademarketing.com.br\\\/marketing\\\/wp-content\\\/uploads\\\/2020\\\/01\\\/cidademarketing_marca_mobile.png\",\"width\":230,\"height\":92,\"caption\":\"CidadeMarketing\"},\"image\":{\"@id\":\"https:\\\/\\\/www.cidademarketing.com.br\\\/marketing\\\/#\\\/schema\\\/logo\\\/image\\\/\"},\"sameAs\":[\"https:\\\/\\\/www.facebook.com\\\/portalcidademarketing\",\"https:\\\/\\\/x.com\\\/CidadeMarketing\",\"https:\\\/\\\/www.instagram.com\\\/cidademarketing\\\/\"]},{\"@type\":\"Person\",\"@id\":\"https:\\\/\\\/www.cidademarketing.com.br\\\/marketing\\\/#\\\/schema\\\/person\\\/02daff9f18bd9378c9e01eb6b2db155f\",\"name\":\"Thales Brand\u00e3o\",\"image\":{\"@type\":\"ImageObject\",\"inLanguage\":\"pt-BR\",\"@id\":\"https:\\\/\\\/secure.gravatar.com\\\/avatar\\\/7ca3206950207cc3cb48feec56a8a7898741ab725c368d99d5d7a5a50aab80c6?s=96&d=mm&r=g\",\"url\":\"https:\\\/\\\/secure.gravatar.com\\\/avatar\\\/7ca3206950207cc3cb48feec56a8a7898741ab725c368d99d5d7a5a50aab80c6?s=96&d=mm&r=g\",\"contentUrl\":\"https:\\\/\\\/secure.gravatar.com\\\/avatar\\\/7ca3206950207cc3cb48feec56a8a7898741ab725c368d99d5d7a5a50aab80c6?s=96&d=mm&r=g\",\"caption\":\"Thales Brand\u00e3o\"},\"description\":\"Editor Executivo do Portal CidadeMarketing.com.br &gt; Mestre em Comunica\u00e7\u00e3o e Sociedade pela Universidade Federal de Sergipe. Possui MBA Executivo em Administra\u00e7\u00e3o com \u00eanfase em Marketing pela Funda\u00e7\u00e3o Get\u00falio Vargas - Rio de Janeiro. Consultor, Palestrante e Pesquisador sobre Empreendedorismo, Marketing, Redes Sociais e Neg\u00f3cios Digitais. Professor, Palestrante TedxTalks e Campus Party. Twitter: @ThalesBrandao\",\"sameAs\":[\"http:\\\/\\\/www.mandacaru.com.br\",\"https:\\\/\\\/www.facebook.com\\\/thalesbrandao\",\"http:\\\/\\\/www.instagram.com.br\\\/thalesbrandaoferreira\",\"https:\\\/\\\/www.linkedin.com\\\/in\\\/thales-brand\u00e3o-3948609\\\/\",\"https:\\\/\\\/x.com\\\/http:\\\/\\\/www.twitter.com\\\/thalesbrandao\"],\"url\":\"https:\\\/\\\/www.cidademarketing.com.br\\\/marketing\\\/author\\\/thalesbrandao\\\/\"}]}<\/script>\n<!-- \/ Yoast SEO plugin. -->","yoast_head_json":{"title":"TV Brasil estreia anima\u00e7\u00e3o infantil \"O Menino que engoliu o sol\" com narra\u00e7\u00e3o de Ney Matogrosso - CidadeMarketing","robots":{"index":"index","follow":"follow","max-snippet":"max-snippet:-1","max-image-preview":"max-image-preview:large","max-video-preview":"max-video-preview:-1"},"canonical":"https:\/\/www.cidademarketing.com.br\/marketing\/2020\/09\/10\/tv-brasil-estreia-animacao-infantil-o-menino-que-engoliu-o-sol-com-narracao-de-ney-matogrosso\/","og_locale":"pt_BR","og_type":"article","og_title":"TV Brasil estreia anima\u00e7\u00e3o infantil \"O Menino que engoliu o sol\" com narra\u00e7\u00e3o de Ney Matogrosso - CidadeMarketing","og_description":"Com narra\u00e7\u00e3o do cantor Ney Matogrosso e inspirada na obra do poeta Manoel de Barros, a s\u00e9rie infantil &#8220;O Menino que engoliu o sol&#8221; estreia na TV Brasil nesta segunda (14), \u00e0s 7h45. A anima\u00e7\u00e3o abre a faixa de programa\u00e7\u00e3o da emissora p\u00fablica com recursos de acessibilidade para as crian\u00e7as. No ar de segunda a [&hellip;]","og_url":"https:\/\/www.cidademarketing.com.br\/marketing\/2020\/09\/10\/tv-brasil-estreia-animacao-infantil-o-menino-que-engoliu-o-sol-com-narracao-de-ney-matogrosso\/","og_site_name":"CidadeMarketing","article_publisher":"https:\/\/www.facebook.com\/portalcidademarketing","article_author":"https:\/\/www.facebook.com\/thalesbrandao","article_published_time":"2020-09-11T00:38:18+00:00","article_modified_time":"2020-09-11T00:38:23+00:00","og_image":[{"width":1611,"height":905,"url":"https:\/\/www.cidademarketing.com.br\/marketing\/wp-content\/uploads\/2020\/09\/O_Menino_que_Engoliu_o_Sol_01_Divulgacao_TV_Brasil.jpg","type":"image\/jpeg"}],"author":"Thales Brand\u00e3o","twitter_card":"summary_large_image","twitter_creator":"@http:\/\/www.twitter.com\/thalesbrandao","twitter_site":"@CidadeMarketing","twitter_misc":{"Escrito por":"Thales Brand\u00e3o","Est. tempo de leitura":"7 minutos"},"schema":{"@context":"https:\/\/schema.org","@graph":[{"@type":"Article","@id":"https:\/\/www.cidademarketing.com.br\/marketing\/2020\/09\/10\/tv-brasil-estreia-animacao-infantil-o-menino-que-engoliu-o-sol-com-narracao-de-ney-matogrosso\/#article","isPartOf":{"@id":"https:\/\/www.cidademarketing.com.br\/marketing\/2020\/09\/10\/tv-brasil-estreia-animacao-infantil-o-menino-que-engoliu-o-sol-com-narracao-de-ney-matogrosso\/"},"author":{"name":"Thales Brand\u00e3o","@id":"https:\/\/www.cidademarketing.com.br\/marketing\/#\/schema\/person\/02daff9f18bd9378c9e01eb6b2db155f"},"headline":"TV Brasil estreia anima\u00e7\u00e3o infantil &#8220;O Menino que engoliu o sol&#8221; com narra\u00e7\u00e3o de Ney Matogrosso","datePublished":"2020-09-11T00:38:18+00:00","dateModified":"2020-09-11T00:38:23+00:00","mainEntityOfPage":{"@id":"https:\/\/www.cidademarketing.com.br\/marketing\/2020\/09\/10\/tv-brasil-estreia-animacao-infantil-o-menino-que-engoliu-o-sol-com-narracao-de-ney-matogrosso\/"},"wordCount":1362,"commentCount":0,"publisher":{"@id":"https:\/\/www.cidademarketing.com.br\/marketing\/#organization"},"image":{"@id":"https:\/\/www.cidademarketing.com.br\/marketing\/2020\/09\/10\/tv-brasil-estreia-animacao-infantil-o-menino-que-engoliu-o-sol-com-narracao-de-ney-matogrosso\/#primaryimage"},"thumbnailUrl":"https:\/\/www.cidademarketing.com.br\/marketing\/wp-content\/uploads\/2020\/09\/O_Menino_que_Engoliu_o_Sol_01_Divulgacao_TV_Brasil.jpg","keywords":["estrat\u00e9gia","marketing","segmenta\u00e7\u00e3o de mercado","TV Brasil"],"articleSection":["Not\u00edcias"],"inLanguage":"pt-BR","potentialAction":[{"@type":"CommentAction","name":"Comment","target":["https:\/\/www.cidademarketing.com.br\/marketing\/2020\/09\/10\/tv-brasil-estreia-animacao-infantil-o-menino-que-engoliu-o-sol-com-narracao-de-ney-matogrosso\/#respond"]}]},{"@type":"WebPage","@id":"https:\/\/www.cidademarketing.com.br\/marketing\/2020\/09\/10\/tv-brasil-estreia-animacao-infantil-o-menino-que-engoliu-o-sol-com-narracao-de-ney-matogrosso\/","url":"https:\/\/www.cidademarketing.com.br\/marketing\/2020\/09\/10\/tv-brasil-estreia-animacao-infantil-o-menino-que-engoliu-o-sol-com-narracao-de-ney-matogrosso\/","name":"TV Brasil estreia anima\u00e7\u00e3o infantil \"O Menino que engoliu o sol\" com narra\u00e7\u00e3o de Ney Matogrosso - CidadeMarketing","isPartOf":{"@id":"https:\/\/www.cidademarketing.com.br\/marketing\/#website"},"primaryImageOfPage":{"@id":"https:\/\/www.cidademarketing.com.br\/marketing\/2020\/09\/10\/tv-brasil-estreia-animacao-infantil-o-menino-que-engoliu-o-sol-com-narracao-de-ney-matogrosso\/#primaryimage"},"image":{"@id":"https:\/\/www.cidademarketing.com.br\/marketing\/2020\/09\/10\/tv-brasil-estreia-animacao-infantil-o-menino-que-engoliu-o-sol-com-narracao-de-ney-matogrosso\/#primaryimage"},"thumbnailUrl":"https:\/\/www.cidademarketing.com.br\/marketing\/wp-content\/uploads\/2020\/09\/O_Menino_que_Engoliu_o_Sol_01_Divulgacao_TV_Brasil.jpg","datePublished":"2020-09-11T00:38:18+00:00","dateModified":"2020-09-11T00:38:23+00:00","breadcrumb":{"@id":"https:\/\/www.cidademarketing.com.br\/marketing\/2020\/09\/10\/tv-brasil-estreia-animacao-infantil-o-menino-que-engoliu-o-sol-com-narracao-de-ney-matogrosso\/#breadcrumb"},"inLanguage":"pt-BR","potentialAction":[{"@type":"ReadAction","target":["https:\/\/www.cidademarketing.com.br\/marketing\/2020\/09\/10\/tv-brasil-estreia-animacao-infantil-o-menino-que-engoliu-o-sol-com-narracao-de-ney-matogrosso\/"]}]},{"@type":"ImageObject","inLanguage":"pt-BR","@id":"https:\/\/www.cidademarketing.com.br\/marketing\/2020\/09\/10\/tv-brasil-estreia-animacao-infantil-o-menino-que-engoliu-o-sol-com-narracao-de-ney-matogrosso\/#primaryimage","url":"https:\/\/www.cidademarketing.com.br\/marketing\/wp-content\/uploads\/2020\/09\/O_Menino_que_Engoliu_o_Sol_01_Divulgacao_TV_Brasil.jpg","contentUrl":"https:\/\/www.cidademarketing.com.br\/marketing\/wp-content\/uploads\/2020\/09\/O_Menino_que_Engoliu_o_Sol_01_Divulgacao_TV_Brasil.jpg","width":1611,"height":905},{"@type":"BreadcrumbList","@id":"https:\/\/www.cidademarketing.com.br\/marketing\/2020\/09\/10\/tv-brasil-estreia-animacao-infantil-o-menino-que-engoliu-o-sol-com-narracao-de-ney-matogrosso\/#breadcrumb","itemListElement":[{"@type":"ListItem","position":1,"name":"In\u00edcio","item":"https:\/\/www.cidademarketing.com.br\/marketing\/"},{"@type":"ListItem","position":2,"name":"TV Brasil estreia anima\u00e7\u00e3o infantil &#8220;O Menino que engoliu o sol&#8221; com narra\u00e7\u00e3o de Ney Matogrosso"}]},{"@type":"WebSite","@id":"https:\/\/www.cidademarketing.com.br\/marketing\/#website","url":"https:\/\/www.cidademarketing.com.br\/marketing\/","name":"CidadeMarketing","description":"Somos um ve\u00edculo de comunica\u00e7\u00e3o de destaque no Brasil, reconhecido por conte\u00fados nos segmentos de marketing, empreendedorismo e inova\u00e7\u00e3o.","publisher":{"@id":"https:\/\/www.cidademarketing.com.br\/marketing\/#organization"},"alternateName":"CidadeMarketing","potentialAction":[{"@type":"SearchAction","target":{"@type":"EntryPoint","urlTemplate":"https:\/\/www.cidademarketing.com.br\/marketing\/?s={search_term_string}"},"query-input":{"@type":"PropertyValueSpecification","valueRequired":true,"valueName":"search_term_string"}}],"inLanguage":"pt-BR"},{"@type":"Organization","@id":"https:\/\/www.cidademarketing.com.br\/marketing\/#organization","name":"CidadeMarketing","alternateName":"CidadeMarketing","url":"https:\/\/www.cidademarketing.com.br\/marketing\/","logo":{"@type":"ImageObject","inLanguage":"pt-BR","@id":"https:\/\/www.cidademarketing.com.br\/marketing\/#\/schema\/logo\/image\/","url":"https:\/\/www.cidademarketing.com.br\/marketing\/wp-content\/uploads\/2020\/01\/cidademarketing_marca_mobile.png","contentUrl":"https:\/\/www.cidademarketing.com.br\/marketing\/wp-content\/uploads\/2020\/01\/cidademarketing_marca_mobile.png","width":230,"height":92,"caption":"CidadeMarketing"},"image":{"@id":"https:\/\/www.cidademarketing.com.br\/marketing\/#\/schema\/logo\/image\/"},"sameAs":["https:\/\/www.facebook.com\/portalcidademarketing","https:\/\/x.com\/CidadeMarketing","https:\/\/www.instagram.com\/cidademarketing\/"]},{"@type":"Person","@id":"https:\/\/www.cidademarketing.com.br\/marketing\/#\/schema\/person\/02daff9f18bd9378c9e01eb6b2db155f","name":"Thales Brand\u00e3o","image":{"@type":"ImageObject","inLanguage":"pt-BR","@id":"https:\/\/secure.gravatar.com\/avatar\/7ca3206950207cc3cb48feec56a8a7898741ab725c368d99d5d7a5a50aab80c6?s=96&d=mm&r=g","url":"https:\/\/secure.gravatar.com\/avatar\/7ca3206950207cc3cb48feec56a8a7898741ab725c368d99d5d7a5a50aab80c6?s=96&d=mm&r=g","contentUrl":"https:\/\/secure.gravatar.com\/avatar\/7ca3206950207cc3cb48feec56a8a7898741ab725c368d99d5d7a5a50aab80c6?s=96&d=mm&r=g","caption":"Thales Brand\u00e3o"},"description":"Editor Executivo do Portal CidadeMarketing.com.br &gt; Mestre em Comunica\u00e7\u00e3o e Sociedade pela Universidade Federal de Sergipe. Possui MBA Executivo em Administra\u00e7\u00e3o com \u00eanfase em Marketing pela Funda\u00e7\u00e3o Get\u00falio Vargas - Rio de Janeiro. Consultor, Palestrante e Pesquisador sobre Empreendedorismo, Marketing, Redes Sociais e Neg\u00f3cios Digitais. Professor, Palestrante TedxTalks e Campus Party. Twitter: @ThalesBrandao","sameAs":["http:\/\/www.mandacaru.com.br","https:\/\/www.facebook.com\/thalesbrandao","http:\/\/www.instagram.com.br\/thalesbrandaoferreira","https:\/\/www.linkedin.com\/in\/thales-brand\u00e3o-3948609\/","https:\/\/x.com\/http:\/\/www.twitter.com\/thalesbrandao"],"url":"https:\/\/www.cidademarketing.com.br\/marketing\/author\/thalesbrandao\/"}]}},"amp_enabled":true,"_links":{"self":[{"href":"https:\/\/www.cidademarketing.com.br\/marketing\/wp-json\/wp\/v2\/posts\/18958","targetHints":{"allow":["GET"]}}],"collection":[{"href":"https:\/\/www.cidademarketing.com.br\/marketing\/wp-json\/wp\/v2\/posts"}],"about":[{"href":"https:\/\/www.cidademarketing.com.br\/marketing\/wp-json\/wp\/v2\/types\/post"}],"author":[{"embeddable":true,"href":"https:\/\/www.cidademarketing.com.br\/marketing\/wp-json\/wp\/v2\/users\/1"}],"replies":[{"embeddable":true,"href":"https:\/\/www.cidademarketing.com.br\/marketing\/wp-json\/wp\/v2\/comments?post=18958"}],"version-history":[{"count":1,"href":"https:\/\/www.cidademarketing.com.br\/marketing\/wp-json\/wp\/v2\/posts\/18958\/revisions"}],"predecessor-version":[{"id":18974,"href":"https:\/\/www.cidademarketing.com.br\/marketing\/wp-json\/wp\/v2\/posts\/18958\/revisions\/18974"}],"wp:featuredmedia":[{"embeddable":true,"href":"https:\/\/www.cidademarketing.com.br\/marketing\/wp-json\/wp\/v2\/media\/18959"}],"wp:attachment":[{"href":"https:\/\/www.cidademarketing.com.br\/marketing\/wp-json\/wp\/v2\/media?parent=18958"}],"wp:term":[{"taxonomy":"category","embeddable":true,"href":"https:\/\/www.cidademarketing.com.br\/marketing\/wp-json\/wp\/v2\/categories?post=18958"},{"taxonomy":"post_tag","embeddable":true,"href":"https:\/\/www.cidademarketing.com.br\/marketing\/wp-json\/wp\/v2\/tags?post=18958"}],"curies":[{"name":"wp","href":"https:\/\/api.w.org\/{rel}","templated":true}]}}