{"id":18907,"date":"2020-09-10T10:23:15","date_gmt":"2020-09-10T13:23:15","guid":{"rendered":"https:\/\/www.cidademarketing.com.br\/marketing\/?p=18907"},"modified":"2020-09-10T10:23:19","modified_gmt":"2020-09-10T13:23:19","slug":"hipermercados-supermercados-produtos-alimenticios-bebidas-e-fumo-impulsionam-vendas-no-varejo-em-julho-2020","status":"publish","type":"post","link":"https:\/\/www.cidademarketing.com.br\/marketing\/2020\/09\/10\/hipermercados-supermercados-produtos-alimenticios-bebidas-e-fumo-impulsionam-vendas-no-varejo-em-julho-2020\/","title":{"rendered":"Hipermercados, supermercados, produtos aliment\u00edcios, bebidas e fumo impulsionam vendas no varejo em Julho\/2020"},"content":{"rendered":"\n<p>Em\u00a0<strong>julho de 2020<\/strong>, o volume de vendas do\u00a0<strong>com\u00e9rcio varejista<\/strong>\u00a0nacional cresceu 5,2% frente a junho, na s\u00e9rie com ajuste sazonal, ap\u00f3s altas de 8,5% em junho de 2020 e 13,3% em maio. A\u00a0<strong>m\u00e9dia m\u00f3vel trimestral<\/strong>\u00a0cresceu 8,7% no trimestre encerrado em julho.\u00a0<strong>Na s\u00e9rie sem ajuste sazonal<\/strong>, em rela\u00e7\u00e3o a julho de 2019, o com\u00e9rcio varejista cresceu 5,5%. J\u00e1 o acumulado nos \u00faltimos 12 meses foi 0,2%.<\/p>\n\n\n\n<figure class=\"wp-block-table\"><table><tbody><tr><th>Per\u00edodo<\/th><th>Varejo<\/th><th>Varejo Ampliado<\/th><\/tr><tr><th>Volume de vendas<\/th><th>Receita nominal<\/th><th>Volume de vendas<\/th><th>Receita nominal<\/th><\/tr><tr><td>Julho \/ Junho*<\/td><td>5,2<\/td><td>5,7<\/td><td>7,2<\/td><td>8,4<\/td><\/tr><tr><td>M\u00e9dia m\u00f3vel trimestral*<\/td><td>8,7<\/td><td>8,6<\/td><td>11,2<\/td><td>11,3<\/td><\/tr><tr><td>Julho 2020 \/ Julho 2019<\/td><td>5,5<\/td><td>8,8<\/td><td>1,6<\/td><td>4,9<\/td><\/tr><tr><td>Acumulado 2020<\/td><td>-1,8<\/td><td>1,4<\/td><td>-6,2<\/td><td>-3,1<\/td><\/tr><tr><td>Acumulado 12 meses<\/td><td>0,2<\/td><td>3,0<\/td><td>-1,9<\/td><td>0,7<\/td><\/tr><tr><td><small>*S\u00e9rie COM ajuste sazonal<\/small><\/td><\/tr><\/tbody><\/table><\/figure>\n\n\n\n<p><\/p>\n\n\n\n<p>No&nbsp;<strong>com\u00e9rcio varejista ampliado<\/strong>, que inclui Ve\u00edculos, motos, partes e pe\u00e7as e de Material de constru\u00e7\u00e3o, o volume de vendas cresceu 7,2% em rela\u00e7\u00e3o a junho, enquanto a&nbsp;<strong>m\u00e9dia m\u00f3vel do trimestre<\/strong>&nbsp;foi 11,2%.&nbsp;<strong>Em rela\u00e7\u00e3o a julho de 2019<\/strong>, o varejo ampliado cresceu 1,6%, interrompendo a sequ\u00eancia de quatro meses em queda. O acumulado nos \u00faltimos 12 meses foi de -1,9%.<\/p>\n\n\n\n<p>Pelo terceiro m\u00eas consecutivo, os resultados mostraram menor impacto no com\u00e9rcio do isolamento social devido \u00e0 pandemia de Covid-19. Do total de empresas, 8,1% relataram impacto em suas receitas em julho por conta das medidas de isolamento social, 4,1 pontos percentuais (p.p.) abaixo do n\u00famero de junho e 20,0 p.p. abaixo do maior impacto registrado na pandemia (28,1%, em abril). Cerca de 26,4% dos relatos de justificativa da varia\u00e7\u00e3o de receita das empresas da amostra citam o coronav\u00edrus como causa.<\/p>\n\n\n\n<p>Frente a julho de 2019, a varia\u00e7\u00e3o no volume de vendas das empresas que relataram impacto do Covid-19 em suas atividades foi de 0,3%, contra 6,4% das que n\u00e3o reportaram qualquer impacto da quarentena. A influ\u00eancia das receitas das empresas que relataram algum impacto devido ao Covid-19 sobre a taxa sem ajuste sazonal do varejo (5,5%), foi nula (0,0 p.p.) enquanto a das que n\u00e3o relataram qualquer impacto foi de 5,4 p.p.<\/p>\n\n\n\n<p>Considerando o impacto do Covid-19 no&nbsp;<strong>com\u00e9rcio varejista ampliado<\/strong>, para este mesmo indicador, a varia\u00e7\u00e3o das empresas impactadas foi de -6,5%, enquanto nas que n\u00e3o relataram impacto houve crescimento de 2,8%. A influ\u00eancia do subgrupo de empresas impactadas foi de 2,4 p.p., enquanto o subgrupo das demais representou -0,8 p.p. da varia\u00e7\u00e3o total de 1,6% em julho de 2020 contra julho de 2019.<\/p>\n\n\n\n<p>O&nbsp;<strong>volume de vendas<\/strong>&nbsp;do com\u00e9rcio varejista ampliado, frente a julho de 2019, mostrou avan\u00e7o de 1,6%, interrompendo sequ\u00eancia de quatro meses em queda. Assim, o varejo ampliado recuou 6,2% no indicador acumulado do ano, contra -7,6% registrado at\u00e9 junho de 2020. Ainda assim, o indicador acumulado nos \u00faltimos doze meses, ao passar de -1,4% at\u00e9 junho para -1,9% at\u00e9 julho, apontou acelera\u00e7\u00e3o no ritmo de queda.<\/p>\n\n\n\n<p><strong>Sete das oito atividades pesquisadas tiveram alta<\/strong><\/p>\n\n\n\n<p>Na s\u00e9rie com ajuste sazonal, na passagem de junho para julho de 2020, no com\u00e9rcio varejista, houve alta em sete das oito atividades: Livros, jornais, revistas e papelaria (26,1%), Tecidos, vestu\u00e1rio e cal\u00e7ados (25,2%), Equipamentos e material para escrit\u00f3rio, inform\u00e1tica e comunica\u00e7\u00e3o (11,4%), Artigos farmac\u00eauticos, m\u00e9dicos, ortop\u00e9dicos, de perfumaria e cosm\u00e9ticos (7,1%), Combust\u00edveis e lubrificantes (6,2%), Outros artigos de uso pessoal e dom\u00e9stico (5,0%) e M\u00f3veis e eletrodom\u00e9sticos (4,5%). A \u00fanica atividade que n\u00e3o teve crescimento no volume de vendas na passagem de junho para julho de 2020 foi Hiper e supermercados, produtos aliment\u00edcios, bebidas e fumo (0,0%).<\/p>\n\n\n\n<figure class=\"wp-block-table\"><table><tbody><tr><th>BRASIL &#8211; INDICADORES DO VOLUME DE VENDAS DO COM\u00c9RCIO VAREJISTA<br>E COM\u00c9RCIO VAREJISTA AMPLIADO, SEGUNDO GRUPOS DE ATIVIDADES:<br>Julho 2020<\/th><\/tr><tr><th>ATIVIDADES<\/th><th>M\u00caS\/M\u00caS<br>ANTERIOR (1)<\/th><th>M\u00caS\/IGUAL M\u00caS DO ANO ANTERIOR<\/th><th>ACUMULADO<\/th><\/tr><tr><th>Taxa de Varia\u00e7\u00e3o (%)<\/th><th>Taxa de Varia\u00e7\u00e3o (%)<\/th><th>Taxa de Varia\u00e7\u00e3o (%)<\/th><\/tr><tr><th>MAI<\/th><th>JUN<\/th><th>JUL<\/th><th>MAI<\/th><th>JUN<\/th><th>JUL<\/th><th>NO ANO<\/th><th>12 MESES<\/th><\/tr><tr><td>COM\u00c9RCIO VAREJISTA (2)<\/td><td>13,3<\/td><td>8,5<\/td><td>5,2<\/td><td>-6,4<\/td><td>0,5<\/td><td>5,5<\/td><td>-1,8<\/td><td>0,2<\/td><\/tr><tr><td>1 &#8211; Combust\u00edveis e lubrificantes<\/td><td>6,8<\/td><td>5,9<\/td><td>6,2<\/td><td>-21,6<\/td><td>-16,2<\/td><td>-10,8<\/td><td>-12,1<\/td><td>-7,0<\/td><\/tr><tr><td>2 &#8211; Hiper, supermercados, prods. aliment\u00edcios, bebidas e fumo<\/td><td>7,2<\/td><td>0,8<\/td><td>0,0<\/td><td>9,3<\/td><td>6,5<\/td><td>9,9<\/td><td>6,0<\/td><td>3,8<\/td><\/tr><tr><td>2.1 &#8211; Super e hipermercados<\/td><td>7,3<\/td><td>0,8<\/td><td>0,0<\/td><td>11,0<\/td><td>8,2<\/td><td>11,7<\/td><td>7,1<\/td><td>4,4<\/td><\/tr><tr><td>3 &#8211; Tecidos, vest. e cal\u00e7ados<\/td><td>101,9<\/td><td>48,9<\/td><td>25,2<\/td><td>-62,7<\/td><td>-43,6<\/td><td>-31,4<\/td><td>-37,6<\/td><td>-19,7<\/td><\/tr><tr><td>4 &#8211; M\u00f3veis e eletrodom\u00e9sticos<\/td><td>47,4<\/td><td>29,6<\/td><td>4,5<\/td><td>-8,0<\/td><td>25,0<\/td><td>26,4<\/td><td>2,7<\/td><td>5,1<\/td><\/tr><tr><td>4.1 &#8211; M\u00f3veis<\/td><td>&#8211;<\/td><td>&#8211;<\/td><td>&#8211;<\/td><td>-14,4<\/td><td>21,4<\/td><td>29,1<\/td><td>0,7<\/td><td>3,8<\/td><\/tr><tr><td>4.2 &#8211; Eletrodom\u00e9sticos<\/td><td>&#8211;<\/td><td>&#8211;<\/td><td>&#8211;<\/td><td>-4,9<\/td><td>26,8<\/td><td>25,6<\/td><td>3,6<\/td><td>5,7<\/td><\/tr><tr><td>5 &#8211; Artigos farmaceuticos, med., ortop. e de perfumaria<\/td><td>22,6<\/td><td>-2,8<\/td><td>7,1<\/td><td>7,5<\/td><td>7,1<\/td><td>13,4<\/td><td>6,5<\/td><td>6,8<\/td><\/tr><tr><td>6 &#8211; Livros, jornais, rev. e papelaria<\/td><td>10,7<\/td><td>72,1<\/td><td>26,1<\/td><td>-67,1<\/td><td>-40,1<\/td><td>-25,1<\/td><td>-28,3<\/td><td>-20,9<\/td><\/tr><tr><td>7 &#8211; Equip. e mat. para escrit\u00f3rio, informatica e comunica\u00e7\u00e3o<\/td><td>22,4<\/td><td>21,1<\/td><td>11,4<\/td><td>-37,5<\/td><td>-10,4<\/td><td>-5,5<\/td><td>-20,5<\/td><td>-10,9<\/td><\/tr><tr><td>8 &#8211; Outros arts. de uso pessoal e dom\u00e9stico<\/td><td>46,5<\/td><td>26,8<\/td><td>5,0<\/td><td>-19,1<\/td><td>4,0<\/td><td>9,0<\/td><td>-7,7<\/td><td>-0,8<\/td><\/tr><tr><td>COM\u00c9RCIO VAREJISTA AMPLIADO (3)<\/td><td>16,5<\/td><td>11,1<\/td><td>7,2<\/td><td>-15,3<\/td><td>-2,3<\/td><td>1,6<\/td><td>-6,2<\/td><td>-1,9<\/td><\/tr><tr><td>9 &#8211; Ve\u00edculos e motos, partes e pe\u00e7as<\/td><td>38,3<\/td><td>27,9<\/td><td>13,2<\/td><td>-43,4<\/td><td>-19,2<\/td><td>-16,2<\/td><td>-21,7<\/td><td>-9,6<\/td><\/tr><tr><td>10- Material de constru\u00e7\u00e3o<\/td><td>18,2<\/td><td>14,5<\/td><td>6,7<\/td><td>-5,2<\/td><td>22,6<\/td><td>22,7<\/td><td>1,9<\/td><td>2,8<\/td><\/tr><tr><td><small><strong>Fonte:<\/strong>&nbsp;IBGE, Diretoria de Pesquisas, Coordena\u00e7\u00e3o de Servi\u00e7os e Com\u00e9rcio.<br>(1) S\u00e9ries com ajuste sazonal.<br>(2) O indicador do com\u00e9rcio varejista \u00e9 composto pelos resultados das atividades numeradas de 1 a 8.<br>(3) O indicador do com\u00e9rcio varejista ampliado \u00e9 composto pelos resultados das atividades numeradas de 1 a 10<\/small><\/td><\/tr><\/tbody><\/table><\/figure>\n\n\n\n<p><\/p>\n\n\n\n<p>O\u00a0<strong>com\u00e9rcio varejista ampliado<\/strong>, em julho, cresceu 7,2% frente a junho de 2020, na s\u00e9rie com ajuste sazonal, ap\u00f3s as altas de maio (16,5%) e junho (11,1%). O setor de Ve\u00edculos, motos, partes e pe\u00e7as cresceu 13,2%, enquanto Material de constru\u00e7\u00e3o avan\u00e7ou 6,7%, ambos, respectivamente, ap\u00f3s varia\u00e7\u00f5es de 27,9% e 14,5% registradas no m\u00eas anterior.<\/p>\n\n\n\n<figure class=\"wp-block-table\"><table><tbody><tr><th>BRASIL &#8211; INDICADORES DA RECEITA NOMINAL DE VENDAS DO COM\u00c9RCIO VAREJISTA<br>E COM\u00c9RCIO VAREJISTA AMPLIADO, SEGUNDO GRUPOS DE ATIVIDADES:<br>Julho 2020<\/th><\/tr><tr><th>ATIVIDADES<\/th><th>M\u00caS\/M\u00caS<br>ANTERIOR (1)<\/th><th>M\u00caS\/IGUAL M\u00caS DO ANO ANTERIOR<\/th><th>ACUMULADO<\/th><\/tr><tr><th>Taxa de Varia\u00e7\u00e3o (%)<\/th><th>Taxa de Varia\u00e7\u00e3o (%)<\/th><th>Taxa de Varia\u00e7\u00e3o (%)<\/th><\/tr><tr><th>MAI<\/th><th>JUN<\/th><th>JUL<\/th><th>MAI<\/th><th>JUN<\/th><th>JUL<\/th><th>NO ANO<\/th><th>12 MESES<\/th><\/tr><tr><td>COM\u00c9RCIO VAREJISTA (2)<\/td><td>12,3<\/td><td>8,3<\/td><td>5,7<\/td><td>-4,3<\/td><td>2,7<\/td><td>8,8<\/td><td>1,4<\/td><td>3,0<\/td><\/tr><tr><td>1 &#8211; Combust\u00edveis e lubrificantes<\/td><td>1,5<\/td><td>10,9<\/td><td>11,3<\/td><td>-33,6<\/td><td>-24,5<\/td><td>-14,3<\/td><td>-14,2<\/td><td>-9,1<\/td><\/tr><tr><td>2 &#8211; Hiper, supermercados, prods. aliment\u00edcios, bebidas e fumo<\/td><td>7,2<\/td><td>1,5<\/td><td>0,5<\/td><td>16,3<\/td><td>13,7<\/td><td>17,7<\/td><td>12,3<\/td><td>9,2<\/td><\/tr><tr><td>2.1 &#8211; Super e hipermercados<\/td><td>7,9<\/td><td>1,7<\/td><td>0,6<\/td><td>17,9<\/td><td>15,5<\/td><td>19,7<\/td><td>13,4<\/td><td>9,8<\/td><\/tr><tr><td>3 &#8211; Tecidos, vest. e cal\u00e7ados<\/td><td>99,5<\/td><td>49,3<\/td><td>25,2<\/td><td>-62,8<\/td><td>-43,9<\/td><td>-31,7<\/td><td>-37,4<\/td><td>-19,0<\/td><\/tr><tr><td>4 &#8211; M\u00f3veis e eletrodom\u00e9sticos<\/td><td>50,9<\/td><td>31,1<\/td><td>5,2<\/td><td>-10,8<\/td><td>23,2<\/td><td>25,5<\/td><td>0,5<\/td><td>4,6<\/td><\/tr><tr><td>4.1 &#8211; M\u00f3veis<\/td><td>&#8211;<\/td><td>&#8211;<\/td><td>&#8211;<\/td><td>-19,5<\/td><td>13,2<\/td><td>20,0<\/td><td>-3,6<\/td><td>1,9<\/td><\/tr><tr><td>4.2 &#8211; Eletrodom\u00e9sticos<\/td><td>&#8211;<\/td><td>&#8211;<\/td><td>&#8211;<\/td><td>-6,8<\/td><td>27,9<\/td><td>28,4<\/td><td>2,2<\/td><td>5,6<\/td><\/tr><tr><td>5 &#8211; Artigos farmaceuticos, med., ortop. e de perfumaria<\/td><td>21,8<\/td><td>-3,0<\/td><td>8,5<\/td><td>5,2<\/td><td>5,8<\/td><td>12,8<\/td><td>7,4<\/td><td>8,3<\/td><\/tr><tr><td>6 &#8211; Livros, jornais, rev. e papelaria<\/td><td>10,0<\/td><td>70,4<\/td><td>25,1<\/td><td>-65,2<\/td><td>-37,3<\/td><td>-22,1<\/td><td>-25,0<\/td><td>-17,3<\/td><\/tr><tr><td>7 &#8211; Equip. e mat. para escrit\u00f3rio, informatica e comunica\u00e7\u00e3o<\/td><td>26,4<\/td><td>23,3<\/td><td>12,8<\/td><td>-37,6<\/td><td>-6,4<\/td><td>0,4<\/td><td>-20,6<\/td><td>-11,1<\/td><\/tr><tr><td>8 &#8211; Outros arts. de uso pessoal e dom\u00e9stico<\/td><td>47,0<\/td><td>22,6<\/td><td>12,1<\/td><td>-17,7<\/td><td>5,0<\/td><td>10,6<\/td><td>-6,1<\/td><td>1,0<\/td><\/tr><tr><td>COM\u00c9RCIO VAREJISTA AMPLIADO (3)<\/td><td>16,1<\/td><td>10,4<\/td><td>8,4<\/td><td>-12,5<\/td><td>0,1<\/td><td>4,9<\/td><td>-3,1<\/td><td>0,7<\/td><\/tr><tr><td>9 &#8211; Ve\u00edculos e motos, partes e pe\u00e7as<\/td><td>36,1<\/td><td>25,0<\/td><td>15,9<\/td><td>-42,4<\/td><td>-18,0<\/td><td>-14,5<\/td><td>-20,9<\/td><td>-8,8<\/td><\/tr><tr><td>10- Material de constru\u00e7\u00e3o<\/td><td>23,8<\/td><td>12,6<\/td><td>6,1<\/td><td>-4,1<\/td><td>23,7<\/td><td>23,9<\/td><td>3,6<\/td><td>5,0<\/td><\/tr><tr><td><small><strong>Fonte:<\/strong>&nbsp;IBGE, Diretoria de Pesquisas, Coordena\u00e7\u00e3o de Servi\u00e7os e Com\u00e9rcio.<br>(1) S\u00e9ries com ajuste sazonal.<\/small><\/td><\/tr><\/tbody><\/table><\/figure>\n\n\n\n<p><\/p>\n\n\n\n<p><strong>Em julho de 2020, em rela\u00e7\u00e3o a julho de 2019<\/strong>, o&nbsp;<strong>com\u00e9rcio varejista<\/strong>&nbsp;cresceu 5,5%. Quatro atividades tiveram crescimento e quatro registraram varia\u00e7\u00e3o negativa. No entanto, apesar do equil\u00edbrio no n\u00famero de atividades, os setores de Hiper e supermercados, produtos aliment\u00edcios, bebidas e fumo e M\u00f3veis e eletrodom\u00e9sticos, juntos, foram respons\u00e1veis por 7,2 p.p. de contribui\u00e7\u00e3o absoluta, na taxa de 5,5%.<\/p>\n\n\n\n<p>Entre as atividades em alta, destacaram-se: M\u00f3veis e eletrodom\u00e9sticos (26,4%), seguido por Artigos farmac\u00eauticos, m\u00e9dicos, ortop\u00e9dicos, de perfumaria e cosm\u00e9ticos (13,4%), Hipermercados, supermercados, produtos aliment\u00edcios, bebidas e fumo (9,9%) e Outros artigos de uso pessoal e dom\u00e9stico (9,0%).<\/p>\n\n\n\n<p>J\u00e1 as quedas foram em Tecidos, vestu\u00e1rio e cal\u00e7ados (-31,4%), Livros, jornais, revistas e papelaria (-25,1%), Combust\u00edveis e lubrificantes (-10,8%) e Equipamentos e material para escrit\u00f3rio, inform\u00e1tica e comunica\u00e7\u00e3o (-5,5%).<\/p>\n\n\n\n<p>Com o aumento de 1,6% frente a julho de 2019, o&nbsp;<strong>varejo ampliado<\/strong>&nbsp;registrou queda para o setor de Ve\u00edculos e motos, partes e pe\u00e7as (-16,2%) e alta para Material de constru\u00e7\u00e3o (22,7%).<\/p>\n\n\n\n<p><strong>Principais atividades<\/strong><\/p>\n\n\n\n<p><strong>Hipermercados, supermercados, produtos aliment\u00edcios, bebidas e fumo<\/strong>, com alta de 9,9% frente a julho de 2019, registrou a sexta taxa positiva consecutiva e a maior desde mar\u00e7o de 2020 nessa compara\u00e7\u00e3o. O segmento foi o que mais contribuiu positivamente na taxa global do varejo, com 4,7 p.p. do total de 5,5% do indicador interanual. O resultado do acumulado no ano, at\u00e9 julho (6,0%), comparado ao m\u00eas anterior (5,4%), mostrou ganho de ritmo. Com isso, a an\u00e1lise pelo indicador acumulado nos \u00faltimos doze meses, ao registrar 3,8% em julho, mostra acentua\u00e7\u00e3o na trajet\u00f3ria de crescimento, iniciada em fevereiro de 2020 (0,2%).<\/p>\n\n\n\n<p><strong>M\u00f3veis e eletrodom\u00e9sticos<\/strong>, com 26,4% no volume de vendas em rela\u00e7\u00e3o a julho de 2019, registrou o segundo m\u00eas de crescimento ap\u00f3s tr\u00eas meses no campo negativo, na compara\u00e7\u00e3o interanual. O setor exerceu o segundo maior impacto positivo na forma\u00e7\u00e3o da taxa total do com\u00e9rcio varejista de julho de 2020 (2,5 p.p). No acumulado do ano, ao passar de -1,4% at\u00e9 junho para 2,7% at\u00e9 julho, o setor interrompe tr\u00eas resultados negativos seguidos e mostra aumento no ritmo de vendas. Tal crescimento no ritmo tamb\u00e9m \u00e9 observado no indicador acumulado nos \u00faltimos doze meses, que passa de 3,5% at\u00e9 junho para 5,1% em julho, d\u00e9cimo m\u00eas consecutivo de varia\u00e7\u00f5es positivas.<\/p>\n\n\n\n<p><strong>Artigos farmac\u00eauticos, m\u00e9dicos, ortop\u00e9dicos e de perfumaria<\/strong>&nbsp;apresentou aumento de 13,4% nas vendas frente a julho de 2019, registrando a terceira varia\u00e7\u00e3o positiva consecutiva, na compara\u00e7\u00e3o com igual m\u00eas do ano anterior. Com isso, em termos de resultado acumulado no ano, ao passar de 5,3% at\u00e9 junho para 6,5% no m\u00eas de refer\u00eancia, o setor tamb\u00e9m mostra ganho de ritmo. O mesmo se d\u00e1 no indicador dos \u00faltimos doze meses, que passa de 6,4% at\u00e9 junho para 6,8% em julho.<\/p>\n\n\n\n<p><strong>Outros artigos de uso pessoal e dom\u00e9stico<\/strong>, que engloba lojas de departamentos, \u00f3ticas, joalherias, artigos esportivos, brinquedos etc., com o resultado de 9,0% no volume de vendas em rela\u00e7\u00e3o a julho de 2019, mostrou ganho de ritmo em rela\u00e7\u00e3o ao resultado de junho (4,0%), exercendo a quarta maior contribui\u00e7\u00e3o positiva ao resultado geral do varejo (1,1 p.p.). O resultado do acumulado no ano, at\u00e9 julho (-7,7%), comparado ao m\u00eas anterior (-10,6%), ainda que no campo negativo, mostra trajet\u00f3ria ascendente desde maio (-13,6%). O indicador acumulado nos \u00faltimos doze meses registrou -0,8%, pr\u00f3ximo \u00e0 estabilidade, quando comparado com junho (-0,9%).<\/p>\n\n\n\n<p><strong>Tecidos, vestu\u00e1rio e cal\u00e7ados<\/strong>&nbsp;com queda de 31,4% em rela\u00e7\u00e3o a julho de 2019, registra a quarta taxa negativa na compara\u00e7\u00e3o com igual m\u00eas do ano anterior. Al\u00e9m disso, a atividade responde pelo maior impacto negativo na forma\u00e7\u00e3o da taxa global do varejo, sendo respons\u00e1vel por -2,8 p.p. do total do indicador. Apesar disso, o indicador acumulado no ano at\u00e9 o m\u00eas de refer\u00eancia, ao passar de -38,7% em junho para -37,6% em julho, apresentou redu\u00e7\u00e3o no ritmo de queda. Nos \u00faltimos doze meses, o setor registra -19,7% em julho, mais intenso no campo negativo que no indicador com refer\u00eancia at\u00e9 junho de 2020 (-16,7%), atingindo o menor ponto da s\u00e9rie hist\u00f3rica, iniciada em 2001.<\/p>\n\n\n\n<p><strong>Combust\u00edveis e lubrificantes<\/strong>, com -10,8% no volume de vendas em rela\u00e7\u00e3o a julho de 2019, exerceu a segunda maior contribui\u00e7\u00e3o negativa para o resultado total do varejo. O setor \u00e9 um dos que mais tem sentido influ\u00eancia da atual pandemia de Covid-19, uma vez que a circula\u00e7\u00e3o reduzida de pessoas e ve\u00edculos teve reflexo nas vendas de combust\u00edveis. No acumulado do ano, o setor registrou -12,1% at\u00e9 julho, pr\u00f3ximo ao valor apresentado at\u00e9 junho (-12,3%). No entanto, o indicador anualizado, acumulado nos \u00faltimos doze meses, mostra intensifica\u00e7\u00e3o da perda de ritmo (-7,0%) em rela\u00e7\u00e3o ao m\u00eas anterior (-5,7%).<\/p>\n\n\n\n<p><strong>Equipamentos e material para escrit\u00f3rio, inform\u00e1tica e comunica\u00e7\u00e3o<\/strong>&nbsp;apresentou queda de 5,5% em rela\u00e7\u00e3o a julho de 2019, a menos intensa, no campo negativo, desde janeiro de 2020. Tal resultado refletiu-se tamb\u00e9m no acumulado no ano at\u00e9 o m\u00eas de refer\u00eancia, que passou de -22,9% at\u00e9 junho para -20,5% at\u00e9 julho. O indicador acumulado nos \u00faltimos doze meses (-10,9%) reduz ritmo de queda nas vendas em rela\u00e7\u00e3o ao resultado de junho (-10,5%).<\/p>\n\n\n\n<p><strong>Livros, jornais, revistas e papelaria<\/strong>&nbsp;teve queda 25,1% frente a julho de 2019, menor varia\u00e7\u00e3o, no campo negativo, desde o in\u00edcio da pandemia de Covid-19, chegando a registrar -70,3% em abril de 2020 comparado ao mesmo m\u00eas do ano anterior. O indicador acumulado no ano, -28,3% at\u00e9 julho, demonstra estabilidade com rela\u00e7\u00e3o ao m\u00eas anterior (-28,8% at\u00e9 junho). O indicador anualizado, acumulado nos \u00faltimos doze meses, ao passar de -20,4% para -20,9%, permanece no campo negativo desde fevereiro de 2014 (-0,2%).<\/p>\n\n\n\n<p><strong>Ve\u00edculos, motos, partes e pe\u00e7as<\/strong>, ao registrar -16,2% em rela\u00e7\u00e3o a julho de 2019, assinalou o quinto recuo consecutivo, exercendo, assim, a maior contribui\u00e7\u00e3o negativa no resultado do m\u00eas para o varejo ampliado. No entanto, a an\u00e1lise pelo indicador acumulado no ano at\u00e9 julho, -21,7%, mostra ligeiro ganho de ritmo comparado ao m\u00eas de junho -22,7%. Nos \u00faltimos doze meses, por\u00e9m, houve intensifica\u00e7\u00e3o na trajet\u00f3ria descendente ao registrar -9,6% at\u00e9 julho em rela\u00e7\u00e3o ao acumulado at\u00e9 junho (-6,8%).<\/p>\n\n\n\n<p><strong>Material de Constru\u00e7\u00e3o<\/strong>, com 22,7% em rela\u00e7\u00e3o a julho de 2019, contabiliza a segunda taxa positiva consecutiva, nessa compara\u00e7\u00e3o (22,6% em junho de 2020 contra junho de 2019). O indicador acumulado no ano at\u00e9 julho mostra 1,9%, invertendo o sinal quando da compara\u00e7\u00e3o com o m\u00eas de junho (-2,0%). Com isso, o indicador acumulado nos \u00faltimos doze meses ganha ritmo ao passar de 1,4% em junho para 2,8% em julho.<\/p>\n\n\n\n<p><strong>Vendas do com\u00e9rcio crescem em 21 das 27 Unidades da Federa\u00e7\u00e3o<\/strong><\/p>\n\n\n\n<p>De junho para julho, na s\u00e9rie com ajuste sazonal, a taxa m\u00e9dia nacional de vendas do&nbsp;<strong>com\u00e9rcio varejista<\/strong>&nbsp;mostrou aumento de 5,2%, com predom\u00ednio de resultados positivos em 21 das 27 Unidades da Federa\u00e7\u00e3o, com destaque para: Amap\u00e1 (34,0%), Para\u00edba (19,6%) e Pernambuco (18,9%). Por outro lado, pressionando negativamente, figuram seis das 27 Unidades da Federa\u00e7\u00e3o, com destaque para: Tocantins (-5,6%), seguido por Paran\u00e1 e Mato Grosso (ambos com -1,6%).<\/p>\n\n\n\n<p>O&nbsp;<strong>com\u00e9rcio varejista ampliado<\/strong>, entre junho e julho, cresceu 7,2%, com predom\u00ednio de resultados positivos em 25 das 27 Unidades da Federa\u00e7\u00e3o, com destaque para: Amap\u00e1 (35,0%), Para\u00edba (21,0%) e Pernambuco (15,8%). Por outro lado, com varia\u00e7\u00f5es negativas, figuram duas das 27 Unidades da Federa\u00e7\u00e3o: Mato Grosso do Sul (-0,7%) e Piau\u00ed (-0,1%).<\/p>\n","protected":false},"excerpt":{"rendered":"<p>Em\u00a0julho de 2020, o volume de vendas do\u00a0com\u00e9rcio varejista\u00a0nacional cresceu 5,2% frente a junho, na s\u00e9rie com ajuste sazonal, ap\u00f3s altas de 8,5% em junho de 2020 e 13,3% em maio. A\u00a0m\u00e9dia m\u00f3vel trimestral\u00a0cresceu 8,7% no trimestre encerrado em julho.\u00a0Na s\u00e9rie sem ajuste sazonal, em rela\u00e7\u00e3o a julho de 2019, o com\u00e9rcio varejista cresceu 5,5%. [&hellip;]<\/p>\n","protected":false},"author":1,"featured_media":13123,"comment_status":"open","ping_status":"open","sticky":false,"template":"","format":"standard","meta":{"tdm_status":"","tdm_grid_status":"","footnotes":""},"categories":[6,1],"tags":[135,417,124,301],"class_list":["post-18907","post","type-post","status-publish","format-standard","has-post-thumbnail","hentry","category-noticias","category-pesquisademercado","tag-comportamento-do-consumidor","tag-ibge","tag-varejo","tag-vendas"],"yoast_head":"<!-- This site is optimized with the Yoast SEO plugin v27.5 - https:\/\/yoast.com\/product\/yoast-seo-wordpress\/ -->\n<title>Hipermercados, supermercados, produtos aliment\u00edcios, bebidas e fumo impulsionam vendas no varejo em Julho\/2020 - CidadeMarketing<\/title>\n<meta name=\"robots\" content=\"index, follow, max-snippet:-1, max-image-preview:large, max-video-preview:-1\" \/>\n<link rel=\"canonical\" href=\"https:\/\/www.cidademarketing.com.br\/marketing\/2020\/09\/10\/hipermercados-supermercados-produtos-alimenticios-bebidas-e-fumo-impulsionam-vendas-no-varejo-em-julho-2020\/\" \/>\n<meta property=\"og:locale\" content=\"pt_BR\" \/>\n<meta property=\"og:type\" content=\"article\" \/>\n<meta property=\"og:title\" content=\"Hipermercados, supermercados, produtos aliment\u00edcios, bebidas e fumo impulsionam vendas no varejo em Julho\/2020 - CidadeMarketing\" \/>\n<meta property=\"og:description\" content=\"Em\u00a0julho de 2020, o volume de vendas do\u00a0com\u00e9rcio varejista\u00a0nacional cresceu 5,2% frente a junho, na s\u00e9rie com ajuste sazonal, ap\u00f3s altas de 8,5% em junho de 2020 e 13,3% em maio. A\u00a0m\u00e9dia m\u00f3vel trimestral\u00a0cresceu 8,7% no trimestre encerrado em julho.\u00a0Na s\u00e9rie sem ajuste sazonal, em rela\u00e7\u00e3o a julho de 2019, o com\u00e9rcio varejista cresceu 5,5%. [&hellip;]\" \/>\n<meta property=\"og:url\" content=\"https:\/\/www.cidademarketing.com.br\/marketing\/2020\/09\/10\/hipermercados-supermercados-produtos-alimenticios-bebidas-e-fumo-impulsionam-vendas-no-varejo-em-julho-2020\/\" \/>\n<meta property=\"og:site_name\" content=\"CidadeMarketing\" \/>\n<meta property=\"article:publisher\" content=\"https:\/\/www.facebook.com\/portalcidademarketing\" \/>\n<meta property=\"article:author\" content=\"https:\/\/www.facebook.com\/thalesbrandao\" \/>\n<meta property=\"article:published_time\" content=\"2020-09-10T13:23:15+00:00\" \/>\n<meta property=\"article:modified_time\" content=\"2020-09-10T13:23:19+00:00\" \/>\n<meta property=\"og:image\" content=\"https:\/\/www.cidademarketing.com.br\/marketing\/wp-content\/uploads\/2019\/12\/cerveja_ceiadenatal.jpg\" \/>\n\t<meta property=\"og:image:width\" content=\"588\" \/>\n\t<meta property=\"og:image:height\" content=\"737\" \/>\n\t<meta property=\"og:image:type\" content=\"image\/jpeg\" \/>\n<meta name=\"author\" content=\"Thales Brand\u00e3o\" \/>\n<meta name=\"twitter:card\" content=\"summary_large_image\" \/>\n<meta name=\"twitter:creator\" content=\"@http:\/\/www.twitter.com\/thalesbrandao\" \/>\n<meta name=\"twitter:site\" content=\"@CidadeMarketing\" \/>\n<meta name=\"twitter:label1\" content=\"Escrito por\" \/>\n\t<meta name=\"twitter:data1\" content=\"Thales Brand\u00e3o\" \/>\n\t<meta name=\"twitter:label2\" content=\"Est. tempo de leitura\" \/>\n\t<meta name=\"twitter:data2\" content=\"12 minutos\" \/>\n<script type=\"application\/ld+json\" class=\"yoast-schema-graph\">{\"@context\":\"https:\\\/\\\/schema.org\",\"@graph\":[{\"@type\":\"Article\",\"@id\":\"https:\\\/\\\/www.cidademarketing.com.br\\\/marketing\\\/2020\\\/09\\\/10\\\/hipermercados-supermercados-produtos-alimenticios-bebidas-e-fumo-impulsionam-vendas-no-varejo-em-julho-2020\\\/#article\",\"isPartOf\":{\"@id\":\"https:\\\/\\\/www.cidademarketing.com.br\\\/marketing\\\/2020\\\/09\\\/10\\\/hipermercados-supermercados-produtos-alimenticios-bebidas-e-fumo-impulsionam-vendas-no-varejo-em-julho-2020\\\/\"},\"author\":{\"name\":\"Thales Brand\u00e3o\",\"@id\":\"https:\\\/\\\/www.cidademarketing.com.br\\\/marketing\\\/#\\\/schema\\\/person\\\/02daff9f18bd9378c9e01eb6b2db155f\"},\"headline\":\"Hipermercados, supermercados, produtos aliment\u00edcios, bebidas e fumo impulsionam vendas no varejo em Julho\\\/2020\",\"datePublished\":\"2020-09-10T13:23:15+00:00\",\"dateModified\":\"2020-09-10T13:23:19+00:00\",\"mainEntityOfPage\":{\"@id\":\"https:\\\/\\\/www.cidademarketing.com.br\\\/marketing\\\/2020\\\/09\\\/10\\\/hipermercados-supermercados-produtos-alimenticios-bebidas-e-fumo-impulsionam-vendas-no-varejo-em-julho-2020\\\/\"},\"wordCount\":2362,\"commentCount\":0,\"publisher\":{\"@id\":\"https:\\\/\\\/www.cidademarketing.com.br\\\/marketing\\\/#organization\"},\"image\":{\"@id\":\"https:\\\/\\\/www.cidademarketing.com.br\\\/marketing\\\/2020\\\/09\\\/10\\\/hipermercados-supermercados-produtos-alimenticios-bebidas-e-fumo-impulsionam-vendas-no-varejo-em-julho-2020\\\/#primaryimage\"},\"thumbnailUrl\":\"https:\\\/\\\/www.cidademarketing.com.br\\\/marketing\\\/wp-content\\\/uploads\\\/2019\\\/12\\\/cerveja_ceiadenatal.jpg\",\"keywords\":[\"comportamento do consumidor\",\"IBGE\",\"varejo\",\"vendas\"],\"articleSection\":[\"Not\u00edcias\",\"Pesquisa de Mercado\"],\"inLanguage\":\"pt-BR\",\"potentialAction\":[{\"@type\":\"CommentAction\",\"name\":\"Comment\",\"target\":[\"https:\\\/\\\/www.cidademarketing.com.br\\\/marketing\\\/2020\\\/09\\\/10\\\/hipermercados-supermercados-produtos-alimenticios-bebidas-e-fumo-impulsionam-vendas-no-varejo-em-julho-2020\\\/#respond\"]}]},{\"@type\":\"WebPage\",\"@id\":\"https:\\\/\\\/www.cidademarketing.com.br\\\/marketing\\\/2020\\\/09\\\/10\\\/hipermercados-supermercados-produtos-alimenticios-bebidas-e-fumo-impulsionam-vendas-no-varejo-em-julho-2020\\\/\",\"url\":\"https:\\\/\\\/www.cidademarketing.com.br\\\/marketing\\\/2020\\\/09\\\/10\\\/hipermercados-supermercados-produtos-alimenticios-bebidas-e-fumo-impulsionam-vendas-no-varejo-em-julho-2020\\\/\",\"name\":\"Hipermercados, supermercados, produtos aliment\u00edcios, bebidas e fumo impulsionam vendas no varejo em Julho\\\/2020 - CidadeMarketing\",\"isPartOf\":{\"@id\":\"https:\\\/\\\/www.cidademarketing.com.br\\\/marketing\\\/#website\"},\"primaryImageOfPage\":{\"@id\":\"https:\\\/\\\/www.cidademarketing.com.br\\\/marketing\\\/2020\\\/09\\\/10\\\/hipermercados-supermercados-produtos-alimenticios-bebidas-e-fumo-impulsionam-vendas-no-varejo-em-julho-2020\\\/#primaryimage\"},\"image\":{\"@id\":\"https:\\\/\\\/www.cidademarketing.com.br\\\/marketing\\\/2020\\\/09\\\/10\\\/hipermercados-supermercados-produtos-alimenticios-bebidas-e-fumo-impulsionam-vendas-no-varejo-em-julho-2020\\\/#primaryimage\"},\"thumbnailUrl\":\"https:\\\/\\\/www.cidademarketing.com.br\\\/marketing\\\/wp-content\\\/uploads\\\/2019\\\/12\\\/cerveja_ceiadenatal.jpg\",\"datePublished\":\"2020-09-10T13:23:15+00:00\",\"dateModified\":\"2020-09-10T13:23:19+00:00\",\"breadcrumb\":{\"@id\":\"https:\\\/\\\/www.cidademarketing.com.br\\\/marketing\\\/2020\\\/09\\\/10\\\/hipermercados-supermercados-produtos-alimenticios-bebidas-e-fumo-impulsionam-vendas-no-varejo-em-julho-2020\\\/#breadcrumb\"},\"inLanguage\":\"pt-BR\",\"potentialAction\":[{\"@type\":\"ReadAction\",\"target\":[\"https:\\\/\\\/www.cidademarketing.com.br\\\/marketing\\\/2020\\\/09\\\/10\\\/hipermercados-supermercados-produtos-alimenticios-bebidas-e-fumo-impulsionam-vendas-no-varejo-em-julho-2020\\\/\"]}]},{\"@type\":\"ImageObject\",\"inLanguage\":\"pt-BR\",\"@id\":\"https:\\\/\\\/www.cidademarketing.com.br\\\/marketing\\\/2020\\\/09\\\/10\\\/hipermercados-supermercados-produtos-alimenticios-bebidas-e-fumo-impulsionam-vendas-no-varejo-em-julho-2020\\\/#primaryimage\",\"url\":\"https:\\\/\\\/www.cidademarketing.com.br\\\/marketing\\\/wp-content\\\/uploads\\\/2019\\\/12\\\/cerveja_ceiadenatal.jpg\",\"contentUrl\":\"https:\\\/\\\/www.cidademarketing.com.br\\\/marketing\\\/wp-content\\\/uploads\\\/2019\\\/12\\\/cerveja_ceiadenatal.jpg\",\"width\":588,\"height\":737,\"caption\":\"Reprodu\u00e7\u00e3o\\\/Instagram\"},{\"@type\":\"BreadcrumbList\",\"@id\":\"https:\\\/\\\/www.cidademarketing.com.br\\\/marketing\\\/2020\\\/09\\\/10\\\/hipermercados-supermercados-produtos-alimenticios-bebidas-e-fumo-impulsionam-vendas-no-varejo-em-julho-2020\\\/#breadcrumb\",\"itemListElement\":[{\"@type\":\"ListItem\",\"position\":1,\"name\":\"In\u00edcio\",\"item\":\"https:\\\/\\\/www.cidademarketing.com.br\\\/marketing\\\/\"},{\"@type\":\"ListItem\",\"position\":2,\"name\":\"Hipermercados, supermercados, produtos aliment\u00edcios, bebidas e fumo impulsionam vendas no varejo em Julho\\\/2020\"}]},{\"@type\":\"WebSite\",\"@id\":\"https:\\\/\\\/www.cidademarketing.com.br\\\/marketing\\\/#website\",\"url\":\"https:\\\/\\\/www.cidademarketing.com.br\\\/marketing\\\/\",\"name\":\"CidadeMarketing\",\"description\":\"Somos um ve\u00edculo de comunica\u00e7\u00e3o de destaque no Brasil, reconhecido por conte\u00fados nos segmentos de marketing, empreendedorismo e inova\u00e7\u00e3o.\",\"publisher\":{\"@id\":\"https:\\\/\\\/www.cidademarketing.com.br\\\/marketing\\\/#organization\"},\"alternateName\":\"CidadeMarketing\",\"potentialAction\":[{\"@type\":\"SearchAction\",\"target\":{\"@type\":\"EntryPoint\",\"urlTemplate\":\"https:\\\/\\\/www.cidademarketing.com.br\\\/marketing\\\/?s={search_term_string}\"},\"query-input\":{\"@type\":\"PropertyValueSpecification\",\"valueRequired\":true,\"valueName\":\"search_term_string\"}}],\"inLanguage\":\"pt-BR\"},{\"@type\":\"Organization\",\"@id\":\"https:\\\/\\\/www.cidademarketing.com.br\\\/marketing\\\/#organization\",\"name\":\"CidadeMarketing\",\"alternateName\":\"CidadeMarketing\",\"url\":\"https:\\\/\\\/www.cidademarketing.com.br\\\/marketing\\\/\",\"logo\":{\"@type\":\"ImageObject\",\"inLanguage\":\"pt-BR\",\"@id\":\"https:\\\/\\\/www.cidademarketing.com.br\\\/marketing\\\/#\\\/schema\\\/logo\\\/image\\\/\",\"url\":\"https:\\\/\\\/www.cidademarketing.com.br\\\/marketing\\\/wp-content\\\/uploads\\\/2020\\\/01\\\/cidademarketing_marca_mobile.png\",\"contentUrl\":\"https:\\\/\\\/www.cidademarketing.com.br\\\/marketing\\\/wp-content\\\/uploads\\\/2020\\\/01\\\/cidademarketing_marca_mobile.png\",\"width\":230,\"height\":92,\"caption\":\"CidadeMarketing\"},\"image\":{\"@id\":\"https:\\\/\\\/www.cidademarketing.com.br\\\/marketing\\\/#\\\/schema\\\/logo\\\/image\\\/\"},\"sameAs\":[\"https:\\\/\\\/www.facebook.com\\\/portalcidademarketing\",\"https:\\\/\\\/x.com\\\/CidadeMarketing\",\"https:\\\/\\\/www.instagram.com\\\/cidademarketing\\\/\"]},{\"@type\":\"Person\",\"@id\":\"https:\\\/\\\/www.cidademarketing.com.br\\\/marketing\\\/#\\\/schema\\\/person\\\/02daff9f18bd9378c9e01eb6b2db155f\",\"name\":\"Thales Brand\u00e3o\",\"image\":{\"@type\":\"ImageObject\",\"inLanguage\":\"pt-BR\",\"@id\":\"https:\\\/\\\/secure.gravatar.com\\\/avatar\\\/7ca3206950207cc3cb48feec56a8a7898741ab725c368d99d5d7a5a50aab80c6?s=96&d=mm&r=g\",\"url\":\"https:\\\/\\\/secure.gravatar.com\\\/avatar\\\/7ca3206950207cc3cb48feec56a8a7898741ab725c368d99d5d7a5a50aab80c6?s=96&d=mm&r=g\",\"contentUrl\":\"https:\\\/\\\/secure.gravatar.com\\\/avatar\\\/7ca3206950207cc3cb48feec56a8a7898741ab725c368d99d5d7a5a50aab80c6?s=96&d=mm&r=g\",\"caption\":\"Thales Brand\u00e3o\"},\"description\":\"Editor Executivo do Portal CidadeMarketing.com.br &gt; Mestre em Comunica\u00e7\u00e3o e Sociedade pela Universidade Federal de Sergipe. Possui MBA Executivo em Administra\u00e7\u00e3o com \u00eanfase em Marketing pela Funda\u00e7\u00e3o Get\u00falio Vargas - Rio de Janeiro. Consultor, Palestrante e Pesquisador sobre Empreendedorismo, Marketing, Redes Sociais e Neg\u00f3cios Digitais. Professor, Palestrante TedxTalks e Campus Party. Twitter: @ThalesBrandao\",\"sameAs\":[\"http:\\\/\\\/www.mandacaru.com.br\",\"https:\\\/\\\/www.facebook.com\\\/thalesbrandao\",\"http:\\\/\\\/www.instagram.com.br\\\/thalesbrandaoferreira\",\"https:\\\/\\\/www.linkedin.com\\\/in\\\/thales-brand\u00e3o-3948609\\\/\",\"https:\\\/\\\/x.com\\\/http:\\\/\\\/www.twitter.com\\\/thalesbrandao\"],\"url\":\"https:\\\/\\\/www.cidademarketing.com.br\\\/marketing\\\/author\\\/thalesbrandao\\\/\"}]}<\/script>\n<!-- \/ Yoast SEO plugin. -->","yoast_head_json":{"title":"Hipermercados, supermercados, produtos aliment\u00edcios, bebidas e fumo impulsionam vendas no varejo em Julho\/2020 - CidadeMarketing","robots":{"index":"index","follow":"follow","max-snippet":"max-snippet:-1","max-image-preview":"max-image-preview:large","max-video-preview":"max-video-preview:-1"},"canonical":"https:\/\/www.cidademarketing.com.br\/marketing\/2020\/09\/10\/hipermercados-supermercados-produtos-alimenticios-bebidas-e-fumo-impulsionam-vendas-no-varejo-em-julho-2020\/","og_locale":"pt_BR","og_type":"article","og_title":"Hipermercados, supermercados, produtos aliment\u00edcios, bebidas e fumo impulsionam vendas no varejo em Julho\/2020 - CidadeMarketing","og_description":"Em\u00a0julho de 2020, o volume de vendas do\u00a0com\u00e9rcio varejista\u00a0nacional cresceu 5,2% frente a junho, na s\u00e9rie com ajuste sazonal, ap\u00f3s altas de 8,5% em junho de 2020 e 13,3% em maio. A\u00a0m\u00e9dia m\u00f3vel trimestral\u00a0cresceu 8,7% no trimestre encerrado em julho.\u00a0Na s\u00e9rie sem ajuste sazonal, em rela\u00e7\u00e3o a julho de 2019, o com\u00e9rcio varejista cresceu 5,5%. [&hellip;]","og_url":"https:\/\/www.cidademarketing.com.br\/marketing\/2020\/09\/10\/hipermercados-supermercados-produtos-alimenticios-bebidas-e-fumo-impulsionam-vendas-no-varejo-em-julho-2020\/","og_site_name":"CidadeMarketing","article_publisher":"https:\/\/www.facebook.com\/portalcidademarketing","article_author":"https:\/\/www.facebook.com\/thalesbrandao","article_published_time":"2020-09-10T13:23:15+00:00","article_modified_time":"2020-09-10T13:23:19+00:00","og_image":[{"width":588,"height":737,"url":"https:\/\/www.cidademarketing.com.br\/marketing\/wp-content\/uploads\/2019\/12\/cerveja_ceiadenatal.jpg","type":"image\/jpeg"}],"author":"Thales Brand\u00e3o","twitter_card":"summary_large_image","twitter_creator":"@http:\/\/www.twitter.com\/thalesbrandao","twitter_site":"@CidadeMarketing","twitter_misc":{"Escrito por":"Thales Brand\u00e3o","Est. tempo de leitura":"12 minutos"},"schema":{"@context":"https:\/\/schema.org","@graph":[{"@type":"Article","@id":"https:\/\/www.cidademarketing.com.br\/marketing\/2020\/09\/10\/hipermercados-supermercados-produtos-alimenticios-bebidas-e-fumo-impulsionam-vendas-no-varejo-em-julho-2020\/#article","isPartOf":{"@id":"https:\/\/www.cidademarketing.com.br\/marketing\/2020\/09\/10\/hipermercados-supermercados-produtos-alimenticios-bebidas-e-fumo-impulsionam-vendas-no-varejo-em-julho-2020\/"},"author":{"name":"Thales Brand\u00e3o","@id":"https:\/\/www.cidademarketing.com.br\/marketing\/#\/schema\/person\/02daff9f18bd9378c9e01eb6b2db155f"},"headline":"Hipermercados, supermercados, produtos aliment\u00edcios, bebidas e fumo impulsionam vendas no varejo em Julho\/2020","datePublished":"2020-09-10T13:23:15+00:00","dateModified":"2020-09-10T13:23:19+00:00","mainEntityOfPage":{"@id":"https:\/\/www.cidademarketing.com.br\/marketing\/2020\/09\/10\/hipermercados-supermercados-produtos-alimenticios-bebidas-e-fumo-impulsionam-vendas-no-varejo-em-julho-2020\/"},"wordCount":2362,"commentCount":0,"publisher":{"@id":"https:\/\/www.cidademarketing.com.br\/marketing\/#organization"},"image":{"@id":"https:\/\/www.cidademarketing.com.br\/marketing\/2020\/09\/10\/hipermercados-supermercados-produtos-alimenticios-bebidas-e-fumo-impulsionam-vendas-no-varejo-em-julho-2020\/#primaryimage"},"thumbnailUrl":"https:\/\/www.cidademarketing.com.br\/marketing\/wp-content\/uploads\/2019\/12\/cerveja_ceiadenatal.jpg","keywords":["comportamento do consumidor","IBGE","varejo","vendas"],"articleSection":["Not\u00edcias","Pesquisa de Mercado"],"inLanguage":"pt-BR","potentialAction":[{"@type":"CommentAction","name":"Comment","target":["https:\/\/www.cidademarketing.com.br\/marketing\/2020\/09\/10\/hipermercados-supermercados-produtos-alimenticios-bebidas-e-fumo-impulsionam-vendas-no-varejo-em-julho-2020\/#respond"]}]},{"@type":"WebPage","@id":"https:\/\/www.cidademarketing.com.br\/marketing\/2020\/09\/10\/hipermercados-supermercados-produtos-alimenticios-bebidas-e-fumo-impulsionam-vendas-no-varejo-em-julho-2020\/","url":"https:\/\/www.cidademarketing.com.br\/marketing\/2020\/09\/10\/hipermercados-supermercados-produtos-alimenticios-bebidas-e-fumo-impulsionam-vendas-no-varejo-em-julho-2020\/","name":"Hipermercados, supermercados, produtos aliment\u00edcios, bebidas e fumo impulsionam vendas no varejo em Julho\/2020 - CidadeMarketing","isPartOf":{"@id":"https:\/\/www.cidademarketing.com.br\/marketing\/#website"},"primaryImageOfPage":{"@id":"https:\/\/www.cidademarketing.com.br\/marketing\/2020\/09\/10\/hipermercados-supermercados-produtos-alimenticios-bebidas-e-fumo-impulsionam-vendas-no-varejo-em-julho-2020\/#primaryimage"},"image":{"@id":"https:\/\/www.cidademarketing.com.br\/marketing\/2020\/09\/10\/hipermercados-supermercados-produtos-alimenticios-bebidas-e-fumo-impulsionam-vendas-no-varejo-em-julho-2020\/#primaryimage"},"thumbnailUrl":"https:\/\/www.cidademarketing.com.br\/marketing\/wp-content\/uploads\/2019\/12\/cerveja_ceiadenatal.jpg","datePublished":"2020-09-10T13:23:15+00:00","dateModified":"2020-09-10T13:23:19+00:00","breadcrumb":{"@id":"https:\/\/www.cidademarketing.com.br\/marketing\/2020\/09\/10\/hipermercados-supermercados-produtos-alimenticios-bebidas-e-fumo-impulsionam-vendas-no-varejo-em-julho-2020\/#breadcrumb"},"inLanguage":"pt-BR","potentialAction":[{"@type":"ReadAction","target":["https:\/\/www.cidademarketing.com.br\/marketing\/2020\/09\/10\/hipermercados-supermercados-produtos-alimenticios-bebidas-e-fumo-impulsionam-vendas-no-varejo-em-julho-2020\/"]}]},{"@type":"ImageObject","inLanguage":"pt-BR","@id":"https:\/\/www.cidademarketing.com.br\/marketing\/2020\/09\/10\/hipermercados-supermercados-produtos-alimenticios-bebidas-e-fumo-impulsionam-vendas-no-varejo-em-julho-2020\/#primaryimage","url":"https:\/\/www.cidademarketing.com.br\/marketing\/wp-content\/uploads\/2019\/12\/cerveja_ceiadenatal.jpg","contentUrl":"https:\/\/www.cidademarketing.com.br\/marketing\/wp-content\/uploads\/2019\/12\/cerveja_ceiadenatal.jpg","width":588,"height":737,"caption":"Reprodu\u00e7\u00e3o\/Instagram"},{"@type":"BreadcrumbList","@id":"https:\/\/www.cidademarketing.com.br\/marketing\/2020\/09\/10\/hipermercados-supermercados-produtos-alimenticios-bebidas-e-fumo-impulsionam-vendas-no-varejo-em-julho-2020\/#breadcrumb","itemListElement":[{"@type":"ListItem","position":1,"name":"In\u00edcio","item":"https:\/\/www.cidademarketing.com.br\/marketing\/"},{"@type":"ListItem","position":2,"name":"Hipermercados, supermercados, produtos aliment\u00edcios, bebidas e fumo impulsionam vendas no varejo em Julho\/2020"}]},{"@type":"WebSite","@id":"https:\/\/www.cidademarketing.com.br\/marketing\/#website","url":"https:\/\/www.cidademarketing.com.br\/marketing\/","name":"CidadeMarketing","description":"Somos um ve\u00edculo de comunica\u00e7\u00e3o de destaque no Brasil, reconhecido por conte\u00fados nos segmentos de marketing, empreendedorismo e inova\u00e7\u00e3o.","publisher":{"@id":"https:\/\/www.cidademarketing.com.br\/marketing\/#organization"},"alternateName":"CidadeMarketing","potentialAction":[{"@type":"SearchAction","target":{"@type":"EntryPoint","urlTemplate":"https:\/\/www.cidademarketing.com.br\/marketing\/?s={search_term_string}"},"query-input":{"@type":"PropertyValueSpecification","valueRequired":true,"valueName":"search_term_string"}}],"inLanguage":"pt-BR"},{"@type":"Organization","@id":"https:\/\/www.cidademarketing.com.br\/marketing\/#organization","name":"CidadeMarketing","alternateName":"CidadeMarketing","url":"https:\/\/www.cidademarketing.com.br\/marketing\/","logo":{"@type":"ImageObject","inLanguage":"pt-BR","@id":"https:\/\/www.cidademarketing.com.br\/marketing\/#\/schema\/logo\/image\/","url":"https:\/\/www.cidademarketing.com.br\/marketing\/wp-content\/uploads\/2020\/01\/cidademarketing_marca_mobile.png","contentUrl":"https:\/\/www.cidademarketing.com.br\/marketing\/wp-content\/uploads\/2020\/01\/cidademarketing_marca_mobile.png","width":230,"height":92,"caption":"CidadeMarketing"},"image":{"@id":"https:\/\/www.cidademarketing.com.br\/marketing\/#\/schema\/logo\/image\/"},"sameAs":["https:\/\/www.facebook.com\/portalcidademarketing","https:\/\/x.com\/CidadeMarketing","https:\/\/www.instagram.com\/cidademarketing\/"]},{"@type":"Person","@id":"https:\/\/www.cidademarketing.com.br\/marketing\/#\/schema\/person\/02daff9f18bd9378c9e01eb6b2db155f","name":"Thales Brand\u00e3o","image":{"@type":"ImageObject","inLanguage":"pt-BR","@id":"https:\/\/secure.gravatar.com\/avatar\/7ca3206950207cc3cb48feec56a8a7898741ab725c368d99d5d7a5a50aab80c6?s=96&d=mm&r=g","url":"https:\/\/secure.gravatar.com\/avatar\/7ca3206950207cc3cb48feec56a8a7898741ab725c368d99d5d7a5a50aab80c6?s=96&d=mm&r=g","contentUrl":"https:\/\/secure.gravatar.com\/avatar\/7ca3206950207cc3cb48feec56a8a7898741ab725c368d99d5d7a5a50aab80c6?s=96&d=mm&r=g","caption":"Thales Brand\u00e3o"},"description":"Editor Executivo do Portal CidadeMarketing.com.br &gt; Mestre em Comunica\u00e7\u00e3o e Sociedade pela Universidade Federal de Sergipe. Possui MBA Executivo em Administra\u00e7\u00e3o com \u00eanfase em Marketing pela Funda\u00e7\u00e3o Get\u00falio Vargas - Rio de Janeiro. Consultor, Palestrante e Pesquisador sobre Empreendedorismo, Marketing, Redes Sociais e Neg\u00f3cios Digitais. Professor, Palestrante TedxTalks e Campus Party. Twitter: @ThalesBrandao","sameAs":["http:\/\/www.mandacaru.com.br","https:\/\/www.facebook.com\/thalesbrandao","http:\/\/www.instagram.com.br\/thalesbrandaoferreira","https:\/\/www.linkedin.com\/in\/thales-brand\u00e3o-3948609\/","https:\/\/x.com\/http:\/\/www.twitter.com\/thalesbrandao"],"url":"https:\/\/www.cidademarketing.com.br\/marketing\/author\/thalesbrandao\/"}]}},"amp_enabled":true,"_links":{"self":[{"href":"https:\/\/www.cidademarketing.com.br\/marketing\/wp-json\/wp\/v2\/posts\/18907","targetHints":{"allow":["GET"]}}],"collection":[{"href":"https:\/\/www.cidademarketing.com.br\/marketing\/wp-json\/wp\/v2\/posts"}],"about":[{"href":"https:\/\/www.cidademarketing.com.br\/marketing\/wp-json\/wp\/v2\/types\/post"}],"author":[{"embeddable":true,"href":"https:\/\/www.cidademarketing.com.br\/marketing\/wp-json\/wp\/v2\/users\/1"}],"replies":[{"embeddable":true,"href":"https:\/\/www.cidademarketing.com.br\/marketing\/wp-json\/wp\/v2\/comments?post=18907"}],"version-history":[{"count":1,"href":"https:\/\/www.cidademarketing.com.br\/marketing\/wp-json\/wp\/v2\/posts\/18907\/revisions"}],"predecessor-version":[{"id":18908,"href":"https:\/\/www.cidademarketing.com.br\/marketing\/wp-json\/wp\/v2\/posts\/18907\/revisions\/18908"}],"wp:featuredmedia":[{"embeddable":true,"href":"https:\/\/www.cidademarketing.com.br\/marketing\/wp-json\/wp\/v2\/media\/13123"}],"wp:attachment":[{"href":"https:\/\/www.cidademarketing.com.br\/marketing\/wp-json\/wp\/v2\/media?parent=18907"}],"wp:term":[{"taxonomy":"category","embeddable":true,"href":"https:\/\/www.cidademarketing.com.br\/marketing\/wp-json\/wp\/v2\/categories?post=18907"},{"taxonomy":"post_tag","embeddable":true,"href":"https:\/\/www.cidademarketing.com.br\/marketing\/wp-json\/wp\/v2\/tags?post=18907"}],"curies":[{"name":"wp","href":"https:\/\/api.w.org\/{rel}","templated":true}]}}