{"id":18803,"date":"2020-09-07T12:04:00","date_gmt":"2020-09-07T15:04:00","guid":{"rendered":"https:\/\/www.cidademarketing.com.br\/marketing\/?p=18803"},"modified":"2020-09-07T12:04:05","modified_gmt":"2020-09-07T15:04:05","slug":"renault-anuncia-recall-de-42-mil-veiculos-confira-os-modelos-envolvidos","status":"publish","type":"post","link":"https:\/\/www.cidademarketing.com.br\/marketing\/2020\/09\/07\/renault-anuncia-recall-de-42-mil-veiculos-confira-os-modelos-envolvidos\/","title":{"rendered":"Renault anuncia recall de 42 mil ve\u00edculos; confira os modelos envolvidos"},"content":{"rendered":"\n<p>A Renault do Brasil visando assegurar a seguran\u00e7a e a satisfa\u00e7\u00e3o dos seus clientes e reafirmando o respeito aos consumidores, informa que est\u00e1 realizando a partir de hoje os seguintes recalls:<br><br><strong>Modelos: <\/strong>Sandero, Logan, Duster, Captur e Duster Oroch, fabricados entre 24 de julho de 2019 e 21 de janeiro de 2020 e motores fabricados de 30 de agosto de 2019 a 13 de outubro de 2019.<br><strong>Motivo: <\/strong>em fun\u00e7\u00e3o de uma n\u00e3o conformidade no di\u00e2metro do orif\u00edcio de alimenta\u00e7\u00e3o de \u00f3leo pode ocorrer defici\u00eancia de lubrifica\u00e7\u00e3o com poss\u00edvel travamento do motor ou inc\u00eandio nos ve\u00edculos. Em casos extremos, existe risco de acidente que pode ocasionar les\u00f5es graves e\/ou fatais aos ocupantes nos motores 1.6 16V SCe.<br><strong>Tempo de reparo: <\/strong>at\u00e9 uma hora.<br><strong>Quantidade de ve\u00edculos envolvidos: <\/strong>3.943 unidades.<br><strong>Chassis envolvidos: <\/strong>numera\u00e7\u00e3o n\u00e3o sequencial do Duster vai de LI090492 at\u00e9 LI207977, da Duster Oroch de LI097432 at\u00e9 LI194484, de Captur de LI082304 at\u00e9 LI907878 e MJ349051 at\u00e9 MJ352195, de Sandero de LI069847 at\u00e9 LI322855 e de Logan de LI067148 at\u00e9 LI240832. &nbsp;A numera\u00e7\u00e3o n\u00e3o sequencial dos motores 1.6 SCe vai de Q000539 at\u00e9 Q000608.<br><br><strong>Modelo: <\/strong>Captur, fabricados entre 20 de janeiro de 2016 e 22 de outubro de 2018.<br><strong>Motivo: <\/strong>Devido a uma n\u00e3o conformidade no travamento da fechadura do cap\u00f4 pode ocasionar o destravamento e abertura com o carro em movimento. Em casos extremos, existe risco de acidente que pode ocasionar les\u00f5es graves e\/ou fatais aos ocupantes.<br><strong>Tempo de reparo: <\/strong>at\u00e9 2 dias \u00fateis.<br><strong>Quantidade de ve\u00edculos envolvidos: <\/strong>38.197 unidades.<br><strong>Chassis envolvidos: <\/strong>n\u00e3o sequenciais v\u00e3o de GJ152080 at\u00e9 GJ938860, HJ189623 at\u00e9 HJ671438, JJ001360 at\u00e9 JJ998125, KJ279543 at\u00e9 KJ733972, fabricados entre 20 de janeiro de 2016 e 22 de outubro de 2018.<br><br>O servi\u00e7o \u00e9 gratuito e deve ser agendado em uma concession\u00e1ria Renault. Mais informa\u00e7\u00f5es podem ser obtidas pelo Servi\u00e7o de Atendimento ao Cliente (SAC), no telefone 0800 055 5615 ou pelo site <a href=\"https:\/\/renault.us12.list-manage.com\/track\/click?u=b66990c45e1e1440647764d39&amp;id=0fa396e725&amp;e=2e157f35cb\">www.renault.com.br<\/a>.<br><\/p>\n","protected":false},"excerpt":{"rendered":"<p>A Renault do Brasil visando assegurar a seguran\u00e7a e a satisfa\u00e7\u00e3o dos seus clientes e reafirmando o respeito aos consumidores, informa que est\u00e1 realizando a partir de hoje os seguintes recalls: Modelos: Sandero, Logan, Duster, Captur e Duster Oroch, fabricados entre 24 de julho de 2019 e 21 de janeiro de 2020 e motores fabricados [&hellip;]<\/p>\n","protected":false},"author":1,"featured_media":2025,"comment_status":"open","ping_status":"open","sticky":false,"template":"","format":"standard","meta":{"tdm_status":"","tdm_grid_status":"","footnotes":""},"categories":[9,6],"tags":[51,33,117,134],"class_list":["post-18803","post","type-post","status-publish","format-standard","has-post-thumbnail","hentry","category-consumidor","category-noticias","tag-consumidor","tag-estrategia","tag-recall","tag-renault"],"yoast_head":"<!-- This site is optimized with the Yoast SEO plugin v27.5 - https:\/\/yoast.com\/product\/yoast-seo-wordpress\/ -->\n<title>Renault anuncia recall de 42 mil ve\u00edculos; confira os modelos envolvidos - CidadeMarketing<\/title>\n<meta name=\"robots\" content=\"index, follow, max-snippet:-1, max-image-preview:large, max-video-preview:-1\" \/>\n<link rel=\"canonical\" href=\"https:\/\/www.cidademarketing.com.br\/marketing\/2020\/09\/07\/renault-anuncia-recall-de-42-mil-veiculos-confira-os-modelos-envolvidos\/\" \/>\n<meta property=\"og:locale\" content=\"pt_BR\" \/>\n<meta property=\"og:type\" content=\"article\" \/>\n<meta property=\"og:title\" content=\"Renault anuncia recall de 42 mil ve\u00edculos; confira os modelos envolvidos - CidadeMarketing\" \/>\n<meta property=\"og:description\" content=\"A Renault do Brasil visando assegurar a seguran\u00e7a e a satisfa\u00e7\u00e3o dos seus clientes e reafirmando o respeito aos consumidores, informa que est\u00e1 realizando a partir de hoje os seguintes recalls: Modelos: Sandero, Logan, Duster, Captur e Duster Oroch, fabricados entre 24 de julho de 2019 e 21 de janeiro de 2020 e motores fabricados [&hellip;]\" \/>\n<meta property=\"og:url\" content=\"https:\/\/www.cidademarketing.com.br\/marketing\/2020\/09\/07\/renault-anuncia-recall-de-42-mil-veiculos-confira-os-modelos-envolvidos\/\" \/>\n<meta property=\"og:site_name\" content=\"CidadeMarketing\" \/>\n<meta property=\"article:publisher\" content=\"https:\/\/www.facebook.com\/portalcidademarketing\" \/>\n<meta property=\"article:author\" content=\"https:\/\/www.facebook.com\/thalesbrandao\" \/>\n<meta property=\"article:published_time\" content=\"2020-09-07T15:04:00+00:00\" \/>\n<meta property=\"article:modified_time\" content=\"2020-09-07T15:04:05+00:00\" \/>\n<meta property=\"og:image\" content=\"https:\/\/www.cidademarketing.com.br\/marketing\/wp-content\/uploads\/2018\/09\/renault_marca.jpg\" \/>\n\t<meta property=\"og:image:width\" content=\"1200\" \/>\n\t<meta property=\"og:image:height\" content=\"675\" \/>\n\t<meta property=\"og:image:type\" content=\"image\/jpeg\" \/>\n<meta name=\"author\" content=\"Thales Brand\u00e3o\" \/>\n<meta name=\"twitter:card\" content=\"summary_large_image\" \/>\n<meta name=\"twitter:creator\" content=\"@http:\/\/www.twitter.com\/thalesbrandao\" \/>\n<meta name=\"twitter:site\" content=\"@CidadeMarketing\" \/>\n<meta name=\"twitter:label1\" content=\"Escrito por\" \/>\n\t<meta name=\"twitter:data1\" content=\"Thales Brand\u00e3o\" \/>\n\t<meta name=\"twitter:label2\" content=\"Est. tempo de leitura\" \/>\n\t<meta name=\"twitter:data2\" content=\"2 minutos\" \/>\n<script type=\"application\/ld+json\" class=\"yoast-schema-graph\">{\"@context\":\"https:\\\/\\\/schema.org\",\"@graph\":[{\"@type\":\"Article\",\"@id\":\"https:\\\/\\\/www.cidademarketing.com.br\\\/marketing\\\/2020\\\/09\\\/07\\\/renault-anuncia-recall-de-42-mil-veiculos-confira-os-modelos-envolvidos\\\/#article\",\"isPartOf\":{\"@id\":\"https:\\\/\\\/www.cidademarketing.com.br\\\/marketing\\\/2020\\\/09\\\/07\\\/renault-anuncia-recall-de-42-mil-veiculos-confira-os-modelos-envolvidos\\\/\"},\"author\":{\"name\":\"Thales Brand\u00e3o\",\"@id\":\"https:\\\/\\\/www.cidademarketing.com.br\\\/marketing\\\/#\\\/schema\\\/person\\\/02daff9f18bd9378c9e01eb6b2db155f\"},\"headline\":\"Renault anuncia recall de 42 mil ve\u00edculos; confira os modelos envolvidos\",\"datePublished\":\"2020-09-07T15:04:00+00:00\",\"dateModified\":\"2020-09-07T15:04:05+00:00\",\"mainEntityOfPage\":{\"@id\":\"https:\\\/\\\/www.cidademarketing.com.br\\\/marketing\\\/2020\\\/09\\\/07\\\/renault-anuncia-recall-de-42-mil-veiculos-confira-os-modelos-envolvidos\\\/\"},\"wordCount\":334,\"commentCount\":0,\"publisher\":{\"@id\":\"https:\\\/\\\/www.cidademarketing.com.br\\\/marketing\\\/#organization\"},\"image\":{\"@id\":\"https:\\\/\\\/www.cidademarketing.com.br\\\/marketing\\\/2020\\\/09\\\/07\\\/renault-anuncia-recall-de-42-mil-veiculos-confira-os-modelos-envolvidos\\\/#primaryimage\"},\"thumbnailUrl\":\"https:\\\/\\\/www.cidademarketing.com.br\\\/marketing\\\/wp-content\\\/uploads\\\/2018\\\/09\\\/renault_marca.jpg\",\"keywords\":[\"consumidor\",\"estrat\u00e9gia\",\"recall\",\"Renault\"],\"articleSection\":[\"Consumidor\",\"Not\u00edcias\"],\"inLanguage\":\"pt-BR\",\"potentialAction\":[{\"@type\":\"CommentAction\",\"name\":\"Comment\",\"target\":[\"https:\\\/\\\/www.cidademarketing.com.br\\\/marketing\\\/2020\\\/09\\\/07\\\/renault-anuncia-recall-de-42-mil-veiculos-confira-os-modelos-envolvidos\\\/#respond\"]}]},{\"@type\":\"WebPage\",\"@id\":\"https:\\\/\\\/www.cidademarketing.com.br\\\/marketing\\\/2020\\\/09\\\/07\\\/renault-anuncia-recall-de-42-mil-veiculos-confira-os-modelos-envolvidos\\\/\",\"url\":\"https:\\\/\\\/www.cidademarketing.com.br\\\/marketing\\\/2020\\\/09\\\/07\\\/renault-anuncia-recall-de-42-mil-veiculos-confira-os-modelos-envolvidos\\\/\",\"name\":\"Renault anuncia recall de 42 mil ve\u00edculos; confira os modelos envolvidos - CidadeMarketing\",\"isPartOf\":{\"@id\":\"https:\\\/\\\/www.cidademarketing.com.br\\\/marketing\\\/#website\"},\"primaryImageOfPage\":{\"@id\":\"https:\\\/\\\/www.cidademarketing.com.br\\\/marketing\\\/2020\\\/09\\\/07\\\/renault-anuncia-recall-de-42-mil-veiculos-confira-os-modelos-envolvidos\\\/#primaryimage\"},\"image\":{\"@id\":\"https:\\\/\\\/www.cidademarketing.com.br\\\/marketing\\\/2020\\\/09\\\/07\\\/renault-anuncia-recall-de-42-mil-veiculos-confira-os-modelos-envolvidos\\\/#primaryimage\"},\"thumbnailUrl\":\"https:\\\/\\\/www.cidademarketing.com.br\\\/marketing\\\/wp-content\\\/uploads\\\/2018\\\/09\\\/renault_marca.jpg\",\"datePublished\":\"2020-09-07T15:04:00+00:00\",\"dateModified\":\"2020-09-07T15:04:05+00:00\",\"breadcrumb\":{\"@id\":\"https:\\\/\\\/www.cidademarketing.com.br\\\/marketing\\\/2020\\\/09\\\/07\\\/renault-anuncia-recall-de-42-mil-veiculos-confira-os-modelos-envolvidos\\\/#breadcrumb\"},\"inLanguage\":\"pt-BR\",\"potentialAction\":[{\"@type\":\"ReadAction\",\"target\":[\"https:\\\/\\\/www.cidademarketing.com.br\\\/marketing\\\/2020\\\/09\\\/07\\\/renault-anuncia-recall-de-42-mil-veiculos-confira-os-modelos-envolvidos\\\/\"]}]},{\"@type\":\"ImageObject\",\"inLanguage\":\"pt-BR\",\"@id\":\"https:\\\/\\\/www.cidademarketing.com.br\\\/marketing\\\/2020\\\/09\\\/07\\\/renault-anuncia-recall-de-42-mil-veiculos-confira-os-modelos-envolvidos\\\/#primaryimage\",\"url\":\"https:\\\/\\\/www.cidademarketing.com.br\\\/marketing\\\/wp-content\\\/uploads\\\/2018\\\/09\\\/renault_marca.jpg\",\"contentUrl\":\"https:\\\/\\\/www.cidademarketing.com.br\\\/marketing\\\/wp-content\\\/uploads\\\/2018\\\/09\\\/renault_marca.jpg\",\"width\":1200,\"height\":675},{\"@type\":\"BreadcrumbList\",\"@id\":\"https:\\\/\\\/www.cidademarketing.com.br\\\/marketing\\\/2020\\\/09\\\/07\\\/renault-anuncia-recall-de-42-mil-veiculos-confira-os-modelos-envolvidos\\\/#breadcrumb\",\"itemListElement\":[{\"@type\":\"ListItem\",\"position\":1,\"name\":\"In\u00edcio\",\"item\":\"https:\\\/\\\/www.cidademarketing.com.br\\\/marketing\\\/\"},{\"@type\":\"ListItem\",\"position\":2,\"name\":\"Renault anuncia recall de 42 mil ve\u00edculos; confira os modelos envolvidos\"}]},{\"@type\":\"WebSite\",\"@id\":\"https:\\\/\\\/www.cidademarketing.com.br\\\/marketing\\\/#website\",\"url\":\"https:\\\/\\\/www.cidademarketing.com.br\\\/marketing\\\/\",\"name\":\"CidadeMarketing\",\"description\":\"Somos um ve\u00edculo de comunica\u00e7\u00e3o de destaque no Brasil, reconhecido por conte\u00fados nos segmentos de marketing, empreendedorismo e inova\u00e7\u00e3o.\",\"publisher\":{\"@id\":\"https:\\\/\\\/www.cidademarketing.com.br\\\/marketing\\\/#organization\"},\"alternateName\":\"CidadeMarketing\",\"potentialAction\":[{\"@type\":\"SearchAction\",\"target\":{\"@type\":\"EntryPoint\",\"urlTemplate\":\"https:\\\/\\\/www.cidademarketing.com.br\\\/marketing\\\/?s={search_term_string}\"},\"query-input\":{\"@type\":\"PropertyValueSpecification\",\"valueRequired\":true,\"valueName\":\"search_term_string\"}}],\"inLanguage\":\"pt-BR\"},{\"@type\":\"Organization\",\"@id\":\"https:\\\/\\\/www.cidademarketing.com.br\\\/marketing\\\/#organization\",\"name\":\"CidadeMarketing\",\"alternateName\":\"CidadeMarketing\",\"url\":\"https:\\\/\\\/www.cidademarketing.com.br\\\/marketing\\\/\",\"logo\":{\"@type\":\"ImageObject\",\"inLanguage\":\"pt-BR\",\"@id\":\"https:\\\/\\\/www.cidademarketing.com.br\\\/marketing\\\/#\\\/schema\\\/logo\\\/image\\\/\",\"url\":\"https:\\\/\\\/www.cidademarketing.com.br\\\/marketing\\\/wp-content\\\/uploads\\\/2020\\\/01\\\/cidademarketing_marca_mobile.png\",\"contentUrl\":\"https:\\\/\\\/www.cidademarketing.com.br\\\/marketing\\\/wp-content\\\/uploads\\\/2020\\\/01\\\/cidademarketing_marca_mobile.png\",\"width\":230,\"height\":92,\"caption\":\"CidadeMarketing\"},\"image\":{\"@id\":\"https:\\\/\\\/www.cidademarketing.com.br\\\/marketing\\\/#\\\/schema\\\/logo\\\/image\\\/\"},\"sameAs\":[\"https:\\\/\\\/www.facebook.com\\\/portalcidademarketing\",\"https:\\\/\\\/x.com\\\/CidadeMarketing\",\"https:\\\/\\\/www.instagram.com\\\/cidademarketing\\\/\"]},{\"@type\":\"Person\",\"@id\":\"https:\\\/\\\/www.cidademarketing.com.br\\\/marketing\\\/#\\\/schema\\\/person\\\/02daff9f18bd9378c9e01eb6b2db155f\",\"name\":\"Thales Brand\u00e3o\",\"image\":{\"@type\":\"ImageObject\",\"inLanguage\":\"pt-BR\",\"@id\":\"https:\\\/\\\/secure.gravatar.com\\\/avatar\\\/7ca3206950207cc3cb48feec56a8a7898741ab725c368d99d5d7a5a50aab80c6?s=96&d=mm&r=g\",\"url\":\"https:\\\/\\\/secure.gravatar.com\\\/avatar\\\/7ca3206950207cc3cb48feec56a8a7898741ab725c368d99d5d7a5a50aab80c6?s=96&d=mm&r=g\",\"contentUrl\":\"https:\\\/\\\/secure.gravatar.com\\\/avatar\\\/7ca3206950207cc3cb48feec56a8a7898741ab725c368d99d5d7a5a50aab80c6?s=96&d=mm&r=g\",\"caption\":\"Thales Brand\u00e3o\"},\"description\":\"Editor Executivo do Portal CidadeMarketing.com.br &gt; Mestre em Comunica\u00e7\u00e3o e Sociedade pela Universidade Federal de Sergipe. Possui MBA Executivo em Administra\u00e7\u00e3o com \u00eanfase em Marketing pela Funda\u00e7\u00e3o Get\u00falio Vargas - Rio de Janeiro. Consultor, Palestrante e Pesquisador sobre Empreendedorismo, Marketing, Redes Sociais e Neg\u00f3cios Digitais. Professor, Palestrante TedxTalks e Campus Party. Twitter: @ThalesBrandao\",\"sameAs\":[\"http:\\\/\\\/www.mandacaru.com.br\",\"https:\\\/\\\/www.facebook.com\\\/thalesbrandao\",\"http:\\\/\\\/www.instagram.com.br\\\/thalesbrandaoferreira\",\"https:\\\/\\\/www.linkedin.com\\\/in\\\/thales-brand\u00e3o-3948609\\\/\",\"https:\\\/\\\/x.com\\\/http:\\\/\\\/www.twitter.com\\\/thalesbrandao\"],\"url\":\"https:\\\/\\\/www.cidademarketing.com.br\\\/marketing\\\/author\\\/thalesbrandao\\\/\"}]}<\/script>\n<!-- \/ Yoast SEO plugin. -->","yoast_head_json":{"title":"Renault anuncia recall de 42 mil ve\u00edculos; confira os modelos envolvidos - CidadeMarketing","robots":{"index":"index","follow":"follow","max-snippet":"max-snippet:-1","max-image-preview":"max-image-preview:large","max-video-preview":"max-video-preview:-1"},"canonical":"https:\/\/www.cidademarketing.com.br\/marketing\/2020\/09\/07\/renault-anuncia-recall-de-42-mil-veiculos-confira-os-modelos-envolvidos\/","og_locale":"pt_BR","og_type":"article","og_title":"Renault anuncia recall de 42 mil ve\u00edculos; confira os modelos envolvidos - CidadeMarketing","og_description":"A Renault do Brasil visando assegurar a seguran\u00e7a e a satisfa\u00e7\u00e3o dos seus clientes e reafirmando o respeito aos consumidores, informa que est\u00e1 realizando a partir de hoje os seguintes recalls: Modelos: Sandero, Logan, Duster, Captur e Duster Oroch, fabricados entre 24 de julho de 2019 e 21 de janeiro de 2020 e motores fabricados [&hellip;]","og_url":"https:\/\/www.cidademarketing.com.br\/marketing\/2020\/09\/07\/renault-anuncia-recall-de-42-mil-veiculos-confira-os-modelos-envolvidos\/","og_site_name":"CidadeMarketing","article_publisher":"https:\/\/www.facebook.com\/portalcidademarketing","article_author":"https:\/\/www.facebook.com\/thalesbrandao","article_published_time":"2020-09-07T15:04:00+00:00","article_modified_time":"2020-09-07T15:04:05+00:00","og_image":[{"width":1200,"height":675,"url":"https:\/\/www.cidademarketing.com.br\/marketing\/wp-content\/uploads\/2018\/09\/renault_marca.jpg","type":"image\/jpeg"}],"author":"Thales Brand\u00e3o","twitter_card":"summary_large_image","twitter_creator":"@http:\/\/www.twitter.com\/thalesbrandao","twitter_site":"@CidadeMarketing","twitter_misc":{"Escrito por":"Thales Brand\u00e3o","Est. tempo de leitura":"2 minutos"},"schema":{"@context":"https:\/\/schema.org","@graph":[{"@type":"Article","@id":"https:\/\/www.cidademarketing.com.br\/marketing\/2020\/09\/07\/renault-anuncia-recall-de-42-mil-veiculos-confira-os-modelos-envolvidos\/#article","isPartOf":{"@id":"https:\/\/www.cidademarketing.com.br\/marketing\/2020\/09\/07\/renault-anuncia-recall-de-42-mil-veiculos-confira-os-modelos-envolvidos\/"},"author":{"name":"Thales Brand\u00e3o","@id":"https:\/\/www.cidademarketing.com.br\/marketing\/#\/schema\/person\/02daff9f18bd9378c9e01eb6b2db155f"},"headline":"Renault anuncia recall de 42 mil ve\u00edculos; confira os modelos envolvidos","datePublished":"2020-09-07T15:04:00+00:00","dateModified":"2020-09-07T15:04:05+00:00","mainEntityOfPage":{"@id":"https:\/\/www.cidademarketing.com.br\/marketing\/2020\/09\/07\/renault-anuncia-recall-de-42-mil-veiculos-confira-os-modelos-envolvidos\/"},"wordCount":334,"commentCount":0,"publisher":{"@id":"https:\/\/www.cidademarketing.com.br\/marketing\/#organization"},"image":{"@id":"https:\/\/www.cidademarketing.com.br\/marketing\/2020\/09\/07\/renault-anuncia-recall-de-42-mil-veiculos-confira-os-modelos-envolvidos\/#primaryimage"},"thumbnailUrl":"https:\/\/www.cidademarketing.com.br\/marketing\/wp-content\/uploads\/2018\/09\/renault_marca.jpg","keywords":["consumidor","estrat\u00e9gia","recall","Renault"],"articleSection":["Consumidor","Not\u00edcias"],"inLanguage":"pt-BR","potentialAction":[{"@type":"CommentAction","name":"Comment","target":["https:\/\/www.cidademarketing.com.br\/marketing\/2020\/09\/07\/renault-anuncia-recall-de-42-mil-veiculos-confira-os-modelos-envolvidos\/#respond"]}]},{"@type":"WebPage","@id":"https:\/\/www.cidademarketing.com.br\/marketing\/2020\/09\/07\/renault-anuncia-recall-de-42-mil-veiculos-confira-os-modelos-envolvidos\/","url":"https:\/\/www.cidademarketing.com.br\/marketing\/2020\/09\/07\/renault-anuncia-recall-de-42-mil-veiculos-confira-os-modelos-envolvidos\/","name":"Renault anuncia recall de 42 mil ve\u00edculos; confira os modelos envolvidos - CidadeMarketing","isPartOf":{"@id":"https:\/\/www.cidademarketing.com.br\/marketing\/#website"},"primaryImageOfPage":{"@id":"https:\/\/www.cidademarketing.com.br\/marketing\/2020\/09\/07\/renault-anuncia-recall-de-42-mil-veiculos-confira-os-modelos-envolvidos\/#primaryimage"},"image":{"@id":"https:\/\/www.cidademarketing.com.br\/marketing\/2020\/09\/07\/renault-anuncia-recall-de-42-mil-veiculos-confira-os-modelos-envolvidos\/#primaryimage"},"thumbnailUrl":"https:\/\/www.cidademarketing.com.br\/marketing\/wp-content\/uploads\/2018\/09\/renault_marca.jpg","datePublished":"2020-09-07T15:04:00+00:00","dateModified":"2020-09-07T15:04:05+00:00","breadcrumb":{"@id":"https:\/\/www.cidademarketing.com.br\/marketing\/2020\/09\/07\/renault-anuncia-recall-de-42-mil-veiculos-confira-os-modelos-envolvidos\/#breadcrumb"},"inLanguage":"pt-BR","potentialAction":[{"@type":"ReadAction","target":["https:\/\/www.cidademarketing.com.br\/marketing\/2020\/09\/07\/renault-anuncia-recall-de-42-mil-veiculos-confira-os-modelos-envolvidos\/"]}]},{"@type":"ImageObject","inLanguage":"pt-BR","@id":"https:\/\/www.cidademarketing.com.br\/marketing\/2020\/09\/07\/renault-anuncia-recall-de-42-mil-veiculos-confira-os-modelos-envolvidos\/#primaryimage","url":"https:\/\/www.cidademarketing.com.br\/marketing\/wp-content\/uploads\/2018\/09\/renault_marca.jpg","contentUrl":"https:\/\/www.cidademarketing.com.br\/marketing\/wp-content\/uploads\/2018\/09\/renault_marca.jpg","width":1200,"height":675},{"@type":"BreadcrumbList","@id":"https:\/\/www.cidademarketing.com.br\/marketing\/2020\/09\/07\/renault-anuncia-recall-de-42-mil-veiculos-confira-os-modelos-envolvidos\/#breadcrumb","itemListElement":[{"@type":"ListItem","position":1,"name":"In\u00edcio","item":"https:\/\/www.cidademarketing.com.br\/marketing\/"},{"@type":"ListItem","position":2,"name":"Renault anuncia recall de 42 mil ve\u00edculos; confira os modelos envolvidos"}]},{"@type":"WebSite","@id":"https:\/\/www.cidademarketing.com.br\/marketing\/#website","url":"https:\/\/www.cidademarketing.com.br\/marketing\/","name":"CidadeMarketing","description":"Somos um ve\u00edculo de comunica\u00e7\u00e3o de destaque no Brasil, reconhecido por conte\u00fados nos segmentos de marketing, empreendedorismo e inova\u00e7\u00e3o.","publisher":{"@id":"https:\/\/www.cidademarketing.com.br\/marketing\/#organization"},"alternateName":"CidadeMarketing","potentialAction":[{"@type":"SearchAction","target":{"@type":"EntryPoint","urlTemplate":"https:\/\/www.cidademarketing.com.br\/marketing\/?s={search_term_string}"},"query-input":{"@type":"PropertyValueSpecification","valueRequired":true,"valueName":"search_term_string"}}],"inLanguage":"pt-BR"},{"@type":"Organization","@id":"https:\/\/www.cidademarketing.com.br\/marketing\/#organization","name":"CidadeMarketing","alternateName":"CidadeMarketing","url":"https:\/\/www.cidademarketing.com.br\/marketing\/","logo":{"@type":"ImageObject","inLanguage":"pt-BR","@id":"https:\/\/www.cidademarketing.com.br\/marketing\/#\/schema\/logo\/image\/","url":"https:\/\/www.cidademarketing.com.br\/marketing\/wp-content\/uploads\/2020\/01\/cidademarketing_marca_mobile.png","contentUrl":"https:\/\/www.cidademarketing.com.br\/marketing\/wp-content\/uploads\/2020\/01\/cidademarketing_marca_mobile.png","width":230,"height":92,"caption":"CidadeMarketing"},"image":{"@id":"https:\/\/www.cidademarketing.com.br\/marketing\/#\/schema\/logo\/image\/"},"sameAs":["https:\/\/www.facebook.com\/portalcidademarketing","https:\/\/x.com\/CidadeMarketing","https:\/\/www.instagram.com\/cidademarketing\/"]},{"@type":"Person","@id":"https:\/\/www.cidademarketing.com.br\/marketing\/#\/schema\/person\/02daff9f18bd9378c9e01eb6b2db155f","name":"Thales Brand\u00e3o","image":{"@type":"ImageObject","inLanguage":"pt-BR","@id":"https:\/\/secure.gravatar.com\/avatar\/7ca3206950207cc3cb48feec56a8a7898741ab725c368d99d5d7a5a50aab80c6?s=96&d=mm&r=g","url":"https:\/\/secure.gravatar.com\/avatar\/7ca3206950207cc3cb48feec56a8a7898741ab725c368d99d5d7a5a50aab80c6?s=96&d=mm&r=g","contentUrl":"https:\/\/secure.gravatar.com\/avatar\/7ca3206950207cc3cb48feec56a8a7898741ab725c368d99d5d7a5a50aab80c6?s=96&d=mm&r=g","caption":"Thales Brand\u00e3o"},"description":"Editor Executivo do Portal CidadeMarketing.com.br &gt; Mestre em Comunica\u00e7\u00e3o e Sociedade pela Universidade Federal de Sergipe. Possui MBA Executivo em Administra\u00e7\u00e3o com \u00eanfase em Marketing pela Funda\u00e7\u00e3o Get\u00falio Vargas - Rio de Janeiro. Consultor, Palestrante e Pesquisador sobre Empreendedorismo, Marketing, Redes Sociais e Neg\u00f3cios Digitais. Professor, Palestrante TedxTalks e Campus Party. Twitter: @ThalesBrandao","sameAs":["http:\/\/www.mandacaru.com.br","https:\/\/www.facebook.com\/thalesbrandao","http:\/\/www.instagram.com.br\/thalesbrandaoferreira","https:\/\/www.linkedin.com\/in\/thales-brand\u00e3o-3948609\/","https:\/\/x.com\/http:\/\/www.twitter.com\/thalesbrandao"],"url":"https:\/\/www.cidademarketing.com.br\/marketing\/author\/thalesbrandao\/"}]}},"amp_enabled":true,"_links":{"self":[{"href":"https:\/\/www.cidademarketing.com.br\/marketing\/wp-json\/wp\/v2\/posts\/18803","targetHints":{"allow":["GET"]}}],"collection":[{"href":"https:\/\/www.cidademarketing.com.br\/marketing\/wp-json\/wp\/v2\/posts"}],"about":[{"href":"https:\/\/www.cidademarketing.com.br\/marketing\/wp-json\/wp\/v2\/types\/post"}],"author":[{"embeddable":true,"href":"https:\/\/www.cidademarketing.com.br\/marketing\/wp-json\/wp\/v2\/users\/1"}],"replies":[{"embeddable":true,"href":"https:\/\/www.cidademarketing.com.br\/marketing\/wp-json\/wp\/v2\/comments?post=18803"}],"version-history":[{"count":1,"href":"https:\/\/www.cidademarketing.com.br\/marketing\/wp-json\/wp\/v2\/posts\/18803\/revisions"}],"predecessor-version":[{"id":18804,"href":"https:\/\/www.cidademarketing.com.br\/marketing\/wp-json\/wp\/v2\/posts\/18803\/revisions\/18804"}],"wp:featuredmedia":[{"embeddable":true,"href":"https:\/\/www.cidademarketing.com.br\/marketing\/wp-json\/wp\/v2\/media\/2025"}],"wp:attachment":[{"href":"https:\/\/www.cidademarketing.com.br\/marketing\/wp-json\/wp\/v2\/media?parent=18803"}],"wp:term":[{"taxonomy":"category","embeddable":true,"href":"https:\/\/www.cidademarketing.com.br\/marketing\/wp-json\/wp\/v2\/categories?post=18803"},{"taxonomy":"post_tag","embeddable":true,"href":"https:\/\/www.cidademarketing.com.br\/marketing\/wp-json\/wp\/v2\/tags?post=18803"}],"curies":[{"name":"wp","href":"https:\/\/api.w.org\/{rel}","templated":true}]}}