{"id":18757,"date":"2020-09-05T20:39:34","date_gmt":"2020-09-05T23:39:34","guid":{"rendered":"https:\/\/www.cidademarketing.com.br\/marketing\/?p=18757"},"modified":"2020-09-05T20:39:37","modified_gmt":"2020-09-05T23:39:37","slug":"madero-abre-restaurante-de-numero-200-comemorando-15-anos-de-mercado","status":"publish","type":"post","link":"https:\/\/www.cidademarketing.com.br\/marketing\/2020\/09\/05\/madero-abre-restaurante-de-numero-200-comemorando-15-anos-de-mercado\/","title":{"rendered":"Madero abre restaurante de n\u00famero 200 comemorando 15 anos de mercado"},"content":{"rendered":"\n<p>Setembro \u00e9 um marco importante para o chef e empres\u00e1rio Junior Durski, que no mesmo m\u00eas em 2017, tamb\u00e9m conquistou a abertura do cent\u00e9simo restaurante, no Rio de janeiro. De l\u00e1 pra c\u00e1, dobrou o n\u00famero de unidades e mesmo neste ano t\u00e3o desafiador de 2020, inaugura 45 novas unidades.\u00a0 Hoje, 15 anos depois da abertura do primeiro restaurante em 2005, o restaurante Madero \u00e9 consagrado como a maior rede de casual dining do pa\u00eds, famoso pelos seus hamb\u00fargueres e alimenta\u00e7\u00e3o saud\u00e1vel. O grupo tem presen\u00e7a em 70 cidades do pa\u00eds, incluindo o Restaurante Durski, o Madero, nos modelos Steak House e Container, e o Jeronimo, nos formatos de Burger, Track, Drive Thru e Ice.<\/p>\n\n\n\n<p>O restaurante de n\u00ba 200 \u00e9 o Madero Steak House Amaz\u00f4nia \u2013 Alphaville em Barueri-SP, que acaba de ser inaugurado. A unidade com investimento de mais de R$ 5 milh\u00f5es, tem 600 m2 e todas as deliciosas cria\u00e7\u00f5es do chef Junior Durski.\u00a0 E para compartilhar a conquista com os mais de sete mil colaboradores, no dia 25\/09, todos vestir\u00e3o uma camiseta comemorativa e participar\u00e3o de um momento muito especial de celebra\u00e7\u00e3o, nos restaurantes, na Cozinha Central, na Fazenda e no escrit\u00f3rio central em Curitiba.<\/p>\n\n\n\n<p>\u201cA unidade de n\u00famero 200 \u00e9 uma conquista, que divido com todos os colaboradores, que ajudaram a construir a hist\u00f3ria do Grupo Madero, com dedica\u00e7\u00e3o e busca incans\u00e1vel pela qualidade, que \u00e9 nossa marca registrada\u201d, comemora o empres\u00e1rio Junior Durski.<\/p>\n\n\n\n<p><strong>RESPONSABILIDADE SOCIAL<\/strong><\/p>\n\n\n\n<p>Ainda, para celebrar a unidade comemorativa de n\u00famero 200, o restaurante destinar\u00e1 o faturamento do dia 16\/09, para a Cepac &#8211; Associa\u00e7\u00e3o para a Prote\u00e7\u00e3o das Crian\u00e7as e Adolescentes, voltada para o atendimento de crian\u00e7as, adolescentes e adultos em situa\u00e7\u00e3o de vulnerabilidade social, em Barueri.<\/p>\n\n\n\n<p>\u201cA escolha do CEPAC pelo Grupo Madero, para participar deste ato beneficente, nos enche de orgulho e alegria, pois vem somar esfor\u00e7os na causa de crian\u00e7as e adolescentes, que \u00e9 a miss\u00e3o da nossa associa\u00e7\u00e3o\u201d, comemora Carlos Jos\u00e9 Meismith, presidente da CEPAC.<\/p>\n\n\n\n<p>A hist\u00f3ria do Grupo Madero \u00e9 fruto do sonho do chef Junior Durski e se mistura com sua trajet\u00f3ria de vida. Perfeccionista e autodidata, o empres\u00e1rio transformou a paix\u00e3o pela cozinha em prop\u00f3sito particular e muito mais do que a elabora\u00e7\u00e3o de pratos, ele \u00e9 a alma do Madero. &nbsp;Altamente exigente no paladar, que oferece aos clientes, a conquista da unidade de n\u00ba 200 tem sabor especial, em sua trajet\u00f3ria marcada por perseveran\u00e7a e persist\u00eancia, numa narrativa escrita entre grelhas e panelas, desafios e amor pela gastronomia.<\/p>\n\n\n\n<p><strong>OBSESS\u00c3O POR QUALIDADE<\/strong><\/p>\n\n\n\n<p>O empres\u00e1rio \u00e9 conhecido pela gest\u00e3o perfeccionista e pela verticaliza\u00e7\u00e3o na produ\u00e7\u00e3o, engenharia e log\u00edstica, que garantem o dom\u00ednio total do alto controle de qualidade. O Grupo Madero produz praticamente tudo o que \u00e9 servido nos restaurantes. \u00c9 da Cozinha Central, em Ponta Grossa (PR), que vem a maior parte dos alimentos, sob processos rigorosos de qualidade. De l\u00e1 sai tamb\u00e9m a frota pr\u00f3pria de caminh\u00f5es, que abastece todos os restaurantes, garantindo a qualidade da entrega dos produtos, transportados em temperatura adequada. Na Fazenda Madero, em Palmeira (PR), h\u00e1 dois anos, o grupo cumpre a miss\u00e3o de produzir e oferecer hortifr\u00fatis com selo ORG\u00c2NICO BRASIL- TECPAR, onde 100% da produ\u00e7\u00e3o \u00e9 destinada aos restaurantes. H\u00e1 ainda um time pr\u00f3prio de arquitetura e engenharia, respons\u00e1vel pelas novas unidades, que com a mesma a excel\u00eancia, executa os projetos arquitet\u00f4nicos assinados pela esposa e arquiteta<em>Kethlen Ribas<\/em>&nbsp;Durski.<\/p>\n\n\n\n<p><strong>UMA HIST\u00d3RIA DE PERSIST\u00caNCIA<em><\/em><\/strong><\/p>\n\n\n\n<p><em>Junior Durski \u00e9 formado em direito, foi vereador, madeireiro e garimpeiro na Amaz\u00f4nia, mas foi na cozinha, que encontrou sua grande paix\u00e3o. <\/em>&nbsp;Descendente de poloneses e ucranianos nasceu em Prudent\u00f3polis e passou a inf\u00e2ncia com os av\u00f3s em Ponta Grossa no Paran\u00e1.&nbsp; Foi em Curitiba que decidiu transformar o hobby de cozinhar, num plano de neg\u00f3cios. Em 1999 abriu o Durski, que apesar de hoje premiado, enfrentou muitas dificuldades. Lan\u00e7ou mais cinco restaurantes, todos com preju\u00edzo. Mas persistente como \u00e9, em 2005 inaugurou o Madero, que mudaria por completo a sua hist\u00f3ria! O restaurante n\u00e3o decolou logo, foram necess\u00e1rios muitos ajustes, redu\u00e7\u00f5es de 40% nos pre\u00e7os e uma incurs\u00e3o de pesquisa gastron\u00f4mica nos EUA, onde experimentou hamb\u00fargueres em 70 restaurantes. Era chegada a hora de criar sua pr\u00f3pria receita, com toque brasileiro, que daria origem a um dos respons\u00e1veis pelo sucesso da marca: o Burger Madero no p\u00e3o crocante, carne grelhada em fogo forte, estilo de churrasco e a maionese artesanal e secreta, receita da av\u00f3.<\/p>\n\n\n\n<p>Junior Durski participa diariamente do comando dos restaurantes. Sua paix\u00e3o pela gastronomia vem de fam\u00edlia, com fortes la\u00e7os afetivos, feitos em volta da mesa e na cozinha. Esta mistura saborosa \u00e9 respons\u00e1vel pelo grande sucesso do grupo e pela conquista de 200 restaurantes.<\/p>\n\n\n\n<figure class=\"wp-block-image size-large is-resized\"><img fetchpriority=\"high\" decoding=\"async\" src=\"https:\/\/www.cidademarketing.com.br\/marketing\/wp-content\/uploads\/2020\/09\/Restaurante-Madero-inaugura-unidade-de-numero-200-scaled.jpg\" alt=\"\" class=\"wp-image-18759\" width=\"698\" height=\"448\" srcset=\"https:\/\/www.cidademarketing.com.br\/marketing\/wp-content\/uploads\/2020\/09\/Restaurante-Madero-inaugura-unidade-de-numero-200-300x194.jpg 300w, https:\/\/www.cidademarketing.com.br\/marketing\/wp-content\/uploads\/2020\/09\/Restaurante-Madero-inaugura-unidade-de-numero-200-341x220.jpg 341w\" sizes=\"(max-width: 698px) 100vw, 698px\" \/><figcaption>Cr\u00e9dito\/ Foto &#8211; Gerson Lima.<\/figcaption><\/figure>\n","protected":false},"excerpt":{"rendered":"<p>Setembro \u00e9 um marco importante para o chef e empres\u00e1rio Junior Durski, que no mesmo m\u00eas em 2017, tamb\u00e9m conquistou a abertura do cent\u00e9simo restaurante, no Rio de janeiro. De l\u00e1 pra c\u00e1, dobrou o n\u00famero de unidades e mesmo neste ano t\u00e3o desafiador de 2020, inaugura 45 novas unidades.\u00a0 Hoje, 15 anos depois da [&hellip;]<\/p>\n","protected":false},"author":1,"featured_media":18758,"comment_status":"open","ping_status":"open","sticky":false,"template":"","format":"standard","meta":{"tdm_status":"","tdm_grid_status":"","footnotes":""},"categories":[6],"tags":[33,3153,37,28],"class_list":["post-18757","post","type-post","status-publish","format-standard","has-post-thumbnail","hentry","category-noticias","tag-estrategia","tag-madero","tag-marca","tag-marketing"],"yoast_head":"<!-- This site is optimized with the Yoast SEO plugin v27.5 - https:\/\/yoast.com\/product\/yoast-seo-wordpress\/ -->\n<title>Madero abre restaurante de n\u00famero 200 comemorando 15 anos de mercado - CidadeMarketing<\/title>\n<meta name=\"robots\" content=\"index, follow, max-snippet:-1, max-image-preview:large, max-video-preview:-1\" \/>\n<link rel=\"canonical\" href=\"https:\/\/www.cidademarketing.com.br\/marketing\/2020\/09\/05\/madero-abre-restaurante-de-numero-200-comemorando-15-anos-de-mercado\/\" \/>\n<meta property=\"og:locale\" content=\"pt_BR\" \/>\n<meta property=\"og:type\" content=\"article\" \/>\n<meta property=\"og:title\" content=\"Madero abre restaurante de n\u00famero 200 comemorando 15 anos de mercado - CidadeMarketing\" \/>\n<meta property=\"og:description\" content=\"Setembro \u00e9 um marco importante para o chef e empres\u00e1rio Junior Durski, que no mesmo m\u00eas em 2017, tamb\u00e9m conquistou a abertura do cent\u00e9simo restaurante, no Rio de janeiro. De l\u00e1 pra c\u00e1, dobrou o n\u00famero de unidades e mesmo neste ano t\u00e3o desafiador de 2020, inaugura 45 novas unidades.\u00a0 Hoje, 15 anos depois da [&hellip;]\" \/>\n<meta property=\"og:url\" content=\"https:\/\/www.cidademarketing.com.br\/marketing\/2020\/09\/05\/madero-abre-restaurante-de-numero-200-comemorando-15-anos-de-mercado\/\" \/>\n<meta property=\"og:site_name\" content=\"CidadeMarketing\" \/>\n<meta property=\"article:publisher\" content=\"https:\/\/www.facebook.com\/portalcidademarketing\" \/>\n<meta property=\"article:author\" content=\"https:\/\/www.facebook.com\/thalesbrandao\" \/>\n<meta property=\"article:published_time\" content=\"2020-09-05T23:39:34+00:00\" \/>\n<meta property=\"article:modified_time\" content=\"2020-09-05T23:39:37+00:00\" \/>\n<meta property=\"og:image\" content=\"https:\/\/www.cidademarketing.com.br\/marketing\/wp-content\/uploads\/2020\/09\/Restaurante-Madero-inaugura-unidade-de-numero-200-com-projeto-arquitetonico-de-Kethlen-Ribas-Durski-scaled.jpg\" \/>\n\t<meta property=\"og:image:width\" content=\"2560\" \/>\n\t<meta property=\"og:image:height\" content=\"2072\" \/>\n\t<meta property=\"og:image:type\" content=\"image\/jpeg\" \/>\n<meta name=\"author\" content=\"Thales Brand\u00e3o\" \/>\n<meta name=\"twitter:card\" content=\"summary_large_image\" \/>\n<meta name=\"twitter:creator\" content=\"@http:\/\/www.twitter.com\/thalesbrandao\" \/>\n<meta name=\"twitter:site\" content=\"@CidadeMarketing\" \/>\n<meta name=\"twitter:label1\" content=\"Escrito por\" \/>\n\t<meta name=\"twitter:data1\" content=\"Thales Brand\u00e3o\" \/>\n\t<meta name=\"twitter:label2\" content=\"Est. tempo de leitura\" \/>\n\t<meta name=\"twitter:data2\" content=\"4 minutos\" \/>\n<script type=\"application\/ld+json\" class=\"yoast-schema-graph\">{\"@context\":\"https:\\\/\\\/schema.org\",\"@graph\":[{\"@type\":\"Article\",\"@id\":\"https:\\\/\\\/www.cidademarketing.com.br\\\/marketing\\\/2020\\\/09\\\/05\\\/madero-abre-restaurante-de-numero-200-comemorando-15-anos-de-mercado\\\/#article\",\"isPartOf\":{\"@id\":\"https:\\\/\\\/www.cidademarketing.com.br\\\/marketing\\\/2020\\\/09\\\/05\\\/madero-abre-restaurante-de-numero-200-comemorando-15-anos-de-mercado\\\/\"},\"author\":{\"name\":\"Thales Brand\u00e3o\",\"@id\":\"https:\\\/\\\/www.cidademarketing.com.br\\\/marketing\\\/#\\\/schema\\\/person\\\/02daff9f18bd9378c9e01eb6b2db155f\"},\"headline\":\"Madero abre restaurante de n\u00famero 200 comemorando 15 anos de mercado\",\"datePublished\":\"2020-09-05T23:39:34+00:00\",\"dateModified\":\"2020-09-05T23:39:37+00:00\",\"mainEntityOfPage\":{\"@id\":\"https:\\\/\\\/www.cidademarketing.com.br\\\/marketing\\\/2020\\\/09\\\/05\\\/madero-abre-restaurante-de-numero-200-comemorando-15-anos-de-mercado\\\/\"},\"wordCount\":845,\"commentCount\":0,\"publisher\":{\"@id\":\"https:\\\/\\\/www.cidademarketing.com.br\\\/marketing\\\/#organization\"},\"image\":{\"@id\":\"https:\\\/\\\/www.cidademarketing.com.br\\\/marketing\\\/2020\\\/09\\\/05\\\/madero-abre-restaurante-de-numero-200-comemorando-15-anos-de-mercado\\\/#primaryimage\"},\"thumbnailUrl\":\"https:\\\/\\\/www.cidademarketing.com.br\\\/marketing\\\/wp-content\\\/uploads\\\/2020\\\/09\\\/Restaurante-Madero-inaugura-unidade-de-numero-200-com-projeto-arquitetonico-de-Kethlen-Ribas-Durski-scaled.jpg\",\"keywords\":[\"estrat\u00e9gia\",\"Madero\",\"marca\",\"marketing\"],\"articleSection\":[\"Not\u00edcias\"],\"inLanguage\":\"pt-BR\",\"potentialAction\":[{\"@type\":\"CommentAction\",\"name\":\"Comment\",\"target\":[\"https:\\\/\\\/www.cidademarketing.com.br\\\/marketing\\\/2020\\\/09\\\/05\\\/madero-abre-restaurante-de-numero-200-comemorando-15-anos-de-mercado\\\/#respond\"]}]},{\"@type\":\"WebPage\",\"@id\":\"https:\\\/\\\/www.cidademarketing.com.br\\\/marketing\\\/2020\\\/09\\\/05\\\/madero-abre-restaurante-de-numero-200-comemorando-15-anos-de-mercado\\\/\",\"url\":\"https:\\\/\\\/www.cidademarketing.com.br\\\/marketing\\\/2020\\\/09\\\/05\\\/madero-abre-restaurante-de-numero-200-comemorando-15-anos-de-mercado\\\/\",\"name\":\"Madero abre restaurante de n\u00famero 200 comemorando 15 anos de mercado - CidadeMarketing\",\"isPartOf\":{\"@id\":\"https:\\\/\\\/www.cidademarketing.com.br\\\/marketing\\\/#website\"},\"primaryImageOfPage\":{\"@id\":\"https:\\\/\\\/www.cidademarketing.com.br\\\/marketing\\\/2020\\\/09\\\/05\\\/madero-abre-restaurante-de-numero-200-comemorando-15-anos-de-mercado\\\/#primaryimage\"},\"image\":{\"@id\":\"https:\\\/\\\/www.cidademarketing.com.br\\\/marketing\\\/2020\\\/09\\\/05\\\/madero-abre-restaurante-de-numero-200-comemorando-15-anos-de-mercado\\\/#primaryimage\"},\"thumbnailUrl\":\"https:\\\/\\\/www.cidademarketing.com.br\\\/marketing\\\/wp-content\\\/uploads\\\/2020\\\/09\\\/Restaurante-Madero-inaugura-unidade-de-numero-200-com-projeto-arquitetonico-de-Kethlen-Ribas-Durski-scaled.jpg\",\"datePublished\":\"2020-09-05T23:39:34+00:00\",\"dateModified\":\"2020-09-05T23:39:37+00:00\",\"breadcrumb\":{\"@id\":\"https:\\\/\\\/www.cidademarketing.com.br\\\/marketing\\\/2020\\\/09\\\/05\\\/madero-abre-restaurante-de-numero-200-comemorando-15-anos-de-mercado\\\/#breadcrumb\"},\"inLanguage\":\"pt-BR\",\"potentialAction\":[{\"@type\":\"ReadAction\",\"target\":[\"https:\\\/\\\/www.cidademarketing.com.br\\\/marketing\\\/2020\\\/09\\\/05\\\/madero-abre-restaurante-de-numero-200-comemorando-15-anos-de-mercado\\\/\"]}]},{\"@type\":\"ImageObject\",\"inLanguage\":\"pt-BR\",\"@id\":\"https:\\\/\\\/www.cidademarketing.com.br\\\/marketing\\\/2020\\\/09\\\/05\\\/madero-abre-restaurante-de-numero-200-comemorando-15-anos-de-mercado\\\/#primaryimage\",\"url\":\"https:\\\/\\\/www.cidademarketing.com.br\\\/marketing\\\/wp-content\\\/uploads\\\/2020\\\/09\\\/Restaurante-Madero-inaugura-unidade-de-numero-200-com-projeto-arquitetonico-de-Kethlen-Ribas-Durski-scaled.jpg\",\"contentUrl\":\"https:\\\/\\\/www.cidademarketing.com.br\\\/marketing\\\/wp-content\\\/uploads\\\/2020\\\/09\\\/Restaurante-Madero-inaugura-unidade-de-numero-200-com-projeto-arquitetonico-de-Kethlen-Ribas-Durski-scaled.jpg\",\"width\":2560,\"height\":2072,\"caption\":\"Cr\u00e9dito\\\/ Foto - Gerson Lima.\"},{\"@type\":\"BreadcrumbList\",\"@id\":\"https:\\\/\\\/www.cidademarketing.com.br\\\/marketing\\\/2020\\\/09\\\/05\\\/madero-abre-restaurante-de-numero-200-comemorando-15-anos-de-mercado\\\/#breadcrumb\",\"itemListElement\":[{\"@type\":\"ListItem\",\"position\":1,\"name\":\"In\u00edcio\",\"item\":\"https:\\\/\\\/www.cidademarketing.com.br\\\/marketing\\\/\"},{\"@type\":\"ListItem\",\"position\":2,\"name\":\"Madero abre restaurante de n\u00famero 200 comemorando 15 anos de mercado\"}]},{\"@type\":\"WebSite\",\"@id\":\"https:\\\/\\\/www.cidademarketing.com.br\\\/marketing\\\/#website\",\"url\":\"https:\\\/\\\/www.cidademarketing.com.br\\\/marketing\\\/\",\"name\":\"CidadeMarketing\",\"description\":\"Somos um ve\u00edculo de comunica\u00e7\u00e3o de destaque no Brasil, reconhecido por conte\u00fados nos segmentos de marketing, empreendedorismo e inova\u00e7\u00e3o.\",\"publisher\":{\"@id\":\"https:\\\/\\\/www.cidademarketing.com.br\\\/marketing\\\/#organization\"},\"alternateName\":\"CidadeMarketing\",\"potentialAction\":[{\"@type\":\"SearchAction\",\"target\":{\"@type\":\"EntryPoint\",\"urlTemplate\":\"https:\\\/\\\/www.cidademarketing.com.br\\\/marketing\\\/?s={search_term_string}\"},\"query-input\":{\"@type\":\"PropertyValueSpecification\",\"valueRequired\":true,\"valueName\":\"search_term_string\"}}],\"inLanguage\":\"pt-BR\"},{\"@type\":\"Organization\",\"@id\":\"https:\\\/\\\/www.cidademarketing.com.br\\\/marketing\\\/#organization\",\"name\":\"CidadeMarketing\",\"alternateName\":\"CidadeMarketing\",\"url\":\"https:\\\/\\\/www.cidademarketing.com.br\\\/marketing\\\/\",\"logo\":{\"@type\":\"ImageObject\",\"inLanguage\":\"pt-BR\",\"@id\":\"https:\\\/\\\/www.cidademarketing.com.br\\\/marketing\\\/#\\\/schema\\\/logo\\\/image\\\/\",\"url\":\"https:\\\/\\\/www.cidademarketing.com.br\\\/marketing\\\/wp-content\\\/uploads\\\/2020\\\/01\\\/cidademarketing_marca_mobile.png\",\"contentUrl\":\"https:\\\/\\\/www.cidademarketing.com.br\\\/marketing\\\/wp-content\\\/uploads\\\/2020\\\/01\\\/cidademarketing_marca_mobile.png\",\"width\":230,\"height\":92,\"caption\":\"CidadeMarketing\"},\"image\":{\"@id\":\"https:\\\/\\\/www.cidademarketing.com.br\\\/marketing\\\/#\\\/schema\\\/logo\\\/image\\\/\"},\"sameAs\":[\"https:\\\/\\\/www.facebook.com\\\/portalcidademarketing\",\"https:\\\/\\\/x.com\\\/CidadeMarketing\",\"https:\\\/\\\/www.instagram.com\\\/cidademarketing\\\/\"]},{\"@type\":\"Person\",\"@id\":\"https:\\\/\\\/www.cidademarketing.com.br\\\/marketing\\\/#\\\/schema\\\/person\\\/02daff9f18bd9378c9e01eb6b2db155f\",\"name\":\"Thales Brand\u00e3o\",\"image\":{\"@type\":\"ImageObject\",\"inLanguage\":\"pt-BR\",\"@id\":\"https:\\\/\\\/secure.gravatar.com\\\/avatar\\\/7ca3206950207cc3cb48feec56a8a7898741ab725c368d99d5d7a5a50aab80c6?s=96&d=mm&r=g\",\"url\":\"https:\\\/\\\/secure.gravatar.com\\\/avatar\\\/7ca3206950207cc3cb48feec56a8a7898741ab725c368d99d5d7a5a50aab80c6?s=96&d=mm&r=g\",\"contentUrl\":\"https:\\\/\\\/secure.gravatar.com\\\/avatar\\\/7ca3206950207cc3cb48feec56a8a7898741ab725c368d99d5d7a5a50aab80c6?s=96&d=mm&r=g\",\"caption\":\"Thales Brand\u00e3o\"},\"description\":\"Editor Executivo do Portal CidadeMarketing.com.br &gt; Mestre em Comunica\u00e7\u00e3o e Sociedade pela Universidade Federal de Sergipe. Possui MBA Executivo em Administra\u00e7\u00e3o com \u00eanfase em Marketing pela Funda\u00e7\u00e3o Get\u00falio Vargas - Rio de Janeiro. Consultor, Palestrante e Pesquisador sobre Empreendedorismo, Marketing, Redes Sociais e Neg\u00f3cios Digitais. Professor, Palestrante TedxTalks e Campus Party. Twitter: @ThalesBrandao\",\"sameAs\":[\"http:\\\/\\\/www.mandacaru.com.br\",\"https:\\\/\\\/www.facebook.com\\\/thalesbrandao\",\"http:\\\/\\\/www.instagram.com.br\\\/thalesbrandaoferreira\",\"https:\\\/\\\/www.linkedin.com\\\/in\\\/thales-brand\u00e3o-3948609\\\/\",\"https:\\\/\\\/x.com\\\/http:\\\/\\\/www.twitter.com\\\/thalesbrandao\"],\"url\":\"https:\\\/\\\/www.cidademarketing.com.br\\\/marketing\\\/author\\\/thalesbrandao\\\/\"}]}<\/script>\n<!-- \/ Yoast SEO plugin. -->","yoast_head_json":{"title":"Madero abre restaurante de n\u00famero 200 comemorando 15 anos de mercado - CidadeMarketing","robots":{"index":"index","follow":"follow","max-snippet":"max-snippet:-1","max-image-preview":"max-image-preview:large","max-video-preview":"max-video-preview:-1"},"canonical":"https:\/\/www.cidademarketing.com.br\/marketing\/2020\/09\/05\/madero-abre-restaurante-de-numero-200-comemorando-15-anos-de-mercado\/","og_locale":"pt_BR","og_type":"article","og_title":"Madero abre restaurante de n\u00famero 200 comemorando 15 anos de mercado - CidadeMarketing","og_description":"Setembro \u00e9 um marco importante para o chef e empres\u00e1rio Junior Durski, que no mesmo m\u00eas em 2017, tamb\u00e9m conquistou a abertura do cent\u00e9simo restaurante, no Rio de janeiro. De l\u00e1 pra c\u00e1, dobrou o n\u00famero de unidades e mesmo neste ano t\u00e3o desafiador de 2020, inaugura 45 novas unidades.\u00a0 Hoje, 15 anos depois da [&hellip;]","og_url":"https:\/\/www.cidademarketing.com.br\/marketing\/2020\/09\/05\/madero-abre-restaurante-de-numero-200-comemorando-15-anos-de-mercado\/","og_site_name":"CidadeMarketing","article_publisher":"https:\/\/www.facebook.com\/portalcidademarketing","article_author":"https:\/\/www.facebook.com\/thalesbrandao","article_published_time":"2020-09-05T23:39:34+00:00","article_modified_time":"2020-09-05T23:39:37+00:00","og_image":[{"width":2560,"height":2072,"url":"https:\/\/www.cidademarketing.com.br\/marketing\/wp-content\/uploads\/2020\/09\/Restaurante-Madero-inaugura-unidade-de-numero-200-com-projeto-arquitetonico-de-Kethlen-Ribas-Durski-scaled.jpg","type":"image\/jpeg"}],"author":"Thales Brand\u00e3o","twitter_card":"summary_large_image","twitter_creator":"@http:\/\/www.twitter.com\/thalesbrandao","twitter_site":"@CidadeMarketing","twitter_misc":{"Escrito por":"Thales Brand\u00e3o","Est. tempo de leitura":"4 minutos"},"schema":{"@context":"https:\/\/schema.org","@graph":[{"@type":"Article","@id":"https:\/\/www.cidademarketing.com.br\/marketing\/2020\/09\/05\/madero-abre-restaurante-de-numero-200-comemorando-15-anos-de-mercado\/#article","isPartOf":{"@id":"https:\/\/www.cidademarketing.com.br\/marketing\/2020\/09\/05\/madero-abre-restaurante-de-numero-200-comemorando-15-anos-de-mercado\/"},"author":{"name":"Thales Brand\u00e3o","@id":"https:\/\/www.cidademarketing.com.br\/marketing\/#\/schema\/person\/02daff9f18bd9378c9e01eb6b2db155f"},"headline":"Madero abre restaurante de n\u00famero 200 comemorando 15 anos de mercado","datePublished":"2020-09-05T23:39:34+00:00","dateModified":"2020-09-05T23:39:37+00:00","mainEntityOfPage":{"@id":"https:\/\/www.cidademarketing.com.br\/marketing\/2020\/09\/05\/madero-abre-restaurante-de-numero-200-comemorando-15-anos-de-mercado\/"},"wordCount":845,"commentCount":0,"publisher":{"@id":"https:\/\/www.cidademarketing.com.br\/marketing\/#organization"},"image":{"@id":"https:\/\/www.cidademarketing.com.br\/marketing\/2020\/09\/05\/madero-abre-restaurante-de-numero-200-comemorando-15-anos-de-mercado\/#primaryimage"},"thumbnailUrl":"https:\/\/www.cidademarketing.com.br\/marketing\/wp-content\/uploads\/2020\/09\/Restaurante-Madero-inaugura-unidade-de-numero-200-com-projeto-arquitetonico-de-Kethlen-Ribas-Durski-scaled.jpg","keywords":["estrat\u00e9gia","Madero","marca","marketing"],"articleSection":["Not\u00edcias"],"inLanguage":"pt-BR","potentialAction":[{"@type":"CommentAction","name":"Comment","target":["https:\/\/www.cidademarketing.com.br\/marketing\/2020\/09\/05\/madero-abre-restaurante-de-numero-200-comemorando-15-anos-de-mercado\/#respond"]}]},{"@type":"WebPage","@id":"https:\/\/www.cidademarketing.com.br\/marketing\/2020\/09\/05\/madero-abre-restaurante-de-numero-200-comemorando-15-anos-de-mercado\/","url":"https:\/\/www.cidademarketing.com.br\/marketing\/2020\/09\/05\/madero-abre-restaurante-de-numero-200-comemorando-15-anos-de-mercado\/","name":"Madero abre restaurante de n\u00famero 200 comemorando 15 anos de mercado - CidadeMarketing","isPartOf":{"@id":"https:\/\/www.cidademarketing.com.br\/marketing\/#website"},"primaryImageOfPage":{"@id":"https:\/\/www.cidademarketing.com.br\/marketing\/2020\/09\/05\/madero-abre-restaurante-de-numero-200-comemorando-15-anos-de-mercado\/#primaryimage"},"image":{"@id":"https:\/\/www.cidademarketing.com.br\/marketing\/2020\/09\/05\/madero-abre-restaurante-de-numero-200-comemorando-15-anos-de-mercado\/#primaryimage"},"thumbnailUrl":"https:\/\/www.cidademarketing.com.br\/marketing\/wp-content\/uploads\/2020\/09\/Restaurante-Madero-inaugura-unidade-de-numero-200-com-projeto-arquitetonico-de-Kethlen-Ribas-Durski-scaled.jpg","datePublished":"2020-09-05T23:39:34+00:00","dateModified":"2020-09-05T23:39:37+00:00","breadcrumb":{"@id":"https:\/\/www.cidademarketing.com.br\/marketing\/2020\/09\/05\/madero-abre-restaurante-de-numero-200-comemorando-15-anos-de-mercado\/#breadcrumb"},"inLanguage":"pt-BR","potentialAction":[{"@type":"ReadAction","target":["https:\/\/www.cidademarketing.com.br\/marketing\/2020\/09\/05\/madero-abre-restaurante-de-numero-200-comemorando-15-anos-de-mercado\/"]}]},{"@type":"ImageObject","inLanguage":"pt-BR","@id":"https:\/\/www.cidademarketing.com.br\/marketing\/2020\/09\/05\/madero-abre-restaurante-de-numero-200-comemorando-15-anos-de-mercado\/#primaryimage","url":"https:\/\/www.cidademarketing.com.br\/marketing\/wp-content\/uploads\/2020\/09\/Restaurante-Madero-inaugura-unidade-de-numero-200-com-projeto-arquitetonico-de-Kethlen-Ribas-Durski-scaled.jpg","contentUrl":"https:\/\/www.cidademarketing.com.br\/marketing\/wp-content\/uploads\/2020\/09\/Restaurante-Madero-inaugura-unidade-de-numero-200-com-projeto-arquitetonico-de-Kethlen-Ribas-Durski-scaled.jpg","width":2560,"height":2072,"caption":"Cr\u00e9dito\/ Foto - Gerson Lima."},{"@type":"BreadcrumbList","@id":"https:\/\/www.cidademarketing.com.br\/marketing\/2020\/09\/05\/madero-abre-restaurante-de-numero-200-comemorando-15-anos-de-mercado\/#breadcrumb","itemListElement":[{"@type":"ListItem","position":1,"name":"In\u00edcio","item":"https:\/\/www.cidademarketing.com.br\/marketing\/"},{"@type":"ListItem","position":2,"name":"Madero abre restaurante de n\u00famero 200 comemorando 15 anos de mercado"}]},{"@type":"WebSite","@id":"https:\/\/www.cidademarketing.com.br\/marketing\/#website","url":"https:\/\/www.cidademarketing.com.br\/marketing\/","name":"CidadeMarketing","description":"Somos um ve\u00edculo de comunica\u00e7\u00e3o de destaque no Brasil, reconhecido por conte\u00fados nos segmentos de marketing, empreendedorismo e inova\u00e7\u00e3o.","publisher":{"@id":"https:\/\/www.cidademarketing.com.br\/marketing\/#organization"},"alternateName":"CidadeMarketing","potentialAction":[{"@type":"SearchAction","target":{"@type":"EntryPoint","urlTemplate":"https:\/\/www.cidademarketing.com.br\/marketing\/?s={search_term_string}"},"query-input":{"@type":"PropertyValueSpecification","valueRequired":true,"valueName":"search_term_string"}}],"inLanguage":"pt-BR"},{"@type":"Organization","@id":"https:\/\/www.cidademarketing.com.br\/marketing\/#organization","name":"CidadeMarketing","alternateName":"CidadeMarketing","url":"https:\/\/www.cidademarketing.com.br\/marketing\/","logo":{"@type":"ImageObject","inLanguage":"pt-BR","@id":"https:\/\/www.cidademarketing.com.br\/marketing\/#\/schema\/logo\/image\/","url":"https:\/\/www.cidademarketing.com.br\/marketing\/wp-content\/uploads\/2020\/01\/cidademarketing_marca_mobile.png","contentUrl":"https:\/\/www.cidademarketing.com.br\/marketing\/wp-content\/uploads\/2020\/01\/cidademarketing_marca_mobile.png","width":230,"height":92,"caption":"CidadeMarketing"},"image":{"@id":"https:\/\/www.cidademarketing.com.br\/marketing\/#\/schema\/logo\/image\/"},"sameAs":["https:\/\/www.facebook.com\/portalcidademarketing","https:\/\/x.com\/CidadeMarketing","https:\/\/www.instagram.com\/cidademarketing\/"]},{"@type":"Person","@id":"https:\/\/www.cidademarketing.com.br\/marketing\/#\/schema\/person\/02daff9f18bd9378c9e01eb6b2db155f","name":"Thales Brand\u00e3o","image":{"@type":"ImageObject","inLanguage":"pt-BR","@id":"https:\/\/secure.gravatar.com\/avatar\/7ca3206950207cc3cb48feec56a8a7898741ab725c368d99d5d7a5a50aab80c6?s=96&d=mm&r=g","url":"https:\/\/secure.gravatar.com\/avatar\/7ca3206950207cc3cb48feec56a8a7898741ab725c368d99d5d7a5a50aab80c6?s=96&d=mm&r=g","contentUrl":"https:\/\/secure.gravatar.com\/avatar\/7ca3206950207cc3cb48feec56a8a7898741ab725c368d99d5d7a5a50aab80c6?s=96&d=mm&r=g","caption":"Thales Brand\u00e3o"},"description":"Editor Executivo do Portal CidadeMarketing.com.br &gt; Mestre em Comunica\u00e7\u00e3o e Sociedade pela Universidade Federal de Sergipe. Possui MBA Executivo em Administra\u00e7\u00e3o com \u00eanfase em Marketing pela Funda\u00e7\u00e3o Get\u00falio Vargas - Rio de Janeiro. Consultor, Palestrante e Pesquisador sobre Empreendedorismo, Marketing, Redes Sociais e Neg\u00f3cios Digitais. Professor, Palestrante TedxTalks e Campus Party. Twitter: @ThalesBrandao","sameAs":["http:\/\/www.mandacaru.com.br","https:\/\/www.facebook.com\/thalesbrandao","http:\/\/www.instagram.com.br\/thalesbrandaoferreira","https:\/\/www.linkedin.com\/in\/thales-brand\u00e3o-3948609\/","https:\/\/x.com\/http:\/\/www.twitter.com\/thalesbrandao"],"url":"https:\/\/www.cidademarketing.com.br\/marketing\/author\/thalesbrandao\/"}]}},"amp_enabled":true,"_links":{"self":[{"href":"https:\/\/www.cidademarketing.com.br\/marketing\/wp-json\/wp\/v2\/posts\/18757","targetHints":{"allow":["GET"]}}],"collection":[{"href":"https:\/\/www.cidademarketing.com.br\/marketing\/wp-json\/wp\/v2\/posts"}],"about":[{"href":"https:\/\/www.cidademarketing.com.br\/marketing\/wp-json\/wp\/v2\/types\/post"}],"author":[{"embeddable":true,"href":"https:\/\/www.cidademarketing.com.br\/marketing\/wp-json\/wp\/v2\/users\/1"}],"replies":[{"embeddable":true,"href":"https:\/\/www.cidademarketing.com.br\/marketing\/wp-json\/wp\/v2\/comments?post=18757"}],"version-history":[{"count":1,"href":"https:\/\/www.cidademarketing.com.br\/marketing\/wp-json\/wp\/v2\/posts\/18757\/revisions"}],"predecessor-version":[{"id":18760,"href":"https:\/\/www.cidademarketing.com.br\/marketing\/wp-json\/wp\/v2\/posts\/18757\/revisions\/18760"}],"wp:featuredmedia":[{"embeddable":true,"href":"https:\/\/www.cidademarketing.com.br\/marketing\/wp-json\/wp\/v2\/media\/18758"}],"wp:attachment":[{"href":"https:\/\/www.cidademarketing.com.br\/marketing\/wp-json\/wp\/v2\/media?parent=18757"}],"wp:term":[{"taxonomy":"category","embeddable":true,"href":"https:\/\/www.cidademarketing.com.br\/marketing\/wp-json\/wp\/v2\/categories?post=18757"},{"taxonomy":"post_tag","embeddable":true,"href":"https:\/\/www.cidademarketing.com.br\/marketing\/wp-json\/wp\/v2\/tags?post=18757"}],"curies":[{"name":"wp","href":"https:\/\/api.w.org\/{rel}","templated":true}]}}