{"id":18751,"date":"2020-09-05T20:27:55","date_gmt":"2020-09-05T23:27:55","guid":{"rendered":"https:\/\/www.cidademarketing.com.br\/marketing\/?p=18751"},"modified":"2020-09-05T20:28:55","modified_gmt":"2020-09-05T23:28:55","slug":"vencedores-do-5o-premio-abradi-profissional-digital-sao-anunciados-em-cerimonia-online-este-ano","status":"publish","type":"post","link":"https:\/\/www.cidademarketing.com.br\/marketing\/2020\/09\/05\/vencedores-do-5o-premio-abradi-profissional-digital-sao-anunciados-em-cerimonia-online-este-ano\/","title":{"rendered":"Vencedores do 5\u00ba Pr\u00eamio ABRADi Profissional Digital s\u00e3o anunciados em cerim\u00f4nia online este ano"},"content":{"rendered":"\n<p>A ABRADi, \u2013 Associa\u00e7\u00e3o Brasileira dos Agentes Digitais, anunciou, no \u00faltimo dia 28 de agosto, os vencedores do 5\u00ba Pr\u00eamio ABRADi Profissional Digital \u2013 <a rel=\"noreferrer noopener\" href=\"https:\/\/premioabradi.com.br\" target=\"_blank\">https:\/\/premioabradi.com.br<\/a>. Este ano a premia\u00e7\u00e3o, criada para valorizar os profissionais que trabalham e desenvolvem o ecossistema de comunica\u00e7\u00e3o digital, teve um recorde na participa\u00e7\u00e3o do p\u00fablico, ultrapassando 70 mil votos. Foram eleitos os melhores profissionais em 14 categorias do Pr\u00eamio: Business Intelligence, Conte\u00fado, Cria\u00e7\u00e3o, Gest\u00e3o De Projetos, M\u00eddia, Neg\u00f3cios, Planejamento, Programa\u00e7\u00e3o Mobile, Programa\u00e7\u00e3o Web, Redes Sociais, SEO \u2013 Search Engine Optimization, Tecnologia E UX \u2013 User Experience. A novidade da vers\u00e3o 2020 foi a cria\u00e7\u00e3o da categoria Startup. A elei\u00e7\u00e3o, como nos anos anteriores, ocorreu por vota\u00e7\u00e3o popular com a escolha dos vencedores entre os tr\u00eas finalistas de cada categoria.<\/p>\n\n\n\n<figure class=\"wp-block-embed-youtube wp-block-embed is-type-video is-provider-youtube wp-embed-aspect-16-9 wp-has-aspect-ratio\"><div class=\"wp-block-embed__wrapper\">\n<div class=\"youtube-embed\" data-video_id=\"rVmIccXYraM\"><iframe title=\"VENCEDORES PR\u00caMIO ABRADi 2020\" width=\"640\" height=\"360\" src=\"https:\/\/www.youtube.com\/embed\/rVmIccXYraM?feature=oembed&#038;enablejsapi=1&#038;enablejsapi=1\" frameborder=\"0\" allow=\"accelerometer; autoplay; clipboard-write; encrypted-media; gyroscope; picture-in-picture; web-share\" referrerpolicy=\"strict-origin-when-cross-origin\" allowfullscreen><\/iframe><\/div>\n<\/div><\/figure>\n\n\n\n<p><strong>M\u00eddia<\/strong>\u00a0\u2013 Alex Andrade \u2013 Maxmeio Tecnologia<\/p>\n\n\n\n<p><strong>Tecnologia \u2013<\/strong>Marison Souza \u2013 Maven<\/p>\n\n\n\n<p><strong>Programa\u00e7\u00e3o Web<\/strong>\u00a0\u2013 Aline Santa Rita \u2013 Aktuell<br><strong>Programa\u00e7\u00e3o Mobile \u2013<\/strong>Pedro Ivo Oliveira \u2013 Itech<br><strong>UX \u2013 User Experience\u00a0<\/strong>\u2013 Nathalia Alves \u2013 Dex01<\/p>\n\n\n\n<p><strong>Planejamento<\/strong>\u2013 Alfredo Salles \u2013 Trialead<\/p>\n\n\n\n<p><strong>Neg\u00f3cios<\/strong>\u2013 Alexandre Cez\u00e1rio \u2013 Pinealle<\/p>\n\n\n\n<p><strong>Business Intelligence<\/strong>\u00a0\u2013 Bruno Neves \u2013 Tecnowise<\/p>\n\n\n\n<p><strong>Cria\u00e7\u00e3o<\/strong>\u2013 Lucas Rodrigues \u2013 Layer Up<\/p>\n\n\n\n<p><strong>Conte\u00fado<\/strong>\u2013 D\u00e9bora Alcantara \u2013\u00a0Orna Group<\/p>\n\n\n\n<p><strong>Gest\u00e3o de Projetos<\/strong>\u00a0\u2013 Marcia Sumie \u2013 Vetor Zero<\/p>\n\n\n\n<p><strong>Redes Sociais<\/strong>\u2013 Ra\u00edssa Medeiros \u2013 Maxmeio Tecnologia<\/p>\n\n\n\n<p><strong>SEO \u2013 Search Engine Optimization<\/strong>\u00a0\u2013 Daniel Imamura<\/p>\n\n\n\n<p><strong>Startups<\/strong>\u2013\u00a0Caio Rigoldi \u2013 mLabs<\/p>\n","protected":false},"excerpt":{"rendered":"<p>A ABRADi, \u2013 Associa\u00e7\u00e3o Brasileira dos Agentes Digitais, anunciou, no \u00faltimo dia 28 de agosto, os vencedores do 5\u00ba Pr\u00eamio ABRADi Profissional Digital \u2013 https:\/\/premioabradi.com.br. Este ano a premia\u00e7\u00e3o, criada para valorizar os profissionais que trabalham e desenvolvem o ecossistema de comunica\u00e7\u00e3o digital, teve um recorde na participa\u00e7\u00e3o do p\u00fablico, ultrapassando 70 mil votos. Foram [&hellip;]<\/p>\n","protected":false},"author":1,"featured_media":16211,"comment_status":"open","ping_status":"open","sticky":false,"template":"","format":"standard","meta":{"tdm_status":"","tdm_grid_status":"","footnotes":""},"categories":[11,6],"tags":[1384,33,28,26],"class_list":["post-18751","post","type-post","status-publish","format-standard","has-post-thumbnail","hentry","category-digital","category-noticias","tag-abradi","tag-estrategia","tag-marketing","tag-marketing-digital"],"yoast_head":"<!-- This site is optimized with the Yoast SEO plugin v27.5 - https:\/\/yoast.com\/product\/yoast-seo-wordpress\/ -->\n<title>Vencedores do 5\u00ba Pr\u00eamio ABRADi Profissional Digital s\u00e3o anunciados em cerim\u00f4nia online este ano - CidadeMarketing<\/title>\n<meta name=\"robots\" content=\"index, follow, max-snippet:-1, max-image-preview:large, max-video-preview:-1\" \/>\n<link rel=\"canonical\" href=\"https:\/\/www.cidademarketing.com.br\/marketing\/2020\/09\/05\/vencedores-do-5o-premio-abradi-profissional-digital-sao-anunciados-em-cerimonia-online-este-ano\/\" \/>\n<meta property=\"og:locale\" content=\"pt_BR\" \/>\n<meta property=\"og:type\" content=\"article\" \/>\n<meta property=\"og:title\" content=\"Vencedores do 5\u00ba Pr\u00eamio ABRADi Profissional Digital s\u00e3o anunciados em cerim\u00f4nia online este ano - CidadeMarketing\" \/>\n<meta property=\"og:description\" content=\"A ABRADi, \u2013 Associa\u00e7\u00e3o Brasileira dos Agentes Digitais, anunciou, no \u00faltimo dia 28 de agosto, os vencedores do 5\u00ba Pr\u00eamio ABRADi Profissional Digital \u2013 https:\/\/premioabradi.com.br. Este ano a premia\u00e7\u00e3o, criada para valorizar os profissionais que trabalham e desenvolvem o ecossistema de comunica\u00e7\u00e3o digital, teve um recorde na participa\u00e7\u00e3o do p\u00fablico, ultrapassando 70 mil votos. Foram [&hellip;]\" \/>\n<meta property=\"og:url\" content=\"https:\/\/www.cidademarketing.com.br\/marketing\/2020\/09\/05\/vencedores-do-5o-premio-abradi-profissional-digital-sao-anunciados-em-cerimonia-online-este-ano\/\" \/>\n<meta property=\"og:site_name\" content=\"CidadeMarketing\" \/>\n<meta property=\"article:publisher\" content=\"https:\/\/www.facebook.com\/portalcidademarketing\" \/>\n<meta property=\"article:author\" content=\"https:\/\/www.facebook.com\/thalesbrandao\" \/>\n<meta property=\"article:published_time\" content=\"2020-09-05T23:27:55+00:00\" \/>\n<meta property=\"article:modified_time\" content=\"2020-09-05T23:28:55+00:00\" \/>\n<meta property=\"og:image\" content=\"https:\/\/www.cidademarketing.com.br\/marketing\/wp-content\/uploads\/2020\/05\/abradi.png\" \/>\n\t<meta property=\"og:image:width\" content=\"378\" \/>\n\t<meta property=\"og:image:height\" content=\"378\" \/>\n\t<meta property=\"og:image:type\" content=\"image\/png\" \/>\n<meta name=\"author\" content=\"Thales Brand\u00e3o\" \/>\n<meta name=\"twitter:card\" content=\"summary_large_image\" \/>\n<meta name=\"twitter:creator\" content=\"@http:\/\/www.twitter.com\/thalesbrandao\" \/>\n<meta name=\"twitter:site\" content=\"@CidadeMarketing\" \/>\n<meta name=\"twitter:label1\" content=\"Escrito por\" \/>\n\t<meta name=\"twitter:data1\" content=\"Thales Brand\u00e3o\" \/>\n\t<meta name=\"twitter:label2\" content=\"Est. tempo de leitura\" \/>\n\t<meta name=\"twitter:data2\" content=\"1 minuto\" \/>\n<script type=\"application\/ld+json\" class=\"yoast-schema-graph\">{\"@context\":\"https:\\\/\\\/schema.org\",\"@graph\":[{\"@type\":\"Article\",\"@id\":\"https:\\\/\\\/www.cidademarketing.com.br\\\/marketing\\\/2020\\\/09\\\/05\\\/vencedores-do-5o-premio-abradi-profissional-digital-sao-anunciados-em-cerimonia-online-este-ano\\\/#article\",\"isPartOf\":{\"@id\":\"https:\\\/\\\/www.cidademarketing.com.br\\\/marketing\\\/2020\\\/09\\\/05\\\/vencedores-do-5o-premio-abradi-profissional-digital-sao-anunciados-em-cerimonia-online-este-ano\\\/\"},\"author\":{\"name\":\"Thales Brand\u00e3o\",\"@id\":\"https:\\\/\\\/www.cidademarketing.com.br\\\/marketing\\\/#\\\/schema\\\/person\\\/02daff9f18bd9378c9e01eb6b2db155f\"},\"headline\":\"Vencedores do 5\u00ba Pr\u00eamio ABRADi Profissional Digital s\u00e3o anunciados em cerim\u00f4nia online este ano\",\"datePublished\":\"2020-09-05T23:27:55+00:00\",\"dateModified\":\"2020-09-05T23:28:55+00:00\",\"mainEntityOfPage\":{\"@id\":\"https:\\\/\\\/www.cidademarketing.com.br\\\/marketing\\\/2020\\\/09\\\/05\\\/vencedores-do-5o-premio-abradi-profissional-digital-sao-anunciados-em-cerimonia-online-este-ano\\\/\"},\"wordCount\":247,\"commentCount\":0,\"publisher\":{\"@id\":\"https:\\\/\\\/www.cidademarketing.com.br\\\/marketing\\\/#organization\"},\"image\":{\"@id\":\"https:\\\/\\\/www.cidademarketing.com.br\\\/marketing\\\/2020\\\/09\\\/05\\\/vencedores-do-5o-premio-abradi-profissional-digital-sao-anunciados-em-cerimonia-online-este-ano\\\/#primaryimage\"},\"thumbnailUrl\":\"https:\\\/\\\/www.cidademarketing.com.br\\\/marketing\\\/wp-content\\\/uploads\\\/2020\\\/05\\\/abradi.png\",\"keywords\":[\"ABRADi\",\"estrat\u00e9gia\",\"marketing\",\"marketing digital\"],\"articleSection\":[\"Digital\",\"Not\u00edcias\"],\"inLanguage\":\"pt-BR\",\"potentialAction\":[{\"@type\":\"CommentAction\",\"name\":\"Comment\",\"target\":[\"https:\\\/\\\/www.cidademarketing.com.br\\\/marketing\\\/2020\\\/09\\\/05\\\/vencedores-do-5o-premio-abradi-profissional-digital-sao-anunciados-em-cerimonia-online-este-ano\\\/#respond\"]}]},{\"@type\":\"WebPage\",\"@id\":\"https:\\\/\\\/www.cidademarketing.com.br\\\/marketing\\\/2020\\\/09\\\/05\\\/vencedores-do-5o-premio-abradi-profissional-digital-sao-anunciados-em-cerimonia-online-este-ano\\\/\",\"url\":\"https:\\\/\\\/www.cidademarketing.com.br\\\/marketing\\\/2020\\\/09\\\/05\\\/vencedores-do-5o-premio-abradi-profissional-digital-sao-anunciados-em-cerimonia-online-este-ano\\\/\",\"name\":\"Vencedores do 5\u00ba Pr\u00eamio ABRADi Profissional Digital s\u00e3o anunciados em cerim\u00f4nia online este ano - CidadeMarketing\",\"isPartOf\":{\"@id\":\"https:\\\/\\\/www.cidademarketing.com.br\\\/marketing\\\/#website\"},\"primaryImageOfPage\":{\"@id\":\"https:\\\/\\\/www.cidademarketing.com.br\\\/marketing\\\/2020\\\/09\\\/05\\\/vencedores-do-5o-premio-abradi-profissional-digital-sao-anunciados-em-cerimonia-online-este-ano\\\/#primaryimage\"},\"image\":{\"@id\":\"https:\\\/\\\/www.cidademarketing.com.br\\\/marketing\\\/2020\\\/09\\\/05\\\/vencedores-do-5o-premio-abradi-profissional-digital-sao-anunciados-em-cerimonia-online-este-ano\\\/#primaryimage\"},\"thumbnailUrl\":\"https:\\\/\\\/www.cidademarketing.com.br\\\/marketing\\\/wp-content\\\/uploads\\\/2020\\\/05\\\/abradi.png\",\"datePublished\":\"2020-09-05T23:27:55+00:00\",\"dateModified\":\"2020-09-05T23:28:55+00:00\",\"breadcrumb\":{\"@id\":\"https:\\\/\\\/www.cidademarketing.com.br\\\/marketing\\\/2020\\\/09\\\/05\\\/vencedores-do-5o-premio-abradi-profissional-digital-sao-anunciados-em-cerimonia-online-este-ano\\\/#breadcrumb\"},\"inLanguage\":\"pt-BR\",\"potentialAction\":[{\"@type\":\"ReadAction\",\"target\":[\"https:\\\/\\\/www.cidademarketing.com.br\\\/marketing\\\/2020\\\/09\\\/05\\\/vencedores-do-5o-premio-abradi-profissional-digital-sao-anunciados-em-cerimonia-online-este-ano\\\/\"]}]},{\"@type\":\"ImageObject\",\"inLanguage\":\"pt-BR\",\"@id\":\"https:\\\/\\\/www.cidademarketing.com.br\\\/marketing\\\/2020\\\/09\\\/05\\\/vencedores-do-5o-premio-abradi-profissional-digital-sao-anunciados-em-cerimonia-online-este-ano\\\/#primaryimage\",\"url\":\"https:\\\/\\\/www.cidademarketing.com.br\\\/marketing\\\/wp-content\\\/uploads\\\/2020\\\/05\\\/abradi.png\",\"contentUrl\":\"https:\\\/\\\/www.cidademarketing.com.br\\\/marketing\\\/wp-content\\\/uploads\\\/2020\\\/05\\\/abradi.png\",\"width\":378,\"height\":378},{\"@type\":\"BreadcrumbList\",\"@id\":\"https:\\\/\\\/www.cidademarketing.com.br\\\/marketing\\\/2020\\\/09\\\/05\\\/vencedores-do-5o-premio-abradi-profissional-digital-sao-anunciados-em-cerimonia-online-este-ano\\\/#breadcrumb\",\"itemListElement\":[{\"@type\":\"ListItem\",\"position\":1,\"name\":\"In\u00edcio\",\"item\":\"https:\\\/\\\/www.cidademarketing.com.br\\\/marketing\\\/\"},{\"@type\":\"ListItem\",\"position\":2,\"name\":\"Vencedores do 5\u00ba Pr\u00eamio ABRADi Profissional Digital s\u00e3o anunciados em cerim\u00f4nia online este ano\"}]},{\"@type\":\"WebSite\",\"@id\":\"https:\\\/\\\/www.cidademarketing.com.br\\\/marketing\\\/#website\",\"url\":\"https:\\\/\\\/www.cidademarketing.com.br\\\/marketing\\\/\",\"name\":\"CidadeMarketing\",\"description\":\"Somos um ve\u00edculo de comunica\u00e7\u00e3o de destaque no Brasil, reconhecido por conte\u00fados nos segmentos de marketing, empreendedorismo e inova\u00e7\u00e3o.\",\"publisher\":{\"@id\":\"https:\\\/\\\/www.cidademarketing.com.br\\\/marketing\\\/#organization\"},\"alternateName\":\"CidadeMarketing\",\"potentialAction\":[{\"@type\":\"SearchAction\",\"target\":{\"@type\":\"EntryPoint\",\"urlTemplate\":\"https:\\\/\\\/www.cidademarketing.com.br\\\/marketing\\\/?s={search_term_string}\"},\"query-input\":{\"@type\":\"PropertyValueSpecification\",\"valueRequired\":true,\"valueName\":\"search_term_string\"}}],\"inLanguage\":\"pt-BR\"},{\"@type\":\"Organization\",\"@id\":\"https:\\\/\\\/www.cidademarketing.com.br\\\/marketing\\\/#organization\",\"name\":\"CidadeMarketing\",\"alternateName\":\"CidadeMarketing\",\"url\":\"https:\\\/\\\/www.cidademarketing.com.br\\\/marketing\\\/\",\"logo\":{\"@type\":\"ImageObject\",\"inLanguage\":\"pt-BR\",\"@id\":\"https:\\\/\\\/www.cidademarketing.com.br\\\/marketing\\\/#\\\/schema\\\/logo\\\/image\\\/\",\"url\":\"https:\\\/\\\/www.cidademarketing.com.br\\\/marketing\\\/wp-content\\\/uploads\\\/2020\\\/01\\\/cidademarketing_marca_mobile.png\",\"contentUrl\":\"https:\\\/\\\/www.cidademarketing.com.br\\\/marketing\\\/wp-content\\\/uploads\\\/2020\\\/01\\\/cidademarketing_marca_mobile.png\",\"width\":230,\"height\":92,\"caption\":\"CidadeMarketing\"},\"image\":{\"@id\":\"https:\\\/\\\/www.cidademarketing.com.br\\\/marketing\\\/#\\\/schema\\\/logo\\\/image\\\/\"},\"sameAs\":[\"https:\\\/\\\/www.facebook.com\\\/portalcidademarketing\",\"https:\\\/\\\/x.com\\\/CidadeMarketing\",\"https:\\\/\\\/www.instagram.com\\\/cidademarketing\\\/\"]},{\"@type\":\"Person\",\"@id\":\"https:\\\/\\\/www.cidademarketing.com.br\\\/marketing\\\/#\\\/schema\\\/person\\\/02daff9f18bd9378c9e01eb6b2db155f\",\"name\":\"Thales Brand\u00e3o\",\"image\":{\"@type\":\"ImageObject\",\"inLanguage\":\"pt-BR\",\"@id\":\"https:\\\/\\\/secure.gravatar.com\\\/avatar\\\/7ca3206950207cc3cb48feec56a8a7898741ab725c368d99d5d7a5a50aab80c6?s=96&d=mm&r=g\",\"url\":\"https:\\\/\\\/secure.gravatar.com\\\/avatar\\\/7ca3206950207cc3cb48feec56a8a7898741ab725c368d99d5d7a5a50aab80c6?s=96&d=mm&r=g\",\"contentUrl\":\"https:\\\/\\\/secure.gravatar.com\\\/avatar\\\/7ca3206950207cc3cb48feec56a8a7898741ab725c368d99d5d7a5a50aab80c6?s=96&d=mm&r=g\",\"caption\":\"Thales Brand\u00e3o\"},\"description\":\"Editor Executivo do Portal CidadeMarketing.com.br &gt; Mestre em Comunica\u00e7\u00e3o e Sociedade pela Universidade Federal de Sergipe. Possui MBA Executivo em Administra\u00e7\u00e3o com \u00eanfase em Marketing pela Funda\u00e7\u00e3o Get\u00falio Vargas - Rio de Janeiro. Consultor, Palestrante e Pesquisador sobre Empreendedorismo, Marketing, Redes Sociais e Neg\u00f3cios Digitais. Professor, Palestrante TedxTalks e Campus Party. Twitter: @ThalesBrandao\",\"sameAs\":[\"http:\\\/\\\/www.mandacaru.com.br\",\"https:\\\/\\\/www.facebook.com\\\/thalesbrandao\",\"http:\\\/\\\/www.instagram.com.br\\\/thalesbrandaoferreira\",\"https:\\\/\\\/www.linkedin.com\\\/in\\\/thales-brand\u00e3o-3948609\\\/\",\"https:\\\/\\\/x.com\\\/http:\\\/\\\/www.twitter.com\\\/thalesbrandao\"],\"url\":\"https:\\\/\\\/www.cidademarketing.com.br\\\/marketing\\\/author\\\/thalesbrandao\\\/\"}]}<\/script>\n<!-- \/ Yoast SEO plugin. -->","yoast_head_json":{"title":"Vencedores do 5\u00ba Pr\u00eamio ABRADi Profissional Digital s\u00e3o anunciados em cerim\u00f4nia online este ano - CidadeMarketing","robots":{"index":"index","follow":"follow","max-snippet":"max-snippet:-1","max-image-preview":"max-image-preview:large","max-video-preview":"max-video-preview:-1"},"canonical":"https:\/\/www.cidademarketing.com.br\/marketing\/2020\/09\/05\/vencedores-do-5o-premio-abradi-profissional-digital-sao-anunciados-em-cerimonia-online-este-ano\/","og_locale":"pt_BR","og_type":"article","og_title":"Vencedores do 5\u00ba Pr\u00eamio ABRADi Profissional Digital s\u00e3o anunciados em cerim\u00f4nia online este ano - CidadeMarketing","og_description":"A ABRADi, \u2013 Associa\u00e7\u00e3o Brasileira dos Agentes Digitais, anunciou, no \u00faltimo dia 28 de agosto, os vencedores do 5\u00ba Pr\u00eamio ABRADi Profissional Digital \u2013 https:\/\/premioabradi.com.br. Este ano a premia\u00e7\u00e3o, criada para valorizar os profissionais que trabalham e desenvolvem o ecossistema de comunica\u00e7\u00e3o digital, teve um recorde na participa\u00e7\u00e3o do p\u00fablico, ultrapassando 70 mil votos. Foram [&hellip;]","og_url":"https:\/\/www.cidademarketing.com.br\/marketing\/2020\/09\/05\/vencedores-do-5o-premio-abradi-profissional-digital-sao-anunciados-em-cerimonia-online-este-ano\/","og_site_name":"CidadeMarketing","article_publisher":"https:\/\/www.facebook.com\/portalcidademarketing","article_author":"https:\/\/www.facebook.com\/thalesbrandao","article_published_time":"2020-09-05T23:27:55+00:00","article_modified_time":"2020-09-05T23:28:55+00:00","og_image":[{"width":378,"height":378,"url":"https:\/\/www.cidademarketing.com.br\/marketing\/wp-content\/uploads\/2020\/05\/abradi.png","type":"image\/png"}],"author":"Thales Brand\u00e3o","twitter_card":"summary_large_image","twitter_creator":"@http:\/\/www.twitter.com\/thalesbrandao","twitter_site":"@CidadeMarketing","twitter_misc":{"Escrito por":"Thales Brand\u00e3o","Est. tempo de leitura":"1 minuto"},"schema":{"@context":"https:\/\/schema.org","@graph":[{"@type":"Article","@id":"https:\/\/www.cidademarketing.com.br\/marketing\/2020\/09\/05\/vencedores-do-5o-premio-abradi-profissional-digital-sao-anunciados-em-cerimonia-online-este-ano\/#article","isPartOf":{"@id":"https:\/\/www.cidademarketing.com.br\/marketing\/2020\/09\/05\/vencedores-do-5o-premio-abradi-profissional-digital-sao-anunciados-em-cerimonia-online-este-ano\/"},"author":{"name":"Thales Brand\u00e3o","@id":"https:\/\/www.cidademarketing.com.br\/marketing\/#\/schema\/person\/02daff9f18bd9378c9e01eb6b2db155f"},"headline":"Vencedores do 5\u00ba Pr\u00eamio ABRADi Profissional Digital s\u00e3o anunciados em cerim\u00f4nia online este ano","datePublished":"2020-09-05T23:27:55+00:00","dateModified":"2020-09-05T23:28:55+00:00","mainEntityOfPage":{"@id":"https:\/\/www.cidademarketing.com.br\/marketing\/2020\/09\/05\/vencedores-do-5o-premio-abradi-profissional-digital-sao-anunciados-em-cerimonia-online-este-ano\/"},"wordCount":247,"commentCount":0,"publisher":{"@id":"https:\/\/www.cidademarketing.com.br\/marketing\/#organization"},"image":{"@id":"https:\/\/www.cidademarketing.com.br\/marketing\/2020\/09\/05\/vencedores-do-5o-premio-abradi-profissional-digital-sao-anunciados-em-cerimonia-online-este-ano\/#primaryimage"},"thumbnailUrl":"https:\/\/www.cidademarketing.com.br\/marketing\/wp-content\/uploads\/2020\/05\/abradi.png","keywords":["ABRADi","estrat\u00e9gia","marketing","marketing digital"],"articleSection":["Digital","Not\u00edcias"],"inLanguage":"pt-BR","potentialAction":[{"@type":"CommentAction","name":"Comment","target":["https:\/\/www.cidademarketing.com.br\/marketing\/2020\/09\/05\/vencedores-do-5o-premio-abradi-profissional-digital-sao-anunciados-em-cerimonia-online-este-ano\/#respond"]}]},{"@type":"WebPage","@id":"https:\/\/www.cidademarketing.com.br\/marketing\/2020\/09\/05\/vencedores-do-5o-premio-abradi-profissional-digital-sao-anunciados-em-cerimonia-online-este-ano\/","url":"https:\/\/www.cidademarketing.com.br\/marketing\/2020\/09\/05\/vencedores-do-5o-premio-abradi-profissional-digital-sao-anunciados-em-cerimonia-online-este-ano\/","name":"Vencedores do 5\u00ba Pr\u00eamio ABRADi Profissional Digital s\u00e3o anunciados em cerim\u00f4nia online este ano - CidadeMarketing","isPartOf":{"@id":"https:\/\/www.cidademarketing.com.br\/marketing\/#website"},"primaryImageOfPage":{"@id":"https:\/\/www.cidademarketing.com.br\/marketing\/2020\/09\/05\/vencedores-do-5o-premio-abradi-profissional-digital-sao-anunciados-em-cerimonia-online-este-ano\/#primaryimage"},"image":{"@id":"https:\/\/www.cidademarketing.com.br\/marketing\/2020\/09\/05\/vencedores-do-5o-premio-abradi-profissional-digital-sao-anunciados-em-cerimonia-online-este-ano\/#primaryimage"},"thumbnailUrl":"https:\/\/www.cidademarketing.com.br\/marketing\/wp-content\/uploads\/2020\/05\/abradi.png","datePublished":"2020-09-05T23:27:55+00:00","dateModified":"2020-09-05T23:28:55+00:00","breadcrumb":{"@id":"https:\/\/www.cidademarketing.com.br\/marketing\/2020\/09\/05\/vencedores-do-5o-premio-abradi-profissional-digital-sao-anunciados-em-cerimonia-online-este-ano\/#breadcrumb"},"inLanguage":"pt-BR","potentialAction":[{"@type":"ReadAction","target":["https:\/\/www.cidademarketing.com.br\/marketing\/2020\/09\/05\/vencedores-do-5o-premio-abradi-profissional-digital-sao-anunciados-em-cerimonia-online-este-ano\/"]}]},{"@type":"ImageObject","inLanguage":"pt-BR","@id":"https:\/\/www.cidademarketing.com.br\/marketing\/2020\/09\/05\/vencedores-do-5o-premio-abradi-profissional-digital-sao-anunciados-em-cerimonia-online-este-ano\/#primaryimage","url":"https:\/\/www.cidademarketing.com.br\/marketing\/wp-content\/uploads\/2020\/05\/abradi.png","contentUrl":"https:\/\/www.cidademarketing.com.br\/marketing\/wp-content\/uploads\/2020\/05\/abradi.png","width":378,"height":378},{"@type":"BreadcrumbList","@id":"https:\/\/www.cidademarketing.com.br\/marketing\/2020\/09\/05\/vencedores-do-5o-premio-abradi-profissional-digital-sao-anunciados-em-cerimonia-online-este-ano\/#breadcrumb","itemListElement":[{"@type":"ListItem","position":1,"name":"In\u00edcio","item":"https:\/\/www.cidademarketing.com.br\/marketing\/"},{"@type":"ListItem","position":2,"name":"Vencedores do 5\u00ba Pr\u00eamio ABRADi Profissional Digital s\u00e3o anunciados em cerim\u00f4nia online este ano"}]},{"@type":"WebSite","@id":"https:\/\/www.cidademarketing.com.br\/marketing\/#website","url":"https:\/\/www.cidademarketing.com.br\/marketing\/","name":"CidadeMarketing","description":"Somos um ve\u00edculo de comunica\u00e7\u00e3o de destaque no Brasil, reconhecido por conte\u00fados nos segmentos de marketing, empreendedorismo e inova\u00e7\u00e3o.","publisher":{"@id":"https:\/\/www.cidademarketing.com.br\/marketing\/#organization"},"alternateName":"CidadeMarketing","potentialAction":[{"@type":"SearchAction","target":{"@type":"EntryPoint","urlTemplate":"https:\/\/www.cidademarketing.com.br\/marketing\/?s={search_term_string}"},"query-input":{"@type":"PropertyValueSpecification","valueRequired":true,"valueName":"search_term_string"}}],"inLanguage":"pt-BR"},{"@type":"Organization","@id":"https:\/\/www.cidademarketing.com.br\/marketing\/#organization","name":"CidadeMarketing","alternateName":"CidadeMarketing","url":"https:\/\/www.cidademarketing.com.br\/marketing\/","logo":{"@type":"ImageObject","inLanguage":"pt-BR","@id":"https:\/\/www.cidademarketing.com.br\/marketing\/#\/schema\/logo\/image\/","url":"https:\/\/www.cidademarketing.com.br\/marketing\/wp-content\/uploads\/2020\/01\/cidademarketing_marca_mobile.png","contentUrl":"https:\/\/www.cidademarketing.com.br\/marketing\/wp-content\/uploads\/2020\/01\/cidademarketing_marca_mobile.png","width":230,"height":92,"caption":"CidadeMarketing"},"image":{"@id":"https:\/\/www.cidademarketing.com.br\/marketing\/#\/schema\/logo\/image\/"},"sameAs":["https:\/\/www.facebook.com\/portalcidademarketing","https:\/\/x.com\/CidadeMarketing","https:\/\/www.instagram.com\/cidademarketing\/"]},{"@type":"Person","@id":"https:\/\/www.cidademarketing.com.br\/marketing\/#\/schema\/person\/02daff9f18bd9378c9e01eb6b2db155f","name":"Thales Brand\u00e3o","image":{"@type":"ImageObject","inLanguage":"pt-BR","@id":"https:\/\/secure.gravatar.com\/avatar\/7ca3206950207cc3cb48feec56a8a7898741ab725c368d99d5d7a5a50aab80c6?s=96&d=mm&r=g","url":"https:\/\/secure.gravatar.com\/avatar\/7ca3206950207cc3cb48feec56a8a7898741ab725c368d99d5d7a5a50aab80c6?s=96&d=mm&r=g","contentUrl":"https:\/\/secure.gravatar.com\/avatar\/7ca3206950207cc3cb48feec56a8a7898741ab725c368d99d5d7a5a50aab80c6?s=96&d=mm&r=g","caption":"Thales Brand\u00e3o"},"description":"Editor Executivo do Portal CidadeMarketing.com.br &gt; Mestre em Comunica\u00e7\u00e3o e Sociedade pela Universidade Federal de Sergipe. Possui MBA Executivo em Administra\u00e7\u00e3o com \u00eanfase em Marketing pela Funda\u00e7\u00e3o Get\u00falio Vargas - Rio de Janeiro. Consultor, Palestrante e Pesquisador sobre Empreendedorismo, Marketing, Redes Sociais e Neg\u00f3cios Digitais. Professor, Palestrante TedxTalks e Campus Party. Twitter: @ThalesBrandao","sameAs":["http:\/\/www.mandacaru.com.br","https:\/\/www.facebook.com\/thalesbrandao","http:\/\/www.instagram.com.br\/thalesbrandaoferreira","https:\/\/www.linkedin.com\/in\/thales-brand\u00e3o-3948609\/","https:\/\/x.com\/http:\/\/www.twitter.com\/thalesbrandao"],"url":"https:\/\/www.cidademarketing.com.br\/marketing\/author\/thalesbrandao\/"}]}},"amp_enabled":true,"_links":{"self":[{"href":"https:\/\/www.cidademarketing.com.br\/marketing\/wp-json\/wp\/v2\/posts\/18751","targetHints":{"allow":["GET"]}}],"collection":[{"href":"https:\/\/www.cidademarketing.com.br\/marketing\/wp-json\/wp\/v2\/posts"}],"about":[{"href":"https:\/\/www.cidademarketing.com.br\/marketing\/wp-json\/wp\/v2\/types\/post"}],"author":[{"embeddable":true,"href":"https:\/\/www.cidademarketing.com.br\/marketing\/wp-json\/wp\/v2\/users\/1"}],"replies":[{"embeddable":true,"href":"https:\/\/www.cidademarketing.com.br\/marketing\/wp-json\/wp\/v2\/comments?post=18751"}],"version-history":[{"count":2,"href":"https:\/\/www.cidademarketing.com.br\/marketing\/wp-json\/wp\/v2\/posts\/18751\/revisions"}],"predecessor-version":[{"id":18753,"href":"https:\/\/www.cidademarketing.com.br\/marketing\/wp-json\/wp\/v2\/posts\/18751\/revisions\/18753"}],"wp:featuredmedia":[{"embeddable":true,"href":"https:\/\/www.cidademarketing.com.br\/marketing\/wp-json\/wp\/v2\/media\/16211"}],"wp:attachment":[{"href":"https:\/\/www.cidademarketing.com.br\/marketing\/wp-json\/wp\/v2\/media?parent=18751"}],"wp:term":[{"taxonomy":"category","embeddable":true,"href":"https:\/\/www.cidademarketing.com.br\/marketing\/wp-json\/wp\/v2\/categories?post=18751"},{"taxonomy":"post_tag","embeddable":true,"href":"https:\/\/www.cidademarketing.com.br\/marketing\/wp-json\/wp\/v2\/tags?post=18751"}],"curies":[{"name":"wp","href":"https:\/\/api.w.org\/{rel}","templated":true}]}}