{"id":18746,"date":"2020-09-04T22:13:50","date_gmt":"2020-09-05T01:13:50","guid":{"rendered":"https:\/\/www.cidademarketing.com.br\/marketing\/?p=18746"},"modified":"2020-09-04T22:13:54","modified_gmt":"2020-09-05T01:13:54","slug":"em-nova-campanha-bradesco-private-bank-aborda-a-jornada-de-seus-clientes","status":"publish","type":"post","link":"https:\/\/www.cidademarketing.com.br\/marketing\/2020\/09\/04\/em-nova-campanha-bradesco-private-bank-aborda-a-jornada-de-seus-clientes\/","title":{"rendered":"Em nova campanha, Bradesco Private Bank aborda a jornada de seus clientes"},"content":{"rendered":"\n<p>Seguir seus pr\u00f3prios passos n\u00e3o significa caminhar sozinho. Com essa mensagem poderosa estreia a nova campanha do Bradesco Private Bank, voltada aos clientes de alta renda.<\/p>\n\n\n\n<p><\/p>\n\n\n\n<figure class=\"wp-block-gallery columns-2 is-cropped wp-block-gallery-1 is-layout-flex wp-block-gallery-is-layout-flex\"><ul class=\"blocks-gallery-grid\"><li class=\"blocks-gallery-item\"><figure><img fetchpriority=\"high\" decoding=\"async\" width=\"1024\" height=\"576\" src=\"https:\/\/www.cidademarketing.com.br\/marketing\/wp-content\/uploads\/2020\/09\/Bradesco-Private_PASSOS-1-1024x576.png\" alt=\"\" data-id=\"18747\" data-full-url=\"https:\/\/www.cidademarketing.com.br\/marketing\/wp-content\/uploads\/2020\/09\/Bradesco-Private_PASSOS-1.png\" data-link=\"https:\/\/www.cidademarketing.com.br\/marketing\/?attachment_id=18747\" class=\"wp-image-18747\" srcset=\"https:\/\/www.cidademarketing.com.br\/marketing\/wp-content\/uploads\/2020\/09\/Bradesco-Private_PASSOS-1-1024x576.png 1024w, https:\/\/www.cidademarketing.com.br\/marketing\/wp-content\/uploads\/2020\/09\/Bradesco-Private_PASSOS-1-300x169.png 300w, https:\/\/www.cidademarketing.com.br\/marketing\/wp-content\/uploads\/2020\/09\/Bradesco-Private_PASSOS-1-768x432.png 768w, https:\/\/www.cidademarketing.com.br\/marketing\/wp-content\/uploads\/2020\/09\/Bradesco-Private_PASSOS-1-1536x864.png 1536w, https:\/\/www.cidademarketing.com.br\/marketing\/wp-content\/uploads\/2020\/09\/Bradesco-Private_PASSOS-1-747x420.png 747w, https:\/\/www.cidademarketing.com.br\/marketing\/wp-content\/uploads\/2020\/09\/Bradesco-Private_PASSOS-1-640x360.png 640w, https:\/\/www.cidademarketing.com.br\/marketing\/wp-content\/uploads\/2020\/09\/Bradesco-Private_PASSOS-1-681x383.png 681w, https:\/\/www.cidademarketing.com.br\/marketing\/wp-content\/uploads\/2020\/09\/Bradesco-Private_PASSOS-1.png 2048w\" sizes=\"(max-width: 1024px) 100vw, 1024px\" \/><\/figure><\/li><li class=\"blocks-gallery-item\"><figure><img decoding=\"async\" width=\"1024\" height=\"576\" src=\"https:\/\/www.cidademarketing.com.br\/marketing\/wp-content\/uploads\/2020\/09\/Bradesco-Private_PASSOS-2-1024x576.png\" alt=\"\" data-id=\"18749\" data-full-url=\"https:\/\/www.cidademarketing.com.br\/marketing\/wp-content\/uploads\/2020\/09\/Bradesco-Private_PASSOS-2.png\" data-link=\"https:\/\/www.cidademarketing.com.br\/marketing\/?attachment_id=18749\" class=\"wp-image-18749\" srcset=\"https:\/\/www.cidademarketing.com.br\/marketing\/wp-content\/uploads\/2020\/09\/Bradesco-Private_PASSOS-2-1024x576.png 1024w, https:\/\/www.cidademarketing.com.br\/marketing\/wp-content\/uploads\/2020\/09\/Bradesco-Private_PASSOS-2-300x169.png 300w, https:\/\/www.cidademarketing.com.br\/marketing\/wp-content\/uploads\/2020\/09\/Bradesco-Private_PASSOS-2-768x432.png 768w, https:\/\/www.cidademarketing.com.br\/marketing\/wp-content\/uploads\/2020\/09\/Bradesco-Private_PASSOS-2-1536x864.png 1536w, https:\/\/www.cidademarketing.com.br\/marketing\/wp-content\/uploads\/2020\/09\/Bradesco-Private_PASSOS-2-747x420.png 747w, https:\/\/www.cidademarketing.com.br\/marketing\/wp-content\/uploads\/2020\/09\/Bradesco-Private_PASSOS-2-640x360.png 640w, https:\/\/www.cidademarketing.com.br\/marketing\/wp-content\/uploads\/2020\/09\/Bradesco-Private_PASSOS-2-681x383.png 681w, https:\/\/www.cidademarketing.com.br\/marketing\/wp-content\/uploads\/2020\/09\/Bradesco-Private_PASSOS-2.png 1920w\" sizes=\"(max-width: 1024px) 100vw, 1024px\" \/><\/figure><\/li><\/ul><\/figure>\n\n\n\n<p>Com lan\u00e7amento em 31 de agosto, o filme \u00a0mostra um beb\u00ea aprendendo a andar, seguindo os passos de um adulto. A cada nova etapa \u2013 ao come\u00e7ar a praticar um esporte, aprender a nadar, viajar \u2013 o jovem vai sempre seguindo o caminho previamente trilhado. Ao final, j\u00e1 adulto, n\u00e3o h\u00e1 mais passos para\u00a0acompanhar, mas ele segue adiante trilhando seu pr\u00f3prio caminho. A cria\u00e7\u00e3o \u00e9 da Leo Burnett\u00a0TM.<\/p>\n\n\n\n<figure class=\"wp-block-embed-youtube wp-block-embed is-type-video is-provider-youtube wp-embed-aspect-16-9 wp-has-aspect-ratio\"><div class=\"wp-block-embed__wrapper\">\n<div class=\"youtube-embed\" data-video_id=\"YugH963CAzA\"><iframe title=\"Bradesco Private Bank \u2013 Passos\" width=\"640\" height=\"360\" src=\"https:\/\/www.youtube.com\/embed\/YugH963CAzA?feature=oembed&#038;enablejsapi=1&#038;enablejsapi=1\" frameborder=\"0\" allow=\"accelerometer; autoplay; clipboard-write; encrypted-media; gyroscope; picture-in-picture; web-share\" referrerpolicy=\"strict-origin-when-cross-origin\" allowfullscreen><\/iframe><\/div>\n<\/div><\/figure>\n\n\n\n<p>\u201cO filme aborda o tema da sucess\u00e3o e refor\u00e7a a proposta de valor do Wealth Management, que \u00e9 ter o cliente como grande protagonista da sua pr\u00f3pria jornada, por\u00e9m sempre com o apoio do Private Bank e suas solu\u00e7\u00f5es personalizadas\u201d, explica o diretor de Marketing do Bradesco, M\u00e1rcio Parizotto.<\/p>\n\n\n\n<p>O material traz uma comunica\u00e7\u00e3o emocional e inspiradora, com identidade visual e linguagem sofisticadas e pr\u00f3prias, em linha com os diferenciais do Bradesco Private Bank.<\/p>\n\n\n\n<p>\u201cEsta \u00e9 uma campanha que fala com p\u00fablicos de diferentes idades, sabendo que podem contar com o banco para dar todo o suporte e consultoria em qualquer fase da vida. A ideia \u00e9 mostrar a constru\u00e7\u00e3o de relacionamentos ao longo do tempo, com foco n\u00e3o s\u00f3 nos clientes atuais, mas tamb\u00e9m nas pr\u00f3ximas gera\u00e7\u00f5es\u201d, conta Vinicius Stanzione, Diretor de Cria\u00e7\u00e3o da Leo Burnett TM.<\/p>\n\n\n\n<p>A campanha ter\u00e1 pe\u00e7as para pay TV, digital, impressos, redes sociais e OOH.<\/p>\n\n\n\n<p><strong>Acessibilidade<\/strong><\/p>\n\n\n\n<p>O filme tamb\u00e9m \u00e9 acess\u00edvel para&nbsp;pessoas com defici\u00eancia visual e auditiva.&nbsp;Em linha com o prop\u00f3sito do Bradesco de promover a inclus\u00e3o, desde junho todos os filmes publicit\u00e1rios t\u00eam vers\u00f5es com tradu\u00e7\u00e3o em libras e legenda, al\u00e9m de audiodescri\u00e7\u00e3o, em uma playlist exclusiva no canal do Bradesco no YouTube. Dessa forma, o banco democratiza o acesso desse p\u00fablico ao conte\u00fado da marca.&nbsp;<\/p>\n\n\n\n<p><strong><u>FICHA T\u00c9CNICA<\/u><\/strong>&nbsp;<\/p>\n\n\n\n<p><br><strong><u>Ag\u00eancia: LEO BURNETT neo comunicac\u00e3o ltda<\/u><\/strong>&nbsp;<\/p>\n\n\n\n<p><strong><u>T\u00edtulo:<\/u><\/strong><strong>&nbsp; PASSOS<\/strong><strong>&nbsp;<\/strong><\/p>\n\n\n\n<p><strong><u>Produto:<\/u><\/strong><strong> PRIVATE<\/strong>&nbsp;<\/p>\n\n\n\n<p><strong><u>Anunciante:<\/u><\/strong><strong> BRADESCO<\/strong>&nbsp;<\/p>\n\n\n\n<p><strong>&nbsp;<\/strong><br><strong>CCO: <\/strong>Marcelo Reis&nbsp;<\/p>\n\n\n\n<p><strong>VP DE CRIA\u00c7\u00c3O: <\/strong>PEDRO PRADO<\/p>\n\n\n\n<p><strong>diretor geral de cria\u00e7\u00e3o: <\/strong>pedro utzeri &nbsp;<\/p>\n\n\n\n<p><strong>Diretor de Cria\u00e7\u00e3o: <\/strong>VINICIUS STANZIONE&nbsp;<\/p>\n\n\n\n<p><strong>redator: <\/strong>ALPHO Ramsay<\/p>\n\n\n\n<p><strong>diretor de arte: <\/strong>gabriel marcoNdes &nbsp;<\/p>\n\n\n\n<p><strong>Assistente de arte: <\/strong>Gabriel rodriguez<\/p>\n\n\n\n<p><strong>DiretoR de INTEGRA\u00c7\u00c3o DIGITAL:<\/strong> Denis Gustavo Alves&nbsp;<\/p>\n\n\n\n<p><strong>DIRETORA DE PRODU\u00c7\u00c3O INTEGRADA: <\/strong>MARIA FERNANDA MOURA&nbsp;<\/p>\n\n\n\n<p><strong>RTV:<\/strong> FERNANDA SOUSA&nbsp;<\/p>\n\n\n\n<p><strong>Artbuyer: <\/strong>Mauro Moura, Daniel Gon\u00e7alves<\/p>\n\n\n\n<p><strong>PROJETOS DIGITAIS: <\/strong>Pedro Rais, Thalles Freitas<\/p>\n\n\n\n<p><strong>ATENDIMENTO: <\/strong>FABIO BRITO, MARIANA NUNES, SABRINA SPINELLI, MAYARA MATTOS, MAR\u00cdLIA GRESPAN, REBECA PERES&nbsp;<\/p>\n\n\n\n<p><strong><br>M\u00cdDIA: <\/strong>ANDREA HIRATA, KELLY COTTA, ANGELICA GOMES, JULIANA FLORA, HENRIQUE FIGUEIREDO, JOS\u00c9 LUIZ TEIXEIRA&nbsp;<\/p>\n\n\n\n<p><strong>PLANEJAMENTO:<\/strong> TIAGO LARA, RAFAELA BADAR\u00d3, RAFAEL GON\u00c7ALVES, ANA VILELA.<br><br><strong>APROVA\u00c7\u00c3O: <\/strong>M\u00c1RCIO PARIZOTTO, NATHALIA GARCIA, LUCIANA JULIASZ<\/p>\n\n\n\n<p><strong><u>Produtora de filme:<\/u><\/strong><strong>&nbsp; <\/strong>ALICE FILMES<strong>&nbsp;<\/strong><\/p>\n\n\n\n<p><strong>EQUIPE: &nbsp;<\/strong><\/p>\n\n\n\n<p><strong>Diretor: <\/strong>Felipe Mansur<br><strong>Produtor: <\/strong>Wal Tamagno<br><strong>Diretor de Fotografia: <\/strong>Diego Rosenblatt<br><strong>Diretor de Arte: <\/strong>Martin Garcia<br><strong>Assist\u00eancia de Dire\u00e7\u00e3o: <\/strong>Michelle Lutfy \/ Luciana Camargo<br><strong>Produ\u00e7\u00e3o Executiva: <\/strong>Victor Alloza \/ Fernanda Laignier \/ Bruna Nogueira &nbsp;<\/p>\n\n\n\n<p><strong>Equipe de Produ\u00e7\u00e3o: <\/strong>Fabio Arisaka \/ Patricia Carvalho \/ Milian Amado &nbsp;<\/p>\n\n\n\n<p><strong>Equipe de Produ\u00e7\u00e3o Sul<\/strong>: Isadora Pillar e Marco Bajotto &nbsp;<\/p>\n\n\n\n<p><strong>Produ\u00e7\u00e3o de Figurino: <\/strong>Elizabeth Magalh\u00e3es &nbsp;<\/p>\n\n\n\n<p><strong>Produ\u00e7\u00e3o de Objetos: <\/strong>Bibi Beghini \/ Gabi Gioria &nbsp;<\/p>\n\n\n\n<p><strong>Maquiagem: <\/strong>Regina Mendon\u00e7a<br><strong>Maquiagem Sul: <\/strong>Carol Horn &nbsp;<\/p>\n\n\n\n<p><strong>Coorderna\u00e7\u00e3o de P\u00f3s-produ\u00e7\u00e3o: <\/strong>Carol Rye \/ Pedro Martins <strong>Montador: <\/strong>Rodolpho Ponzio<br><strong>P\u00f3s-produ\u00e7\u00e3o: <\/strong>VOO-DOO<br><strong>Color Grading: <\/strong>Osmar Junior &nbsp;<\/p>\n\n\n\n<p><strong><u>Produtora de Som:<\/u><\/strong><strong>&nbsp;<\/strong><strong> <\/strong>EVIL TWIN MUSIC<\/p>\n\n\n\n<p><strong>CRIA\u00c7\u00c3O E PRODU\u00c7\u00c3O:<\/strong>&nbsp; ANDR\u00c9 FARIA, MURILO FARIA E ANDR\u00c9 NAMUR&nbsp;<\/p>\n\n\n\n<p><strong>FINALIZA\u00c7\u00c3O:<\/strong> RAFAEL VIEIRA E ANDR\u00c9 NAMUR&nbsp;&nbsp;<\/p>\n\n\n\n<p><strong>LOCU\u00c7\u00c3O<\/strong>: JOHN FLAVIN&nbsp;<\/p>\n\n\n\n<p><strong>ATENDIMENTO:&nbsp;&nbsp;<\/strong>JULIANA TANGARY E CAROLINA COUTO&nbsp;&nbsp;<\/p>\n\n\n\n<p><strong>Data 1\u00aa veicula\u00e7\u00e3o: 31\/08&nbsp;<\/strong><\/p>\n\n\n\n<p><strong><u>FOTOGRAFIA:&nbsp;<\/u><\/strong><\/p>\n\n\n\n<p><strong>Produ\u00e7\u00e3o:<\/strong>&nbsp;ALICEFILMES&nbsp;<\/p>\n\n\n\n<p><strong>Fot\u00f3grafa:<\/strong>&nbsp;Tauana Sofia Vieira&nbsp;<\/p>\n\n\n\n<p><strong>Assistente Fot\u00f3grafa:<\/strong>&nbsp;Rodinei Viana J\u00fanior&nbsp;<\/p>\n\n\n\n<p><strong>Figurinista:&nbsp;<\/strong>T\u00falio Melles&nbsp;<\/p>\n","protected":false},"excerpt":{"rendered":"<p>Seguir seus pr\u00f3prios passos n\u00e3o significa caminhar sozinho. Com essa mensagem poderosa estreia a nova campanha do Bradesco Private Bank, voltada aos clientes de alta renda. Com lan\u00e7amento em 31 de agosto, o filme \u00a0mostra um beb\u00ea aprendendo a andar, seguindo os passos de um adulto. A cada nova etapa \u2013 ao come\u00e7ar a praticar [&hellip;]<\/p>\n","protected":false},"author":1,"featured_media":18748,"comment_status":"open","ping_status":"open","sticky":false,"template":"","format":"standard","meta":{"tdm_status":"","tdm_grid_status":"","footnotes":""},"categories":[14],"tags":[641,65,33],"class_list":["post-18746","post","type-post","status-publish","format-standard","has-post-thumbnail","hentry","category-videos","tag-bradesco","tag-campanha","tag-estrategia"],"yoast_head":"<!-- This site is optimized with the Yoast SEO plugin v27.5 - https:\/\/yoast.com\/product\/yoast-seo-wordpress\/ -->\n<title>Em nova campanha, Bradesco Private Bank aborda a jornada de seus clientes - CidadeMarketing<\/title>\n<meta name=\"robots\" content=\"index, follow, max-snippet:-1, max-image-preview:large, max-video-preview:-1\" \/>\n<link rel=\"canonical\" href=\"https:\/\/www.cidademarketing.com.br\/marketing\/2020\/09\/04\/em-nova-campanha-bradesco-private-bank-aborda-a-jornada-de-seus-clientes\/\" \/>\n<meta property=\"og:locale\" content=\"pt_BR\" \/>\n<meta property=\"og:type\" content=\"article\" \/>\n<meta property=\"og:title\" content=\"Em nova campanha, Bradesco Private Bank aborda a jornada de seus clientes - CidadeMarketing\" \/>\n<meta property=\"og:description\" content=\"Seguir seus pr\u00f3prios passos n\u00e3o significa caminhar sozinho. Com essa mensagem poderosa estreia a nova campanha do Bradesco Private Bank, voltada aos clientes de alta renda. Com lan\u00e7amento em 31 de agosto, o filme \u00a0mostra um beb\u00ea aprendendo a andar, seguindo os passos de um adulto. A cada nova etapa \u2013 ao come\u00e7ar a praticar [&hellip;]\" \/>\n<meta property=\"og:url\" content=\"https:\/\/www.cidademarketing.com.br\/marketing\/2020\/09\/04\/em-nova-campanha-bradesco-private-bank-aborda-a-jornada-de-seus-clientes\/\" \/>\n<meta property=\"og:site_name\" content=\"CidadeMarketing\" \/>\n<meta property=\"article:publisher\" content=\"https:\/\/www.facebook.com\/portalcidademarketing\" \/>\n<meta property=\"article:author\" content=\"https:\/\/www.facebook.com\/thalesbrandao\" \/>\n<meta property=\"article:published_time\" content=\"2020-09-05T01:13:50+00:00\" \/>\n<meta property=\"article:modified_time\" content=\"2020-09-05T01:13:54+00:00\" \/>\n<meta property=\"og:image\" content=\"https:\/\/www.cidademarketing.com.br\/marketing\/wp-content\/uploads\/2020\/09\/Bradesco-Private_PASSOS-3.png\" \/>\n\t<meta property=\"og:image:width\" content=\"1920\" \/>\n\t<meta property=\"og:image:height\" content=\"1080\" \/>\n\t<meta property=\"og:image:type\" content=\"image\/png\" \/>\n<meta name=\"author\" content=\"Thales Brand\u00e3o\" \/>\n<meta name=\"twitter:card\" content=\"summary_large_image\" \/>\n<meta name=\"twitter:creator\" content=\"@http:\/\/www.twitter.com\/thalesbrandao\" \/>\n<meta name=\"twitter:site\" content=\"@CidadeMarketing\" \/>\n<meta name=\"twitter:label1\" content=\"Escrito por\" \/>\n\t<meta name=\"twitter:data1\" content=\"Thales Brand\u00e3o\" \/>\n\t<meta name=\"twitter:label2\" content=\"Est. tempo de leitura\" \/>\n\t<meta name=\"twitter:data2\" content=\"3 minutos\" \/>\n<script type=\"application\/ld+json\" class=\"yoast-schema-graph\">{\"@context\":\"https:\\\/\\\/schema.org\",\"@graph\":[{\"@type\":\"Article\",\"@id\":\"https:\\\/\\\/www.cidademarketing.com.br\\\/marketing\\\/2020\\\/09\\\/04\\\/em-nova-campanha-bradesco-private-bank-aborda-a-jornada-de-seus-clientes\\\/#article\",\"isPartOf\":{\"@id\":\"https:\\\/\\\/www.cidademarketing.com.br\\\/marketing\\\/2020\\\/09\\\/04\\\/em-nova-campanha-bradesco-private-bank-aborda-a-jornada-de-seus-clientes\\\/\"},\"author\":{\"name\":\"Thales Brand\u00e3o\",\"@id\":\"https:\\\/\\\/www.cidademarketing.com.br\\\/marketing\\\/#\\\/schema\\\/person\\\/02daff9f18bd9378c9e01eb6b2db155f\"},\"headline\":\"Em nova campanha, Bradesco Private Bank aborda a jornada de seus clientes\",\"datePublished\":\"2020-09-05T01:13:50+00:00\",\"dateModified\":\"2020-09-05T01:13:54+00:00\",\"mainEntityOfPage\":{\"@id\":\"https:\\\/\\\/www.cidademarketing.com.br\\\/marketing\\\/2020\\\/09\\\/04\\\/em-nova-campanha-bradesco-private-bank-aborda-a-jornada-de-seus-clientes\\\/\"},\"wordCount\":706,\"commentCount\":0,\"publisher\":{\"@id\":\"https:\\\/\\\/www.cidademarketing.com.br\\\/marketing\\\/#organization\"},\"image\":{\"@id\":\"https:\\\/\\\/www.cidademarketing.com.br\\\/marketing\\\/2020\\\/09\\\/04\\\/em-nova-campanha-bradesco-private-bank-aborda-a-jornada-de-seus-clientes\\\/#primaryimage\"},\"thumbnailUrl\":\"https:\\\/\\\/www.cidademarketing.com.br\\\/marketing\\\/wp-content\\\/uploads\\\/2020\\\/09\\\/Bradesco-Private_PASSOS-3.png\",\"keywords\":[\"Bradesco\",\"campanha\",\"estrat\u00e9gia\"],\"articleSection\":[\"Videos\"],\"inLanguage\":\"pt-BR\",\"potentialAction\":[{\"@type\":\"CommentAction\",\"name\":\"Comment\",\"target\":[\"https:\\\/\\\/www.cidademarketing.com.br\\\/marketing\\\/2020\\\/09\\\/04\\\/em-nova-campanha-bradesco-private-bank-aborda-a-jornada-de-seus-clientes\\\/#respond\"]}]},{\"@type\":\"WebPage\",\"@id\":\"https:\\\/\\\/www.cidademarketing.com.br\\\/marketing\\\/2020\\\/09\\\/04\\\/em-nova-campanha-bradesco-private-bank-aborda-a-jornada-de-seus-clientes\\\/\",\"url\":\"https:\\\/\\\/www.cidademarketing.com.br\\\/marketing\\\/2020\\\/09\\\/04\\\/em-nova-campanha-bradesco-private-bank-aborda-a-jornada-de-seus-clientes\\\/\",\"name\":\"Em nova campanha, Bradesco Private Bank aborda a jornada de seus clientes - CidadeMarketing\",\"isPartOf\":{\"@id\":\"https:\\\/\\\/www.cidademarketing.com.br\\\/marketing\\\/#website\"},\"primaryImageOfPage\":{\"@id\":\"https:\\\/\\\/www.cidademarketing.com.br\\\/marketing\\\/2020\\\/09\\\/04\\\/em-nova-campanha-bradesco-private-bank-aborda-a-jornada-de-seus-clientes\\\/#primaryimage\"},\"image\":{\"@id\":\"https:\\\/\\\/www.cidademarketing.com.br\\\/marketing\\\/2020\\\/09\\\/04\\\/em-nova-campanha-bradesco-private-bank-aborda-a-jornada-de-seus-clientes\\\/#primaryimage\"},\"thumbnailUrl\":\"https:\\\/\\\/www.cidademarketing.com.br\\\/marketing\\\/wp-content\\\/uploads\\\/2020\\\/09\\\/Bradesco-Private_PASSOS-3.png\",\"datePublished\":\"2020-09-05T01:13:50+00:00\",\"dateModified\":\"2020-09-05T01:13:54+00:00\",\"breadcrumb\":{\"@id\":\"https:\\\/\\\/www.cidademarketing.com.br\\\/marketing\\\/2020\\\/09\\\/04\\\/em-nova-campanha-bradesco-private-bank-aborda-a-jornada-de-seus-clientes\\\/#breadcrumb\"},\"inLanguage\":\"pt-BR\",\"potentialAction\":[{\"@type\":\"ReadAction\",\"target\":[\"https:\\\/\\\/www.cidademarketing.com.br\\\/marketing\\\/2020\\\/09\\\/04\\\/em-nova-campanha-bradesco-private-bank-aborda-a-jornada-de-seus-clientes\\\/\"]}]},{\"@type\":\"ImageObject\",\"inLanguage\":\"pt-BR\",\"@id\":\"https:\\\/\\\/www.cidademarketing.com.br\\\/marketing\\\/2020\\\/09\\\/04\\\/em-nova-campanha-bradesco-private-bank-aborda-a-jornada-de-seus-clientes\\\/#primaryimage\",\"url\":\"https:\\\/\\\/www.cidademarketing.com.br\\\/marketing\\\/wp-content\\\/uploads\\\/2020\\\/09\\\/Bradesco-Private_PASSOS-3.png\",\"contentUrl\":\"https:\\\/\\\/www.cidademarketing.com.br\\\/marketing\\\/wp-content\\\/uploads\\\/2020\\\/09\\\/Bradesco-Private_PASSOS-3.png\",\"width\":1920,\"height\":1080},{\"@type\":\"BreadcrumbList\",\"@id\":\"https:\\\/\\\/www.cidademarketing.com.br\\\/marketing\\\/2020\\\/09\\\/04\\\/em-nova-campanha-bradesco-private-bank-aborda-a-jornada-de-seus-clientes\\\/#breadcrumb\",\"itemListElement\":[{\"@type\":\"ListItem\",\"position\":1,\"name\":\"In\u00edcio\",\"item\":\"https:\\\/\\\/www.cidademarketing.com.br\\\/marketing\\\/\"},{\"@type\":\"ListItem\",\"position\":2,\"name\":\"Em nova campanha, Bradesco Private Bank aborda a jornada de seus clientes\"}]},{\"@type\":\"WebSite\",\"@id\":\"https:\\\/\\\/www.cidademarketing.com.br\\\/marketing\\\/#website\",\"url\":\"https:\\\/\\\/www.cidademarketing.com.br\\\/marketing\\\/\",\"name\":\"CidadeMarketing\",\"description\":\"Somos um ve\u00edculo de comunica\u00e7\u00e3o de destaque no Brasil, reconhecido por conte\u00fados nos segmentos de marketing, empreendedorismo e inova\u00e7\u00e3o.\",\"publisher\":{\"@id\":\"https:\\\/\\\/www.cidademarketing.com.br\\\/marketing\\\/#organization\"},\"alternateName\":\"CidadeMarketing\",\"potentialAction\":[{\"@type\":\"SearchAction\",\"target\":{\"@type\":\"EntryPoint\",\"urlTemplate\":\"https:\\\/\\\/www.cidademarketing.com.br\\\/marketing\\\/?s={search_term_string}\"},\"query-input\":{\"@type\":\"PropertyValueSpecification\",\"valueRequired\":true,\"valueName\":\"search_term_string\"}}],\"inLanguage\":\"pt-BR\"},{\"@type\":\"Organization\",\"@id\":\"https:\\\/\\\/www.cidademarketing.com.br\\\/marketing\\\/#organization\",\"name\":\"CidadeMarketing\",\"alternateName\":\"CidadeMarketing\",\"url\":\"https:\\\/\\\/www.cidademarketing.com.br\\\/marketing\\\/\",\"logo\":{\"@type\":\"ImageObject\",\"inLanguage\":\"pt-BR\",\"@id\":\"https:\\\/\\\/www.cidademarketing.com.br\\\/marketing\\\/#\\\/schema\\\/logo\\\/image\\\/\",\"url\":\"https:\\\/\\\/www.cidademarketing.com.br\\\/marketing\\\/wp-content\\\/uploads\\\/2020\\\/01\\\/cidademarketing_marca_mobile.png\",\"contentUrl\":\"https:\\\/\\\/www.cidademarketing.com.br\\\/marketing\\\/wp-content\\\/uploads\\\/2020\\\/01\\\/cidademarketing_marca_mobile.png\",\"width\":230,\"height\":92,\"caption\":\"CidadeMarketing\"},\"image\":{\"@id\":\"https:\\\/\\\/www.cidademarketing.com.br\\\/marketing\\\/#\\\/schema\\\/logo\\\/image\\\/\"},\"sameAs\":[\"https:\\\/\\\/www.facebook.com\\\/portalcidademarketing\",\"https:\\\/\\\/x.com\\\/CidadeMarketing\",\"https:\\\/\\\/www.instagram.com\\\/cidademarketing\\\/\"]},{\"@type\":\"Person\",\"@id\":\"https:\\\/\\\/www.cidademarketing.com.br\\\/marketing\\\/#\\\/schema\\\/person\\\/02daff9f18bd9378c9e01eb6b2db155f\",\"name\":\"Thales Brand\u00e3o\",\"image\":{\"@type\":\"ImageObject\",\"inLanguage\":\"pt-BR\",\"@id\":\"https:\\\/\\\/secure.gravatar.com\\\/avatar\\\/7ca3206950207cc3cb48feec56a8a7898741ab725c368d99d5d7a5a50aab80c6?s=96&d=mm&r=g\",\"url\":\"https:\\\/\\\/secure.gravatar.com\\\/avatar\\\/7ca3206950207cc3cb48feec56a8a7898741ab725c368d99d5d7a5a50aab80c6?s=96&d=mm&r=g\",\"contentUrl\":\"https:\\\/\\\/secure.gravatar.com\\\/avatar\\\/7ca3206950207cc3cb48feec56a8a7898741ab725c368d99d5d7a5a50aab80c6?s=96&d=mm&r=g\",\"caption\":\"Thales Brand\u00e3o\"},\"description\":\"Editor Executivo do Portal CidadeMarketing.com.br &gt; Mestre em Comunica\u00e7\u00e3o e Sociedade pela Universidade Federal de Sergipe. Possui MBA Executivo em Administra\u00e7\u00e3o com \u00eanfase em Marketing pela Funda\u00e7\u00e3o Get\u00falio Vargas - Rio de Janeiro. Consultor, Palestrante e Pesquisador sobre Empreendedorismo, Marketing, Redes Sociais e Neg\u00f3cios Digitais. Professor, Palestrante TedxTalks e Campus Party. Twitter: @ThalesBrandao\",\"sameAs\":[\"http:\\\/\\\/www.mandacaru.com.br\",\"https:\\\/\\\/www.facebook.com\\\/thalesbrandao\",\"http:\\\/\\\/www.instagram.com.br\\\/thalesbrandaoferreira\",\"https:\\\/\\\/www.linkedin.com\\\/in\\\/thales-brand\u00e3o-3948609\\\/\",\"https:\\\/\\\/x.com\\\/http:\\\/\\\/www.twitter.com\\\/thalesbrandao\"],\"url\":\"https:\\\/\\\/www.cidademarketing.com.br\\\/marketing\\\/author\\\/thalesbrandao\\\/\"}]}<\/script>\n<!-- \/ Yoast SEO plugin. -->","yoast_head_json":{"title":"Em nova campanha, Bradesco Private Bank aborda a jornada de seus clientes - CidadeMarketing","robots":{"index":"index","follow":"follow","max-snippet":"max-snippet:-1","max-image-preview":"max-image-preview:large","max-video-preview":"max-video-preview:-1"},"canonical":"https:\/\/www.cidademarketing.com.br\/marketing\/2020\/09\/04\/em-nova-campanha-bradesco-private-bank-aborda-a-jornada-de-seus-clientes\/","og_locale":"pt_BR","og_type":"article","og_title":"Em nova campanha, Bradesco Private Bank aborda a jornada de seus clientes - CidadeMarketing","og_description":"Seguir seus pr\u00f3prios passos n\u00e3o significa caminhar sozinho. Com essa mensagem poderosa estreia a nova campanha do Bradesco Private Bank, voltada aos clientes de alta renda. Com lan\u00e7amento em 31 de agosto, o filme \u00a0mostra um beb\u00ea aprendendo a andar, seguindo os passos de um adulto. A cada nova etapa \u2013 ao come\u00e7ar a praticar [&hellip;]","og_url":"https:\/\/www.cidademarketing.com.br\/marketing\/2020\/09\/04\/em-nova-campanha-bradesco-private-bank-aborda-a-jornada-de-seus-clientes\/","og_site_name":"CidadeMarketing","article_publisher":"https:\/\/www.facebook.com\/portalcidademarketing","article_author":"https:\/\/www.facebook.com\/thalesbrandao","article_published_time":"2020-09-05T01:13:50+00:00","article_modified_time":"2020-09-05T01:13:54+00:00","og_image":[{"width":1920,"height":1080,"url":"https:\/\/www.cidademarketing.com.br\/marketing\/wp-content\/uploads\/2020\/09\/Bradesco-Private_PASSOS-3.png","type":"image\/png"}],"author":"Thales Brand\u00e3o","twitter_card":"summary_large_image","twitter_creator":"@http:\/\/www.twitter.com\/thalesbrandao","twitter_site":"@CidadeMarketing","twitter_misc":{"Escrito por":"Thales Brand\u00e3o","Est. tempo de leitura":"3 minutos"},"schema":{"@context":"https:\/\/schema.org","@graph":[{"@type":"Article","@id":"https:\/\/www.cidademarketing.com.br\/marketing\/2020\/09\/04\/em-nova-campanha-bradesco-private-bank-aborda-a-jornada-de-seus-clientes\/#article","isPartOf":{"@id":"https:\/\/www.cidademarketing.com.br\/marketing\/2020\/09\/04\/em-nova-campanha-bradesco-private-bank-aborda-a-jornada-de-seus-clientes\/"},"author":{"name":"Thales Brand\u00e3o","@id":"https:\/\/www.cidademarketing.com.br\/marketing\/#\/schema\/person\/02daff9f18bd9378c9e01eb6b2db155f"},"headline":"Em nova campanha, Bradesco Private Bank aborda a jornada de seus clientes","datePublished":"2020-09-05T01:13:50+00:00","dateModified":"2020-09-05T01:13:54+00:00","mainEntityOfPage":{"@id":"https:\/\/www.cidademarketing.com.br\/marketing\/2020\/09\/04\/em-nova-campanha-bradesco-private-bank-aborda-a-jornada-de-seus-clientes\/"},"wordCount":706,"commentCount":0,"publisher":{"@id":"https:\/\/www.cidademarketing.com.br\/marketing\/#organization"},"image":{"@id":"https:\/\/www.cidademarketing.com.br\/marketing\/2020\/09\/04\/em-nova-campanha-bradesco-private-bank-aborda-a-jornada-de-seus-clientes\/#primaryimage"},"thumbnailUrl":"https:\/\/www.cidademarketing.com.br\/marketing\/wp-content\/uploads\/2020\/09\/Bradesco-Private_PASSOS-3.png","keywords":["Bradesco","campanha","estrat\u00e9gia"],"articleSection":["Videos"],"inLanguage":"pt-BR","potentialAction":[{"@type":"CommentAction","name":"Comment","target":["https:\/\/www.cidademarketing.com.br\/marketing\/2020\/09\/04\/em-nova-campanha-bradesco-private-bank-aborda-a-jornada-de-seus-clientes\/#respond"]}]},{"@type":"WebPage","@id":"https:\/\/www.cidademarketing.com.br\/marketing\/2020\/09\/04\/em-nova-campanha-bradesco-private-bank-aborda-a-jornada-de-seus-clientes\/","url":"https:\/\/www.cidademarketing.com.br\/marketing\/2020\/09\/04\/em-nova-campanha-bradesco-private-bank-aborda-a-jornada-de-seus-clientes\/","name":"Em nova campanha, Bradesco Private Bank aborda a jornada de seus clientes - CidadeMarketing","isPartOf":{"@id":"https:\/\/www.cidademarketing.com.br\/marketing\/#website"},"primaryImageOfPage":{"@id":"https:\/\/www.cidademarketing.com.br\/marketing\/2020\/09\/04\/em-nova-campanha-bradesco-private-bank-aborda-a-jornada-de-seus-clientes\/#primaryimage"},"image":{"@id":"https:\/\/www.cidademarketing.com.br\/marketing\/2020\/09\/04\/em-nova-campanha-bradesco-private-bank-aborda-a-jornada-de-seus-clientes\/#primaryimage"},"thumbnailUrl":"https:\/\/www.cidademarketing.com.br\/marketing\/wp-content\/uploads\/2020\/09\/Bradesco-Private_PASSOS-3.png","datePublished":"2020-09-05T01:13:50+00:00","dateModified":"2020-09-05T01:13:54+00:00","breadcrumb":{"@id":"https:\/\/www.cidademarketing.com.br\/marketing\/2020\/09\/04\/em-nova-campanha-bradesco-private-bank-aborda-a-jornada-de-seus-clientes\/#breadcrumb"},"inLanguage":"pt-BR","potentialAction":[{"@type":"ReadAction","target":["https:\/\/www.cidademarketing.com.br\/marketing\/2020\/09\/04\/em-nova-campanha-bradesco-private-bank-aborda-a-jornada-de-seus-clientes\/"]}]},{"@type":"ImageObject","inLanguage":"pt-BR","@id":"https:\/\/www.cidademarketing.com.br\/marketing\/2020\/09\/04\/em-nova-campanha-bradesco-private-bank-aborda-a-jornada-de-seus-clientes\/#primaryimage","url":"https:\/\/www.cidademarketing.com.br\/marketing\/wp-content\/uploads\/2020\/09\/Bradesco-Private_PASSOS-3.png","contentUrl":"https:\/\/www.cidademarketing.com.br\/marketing\/wp-content\/uploads\/2020\/09\/Bradesco-Private_PASSOS-3.png","width":1920,"height":1080},{"@type":"BreadcrumbList","@id":"https:\/\/www.cidademarketing.com.br\/marketing\/2020\/09\/04\/em-nova-campanha-bradesco-private-bank-aborda-a-jornada-de-seus-clientes\/#breadcrumb","itemListElement":[{"@type":"ListItem","position":1,"name":"In\u00edcio","item":"https:\/\/www.cidademarketing.com.br\/marketing\/"},{"@type":"ListItem","position":2,"name":"Em nova campanha, Bradesco Private Bank aborda a jornada de seus clientes"}]},{"@type":"WebSite","@id":"https:\/\/www.cidademarketing.com.br\/marketing\/#website","url":"https:\/\/www.cidademarketing.com.br\/marketing\/","name":"CidadeMarketing","description":"Somos um ve\u00edculo de comunica\u00e7\u00e3o de destaque no Brasil, reconhecido por conte\u00fados nos segmentos de marketing, empreendedorismo e inova\u00e7\u00e3o.","publisher":{"@id":"https:\/\/www.cidademarketing.com.br\/marketing\/#organization"},"alternateName":"CidadeMarketing","potentialAction":[{"@type":"SearchAction","target":{"@type":"EntryPoint","urlTemplate":"https:\/\/www.cidademarketing.com.br\/marketing\/?s={search_term_string}"},"query-input":{"@type":"PropertyValueSpecification","valueRequired":true,"valueName":"search_term_string"}}],"inLanguage":"pt-BR"},{"@type":"Organization","@id":"https:\/\/www.cidademarketing.com.br\/marketing\/#organization","name":"CidadeMarketing","alternateName":"CidadeMarketing","url":"https:\/\/www.cidademarketing.com.br\/marketing\/","logo":{"@type":"ImageObject","inLanguage":"pt-BR","@id":"https:\/\/www.cidademarketing.com.br\/marketing\/#\/schema\/logo\/image\/","url":"https:\/\/www.cidademarketing.com.br\/marketing\/wp-content\/uploads\/2020\/01\/cidademarketing_marca_mobile.png","contentUrl":"https:\/\/www.cidademarketing.com.br\/marketing\/wp-content\/uploads\/2020\/01\/cidademarketing_marca_mobile.png","width":230,"height":92,"caption":"CidadeMarketing"},"image":{"@id":"https:\/\/www.cidademarketing.com.br\/marketing\/#\/schema\/logo\/image\/"},"sameAs":["https:\/\/www.facebook.com\/portalcidademarketing","https:\/\/x.com\/CidadeMarketing","https:\/\/www.instagram.com\/cidademarketing\/"]},{"@type":"Person","@id":"https:\/\/www.cidademarketing.com.br\/marketing\/#\/schema\/person\/02daff9f18bd9378c9e01eb6b2db155f","name":"Thales Brand\u00e3o","image":{"@type":"ImageObject","inLanguage":"pt-BR","@id":"https:\/\/secure.gravatar.com\/avatar\/7ca3206950207cc3cb48feec56a8a7898741ab725c368d99d5d7a5a50aab80c6?s=96&d=mm&r=g","url":"https:\/\/secure.gravatar.com\/avatar\/7ca3206950207cc3cb48feec56a8a7898741ab725c368d99d5d7a5a50aab80c6?s=96&d=mm&r=g","contentUrl":"https:\/\/secure.gravatar.com\/avatar\/7ca3206950207cc3cb48feec56a8a7898741ab725c368d99d5d7a5a50aab80c6?s=96&d=mm&r=g","caption":"Thales Brand\u00e3o"},"description":"Editor Executivo do Portal CidadeMarketing.com.br &gt; Mestre em Comunica\u00e7\u00e3o e Sociedade pela Universidade Federal de Sergipe. Possui MBA Executivo em Administra\u00e7\u00e3o com \u00eanfase em Marketing pela Funda\u00e7\u00e3o Get\u00falio Vargas - Rio de Janeiro. Consultor, Palestrante e Pesquisador sobre Empreendedorismo, Marketing, Redes Sociais e Neg\u00f3cios Digitais. Professor, Palestrante TedxTalks e Campus Party. Twitter: @ThalesBrandao","sameAs":["http:\/\/www.mandacaru.com.br","https:\/\/www.facebook.com\/thalesbrandao","http:\/\/www.instagram.com.br\/thalesbrandaoferreira","https:\/\/www.linkedin.com\/in\/thales-brand\u00e3o-3948609\/","https:\/\/x.com\/http:\/\/www.twitter.com\/thalesbrandao"],"url":"https:\/\/www.cidademarketing.com.br\/marketing\/author\/thalesbrandao\/"}]}},"amp_enabled":true,"_links":{"self":[{"href":"https:\/\/www.cidademarketing.com.br\/marketing\/wp-json\/wp\/v2\/posts\/18746","targetHints":{"allow":["GET"]}}],"collection":[{"href":"https:\/\/www.cidademarketing.com.br\/marketing\/wp-json\/wp\/v2\/posts"}],"about":[{"href":"https:\/\/www.cidademarketing.com.br\/marketing\/wp-json\/wp\/v2\/types\/post"}],"author":[{"embeddable":true,"href":"https:\/\/www.cidademarketing.com.br\/marketing\/wp-json\/wp\/v2\/users\/1"}],"replies":[{"embeddable":true,"href":"https:\/\/www.cidademarketing.com.br\/marketing\/wp-json\/wp\/v2\/comments?post=18746"}],"version-history":[{"count":1,"href":"https:\/\/www.cidademarketing.com.br\/marketing\/wp-json\/wp\/v2\/posts\/18746\/revisions"}],"predecessor-version":[{"id":18750,"href":"https:\/\/www.cidademarketing.com.br\/marketing\/wp-json\/wp\/v2\/posts\/18746\/revisions\/18750"}],"wp:featuredmedia":[{"embeddable":true,"href":"https:\/\/www.cidademarketing.com.br\/marketing\/wp-json\/wp\/v2\/media\/18748"}],"wp:attachment":[{"href":"https:\/\/www.cidademarketing.com.br\/marketing\/wp-json\/wp\/v2\/media?parent=18746"}],"wp:term":[{"taxonomy":"category","embeddable":true,"href":"https:\/\/www.cidademarketing.com.br\/marketing\/wp-json\/wp\/v2\/categories?post=18746"},{"taxonomy":"post_tag","embeddable":true,"href":"https:\/\/www.cidademarketing.com.br\/marketing\/wp-json\/wp\/v2\/tags?post=18746"}],"curies":[{"name":"wp","href":"https:\/\/api.w.org\/{rel}","templated":true}]}}