{"id":18662,"date":"2020-09-03T21:00:39","date_gmt":"2020-09-04T00:00:39","guid":{"rendered":"https:\/\/www.cidademarketing.com.br\/marketing\/?p=18662"},"modified":"2020-09-03T21:00:43","modified_gmt":"2020-09-04T00:00:43","slug":"cnn-anuncia-a-contratacao-de-roberto-nonato","status":"publish","type":"post","link":"https:\/\/www.cidademarketing.com.br\/marketing\/2020\/09\/03\/cnn-anuncia-a-contratacao-de-roberto-nonato\/","title":{"rendered":"CNN anuncia a contrata\u00e7\u00e3o de Roberto Nonato"},"content":{"rendered":"\n<p>A CNN Brasil anuncia a contrata\u00e7\u00e3o do jornalista Roberto Nonato. Profissional com tr\u00eas d\u00e9cadas anos de atua\u00e7\u00e3o no radiojornalismo, ele ser\u00e1 \u00e2ncora na programa\u00e7\u00e3o da CNN R\u00e1dio em parceria com a Rede Transam\u00e9rica, e tamb\u00e9m comandar\u00e1 a apresenta\u00e7\u00e3o de telejornais na TV por assinatura.<\/p>\n\n\n\n<p>Formado em jornalismo pela FIAM e p\u00f3s-graduado em Rela\u00e7\u00f5es Internacionais pela FESP, Nonato \u00e9 uma das vozes mais conhecidas da r\u00e1dio no Brasil. Na \u00faltima ter\u00e7a-feira (01), completou 30 anos na apresenta\u00e7\u00e3o da R\u00e1dio CBN. Ele foi contratado em setembro de 1990, ainda na antiga R\u00e1dio Excelsior, que deu lugar \u00e0 CBN. Estava como \u00e2ncora do \u2018Jornal da CBN\u2019 e dos programas \u2018Lado B da Bola\u2019 e \u2018O Mundo em Meia Hora\u2019. Teve passagens pelas r\u00e1dios Jovem Pan, Antena 1, Eldorado e pelo Canal Viva, da Globosat.<\/p>\n\n\n\n<p>Nonato chega \u00e0 CNN para trazer seu talento como apresentador de r\u00e1dio e estend\u00ea-lo para a TV e outras plataformas. Na CNN R\u00e1dio, ser\u00e1 um dos \u00e2ncoras da manh\u00e3, considerado o hor\u00e1rio nobre do radiojornalismo. Com lan\u00e7amento previsto para outubro, a programa\u00e7\u00e3o ser\u00e1 transmitida, diariamente, na rede Transam\u00e9rica em duas faixas hor\u00e1rias: de segunda a sexta, das 6h \u00e0s 12h, e das 18h30 \u00e0s 19h30. Al\u00e9m disso, ao longo da programa\u00e7\u00e3o, tamb\u00e9m produzir\u00e1 entradas ao vivo de plant\u00f5es de not\u00edcias, os chamados \u201cBreaking News\u201d.<\/p>\n\n\n\n<p>Al\u00e9m de Nonato, todo o elenco da CNN Brasil far\u00e1 parte do projeto. O p\u00fablico do r\u00e1dio poder\u00e1 ouvir jornalistas, analistas e debatedores como William Waack, Monalisa Perrone, Evaristo Costa, Thais Her\u00e9dia, Rafael Colombo, Daniela Lima, Leandro Karnal, Mari Palma, Gabriela Prioli, Alexandre Garcia, Sidney Rezende, Caio Coppolla, Caio Junqueira, Phelipe Siani, entre tantos outros.<\/p>\n\n\n\n<p>A CNN Brasil chegar\u00e1 aos ouvintes, operando sempre em FM, atrav\u00e9s das emissoras pr\u00f3prias da Rede Transam\u00e9rica nos principais mercados do pa\u00eds: S\u00e3o Paulo (100,1 FM), Rio de Janeiro ( 101,3 FM), Belo Horizonte (88,7 FM), Curitiba (100,3 FM), Bras\u00edlia (100,1 FM), Salvador (100,1 FM) e Recife (92,7 FM), al\u00e9m de mais 20 afiliadas. No total, a rede cobre 196 cidades brasileiras, com popula\u00e7\u00e3o potencial de 55 milh\u00f5es de pessoas.<\/p>\n","protected":false},"excerpt":{"rendered":"<p>A CNN Brasil anuncia a contrata\u00e7\u00e3o do jornalista Roberto Nonato. Profissional com tr\u00eas d\u00e9cadas anos de atua\u00e7\u00e3o no radiojornalismo, ele ser\u00e1 \u00e2ncora na programa\u00e7\u00e3o da CNN R\u00e1dio em parceria com a Rede Transam\u00e9rica, e tamb\u00e9m comandar\u00e1 a apresenta\u00e7\u00e3o de telejornais na TV por assinatura. Formado em jornalismo pela FIAM e p\u00f3s-graduado em Rela\u00e7\u00f5es Internacionais pela [&hellip;]<\/p>\n","protected":false},"author":1,"featured_media":18663,"comment_status":"open","ping_status":"open","sticky":false,"template":"","format":"standard","meta":{"tdm_status":"","tdm_grid_status":"","footnotes":""},"categories":[6],"tags":[1143,33,28],"class_list":["post-18662","post","type-post","status-publish","format-standard","has-post-thumbnail","hentry","category-noticias","tag-cnn","tag-estrategia","tag-marketing"],"yoast_head":"<!-- This site is optimized with the Yoast SEO plugin v27.5 - https:\/\/yoast.com\/product\/yoast-seo-wordpress\/ -->\n<title>CNN anuncia a contrata\u00e7\u00e3o de Roberto Nonato - CidadeMarketing<\/title>\n<meta name=\"robots\" content=\"index, follow, max-snippet:-1, max-image-preview:large, max-video-preview:-1\" \/>\n<link rel=\"canonical\" href=\"https:\/\/www.cidademarketing.com.br\/marketing\/2020\/09\/03\/cnn-anuncia-a-contratacao-de-roberto-nonato\/\" \/>\n<meta property=\"og:locale\" content=\"pt_BR\" \/>\n<meta property=\"og:type\" content=\"article\" \/>\n<meta property=\"og:title\" content=\"CNN anuncia a contrata\u00e7\u00e3o de Roberto Nonato - CidadeMarketing\" \/>\n<meta property=\"og:description\" content=\"A CNN Brasil anuncia a contrata\u00e7\u00e3o do jornalista Roberto Nonato. Profissional com tr\u00eas d\u00e9cadas anos de atua\u00e7\u00e3o no radiojornalismo, ele ser\u00e1 \u00e2ncora na programa\u00e7\u00e3o da CNN R\u00e1dio em parceria com a Rede Transam\u00e9rica, e tamb\u00e9m comandar\u00e1 a apresenta\u00e7\u00e3o de telejornais na TV por assinatura. Formado em jornalismo pela FIAM e p\u00f3s-graduado em Rela\u00e7\u00f5es Internacionais pela [&hellip;]\" \/>\n<meta property=\"og:url\" content=\"https:\/\/www.cidademarketing.com.br\/marketing\/2020\/09\/03\/cnn-anuncia-a-contratacao-de-roberto-nonato\/\" \/>\n<meta property=\"og:site_name\" content=\"CidadeMarketing\" \/>\n<meta property=\"article:publisher\" content=\"https:\/\/www.facebook.com\/portalcidademarketing\" \/>\n<meta property=\"article:author\" content=\"https:\/\/www.facebook.com\/thalesbrandao\" \/>\n<meta property=\"article:published_time\" content=\"2020-09-04T00:00:39+00:00\" \/>\n<meta property=\"article:modified_time\" content=\"2020-09-04T00:00:43+00:00\" \/>\n<meta property=\"og:image\" content=\"https:\/\/www.cidademarketing.com.br\/marketing\/wp-content\/uploads\/2020\/09\/Roberto-Nonato_CNN-Brasil_Divulgacao.jpg\" \/>\n\t<meta property=\"og:image:width\" content=\"1024\" \/>\n\t<meta property=\"og:image:height\" content=\"829\" \/>\n\t<meta property=\"og:image:type\" content=\"image\/jpeg\" \/>\n<meta name=\"author\" content=\"Thales Brand\u00e3o\" \/>\n<meta name=\"twitter:card\" content=\"summary_large_image\" \/>\n<meta name=\"twitter:creator\" content=\"@http:\/\/www.twitter.com\/thalesbrandao\" \/>\n<meta name=\"twitter:site\" content=\"@CidadeMarketing\" \/>\n<meta name=\"twitter:label1\" content=\"Escrito por\" \/>\n\t<meta name=\"twitter:data1\" content=\"Thales Brand\u00e3o\" \/>\n\t<meta name=\"twitter:label2\" content=\"Est. tempo de leitura\" \/>\n\t<meta name=\"twitter:data2\" content=\"2 minutos\" \/>\n<script type=\"application\/ld+json\" class=\"yoast-schema-graph\">{\"@context\":\"https:\\\/\\\/schema.org\",\"@graph\":[{\"@type\":\"Article\",\"@id\":\"https:\\\/\\\/www.cidademarketing.com.br\\\/marketing\\\/2020\\\/09\\\/03\\\/cnn-anuncia-a-contratacao-de-roberto-nonato\\\/#article\",\"isPartOf\":{\"@id\":\"https:\\\/\\\/www.cidademarketing.com.br\\\/marketing\\\/2020\\\/09\\\/03\\\/cnn-anuncia-a-contratacao-de-roberto-nonato\\\/\"},\"author\":{\"name\":\"Thales Brand\u00e3o\",\"@id\":\"https:\\\/\\\/www.cidademarketing.com.br\\\/marketing\\\/#\\\/schema\\\/person\\\/02daff9f18bd9378c9e01eb6b2db155f\"},\"headline\":\"CNN anuncia a contrata\u00e7\u00e3o de Roberto Nonato\",\"datePublished\":\"2020-09-04T00:00:39+00:00\",\"dateModified\":\"2020-09-04T00:00:43+00:00\",\"mainEntityOfPage\":{\"@id\":\"https:\\\/\\\/www.cidademarketing.com.br\\\/marketing\\\/2020\\\/09\\\/03\\\/cnn-anuncia-a-contratacao-de-roberto-nonato\\\/\"},\"wordCount\":373,\"commentCount\":0,\"publisher\":{\"@id\":\"https:\\\/\\\/www.cidademarketing.com.br\\\/marketing\\\/#organization\"},\"image\":{\"@id\":\"https:\\\/\\\/www.cidademarketing.com.br\\\/marketing\\\/2020\\\/09\\\/03\\\/cnn-anuncia-a-contratacao-de-roberto-nonato\\\/#primaryimage\"},\"thumbnailUrl\":\"https:\\\/\\\/www.cidademarketing.com.br\\\/marketing\\\/wp-content\\\/uploads\\\/2020\\\/09\\\/Roberto-Nonato_CNN-Brasil_Divulgacao.jpg\",\"keywords\":[\"CNN\",\"estrat\u00e9gia\",\"marketing\"],\"articleSection\":[\"Not\u00edcias\"],\"inLanguage\":\"pt-BR\",\"potentialAction\":[{\"@type\":\"CommentAction\",\"name\":\"Comment\",\"target\":[\"https:\\\/\\\/www.cidademarketing.com.br\\\/marketing\\\/2020\\\/09\\\/03\\\/cnn-anuncia-a-contratacao-de-roberto-nonato\\\/#respond\"]}]},{\"@type\":\"WebPage\",\"@id\":\"https:\\\/\\\/www.cidademarketing.com.br\\\/marketing\\\/2020\\\/09\\\/03\\\/cnn-anuncia-a-contratacao-de-roberto-nonato\\\/\",\"url\":\"https:\\\/\\\/www.cidademarketing.com.br\\\/marketing\\\/2020\\\/09\\\/03\\\/cnn-anuncia-a-contratacao-de-roberto-nonato\\\/\",\"name\":\"CNN anuncia a contrata\u00e7\u00e3o de Roberto Nonato - CidadeMarketing\",\"isPartOf\":{\"@id\":\"https:\\\/\\\/www.cidademarketing.com.br\\\/marketing\\\/#website\"},\"primaryImageOfPage\":{\"@id\":\"https:\\\/\\\/www.cidademarketing.com.br\\\/marketing\\\/2020\\\/09\\\/03\\\/cnn-anuncia-a-contratacao-de-roberto-nonato\\\/#primaryimage\"},\"image\":{\"@id\":\"https:\\\/\\\/www.cidademarketing.com.br\\\/marketing\\\/2020\\\/09\\\/03\\\/cnn-anuncia-a-contratacao-de-roberto-nonato\\\/#primaryimage\"},\"thumbnailUrl\":\"https:\\\/\\\/www.cidademarketing.com.br\\\/marketing\\\/wp-content\\\/uploads\\\/2020\\\/09\\\/Roberto-Nonato_CNN-Brasil_Divulgacao.jpg\",\"datePublished\":\"2020-09-04T00:00:39+00:00\",\"dateModified\":\"2020-09-04T00:00:43+00:00\",\"breadcrumb\":{\"@id\":\"https:\\\/\\\/www.cidademarketing.com.br\\\/marketing\\\/2020\\\/09\\\/03\\\/cnn-anuncia-a-contratacao-de-roberto-nonato\\\/#breadcrumb\"},\"inLanguage\":\"pt-BR\",\"potentialAction\":[{\"@type\":\"ReadAction\",\"target\":[\"https:\\\/\\\/www.cidademarketing.com.br\\\/marketing\\\/2020\\\/09\\\/03\\\/cnn-anuncia-a-contratacao-de-roberto-nonato\\\/\"]}]},{\"@type\":\"ImageObject\",\"inLanguage\":\"pt-BR\",\"@id\":\"https:\\\/\\\/www.cidademarketing.com.br\\\/marketing\\\/2020\\\/09\\\/03\\\/cnn-anuncia-a-contratacao-de-roberto-nonato\\\/#primaryimage\",\"url\":\"https:\\\/\\\/www.cidademarketing.com.br\\\/marketing\\\/wp-content\\\/uploads\\\/2020\\\/09\\\/Roberto-Nonato_CNN-Brasil_Divulgacao.jpg\",\"contentUrl\":\"https:\\\/\\\/www.cidademarketing.com.br\\\/marketing\\\/wp-content\\\/uploads\\\/2020\\\/09\\\/Roberto-Nonato_CNN-Brasil_Divulgacao.jpg\",\"width\":1024,\"height\":829,\"caption\":\"Divulga\u00e7\u00e3o\"},{\"@type\":\"BreadcrumbList\",\"@id\":\"https:\\\/\\\/www.cidademarketing.com.br\\\/marketing\\\/2020\\\/09\\\/03\\\/cnn-anuncia-a-contratacao-de-roberto-nonato\\\/#breadcrumb\",\"itemListElement\":[{\"@type\":\"ListItem\",\"position\":1,\"name\":\"In\u00edcio\",\"item\":\"https:\\\/\\\/www.cidademarketing.com.br\\\/marketing\\\/\"},{\"@type\":\"ListItem\",\"position\":2,\"name\":\"CNN anuncia a contrata\u00e7\u00e3o de Roberto Nonato\"}]},{\"@type\":\"WebSite\",\"@id\":\"https:\\\/\\\/www.cidademarketing.com.br\\\/marketing\\\/#website\",\"url\":\"https:\\\/\\\/www.cidademarketing.com.br\\\/marketing\\\/\",\"name\":\"CidadeMarketing\",\"description\":\"Somos um ve\u00edculo de comunica\u00e7\u00e3o de destaque no Brasil, reconhecido por conte\u00fados nos segmentos de marketing, empreendedorismo e inova\u00e7\u00e3o.\",\"publisher\":{\"@id\":\"https:\\\/\\\/www.cidademarketing.com.br\\\/marketing\\\/#organization\"},\"alternateName\":\"CidadeMarketing\",\"potentialAction\":[{\"@type\":\"SearchAction\",\"target\":{\"@type\":\"EntryPoint\",\"urlTemplate\":\"https:\\\/\\\/www.cidademarketing.com.br\\\/marketing\\\/?s={search_term_string}\"},\"query-input\":{\"@type\":\"PropertyValueSpecification\",\"valueRequired\":true,\"valueName\":\"search_term_string\"}}],\"inLanguage\":\"pt-BR\"},{\"@type\":\"Organization\",\"@id\":\"https:\\\/\\\/www.cidademarketing.com.br\\\/marketing\\\/#organization\",\"name\":\"CidadeMarketing\",\"alternateName\":\"CidadeMarketing\",\"url\":\"https:\\\/\\\/www.cidademarketing.com.br\\\/marketing\\\/\",\"logo\":{\"@type\":\"ImageObject\",\"inLanguage\":\"pt-BR\",\"@id\":\"https:\\\/\\\/www.cidademarketing.com.br\\\/marketing\\\/#\\\/schema\\\/logo\\\/image\\\/\",\"url\":\"https:\\\/\\\/www.cidademarketing.com.br\\\/marketing\\\/wp-content\\\/uploads\\\/2020\\\/01\\\/cidademarketing_marca_mobile.png\",\"contentUrl\":\"https:\\\/\\\/www.cidademarketing.com.br\\\/marketing\\\/wp-content\\\/uploads\\\/2020\\\/01\\\/cidademarketing_marca_mobile.png\",\"width\":230,\"height\":92,\"caption\":\"CidadeMarketing\"},\"image\":{\"@id\":\"https:\\\/\\\/www.cidademarketing.com.br\\\/marketing\\\/#\\\/schema\\\/logo\\\/image\\\/\"},\"sameAs\":[\"https:\\\/\\\/www.facebook.com\\\/portalcidademarketing\",\"https:\\\/\\\/x.com\\\/CidadeMarketing\",\"https:\\\/\\\/www.instagram.com\\\/cidademarketing\\\/\"]},{\"@type\":\"Person\",\"@id\":\"https:\\\/\\\/www.cidademarketing.com.br\\\/marketing\\\/#\\\/schema\\\/person\\\/02daff9f18bd9378c9e01eb6b2db155f\",\"name\":\"Thales Brand\u00e3o\",\"image\":{\"@type\":\"ImageObject\",\"inLanguage\":\"pt-BR\",\"@id\":\"https:\\\/\\\/secure.gravatar.com\\\/avatar\\\/7ca3206950207cc3cb48feec56a8a7898741ab725c368d99d5d7a5a50aab80c6?s=96&d=mm&r=g\",\"url\":\"https:\\\/\\\/secure.gravatar.com\\\/avatar\\\/7ca3206950207cc3cb48feec56a8a7898741ab725c368d99d5d7a5a50aab80c6?s=96&d=mm&r=g\",\"contentUrl\":\"https:\\\/\\\/secure.gravatar.com\\\/avatar\\\/7ca3206950207cc3cb48feec56a8a7898741ab725c368d99d5d7a5a50aab80c6?s=96&d=mm&r=g\",\"caption\":\"Thales Brand\u00e3o\"},\"description\":\"Editor Executivo do Portal CidadeMarketing.com.br &gt; Mestre em Comunica\u00e7\u00e3o e Sociedade pela Universidade Federal de Sergipe. Possui MBA Executivo em Administra\u00e7\u00e3o com \u00eanfase em Marketing pela Funda\u00e7\u00e3o Get\u00falio Vargas - Rio de Janeiro. Consultor, Palestrante e Pesquisador sobre Empreendedorismo, Marketing, Redes Sociais e Neg\u00f3cios Digitais. Professor, Palestrante TedxTalks e Campus Party. Twitter: @ThalesBrandao\",\"sameAs\":[\"http:\\\/\\\/www.mandacaru.com.br\",\"https:\\\/\\\/www.facebook.com\\\/thalesbrandao\",\"http:\\\/\\\/www.instagram.com.br\\\/thalesbrandaoferreira\",\"https:\\\/\\\/www.linkedin.com\\\/in\\\/thales-brand\u00e3o-3948609\\\/\",\"https:\\\/\\\/x.com\\\/http:\\\/\\\/www.twitter.com\\\/thalesbrandao\"],\"url\":\"https:\\\/\\\/www.cidademarketing.com.br\\\/marketing\\\/author\\\/thalesbrandao\\\/\"}]}<\/script>\n<!-- \/ Yoast SEO plugin. -->","yoast_head_json":{"title":"CNN anuncia a contrata\u00e7\u00e3o de Roberto Nonato - CidadeMarketing","robots":{"index":"index","follow":"follow","max-snippet":"max-snippet:-1","max-image-preview":"max-image-preview:large","max-video-preview":"max-video-preview:-1"},"canonical":"https:\/\/www.cidademarketing.com.br\/marketing\/2020\/09\/03\/cnn-anuncia-a-contratacao-de-roberto-nonato\/","og_locale":"pt_BR","og_type":"article","og_title":"CNN anuncia a contrata\u00e7\u00e3o de Roberto Nonato - CidadeMarketing","og_description":"A CNN Brasil anuncia a contrata\u00e7\u00e3o do jornalista Roberto Nonato. Profissional com tr\u00eas d\u00e9cadas anos de atua\u00e7\u00e3o no radiojornalismo, ele ser\u00e1 \u00e2ncora na programa\u00e7\u00e3o da CNN R\u00e1dio em parceria com a Rede Transam\u00e9rica, e tamb\u00e9m comandar\u00e1 a apresenta\u00e7\u00e3o de telejornais na TV por assinatura. Formado em jornalismo pela FIAM e p\u00f3s-graduado em Rela\u00e7\u00f5es Internacionais pela [&hellip;]","og_url":"https:\/\/www.cidademarketing.com.br\/marketing\/2020\/09\/03\/cnn-anuncia-a-contratacao-de-roberto-nonato\/","og_site_name":"CidadeMarketing","article_publisher":"https:\/\/www.facebook.com\/portalcidademarketing","article_author":"https:\/\/www.facebook.com\/thalesbrandao","article_published_time":"2020-09-04T00:00:39+00:00","article_modified_time":"2020-09-04T00:00:43+00:00","og_image":[{"width":1024,"height":829,"url":"https:\/\/www.cidademarketing.com.br\/marketing\/wp-content\/uploads\/2020\/09\/Roberto-Nonato_CNN-Brasil_Divulgacao.jpg","type":"image\/jpeg"}],"author":"Thales Brand\u00e3o","twitter_card":"summary_large_image","twitter_creator":"@http:\/\/www.twitter.com\/thalesbrandao","twitter_site":"@CidadeMarketing","twitter_misc":{"Escrito por":"Thales Brand\u00e3o","Est. tempo de leitura":"2 minutos"},"schema":{"@context":"https:\/\/schema.org","@graph":[{"@type":"Article","@id":"https:\/\/www.cidademarketing.com.br\/marketing\/2020\/09\/03\/cnn-anuncia-a-contratacao-de-roberto-nonato\/#article","isPartOf":{"@id":"https:\/\/www.cidademarketing.com.br\/marketing\/2020\/09\/03\/cnn-anuncia-a-contratacao-de-roberto-nonato\/"},"author":{"name":"Thales Brand\u00e3o","@id":"https:\/\/www.cidademarketing.com.br\/marketing\/#\/schema\/person\/02daff9f18bd9378c9e01eb6b2db155f"},"headline":"CNN anuncia a contrata\u00e7\u00e3o de Roberto Nonato","datePublished":"2020-09-04T00:00:39+00:00","dateModified":"2020-09-04T00:00:43+00:00","mainEntityOfPage":{"@id":"https:\/\/www.cidademarketing.com.br\/marketing\/2020\/09\/03\/cnn-anuncia-a-contratacao-de-roberto-nonato\/"},"wordCount":373,"commentCount":0,"publisher":{"@id":"https:\/\/www.cidademarketing.com.br\/marketing\/#organization"},"image":{"@id":"https:\/\/www.cidademarketing.com.br\/marketing\/2020\/09\/03\/cnn-anuncia-a-contratacao-de-roberto-nonato\/#primaryimage"},"thumbnailUrl":"https:\/\/www.cidademarketing.com.br\/marketing\/wp-content\/uploads\/2020\/09\/Roberto-Nonato_CNN-Brasil_Divulgacao.jpg","keywords":["CNN","estrat\u00e9gia","marketing"],"articleSection":["Not\u00edcias"],"inLanguage":"pt-BR","potentialAction":[{"@type":"CommentAction","name":"Comment","target":["https:\/\/www.cidademarketing.com.br\/marketing\/2020\/09\/03\/cnn-anuncia-a-contratacao-de-roberto-nonato\/#respond"]}]},{"@type":"WebPage","@id":"https:\/\/www.cidademarketing.com.br\/marketing\/2020\/09\/03\/cnn-anuncia-a-contratacao-de-roberto-nonato\/","url":"https:\/\/www.cidademarketing.com.br\/marketing\/2020\/09\/03\/cnn-anuncia-a-contratacao-de-roberto-nonato\/","name":"CNN anuncia a contrata\u00e7\u00e3o de Roberto Nonato - CidadeMarketing","isPartOf":{"@id":"https:\/\/www.cidademarketing.com.br\/marketing\/#website"},"primaryImageOfPage":{"@id":"https:\/\/www.cidademarketing.com.br\/marketing\/2020\/09\/03\/cnn-anuncia-a-contratacao-de-roberto-nonato\/#primaryimage"},"image":{"@id":"https:\/\/www.cidademarketing.com.br\/marketing\/2020\/09\/03\/cnn-anuncia-a-contratacao-de-roberto-nonato\/#primaryimage"},"thumbnailUrl":"https:\/\/www.cidademarketing.com.br\/marketing\/wp-content\/uploads\/2020\/09\/Roberto-Nonato_CNN-Brasil_Divulgacao.jpg","datePublished":"2020-09-04T00:00:39+00:00","dateModified":"2020-09-04T00:00:43+00:00","breadcrumb":{"@id":"https:\/\/www.cidademarketing.com.br\/marketing\/2020\/09\/03\/cnn-anuncia-a-contratacao-de-roberto-nonato\/#breadcrumb"},"inLanguage":"pt-BR","potentialAction":[{"@type":"ReadAction","target":["https:\/\/www.cidademarketing.com.br\/marketing\/2020\/09\/03\/cnn-anuncia-a-contratacao-de-roberto-nonato\/"]}]},{"@type":"ImageObject","inLanguage":"pt-BR","@id":"https:\/\/www.cidademarketing.com.br\/marketing\/2020\/09\/03\/cnn-anuncia-a-contratacao-de-roberto-nonato\/#primaryimage","url":"https:\/\/www.cidademarketing.com.br\/marketing\/wp-content\/uploads\/2020\/09\/Roberto-Nonato_CNN-Brasil_Divulgacao.jpg","contentUrl":"https:\/\/www.cidademarketing.com.br\/marketing\/wp-content\/uploads\/2020\/09\/Roberto-Nonato_CNN-Brasil_Divulgacao.jpg","width":1024,"height":829,"caption":"Divulga\u00e7\u00e3o"},{"@type":"BreadcrumbList","@id":"https:\/\/www.cidademarketing.com.br\/marketing\/2020\/09\/03\/cnn-anuncia-a-contratacao-de-roberto-nonato\/#breadcrumb","itemListElement":[{"@type":"ListItem","position":1,"name":"In\u00edcio","item":"https:\/\/www.cidademarketing.com.br\/marketing\/"},{"@type":"ListItem","position":2,"name":"CNN anuncia a contrata\u00e7\u00e3o de Roberto Nonato"}]},{"@type":"WebSite","@id":"https:\/\/www.cidademarketing.com.br\/marketing\/#website","url":"https:\/\/www.cidademarketing.com.br\/marketing\/","name":"CidadeMarketing","description":"Somos um ve\u00edculo de comunica\u00e7\u00e3o de destaque no Brasil, reconhecido por conte\u00fados nos segmentos de marketing, empreendedorismo e inova\u00e7\u00e3o.","publisher":{"@id":"https:\/\/www.cidademarketing.com.br\/marketing\/#organization"},"alternateName":"CidadeMarketing","potentialAction":[{"@type":"SearchAction","target":{"@type":"EntryPoint","urlTemplate":"https:\/\/www.cidademarketing.com.br\/marketing\/?s={search_term_string}"},"query-input":{"@type":"PropertyValueSpecification","valueRequired":true,"valueName":"search_term_string"}}],"inLanguage":"pt-BR"},{"@type":"Organization","@id":"https:\/\/www.cidademarketing.com.br\/marketing\/#organization","name":"CidadeMarketing","alternateName":"CidadeMarketing","url":"https:\/\/www.cidademarketing.com.br\/marketing\/","logo":{"@type":"ImageObject","inLanguage":"pt-BR","@id":"https:\/\/www.cidademarketing.com.br\/marketing\/#\/schema\/logo\/image\/","url":"https:\/\/www.cidademarketing.com.br\/marketing\/wp-content\/uploads\/2020\/01\/cidademarketing_marca_mobile.png","contentUrl":"https:\/\/www.cidademarketing.com.br\/marketing\/wp-content\/uploads\/2020\/01\/cidademarketing_marca_mobile.png","width":230,"height":92,"caption":"CidadeMarketing"},"image":{"@id":"https:\/\/www.cidademarketing.com.br\/marketing\/#\/schema\/logo\/image\/"},"sameAs":["https:\/\/www.facebook.com\/portalcidademarketing","https:\/\/x.com\/CidadeMarketing","https:\/\/www.instagram.com\/cidademarketing\/"]},{"@type":"Person","@id":"https:\/\/www.cidademarketing.com.br\/marketing\/#\/schema\/person\/02daff9f18bd9378c9e01eb6b2db155f","name":"Thales Brand\u00e3o","image":{"@type":"ImageObject","inLanguage":"pt-BR","@id":"https:\/\/secure.gravatar.com\/avatar\/7ca3206950207cc3cb48feec56a8a7898741ab725c368d99d5d7a5a50aab80c6?s=96&d=mm&r=g","url":"https:\/\/secure.gravatar.com\/avatar\/7ca3206950207cc3cb48feec56a8a7898741ab725c368d99d5d7a5a50aab80c6?s=96&d=mm&r=g","contentUrl":"https:\/\/secure.gravatar.com\/avatar\/7ca3206950207cc3cb48feec56a8a7898741ab725c368d99d5d7a5a50aab80c6?s=96&d=mm&r=g","caption":"Thales Brand\u00e3o"},"description":"Editor Executivo do Portal CidadeMarketing.com.br &gt; Mestre em Comunica\u00e7\u00e3o e Sociedade pela Universidade Federal de Sergipe. Possui MBA Executivo em Administra\u00e7\u00e3o com \u00eanfase em Marketing pela Funda\u00e7\u00e3o Get\u00falio Vargas - Rio de Janeiro. Consultor, Palestrante e Pesquisador sobre Empreendedorismo, Marketing, Redes Sociais e Neg\u00f3cios Digitais. Professor, Palestrante TedxTalks e Campus Party. Twitter: @ThalesBrandao","sameAs":["http:\/\/www.mandacaru.com.br","https:\/\/www.facebook.com\/thalesbrandao","http:\/\/www.instagram.com.br\/thalesbrandaoferreira","https:\/\/www.linkedin.com\/in\/thales-brand\u00e3o-3948609\/","https:\/\/x.com\/http:\/\/www.twitter.com\/thalesbrandao"],"url":"https:\/\/www.cidademarketing.com.br\/marketing\/author\/thalesbrandao\/"}]}},"amp_enabled":true,"_links":{"self":[{"href":"https:\/\/www.cidademarketing.com.br\/marketing\/wp-json\/wp\/v2\/posts\/18662","targetHints":{"allow":["GET"]}}],"collection":[{"href":"https:\/\/www.cidademarketing.com.br\/marketing\/wp-json\/wp\/v2\/posts"}],"about":[{"href":"https:\/\/www.cidademarketing.com.br\/marketing\/wp-json\/wp\/v2\/types\/post"}],"author":[{"embeddable":true,"href":"https:\/\/www.cidademarketing.com.br\/marketing\/wp-json\/wp\/v2\/users\/1"}],"replies":[{"embeddable":true,"href":"https:\/\/www.cidademarketing.com.br\/marketing\/wp-json\/wp\/v2\/comments?post=18662"}],"version-history":[{"count":1,"href":"https:\/\/www.cidademarketing.com.br\/marketing\/wp-json\/wp\/v2\/posts\/18662\/revisions"}],"predecessor-version":[{"id":18664,"href":"https:\/\/www.cidademarketing.com.br\/marketing\/wp-json\/wp\/v2\/posts\/18662\/revisions\/18664"}],"wp:featuredmedia":[{"embeddable":true,"href":"https:\/\/www.cidademarketing.com.br\/marketing\/wp-json\/wp\/v2\/media\/18663"}],"wp:attachment":[{"href":"https:\/\/www.cidademarketing.com.br\/marketing\/wp-json\/wp\/v2\/media?parent=18662"}],"wp:term":[{"taxonomy":"category","embeddable":true,"href":"https:\/\/www.cidademarketing.com.br\/marketing\/wp-json\/wp\/v2\/categories?post=18662"},{"taxonomy":"post_tag","embeddable":true,"href":"https:\/\/www.cidademarketing.com.br\/marketing\/wp-json\/wp\/v2\/tags?post=18662"}],"curies":[{"name":"wp","href":"https:\/\/api.w.org\/{rel}","templated":true}]}}