{"id":18654,"date":"2020-09-03T15:55:19","date_gmt":"2020-09-03T18:55:19","guid":{"rendered":"https:\/\/www.cidademarketing.com.br\/marketing\/?p=18654"},"modified":"2020-09-03T15:55:24","modified_gmt":"2020-09-03T18:55:24","slug":"grupo-renault-anuncia-projeto-para-desenvolver-a-organizacao-em-torno-de-suas-marcas","status":"publish","type":"post","link":"https:\/\/www.cidademarketing.com.br\/marketing\/2020\/09\/03\/grupo-renault-anuncia-projeto-para-desenvolver-a-organizacao-em-torno-de-suas-marcas\/","title":{"rendered":"Grupo Renault anuncia projeto para desenvolver a organiza\u00e7\u00e3o em torno de suas marcas"},"content":{"rendered":"\n<p>A partir de agora, o Grupo Renault est\u00e1 considerando sua organiza\u00e7\u00e3o, para desenvolv\u00ea-la em torno de 4 unidades de neg\u00f3cios (<em>business units<\/em> \u2013 BU): Renault, Dacia, Alpine e Novas Mobilidades. O objetivo \u00e9 dar autonomia a cada BU.<br><br>A reflex\u00e3o incluir\u00e1 a organiza\u00e7\u00e3o das fun\u00e7\u00f5es em n\u00edvel transversal.<br><br><em>\u201cA empresa precisa mudar seu \u2018modo de jogo\u2019 e passar da busca pelos volumes \u00e0 busca pelo valor e a lucratividade. A organiza\u00e7\u00e3o em torno de quatro marcas fortes e grandes fun\u00e7\u00f5es transversais permitir\u00e1 trabalhar de forma mais simples, mais orientada para os mercados e os clientes, com um esp\u00edrito de equipe, buscando o melhor resultado poss\u00edvel. Esta \u00e9 uma alavanca fundamental para a recupera\u00e7\u00e3o do Grupo<\/em> &#8220;, declarou <strong>Luca de Meo, CEO do Grupo Renault.<\/strong><br>&nbsp;<br>No \u00e2mbito deste projeto, as reflex\u00f5es em torno da cria\u00e7\u00e3o, organiza\u00e7\u00e3o e implementa\u00e7\u00e3o destas novas BUs ser\u00e3o lideradas por:<\/p>\n\n\n\n<ul class=\"wp-block-list\"><li>Luca de Meo, CEO do Grupo Renault, para a Renault;<\/li><li>Denis Le Vot, vice-presidente executivo de regi\u00f5es, vendas e marketing do Grupo, para a Dacia,<\/li><li>Cyril Abiteboul, diretor geral da Renault Sport Racing, para a Alpine,<\/li><li>Clotilde Delbos, CEO adjunta da Renault e CFO do Grupo, para as Novas Mobilidades.<\/li><\/ul>\n\n\n\n<p>Assim que estiver suficientemente completo, este projeto de desenvolvimento da organiza\u00e7\u00e3o ser\u00e1 compartilhado com os \u00f3rg\u00e3os representativos dos colaboradores.<\/p>\n","protected":false},"excerpt":{"rendered":"<p>A partir de agora, o Grupo Renault est\u00e1 considerando sua organiza\u00e7\u00e3o, para desenvolv\u00ea-la em torno de 4 unidades de neg\u00f3cios (business units \u2013 BU): Renault, Dacia, Alpine e Novas Mobilidades. O objetivo \u00e9 dar autonomia a cada BU. A reflex\u00e3o incluir\u00e1 a organiza\u00e7\u00e3o das fun\u00e7\u00f5es em n\u00edvel transversal. \u201cA empresa precisa mudar seu \u2018modo de [&hellip;]<\/p>\n","protected":false},"author":1,"featured_media":18655,"comment_status":"open","ping_status":"open","sticky":false,"template":"","format":"standard","meta":{"tdm_status":"","tdm_grid_status":"","footnotes":""},"categories":[6],"tags":[389,3365,28],"class_list":["post-18654","post","type-post","status-publish","format-standard","has-post-thumbnail","hentry","category-noticias","tag-administracao","tag-grupo-renault","tag-marketing"],"yoast_head":"<!-- This site is optimized with the Yoast SEO plugin v27.5 - https:\/\/yoast.com\/product\/yoast-seo-wordpress\/ -->\n<title>Grupo Renault anuncia projeto para desenvolver a organiza\u00e7\u00e3o em torno de suas marcas - CidadeMarketing<\/title>\n<meta name=\"robots\" content=\"index, follow, max-snippet:-1, max-image-preview:large, max-video-preview:-1\" \/>\n<link rel=\"canonical\" href=\"https:\/\/www.cidademarketing.com.br\/marketing\/2020\/09\/03\/grupo-renault-anuncia-projeto-para-desenvolver-a-organizacao-em-torno-de-suas-marcas\/\" \/>\n<meta property=\"og:locale\" content=\"pt_BR\" \/>\n<meta property=\"og:type\" content=\"article\" \/>\n<meta property=\"og:title\" content=\"Grupo Renault anuncia projeto para desenvolver a organiza\u00e7\u00e3o em torno de suas marcas - CidadeMarketing\" \/>\n<meta property=\"og:description\" content=\"A partir de agora, o Grupo Renault est\u00e1 considerando sua organiza\u00e7\u00e3o, para desenvolv\u00ea-la em torno de 4 unidades de neg\u00f3cios (business units \u2013 BU): Renault, Dacia, Alpine e Novas Mobilidades. O objetivo \u00e9 dar autonomia a cada BU. A reflex\u00e3o incluir\u00e1 a organiza\u00e7\u00e3o das fun\u00e7\u00f5es em n\u00edvel transversal. \u201cA empresa precisa mudar seu \u2018modo de [&hellip;]\" \/>\n<meta property=\"og:url\" content=\"https:\/\/www.cidademarketing.com.br\/marketing\/2020\/09\/03\/grupo-renault-anuncia-projeto-para-desenvolver-a-organizacao-em-torno-de-suas-marcas\/\" \/>\n<meta property=\"og:site_name\" content=\"CidadeMarketing\" \/>\n<meta property=\"article:publisher\" content=\"https:\/\/www.facebook.com\/portalcidademarketing\" \/>\n<meta property=\"article:author\" content=\"https:\/\/www.facebook.com\/thalesbrandao\" \/>\n<meta property=\"article:published_time\" content=\"2020-09-03T18:55:19+00:00\" \/>\n<meta property=\"article:modified_time\" content=\"2020-09-03T18:55:24+00:00\" \/>\n<meta property=\"og:image\" content=\"https:\/\/www.cidademarketing.com.br\/marketing\/wp-content\/uploads\/2020\/09\/groupe_renault.jpg\" \/>\n\t<meta property=\"og:image:width\" content=\"853\" \/>\n\t<meta property=\"og:image:height\" content=\"480\" \/>\n\t<meta property=\"og:image:type\" content=\"image\/jpeg\" \/>\n<meta name=\"author\" content=\"Thales Brand\u00e3o\" \/>\n<meta name=\"twitter:card\" content=\"summary_large_image\" \/>\n<meta name=\"twitter:creator\" content=\"@http:\/\/www.twitter.com\/thalesbrandao\" \/>\n<meta name=\"twitter:site\" content=\"@CidadeMarketing\" \/>\n<meta name=\"twitter:label1\" content=\"Escrito por\" \/>\n\t<meta name=\"twitter:data1\" content=\"Thales Brand\u00e3o\" \/>\n\t<meta name=\"twitter:label2\" content=\"Est. tempo de leitura\" \/>\n\t<meta name=\"twitter:data2\" content=\"1 minuto\" \/>\n<script type=\"application\/ld+json\" class=\"yoast-schema-graph\">{\"@context\":\"https:\\\/\\\/schema.org\",\"@graph\":[{\"@type\":\"Article\",\"@id\":\"https:\\\/\\\/www.cidademarketing.com.br\\\/marketing\\\/2020\\\/09\\\/03\\\/grupo-renault-anuncia-projeto-para-desenvolver-a-organizacao-em-torno-de-suas-marcas\\\/#article\",\"isPartOf\":{\"@id\":\"https:\\\/\\\/www.cidademarketing.com.br\\\/marketing\\\/2020\\\/09\\\/03\\\/grupo-renault-anuncia-projeto-para-desenvolver-a-organizacao-em-torno-de-suas-marcas\\\/\"},\"author\":{\"name\":\"Thales Brand\u00e3o\",\"@id\":\"https:\\\/\\\/www.cidademarketing.com.br\\\/marketing\\\/#\\\/schema\\\/person\\\/02daff9f18bd9378c9e01eb6b2db155f\"},\"headline\":\"Grupo Renault anuncia projeto para desenvolver a organiza\u00e7\u00e3o em torno de suas marcas\",\"datePublished\":\"2020-09-03T18:55:19+00:00\",\"dateModified\":\"2020-09-03T18:55:24+00:00\",\"mainEntityOfPage\":{\"@id\":\"https:\\\/\\\/www.cidademarketing.com.br\\\/marketing\\\/2020\\\/09\\\/03\\\/grupo-renault-anuncia-projeto-para-desenvolver-a-organizacao-em-torno-de-suas-marcas\\\/\"},\"wordCount\":241,\"commentCount\":0,\"publisher\":{\"@id\":\"https:\\\/\\\/www.cidademarketing.com.br\\\/marketing\\\/#organization\"},\"image\":{\"@id\":\"https:\\\/\\\/www.cidademarketing.com.br\\\/marketing\\\/2020\\\/09\\\/03\\\/grupo-renault-anuncia-projeto-para-desenvolver-a-organizacao-em-torno-de-suas-marcas\\\/#primaryimage\"},\"thumbnailUrl\":\"https:\\\/\\\/www.cidademarketing.com.br\\\/marketing\\\/wp-content\\\/uploads\\\/2020\\\/09\\\/groupe_renault.jpg\",\"keywords\":[\"administra\u00e7\u00e3o\",\"Grupo Renault\",\"marketing\"],\"articleSection\":[\"Not\u00edcias\"],\"inLanguage\":\"pt-BR\",\"potentialAction\":[{\"@type\":\"CommentAction\",\"name\":\"Comment\",\"target\":[\"https:\\\/\\\/www.cidademarketing.com.br\\\/marketing\\\/2020\\\/09\\\/03\\\/grupo-renault-anuncia-projeto-para-desenvolver-a-organizacao-em-torno-de-suas-marcas\\\/#respond\"]}]},{\"@type\":\"WebPage\",\"@id\":\"https:\\\/\\\/www.cidademarketing.com.br\\\/marketing\\\/2020\\\/09\\\/03\\\/grupo-renault-anuncia-projeto-para-desenvolver-a-organizacao-em-torno-de-suas-marcas\\\/\",\"url\":\"https:\\\/\\\/www.cidademarketing.com.br\\\/marketing\\\/2020\\\/09\\\/03\\\/grupo-renault-anuncia-projeto-para-desenvolver-a-organizacao-em-torno-de-suas-marcas\\\/\",\"name\":\"Grupo Renault anuncia projeto para desenvolver a organiza\u00e7\u00e3o em torno de suas marcas - CidadeMarketing\",\"isPartOf\":{\"@id\":\"https:\\\/\\\/www.cidademarketing.com.br\\\/marketing\\\/#website\"},\"primaryImageOfPage\":{\"@id\":\"https:\\\/\\\/www.cidademarketing.com.br\\\/marketing\\\/2020\\\/09\\\/03\\\/grupo-renault-anuncia-projeto-para-desenvolver-a-organizacao-em-torno-de-suas-marcas\\\/#primaryimage\"},\"image\":{\"@id\":\"https:\\\/\\\/www.cidademarketing.com.br\\\/marketing\\\/2020\\\/09\\\/03\\\/grupo-renault-anuncia-projeto-para-desenvolver-a-organizacao-em-torno-de-suas-marcas\\\/#primaryimage\"},\"thumbnailUrl\":\"https:\\\/\\\/www.cidademarketing.com.br\\\/marketing\\\/wp-content\\\/uploads\\\/2020\\\/09\\\/groupe_renault.jpg\",\"datePublished\":\"2020-09-03T18:55:19+00:00\",\"dateModified\":\"2020-09-03T18:55:24+00:00\",\"breadcrumb\":{\"@id\":\"https:\\\/\\\/www.cidademarketing.com.br\\\/marketing\\\/2020\\\/09\\\/03\\\/grupo-renault-anuncia-projeto-para-desenvolver-a-organizacao-em-torno-de-suas-marcas\\\/#breadcrumb\"},\"inLanguage\":\"pt-BR\",\"potentialAction\":[{\"@type\":\"ReadAction\",\"target\":[\"https:\\\/\\\/www.cidademarketing.com.br\\\/marketing\\\/2020\\\/09\\\/03\\\/grupo-renault-anuncia-projeto-para-desenvolver-a-organizacao-em-torno-de-suas-marcas\\\/\"]}]},{\"@type\":\"ImageObject\",\"inLanguage\":\"pt-BR\",\"@id\":\"https:\\\/\\\/www.cidademarketing.com.br\\\/marketing\\\/2020\\\/09\\\/03\\\/grupo-renault-anuncia-projeto-para-desenvolver-a-organizacao-em-torno-de-suas-marcas\\\/#primaryimage\",\"url\":\"https:\\\/\\\/www.cidademarketing.com.br\\\/marketing\\\/wp-content\\\/uploads\\\/2020\\\/09\\\/groupe_renault.jpg\",\"contentUrl\":\"https:\\\/\\\/www.cidademarketing.com.br\\\/marketing\\\/wp-content\\\/uploads\\\/2020\\\/09\\\/groupe_renault.jpg\",\"width\":853,\"height\":480},{\"@type\":\"BreadcrumbList\",\"@id\":\"https:\\\/\\\/www.cidademarketing.com.br\\\/marketing\\\/2020\\\/09\\\/03\\\/grupo-renault-anuncia-projeto-para-desenvolver-a-organizacao-em-torno-de-suas-marcas\\\/#breadcrumb\",\"itemListElement\":[{\"@type\":\"ListItem\",\"position\":1,\"name\":\"In\u00edcio\",\"item\":\"https:\\\/\\\/www.cidademarketing.com.br\\\/marketing\\\/\"},{\"@type\":\"ListItem\",\"position\":2,\"name\":\"Grupo Renault anuncia projeto para desenvolver a organiza\u00e7\u00e3o em torno de suas marcas\"}]},{\"@type\":\"WebSite\",\"@id\":\"https:\\\/\\\/www.cidademarketing.com.br\\\/marketing\\\/#website\",\"url\":\"https:\\\/\\\/www.cidademarketing.com.br\\\/marketing\\\/\",\"name\":\"CidadeMarketing\",\"description\":\"Somos um ve\u00edculo de comunica\u00e7\u00e3o de destaque no Brasil, reconhecido por conte\u00fados nos segmentos de marketing, empreendedorismo e inova\u00e7\u00e3o.\",\"publisher\":{\"@id\":\"https:\\\/\\\/www.cidademarketing.com.br\\\/marketing\\\/#organization\"},\"alternateName\":\"CidadeMarketing\",\"potentialAction\":[{\"@type\":\"SearchAction\",\"target\":{\"@type\":\"EntryPoint\",\"urlTemplate\":\"https:\\\/\\\/www.cidademarketing.com.br\\\/marketing\\\/?s={search_term_string}\"},\"query-input\":{\"@type\":\"PropertyValueSpecification\",\"valueRequired\":true,\"valueName\":\"search_term_string\"}}],\"inLanguage\":\"pt-BR\"},{\"@type\":\"Organization\",\"@id\":\"https:\\\/\\\/www.cidademarketing.com.br\\\/marketing\\\/#organization\",\"name\":\"CidadeMarketing\",\"alternateName\":\"CidadeMarketing\",\"url\":\"https:\\\/\\\/www.cidademarketing.com.br\\\/marketing\\\/\",\"logo\":{\"@type\":\"ImageObject\",\"inLanguage\":\"pt-BR\",\"@id\":\"https:\\\/\\\/www.cidademarketing.com.br\\\/marketing\\\/#\\\/schema\\\/logo\\\/image\\\/\",\"url\":\"https:\\\/\\\/www.cidademarketing.com.br\\\/marketing\\\/wp-content\\\/uploads\\\/2020\\\/01\\\/cidademarketing_marca_mobile.png\",\"contentUrl\":\"https:\\\/\\\/www.cidademarketing.com.br\\\/marketing\\\/wp-content\\\/uploads\\\/2020\\\/01\\\/cidademarketing_marca_mobile.png\",\"width\":230,\"height\":92,\"caption\":\"CidadeMarketing\"},\"image\":{\"@id\":\"https:\\\/\\\/www.cidademarketing.com.br\\\/marketing\\\/#\\\/schema\\\/logo\\\/image\\\/\"},\"sameAs\":[\"https:\\\/\\\/www.facebook.com\\\/portalcidademarketing\",\"https:\\\/\\\/x.com\\\/CidadeMarketing\",\"https:\\\/\\\/www.instagram.com\\\/cidademarketing\\\/\"]},{\"@type\":\"Person\",\"@id\":\"https:\\\/\\\/www.cidademarketing.com.br\\\/marketing\\\/#\\\/schema\\\/person\\\/02daff9f18bd9378c9e01eb6b2db155f\",\"name\":\"Thales Brand\u00e3o\",\"image\":{\"@type\":\"ImageObject\",\"inLanguage\":\"pt-BR\",\"@id\":\"https:\\\/\\\/secure.gravatar.com\\\/avatar\\\/7ca3206950207cc3cb48feec56a8a7898741ab725c368d99d5d7a5a50aab80c6?s=96&d=mm&r=g\",\"url\":\"https:\\\/\\\/secure.gravatar.com\\\/avatar\\\/7ca3206950207cc3cb48feec56a8a7898741ab725c368d99d5d7a5a50aab80c6?s=96&d=mm&r=g\",\"contentUrl\":\"https:\\\/\\\/secure.gravatar.com\\\/avatar\\\/7ca3206950207cc3cb48feec56a8a7898741ab725c368d99d5d7a5a50aab80c6?s=96&d=mm&r=g\",\"caption\":\"Thales Brand\u00e3o\"},\"description\":\"Editor Executivo do Portal CidadeMarketing.com.br &gt; Mestre em Comunica\u00e7\u00e3o e Sociedade pela Universidade Federal de Sergipe. Possui MBA Executivo em Administra\u00e7\u00e3o com \u00eanfase em Marketing pela Funda\u00e7\u00e3o Get\u00falio Vargas - Rio de Janeiro. Consultor, Palestrante e Pesquisador sobre Empreendedorismo, Marketing, Redes Sociais e Neg\u00f3cios Digitais. Professor, Palestrante TedxTalks e Campus Party. Twitter: @ThalesBrandao\",\"sameAs\":[\"http:\\\/\\\/www.mandacaru.com.br\",\"https:\\\/\\\/www.facebook.com\\\/thalesbrandao\",\"http:\\\/\\\/www.instagram.com.br\\\/thalesbrandaoferreira\",\"https:\\\/\\\/www.linkedin.com\\\/in\\\/thales-brand\u00e3o-3948609\\\/\",\"https:\\\/\\\/x.com\\\/http:\\\/\\\/www.twitter.com\\\/thalesbrandao\"],\"url\":\"https:\\\/\\\/www.cidademarketing.com.br\\\/marketing\\\/author\\\/thalesbrandao\\\/\"}]}<\/script>\n<!-- \/ Yoast SEO plugin. -->","yoast_head_json":{"title":"Grupo Renault anuncia projeto para desenvolver a organiza\u00e7\u00e3o em torno de suas marcas - CidadeMarketing","robots":{"index":"index","follow":"follow","max-snippet":"max-snippet:-1","max-image-preview":"max-image-preview:large","max-video-preview":"max-video-preview:-1"},"canonical":"https:\/\/www.cidademarketing.com.br\/marketing\/2020\/09\/03\/grupo-renault-anuncia-projeto-para-desenvolver-a-organizacao-em-torno-de-suas-marcas\/","og_locale":"pt_BR","og_type":"article","og_title":"Grupo Renault anuncia projeto para desenvolver a organiza\u00e7\u00e3o em torno de suas marcas - CidadeMarketing","og_description":"A partir de agora, o Grupo Renault est\u00e1 considerando sua organiza\u00e7\u00e3o, para desenvolv\u00ea-la em torno de 4 unidades de neg\u00f3cios (business units \u2013 BU): Renault, Dacia, Alpine e Novas Mobilidades. O objetivo \u00e9 dar autonomia a cada BU. A reflex\u00e3o incluir\u00e1 a organiza\u00e7\u00e3o das fun\u00e7\u00f5es em n\u00edvel transversal. \u201cA empresa precisa mudar seu \u2018modo de [&hellip;]","og_url":"https:\/\/www.cidademarketing.com.br\/marketing\/2020\/09\/03\/grupo-renault-anuncia-projeto-para-desenvolver-a-organizacao-em-torno-de-suas-marcas\/","og_site_name":"CidadeMarketing","article_publisher":"https:\/\/www.facebook.com\/portalcidademarketing","article_author":"https:\/\/www.facebook.com\/thalesbrandao","article_published_time":"2020-09-03T18:55:19+00:00","article_modified_time":"2020-09-03T18:55:24+00:00","og_image":[{"width":853,"height":480,"url":"https:\/\/www.cidademarketing.com.br\/marketing\/wp-content\/uploads\/2020\/09\/groupe_renault.jpg","type":"image\/jpeg"}],"author":"Thales Brand\u00e3o","twitter_card":"summary_large_image","twitter_creator":"@http:\/\/www.twitter.com\/thalesbrandao","twitter_site":"@CidadeMarketing","twitter_misc":{"Escrito por":"Thales Brand\u00e3o","Est. tempo de leitura":"1 minuto"},"schema":{"@context":"https:\/\/schema.org","@graph":[{"@type":"Article","@id":"https:\/\/www.cidademarketing.com.br\/marketing\/2020\/09\/03\/grupo-renault-anuncia-projeto-para-desenvolver-a-organizacao-em-torno-de-suas-marcas\/#article","isPartOf":{"@id":"https:\/\/www.cidademarketing.com.br\/marketing\/2020\/09\/03\/grupo-renault-anuncia-projeto-para-desenvolver-a-organizacao-em-torno-de-suas-marcas\/"},"author":{"name":"Thales Brand\u00e3o","@id":"https:\/\/www.cidademarketing.com.br\/marketing\/#\/schema\/person\/02daff9f18bd9378c9e01eb6b2db155f"},"headline":"Grupo Renault anuncia projeto para desenvolver a organiza\u00e7\u00e3o em torno de suas marcas","datePublished":"2020-09-03T18:55:19+00:00","dateModified":"2020-09-03T18:55:24+00:00","mainEntityOfPage":{"@id":"https:\/\/www.cidademarketing.com.br\/marketing\/2020\/09\/03\/grupo-renault-anuncia-projeto-para-desenvolver-a-organizacao-em-torno-de-suas-marcas\/"},"wordCount":241,"commentCount":0,"publisher":{"@id":"https:\/\/www.cidademarketing.com.br\/marketing\/#organization"},"image":{"@id":"https:\/\/www.cidademarketing.com.br\/marketing\/2020\/09\/03\/grupo-renault-anuncia-projeto-para-desenvolver-a-organizacao-em-torno-de-suas-marcas\/#primaryimage"},"thumbnailUrl":"https:\/\/www.cidademarketing.com.br\/marketing\/wp-content\/uploads\/2020\/09\/groupe_renault.jpg","keywords":["administra\u00e7\u00e3o","Grupo Renault","marketing"],"articleSection":["Not\u00edcias"],"inLanguage":"pt-BR","potentialAction":[{"@type":"CommentAction","name":"Comment","target":["https:\/\/www.cidademarketing.com.br\/marketing\/2020\/09\/03\/grupo-renault-anuncia-projeto-para-desenvolver-a-organizacao-em-torno-de-suas-marcas\/#respond"]}]},{"@type":"WebPage","@id":"https:\/\/www.cidademarketing.com.br\/marketing\/2020\/09\/03\/grupo-renault-anuncia-projeto-para-desenvolver-a-organizacao-em-torno-de-suas-marcas\/","url":"https:\/\/www.cidademarketing.com.br\/marketing\/2020\/09\/03\/grupo-renault-anuncia-projeto-para-desenvolver-a-organizacao-em-torno-de-suas-marcas\/","name":"Grupo Renault anuncia projeto para desenvolver a organiza\u00e7\u00e3o em torno de suas marcas - CidadeMarketing","isPartOf":{"@id":"https:\/\/www.cidademarketing.com.br\/marketing\/#website"},"primaryImageOfPage":{"@id":"https:\/\/www.cidademarketing.com.br\/marketing\/2020\/09\/03\/grupo-renault-anuncia-projeto-para-desenvolver-a-organizacao-em-torno-de-suas-marcas\/#primaryimage"},"image":{"@id":"https:\/\/www.cidademarketing.com.br\/marketing\/2020\/09\/03\/grupo-renault-anuncia-projeto-para-desenvolver-a-organizacao-em-torno-de-suas-marcas\/#primaryimage"},"thumbnailUrl":"https:\/\/www.cidademarketing.com.br\/marketing\/wp-content\/uploads\/2020\/09\/groupe_renault.jpg","datePublished":"2020-09-03T18:55:19+00:00","dateModified":"2020-09-03T18:55:24+00:00","breadcrumb":{"@id":"https:\/\/www.cidademarketing.com.br\/marketing\/2020\/09\/03\/grupo-renault-anuncia-projeto-para-desenvolver-a-organizacao-em-torno-de-suas-marcas\/#breadcrumb"},"inLanguage":"pt-BR","potentialAction":[{"@type":"ReadAction","target":["https:\/\/www.cidademarketing.com.br\/marketing\/2020\/09\/03\/grupo-renault-anuncia-projeto-para-desenvolver-a-organizacao-em-torno-de-suas-marcas\/"]}]},{"@type":"ImageObject","inLanguage":"pt-BR","@id":"https:\/\/www.cidademarketing.com.br\/marketing\/2020\/09\/03\/grupo-renault-anuncia-projeto-para-desenvolver-a-organizacao-em-torno-de-suas-marcas\/#primaryimage","url":"https:\/\/www.cidademarketing.com.br\/marketing\/wp-content\/uploads\/2020\/09\/groupe_renault.jpg","contentUrl":"https:\/\/www.cidademarketing.com.br\/marketing\/wp-content\/uploads\/2020\/09\/groupe_renault.jpg","width":853,"height":480},{"@type":"BreadcrumbList","@id":"https:\/\/www.cidademarketing.com.br\/marketing\/2020\/09\/03\/grupo-renault-anuncia-projeto-para-desenvolver-a-organizacao-em-torno-de-suas-marcas\/#breadcrumb","itemListElement":[{"@type":"ListItem","position":1,"name":"In\u00edcio","item":"https:\/\/www.cidademarketing.com.br\/marketing\/"},{"@type":"ListItem","position":2,"name":"Grupo Renault anuncia projeto para desenvolver a organiza\u00e7\u00e3o em torno de suas marcas"}]},{"@type":"WebSite","@id":"https:\/\/www.cidademarketing.com.br\/marketing\/#website","url":"https:\/\/www.cidademarketing.com.br\/marketing\/","name":"CidadeMarketing","description":"Somos um ve\u00edculo de comunica\u00e7\u00e3o de destaque no Brasil, reconhecido por conte\u00fados nos segmentos de marketing, empreendedorismo e inova\u00e7\u00e3o.","publisher":{"@id":"https:\/\/www.cidademarketing.com.br\/marketing\/#organization"},"alternateName":"CidadeMarketing","potentialAction":[{"@type":"SearchAction","target":{"@type":"EntryPoint","urlTemplate":"https:\/\/www.cidademarketing.com.br\/marketing\/?s={search_term_string}"},"query-input":{"@type":"PropertyValueSpecification","valueRequired":true,"valueName":"search_term_string"}}],"inLanguage":"pt-BR"},{"@type":"Organization","@id":"https:\/\/www.cidademarketing.com.br\/marketing\/#organization","name":"CidadeMarketing","alternateName":"CidadeMarketing","url":"https:\/\/www.cidademarketing.com.br\/marketing\/","logo":{"@type":"ImageObject","inLanguage":"pt-BR","@id":"https:\/\/www.cidademarketing.com.br\/marketing\/#\/schema\/logo\/image\/","url":"https:\/\/www.cidademarketing.com.br\/marketing\/wp-content\/uploads\/2020\/01\/cidademarketing_marca_mobile.png","contentUrl":"https:\/\/www.cidademarketing.com.br\/marketing\/wp-content\/uploads\/2020\/01\/cidademarketing_marca_mobile.png","width":230,"height":92,"caption":"CidadeMarketing"},"image":{"@id":"https:\/\/www.cidademarketing.com.br\/marketing\/#\/schema\/logo\/image\/"},"sameAs":["https:\/\/www.facebook.com\/portalcidademarketing","https:\/\/x.com\/CidadeMarketing","https:\/\/www.instagram.com\/cidademarketing\/"]},{"@type":"Person","@id":"https:\/\/www.cidademarketing.com.br\/marketing\/#\/schema\/person\/02daff9f18bd9378c9e01eb6b2db155f","name":"Thales Brand\u00e3o","image":{"@type":"ImageObject","inLanguage":"pt-BR","@id":"https:\/\/secure.gravatar.com\/avatar\/7ca3206950207cc3cb48feec56a8a7898741ab725c368d99d5d7a5a50aab80c6?s=96&d=mm&r=g","url":"https:\/\/secure.gravatar.com\/avatar\/7ca3206950207cc3cb48feec56a8a7898741ab725c368d99d5d7a5a50aab80c6?s=96&d=mm&r=g","contentUrl":"https:\/\/secure.gravatar.com\/avatar\/7ca3206950207cc3cb48feec56a8a7898741ab725c368d99d5d7a5a50aab80c6?s=96&d=mm&r=g","caption":"Thales Brand\u00e3o"},"description":"Editor Executivo do Portal CidadeMarketing.com.br &gt; Mestre em Comunica\u00e7\u00e3o e Sociedade pela Universidade Federal de Sergipe. Possui MBA Executivo em Administra\u00e7\u00e3o com \u00eanfase em Marketing pela Funda\u00e7\u00e3o Get\u00falio Vargas - Rio de Janeiro. Consultor, Palestrante e Pesquisador sobre Empreendedorismo, Marketing, Redes Sociais e Neg\u00f3cios Digitais. Professor, Palestrante TedxTalks e Campus Party. Twitter: @ThalesBrandao","sameAs":["http:\/\/www.mandacaru.com.br","https:\/\/www.facebook.com\/thalesbrandao","http:\/\/www.instagram.com.br\/thalesbrandaoferreira","https:\/\/www.linkedin.com\/in\/thales-brand\u00e3o-3948609\/","https:\/\/x.com\/http:\/\/www.twitter.com\/thalesbrandao"],"url":"https:\/\/www.cidademarketing.com.br\/marketing\/author\/thalesbrandao\/"}]}},"amp_enabled":true,"_links":{"self":[{"href":"https:\/\/www.cidademarketing.com.br\/marketing\/wp-json\/wp\/v2\/posts\/18654","targetHints":{"allow":["GET"]}}],"collection":[{"href":"https:\/\/www.cidademarketing.com.br\/marketing\/wp-json\/wp\/v2\/posts"}],"about":[{"href":"https:\/\/www.cidademarketing.com.br\/marketing\/wp-json\/wp\/v2\/types\/post"}],"author":[{"embeddable":true,"href":"https:\/\/www.cidademarketing.com.br\/marketing\/wp-json\/wp\/v2\/users\/1"}],"replies":[{"embeddable":true,"href":"https:\/\/www.cidademarketing.com.br\/marketing\/wp-json\/wp\/v2\/comments?post=18654"}],"version-history":[{"count":1,"href":"https:\/\/www.cidademarketing.com.br\/marketing\/wp-json\/wp\/v2\/posts\/18654\/revisions"}],"predecessor-version":[{"id":18656,"href":"https:\/\/www.cidademarketing.com.br\/marketing\/wp-json\/wp\/v2\/posts\/18654\/revisions\/18656"}],"wp:featuredmedia":[{"embeddable":true,"href":"https:\/\/www.cidademarketing.com.br\/marketing\/wp-json\/wp\/v2\/media\/18655"}],"wp:attachment":[{"href":"https:\/\/www.cidademarketing.com.br\/marketing\/wp-json\/wp\/v2\/media?parent=18654"}],"wp:term":[{"taxonomy":"category","embeddable":true,"href":"https:\/\/www.cidademarketing.com.br\/marketing\/wp-json\/wp\/v2\/categories?post=18654"},{"taxonomy":"post_tag","embeddable":true,"href":"https:\/\/www.cidademarketing.com.br\/marketing\/wp-json\/wp\/v2\/tags?post=18654"}],"curies":[{"name":"wp","href":"https:\/\/api.w.org\/{rel}","templated":true}]}}