{"id":18569,"date":"2020-09-01T15:02:06","date_gmt":"2020-09-01T18:02:06","guid":{"rendered":"https:\/\/www.cidademarketing.com.br\/marketing\/?p=18569"},"modified":"2020-09-01T15:02:12","modified_gmt":"2020-09-01T18:02:12","slug":"fernando-de-noronha-retornara-atividades-turisticas-com-permissao-para-entrada-de-turistas-que-ja-tiveram-covid-19","status":"publish","type":"post","link":"https:\/\/www.cidademarketing.com.br\/marketing\/2020\/09\/01\/fernando-de-noronha-retornara-atividades-turisticas-com-permissao-para-entrada-de-turistas-que-ja-tiveram-covid-19\/","title":{"rendered":"Fernando de Noronha retornar\u00e1 atividades tur\u00edsticas com permiss\u00e3o para entrada de turistas que j\u00e1 tiveram Covid-19"},"content":{"rendered":"\n<p>O arquip\u00e9lago de Fernando de Noronha vai iniciar o processo de reabertura para o turismo a partir do pr\u00f3ximo dia 1\u00ba de setembro, quando come\u00e7am a ser permitidas as visitas de turistas que tiveram diagn\u00f3stico de Covid-19 e j\u00e1 est\u00e3o comprovadamente curados. A medida foi anunciada nesta quinta-feira (27.08), pelo Governo de Pernambuco, que tamb\u00e9m autorizou \u2013 ap\u00f3s an\u00e1lises feitas pelo Gabinete de Enfrentamento \u00e0 Covid-19 \u2013 a retomada do com\u00e9rcio de praia e a reabertura dos museus e espa\u00e7os de exposi\u00e7\u00f5es, a partir da pr\u00f3xima segunda-feira (31.08), sempre seguindo novos protocolos de higiene, sa\u00fade e comunica\u00e7\u00e3o.<\/p>\n\n\n\n<p>A medida representa o avan\u00e7o para a Etapa 8 do Plano de Conviv\u00eancia com a Covid-19 nos munic\u00edpios da Macrorregi\u00e3o de Sa\u00fade 1, que contempla a Regi\u00e3o Metropolitana do Recife e a Zona da Mata. Al\u00e9m disso, os escrit\u00f3rios localizados nessa \u00e1rea do Estado poder\u00e3o voltar a operar com 100% da capacidade. \u201cNesta primeira etapa de reabertura, vamos autorizar a entrada dos turistas em Fernando de Noronha respeitando um protocolo para aqueles que j\u00e1 tiveram a Covid-19. Ou seja, o turista que teve a doen\u00e7a e j\u00e1 est\u00e1 curado vai poder voltar a frequentar Noronha a partir do dia 1\u00ba de setembro\u201d, explicou o administrador da ilha, Guilherme Rocha, em entrevista \u00e0 imprensa no Pal\u00e1cio do Campo das Princesas.<\/p>\n\n\n\n<p>Segundo ele, antes de desembarcar ser\u00e1 exigido do turista a apresenta\u00e7\u00e3o de exames, seja o RT-PCR positivo realizado h\u00e1 mais de 20 dias, seja o exame sorol\u00f3gico (IgG) positivo, que indica a presen\u00e7a de anticorpos contra a Covid-19. Os exames ser\u00e3o encaminhados \u00e0 Administra\u00e7\u00e3o, juntamente com o pagamento da Taxa de Perman\u00eancia (TPA), que a partir de agora s\u00f3 ser\u00e1 feito via online, refor\u00e7ou Guilherme Rocha.<\/p>\n\n\n\n<p>Por sua vez, o secret\u00e1rio de Trabalho, Emprego e Qualifica\u00e7\u00e3o, Alberes Lopes, esclareceu, na entrevista, os protocolos para reabertura do com\u00e9rcio nas praias na RMR. \u201c\u00c9 importante ressaltar que as prefeituras ter\u00e3o que fiscalizar o com\u00e9rcio de praia, para que sejam respeitados os protocolos. Teremos uma \u00e1rea de 4m x 4m para cada conjunto com um guarda-sol e quatro cadeiras, em respeito aos consumidores e turistas e aos prestadores de servi\u00e7o. Os frequentadores e comerciantes t\u00eam a obriga\u00e7\u00e3o de usar m\u00e1scaras\u201d, advertiu Lopes, adiantando que a libera\u00e7\u00e3o do com\u00e9rcio vai aquecer a economia local, beneficiando 35 mil pessoas. Somente na \u00e1rea compreendida entre Recife e Jaboat\u00e3o ser\u00e3o 815 pontos de com\u00e9rcio.<\/p>\n\n\n\n<p>A Macrorregi\u00e3o 2 \u2013 que engloba a IV Ger\u00eancia Regional de Sa\u00fade (Geres), no Agreste, e tem Caruaru como cidade polo \u2013 vai passas para a Etapa 7 do Plano de Conviv\u00eancia com a Covid-19. Os servi\u00e7os de alimenta\u00e7\u00e3o e shopping centers poder\u00e3o ampliar seu hor\u00e1rio de funcionamento para as 22h. At\u00e9 o momento, esses estabelecimentos funcionam das 10h \u00e0s 20h (centros de compras) e das 6h \u00e0s 20h (alimenta\u00e7\u00e3o). O an\u00fancio foi feito pelo secret\u00e1rio de Desenvolvimento Econ\u00f4mico, Bruno Schwambach, na entrevista desta quinta-feira.<\/p>\n\n\n\n<p>Na mesma Macrorregi\u00e3o 2, a cidade de Garanhuns e os demais munic\u00edpios que integram a V Geres continuar\u00e3o na Etapa 6 do Plano de Conviv\u00eancia. Na regi\u00e3o, j\u00e1 estava autorizado o funcionamento de servi\u00e7os de alimenta\u00e7\u00e3o, com 50% da capacidade, al\u00e9m de academias de gin\u00e1stica, Feira e Polo de Confec\u00e7\u00f5es, com novos protocolos. Nessa etapa, tamb\u00e9m estava autorizada a reabertura dos shoppings e com\u00e9rcio varejista de rua, com limite de 10 metros quadrados para cada cliente.<\/p>\n\n\n\n<p>Tamb\u00e9m n\u00e3o haver\u00e1 avan\u00e7o das regras de flexibiliza\u00e7\u00e3o, na pr\u00f3xima semana, para as Macrorregi\u00f5es 3 e 4, que contemplam as seis regionais de sa\u00fade das cidades do Sert\u00e3o. As IV, X e IX Geres \u2013 que t\u00eam como cidades polo Arcoverde, Afogados da Ingazeira e Serra Talhada, respectivamente \u2013 seguem na Etapa 6. J\u00e1 a Macrorregi\u00e3o 4 permanece dividida: a VII e a VIII Geres, nas regi\u00f5es de Salgueiro e Petrolina, respectivamente, continuam na Etapa 6, enquanto a IX Geres, em Ouricuri, permanece na Etapa 4.<\/p>\n\n\n\n<p>O Governo de Pernambuco refor\u00e7ou que o cronograma \u00e9 din\u00e2mico e a aplica\u00e7\u00e3o de novas regras para evitar a dissemina\u00e7\u00e3o da Covid-19 depende dos dados epidemiol\u00f3gicos registrados pela Secretaria Estadual de Sa\u00fade. Para conferir os setores que j\u00e1 tiveram autoriza\u00e7\u00e3o para funcionar, com novos protocolos, \u00e9 s\u00f3 acessar o site\u00a0<a rel=\"noreferrer noopener\" href=\"http:\/\/www.pecontracoronavirus.pe.gov.br\/\" target=\"_blank\">www.pecontracoronavirus.pe.gov.br<\/a>.<\/p>\n\n\n\n<p>CidadeMarketing com informa\u00e7\u00f5es do Governo de Pernambuco.<\/p>\n","protected":false},"excerpt":{"rendered":"<p>O arquip\u00e9lago de Fernando de Noronha vai iniciar o processo de reabertura para o turismo a partir do pr\u00f3ximo dia 1\u00ba de setembro, quando come\u00e7am a ser permitidas as visitas de turistas que tiveram diagn\u00f3stico de Covid-19 e j\u00e1 est\u00e3o comprovadamente curados. A medida foi anunciada nesta quinta-feira (27.08), pelo Governo de Pernambuco, que tamb\u00e9m [&hellip;]<\/p>\n","protected":false},"author":1,"featured_media":17285,"comment_status":"open","ping_status":"open","sticky":false,"template":"","format":"standard","meta":{"tdm_status":"","tdm_grid_status":"","footnotes":""},"categories":[6],"tags":[2864,33,2116,28,1511],"class_list":["post-18569","post","type-post","status-publish","format-standard","has-post-thumbnail","hentry","category-noticias","tag-covid-19","tag-estrategia","tag-fernando-de-noronha","tag-marketing","tag-pernambuco"],"yoast_head":"<!-- This site is optimized with the Yoast SEO plugin v27.5 - https:\/\/yoast.com\/product\/yoast-seo-wordpress\/ -->\n<title>Fernando de Noronha retornar\u00e1 atividades tur\u00edsticas com permiss\u00e3o para entrada de turistas que j\u00e1 tiveram Covid-19 - CidadeMarketing<\/title>\n<meta name=\"robots\" content=\"index, follow, max-snippet:-1, max-image-preview:large, max-video-preview:-1\" \/>\n<link rel=\"canonical\" href=\"https:\/\/www.cidademarketing.com.br\/marketing\/2020\/09\/01\/fernando-de-noronha-retornara-atividades-turisticas-com-permissao-para-entrada-de-turistas-que-ja-tiveram-covid-19\/\" \/>\n<meta property=\"og:locale\" content=\"pt_BR\" \/>\n<meta property=\"og:type\" content=\"article\" \/>\n<meta property=\"og:title\" content=\"Fernando de Noronha retornar\u00e1 atividades tur\u00edsticas com permiss\u00e3o para entrada de turistas que j\u00e1 tiveram Covid-19 - CidadeMarketing\" \/>\n<meta property=\"og:description\" content=\"O arquip\u00e9lago de Fernando de Noronha vai iniciar o processo de reabertura para o turismo a partir do pr\u00f3ximo dia 1\u00ba de setembro, quando come\u00e7am a ser permitidas as visitas de turistas que tiveram diagn\u00f3stico de Covid-19 e j\u00e1 est\u00e3o comprovadamente curados. A medida foi anunciada nesta quinta-feira (27.08), pelo Governo de Pernambuco, que tamb\u00e9m [&hellip;]\" \/>\n<meta property=\"og:url\" content=\"https:\/\/www.cidademarketing.com.br\/marketing\/2020\/09\/01\/fernando-de-noronha-retornara-atividades-turisticas-com-permissao-para-entrada-de-turistas-que-ja-tiveram-covid-19\/\" \/>\n<meta property=\"og:site_name\" content=\"CidadeMarketing\" \/>\n<meta property=\"article:publisher\" content=\"https:\/\/www.facebook.com\/portalcidademarketing\" \/>\n<meta property=\"article:author\" content=\"https:\/\/www.facebook.com\/thalesbrandao\" \/>\n<meta property=\"article:published_time\" content=\"2020-09-01T18:02:06+00:00\" \/>\n<meta property=\"article:modified_time\" content=\"2020-09-01T18:02:12+00:00\" \/>\n<meta property=\"og:image\" content=\"https:\/\/www.cidademarketing.com.br\/marketing\/wp-content\/uploads\/2020\/07\/fernandodenoronha_pandemia_.jpeg\" \/>\n\t<meta property=\"og:image:width\" content=\"1300\" \/>\n\t<meta property=\"og:image:height\" content=\"730\" \/>\n\t<meta property=\"og:image:type\" content=\"image\/jpeg\" \/>\n<meta name=\"author\" content=\"Thales Brand\u00e3o\" \/>\n<meta name=\"twitter:card\" content=\"summary_large_image\" \/>\n<meta name=\"twitter:creator\" content=\"@http:\/\/www.twitter.com\/thalesbrandao\" \/>\n<meta name=\"twitter:site\" content=\"@CidadeMarketing\" \/>\n<meta name=\"twitter:label1\" content=\"Escrito por\" \/>\n\t<meta name=\"twitter:data1\" content=\"Thales Brand\u00e3o\" \/>\n\t<meta name=\"twitter:label2\" content=\"Est. tempo de leitura\" \/>\n\t<meta name=\"twitter:data2\" content=\"4 minutos\" \/>\n<script type=\"application\/ld+json\" class=\"yoast-schema-graph\">{\"@context\":\"https:\\\/\\\/schema.org\",\"@graph\":[{\"@type\":\"Article\",\"@id\":\"https:\\\/\\\/www.cidademarketing.com.br\\\/marketing\\\/2020\\\/09\\\/01\\\/fernando-de-noronha-retornara-atividades-turisticas-com-permissao-para-entrada-de-turistas-que-ja-tiveram-covid-19\\\/#article\",\"isPartOf\":{\"@id\":\"https:\\\/\\\/www.cidademarketing.com.br\\\/marketing\\\/2020\\\/09\\\/01\\\/fernando-de-noronha-retornara-atividades-turisticas-com-permissao-para-entrada-de-turistas-que-ja-tiveram-covid-19\\\/\"},\"author\":{\"name\":\"Thales Brand\u00e3o\",\"@id\":\"https:\\\/\\\/www.cidademarketing.com.br\\\/marketing\\\/#\\\/schema\\\/person\\\/02daff9f18bd9378c9e01eb6b2db155f\"},\"headline\":\"Fernando de Noronha retornar\u00e1 atividades tur\u00edsticas com permiss\u00e3o para entrada de turistas que j\u00e1 tiveram Covid-19\",\"datePublished\":\"2020-09-01T18:02:06+00:00\",\"dateModified\":\"2020-09-01T18:02:12+00:00\",\"mainEntityOfPage\":{\"@id\":\"https:\\\/\\\/www.cidademarketing.com.br\\\/marketing\\\/2020\\\/09\\\/01\\\/fernando-de-noronha-retornara-atividades-turisticas-com-permissao-para-entrada-de-turistas-que-ja-tiveram-covid-19\\\/\"},\"wordCount\":775,\"commentCount\":0,\"publisher\":{\"@id\":\"https:\\\/\\\/www.cidademarketing.com.br\\\/marketing\\\/#organization\"},\"image\":{\"@id\":\"https:\\\/\\\/www.cidademarketing.com.br\\\/marketing\\\/2020\\\/09\\\/01\\\/fernando-de-noronha-retornara-atividades-turisticas-com-permissao-para-entrada-de-turistas-que-ja-tiveram-covid-19\\\/#primaryimage\"},\"thumbnailUrl\":\"https:\\\/\\\/www.cidademarketing.com.br\\\/marketing\\\/wp-content\\\/uploads\\\/2020\\\/07\\\/fernandodenoronha_pandemia_.jpeg\",\"keywords\":[\"covid-19\",\"estrat\u00e9gia\",\"Fernando de Noronha\",\"marketing\",\"Pernambuco\"],\"articleSection\":[\"Not\u00edcias\"],\"inLanguage\":\"pt-BR\",\"potentialAction\":[{\"@type\":\"CommentAction\",\"name\":\"Comment\",\"target\":[\"https:\\\/\\\/www.cidademarketing.com.br\\\/marketing\\\/2020\\\/09\\\/01\\\/fernando-de-noronha-retornara-atividades-turisticas-com-permissao-para-entrada-de-turistas-que-ja-tiveram-covid-19\\\/#respond\"]}]},{\"@type\":\"WebPage\",\"@id\":\"https:\\\/\\\/www.cidademarketing.com.br\\\/marketing\\\/2020\\\/09\\\/01\\\/fernando-de-noronha-retornara-atividades-turisticas-com-permissao-para-entrada-de-turistas-que-ja-tiveram-covid-19\\\/\",\"url\":\"https:\\\/\\\/www.cidademarketing.com.br\\\/marketing\\\/2020\\\/09\\\/01\\\/fernando-de-noronha-retornara-atividades-turisticas-com-permissao-para-entrada-de-turistas-que-ja-tiveram-covid-19\\\/\",\"name\":\"Fernando de Noronha retornar\u00e1 atividades tur\u00edsticas com permiss\u00e3o para entrada de turistas que j\u00e1 tiveram Covid-19 - CidadeMarketing\",\"isPartOf\":{\"@id\":\"https:\\\/\\\/www.cidademarketing.com.br\\\/marketing\\\/#website\"},\"primaryImageOfPage\":{\"@id\":\"https:\\\/\\\/www.cidademarketing.com.br\\\/marketing\\\/2020\\\/09\\\/01\\\/fernando-de-noronha-retornara-atividades-turisticas-com-permissao-para-entrada-de-turistas-que-ja-tiveram-covid-19\\\/#primaryimage\"},\"image\":{\"@id\":\"https:\\\/\\\/www.cidademarketing.com.br\\\/marketing\\\/2020\\\/09\\\/01\\\/fernando-de-noronha-retornara-atividades-turisticas-com-permissao-para-entrada-de-turistas-que-ja-tiveram-covid-19\\\/#primaryimage\"},\"thumbnailUrl\":\"https:\\\/\\\/www.cidademarketing.com.br\\\/marketing\\\/wp-content\\\/uploads\\\/2020\\\/07\\\/fernandodenoronha_pandemia_.jpeg\",\"datePublished\":\"2020-09-01T18:02:06+00:00\",\"dateModified\":\"2020-09-01T18:02:12+00:00\",\"breadcrumb\":{\"@id\":\"https:\\\/\\\/www.cidademarketing.com.br\\\/marketing\\\/2020\\\/09\\\/01\\\/fernando-de-noronha-retornara-atividades-turisticas-com-permissao-para-entrada-de-turistas-que-ja-tiveram-covid-19\\\/#breadcrumb\"},\"inLanguage\":\"pt-BR\",\"potentialAction\":[{\"@type\":\"ReadAction\",\"target\":[\"https:\\\/\\\/www.cidademarketing.com.br\\\/marketing\\\/2020\\\/09\\\/01\\\/fernando-de-noronha-retornara-atividades-turisticas-com-permissao-para-entrada-de-turistas-que-ja-tiveram-covid-19\\\/\"]}]},{\"@type\":\"ImageObject\",\"inLanguage\":\"pt-BR\",\"@id\":\"https:\\\/\\\/www.cidademarketing.com.br\\\/marketing\\\/2020\\\/09\\\/01\\\/fernando-de-noronha-retornara-atividades-turisticas-com-permissao-para-entrada-de-turistas-que-ja-tiveram-covid-19\\\/#primaryimage\",\"url\":\"https:\\\/\\\/www.cidademarketing.com.br\\\/marketing\\\/wp-content\\\/uploads\\\/2020\\\/07\\\/fernandodenoronha_pandemia_.jpeg\",\"contentUrl\":\"https:\\\/\\\/www.cidademarketing.com.br\\\/marketing\\\/wp-content\\\/uploads\\\/2020\\\/07\\\/fernandodenoronha_pandemia_.jpeg\",\"width\":1300,\"height\":730,\"caption\":\"Divulga\u00e7\u00e3o\"},{\"@type\":\"BreadcrumbList\",\"@id\":\"https:\\\/\\\/www.cidademarketing.com.br\\\/marketing\\\/2020\\\/09\\\/01\\\/fernando-de-noronha-retornara-atividades-turisticas-com-permissao-para-entrada-de-turistas-que-ja-tiveram-covid-19\\\/#breadcrumb\",\"itemListElement\":[{\"@type\":\"ListItem\",\"position\":1,\"name\":\"In\u00edcio\",\"item\":\"https:\\\/\\\/www.cidademarketing.com.br\\\/marketing\\\/\"},{\"@type\":\"ListItem\",\"position\":2,\"name\":\"Fernando de Noronha retornar\u00e1 atividades tur\u00edsticas com permiss\u00e3o para entrada de turistas que j\u00e1 tiveram Covid-19\"}]},{\"@type\":\"WebSite\",\"@id\":\"https:\\\/\\\/www.cidademarketing.com.br\\\/marketing\\\/#website\",\"url\":\"https:\\\/\\\/www.cidademarketing.com.br\\\/marketing\\\/\",\"name\":\"CidadeMarketing\",\"description\":\"Somos um ve\u00edculo de comunica\u00e7\u00e3o de destaque no Brasil, reconhecido por conte\u00fados nos segmentos de marketing, empreendedorismo e inova\u00e7\u00e3o.\",\"publisher\":{\"@id\":\"https:\\\/\\\/www.cidademarketing.com.br\\\/marketing\\\/#organization\"},\"alternateName\":\"CidadeMarketing\",\"potentialAction\":[{\"@type\":\"SearchAction\",\"target\":{\"@type\":\"EntryPoint\",\"urlTemplate\":\"https:\\\/\\\/www.cidademarketing.com.br\\\/marketing\\\/?s={search_term_string}\"},\"query-input\":{\"@type\":\"PropertyValueSpecification\",\"valueRequired\":true,\"valueName\":\"search_term_string\"}}],\"inLanguage\":\"pt-BR\"},{\"@type\":\"Organization\",\"@id\":\"https:\\\/\\\/www.cidademarketing.com.br\\\/marketing\\\/#organization\",\"name\":\"CidadeMarketing\",\"alternateName\":\"CidadeMarketing\",\"url\":\"https:\\\/\\\/www.cidademarketing.com.br\\\/marketing\\\/\",\"logo\":{\"@type\":\"ImageObject\",\"inLanguage\":\"pt-BR\",\"@id\":\"https:\\\/\\\/www.cidademarketing.com.br\\\/marketing\\\/#\\\/schema\\\/logo\\\/image\\\/\",\"url\":\"https:\\\/\\\/www.cidademarketing.com.br\\\/marketing\\\/wp-content\\\/uploads\\\/2020\\\/01\\\/cidademarketing_marca_mobile.png\",\"contentUrl\":\"https:\\\/\\\/www.cidademarketing.com.br\\\/marketing\\\/wp-content\\\/uploads\\\/2020\\\/01\\\/cidademarketing_marca_mobile.png\",\"width\":230,\"height\":92,\"caption\":\"CidadeMarketing\"},\"image\":{\"@id\":\"https:\\\/\\\/www.cidademarketing.com.br\\\/marketing\\\/#\\\/schema\\\/logo\\\/image\\\/\"},\"sameAs\":[\"https:\\\/\\\/www.facebook.com\\\/portalcidademarketing\",\"https:\\\/\\\/x.com\\\/CidadeMarketing\",\"https:\\\/\\\/www.instagram.com\\\/cidademarketing\\\/\"]},{\"@type\":\"Person\",\"@id\":\"https:\\\/\\\/www.cidademarketing.com.br\\\/marketing\\\/#\\\/schema\\\/person\\\/02daff9f18bd9378c9e01eb6b2db155f\",\"name\":\"Thales Brand\u00e3o\",\"image\":{\"@type\":\"ImageObject\",\"inLanguage\":\"pt-BR\",\"@id\":\"https:\\\/\\\/secure.gravatar.com\\\/avatar\\\/7ca3206950207cc3cb48feec56a8a7898741ab725c368d99d5d7a5a50aab80c6?s=96&d=mm&r=g\",\"url\":\"https:\\\/\\\/secure.gravatar.com\\\/avatar\\\/7ca3206950207cc3cb48feec56a8a7898741ab725c368d99d5d7a5a50aab80c6?s=96&d=mm&r=g\",\"contentUrl\":\"https:\\\/\\\/secure.gravatar.com\\\/avatar\\\/7ca3206950207cc3cb48feec56a8a7898741ab725c368d99d5d7a5a50aab80c6?s=96&d=mm&r=g\",\"caption\":\"Thales Brand\u00e3o\"},\"description\":\"Editor Executivo do Portal CidadeMarketing.com.br &gt; Mestre em Comunica\u00e7\u00e3o e Sociedade pela Universidade Federal de Sergipe. Possui MBA Executivo em Administra\u00e7\u00e3o com \u00eanfase em Marketing pela Funda\u00e7\u00e3o Get\u00falio Vargas - Rio de Janeiro. Consultor, Palestrante e Pesquisador sobre Empreendedorismo, Marketing, Redes Sociais e Neg\u00f3cios Digitais. Professor, Palestrante TedxTalks e Campus Party. Twitter: @ThalesBrandao\",\"sameAs\":[\"http:\\\/\\\/www.mandacaru.com.br\",\"https:\\\/\\\/www.facebook.com\\\/thalesbrandao\",\"http:\\\/\\\/www.instagram.com.br\\\/thalesbrandaoferreira\",\"https:\\\/\\\/www.linkedin.com\\\/in\\\/thales-brand\u00e3o-3948609\\\/\",\"https:\\\/\\\/x.com\\\/http:\\\/\\\/www.twitter.com\\\/thalesbrandao\"],\"url\":\"https:\\\/\\\/www.cidademarketing.com.br\\\/marketing\\\/author\\\/thalesbrandao\\\/\"}]}<\/script>\n<!-- \/ Yoast SEO plugin. -->","yoast_head_json":{"title":"Fernando de Noronha retornar\u00e1 atividades tur\u00edsticas com permiss\u00e3o para entrada de turistas que j\u00e1 tiveram Covid-19 - CidadeMarketing","robots":{"index":"index","follow":"follow","max-snippet":"max-snippet:-1","max-image-preview":"max-image-preview:large","max-video-preview":"max-video-preview:-1"},"canonical":"https:\/\/www.cidademarketing.com.br\/marketing\/2020\/09\/01\/fernando-de-noronha-retornara-atividades-turisticas-com-permissao-para-entrada-de-turistas-que-ja-tiveram-covid-19\/","og_locale":"pt_BR","og_type":"article","og_title":"Fernando de Noronha retornar\u00e1 atividades tur\u00edsticas com permiss\u00e3o para entrada de turistas que j\u00e1 tiveram Covid-19 - CidadeMarketing","og_description":"O arquip\u00e9lago de Fernando de Noronha vai iniciar o processo de reabertura para o turismo a partir do pr\u00f3ximo dia 1\u00ba de setembro, quando come\u00e7am a ser permitidas as visitas de turistas que tiveram diagn\u00f3stico de Covid-19 e j\u00e1 est\u00e3o comprovadamente curados. A medida foi anunciada nesta quinta-feira (27.08), pelo Governo de Pernambuco, que tamb\u00e9m [&hellip;]","og_url":"https:\/\/www.cidademarketing.com.br\/marketing\/2020\/09\/01\/fernando-de-noronha-retornara-atividades-turisticas-com-permissao-para-entrada-de-turistas-que-ja-tiveram-covid-19\/","og_site_name":"CidadeMarketing","article_publisher":"https:\/\/www.facebook.com\/portalcidademarketing","article_author":"https:\/\/www.facebook.com\/thalesbrandao","article_published_time":"2020-09-01T18:02:06+00:00","article_modified_time":"2020-09-01T18:02:12+00:00","og_image":[{"width":1300,"height":730,"url":"https:\/\/www.cidademarketing.com.br\/marketing\/wp-content\/uploads\/2020\/07\/fernandodenoronha_pandemia_.jpeg","type":"image\/jpeg"}],"author":"Thales Brand\u00e3o","twitter_card":"summary_large_image","twitter_creator":"@http:\/\/www.twitter.com\/thalesbrandao","twitter_site":"@CidadeMarketing","twitter_misc":{"Escrito por":"Thales Brand\u00e3o","Est. tempo de leitura":"4 minutos"},"schema":{"@context":"https:\/\/schema.org","@graph":[{"@type":"Article","@id":"https:\/\/www.cidademarketing.com.br\/marketing\/2020\/09\/01\/fernando-de-noronha-retornara-atividades-turisticas-com-permissao-para-entrada-de-turistas-que-ja-tiveram-covid-19\/#article","isPartOf":{"@id":"https:\/\/www.cidademarketing.com.br\/marketing\/2020\/09\/01\/fernando-de-noronha-retornara-atividades-turisticas-com-permissao-para-entrada-de-turistas-que-ja-tiveram-covid-19\/"},"author":{"name":"Thales Brand\u00e3o","@id":"https:\/\/www.cidademarketing.com.br\/marketing\/#\/schema\/person\/02daff9f18bd9378c9e01eb6b2db155f"},"headline":"Fernando de Noronha retornar\u00e1 atividades tur\u00edsticas com permiss\u00e3o para entrada de turistas que j\u00e1 tiveram Covid-19","datePublished":"2020-09-01T18:02:06+00:00","dateModified":"2020-09-01T18:02:12+00:00","mainEntityOfPage":{"@id":"https:\/\/www.cidademarketing.com.br\/marketing\/2020\/09\/01\/fernando-de-noronha-retornara-atividades-turisticas-com-permissao-para-entrada-de-turistas-que-ja-tiveram-covid-19\/"},"wordCount":775,"commentCount":0,"publisher":{"@id":"https:\/\/www.cidademarketing.com.br\/marketing\/#organization"},"image":{"@id":"https:\/\/www.cidademarketing.com.br\/marketing\/2020\/09\/01\/fernando-de-noronha-retornara-atividades-turisticas-com-permissao-para-entrada-de-turistas-que-ja-tiveram-covid-19\/#primaryimage"},"thumbnailUrl":"https:\/\/www.cidademarketing.com.br\/marketing\/wp-content\/uploads\/2020\/07\/fernandodenoronha_pandemia_.jpeg","keywords":["covid-19","estrat\u00e9gia","Fernando de Noronha","marketing","Pernambuco"],"articleSection":["Not\u00edcias"],"inLanguage":"pt-BR","potentialAction":[{"@type":"CommentAction","name":"Comment","target":["https:\/\/www.cidademarketing.com.br\/marketing\/2020\/09\/01\/fernando-de-noronha-retornara-atividades-turisticas-com-permissao-para-entrada-de-turistas-que-ja-tiveram-covid-19\/#respond"]}]},{"@type":"WebPage","@id":"https:\/\/www.cidademarketing.com.br\/marketing\/2020\/09\/01\/fernando-de-noronha-retornara-atividades-turisticas-com-permissao-para-entrada-de-turistas-que-ja-tiveram-covid-19\/","url":"https:\/\/www.cidademarketing.com.br\/marketing\/2020\/09\/01\/fernando-de-noronha-retornara-atividades-turisticas-com-permissao-para-entrada-de-turistas-que-ja-tiveram-covid-19\/","name":"Fernando de Noronha retornar\u00e1 atividades tur\u00edsticas com permiss\u00e3o para entrada de turistas que j\u00e1 tiveram Covid-19 - CidadeMarketing","isPartOf":{"@id":"https:\/\/www.cidademarketing.com.br\/marketing\/#website"},"primaryImageOfPage":{"@id":"https:\/\/www.cidademarketing.com.br\/marketing\/2020\/09\/01\/fernando-de-noronha-retornara-atividades-turisticas-com-permissao-para-entrada-de-turistas-que-ja-tiveram-covid-19\/#primaryimage"},"image":{"@id":"https:\/\/www.cidademarketing.com.br\/marketing\/2020\/09\/01\/fernando-de-noronha-retornara-atividades-turisticas-com-permissao-para-entrada-de-turistas-que-ja-tiveram-covid-19\/#primaryimage"},"thumbnailUrl":"https:\/\/www.cidademarketing.com.br\/marketing\/wp-content\/uploads\/2020\/07\/fernandodenoronha_pandemia_.jpeg","datePublished":"2020-09-01T18:02:06+00:00","dateModified":"2020-09-01T18:02:12+00:00","breadcrumb":{"@id":"https:\/\/www.cidademarketing.com.br\/marketing\/2020\/09\/01\/fernando-de-noronha-retornara-atividades-turisticas-com-permissao-para-entrada-de-turistas-que-ja-tiveram-covid-19\/#breadcrumb"},"inLanguage":"pt-BR","potentialAction":[{"@type":"ReadAction","target":["https:\/\/www.cidademarketing.com.br\/marketing\/2020\/09\/01\/fernando-de-noronha-retornara-atividades-turisticas-com-permissao-para-entrada-de-turistas-que-ja-tiveram-covid-19\/"]}]},{"@type":"ImageObject","inLanguage":"pt-BR","@id":"https:\/\/www.cidademarketing.com.br\/marketing\/2020\/09\/01\/fernando-de-noronha-retornara-atividades-turisticas-com-permissao-para-entrada-de-turistas-que-ja-tiveram-covid-19\/#primaryimage","url":"https:\/\/www.cidademarketing.com.br\/marketing\/wp-content\/uploads\/2020\/07\/fernandodenoronha_pandemia_.jpeg","contentUrl":"https:\/\/www.cidademarketing.com.br\/marketing\/wp-content\/uploads\/2020\/07\/fernandodenoronha_pandemia_.jpeg","width":1300,"height":730,"caption":"Divulga\u00e7\u00e3o"},{"@type":"BreadcrumbList","@id":"https:\/\/www.cidademarketing.com.br\/marketing\/2020\/09\/01\/fernando-de-noronha-retornara-atividades-turisticas-com-permissao-para-entrada-de-turistas-que-ja-tiveram-covid-19\/#breadcrumb","itemListElement":[{"@type":"ListItem","position":1,"name":"In\u00edcio","item":"https:\/\/www.cidademarketing.com.br\/marketing\/"},{"@type":"ListItem","position":2,"name":"Fernando de Noronha retornar\u00e1 atividades tur\u00edsticas com permiss\u00e3o para entrada de turistas que j\u00e1 tiveram Covid-19"}]},{"@type":"WebSite","@id":"https:\/\/www.cidademarketing.com.br\/marketing\/#website","url":"https:\/\/www.cidademarketing.com.br\/marketing\/","name":"CidadeMarketing","description":"Somos um ve\u00edculo de comunica\u00e7\u00e3o de destaque no Brasil, reconhecido por conte\u00fados nos segmentos de marketing, empreendedorismo e inova\u00e7\u00e3o.","publisher":{"@id":"https:\/\/www.cidademarketing.com.br\/marketing\/#organization"},"alternateName":"CidadeMarketing","potentialAction":[{"@type":"SearchAction","target":{"@type":"EntryPoint","urlTemplate":"https:\/\/www.cidademarketing.com.br\/marketing\/?s={search_term_string}"},"query-input":{"@type":"PropertyValueSpecification","valueRequired":true,"valueName":"search_term_string"}}],"inLanguage":"pt-BR"},{"@type":"Organization","@id":"https:\/\/www.cidademarketing.com.br\/marketing\/#organization","name":"CidadeMarketing","alternateName":"CidadeMarketing","url":"https:\/\/www.cidademarketing.com.br\/marketing\/","logo":{"@type":"ImageObject","inLanguage":"pt-BR","@id":"https:\/\/www.cidademarketing.com.br\/marketing\/#\/schema\/logo\/image\/","url":"https:\/\/www.cidademarketing.com.br\/marketing\/wp-content\/uploads\/2020\/01\/cidademarketing_marca_mobile.png","contentUrl":"https:\/\/www.cidademarketing.com.br\/marketing\/wp-content\/uploads\/2020\/01\/cidademarketing_marca_mobile.png","width":230,"height":92,"caption":"CidadeMarketing"},"image":{"@id":"https:\/\/www.cidademarketing.com.br\/marketing\/#\/schema\/logo\/image\/"},"sameAs":["https:\/\/www.facebook.com\/portalcidademarketing","https:\/\/x.com\/CidadeMarketing","https:\/\/www.instagram.com\/cidademarketing\/"]},{"@type":"Person","@id":"https:\/\/www.cidademarketing.com.br\/marketing\/#\/schema\/person\/02daff9f18bd9378c9e01eb6b2db155f","name":"Thales Brand\u00e3o","image":{"@type":"ImageObject","inLanguage":"pt-BR","@id":"https:\/\/secure.gravatar.com\/avatar\/7ca3206950207cc3cb48feec56a8a7898741ab725c368d99d5d7a5a50aab80c6?s=96&d=mm&r=g","url":"https:\/\/secure.gravatar.com\/avatar\/7ca3206950207cc3cb48feec56a8a7898741ab725c368d99d5d7a5a50aab80c6?s=96&d=mm&r=g","contentUrl":"https:\/\/secure.gravatar.com\/avatar\/7ca3206950207cc3cb48feec56a8a7898741ab725c368d99d5d7a5a50aab80c6?s=96&d=mm&r=g","caption":"Thales Brand\u00e3o"},"description":"Editor Executivo do Portal CidadeMarketing.com.br &gt; Mestre em Comunica\u00e7\u00e3o e Sociedade pela Universidade Federal de Sergipe. Possui MBA Executivo em Administra\u00e7\u00e3o com \u00eanfase em Marketing pela Funda\u00e7\u00e3o Get\u00falio Vargas - Rio de Janeiro. Consultor, Palestrante e Pesquisador sobre Empreendedorismo, Marketing, Redes Sociais e Neg\u00f3cios Digitais. Professor, Palestrante TedxTalks e Campus Party. Twitter: @ThalesBrandao","sameAs":["http:\/\/www.mandacaru.com.br","https:\/\/www.facebook.com\/thalesbrandao","http:\/\/www.instagram.com.br\/thalesbrandaoferreira","https:\/\/www.linkedin.com\/in\/thales-brand\u00e3o-3948609\/","https:\/\/x.com\/http:\/\/www.twitter.com\/thalesbrandao"],"url":"https:\/\/www.cidademarketing.com.br\/marketing\/author\/thalesbrandao\/"}]}},"amp_enabled":true,"_links":{"self":[{"href":"https:\/\/www.cidademarketing.com.br\/marketing\/wp-json\/wp\/v2\/posts\/18569","targetHints":{"allow":["GET"]}}],"collection":[{"href":"https:\/\/www.cidademarketing.com.br\/marketing\/wp-json\/wp\/v2\/posts"}],"about":[{"href":"https:\/\/www.cidademarketing.com.br\/marketing\/wp-json\/wp\/v2\/types\/post"}],"author":[{"embeddable":true,"href":"https:\/\/www.cidademarketing.com.br\/marketing\/wp-json\/wp\/v2\/users\/1"}],"replies":[{"embeddable":true,"href":"https:\/\/www.cidademarketing.com.br\/marketing\/wp-json\/wp\/v2\/comments?post=18569"}],"version-history":[{"count":1,"href":"https:\/\/www.cidademarketing.com.br\/marketing\/wp-json\/wp\/v2\/posts\/18569\/revisions"}],"predecessor-version":[{"id":18570,"href":"https:\/\/www.cidademarketing.com.br\/marketing\/wp-json\/wp\/v2\/posts\/18569\/revisions\/18570"}],"wp:featuredmedia":[{"embeddable":true,"href":"https:\/\/www.cidademarketing.com.br\/marketing\/wp-json\/wp\/v2\/media\/17285"}],"wp:attachment":[{"href":"https:\/\/www.cidademarketing.com.br\/marketing\/wp-json\/wp\/v2\/media?parent=18569"}],"wp:term":[{"taxonomy":"category","embeddable":true,"href":"https:\/\/www.cidademarketing.com.br\/marketing\/wp-json\/wp\/v2\/categories?post=18569"},{"taxonomy":"post_tag","embeddable":true,"href":"https:\/\/www.cidademarketing.com.br\/marketing\/wp-json\/wp\/v2\/tags?post=18569"}],"curies":[{"name":"wp","href":"https:\/\/api.w.org\/{rel}","templated":true}]}}