{"id":18451,"date":"2020-08-30T13:02:14","date_gmt":"2020-08-30T16:02:14","guid":{"rendered":"https:\/\/www.cidademarketing.com.br\/marketing\/?p=18451"},"modified":"2020-08-30T13:02:18","modified_gmt":"2020-08-30T16:02:18","slug":"estudo-propoe-desoneracao-temporaria-em-novos-contratos-de-trabalho-aponta-ipea","status":"publish","type":"post","link":"https:\/\/www.cidademarketing.com.br\/marketing\/2020\/08\/30\/estudo-propoe-desoneracao-temporaria-em-novos-contratos-de-trabalho-aponta-ipea\/","title":{"rendered":"Estudo prop\u00f5e desonera\u00e7\u00e3o tempor\u00e1ria em novos contratos de trabalho, aponta Ipea"},"content":{"rendered":"\n<p>A desonera\u00e7\u00e3o tempor\u00e1ria de novas contrata\u00e7\u00f5es com jornadas de at\u00e9 36 horas semanais poderia gerar mais 4,6 milh\u00f5es de empregos com carteira assinada em 12 meses, elevando para 16,2 milh\u00f5es o total de trabalhadores formais admitidos no per\u00edodo. A simula\u00e7\u00e3o consta em estudo publicado nesta sexta-feira (28) pelo Instituto de Pesquisa Econ\u00f4mica Aplicada (Ipea). Entre fevereiro e junho, com a pandemia da Covid-19, o pa\u00eds fechou 4,5 milh\u00f5es de postos de trabalho formais, e a taxa de desemprego alcan\u00e7ou 14,1% em junho segundo as estimativas do autor.<br><br>A pesquisa<em>&nbsp;Cinco Meses de Perdas de Empregos e Simula\u00e7\u00e3o de um Incentivo a Contrata\u00e7\u00f5es<\/em>&nbsp;prop\u00f5e zerar a al\u00edquota de 20% da contribui\u00e7\u00e3o previdenci\u00e1ria patronal nas novas contrata\u00e7\u00f5es com carteira assinada e jornadas at\u00e9 20 horas, e al\u00edquotas reduzidas para aquelas com jornadas entre 21 e 36 horas. Se adotada, essa medida significaria uma ren\u00fancia previdenci\u00e1ria de R$ 1,7 bilh\u00e3o por m\u00eas. \u201cCom a desonera\u00e7\u00e3o tempor\u00e1ria ficaria mais barato contratar duas pessoas com jornada de 20 horas em vez de um s\u00f3 trabalhador por 40 horas\u201d, destaca o economista Marcos Hecksher, autor do estudo. A simula\u00e7\u00e3o n\u00e3o inclui empregados dom\u00e9sticos nem empresas do Simples Nacional, que j\u00e1 t\u00eam tratamento diferenciado, mas tamb\u00e9m poderiam ser alcan\u00e7adas pela medida, a crit\u00e9rio do Legislativo.<br><br>O pesquisador prop\u00f5e revogar a atual desonera\u00e7\u00e3o a 17 setores, ao menos para as novas contrata\u00e7\u00f5es, entre outras fontes de financiamento para viabilizar a medida. \u201cEsses 17 setores atualmente desonerados n\u00e3o s\u00e3o os mais prejudicados nesta crise nem v\u00e3o contribuir mais do que outras atividades para a retomada da economia. O objetivo da desonera\u00e7\u00e3o \u00e9 o est\u00edmulo a um maior n\u00famero de contrata\u00e7\u00f5es formais, gerando mais empregos e ampliando a base contributiva\u201d, pondera Hecksher. Para formatar a proposta, o pesquisador recorreu \u00e0 Rela\u00e7\u00e3o Anual de Informa\u00e7\u00f5es Sociais (Rais) de 2018 e se baseou no comportamento do mercado de trabalho revelado nas pesquisas Pnad Cont\u00ednua e Pnad Covid-19, de fevereiro a julho deste ano.&nbsp;<\/p>\n\n\n\n<p>CINCO MESES DE PERDAS DE EMPREGOS E SIMULA\u00c7\u00c3O DE UM INCENTIVO A CONTRATA\u00c7\u00d5ES por Marcos Hecksher<\/p>\n\n\n\n<p>De fevereiro a julho de 2020, j\u00e1 se acumularam cinco meses consecutivos de encolhimento do mercado de trabalho brasileiro nas estat\u00edsticas p\u00fablicas. Isso \u00e9 o que se observa at\u00e9 junho, a partir da mensaliza\u00e7\u00e3o das s\u00e9ries da Pesquisa Nacional por Amostra de Domic\u00edlio Cont\u00ednua (PNAD Cont\u00ednua) por trimestre m\u00f3vel, j\u00e1 divulgadas pelo Instituto Brasileiro de Geografia e Estat\u00edstica (IBGE)1 e, em julho, pelos movimentos dos indicadores da PNAD Covid-19, iniciada em maio.<\/p>\n\n\n\n<div class=\"wp-block-file\"><a href=\"https:\/\/www.cidademarketing.com.br\/marketing\/wp-content\/uploads\/2020\/08\/ipea_desoneracaodesemprego.pdf\">Acesse a \u00edntegra do estudo<\/a><a href=\"https:\/\/www.cidademarketing.com.br\/marketing\/wp-content\/uploads\/2020\/08\/ipea_desoneracaodesemprego.pdf\" class=\"wp-block-file__button\" download>Baixar<\/a><\/div>\n\n\n\n<p><\/p>\n","protected":false},"excerpt":{"rendered":"<p>A desonera\u00e7\u00e3o tempor\u00e1ria de novas contrata\u00e7\u00f5es com jornadas de at\u00e9 36 horas semanais poderia gerar mais 4,6 milh\u00f5es de empregos com carteira assinada em 12 meses, elevando para 16,2 milh\u00f5es o total de trabalhadores formais admitidos no per\u00edodo. A simula\u00e7\u00e3o consta em estudo publicado nesta sexta-feira (28) pelo Instituto de Pesquisa Econ\u00f4mica Aplicada (Ipea). Entre [&hellip;]<\/p>\n","protected":false},"author":1,"featured_media":4512,"comment_status":"open","ping_status":"open","sticky":false,"template":"","format":"standard","meta":{"tdm_status":"","tdm_grid_status":"","footnotes":""},"categories":[6,1],"tags":[33,566,28],"class_list":["post-18451","post","type-post","status-publish","format-standard","has-post-thumbnail","hentry","category-noticias","category-pesquisademercado","tag-estrategia","tag-ipea","tag-marketing"],"yoast_head":"<!-- This site is optimized with the Yoast SEO plugin v27.5 - https:\/\/yoast.com\/product\/yoast-seo-wordpress\/ -->\n<title>Estudo prop\u00f5e desonera\u00e7\u00e3o tempor\u00e1ria em novos contratos de trabalho, aponta Ipea - CidadeMarketing<\/title>\n<meta name=\"robots\" content=\"index, follow, max-snippet:-1, max-image-preview:large, max-video-preview:-1\" \/>\n<link rel=\"canonical\" href=\"https:\/\/www.cidademarketing.com.br\/marketing\/2020\/08\/30\/estudo-propoe-desoneracao-temporaria-em-novos-contratos-de-trabalho-aponta-ipea\/\" \/>\n<meta property=\"og:locale\" content=\"pt_BR\" \/>\n<meta property=\"og:type\" content=\"article\" \/>\n<meta property=\"og:title\" content=\"Estudo prop\u00f5e desonera\u00e7\u00e3o tempor\u00e1ria em novos contratos de trabalho, aponta Ipea - CidadeMarketing\" \/>\n<meta property=\"og:description\" content=\"A desonera\u00e7\u00e3o tempor\u00e1ria de novas contrata\u00e7\u00f5es com jornadas de at\u00e9 36 horas semanais poderia gerar mais 4,6 milh\u00f5es de empregos com carteira assinada em 12 meses, elevando para 16,2 milh\u00f5es o total de trabalhadores formais admitidos no per\u00edodo. A simula\u00e7\u00e3o consta em estudo publicado nesta sexta-feira (28) pelo Instituto de Pesquisa Econ\u00f4mica Aplicada (Ipea). Entre [&hellip;]\" \/>\n<meta property=\"og:url\" content=\"https:\/\/www.cidademarketing.com.br\/marketing\/2020\/08\/30\/estudo-propoe-desoneracao-temporaria-em-novos-contratos-de-trabalho-aponta-ipea\/\" \/>\n<meta property=\"og:site_name\" content=\"CidadeMarketing\" \/>\n<meta property=\"article:publisher\" content=\"https:\/\/www.facebook.com\/portalcidademarketing\" \/>\n<meta property=\"article:author\" content=\"https:\/\/www.facebook.com\/thalesbrandao\" \/>\n<meta property=\"article:published_time\" content=\"2020-08-30T16:02:14+00:00\" \/>\n<meta property=\"article:modified_time\" content=\"2020-08-30T16:02:18+00:00\" \/>\n<meta property=\"og:image\" content=\"https:\/\/www.cidademarketing.com.br\/marketing\/wp-content\/uploads\/2018\/12\/carteiraassinada.jpg\" \/>\n\t<meta property=\"og:image:width\" content=\"900\" \/>\n\t<meta property=\"og:image:height\" content=\"356\" \/>\n\t<meta property=\"og:image:type\" content=\"image\/jpeg\" \/>\n<meta name=\"author\" content=\"Thales Brand\u00e3o\" \/>\n<meta name=\"twitter:card\" content=\"summary_large_image\" \/>\n<meta name=\"twitter:creator\" content=\"@http:\/\/www.twitter.com\/thalesbrandao\" \/>\n<meta name=\"twitter:site\" content=\"@CidadeMarketing\" \/>\n<meta name=\"twitter:label1\" content=\"Escrito por\" \/>\n\t<meta name=\"twitter:data1\" content=\"Thales Brand\u00e3o\" \/>\n\t<meta name=\"twitter:label2\" content=\"Est. tempo de leitura\" \/>\n\t<meta name=\"twitter:data2\" content=\"2 minutos\" \/>\n<script type=\"application\/ld+json\" class=\"yoast-schema-graph\">{\"@context\":\"https:\\\/\\\/schema.org\",\"@graph\":[{\"@type\":\"Article\",\"@id\":\"https:\\\/\\\/www.cidademarketing.com.br\\\/marketing\\\/2020\\\/08\\\/30\\\/estudo-propoe-desoneracao-temporaria-em-novos-contratos-de-trabalho-aponta-ipea\\\/#article\",\"isPartOf\":{\"@id\":\"https:\\\/\\\/www.cidademarketing.com.br\\\/marketing\\\/2020\\\/08\\\/30\\\/estudo-propoe-desoneracao-temporaria-em-novos-contratos-de-trabalho-aponta-ipea\\\/\"},\"author\":{\"name\":\"Thales Brand\u00e3o\",\"@id\":\"https:\\\/\\\/www.cidademarketing.com.br\\\/marketing\\\/#\\\/schema\\\/person\\\/02daff9f18bd9378c9e01eb6b2db155f\"},\"headline\":\"Estudo prop\u00f5e desonera\u00e7\u00e3o tempor\u00e1ria em novos contratos de trabalho, aponta Ipea\",\"datePublished\":\"2020-08-30T16:02:14+00:00\",\"dateModified\":\"2020-08-30T16:02:18+00:00\",\"mainEntityOfPage\":{\"@id\":\"https:\\\/\\\/www.cidademarketing.com.br\\\/marketing\\\/2020\\\/08\\\/30\\\/estudo-propoe-desoneracao-temporaria-em-novos-contratos-de-trabalho-aponta-ipea\\\/\"},\"wordCount\":467,\"commentCount\":0,\"publisher\":{\"@id\":\"https:\\\/\\\/www.cidademarketing.com.br\\\/marketing\\\/#organization\"},\"image\":{\"@id\":\"https:\\\/\\\/www.cidademarketing.com.br\\\/marketing\\\/2020\\\/08\\\/30\\\/estudo-propoe-desoneracao-temporaria-em-novos-contratos-de-trabalho-aponta-ipea\\\/#primaryimage\"},\"thumbnailUrl\":\"https:\\\/\\\/www.cidademarketing.com.br\\\/marketing\\\/wp-content\\\/uploads\\\/2018\\\/12\\\/carteiraassinada.jpg\",\"keywords\":[\"estrat\u00e9gia\",\"IPEA\",\"marketing\"],\"articleSection\":[\"Not\u00edcias\",\"Pesquisa de Mercado\"],\"inLanguage\":\"pt-BR\",\"potentialAction\":[{\"@type\":\"CommentAction\",\"name\":\"Comment\",\"target\":[\"https:\\\/\\\/www.cidademarketing.com.br\\\/marketing\\\/2020\\\/08\\\/30\\\/estudo-propoe-desoneracao-temporaria-em-novos-contratos-de-trabalho-aponta-ipea\\\/#respond\"]}]},{\"@type\":\"WebPage\",\"@id\":\"https:\\\/\\\/www.cidademarketing.com.br\\\/marketing\\\/2020\\\/08\\\/30\\\/estudo-propoe-desoneracao-temporaria-em-novos-contratos-de-trabalho-aponta-ipea\\\/\",\"url\":\"https:\\\/\\\/www.cidademarketing.com.br\\\/marketing\\\/2020\\\/08\\\/30\\\/estudo-propoe-desoneracao-temporaria-em-novos-contratos-de-trabalho-aponta-ipea\\\/\",\"name\":\"Estudo prop\u00f5e desonera\u00e7\u00e3o tempor\u00e1ria em novos contratos de trabalho, aponta Ipea - CidadeMarketing\",\"isPartOf\":{\"@id\":\"https:\\\/\\\/www.cidademarketing.com.br\\\/marketing\\\/#website\"},\"primaryImageOfPage\":{\"@id\":\"https:\\\/\\\/www.cidademarketing.com.br\\\/marketing\\\/2020\\\/08\\\/30\\\/estudo-propoe-desoneracao-temporaria-em-novos-contratos-de-trabalho-aponta-ipea\\\/#primaryimage\"},\"image\":{\"@id\":\"https:\\\/\\\/www.cidademarketing.com.br\\\/marketing\\\/2020\\\/08\\\/30\\\/estudo-propoe-desoneracao-temporaria-em-novos-contratos-de-trabalho-aponta-ipea\\\/#primaryimage\"},\"thumbnailUrl\":\"https:\\\/\\\/www.cidademarketing.com.br\\\/marketing\\\/wp-content\\\/uploads\\\/2018\\\/12\\\/carteiraassinada.jpg\",\"datePublished\":\"2020-08-30T16:02:14+00:00\",\"dateModified\":\"2020-08-30T16:02:18+00:00\",\"breadcrumb\":{\"@id\":\"https:\\\/\\\/www.cidademarketing.com.br\\\/marketing\\\/2020\\\/08\\\/30\\\/estudo-propoe-desoneracao-temporaria-em-novos-contratos-de-trabalho-aponta-ipea\\\/#breadcrumb\"},\"inLanguage\":\"pt-BR\",\"potentialAction\":[{\"@type\":\"ReadAction\",\"target\":[\"https:\\\/\\\/www.cidademarketing.com.br\\\/marketing\\\/2020\\\/08\\\/30\\\/estudo-propoe-desoneracao-temporaria-em-novos-contratos-de-trabalho-aponta-ipea\\\/\"]}]},{\"@type\":\"ImageObject\",\"inLanguage\":\"pt-BR\",\"@id\":\"https:\\\/\\\/www.cidademarketing.com.br\\\/marketing\\\/2020\\\/08\\\/30\\\/estudo-propoe-desoneracao-temporaria-em-novos-contratos-de-trabalho-aponta-ipea\\\/#primaryimage\",\"url\":\"https:\\\/\\\/www.cidademarketing.com.br\\\/marketing\\\/wp-content\\\/uploads\\\/2018\\\/12\\\/carteiraassinada.jpg\",\"contentUrl\":\"https:\\\/\\\/www.cidademarketing.com.br\\\/marketing\\\/wp-content\\\/uploads\\\/2018\\\/12\\\/carteiraassinada.jpg\",\"width\":900,\"height\":356},{\"@type\":\"BreadcrumbList\",\"@id\":\"https:\\\/\\\/www.cidademarketing.com.br\\\/marketing\\\/2020\\\/08\\\/30\\\/estudo-propoe-desoneracao-temporaria-em-novos-contratos-de-trabalho-aponta-ipea\\\/#breadcrumb\",\"itemListElement\":[{\"@type\":\"ListItem\",\"position\":1,\"name\":\"In\u00edcio\",\"item\":\"https:\\\/\\\/www.cidademarketing.com.br\\\/marketing\\\/\"},{\"@type\":\"ListItem\",\"position\":2,\"name\":\"Estudo prop\u00f5e desonera\u00e7\u00e3o tempor\u00e1ria em novos contratos de trabalho, aponta Ipea\"}]},{\"@type\":\"WebSite\",\"@id\":\"https:\\\/\\\/www.cidademarketing.com.br\\\/marketing\\\/#website\",\"url\":\"https:\\\/\\\/www.cidademarketing.com.br\\\/marketing\\\/\",\"name\":\"CidadeMarketing\",\"description\":\"Somos um ve\u00edculo de comunica\u00e7\u00e3o de destaque no Brasil, reconhecido por conte\u00fados nos segmentos de marketing, empreendedorismo e inova\u00e7\u00e3o.\",\"publisher\":{\"@id\":\"https:\\\/\\\/www.cidademarketing.com.br\\\/marketing\\\/#organization\"},\"alternateName\":\"CidadeMarketing\",\"potentialAction\":[{\"@type\":\"SearchAction\",\"target\":{\"@type\":\"EntryPoint\",\"urlTemplate\":\"https:\\\/\\\/www.cidademarketing.com.br\\\/marketing\\\/?s={search_term_string}\"},\"query-input\":{\"@type\":\"PropertyValueSpecification\",\"valueRequired\":true,\"valueName\":\"search_term_string\"}}],\"inLanguage\":\"pt-BR\"},{\"@type\":\"Organization\",\"@id\":\"https:\\\/\\\/www.cidademarketing.com.br\\\/marketing\\\/#organization\",\"name\":\"CidadeMarketing\",\"alternateName\":\"CidadeMarketing\",\"url\":\"https:\\\/\\\/www.cidademarketing.com.br\\\/marketing\\\/\",\"logo\":{\"@type\":\"ImageObject\",\"inLanguage\":\"pt-BR\",\"@id\":\"https:\\\/\\\/www.cidademarketing.com.br\\\/marketing\\\/#\\\/schema\\\/logo\\\/image\\\/\",\"url\":\"https:\\\/\\\/www.cidademarketing.com.br\\\/marketing\\\/wp-content\\\/uploads\\\/2020\\\/01\\\/cidademarketing_marca_mobile.png\",\"contentUrl\":\"https:\\\/\\\/www.cidademarketing.com.br\\\/marketing\\\/wp-content\\\/uploads\\\/2020\\\/01\\\/cidademarketing_marca_mobile.png\",\"width\":230,\"height\":92,\"caption\":\"CidadeMarketing\"},\"image\":{\"@id\":\"https:\\\/\\\/www.cidademarketing.com.br\\\/marketing\\\/#\\\/schema\\\/logo\\\/image\\\/\"},\"sameAs\":[\"https:\\\/\\\/www.facebook.com\\\/portalcidademarketing\",\"https:\\\/\\\/x.com\\\/CidadeMarketing\",\"https:\\\/\\\/www.instagram.com\\\/cidademarketing\\\/\"]},{\"@type\":\"Person\",\"@id\":\"https:\\\/\\\/www.cidademarketing.com.br\\\/marketing\\\/#\\\/schema\\\/person\\\/02daff9f18bd9378c9e01eb6b2db155f\",\"name\":\"Thales Brand\u00e3o\",\"image\":{\"@type\":\"ImageObject\",\"inLanguage\":\"pt-BR\",\"@id\":\"https:\\\/\\\/secure.gravatar.com\\\/avatar\\\/7ca3206950207cc3cb48feec56a8a7898741ab725c368d99d5d7a5a50aab80c6?s=96&d=mm&r=g\",\"url\":\"https:\\\/\\\/secure.gravatar.com\\\/avatar\\\/7ca3206950207cc3cb48feec56a8a7898741ab725c368d99d5d7a5a50aab80c6?s=96&d=mm&r=g\",\"contentUrl\":\"https:\\\/\\\/secure.gravatar.com\\\/avatar\\\/7ca3206950207cc3cb48feec56a8a7898741ab725c368d99d5d7a5a50aab80c6?s=96&d=mm&r=g\",\"caption\":\"Thales Brand\u00e3o\"},\"description\":\"Editor Executivo do Portal CidadeMarketing.com.br &gt; Mestre em Comunica\u00e7\u00e3o e Sociedade pela Universidade Federal de Sergipe. Possui MBA Executivo em Administra\u00e7\u00e3o com \u00eanfase em Marketing pela Funda\u00e7\u00e3o Get\u00falio Vargas - Rio de Janeiro. Consultor, Palestrante e Pesquisador sobre Empreendedorismo, Marketing, Redes Sociais e Neg\u00f3cios Digitais. Professor, Palestrante TedxTalks e Campus Party. Twitter: @ThalesBrandao\",\"sameAs\":[\"http:\\\/\\\/www.mandacaru.com.br\",\"https:\\\/\\\/www.facebook.com\\\/thalesbrandao\",\"http:\\\/\\\/www.instagram.com.br\\\/thalesbrandaoferreira\",\"https:\\\/\\\/www.linkedin.com\\\/in\\\/thales-brand\u00e3o-3948609\\\/\",\"https:\\\/\\\/x.com\\\/http:\\\/\\\/www.twitter.com\\\/thalesbrandao\"],\"url\":\"https:\\\/\\\/www.cidademarketing.com.br\\\/marketing\\\/author\\\/thalesbrandao\\\/\"}]}<\/script>\n<!-- \/ Yoast SEO plugin. -->","yoast_head_json":{"title":"Estudo prop\u00f5e desonera\u00e7\u00e3o tempor\u00e1ria em novos contratos de trabalho, aponta Ipea - CidadeMarketing","robots":{"index":"index","follow":"follow","max-snippet":"max-snippet:-1","max-image-preview":"max-image-preview:large","max-video-preview":"max-video-preview:-1"},"canonical":"https:\/\/www.cidademarketing.com.br\/marketing\/2020\/08\/30\/estudo-propoe-desoneracao-temporaria-em-novos-contratos-de-trabalho-aponta-ipea\/","og_locale":"pt_BR","og_type":"article","og_title":"Estudo prop\u00f5e desonera\u00e7\u00e3o tempor\u00e1ria em novos contratos de trabalho, aponta Ipea - CidadeMarketing","og_description":"A desonera\u00e7\u00e3o tempor\u00e1ria de novas contrata\u00e7\u00f5es com jornadas de at\u00e9 36 horas semanais poderia gerar mais 4,6 milh\u00f5es de empregos com carteira assinada em 12 meses, elevando para 16,2 milh\u00f5es o total de trabalhadores formais admitidos no per\u00edodo. A simula\u00e7\u00e3o consta em estudo publicado nesta sexta-feira (28) pelo Instituto de Pesquisa Econ\u00f4mica Aplicada (Ipea). Entre [&hellip;]","og_url":"https:\/\/www.cidademarketing.com.br\/marketing\/2020\/08\/30\/estudo-propoe-desoneracao-temporaria-em-novos-contratos-de-trabalho-aponta-ipea\/","og_site_name":"CidadeMarketing","article_publisher":"https:\/\/www.facebook.com\/portalcidademarketing","article_author":"https:\/\/www.facebook.com\/thalesbrandao","article_published_time":"2020-08-30T16:02:14+00:00","article_modified_time":"2020-08-30T16:02:18+00:00","og_image":[{"width":900,"height":356,"url":"https:\/\/www.cidademarketing.com.br\/marketing\/wp-content\/uploads\/2018\/12\/carteiraassinada.jpg","type":"image\/jpeg"}],"author":"Thales Brand\u00e3o","twitter_card":"summary_large_image","twitter_creator":"@http:\/\/www.twitter.com\/thalesbrandao","twitter_site":"@CidadeMarketing","twitter_misc":{"Escrito por":"Thales Brand\u00e3o","Est. tempo de leitura":"2 minutos"},"schema":{"@context":"https:\/\/schema.org","@graph":[{"@type":"Article","@id":"https:\/\/www.cidademarketing.com.br\/marketing\/2020\/08\/30\/estudo-propoe-desoneracao-temporaria-em-novos-contratos-de-trabalho-aponta-ipea\/#article","isPartOf":{"@id":"https:\/\/www.cidademarketing.com.br\/marketing\/2020\/08\/30\/estudo-propoe-desoneracao-temporaria-em-novos-contratos-de-trabalho-aponta-ipea\/"},"author":{"name":"Thales Brand\u00e3o","@id":"https:\/\/www.cidademarketing.com.br\/marketing\/#\/schema\/person\/02daff9f18bd9378c9e01eb6b2db155f"},"headline":"Estudo prop\u00f5e desonera\u00e7\u00e3o tempor\u00e1ria em novos contratos de trabalho, aponta Ipea","datePublished":"2020-08-30T16:02:14+00:00","dateModified":"2020-08-30T16:02:18+00:00","mainEntityOfPage":{"@id":"https:\/\/www.cidademarketing.com.br\/marketing\/2020\/08\/30\/estudo-propoe-desoneracao-temporaria-em-novos-contratos-de-trabalho-aponta-ipea\/"},"wordCount":467,"commentCount":0,"publisher":{"@id":"https:\/\/www.cidademarketing.com.br\/marketing\/#organization"},"image":{"@id":"https:\/\/www.cidademarketing.com.br\/marketing\/2020\/08\/30\/estudo-propoe-desoneracao-temporaria-em-novos-contratos-de-trabalho-aponta-ipea\/#primaryimage"},"thumbnailUrl":"https:\/\/www.cidademarketing.com.br\/marketing\/wp-content\/uploads\/2018\/12\/carteiraassinada.jpg","keywords":["estrat\u00e9gia","IPEA","marketing"],"articleSection":["Not\u00edcias","Pesquisa de Mercado"],"inLanguage":"pt-BR","potentialAction":[{"@type":"CommentAction","name":"Comment","target":["https:\/\/www.cidademarketing.com.br\/marketing\/2020\/08\/30\/estudo-propoe-desoneracao-temporaria-em-novos-contratos-de-trabalho-aponta-ipea\/#respond"]}]},{"@type":"WebPage","@id":"https:\/\/www.cidademarketing.com.br\/marketing\/2020\/08\/30\/estudo-propoe-desoneracao-temporaria-em-novos-contratos-de-trabalho-aponta-ipea\/","url":"https:\/\/www.cidademarketing.com.br\/marketing\/2020\/08\/30\/estudo-propoe-desoneracao-temporaria-em-novos-contratos-de-trabalho-aponta-ipea\/","name":"Estudo prop\u00f5e desonera\u00e7\u00e3o tempor\u00e1ria em novos contratos de trabalho, aponta Ipea - CidadeMarketing","isPartOf":{"@id":"https:\/\/www.cidademarketing.com.br\/marketing\/#website"},"primaryImageOfPage":{"@id":"https:\/\/www.cidademarketing.com.br\/marketing\/2020\/08\/30\/estudo-propoe-desoneracao-temporaria-em-novos-contratos-de-trabalho-aponta-ipea\/#primaryimage"},"image":{"@id":"https:\/\/www.cidademarketing.com.br\/marketing\/2020\/08\/30\/estudo-propoe-desoneracao-temporaria-em-novos-contratos-de-trabalho-aponta-ipea\/#primaryimage"},"thumbnailUrl":"https:\/\/www.cidademarketing.com.br\/marketing\/wp-content\/uploads\/2018\/12\/carteiraassinada.jpg","datePublished":"2020-08-30T16:02:14+00:00","dateModified":"2020-08-30T16:02:18+00:00","breadcrumb":{"@id":"https:\/\/www.cidademarketing.com.br\/marketing\/2020\/08\/30\/estudo-propoe-desoneracao-temporaria-em-novos-contratos-de-trabalho-aponta-ipea\/#breadcrumb"},"inLanguage":"pt-BR","potentialAction":[{"@type":"ReadAction","target":["https:\/\/www.cidademarketing.com.br\/marketing\/2020\/08\/30\/estudo-propoe-desoneracao-temporaria-em-novos-contratos-de-trabalho-aponta-ipea\/"]}]},{"@type":"ImageObject","inLanguage":"pt-BR","@id":"https:\/\/www.cidademarketing.com.br\/marketing\/2020\/08\/30\/estudo-propoe-desoneracao-temporaria-em-novos-contratos-de-trabalho-aponta-ipea\/#primaryimage","url":"https:\/\/www.cidademarketing.com.br\/marketing\/wp-content\/uploads\/2018\/12\/carteiraassinada.jpg","contentUrl":"https:\/\/www.cidademarketing.com.br\/marketing\/wp-content\/uploads\/2018\/12\/carteiraassinada.jpg","width":900,"height":356},{"@type":"BreadcrumbList","@id":"https:\/\/www.cidademarketing.com.br\/marketing\/2020\/08\/30\/estudo-propoe-desoneracao-temporaria-em-novos-contratos-de-trabalho-aponta-ipea\/#breadcrumb","itemListElement":[{"@type":"ListItem","position":1,"name":"In\u00edcio","item":"https:\/\/www.cidademarketing.com.br\/marketing\/"},{"@type":"ListItem","position":2,"name":"Estudo prop\u00f5e desonera\u00e7\u00e3o tempor\u00e1ria em novos contratos de trabalho, aponta Ipea"}]},{"@type":"WebSite","@id":"https:\/\/www.cidademarketing.com.br\/marketing\/#website","url":"https:\/\/www.cidademarketing.com.br\/marketing\/","name":"CidadeMarketing","description":"Somos um ve\u00edculo de comunica\u00e7\u00e3o de destaque no Brasil, reconhecido por conte\u00fados nos segmentos de marketing, empreendedorismo e inova\u00e7\u00e3o.","publisher":{"@id":"https:\/\/www.cidademarketing.com.br\/marketing\/#organization"},"alternateName":"CidadeMarketing","potentialAction":[{"@type":"SearchAction","target":{"@type":"EntryPoint","urlTemplate":"https:\/\/www.cidademarketing.com.br\/marketing\/?s={search_term_string}"},"query-input":{"@type":"PropertyValueSpecification","valueRequired":true,"valueName":"search_term_string"}}],"inLanguage":"pt-BR"},{"@type":"Organization","@id":"https:\/\/www.cidademarketing.com.br\/marketing\/#organization","name":"CidadeMarketing","alternateName":"CidadeMarketing","url":"https:\/\/www.cidademarketing.com.br\/marketing\/","logo":{"@type":"ImageObject","inLanguage":"pt-BR","@id":"https:\/\/www.cidademarketing.com.br\/marketing\/#\/schema\/logo\/image\/","url":"https:\/\/www.cidademarketing.com.br\/marketing\/wp-content\/uploads\/2020\/01\/cidademarketing_marca_mobile.png","contentUrl":"https:\/\/www.cidademarketing.com.br\/marketing\/wp-content\/uploads\/2020\/01\/cidademarketing_marca_mobile.png","width":230,"height":92,"caption":"CidadeMarketing"},"image":{"@id":"https:\/\/www.cidademarketing.com.br\/marketing\/#\/schema\/logo\/image\/"},"sameAs":["https:\/\/www.facebook.com\/portalcidademarketing","https:\/\/x.com\/CidadeMarketing","https:\/\/www.instagram.com\/cidademarketing\/"]},{"@type":"Person","@id":"https:\/\/www.cidademarketing.com.br\/marketing\/#\/schema\/person\/02daff9f18bd9378c9e01eb6b2db155f","name":"Thales Brand\u00e3o","image":{"@type":"ImageObject","inLanguage":"pt-BR","@id":"https:\/\/secure.gravatar.com\/avatar\/7ca3206950207cc3cb48feec56a8a7898741ab725c368d99d5d7a5a50aab80c6?s=96&d=mm&r=g","url":"https:\/\/secure.gravatar.com\/avatar\/7ca3206950207cc3cb48feec56a8a7898741ab725c368d99d5d7a5a50aab80c6?s=96&d=mm&r=g","contentUrl":"https:\/\/secure.gravatar.com\/avatar\/7ca3206950207cc3cb48feec56a8a7898741ab725c368d99d5d7a5a50aab80c6?s=96&d=mm&r=g","caption":"Thales Brand\u00e3o"},"description":"Editor Executivo do Portal CidadeMarketing.com.br &gt; Mestre em Comunica\u00e7\u00e3o e Sociedade pela Universidade Federal de Sergipe. Possui MBA Executivo em Administra\u00e7\u00e3o com \u00eanfase em Marketing pela Funda\u00e7\u00e3o Get\u00falio Vargas - Rio de Janeiro. Consultor, Palestrante e Pesquisador sobre Empreendedorismo, Marketing, Redes Sociais e Neg\u00f3cios Digitais. Professor, Palestrante TedxTalks e Campus Party. Twitter: @ThalesBrandao","sameAs":["http:\/\/www.mandacaru.com.br","https:\/\/www.facebook.com\/thalesbrandao","http:\/\/www.instagram.com.br\/thalesbrandaoferreira","https:\/\/www.linkedin.com\/in\/thales-brand\u00e3o-3948609\/","https:\/\/x.com\/http:\/\/www.twitter.com\/thalesbrandao"],"url":"https:\/\/www.cidademarketing.com.br\/marketing\/author\/thalesbrandao\/"}]}},"amp_enabled":true,"_links":{"self":[{"href":"https:\/\/www.cidademarketing.com.br\/marketing\/wp-json\/wp\/v2\/posts\/18451","targetHints":{"allow":["GET"]}}],"collection":[{"href":"https:\/\/www.cidademarketing.com.br\/marketing\/wp-json\/wp\/v2\/posts"}],"about":[{"href":"https:\/\/www.cidademarketing.com.br\/marketing\/wp-json\/wp\/v2\/types\/post"}],"author":[{"embeddable":true,"href":"https:\/\/www.cidademarketing.com.br\/marketing\/wp-json\/wp\/v2\/users\/1"}],"replies":[{"embeddable":true,"href":"https:\/\/www.cidademarketing.com.br\/marketing\/wp-json\/wp\/v2\/comments?post=18451"}],"version-history":[{"count":1,"href":"https:\/\/www.cidademarketing.com.br\/marketing\/wp-json\/wp\/v2\/posts\/18451\/revisions"}],"predecessor-version":[{"id":18453,"href":"https:\/\/www.cidademarketing.com.br\/marketing\/wp-json\/wp\/v2\/posts\/18451\/revisions\/18453"}],"wp:featuredmedia":[{"embeddable":true,"href":"https:\/\/www.cidademarketing.com.br\/marketing\/wp-json\/wp\/v2\/media\/4512"}],"wp:attachment":[{"href":"https:\/\/www.cidademarketing.com.br\/marketing\/wp-json\/wp\/v2\/media?parent=18451"}],"wp:term":[{"taxonomy":"category","embeddable":true,"href":"https:\/\/www.cidademarketing.com.br\/marketing\/wp-json\/wp\/v2\/categories?post=18451"},{"taxonomy":"post_tag","embeddable":true,"href":"https:\/\/www.cidademarketing.com.br\/marketing\/wp-json\/wp\/v2\/tags?post=18451"}],"curies":[{"name":"wp","href":"https:\/\/api.w.org\/{rel}","templated":true}]}}