{"id":18445,"date":"2020-08-30T12:30:56","date_gmt":"2020-08-30T15:30:56","guid":{"rendered":"https:\/\/www.cidademarketing.com.br\/marketing\/?p=18445"},"modified":"2020-08-30T12:43:03","modified_gmt":"2020-08-30T15:43:03","slug":"terremoto-de-46-magnitude-e-registrado-na-bahia-mapa-do-centro-de-sismologia-da-usp-confirma-deteccao-sentida-pelos-moradores-na-regiao-do-reconcavo-baiano","status":"publish","type":"post","link":"https:\/\/www.cidademarketing.com.br\/marketing\/2020\/08\/30\/terremoto-de-46-magnitude-e-registrado-na-bahia-mapa-do-centro-de-sismologia-da-usp-confirma-deteccao-sentida-pelos-moradores-na-regiao-do-reconcavo-baiano\/","title":{"rendered":"Terremoto de 4,6 magnitude \u00e9 registrado na Bahia; Mapa do Centro de Sismologia da USP confirma detec\u00e7\u00e3o sentida pelos moradores na regi\u00e3o do Rec\u00f4ncavo Baiano"},"content":{"rendered":"\n<p>Diversas cidades do Rec\u00f4ncavo baiano, Baixo Sul e Vale do Jiquiri\u00e7\u00e1 registraram tremor de terra pela manh\u00e3 deste domingo (30). O fen\u00f4meno ocorreu por volta das 7h45 e\u00a0foi percebido em Amargosa, Concei\u00e7\u00e3o do Almeida, Santo Ant\u00f4nio de Jesus, Varzedo, Muritiba, S\u00e3o Miguel das Matas, Laje, Nazar\u00e9, Cruz das Almas, S\u00e3o Felipe, Jaguaquara, Valen\u00e7a, Presidente Tancredo Neves, Gandu, Itatim.<\/p>\n\n\n\n<figure class=\"wp-block-video\"><video height=\"352\" style=\"aspect-ratio: 640 \/ 352;\" width=\"640\" controls src=\"https:\/\/www.cidademarketing.com.br\/marketing\/wp-content\/uploads\/2020\/08\/tremor_terra_bahia.mp4\"><\/video><\/figure>\n\n\n\n<p>Em Salvador, moradores tamb\u00e9m relatam tremor. \u00c0s 12h, a Defesa Civil de Salvador (Codesal) informou que registrou queixas de tremor de terra em Pernambu\u00e9s, Cabula VI, Mata Escura, Caixa D&#8217;\u00c1gua, Itapu\u00e3, Trobogy, Engenho Velho da Federa\u00e7\u00e3o, Ondina, Garcia, Brotas, Cajazeiras, Imbu\u00ed e Ribeira. N\u00e3o houve nenhum tipo de dano material causado e ningu\u00e9m se feriu.<\/p>\n\n\n\n<figure class=\"wp-block-video\"><video height=\"352\" style=\"aspect-ratio: 640 \/ 352;\" width=\"640\" controls src=\"https:\/\/www.cidademarketing.com.br\/marketing\/wp-content\/uploads\/2020\/08\/tremor_terra_bahia_02.mp4\"><\/video><\/figure>\n\n\n\n<p>Pela redes sociais, a editora de ci\u00eancia do Jornal da USP, Luiza Caires, divulgou que o Mapa do Centro de Sismologia da USP confirmou detec\u00e7\u00e3o sentida pelos moradores na regi\u00e3o do Rec\u00f4ncavo Baiano. A cidade mais afetada foi Amargosa-BA, com tremores de 3.7 a 4.2 de intensidade.<\/p>\n\n\n\n<figure class=\"wp-block-embed-twitter wp-block-embed is-type-rich is-provider-twitter\"><div class=\"wp-block-embed__wrapper\">\n<blockquote class=\"twitter-tweet\" data-width=\"550\" data-dnt=\"true\"><p lang=\"pt\" dir=\"ltr\">Mapa do Centro de Sismologia da USP confirma detec\u00e7\u00e3o sentida pelos moradores na regi\u00e3o do Rec\u00f4ncavo Baiano. A cidade mais afetada foi Amargosa-BA, com tremores de 3.7 a 4.2 de intensidade. <a href=\"https:\/\/t.co\/GGveh7yRuk\">pic.twitter.com\/GGveh7yRuk<\/a><\/p>&mdash; Luiza Caires &#8211; jornalista de ci\u00eancias (@luizacaires3) <a href=\"https:\/\/twitter.com\/luizacaires3\/status\/1300067182144094210?ref_src=twsrc%5Etfw\">August 30, 2020<\/a><\/blockquote><script async src=\"https:\/\/platform.twitter.com\/widgets.js\" charset=\"utf-8\"><\/script>\n<\/div><\/figure>\n\n\n\n<p>O Google fez <a href=\"https:\/\/www.google.com.br\/search?sxsrf=ALeKk02yVodbHwSlYy4h8L1YviXkFSb7AA%3A1598801302686&amp;ei=lsVLX9yjKf2-5OUPs6OkoAM&amp;q=tremor+de+terra+bahia&amp;oq=tremor+de+terra+bahia&amp;gs_lcp=CgZwc3ktYWIQAzIFCAAQxAIyBQgAEMQCMgYIABAWEB4yBggAEBYQHjIGCAAQFhAeMgYIABAWEB4yBggAEBYQHjIGCAAQFhAeOgQIABBHOgoIABCxAxCDARBDOggIABCxAxCDAToECAAQQzoCCABQ3jJY7TVg2jZoAHABeACAAaMBiAHyBZIBAzAuNZgBAKABAaoBB2d3cy13aXrAAQE&amp;sclient=psy-ab&amp;ved=0ahUKEwjcxtn9nsPrAhV9H7kGHbMRCTQQ4dUDCA0&amp;uact=5\" target=\"_blank\" rel=\"noreferrer noopener\">nota<\/a> de alerta sobre as regi\u00f5es atingidas. <\/p>\n","protected":false},"excerpt":{"rendered":"<p>Diversas cidades do Rec\u00f4ncavo baiano, Baixo Sul e Vale do Jiquiri\u00e7\u00e1 registraram tremor de terra pela manh\u00e3 deste domingo (30). O fen\u00f4meno ocorreu por volta das 7h45 e\u00a0foi percebido em Amargosa, Concei\u00e7\u00e3o do Almeida, Santo Ant\u00f4nio de Jesus, Varzedo, Muritiba, S\u00e3o Miguel das Matas, Laje, Nazar\u00e9, Cruz das Almas, S\u00e3o Felipe, Jaguaquara, Valen\u00e7a, Presidente Tancredo [&hellip;]<\/p>\n","protected":false},"author":1,"featured_media":18448,"comment_status":"open","ping_status":"open","sticky":false,"template":"","format":"standard","meta":{"tdm_status":"","tdm_grid_status":"","footnotes":""},"categories":[6],"tags":[573,572,3344],"class_list":["post-18445","post","type-post","status-publish","format-standard","has-post-thumbnail","hentry","category-noticias","tag-bahia","tag-salvador","tag-terremoto"],"yoast_head":"<!-- This site is optimized with the Yoast SEO plugin v27.5 - https:\/\/yoast.com\/product\/yoast-seo-wordpress\/ -->\n<title>Terremoto de 4,6 magnitude \u00e9 registrado na Bahia; Mapa do Centro de Sismologia da USP confirma detec\u00e7\u00e3o sentida pelos moradores na regi\u00e3o do Rec\u00f4ncavo Baiano - CidadeMarketing<\/title>\n<meta name=\"robots\" content=\"index, follow, max-snippet:-1, max-image-preview:large, max-video-preview:-1\" \/>\n<link rel=\"canonical\" href=\"https:\/\/www.cidademarketing.com.br\/marketing\/2020\/08\/30\/terremoto-de-46-magnitude-e-registrado-na-bahia-mapa-do-centro-de-sismologia-da-usp-confirma-deteccao-sentida-pelos-moradores-na-regiao-do-reconcavo-baiano\/\" \/>\n<meta property=\"og:locale\" content=\"pt_BR\" \/>\n<meta property=\"og:type\" content=\"article\" \/>\n<meta property=\"og:title\" content=\"Terremoto de 4,6 magnitude \u00e9 registrado na Bahia; Mapa do Centro de Sismologia da USP confirma detec\u00e7\u00e3o sentida pelos moradores na regi\u00e3o do Rec\u00f4ncavo Baiano - CidadeMarketing\" \/>\n<meta property=\"og:description\" content=\"Diversas cidades do Rec\u00f4ncavo baiano, Baixo Sul e Vale do Jiquiri\u00e7\u00e1 registraram tremor de terra pela manh\u00e3 deste domingo (30). O fen\u00f4meno ocorreu por volta das 7h45 e\u00a0foi percebido em Amargosa, Concei\u00e7\u00e3o do Almeida, Santo Ant\u00f4nio de Jesus, Varzedo, Muritiba, S\u00e3o Miguel das Matas, Laje, Nazar\u00e9, Cruz das Almas, S\u00e3o Felipe, Jaguaquara, Valen\u00e7a, Presidente Tancredo [&hellip;]\" \/>\n<meta property=\"og:url\" content=\"https:\/\/www.cidademarketing.com.br\/marketing\/2020\/08\/30\/terremoto-de-46-magnitude-e-registrado-na-bahia-mapa-do-centro-de-sismologia-da-usp-confirma-deteccao-sentida-pelos-moradores-na-regiao-do-reconcavo-baiano\/\" \/>\n<meta property=\"og:site_name\" content=\"CidadeMarketing\" \/>\n<meta property=\"article:publisher\" content=\"https:\/\/www.facebook.com\/portalcidademarketing\" \/>\n<meta property=\"article:author\" content=\"https:\/\/www.facebook.com\/thalesbrandao\" \/>\n<meta property=\"article:published_time\" content=\"2020-08-30T15:30:56+00:00\" \/>\n<meta property=\"article:modified_time\" content=\"2020-08-30T15:43:03+00:00\" \/>\n<meta property=\"og:image\" content=\"https:\/\/www.cidademarketing.com.br\/marketing\/wp-content\/uploads\/2020\/08\/terremoto_bahia_tremor.jpg\" \/>\n\t<meta property=\"og:image:width\" content=\"829\" \/>\n\t<meta property=\"og:image:height\" content=\"429\" \/>\n\t<meta property=\"og:image:type\" content=\"image\/jpeg\" \/>\n<meta name=\"author\" content=\"Thales Brand\u00e3o\" \/>\n<meta name=\"twitter:card\" content=\"summary_large_image\" \/>\n<meta name=\"twitter:creator\" content=\"@http:\/\/www.twitter.com\/thalesbrandao\" \/>\n<meta name=\"twitter:site\" content=\"@CidadeMarketing\" \/>\n<meta name=\"twitter:label1\" content=\"Escrito por\" \/>\n\t<meta name=\"twitter:data1\" content=\"Thales Brand\u00e3o\" \/>\n\t<meta name=\"twitter:label2\" content=\"Est. tempo de leitura\" \/>\n\t<meta name=\"twitter:data2\" content=\"1 minuto\" \/>\n<script type=\"application\/ld+json\" class=\"yoast-schema-graph\">{\"@context\":\"https:\\\/\\\/schema.org\",\"@graph\":[{\"@type\":\"Article\",\"@id\":\"https:\\\/\\\/www.cidademarketing.com.br\\\/marketing\\\/2020\\\/08\\\/30\\\/terremoto-de-46-magnitude-e-registrado-na-bahia-mapa-do-centro-de-sismologia-da-usp-confirma-deteccao-sentida-pelos-moradores-na-regiao-do-reconcavo-baiano\\\/#article\",\"isPartOf\":{\"@id\":\"https:\\\/\\\/www.cidademarketing.com.br\\\/marketing\\\/2020\\\/08\\\/30\\\/terremoto-de-46-magnitude-e-registrado-na-bahia-mapa-do-centro-de-sismologia-da-usp-confirma-deteccao-sentida-pelos-moradores-na-regiao-do-reconcavo-baiano\\\/\"},\"author\":{\"name\":\"Thales Brand\u00e3o\",\"@id\":\"https:\\\/\\\/www.cidademarketing.com.br\\\/marketing\\\/#\\\/schema\\\/person\\\/02daff9f18bd9378c9e01eb6b2db155f\"},\"headline\":\"Terremoto de 4,6 magnitude \u00e9 registrado na Bahia; Mapa do Centro de Sismologia da USP confirma detec\u00e7\u00e3o sentida pelos moradores na regi\u00e3o do Rec\u00f4ncavo Baiano\",\"datePublished\":\"2020-08-30T15:30:56+00:00\",\"dateModified\":\"2020-08-30T15:43:03+00:00\",\"mainEntityOfPage\":{\"@id\":\"https:\\\/\\\/www.cidademarketing.com.br\\\/marketing\\\/2020\\\/08\\\/30\\\/terremoto-de-46-magnitude-e-registrado-na-bahia-mapa-do-centro-de-sismologia-da-usp-confirma-deteccao-sentida-pelos-moradores-na-regiao-do-reconcavo-baiano\\\/\"},\"wordCount\":217,\"commentCount\":0,\"publisher\":{\"@id\":\"https:\\\/\\\/www.cidademarketing.com.br\\\/marketing\\\/#organization\"},\"image\":{\"@id\":\"https:\\\/\\\/www.cidademarketing.com.br\\\/marketing\\\/2020\\\/08\\\/30\\\/terremoto-de-46-magnitude-e-registrado-na-bahia-mapa-do-centro-de-sismologia-da-usp-confirma-deteccao-sentida-pelos-moradores-na-regiao-do-reconcavo-baiano\\\/#primaryimage\"},\"thumbnailUrl\":\"https:\\\/\\\/www.cidademarketing.com.br\\\/marketing\\\/wp-content\\\/uploads\\\/2020\\\/08\\\/terremoto_bahia_tremor.jpg\",\"keywords\":[\"Bahia\",\"Salvador\",\"terremoto\"],\"articleSection\":[\"Not\u00edcias\"],\"inLanguage\":\"pt-BR\",\"potentialAction\":[{\"@type\":\"CommentAction\",\"name\":\"Comment\",\"target\":[\"https:\\\/\\\/www.cidademarketing.com.br\\\/marketing\\\/2020\\\/08\\\/30\\\/terremoto-de-46-magnitude-e-registrado-na-bahia-mapa-do-centro-de-sismologia-da-usp-confirma-deteccao-sentida-pelos-moradores-na-regiao-do-reconcavo-baiano\\\/#respond\"]}]},{\"@type\":\"WebPage\",\"@id\":\"https:\\\/\\\/www.cidademarketing.com.br\\\/marketing\\\/2020\\\/08\\\/30\\\/terremoto-de-46-magnitude-e-registrado-na-bahia-mapa-do-centro-de-sismologia-da-usp-confirma-deteccao-sentida-pelos-moradores-na-regiao-do-reconcavo-baiano\\\/\",\"url\":\"https:\\\/\\\/www.cidademarketing.com.br\\\/marketing\\\/2020\\\/08\\\/30\\\/terremoto-de-46-magnitude-e-registrado-na-bahia-mapa-do-centro-de-sismologia-da-usp-confirma-deteccao-sentida-pelos-moradores-na-regiao-do-reconcavo-baiano\\\/\",\"name\":\"Terremoto de 4,6 magnitude \u00e9 registrado na Bahia; Mapa do Centro de Sismologia da USP confirma detec\u00e7\u00e3o sentida pelos moradores na regi\u00e3o do Rec\u00f4ncavo Baiano - CidadeMarketing\",\"isPartOf\":{\"@id\":\"https:\\\/\\\/www.cidademarketing.com.br\\\/marketing\\\/#website\"},\"primaryImageOfPage\":{\"@id\":\"https:\\\/\\\/www.cidademarketing.com.br\\\/marketing\\\/2020\\\/08\\\/30\\\/terremoto-de-46-magnitude-e-registrado-na-bahia-mapa-do-centro-de-sismologia-da-usp-confirma-deteccao-sentida-pelos-moradores-na-regiao-do-reconcavo-baiano\\\/#primaryimage\"},\"image\":{\"@id\":\"https:\\\/\\\/www.cidademarketing.com.br\\\/marketing\\\/2020\\\/08\\\/30\\\/terremoto-de-46-magnitude-e-registrado-na-bahia-mapa-do-centro-de-sismologia-da-usp-confirma-deteccao-sentida-pelos-moradores-na-regiao-do-reconcavo-baiano\\\/#primaryimage\"},\"thumbnailUrl\":\"https:\\\/\\\/www.cidademarketing.com.br\\\/marketing\\\/wp-content\\\/uploads\\\/2020\\\/08\\\/terremoto_bahia_tremor.jpg\",\"datePublished\":\"2020-08-30T15:30:56+00:00\",\"dateModified\":\"2020-08-30T15:43:03+00:00\",\"breadcrumb\":{\"@id\":\"https:\\\/\\\/www.cidademarketing.com.br\\\/marketing\\\/2020\\\/08\\\/30\\\/terremoto-de-46-magnitude-e-registrado-na-bahia-mapa-do-centro-de-sismologia-da-usp-confirma-deteccao-sentida-pelos-moradores-na-regiao-do-reconcavo-baiano\\\/#breadcrumb\"},\"inLanguage\":\"pt-BR\",\"potentialAction\":[{\"@type\":\"ReadAction\",\"target\":[\"https:\\\/\\\/www.cidademarketing.com.br\\\/marketing\\\/2020\\\/08\\\/30\\\/terremoto-de-46-magnitude-e-registrado-na-bahia-mapa-do-centro-de-sismologia-da-usp-confirma-deteccao-sentida-pelos-moradores-na-regiao-do-reconcavo-baiano\\\/\"]}]},{\"@type\":\"ImageObject\",\"inLanguage\":\"pt-BR\",\"@id\":\"https:\\\/\\\/www.cidademarketing.com.br\\\/marketing\\\/2020\\\/08\\\/30\\\/terremoto-de-46-magnitude-e-registrado-na-bahia-mapa-do-centro-de-sismologia-da-usp-confirma-deteccao-sentida-pelos-moradores-na-regiao-do-reconcavo-baiano\\\/#primaryimage\",\"url\":\"https:\\\/\\\/www.cidademarketing.com.br\\\/marketing\\\/wp-content\\\/uploads\\\/2020\\\/08\\\/terremoto_bahia_tremor.jpg\",\"contentUrl\":\"https:\\\/\\\/www.cidademarketing.com.br\\\/marketing\\\/wp-content\\\/uploads\\\/2020\\\/08\\\/terremoto_bahia_tremor.jpg\",\"width\":829,\"height\":429},{\"@type\":\"BreadcrumbList\",\"@id\":\"https:\\\/\\\/www.cidademarketing.com.br\\\/marketing\\\/2020\\\/08\\\/30\\\/terremoto-de-46-magnitude-e-registrado-na-bahia-mapa-do-centro-de-sismologia-da-usp-confirma-deteccao-sentida-pelos-moradores-na-regiao-do-reconcavo-baiano\\\/#breadcrumb\",\"itemListElement\":[{\"@type\":\"ListItem\",\"position\":1,\"name\":\"In\u00edcio\",\"item\":\"https:\\\/\\\/www.cidademarketing.com.br\\\/marketing\\\/\"},{\"@type\":\"ListItem\",\"position\":2,\"name\":\"Terremoto de 4,6 magnitude \u00e9 registrado na Bahia; Mapa do Centro de Sismologia da USP confirma detec\u00e7\u00e3o sentida pelos moradores na regi\u00e3o do Rec\u00f4ncavo Baiano\"}]},{\"@type\":\"WebSite\",\"@id\":\"https:\\\/\\\/www.cidademarketing.com.br\\\/marketing\\\/#website\",\"url\":\"https:\\\/\\\/www.cidademarketing.com.br\\\/marketing\\\/\",\"name\":\"CidadeMarketing\",\"description\":\"Somos um ve\u00edculo de comunica\u00e7\u00e3o de destaque no Brasil, reconhecido por conte\u00fados nos segmentos de marketing, empreendedorismo e inova\u00e7\u00e3o.\",\"publisher\":{\"@id\":\"https:\\\/\\\/www.cidademarketing.com.br\\\/marketing\\\/#organization\"},\"alternateName\":\"CidadeMarketing\",\"potentialAction\":[{\"@type\":\"SearchAction\",\"target\":{\"@type\":\"EntryPoint\",\"urlTemplate\":\"https:\\\/\\\/www.cidademarketing.com.br\\\/marketing\\\/?s={search_term_string}\"},\"query-input\":{\"@type\":\"PropertyValueSpecification\",\"valueRequired\":true,\"valueName\":\"search_term_string\"}}],\"inLanguage\":\"pt-BR\"},{\"@type\":\"Organization\",\"@id\":\"https:\\\/\\\/www.cidademarketing.com.br\\\/marketing\\\/#organization\",\"name\":\"CidadeMarketing\",\"alternateName\":\"CidadeMarketing\",\"url\":\"https:\\\/\\\/www.cidademarketing.com.br\\\/marketing\\\/\",\"logo\":{\"@type\":\"ImageObject\",\"inLanguage\":\"pt-BR\",\"@id\":\"https:\\\/\\\/www.cidademarketing.com.br\\\/marketing\\\/#\\\/schema\\\/logo\\\/image\\\/\",\"url\":\"https:\\\/\\\/www.cidademarketing.com.br\\\/marketing\\\/wp-content\\\/uploads\\\/2020\\\/01\\\/cidademarketing_marca_mobile.png\",\"contentUrl\":\"https:\\\/\\\/www.cidademarketing.com.br\\\/marketing\\\/wp-content\\\/uploads\\\/2020\\\/01\\\/cidademarketing_marca_mobile.png\",\"width\":230,\"height\":92,\"caption\":\"CidadeMarketing\"},\"image\":{\"@id\":\"https:\\\/\\\/www.cidademarketing.com.br\\\/marketing\\\/#\\\/schema\\\/logo\\\/image\\\/\"},\"sameAs\":[\"https:\\\/\\\/www.facebook.com\\\/portalcidademarketing\",\"https:\\\/\\\/x.com\\\/CidadeMarketing\",\"https:\\\/\\\/www.instagram.com\\\/cidademarketing\\\/\"]},{\"@type\":\"Person\",\"@id\":\"https:\\\/\\\/www.cidademarketing.com.br\\\/marketing\\\/#\\\/schema\\\/person\\\/02daff9f18bd9378c9e01eb6b2db155f\",\"name\":\"Thales Brand\u00e3o\",\"image\":{\"@type\":\"ImageObject\",\"inLanguage\":\"pt-BR\",\"@id\":\"https:\\\/\\\/secure.gravatar.com\\\/avatar\\\/7ca3206950207cc3cb48feec56a8a7898741ab725c368d99d5d7a5a50aab80c6?s=96&d=mm&r=g\",\"url\":\"https:\\\/\\\/secure.gravatar.com\\\/avatar\\\/7ca3206950207cc3cb48feec56a8a7898741ab725c368d99d5d7a5a50aab80c6?s=96&d=mm&r=g\",\"contentUrl\":\"https:\\\/\\\/secure.gravatar.com\\\/avatar\\\/7ca3206950207cc3cb48feec56a8a7898741ab725c368d99d5d7a5a50aab80c6?s=96&d=mm&r=g\",\"caption\":\"Thales Brand\u00e3o\"},\"description\":\"Editor Executivo do Portal CidadeMarketing.com.br &gt; Mestre em Comunica\u00e7\u00e3o e Sociedade pela Universidade Federal de Sergipe. Possui MBA Executivo em Administra\u00e7\u00e3o com \u00eanfase em Marketing pela Funda\u00e7\u00e3o Get\u00falio Vargas - Rio de Janeiro. Consultor, Palestrante e Pesquisador sobre Empreendedorismo, Marketing, Redes Sociais e Neg\u00f3cios Digitais. Professor, Palestrante TedxTalks e Campus Party. Twitter: @ThalesBrandao\",\"sameAs\":[\"http:\\\/\\\/www.mandacaru.com.br\",\"https:\\\/\\\/www.facebook.com\\\/thalesbrandao\",\"http:\\\/\\\/www.instagram.com.br\\\/thalesbrandaoferreira\",\"https:\\\/\\\/www.linkedin.com\\\/in\\\/thales-brand\u00e3o-3948609\\\/\",\"https:\\\/\\\/x.com\\\/http:\\\/\\\/www.twitter.com\\\/thalesbrandao\"],\"url\":\"https:\\\/\\\/www.cidademarketing.com.br\\\/marketing\\\/author\\\/thalesbrandao\\\/\"}]}<\/script>\n<!-- \/ Yoast SEO plugin. -->","yoast_head_json":{"title":"Terremoto de 4,6 magnitude \u00e9 registrado na Bahia; Mapa do Centro de Sismologia da USP confirma detec\u00e7\u00e3o sentida pelos moradores na regi\u00e3o do Rec\u00f4ncavo Baiano - CidadeMarketing","robots":{"index":"index","follow":"follow","max-snippet":"max-snippet:-1","max-image-preview":"max-image-preview:large","max-video-preview":"max-video-preview:-1"},"canonical":"https:\/\/www.cidademarketing.com.br\/marketing\/2020\/08\/30\/terremoto-de-46-magnitude-e-registrado-na-bahia-mapa-do-centro-de-sismologia-da-usp-confirma-deteccao-sentida-pelos-moradores-na-regiao-do-reconcavo-baiano\/","og_locale":"pt_BR","og_type":"article","og_title":"Terremoto de 4,6 magnitude \u00e9 registrado na Bahia; Mapa do Centro de Sismologia da USP confirma detec\u00e7\u00e3o sentida pelos moradores na regi\u00e3o do Rec\u00f4ncavo Baiano - CidadeMarketing","og_description":"Diversas cidades do Rec\u00f4ncavo baiano, Baixo Sul e Vale do Jiquiri\u00e7\u00e1 registraram tremor de terra pela manh\u00e3 deste domingo (30). O fen\u00f4meno ocorreu por volta das 7h45 e\u00a0foi percebido em Amargosa, Concei\u00e7\u00e3o do Almeida, Santo Ant\u00f4nio de Jesus, Varzedo, Muritiba, S\u00e3o Miguel das Matas, Laje, Nazar\u00e9, Cruz das Almas, S\u00e3o Felipe, Jaguaquara, Valen\u00e7a, Presidente Tancredo [&hellip;]","og_url":"https:\/\/www.cidademarketing.com.br\/marketing\/2020\/08\/30\/terremoto-de-46-magnitude-e-registrado-na-bahia-mapa-do-centro-de-sismologia-da-usp-confirma-deteccao-sentida-pelos-moradores-na-regiao-do-reconcavo-baiano\/","og_site_name":"CidadeMarketing","article_publisher":"https:\/\/www.facebook.com\/portalcidademarketing","article_author":"https:\/\/www.facebook.com\/thalesbrandao","article_published_time":"2020-08-30T15:30:56+00:00","article_modified_time":"2020-08-30T15:43:03+00:00","og_image":[{"width":829,"height":429,"url":"https:\/\/www.cidademarketing.com.br\/marketing\/wp-content\/uploads\/2020\/08\/terremoto_bahia_tremor.jpg","type":"image\/jpeg"}],"author":"Thales Brand\u00e3o","twitter_card":"summary_large_image","twitter_creator":"@http:\/\/www.twitter.com\/thalesbrandao","twitter_site":"@CidadeMarketing","twitter_misc":{"Escrito por":"Thales Brand\u00e3o","Est. tempo de leitura":"1 minuto"},"schema":{"@context":"https:\/\/schema.org","@graph":[{"@type":"Article","@id":"https:\/\/www.cidademarketing.com.br\/marketing\/2020\/08\/30\/terremoto-de-46-magnitude-e-registrado-na-bahia-mapa-do-centro-de-sismologia-da-usp-confirma-deteccao-sentida-pelos-moradores-na-regiao-do-reconcavo-baiano\/#article","isPartOf":{"@id":"https:\/\/www.cidademarketing.com.br\/marketing\/2020\/08\/30\/terremoto-de-46-magnitude-e-registrado-na-bahia-mapa-do-centro-de-sismologia-da-usp-confirma-deteccao-sentida-pelos-moradores-na-regiao-do-reconcavo-baiano\/"},"author":{"name":"Thales Brand\u00e3o","@id":"https:\/\/www.cidademarketing.com.br\/marketing\/#\/schema\/person\/02daff9f18bd9378c9e01eb6b2db155f"},"headline":"Terremoto de 4,6 magnitude \u00e9 registrado na Bahia; Mapa do Centro de Sismologia da USP confirma detec\u00e7\u00e3o sentida pelos moradores na regi\u00e3o do Rec\u00f4ncavo Baiano","datePublished":"2020-08-30T15:30:56+00:00","dateModified":"2020-08-30T15:43:03+00:00","mainEntityOfPage":{"@id":"https:\/\/www.cidademarketing.com.br\/marketing\/2020\/08\/30\/terremoto-de-46-magnitude-e-registrado-na-bahia-mapa-do-centro-de-sismologia-da-usp-confirma-deteccao-sentida-pelos-moradores-na-regiao-do-reconcavo-baiano\/"},"wordCount":217,"commentCount":0,"publisher":{"@id":"https:\/\/www.cidademarketing.com.br\/marketing\/#organization"},"image":{"@id":"https:\/\/www.cidademarketing.com.br\/marketing\/2020\/08\/30\/terremoto-de-46-magnitude-e-registrado-na-bahia-mapa-do-centro-de-sismologia-da-usp-confirma-deteccao-sentida-pelos-moradores-na-regiao-do-reconcavo-baiano\/#primaryimage"},"thumbnailUrl":"https:\/\/www.cidademarketing.com.br\/marketing\/wp-content\/uploads\/2020\/08\/terremoto_bahia_tremor.jpg","keywords":["Bahia","Salvador","terremoto"],"articleSection":["Not\u00edcias"],"inLanguage":"pt-BR","potentialAction":[{"@type":"CommentAction","name":"Comment","target":["https:\/\/www.cidademarketing.com.br\/marketing\/2020\/08\/30\/terremoto-de-46-magnitude-e-registrado-na-bahia-mapa-do-centro-de-sismologia-da-usp-confirma-deteccao-sentida-pelos-moradores-na-regiao-do-reconcavo-baiano\/#respond"]}]},{"@type":"WebPage","@id":"https:\/\/www.cidademarketing.com.br\/marketing\/2020\/08\/30\/terremoto-de-46-magnitude-e-registrado-na-bahia-mapa-do-centro-de-sismologia-da-usp-confirma-deteccao-sentida-pelos-moradores-na-regiao-do-reconcavo-baiano\/","url":"https:\/\/www.cidademarketing.com.br\/marketing\/2020\/08\/30\/terremoto-de-46-magnitude-e-registrado-na-bahia-mapa-do-centro-de-sismologia-da-usp-confirma-deteccao-sentida-pelos-moradores-na-regiao-do-reconcavo-baiano\/","name":"Terremoto de 4,6 magnitude \u00e9 registrado na Bahia; Mapa do Centro de Sismologia da USP confirma detec\u00e7\u00e3o sentida pelos moradores na regi\u00e3o do Rec\u00f4ncavo Baiano - CidadeMarketing","isPartOf":{"@id":"https:\/\/www.cidademarketing.com.br\/marketing\/#website"},"primaryImageOfPage":{"@id":"https:\/\/www.cidademarketing.com.br\/marketing\/2020\/08\/30\/terremoto-de-46-magnitude-e-registrado-na-bahia-mapa-do-centro-de-sismologia-da-usp-confirma-deteccao-sentida-pelos-moradores-na-regiao-do-reconcavo-baiano\/#primaryimage"},"image":{"@id":"https:\/\/www.cidademarketing.com.br\/marketing\/2020\/08\/30\/terremoto-de-46-magnitude-e-registrado-na-bahia-mapa-do-centro-de-sismologia-da-usp-confirma-deteccao-sentida-pelos-moradores-na-regiao-do-reconcavo-baiano\/#primaryimage"},"thumbnailUrl":"https:\/\/www.cidademarketing.com.br\/marketing\/wp-content\/uploads\/2020\/08\/terremoto_bahia_tremor.jpg","datePublished":"2020-08-30T15:30:56+00:00","dateModified":"2020-08-30T15:43:03+00:00","breadcrumb":{"@id":"https:\/\/www.cidademarketing.com.br\/marketing\/2020\/08\/30\/terremoto-de-46-magnitude-e-registrado-na-bahia-mapa-do-centro-de-sismologia-da-usp-confirma-deteccao-sentida-pelos-moradores-na-regiao-do-reconcavo-baiano\/#breadcrumb"},"inLanguage":"pt-BR","potentialAction":[{"@type":"ReadAction","target":["https:\/\/www.cidademarketing.com.br\/marketing\/2020\/08\/30\/terremoto-de-46-magnitude-e-registrado-na-bahia-mapa-do-centro-de-sismologia-da-usp-confirma-deteccao-sentida-pelos-moradores-na-regiao-do-reconcavo-baiano\/"]}]},{"@type":"ImageObject","inLanguage":"pt-BR","@id":"https:\/\/www.cidademarketing.com.br\/marketing\/2020\/08\/30\/terremoto-de-46-magnitude-e-registrado-na-bahia-mapa-do-centro-de-sismologia-da-usp-confirma-deteccao-sentida-pelos-moradores-na-regiao-do-reconcavo-baiano\/#primaryimage","url":"https:\/\/www.cidademarketing.com.br\/marketing\/wp-content\/uploads\/2020\/08\/terremoto_bahia_tremor.jpg","contentUrl":"https:\/\/www.cidademarketing.com.br\/marketing\/wp-content\/uploads\/2020\/08\/terremoto_bahia_tremor.jpg","width":829,"height":429},{"@type":"BreadcrumbList","@id":"https:\/\/www.cidademarketing.com.br\/marketing\/2020\/08\/30\/terremoto-de-46-magnitude-e-registrado-na-bahia-mapa-do-centro-de-sismologia-da-usp-confirma-deteccao-sentida-pelos-moradores-na-regiao-do-reconcavo-baiano\/#breadcrumb","itemListElement":[{"@type":"ListItem","position":1,"name":"In\u00edcio","item":"https:\/\/www.cidademarketing.com.br\/marketing\/"},{"@type":"ListItem","position":2,"name":"Terremoto de 4,6 magnitude \u00e9 registrado na Bahia; Mapa do Centro de Sismologia da USP confirma detec\u00e7\u00e3o sentida pelos moradores na regi\u00e3o do Rec\u00f4ncavo Baiano"}]},{"@type":"WebSite","@id":"https:\/\/www.cidademarketing.com.br\/marketing\/#website","url":"https:\/\/www.cidademarketing.com.br\/marketing\/","name":"CidadeMarketing","description":"Somos um ve\u00edculo de comunica\u00e7\u00e3o de destaque no Brasil, reconhecido por conte\u00fados nos segmentos de marketing, empreendedorismo e inova\u00e7\u00e3o.","publisher":{"@id":"https:\/\/www.cidademarketing.com.br\/marketing\/#organization"},"alternateName":"CidadeMarketing","potentialAction":[{"@type":"SearchAction","target":{"@type":"EntryPoint","urlTemplate":"https:\/\/www.cidademarketing.com.br\/marketing\/?s={search_term_string}"},"query-input":{"@type":"PropertyValueSpecification","valueRequired":true,"valueName":"search_term_string"}}],"inLanguage":"pt-BR"},{"@type":"Organization","@id":"https:\/\/www.cidademarketing.com.br\/marketing\/#organization","name":"CidadeMarketing","alternateName":"CidadeMarketing","url":"https:\/\/www.cidademarketing.com.br\/marketing\/","logo":{"@type":"ImageObject","inLanguage":"pt-BR","@id":"https:\/\/www.cidademarketing.com.br\/marketing\/#\/schema\/logo\/image\/","url":"https:\/\/www.cidademarketing.com.br\/marketing\/wp-content\/uploads\/2020\/01\/cidademarketing_marca_mobile.png","contentUrl":"https:\/\/www.cidademarketing.com.br\/marketing\/wp-content\/uploads\/2020\/01\/cidademarketing_marca_mobile.png","width":230,"height":92,"caption":"CidadeMarketing"},"image":{"@id":"https:\/\/www.cidademarketing.com.br\/marketing\/#\/schema\/logo\/image\/"},"sameAs":["https:\/\/www.facebook.com\/portalcidademarketing","https:\/\/x.com\/CidadeMarketing","https:\/\/www.instagram.com\/cidademarketing\/"]},{"@type":"Person","@id":"https:\/\/www.cidademarketing.com.br\/marketing\/#\/schema\/person\/02daff9f18bd9378c9e01eb6b2db155f","name":"Thales Brand\u00e3o","image":{"@type":"ImageObject","inLanguage":"pt-BR","@id":"https:\/\/secure.gravatar.com\/avatar\/7ca3206950207cc3cb48feec56a8a7898741ab725c368d99d5d7a5a50aab80c6?s=96&d=mm&r=g","url":"https:\/\/secure.gravatar.com\/avatar\/7ca3206950207cc3cb48feec56a8a7898741ab725c368d99d5d7a5a50aab80c6?s=96&d=mm&r=g","contentUrl":"https:\/\/secure.gravatar.com\/avatar\/7ca3206950207cc3cb48feec56a8a7898741ab725c368d99d5d7a5a50aab80c6?s=96&d=mm&r=g","caption":"Thales Brand\u00e3o"},"description":"Editor Executivo do Portal CidadeMarketing.com.br &gt; Mestre em Comunica\u00e7\u00e3o e Sociedade pela Universidade Federal de Sergipe. Possui MBA Executivo em Administra\u00e7\u00e3o com \u00eanfase em Marketing pela Funda\u00e7\u00e3o Get\u00falio Vargas - Rio de Janeiro. Consultor, Palestrante e Pesquisador sobre Empreendedorismo, Marketing, Redes Sociais e Neg\u00f3cios Digitais. Professor, Palestrante TedxTalks e Campus Party. Twitter: @ThalesBrandao","sameAs":["http:\/\/www.mandacaru.com.br","https:\/\/www.facebook.com\/thalesbrandao","http:\/\/www.instagram.com.br\/thalesbrandaoferreira","https:\/\/www.linkedin.com\/in\/thales-brand\u00e3o-3948609\/","https:\/\/x.com\/http:\/\/www.twitter.com\/thalesbrandao"],"url":"https:\/\/www.cidademarketing.com.br\/marketing\/author\/thalesbrandao\/"}]}},"amp_enabled":true,"_links":{"self":[{"href":"https:\/\/www.cidademarketing.com.br\/marketing\/wp-json\/wp\/v2\/posts\/18445","targetHints":{"allow":["GET"]}}],"collection":[{"href":"https:\/\/www.cidademarketing.com.br\/marketing\/wp-json\/wp\/v2\/posts"}],"about":[{"href":"https:\/\/www.cidademarketing.com.br\/marketing\/wp-json\/wp\/v2\/types\/post"}],"author":[{"embeddable":true,"href":"https:\/\/www.cidademarketing.com.br\/marketing\/wp-json\/wp\/v2\/users\/1"}],"replies":[{"embeddable":true,"href":"https:\/\/www.cidademarketing.com.br\/marketing\/wp-json\/wp\/v2\/comments?post=18445"}],"version-history":[{"count":1,"href":"https:\/\/www.cidademarketing.com.br\/marketing\/wp-json\/wp\/v2\/posts\/18445\/revisions"}],"predecessor-version":[{"id":18449,"href":"https:\/\/www.cidademarketing.com.br\/marketing\/wp-json\/wp\/v2\/posts\/18445\/revisions\/18449"}],"wp:featuredmedia":[{"embeddable":true,"href":"https:\/\/www.cidademarketing.com.br\/marketing\/wp-json\/wp\/v2\/media\/18448"}],"wp:attachment":[{"href":"https:\/\/www.cidademarketing.com.br\/marketing\/wp-json\/wp\/v2\/media?parent=18445"}],"wp:term":[{"taxonomy":"category","embeddable":true,"href":"https:\/\/www.cidademarketing.com.br\/marketing\/wp-json\/wp\/v2\/categories?post=18445"},{"taxonomy":"post_tag","embeddable":true,"href":"https:\/\/www.cidademarketing.com.br\/marketing\/wp-json\/wp\/v2\/tags?post=18445"}],"curies":[{"name":"wp","href":"https:\/\/api.w.org\/{rel}","templated":true}]}}