{"id":18436,"date":"2020-08-30T12:04:30","date_gmt":"2020-08-30T15:04:30","guid":{"rendered":"https:\/\/www.cidademarketing.com.br\/marketing\/?p=18436"},"modified":"2020-08-30T12:08:19","modified_gmt":"2020-08-30T15:08:19","slug":"bahia-prorrogado-ate-13-de-setembro-decreto-que-proibe-aulas-eventos-e-aglomeracoes","status":"publish","type":"post","link":"https:\/\/www.cidademarketing.com.br\/marketing\/2020\/08\/30\/bahia-prorrogado-ate-13-de-setembro-decreto-que-proibe-aulas-eventos-e-aglomeracoes\/","title":{"rendered":"Bahia: Prorrogado at\u00e9 13 de setembro decreto que pro\u00edbe aulas, eventos e aglomera\u00e7\u00f5es"},"content":{"rendered":"\n<p>Aulas nas unidades de ensino das redes p\u00fablica e privada e eventos com mais de 50 pessoas seguem proibidos em toda a Bahia. O decreto estadual n\u00b0 19.586, que determina a proibi\u00e7\u00e3o das atividades e venceria neste domingo (30), ficar\u00e1 em vigor at\u00e9 o dia 13 de setembro.<\/p>\n\n\n\n<p>A prorroga\u00e7\u00e3o ser\u00e1 publicada no Di\u00e1rio Oficial do Estado (DOE) deste s\u00e1bado (29). O decreto pro\u00edbe as atividades que envolvem aglomera\u00e7\u00e3o de pessoas, como shows, feiras, apresenta\u00e7\u00f5es circenses, eventos cient\u00edficos, passeatas, bem como abertura e funcionamento de zool\u00f3gicos, museus, teatros, dentre outros.<\/p>\n\n\n\n<h3 class=\"wp-block-heading\">Transporte intermunicipal<\/h3>\n\n\n\n<p>A prorroga\u00e7\u00e3o envolve ainda a suspens\u00e3o do transporte coletivo intermunicipal em diversas cidades baianas com registros recentes (menos de 14 dias) de casos da Covid-19. Continuam suspensas nesses munic\u00edpios a circula\u00e7\u00e3o, sa\u00edda e chegada de qualquer transporte coletivo intermunicipal, p\u00fablico e privado, rodovi\u00e1rio e hidrovi\u00e1rio, nas modalidades regular, fretamento, complementar, alternativo e de vans.<\/p>\n\n\n\n<p>A publica\u00e7\u00e3o no DOE tamb\u00e9m acrescenta Itagua\u00e7u da Bahia \u00e0 lista de cidades com transporte suspenso. Por outro lado, autoriza a retomada do transporte intermunicipal em Brejol\u00e2ndia, Lajedo do Tabocal e Serra Dourada, cidades com 14 dias ou mais sem novos casos da doen\u00e7a.<\/p>\n\n\n\n<h3 class=\"wp-block-heading\">Lista de munic\u00edpios<\/h3>\n\n\n\n<p>No total, a Bahia possui 354 cidades com transporte suspenso. S\u00e3o elas: Aba\u00edra, Abar\u00e9, Acajutiba, Adustina, \u00c1gua Fria, Aiquara, Alcoba\u00e7a, Almadina, Amargosa, Am\u00e9rica Dourada, Anag\u00e9, Andara\u00ed, Andorinha, Angical, Anguera, Antas, Ant\u00f4nio Gon\u00e7alves, Apor\u00e1, Apuarema, Aracatu, Araci, Arataca, Aurelino Leal, Baian\u00f3polis, Baixa Grande, Banza\u00ea, Barra, Barra da Estiva, Barra do Cho\u00e7a, Barra do Mendes, Barra do Rocha, Barreiras, Barro Alto, Barro Preto, Barrocas, Belmonte, Belo Campo, Biritinga, Boa Nova, Boa Vista do Tupim, Bom Jesus da Lapa, Bom Jesus da Serra, Bonito, Boquira, Brej\u00f5es, Brotas de Maca\u00fabas, Brumado, Buerarema, Buritirama, Caatiba, Cabaceiras do Paragua\u00e7u, Cacul\u00e9, Ca\u00e9m, Caetanos, Caetit\u00e9, Cafarnaum, Caldeir\u00e3o Grande, Camac\u00e3, Camamu, Campo Alegre de Lourdes, Campo Formoso, Can\u00e1polis, Canarana, Canavieiras, Candeal, Candiba, C\u00e2ndido Sales, Cansan\u00e7\u00e3o, Canudos, Capela do Alto Alegre, Capim Grosso, Cara\u00edbas, Caravelas, Cardeal da Silva, Carinhanha, Casa Nova, Castro Alves, Catol\u00e2ndia, Central, Chorroch\u00f3, C\u00edcero Dantas, Cip\u00f3, Coaraci, Cocos, Concei\u00e7\u00e3o do Coit\u00e9, Conde, Conde\u00faba, Contendas do Sincor\u00e1, Cordeiros, Coribe, Coronel Jo\u00e3o S\u00e1, Correntina, Cotegipe, Cravol\u00e2ndia, Cris\u00f3polis, Crist\u00f3polis, Cura\u00e7\u00e1, D\u00e1rio Meira, Dom Bas\u00edlio, El\u00edsio Medrado, Encruzilhada, Entre Rios, Esplanada, Euclides da Cunha, Eun\u00e1polis, F\u00e1tima, Feira da Mata, Filad\u00e9lfia, Firmino Alves, Floresta Azul, Formosa do Rio Preto, Gandu, Gentio do Ouro, Gl\u00f3ria, Gongogi, Guanambi, Guaratinga, Heli\u00f3polis, Ia\u00e7u, Ibiassuc\u00ea, Ibicara\u00ed, Ibicu\u00ed, Ibipeba, Ibipitanga, Ibiquera, Ibirapitanga, Ibirapu\u00e3, Ibirataia, Ibitiara, Ibitit\u00e1, Ibotirama, Ichu, Igapor\u00e3, Igrapi\u00fana, Igua\u00ed, Ilh\u00e9us, Inhambupe, Ipia\u00fa, Ipir\u00e1, Irajuba, Iramaia, Iraquara, Irec\u00ea e Itabela.<\/p>\n\n\n\n<p>A restri\u00e7\u00e3o ainda inclui os munic\u00edpios de Itaberaba, Itabuna, Itacar\u00e9, Itaet\u00ea, Itagi, Itagib\u00e1, Itagimirim, Itagua\u00e7u da Bahia, Itaju do Col\u00f4nia, Itaju\u00edpe, Itamaraju, Itamari, Itamb\u00e9, Itanh\u00e9m, Itap\u00e9, Itapebi, Itapetinga, Itapicuru, Itapitanga, Itaquara, Itarantim, Itatim, Itiru\u00e7u, Iti\u00faba, Itoror\u00f3, Ituber\u00e1, Iuiu, Jaborandi, Jacaraci, Jacobina, Jaguaquara, Jaguarari, Janda\u00edra, Jequi\u00e9, Jeremoabo, Jiquiri\u00e7\u00e1, Jita\u00fana, Jo\u00e3o Dourado, Juazeiro, Jucuru\u00e7u, Jussara, Jussari, Lafaiete Coutinho, Laje, Lajed\u00e3o, Lajedinho, Lamar\u00e3o, Lap\u00e3o, Len\u00e7\u00f3is, Lic\u00ednio de Almeida, Livramento de Nossa Senhora, Lu\u00eds Eduardo Magalh\u00e3es, Macajuba, Macarani, Maca\u00fabas, Macurur\u00e9, Maetinga, Maiquinique, Mairi, Malhada, Malhada de Pedras, Manoel Vitorino, Mansid\u00e3o, Marac\u00e1s, Mara\u00fa, Marcion\u00edlio Souza, Mascote, Matina, Medeiros Neto, Miguel Calmon, Milagres, Mirangaba, Mirante, Monte Santo, Morpar\u00e1, Morro do Chap\u00e9u, Mortugaba, Mucug\u00ea, Mucuri, Mulungu do Morro, Mundo Novo, Muqu\u00e9m do S\u00e3o Francisco, Mutu\u00edpe, Nilo Pe\u00e7anha, Nordestina, Nova Cana\u00e3, Nova F\u00e1tima, Nova Ibi\u00e1, Nova Itarana, Nova Reden\u00e7\u00e3o, Nova Soure, Nova Vi\u00e7osa, Novo Triunfo, Olindina, Oliveira dos Brejinhos, Ouri\u00e7angas, Ourol\u00e2ndia, Palmeiras, Paramirim, Paratinga, Paripiranga, Pau Brasil, Paulo Afonso, P\u00e9 de Serra, Pedro Alexandre, Piat\u00e3, Pil\u00e3o Arcado, Pinda\u00ed, Pindoba\u00e7u, Pintadas, Pira\u00ed do Norte, Pirip\u00e1, Piritiba, Planaltino, Planalto, Po\u00e7\u00f5es, Ponto Novo, Porto Seguro, Potiragu\u00e1, Prado, Presidente Dutra, Presidente J\u00e2nio Quadros, Presidente Tancredo Neves, Queimadas, Quijingue, Quixabeira, Rafael Jambeiro, Remanso, Retirol\u00e2ndia, Riach\u00e3o das Neves, Riach\u00e3o do Jacu\u00edpe e Riacho de Santana.<\/p>\n\n\n\n<p>Tamb\u00e9m est\u00e3o com transporte suspenso Ribeira do Amparo, Ribeira do Pombal, Ribeir\u00e3o do Largo, Rio de Contas, Rio do Ant\u00f4nio, Rio do Pires, Rio Real, Rodelas, Ruy Barbosa, Salinas da Margarida, Santa B\u00e1rbara, Santa Br\u00edgida, Santa Cruz Cabr\u00e1lia, Santa Cruz da Vit\u00f3ria, Santa In\u00eas, Santa Luzia, Santa Maria da Vit\u00f3ria, Santa Rita de C\u00e1ssia, Santa Teresinha, Santaluz, Santana, Santan\u00f3polis, S\u00e3o Desid\u00e9rio, S\u00e3o Domingos, S\u00e3o F\u00e9lix do Coribe, S\u00e3o Gabriel, S\u00e3o Jos\u00e9 da Vit\u00f3ria, S\u00e3o Jos\u00e9 do Jacu\u00edpe, S\u00e3o Miguel das Matas, Sapea\u00e7u, S\u00e1tiro Dias, Sa\u00fade, Seabra, Sebasti\u00e3o Laranjeiras, Senhor do Bonfim, Sento S\u00e9, Serra do Ramalho, Serra Preta, Serrinha, Serrol\u00e2ndia, S\u00edtio do Mato, S\u00edtio do Quinto, Sobradinho, Souto Soares, Tabocas do Brejo Velho, Tanha\u00e7u, Tanque Novo, Tanquinho, Tapero\u00e1, Tapiramut\u00e1, Teixeira de Freitas, Teofil\u00e2ndia, Teol\u00e2ndia, Terra Nova, Tremedal, Tucano, Uau\u00e1, Uba\u00edra, Ubaitaba, Ubat\u00e3, Uiba\u00ed, Umburanas, Una, Urandi, Uru\u00e7uca, Utinga, Valen\u00e7a, Valente, V\u00e1rzea da Ro\u00e7a, V\u00e1rzea do Po\u00e7o, V\u00e1rzea Nova, Varzedo, Vereda, Vit\u00f3ria da Conquista, Wagner, Wanderley, Wenceslau Guimar\u00e3es e Xique-Xique.<\/p>\n\n\n\n<p>CidadeMarketing com informa\u00e7\u00f5es do Governo da Bahia.<\/p>\n","protected":false},"excerpt":{"rendered":"<p>Aulas nas unidades de ensino das redes p\u00fablica e privada e eventos com mais de 50 pessoas seguem proibidos em toda a Bahia. O decreto estadual n\u00b0 19.586, que determina a proibi\u00e7\u00e3o das atividades e venceria neste domingo (30), ficar\u00e1 em vigor at\u00e9 o dia 13 de setembro. A prorroga\u00e7\u00e3o ser\u00e1 publicada no Di\u00e1rio Oficial [&hellip;]<\/p>\n","protected":false},"author":1,"featured_media":18437,"comment_status":"open","ping_status":"open","sticky":false,"template":"","format":"standard","meta":{"tdm_status":"","tdm_grid_status":"","footnotes":""},"categories":[6],"tags":[573,2864,33,2935],"class_list":["post-18436","post","type-post","status-publish","format-standard","has-post-thumbnail","hentry","category-noticias","tag-bahia","tag-covid-19","tag-estrategia","tag-pandemia"],"yoast_head":"<!-- This site is optimized with the Yoast SEO plugin v27.5 - https:\/\/yoast.com\/product\/yoast-seo-wordpress\/ -->\n<title>Bahia: Prorrogado at\u00e9 13 de setembro decreto que pro\u00edbe aulas, eventos e aglomera\u00e7\u00f5es - CidadeMarketing<\/title>\n<meta name=\"robots\" content=\"index, follow, max-snippet:-1, max-image-preview:large, max-video-preview:-1\" \/>\n<link rel=\"canonical\" href=\"https:\/\/www.cidademarketing.com.br\/marketing\/2020\/08\/30\/bahia-prorrogado-ate-13-de-setembro-decreto-que-proibe-aulas-eventos-e-aglomeracoes\/\" \/>\n<meta property=\"og:locale\" content=\"pt_BR\" \/>\n<meta property=\"og:type\" content=\"article\" \/>\n<meta property=\"og:title\" content=\"Bahia: Prorrogado at\u00e9 13 de setembro decreto que pro\u00edbe aulas, eventos e aglomera\u00e7\u00f5es - CidadeMarketing\" \/>\n<meta property=\"og:description\" content=\"Aulas nas unidades de ensino das redes p\u00fablica e privada e eventos com mais de 50 pessoas seguem proibidos em toda a Bahia. O decreto estadual n\u00b0 19.586, que determina a proibi\u00e7\u00e3o das atividades e venceria neste domingo (30), ficar\u00e1 em vigor at\u00e9 o dia 13 de setembro. A prorroga\u00e7\u00e3o ser\u00e1 publicada no Di\u00e1rio Oficial [&hellip;]\" \/>\n<meta property=\"og:url\" content=\"https:\/\/www.cidademarketing.com.br\/marketing\/2020\/08\/30\/bahia-prorrogado-ate-13-de-setembro-decreto-que-proibe-aulas-eventos-e-aglomeracoes\/\" \/>\n<meta property=\"og:site_name\" content=\"CidadeMarketing\" \/>\n<meta property=\"article:publisher\" content=\"https:\/\/www.facebook.com\/portalcidademarketing\" \/>\n<meta property=\"article:author\" content=\"https:\/\/www.facebook.com\/thalesbrandao\" \/>\n<meta property=\"article:published_time\" content=\"2020-08-30T15:04:30+00:00\" \/>\n<meta property=\"article:modified_time\" content=\"2020-08-30T15:08:19+00:00\" \/>\n<meta property=\"og:image\" content=\"https:\/\/www.cidademarketing.com.br\/marketing\/wp-content\/uploads\/2020\/08\/pelourinho_thalesbrandao-2-scaled.jpg\" \/>\n\t<meta property=\"og:image:width\" content=\"2560\" \/>\n\t<meta property=\"og:image:height\" content=\"1707\" \/>\n\t<meta property=\"og:image:type\" content=\"image\/jpeg\" \/>\n<meta name=\"author\" content=\"Thales Brand\u00e3o\" \/>\n<meta name=\"twitter:card\" content=\"summary_large_image\" \/>\n<meta name=\"twitter:creator\" content=\"@http:\/\/www.twitter.com\/thalesbrandao\" \/>\n<meta name=\"twitter:site\" content=\"@CidadeMarketing\" \/>\n<meta name=\"twitter:label1\" content=\"Escrito por\" \/>\n\t<meta name=\"twitter:data1\" content=\"Thales Brand\u00e3o\" \/>\n\t<meta name=\"twitter:label2\" content=\"Est. tempo de leitura\" \/>\n\t<meta name=\"twitter:data2\" content=\"5 minutos\" \/>\n<script type=\"application\/ld+json\" class=\"yoast-schema-graph\">{\"@context\":\"https:\\\/\\\/schema.org\",\"@graph\":[{\"@type\":\"Article\",\"@id\":\"https:\\\/\\\/www.cidademarketing.com.br\\\/marketing\\\/2020\\\/08\\\/30\\\/bahia-prorrogado-ate-13-de-setembro-decreto-que-proibe-aulas-eventos-e-aglomeracoes\\\/#article\",\"isPartOf\":{\"@id\":\"https:\\\/\\\/www.cidademarketing.com.br\\\/marketing\\\/2020\\\/08\\\/30\\\/bahia-prorrogado-ate-13-de-setembro-decreto-que-proibe-aulas-eventos-e-aglomeracoes\\\/\"},\"author\":{\"name\":\"Thales Brand\u00e3o\",\"@id\":\"https:\\\/\\\/www.cidademarketing.com.br\\\/marketing\\\/#\\\/schema\\\/person\\\/02daff9f18bd9378c9e01eb6b2db155f\"},\"headline\":\"Bahia: Prorrogado at\u00e9 13 de setembro decreto que pro\u00edbe aulas, eventos e aglomera\u00e7\u00f5es\",\"datePublished\":\"2020-08-30T15:04:30+00:00\",\"dateModified\":\"2020-08-30T15:08:19+00:00\",\"mainEntityOfPage\":{\"@id\":\"https:\\\/\\\/www.cidademarketing.com.br\\\/marketing\\\/2020\\\/08\\\/30\\\/bahia-prorrogado-ate-13-de-setembro-decreto-que-proibe-aulas-eventos-e-aglomeracoes\\\/\"},\"wordCount\":933,\"commentCount\":0,\"publisher\":{\"@id\":\"https:\\\/\\\/www.cidademarketing.com.br\\\/marketing\\\/#organization\"},\"image\":{\"@id\":\"https:\\\/\\\/www.cidademarketing.com.br\\\/marketing\\\/2020\\\/08\\\/30\\\/bahia-prorrogado-ate-13-de-setembro-decreto-que-proibe-aulas-eventos-e-aglomeracoes\\\/#primaryimage\"},\"thumbnailUrl\":\"https:\\\/\\\/www.cidademarketing.com.br\\\/marketing\\\/wp-content\\\/uploads\\\/2020\\\/08\\\/pelourinho_thalesbrandao-2-scaled.jpg\",\"keywords\":[\"Bahia\",\"covid-19\",\"estrat\u00e9gia\",\"pandemia\"],\"articleSection\":[\"Not\u00edcias\"],\"inLanguage\":\"pt-BR\",\"potentialAction\":[{\"@type\":\"CommentAction\",\"name\":\"Comment\",\"target\":[\"https:\\\/\\\/www.cidademarketing.com.br\\\/marketing\\\/2020\\\/08\\\/30\\\/bahia-prorrogado-ate-13-de-setembro-decreto-que-proibe-aulas-eventos-e-aglomeracoes\\\/#respond\"]}]},{\"@type\":\"WebPage\",\"@id\":\"https:\\\/\\\/www.cidademarketing.com.br\\\/marketing\\\/2020\\\/08\\\/30\\\/bahia-prorrogado-ate-13-de-setembro-decreto-que-proibe-aulas-eventos-e-aglomeracoes\\\/\",\"url\":\"https:\\\/\\\/www.cidademarketing.com.br\\\/marketing\\\/2020\\\/08\\\/30\\\/bahia-prorrogado-ate-13-de-setembro-decreto-que-proibe-aulas-eventos-e-aglomeracoes\\\/\",\"name\":\"Bahia: Prorrogado at\u00e9 13 de setembro decreto que pro\u00edbe aulas, eventos e aglomera\u00e7\u00f5es - CidadeMarketing\",\"isPartOf\":{\"@id\":\"https:\\\/\\\/www.cidademarketing.com.br\\\/marketing\\\/#website\"},\"primaryImageOfPage\":{\"@id\":\"https:\\\/\\\/www.cidademarketing.com.br\\\/marketing\\\/2020\\\/08\\\/30\\\/bahia-prorrogado-ate-13-de-setembro-decreto-que-proibe-aulas-eventos-e-aglomeracoes\\\/#primaryimage\"},\"image\":{\"@id\":\"https:\\\/\\\/www.cidademarketing.com.br\\\/marketing\\\/2020\\\/08\\\/30\\\/bahia-prorrogado-ate-13-de-setembro-decreto-que-proibe-aulas-eventos-e-aglomeracoes\\\/#primaryimage\"},\"thumbnailUrl\":\"https:\\\/\\\/www.cidademarketing.com.br\\\/marketing\\\/wp-content\\\/uploads\\\/2020\\\/08\\\/pelourinho_thalesbrandao-2-scaled.jpg\",\"datePublished\":\"2020-08-30T15:04:30+00:00\",\"dateModified\":\"2020-08-30T15:08:19+00:00\",\"breadcrumb\":{\"@id\":\"https:\\\/\\\/www.cidademarketing.com.br\\\/marketing\\\/2020\\\/08\\\/30\\\/bahia-prorrogado-ate-13-de-setembro-decreto-que-proibe-aulas-eventos-e-aglomeracoes\\\/#breadcrumb\"},\"inLanguage\":\"pt-BR\",\"potentialAction\":[{\"@type\":\"ReadAction\",\"target\":[\"https:\\\/\\\/www.cidademarketing.com.br\\\/marketing\\\/2020\\\/08\\\/30\\\/bahia-prorrogado-ate-13-de-setembro-decreto-que-proibe-aulas-eventos-e-aglomeracoes\\\/\"]}]},{\"@type\":\"ImageObject\",\"inLanguage\":\"pt-BR\",\"@id\":\"https:\\\/\\\/www.cidademarketing.com.br\\\/marketing\\\/2020\\\/08\\\/30\\\/bahia-prorrogado-ate-13-de-setembro-decreto-que-proibe-aulas-eventos-e-aglomeracoes\\\/#primaryimage\",\"url\":\"https:\\\/\\\/www.cidademarketing.com.br\\\/marketing\\\/wp-content\\\/uploads\\\/2020\\\/08\\\/pelourinho_thalesbrandao-2-scaled.jpg\",\"contentUrl\":\"https:\\\/\\\/www.cidademarketing.com.br\\\/marketing\\\/wp-content\\\/uploads\\\/2020\\\/08\\\/pelourinho_thalesbrandao-2-scaled.jpg\",\"width\":2560,\"height\":1707,\"caption\":\"Foto: Thales Brand\u00e3o. Pelourinho - Salvador - Bahia\"},{\"@type\":\"BreadcrumbList\",\"@id\":\"https:\\\/\\\/www.cidademarketing.com.br\\\/marketing\\\/2020\\\/08\\\/30\\\/bahia-prorrogado-ate-13-de-setembro-decreto-que-proibe-aulas-eventos-e-aglomeracoes\\\/#breadcrumb\",\"itemListElement\":[{\"@type\":\"ListItem\",\"position\":1,\"name\":\"In\u00edcio\",\"item\":\"https:\\\/\\\/www.cidademarketing.com.br\\\/marketing\\\/\"},{\"@type\":\"ListItem\",\"position\":2,\"name\":\"Bahia: Prorrogado at\u00e9 13 de setembro decreto que pro\u00edbe aulas, eventos e aglomera\u00e7\u00f5es\"}]},{\"@type\":\"WebSite\",\"@id\":\"https:\\\/\\\/www.cidademarketing.com.br\\\/marketing\\\/#website\",\"url\":\"https:\\\/\\\/www.cidademarketing.com.br\\\/marketing\\\/\",\"name\":\"CidadeMarketing\",\"description\":\"Somos um ve\u00edculo de comunica\u00e7\u00e3o de destaque no Brasil, reconhecido por conte\u00fados nos segmentos de marketing, empreendedorismo e inova\u00e7\u00e3o.\",\"publisher\":{\"@id\":\"https:\\\/\\\/www.cidademarketing.com.br\\\/marketing\\\/#organization\"},\"alternateName\":\"CidadeMarketing\",\"potentialAction\":[{\"@type\":\"SearchAction\",\"target\":{\"@type\":\"EntryPoint\",\"urlTemplate\":\"https:\\\/\\\/www.cidademarketing.com.br\\\/marketing\\\/?s={search_term_string}\"},\"query-input\":{\"@type\":\"PropertyValueSpecification\",\"valueRequired\":true,\"valueName\":\"search_term_string\"}}],\"inLanguage\":\"pt-BR\"},{\"@type\":\"Organization\",\"@id\":\"https:\\\/\\\/www.cidademarketing.com.br\\\/marketing\\\/#organization\",\"name\":\"CidadeMarketing\",\"alternateName\":\"CidadeMarketing\",\"url\":\"https:\\\/\\\/www.cidademarketing.com.br\\\/marketing\\\/\",\"logo\":{\"@type\":\"ImageObject\",\"inLanguage\":\"pt-BR\",\"@id\":\"https:\\\/\\\/www.cidademarketing.com.br\\\/marketing\\\/#\\\/schema\\\/logo\\\/image\\\/\",\"url\":\"https:\\\/\\\/www.cidademarketing.com.br\\\/marketing\\\/wp-content\\\/uploads\\\/2020\\\/01\\\/cidademarketing_marca_mobile.png\",\"contentUrl\":\"https:\\\/\\\/www.cidademarketing.com.br\\\/marketing\\\/wp-content\\\/uploads\\\/2020\\\/01\\\/cidademarketing_marca_mobile.png\",\"width\":230,\"height\":92,\"caption\":\"CidadeMarketing\"},\"image\":{\"@id\":\"https:\\\/\\\/www.cidademarketing.com.br\\\/marketing\\\/#\\\/schema\\\/logo\\\/image\\\/\"},\"sameAs\":[\"https:\\\/\\\/www.facebook.com\\\/portalcidademarketing\",\"https:\\\/\\\/x.com\\\/CidadeMarketing\",\"https:\\\/\\\/www.instagram.com\\\/cidademarketing\\\/\"]},{\"@type\":\"Person\",\"@id\":\"https:\\\/\\\/www.cidademarketing.com.br\\\/marketing\\\/#\\\/schema\\\/person\\\/02daff9f18bd9378c9e01eb6b2db155f\",\"name\":\"Thales Brand\u00e3o\",\"image\":{\"@type\":\"ImageObject\",\"inLanguage\":\"pt-BR\",\"@id\":\"https:\\\/\\\/secure.gravatar.com\\\/avatar\\\/7ca3206950207cc3cb48feec56a8a7898741ab725c368d99d5d7a5a50aab80c6?s=96&d=mm&r=g\",\"url\":\"https:\\\/\\\/secure.gravatar.com\\\/avatar\\\/7ca3206950207cc3cb48feec56a8a7898741ab725c368d99d5d7a5a50aab80c6?s=96&d=mm&r=g\",\"contentUrl\":\"https:\\\/\\\/secure.gravatar.com\\\/avatar\\\/7ca3206950207cc3cb48feec56a8a7898741ab725c368d99d5d7a5a50aab80c6?s=96&d=mm&r=g\",\"caption\":\"Thales Brand\u00e3o\"},\"description\":\"Editor Executivo do Portal CidadeMarketing.com.br &gt; Mestre em Comunica\u00e7\u00e3o e Sociedade pela Universidade Federal de Sergipe. Possui MBA Executivo em Administra\u00e7\u00e3o com \u00eanfase em Marketing pela Funda\u00e7\u00e3o Get\u00falio Vargas - Rio de Janeiro. Consultor, Palestrante e Pesquisador sobre Empreendedorismo, Marketing, Redes Sociais e Neg\u00f3cios Digitais. Professor, Palestrante TedxTalks e Campus Party. Twitter: @ThalesBrandao\",\"sameAs\":[\"http:\\\/\\\/www.mandacaru.com.br\",\"https:\\\/\\\/www.facebook.com\\\/thalesbrandao\",\"http:\\\/\\\/www.instagram.com.br\\\/thalesbrandaoferreira\",\"https:\\\/\\\/www.linkedin.com\\\/in\\\/thales-brand\u00e3o-3948609\\\/\",\"https:\\\/\\\/x.com\\\/http:\\\/\\\/www.twitter.com\\\/thalesbrandao\"],\"url\":\"https:\\\/\\\/www.cidademarketing.com.br\\\/marketing\\\/author\\\/thalesbrandao\\\/\"}]}<\/script>\n<!-- \/ Yoast SEO plugin. -->","yoast_head_json":{"title":"Bahia: Prorrogado at\u00e9 13 de setembro decreto que pro\u00edbe aulas, eventos e aglomera\u00e7\u00f5es - CidadeMarketing","robots":{"index":"index","follow":"follow","max-snippet":"max-snippet:-1","max-image-preview":"max-image-preview:large","max-video-preview":"max-video-preview:-1"},"canonical":"https:\/\/www.cidademarketing.com.br\/marketing\/2020\/08\/30\/bahia-prorrogado-ate-13-de-setembro-decreto-que-proibe-aulas-eventos-e-aglomeracoes\/","og_locale":"pt_BR","og_type":"article","og_title":"Bahia: Prorrogado at\u00e9 13 de setembro decreto que pro\u00edbe aulas, eventos e aglomera\u00e7\u00f5es - CidadeMarketing","og_description":"Aulas nas unidades de ensino das redes p\u00fablica e privada e eventos com mais de 50 pessoas seguem proibidos em toda a Bahia. O decreto estadual n\u00b0 19.586, que determina a proibi\u00e7\u00e3o das atividades e venceria neste domingo (30), ficar\u00e1 em vigor at\u00e9 o dia 13 de setembro. A prorroga\u00e7\u00e3o ser\u00e1 publicada no Di\u00e1rio Oficial [&hellip;]","og_url":"https:\/\/www.cidademarketing.com.br\/marketing\/2020\/08\/30\/bahia-prorrogado-ate-13-de-setembro-decreto-que-proibe-aulas-eventos-e-aglomeracoes\/","og_site_name":"CidadeMarketing","article_publisher":"https:\/\/www.facebook.com\/portalcidademarketing","article_author":"https:\/\/www.facebook.com\/thalesbrandao","article_published_time":"2020-08-30T15:04:30+00:00","article_modified_time":"2020-08-30T15:08:19+00:00","og_image":[{"width":2560,"height":1707,"url":"https:\/\/www.cidademarketing.com.br\/marketing\/wp-content\/uploads\/2020\/08\/pelourinho_thalesbrandao-2-scaled.jpg","type":"image\/jpeg"}],"author":"Thales Brand\u00e3o","twitter_card":"summary_large_image","twitter_creator":"@http:\/\/www.twitter.com\/thalesbrandao","twitter_site":"@CidadeMarketing","twitter_misc":{"Escrito por":"Thales Brand\u00e3o","Est. tempo de leitura":"5 minutos"},"schema":{"@context":"https:\/\/schema.org","@graph":[{"@type":"Article","@id":"https:\/\/www.cidademarketing.com.br\/marketing\/2020\/08\/30\/bahia-prorrogado-ate-13-de-setembro-decreto-que-proibe-aulas-eventos-e-aglomeracoes\/#article","isPartOf":{"@id":"https:\/\/www.cidademarketing.com.br\/marketing\/2020\/08\/30\/bahia-prorrogado-ate-13-de-setembro-decreto-que-proibe-aulas-eventos-e-aglomeracoes\/"},"author":{"name":"Thales Brand\u00e3o","@id":"https:\/\/www.cidademarketing.com.br\/marketing\/#\/schema\/person\/02daff9f18bd9378c9e01eb6b2db155f"},"headline":"Bahia: Prorrogado at\u00e9 13 de setembro decreto que pro\u00edbe aulas, eventos e aglomera\u00e7\u00f5es","datePublished":"2020-08-30T15:04:30+00:00","dateModified":"2020-08-30T15:08:19+00:00","mainEntityOfPage":{"@id":"https:\/\/www.cidademarketing.com.br\/marketing\/2020\/08\/30\/bahia-prorrogado-ate-13-de-setembro-decreto-que-proibe-aulas-eventos-e-aglomeracoes\/"},"wordCount":933,"commentCount":0,"publisher":{"@id":"https:\/\/www.cidademarketing.com.br\/marketing\/#organization"},"image":{"@id":"https:\/\/www.cidademarketing.com.br\/marketing\/2020\/08\/30\/bahia-prorrogado-ate-13-de-setembro-decreto-que-proibe-aulas-eventos-e-aglomeracoes\/#primaryimage"},"thumbnailUrl":"https:\/\/www.cidademarketing.com.br\/marketing\/wp-content\/uploads\/2020\/08\/pelourinho_thalesbrandao-2-scaled.jpg","keywords":["Bahia","covid-19","estrat\u00e9gia","pandemia"],"articleSection":["Not\u00edcias"],"inLanguage":"pt-BR","potentialAction":[{"@type":"CommentAction","name":"Comment","target":["https:\/\/www.cidademarketing.com.br\/marketing\/2020\/08\/30\/bahia-prorrogado-ate-13-de-setembro-decreto-que-proibe-aulas-eventos-e-aglomeracoes\/#respond"]}]},{"@type":"WebPage","@id":"https:\/\/www.cidademarketing.com.br\/marketing\/2020\/08\/30\/bahia-prorrogado-ate-13-de-setembro-decreto-que-proibe-aulas-eventos-e-aglomeracoes\/","url":"https:\/\/www.cidademarketing.com.br\/marketing\/2020\/08\/30\/bahia-prorrogado-ate-13-de-setembro-decreto-que-proibe-aulas-eventos-e-aglomeracoes\/","name":"Bahia: Prorrogado at\u00e9 13 de setembro decreto que pro\u00edbe aulas, eventos e aglomera\u00e7\u00f5es - CidadeMarketing","isPartOf":{"@id":"https:\/\/www.cidademarketing.com.br\/marketing\/#website"},"primaryImageOfPage":{"@id":"https:\/\/www.cidademarketing.com.br\/marketing\/2020\/08\/30\/bahia-prorrogado-ate-13-de-setembro-decreto-que-proibe-aulas-eventos-e-aglomeracoes\/#primaryimage"},"image":{"@id":"https:\/\/www.cidademarketing.com.br\/marketing\/2020\/08\/30\/bahia-prorrogado-ate-13-de-setembro-decreto-que-proibe-aulas-eventos-e-aglomeracoes\/#primaryimage"},"thumbnailUrl":"https:\/\/www.cidademarketing.com.br\/marketing\/wp-content\/uploads\/2020\/08\/pelourinho_thalesbrandao-2-scaled.jpg","datePublished":"2020-08-30T15:04:30+00:00","dateModified":"2020-08-30T15:08:19+00:00","breadcrumb":{"@id":"https:\/\/www.cidademarketing.com.br\/marketing\/2020\/08\/30\/bahia-prorrogado-ate-13-de-setembro-decreto-que-proibe-aulas-eventos-e-aglomeracoes\/#breadcrumb"},"inLanguage":"pt-BR","potentialAction":[{"@type":"ReadAction","target":["https:\/\/www.cidademarketing.com.br\/marketing\/2020\/08\/30\/bahia-prorrogado-ate-13-de-setembro-decreto-que-proibe-aulas-eventos-e-aglomeracoes\/"]}]},{"@type":"ImageObject","inLanguage":"pt-BR","@id":"https:\/\/www.cidademarketing.com.br\/marketing\/2020\/08\/30\/bahia-prorrogado-ate-13-de-setembro-decreto-que-proibe-aulas-eventos-e-aglomeracoes\/#primaryimage","url":"https:\/\/www.cidademarketing.com.br\/marketing\/wp-content\/uploads\/2020\/08\/pelourinho_thalesbrandao-2-scaled.jpg","contentUrl":"https:\/\/www.cidademarketing.com.br\/marketing\/wp-content\/uploads\/2020\/08\/pelourinho_thalesbrandao-2-scaled.jpg","width":2560,"height":1707,"caption":"Foto: Thales Brand\u00e3o. Pelourinho - Salvador - Bahia"},{"@type":"BreadcrumbList","@id":"https:\/\/www.cidademarketing.com.br\/marketing\/2020\/08\/30\/bahia-prorrogado-ate-13-de-setembro-decreto-que-proibe-aulas-eventos-e-aglomeracoes\/#breadcrumb","itemListElement":[{"@type":"ListItem","position":1,"name":"In\u00edcio","item":"https:\/\/www.cidademarketing.com.br\/marketing\/"},{"@type":"ListItem","position":2,"name":"Bahia: Prorrogado at\u00e9 13 de setembro decreto que pro\u00edbe aulas, eventos e aglomera\u00e7\u00f5es"}]},{"@type":"WebSite","@id":"https:\/\/www.cidademarketing.com.br\/marketing\/#website","url":"https:\/\/www.cidademarketing.com.br\/marketing\/","name":"CidadeMarketing","description":"Somos um ve\u00edculo de comunica\u00e7\u00e3o de destaque no Brasil, reconhecido por conte\u00fados nos segmentos de marketing, empreendedorismo e inova\u00e7\u00e3o.","publisher":{"@id":"https:\/\/www.cidademarketing.com.br\/marketing\/#organization"},"alternateName":"CidadeMarketing","potentialAction":[{"@type":"SearchAction","target":{"@type":"EntryPoint","urlTemplate":"https:\/\/www.cidademarketing.com.br\/marketing\/?s={search_term_string}"},"query-input":{"@type":"PropertyValueSpecification","valueRequired":true,"valueName":"search_term_string"}}],"inLanguage":"pt-BR"},{"@type":"Organization","@id":"https:\/\/www.cidademarketing.com.br\/marketing\/#organization","name":"CidadeMarketing","alternateName":"CidadeMarketing","url":"https:\/\/www.cidademarketing.com.br\/marketing\/","logo":{"@type":"ImageObject","inLanguage":"pt-BR","@id":"https:\/\/www.cidademarketing.com.br\/marketing\/#\/schema\/logo\/image\/","url":"https:\/\/www.cidademarketing.com.br\/marketing\/wp-content\/uploads\/2020\/01\/cidademarketing_marca_mobile.png","contentUrl":"https:\/\/www.cidademarketing.com.br\/marketing\/wp-content\/uploads\/2020\/01\/cidademarketing_marca_mobile.png","width":230,"height":92,"caption":"CidadeMarketing"},"image":{"@id":"https:\/\/www.cidademarketing.com.br\/marketing\/#\/schema\/logo\/image\/"},"sameAs":["https:\/\/www.facebook.com\/portalcidademarketing","https:\/\/x.com\/CidadeMarketing","https:\/\/www.instagram.com\/cidademarketing\/"]},{"@type":"Person","@id":"https:\/\/www.cidademarketing.com.br\/marketing\/#\/schema\/person\/02daff9f18bd9378c9e01eb6b2db155f","name":"Thales Brand\u00e3o","image":{"@type":"ImageObject","inLanguage":"pt-BR","@id":"https:\/\/secure.gravatar.com\/avatar\/7ca3206950207cc3cb48feec56a8a7898741ab725c368d99d5d7a5a50aab80c6?s=96&d=mm&r=g","url":"https:\/\/secure.gravatar.com\/avatar\/7ca3206950207cc3cb48feec56a8a7898741ab725c368d99d5d7a5a50aab80c6?s=96&d=mm&r=g","contentUrl":"https:\/\/secure.gravatar.com\/avatar\/7ca3206950207cc3cb48feec56a8a7898741ab725c368d99d5d7a5a50aab80c6?s=96&d=mm&r=g","caption":"Thales Brand\u00e3o"},"description":"Editor Executivo do Portal CidadeMarketing.com.br &gt; Mestre em Comunica\u00e7\u00e3o e Sociedade pela Universidade Federal de Sergipe. Possui MBA Executivo em Administra\u00e7\u00e3o com \u00eanfase em Marketing pela Funda\u00e7\u00e3o Get\u00falio Vargas - Rio de Janeiro. Consultor, Palestrante e Pesquisador sobre Empreendedorismo, Marketing, Redes Sociais e Neg\u00f3cios Digitais. Professor, Palestrante TedxTalks e Campus Party. Twitter: @ThalesBrandao","sameAs":["http:\/\/www.mandacaru.com.br","https:\/\/www.facebook.com\/thalesbrandao","http:\/\/www.instagram.com.br\/thalesbrandaoferreira","https:\/\/www.linkedin.com\/in\/thales-brand\u00e3o-3948609\/","https:\/\/x.com\/http:\/\/www.twitter.com\/thalesbrandao"],"url":"https:\/\/www.cidademarketing.com.br\/marketing\/author\/thalesbrandao\/"}]}},"amp_enabled":true,"_links":{"self":[{"href":"https:\/\/www.cidademarketing.com.br\/marketing\/wp-json\/wp\/v2\/posts\/18436","targetHints":{"allow":["GET"]}}],"collection":[{"href":"https:\/\/www.cidademarketing.com.br\/marketing\/wp-json\/wp\/v2\/posts"}],"about":[{"href":"https:\/\/www.cidademarketing.com.br\/marketing\/wp-json\/wp\/v2\/types\/post"}],"author":[{"embeddable":true,"href":"https:\/\/www.cidademarketing.com.br\/marketing\/wp-json\/wp\/v2\/users\/1"}],"replies":[{"embeddable":true,"href":"https:\/\/www.cidademarketing.com.br\/marketing\/wp-json\/wp\/v2\/comments?post=18436"}],"version-history":[{"count":2,"href":"https:\/\/www.cidademarketing.com.br\/marketing\/wp-json\/wp\/v2\/posts\/18436\/revisions"}],"predecessor-version":[{"id":18440,"href":"https:\/\/www.cidademarketing.com.br\/marketing\/wp-json\/wp\/v2\/posts\/18436\/revisions\/18440"}],"wp:featuredmedia":[{"embeddable":true,"href":"https:\/\/www.cidademarketing.com.br\/marketing\/wp-json\/wp\/v2\/media\/18437"}],"wp:attachment":[{"href":"https:\/\/www.cidademarketing.com.br\/marketing\/wp-json\/wp\/v2\/media?parent=18436"}],"wp:term":[{"taxonomy":"category","embeddable":true,"href":"https:\/\/www.cidademarketing.com.br\/marketing\/wp-json\/wp\/v2\/categories?post=18436"},{"taxonomy":"post_tag","embeddable":true,"href":"https:\/\/www.cidademarketing.com.br\/marketing\/wp-json\/wp\/v2\/tags?post=18436"}],"curies":[{"name":"wp","href":"https:\/\/api.w.org\/{rel}","templated":true}]}}