{"id":18322,"date":"2020-08-27T20:49:40","date_gmt":"2020-08-27T23:49:40","guid":{"rendered":"https:\/\/www.cidademarketing.com.br\/marketing\/?p=18322"},"modified":"2020-08-27T20:49:45","modified_gmt":"2020-08-27T23:49:45","slug":"loreal-paris-promove-live-dos-sonhos-para-destacar-familia-dos-sonhos-de-elseve","status":"publish","type":"post","link":"https:\/\/www.cidademarketing.com.br\/marketing\/2020\/08\/27\/loreal-paris-promove-live-dos-sonhos-para-destacar-familia-dos-sonhos-de-elseve\/","title":{"rendered":"L\u2019Or\u00e9al Paris promove \u201cLive dos Sonhos\u201d para destacar fam\u00edlia dos sonhos de Elseve"},"content":{"rendered":"\n<p>No pr\u00f3ximo dia 29\/08, \u00e0s 20h, a L\u2019Or\u00e9al Paris promove a #LiveDosSonhos, que marca a transi\u00e7\u00e3o da campanha de Elseve Longo dos Sonhos para Elseve Liso dos Sonhos. Com apresenta\u00e7\u00e3o de Larissa Manoela e participa\u00e7\u00e3o das cantoras e compositoras Anavit\u00f3ria e Giulia Be, a transmiss\u00e3o acontece simultaneamente na p\u00e1gina do UOL e da dupla formada por Ana Clara e Vit\u00f3ria Falc\u00e3o. Criada pela WMcCann, a a\u00e7\u00e3o faz parte de uma campanha que conta com filme na TV, m\u00eddia digital e estrat\u00e9gia de marketing de influ\u00eancia.<\/p>\n\n\n\n<p>\u201cO Elseve Longo dos Sonhos foi a maior inova\u00e7\u00e3o do mercado de hair care em 2019 e em 1 ano se transformou na maior franquia de L\u2019Or\u00e9al Paris\u201d, destaca Laura Parkinson, <em>diretora<\/em>&nbsp;da marca L\u00b4<em>Or\u00e9al Paris<\/em>&nbsp;Brasil. \u201cNosso objetivo \u00e9 continuar construindo esse sucesso com Liso dos Sonhos\u201d, finaliza.<\/p>\n\n\n\n<p>A transmiss\u00e3o ter\u00e1 um bate-papo leve entre Anavit\u00f3ria e Giulia Be, conduzido por Larissa Manoela, com m\u00fasica boa, product placement no cen\u00e1rio do est\u00fadio, merchans, brincadeiras e um Meet and Greet ap\u00f3s a live.<\/p>\n\n\n\n<p>J\u00e1 as pe\u00e7as da campanha destacam o novo Elseve Liso dos Sonhos, que possui f\u00f3rmula enriquecida com manteiga de cacau e queratina vegetal, componentes que proporcionam flexibilidade e elasticidade \u00e0 fibra capilar enquanto nutrem e um cabelo liso e sem frizz por 48h.<\/p>\n\n\n\n<p>A nova rotina capilar conta com o&nbsp;Shampoo Alinhador,&nbsp;que&nbsp;promove uma maior defini\u00e7\u00e3o dos lisos, o&nbsp;Condicionador Desmaia Fios,&nbsp;que nutre e alonga as mechas, e o&nbsp;Creme Extermina Frizz&nbsp;sem enx\u00e1gue que traz tecnologia anti umidade e antioleosidade, al\u00e9m de oferecer prote\u00e7\u00e3o t\u00e9rmica de at\u00e9 230\u00b0 graus.<\/p>\n\n\n\n<p><\/p>\n\n\n\n<figure class=\"wp-block-embed-youtube wp-block-embed is-type-video is-provider-youtube wp-embed-aspect-16-9 wp-has-aspect-ratio\"><div class=\"wp-block-embed__wrapper\">\n<div class=\"youtube-embed\" data-video_id=\"CeIECVMg2qk\"><iframe title=\"L&#039;Or\u00e9al Paris | Elseve Liso dos sonhos\" width=\"640\" height=\"360\" src=\"https:\/\/www.youtube.com\/embed\/CeIECVMg2qk?feature=oembed&#038;enablejsapi=1&#038;enablejsapi=1\" frameborder=\"0\" allow=\"accelerometer; autoplay; clipboard-write; encrypted-media; gyroscope; picture-in-picture; web-share\" referrerpolicy=\"strict-origin-when-cross-origin\" allowfullscreen><\/iframe><\/div>\n<\/div><\/figure>\n\n\n\n<p><strong>Ficha T\u00e9cnica:<\/strong><\/p>\n\n\n\n<p>Ag\u00eancia: WMcCann<br>Cliente: L\u2019Or\u00e9al Paris<\/p>\n\n\n\n<p>Produto: Elseve Liso dos Sonhos<br>Nome da campanha: Elseve Liso dos Sonhos<\/p>\n\n\n\n<p>CCO: Hugo Rodrigues e Kevin Zung<\/p>\n\n\n\n<p>VP Executivo e de Opera\u00e7\u00f5es e Diretor-Geral: Marcio Borges<\/p>\n\n\n\n<p>Dire\u00e7\u00e3o de cria\u00e7\u00e3o: Ricardo Weitsman, Jo\u00e3o Resende e Felipe Gomes<br>Cria\u00e7\u00e3o: Ana Rocha e Larissa Coelho<\/p>\n\n\n\n<p>CSO: Renata Bokel<\/p>\n\n\n\n<p>Planejamento: Luiza Portella e Mariana Valmor\u00e9<\/p>\n\n\n\n<p>Atendimento: Paula Nunes e Renata Milhas<\/p>\n\n\n\n<p>VP de M\u00eddia: Andr\u00e9 Fran\u00e7a<\/p>\n\n\n\n<p>M\u00eddia: Patricia Oliveira, Nat\u00e3 Franco e Naiana Grangeiro<\/p>\n\n\n\n<p>BI: Geisy Panisset, Ingrid Barros e Miguel Masuet<\/p>\n\n\n\n<p>VP de Produ\u00e7\u00e3o: Tato Bono<\/p>\n\n\n\n<p>RTV:&nbsp;Bianca Repsold, Mariana Veronez e Fernanda Pinheiro<\/p>\n\n\n\n<p>Projetos: Erika Casal, Isabela Ara\u00fajo e Lucas Gomes<\/p>\n\n\n\n<p>Rela\u00e7\u00f5es P\u00fablicas: Kerena Neves<\/p>\n\n\n\n<p>Aprova\u00e7\u00e3o pelo cliente: Laura Parkinson, Ana Carolina Jacome, Ruy Rodrigues, Ana Beatriz Moura<\/p>\n","protected":false},"excerpt":{"rendered":"<p>No pr\u00f3ximo dia 29\/08, \u00e0s 20h, a L\u2019Or\u00e9al Paris promove a #LiveDosSonhos, que marca a transi\u00e7\u00e3o da campanha de Elseve Longo dos Sonhos para Elseve Liso dos Sonhos. Com apresenta\u00e7\u00e3o de Larissa Manoela e participa\u00e7\u00e3o das cantoras e compositoras Anavit\u00f3ria e Giulia Be, a transmiss\u00e3o acontece simultaneamente na p\u00e1gina do UOL e da dupla formada [&hellip;]<\/p>\n","protected":false},"author":1,"featured_media":18323,"comment_status":"open","ping_status":"open","sticky":false,"template":"","format":"standard","meta":{"tdm_status":"","tdm_grid_status":"","footnotes":""},"categories":[14],"tags":[33,2392,28],"class_list":["post-18322","post","type-post","status-publish","format-standard","has-post-thumbnail","hentry","category-videos","tag-estrategia","tag-loreal-paris","tag-marketing"],"yoast_head":"<!-- This site is optimized with the Yoast SEO plugin v27.5 - https:\/\/yoast.com\/product\/yoast-seo-wordpress\/ -->\n<title>L\u2019Or\u00e9al Paris promove \u201cLive dos Sonhos\u201d para destacar fam\u00edlia dos sonhos de Elseve - CidadeMarketing<\/title>\n<meta name=\"robots\" content=\"index, follow, max-snippet:-1, max-image-preview:large, max-video-preview:-1\" \/>\n<link rel=\"canonical\" href=\"https:\/\/www.cidademarketing.com.br\/marketing\/2020\/08\/27\/loreal-paris-promove-live-dos-sonhos-para-destacar-familia-dos-sonhos-de-elseve\/\" \/>\n<meta property=\"og:locale\" content=\"pt_BR\" \/>\n<meta property=\"og:type\" content=\"article\" \/>\n<meta property=\"og:title\" content=\"L\u2019Or\u00e9al Paris promove \u201cLive dos Sonhos\u201d para destacar fam\u00edlia dos sonhos de Elseve - CidadeMarketing\" \/>\n<meta property=\"og:description\" content=\"No pr\u00f3ximo dia 29\/08, \u00e0s 20h, a L\u2019Or\u00e9al Paris promove a #LiveDosSonhos, que marca a transi\u00e7\u00e3o da campanha de Elseve Longo dos Sonhos para Elseve Liso dos Sonhos. Com apresenta\u00e7\u00e3o de Larissa Manoela e participa\u00e7\u00e3o das cantoras e compositoras Anavit\u00f3ria e Giulia Be, a transmiss\u00e3o acontece simultaneamente na p\u00e1gina do UOL e da dupla formada [&hellip;]\" \/>\n<meta property=\"og:url\" content=\"https:\/\/www.cidademarketing.com.br\/marketing\/2020\/08\/27\/loreal-paris-promove-live-dos-sonhos-para-destacar-familia-dos-sonhos-de-elseve\/\" \/>\n<meta property=\"og:site_name\" content=\"CidadeMarketing\" \/>\n<meta property=\"article:publisher\" content=\"https:\/\/www.facebook.com\/portalcidademarketing\" \/>\n<meta property=\"article:author\" content=\"https:\/\/www.facebook.com\/thalesbrandao\" \/>\n<meta property=\"article:published_time\" content=\"2020-08-27T23:49:40+00:00\" \/>\n<meta property=\"article:modified_time\" content=\"2020-08-27T23:49:45+00:00\" \/>\n<meta property=\"og:image\" content=\"https:\/\/www.cidademarketing.com.br\/marketing\/wp-content\/uploads\/2020\/08\/liso-dos-sonhos-1.png\" \/>\n\t<meta property=\"og:image:width\" content=\"1343\" \/>\n\t<meta property=\"og:image:height\" content=\"752\" \/>\n\t<meta property=\"og:image:type\" content=\"image\/png\" \/>\n<meta name=\"author\" content=\"Thales Brand\u00e3o\" \/>\n<meta name=\"twitter:card\" content=\"summary_large_image\" \/>\n<meta name=\"twitter:creator\" content=\"@http:\/\/www.twitter.com\/thalesbrandao\" \/>\n<meta name=\"twitter:site\" content=\"@CidadeMarketing\" \/>\n<meta name=\"twitter:label1\" content=\"Escrito por\" \/>\n\t<meta name=\"twitter:data1\" content=\"Thales Brand\u00e3o\" \/>\n\t<meta name=\"twitter:label2\" content=\"Est. tempo de leitura\" \/>\n\t<meta name=\"twitter:data2\" content=\"2 minutos\" \/>\n<script type=\"application\/ld+json\" class=\"yoast-schema-graph\">{\"@context\":\"https:\\\/\\\/schema.org\",\"@graph\":[{\"@type\":\"Article\",\"@id\":\"https:\\\/\\\/www.cidademarketing.com.br\\\/marketing\\\/2020\\\/08\\\/27\\\/loreal-paris-promove-live-dos-sonhos-para-destacar-familia-dos-sonhos-de-elseve\\\/#article\",\"isPartOf\":{\"@id\":\"https:\\\/\\\/www.cidademarketing.com.br\\\/marketing\\\/2020\\\/08\\\/27\\\/loreal-paris-promove-live-dos-sonhos-para-destacar-familia-dos-sonhos-de-elseve\\\/\"},\"author\":{\"name\":\"Thales Brand\u00e3o\",\"@id\":\"https:\\\/\\\/www.cidademarketing.com.br\\\/marketing\\\/#\\\/schema\\\/person\\\/02daff9f18bd9378c9e01eb6b2db155f\"},\"headline\":\"L\u2019Or\u00e9al Paris promove \u201cLive dos Sonhos\u201d para destacar fam\u00edlia dos sonhos de Elseve\",\"datePublished\":\"2020-08-27T23:49:40+00:00\",\"dateModified\":\"2020-08-27T23:49:45+00:00\",\"mainEntityOfPage\":{\"@id\":\"https:\\\/\\\/www.cidademarketing.com.br\\\/marketing\\\/2020\\\/08\\\/27\\\/loreal-paris-promove-live-dos-sonhos-para-destacar-familia-dos-sonhos-de-elseve\\\/\"},\"wordCount\":463,\"commentCount\":0,\"publisher\":{\"@id\":\"https:\\\/\\\/www.cidademarketing.com.br\\\/marketing\\\/#organization\"},\"image\":{\"@id\":\"https:\\\/\\\/www.cidademarketing.com.br\\\/marketing\\\/2020\\\/08\\\/27\\\/loreal-paris-promove-live-dos-sonhos-para-destacar-familia-dos-sonhos-de-elseve\\\/#primaryimage\"},\"thumbnailUrl\":\"https:\\\/\\\/www.cidademarketing.com.br\\\/marketing\\\/wp-content\\\/uploads\\\/2020\\\/08\\\/liso-dos-sonhos-1.png\",\"keywords\":[\"estrat\u00e9gia\",\"L\u2019Or\u00e9al Paris\",\"marketing\"],\"articleSection\":[\"Videos\"],\"inLanguage\":\"pt-BR\",\"potentialAction\":[{\"@type\":\"CommentAction\",\"name\":\"Comment\",\"target\":[\"https:\\\/\\\/www.cidademarketing.com.br\\\/marketing\\\/2020\\\/08\\\/27\\\/loreal-paris-promove-live-dos-sonhos-para-destacar-familia-dos-sonhos-de-elseve\\\/#respond\"]}]},{\"@type\":\"WebPage\",\"@id\":\"https:\\\/\\\/www.cidademarketing.com.br\\\/marketing\\\/2020\\\/08\\\/27\\\/loreal-paris-promove-live-dos-sonhos-para-destacar-familia-dos-sonhos-de-elseve\\\/\",\"url\":\"https:\\\/\\\/www.cidademarketing.com.br\\\/marketing\\\/2020\\\/08\\\/27\\\/loreal-paris-promove-live-dos-sonhos-para-destacar-familia-dos-sonhos-de-elseve\\\/\",\"name\":\"L\u2019Or\u00e9al Paris promove \u201cLive dos Sonhos\u201d para destacar fam\u00edlia dos sonhos de Elseve - CidadeMarketing\",\"isPartOf\":{\"@id\":\"https:\\\/\\\/www.cidademarketing.com.br\\\/marketing\\\/#website\"},\"primaryImageOfPage\":{\"@id\":\"https:\\\/\\\/www.cidademarketing.com.br\\\/marketing\\\/2020\\\/08\\\/27\\\/loreal-paris-promove-live-dos-sonhos-para-destacar-familia-dos-sonhos-de-elseve\\\/#primaryimage\"},\"image\":{\"@id\":\"https:\\\/\\\/www.cidademarketing.com.br\\\/marketing\\\/2020\\\/08\\\/27\\\/loreal-paris-promove-live-dos-sonhos-para-destacar-familia-dos-sonhos-de-elseve\\\/#primaryimage\"},\"thumbnailUrl\":\"https:\\\/\\\/www.cidademarketing.com.br\\\/marketing\\\/wp-content\\\/uploads\\\/2020\\\/08\\\/liso-dos-sonhos-1.png\",\"datePublished\":\"2020-08-27T23:49:40+00:00\",\"dateModified\":\"2020-08-27T23:49:45+00:00\",\"breadcrumb\":{\"@id\":\"https:\\\/\\\/www.cidademarketing.com.br\\\/marketing\\\/2020\\\/08\\\/27\\\/loreal-paris-promove-live-dos-sonhos-para-destacar-familia-dos-sonhos-de-elseve\\\/#breadcrumb\"},\"inLanguage\":\"pt-BR\",\"potentialAction\":[{\"@type\":\"ReadAction\",\"target\":[\"https:\\\/\\\/www.cidademarketing.com.br\\\/marketing\\\/2020\\\/08\\\/27\\\/loreal-paris-promove-live-dos-sonhos-para-destacar-familia-dos-sonhos-de-elseve\\\/\"]}]},{\"@type\":\"ImageObject\",\"inLanguage\":\"pt-BR\",\"@id\":\"https:\\\/\\\/www.cidademarketing.com.br\\\/marketing\\\/2020\\\/08\\\/27\\\/loreal-paris-promove-live-dos-sonhos-para-destacar-familia-dos-sonhos-de-elseve\\\/#primaryimage\",\"url\":\"https:\\\/\\\/www.cidademarketing.com.br\\\/marketing\\\/wp-content\\\/uploads\\\/2020\\\/08\\\/liso-dos-sonhos-1.png\",\"contentUrl\":\"https:\\\/\\\/www.cidademarketing.com.br\\\/marketing\\\/wp-content\\\/uploads\\\/2020\\\/08\\\/liso-dos-sonhos-1.png\",\"width\":1343,\"height\":752,\"caption\":\"Reprodu\u00e7\u00e3o\"},{\"@type\":\"BreadcrumbList\",\"@id\":\"https:\\\/\\\/www.cidademarketing.com.br\\\/marketing\\\/2020\\\/08\\\/27\\\/loreal-paris-promove-live-dos-sonhos-para-destacar-familia-dos-sonhos-de-elseve\\\/#breadcrumb\",\"itemListElement\":[{\"@type\":\"ListItem\",\"position\":1,\"name\":\"In\u00edcio\",\"item\":\"https:\\\/\\\/www.cidademarketing.com.br\\\/marketing\\\/\"},{\"@type\":\"ListItem\",\"position\":2,\"name\":\"L\u2019Or\u00e9al Paris promove \u201cLive dos Sonhos\u201d para destacar fam\u00edlia dos sonhos de Elseve\"}]},{\"@type\":\"WebSite\",\"@id\":\"https:\\\/\\\/www.cidademarketing.com.br\\\/marketing\\\/#website\",\"url\":\"https:\\\/\\\/www.cidademarketing.com.br\\\/marketing\\\/\",\"name\":\"CidadeMarketing\",\"description\":\"Somos um ve\u00edculo de comunica\u00e7\u00e3o de destaque no Brasil, reconhecido por conte\u00fados nos segmentos de marketing, empreendedorismo e inova\u00e7\u00e3o.\",\"publisher\":{\"@id\":\"https:\\\/\\\/www.cidademarketing.com.br\\\/marketing\\\/#organization\"},\"alternateName\":\"CidadeMarketing\",\"potentialAction\":[{\"@type\":\"SearchAction\",\"target\":{\"@type\":\"EntryPoint\",\"urlTemplate\":\"https:\\\/\\\/www.cidademarketing.com.br\\\/marketing\\\/?s={search_term_string}\"},\"query-input\":{\"@type\":\"PropertyValueSpecification\",\"valueRequired\":true,\"valueName\":\"search_term_string\"}}],\"inLanguage\":\"pt-BR\"},{\"@type\":\"Organization\",\"@id\":\"https:\\\/\\\/www.cidademarketing.com.br\\\/marketing\\\/#organization\",\"name\":\"CidadeMarketing\",\"alternateName\":\"CidadeMarketing\",\"url\":\"https:\\\/\\\/www.cidademarketing.com.br\\\/marketing\\\/\",\"logo\":{\"@type\":\"ImageObject\",\"inLanguage\":\"pt-BR\",\"@id\":\"https:\\\/\\\/www.cidademarketing.com.br\\\/marketing\\\/#\\\/schema\\\/logo\\\/image\\\/\",\"url\":\"https:\\\/\\\/www.cidademarketing.com.br\\\/marketing\\\/wp-content\\\/uploads\\\/2020\\\/01\\\/cidademarketing_marca_mobile.png\",\"contentUrl\":\"https:\\\/\\\/www.cidademarketing.com.br\\\/marketing\\\/wp-content\\\/uploads\\\/2020\\\/01\\\/cidademarketing_marca_mobile.png\",\"width\":230,\"height\":92,\"caption\":\"CidadeMarketing\"},\"image\":{\"@id\":\"https:\\\/\\\/www.cidademarketing.com.br\\\/marketing\\\/#\\\/schema\\\/logo\\\/image\\\/\"},\"sameAs\":[\"https:\\\/\\\/www.facebook.com\\\/portalcidademarketing\",\"https:\\\/\\\/x.com\\\/CidadeMarketing\",\"https:\\\/\\\/www.instagram.com\\\/cidademarketing\\\/\"]},{\"@type\":\"Person\",\"@id\":\"https:\\\/\\\/www.cidademarketing.com.br\\\/marketing\\\/#\\\/schema\\\/person\\\/02daff9f18bd9378c9e01eb6b2db155f\",\"name\":\"Thales Brand\u00e3o\",\"image\":{\"@type\":\"ImageObject\",\"inLanguage\":\"pt-BR\",\"@id\":\"https:\\\/\\\/secure.gravatar.com\\\/avatar\\\/7ca3206950207cc3cb48feec56a8a7898741ab725c368d99d5d7a5a50aab80c6?s=96&d=mm&r=g\",\"url\":\"https:\\\/\\\/secure.gravatar.com\\\/avatar\\\/7ca3206950207cc3cb48feec56a8a7898741ab725c368d99d5d7a5a50aab80c6?s=96&d=mm&r=g\",\"contentUrl\":\"https:\\\/\\\/secure.gravatar.com\\\/avatar\\\/7ca3206950207cc3cb48feec56a8a7898741ab725c368d99d5d7a5a50aab80c6?s=96&d=mm&r=g\",\"caption\":\"Thales Brand\u00e3o\"},\"description\":\"Editor Executivo do Portal CidadeMarketing.com.br &gt; Mestre em Comunica\u00e7\u00e3o e Sociedade pela Universidade Federal de Sergipe. Possui MBA Executivo em Administra\u00e7\u00e3o com \u00eanfase em Marketing pela Funda\u00e7\u00e3o Get\u00falio Vargas - Rio de Janeiro. Consultor, Palestrante e Pesquisador sobre Empreendedorismo, Marketing, Redes Sociais e Neg\u00f3cios Digitais. Professor, Palestrante TedxTalks e Campus Party. Twitter: @ThalesBrandao\",\"sameAs\":[\"http:\\\/\\\/www.mandacaru.com.br\",\"https:\\\/\\\/www.facebook.com\\\/thalesbrandao\",\"http:\\\/\\\/www.instagram.com.br\\\/thalesbrandaoferreira\",\"https:\\\/\\\/www.linkedin.com\\\/in\\\/thales-brand\u00e3o-3948609\\\/\",\"https:\\\/\\\/x.com\\\/http:\\\/\\\/www.twitter.com\\\/thalesbrandao\"],\"url\":\"https:\\\/\\\/www.cidademarketing.com.br\\\/marketing\\\/author\\\/thalesbrandao\\\/\"}]}<\/script>\n<!-- \/ Yoast SEO plugin. -->","yoast_head_json":{"title":"L\u2019Or\u00e9al Paris promove \u201cLive dos Sonhos\u201d para destacar fam\u00edlia dos sonhos de Elseve - CidadeMarketing","robots":{"index":"index","follow":"follow","max-snippet":"max-snippet:-1","max-image-preview":"max-image-preview:large","max-video-preview":"max-video-preview:-1"},"canonical":"https:\/\/www.cidademarketing.com.br\/marketing\/2020\/08\/27\/loreal-paris-promove-live-dos-sonhos-para-destacar-familia-dos-sonhos-de-elseve\/","og_locale":"pt_BR","og_type":"article","og_title":"L\u2019Or\u00e9al Paris promove \u201cLive dos Sonhos\u201d para destacar fam\u00edlia dos sonhos de Elseve - CidadeMarketing","og_description":"No pr\u00f3ximo dia 29\/08, \u00e0s 20h, a L\u2019Or\u00e9al Paris promove a #LiveDosSonhos, que marca a transi\u00e7\u00e3o da campanha de Elseve Longo dos Sonhos para Elseve Liso dos Sonhos. Com apresenta\u00e7\u00e3o de Larissa Manoela e participa\u00e7\u00e3o das cantoras e compositoras Anavit\u00f3ria e Giulia Be, a transmiss\u00e3o acontece simultaneamente na p\u00e1gina do UOL e da dupla formada [&hellip;]","og_url":"https:\/\/www.cidademarketing.com.br\/marketing\/2020\/08\/27\/loreal-paris-promove-live-dos-sonhos-para-destacar-familia-dos-sonhos-de-elseve\/","og_site_name":"CidadeMarketing","article_publisher":"https:\/\/www.facebook.com\/portalcidademarketing","article_author":"https:\/\/www.facebook.com\/thalesbrandao","article_published_time":"2020-08-27T23:49:40+00:00","article_modified_time":"2020-08-27T23:49:45+00:00","og_image":[{"width":1343,"height":752,"url":"https:\/\/www.cidademarketing.com.br\/marketing\/wp-content\/uploads\/2020\/08\/liso-dos-sonhos-1.png","type":"image\/png"}],"author":"Thales Brand\u00e3o","twitter_card":"summary_large_image","twitter_creator":"@http:\/\/www.twitter.com\/thalesbrandao","twitter_site":"@CidadeMarketing","twitter_misc":{"Escrito por":"Thales Brand\u00e3o","Est. tempo de leitura":"2 minutos"},"schema":{"@context":"https:\/\/schema.org","@graph":[{"@type":"Article","@id":"https:\/\/www.cidademarketing.com.br\/marketing\/2020\/08\/27\/loreal-paris-promove-live-dos-sonhos-para-destacar-familia-dos-sonhos-de-elseve\/#article","isPartOf":{"@id":"https:\/\/www.cidademarketing.com.br\/marketing\/2020\/08\/27\/loreal-paris-promove-live-dos-sonhos-para-destacar-familia-dos-sonhos-de-elseve\/"},"author":{"name":"Thales Brand\u00e3o","@id":"https:\/\/www.cidademarketing.com.br\/marketing\/#\/schema\/person\/02daff9f18bd9378c9e01eb6b2db155f"},"headline":"L\u2019Or\u00e9al Paris promove \u201cLive dos Sonhos\u201d para destacar fam\u00edlia dos sonhos de Elseve","datePublished":"2020-08-27T23:49:40+00:00","dateModified":"2020-08-27T23:49:45+00:00","mainEntityOfPage":{"@id":"https:\/\/www.cidademarketing.com.br\/marketing\/2020\/08\/27\/loreal-paris-promove-live-dos-sonhos-para-destacar-familia-dos-sonhos-de-elseve\/"},"wordCount":463,"commentCount":0,"publisher":{"@id":"https:\/\/www.cidademarketing.com.br\/marketing\/#organization"},"image":{"@id":"https:\/\/www.cidademarketing.com.br\/marketing\/2020\/08\/27\/loreal-paris-promove-live-dos-sonhos-para-destacar-familia-dos-sonhos-de-elseve\/#primaryimage"},"thumbnailUrl":"https:\/\/www.cidademarketing.com.br\/marketing\/wp-content\/uploads\/2020\/08\/liso-dos-sonhos-1.png","keywords":["estrat\u00e9gia","L\u2019Or\u00e9al Paris","marketing"],"articleSection":["Videos"],"inLanguage":"pt-BR","potentialAction":[{"@type":"CommentAction","name":"Comment","target":["https:\/\/www.cidademarketing.com.br\/marketing\/2020\/08\/27\/loreal-paris-promove-live-dos-sonhos-para-destacar-familia-dos-sonhos-de-elseve\/#respond"]}]},{"@type":"WebPage","@id":"https:\/\/www.cidademarketing.com.br\/marketing\/2020\/08\/27\/loreal-paris-promove-live-dos-sonhos-para-destacar-familia-dos-sonhos-de-elseve\/","url":"https:\/\/www.cidademarketing.com.br\/marketing\/2020\/08\/27\/loreal-paris-promove-live-dos-sonhos-para-destacar-familia-dos-sonhos-de-elseve\/","name":"L\u2019Or\u00e9al Paris promove \u201cLive dos Sonhos\u201d para destacar fam\u00edlia dos sonhos de Elseve - CidadeMarketing","isPartOf":{"@id":"https:\/\/www.cidademarketing.com.br\/marketing\/#website"},"primaryImageOfPage":{"@id":"https:\/\/www.cidademarketing.com.br\/marketing\/2020\/08\/27\/loreal-paris-promove-live-dos-sonhos-para-destacar-familia-dos-sonhos-de-elseve\/#primaryimage"},"image":{"@id":"https:\/\/www.cidademarketing.com.br\/marketing\/2020\/08\/27\/loreal-paris-promove-live-dos-sonhos-para-destacar-familia-dos-sonhos-de-elseve\/#primaryimage"},"thumbnailUrl":"https:\/\/www.cidademarketing.com.br\/marketing\/wp-content\/uploads\/2020\/08\/liso-dos-sonhos-1.png","datePublished":"2020-08-27T23:49:40+00:00","dateModified":"2020-08-27T23:49:45+00:00","breadcrumb":{"@id":"https:\/\/www.cidademarketing.com.br\/marketing\/2020\/08\/27\/loreal-paris-promove-live-dos-sonhos-para-destacar-familia-dos-sonhos-de-elseve\/#breadcrumb"},"inLanguage":"pt-BR","potentialAction":[{"@type":"ReadAction","target":["https:\/\/www.cidademarketing.com.br\/marketing\/2020\/08\/27\/loreal-paris-promove-live-dos-sonhos-para-destacar-familia-dos-sonhos-de-elseve\/"]}]},{"@type":"ImageObject","inLanguage":"pt-BR","@id":"https:\/\/www.cidademarketing.com.br\/marketing\/2020\/08\/27\/loreal-paris-promove-live-dos-sonhos-para-destacar-familia-dos-sonhos-de-elseve\/#primaryimage","url":"https:\/\/www.cidademarketing.com.br\/marketing\/wp-content\/uploads\/2020\/08\/liso-dos-sonhos-1.png","contentUrl":"https:\/\/www.cidademarketing.com.br\/marketing\/wp-content\/uploads\/2020\/08\/liso-dos-sonhos-1.png","width":1343,"height":752,"caption":"Reprodu\u00e7\u00e3o"},{"@type":"BreadcrumbList","@id":"https:\/\/www.cidademarketing.com.br\/marketing\/2020\/08\/27\/loreal-paris-promove-live-dos-sonhos-para-destacar-familia-dos-sonhos-de-elseve\/#breadcrumb","itemListElement":[{"@type":"ListItem","position":1,"name":"In\u00edcio","item":"https:\/\/www.cidademarketing.com.br\/marketing\/"},{"@type":"ListItem","position":2,"name":"L\u2019Or\u00e9al Paris promove \u201cLive dos Sonhos\u201d para destacar fam\u00edlia dos sonhos de Elseve"}]},{"@type":"WebSite","@id":"https:\/\/www.cidademarketing.com.br\/marketing\/#website","url":"https:\/\/www.cidademarketing.com.br\/marketing\/","name":"CidadeMarketing","description":"Somos um ve\u00edculo de comunica\u00e7\u00e3o de destaque no Brasil, reconhecido por conte\u00fados nos segmentos de marketing, empreendedorismo e inova\u00e7\u00e3o.","publisher":{"@id":"https:\/\/www.cidademarketing.com.br\/marketing\/#organization"},"alternateName":"CidadeMarketing","potentialAction":[{"@type":"SearchAction","target":{"@type":"EntryPoint","urlTemplate":"https:\/\/www.cidademarketing.com.br\/marketing\/?s={search_term_string}"},"query-input":{"@type":"PropertyValueSpecification","valueRequired":true,"valueName":"search_term_string"}}],"inLanguage":"pt-BR"},{"@type":"Organization","@id":"https:\/\/www.cidademarketing.com.br\/marketing\/#organization","name":"CidadeMarketing","alternateName":"CidadeMarketing","url":"https:\/\/www.cidademarketing.com.br\/marketing\/","logo":{"@type":"ImageObject","inLanguage":"pt-BR","@id":"https:\/\/www.cidademarketing.com.br\/marketing\/#\/schema\/logo\/image\/","url":"https:\/\/www.cidademarketing.com.br\/marketing\/wp-content\/uploads\/2020\/01\/cidademarketing_marca_mobile.png","contentUrl":"https:\/\/www.cidademarketing.com.br\/marketing\/wp-content\/uploads\/2020\/01\/cidademarketing_marca_mobile.png","width":230,"height":92,"caption":"CidadeMarketing"},"image":{"@id":"https:\/\/www.cidademarketing.com.br\/marketing\/#\/schema\/logo\/image\/"},"sameAs":["https:\/\/www.facebook.com\/portalcidademarketing","https:\/\/x.com\/CidadeMarketing","https:\/\/www.instagram.com\/cidademarketing\/"]},{"@type":"Person","@id":"https:\/\/www.cidademarketing.com.br\/marketing\/#\/schema\/person\/02daff9f18bd9378c9e01eb6b2db155f","name":"Thales Brand\u00e3o","image":{"@type":"ImageObject","inLanguage":"pt-BR","@id":"https:\/\/secure.gravatar.com\/avatar\/7ca3206950207cc3cb48feec56a8a7898741ab725c368d99d5d7a5a50aab80c6?s=96&d=mm&r=g","url":"https:\/\/secure.gravatar.com\/avatar\/7ca3206950207cc3cb48feec56a8a7898741ab725c368d99d5d7a5a50aab80c6?s=96&d=mm&r=g","contentUrl":"https:\/\/secure.gravatar.com\/avatar\/7ca3206950207cc3cb48feec56a8a7898741ab725c368d99d5d7a5a50aab80c6?s=96&d=mm&r=g","caption":"Thales Brand\u00e3o"},"description":"Editor Executivo do Portal CidadeMarketing.com.br &gt; Mestre em Comunica\u00e7\u00e3o e Sociedade pela Universidade Federal de Sergipe. Possui MBA Executivo em Administra\u00e7\u00e3o com \u00eanfase em Marketing pela Funda\u00e7\u00e3o Get\u00falio Vargas - Rio de Janeiro. Consultor, Palestrante e Pesquisador sobre Empreendedorismo, Marketing, Redes Sociais e Neg\u00f3cios Digitais. Professor, Palestrante TedxTalks e Campus Party. Twitter: @ThalesBrandao","sameAs":["http:\/\/www.mandacaru.com.br","https:\/\/www.facebook.com\/thalesbrandao","http:\/\/www.instagram.com.br\/thalesbrandaoferreira","https:\/\/www.linkedin.com\/in\/thales-brand\u00e3o-3948609\/","https:\/\/x.com\/http:\/\/www.twitter.com\/thalesbrandao"],"url":"https:\/\/www.cidademarketing.com.br\/marketing\/author\/thalesbrandao\/"}]}},"amp_enabled":true,"_links":{"self":[{"href":"https:\/\/www.cidademarketing.com.br\/marketing\/wp-json\/wp\/v2\/posts\/18322","targetHints":{"allow":["GET"]}}],"collection":[{"href":"https:\/\/www.cidademarketing.com.br\/marketing\/wp-json\/wp\/v2\/posts"}],"about":[{"href":"https:\/\/www.cidademarketing.com.br\/marketing\/wp-json\/wp\/v2\/types\/post"}],"author":[{"embeddable":true,"href":"https:\/\/www.cidademarketing.com.br\/marketing\/wp-json\/wp\/v2\/users\/1"}],"replies":[{"embeddable":true,"href":"https:\/\/www.cidademarketing.com.br\/marketing\/wp-json\/wp\/v2\/comments?post=18322"}],"version-history":[{"count":1,"href":"https:\/\/www.cidademarketing.com.br\/marketing\/wp-json\/wp\/v2\/posts\/18322\/revisions"}],"predecessor-version":[{"id":18324,"href":"https:\/\/www.cidademarketing.com.br\/marketing\/wp-json\/wp\/v2\/posts\/18322\/revisions\/18324"}],"wp:featuredmedia":[{"embeddable":true,"href":"https:\/\/www.cidademarketing.com.br\/marketing\/wp-json\/wp\/v2\/media\/18323"}],"wp:attachment":[{"href":"https:\/\/www.cidademarketing.com.br\/marketing\/wp-json\/wp\/v2\/media?parent=18322"}],"wp:term":[{"taxonomy":"category","embeddable":true,"href":"https:\/\/www.cidademarketing.com.br\/marketing\/wp-json\/wp\/v2\/categories?post=18322"},{"taxonomy":"post_tag","embeddable":true,"href":"https:\/\/www.cidademarketing.com.br\/marketing\/wp-json\/wp\/v2\/tags?post=18322"}],"curies":[{"name":"wp","href":"https:\/\/api.w.org\/{rel}","templated":true}]}}