{"id":18297,"date":"2020-08-26T23:06:48","date_gmt":"2020-08-27T02:06:48","guid":{"rendered":"https:\/\/www.cidademarketing.com.br\/marketing\/?p=18297"},"modified":"2020-08-26T23:08:15","modified_gmt":"2020-08-27T02:08:15","slug":"camara-aprova-proposta-que-reformula-a-lei-de-falencias","status":"publish","type":"post","link":"https:\/\/www.cidademarketing.com.br\/marketing\/2020\/08\/26\/camara-aprova-proposta-que-reformula-a-lei-de-falencias\/","title":{"rendered":"C\u00e2mara aprova proposta que reformula a Lei de Fal\u00eancias"},"content":{"rendered":"\n<p><\/p>\n\n\n\n<p>A C\u00e2mara dos Deputados aprovou nesta quarta-feira (26) o Projeto de Lei 6229\/05, que reformula a Lei de Fal\u00eancias com a possibilidade de financiamento na fase de recupera\u00e7\u00e3o judicial, o parcelamento de d\u00edvidas tribut\u00e1rias federais e a apresenta\u00e7\u00e3o de plano de recupera\u00e7\u00e3o por credores. O texto segue para an\u00e1lise do Senado.<\/p>\n\n\n\n<p>A proposta foi aprovada na forma do substitutivo do relator, deputado <a href=\"https:\/\/www.camara.leg.br\/deputados\/141450\">Hugo Leal (PSD-RJ)<\/a>. De acordo com o texto, se autorizado pelo juiz, o devedor em recupera\u00e7\u00e3o judicial poder\u00e1 fazer contratos de financiamento, inclusive com seus bens pessoais em garantia, para tentar salvar a empresa da fal\u00eancia.<\/p>\n\n\n\n<p>Segundo Hugo Leal, o texto aprovado resulta de um trabalho coletivo. \u201cTive a oportunidade de discutir a proposta em v\u00e1rias reuni\u00f5es com os partidos representados na Casa e recebi ricas e importantes contribui\u00e7\u00f5es de juristas e especialistas no direito falimentar\u201d, disse.<\/p>\n\n\n\n<p>Se a fal\u00eancia for decretada antes da libera\u00e7\u00e3o de todo o dinheiro do financiamento, o contrato ser\u00e1 rescindido sem multas ou encargos. Esse financiamento poder\u00e1 ser garantido com bens da empresa, como maquin\u00e1rios e pr\u00e9dios, por meio de aliena\u00e7\u00e3o fiduci\u00e1ria ou mesmo na forma de garantia secund\u00e1ria. Se houver sobra de dinheiro na venda do bem, ela ser\u00e1 usada para pagar o financiador.<\/p>\n\n\n\n<p>Ainda que credores recorram da autoriza\u00e7\u00e3o de financiamento e ganhem o recurso, os valores adiantados pelo financiador e as garantias ficam de fora do rateio da massa falida entre os demais credores, sendo pagos por fora (extraconcursal).<\/p>\n\n\n\n<p><strong>Cr\u00e9ditos trabalhistas<\/strong><br>Ao contr\u00e1rio da proibi\u00e7\u00e3o atual de incluir cr\u00e9ditos trabalhistas ou por acidente de trabalho na recupera\u00e7\u00e3o extrajudicial, o substitutivo de Leal permite sua inclus\u00e3o se houver negocia\u00e7\u00e3o coletiva com o sindicato da respectiva categoria profissional.<\/p>\n\n\n\n<p><strong>Parcelamento<\/strong><br>O projeto amplia a possibilidade de parcelamento de d\u00edvidas com a Uni\u00e3o para a empresa que tiver pedido ou aprovada a recupera\u00e7\u00e3o judicial. O texto aumenta o n\u00famero de presta\u00e7\u00f5es (de 84 para 120 parcelas) e diminui o valor de cada uma.<\/p>\n\n\n\n<p>\u00c9 criada ainda outra op\u00e7\u00e3o, com a quita\u00e7\u00e3o de at\u00e9 30% da d\u00edvida consolidada e o parcelamento do restante em at\u00e9 84 parcelas.<\/p>\n\n\n\n<p>Para pagar essa entrada, a empresa poder\u00e1 usar 25% do preju\u00edzo fiscal e 9%, 17% ou 25%, conforme o tipo de empresa, da base de c\u00e1lculo negativa da Contribui\u00e7\u00e3o Social sobre o Lucro L\u00edquido (CSLL).<\/p>\n\n\n\n<p>O devedor poder\u00e1 optar tamb\u00e9m por outro parcelamento criado por lei federal em vigor no momento.<\/p>\n\n\n\n<p><strong>Condi\u00e7\u00f5es<\/strong><br>Como condi\u00e7\u00f5es para aderir ao parcelamento, o devedor assinar\u00e1 termo de compromisso pelo qual fornecer\u00e1 ao Fisco informa\u00e7\u00f5es banc\u00e1rias e de comprometimento de valores a receber, al\u00e9m de direcionar ao pagamento da d\u00edvida at\u00e9 30% do produto da venda de bens realizada durante o per\u00edodo de vig\u00eancia da recupera\u00e7\u00e3o judicial.<\/p>\n\n\n\n<p>Caso a empresa deixe de pagar parcelas, se for constatado esvaziamento patrimonial para fraudar o parcelamento ou as condi\u00e7\u00f5es sejam descumpridas, o parcelamento ser\u00e1 cancelado e o d\u00e9bito total exigido.<\/p>\n\n\n\n<p><strong>Transa\u00e7\u00e3o tribut\u00e1ria<\/strong><br>Uma segunda modalidade de parcelamento \u00e9 em at\u00e9 24 meses e inclui d\u00e9bitos atualmente proibidos de parcelar, como aqueles de tributos com reten\u00e7\u00e3o na fonte ou de terceiros (imposto de renda do empregado, por exemplo) e o IOF. As microempresas e as pequenas empresas contar\u00e3o com prazos 20% maiores (cerca de 29 meses).<\/p>\n\n\n\n<p>O relator incluiu ainda a previs\u00e3o de uso da chamada transa\u00e7\u00e3o tribut\u00e1ria, prevista na <a href=\"http:\/\/www2.camara.gov.br\/legin\/fed\/lei\/2020\/lei-13988-14-abril-2020-790048-norma-pl.html\">Lei 13.988\/20<\/a>. Nessa modalidade, o governo ou o devedor prop\u00f5e descontos para quitar a d\u00edvida. No texto do projeto, o prazo m\u00e1ximo de quita\u00e7\u00e3o ser\u00e1 de 120 meses.<\/p>\n\n\n\n<p>Para pessoas f\u00edsicas, micro e pequenas empresas, o prazo pode chegar a 145 meses e o desconto m\u00e1ximo a 70% do devido. Se a empresa desenvolve projetos sociais, o prazo pode ser aumentado em 12 meses, nos termos do regulamento da lei.<\/p>\n\n\n\n<p>Nessa transa\u00e7\u00e3o, o devedor tamb\u00e9m ter\u00e1 de fornecer \u00e0 Procuradoria-Geral da Fazenda Nacional (PGFN) informa\u00e7\u00f5es banc\u00e1rias e empresariais e manter regularidade fiscal.<\/p>\n\n\n\n<p>O texto permite aos devedores em recupera\u00e7\u00e3o judicial pedir a repactua\u00e7\u00e3o de acordo desse tipo j\u00e1 firmado. O prazo para o pedido ser\u00e1 de 60 dias da publica\u00e7\u00e3o da futura lei.<\/p>\n\n\n\n<p><strong>Plano de credores<\/strong><br>Na hip\u00f3tese de o plano de recupera\u00e7\u00e3o judicial do devedor ser rejeitado, a assembleia poder\u00e1 aprovar prazo de 30 dias para a apresenta\u00e7\u00e3o de um plano de recupera\u00e7\u00e3o da empresa pelos credores.<\/p>\n\n\n\n<p>Esse plano dever\u00e1 cumprir algumas condi\u00e7\u00f5es, como apoio de credores que representem mais de 25% dos d\u00e9bitos ou de credores presentes na assembleia que representem mais de 35% dos cr\u00e9ditos. N\u00e3o poder\u00e1 ainda haver imposi\u00e7\u00e3o, aos s\u00f3cios do devedor, de sacrif\u00edcio de seu capital maior do que viria da fal\u00eancia.<\/p>\n\n\n\n<p>O texto tamb\u00e9m condiciona a decreta\u00e7\u00e3o da fal\u00eancia \u00e0 rejei\u00e7\u00e3o do plano de recupera\u00e7\u00e3o dos credores ou \u00e0 sua n\u00e3o apresenta\u00e7\u00e3o.<\/p>\n\n\n\n<p>A fal\u00eancia ser\u00e1 decretada ainda se o devedor descumprir o parcelamento de d\u00edvidas tribut\u00e1rias prevista no projeto ou se for identificado esvaziamento patrimonial da empresa que implique em preju\u00edzo dos credores.<\/p>\n\n\n\n<p><strong>Negocia\u00e7\u00f5es anteriores<\/strong><br>Outra novidade do projeto \u00e9 a permiss\u00e3o de negocia\u00e7\u00f5es anteriores ao processo de recupera\u00e7\u00e3o judicial, inclusive com suspens\u00e3o, por 60 dias, das execu\u00e7\u00f5es de t\u00edtulos de cr\u00e9dito contra o devedor.<\/p>\n\n\n\n<p>Essas negocia\u00e7\u00f5es poder\u00e3o ser entre s\u00f3cios da empresa em dificuldades, nos conflitos envolvendo concession\u00e1rias ou permission\u00e1rias de servi\u00e7os p\u00fablicos em recupera\u00e7\u00e3o judicial e os \u00f3rg\u00e3os reguladores.<\/p>\n\n\n\n<p>Em per\u00edodos de calamidade p\u00fablica, como no caso da Covid-19, o texto permite essa negocia\u00e7\u00e3o antecipada para garantir a presta\u00e7\u00e3o de servi\u00e7os essenciais se relativa a cr\u00e9ditos que n\u00e3o entrar\u00e3o na disputa com os demais credores, os cr\u00e9ditos extraconcursais.<\/p>\n\n\n\n<p>A maior parte das mudan\u00e7as feitas pelo projeto poder\u00e1 ser aplicada aos processos em andamento.<\/p>\n\n\n\n<p><strong>Situa\u00e7\u00e3o dos trabalhadores<\/strong><br>O l\u00edder do PT, deputado <a href=\"https:\/\/www.camara.leg.br\/deputados\/132504\">Enio Verri (PT-PR)<\/a>, lamentou a rejei\u00e7\u00e3o de destaques que visavam manter direitos dos trabalhadores em caso de recupera\u00e7\u00e3o judicial. \u201cO texto faz uma boa an\u00e1lise, monta uma boa proposta de recupera\u00e7\u00e3o judicial, mas ignora a import\u00e2ncia da sucess\u00e3o nos direitos dos trabalhadores\u201d, afirmou.<\/p>\n\n\n\n<p>O relator da proposta, Hugo Leal, respondeu \u00e0s cr\u00edticas. \u201cO cr\u00e9dito trabalhista ser\u00e1 pago ap\u00f3s a convalida\u00e7\u00e3o da fal\u00eancia, no caso, ou ap\u00f3s a aprova\u00e7\u00e3o do plano de recupera\u00e7\u00e3o\u201d, explicou. \u201cSer\u00e1 pago no momento adequado, por isso existe este projeto, existe o conceito da recupera\u00e7\u00e3o judicial.\u201d<\/p>\n\n\n\n<p>J\u00e1 a deputada <a href=\"https:\/\/www.camara.leg.br\/deputados\/204407\">Fernanda Melchionna (Psol-RS)<\/a> criticou a falta de contrapartidas dos empres\u00e1rios, como a manuten\u00e7\u00e3o de empregos.<\/p>\n\n\n\n<p>Fonte: Ag\u00eancia C\u00e2mara de Not\u00edcias<\/p>\n","protected":false},"excerpt":{"rendered":"<p>A C\u00e2mara dos Deputados aprovou nesta quarta-feira (26) o Projeto de Lei 6229\/05, que reformula a Lei de Fal\u00eancias com a possibilidade de financiamento na fase de recupera\u00e7\u00e3o judicial, o parcelamento de d\u00edvidas tribut\u00e1rias federais e a apresenta\u00e7\u00e3o de plano de recupera\u00e7\u00e3o por credores. O texto segue para an\u00e1lise do Senado. A proposta foi aprovada [&hellip;]<\/p>\n","protected":false},"author":1,"featured_media":18298,"comment_status":"open","ping_status":"open","sticky":false,"template":"","format":"standard","meta":{"tdm_status":"","tdm_grid_status":"","footnotes":""},"categories":[6],"tags":[147,27,411],"class_list":["post-18297","post","type-post","status-publish","format-standard","has-post-thumbnail","hentry","category-noticias","tag-brasil","tag-empreendedorismo","tag-falencia"],"yoast_head":"<!-- This site is optimized with the Yoast SEO plugin v27.5 - https:\/\/yoast.com\/product\/yoast-seo-wordpress\/ -->\n<title>C\u00e2mara aprova proposta que reformula a Lei de Fal\u00eancias - CidadeMarketing<\/title>\n<meta name=\"robots\" content=\"index, follow, max-snippet:-1, max-image-preview:large, max-video-preview:-1\" \/>\n<link rel=\"canonical\" href=\"https:\/\/www.cidademarketing.com.br\/marketing\/2020\/08\/26\/camara-aprova-proposta-que-reformula-a-lei-de-falencias\/\" \/>\n<meta property=\"og:locale\" content=\"pt_BR\" \/>\n<meta property=\"og:type\" content=\"article\" \/>\n<meta property=\"og:title\" content=\"C\u00e2mara aprova proposta que reformula a Lei de Fal\u00eancias - CidadeMarketing\" \/>\n<meta property=\"og:description\" content=\"A C\u00e2mara dos Deputados aprovou nesta quarta-feira (26) o Projeto de Lei 6229\/05, que reformula a Lei de Fal\u00eancias com a possibilidade de financiamento na fase de recupera\u00e7\u00e3o judicial, o parcelamento de d\u00edvidas tribut\u00e1rias federais e a apresenta\u00e7\u00e3o de plano de recupera\u00e7\u00e3o por credores. O texto segue para an\u00e1lise do Senado. A proposta foi aprovada [&hellip;]\" \/>\n<meta property=\"og:url\" content=\"https:\/\/www.cidademarketing.com.br\/marketing\/2020\/08\/26\/camara-aprova-proposta-que-reformula-a-lei-de-falencias\/\" \/>\n<meta property=\"og:site_name\" content=\"CidadeMarketing\" \/>\n<meta property=\"article:publisher\" content=\"https:\/\/www.facebook.com\/portalcidademarketing\" \/>\n<meta property=\"article:author\" content=\"https:\/\/www.facebook.com\/thalesbrandao\" \/>\n<meta property=\"article:published_time\" content=\"2020-08-27T02:06:48+00:00\" \/>\n<meta property=\"article:modified_time\" content=\"2020-08-27T02:08:15+00:00\" \/>\n<meta property=\"og:image\" content=\"https:\/\/www.cidademarketing.com.br\/marketing\/wp-content\/uploads\/2020\/08\/falencia_camaradedeputados.jpg\" \/>\n\t<meta property=\"og:image:width\" content=\"1000\" \/>\n\t<meta property=\"og:image:height\" content=\"667\" \/>\n\t<meta property=\"og:image:type\" content=\"image\/jpeg\" \/>\n<meta name=\"author\" content=\"Thales Brand\u00e3o\" \/>\n<meta name=\"twitter:card\" content=\"summary_large_image\" \/>\n<meta name=\"twitter:creator\" content=\"@http:\/\/www.twitter.com\/thalesbrandao\" \/>\n<meta name=\"twitter:site\" content=\"@CidadeMarketing\" \/>\n<meta name=\"twitter:label1\" content=\"Escrito por\" \/>\n\t<meta name=\"twitter:data1\" content=\"Thales Brand\u00e3o\" \/>\n\t<meta name=\"twitter:label2\" content=\"Est. tempo de leitura\" \/>\n\t<meta name=\"twitter:data2\" content=\"6 minutos\" \/>\n<script type=\"application\/ld+json\" class=\"yoast-schema-graph\">{\"@context\":\"https:\\\/\\\/schema.org\",\"@graph\":[{\"@type\":\"Article\",\"@id\":\"https:\\\/\\\/www.cidademarketing.com.br\\\/marketing\\\/2020\\\/08\\\/26\\\/camara-aprova-proposta-que-reformula-a-lei-de-falencias\\\/#article\",\"isPartOf\":{\"@id\":\"https:\\\/\\\/www.cidademarketing.com.br\\\/marketing\\\/2020\\\/08\\\/26\\\/camara-aprova-proposta-que-reformula-a-lei-de-falencias\\\/\"},\"author\":{\"name\":\"Thales Brand\u00e3o\",\"@id\":\"https:\\\/\\\/www.cidademarketing.com.br\\\/marketing\\\/#\\\/schema\\\/person\\\/02daff9f18bd9378c9e01eb6b2db155f\"},\"headline\":\"C\u00e2mara aprova proposta que reformula a Lei de Fal\u00eancias\",\"datePublished\":\"2020-08-27T02:06:48+00:00\",\"dateModified\":\"2020-08-27T02:08:15+00:00\",\"mainEntityOfPage\":{\"@id\":\"https:\\\/\\\/www.cidademarketing.com.br\\\/marketing\\\/2020\\\/08\\\/26\\\/camara-aprova-proposta-que-reformula-a-lei-de-falencias\\\/\"},\"wordCount\":1161,\"commentCount\":0,\"publisher\":{\"@id\":\"https:\\\/\\\/www.cidademarketing.com.br\\\/marketing\\\/#organization\"},\"image\":{\"@id\":\"https:\\\/\\\/www.cidademarketing.com.br\\\/marketing\\\/2020\\\/08\\\/26\\\/camara-aprova-proposta-que-reformula-a-lei-de-falencias\\\/#primaryimage\"},\"thumbnailUrl\":\"https:\\\/\\\/www.cidademarketing.com.br\\\/marketing\\\/wp-content\\\/uploads\\\/2020\\\/08\\\/falencia_camaradedeputados.jpg\",\"keywords\":[\"Brasil\",\"empreendedorismo\",\"fal\u00eancia\"],\"articleSection\":[\"Not\u00edcias\"],\"inLanguage\":\"pt-BR\",\"potentialAction\":[{\"@type\":\"CommentAction\",\"name\":\"Comment\",\"target\":[\"https:\\\/\\\/www.cidademarketing.com.br\\\/marketing\\\/2020\\\/08\\\/26\\\/camara-aprova-proposta-que-reformula-a-lei-de-falencias\\\/#respond\"]}]},{\"@type\":\"WebPage\",\"@id\":\"https:\\\/\\\/www.cidademarketing.com.br\\\/marketing\\\/2020\\\/08\\\/26\\\/camara-aprova-proposta-que-reformula-a-lei-de-falencias\\\/\",\"url\":\"https:\\\/\\\/www.cidademarketing.com.br\\\/marketing\\\/2020\\\/08\\\/26\\\/camara-aprova-proposta-que-reformula-a-lei-de-falencias\\\/\",\"name\":\"C\u00e2mara aprova proposta que reformula a Lei de Fal\u00eancias - CidadeMarketing\",\"isPartOf\":{\"@id\":\"https:\\\/\\\/www.cidademarketing.com.br\\\/marketing\\\/#website\"},\"primaryImageOfPage\":{\"@id\":\"https:\\\/\\\/www.cidademarketing.com.br\\\/marketing\\\/2020\\\/08\\\/26\\\/camara-aprova-proposta-que-reformula-a-lei-de-falencias\\\/#primaryimage\"},\"image\":{\"@id\":\"https:\\\/\\\/www.cidademarketing.com.br\\\/marketing\\\/2020\\\/08\\\/26\\\/camara-aprova-proposta-que-reformula-a-lei-de-falencias\\\/#primaryimage\"},\"thumbnailUrl\":\"https:\\\/\\\/www.cidademarketing.com.br\\\/marketing\\\/wp-content\\\/uploads\\\/2020\\\/08\\\/falencia_camaradedeputados.jpg\",\"datePublished\":\"2020-08-27T02:06:48+00:00\",\"dateModified\":\"2020-08-27T02:08:15+00:00\",\"breadcrumb\":{\"@id\":\"https:\\\/\\\/www.cidademarketing.com.br\\\/marketing\\\/2020\\\/08\\\/26\\\/camara-aprova-proposta-que-reformula-a-lei-de-falencias\\\/#breadcrumb\"},\"inLanguage\":\"pt-BR\",\"potentialAction\":[{\"@type\":\"ReadAction\",\"target\":[\"https:\\\/\\\/www.cidademarketing.com.br\\\/marketing\\\/2020\\\/08\\\/26\\\/camara-aprova-proposta-que-reformula-a-lei-de-falencias\\\/\"]}]},{\"@type\":\"ImageObject\",\"inLanguage\":\"pt-BR\",\"@id\":\"https:\\\/\\\/www.cidademarketing.com.br\\\/marketing\\\/2020\\\/08\\\/26\\\/camara-aprova-proposta-que-reformula-a-lei-de-falencias\\\/#primaryimage\",\"url\":\"https:\\\/\\\/www.cidademarketing.com.br\\\/marketing\\\/wp-content\\\/uploads\\\/2020\\\/08\\\/falencia_camaradedeputados.jpg\",\"contentUrl\":\"https:\\\/\\\/www.cidademarketing.com.br\\\/marketing\\\/wp-content\\\/uploads\\\/2020\\\/08\\\/falencia_camaradedeputados.jpg\",\"width\":1000,\"height\":667,\"caption\":\"Maryanna Oliveira\\\/C\u00e2mara dos Deputados\"},{\"@type\":\"BreadcrumbList\",\"@id\":\"https:\\\/\\\/www.cidademarketing.com.br\\\/marketing\\\/2020\\\/08\\\/26\\\/camara-aprova-proposta-que-reformula-a-lei-de-falencias\\\/#breadcrumb\",\"itemListElement\":[{\"@type\":\"ListItem\",\"position\":1,\"name\":\"In\u00edcio\",\"item\":\"https:\\\/\\\/www.cidademarketing.com.br\\\/marketing\\\/\"},{\"@type\":\"ListItem\",\"position\":2,\"name\":\"C\u00e2mara aprova proposta que reformula a Lei de Fal\u00eancias\"}]},{\"@type\":\"WebSite\",\"@id\":\"https:\\\/\\\/www.cidademarketing.com.br\\\/marketing\\\/#website\",\"url\":\"https:\\\/\\\/www.cidademarketing.com.br\\\/marketing\\\/\",\"name\":\"CidadeMarketing\",\"description\":\"Somos um ve\u00edculo de comunica\u00e7\u00e3o de destaque no Brasil, reconhecido por conte\u00fados nos segmentos de marketing, empreendedorismo e inova\u00e7\u00e3o.\",\"publisher\":{\"@id\":\"https:\\\/\\\/www.cidademarketing.com.br\\\/marketing\\\/#organization\"},\"alternateName\":\"CidadeMarketing\",\"potentialAction\":[{\"@type\":\"SearchAction\",\"target\":{\"@type\":\"EntryPoint\",\"urlTemplate\":\"https:\\\/\\\/www.cidademarketing.com.br\\\/marketing\\\/?s={search_term_string}\"},\"query-input\":{\"@type\":\"PropertyValueSpecification\",\"valueRequired\":true,\"valueName\":\"search_term_string\"}}],\"inLanguage\":\"pt-BR\"},{\"@type\":\"Organization\",\"@id\":\"https:\\\/\\\/www.cidademarketing.com.br\\\/marketing\\\/#organization\",\"name\":\"CidadeMarketing\",\"alternateName\":\"CidadeMarketing\",\"url\":\"https:\\\/\\\/www.cidademarketing.com.br\\\/marketing\\\/\",\"logo\":{\"@type\":\"ImageObject\",\"inLanguage\":\"pt-BR\",\"@id\":\"https:\\\/\\\/www.cidademarketing.com.br\\\/marketing\\\/#\\\/schema\\\/logo\\\/image\\\/\",\"url\":\"https:\\\/\\\/www.cidademarketing.com.br\\\/marketing\\\/wp-content\\\/uploads\\\/2020\\\/01\\\/cidademarketing_marca_mobile.png\",\"contentUrl\":\"https:\\\/\\\/www.cidademarketing.com.br\\\/marketing\\\/wp-content\\\/uploads\\\/2020\\\/01\\\/cidademarketing_marca_mobile.png\",\"width\":230,\"height\":92,\"caption\":\"CidadeMarketing\"},\"image\":{\"@id\":\"https:\\\/\\\/www.cidademarketing.com.br\\\/marketing\\\/#\\\/schema\\\/logo\\\/image\\\/\"},\"sameAs\":[\"https:\\\/\\\/www.facebook.com\\\/portalcidademarketing\",\"https:\\\/\\\/x.com\\\/CidadeMarketing\",\"https:\\\/\\\/www.instagram.com\\\/cidademarketing\\\/\"]},{\"@type\":\"Person\",\"@id\":\"https:\\\/\\\/www.cidademarketing.com.br\\\/marketing\\\/#\\\/schema\\\/person\\\/02daff9f18bd9378c9e01eb6b2db155f\",\"name\":\"Thales Brand\u00e3o\",\"image\":{\"@type\":\"ImageObject\",\"inLanguage\":\"pt-BR\",\"@id\":\"https:\\\/\\\/secure.gravatar.com\\\/avatar\\\/7ca3206950207cc3cb48feec56a8a7898741ab725c368d99d5d7a5a50aab80c6?s=96&d=mm&r=g\",\"url\":\"https:\\\/\\\/secure.gravatar.com\\\/avatar\\\/7ca3206950207cc3cb48feec56a8a7898741ab725c368d99d5d7a5a50aab80c6?s=96&d=mm&r=g\",\"contentUrl\":\"https:\\\/\\\/secure.gravatar.com\\\/avatar\\\/7ca3206950207cc3cb48feec56a8a7898741ab725c368d99d5d7a5a50aab80c6?s=96&d=mm&r=g\",\"caption\":\"Thales Brand\u00e3o\"},\"description\":\"Editor Executivo do Portal CidadeMarketing.com.br &gt; Mestre em Comunica\u00e7\u00e3o e Sociedade pela Universidade Federal de Sergipe. Possui MBA Executivo em Administra\u00e7\u00e3o com \u00eanfase em Marketing pela Funda\u00e7\u00e3o Get\u00falio Vargas - Rio de Janeiro. Consultor, Palestrante e Pesquisador sobre Empreendedorismo, Marketing, Redes Sociais e Neg\u00f3cios Digitais. Professor, Palestrante TedxTalks e Campus Party. Twitter: @ThalesBrandao\",\"sameAs\":[\"http:\\\/\\\/www.mandacaru.com.br\",\"https:\\\/\\\/www.facebook.com\\\/thalesbrandao\",\"http:\\\/\\\/www.instagram.com.br\\\/thalesbrandaoferreira\",\"https:\\\/\\\/www.linkedin.com\\\/in\\\/thales-brand\u00e3o-3948609\\\/\",\"https:\\\/\\\/x.com\\\/http:\\\/\\\/www.twitter.com\\\/thalesbrandao\"],\"url\":\"https:\\\/\\\/www.cidademarketing.com.br\\\/marketing\\\/author\\\/thalesbrandao\\\/\"}]}<\/script>\n<!-- \/ Yoast SEO plugin. -->","yoast_head_json":{"title":"C\u00e2mara aprova proposta que reformula a Lei de Fal\u00eancias - CidadeMarketing","robots":{"index":"index","follow":"follow","max-snippet":"max-snippet:-1","max-image-preview":"max-image-preview:large","max-video-preview":"max-video-preview:-1"},"canonical":"https:\/\/www.cidademarketing.com.br\/marketing\/2020\/08\/26\/camara-aprova-proposta-que-reformula-a-lei-de-falencias\/","og_locale":"pt_BR","og_type":"article","og_title":"C\u00e2mara aprova proposta que reformula a Lei de Fal\u00eancias - CidadeMarketing","og_description":"A C\u00e2mara dos Deputados aprovou nesta quarta-feira (26) o Projeto de Lei 6229\/05, que reformula a Lei de Fal\u00eancias com a possibilidade de financiamento na fase de recupera\u00e7\u00e3o judicial, o parcelamento de d\u00edvidas tribut\u00e1rias federais e a apresenta\u00e7\u00e3o de plano de recupera\u00e7\u00e3o por credores. O texto segue para an\u00e1lise do Senado. A proposta foi aprovada [&hellip;]","og_url":"https:\/\/www.cidademarketing.com.br\/marketing\/2020\/08\/26\/camara-aprova-proposta-que-reformula-a-lei-de-falencias\/","og_site_name":"CidadeMarketing","article_publisher":"https:\/\/www.facebook.com\/portalcidademarketing","article_author":"https:\/\/www.facebook.com\/thalesbrandao","article_published_time":"2020-08-27T02:06:48+00:00","article_modified_time":"2020-08-27T02:08:15+00:00","og_image":[{"width":1000,"height":667,"url":"https:\/\/www.cidademarketing.com.br\/marketing\/wp-content\/uploads\/2020\/08\/falencia_camaradedeputados.jpg","type":"image\/jpeg"}],"author":"Thales Brand\u00e3o","twitter_card":"summary_large_image","twitter_creator":"@http:\/\/www.twitter.com\/thalesbrandao","twitter_site":"@CidadeMarketing","twitter_misc":{"Escrito por":"Thales Brand\u00e3o","Est. tempo de leitura":"6 minutos"},"schema":{"@context":"https:\/\/schema.org","@graph":[{"@type":"Article","@id":"https:\/\/www.cidademarketing.com.br\/marketing\/2020\/08\/26\/camara-aprova-proposta-que-reformula-a-lei-de-falencias\/#article","isPartOf":{"@id":"https:\/\/www.cidademarketing.com.br\/marketing\/2020\/08\/26\/camara-aprova-proposta-que-reformula-a-lei-de-falencias\/"},"author":{"name":"Thales Brand\u00e3o","@id":"https:\/\/www.cidademarketing.com.br\/marketing\/#\/schema\/person\/02daff9f18bd9378c9e01eb6b2db155f"},"headline":"C\u00e2mara aprova proposta que reformula a Lei de Fal\u00eancias","datePublished":"2020-08-27T02:06:48+00:00","dateModified":"2020-08-27T02:08:15+00:00","mainEntityOfPage":{"@id":"https:\/\/www.cidademarketing.com.br\/marketing\/2020\/08\/26\/camara-aprova-proposta-que-reformula-a-lei-de-falencias\/"},"wordCount":1161,"commentCount":0,"publisher":{"@id":"https:\/\/www.cidademarketing.com.br\/marketing\/#organization"},"image":{"@id":"https:\/\/www.cidademarketing.com.br\/marketing\/2020\/08\/26\/camara-aprova-proposta-que-reformula-a-lei-de-falencias\/#primaryimage"},"thumbnailUrl":"https:\/\/www.cidademarketing.com.br\/marketing\/wp-content\/uploads\/2020\/08\/falencia_camaradedeputados.jpg","keywords":["Brasil","empreendedorismo","fal\u00eancia"],"articleSection":["Not\u00edcias"],"inLanguage":"pt-BR","potentialAction":[{"@type":"CommentAction","name":"Comment","target":["https:\/\/www.cidademarketing.com.br\/marketing\/2020\/08\/26\/camara-aprova-proposta-que-reformula-a-lei-de-falencias\/#respond"]}]},{"@type":"WebPage","@id":"https:\/\/www.cidademarketing.com.br\/marketing\/2020\/08\/26\/camara-aprova-proposta-que-reformula-a-lei-de-falencias\/","url":"https:\/\/www.cidademarketing.com.br\/marketing\/2020\/08\/26\/camara-aprova-proposta-que-reformula-a-lei-de-falencias\/","name":"C\u00e2mara aprova proposta que reformula a Lei de Fal\u00eancias - CidadeMarketing","isPartOf":{"@id":"https:\/\/www.cidademarketing.com.br\/marketing\/#website"},"primaryImageOfPage":{"@id":"https:\/\/www.cidademarketing.com.br\/marketing\/2020\/08\/26\/camara-aprova-proposta-que-reformula-a-lei-de-falencias\/#primaryimage"},"image":{"@id":"https:\/\/www.cidademarketing.com.br\/marketing\/2020\/08\/26\/camara-aprova-proposta-que-reformula-a-lei-de-falencias\/#primaryimage"},"thumbnailUrl":"https:\/\/www.cidademarketing.com.br\/marketing\/wp-content\/uploads\/2020\/08\/falencia_camaradedeputados.jpg","datePublished":"2020-08-27T02:06:48+00:00","dateModified":"2020-08-27T02:08:15+00:00","breadcrumb":{"@id":"https:\/\/www.cidademarketing.com.br\/marketing\/2020\/08\/26\/camara-aprova-proposta-que-reformula-a-lei-de-falencias\/#breadcrumb"},"inLanguage":"pt-BR","potentialAction":[{"@type":"ReadAction","target":["https:\/\/www.cidademarketing.com.br\/marketing\/2020\/08\/26\/camara-aprova-proposta-que-reformula-a-lei-de-falencias\/"]}]},{"@type":"ImageObject","inLanguage":"pt-BR","@id":"https:\/\/www.cidademarketing.com.br\/marketing\/2020\/08\/26\/camara-aprova-proposta-que-reformula-a-lei-de-falencias\/#primaryimage","url":"https:\/\/www.cidademarketing.com.br\/marketing\/wp-content\/uploads\/2020\/08\/falencia_camaradedeputados.jpg","contentUrl":"https:\/\/www.cidademarketing.com.br\/marketing\/wp-content\/uploads\/2020\/08\/falencia_camaradedeputados.jpg","width":1000,"height":667,"caption":"Maryanna Oliveira\/C\u00e2mara dos Deputados"},{"@type":"BreadcrumbList","@id":"https:\/\/www.cidademarketing.com.br\/marketing\/2020\/08\/26\/camara-aprova-proposta-que-reformula-a-lei-de-falencias\/#breadcrumb","itemListElement":[{"@type":"ListItem","position":1,"name":"In\u00edcio","item":"https:\/\/www.cidademarketing.com.br\/marketing\/"},{"@type":"ListItem","position":2,"name":"C\u00e2mara aprova proposta que reformula a Lei de Fal\u00eancias"}]},{"@type":"WebSite","@id":"https:\/\/www.cidademarketing.com.br\/marketing\/#website","url":"https:\/\/www.cidademarketing.com.br\/marketing\/","name":"CidadeMarketing","description":"Somos um ve\u00edculo de comunica\u00e7\u00e3o de destaque no Brasil, reconhecido por conte\u00fados nos segmentos de marketing, empreendedorismo e inova\u00e7\u00e3o.","publisher":{"@id":"https:\/\/www.cidademarketing.com.br\/marketing\/#organization"},"alternateName":"CidadeMarketing","potentialAction":[{"@type":"SearchAction","target":{"@type":"EntryPoint","urlTemplate":"https:\/\/www.cidademarketing.com.br\/marketing\/?s={search_term_string}"},"query-input":{"@type":"PropertyValueSpecification","valueRequired":true,"valueName":"search_term_string"}}],"inLanguage":"pt-BR"},{"@type":"Organization","@id":"https:\/\/www.cidademarketing.com.br\/marketing\/#organization","name":"CidadeMarketing","alternateName":"CidadeMarketing","url":"https:\/\/www.cidademarketing.com.br\/marketing\/","logo":{"@type":"ImageObject","inLanguage":"pt-BR","@id":"https:\/\/www.cidademarketing.com.br\/marketing\/#\/schema\/logo\/image\/","url":"https:\/\/www.cidademarketing.com.br\/marketing\/wp-content\/uploads\/2020\/01\/cidademarketing_marca_mobile.png","contentUrl":"https:\/\/www.cidademarketing.com.br\/marketing\/wp-content\/uploads\/2020\/01\/cidademarketing_marca_mobile.png","width":230,"height":92,"caption":"CidadeMarketing"},"image":{"@id":"https:\/\/www.cidademarketing.com.br\/marketing\/#\/schema\/logo\/image\/"},"sameAs":["https:\/\/www.facebook.com\/portalcidademarketing","https:\/\/x.com\/CidadeMarketing","https:\/\/www.instagram.com\/cidademarketing\/"]},{"@type":"Person","@id":"https:\/\/www.cidademarketing.com.br\/marketing\/#\/schema\/person\/02daff9f18bd9378c9e01eb6b2db155f","name":"Thales Brand\u00e3o","image":{"@type":"ImageObject","inLanguage":"pt-BR","@id":"https:\/\/secure.gravatar.com\/avatar\/7ca3206950207cc3cb48feec56a8a7898741ab725c368d99d5d7a5a50aab80c6?s=96&d=mm&r=g","url":"https:\/\/secure.gravatar.com\/avatar\/7ca3206950207cc3cb48feec56a8a7898741ab725c368d99d5d7a5a50aab80c6?s=96&d=mm&r=g","contentUrl":"https:\/\/secure.gravatar.com\/avatar\/7ca3206950207cc3cb48feec56a8a7898741ab725c368d99d5d7a5a50aab80c6?s=96&d=mm&r=g","caption":"Thales Brand\u00e3o"},"description":"Editor Executivo do Portal CidadeMarketing.com.br &gt; Mestre em Comunica\u00e7\u00e3o e Sociedade pela Universidade Federal de Sergipe. Possui MBA Executivo em Administra\u00e7\u00e3o com \u00eanfase em Marketing pela Funda\u00e7\u00e3o Get\u00falio Vargas - Rio de Janeiro. Consultor, Palestrante e Pesquisador sobre Empreendedorismo, Marketing, Redes Sociais e Neg\u00f3cios Digitais. Professor, Palestrante TedxTalks e Campus Party. Twitter: @ThalesBrandao","sameAs":["http:\/\/www.mandacaru.com.br","https:\/\/www.facebook.com\/thalesbrandao","http:\/\/www.instagram.com.br\/thalesbrandaoferreira","https:\/\/www.linkedin.com\/in\/thales-brand\u00e3o-3948609\/","https:\/\/x.com\/http:\/\/www.twitter.com\/thalesbrandao"],"url":"https:\/\/www.cidademarketing.com.br\/marketing\/author\/thalesbrandao\/"}]}},"amp_enabled":true,"_links":{"self":[{"href":"https:\/\/www.cidademarketing.com.br\/marketing\/wp-json\/wp\/v2\/posts\/18297","targetHints":{"allow":["GET"]}}],"collection":[{"href":"https:\/\/www.cidademarketing.com.br\/marketing\/wp-json\/wp\/v2\/posts"}],"about":[{"href":"https:\/\/www.cidademarketing.com.br\/marketing\/wp-json\/wp\/v2\/types\/post"}],"author":[{"embeddable":true,"href":"https:\/\/www.cidademarketing.com.br\/marketing\/wp-json\/wp\/v2\/users\/1"}],"replies":[{"embeddable":true,"href":"https:\/\/www.cidademarketing.com.br\/marketing\/wp-json\/wp\/v2\/comments?post=18297"}],"version-history":[{"count":2,"href":"https:\/\/www.cidademarketing.com.br\/marketing\/wp-json\/wp\/v2\/posts\/18297\/revisions"}],"predecessor-version":[{"id":18300,"href":"https:\/\/www.cidademarketing.com.br\/marketing\/wp-json\/wp\/v2\/posts\/18297\/revisions\/18300"}],"wp:featuredmedia":[{"embeddable":true,"href":"https:\/\/www.cidademarketing.com.br\/marketing\/wp-json\/wp\/v2\/media\/18298"}],"wp:attachment":[{"href":"https:\/\/www.cidademarketing.com.br\/marketing\/wp-json\/wp\/v2\/media?parent=18297"}],"wp:term":[{"taxonomy":"category","embeddable":true,"href":"https:\/\/www.cidademarketing.com.br\/marketing\/wp-json\/wp\/v2\/categories?post=18297"},{"taxonomy":"post_tag","embeddable":true,"href":"https:\/\/www.cidademarketing.com.br\/marketing\/wp-json\/wp\/v2\/tags?post=18297"}],"curies":[{"name":"wp","href":"https:\/\/api.w.org\/{rel}","templated":true}]}}