{"id":18272,"date":"2020-08-26T20:49:36","date_gmt":"2020-08-26T23:49:36","guid":{"rendered":"https:\/\/www.cidademarketing.com.br\/marketing\/?p=18272"},"modified":"2020-08-26T21:13:20","modified_gmt":"2020-08-27T00:13:20","slug":"terceira-secao-rejeita-recurso-da-google-contra-fornecimento-de-dados-no-caso-marielle-franco","status":"publish","type":"post","link":"https:\/\/www.cidademarketing.com.br\/marketing\/2020\/08\/26\/terceira-secao-rejeita-recurso-da-google-contra-fornecimento-de-dados-no-caso-marielle-franco\/","title":{"rendered":"STJ: Terceira Se\u00e7\u00e3o rejeita recurso da Google contra fornecimento de dados no caso Marielle Franco"},"content":{"rendered":"\n<p>Por maioria, a Terceira Se\u00e7\u00e3o do Superior Tribunal de Justi\u00e7a (STJ) negou provimento a um recurso da Google Brasil Internet e manteve decis\u00e3o que determinou \u00e0 empresa o fornecimento de informa\u00e7\u00f5es de usu\u00e1rios de seus servi\u00e7os no \u00e2mbito das investiga\u00e7\u00f5es sobre a morte da vereadora Marielle Franco e de seu motorista, Anderson Gomes, ocorrida em 14 de mar\u00e7o de 2018, no Rio de Janeiro.<\/p>\n\n\n\n<p>Segundo o ministro Rogerio Schietti Cruz, relator, para a quebra do sigilo de dados armazenados, de forma aut\u00f4noma ou associada a outras informa\u00e7\u00f5es pessoais, a autoridade judici\u00e1ria n\u00e3o \u00e9 obrigada a indicar previamente as pessoas que est\u00e3o sendo investigadas, at\u00e9 porque o objetivo da medida \u00e9 justamente proporcionar a identifica\u00e7\u00e3o de usu\u00e1rios do servi\u00e7o ou de terminais utilizados.<\/p>\n\n\n\n<p>A Google questionou decis\u00e3o da 4\u00aa Vara Criminal da Comarca do Rio de Janeiro que lhe determinou, em fevereiro de 2019, que fornecesse informa\u00e7\u00f5es sobre quem transitou por certos locais do Rio de Janeiro, a partir dos dados de busca e de acesso em seus aplicativos.<\/p>\n\n\n\n<p>Para a provedora, o ordenamento jur\u00eddico brasileiro n\u00e3o admite quebras de sigilo e intercepta\u00e7\u00f5es gen\u00e9ricas, sem a individualiza\u00e7\u00e3o das pessoas afetadas. A Google alegou que a medida, determinada de forma gen\u00e9rica, \u00e9 desproporcional.<\/p>\n\n\n\n<h2 class=\"wp-block-heading\">Preco\u200b\u200bnceitos<\/h2>\n\n\n\n<p>De acordo com o ministro Rogerio Schietti, a medida n\u00e3o imp\u00f5e risco desmedido \u00e0 privacidade e \u00e0 intimidade dos usu\u00e1rios, e \u00e9 preciso levar em conta as particularidades do caso.<\/p>\n\n\n\n<p>&#8220;Este assassinato, ao que se pode inferir da narrativa sobre o fato, foi cometido em raz\u00e3o n\u00e3o apenas da atividade da parlamentar Marielle Franco, em defesa dos direitos humanos. Tudo indica tenha sido tamb\u00e9m motivado porque essa pauta era conduzida por uma mulher, vinda da periferia, negra e l\u00e9sbica \u2013 ingredientes que, em uma cultura patriarcal, mis\u00f3gina, racista e preconceituosa, potencializaram a rea\u00e7\u00e3o de quem se sentia incomodado&#8221;, afirmou.<\/p>\n\n\n\n<p>De acordo com o ministro, nesse contexto, a quebra do sigilo de dados inform\u00e1ticos para auxiliar a investiga\u00e7\u00e3o do crime n\u00e3o \u00e9 medida desproporcional, e a obten\u00e7\u00e3o das informa\u00e7\u00f5es pelas autoridades respons\u00e1veis pelo caso n\u00e3o ter\u00e1 reflexos significativos nos direitos fundamentais das pessoas abrangidas pela determina\u00e7\u00e3o.<\/p>\n\n\n\n<h2 class=\"wp-block-heading\">Direito n\u00e3o ab\u200b\u200bsoluto<\/h2>\n\n\n\n<p>Schietti comentou que, em uma sociedade na qual a informa\u00e7\u00e3o \u00e9 compartilhada cada vez com maior velocidade, nada mais natural do que a preocupa\u00e7\u00e3o do indiv\u00edduo em assegurar que os fatos inerentes \u00e0 sua vida pessoal sejam protegidos, mas \u00e9 preciso ter em mente que o direito ao sigilo n\u00e3o \u00e9 absoluto, admitindo-se a sua restri\u00e7\u00e3o quando imprescind\u00edvel para o interesse p\u00fablico.<\/p>\n\n\n\n<p>Ele lembrou que, segundo a jurisprud\u00eancia do STJ, \u00e9 poss\u00edvel afastar a prote\u00e7\u00e3o do direito ao sigilo quando presentes circunst\u00e2ncias que denotem a exist\u00eancia de interesse p\u00fablico relevante, por meio de decis\u00e3o proferida por autoridade judicial competente, suficientemente fundamentada, na qual se justifique a necessidade da medida para fins de investiga\u00e7\u00e3o criminal ou de instru\u00e7\u00e3o processual criminal.<\/p>\n\n\n\n<h2 class=\"wp-block-heading\">Distin\u00e7\u00e3o concei\u200btual<\/h2>\n\n\n\n<p>O ministro refutou as alega\u00e7\u00f5es da Google de que a medida seria gen\u00e9rica e afetaria um n\u00famero elevado de pessoas, sem a correta indica\u00e7\u00e3o de suspeitos.<\/p>\n\n\n\n<p>A determina\u00e7\u00e3o do juiz de primeira inst\u00e2ncia, explicou o relator, foi para a quebra de sigilo de dados inform\u00e1ticos est\u00e1ticos, referentes \u00e0 identifica\u00e7\u00e3o de usu\u00e1rios de aplicativos em determinado per\u00edmetro geogr\u00e1fico, diferentemente do que ocorre com as intercepta\u00e7\u00f5es, as quais d\u00e3o conhecimento do conte\u00fado da comunica\u00e7\u00e3o travada com o destinat\u00e1rio.<\/p>\n\n\n\n<p>&#8220;H\u00e1 uma distin\u00e7\u00e3o conceitual entre a quebra de sigilo de dados armazenados e a intercepta\u00e7\u00e3o do fluxo de comunica\u00e7\u00f5es&#8221;, afirmou o ministro. &#8220;O ordenamento jur\u00eddico brasileiro tutela de maneira diferente o conte\u00fado das comunica\u00e7\u00f5es mantidas entre indiv\u00edduos e, a seu turno, as informa\u00e7\u00f5es de conex\u00e3o e de acesso a aplica\u00e7\u00f5es de internet, garantindo prote\u00e7\u00e3o tamb\u00e9m a essa segunda categoria de dados, ainda que em dimens\u00e3o n\u00e3o t\u00e3o ampla.&#8221;<\/p>\n\n\n\n<p>Rogerio Schietti lembrou que, segundo os&nbsp;<a href=\"http:\/\/www.planalto.gov.br\/ccivil_03\/_ato2011-2014\/2014\/lei\/l12965.htm#art22\" target=\"_blank\" rel=\"noreferrer noopener\"><strong>artigos 22 e 23<\/strong><\/a>&nbsp;do Marco Civil da Internet, na ordem judicial para o fornecimento de registros de conex\u00e3o ou acesso n\u00e3o \u00e9 indispens\u00e1vel a individualiza\u00e7\u00e3o das pessoas. &#8220;Tal exig\u00eancia, por certo, revelar-se-ia verdadeiro contrassenso, na medida em que o objetivo da lei \u00e9 possibilitar essa identifica\u00e7\u00e3o&#8221;, concluiu o relator.<\/p>\n\n\n\n<p><em>O n\u00famero deste processo n\u00e3o \u00e9 divulgado em raz\u00e3o de segredo judicial.<\/em><\/p>\n\n\n\n<p>CidadeMarketing com informa\u00e7\u00f5es do STJ.<\/p>\n","protected":false},"excerpt":{"rendered":"<p>Por maioria, a Terceira Se\u00e7\u00e3o do Superior Tribunal de Justi\u00e7a (STJ) negou provimento a um recurso da Google Brasil Internet e manteve decis\u00e3o que determinou \u00e0 empresa o fornecimento de informa\u00e7\u00f5es de usu\u00e1rios de seus servi\u00e7os no \u00e2mbito das investiga\u00e7\u00f5es sobre a morte da vereadora Marielle Franco e de seu motorista, Anderson Gomes, ocorrida em [&hellip;]<\/p>\n","protected":false},"author":1,"featured_media":3824,"comment_status":"open","ping_status":"open","sticky":false,"template":"","format":"standard","meta":{"tdm_status":"","tdm_grid_status":"","footnotes":""},"categories":[11,6],"tags":[33,128,3325,28,26],"class_list":["post-18272","post","type-post","status-publish","format-standard","has-post-thumbnail","hentry","category-digital","category-noticias","tag-estrategia","tag-google","tag-marielle-franco","tag-marketing","tag-marketing-digital"],"yoast_head":"<!-- This site is optimized with the Yoast SEO plugin v27.5 - https:\/\/yoast.com\/product\/yoast-seo-wordpress\/ -->\n<title>STJ: Terceira Se\u00e7\u00e3o rejeita recurso da Google contra fornecimento de dados no caso Marielle Franco - CidadeMarketing<\/title>\n<meta name=\"robots\" content=\"index, follow, max-snippet:-1, max-image-preview:large, max-video-preview:-1\" \/>\n<link rel=\"canonical\" href=\"https:\/\/www.cidademarketing.com.br\/marketing\/2020\/08\/26\/terceira-secao-rejeita-recurso-da-google-contra-fornecimento-de-dados-no-caso-marielle-franco\/\" \/>\n<meta property=\"og:locale\" content=\"pt_BR\" \/>\n<meta property=\"og:type\" content=\"article\" \/>\n<meta property=\"og:title\" content=\"STJ: Terceira Se\u00e7\u00e3o rejeita recurso da Google contra fornecimento de dados no caso Marielle Franco - CidadeMarketing\" \/>\n<meta property=\"og:description\" content=\"Por maioria, a Terceira Se\u00e7\u00e3o do Superior Tribunal de Justi\u00e7a (STJ) negou provimento a um recurso da Google Brasil Internet e manteve decis\u00e3o que determinou \u00e0 empresa o fornecimento de informa\u00e7\u00f5es de usu\u00e1rios de seus servi\u00e7os no \u00e2mbito das investiga\u00e7\u00f5es sobre a morte da vereadora Marielle Franco e de seu motorista, Anderson Gomes, ocorrida em [&hellip;]\" \/>\n<meta property=\"og:url\" content=\"https:\/\/www.cidademarketing.com.br\/marketing\/2020\/08\/26\/terceira-secao-rejeita-recurso-da-google-contra-fornecimento-de-dados-no-caso-marielle-franco\/\" \/>\n<meta property=\"og:site_name\" content=\"CidadeMarketing\" \/>\n<meta property=\"article:publisher\" content=\"https:\/\/www.facebook.com\/portalcidademarketing\" \/>\n<meta property=\"article:author\" content=\"https:\/\/www.facebook.com\/thalesbrandao\" \/>\n<meta property=\"article:published_time\" content=\"2020-08-26T23:49:36+00:00\" \/>\n<meta property=\"article:modified_time\" content=\"2020-08-27T00:13:20+00:00\" \/>\n<meta property=\"og:image\" content=\"https:\/\/www.cidademarketing.com.br\/marketing\/wp-content\/uploads\/2018\/12\/google.jpg\" \/>\n\t<meta property=\"og:image:width\" content=\"504\" \/>\n\t<meta property=\"og:image:height\" content=\"414\" \/>\n\t<meta property=\"og:image:type\" content=\"image\/jpeg\" \/>\n<meta name=\"author\" content=\"Thales Brand\u00e3o\" \/>\n<meta name=\"twitter:card\" content=\"summary_large_image\" \/>\n<meta name=\"twitter:creator\" content=\"@http:\/\/www.twitter.com\/thalesbrandao\" \/>\n<meta name=\"twitter:site\" content=\"@CidadeMarketing\" \/>\n<meta name=\"twitter:label1\" content=\"Escrito por\" \/>\n\t<meta name=\"twitter:data1\" content=\"Thales Brand\u00e3o\" \/>\n\t<meta name=\"twitter:label2\" content=\"Est. tempo de leitura\" \/>\n\t<meta name=\"twitter:data2\" content=\"4 minutos\" \/>\n<script type=\"application\/ld+json\" class=\"yoast-schema-graph\">{\"@context\":\"https:\\\/\\\/schema.org\",\"@graph\":[{\"@type\":\"Article\",\"@id\":\"https:\\\/\\\/www.cidademarketing.com.br\\\/marketing\\\/2020\\\/08\\\/26\\\/terceira-secao-rejeita-recurso-da-google-contra-fornecimento-de-dados-no-caso-marielle-franco\\\/#article\",\"isPartOf\":{\"@id\":\"https:\\\/\\\/www.cidademarketing.com.br\\\/marketing\\\/2020\\\/08\\\/26\\\/terceira-secao-rejeita-recurso-da-google-contra-fornecimento-de-dados-no-caso-marielle-franco\\\/\"},\"author\":{\"name\":\"Thales Brand\u00e3o\",\"@id\":\"https:\\\/\\\/www.cidademarketing.com.br\\\/marketing\\\/#\\\/schema\\\/person\\\/02daff9f18bd9378c9e01eb6b2db155f\"},\"headline\":\"STJ: Terceira Se\u00e7\u00e3o rejeita recurso da Google contra fornecimento de dados no caso Marielle Franco\",\"datePublished\":\"2020-08-26T23:49:36+00:00\",\"dateModified\":\"2020-08-27T00:13:20+00:00\",\"mainEntityOfPage\":{\"@id\":\"https:\\\/\\\/www.cidademarketing.com.br\\\/marketing\\\/2020\\\/08\\\/26\\\/terceira-secao-rejeita-recurso-da-google-contra-fornecimento-de-dados-no-caso-marielle-franco\\\/\"},\"wordCount\":786,\"commentCount\":0,\"publisher\":{\"@id\":\"https:\\\/\\\/www.cidademarketing.com.br\\\/marketing\\\/#organization\"},\"image\":{\"@id\":\"https:\\\/\\\/www.cidademarketing.com.br\\\/marketing\\\/2020\\\/08\\\/26\\\/terceira-secao-rejeita-recurso-da-google-contra-fornecimento-de-dados-no-caso-marielle-franco\\\/#primaryimage\"},\"thumbnailUrl\":\"https:\\\/\\\/www.cidademarketing.com.br\\\/marketing\\\/wp-content\\\/uploads\\\/2018\\\/12\\\/google.jpg\",\"keywords\":[\"estrat\u00e9gia\",\"Google\",\"Marielle Franco\",\"marketing\",\"marketing digital\"],\"articleSection\":[\"Digital\",\"Not\u00edcias\"],\"inLanguage\":\"pt-BR\",\"potentialAction\":[{\"@type\":\"CommentAction\",\"name\":\"Comment\",\"target\":[\"https:\\\/\\\/www.cidademarketing.com.br\\\/marketing\\\/2020\\\/08\\\/26\\\/terceira-secao-rejeita-recurso-da-google-contra-fornecimento-de-dados-no-caso-marielle-franco\\\/#respond\"]}]},{\"@type\":\"WebPage\",\"@id\":\"https:\\\/\\\/www.cidademarketing.com.br\\\/marketing\\\/2020\\\/08\\\/26\\\/terceira-secao-rejeita-recurso-da-google-contra-fornecimento-de-dados-no-caso-marielle-franco\\\/\",\"url\":\"https:\\\/\\\/www.cidademarketing.com.br\\\/marketing\\\/2020\\\/08\\\/26\\\/terceira-secao-rejeita-recurso-da-google-contra-fornecimento-de-dados-no-caso-marielle-franco\\\/\",\"name\":\"STJ: Terceira Se\u00e7\u00e3o rejeita recurso da Google contra fornecimento de dados no caso Marielle Franco - CidadeMarketing\",\"isPartOf\":{\"@id\":\"https:\\\/\\\/www.cidademarketing.com.br\\\/marketing\\\/#website\"},\"primaryImageOfPage\":{\"@id\":\"https:\\\/\\\/www.cidademarketing.com.br\\\/marketing\\\/2020\\\/08\\\/26\\\/terceira-secao-rejeita-recurso-da-google-contra-fornecimento-de-dados-no-caso-marielle-franco\\\/#primaryimage\"},\"image\":{\"@id\":\"https:\\\/\\\/www.cidademarketing.com.br\\\/marketing\\\/2020\\\/08\\\/26\\\/terceira-secao-rejeita-recurso-da-google-contra-fornecimento-de-dados-no-caso-marielle-franco\\\/#primaryimage\"},\"thumbnailUrl\":\"https:\\\/\\\/www.cidademarketing.com.br\\\/marketing\\\/wp-content\\\/uploads\\\/2018\\\/12\\\/google.jpg\",\"datePublished\":\"2020-08-26T23:49:36+00:00\",\"dateModified\":\"2020-08-27T00:13:20+00:00\",\"breadcrumb\":{\"@id\":\"https:\\\/\\\/www.cidademarketing.com.br\\\/marketing\\\/2020\\\/08\\\/26\\\/terceira-secao-rejeita-recurso-da-google-contra-fornecimento-de-dados-no-caso-marielle-franco\\\/#breadcrumb\"},\"inLanguage\":\"pt-BR\",\"potentialAction\":[{\"@type\":\"ReadAction\",\"target\":[\"https:\\\/\\\/www.cidademarketing.com.br\\\/marketing\\\/2020\\\/08\\\/26\\\/terceira-secao-rejeita-recurso-da-google-contra-fornecimento-de-dados-no-caso-marielle-franco\\\/\"]}]},{\"@type\":\"ImageObject\",\"inLanguage\":\"pt-BR\",\"@id\":\"https:\\\/\\\/www.cidademarketing.com.br\\\/marketing\\\/2020\\\/08\\\/26\\\/terceira-secao-rejeita-recurso-da-google-contra-fornecimento-de-dados-no-caso-marielle-franco\\\/#primaryimage\",\"url\":\"https:\\\/\\\/www.cidademarketing.com.br\\\/marketing\\\/wp-content\\\/uploads\\\/2018\\\/12\\\/google.jpg\",\"contentUrl\":\"https:\\\/\\\/www.cidademarketing.com.br\\\/marketing\\\/wp-content\\\/uploads\\\/2018\\\/12\\\/google.jpg\",\"width\":504,\"height\":414},{\"@type\":\"BreadcrumbList\",\"@id\":\"https:\\\/\\\/www.cidademarketing.com.br\\\/marketing\\\/2020\\\/08\\\/26\\\/terceira-secao-rejeita-recurso-da-google-contra-fornecimento-de-dados-no-caso-marielle-franco\\\/#breadcrumb\",\"itemListElement\":[{\"@type\":\"ListItem\",\"position\":1,\"name\":\"In\u00edcio\",\"item\":\"https:\\\/\\\/www.cidademarketing.com.br\\\/marketing\\\/\"},{\"@type\":\"ListItem\",\"position\":2,\"name\":\"STJ: Terceira Se\u00e7\u00e3o rejeita recurso da Google contra fornecimento de dados no caso Marielle Franco\"}]},{\"@type\":\"WebSite\",\"@id\":\"https:\\\/\\\/www.cidademarketing.com.br\\\/marketing\\\/#website\",\"url\":\"https:\\\/\\\/www.cidademarketing.com.br\\\/marketing\\\/\",\"name\":\"CidadeMarketing\",\"description\":\"Somos um ve\u00edculo de comunica\u00e7\u00e3o de destaque no Brasil, reconhecido por conte\u00fados nos segmentos de marketing, empreendedorismo e inova\u00e7\u00e3o.\",\"publisher\":{\"@id\":\"https:\\\/\\\/www.cidademarketing.com.br\\\/marketing\\\/#organization\"},\"alternateName\":\"CidadeMarketing\",\"potentialAction\":[{\"@type\":\"SearchAction\",\"target\":{\"@type\":\"EntryPoint\",\"urlTemplate\":\"https:\\\/\\\/www.cidademarketing.com.br\\\/marketing\\\/?s={search_term_string}\"},\"query-input\":{\"@type\":\"PropertyValueSpecification\",\"valueRequired\":true,\"valueName\":\"search_term_string\"}}],\"inLanguage\":\"pt-BR\"},{\"@type\":\"Organization\",\"@id\":\"https:\\\/\\\/www.cidademarketing.com.br\\\/marketing\\\/#organization\",\"name\":\"CidadeMarketing\",\"alternateName\":\"CidadeMarketing\",\"url\":\"https:\\\/\\\/www.cidademarketing.com.br\\\/marketing\\\/\",\"logo\":{\"@type\":\"ImageObject\",\"inLanguage\":\"pt-BR\",\"@id\":\"https:\\\/\\\/www.cidademarketing.com.br\\\/marketing\\\/#\\\/schema\\\/logo\\\/image\\\/\",\"url\":\"https:\\\/\\\/www.cidademarketing.com.br\\\/marketing\\\/wp-content\\\/uploads\\\/2020\\\/01\\\/cidademarketing_marca_mobile.png\",\"contentUrl\":\"https:\\\/\\\/www.cidademarketing.com.br\\\/marketing\\\/wp-content\\\/uploads\\\/2020\\\/01\\\/cidademarketing_marca_mobile.png\",\"width\":230,\"height\":92,\"caption\":\"CidadeMarketing\"},\"image\":{\"@id\":\"https:\\\/\\\/www.cidademarketing.com.br\\\/marketing\\\/#\\\/schema\\\/logo\\\/image\\\/\"},\"sameAs\":[\"https:\\\/\\\/www.facebook.com\\\/portalcidademarketing\",\"https:\\\/\\\/x.com\\\/CidadeMarketing\",\"https:\\\/\\\/www.instagram.com\\\/cidademarketing\\\/\"]},{\"@type\":\"Person\",\"@id\":\"https:\\\/\\\/www.cidademarketing.com.br\\\/marketing\\\/#\\\/schema\\\/person\\\/02daff9f18bd9378c9e01eb6b2db155f\",\"name\":\"Thales Brand\u00e3o\",\"image\":{\"@type\":\"ImageObject\",\"inLanguage\":\"pt-BR\",\"@id\":\"https:\\\/\\\/secure.gravatar.com\\\/avatar\\\/7ca3206950207cc3cb48feec56a8a7898741ab725c368d99d5d7a5a50aab80c6?s=96&d=mm&r=g\",\"url\":\"https:\\\/\\\/secure.gravatar.com\\\/avatar\\\/7ca3206950207cc3cb48feec56a8a7898741ab725c368d99d5d7a5a50aab80c6?s=96&d=mm&r=g\",\"contentUrl\":\"https:\\\/\\\/secure.gravatar.com\\\/avatar\\\/7ca3206950207cc3cb48feec56a8a7898741ab725c368d99d5d7a5a50aab80c6?s=96&d=mm&r=g\",\"caption\":\"Thales Brand\u00e3o\"},\"description\":\"Editor Executivo do Portal CidadeMarketing.com.br &gt; Mestre em Comunica\u00e7\u00e3o e Sociedade pela Universidade Federal de Sergipe. Possui MBA Executivo em Administra\u00e7\u00e3o com \u00eanfase em Marketing pela Funda\u00e7\u00e3o Get\u00falio Vargas - Rio de Janeiro. Consultor, Palestrante e Pesquisador sobre Empreendedorismo, Marketing, Redes Sociais e Neg\u00f3cios Digitais. Professor, Palestrante TedxTalks e Campus Party. Twitter: @ThalesBrandao\",\"sameAs\":[\"http:\\\/\\\/www.mandacaru.com.br\",\"https:\\\/\\\/www.facebook.com\\\/thalesbrandao\",\"http:\\\/\\\/www.instagram.com.br\\\/thalesbrandaoferreira\",\"https:\\\/\\\/www.linkedin.com\\\/in\\\/thales-brand\u00e3o-3948609\\\/\",\"https:\\\/\\\/x.com\\\/http:\\\/\\\/www.twitter.com\\\/thalesbrandao\"],\"url\":\"https:\\\/\\\/www.cidademarketing.com.br\\\/marketing\\\/author\\\/thalesbrandao\\\/\"}]}<\/script>\n<!-- \/ Yoast SEO plugin. -->","yoast_head_json":{"title":"STJ: Terceira Se\u00e7\u00e3o rejeita recurso da Google contra fornecimento de dados no caso Marielle Franco - CidadeMarketing","robots":{"index":"index","follow":"follow","max-snippet":"max-snippet:-1","max-image-preview":"max-image-preview:large","max-video-preview":"max-video-preview:-1"},"canonical":"https:\/\/www.cidademarketing.com.br\/marketing\/2020\/08\/26\/terceira-secao-rejeita-recurso-da-google-contra-fornecimento-de-dados-no-caso-marielle-franco\/","og_locale":"pt_BR","og_type":"article","og_title":"STJ: Terceira Se\u00e7\u00e3o rejeita recurso da Google contra fornecimento de dados no caso Marielle Franco - CidadeMarketing","og_description":"Por maioria, a Terceira Se\u00e7\u00e3o do Superior Tribunal de Justi\u00e7a (STJ) negou provimento a um recurso da Google Brasil Internet e manteve decis\u00e3o que determinou \u00e0 empresa o fornecimento de informa\u00e7\u00f5es de usu\u00e1rios de seus servi\u00e7os no \u00e2mbito das investiga\u00e7\u00f5es sobre a morte da vereadora Marielle Franco e de seu motorista, Anderson Gomes, ocorrida em [&hellip;]","og_url":"https:\/\/www.cidademarketing.com.br\/marketing\/2020\/08\/26\/terceira-secao-rejeita-recurso-da-google-contra-fornecimento-de-dados-no-caso-marielle-franco\/","og_site_name":"CidadeMarketing","article_publisher":"https:\/\/www.facebook.com\/portalcidademarketing","article_author":"https:\/\/www.facebook.com\/thalesbrandao","article_published_time":"2020-08-26T23:49:36+00:00","article_modified_time":"2020-08-27T00:13:20+00:00","og_image":[{"width":504,"height":414,"url":"https:\/\/www.cidademarketing.com.br\/marketing\/wp-content\/uploads\/2018\/12\/google.jpg","type":"image\/jpeg"}],"author":"Thales Brand\u00e3o","twitter_card":"summary_large_image","twitter_creator":"@http:\/\/www.twitter.com\/thalesbrandao","twitter_site":"@CidadeMarketing","twitter_misc":{"Escrito por":"Thales Brand\u00e3o","Est. tempo de leitura":"4 minutos"},"schema":{"@context":"https:\/\/schema.org","@graph":[{"@type":"Article","@id":"https:\/\/www.cidademarketing.com.br\/marketing\/2020\/08\/26\/terceira-secao-rejeita-recurso-da-google-contra-fornecimento-de-dados-no-caso-marielle-franco\/#article","isPartOf":{"@id":"https:\/\/www.cidademarketing.com.br\/marketing\/2020\/08\/26\/terceira-secao-rejeita-recurso-da-google-contra-fornecimento-de-dados-no-caso-marielle-franco\/"},"author":{"name":"Thales Brand\u00e3o","@id":"https:\/\/www.cidademarketing.com.br\/marketing\/#\/schema\/person\/02daff9f18bd9378c9e01eb6b2db155f"},"headline":"STJ: Terceira Se\u00e7\u00e3o rejeita recurso da Google contra fornecimento de dados no caso Marielle Franco","datePublished":"2020-08-26T23:49:36+00:00","dateModified":"2020-08-27T00:13:20+00:00","mainEntityOfPage":{"@id":"https:\/\/www.cidademarketing.com.br\/marketing\/2020\/08\/26\/terceira-secao-rejeita-recurso-da-google-contra-fornecimento-de-dados-no-caso-marielle-franco\/"},"wordCount":786,"commentCount":0,"publisher":{"@id":"https:\/\/www.cidademarketing.com.br\/marketing\/#organization"},"image":{"@id":"https:\/\/www.cidademarketing.com.br\/marketing\/2020\/08\/26\/terceira-secao-rejeita-recurso-da-google-contra-fornecimento-de-dados-no-caso-marielle-franco\/#primaryimage"},"thumbnailUrl":"https:\/\/www.cidademarketing.com.br\/marketing\/wp-content\/uploads\/2018\/12\/google.jpg","keywords":["estrat\u00e9gia","Google","Marielle Franco","marketing","marketing digital"],"articleSection":["Digital","Not\u00edcias"],"inLanguage":"pt-BR","potentialAction":[{"@type":"CommentAction","name":"Comment","target":["https:\/\/www.cidademarketing.com.br\/marketing\/2020\/08\/26\/terceira-secao-rejeita-recurso-da-google-contra-fornecimento-de-dados-no-caso-marielle-franco\/#respond"]}]},{"@type":"WebPage","@id":"https:\/\/www.cidademarketing.com.br\/marketing\/2020\/08\/26\/terceira-secao-rejeita-recurso-da-google-contra-fornecimento-de-dados-no-caso-marielle-franco\/","url":"https:\/\/www.cidademarketing.com.br\/marketing\/2020\/08\/26\/terceira-secao-rejeita-recurso-da-google-contra-fornecimento-de-dados-no-caso-marielle-franco\/","name":"STJ: Terceira Se\u00e7\u00e3o rejeita recurso da Google contra fornecimento de dados no caso Marielle Franco - CidadeMarketing","isPartOf":{"@id":"https:\/\/www.cidademarketing.com.br\/marketing\/#website"},"primaryImageOfPage":{"@id":"https:\/\/www.cidademarketing.com.br\/marketing\/2020\/08\/26\/terceira-secao-rejeita-recurso-da-google-contra-fornecimento-de-dados-no-caso-marielle-franco\/#primaryimage"},"image":{"@id":"https:\/\/www.cidademarketing.com.br\/marketing\/2020\/08\/26\/terceira-secao-rejeita-recurso-da-google-contra-fornecimento-de-dados-no-caso-marielle-franco\/#primaryimage"},"thumbnailUrl":"https:\/\/www.cidademarketing.com.br\/marketing\/wp-content\/uploads\/2018\/12\/google.jpg","datePublished":"2020-08-26T23:49:36+00:00","dateModified":"2020-08-27T00:13:20+00:00","breadcrumb":{"@id":"https:\/\/www.cidademarketing.com.br\/marketing\/2020\/08\/26\/terceira-secao-rejeita-recurso-da-google-contra-fornecimento-de-dados-no-caso-marielle-franco\/#breadcrumb"},"inLanguage":"pt-BR","potentialAction":[{"@type":"ReadAction","target":["https:\/\/www.cidademarketing.com.br\/marketing\/2020\/08\/26\/terceira-secao-rejeita-recurso-da-google-contra-fornecimento-de-dados-no-caso-marielle-franco\/"]}]},{"@type":"ImageObject","inLanguage":"pt-BR","@id":"https:\/\/www.cidademarketing.com.br\/marketing\/2020\/08\/26\/terceira-secao-rejeita-recurso-da-google-contra-fornecimento-de-dados-no-caso-marielle-franco\/#primaryimage","url":"https:\/\/www.cidademarketing.com.br\/marketing\/wp-content\/uploads\/2018\/12\/google.jpg","contentUrl":"https:\/\/www.cidademarketing.com.br\/marketing\/wp-content\/uploads\/2018\/12\/google.jpg","width":504,"height":414},{"@type":"BreadcrumbList","@id":"https:\/\/www.cidademarketing.com.br\/marketing\/2020\/08\/26\/terceira-secao-rejeita-recurso-da-google-contra-fornecimento-de-dados-no-caso-marielle-franco\/#breadcrumb","itemListElement":[{"@type":"ListItem","position":1,"name":"In\u00edcio","item":"https:\/\/www.cidademarketing.com.br\/marketing\/"},{"@type":"ListItem","position":2,"name":"STJ: Terceira Se\u00e7\u00e3o rejeita recurso da Google contra fornecimento de dados no caso Marielle Franco"}]},{"@type":"WebSite","@id":"https:\/\/www.cidademarketing.com.br\/marketing\/#website","url":"https:\/\/www.cidademarketing.com.br\/marketing\/","name":"CidadeMarketing","description":"Somos um ve\u00edculo de comunica\u00e7\u00e3o de destaque no Brasil, reconhecido por conte\u00fados nos segmentos de marketing, empreendedorismo e inova\u00e7\u00e3o.","publisher":{"@id":"https:\/\/www.cidademarketing.com.br\/marketing\/#organization"},"alternateName":"CidadeMarketing","potentialAction":[{"@type":"SearchAction","target":{"@type":"EntryPoint","urlTemplate":"https:\/\/www.cidademarketing.com.br\/marketing\/?s={search_term_string}"},"query-input":{"@type":"PropertyValueSpecification","valueRequired":true,"valueName":"search_term_string"}}],"inLanguage":"pt-BR"},{"@type":"Organization","@id":"https:\/\/www.cidademarketing.com.br\/marketing\/#organization","name":"CidadeMarketing","alternateName":"CidadeMarketing","url":"https:\/\/www.cidademarketing.com.br\/marketing\/","logo":{"@type":"ImageObject","inLanguage":"pt-BR","@id":"https:\/\/www.cidademarketing.com.br\/marketing\/#\/schema\/logo\/image\/","url":"https:\/\/www.cidademarketing.com.br\/marketing\/wp-content\/uploads\/2020\/01\/cidademarketing_marca_mobile.png","contentUrl":"https:\/\/www.cidademarketing.com.br\/marketing\/wp-content\/uploads\/2020\/01\/cidademarketing_marca_mobile.png","width":230,"height":92,"caption":"CidadeMarketing"},"image":{"@id":"https:\/\/www.cidademarketing.com.br\/marketing\/#\/schema\/logo\/image\/"},"sameAs":["https:\/\/www.facebook.com\/portalcidademarketing","https:\/\/x.com\/CidadeMarketing","https:\/\/www.instagram.com\/cidademarketing\/"]},{"@type":"Person","@id":"https:\/\/www.cidademarketing.com.br\/marketing\/#\/schema\/person\/02daff9f18bd9378c9e01eb6b2db155f","name":"Thales Brand\u00e3o","image":{"@type":"ImageObject","inLanguage":"pt-BR","@id":"https:\/\/secure.gravatar.com\/avatar\/7ca3206950207cc3cb48feec56a8a7898741ab725c368d99d5d7a5a50aab80c6?s=96&d=mm&r=g","url":"https:\/\/secure.gravatar.com\/avatar\/7ca3206950207cc3cb48feec56a8a7898741ab725c368d99d5d7a5a50aab80c6?s=96&d=mm&r=g","contentUrl":"https:\/\/secure.gravatar.com\/avatar\/7ca3206950207cc3cb48feec56a8a7898741ab725c368d99d5d7a5a50aab80c6?s=96&d=mm&r=g","caption":"Thales Brand\u00e3o"},"description":"Editor Executivo do Portal CidadeMarketing.com.br &gt; Mestre em Comunica\u00e7\u00e3o e Sociedade pela Universidade Federal de Sergipe. Possui MBA Executivo em Administra\u00e7\u00e3o com \u00eanfase em Marketing pela Funda\u00e7\u00e3o Get\u00falio Vargas - Rio de Janeiro. Consultor, Palestrante e Pesquisador sobre Empreendedorismo, Marketing, Redes Sociais e Neg\u00f3cios Digitais. Professor, Palestrante TedxTalks e Campus Party. Twitter: @ThalesBrandao","sameAs":["http:\/\/www.mandacaru.com.br","https:\/\/www.facebook.com\/thalesbrandao","http:\/\/www.instagram.com.br\/thalesbrandaoferreira","https:\/\/www.linkedin.com\/in\/thales-brand\u00e3o-3948609\/","https:\/\/x.com\/http:\/\/www.twitter.com\/thalesbrandao"],"url":"https:\/\/www.cidademarketing.com.br\/marketing\/author\/thalesbrandao\/"}]}},"amp_enabled":true,"_links":{"self":[{"href":"https:\/\/www.cidademarketing.com.br\/marketing\/wp-json\/wp\/v2\/posts\/18272","targetHints":{"allow":["GET"]}}],"collection":[{"href":"https:\/\/www.cidademarketing.com.br\/marketing\/wp-json\/wp\/v2\/posts"}],"about":[{"href":"https:\/\/www.cidademarketing.com.br\/marketing\/wp-json\/wp\/v2\/types\/post"}],"author":[{"embeddable":true,"href":"https:\/\/www.cidademarketing.com.br\/marketing\/wp-json\/wp\/v2\/users\/1"}],"replies":[{"embeddable":true,"href":"https:\/\/www.cidademarketing.com.br\/marketing\/wp-json\/wp\/v2\/comments?post=18272"}],"version-history":[{"count":2,"href":"https:\/\/www.cidademarketing.com.br\/marketing\/wp-json\/wp\/v2\/posts\/18272\/revisions"}],"predecessor-version":[{"id":18283,"href":"https:\/\/www.cidademarketing.com.br\/marketing\/wp-json\/wp\/v2\/posts\/18272\/revisions\/18283"}],"wp:featuredmedia":[{"embeddable":true,"href":"https:\/\/www.cidademarketing.com.br\/marketing\/wp-json\/wp\/v2\/media\/3824"}],"wp:attachment":[{"href":"https:\/\/www.cidademarketing.com.br\/marketing\/wp-json\/wp\/v2\/media?parent=18272"}],"wp:term":[{"taxonomy":"category","embeddable":true,"href":"https:\/\/www.cidademarketing.com.br\/marketing\/wp-json\/wp\/v2\/categories?post=18272"},{"taxonomy":"post_tag","embeddable":true,"href":"https:\/\/www.cidademarketing.com.br\/marketing\/wp-json\/wp\/v2\/tags?post=18272"}],"curies":[{"name":"wp","href":"https:\/\/api.w.org\/{rel}","templated":true}]}}