{"id":18201,"date":"2020-08-24T21:03:51","date_gmt":"2020-08-25T00:03:51","guid":{"rendered":"https:\/\/www.cidademarketing.com.br\/marketing\/?p=18201"},"modified":"2020-08-24T21:03:56","modified_gmt":"2020-08-25T00:03:56","slug":"em-nova-campanha-bradesco-reforca-que-segue-ao-lado-dos-brasileiros","status":"publish","type":"post","link":"https:\/\/www.cidademarketing.com.br\/marketing\/2020\/08\/24\/em-nova-campanha-bradesco-reforca-que-segue-ao-lado-dos-brasileiros\/","title":{"rendered":"Em nova campanha, Bradesco refor\u00e7a que segue ao lado dos brasileiros"},"content":{"rendered":"\n<p>Meses ap\u00f3s o in\u00edcio do isolamento social, o momento ainda \u00e9 de incertezas. Em alguns dias e lugares, parece que a retomada est\u00e1 mais pr\u00f3xima. Em outros, paira a d\u00favida. \u00c9 esse o tom da nova campanha com a assinatura \u201cReinvente o Futuro\u201d, do Bradesco.&nbsp;<\/p>\n\n\n\n<p>Com cria\u00e7\u00e3o da\u00a0Leo Burnett TM e produ\u00e7\u00e3o da Stink Films, o filme , que segue um tom documental, estreou no\u00a0s\u00e1bado, dia\u00a022. Nas imagens, pessoas tentando manter ou retomar sua rotina: aquelas que est\u00e3o come\u00e7ando a sair de casa, aquelas que nunca pararam e outras voltando aos seus lares. Um dia ap\u00f3s o outro, mas com o banco ao seu lado, para atender \u00e0s necessidades de cada um, seja com\u00a0prazo maior\u00a0para pagar o cr\u00e9dito ou parcelamento da fatura do cart\u00e3o e um app que tem o seu jeito. Ao final, a mensagem: quando ningu\u00e9m sabe o que vem pela frente, \u00e9 preciso estar pronto para tudo.\u00a0<\/p>\n\n\n\n<figure class=\"wp-block-embed-youtube wp-block-embed is-type-video is-provider-youtube wp-embed-aspect-16-9 wp-has-aspect-ratio\"><div class=\"wp-block-embed__wrapper\">\n<div class=\"youtube-embed\" data-video_id=\"cMGtA9CnM2U\"><iframe title=\"#ProntoPraTudo\" width=\"640\" height=\"360\" src=\"https:\/\/www.youtube.com\/embed\/cMGtA9CnM2U?feature=oembed&#038;enablejsapi=1&#038;enablejsapi=1\" frameborder=\"0\" allow=\"accelerometer; autoplay; clipboard-write; encrypted-media; gyroscope; picture-in-picture; web-share\" referrerpolicy=\"strict-origin-when-cross-origin\" allowfullscreen><\/iframe><\/div>\n<\/div><\/figure>\n\n\n\n<p>\u201cA campanha mostra o otimismo respons\u00e1vel do banco com o realismo que coloca as pessoas, e as incertezas com que todos se deparam, no centro da narrativa. Ainda n\u00e3o sabemos ao certo quando a retomada de fato acontecer\u00e1. Mas todos precisam se planejar, para seguir adiante contando com o Bradesco no que est\u00e1 por vir\u201d, explica o diretor de Marketing do banco, M\u00e1rcio Parizotto.&nbsp;<\/p>\n\n\n\n<p>Uma novidade na cria\u00e7\u00e3o da pe\u00e7a foi a escolha de uma locu\u00e7\u00e3o sem o sotaque caracter\u00edstico da regi\u00e3o sudeste. Pela pluralidade do Brasil, foi uma decis\u00e3o para gerar\u00a0ainda\u00a0mais proximidade com o p\u00fablico.\u00a0<\/p>\n\n\n\n<figure class=\"wp-block-gallery columns-2 is-cropped wp-block-gallery-1 is-layout-flex wp-block-gallery-is-layout-flex\"><ul class=\"blocks-gallery-grid\"><li class=\"blocks-gallery-item\"><figure><img fetchpriority=\"high\" decoding=\"async\" width=\"1024\" height=\"576\" src=\"https:\/\/www.cidademarketing.com.br\/marketing\/wp-content\/uploads\/2020\/08\/Frame_Bradesco_01-1024x576.jpg\" alt=\"\" data-id=\"18202\" data-full-url=\"https:\/\/www.cidademarketing.com.br\/marketing\/wp-content\/uploads\/2020\/08\/Frame_Bradesco_01.jpg\" data-link=\"https:\/\/www.cidademarketing.com.br\/marketing\/?attachment_id=18202\" class=\"wp-image-18202\" srcset=\"https:\/\/www.cidademarketing.com.br\/marketing\/wp-content\/uploads\/2020\/08\/Frame_Bradesco_01-1024x576.jpg 1024w, https:\/\/www.cidademarketing.com.br\/marketing\/wp-content\/uploads\/2020\/08\/Frame_Bradesco_01-300x169.jpg 300w, https:\/\/www.cidademarketing.com.br\/marketing\/wp-content\/uploads\/2020\/08\/Frame_Bradesco_01-768x432.jpg 768w, https:\/\/www.cidademarketing.com.br\/marketing\/wp-content\/uploads\/2020\/08\/Frame_Bradesco_01-1536x864.jpg 1536w, https:\/\/www.cidademarketing.com.br\/marketing\/wp-content\/uploads\/2020\/08\/Frame_Bradesco_01-747x420.jpg 747w, https:\/\/www.cidademarketing.com.br\/marketing\/wp-content\/uploads\/2020\/08\/Frame_Bradesco_01-640x360.jpg 640w, https:\/\/www.cidademarketing.com.br\/marketing\/wp-content\/uploads\/2020\/08\/Frame_Bradesco_01-681x383.jpg 681w, https:\/\/www.cidademarketing.com.br\/marketing\/wp-content\/uploads\/2020\/08\/Frame_Bradesco_01.jpg 1920w\" sizes=\"(max-width: 1024px) 100vw, 1024px\" \/><\/figure><\/li><li class=\"blocks-gallery-item\"><figure><img decoding=\"async\" width=\"1024\" height=\"576\" src=\"https:\/\/www.cidademarketing.com.br\/marketing\/wp-content\/uploads\/2020\/08\/Frame_Bradesco_02-1024x576.jpg\" alt=\"\" data-id=\"18203\" data-full-url=\"https:\/\/www.cidademarketing.com.br\/marketing\/wp-content\/uploads\/2020\/08\/Frame_Bradesco_02.jpg\" data-link=\"https:\/\/www.cidademarketing.com.br\/marketing\/?attachment_id=18203\" class=\"wp-image-18203\" srcset=\"https:\/\/www.cidademarketing.com.br\/marketing\/wp-content\/uploads\/2020\/08\/Frame_Bradesco_02-1024x576.jpg 1024w, https:\/\/www.cidademarketing.com.br\/marketing\/wp-content\/uploads\/2020\/08\/Frame_Bradesco_02-300x169.jpg 300w, https:\/\/www.cidademarketing.com.br\/marketing\/wp-content\/uploads\/2020\/08\/Frame_Bradesco_02-768x432.jpg 768w, https:\/\/www.cidademarketing.com.br\/marketing\/wp-content\/uploads\/2020\/08\/Frame_Bradesco_02-1536x864.jpg 1536w, https:\/\/www.cidademarketing.com.br\/marketing\/wp-content\/uploads\/2020\/08\/Frame_Bradesco_02-747x420.jpg 747w, https:\/\/www.cidademarketing.com.br\/marketing\/wp-content\/uploads\/2020\/08\/Frame_Bradesco_02-640x360.jpg 640w, https:\/\/www.cidademarketing.com.br\/marketing\/wp-content\/uploads\/2020\/08\/Frame_Bradesco_02-681x383.jpg 681w, https:\/\/www.cidademarketing.com.br\/marketing\/wp-content\/uploads\/2020\/08\/Frame_Bradesco_02.jpg 1920w\" sizes=\"(max-width: 1024px) 100vw, 1024px\" \/><\/figure><\/li><\/ul><\/figure>\n\n\n\n<p>&#8220;Com uma est\u00e9tica cuidadosa e delicada, o filme traz uma mensagem de esperan\u00e7a para diferentes momentos que enfrentam diferentes brasileiros\u201d, destaca o vice-presidente de cria\u00e7\u00e3o da LBTM, Pedro Prado.&nbsp;<\/p>\n\n\n\n<p>Al\u00e9m do filme para TV aberta e fechada, a campanha conta com an\u00fancios em jornais e revistas, spot de r\u00e1dio, vinhetas, inserts e pe\u00e7as para digital.&nbsp;<\/p>\n\n\n\n<p><strong>Acessibilidade<\/strong>&nbsp;<\/p>\n\n\n\n<p>A campanha tamb\u00e9m \u00e9 acess\u00edvel para&nbsp;pessoas com defici\u00eancia visual e auditiva.&nbsp;Em linha com o prop\u00f3sito do Bradesco de promover a inclus\u00e3o, desde junho todos os filmes publicit\u00e1rios t\u00eam vers\u00f5es com tradu\u00e7\u00e3o em libras e legenda, al\u00e9m de audiodescri\u00e7\u00e3o, em uma playlist exclusiva no canal do Bradesco no YouTube. Dessa forma, o banco democratiza o acesso desse p\u00fablico ao conte\u00fado da marca.&nbsp;&nbsp;<\/p>\n\n\n\n<p><strong><u>FICHA T\u00c9CNICA<\/u><\/strong>&nbsp;<\/p>\n\n\n\n<p><br><strong><u>AG\u00caNCIA:&nbsp;<\/u><\/strong>LEO BURNETT NEO COMUNICAC\u00c3O LTDA&nbsp;<\/p>\n\n\n\n<p><strong><u>T\u00cdTULO:&nbsp;<\/u><\/strong>DIAS&nbsp;<\/p>\n\n\n\n<p><strong><u>PRODUTO:<\/u><\/strong>&nbsp;RETOMADA&nbsp;<\/p>\n\n\n\n<p><strong><u>ANUNCIANTE:&nbsp;<\/u><\/strong>BRADESCO&nbsp;<\/p>\n\n\n\n<p><strong>CCO:&nbsp;<\/strong>MARCELO REIS&nbsp;<\/p>\n\n\n\n<p><strong>VP\/ECD:&nbsp;<\/strong>PEDRO PRADO&nbsp;<\/p>\n\n\n\n<p><strong>DIRETOR GERAL DE CRIA\u00c7\u00c3O:&nbsp;<\/strong>PEDRO UTZERI&nbsp;<\/p>\n\n\n\n<p><strong>DIRETOR DE CRIA\u00c7\u00c3O:&nbsp;<\/strong>VINICIUS STANZIONE&nbsp;<\/p>\n\n\n\n<p><strong>REDATOR:&nbsp;<\/strong>VINICIUS STANZIONE, BRUNO GODINHO&nbsp;<\/p>\n\n\n\n<p><strong>DIRETOR DE ARTE:&nbsp;&nbsp;<\/strong>MARCO MATTOS&nbsp;&nbsp;<\/p>\n\n\n\n<p><strong>DIRETOR DE INTEGRA\u00c7\u00c3O DIGITAL:&nbsp;<\/strong>DENIS GUSTAVO ALVES&nbsp;<\/p>\n\n\n\n<p><strong>DIRETORA DE PRODU\u00c7\u00c3O INTEGRADA:&nbsp;<\/strong>MARIA FERNANDA MOURA&nbsp;<\/p>\n\n\n\n<p><strong>RTV:<\/strong>&nbsp;LUCIANA KLEY&nbsp;<\/p>\n\n\n\n<p><strong>ARTBUYER:&nbsp;<\/strong>MAURO MOURA E DANIEL GON\u00c7ALVES&nbsp;<\/p>\n\n\n\n<p><strong>PROJETOS DIGITAIS:&nbsp;<\/strong>PEDRO RAIS, THALLES FREITAS&nbsp;<\/p>\n\n\n\n<p><strong>ATENDIMENTO:&nbsp;<\/strong>FABIO BRITO,MARIANA NUNES, MARILIA GRESPAN, LARISSA ROSSI LIMA&nbsp;<\/p>\n\n\n\n<p><strong>M\u00cdDIA:&nbsp;<\/strong>ANDREA HIRATA, KELLY COTTA, ANG\u00c9LICA GOMES, SHARON VALLE, JULIANA FLORA, GUILHERME PEDROSA, JOS\u00c9 TEIXEIRA, HENRIQUE FIGUEIREDO&nbsp;<\/p>\n\n\n\n<p><strong>PLANEJAMENTO:<\/strong>&nbsp;TIAGO LARA, RAFAELA BADAR\u00d3, RAFAEL GON\u00c7ALES, TIAGO REIS&nbsp;<\/p>\n\n\n\n<p><strong>AROVA\u00c7\u00c3O<\/strong>: M\u00c1RCIO PARIZOTTO, NATHALIA GARCIA E DANIELA UGAYAMA&nbsp;<\/p>\n\n\n\n<p><strong><u>PRODUTORA DE FILME:&nbsp; STINK FILMS<\/u><\/strong>&nbsp;<\/p>\n\n\n\n<p><strong>DIRETOR:&nbsp;SQUAREHEAD<\/strong>&nbsp;<\/p>\n\n\n\n<p><strong>DIRETOR DE FOTOGRAFIA:&nbsp;LUCAS OLIVEIRA<\/strong>&nbsp;<\/p>\n\n\n\n<p><strong>ASSISTENTE DE DIRE\u00c7\u00c3O: CAROL BRUMATTI<\/strong>&nbsp;<\/p>\n\n\n\n<p><strong>SEGUNDA UNIDADE: YURI MARANH\u00c3O E TINO<\/strong>&nbsp;<\/p>\n\n\n\n<p><strong>FIGURINO: BETINHA MAGALH\u00c3ES<\/strong>&nbsp;<\/p>\n\n\n\n<p><strong>PROD. ELENCO: CINTIA CAPELLANO<\/strong>&nbsp;<\/p>\n\n\n\n<p><strong>DIRE\u00c7\u00c3O DE PRODU\u00c7\u00c3O: MURILLO BASKERVILLE<br>DIRETORA EXECUTIVA:&nbsp; INGRID RASZL<\/strong>&nbsp;<\/p>\n\n\n\n<p><strong>PRODUTOR EXECUTIVO: RENATA DUMONT, CAROLINA JUNQUEIRA, TICO CRUZ, CAMILA MARTINEZ, ANA GAZAL, MARCELA AMSTALDEN.<br>COORDENA\u00c7\u00c3O DE PRODU\u00c7\u00c3O:&nbsp; PAULA MACEDO, ROGERIO MAESTRO, MARIANA KERCHE, AMANDA GRELL.<\/strong>&nbsp;<\/p>\n\n\n\n<p><strong>COORDENA\u00c7\u00c3O DE P\u00d3S: ROBERTA BRUZADIN, MARCELA ANTUNES<\/strong>&nbsp;<\/p>\n\n\n\n<p><strong>MONTADOR:&nbsp;SQUAREHEAD<\/strong>&nbsp;<\/p>\n\n\n\n<p><strong>FINALIZADORA: STINK FILMS<br>P\u00d3S-PRODUTORA:&nbsp;MARLA<\/strong>&nbsp;<\/p>\n\n\n\n<p><strong>COLOR GRADING: OSMAR JR.<\/strong>&nbsp;<\/p>\n\n\n\n<p><strong><u>PRODUTORA DE SOM:&nbsp;<\/u><\/strong>&nbsp;SATELITE AUDIO&nbsp;<\/p>\n\n\n\n<p><strong>PRODU\u00c7\u00c3O MUSICAL:<\/strong>&nbsp;ROBERTO COELHO,&nbsp;KITO SIQUEIRA,&nbsp;DANIEL IASBECK,&nbsp;HURSO AMBRIFI,&nbsp;MIKE VLCEK, THIAGO COLLI, CHARLY COOMBES, HELTON OLIVEIRA E&nbsp;IAN SIERRA.&nbsp;<\/p>\n\n\n\n<p><strong>MIXAGEM E FINALIZA\u00c7\u00c3O:<\/strong>&nbsp;ISADORA PENNA E CARLA CORNEA&nbsp;<\/p>\n\n\n\n<p><strong>LOCU\u00c7\u00c3O:<\/strong>&nbsp;DANIEL FARIAS&nbsp;<\/p>\n\n\n\n<p><strong>ATENDIMENTO:<\/strong>&nbsp;NICOLE BONNET E RENATA COSTA&nbsp;<\/p>\n\n\n\n<p><strong>COORDENA\u00c7\u00c3O:<\/strong>&nbsp;ANA CORDEIRO E LARISSA COSTA&nbsp;<\/p>\n\n\n\n<p><strong>DATA 1\u00aa VEICULA\u00c7\u00c3O:&nbsp; 22\/08\/2020<\/strong>&nbsp;<\/p>\n","protected":false},"excerpt":{"rendered":"<p>Meses ap\u00f3s o in\u00edcio do isolamento social, o momento ainda \u00e9 de incertezas. Em alguns dias e lugares, parece que a retomada est\u00e1 mais pr\u00f3xima. Em outros, paira a d\u00favida. \u00c9 esse o tom da nova campanha com a assinatura \u201cReinvente o Futuro\u201d, do Bradesco.&nbsp; Com cria\u00e7\u00e3o da\u00a0Leo Burnett TM e produ\u00e7\u00e3o da Stink Films, [&hellip;]<\/p>\n","protected":false},"author":1,"featured_media":18204,"comment_status":"open","ping_status":"open","sticky":false,"template":"","format":"standard","meta":{"tdm_status":"","tdm_grid_status":"","footnotes":""},"categories":[6],"tags":[641,147,65,33],"class_list":["post-18201","post","type-post","status-publish","format-standard","has-post-thumbnail","hentry","category-noticias","tag-bradesco","tag-brasil","tag-campanha","tag-estrategia"],"yoast_head":"<!-- This site is optimized with the Yoast SEO plugin v27.5 - https:\/\/yoast.com\/product\/yoast-seo-wordpress\/ -->\n<title>Em nova campanha, Bradesco refor\u00e7a que segue ao lado dos brasileiros - CidadeMarketing<\/title>\n<meta name=\"robots\" content=\"index, follow, max-snippet:-1, max-image-preview:large, max-video-preview:-1\" \/>\n<link rel=\"canonical\" href=\"https:\/\/www.cidademarketing.com.br\/marketing\/2020\/08\/24\/em-nova-campanha-bradesco-reforca-que-segue-ao-lado-dos-brasileiros\/\" \/>\n<meta property=\"og:locale\" content=\"pt_BR\" \/>\n<meta property=\"og:type\" content=\"article\" \/>\n<meta property=\"og:title\" content=\"Em nova campanha, Bradesco refor\u00e7a que segue ao lado dos brasileiros - CidadeMarketing\" \/>\n<meta property=\"og:description\" content=\"Meses ap\u00f3s o in\u00edcio do isolamento social, o momento ainda \u00e9 de incertezas. Em alguns dias e lugares, parece que a retomada est\u00e1 mais pr\u00f3xima. Em outros, paira a d\u00favida. \u00c9 esse o tom da nova campanha com a assinatura \u201cReinvente o Futuro\u201d, do Bradesco.&nbsp; Com cria\u00e7\u00e3o da\u00a0Leo Burnett TM e produ\u00e7\u00e3o da Stink Films, [&hellip;]\" \/>\n<meta property=\"og:url\" content=\"https:\/\/www.cidademarketing.com.br\/marketing\/2020\/08\/24\/em-nova-campanha-bradesco-reforca-que-segue-ao-lado-dos-brasileiros\/\" \/>\n<meta property=\"og:site_name\" content=\"CidadeMarketing\" \/>\n<meta property=\"article:publisher\" content=\"https:\/\/www.facebook.com\/portalcidademarketing\" \/>\n<meta property=\"article:author\" content=\"https:\/\/www.facebook.com\/thalesbrandao\" \/>\n<meta property=\"article:published_time\" content=\"2020-08-25T00:03:51+00:00\" \/>\n<meta property=\"article:modified_time\" content=\"2020-08-25T00:03:56+00:00\" \/>\n<meta property=\"og:image\" content=\"https:\/\/www.cidademarketing.com.br\/marketing\/wp-content\/uploads\/2020\/08\/Frame_Bradesco_03.jpg\" \/>\n\t<meta property=\"og:image:width\" content=\"1920\" \/>\n\t<meta property=\"og:image:height\" content=\"1080\" \/>\n\t<meta property=\"og:image:type\" content=\"image\/jpeg\" \/>\n<meta name=\"author\" content=\"Thales Brand\u00e3o\" \/>\n<meta name=\"twitter:card\" content=\"summary_large_image\" \/>\n<meta name=\"twitter:creator\" content=\"@http:\/\/www.twitter.com\/thalesbrandao\" \/>\n<meta name=\"twitter:site\" content=\"@CidadeMarketing\" \/>\n<meta name=\"twitter:label1\" content=\"Escrito por\" \/>\n\t<meta name=\"twitter:data1\" content=\"Thales Brand\u00e3o\" \/>\n\t<meta name=\"twitter:label2\" content=\"Est. tempo de leitura\" \/>\n\t<meta name=\"twitter:data2\" content=\"4 minutos\" \/>\n<script type=\"application\/ld+json\" class=\"yoast-schema-graph\">{\"@context\":\"https:\\\/\\\/schema.org\",\"@graph\":[{\"@type\":\"Article\",\"@id\":\"https:\\\/\\\/www.cidademarketing.com.br\\\/marketing\\\/2020\\\/08\\\/24\\\/em-nova-campanha-bradesco-reforca-que-segue-ao-lado-dos-brasileiros\\\/#article\",\"isPartOf\":{\"@id\":\"https:\\\/\\\/www.cidademarketing.com.br\\\/marketing\\\/2020\\\/08\\\/24\\\/em-nova-campanha-bradesco-reforca-que-segue-ao-lado-dos-brasileiros\\\/\"},\"author\":{\"name\":\"Thales Brand\u00e3o\",\"@id\":\"https:\\\/\\\/www.cidademarketing.com.br\\\/marketing\\\/#\\\/schema\\\/person\\\/02daff9f18bd9378c9e01eb6b2db155f\"},\"headline\":\"Em nova campanha, Bradesco refor\u00e7a que segue ao lado dos brasileiros\",\"datePublished\":\"2020-08-25T00:03:51+00:00\",\"dateModified\":\"2020-08-25T00:03:56+00:00\",\"mainEntityOfPage\":{\"@id\":\"https:\\\/\\\/www.cidademarketing.com.br\\\/marketing\\\/2020\\\/08\\\/24\\\/em-nova-campanha-bradesco-reforca-que-segue-ao-lado-dos-brasileiros\\\/\"},\"wordCount\":798,\"commentCount\":0,\"publisher\":{\"@id\":\"https:\\\/\\\/www.cidademarketing.com.br\\\/marketing\\\/#organization\"},\"image\":{\"@id\":\"https:\\\/\\\/www.cidademarketing.com.br\\\/marketing\\\/2020\\\/08\\\/24\\\/em-nova-campanha-bradesco-reforca-que-segue-ao-lado-dos-brasileiros\\\/#primaryimage\"},\"thumbnailUrl\":\"https:\\\/\\\/www.cidademarketing.com.br\\\/marketing\\\/wp-content\\\/uploads\\\/2020\\\/08\\\/Frame_Bradesco_03.jpg\",\"keywords\":[\"Bradesco\",\"Brasil\",\"campanha\",\"estrat\u00e9gia\"],\"articleSection\":[\"Not\u00edcias\"],\"inLanguage\":\"pt-BR\",\"potentialAction\":[{\"@type\":\"CommentAction\",\"name\":\"Comment\",\"target\":[\"https:\\\/\\\/www.cidademarketing.com.br\\\/marketing\\\/2020\\\/08\\\/24\\\/em-nova-campanha-bradesco-reforca-que-segue-ao-lado-dos-brasileiros\\\/#respond\"]}]},{\"@type\":\"WebPage\",\"@id\":\"https:\\\/\\\/www.cidademarketing.com.br\\\/marketing\\\/2020\\\/08\\\/24\\\/em-nova-campanha-bradesco-reforca-que-segue-ao-lado-dos-brasileiros\\\/\",\"url\":\"https:\\\/\\\/www.cidademarketing.com.br\\\/marketing\\\/2020\\\/08\\\/24\\\/em-nova-campanha-bradesco-reforca-que-segue-ao-lado-dos-brasileiros\\\/\",\"name\":\"Em nova campanha, Bradesco refor\u00e7a que segue ao lado dos brasileiros - CidadeMarketing\",\"isPartOf\":{\"@id\":\"https:\\\/\\\/www.cidademarketing.com.br\\\/marketing\\\/#website\"},\"primaryImageOfPage\":{\"@id\":\"https:\\\/\\\/www.cidademarketing.com.br\\\/marketing\\\/2020\\\/08\\\/24\\\/em-nova-campanha-bradesco-reforca-que-segue-ao-lado-dos-brasileiros\\\/#primaryimage\"},\"image\":{\"@id\":\"https:\\\/\\\/www.cidademarketing.com.br\\\/marketing\\\/2020\\\/08\\\/24\\\/em-nova-campanha-bradesco-reforca-que-segue-ao-lado-dos-brasileiros\\\/#primaryimage\"},\"thumbnailUrl\":\"https:\\\/\\\/www.cidademarketing.com.br\\\/marketing\\\/wp-content\\\/uploads\\\/2020\\\/08\\\/Frame_Bradesco_03.jpg\",\"datePublished\":\"2020-08-25T00:03:51+00:00\",\"dateModified\":\"2020-08-25T00:03:56+00:00\",\"breadcrumb\":{\"@id\":\"https:\\\/\\\/www.cidademarketing.com.br\\\/marketing\\\/2020\\\/08\\\/24\\\/em-nova-campanha-bradesco-reforca-que-segue-ao-lado-dos-brasileiros\\\/#breadcrumb\"},\"inLanguage\":\"pt-BR\",\"potentialAction\":[{\"@type\":\"ReadAction\",\"target\":[\"https:\\\/\\\/www.cidademarketing.com.br\\\/marketing\\\/2020\\\/08\\\/24\\\/em-nova-campanha-bradesco-reforca-que-segue-ao-lado-dos-brasileiros\\\/\"]}]},{\"@type\":\"ImageObject\",\"inLanguage\":\"pt-BR\",\"@id\":\"https:\\\/\\\/www.cidademarketing.com.br\\\/marketing\\\/2020\\\/08\\\/24\\\/em-nova-campanha-bradesco-reforca-que-segue-ao-lado-dos-brasileiros\\\/#primaryimage\",\"url\":\"https:\\\/\\\/www.cidademarketing.com.br\\\/marketing\\\/wp-content\\\/uploads\\\/2020\\\/08\\\/Frame_Bradesco_03.jpg\",\"contentUrl\":\"https:\\\/\\\/www.cidademarketing.com.br\\\/marketing\\\/wp-content\\\/uploads\\\/2020\\\/08\\\/Frame_Bradesco_03.jpg\",\"width\":1920,\"height\":1080,\"caption\":\"Reprodu\u00e7\u00e3o\"},{\"@type\":\"BreadcrumbList\",\"@id\":\"https:\\\/\\\/www.cidademarketing.com.br\\\/marketing\\\/2020\\\/08\\\/24\\\/em-nova-campanha-bradesco-reforca-que-segue-ao-lado-dos-brasileiros\\\/#breadcrumb\",\"itemListElement\":[{\"@type\":\"ListItem\",\"position\":1,\"name\":\"In\u00edcio\",\"item\":\"https:\\\/\\\/www.cidademarketing.com.br\\\/marketing\\\/\"},{\"@type\":\"ListItem\",\"position\":2,\"name\":\"Em nova campanha, Bradesco refor\u00e7a que segue ao lado dos brasileiros\"}]},{\"@type\":\"WebSite\",\"@id\":\"https:\\\/\\\/www.cidademarketing.com.br\\\/marketing\\\/#website\",\"url\":\"https:\\\/\\\/www.cidademarketing.com.br\\\/marketing\\\/\",\"name\":\"CidadeMarketing\",\"description\":\"Somos um ve\u00edculo de comunica\u00e7\u00e3o de destaque no Brasil, reconhecido por conte\u00fados nos segmentos de marketing, empreendedorismo e inova\u00e7\u00e3o.\",\"publisher\":{\"@id\":\"https:\\\/\\\/www.cidademarketing.com.br\\\/marketing\\\/#organization\"},\"alternateName\":\"CidadeMarketing\",\"potentialAction\":[{\"@type\":\"SearchAction\",\"target\":{\"@type\":\"EntryPoint\",\"urlTemplate\":\"https:\\\/\\\/www.cidademarketing.com.br\\\/marketing\\\/?s={search_term_string}\"},\"query-input\":{\"@type\":\"PropertyValueSpecification\",\"valueRequired\":true,\"valueName\":\"search_term_string\"}}],\"inLanguage\":\"pt-BR\"},{\"@type\":\"Organization\",\"@id\":\"https:\\\/\\\/www.cidademarketing.com.br\\\/marketing\\\/#organization\",\"name\":\"CidadeMarketing\",\"alternateName\":\"CidadeMarketing\",\"url\":\"https:\\\/\\\/www.cidademarketing.com.br\\\/marketing\\\/\",\"logo\":{\"@type\":\"ImageObject\",\"inLanguage\":\"pt-BR\",\"@id\":\"https:\\\/\\\/www.cidademarketing.com.br\\\/marketing\\\/#\\\/schema\\\/logo\\\/image\\\/\",\"url\":\"https:\\\/\\\/www.cidademarketing.com.br\\\/marketing\\\/wp-content\\\/uploads\\\/2020\\\/01\\\/cidademarketing_marca_mobile.png\",\"contentUrl\":\"https:\\\/\\\/www.cidademarketing.com.br\\\/marketing\\\/wp-content\\\/uploads\\\/2020\\\/01\\\/cidademarketing_marca_mobile.png\",\"width\":230,\"height\":92,\"caption\":\"CidadeMarketing\"},\"image\":{\"@id\":\"https:\\\/\\\/www.cidademarketing.com.br\\\/marketing\\\/#\\\/schema\\\/logo\\\/image\\\/\"},\"sameAs\":[\"https:\\\/\\\/www.facebook.com\\\/portalcidademarketing\",\"https:\\\/\\\/x.com\\\/CidadeMarketing\",\"https:\\\/\\\/www.instagram.com\\\/cidademarketing\\\/\"]},{\"@type\":\"Person\",\"@id\":\"https:\\\/\\\/www.cidademarketing.com.br\\\/marketing\\\/#\\\/schema\\\/person\\\/02daff9f18bd9378c9e01eb6b2db155f\",\"name\":\"Thales Brand\u00e3o\",\"image\":{\"@type\":\"ImageObject\",\"inLanguage\":\"pt-BR\",\"@id\":\"https:\\\/\\\/secure.gravatar.com\\\/avatar\\\/7ca3206950207cc3cb48feec56a8a7898741ab725c368d99d5d7a5a50aab80c6?s=96&d=mm&r=g\",\"url\":\"https:\\\/\\\/secure.gravatar.com\\\/avatar\\\/7ca3206950207cc3cb48feec56a8a7898741ab725c368d99d5d7a5a50aab80c6?s=96&d=mm&r=g\",\"contentUrl\":\"https:\\\/\\\/secure.gravatar.com\\\/avatar\\\/7ca3206950207cc3cb48feec56a8a7898741ab725c368d99d5d7a5a50aab80c6?s=96&d=mm&r=g\",\"caption\":\"Thales Brand\u00e3o\"},\"description\":\"Editor Executivo do Portal CidadeMarketing.com.br &gt; Mestre em Comunica\u00e7\u00e3o e Sociedade pela Universidade Federal de Sergipe. Possui MBA Executivo em Administra\u00e7\u00e3o com \u00eanfase em Marketing pela Funda\u00e7\u00e3o Get\u00falio Vargas - Rio de Janeiro. Consultor, Palestrante e Pesquisador sobre Empreendedorismo, Marketing, Redes Sociais e Neg\u00f3cios Digitais. Professor, Palestrante TedxTalks e Campus Party. Twitter: @ThalesBrandao\",\"sameAs\":[\"http:\\\/\\\/www.mandacaru.com.br\",\"https:\\\/\\\/www.facebook.com\\\/thalesbrandao\",\"http:\\\/\\\/www.instagram.com.br\\\/thalesbrandaoferreira\",\"https:\\\/\\\/www.linkedin.com\\\/in\\\/thales-brand\u00e3o-3948609\\\/\",\"https:\\\/\\\/x.com\\\/http:\\\/\\\/www.twitter.com\\\/thalesbrandao\"],\"url\":\"https:\\\/\\\/www.cidademarketing.com.br\\\/marketing\\\/author\\\/thalesbrandao\\\/\"}]}<\/script>\n<!-- \/ Yoast SEO plugin. -->","yoast_head_json":{"title":"Em nova campanha, Bradesco refor\u00e7a que segue ao lado dos brasileiros - CidadeMarketing","robots":{"index":"index","follow":"follow","max-snippet":"max-snippet:-1","max-image-preview":"max-image-preview:large","max-video-preview":"max-video-preview:-1"},"canonical":"https:\/\/www.cidademarketing.com.br\/marketing\/2020\/08\/24\/em-nova-campanha-bradesco-reforca-que-segue-ao-lado-dos-brasileiros\/","og_locale":"pt_BR","og_type":"article","og_title":"Em nova campanha, Bradesco refor\u00e7a que segue ao lado dos brasileiros - CidadeMarketing","og_description":"Meses ap\u00f3s o in\u00edcio do isolamento social, o momento ainda \u00e9 de incertezas. Em alguns dias e lugares, parece que a retomada est\u00e1 mais pr\u00f3xima. Em outros, paira a d\u00favida. \u00c9 esse o tom da nova campanha com a assinatura \u201cReinvente o Futuro\u201d, do Bradesco.&nbsp; Com cria\u00e7\u00e3o da\u00a0Leo Burnett TM e produ\u00e7\u00e3o da Stink Films, [&hellip;]","og_url":"https:\/\/www.cidademarketing.com.br\/marketing\/2020\/08\/24\/em-nova-campanha-bradesco-reforca-que-segue-ao-lado-dos-brasileiros\/","og_site_name":"CidadeMarketing","article_publisher":"https:\/\/www.facebook.com\/portalcidademarketing","article_author":"https:\/\/www.facebook.com\/thalesbrandao","article_published_time":"2020-08-25T00:03:51+00:00","article_modified_time":"2020-08-25T00:03:56+00:00","og_image":[{"width":1920,"height":1080,"url":"https:\/\/www.cidademarketing.com.br\/marketing\/wp-content\/uploads\/2020\/08\/Frame_Bradesco_03.jpg","type":"image\/jpeg"}],"author":"Thales Brand\u00e3o","twitter_card":"summary_large_image","twitter_creator":"@http:\/\/www.twitter.com\/thalesbrandao","twitter_site":"@CidadeMarketing","twitter_misc":{"Escrito por":"Thales Brand\u00e3o","Est. tempo de leitura":"4 minutos"},"schema":{"@context":"https:\/\/schema.org","@graph":[{"@type":"Article","@id":"https:\/\/www.cidademarketing.com.br\/marketing\/2020\/08\/24\/em-nova-campanha-bradesco-reforca-que-segue-ao-lado-dos-brasileiros\/#article","isPartOf":{"@id":"https:\/\/www.cidademarketing.com.br\/marketing\/2020\/08\/24\/em-nova-campanha-bradesco-reforca-que-segue-ao-lado-dos-brasileiros\/"},"author":{"name":"Thales Brand\u00e3o","@id":"https:\/\/www.cidademarketing.com.br\/marketing\/#\/schema\/person\/02daff9f18bd9378c9e01eb6b2db155f"},"headline":"Em nova campanha, Bradesco refor\u00e7a que segue ao lado dos brasileiros","datePublished":"2020-08-25T00:03:51+00:00","dateModified":"2020-08-25T00:03:56+00:00","mainEntityOfPage":{"@id":"https:\/\/www.cidademarketing.com.br\/marketing\/2020\/08\/24\/em-nova-campanha-bradesco-reforca-que-segue-ao-lado-dos-brasileiros\/"},"wordCount":798,"commentCount":0,"publisher":{"@id":"https:\/\/www.cidademarketing.com.br\/marketing\/#organization"},"image":{"@id":"https:\/\/www.cidademarketing.com.br\/marketing\/2020\/08\/24\/em-nova-campanha-bradesco-reforca-que-segue-ao-lado-dos-brasileiros\/#primaryimage"},"thumbnailUrl":"https:\/\/www.cidademarketing.com.br\/marketing\/wp-content\/uploads\/2020\/08\/Frame_Bradesco_03.jpg","keywords":["Bradesco","Brasil","campanha","estrat\u00e9gia"],"articleSection":["Not\u00edcias"],"inLanguage":"pt-BR","potentialAction":[{"@type":"CommentAction","name":"Comment","target":["https:\/\/www.cidademarketing.com.br\/marketing\/2020\/08\/24\/em-nova-campanha-bradesco-reforca-que-segue-ao-lado-dos-brasileiros\/#respond"]}]},{"@type":"WebPage","@id":"https:\/\/www.cidademarketing.com.br\/marketing\/2020\/08\/24\/em-nova-campanha-bradesco-reforca-que-segue-ao-lado-dos-brasileiros\/","url":"https:\/\/www.cidademarketing.com.br\/marketing\/2020\/08\/24\/em-nova-campanha-bradesco-reforca-que-segue-ao-lado-dos-brasileiros\/","name":"Em nova campanha, Bradesco refor\u00e7a que segue ao lado dos brasileiros - CidadeMarketing","isPartOf":{"@id":"https:\/\/www.cidademarketing.com.br\/marketing\/#website"},"primaryImageOfPage":{"@id":"https:\/\/www.cidademarketing.com.br\/marketing\/2020\/08\/24\/em-nova-campanha-bradesco-reforca-que-segue-ao-lado-dos-brasileiros\/#primaryimage"},"image":{"@id":"https:\/\/www.cidademarketing.com.br\/marketing\/2020\/08\/24\/em-nova-campanha-bradesco-reforca-que-segue-ao-lado-dos-brasileiros\/#primaryimage"},"thumbnailUrl":"https:\/\/www.cidademarketing.com.br\/marketing\/wp-content\/uploads\/2020\/08\/Frame_Bradesco_03.jpg","datePublished":"2020-08-25T00:03:51+00:00","dateModified":"2020-08-25T00:03:56+00:00","breadcrumb":{"@id":"https:\/\/www.cidademarketing.com.br\/marketing\/2020\/08\/24\/em-nova-campanha-bradesco-reforca-que-segue-ao-lado-dos-brasileiros\/#breadcrumb"},"inLanguage":"pt-BR","potentialAction":[{"@type":"ReadAction","target":["https:\/\/www.cidademarketing.com.br\/marketing\/2020\/08\/24\/em-nova-campanha-bradesco-reforca-que-segue-ao-lado-dos-brasileiros\/"]}]},{"@type":"ImageObject","inLanguage":"pt-BR","@id":"https:\/\/www.cidademarketing.com.br\/marketing\/2020\/08\/24\/em-nova-campanha-bradesco-reforca-que-segue-ao-lado-dos-brasileiros\/#primaryimage","url":"https:\/\/www.cidademarketing.com.br\/marketing\/wp-content\/uploads\/2020\/08\/Frame_Bradesco_03.jpg","contentUrl":"https:\/\/www.cidademarketing.com.br\/marketing\/wp-content\/uploads\/2020\/08\/Frame_Bradesco_03.jpg","width":1920,"height":1080,"caption":"Reprodu\u00e7\u00e3o"},{"@type":"BreadcrumbList","@id":"https:\/\/www.cidademarketing.com.br\/marketing\/2020\/08\/24\/em-nova-campanha-bradesco-reforca-que-segue-ao-lado-dos-brasileiros\/#breadcrumb","itemListElement":[{"@type":"ListItem","position":1,"name":"In\u00edcio","item":"https:\/\/www.cidademarketing.com.br\/marketing\/"},{"@type":"ListItem","position":2,"name":"Em nova campanha, Bradesco refor\u00e7a que segue ao lado dos brasileiros"}]},{"@type":"WebSite","@id":"https:\/\/www.cidademarketing.com.br\/marketing\/#website","url":"https:\/\/www.cidademarketing.com.br\/marketing\/","name":"CidadeMarketing","description":"Somos um ve\u00edculo de comunica\u00e7\u00e3o de destaque no Brasil, reconhecido por conte\u00fados nos segmentos de marketing, empreendedorismo e inova\u00e7\u00e3o.","publisher":{"@id":"https:\/\/www.cidademarketing.com.br\/marketing\/#organization"},"alternateName":"CidadeMarketing","potentialAction":[{"@type":"SearchAction","target":{"@type":"EntryPoint","urlTemplate":"https:\/\/www.cidademarketing.com.br\/marketing\/?s={search_term_string}"},"query-input":{"@type":"PropertyValueSpecification","valueRequired":true,"valueName":"search_term_string"}}],"inLanguage":"pt-BR"},{"@type":"Organization","@id":"https:\/\/www.cidademarketing.com.br\/marketing\/#organization","name":"CidadeMarketing","alternateName":"CidadeMarketing","url":"https:\/\/www.cidademarketing.com.br\/marketing\/","logo":{"@type":"ImageObject","inLanguage":"pt-BR","@id":"https:\/\/www.cidademarketing.com.br\/marketing\/#\/schema\/logo\/image\/","url":"https:\/\/www.cidademarketing.com.br\/marketing\/wp-content\/uploads\/2020\/01\/cidademarketing_marca_mobile.png","contentUrl":"https:\/\/www.cidademarketing.com.br\/marketing\/wp-content\/uploads\/2020\/01\/cidademarketing_marca_mobile.png","width":230,"height":92,"caption":"CidadeMarketing"},"image":{"@id":"https:\/\/www.cidademarketing.com.br\/marketing\/#\/schema\/logo\/image\/"},"sameAs":["https:\/\/www.facebook.com\/portalcidademarketing","https:\/\/x.com\/CidadeMarketing","https:\/\/www.instagram.com\/cidademarketing\/"]},{"@type":"Person","@id":"https:\/\/www.cidademarketing.com.br\/marketing\/#\/schema\/person\/02daff9f18bd9378c9e01eb6b2db155f","name":"Thales Brand\u00e3o","image":{"@type":"ImageObject","inLanguage":"pt-BR","@id":"https:\/\/secure.gravatar.com\/avatar\/7ca3206950207cc3cb48feec56a8a7898741ab725c368d99d5d7a5a50aab80c6?s=96&d=mm&r=g","url":"https:\/\/secure.gravatar.com\/avatar\/7ca3206950207cc3cb48feec56a8a7898741ab725c368d99d5d7a5a50aab80c6?s=96&d=mm&r=g","contentUrl":"https:\/\/secure.gravatar.com\/avatar\/7ca3206950207cc3cb48feec56a8a7898741ab725c368d99d5d7a5a50aab80c6?s=96&d=mm&r=g","caption":"Thales Brand\u00e3o"},"description":"Editor Executivo do Portal CidadeMarketing.com.br &gt; Mestre em Comunica\u00e7\u00e3o e Sociedade pela Universidade Federal de Sergipe. Possui MBA Executivo em Administra\u00e7\u00e3o com \u00eanfase em Marketing pela Funda\u00e7\u00e3o Get\u00falio Vargas - Rio de Janeiro. Consultor, Palestrante e Pesquisador sobre Empreendedorismo, Marketing, Redes Sociais e Neg\u00f3cios Digitais. Professor, Palestrante TedxTalks e Campus Party. Twitter: @ThalesBrandao","sameAs":["http:\/\/www.mandacaru.com.br","https:\/\/www.facebook.com\/thalesbrandao","http:\/\/www.instagram.com.br\/thalesbrandaoferreira","https:\/\/www.linkedin.com\/in\/thales-brand\u00e3o-3948609\/","https:\/\/x.com\/http:\/\/www.twitter.com\/thalesbrandao"],"url":"https:\/\/www.cidademarketing.com.br\/marketing\/author\/thalesbrandao\/"}]}},"amp_enabled":true,"_links":{"self":[{"href":"https:\/\/www.cidademarketing.com.br\/marketing\/wp-json\/wp\/v2\/posts\/18201","targetHints":{"allow":["GET"]}}],"collection":[{"href":"https:\/\/www.cidademarketing.com.br\/marketing\/wp-json\/wp\/v2\/posts"}],"about":[{"href":"https:\/\/www.cidademarketing.com.br\/marketing\/wp-json\/wp\/v2\/types\/post"}],"author":[{"embeddable":true,"href":"https:\/\/www.cidademarketing.com.br\/marketing\/wp-json\/wp\/v2\/users\/1"}],"replies":[{"embeddable":true,"href":"https:\/\/www.cidademarketing.com.br\/marketing\/wp-json\/wp\/v2\/comments?post=18201"}],"version-history":[{"count":1,"href":"https:\/\/www.cidademarketing.com.br\/marketing\/wp-json\/wp\/v2\/posts\/18201\/revisions"}],"predecessor-version":[{"id":18205,"href":"https:\/\/www.cidademarketing.com.br\/marketing\/wp-json\/wp\/v2\/posts\/18201\/revisions\/18205"}],"wp:featuredmedia":[{"embeddable":true,"href":"https:\/\/www.cidademarketing.com.br\/marketing\/wp-json\/wp\/v2\/media\/18204"}],"wp:attachment":[{"href":"https:\/\/www.cidademarketing.com.br\/marketing\/wp-json\/wp\/v2\/media?parent=18201"}],"wp:term":[{"taxonomy":"category","embeddable":true,"href":"https:\/\/www.cidademarketing.com.br\/marketing\/wp-json\/wp\/v2\/categories?post=18201"},{"taxonomy":"post_tag","embeddable":true,"href":"https:\/\/www.cidademarketing.com.br\/marketing\/wp-json\/wp\/v2\/tags?post=18201"}],"curies":[{"name":"wp","href":"https:\/\/api.w.org\/{rel}","templated":true}]}}