{"id":18112,"date":"2020-08-22T19:38:35","date_gmt":"2020-08-22T22:38:35","guid":{"rendered":"https:\/\/www.cidademarketing.com.br\/marketing\/?p=18112"},"modified":"2020-08-22T19:38:39","modified_gmt":"2020-08-22T22:38:39","slug":"pao-de-acucar-comemora-61-anos-com-produtos-novos-e-exclusivos","status":"publish","type":"post","link":"https:\/\/www.cidademarketing.com.br\/marketing\/2020\/08\/22\/pao-de-acucar-comemora-61-anos-com-produtos-novos-e-exclusivos\/","title":{"rendered":"P\u00e3o de A\u00e7\u00facar comemora 61 anos com produtos novos e exclusivos"},"content":{"rendered":"\n<p>Felicidade pode ser tanta coisa e fica ainda melhor quando \u00e9 compartilhada. H\u00e1 61 anos, o P\u00e3o de A\u00e7\u00facar tem a felicidade como um de seus grandes prop\u00f3sitos. E, com a chegada do anivers\u00e1rio da rede, n\u00e3o poderiam faltar ativa\u00e7\u00f5es para celebrar a data e seguir selecionando com cuidado e carinho os melhores produtos para que os seus clientes desfrutem de momentos especiais. Pensando nisso, neste m\u00eas de agosto, novos produtos das marcas Club des Sommeliers, Casa Perini, W\u00e4ls e Baden Baden chegam com exclusividade ao P\u00e3o de A\u00e7\u00facar e convidam os consumidores a se juntarem ao brinde de comemora\u00e7\u00e3o de anivers\u00e1rio, seja com cervejas especiais ou espumante, cl\u00e1ssico das celebra\u00e7\u00f5es.&nbsp; Os produtos poder\u00e3o ser encontrados nas lojas do P\u00e3o de A\u00e7\u00facar, aplicativo, e-commerce (ww.paodeacucar.com) ou por meio do app de entregas James, para que as compras possam ser feitas sem precisar sair de casa.<\/p>\n\n\n\n<p><br><strong>Assista ao filme da nova campanha institucional do P\u00e3o de A\u00e7\u00facar<\/strong><\/p>\n\n\n\n<figure class=\"wp-block-embed-youtube wp-block-embed is-type-video is-provider-youtube wp-embed-aspect-16-9 wp-has-aspect-ratio\"><div class=\"wp-block-embed__wrapper\">\n<div class=\"youtube-embed\" data-video_id=\"3kl--iOsaCA\"><iframe title=\"Felicidade Pode Ser Tanta Coisa\" width=\"640\" height=\"360\" src=\"https:\/\/www.youtube.com\/embed\/3kl--iOsaCA?feature=oembed&#038;enablejsapi=1&#038;enablejsapi=1\" frameborder=\"0\" allow=\"accelerometer; autoplay; clipboard-write; encrypted-media; gyroscope; picture-in-picture; web-share\" referrerpolicy=\"strict-origin-when-cross-origin\" allowfullscreen><\/iframe><\/div>\n<\/div><\/figure>\n\n\n\n<p>Seja por ser gaseificado, pelo frescor de seu sabor ou por ser considerado um cl\u00e1ssico de festividades e ocasi\u00f5es especiais, o que acaba por lhe conferir uma caracter\u00edstica de bebida premium, n\u00e3o h\u00e1 d\u00favidas de que o espumante \u00e9 capaz de animar cora\u00e7\u00f5es desde o momento em que \u00e9 aberto. Felicidade pode ser tanta coisa e o simples estourar da rolha pode marcar o in\u00edcio da celebra\u00e7\u00e3o e simbolizar alegria em abund\u00e2ncia. Pensando em traduzir o clima de comemora\u00e7\u00e3o, a Club des Sommeliers (marca com o maior cat\u00e1logo de r\u00f3tulos do pa\u00eds e cujas vin\u00edcolas parceiras s\u00e3o selecionadas pessoalmente pelo especialista em vinhos do P\u00e3o de A\u00e7\u00facar, Carlos Cabral) juntou expertise com a Casa Perini (uma das mais tradicionais produtoras de vinhos do pa\u00eds, que desde 1929 aperfei\u00e7oa sabores e t\u00e9cnicas com primor). Foram elaborados dois r\u00f3tulos em homenagem ao anivers\u00e1rio de 61 anos da rede, sendo, respectivamente, um de acidez moderada e outro de leve do\u00e7ura, dispon\u00edveis nas unidades de todo o Brasil: um espumante branco extra brut (750ml \u2013 R$99,99) e um vinho moscatel espumante branco (750ml \u2013 R$64,99).&nbsp;<\/p>\n\n\n\n<p>A cervejaria mineira W\u00e4ls tamb\u00e9m se junta \u00e0s comemora\u00e7\u00f5es nas lojas f\u00edsicas e e-commerce de todo o pa\u00eds. A marca acredita que a cerveja \u00e9 uma das grandes fontes de alegria e fez uso de todo seu conhecimento, que acumula desde 1999 na arte da produ\u00e7\u00e3o artesanal, para desenvolver uma vers\u00e3o puro malte claro comemorativa dos 61 anos do P\u00e3o de A\u00e7\u00facar (600 ml &#8211; R$14,90). Engarrafada em uma embalagem de r\u00f3tulo verde e branco, remetendo \u00e0 identidade visual da bandeira, a W\u00e4ls optou por produzir uma cerveja refrescante Session IPA, que combina o equil\u00edbrio entre o amargor e aromas de l\u00fapulo da IPA com a leveza da categoria Session, cujo teor alc\u00f3olico \u00e9 menor a fim de aumentar sua <em>drinkability,<\/em> ou seja, possibilita que seja uma op\u00e7\u00e3o coringa entre os paladares mais diversos pela facilidade de beber.&nbsp;&nbsp; &nbsp;<\/p>\n\n\n\n<p>E as novidades para os apreciadores de cerveja n\u00e3o param. Os sabores aut\u00eanticos e cuidadosamente elaborados das cervejas American IPA (puro malte), Cristal (pilsen) e Witbier (de trigo, coentro e laranja), da Baden Baden, tradicional cervejaria artesanal de Campos do Jord\u00e3o, agora podem ser encontrados em vers\u00f5es de lata (350 ml \u2013 R$ 5,39 cada), que chegam primeiro \u00e0s unidades do P\u00e3o de A\u00e7\u00facar de S\u00e3o Paulo, Rio de Janeiro e Bras\u00edlia. Enquanto a American IPA entrega em uma cerveja de amargor intenso, aroma de maracuj\u00e1 e c\u00edtrica, a cerveja Cristal \u00e9 leve e combina aromas de cereais com nuances de sabor frutado. J\u00e1 a Witbier tem produ\u00e7\u00e3o a partir de maltes de trigo e cevada, n\u00e3o sendo filtrada e com sabor c\u00edtrico e refrescante da laranja que se mistura com a pic\u00e2ncia das sementes de coentro.<\/p>\n\n\n\n<p>Dando continuidade \u00e0 celebra\u00e7\u00e3o, ao longo de todo o m\u00eas, o anivers\u00e1rio do P\u00e3o de A\u00e7\u00facar contar\u00e1 com ofertas diversas em diferentes segmentos de produtos a cada semana. As ofertas s\u00e3o exclusivas para clientes P\u00e3o de A\u00e7\u00facar Mais, programa gratuito de fidelidade da rede que oferece uma s\u00e9rie de benef\u00edcios. Para se cadastrar, basta realizar o download do app nas lojas Google Play ou Apple Store de maneira pr\u00e1tica e r\u00e1pida. Os valores s\u00e3o reduzidos automaticamente ap\u00f3s a identifica\u00e7\u00e3o pelo CPF nos caixas de atendimento, em lojas f\u00edsicas, ou na identifica\u00e7\u00e3o da compra on-line.<\/p>\n\n\n\n<p><strong>Medidas preventivas \u00e0 covid-19<\/strong><\/p>\n\n\n\n<p>Para garantir um ambiente de consumo seguro para clientes e colaboradores em meio \u00e0 pandemia de covid-19, o P\u00e3o de A\u00e7\u00facar implementou mais de 60 protocolos sanit\u00e1rios.<\/p>\n\n\n\n<p>Nas lojas f\u00edsicas, controles r\u00edgidos de higieniza\u00e7\u00e3o foram refor\u00e7ados, com a utiliza\u00e7\u00e3o e disponibiliza\u00e7\u00e3o a colaboradores de todos os equipamentos de seguran\u00e7a recomendados pelas autoridades de sa\u00fade, a obrigatoriedade do uso de m\u00e1scaras, a desinfec\u00e7\u00e3o com \u00e1lcool em gel nos pontos de atendimento e com a instala\u00e7\u00e3o de pain\u00e9is de acr\u00edlico e adesivos no piso para a organiza\u00e7\u00e3o do distanciamento social. Tamb\u00e9m houve o afastamento tempor\u00e1rio de todos os colaboradores em grupos de risco e a contrata\u00e7\u00e3o de quase 2 mil pessoas, temporariamente, em todo o Brasil, para ajudar com a opera\u00e7\u00e3o. Na mesma linha, o P\u00e3o de A\u00e7\u00facar foi a primeira marca do grande varejo a adotar um hor\u00e1rio de atendimento exclusivo para clientes com mais de 60 anos, oferecendo uma alternativa para um caso de extrema necessidade. Em momentos de alta demanda, a rede chegou a limitar a compra de produtos para garantir que as fam\u00edlias pudessem se abastecer de maneira igualit\u00e1ria e concentrou seus esfor\u00e7os de fornecimento para atender as necessidades por produtos de alimenta\u00e7\u00e3o, limpeza e cuidados pessoais. Tamb\u00e9m reafirmou o seu compromisso, em cadeia nacional de televis\u00e3o, com o n\u00e3o repasse de poss\u00edveis reajustes de pre\u00e7os aos consumidores.<\/p>\n\n\n\n<p>J\u00e1 nos servi\u00e7os de e-commerce do site <a href=\"http:\/\/www.paodeacucar.com\" target=\"_blank\" rel=\"noreferrer noopener\">www.paodeacucar.com<\/a> e pelo app P\u00e3o de A\u00e7\u00facar Mais, a rede antecipou investimentos para triplicar a capacidade operacional de entregas em poucos dias, com a abertura de tr\u00eas novos centros de distribui\u00e7\u00e3o, em S\u00e3o Paulo, no Rio de Janeiro e em Bras\u00edlia, a fim de garantir que todos pudessem realizar suas compras sem precisar sair de casa.<\/p>\n","protected":false},"excerpt":{"rendered":"<p>Felicidade pode ser tanta coisa e fica ainda melhor quando \u00e9 compartilhada. H\u00e1 61 anos, o P\u00e3o de A\u00e7\u00facar tem a felicidade como um de seus grandes prop\u00f3sitos. E, com a chegada do anivers\u00e1rio da rede, n\u00e3o poderiam faltar ativa\u00e7\u00f5es para celebrar a data e seguir selecionando com cuidado e carinho os melhores produtos para [&hellip;]<\/p>\n","protected":false},"author":1,"featured_media":18113,"comment_status":"open","ping_status":"open","sticky":false,"template":"","format":"standard","meta":{"tdm_status":"","tdm_grid_status":"","footnotes":""},"categories":[6],"tags":[33,28,172],"class_list":["post-18112","post","type-post","status-publish","format-standard","has-post-thumbnail","hentry","category-noticias","tag-estrategia","tag-marketing","tag-pao-de-acucar"],"yoast_head":"<!-- This site is optimized with the Yoast SEO plugin v27.5 - https:\/\/yoast.com\/product\/yoast-seo-wordpress\/ -->\n<title>P\u00e3o de A\u00e7\u00facar comemora 61 anos com produtos novos e exclusivos - CidadeMarketing<\/title>\n<meta name=\"robots\" content=\"index, follow, max-snippet:-1, max-image-preview:large, max-video-preview:-1\" \/>\n<link rel=\"canonical\" href=\"https:\/\/www.cidademarketing.com.br\/marketing\/2020\/08\/22\/pao-de-acucar-comemora-61-anos-com-produtos-novos-e-exclusivos\/\" \/>\n<meta property=\"og:locale\" content=\"pt_BR\" \/>\n<meta property=\"og:type\" content=\"article\" \/>\n<meta property=\"og:title\" content=\"P\u00e3o de A\u00e7\u00facar comemora 61 anos com produtos novos e exclusivos - CidadeMarketing\" \/>\n<meta property=\"og:description\" content=\"Felicidade pode ser tanta coisa e fica ainda melhor quando \u00e9 compartilhada. H\u00e1 61 anos, o P\u00e3o de A\u00e7\u00facar tem a felicidade como um de seus grandes prop\u00f3sitos. E, com a chegada do anivers\u00e1rio da rede, n\u00e3o poderiam faltar ativa\u00e7\u00f5es para celebrar a data e seguir selecionando com cuidado e carinho os melhores produtos para [&hellip;]\" \/>\n<meta property=\"og:url\" content=\"https:\/\/www.cidademarketing.com.br\/marketing\/2020\/08\/22\/pao-de-acucar-comemora-61-anos-com-produtos-novos-e-exclusivos\/\" \/>\n<meta property=\"og:site_name\" content=\"CidadeMarketing\" \/>\n<meta property=\"article:publisher\" content=\"https:\/\/www.facebook.com\/portalcidademarketing\" \/>\n<meta property=\"article:author\" content=\"https:\/\/www.facebook.com\/thalesbrandao\" \/>\n<meta property=\"article:published_time\" content=\"2020-08-22T22:38:35+00:00\" \/>\n<meta property=\"article:modified_time\" content=\"2020-08-22T22:38:39+00:00\" \/>\n<meta property=\"og:image\" content=\"https:\/\/www.cidademarketing.com.br\/marketing\/wp-content\/uploads\/2020\/08\/aniversariodopao.jpg\" \/>\n\t<meta property=\"og:image:width\" content=\"299\" \/>\n\t<meta property=\"og:image:height\" content=\"221\" \/>\n\t<meta property=\"og:image:type\" content=\"image\/jpeg\" \/>\n<meta name=\"author\" content=\"Thales Brand\u00e3o\" \/>\n<meta name=\"twitter:card\" content=\"summary_large_image\" \/>\n<meta name=\"twitter:creator\" content=\"@http:\/\/www.twitter.com\/thalesbrandao\" \/>\n<meta name=\"twitter:site\" content=\"@CidadeMarketing\" \/>\n<meta name=\"twitter:label1\" content=\"Escrito por\" \/>\n\t<meta name=\"twitter:data1\" content=\"Thales Brand\u00e3o\" \/>\n\t<meta name=\"twitter:label2\" content=\"Est. tempo de leitura\" \/>\n\t<meta name=\"twitter:data2\" content=\"6 minutos\" \/>\n<script type=\"application\/ld+json\" class=\"yoast-schema-graph\">{\"@context\":\"https:\\\/\\\/schema.org\",\"@graph\":[{\"@type\":\"Article\",\"@id\":\"https:\\\/\\\/www.cidademarketing.com.br\\\/marketing\\\/2020\\\/08\\\/22\\\/pao-de-acucar-comemora-61-anos-com-produtos-novos-e-exclusivos\\\/#article\",\"isPartOf\":{\"@id\":\"https:\\\/\\\/www.cidademarketing.com.br\\\/marketing\\\/2020\\\/08\\\/22\\\/pao-de-acucar-comemora-61-anos-com-produtos-novos-e-exclusivos\\\/\"},\"author\":{\"name\":\"Thales Brand\u00e3o\",\"@id\":\"https:\\\/\\\/www.cidademarketing.com.br\\\/marketing\\\/#\\\/schema\\\/person\\\/02daff9f18bd9378c9e01eb6b2db155f\"},\"headline\":\"P\u00e3o de A\u00e7\u00facar comemora 61 anos com produtos novos e exclusivos\",\"datePublished\":\"2020-08-22T22:38:35+00:00\",\"dateModified\":\"2020-08-22T22:38:39+00:00\",\"mainEntityOfPage\":{\"@id\":\"https:\\\/\\\/www.cidademarketing.com.br\\\/marketing\\\/2020\\\/08\\\/22\\\/pao-de-acucar-comemora-61-anos-com-produtos-novos-e-exclusivos\\\/\"},\"wordCount\":1129,\"commentCount\":0,\"publisher\":{\"@id\":\"https:\\\/\\\/www.cidademarketing.com.br\\\/marketing\\\/#organization\"},\"image\":{\"@id\":\"https:\\\/\\\/www.cidademarketing.com.br\\\/marketing\\\/2020\\\/08\\\/22\\\/pao-de-acucar-comemora-61-anos-com-produtos-novos-e-exclusivos\\\/#primaryimage\"},\"thumbnailUrl\":\"https:\\\/\\\/www.cidademarketing.com.br\\\/marketing\\\/wp-content\\\/uploads\\\/2020\\\/08\\\/aniversariodopao.jpg\",\"keywords\":[\"estrat\u00e9gia\",\"marketing\",\"p\u00e3o de a\u00e7\u00facar\"],\"articleSection\":[\"Not\u00edcias\"],\"inLanguage\":\"pt-BR\",\"potentialAction\":[{\"@type\":\"CommentAction\",\"name\":\"Comment\",\"target\":[\"https:\\\/\\\/www.cidademarketing.com.br\\\/marketing\\\/2020\\\/08\\\/22\\\/pao-de-acucar-comemora-61-anos-com-produtos-novos-e-exclusivos\\\/#respond\"]}]},{\"@type\":\"WebPage\",\"@id\":\"https:\\\/\\\/www.cidademarketing.com.br\\\/marketing\\\/2020\\\/08\\\/22\\\/pao-de-acucar-comemora-61-anos-com-produtos-novos-e-exclusivos\\\/\",\"url\":\"https:\\\/\\\/www.cidademarketing.com.br\\\/marketing\\\/2020\\\/08\\\/22\\\/pao-de-acucar-comemora-61-anos-com-produtos-novos-e-exclusivos\\\/\",\"name\":\"P\u00e3o de A\u00e7\u00facar comemora 61 anos com produtos novos e exclusivos - CidadeMarketing\",\"isPartOf\":{\"@id\":\"https:\\\/\\\/www.cidademarketing.com.br\\\/marketing\\\/#website\"},\"primaryImageOfPage\":{\"@id\":\"https:\\\/\\\/www.cidademarketing.com.br\\\/marketing\\\/2020\\\/08\\\/22\\\/pao-de-acucar-comemora-61-anos-com-produtos-novos-e-exclusivos\\\/#primaryimage\"},\"image\":{\"@id\":\"https:\\\/\\\/www.cidademarketing.com.br\\\/marketing\\\/2020\\\/08\\\/22\\\/pao-de-acucar-comemora-61-anos-com-produtos-novos-e-exclusivos\\\/#primaryimage\"},\"thumbnailUrl\":\"https:\\\/\\\/www.cidademarketing.com.br\\\/marketing\\\/wp-content\\\/uploads\\\/2020\\\/08\\\/aniversariodopao.jpg\",\"datePublished\":\"2020-08-22T22:38:35+00:00\",\"dateModified\":\"2020-08-22T22:38:39+00:00\",\"breadcrumb\":{\"@id\":\"https:\\\/\\\/www.cidademarketing.com.br\\\/marketing\\\/2020\\\/08\\\/22\\\/pao-de-acucar-comemora-61-anos-com-produtos-novos-e-exclusivos\\\/#breadcrumb\"},\"inLanguage\":\"pt-BR\",\"potentialAction\":[{\"@type\":\"ReadAction\",\"target\":[\"https:\\\/\\\/www.cidademarketing.com.br\\\/marketing\\\/2020\\\/08\\\/22\\\/pao-de-acucar-comemora-61-anos-com-produtos-novos-e-exclusivos\\\/\"]}]},{\"@type\":\"ImageObject\",\"inLanguage\":\"pt-BR\",\"@id\":\"https:\\\/\\\/www.cidademarketing.com.br\\\/marketing\\\/2020\\\/08\\\/22\\\/pao-de-acucar-comemora-61-anos-com-produtos-novos-e-exclusivos\\\/#primaryimage\",\"url\":\"https:\\\/\\\/www.cidademarketing.com.br\\\/marketing\\\/wp-content\\\/uploads\\\/2020\\\/08\\\/aniversariodopao.jpg\",\"contentUrl\":\"https:\\\/\\\/www.cidademarketing.com.br\\\/marketing\\\/wp-content\\\/uploads\\\/2020\\\/08\\\/aniversariodopao.jpg\",\"width\":299,\"height\":221},{\"@type\":\"BreadcrumbList\",\"@id\":\"https:\\\/\\\/www.cidademarketing.com.br\\\/marketing\\\/2020\\\/08\\\/22\\\/pao-de-acucar-comemora-61-anos-com-produtos-novos-e-exclusivos\\\/#breadcrumb\",\"itemListElement\":[{\"@type\":\"ListItem\",\"position\":1,\"name\":\"In\u00edcio\",\"item\":\"https:\\\/\\\/www.cidademarketing.com.br\\\/marketing\\\/\"},{\"@type\":\"ListItem\",\"position\":2,\"name\":\"P\u00e3o de A\u00e7\u00facar comemora 61 anos com produtos novos e exclusivos\"}]},{\"@type\":\"WebSite\",\"@id\":\"https:\\\/\\\/www.cidademarketing.com.br\\\/marketing\\\/#website\",\"url\":\"https:\\\/\\\/www.cidademarketing.com.br\\\/marketing\\\/\",\"name\":\"CidadeMarketing\",\"description\":\"Somos um ve\u00edculo de comunica\u00e7\u00e3o de destaque no Brasil, reconhecido por conte\u00fados nos segmentos de marketing, empreendedorismo e inova\u00e7\u00e3o.\",\"publisher\":{\"@id\":\"https:\\\/\\\/www.cidademarketing.com.br\\\/marketing\\\/#organization\"},\"alternateName\":\"CidadeMarketing\",\"potentialAction\":[{\"@type\":\"SearchAction\",\"target\":{\"@type\":\"EntryPoint\",\"urlTemplate\":\"https:\\\/\\\/www.cidademarketing.com.br\\\/marketing\\\/?s={search_term_string}\"},\"query-input\":{\"@type\":\"PropertyValueSpecification\",\"valueRequired\":true,\"valueName\":\"search_term_string\"}}],\"inLanguage\":\"pt-BR\"},{\"@type\":\"Organization\",\"@id\":\"https:\\\/\\\/www.cidademarketing.com.br\\\/marketing\\\/#organization\",\"name\":\"CidadeMarketing\",\"alternateName\":\"CidadeMarketing\",\"url\":\"https:\\\/\\\/www.cidademarketing.com.br\\\/marketing\\\/\",\"logo\":{\"@type\":\"ImageObject\",\"inLanguage\":\"pt-BR\",\"@id\":\"https:\\\/\\\/www.cidademarketing.com.br\\\/marketing\\\/#\\\/schema\\\/logo\\\/image\\\/\",\"url\":\"https:\\\/\\\/www.cidademarketing.com.br\\\/marketing\\\/wp-content\\\/uploads\\\/2020\\\/01\\\/cidademarketing_marca_mobile.png\",\"contentUrl\":\"https:\\\/\\\/www.cidademarketing.com.br\\\/marketing\\\/wp-content\\\/uploads\\\/2020\\\/01\\\/cidademarketing_marca_mobile.png\",\"width\":230,\"height\":92,\"caption\":\"CidadeMarketing\"},\"image\":{\"@id\":\"https:\\\/\\\/www.cidademarketing.com.br\\\/marketing\\\/#\\\/schema\\\/logo\\\/image\\\/\"},\"sameAs\":[\"https:\\\/\\\/www.facebook.com\\\/portalcidademarketing\",\"https:\\\/\\\/x.com\\\/CidadeMarketing\",\"https:\\\/\\\/www.instagram.com\\\/cidademarketing\\\/\"]},{\"@type\":\"Person\",\"@id\":\"https:\\\/\\\/www.cidademarketing.com.br\\\/marketing\\\/#\\\/schema\\\/person\\\/02daff9f18bd9378c9e01eb6b2db155f\",\"name\":\"Thales Brand\u00e3o\",\"image\":{\"@type\":\"ImageObject\",\"inLanguage\":\"pt-BR\",\"@id\":\"https:\\\/\\\/secure.gravatar.com\\\/avatar\\\/7ca3206950207cc3cb48feec56a8a7898741ab725c368d99d5d7a5a50aab80c6?s=96&d=mm&r=g\",\"url\":\"https:\\\/\\\/secure.gravatar.com\\\/avatar\\\/7ca3206950207cc3cb48feec56a8a7898741ab725c368d99d5d7a5a50aab80c6?s=96&d=mm&r=g\",\"contentUrl\":\"https:\\\/\\\/secure.gravatar.com\\\/avatar\\\/7ca3206950207cc3cb48feec56a8a7898741ab725c368d99d5d7a5a50aab80c6?s=96&d=mm&r=g\",\"caption\":\"Thales Brand\u00e3o\"},\"description\":\"Editor Executivo do Portal CidadeMarketing.com.br &gt; Mestre em Comunica\u00e7\u00e3o e Sociedade pela Universidade Federal de Sergipe. Possui MBA Executivo em Administra\u00e7\u00e3o com \u00eanfase em Marketing pela Funda\u00e7\u00e3o Get\u00falio Vargas - Rio de Janeiro. Consultor, Palestrante e Pesquisador sobre Empreendedorismo, Marketing, Redes Sociais e Neg\u00f3cios Digitais. Professor, Palestrante TedxTalks e Campus Party. Twitter: @ThalesBrandao\",\"sameAs\":[\"http:\\\/\\\/www.mandacaru.com.br\",\"https:\\\/\\\/www.facebook.com\\\/thalesbrandao\",\"http:\\\/\\\/www.instagram.com.br\\\/thalesbrandaoferreira\",\"https:\\\/\\\/www.linkedin.com\\\/in\\\/thales-brand\u00e3o-3948609\\\/\",\"https:\\\/\\\/x.com\\\/http:\\\/\\\/www.twitter.com\\\/thalesbrandao\"],\"url\":\"https:\\\/\\\/www.cidademarketing.com.br\\\/marketing\\\/author\\\/thalesbrandao\\\/\"}]}<\/script>\n<!-- \/ Yoast SEO plugin. -->","yoast_head_json":{"title":"P\u00e3o de A\u00e7\u00facar comemora 61 anos com produtos novos e exclusivos - CidadeMarketing","robots":{"index":"index","follow":"follow","max-snippet":"max-snippet:-1","max-image-preview":"max-image-preview:large","max-video-preview":"max-video-preview:-1"},"canonical":"https:\/\/www.cidademarketing.com.br\/marketing\/2020\/08\/22\/pao-de-acucar-comemora-61-anos-com-produtos-novos-e-exclusivos\/","og_locale":"pt_BR","og_type":"article","og_title":"P\u00e3o de A\u00e7\u00facar comemora 61 anos com produtos novos e exclusivos - CidadeMarketing","og_description":"Felicidade pode ser tanta coisa e fica ainda melhor quando \u00e9 compartilhada. H\u00e1 61 anos, o P\u00e3o de A\u00e7\u00facar tem a felicidade como um de seus grandes prop\u00f3sitos. E, com a chegada do anivers\u00e1rio da rede, n\u00e3o poderiam faltar ativa\u00e7\u00f5es para celebrar a data e seguir selecionando com cuidado e carinho os melhores produtos para [&hellip;]","og_url":"https:\/\/www.cidademarketing.com.br\/marketing\/2020\/08\/22\/pao-de-acucar-comemora-61-anos-com-produtos-novos-e-exclusivos\/","og_site_name":"CidadeMarketing","article_publisher":"https:\/\/www.facebook.com\/portalcidademarketing","article_author":"https:\/\/www.facebook.com\/thalesbrandao","article_published_time":"2020-08-22T22:38:35+00:00","article_modified_time":"2020-08-22T22:38:39+00:00","og_image":[{"width":299,"height":221,"url":"https:\/\/www.cidademarketing.com.br\/marketing\/wp-content\/uploads\/2020\/08\/aniversariodopao.jpg","type":"image\/jpeg"}],"author":"Thales Brand\u00e3o","twitter_card":"summary_large_image","twitter_creator":"@http:\/\/www.twitter.com\/thalesbrandao","twitter_site":"@CidadeMarketing","twitter_misc":{"Escrito por":"Thales Brand\u00e3o","Est. tempo de leitura":"6 minutos"},"schema":{"@context":"https:\/\/schema.org","@graph":[{"@type":"Article","@id":"https:\/\/www.cidademarketing.com.br\/marketing\/2020\/08\/22\/pao-de-acucar-comemora-61-anos-com-produtos-novos-e-exclusivos\/#article","isPartOf":{"@id":"https:\/\/www.cidademarketing.com.br\/marketing\/2020\/08\/22\/pao-de-acucar-comemora-61-anos-com-produtos-novos-e-exclusivos\/"},"author":{"name":"Thales Brand\u00e3o","@id":"https:\/\/www.cidademarketing.com.br\/marketing\/#\/schema\/person\/02daff9f18bd9378c9e01eb6b2db155f"},"headline":"P\u00e3o de A\u00e7\u00facar comemora 61 anos com produtos novos e exclusivos","datePublished":"2020-08-22T22:38:35+00:00","dateModified":"2020-08-22T22:38:39+00:00","mainEntityOfPage":{"@id":"https:\/\/www.cidademarketing.com.br\/marketing\/2020\/08\/22\/pao-de-acucar-comemora-61-anos-com-produtos-novos-e-exclusivos\/"},"wordCount":1129,"commentCount":0,"publisher":{"@id":"https:\/\/www.cidademarketing.com.br\/marketing\/#organization"},"image":{"@id":"https:\/\/www.cidademarketing.com.br\/marketing\/2020\/08\/22\/pao-de-acucar-comemora-61-anos-com-produtos-novos-e-exclusivos\/#primaryimage"},"thumbnailUrl":"https:\/\/www.cidademarketing.com.br\/marketing\/wp-content\/uploads\/2020\/08\/aniversariodopao.jpg","keywords":["estrat\u00e9gia","marketing","p\u00e3o de a\u00e7\u00facar"],"articleSection":["Not\u00edcias"],"inLanguage":"pt-BR","potentialAction":[{"@type":"CommentAction","name":"Comment","target":["https:\/\/www.cidademarketing.com.br\/marketing\/2020\/08\/22\/pao-de-acucar-comemora-61-anos-com-produtos-novos-e-exclusivos\/#respond"]}]},{"@type":"WebPage","@id":"https:\/\/www.cidademarketing.com.br\/marketing\/2020\/08\/22\/pao-de-acucar-comemora-61-anos-com-produtos-novos-e-exclusivos\/","url":"https:\/\/www.cidademarketing.com.br\/marketing\/2020\/08\/22\/pao-de-acucar-comemora-61-anos-com-produtos-novos-e-exclusivos\/","name":"P\u00e3o de A\u00e7\u00facar comemora 61 anos com produtos novos e exclusivos - CidadeMarketing","isPartOf":{"@id":"https:\/\/www.cidademarketing.com.br\/marketing\/#website"},"primaryImageOfPage":{"@id":"https:\/\/www.cidademarketing.com.br\/marketing\/2020\/08\/22\/pao-de-acucar-comemora-61-anos-com-produtos-novos-e-exclusivos\/#primaryimage"},"image":{"@id":"https:\/\/www.cidademarketing.com.br\/marketing\/2020\/08\/22\/pao-de-acucar-comemora-61-anos-com-produtos-novos-e-exclusivos\/#primaryimage"},"thumbnailUrl":"https:\/\/www.cidademarketing.com.br\/marketing\/wp-content\/uploads\/2020\/08\/aniversariodopao.jpg","datePublished":"2020-08-22T22:38:35+00:00","dateModified":"2020-08-22T22:38:39+00:00","breadcrumb":{"@id":"https:\/\/www.cidademarketing.com.br\/marketing\/2020\/08\/22\/pao-de-acucar-comemora-61-anos-com-produtos-novos-e-exclusivos\/#breadcrumb"},"inLanguage":"pt-BR","potentialAction":[{"@type":"ReadAction","target":["https:\/\/www.cidademarketing.com.br\/marketing\/2020\/08\/22\/pao-de-acucar-comemora-61-anos-com-produtos-novos-e-exclusivos\/"]}]},{"@type":"ImageObject","inLanguage":"pt-BR","@id":"https:\/\/www.cidademarketing.com.br\/marketing\/2020\/08\/22\/pao-de-acucar-comemora-61-anos-com-produtos-novos-e-exclusivos\/#primaryimage","url":"https:\/\/www.cidademarketing.com.br\/marketing\/wp-content\/uploads\/2020\/08\/aniversariodopao.jpg","contentUrl":"https:\/\/www.cidademarketing.com.br\/marketing\/wp-content\/uploads\/2020\/08\/aniversariodopao.jpg","width":299,"height":221},{"@type":"BreadcrumbList","@id":"https:\/\/www.cidademarketing.com.br\/marketing\/2020\/08\/22\/pao-de-acucar-comemora-61-anos-com-produtos-novos-e-exclusivos\/#breadcrumb","itemListElement":[{"@type":"ListItem","position":1,"name":"In\u00edcio","item":"https:\/\/www.cidademarketing.com.br\/marketing\/"},{"@type":"ListItem","position":2,"name":"P\u00e3o de A\u00e7\u00facar comemora 61 anos com produtos novos e exclusivos"}]},{"@type":"WebSite","@id":"https:\/\/www.cidademarketing.com.br\/marketing\/#website","url":"https:\/\/www.cidademarketing.com.br\/marketing\/","name":"CidadeMarketing","description":"Somos um ve\u00edculo de comunica\u00e7\u00e3o de destaque no Brasil, reconhecido por conte\u00fados nos segmentos de marketing, empreendedorismo e inova\u00e7\u00e3o.","publisher":{"@id":"https:\/\/www.cidademarketing.com.br\/marketing\/#organization"},"alternateName":"CidadeMarketing","potentialAction":[{"@type":"SearchAction","target":{"@type":"EntryPoint","urlTemplate":"https:\/\/www.cidademarketing.com.br\/marketing\/?s={search_term_string}"},"query-input":{"@type":"PropertyValueSpecification","valueRequired":true,"valueName":"search_term_string"}}],"inLanguage":"pt-BR"},{"@type":"Organization","@id":"https:\/\/www.cidademarketing.com.br\/marketing\/#organization","name":"CidadeMarketing","alternateName":"CidadeMarketing","url":"https:\/\/www.cidademarketing.com.br\/marketing\/","logo":{"@type":"ImageObject","inLanguage":"pt-BR","@id":"https:\/\/www.cidademarketing.com.br\/marketing\/#\/schema\/logo\/image\/","url":"https:\/\/www.cidademarketing.com.br\/marketing\/wp-content\/uploads\/2020\/01\/cidademarketing_marca_mobile.png","contentUrl":"https:\/\/www.cidademarketing.com.br\/marketing\/wp-content\/uploads\/2020\/01\/cidademarketing_marca_mobile.png","width":230,"height":92,"caption":"CidadeMarketing"},"image":{"@id":"https:\/\/www.cidademarketing.com.br\/marketing\/#\/schema\/logo\/image\/"},"sameAs":["https:\/\/www.facebook.com\/portalcidademarketing","https:\/\/x.com\/CidadeMarketing","https:\/\/www.instagram.com\/cidademarketing\/"]},{"@type":"Person","@id":"https:\/\/www.cidademarketing.com.br\/marketing\/#\/schema\/person\/02daff9f18bd9378c9e01eb6b2db155f","name":"Thales Brand\u00e3o","image":{"@type":"ImageObject","inLanguage":"pt-BR","@id":"https:\/\/secure.gravatar.com\/avatar\/7ca3206950207cc3cb48feec56a8a7898741ab725c368d99d5d7a5a50aab80c6?s=96&d=mm&r=g","url":"https:\/\/secure.gravatar.com\/avatar\/7ca3206950207cc3cb48feec56a8a7898741ab725c368d99d5d7a5a50aab80c6?s=96&d=mm&r=g","contentUrl":"https:\/\/secure.gravatar.com\/avatar\/7ca3206950207cc3cb48feec56a8a7898741ab725c368d99d5d7a5a50aab80c6?s=96&d=mm&r=g","caption":"Thales Brand\u00e3o"},"description":"Editor Executivo do Portal CidadeMarketing.com.br &gt; Mestre em Comunica\u00e7\u00e3o e Sociedade pela Universidade Federal de Sergipe. Possui MBA Executivo em Administra\u00e7\u00e3o com \u00eanfase em Marketing pela Funda\u00e7\u00e3o Get\u00falio Vargas - Rio de Janeiro. Consultor, Palestrante e Pesquisador sobre Empreendedorismo, Marketing, Redes Sociais e Neg\u00f3cios Digitais. Professor, Palestrante TedxTalks e Campus Party. Twitter: @ThalesBrandao","sameAs":["http:\/\/www.mandacaru.com.br","https:\/\/www.facebook.com\/thalesbrandao","http:\/\/www.instagram.com.br\/thalesbrandaoferreira","https:\/\/www.linkedin.com\/in\/thales-brand\u00e3o-3948609\/","https:\/\/x.com\/http:\/\/www.twitter.com\/thalesbrandao"],"url":"https:\/\/www.cidademarketing.com.br\/marketing\/author\/thalesbrandao\/"}]}},"amp_enabled":true,"_links":{"self":[{"href":"https:\/\/www.cidademarketing.com.br\/marketing\/wp-json\/wp\/v2\/posts\/18112","targetHints":{"allow":["GET"]}}],"collection":[{"href":"https:\/\/www.cidademarketing.com.br\/marketing\/wp-json\/wp\/v2\/posts"}],"about":[{"href":"https:\/\/www.cidademarketing.com.br\/marketing\/wp-json\/wp\/v2\/types\/post"}],"author":[{"embeddable":true,"href":"https:\/\/www.cidademarketing.com.br\/marketing\/wp-json\/wp\/v2\/users\/1"}],"replies":[{"embeddable":true,"href":"https:\/\/www.cidademarketing.com.br\/marketing\/wp-json\/wp\/v2\/comments?post=18112"}],"version-history":[{"count":1,"href":"https:\/\/www.cidademarketing.com.br\/marketing\/wp-json\/wp\/v2\/posts\/18112\/revisions"}],"predecessor-version":[{"id":18114,"href":"https:\/\/www.cidademarketing.com.br\/marketing\/wp-json\/wp\/v2\/posts\/18112\/revisions\/18114"}],"wp:featuredmedia":[{"embeddable":true,"href":"https:\/\/www.cidademarketing.com.br\/marketing\/wp-json\/wp\/v2\/media\/18113"}],"wp:attachment":[{"href":"https:\/\/www.cidademarketing.com.br\/marketing\/wp-json\/wp\/v2\/media?parent=18112"}],"wp:term":[{"taxonomy":"category","embeddable":true,"href":"https:\/\/www.cidademarketing.com.br\/marketing\/wp-json\/wp\/v2\/categories?post=18112"},{"taxonomy":"post_tag","embeddable":true,"href":"https:\/\/www.cidademarketing.com.br\/marketing\/wp-json\/wp\/v2\/tags?post=18112"}],"curies":[{"name":"wp","href":"https:\/\/api.w.org\/{rel}","templated":true}]}}