{"id":17987,"date":"2020-08-18T21:08:54","date_gmt":"2020-08-19T00:08:54","guid":{"rendered":"https:\/\/www.cidademarketing.com.br\/marketing\/?p=17987"},"modified":"2020-08-18T21:10:18","modified_gmt":"2020-08-19T00:10:18","slug":"tradicoes-cultura-e-origens-do-capixaba-sao-exaltados-nos-novos-filmes-do-cafe-cafuso","status":"publish","type":"post","link":"https:\/\/www.cidademarketing.com.br\/marketing\/2020\/08\/18\/tradicoes-cultura-e-origens-do-capixaba-sao-exaltados-nos-novos-filmes-do-cafe-cafuso\/","title":{"rendered":"Tradi\u00e7\u00f5es, cultura e origens do capixaba s\u00e3o exaltados nos novos filmes do Caf\u00e9 Cafuso"},"content":{"rendered":"\n<p>A nova fase da campanha do Caf\u00e9 Cafuso j\u00e1 est\u00e1 no ar, celebrando mais uma vez o orgulho de ser um produto 100% capixaba, presente na hist\u00f3ria da nossa gente h\u00e1 quase 40 anos.<\/p>\n\n\n\n<p>Os novos filmes falam um pouco sobre as ra\u00edzes da popula\u00e7\u00e3o do Esp\u00edrito Santo formada por negros, europeus, ind\u00edgenas, revisitam nossas manifesta\u00e7\u00f5es culturais, como o congo, e destacam a deliciosa culin\u00e1ria local.<\/p>\n\n\n\n<p>A campanha do caf\u00e9 capixaba que os capixabas adoram conta com dois filmes de 15\u201d e spot nas principais emissoras da Grande Vit\u00f3ria.<\/p>\n\n\n\n<figure class=\"wp-block-embed-youtube wp-block-embed is-type-video is-provider-youtube wp-embed-aspect-16-9 wp-has-aspect-ratio\"><div class=\"wp-block-embed__wrapper\">\n<div class=\"youtube-embed\" data-video_id=\"xiYgFw9DHok\"><iframe title=\"Realcaf\u00e9 - Origem\" width=\"640\" height=\"360\" src=\"https:\/\/www.youtube.com\/embed\/xiYgFw9DHok?feature=oembed&#038;enablejsapi=1&#038;enablejsapi=1\" frameborder=\"0\" allow=\"accelerometer; autoplay; clipboard-write; encrypted-media; gyroscope; picture-in-picture; web-share\" referrerpolicy=\"strict-origin-when-cross-origin\" allowfullscreen><\/iframe><\/div>\n<\/div><\/figure>\n\n\n\n<figure class=\"wp-block-embed-youtube wp-block-embed is-type-video is-provider-youtube wp-embed-aspect-16-9 wp-has-aspect-ratio\"><div class=\"wp-block-embed__wrapper\">\n<div class=\"youtube-embed\" data-video_id=\"kx3YdejNA9A\"><iframe title=\"Realcaf\u00e9 - Tradi\u00e7\u00f5es\" width=\"640\" height=\"360\" src=\"https:\/\/www.youtube.com\/embed\/kx3YdejNA9A?feature=oembed&#038;enablejsapi=1&#038;enablejsapi=1\" frameborder=\"0\" allow=\"accelerometer; autoplay; clipboard-write; encrypted-media; gyroscope; picture-in-picture; web-share\" referrerpolicy=\"strict-origin-when-cross-origin\" allowfullscreen><\/iframe><\/div>\n<\/div><\/figure>\n\n\n\n<p><strong>Ficha T\u00e9cnica<\/strong><\/p>\n\n\n\n<p>Ag\u00eancia: Danza Estrat\u00e9gia &amp; Comunica\u00e7\u00e3o<\/p>\n\n\n\n<p>Anunciante: Caf\u00e9 Cafuso<\/p>\n\n\n\n<p>Dire\u00e7\u00e3o de Cria\u00e7\u00e3o: Luiz Carlos Silva<\/p>\n\n\n\n<p>Coordenador de Cria\u00e7\u00e3o: Guilherme Borgo<\/p>\n\n\n\n<p>Cria\u00e7\u00e3o: Luiz Carlos Silva &amp; Guilherme Borgo<\/p>\n\n\n\n<p>Atendimento: Carol Calmon<\/p>\n\n\n\n<p>Produ\u00e7\u00e3o: Manoella Goes<\/p>\n\n\n\n<p>M\u00eddia: Nerilda Evangelista<\/p>\n\n\n\n<p>Produtora: Mirartes Filmes<\/p>\n\n\n\n<p>Montagem e finaliza\u00e7\u00e3o: Mirartes Filmes<\/p>\n\n\n\n<p>Trilha e locu\u00e7\u00e3o: Rec<\/p>\n\n\n\n<p>Aprova\u00e7\u00e3o: Bruno Giestas e K\u00e9sia Paiva Costa<\/p>\n","protected":false},"excerpt":{"rendered":"<p>A nova fase da campanha do Caf\u00e9 Cafuso j\u00e1 est\u00e1 no ar, celebrando mais uma vez o orgulho de ser um produto 100% capixaba, presente na hist\u00f3ria da nossa gente h\u00e1 quase 40 anos. Os novos filmes falam um pouco sobre as ra\u00edzes da popula\u00e7\u00e3o do Esp\u00edrito Santo formada por negros, europeus, ind\u00edgenas, revisitam nossas [&hellip;]<\/p>\n","protected":false},"author":1,"featured_media":17989,"comment_status":"open","ping_status":"open","sticky":false,"template":"","format":"standard","meta":{"tdm_status":"","tdm_grid_status":"","footnotes":""},"categories":[6],"tags":[3292,65,33,28],"class_list":["post-17987","post","type-post","status-publish","format-standard","has-post-thumbnail","hentry","category-noticias","tag-cafe-cafuso","tag-campanha","tag-estrategia","tag-marketing"],"yoast_head":"<!-- This site is optimized with the Yoast SEO plugin v27.5 - https:\/\/yoast.com\/product\/yoast-seo-wordpress\/ -->\n<title>Tradi\u00e7\u00f5es, cultura e origens do capixaba s\u00e3o exaltados nos novos filmes do Caf\u00e9 Cafuso - CidadeMarketing<\/title>\n<meta name=\"robots\" content=\"index, follow, max-snippet:-1, max-image-preview:large, max-video-preview:-1\" \/>\n<link rel=\"canonical\" href=\"https:\/\/www.cidademarketing.com.br\/marketing\/2020\/08\/18\/tradicoes-cultura-e-origens-do-capixaba-sao-exaltados-nos-novos-filmes-do-cafe-cafuso\/\" \/>\n<meta property=\"og:locale\" content=\"pt_BR\" \/>\n<meta property=\"og:type\" content=\"article\" \/>\n<meta property=\"og:title\" content=\"Tradi\u00e7\u00f5es, cultura e origens do capixaba s\u00e3o exaltados nos novos filmes do Caf\u00e9 Cafuso - CidadeMarketing\" \/>\n<meta property=\"og:description\" content=\"A nova fase da campanha do Caf\u00e9 Cafuso j\u00e1 est\u00e1 no ar, celebrando mais uma vez o orgulho de ser um produto 100% capixaba, presente na hist\u00f3ria da nossa gente h\u00e1 quase 40 anos. Os novos filmes falam um pouco sobre as ra\u00edzes da popula\u00e7\u00e3o do Esp\u00edrito Santo formada por negros, europeus, ind\u00edgenas, revisitam nossas [&hellip;]\" \/>\n<meta property=\"og:url\" content=\"https:\/\/www.cidademarketing.com.br\/marketing\/2020\/08\/18\/tradicoes-cultura-e-origens-do-capixaba-sao-exaltados-nos-novos-filmes-do-cafe-cafuso\/\" \/>\n<meta property=\"og:site_name\" content=\"CidadeMarketing\" \/>\n<meta property=\"article:publisher\" content=\"https:\/\/www.facebook.com\/portalcidademarketing\" \/>\n<meta property=\"article:author\" content=\"https:\/\/www.facebook.com\/thalesbrandao\" \/>\n<meta property=\"article:published_time\" content=\"2020-08-19T00:08:54+00:00\" \/>\n<meta property=\"article:modified_time\" content=\"2020-08-19T00:10:18+00:00\" \/>\n<meta property=\"og:image\" content=\"https:\/\/www.cidademarketing.com.br\/marketing\/wp-content\/uploads\/2020\/08\/cafe-cafuso.png\" \/>\n\t<meta property=\"og:image:width\" content=\"1917\" \/>\n\t<meta property=\"og:image:height\" content=\"1078\" \/>\n\t<meta property=\"og:image:type\" content=\"image\/png\" \/>\n<meta name=\"author\" content=\"Thales Brand\u00e3o\" \/>\n<meta name=\"twitter:card\" content=\"summary_large_image\" \/>\n<meta name=\"twitter:creator\" content=\"@http:\/\/www.twitter.com\/thalesbrandao\" \/>\n<meta name=\"twitter:site\" content=\"@CidadeMarketing\" \/>\n<meta name=\"twitter:label1\" content=\"Escrito por\" \/>\n\t<meta name=\"twitter:data1\" content=\"Thales Brand\u00e3o\" \/>\n\t<meta name=\"twitter:label2\" content=\"Est. tempo de leitura\" \/>\n\t<meta name=\"twitter:data2\" content=\"1 minuto\" \/>\n<script type=\"application\/ld+json\" class=\"yoast-schema-graph\">{\"@context\":\"https:\\\/\\\/schema.org\",\"@graph\":[{\"@type\":\"Article\",\"@id\":\"https:\\\/\\\/www.cidademarketing.com.br\\\/marketing\\\/2020\\\/08\\\/18\\\/tradicoes-cultura-e-origens-do-capixaba-sao-exaltados-nos-novos-filmes-do-cafe-cafuso\\\/#article\",\"isPartOf\":{\"@id\":\"https:\\\/\\\/www.cidademarketing.com.br\\\/marketing\\\/2020\\\/08\\\/18\\\/tradicoes-cultura-e-origens-do-capixaba-sao-exaltados-nos-novos-filmes-do-cafe-cafuso\\\/\"},\"author\":{\"name\":\"Thales Brand\u00e3o\",\"@id\":\"https:\\\/\\\/www.cidademarketing.com.br\\\/marketing\\\/#\\\/schema\\\/person\\\/02daff9f18bd9378c9e01eb6b2db155f\"},\"headline\":\"Tradi\u00e7\u00f5es, cultura e origens do capixaba s\u00e3o exaltados nos novos filmes do Caf\u00e9 Cafuso\",\"datePublished\":\"2020-08-19T00:08:54+00:00\",\"dateModified\":\"2020-08-19T00:10:18+00:00\",\"mainEntityOfPage\":{\"@id\":\"https:\\\/\\\/www.cidademarketing.com.br\\\/marketing\\\/2020\\\/08\\\/18\\\/tradicoes-cultura-e-origens-do-capixaba-sao-exaltados-nos-novos-filmes-do-cafe-cafuso\\\/\"},\"wordCount\":205,\"commentCount\":0,\"publisher\":{\"@id\":\"https:\\\/\\\/www.cidademarketing.com.br\\\/marketing\\\/#organization\"},\"image\":{\"@id\":\"https:\\\/\\\/www.cidademarketing.com.br\\\/marketing\\\/2020\\\/08\\\/18\\\/tradicoes-cultura-e-origens-do-capixaba-sao-exaltados-nos-novos-filmes-do-cafe-cafuso\\\/#primaryimage\"},\"thumbnailUrl\":\"https:\\\/\\\/www.cidademarketing.com.br\\\/marketing\\\/wp-content\\\/uploads\\\/2020\\\/08\\\/cafe-cafuso.png\",\"keywords\":[\"Caf\u00e9 Cafuso\",\"campanha\",\"estrat\u00e9gia\",\"marketing\"],\"articleSection\":[\"Not\u00edcias\"],\"inLanguage\":\"pt-BR\",\"potentialAction\":[{\"@type\":\"CommentAction\",\"name\":\"Comment\",\"target\":[\"https:\\\/\\\/www.cidademarketing.com.br\\\/marketing\\\/2020\\\/08\\\/18\\\/tradicoes-cultura-e-origens-do-capixaba-sao-exaltados-nos-novos-filmes-do-cafe-cafuso\\\/#respond\"]}]},{\"@type\":\"WebPage\",\"@id\":\"https:\\\/\\\/www.cidademarketing.com.br\\\/marketing\\\/2020\\\/08\\\/18\\\/tradicoes-cultura-e-origens-do-capixaba-sao-exaltados-nos-novos-filmes-do-cafe-cafuso\\\/\",\"url\":\"https:\\\/\\\/www.cidademarketing.com.br\\\/marketing\\\/2020\\\/08\\\/18\\\/tradicoes-cultura-e-origens-do-capixaba-sao-exaltados-nos-novos-filmes-do-cafe-cafuso\\\/\",\"name\":\"Tradi\u00e7\u00f5es, cultura e origens do capixaba s\u00e3o exaltados nos novos filmes do Caf\u00e9 Cafuso - CidadeMarketing\",\"isPartOf\":{\"@id\":\"https:\\\/\\\/www.cidademarketing.com.br\\\/marketing\\\/#website\"},\"primaryImageOfPage\":{\"@id\":\"https:\\\/\\\/www.cidademarketing.com.br\\\/marketing\\\/2020\\\/08\\\/18\\\/tradicoes-cultura-e-origens-do-capixaba-sao-exaltados-nos-novos-filmes-do-cafe-cafuso\\\/#primaryimage\"},\"image\":{\"@id\":\"https:\\\/\\\/www.cidademarketing.com.br\\\/marketing\\\/2020\\\/08\\\/18\\\/tradicoes-cultura-e-origens-do-capixaba-sao-exaltados-nos-novos-filmes-do-cafe-cafuso\\\/#primaryimage\"},\"thumbnailUrl\":\"https:\\\/\\\/www.cidademarketing.com.br\\\/marketing\\\/wp-content\\\/uploads\\\/2020\\\/08\\\/cafe-cafuso.png\",\"datePublished\":\"2020-08-19T00:08:54+00:00\",\"dateModified\":\"2020-08-19T00:10:18+00:00\",\"breadcrumb\":{\"@id\":\"https:\\\/\\\/www.cidademarketing.com.br\\\/marketing\\\/2020\\\/08\\\/18\\\/tradicoes-cultura-e-origens-do-capixaba-sao-exaltados-nos-novos-filmes-do-cafe-cafuso\\\/#breadcrumb\"},\"inLanguage\":\"pt-BR\",\"potentialAction\":[{\"@type\":\"ReadAction\",\"target\":[\"https:\\\/\\\/www.cidademarketing.com.br\\\/marketing\\\/2020\\\/08\\\/18\\\/tradicoes-cultura-e-origens-do-capixaba-sao-exaltados-nos-novos-filmes-do-cafe-cafuso\\\/\"]}]},{\"@type\":\"ImageObject\",\"inLanguage\":\"pt-BR\",\"@id\":\"https:\\\/\\\/www.cidademarketing.com.br\\\/marketing\\\/2020\\\/08\\\/18\\\/tradicoes-cultura-e-origens-do-capixaba-sao-exaltados-nos-novos-filmes-do-cafe-cafuso\\\/#primaryimage\",\"url\":\"https:\\\/\\\/www.cidademarketing.com.br\\\/marketing\\\/wp-content\\\/uploads\\\/2020\\\/08\\\/cafe-cafuso.png\",\"contentUrl\":\"https:\\\/\\\/www.cidademarketing.com.br\\\/marketing\\\/wp-content\\\/uploads\\\/2020\\\/08\\\/cafe-cafuso.png\",\"width\":1917,\"height\":1078},{\"@type\":\"BreadcrumbList\",\"@id\":\"https:\\\/\\\/www.cidademarketing.com.br\\\/marketing\\\/2020\\\/08\\\/18\\\/tradicoes-cultura-e-origens-do-capixaba-sao-exaltados-nos-novos-filmes-do-cafe-cafuso\\\/#breadcrumb\",\"itemListElement\":[{\"@type\":\"ListItem\",\"position\":1,\"name\":\"In\u00edcio\",\"item\":\"https:\\\/\\\/www.cidademarketing.com.br\\\/marketing\\\/\"},{\"@type\":\"ListItem\",\"position\":2,\"name\":\"Tradi\u00e7\u00f5es, cultura e origens do capixaba s\u00e3o exaltados nos novos filmes do Caf\u00e9 Cafuso\"}]},{\"@type\":\"WebSite\",\"@id\":\"https:\\\/\\\/www.cidademarketing.com.br\\\/marketing\\\/#website\",\"url\":\"https:\\\/\\\/www.cidademarketing.com.br\\\/marketing\\\/\",\"name\":\"CidadeMarketing\",\"description\":\"Somos um ve\u00edculo de comunica\u00e7\u00e3o de destaque no Brasil, reconhecido por conte\u00fados nos segmentos de marketing, empreendedorismo e inova\u00e7\u00e3o.\",\"publisher\":{\"@id\":\"https:\\\/\\\/www.cidademarketing.com.br\\\/marketing\\\/#organization\"},\"alternateName\":\"CidadeMarketing\",\"potentialAction\":[{\"@type\":\"SearchAction\",\"target\":{\"@type\":\"EntryPoint\",\"urlTemplate\":\"https:\\\/\\\/www.cidademarketing.com.br\\\/marketing\\\/?s={search_term_string}\"},\"query-input\":{\"@type\":\"PropertyValueSpecification\",\"valueRequired\":true,\"valueName\":\"search_term_string\"}}],\"inLanguage\":\"pt-BR\"},{\"@type\":\"Organization\",\"@id\":\"https:\\\/\\\/www.cidademarketing.com.br\\\/marketing\\\/#organization\",\"name\":\"CidadeMarketing\",\"alternateName\":\"CidadeMarketing\",\"url\":\"https:\\\/\\\/www.cidademarketing.com.br\\\/marketing\\\/\",\"logo\":{\"@type\":\"ImageObject\",\"inLanguage\":\"pt-BR\",\"@id\":\"https:\\\/\\\/www.cidademarketing.com.br\\\/marketing\\\/#\\\/schema\\\/logo\\\/image\\\/\",\"url\":\"https:\\\/\\\/www.cidademarketing.com.br\\\/marketing\\\/wp-content\\\/uploads\\\/2020\\\/01\\\/cidademarketing_marca_mobile.png\",\"contentUrl\":\"https:\\\/\\\/www.cidademarketing.com.br\\\/marketing\\\/wp-content\\\/uploads\\\/2020\\\/01\\\/cidademarketing_marca_mobile.png\",\"width\":230,\"height\":92,\"caption\":\"CidadeMarketing\"},\"image\":{\"@id\":\"https:\\\/\\\/www.cidademarketing.com.br\\\/marketing\\\/#\\\/schema\\\/logo\\\/image\\\/\"},\"sameAs\":[\"https:\\\/\\\/www.facebook.com\\\/portalcidademarketing\",\"https:\\\/\\\/x.com\\\/CidadeMarketing\",\"https:\\\/\\\/www.instagram.com\\\/cidademarketing\\\/\"]},{\"@type\":\"Person\",\"@id\":\"https:\\\/\\\/www.cidademarketing.com.br\\\/marketing\\\/#\\\/schema\\\/person\\\/02daff9f18bd9378c9e01eb6b2db155f\",\"name\":\"Thales Brand\u00e3o\",\"image\":{\"@type\":\"ImageObject\",\"inLanguage\":\"pt-BR\",\"@id\":\"https:\\\/\\\/secure.gravatar.com\\\/avatar\\\/7ca3206950207cc3cb48feec56a8a7898741ab725c368d99d5d7a5a50aab80c6?s=96&d=mm&r=g\",\"url\":\"https:\\\/\\\/secure.gravatar.com\\\/avatar\\\/7ca3206950207cc3cb48feec56a8a7898741ab725c368d99d5d7a5a50aab80c6?s=96&d=mm&r=g\",\"contentUrl\":\"https:\\\/\\\/secure.gravatar.com\\\/avatar\\\/7ca3206950207cc3cb48feec56a8a7898741ab725c368d99d5d7a5a50aab80c6?s=96&d=mm&r=g\",\"caption\":\"Thales Brand\u00e3o\"},\"description\":\"Editor Executivo do Portal CidadeMarketing.com.br &gt; Mestre em Comunica\u00e7\u00e3o e Sociedade pela Universidade Federal de Sergipe. Possui MBA Executivo em Administra\u00e7\u00e3o com \u00eanfase em Marketing pela Funda\u00e7\u00e3o Get\u00falio Vargas - Rio de Janeiro. Consultor, Palestrante e Pesquisador sobre Empreendedorismo, Marketing, Redes Sociais e Neg\u00f3cios Digitais. Professor, Palestrante TedxTalks e Campus Party. Twitter: @ThalesBrandao\",\"sameAs\":[\"http:\\\/\\\/www.mandacaru.com.br\",\"https:\\\/\\\/www.facebook.com\\\/thalesbrandao\",\"http:\\\/\\\/www.instagram.com.br\\\/thalesbrandaoferreira\",\"https:\\\/\\\/www.linkedin.com\\\/in\\\/thales-brand\u00e3o-3948609\\\/\",\"https:\\\/\\\/x.com\\\/http:\\\/\\\/www.twitter.com\\\/thalesbrandao\"],\"url\":\"https:\\\/\\\/www.cidademarketing.com.br\\\/marketing\\\/author\\\/thalesbrandao\\\/\"}]}<\/script>\n<!-- \/ Yoast SEO plugin. -->","yoast_head_json":{"title":"Tradi\u00e7\u00f5es, cultura e origens do capixaba s\u00e3o exaltados nos novos filmes do Caf\u00e9 Cafuso - CidadeMarketing","robots":{"index":"index","follow":"follow","max-snippet":"max-snippet:-1","max-image-preview":"max-image-preview:large","max-video-preview":"max-video-preview:-1"},"canonical":"https:\/\/www.cidademarketing.com.br\/marketing\/2020\/08\/18\/tradicoes-cultura-e-origens-do-capixaba-sao-exaltados-nos-novos-filmes-do-cafe-cafuso\/","og_locale":"pt_BR","og_type":"article","og_title":"Tradi\u00e7\u00f5es, cultura e origens do capixaba s\u00e3o exaltados nos novos filmes do Caf\u00e9 Cafuso - CidadeMarketing","og_description":"A nova fase da campanha do Caf\u00e9 Cafuso j\u00e1 est\u00e1 no ar, celebrando mais uma vez o orgulho de ser um produto 100% capixaba, presente na hist\u00f3ria da nossa gente h\u00e1 quase 40 anos. Os novos filmes falam um pouco sobre as ra\u00edzes da popula\u00e7\u00e3o do Esp\u00edrito Santo formada por negros, europeus, ind\u00edgenas, revisitam nossas [&hellip;]","og_url":"https:\/\/www.cidademarketing.com.br\/marketing\/2020\/08\/18\/tradicoes-cultura-e-origens-do-capixaba-sao-exaltados-nos-novos-filmes-do-cafe-cafuso\/","og_site_name":"CidadeMarketing","article_publisher":"https:\/\/www.facebook.com\/portalcidademarketing","article_author":"https:\/\/www.facebook.com\/thalesbrandao","article_published_time":"2020-08-19T00:08:54+00:00","article_modified_time":"2020-08-19T00:10:18+00:00","og_image":[{"width":1917,"height":1078,"url":"https:\/\/www.cidademarketing.com.br\/marketing\/wp-content\/uploads\/2020\/08\/cafe-cafuso.png","type":"image\/png"}],"author":"Thales Brand\u00e3o","twitter_card":"summary_large_image","twitter_creator":"@http:\/\/www.twitter.com\/thalesbrandao","twitter_site":"@CidadeMarketing","twitter_misc":{"Escrito por":"Thales Brand\u00e3o","Est. tempo de leitura":"1 minuto"},"schema":{"@context":"https:\/\/schema.org","@graph":[{"@type":"Article","@id":"https:\/\/www.cidademarketing.com.br\/marketing\/2020\/08\/18\/tradicoes-cultura-e-origens-do-capixaba-sao-exaltados-nos-novos-filmes-do-cafe-cafuso\/#article","isPartOf":{"@id":"https:\/\/www.cidademarketing.com.br\/marketing\/2020\/08\/18\/tradicoes-cultura-e-origens-do-capixaba-sao-exaltados-nos-novos-filmes-do-cafe-cafuso\/"},"author":{"name":"Thales Brand\u00e3o","@id":"https:\/\/www.cidademarketing.com.br\/marketing\/#\/schema\/person\/02daff9f18bd9378c9e01eb6b2db155f"},"headline":"Tradi\u00e7\u00f5es, cultura e origens do capixaba s\u00e3o exaltados nos novos filmes do Caf\u00e9 Cafuso","datePublished":"2020-08-19T00:08:54+00:00","dateModified":"2020-08-19T00:10:18+00:00","mainEntityOfPage":{"@id":"https:\/\/www.cidademarketing.com.br\/marketing\/2020\/08\/18\/tradicoes-cultura-e-origens-do-capixaba-sao-exaltados-nos-novos-filmes-do-cafe-cafuso\/"},"wordCount":205,"commentCount":0,"publisher":{"@id":"https:\/\/www.cidademarketing.com.br\/marketing\/#organization"},"image":{"@id":"https:\/\/www.cidademarketing.com.br\/marketing\/2020\/08\/18\/tradicoes-cultura-e-origens-do-capixaba-sao-exaltados-nos-novos-filmes-do-cafe-cafuso\/#primaryimage"},"thumbnailUrl":"https:\/\/www.cidademarketing.com.br\/marketing\/wp-content\/uploads\/2020\/08\/cafe-cafuso.png","keywords":["Caf\u00e9 Cafuso","campanha","estrat\u00e9gia","marketing"],"articleSection":["Not\u00edcias"],"inLanguage":"pt-BR","potentialAction":[{"@type":"CommentAction","name":"Comment","target":["https:\/\/www.cidademarketing.com.br\/marketing\/2020\/08\/18\/tradicoes-cultura-e-origens-do-capixaba-sao-exaltados-nos-novos-filmes-do-cafe-cafuso\/#respond"]}]},{"@type":"WebPage","@id":"https:\/\/www.cidademarketing.com.br\/marketing\/2020\/08\/18\/tradicoes-cultura-e-origens-do-capixaba-sao-exaltados-nos-novos-filmes-do-cafe-cafuso\/","url":"https:\/\/www.cidademarketing.com.br\/marketing\/2020\/08\/18\/tradicoes-cultura-e-origens-do-capixaba-sao-exaltados-nos-novos-filmes-do-cafe-cafuso\/","name":"Tradi\u00e7\u00f5es, cultura e origens do capixaba s\u00e3o exaltados nos novos filmes do Caf\u00e9 Cafuso - CidadeMarketing","isPartOf":{"@id":"https:\/\/www.cidademarketing.com.br\/marketing\/#website"},"primaryImageOfPage":{"@id":"https:\/\/www.cidademarketing.com.br\/marketing\/2020\/08\/18\/tradicoes-cultura-e-origens-do-capixaba-sao-exaltados-nos-novos-filmes-do-cafe-cafuso\/#primaryimage"},"image":{"@id":"https:\/\/www.cidademarketing.com.br\/marketing\/2020\/08\/18\/tradicoes-cultura-e-origens-do-capixaba-sao-exaltados-nos-novos-filmes-do-cafe-cafuso\/#primaryimage"},"thumbnailUrl":"https:\/\/www.cidademarketing.com.br\/marketing\/wp-content\/uploads\/2020\/08\/cafe-cafuso.png","datePublished":"2020-08-19T00:08:54+00:00","dateModified":"2020-08-19T00:10:18+00:00","breadcrumb":{"@id":"https:\/\/www.cidademarketing.com.br\/marketing\/2020\/08\/18\/tradicoes-cultura-e-origens-do-capixaba-sao-exaltados-nos-novos-filmes-do-cafe-cafuso\/#breadcrumb"},"inLanguage":"pt-BR","potentialAction":[{"@type":"ReadAction","target":["https:\/\/www.cidademarketing.com.br\/marketing\/2020\/08\/18\/tradicoes-cultura-e-origens-do-capixaba-sao-exaltados-nos-novos-filmes-do-cafe-cafuso\/"]}]},{"@type":"ImageObject","inLanguage":"pt-BR","@id":"https:\/\/www.cidademarketing.com.br\/marketing\/2020\/08\/18\/tradicoes-cultura-e-origens-do-capixaba-sao-exaltados-nos-novos-filmes-do-cafe-cafuso\/#primaryimage","url":"https:\/\/www.cidademarketing.com.br\/marketing\/wp-content\/uploads\/2020\/08\/cafe-cafuso.png","contentUrl":"https:\/\/www.cidademarketing.com.br\/marketing\/wp-content\/uploads\/2020\/08\/cafe-cafuso.png","width":1917,"height":1078},{"@type":"BreadcrumbList","@id":"https:\/\/www.cidademarketing.com.br\/marketing\/2020\/08\/18\/tradicoes-cultura-e-origens-do-capixaba-sao-exaltados-nos-novos-filmes-do-cafe-cafuso\/#breadcrumb","itemListElement":[{"@type":"ListItem","position":1,"name":"In\u00edcio","item":"https:\/\/www.cidademarketing.com.br\/marketing\/"},{"@type":"ListItem","position":2,"name":"Tradi\u00e7\u00f5es, cultura e origens do capixaba s\u00e3o exaltados nos novos filmes do Caf\u00e9 Cafuso"}]},{"@type":"WebSite","@id":"https:\/\/www.cidademarketing.com.br\/marketing\/#website","url":"https:\/\/www.cidademarketing.com.br\/marketing\/","name":"CidadeMarketing","description":"Somos um ve\u00edculo de comunica\u00e7\u00e3o de destaque no Brasil, reconhecido por conte\u00fados nos segmentos de marketing, empreendedorismo e inova\u00e7\u00e3o.","publisher":{"@id":"https:\/\/www.cidademarketing.com.br\/marketing\/#organization"},"alternateName":"CidadeMarketing","potentialAction":[{"@type":"SearchAction","target":{"@type":"EntryPoint","urlTemplate":"https:\/\/www.cidademarketing.com.br\/marketing\/?s={search_term_string}"},"query-input":{"@type":"PropertyValueSpecification","valueRequired":true,"valueName":"search_term_string"}}],"inLanguage":"pt-BR"},{"@type":"Organization","@id":"https:\/\/www.cidademarketing.com.br\/marketing\/#organization","name":"CidadeMarketing","alternateName":"CidadeMarketing","url":"https:\/\/www.cidademarketing.com.br\/marketing\/","logo":{"@type":"ImageObject","inLanguage":"pt-BR","@id":"https:\/\/www.cidademarketing.com.br\/marketing\/#\/schema\/logo\/image\/","url":"https:\/\/www.cidademarketing.com.br\/marketing\/wp-content\/uploads\/2020\/01\/cidademarketing_marca_mobile.png","contentUrl":"https:\/\/www.cidademarketing.com.br\/marketing\/wp-content\/uploads\/2020\/01\/cidademarketing_marca_mobile.png","width":230,"height":92,"caption":"CidadeMarketing"},"image":{"@id":"https:\/\/www.cidademarketing.com.br\/marketing\/#\/schema\/logo\/image\/"},"sameAs":["https:\/\/www.facebook.com\/portalcidademarketing","https:\/\/x.com\/CidadeMarketing","https:\/\/www.instagram.com\/cidademarketing\/"]},{"@type":"Person","@id":"https:\/\/www.cidademarketing.com.br\/marketing\/#\/schema\/person\/02daff9f18bd9378c9e01eb6b2db155f","name":"Thales Brand\u00e3o","image":{"@type":"ImageObject","inLanguage":"pt-BR","@id":"https:\/\/secure.gravatar.com\/avatar\/7ca3206950207cc3cb48feec56a8a7898741ab725c368d99d5d7a5a50aab80c6?s=96&d=mm&r=g","url":"https:\/\/secure.gravatar.com\/avatar\/7ca3206950207cc3cb48feec56a8a7898741ab725c368d99d5d7a5a50aab80c6?s=96&d=mm&r=g","contentUrl":"https:\/\/secure.gravatar.com\/avatar\/7ca3206950207cc3cb48feec56a8a7898741ab725c368d99d5d7a5a50aab80c6?s=96&d=mm&r=g","caption":"Thales Brand\u00e3o"},"description":"Editor Executivo do Portal CidadeMarketing.com.br &gt; Mestre em Comunica\u00e7\u00e3o e Sociedade pela Universidade Federal de Sergipe. Possui MBA Executivo em Administra\u00e7\u00e3o com \u00eanfase em Marketing pela Funda\u00e7\u00e3o Get\u00falio Vargas - Rio de Janeiro. Consultor, Palestrante e Pesquisador sobre Empreendedorismo, Marketing, Redes Sociais e Neg\u00f3cios Digitais. Professor, Palestrante TedxTalks e Campus Party. Twitter: @ThalesBrandao","sameAs":["http:\/\/www.mandacaru.com.br","https:\/\/www.facebook.com\/thalesbrandao","http:\/\/www.instagram.com.br\/thalesbrandaoferreira","https:\/\/www.linkedin.com\/in\/thales-brand\u00e3o-3948609\/","https:\/\/x.com\/http:\/\/www.twitter.com\/thalesbrandao"],"url":"https:\/\/www.cidademarketing.com.br\/marketing\/author\/thalesbrandao\/"}]}},"amp_enabled":true,"_links":{"self":[{"href":"https:\/\/www.cidademarketing.com.br\/marketing\/wp-json\/wp\/v2\/posts\/17987","targetHints":{"allow":["GET"]}}],"collection":[{"href":"https:\/\/www.cidademarketing.com.br\/marketing\/wp-json\/wp\/v2\/posts"}],"about":[{"href":"https:\/\/www.cidademarketing.com.br\/marketing\/wp-json\/wp\/v2\/types\/post"}],"author":[{"embeddable":true,"href":"https:\/\/www.cidademarketing.com.br\/marketing\/wp-json\/wp\/v2\/users\/1"}],"replies":[{"embeddable":true,"href":"https:\/\/www.cidademarketing.com.br\/marketing\/wp-json\/wp\/v2\/comments?post=17987"}],"version-history":[{"count":1,"href":"https:\/\/www.cidademarketing.com.br\/marketing\/wp-json\/wp\/v2\/posts\/17987\/revisions"}],"predecessor-version":[{"id":17988,"href":"https:\/\/www.cidademarketing.com.br\/marketing\/wp-json\/wp\/v2\/posts\/17987\/revisions\/17988"}],"wp:featuredmedia":[{"embeddable":true,"href":"https:\/\/www.cidademarketing.com.br\/marketing\/wp-json\/wp\/v2\/media\/17989"}],"wp:attachment":[{"href":"https:\/\/www.cidademarketing.com.br\/marketing\/wp-json\/wp\/v2\/media?parent=17987"}],"wp:term":[{"taxonomy":"category","embeddable":true,"href":"https:\/\/www.cidademarketing.com.br\/marketing\/wp-json\/wp\/v2\/categories?post=17987"},{"taxonomy":"post_tag","embeddable":true,"href":"https:\/\/www.cidademarketing.com.br\/marketing\/wp-json\/wp\/v2\/tags?post=17987"}],"curies":[{"name":"wp","href":"https:\/\/api.w.org\/{rel}","templated":true}]}}