{"id":17879,"date":"2020-08-17T11:30:48","date_gmt":"2020-08-17T14:30:48","guid":{"rendered":"https:\/\/www.cidademarketing.com.br\/marketing\/?p=17879"},"modified":"2020-08-17T11:30:54","modified_gmt":"2020-08-17T14:30:54","slug":"electrolux-relanca-marca-continental-com-campanha-atualiza","status":"publish","type":"post","link":"https:\/\/www.cidademarketing.com.br\/marketing\/2020\/08\/17\/electrolux-relanca-marca-continental-com-campanha-atualiza\/","title":{"rendered":"Electrolux relan\u00e7a marca Continental com campanha &#8220;Atualiza!&#8221;"},"content":{"rendered":"\n<p>A Electrolux, refer\u00eancia global no setor de eletrodom\u00e9sticos, relan\u00e7a a marca Continental para o mercado brasileiro com a proposta de ampliar a sua atua\u00e7\u00e3o no segmento e apoiar o crescimento sustent\u00e1vel na Am\u00e9rica Latina. Parte do Grupo Electrolux desde 2017, a Continental celebra sua volta ao pa\u00eds com a campanha <strong>&#8220;Atualiza!&#8221;<\/strong>.<\/p>\n\n\n\n<p>Com conceito criativo desenvolvimento pela ag\u00eancia Cubocc, respons\u00e1vel pela estrat\u00e9gia integrada de comunica\u00e7\u00e3o da Continental. a marca retorna ao mercado brasileiro com a premissa de atualizar os pap\u00e9is da fam\u00edlia dentro de casa, e tamb\u00e9m fora dela. Alinhado \u00e0s pesquisas de desenvolvimento associadas \u00e0 percep\u00e7\u00e3o do consumidor, o conceito Atualiza tamb\u00e9m se desdobra para os produtos. S\u00e3o novas propostas conectadas \u00e0 necessidades dos consumidores, que buscam por mais design, robustez e facilidade na limpeza. Segundo pesquisa da Electrolux realizada com a MindMinners, logo no in\u00edcio da quarentena, foi poss\u00edvel perceber, por exemplo, um aumento de 72% nas buscas por eletrodom\u00e9sticos. Al\u00e9m do que 39% dos brasileiros est\u00e3o cozinhando e limpando mais suas casas.<\/p>\n\n\n\n<p>\u201cA chegada da Continental \u00e9 um momento importante para o nosso neg\u00f3cio. Uma marca presente e viva na lembran\u00e7a dos brasileiros, quer, a partir de agora, atualizar ideias, trazer reflex\u00f5es, al\u00e9m de produtos com design e robustez para uma nova gera\u00e7\u00e3o. Queremos nos conectar com nossos consumidores e abrir espa\u00e7o para di\u00e1logos que conversam com a sociedade contempor\u00e2nea.&#8221; diz Cris Duclos, VP de Marketing da Electrolux na Am\u00e9rica Latina.<\/p>\n\n\n\n<p>A campanha de lan\u00e7amento une os novos eletrodom\u00e9sticos da Continental em diferentes momentos, no ambiente da cozinha, \u00e0 pessoas reais. Nos quatro filmes que ser\u00e3o veiculados em TV e online, que refor\u00e7am &#8211; de forma leve e descomplicada &#8211; a atualiza\u00e7\u00e3o da cozinha, tanto em produtos, como um lugar onde paredes s\u00e3o quebradas para abrir espa\u00e7o para integra\u00e7\u00e3o e para conversas, com filmes que traduzem comportamentos estereotipados que precisamos atualizar.<\/p>\n\n\n\n<p><br>&#8220;Acreditamos muito no potencial da Continental e nossa miss\u00e3o \u00e9 relan\u00e7ar a marca que est\u00e1 h\u00e1 nove anos fora do mercado, construindo um prop\u00f3sito claro e reconectando-a com os consumidores atrav\u00e9s do refor\u00e7o dos atributos de qualidade e durabilidade que j\u00e1 existem no mercado&#8221;, explica Claudia Schneider, Head of Operation da Cubocc. &#8220;Nosso processo de trabalho foi super colaborativo, trazendo profissionais que representam o target da marca para co-criar conosco, garantindo a verdade, relev\u00e2ncia e assertividade do discurso&#8221;.<\/p>\n\n\n\n<p>Al\u00e9m disso, o lan\u00e7amento tamb\u00e9m conta com um time de influenciadores para amplificar ainda mais a mensagem e convidar o maior n\u00famero de pessoas para se atualizarem com a Continental. A estrat\u00e9gia fica por conta da SOKO, ag\u00eancia especializada em Earned Media, tamb\u00e9m parte do grupo Flagcx.<\/p>\n\n\n\n<figure class=\"wp-block-embed-youtube wp-block-embed is-type-video is-provider-youtube wp-embed-aspect-16-9 wp-has-aspect-ratio\"><div class=\"wp-block-embed__wrapper\">\n<div class=\"youtube-embed\" data-video_id=\"SDGmiH_kx0o\"><iframe title=\"ATUALIZA! Chegou a Nova Gera\u00e7\u00e3o Continental | Geladeira\" width=\"640\" height=\"360\" src=\"https:\/\/www.youtube.com\/embed\/SDGmiH_kx0o?feature=oembed&#038;enablejsapi=1&#038;enablejsapi=1\" frameborder=\"0\" allow=\"accelerometer; autoplay; clipboard-write; encrypted-media; gyroscope; picture-in-picture; web-share\" referrerpolicy=\"strict-origin-when-cross-origin\" allowfullscreen><\/iframe><\/div>\n<\/div><\/figure>\n\n\n\n<p><\/p>\n\n\n\n<p><\/p>\n\n\n\n<p><strong>Ficha t\u00e9cnica<\/strong><\/p>\n\n\n\n<p>Ag\u00eancia criativa: CUBOCC<\/p>\n\n\n\n<p>CCO: Mauro Ramalho<\/p>\n\n\n\n<p>Diretor de Cria\u00e7\u00e3o: Mauro Ramalho<\/p>\n\n\n\n<p>Concept: Mauro Ramalho, Eduardo Sumi, Clariza Rosa, Luccas Ribeiro e Cris Oliveira<\/p>\n\n\n\n<p>Diretora de Conte\u00fado: Taidje Gut<\/p>\n\n\n\n<p>Head da Solid: Diego Limberti<\/p>\n\n\n\n<p>Lead Designer: Renan Monjon<\/p>\n\n\n\n<p>Diretor de Arte: \u00c1tila Meirelles, Cesar Machado, Jefferson Menezes<\/p>\n\n\n\n<p>Redator: Victor Souza.<\/p>\n\n\n\n<p>COO: Felipe Belinky<\/p>\n\n\n\n<p>Diretora de Opera\u00e7\u00f5es: Claudia Schneider<\/p>\n\n\n\n<p>Producer: Michele do Carmo<\/p>\n\n\n\n<p>Diretor de Projetos: Leandro Sousa<\/p>\n\n\n\n<p>Gerente de Projetos: Patricia Waissmann<\/p>\n\n\n\n<p>Community manager:&nbsp; Mariana Bernardes<\/p>\n\n\n\n<p>Head de M\u00eddia e Connections: Thais Cintra<\/p>\n\n\n\n<p>Diretora de M\u00eddia e Connections: Jo\u00e3o Sucena<\/p>\n\n\n\n<p>Supervisora de M\u00eddia: Iuellen Souza<\/p>\n\n\n\n<p>Coordenador de M\u00eddia: Vitor Liberatori.<\/p>\n\n\n\n<p>Filme\/Foto: Dogs Can Fly<\/p>\n\n\n\n<p>Diretor de cena: Pedro Mahfuz<\/p>\n\n\n\n<p>Elenco: Silva Produtora<\/p>\n\n\n\n<p>Audio: Fuzzr &#8211; Felipe Colenci<\/p>\n\n\n\n<p><strong>Aprova\u00e7\u00e3o:<\/strong><\/p>\n\n\n\n<p>Cristina Duclos<\/p>\n\n\n\n<p>Juliana Roschel<\/p>\n\n\n\n<p>Juliane Mussarelli<\/p>\n\n\n\n<p>Tathiane Araujo<\/p>\n","protected":false},"excerpt":{"rendered":"<p>A Electrolux, refer\u00eancia global no setor de eletrodom\u00e9sticos, relan\u00e7a a marca Continental para o mercado brasileiro com a proposta de ampliar a sua atua\u00e7\u00e3o no segmento e apoiar o crescimento sustent\u00e1vel na Am\u00e9rica Latina. Parte do Grupo Electrolux desde 2017, a Continental celebra sua volta ao pa\u00eds com a campanha &#8220;Atualiza!&#8221;. Com conceito criativo desenvolvimento [&hellip;]<\/p>\n","protected":false},"author":1,"featured_media":17880,"comment_status":"open","ping_status":"open","sticky":false,"template":"","format":"standard","meta":{"tdm_status":"","tdm_grid_status":"","footnotes":""},"categories":[14],"tags":[65,900,2778,33],"class_list":["post-17879","post","type-post","status-publish","format-standard","has-post-thumbnail","hentry","category-videos","tag-campanha","tag-continental","tag-electrolux","tag-estrategia"],"yoast_head":"<!-- This site is optimized with the Yoast SEO plugin v27.5 - https:\/\/yoast.com\/product\/yoast-seo-wordpress\/ -->\n<title>Electrolux relan\u00e7a marca Continental com campanha &quot;Atualiza!&quot; - CidadeMarketing<\/title>\n<meta name=\"robots\" content=\"index, follow, max-snippet:-1, max-image-preview:large, max-video-preview:-1\" \/>\n<link rel=\"canonical\" href=\"https:\/\/www.cidademarketing.com.br\/marketing\/2020\/08\/17\/electrolux-relanca-marca-continental-com-campanha-atualiza\/\" \/>\n<meta property=\"og:locale\" content=\"pt_BR\" \/>\n<meta property=\"og:type\" content=\"article\" \/>\n<meta property=\"og:title\" content=\"Electrolux relan\u00e7a marca Continental com campanha &quot;Atualiza!&quot; - CidadeMarketing\" \/>\n<meta property=\"og:description\" content=\"A Electrolux, refer\u00eancia global no setor de eletrodom\u00e9sticos, relan\u00e7a a marca Continental para o mercado brasileiro com a proposta de ampliar a sua atua\u00e7\u00e3o no segmento e apoiar o crescimento sustent\u00e1vel na Am\u00e9rica Latina. Parte do Grupo Electrolux desde 2017, a Continental celebra sua volta ao pa\u00eds com a campanha &#8220;Atualiza!&#8221;. Com conceito criativo desenvolvimento [&hellip;]\" \/>\n<meta property=\"og:url\" content=\"https:\/\/www.cidademarketing.com.br\/marketing\/2020\/08\/17\/electrolux-relanca-marca-continental-com-campanha-atualiza\/\" \/>\n<meta property=\"og:site_name\" content=\"CidadeMarketing\" \/>\n<meta property=\"article:publisher\" content=\"https:\/\/www.facebook.com\/portalcidademarketing\" \/>\n<meta property=\"article:author\" content=\"https:\/\/www.facebook.com\/thalesbrandao\" \/>\n<meta property=\"article:published_time\" content=\"2020-08-17T14:30:48+00:00\" \/>\n<meta property=\"article:modified_time\" content=\"2020-08-17T14:30:54+00:00\" \/>\n<meta property=\"og:image\" content=\"https:\/\/www.cidademarketing.com.br\/marketing\/wp-content\/uploads\/2020\/08\/continental.jpg\" \/>\n\t<meta property=\"og:image:width\" content=\"1180\" \/>\n\t<meta property=\"og:image:height\" content=\"596\" \/>\n\t<meta property=\"og:image:type\" content=\"image\/jpeg\" \/>\n<meta name=\"author\" content=\"Thales Brand\u00e3o\" \/>\n<meta name=\"twitter:card\" content=\"summary_large_image\" \/>\n<meta name=\"twitter:creator\" content=\"@http:\/\/www.twitter.com\/thalesbrandao\" \/>\n<meta name=\"twitter:site\" content=\"@CidadeMarketing\" \/>\n<meta name=\"twitter:label1\" content=\"Escrito por\" \/>\n\t<meta name=\"twitter:data1\" content=\"Thales Brand\u00e3o\" \/>\n\t<meta name=\"twitter:label2\" content=\"Est. tempo de leitura\" \/>\n\t<meta name=\"twitter:data2\" content=\"3 minutos\" \/>\n<script type=\"application\/ld+json\" class=\"yoast-schema-graph\">{\"@context\":\"https:\\\/\\\/schema.org\",\"@graph\":[{\"@type\":\"Article\",\"@id\":\"https:\\\/\\\/www.cidademarketing.com.br\\\/marketing\\\/2020\\\/08\\\/17\\\/electrolux-relanca-marca-continental-com-campanha-atualiza\\\/#article\",\"isPartOf\":{\"@id\":\"https:\\\/\\\/www.cidademarketing.com.br\\\/marketing\\\/2020\\\/08\\\/17\\\/electrolux-relanca-marca-continental-com-campanha-atualiza\\\/\"},\"author\":{\"name\":\"Thales Brand\u00e3o\",\"@id\":\"https:\\\/\\\/www.cidademarketing.com.br\\\/marketing\\\/#\\\/schema\\\/person\\\/02daff9f18bd9378c9e01eb6b2db155f\"},\"headline\":\"Electrolux relan\u00e7a marca Continental com campanha &#8220;Atualiza!&#8221;\",\"datePublished\":\"2020-08-17T14:30:48+00:00\",\"dateModified\":\"2020-08-17T14:30:54+00:00\",\"mainEntityOfPage\":{\"@id\":\"https:\\\/\\\/www.cidademarketing.com.br\\\/marketing\\\/2020\\\/08\\\/17\\\/electrolux-relanca-marca-continental-com-campanha-atualiza\\\/\"},\"wordCount\":629,\"commentCount\":0,\"publisher\":{\"@id\":\"https:\\\/\\\/www.cidademarketing.com.br\\\/marketing\\\/#organization\"},\"image\":{\"@id\":\"https:\\\/\\\/www.cidademarketing.com.br\\\/marketing\\\/2020\\\/08\\\/17\\\/electrolux-relanca-marca-continental-com-campanha-atualiza\\\/#primaryimage\"},\"thumbnailUrl\":\"https:\\\/\\\/www.cidademarketing.com.br\\\/marketing\\\/wp-content\\\/uploads\\\/2020\\\/08\\\/continental.jpg\",\"keywords\":[\"campanha\",\"Continental\",\"Electrolux\",\"estrat\u00e9gia\"],\"articleSection\":[\"Videos\"],\"inLanguage\":\"pt-BR\",\"potentialAction\":[{\"@type\":\"CommentAction\",\"name\":\"Comment\",\"target\":[\"https:\\\/\\\/www.cidademarketing.com.br\\\/marketing\\\/2020\\\/08\\\/17\\\/electrolux-relanca-marca-continental-com-campanha-atualiza\\\/#respond\"]}]},{\"@type\":\"WebPage\",\"@id\":\"https:\\\/\\\/www.cidademarketing.com.br\\\/marketing\\\/2020\\\/08\\\/17\\\/electrolux-relanca-marca-continental-com-campanha-atualiza\\\/\",\"url\":\"https:\\\/\\\/www.cidademarketing.com.br\\\/marketing\\\/2020\\\/08\\\/17\\\/electrolux-relanca-marca-continental-com-campanha-atualiza\\\/\",\"name\":\"Electrolux relan\u00e7a marca Continental com campanha \\\"Atualiza!\\\" - CidadeMarketing\",\"isPartOf\":{\"@id\":\"https:\\\/\\\/www.cidademarketing.com.br\\\/marketing\\\/#website\"},\"primaryImageOfPage\":{\"@id\":\"https:\\\/\\\/www.cidademarketing.com.br\\\/marketing\\\/2020\\\/08\\\/17\\\/electrolux-relanca-marca-continental-com-campanha-atualiza\\\/#primaryimage\"},\"image\":{\"@id\":\"https:\\\/\\\/www.cidademarketing.com.br\\\/marketing\\\/2020\\\/08\\\/17\\\/electrolux-relanca-marca-continental-com-campanha-atualiza\\\/#primaryimage\"},\"thumbnailUrl\":\"https:\\\/\\\/www.cidademarketing.com.br\\\/marketing\\\/wp-content\\\/uploads\\\/2020\\\/08\\\/continental.jpg\",\"datePublished\":\"2020-08-17T14:30:48+00:00\",\"dateModified\":\"2020-08-17T14:30:54+00:00\",\"breadcrumb\":{\"@id\":\"https:\\\/\\\/www.cidademarketing.com.br\\\/marketing\\\/2020\\\/08\\\/17\\\/electrolux-relanca-marca-continental-com-campanha-atualiza\\\/#breadcrumb\"},\"inLanguage\":\"pt-BR\",\"potentialAction\":[{\"@type\":\"ReadAction\",\"target\":[\"https:\\\/\\\/www.cidademarketing.com.br\\\/marketing\\\/2020\\\/08\\\/17\\\/electrolux-relanca-marca-continental-com-campanha-atualiza\\\/\"]}]},{\"@type\":\"ImageObject\",\"inLanguage\":\"pt-BR\",\"@id\":\"https:\\\/\\\/www.cidademarketing.com.br\\\/marketing\\\/2020\\\/08\\\/17\\\/electrolux-relanca-marca-continental-com-campanha-atualiza\\\/#primaryimage\",\"url\":\"https:\\\/\\\/www.cidademarketing.com.br\\\/marketing\\\/wp-content\\\/uploads\\\/2020\\\/08\\\/continental.jpg\",\"contentUrl\":\"https:\\\/\\\/www.cidademarketing.com.br\\\/marketing\\\/wp-content\\\/uploads\\\/2020\\\/08\\\/continental.jpg\",\"width\":1180,\"height\":596,\"caption\":\"Reprodu\u00e7\u00e3o\"},{\"@type\":\"BreadcrumbList\",\"@id\":\"https:\\\/\\\/www.cidademarketing.com.br\\\/marketing\\\/2020\\\/08\\\/17\\\/electrolux-relanca-marca-continental-com-campanha-atualiza\\\/#breadcrumb\",\"itemListElement\":[{\"@type\":\"ListItem\",\"position\":1,\"name\":\"In\u00edcio\",\"item\":\"https:\\\/\\\/www.cidademarketing.com.br\\\/marketing\\\/\"},{\"@type\":\"ListItem\",\"position\":2,\"name\":\"Electrolux relan\u00e7a marca Continental com campanha &#8220;Atualiza!&#8221;\"}]},{\"@type\":\"WebSite\",\"@id\":\"https:\\\/\\\/www.cidademarketing.com.br\\\/marketing\\\/#website\",\"url\":\"https:\\\/\\\/www.cidademarketing.com.br\\\/marketing\\\/\",\"name\":\"CidadeMarketing\",\"description\":\"Somos um ve\u00edculo de comunica\u00e7\u00e3o de destaque no Brasil, reconhecido por conte\u00fados nos segmentos de marketing, empreendedorismo e inova\u00e7\u00e3o.\",\"publisher\":{\"@id\":\"https:\\\/\\\/www.cidademarketing.com.br\\\/marketing\\\/#organization\"},\"alternateName\":\"CidadeMarketing\",\"potentialAction\":[{\"@type\":\"SearchAction\",\"target\":{\"@type\":\"EntryPoint\",\"urlTemplate\":\"https:\\\/\\\/www.cidademarketing.com.br\\\/marketing\\\/?s={search_term_string}\"},\"query-input\":{\"@type\":\"PropertyValueSpecification\",\"valueRequired\":true,\"valueName\":\"search_term_string\"}}],\"inLanguage\":\"pt-BR\"},{\"@type\":\"Organization\",\"@id\":\"https:\\\/\\\/www.cidademarketing.com.br\\\/marketing\\\/#organization\",\"name\":\"CidadeMarketing\",\"alternateName\":\"CidadeMarketing\",\"url\":\"https:\\\/\\\/www.cidademarketing.com.br\\\/marketing\\\/\",\"logo\":{\"@type\":\"ImageObject\",\"inLanguage\":\"pt-BR\",\"@id\":\"https:\\\/\\\/www.cidademarketing.com.br\\\/marketing\\\/#\\\/schema\\\/logo\\\/image\\\/\",\"url\":\"https:\\\/\\\/www.cidademarketing.com.br\\\/marketing\\\/wp-content\\\/uploads\\\/2020\\\/01\\\/cidademarketing_marca_mobile.png\",\"contentUrl\":\"https:\\\/\\\/www.cidademarketing.com.br\\\/marketing\\\/wp-content\\\/uploads\\\/2020\\\/01\\\/cidademarketing_marca_mobile.png\",\"width\":230,\"height\":92,\"caption\":\"CidadeMarketing\"},\"image\":{\"@id\":\"https:\\\/\\\/www.cidademarketing.com.br\\\/marketing\\\/#\\\/schema\\\/logo\\\/image\\\/\"},\"sameAs\":[\"https:\\\/\\\/www.facebook.com\\\/portalcidademarketing\",\"https:\\\/\\\/x.com\\\/CidadeMarketing\",\"https:\\\/\\\/www.instagram.com\\\/cidademarketing\\\/\"]},{\"@type\":\"Person\",\"@id\":\"https:\\\/\\\/www.cidademarketing.com.br\\\/marketing\\\/#\\\/schema\\\/person\\\/02daff9f18bd9378c9e01eb6b2db155f\",\"name\":\"Thales Brand\u00e3o\",\"image\":{\"@type\":\"ImageObject\",\"inLanguage\":\"pt-BR\",\"@id\":\"https:\\\/\\\/secure.gravatar.com\\\/avatar\\\/7ca3206950207cc3cb48feec56a8a7898741ab725c368d99d5d7a5a50aab80c6?s=96&d=mm&r=g\",\"url\":\"https:\\\/\\\/secure.gravatar.com\\\/avatar\\\/7ca3206950207cc3cb48feec56a8a7898741ab725c368d99d5d7a5a50aab80c6?s=96&d=mm&r=g\",\"contentUrl\":\"https:\\\/\\\/secure.gravatar.com\\\/avatar\\\/7ca3206950207cc3cb48feec56a8a7898741ab725c368d99d5d7a5a50aab80c6?s=96&d=mm&r=g\",\"caption\":\"Thales Brand\u00e3o\"},\"description\":\"Editor Executivo do Portal CidadeMarketing.com.br &gt; Mestre em Comunica\u00e7\u00e3o e Sociedade pela Universidade Federal de Sergipe. Possui MBA Executivo em Administra\u00e7\u00e3o com \u00eanfase em Marketing pela Funda\u00e7\u00e3o Get\u00falio Vargas - Rio de Janeiro. Consultor, Palestrante e Pesquisador sobre Empreendedorismo, Marketing, Redes Sociais e Neg\u00f3cios Digitais. Professor, Palestrante TedxTalks e Campus Party. Twitter: @ThalesBrandao\",\"sameAs\":[\"http:\\\/\\\/www.mandacaru.com.br\",\"https:\\\/\\\/www.facebook.com\\\/thalesbrandao\",\"http:\\\/\\\/www.instagram.com.br\\\/thalesbrandaoferreira\",\"https:\\\/\\\/www.linkedin.com\\\/in\\\/thales-brand\u00e3o-3948609\\\/\",\"https:\\\/\\\/x.com\\\/http:\\\/\\\/www.twitter.com\\\/thalesbrandao\"],\"url\":\"https:\\\/\\\/www.cidademarketing.com.br\\\/marketing\\\/author\\\/thalesbrandao\\\/\"}]}<\/script>\n<!-- \/ Yoast SEO plugin. -->","yoast_head_json":{"title":"Electrolux relan\u00e7a marca Continental com campanha \"Atualiza!\" - CidadeMarketing","robots":{"index":"index","follow":"follow","max-snippet":"max-snippet:-1","max-image-preview":"max-image-preview:large","max-video-preview":"max-video-preview:-1"},"canonical":"https:\/\/www.cidademarketing.com.br\/marketing\/2020\/08\/17\/electrolux-relanca-marca-continental-com-campanha-atualiza\/","og_locale":"pt_BR","og_type":"article","og_title":"Electrolux relan\u00e7a marca Continental com campanha \"Atualiza!\" - CidadeMarketing","og_description":"A Electrolux, refer\u00eancia global no setor de eletrodom\u00e9sticos, relan\u00e7a a marca Continental para o mercado brasileiro com a proposta de ampliar a sua atua\u00e7\u00e3o no segmento e apoiar o crescimento sustent\u00e1vel na Am\u00e9rica Latina. Parte do Grupo Electrolux desde 2017, a Continental celebra sua volta ao pa\u00eds com a campanha &#8220;Atualiza!&#8221;. Com conceito criativo desenvolvimento [&hellip;]","og_url":"https:\/\/www.cidademarketing.com.br\/marketing\/2020\/08\/17\/electrolux-relanca-marca-continental-com-campanha-atualiza\/","og_site_name":"CidadeMarketing","article_publisher":"https:\/\/www.facebook.com\/portalcidademarketing","article_author":"https:\/\/www.facebook.com\/thalesbrandao","article_published_time":"2020-08-17T14:30:48+00:00","article_modified_time":"2020-08-17T14:30:54+00:00","og_image":[{"width":1180,"height":596,"url":"https:\/\/www.cidademarketing.com.br\/marketing\/wp-content\/uploads\/2020\/08\/continental.jpg","type":"image\/jpeg"}],"author":"Thales Brand\u00e3o","twitter_card":"summary_large_image","twitter_creator":"@http:\/\/www.twitter.com\/thalesbrandao","twitter_site":"@CidadeMarketing","twitter_misc":{"Escrito por":"Thales Brand\u00e3o","Est. tempo de leitura":"3 minutos"},"schema":{"@context":"https:\/\/schema.org","@graph":[{"@type":"Article","@id":"https:\/\/www.cidademarketing.com.br\/marketing\/2020\/08\/17\/electrolux-relanca-marca-continental-com-campanha-atualiza\/#article","isPartOf":{"@id":"https:\/\/www.cidademarketing.com.br\/marketing\/2020\/08\/17\/electrolux-relanca-marca-continental-com-campanha-atualiza\/"},"author":{"name":"Thales Brand\u00e3o","@id":"https:\/\/www.cidademarketing.com.br\/marketing\/#\/schema\/person\/02daff9f18bd9378c9e01eb6b2db155f"},"headline":"Electrolux relan\u00e7a marca Continental com campanha &#8220;Atualiza!&#8221;","datePublished":"2020-08-17T14:30:48+00:00","dateModified":"2020-08-17T14:30:54+00:00","mainEntityOfPage":{"@id":"https:\/\/www.cidademarketing.com.br\/marketing\/2020\/08\/17\/electrolux-relanca-marca-continental-com-campanha-atualiza\/"},"wordCount":629,"commentCount":0,"publisher":{"@id":"https:\/\/www.cidademarketing.com.br\/marketing\/#organization"},"image":{"@id":"https:\/\/www.cidademarketing.com.br\/marketing\/2020\/08\/17\/electrolux-relanca-marca-continental-com-campanha-atualiza\/#primaryimage"},"thumbnailUrl":"https:\/\/www.cidademarketing.com.br\/marketing\/wp-content\/uploads\/2020\/08\/continental.jpg","keywords":["campanha","Continental","Electrolux","estrat\u00e9gia"],"articleSection":["Videos"],"inLanguage":"pt-BR","potentialAction":[{"@type":"CommentAction","name":"Comment","target":["https:\/\/www.cidademarketing.com.br\/marketing\/2020\/08\/17\/electrolux-relanca-marca-continental-com-campanha-atualiza\/#respond"]}]},{"@type":"WebPage","@id":"https:\/\/www.cidademarketing.com.br\/marketing\/2020\/08\/17\/electrolux-relanca-marca-continental-com-campanha-atualiza\/","url":"https:\/\/www.cidademarketing.com.br\/marketing\/2020\/08\/17\/electrolux-relanca-marca-continental-com-campanha-atualiza\/","name":"Electrolux relan\u00e7a marca Continental com campanha \"Atualiza!\" - CidadeMarketing","isPartOf":{"@id":"https:\/\/www.cidademarketing.com.br\/marketing\/#website"},"primaryImageOfPage":{"@id":"https:\/\/www.cidademarketing.com.br\/marketing\/2020\/08\/17\/electrolux-relanca-marca-continental-com-campanha-atualiza\/#primaryimage"},"image":{"@id":"https:\/\/www.cidademarketing.com.br\/marketing\/2020\/08\/17\/electrolux-relanca-marca-continental-com-campanha-atualiza\/#primaryimage"},"thumbnailUrl":"https:\/\/www.cidademarketing.com.br\/marketing\/wp-content\/uploads\/2020\/08\/continental.jpg","datePublished":"2020-08-17T14:30:48+00:00","dateModified":"2020-08-17T14:30:54+00:00","breadcrumb":{"@id":"https:\/\/www.cidademarketing.com.br\/marketing\/2020\/08\/17\/electrolux-relanca-marca-continental-com-campanha-atualiza\/#breadcrumb"},"inLanguage":"pt-BR","potentialAction":[{"@type":"ReadAction","target":["https:\/\/www.cidademarketing.com.br\/marketing\/2020\/08\/17\/electrolux-relanca-marca-continental-com-campanha-atualiza\/"]}]},{"@type":"ImageObject","inLanguage":"pt-BR","@id":"https:\/\/www.cidademarketing.com.br\/marketing\/2020\/08\/17\/electrolux-relanca-marca-continental-com-campanha-atualiza\/#primaryimage","url":"https:\/\/www.cidademarketing.com.br\/marketing\/wp-content\/uploads\/2020\/08\/continental.jpg","contentUrl":"https:\/\/www.cidademarketing.com.br\/marketing\/wp-content\/uploads\/2020\/08\/continental.jpg","width":1180,"height":596,"caption":"Reprodu\u00e7\u00e3o"},{"@type":"BreadcrumbList","@id":"https:\/\/www.cidademarketing.com.br\/marketing\/2020\/08\/17\/electrolux-relanca-marca-continental-com-campanha-atualiza\/#breadcrumb","itemListElement":[{"@type":"ListItem","position":1,"name":"In\u00edcio","item":"https:\/\/www.cidademarketing.com.br\/marketing\/"},{"@type":"ListItem","position":2,"name":"Electrolux relan\u00e7a marca Continental com campanha &#8220;Atualiza!&#8221;"}]},{"@type":"WebSite","@id":"https:\/\/www.cidademarketing.com.br\/marketing\/#website","url":"https:\/\/www.cidademarketing.com.br\/marketing\/","name":"CidadeMarketing","description":"Somos um ve\u00edculo de comunica\u00e7\u00e3o de destaque no Brasil, reconhecido por conte\u00fados nos segmentos de marketing, empreendedorismo e inova\u00e7\u00e3o.","publisher":{"@id":"https:\/\/www.cidademarketing.com.br\/marketing\/#organization"},"alternateName":"CidadeMarketing","potentialAction":[{"@type":"SearchAction","target":{"@type":"EntryPoint","urlTemplate":"https:\/\/www.cidademarketing.com.br\/marketing\/?s={search_term_string}"},"query-input":{"@type":"PropertyValueSpecification","valueRequired":true,"valueName":"search_term_string"}}],"inLanguage":"pt-BR"},{"@type":"Organization","@id":"https:\/\/www.cidademarketing.com.br\/marketing\/#organization","name":"CidadeMarketing","alternateName":"CidadeMarketing","url":"https:\/\/www.cidademarketing.com.br\/marketing\/","logo":{"@type":"ImageObject","inLanguage":"pt-BR","@id":"https:\/\/www.cidademarketing.com.br\/marketing\/#\/schema\/logo\/image\/","url":"https:\/\/www.cidademarketing.com.br\/marketing\/wp-content\/uploads\/2020\/01\/cidademarketing_marca_mobile.png","contentUrl":"https:\/\/www.cidademarketing.com.br\/marketing\/wp-content\/uploads\/2020\/01\/cidademarketing_marca_mobile.png","width":230,"height":92,"caption":"CidadeMarketing"},"image":{"@id":"https:\/\/www.cidademarketing.com.br\/marketing\/#\/schema\/logo\/image\/"},"sameAs":["https:\/\/www.facebook.com\/portalcidademarketing","https:\/\/x.com\/CidadeMarketing","https:\/\/www.instagram.com\/cidademarketing\/"]},{"@type":"Person","@id":"https:\/\/www.cidademarketing.com.br\/marketing\/#\/schema\/person\/02daff9f18bd9378c9e01eb6b2db155f","name":"Thales Brand\u00e3o","image":{"@type":"ImageObject","inLanguage":"pt-BR","@id":"https:\/\/secure.gravatar.com\/avatar\/7ca3206950207cc3cb48feec56a8a7898741ab725c368d99d5d7a5a50aab80c6?s=96&d=mm&r=g","url":"https:\/\/secure.gravatar.com\/avatar\/7ca3206950207cc3cb48feec56a8a7898741ab725c368d99d5d7a5a50aab80c6?s=96&d=mm&r=g","contentUrl":"https:\/\/secure.gravatar.com\/avatar\/7ca3206950207cc3cb48feec56a8a7898741ab725c368d99d5d7a5a50aab80c6?s=96&d=mm&r=g","caption":"Thales Brand\u00e3o"},"description":"Editor Executivo do Portal CidadeMarketing.com.br &gt; Mestre em Comunica\u00e7\u00e3o e Sociedade pela Universidade Federal de Sergipe. Possui MBA Executivo em Administra\u00e7\u00e3o com \u00eanfase em Marketing pela Funda\u00e7\u00e3o Get\u00falio Vargas - Rio de Janeiro. Consultor, Palestrante e Pesquisador sobre Empreendedorismo, Marketing, Redes Sociais e Neg\u00f3cios Digitais. Professor, Palestrante TedxTalks e Campus Party. Twitter: @ThalesBrandao","sameAs":["http:\/\/www.mandacaru.com.br","https:\/\/www.facebook.com\/thalesbrandao","http:\/\/www.instagram.com.br\/thalesbrandaoferreira","https:\/\/www.linkedin.com\/in\/thales-brand\u00e3o-3948609\/","https:\/\/x.com\/http:\/\/www.twitter.com\/thalesbrandao"],"url":"https:\/\/www.cidademarketing.com.br\/marketing\/author\/thalesbrandao\/"}]}},"amp_enabled":true,"_links":{"self":[{"href":"https:\/\/www.cidademarketing.com.br\/marketing\/wp-json\/wp\/v2\/posts\/17879","targetHints":{"allow":["GET"]}}],"collection":[{"href":"https:\/\/www.cidademarketing.com.br\/marketing\/wp-json\/wp\/v2\/posts"}],"about":[{"href":"https:\/\/www.cidademarketing.com.br\/marketing\/wp-json\/wp\/v2\/types\/post"}],"author":[{"embeddable":true,"href":"https:\/\/www.cidademarketing.com.br\/marketing\/wp-json\/wp\/v2\/users\/1"}],"replies":[{"embeddable":true,"href":"https:\/\/www.cidademarketing.com.br\/marketing\/wp-json\/wp\/v2\/comments?post=17879"}],"version-history":[{"count":1,"href":"https:\/\/www.cidademarketing.com.br\/marketing\/wp-json\/wp\/v2\/posts\/17879\/revisions"}],"predecessor-version":[{"id":17881,"href":"https:\/\/www.cidademarketing.com.br\/marketing\/wp-json\/wp\/v2\/posts\/17879\/revisions\/17881"}],"wp:featuredmedia":[{"embeddable":true,"href":"https:\/\/www.cidademarketing.com.br\/marketing\/wp-json\/wp\/v2\/media\/17880"}],"wp:attachment":[{"href":"https:\/\/www.cidademarketing.com.br\/marketing\/wp-json\/wp\/v2\/media?parent=17879"}],"wp:term":[{"taxonomy":"category","embeddable":true,"href":"https:\/\/www.cidademarketing.com.br\/marketing\/wp-json\/wp\/v2\/categories?post=17879"},{"taxonomy":"post_tag","embeddable":true,"href":"https:\/\/www.cidademarketing.com.br\/marketing\/wp-json\/wp\/v2\/tags?post=17879"}],"curies":[{"name":"wp","href":"https:\/\/api.w.org\/{rel}","templated":true}]}}