{"id":17851,"date":"2020-08-15T22:02:46","date_gmt":"2020-08-16T01:02:46","guid":{"rendered":"https:\/\/www.cidademarketing.com.br\/marketing\/?p=17851"},"modified":"2020-08-15T22:02:52","modified_gmt":"2020-08-16T01:02:52","slug":"grupo-globo-unifica-gestao-da-editora-globo-e-do-sistema-globo-de-radio","status":"publish","type":"post","link":"https:\/\/www.cidademarketing.com.br\/marketing\/2020\/08\/15\/grupo-globo-unifica-gestao-da-editora-globo-e-do-sistema-globo-de-radio\/","title":{"rendered":"Grupo Globo unifica gest\u00e3o da Editora Globo e do Sistema Globo de R\u00e1dio"},"content":{"rendered":"\n<p>Como parte de seu movimento cont\u00ednuo de transforma\u00e7\u00e3o para o futuro, o <strong>Grupo Globo<\/strong> anunciou hoje que o <strong>Sistema Globo de R\u00e1dio (SGR)<\/strong> <strong>compartilhar\u00e1 com a Editora Globo a lideran\u00e7a de Frederic Kachar<\/strong>. Marcelo Soares, at\u00e9 ent\u00e3o \u00e0 frente da Som Livre e do SGR, volta a se dedicar exclusivamente \u00e0 Som Livre, unidade de m\u00fasica da Globo, que apresenta resultados e investimentos crescentes.<br><br>A centraliza\u00e7\u00e3o da gest\u00e3o do SGR e da Editora Globo atende ainda \u00e0 busca por maior sinergia nas opera\u00e7\u00f5es. <em>&#8220;Esse movimento permitir\u00e1 tamb\u00e9m uma grande troca entre as marcas de conte\u00fado jornal\u00edstico e segmentado, que hoje j\u00e1 acontece entre os jornais O Globo e Valor Econ\u00f4mico, as revistas da Editora Globo e a CBN, por exemplo. Vamos poder fazer aos nossos parceiros ofertas de solu\u00e7\u00f5es comerciais mais completas, em todas as plataformas: no impresso, no digital, nos eventos, em \u00e1udio etc. Haver\u00e1 ainda maior participa\u00e7\u00e3o dos talentos da Editora nos conte\u00fados do SGR e a Editora ampliar\u00e1 seu alcance gra\u00e7as \u00e0 relev\u00e2ncia nacional da CBN e \u00e0 relev\u00e2ncia regional da R\u00e1dio Globo e da BHFM, importantes r\u00e1dios musicais&#8221;<\/em>, explica <strong>Frederic Kachar<\/strong>.<br><br>Para liderar esse desafio na CBN, maior r\u00e1dio de not\u00edcias do Brasil, foi convidado o jornalista Pedro Dias Leite, hoje editor-chefe da \u00c9poca e um dos protagonistas do bem-sucedido processo de transforma\u00e7\u00e3o digital da Editora Globo. Pedro foi editor-executivo da Reda\u00e7\u00e3o Integrada da Editora e editor de Pa\u00eds do jornal O Globo; antes trabalhou na revista Veja e na Folha de S. Paulo.<br><br>Ricardo Gandour, \u00e0 frente da CBN desde 2016 e com anterior passagem por empresas do Grupo, est\u00e1 se desligando da r\u00e1dio para se dedicar a novos projetos e ir\u00e1 apoiar a transi\u00e7\u00e3o nos pr\u00f3ximos 90 dias. Gandour, que deu uma imensa contribui\u00e7\u00e3o para o jornalismo isento, correto e \u00e1gil da CBN, acaba de lan\u00e7ar o livro &#8220;Jornalismo em retra\u00e7\u00e3o, Poder em expans\u00e3o &#8211; A segunda morte da opini\u00e3o p\u00fablica&#8221;.<\/p>\n","protected":false},"excerpt":{"rendered":"<p>Como parte de seu movimento cont\u00ednuo de transforma\u00e7\u00e3o para o futuro, o Grupo Globo anunciou hoje que o Sistema Globo de R\u00e1dio (SGR) compartilhar\u00e1 com a Editora Globo a lideran\u00e7a de Frederic Kachar. Marcelo Soares, at\u00e9 ent\u00e3o \u00e0 frente da Som Livre e do SGR, volta a se dedicar exclusivamente \u00e0 Som Livre, unidade de [&hellip;]<\/p>\n","protected":false},"author":1,"featured_media":476,"comment_status":"open","ping_status":"open","sticky":false,"template":"","format":"standard","meta":{"tdm_status":"","tdm_grid_status":"","footnotes":""},"categories":[6],"tags":[389,33,215,3272],"class_list":["post-17851","post","type-post","status-publish","format-standard","has-post-thumbnail","hentry","category-noticias","tag-administracao","tag-estrategia","tag-globo","tag-organizacao"],"yoast_head":"<!-- This site is optimized with the Yoast SEO plugin v27.4 - https:\/\/yoast.com\/product\/yoast-seo-wordpress\/ -->\n<title>Grupo Globo unifica gest\u00e3o da Editora Globo e do Sistema Globo de R\u00e1dio - CidadeMarketing<\/title>\n<meta name=\"robots\" content=\"index, follow, max-snippet:-1, max-image-preview:large, max-video-preview:-1\" \/>\n<link rel=\"canonical\" href=\"https:\/\/www.cidademarketing.com.br\/marketing\/2020\/08\/15\/grupo-globo-unifica-gestao-da-editora-globo-e-do-sistema-globo-de-radio\/\" \/>\n<meta property=\"og:locale\" content=\"pt_BR\" \/>\n<meta property=\"og:type\" content=\"article\" \/>\n<meta property=\"og:title\" content=\"Grupo Globo unifica gest\u00e3o da Editora Globo e do Sistema Globo de R\u00e1dio - CidadeMarketing\" \/>\n<meta property=\"og:description\" content=\"Como parte de seu movimento cont\u00ednuo de transforma\u00e7\u00e3o para o futuro, o Grupo Globo anunciou hoje que o Sistema Globo de R\u00e1dio (SGR) compartilhar\u00e1 com a Editora Globo a lideran\u00e7a de Frederic Kachar. Marcelo Soares, at\u00e9 ent\u00e3o \u00e0 frente da Som Livre e do SGR, volta a se dedicar exclusivamente \u00e0 Som Livre, unidade de [&hellip;]\" \/>\n<meta property=\"og:url\" content=\"https:\/\/www.cidademarketing.com.br\/marketing\/2020\/08\/15\/grupo-globo-unifica-gestao-da-editora-globo-e-do-sistema-globo-de-radio\/\" \/>\n<meta property=\"og:site_name\" content=\"CidadeMarketing\" \/>\n<meta property=\"article:publisher\" content=\"https:\/\/www.facebook.com\/portalcidademarketing\" \/>\n<meta property=\"article:author\" content=\"https:\/\/www.facebook.com\/thalesbrandao\" \/>\n<meta property=\"article:published_time\" content=\"2020-08-16T01:02:46+00:00\" \/>\n<meta property=\"article:modified_time\" content=\"2020-08-16T01:02:52+00:00\" \/>\n<meta property=\"og:image\" content=\"https:\/\/www.cidademarketing.com.br\/marketing\/wp-content\/uploads\/2018\/07\/redeglobo.png\" \/>\n\t<meta property=\"og:image:width\" content=\"500\" \/>\n\t<meta property=\"og:image:height\" content=\"500\" \/>\n\t<meta property=\"og:image:type\" content=\"image\/png\" \/>\n<meta name=\"author\" content=\"Thales Brand\u00e3o\" \/>\n<meta name=\"twitter:card\" content=\"summary_large_image\" \/>\n<meta name=\"twitter:creator\" content=\"@http:\/\/www.twitter.com\/thalesbrandao\" \/>\n<meta name=\"twitter:site\" content=\"@CidadeMarketing\" \/>\n<meta name=\"twitter:label1\" content=\"Escrito por\" \/>\n\t<meta name=\"twitter:data1\" content=\"Thales Brand\u00e3o\" \/>\n\t<meta name=\"twitter:label2\" content=\"Est. tempo de leitura\" \/>\n\t<meta name=\"twitter:data2\" content=\"2 minutos\" \/>\n<script type=\"application\/ld+json\" class=\"yoast-schema-graph\">{\"@context\":\"https:\\\/\\\/schema.org\",\"@graph\":[{\"@type\":\"Article\",\"@id\":\"https:\\\/\\\/www.cidademarketing.com.br\\\/marketing\\\/2020\\\/08\\\/15\\\/grupo-globo-unifica-gestao-da-editora-globo-e-do-sistema-globo-de-radio\\\/#article\",\"isPartOf\":{\"@id\":\"https:\\\/\\\/www.cidademarketing.com.br\\\/marketing\\\/2020\\\/08\\\/15\\\/grupo-globo-unifica-gestao-da-editora-globo-e-do-sistema-globo-de-radio\\\/\"},\"author\":{\"name\":\"Thales Brand\u00e3o\",\"@id\":\"https:\\\/\\\/www.cidademarketing.com.br\\\/marketing\\\/#\\\/schema\\\/person\\\/02daff9f18bd9378c9e01eb6b2db155f\"},\"headline\":\"Grupo Globo unifica gest\u00e3o da Editora Globo e do Sistema Globo de R\u00e1dio\",\"datePublished\":\"2020-08-16T01:02:46+00:00\",\"dateModified\":\"2020-08-16T01:02:52+00:00\",\"mainEntityOfPage\":{\"@id\":\"https:\\\/\\\/www.cidademarketing.com.br\\\/marketing\\\/2020\\\/08\\\/15\\\/grupo-globo-unifica-gestao-da-editora-globo-e-do-sistema-globo-de-radio\\\/\"},\"wordCount\":359,\"commentCount\":0,\"publisher\":{\"@id\":\"https:\\\/\\\/www.cidademarketing.com.br\\\/marketing\\\/#organization\"},\"image\":{\"@id\":\"https:\\\/\\\/www.cidademarketing.com.br\\\/marketing\\\/2020\\\/08\\\/15\\\/grupo-globo-unifica-gestao-da-editora-globo-e-do-sistema-globo-de-radio\\\/#primaryimage\"},\"thumbnailUrl\":\"https:\\\/\\\/www.cidademarketing.com.br\\\/marketing\\\/wp-content\\\/uploads\\\/2018\\\/07\\\/redeglobo.png\",\"keywords\":[\"administra\u00e7\u00e3o\",\"estrat\u00e9gia\",\"Globo\",\"organiza\u00e7\u00e3o\"],\"articleSection\":[\"Not\u00edcias\"],\"inLanguage\":\"pt-BR\",\"potentialAction\":[{\"@type\":\"CommentAction\",\"name\":\"Comment\",\"target\":[\"https:\\\/\\\/www.cidademarketing.com.br\\\/marketing\\\/2020\\\/08\\\/15\\\/grupo-globo-unifica-gestao-da-editora-globo-e-do-sistema-globo-de-radio\\\/#respond\"]}]},{\"@type\":\"WebPage\",\"@id\":\"https:\\\/\\\/www.cidademarketing.com.br\\\/marketing\\\/2020\\\/08\\\/15\\\/grupo-globo-unifica-gestao-da-editora-globo-e-do-sistema-globo-de-radio\\\/\",\"url\":\"https:\\\/\\\/www.cidademarketing.com.br\\\/marketing\\\/2020\\\/08\\\/15\\\/grupo-globo-unifica-gestao-da-editora-globo-e-do-sistema-globo-de-radio\\\/\",\"name\":\"Grupo Globo unifica gest\u00e3o da Editora Globo e do Sistema Globo de R\u00e1dio - CidadeMarketing\",\"isPartOf\":{\"@id\":\"https:\\\/\\\/www.cidademarketing.com.br\\\/marketing\\\/#website\"},\"primaryImageOfPage\":{\"@id\":\"https:\\\/\\\/www.cidademarketing.com.br\\\/marketing\\\/2020\\\/08\\\/15\\\/grupo-globo-unifica-gestao-da-editora-globo-e-do-sistema-globo-de-radio\\\/#primaryimage\"},\"image\":{\"@id\":\"https:\\\/\\\/www.cidademarketing.com.br\\\/marketing\\\/2020\\\/08\\\/15\\\/grupo-globo-unifica-gestao-da-editora-globo-e-do-sistema-globo-de-radio\\\/#primaryimage\"},\"thumbnailUrl\":\"https:\\\/\\\/www.cidademarketing.com.br\\\/marketing\\\/wp-content\\\/uploads\\\/2018\\\/07\\\/redeglobo.png\",\"datePublished\":\"2020-08-16T01:02:46+00:00\",\"dateModified\":\"2020-08-16T01:02:52+00:00\",\"breadcrumb\":{\"@id\":\"https:\\\/\\\/www.cidademarketing.com.br\\\/marketing\\\/2020\\\/08\\\/15\\\/grupo-globo-unifica-gestao-da-editora-globo-e-do-sistema-globo-de-radio\\\/#breadcrumb\"},\"inLanguage\":\"pt-BR\",\"potentialAction\":[{\"@type\":\"ReadAction\",\"target\":[\"https:\\\/\\\/www.cidademarketing.com.br\\\/marketing\\\/2020\\\/08\\\/15\\\/grupo-globo-unifica-gestao-da-editora-globo-e-do-sistema-globo-de-radio\\\/\"]}]},{\"@type\":\"ImageObject\",\"inLanguage\":\"pt-BR\",\"@id\":\"https:\\\/\\\/www.cidademarketing.com.br\\\/marketing\\\/2020\\\/08\\\/15\\\/grupo-globo-unifica-gestao-da-editora-globo-e-do-sistema-globo-de-radio\\\/#primaryimage\",\"url\":\"https:\\\/\\\/www.cidademarketing.com.br\\\/marketing\\\/wp-content\\\/uploads\\\/2018\\\/07\\\/redeglobo.png\",\"contentUrl\":\"https:\\\/\\\/www.cidademarketing.com.br\\\/marketing\\\/wp-content\\\/uploads\\\/2018\\\/07\\\/redeglobo.png\",\"width\":500,\"height\":500},{\"@type\":\"BreadcrumbList\",\"@id\":\"https:\\\/\\\/www.cidademarketing.com.br\\\/marketing\\\/2020\\\/08\\\/15\\\/grupo-globo-unifica-gestao-da-editora-globo-e-do-sistema-globo-de-radio\\\/#breadcrumb\",\"itemListElement\":[{\"@type\":\"ListItem\",\"position\":1,\"name\":\"In\u00edcio\",\"item\":\"https:\\\/\\\/www.cidademarketing.com.br\\\/marketing\\\/\"},{\"@type\":\"ListItem\",\"position\":2,\"name\":\"Grupo Globo unifica gest\u00e3o da Editora Globo e do Sistema Globo de R\u00e1dio\"}]},{\"@type\":\"WebSite\",\"@id\":\"https:\\\/\\\/www.cidademarketing.com.br\\\/marketing\\\/#website\",\"url\":\"https:\\\/\\\/www.cidademarketing.com.br\\\/marketing\\\/\",\"name\":\"CidadeMarketing\",\"description\":\"Somos um ve\u00edculo de comunica\u00e7\u00e3o de destaque no Brasil, reconhecido por conte\u00fados nos segmentos de marketing, empreendedorismo e inova\u00e7\u00e3o.\",\"publisher\":{\"@id\":\"https:\\\/\\\/www.cidademarketing.com.br\\\/marketing\\\/#organization\"},\"alternateName\":\"CidadeMarketing\",\"potentialAction\":[{\"@type\":\"SearchAction\",\"target\":{\"@type\":\"EntryPoint\",\"urlTemplate\":\"https:\\\/\\\/www.cidademarketing.com.br\\\/marketing\\\/?s={search_term_string}\"},\"query-input\":{\"@type\":\"PropertyValueSpecification\",\"valueRequired\":true,\"valueName\":\"search_term_string\"}}],\"inLanguage\":\"pt-BR\"},{\"@type\":\"Organization\",\"@id\":\"https:\\\/\\\/www.cidademarketing.com.br\\\/marketing\\\/#organization\",\"name\":\"CidadeMarketing\",\"alternateName\":\"CidadeMarketing\",\"url\":\"https:\\\/\\\/www.cidademarketing.com.br\\\/marketing\\\/\",\"logo\":{\"@type\":\"ImageObject\",\"inLanguage\":\"pt-BR\",\"@id\":\"https:\\\/\\\/www.cidademarketing.com.br\\\/marketing\\\/#\\\/schema\\\/logo\\\/image\\\/\",\"url\":\"https:\\\/\\\/www.cidademarketing.com.br\\\/marketing\\\/wp-content\\\/uploads\\\/2020\\\/01\\\/cidademarketing_marca_mobile.png\",\"contentUrl\":\"https:\\\/\\\/www.cidademarketing.com.br\\\/marketing\\\/wp-content\\\/uploads\\\/2020\\\/01\\\/cidademarketing_marca_mobile.png\",\"width\":230,\"height\":92,\"caption\":\"CidadeMarketing\"},\"image\":{\"@id\":\"https:\\\/\\\/www.cidademarketing.com.br\\\/marketing\\\/#\\\/schema\\\/logo\\\/image\\\/\"},\"sameAs\":[\"https:\\\/\\\/www.facebook.com\\\/portalcidademarketing\",\"https:\\\/\\\/x.com\\\/CidadeMarketing\",\"https:\\\/\\\/www.instagram.com\\\/cidademarketing\\\/\"]},{\"@type\":\"Person\",\"@id\":\"https:\\\/\\\/www.cidademarketing.com.br\\\/marketing\\\/#\\\/schema\\\/person\\\/02daff9f18bd9378c9e01eb6b2db155f\",\"name\":\"Thales Brand\u00e3o\",\"image\":{\"@type\":\"ImageObject\",\"inLanguage\":\"pt-BR\",\"@id\":\"https:\\\/\\\/secure.gravatar.com\\\/avatar\\\/7ca3206950207cc3cb48feec56a8a7898741ab725c368d99d5d7a5a50aab80c6?s=96&d=mm&r=g\",\"url\":\"https:\\\/\\\/secure.gravatar.com\\\/avatar\\\/7ca3206950207cc3cb48feec56a8a7898741ab725c368d99d5d7a5a50aab80c6?s=96&d=mm&r=g\",\"contentUrl\":\"https:\\\/\\\/secure.gravatar.com\\\/avatar\\\/7ca3206950207cc3cb48feec56a8a7898741ab725c368d99d5d7a5a50aab80c6?s=96&d=mm&r=g\",\"caption\":\"Thales Brand\u00e3o\"},\"description\":\"Editor Executivo do Portal CidadeMarketing.com.br &gt; Mestre em Comunica\u00e7\u00e3o e Sociedade pela Universidade Federal de Sergipe. Possui MBA Executivo em Administra\u00e7\u00e3o com \u00eanfase em Marketing pela Funda\u00e7\u00e3o Get\u00falio Vargas - Rio de Janeiro. Consultor, Palestrante e Pesquisador sobre Empreendedorismo, Marketing, Redes Sociais e Neg\u00f3cios Digitais. Professor, Palestrante TedxTalks e Campus Party. Twitter: @ThalesBrandao\",\"sameAs\":[\"http:\\\/\\\/www.mandacaru.com.br\",\"https:\\\/\\\/www.facebook.com\\\/thalesbrandao\",\"http:\\\/\\\/www.instagram.com.br\\\/thalesbrandaoferreira\",\"https:\\\/\\\/www.linkedin.com\\\/in\\\/thales-brand\u00e3o-3948609\\\/\",\"https:\\\/\\\/x.com\\\/http:\\\/\\\/www.twitter.com\\\/thalesbrandao\"],\"url\":\"https:\\\/\\\/www.cidademarketing.com.br\\\/marketing\\\/author\\\/thalesbrandao\\\/\"}]}<\/script>\n<!-- \/ Yoast SEO plugin. -->","yoast_head_json":{"title":"Grupo Globo unifica gest\u00e3o da Editora Globo e do Sistema Globo de R\u00e1dio - CidadeMarketing","robots":{"index":"index","follow":"follow","max-snippet":"max-snippet:-1","max-image-preview":"max-image-preview:large","max-video-preview":"max-video-preview:-1"},"canonical":"https:\/\/www.cidademarketing.com.br\/marketing\/2020\/08\/15\/grupo-globo-unifica-gestao-da-editora-globo-e-do-sistema-globo-de-radio\/","og_locale":"pt_BR","og_type":"article","og_title":"Grupo Globo unifica gest\u00e3o da Editora Globo e do Sistema Globo de R\u00e1dio - CidadeMarketing","og_description":"Como parte de seu movimento cont\u00ednuo de transforma\u00e7\u00e3o para o futuro, o Grupo Globo anunciou hoje que o Sistema Globo de R\u00e1dio (SGR) compartilhar\u00e1 com a Editora Globo a lideran\u00e7a de Frederic Kachar. Marcelo Soares, at\u00e9 ent\u00e3o \u00e0 frente da Som Livre e do SGR, volta a se dedicar exclusivamente \u00e0 Som Livre, unidade de [&hellip;]","og_url":"https:\/\/www.cidademarketing.com.br\/marketing\/2020\/08\/15\/grupo-globo-unifica-gestao-da-editora-globo-e-do-sistema-globo-de-radio\/","og_site_name":"CidadeMarketing","article_publisher":"https:\/\/www.facebook.com\/portalcidademarketing","article_author":"https:\/\/www.facebook.com\/thalesbrandao","article_published_time":"2020-08-16T01:02:46+00:00","article_modified_time":"2020-08-16T01:02:52+00:00","og_image":[{"width":500,"height":500,"url":"https:\/\/www.cidademarketing.com.br\/marketing\/wp-content\/uploads\/2018\/07\/redeglobo.png","type":"image\/png"}],"author":"Thales Brand\u00e3o","twitter_card":"summary_large_image","twitter_creator":"@http:\/\/www.twitter.com\/thalesbrandao","twitter_site":"@CidadeMarketing","twitter_misc":{"Escrito por":"Thales Brand\u00e3o","Est. tempo de leitura":"2 minutos"},"schema":{"@context":"https:\/\/schema.org","@graph":[{"@type":"Article","@id":"https:\/\/www.cidademarketing.com.br\/marketing\/2020\/08\/15\/grupo-globo-unifica-gestao-da-editora-globo-e-do-sistema-globo-de-radio\/#article","isPartOf":{"@id":"https:\/\/www.cidademarketing.com.br\/marketing\/2020\/08\/15\/grupo-globo-unifica-gestao-da-editora-globo-e-do-sistema-globo-de-radio\/"},"author":{"name":"Thales Brand\u00e3o","@id":"https:\/\/www.cidademarketing.com.br\/marketing\/#\/schema\/person\/02daff9f18bd9378c9e01eb6b2db155f"},"headline":"Grupo Globo unifica gest\u00e3o da Editora Globo e do Sistema Globo de R\u00e1dio","datePublished":"2020-08-16T01:02:46+00:00","dateModified":"2020-08-16T01:02:52+00:00","mainEntityOfPage":{"@id":"https:\/\/www.cidademarketing.com.br\/marketing\/2020\/08\/15\/grupo-globo-unifica-gestao-da-editora-globo-e-do-sistema-globo-de-radio\/"},"wordCount":359,"commentCount":0,"publisher":{"@id":"https:\/\/www.cidademarketing.com.br\/marketing\/#organization"},"image":{"@id":"https:\/\/www.cidademarketing.com.br\/marketing\/2020\/08\/15\/grupo-globo-unifica-gestao-da-editora-globo-e-do-sistema-globo-de-radio\/#primaryimage"},"thumbnailUrl":"https:\/\/www.cidademarketing.com.br\/marketing\/wp-content\/uploads\/2018\/07\/redeglobo.png","keywords":["administra\u00e7\u00e3o","estrat\u00e9gia","Globo","organiza\u00e7\u00e3o"],"articleSection":["Not\u00edcias"],"inLanguage":"pt-BR","potentialAction":[{"@type":"CommentAction","name":"Comment","target":["https:\/\/www.cidademarketing.com.br\/marketing\/2020\/08\/15\/grupo-globo-unifica-gestao-da-editora-globo-e-do-sistema-globo-de-radio\/#respond"]}]},{"@type":"WebPage","@id":"https:\/\/www.cidademarketing.com.br\/marketing\/2020\/08\/15\/grupo-globo-unifica-gestao-da-editora-globo-e-do-sistema-globo-de-radio\/","url":"https:\/\/www.cidademarketing.com.br\/marketing\/2020\/08\/15\/grupo-globo-unifica-gestao-da-editora-globo-e-do-sistema-globo-de-radio\/","name":"Grupo Globo unifica gest\u00e3o da Editora Globo e do Sistema Globo de R\u00e1dio - CidadeMarketing","isPartOf":{"@id":"https:\/\/www.cidademarketing.com.br\/marketing\/#website"},"primaryImageOfPage":{"@id":"https:\/\/www.cidademarketing.com.br\/marketing\/2020\/08\/15\/grupo-globo-unifica-gestao-da-editora-globo-e-do-sistema-globo-de-radio\/#primaryimage"},"image":{"@id":"https:\/\/www.cidademarketing.com.br\/marketing\/2020\/08\/15\/grupo-globo-unifica-gestao-da-editora-globo-e-do-sistema-globo-de-radio\/#primaryimage"},"thumbnailUrl":"https:\/\/www.cidademarketing.com.br\/marketing\/wp-content\/uploads\/2018\/07\/redeglobo.png","datePublished":"2020-08-16T01:02:46+00:00","dateModified":"2020-08-16T01:02:52+00:00","breadcrumb":{"@id":"https:\/\/www.cidademarketing.com.br\/marketing\/2020\/08\/15\/grupo-globo-unifica-gestao-da-editora-globo-e-do-sistema-globo-de-radio\/#breadcrumb"},"inLanguage":"pt-BR","potentialAction":[{"@type":"ReadAction","target":["https:\/\/www.cidademarketing.com.br\/marketing\/2020\/08\/15\/grupo-globo-unifica-gestao-da-editora-globo-e-do-sistema-globo-de-radio\/"]}]},{"@type":"ImageObject","inLanguage":"pt-BR","@id":"https:\/\/www.cidademarketing.com.br\/marketing\/2020\/08\/15\/grupo-globo-unifica-gestao-da-editora-globo-e-do-sistema-globo-de-radio\/#primaryimage","url":"https:\/\/www.cidademarketing.com.br\/marketing\/wp-content\/uploads\/2018\/07\/redeglobo.png","contentUrl":"https:\/\/www.cidademarketing.com.br\/marketing\/wp-content\/uploads\/2018\/07\/redeglobo.png","width":500,"height":500},{"@type":"BreadcrumbList","@id":"https:\/\/www.cidademarketing.com.br\/marketing\/2020\/08\/15\/grupo-globo-unifica-gestao-da-editora-globo-e-do-sistema-globo-de-radio\/#breadcrumb","itemListElement":[{"@type":"ListItem","position":1,"name":"In\u00edcio","item":"https:\/\/www.cidademarketing.com.br\/marketing\/"},{"@type":"ListItem","position":2,"name":"Grupo Globo unifica gest\u00e3o da Editora Globo e do Sistema Globo de R\u00e1dio"}]},{"@type":"WebSite","@id":"https:\/\/www.cidademarketing.com.br\/marketing\/#website","url":"https:\/\/www.cidademarketing.com.br\/marketing\/","name":"CidadeMarketing","description":"Somos um ve\u00edculo de comunica\u00e7\u00e3o de destaque no Brasil, reconhecido por conte\u00fados nos segmentos de marketing, empreendedorismo e inova\u00e7\u00e3o.","publisher":{"@id":"https:\/\/www.cidademarketing.com.br\/marketing\/#organization"},"alternateName":"CidadeMarketing","potentialAction":[{"@type":"SearchAction","target":{"@type":"EntryPoint","urlTemplate":"https:\/\/www.cidademarketing.com.br\/marketing\/?s={search_term_string}"},"query-input":{"@type":"PropertyValueSpecification","valueRequired":true,"valueName":"search_term_string"}}],"inLanguage":"pt-BR"},{"@type":"Organization","@id":"https:\/\/www.cidademarketing.com.br\/marketing\/#organization","name":"CidadeMarketing","alternateName":"CidadeMarketing","url":"https:\/\/www.cidademarketing.com.br\/marketing\/","logo":{"@type":"ImageObject","inLanguage":"pt-BR","@id":"https:\/\/www.cidademarketing.com.br\/marketing\/#\/schema\/logo\/image\/","url":"https:\/\/www.cidademarketing.com.br\/marketing\/wp-content\/uploads\/2020\/01\/cidademarketing_marca_mobile.png","contentUrl":"https:\/\/www.cidademarketing.com.br\/marketing\/wp-content\/uploads\/2020\/01\/cidademarketing_marca_mobile.png","width":230,"height":92,"caption":"CidadeMarketing"},"image":{"@id":"https:\/\/www.cidademarketing.com.br\/marketing\/#\/schema\/logo\/image\/"},"sameAs":["https:\/\/www.facebook.com\/portalcidademarketing","https:\/\/x.com\/CidadeMarketing","https:\/\/www.instagram.com\/cidademarketing\/"]},{"@type":"Person","@id":"https:\/\/www.cidademarketing.com.br\/marketing\/#\/schema\/person\/02daff9f18bd9378c9e01eb6b2db155f","name":"Thales Brand\u00e3o","image":{"@type":"ImageObject","inLanguage":"pt-BR","@id":"https:\/\/secure.gravatar.com\/avatar\/7ca3206950207cc3cb48feec56a8a7898741ab725c368d99d5d7a5a50aab80c6?s=96&d=mm&r=g","url":"https:\/\/secure.gravatar.com\/avatar\/7ca3206950207cc3cb48feec56a8a7898741ab725c368d99d5d7a5a50aab80c6?s=96&d=mm&r=g","contentUrl":"https:\/\/secure.gravatar.com\/avatar\/7ca3206950207cc3cb48feec56a8a7898741ab725c368d99d5d7a5a50aab80c6?s=96&d=mm&r=g","caption":"Thales Brand\u00e3o"},"description":"Editor Executivo do Portal CidadeMarketing.com.br &gt; Mestre em Comunica\u00e7\u00e3o e Sociedade pela Universidade Federal de Sergipe. Possui MBA Executivo em Administra\u00e7\u00e3o com \u00eanfase em Marketing pela Funda\u00e7\u00e3o Get\u00falio Vargas - Rio de Janeiro. Consultor, Palestrante e Pesquisador sobre Empreendedorismo, Marketing, Redes Sociais e Neg\u00f3cios Digitais. Professor, Palestrante TedxTalks e Campus Party. Twitter: @ThalesBrandao","sameAs":["http:\/\/www.mandacaru.com.br","https:\/\/www.facebook.com\/thalesbrandao","http:\/\/www.instagram.com.br\/thalesbrandaoferreira","https:\/\/www.linkedin.com\/in\/thales-brand\u00e3o-3948609\/","https:\/\/x.com\/http:\/\/www.twitter.com\/thalesbrandao"],"url":"https:\/\/www.cidademarketing.com.br\/marketing\/author\/thalesbrandao\/"}]}},"amp_enabled":true,"_links":{"self":[{"href":"https:\/\/www.cidademarketing.com.br\/marketing\/wp-json\/wp\/v2\/posts\/17851","targetHints":{"allow":["GET"]}}],"collection":[{"href":"https:\/\/www.cidademarketing.com.br\/marketing\/wp-json\/wp\/v2\/posts"}],"about":[{"href":"https:\/\/www.cidademarketing.com.br\/marketing\/wp-json\/wp\/v2\/types\/post"}],"author":[{"embeddable":true,"href":"https:\/\/www.cidademarketing.com.br\/marketing\/wp-json\/wp\/v2\/users\/1"}],"replies":[{"embeddable":true,"href":"https:\/\/www.cidademarketing.com.br\/marketing\/wp-json\/wp\/v2\/comments?post=17851"}],"version-history":[{"count":1,"href":"https:\/\/www.cidademarketing.com.br\/marketing\/wp-json\/wp\/v2\/posts\/17851\/revisions"}],"predecessor-version":[{"id":17852,"href":"https:\/\/www.cidademarketing.com.br\/marketing\/wp-json\/wp\/v2\/posts\/17851\/revisions\/17852"}],"wp:featuredmedia":[{"embeddable":true,"href":"https:\/\/www.cidademarketing.com.br\/marketing\/wp-json\/wp\/v2\/media\/476"}],"wp:attachment":[{"href":"https:\/\/www.cidademarketing.com.br\/marketing\/wp-json\/wp\/v2\/media?parent=17851"}],"wp:term":[{"taxonomy":"category","embeddable":true,"href":"https:\/\/www.cidademarketing.com.br\/marketing\/wp-json\/wp\/v2\/categories?post=17851"},{"taxonomy":"post_tag","embeddable":true,"href":"https:\/\/www.cidademarketing.com.br\/marketing\/wp-json\/wp\/v2\/tags?post=17851"}],"curies":[{"name":"wp","href":"https:\/\/api.w.org\/{rel}","templated":true}]}}