{"id":17825,"date":"2020-08-14T12:09:23","date_gmt":"2020-08-14T15:09:23","guid":{"rendered":"https:\/\/www.cidademarketing.com.br\/marketing\/?p=17825"},"modified":"2020-08-14T12:09:23","modified_gmt":"2020-08-14T15:09:23","slug":"com-estrategia-promocional-extra-e-pao-de-acucar-batem-recorde-historico-de-vendas-em-fraldas-num-unico-dia","status":"publish","type":"post","link":"https:\/\/www.cidademarketing.com.br\/marketing\/2020\/08\/14\/com-estrategia-promocional-extra-e-pao-de-acucar-batem-recorde-historico-de-vendas-em-fraldas-num-unico-dia\/","title":{"rendered":"Com estrat\u00e9gia promocional, Extra e P\u00e3o de A\u00e7\u00facar batem recorde hist\u00f3rico de vendas em fraldas num \u00fanico dia"},"content":{"rendered":"\n<p>Embora ainda faltem pouco mais de 3 meses para a Black Friday deste ano, o <strong>Extra<\/strong> e o <strong>P\u00e3o de A\u00e7\u00facar<\/strong> j\u00e1 estabeleceram um novo recorde hist\u00f3rico de vendas em um \u00fanico dia. A promo\u00e7\u00e3o in\u00e9dita das duas redes que ofereceu descontos de at\u00e9 50% em diversos tipos e marcas de fraldas, realizada na \u00faltima quarta-feira (12), vendeu o equivalente ao resultado de cinco Black Fridays, considerando somente a categoria de fraldas, em lojas f\u00edsicas e pelos e-commerces (<a href=\"http:\/\/www.paodeacucar.com\">www.paodeacucar.com<\/a> e <a href=\"http:\/\/www.clubeextra.com.br\">www.clubeextra.com.br<\/a>) das duas redes para todo o Brasil. No Extra, os descontos estiveram dentro da a\u00e7\u00e3o<strong> Plant\u00e3o Extra<\/strong>, enquanto que no P\u00e3o de A\u00e7\u00facar, a a\u00e7\u00e3o fez parte do <strong>Anivers\u00e1rio do P\u00e3o<\/strong>.<\/p>\n\n\n\n<p>Trata-se da maior venda da categoria em um \u00fanico dia de toda a hist\u00f3ria do Extra e P\u00e3o de A\u00e7\u00facar. Para se ter uma ideia do par\u00e2metro do resultado, as vendas de fraldas j\u00e1 apresentam varia\u00e7\u00e3o positiva de 10x em uma Black Friday convencional na compara\u00e7\u00e3o com um dia habitual de vendas. Outro fator em linha com a caracter\u00edstica multicanal das bandeiras \u00e9 que, somente no e-commerce das duas marcas, foi comercializado em um \u00fanico dia o equivalente ao que as marcas vendem regularmente do produto em tr\u00eas meses, representando 26% do total vendido durante a a\u00e7\u00e3o promocional. Al\u00e9m disso, 90% das entregas das compras online foram realizadas em at\u00e9 24 horas \u2013 vale refor\u00e7ar que para parte das compras online o frete era gr\u00e1tis. No total, com a quantidade comercializada na quarta-feira, seria poss\u00edvel manter o primeiro ano de vida de 5 mil beb\u00eas rec\u00e9m-nascidos, que em m\u00e9dia consomem entre 2.500 a 3 mil fraldas nesta fase da vida.<\/p>\n\n\n\n<p>\u201cCom essa a\u00e7\u00e3o, refor\u00e7amos a posi\u00e7\u00e3o do Extra e do P\u00e3o de A\u00e7\u00facar como um dos maiores vendedores de fraldas do pa\u00eds, uma estrat\u00e9gia em linha com a categoria que chamamos de Mundo Beb\u00ea, que oferece os melhores produtos para o conforto e seguran\u00e7a dos pequenos e economia para as mam\u00e3es e os papais. A a\u00e7\u00e3o, ainda, refor\u00e7ou nossa estrat\u00e9gia ominicanal de, em conjunto com os principais fabricantes do pa\u00eds, levar promo\u00e7\u00f5es em produtos relevantes ao nosso p\u00fablico. Uma condi\u00e7\u00e3o poss\u00edvel somente em uma empresa como a nossa, que possui parcerias s\u00f3lidas e de longo prazo com os fornecedores, capilaridade de lojas e lideran\u00e7a no e-Commerce, marcas fortes no varejo e foco total no cliente, levando os melhores pre\u00e7os e variedade de produtos a condi\u00e7\u00f5es diferenciadas de pagamento, sejam nas lojas f\u00edsicas ou onlines\u201d, explica Samir Jarrouj, Diretor Comercial do Extra e do P\u00e3o de A\u00e7\u00facar.<\/p>\n","protected":false},"excerpt":{"rendered":"<p>Embora ainda faltem pouco mais de 3 meses para a Black Friday deste ano, o Extra e o P\u00e3o de A\u00e7\u00facar j\u00e1 estabeleceram um novo recorde hist\u00f3rico de vendas em um \u00fanico dia. A promo\u00e7\u00e3o in\u00e9dita das duas redes que ofereceu descontos de at\u00e9 50% em diversos tipos e marcas de fraldas, realizada na \u00faltima [&hellip;]<\/p>\n","protected":false},"author":1,"featured_media":17756,"comment_status":"open","ping_status":"open","sticky":false,"template":"","format":"standard","meta":{"tdm_status":"","tdm_grid_status":"","footnotes":""},"categories":[6],"tags":[428,28,172,1428],"class_list":["post-17825","post","type-post","status-publish","format-standard","has-post-thumbnail","hentry","category-noticias","tag-extra","tag-marketing","tag-pao-de-acucar","tag-promocional"],"yoast_head":"<!-- This site is optimized with the Yoast SEO plugin v27.4 - https:\/\/yoast.com\/product\/yoast-seo-wordpress\/ -->\n<title>Com estrat\u00e9gia promocional, Extra e P\u00e3o de A\u00e7\u00facar batem recorde hist\u00f3rico de vendas em fraldas num \u00fanico dia - CidadeMarketing<\/title>\n<meta name=\"robots\" content=\"index, follow, max-snippet:-1, max-image-preview:large, max-video-preview:-1\" \/>\n<link rel=\"canonical\" href=\"https:\/\/www.cidademarketing.com.br\/marketing\/2020\/08\/14\/com-estrategia-promocional-extra-e-pao-de-acucar-batem-recorde-historico-de-vendas-em-fraldas-num-unico-dia\/\" \/>\n<meta property=\"og:locale\" content=\"pt_BR\" \/>\n<meta property=\"og:type\" content=\"article\" \/>\n<meta property=\"og:title\" content=\"Com estrat\u00e9gia promocional, Extra e P\u00e3o de A\u00e7\u00facar batem recorde hist\u00f3rico de vendas em fraldas num \u00fanico dia - CidadeMarketing\" \/>\n<meta property=\"og:description\" content=\"Embora ainda faltem pouco mais de 3 meses para a Black Friday deste ano, o Extra e o P\u00e3o de A\u00e7\u00facar j\u00e1 estabeleceram um novo recorde hist\u00f3rico de vendas em um \u00fanico dia. A promo\u00e7\u00e3o in\u00e9dita das duas redes que ofereceu descontos de at\u00e9 50% em diversos tipos e marcas de fraldas, realizada na \u00faltima [&hellip;]\" \/>\n<meta property=\"og:url\" content=\"https:\/\/www.cidademarketing.com.br\/marketing\/2020\/08\/14\/com-estrategia-promocional-extra-e-pao-de-acucar-batem-recorde-historico-de-vendas-em-fraldas-num-unico-dia\/\" \/>\n<meta property=\"og:site_name\" content=\"CidadeMarketing\" \/>\n<meta property=\"article:publisher\" content=\"https:\/\/www.facebook.com\/portalcidademarketing\" \/>\n<meta property=\"article:author\" content=\"https:\/\/www.facebook.com\/thalesbrandao\" \/>\n<meta property=\"article:published_time\" content=\"2020-08-14T15:09:23+00:00\" \/>\n<meta property=\"og:image\" content=\"https:\/\/www.cidademarketing.com.br\/marketing\/wp-content\/uploads\/2020\/08\/paodeacucar_extra.jpg\" \/>\n\t<meta property=\"og:image:width\" content=\"876\" \/>\n\t<meta property=\"og:image:height\" content=\"456\" \/>\n\t<meta property=\"og:image:type\" content=\"image\/jpeg\" \/>\n<meta name=\"author\" content=\"Thales Brand\u00e3o\" \/>\n<meta name=\"twitter:card\" content=\"summary_large_image\" \/>\n<meta name=\"twitter:creator\" content=\"@http:\/\/www.twitter.com\/thalesbrandao\" \/>\n<meta name=\"twitter:site\" content=\"@CidadeMarketing\" \/>\n<meta name=\"twitter:label1\" content=\"Escrito por\" \/>\n\t<meta name=\"twitter:data1\" content=\"Thales Brand\u00e3o\" \/>\n\t<meta name=\"twitter:label2\" content=\"Est. tempo de leitura\" \/>\n\t<meta name=\"twitter:data2\" content=\"2 minutos\" \/>\n<script type=\"application\/ld+json\" class=\"yoast-schema-graph\">{\"@context\":\"https:\\\/\\\/schema.org\",\"@graph\":[{\"@type\":\"Article\",\"@id\":\"https:\\\/\\\/www.cidademarketing.com.br\\\/marketing\\\/2020\\\/08\\\/14\\\/com-estrategia-promocional-extra-e-pao-de-acucar-batem-recorde-historico-de-vendas-em-fraldas-num-unico-dia\\\/#article\",\"isPartOf\":{\"@id\":\"https:\\\/\\\/www.cidademarketing.com.br\\\/marketing\\\/2020\\\/08\\\/14\\\/com-estrategia-promocional-extra-e-pao-de-acucar-batem-recorde-historico-de-vendas-em-fraldas-num-unico-dia\\\/\"},\"author\":{\"name\":\"Thales Brand\u00e3o\",\"@id\":\"https:\\\/\\\/www.cidademarketing.com.br\\\/marketing\\\/#\\\/schema\\\/person\\\/02daff9f18bd9378c9e01eb6b2db155f\"},\"headline\":\"Com estrat\u00e9gia promocional, Extra e P\u00e3o de A\u00e7\u00facar batem recorde hist\u00f3rico de vendas em fraldas num \u00fanico dia\",\"datePublished\":\"2020-08-14T15:09:23+00:00\",\"mainEntityOfPage\":{\"@id\":\"https:\\\/\\\/www.cidademarketing.com.br\\\/marketing\\\/2020\\\/08\\\/14\\\/com-estrategia-promocional-extra-e-pao-de-acucar-batem-recorde-historico-de-vendas-em-fraldas-num-unico-dia\\\/\"},\"wordCount\":487,\"commentCount\":0,\"publisher\":{\"@id\":\"https:\\\/\\\/www.cidademarketing.com.br\\\/marketing\\\/#organization\"},\"image\":{\"@id\":\"https:\\\/\\\/www.cidademarketing.com.br\\\/marketing\\\/2020\\\/08\\\/14\\\/com-estrategia-promocional-extra-e-pao-de-acucar-batem-recorde-historico-de-vendas-em-fraldas-num-unico-dia\\\/#primaryimage\"},\"thumbnailUrl\":\"https:\\\/\\\/www.cidademarketing.com.br\\\/marketing\\\/wp-content\\\/uploads\\\/2020\\\/08\\\/paodeacucar_extra.jpg\",\"keywords\":[\"Extra\",\"marketing\",\"p\u00e3o de a\u00e7\u00facar\",\"promocional\"],\"articleSection\":[\"Not\u00edcias\"],\"inLanguage\":\"pt-BR\",\"potentialAction\":[{\"@type\":\"CommentAction\",\"name\":\"Comment\",\"target\":[\"https:\\\/\\\/www.cidademarketing.com.br\\\/marketing\\\/2020\\\/08\\\/14\\\/com-estrategia-promocional-extra-e-pao-de-acucar-batem-recorde-historico-de-vendas-em-fraldas-num-unico-dia\\\/#respond\"]}]},{\"@type\":\"WebPage\",\"@id\":\"https:\\\/\\\/www.cidademarketing.com.br\\\/marketing\\\/2020\\\/08\\\/14\\\/com-estrategia-promocional-extra-e-pao-de-acucar-batem-recorde-historico-de-vendas-em-fraldas-num-unico-dia\\\/\",\"url\":\"https:\\\/\\\/www.cidademarketing.com.br\\\/marketing\\\/2020\\\/08\\\/14\\\/com-estrategia-promocional-extra-e-pao-de-acucar-batem-recorde-historico-de-vendas-em-fraldas-num-unico-dia\\\/\",\"name\":\"Com estrat\u00e9gia promocional, Extra e P\u00e3o de A\u00e7\u00facar batem recorde hist\u00f3rico de vendas em fraldas num \u00fanico dia - CidadeMarketing\",\"isPartOf\":{\"@id\":\"https:\\\/\\\/www.cidademarketing.com.br\\\/marketing\\\/#website\"},\"primaryImageOfPage\":{\"@id\":\"https:\\\/\\\/www.cidademarketing.com.br\\\/marketing\\\/2020\\\/08\\\/14\\\/com-estrategia-promocional-extra-e-pao-de-acucar-batem-recorde-historico-de-vendas-em-fraldas-num-unico-dia\\\/#primaryimage\"},\"image\":{\"@id\":\"https:\\\/\\\/www.cidademarketing.com.br\\\/marketing\\\/2020\\\/08\\\/14\\\/com-estrategia-promocional-extra-e-pao-de-acucar-batem-recorde-historico-de-vendas-em-fraldas-num-unico-dia\\\/#primaryimage\"},\"thumbnailUrl\":\"https:\\\/\\\/www.cidademarketing.com.br\\\/marketing\\\/wp-content\\\/uploads\\\/2020\\\/08\\\/paodeacucar_extra.jpg\",\"datePublished\":\"2020-08-14T15:09:23+00:00\",\"breadcrumb\":{\"@id\":\"https:\\\/\\\/www.cidademarketing.com.br\\\/marketing\\\/2020\\\/08\\\/14\\\/com-estrategia-promocional-extra-e-pao-de-acucar-batem-recorde-historico-de-vendas-em-fraldas-num-unico-dia\\\/#breadcrumb\"},\"inLanguage\":\"pt-BR\",\"potentialAction\":[{\"@type\":\"ReadAction\",\"target\":[\"https:\\\/\\\/www.cidademarketing.com.br\\\/marketing\\\/2020\\\/08\\\/14\\\/com-estrategia-promocional-extra-e-pao-de-acucar-batem-recorde-historico-de-vendas-em-fraldas-num-unico-dia\\\/\"]}]},{\"@type\":\"ImageObject\",\"inLanguage\":\"pt-BR\",\"@id\":\"https:\\\/\\\/www.cidademarketing.com.br\\\/marketing\\\/2020\\\/08\\\/14\\\/com-estrategia-promocional-extra-e-pao-de-acucar-batem-recorde-historico-de-vendas-em-fraldas-num-unico-dia\\\/#primaryimage\",\"url\":\"https:\\\/\\\/www.cidademarketing.com.br\\\/marketing\\\/wp-content\\\/uploads\\\/2020\\\/08\\\/paodeacucar_extra.jpg\",\"contentUrl\":\"https:\\\/\\\/www.cidademarketing.com.br\\\/marketing\\\/wp-content\\\/uploads\\\/2020\\\/08\\\/paodeacucar_extra.jpg\",\"width\":876,\"height\":456},{\"@type\":\"BreadcrumbList\",\"@id\":\"https:\\\/\\\/www.cidademarketing.com.br\\\/marketing\\\/2020\\\/08\\\/14\\\/com-estrategia-promocional-extra-e-pao-de-acucar-batem-recorde-historico-de-vendas-em-fraldas-num-unico-dia\\\/#breadcrumb\",\"itemListElement\":[{\"@type\":\"ListItem\",\"position\":1,\"name\":\"In\u00edcio\",\"item\":\"https:\\\/\\\/www.cidademarketing.com.br\\\/marketing\\\/\"},{\"@type\":\"ListItem\",\"position\":2,\"name\":\"Com estrat\u00e9gia promocional, Extra e P\u00e3o de A\u00e7\u00facar batem recorde hist\u00f3rico de vendas em fraldas num \u00fanico dia\"}]},{\"@type\":\"WebSite\",\"@id\":\"https:\\\/\\\/www.cidademarketing.com.br\\\/marketing\\\/#website\",\"url\":\"https:\\\/\\\/www.cidademarketing.com.br\\\/marketing\\\/\",\"name\":\"CidadeMarketing\",\"description\":\"Somos um ve\u00edculo de comunica\u00e7\u00e3o de destaque no Brasil, reconhecido por conte\u00fados nos segmentos de marketing, empreendedorismo e inova\u00e7\u00e3o.\",\"publisher\":{\"@id\":\"https:\\\/\\\/www.cidademarketing.com.br\\\/marketing\\\/#organization\"},\"alternateName\":\"CidadeMarketing\",\"potentialAction\":[{\"@type\":\"SearchAction\",\"target\":{\"@type\":\"EntryPoint\",\"urlTemplate\":\"https:\\\/\\\/www.cidademarketing.com.br\\\/marketing\\\/?s={search_term_string}\"},\"query-input\":{\"@type\":\"PropertyValueSpecification\",\"valueRequired\":true,\"valueName\":\"search_term_string\"}}],\"inLanguage\":\"pt-BR\"},{\"@type\":\"Organization\",\"@id\":\"https:\\\/\\\/www.cidademarketing.com.br\\\/marketing\\\/#organization\",\"name\":\"CidadeMarketing\",\"alternateName\":\"CidadeMarketing\",\"url\":\"https:\\\/\\\/www.cidademarketing.com.br\\\/marketing\\\/\",\"logo\":{\"@type\":\"ImageObject\",\"inLanguage\":\"pt-BR\",\"@id\":\"https:\\\/\\\/www.cidademarketing.com.br\\\/marketing\\\/#\\\/schema\\\/logo\\\/image\\\/\",\"url\":\"https:\\\/\\\/www.cidademarketing.com.br\\\/marketing\\\/wp-content\\\/uploads\\\/2020\\\/01\\\/cidademarketing_marca_mobile.png\",\"contentUrl\":\"https:\\\/\\\/www.cidademarketing.com.br\\\/marketing\\\/wp-content\\\/uploads\\\/2020\\\/01\\\/cidademarketing_marca_mobile.png\",\"width\":230,\"height\":92,\"caption\":\"CidadeMarketing\"},\"image\":{\"@id\":\"https:\\\/\\\/www.cidademarketing.com.br\\\/marketing\\\/#\\\/schema\\\/logo\\\/image\\\/\"},\"sameAs\":[\"https:\\\/\\\/www.facebook.com\\\/portalcidademarketing\",\"https:\\\/\\\/x.com\\\/CidadeMarketing\",\"https:\\\/\\\/www.instagram.com\\\/cidademarketing\\\/\"]},{\"@type\":\"Person\",\"@id\":\"https:\\\/\\\/www.cidademarketing.com.br\\\/marketing\\\/#\\\/schema\\\/person\\\/02daff9f18bd9378c9e01eb6b2db155f\",\"name\":\"Thales Brand\u00e3o\",\"image\":{\"@type\":\"ImageObject\",\"inLanguage\":\"pt-BR\",\"@id\":\"https:\\\/\\\/secure.gravatar.com\\\/avatar\\\/7ca3206950207cc3cb48feec56a8a7898741ab725c368d99d5d7a5a50aab80c6?s=96&d=mm&r=g\",\"url\":\"https:\\\/\\\/secure.gravatar.com\\\/avatar\\\/7ca3206950207cc3cb48feec56a8a7898741ab725c368d99d5d7a5a50aab80c6?s=96&d=mm&r=g\",\"contentUrl\":\"https:\\\/\\\/secure.gravatar.com\\\/avatar\\\/7ca3206950207cc3cb48feec56a8a7898741ab725c368d99d5d7a5a50aab80c6?s=96&d=mm&r=g\",\"caption\":\"Thales Brand\u00e3o\"},\"description\":\"Editor Executivo do Portal CidadeMarketing.com.br &gt; Mestre em Comunica\u00e7\u00e3o e Sociedade pela Universidade Federal de Sergipe. Possui MBA Executivo em Administra\u00e7\u00e3o com \u00eanfase em Marketing pela Funda\u00e7\u00e3o Get\u00falio Vargas - Rio de Janeiro. Consultor, Palestrante e Pesquisador sobre Empreendedorismo, Marketing, Redes Sociais e Neg\u00f3cios Digitais. Professor, Palestrante TedxTalks e Campus Party. Twitter: @ThalesBrandao\",\"sameAs\":[\"http:\\\/\\\/www.mandacaru.com.br\",\"https:\\\/\\\/www.facebook.com\\\/thalesbrandao\",\"http:\\\/\\\/www.instagram.com.br\\\/thalesbrandaoferreira\",\"https:\\\/\\\/www.linkedin.com\\\/in\\\/thales-brand\u00e3o-3948609\\\/\",\"https:\\\/\\\/x.com\\\/http:\\\/\\\/www.twitter.com\\\/thalesbrandao\"],\"url\":\"https:\\\/\\\/www.cidademarketing.com.br\\\/marketing\\\/author\\\/thalesbrandao\\\/\"}]}<\/script>\n<!-- \/ Yoast SEO plugin. -->","yoast_head_json":{"title":"Com estrat\u00e9gia promocional, Extra e P\u00e3o de A\u00e7\u00facar batem recorde hist\u00f3rico de vendas em fraldas num \u00fanico dia - CidadeMarketing","robots":{"index":"index","follow":"follow","max-snippet":"max-snippet:-1","max-image-preview":"max-image-preview:large","max-video-preview":"max-video-preview:-1"},"canonical":"https:\/\/www.cidademarketing.com.br\/marketing\/2020\/08\/14\/com-estrategia-promocional-extra-e-pao-de-acucar-batem-recorde-historico-de-vendas-em-fraldas-num-unico-dia\/","og_locale":"pt_BR","og_type":"article","og_title":"Com estrat\u00e9gia promocional, Extra e P\u00e3o de A\u00e7\u00facar batem recorde hist\u00f3rico de vendas em fraldas num \u00fanico dia - CidadeMarketing","og_description":"Embora ainda faltem pouco mais de 3 meses para a Black Friday deste ano, o Extra e o P\u00e3o de A\u00e7\u00facar j\u00e1 estabeleceram um novo recorde hist\u00f3rico de vendas em um \u00fanico dia. A promo\u00e7\u00e3o in\u00e9dita das duas redes que ofereceu descontos de at\u00e9 50% em diversos tipos e marcas de fraldas, realizada na \u00faltima [&hellip;]","og_url":"https:\/\/www.cidademarketing.com.br\/marketing\/2020\/08\/14\/com-estrategia-promocional-extra-e-pao-de-acucar-batem-recorde-historico-de-vendas-em-fraldas-num-unico-dia\/","og_site_name":"CidadeMarketing","article_publisher":"https:\/\/www.facebook.com\/portalcidademarketing","article_author":"https:\/\/www.facebook.com\/thalesbrandao","article_published_time":"2020-08-14T15:09:23+00:00","og_image":[{"width":876,"height":456,"url":"https:\/\/www.cidademarketing.com.br\/marketing\/wp-content\/uploads\/2020\/08\/paodeacucar_extra.jpg","type":"image\/jpeg"}],"author":"Thales Brand\u00e3o","twitter_card":"summary_large_image","twitter_creator":"@http:\/\/www.twitter.com\/thalesbrandao","twitter_site":"@CidadeMarketing","twitter_misc":{"Escrito por":"Thales Brand\u00e3o","Est. tempo de leitura":"2 minutos"},"schema":{"@context":"https:\/\/schema.org","@graph":[{"@type":"Article","@id":"https:\/\/www.cidademarketing.com.br\/marketing\/2020\/08\/14\/com-estrategia-promocional-extra-e-pao-de-acucar-batem-recorde-historico-de-vendas-em-fraldas-num-unico-dia\/#article","isPartOf":{"@id":"https:\/\/www.cidademarketing.com.br\/marketing\/2020\/08\/14\/com-estrategia-promocional-extra-e-pao-de-acucar-batem-recorde-historico-de-vendas-em-fraldas-num-unico-dia\/"},"author":{"name":"Thales Brand\u00e3o","@id":"https:\/\/www.cidademarketing.com.br\/marketing\/#\/schema\/person\/02daff9f18bd9378c9e01eb6b2db155f"},"headline":"Com estrat\u00e9gia promocional, Extra e P\u00e3o de A\u00e7\u00facar batem recorde hist\u00f3rico de vendas em fraldas num \u00fanico dia","datePublished":"2020-08-14T15:09:23+00:00","mainEntityOfPage":{"@id":"https:\/\/www.cidademarketing.com.br\/marketing\/2020\/08\/14\/com-estrategia-promocional-extra-e-pao-de-acucar-batem-recorde-historico-de-vendas-em-fraldas-num-unico-dia\/"},"wordCount":487,"commentCount":0,"publisher":{"@id":"https:\/\/www.cidademarketing.com.br\/marketing\/#organization"},"image":{"@id":"https:\/\/www.cidademarketing.com.br\/marketing\/2020\/08\/14\/com-estrategia-promocional-extra-e-pao-de-acucar-batem-recorde-historico-de-vendas-em-fraldas-num-unico-dia\/#primaryimage"},"thumbnailUrl":"https:\/\/www.cidademarketing.com.br\/marketing\/wp-content\/uploads\/2020\/08\/paodeacucar_extra.jpg","keywords":["Extra","marketing","p\u00e3o de a\u00e7\u00facar","promocional"],"articleSection":["Not\u00edcias"],"inLanguage":"pt-BR","potentialAction":[{"@type":"CommentAction","name":"Comment","target":["https:\/\/www.cidademarketing.com.br\/marketing\/2020\/08\/14\/com-estrategia-promocional-extra-e-pao-de-acucar-batem-recorde-historico-de-vendas-em-fraldas-num-unico-dia\/#respond"]}]},{"@type":"WebPage","@id":"https:\/\/www.cidademarketing.com.br\/marketing\/2020\/08\/14\/com-estrategia-promocional-extra-e-pao-de-acucar-batem-recorde-historico-de-vendas-em-fraldas-num-unico-dia\/","url":"https:\/\/www.cidademarketing.com.br\/marketing\/2020\/08\/14\/com-estrategia-promocional-extra-e-pao-de-acucar-batem-recorde-historico-de-vendas-em-fraldas-num-unico-dia\/","name":"Com estrat\u00e9gia promocional, Extra e P\u00e3o de A\u00e7\u00facar batem recorde hist\u00f3rico de vendas em fraldas num \u00fanico dia - CidadeMarketing","isPartOf":{"@id":"https:\/\/www.cidademarketing.com.br\/marketing\/#website"},"primaryImageOfPage":{"@id":"https:\/\/www.cidademarketing.com.br\/marketing\/2020\/08\/14\/com-estrategia-promocional-extra-e-pao-de-acucar-batem-recorde-historico-de-vendas-em-fraldas-num-unico-dia\/#primaryimage"},"image":{"@id":"https:\/\/www.cidademarketing.com.br\/marketing\/2020\/08\/14\/com-estrategia-promocional-extra-e-pao-de-acucar-batem-recorde-historico-de-vendas-em-fraldas-num-unico-dia\/#primaryimage"},"thumbnailUrl":"https:\/\/www.cidademarketing.com.br\/marketing\/wp-content\/uploads\/2020\/08\/paodeacucar_extra.jpg","datePublished":"2020-08-14T15:09:23+00:00","breadcrumb":{"@id":"https:\/\/www.cidademarketing.com.br\/marketing\/2020\/08\/14\/com-estrategia-promocional-extra-e-pao-de-acucar-batem-recorde-historico-de-vendas-em-fraldas-num-unico-dia\/#breadcrumb"},"inLanguage":"pt-BR","potentialAction":[{"@type":"ReadAction","target":["https:\/\/www.cidademarketing.com.br\/marketing\/2020\/08\/14\/com-estrategia-promocional-extra-e-pao-de-acucar-batem-recorde-historico-de-vendas-em-fraldas-num-unico-dia\/"]}]},{"@type":"ImageObject","inLanguage":"pt-BR","@id":"https:\/\/www.cidademarketing.com.br\/marketing\/2020\/08\/14\/com-estrategia-promocional-extra-e-pao-de-acucar-batem-recorde-historico-de-vendas-em-fraldas-num-unico-dia\/#primaryimage","url":"https:\/\/www.cidademarketing.com.br\/marketing\/wp-content\/uploads\/2020\/08\/paodeacucar_extra.jpg","contentUrl":"https:\/\/www.cidademarketing.com.br\/marketing\/wp-content\/uploads\/2020\/08\/paodeacucar_extra.jpg","width":876,"height":456},{"@type":"BreadcrumbList","@id":"https:\/\/www.cidademarketing.com.br\/marketing\/2020\/08\/14\/com-estrategia-promocional-extra-e-pao-de-acucar-batem-recorde-historico-de-vendas-em-fraldas-num-unico-dia\/#breadcrumb","itemListElement":[{"@type":"ListItem","position":1,"name":"In\u00edcio","item":"https:\/\/www.cidademarketing.com.br\/marketing\/"},{"@type":"ListItem","position":2,"name":"Com estrat\u00e9gia promocional, Extra e P\u00e3o de A\u00e7\u00facar batem recorde hist\u00f3rico de vendas em fraldas num \u00fanico dia"}]},{"@type":"WebSite","@id":"https:\/\/www.cidademarketing.com.br\/marketing\/#website","url":"https:\/\/www.cidademarketing.com.br\/marketing\/","name":"CidadeMarketing","description":"Somos um ve\u00edculo de comunica\u00e7\u00e3o de destaque no Brasil, reconhecido por conte\u00fados nos segmentos de marketing, empreendedorismo e inova\u00e7\u00e3o.","publisher":{"@id":"https:\/\/www.cidademarketing.com.br\/marketing\/#organization"},"alternateName":"CidadeMarketing","potentialAction":[{"@type":"SearchAction","target":{"@type":"EntryPoint","urlTemplate":"https:\/\/www.cidademarketing.com.br\/marketing\/?s={search_term_string}"},"query-input":{"@type":"PropertyValueSpecification","valueRequired":true,"valueName":"search_term_string"}}],"inLanguage":"pt-BR"},{"@type":"Organization","@id":"https:\/\/www.cidademarketing.com.br\/marketing\/#organization","name":"CidadeMarketing","alternateName":"CidadeMarketing","url":"https:\/\/www.cidademarketing.com.br\/marketing\/","logo":{"@type":"ImageObject","inLanguage":"pt-BR","@id":"https:\/\/www.cidademarketing.com.br\/marketing\/#\/schema\/logo\/image\/","url":"https:\/\/www.cidademarketing.com.br\/marketing\/wp-content\/uploads\/2020\/01\/cidademarketing_marca_mobile.png","contentUrl":"https:\/\/www.cidademarketing.com.br\/marketing\/wp-content\/uploads\/2020\/01\/cidademarketing_marca_mobile.png","width":230,"height":92,"caption":"CidadeMarketing"},"image":{"@id":"https:\/\/www.cidademarketing.com.br\/marketing\/#\/schema\/logo\/image\/"},"sameAs":["https:\/\/www.facebook.com\/portalcidademarketing","https:\/\/x.com\/CidadeMarketing","https:\/\/www.instagram.com\/cidademarketing\/"]},{"@type":"Person","@id":"https:\/\/www.cidademarketing.com.br\/marketing\/#\/schema\/person\/02daff9f18bd9378c9e01eb6b2db155f","name":"Thales Brand\u00e3o","image":{"@type":"ImageObject","inLanguage":"pt-BR","@id":"https:\/\/secure.gravatar.com\/avatar\/7ca3206950207cc3cb48feec56a8a7898741ab725c368d99d5d7a5a50aab80c6?s=96&d=mm&r=g","url":"https:\/\/secure.gravatar.com\/avatar\/7ca3206950207cc3cb48feec56a8a7898741ab725c368d99d5d7a5a50aab80c6?s=96&d=mm&r=g","contentUrl":"https:\/\/secure.gravatar.com\/avatar\/7ca3206950207cc3cb48feec56a8a7898741ab725c368d99d5d7a5a50aab80c6?s=96&d=mm&r=g","caption":"Thales Brand\u00e3o"},"description":"Editor Executivo do Portal CidadeMarketing.com.br &gt; Mestre em Comunica\u00e7\u00e3o e Sociedade pela Universidade Federal de Sergipe. Possui MBA Executivo em Administra\u00e7\u00e3o com \u00eanfase em Marketing pela Funda\u00e7\u00e3o Get\u00falio Vargas - Rio de Janeiro. Consultor, Palestrante e Pesquisador sobre Empreendedorismo, Marketing, Redes Sociais e Neg\u00f3cios Digitais. Professor, Palestrante TedxTalks e Campus Party. Twitter: @ThalesBrandao","sameAs":["http:\/\/www.mandacaru.com.br","https:\/\/www.facebook.com\/thalesbrandao","http:\/\/www.instagram.com.br\/thalesbrandaoferreira","https:\/\/www.linkedin.com\/in\/thales-brand\u00e3o-3948609\/","https:\/\/x.com\/http:\/\/www.twitter.com\/thalesbrandao"],"url":"https:\/\/www.cidademarketing.com.br\/marketing\/author\/thalesbrandao\/"}]}},"amp_enabled":true,"_links":{"self":[{"href":"https:\/\/www.cidademarketing.com.br\/marketing\/wp-json\/wp\/v2\/posts\/17825","targetHints":{"allow":["GET"]}}],"collection":[{"href":"https:\/\/www.cidademarketing.com.br\/marketing\/wp-json\/wp\/v2\/posts"}],"about":[{"href":"https:\/\/www.cidademarketing.com.br\/marketing\/wp-json\/wp\/v2\/types\/post"}],"author":[{"embeddable":true,"href":"https:\/\/www.cidademarketing.com.br\/marketing\/wp-json\/wp\/v2\/users\/1"}],"replies":[{"embeddable":true,"href":"https:\/\/www.cidademarketing.com.br\/marketing\/wp-json\/wp\/v2\/comments?post=17825"}],"version-history":[{"count":1,"href":"https:\/\/www.cidademarketing.com.br\/marketing\/wp-json\/wp\/v2\/posts\/17825\/revisions"}],"predecessor-version":[{"id":17826,"href":"https:\/\/www.cidademarketing.com.br\/marketing\/wp-json\/wp\/v2\/posts\/17825\/revisions\/17826"}],"wp:featuredmedia":[{"embeddable":true,"href":"https:\/\/www.cidademarketing.com.br\/marketing\/wp-json\/wp\/v2\/media\/17756"}],"wp:attachment":[{"href":"https:\/\/www.cidademarketing.com.br\/marketing\/wp-json\/wp\/v2\/media?parent=17825"}],"wp:term":[{"taxonomy":"category","embeddable":true,"href":"https:\/\/www.cidademarketing.com.br\/marketing\/wp-json\/wp\/v2\/categories?post=17825"},{"taxonomy":"post_tag","embeddable":true,"href":"https:\/\/www.cidademarketing.com.br\/marketing\/wp-json\/wp\/v2\/tags?post=17825"}],"curies":[{"name":"wp","href":"https:\/\/api.w.org\/{rel}","templated":true}]}}