{"id":17748,"date":"2020-08-11T13:05:09","date_gmt":"2020-08-11T16:05:09","guid":{"rendered":"https:\/\/www.cidademarketing.com.br\/marketing\/?p=17748"},"modified":"2020-08-11T13:05:12","modified_gmt":"2020-08-11T16:05:12","slug":"sesc-ouro-preto-e-sesc-pocos-de-caldas-recebem-o-premio-travellers-choice","status":"publish","type":"post","link":"https:\/\/www.cidademarketing.com.br\/marketing\/2020\/08\/11\/sesc-ouro-preto-e-sesc-pocos-de-caldas-recebem-o-premio-travellers-choice\/","title":{"rendered":"Sesc Ouro Preto e Sesc Po\u00e7os de Caldas recebem o pr\u00eamio Travellers Choice"},"content":{"rendered":"\n<p>O Sesc Ouro Preto e o Sesc Po\u00e7os de Caldas acabam de receber o pr\u00eamio Travellers Choice, do TripAdvisor, site independente especializado em informa\u00e7\u00f5es sobre turismo, principal refer\u00eancia em avalia\u00e7\u00f5es sobre o assunto no mundo. As avalia\u00e7\u00f5es e coment\u00e1rios s\u00e3o feitos geralmente por \u201cviajantes especialistas\u201d, que focam na experi\u00eancia que os destinos e hospedagens proporcionam.<\/p>\n\n\n\n<p>A premia\u00e7\u00e3o chega no exato momento em que Minas Gerais se prepara para a retomada da atividade tur\u00edstica, paralisada por conta da pandemia do novo coronav\u00edrus. Agora, o Sesc Ouro Preto e o Sesc Po\u00e7os de Caldas integram o seleto grupo de 10% dos melhores hot\u00e9is do mundo, reafirmando a excel\u00eancia dos servi\u00e7os oferecidos. &nbsp;<\/p>\n\n\n\n<p>\u201cTodos os estudos apontam que a retomada do turismo se dar\u00e1 de maneira regional, em um primeiro momento. Portanto, Ouro Preto certamente ser\u00e1 um dos principais destinos, n\u00e3o s\u00f3 por ser Patrim\u00f4nio Cultural da Humanidade, mas tamb\u00e9m por estar perto de um grande centro, como Belo Horizonte\u201d, explica o gerente do Sesc Ouro Preto, Patric Cardoso de S\u00e1.<\/p>\n\n\n\n<p>Patric ressalta que o pr\u00eamio do site Tripadvisor coloca o Sesc Ouro Preto entre os melhores hot\u00e9is do mundo, o que aumenta a responsabilidade, principalmente neste momento de retomada do turismo em Minas Gerais. \u201cO Travellers\u2019 Choice nos qualifica ainda mais, pois atesta a excel\u00eancia de nossos servi\u00e7os. Agora estamos na vitrine, ao lado dos hot\u00e9is mais importantes do mundo\u201d, ressalta. Ele garante que o Sesc Ouro Preto est\u00e1 preparado para receber os h\u00f3spedes, operando com todos os protocolos de seguran\u00e7a exigidos. \u201cFicamos tr\u00eas meses sem operar \u2013 de 18 de mar\u00e7o a 19 de junho \u2013 por conta da pandemia. Durante esse per\u00edodo investimos na prepara\u00e7\u00e3o para o momento da retomada do turismo. Aqui no Sesc Ouro Preto nos enquadramos dentro dos mais r\u00edgidos protocolos de seguran\u00e7a e higiene espec\u00edficos para o nosso ramo de atividade e preconizados pelo Minist\u00e9rio da Sa\u00fade e Anvisa, al\u00e9m de seguirmos os decretos estadual e municipal, e o protocolo interno do Sesc. Estamos preparados para receber nossos hospedes\u201d, garante Patric.<\/p>\n\n\n\n<p>\u201cAqui em Po\u00e7os de Caldas j\u00e1 temos uma demanda espont\u00e2nea muito boa, por sermos uma cidade tur\u00edstica. Agora, com o Travellers Choice, a expectativa \u00e9 que a procura aumente, assim que a situa\u00e7\u00e3o por conta da pandemia come\u00e7ar a normalizar\u201d, comenta a gerente do Sesc Po\u00e7os de Caldas, S\u00f4nia do Carmo Pereira. \u201cEstamos na expectativa da prefeitura local liberar nossa abertura para recebermos os turistas. Por enquanto s\u00f3 estamos trabalhando com hospedagem corporativa, apenas para empresas. J\u00e1 sabemos, tamb\u00e9m, que inicialmente s\u00f3 poderemos atender com 40% de nossa capacidade, por uma quest\u00e3o de seguran\u00e7a\u201d, completa.<\/p>\n\n\n\n<p>S\u00f4nia garante que durante a pandemia a unidade se preparou para atender a todos os protocolos de seguran\u00e7a e higiene, preconizados pelo Minist\u00e9rio da Sa\u00fade e a Ag\u00eancia Nacional de Vigil\u00e2ncia Sanit\u00e1ria (Anvisa). \u201cEst\u00e1 na miss\u00e3o do Sesc proporcionar o bem-estar e a sa\u00fade. Trabalhamos com isso todos os dias. Ent\u00e3o, no nosso caso, n\u00e3o tivemos problemas em nos adaptar \u00e0s normas exigidas pelas autoridades de sa\u00fade para podermos voltar a receber nossos h\u00f3spedes. Todos os protocolos de seguran\u00e7a est\u00e3o sendo cumpridos \u00e0 risca, al\u00e9m dos decretos estadual e municipal\u201d, garante.<\/p>\n\n\n\n<p><strong>O SESC OURO PRETO<\/strong><\/p>\n\n\n\n<p>Um passeio pela hist\u00f3ria e pela arte mineiras, o Sesc Ouro Preto \u00e9 o lugar ideal para quem procura beleza e tranquilidade. Localizada a 91 km de Belo Horizonte (a 7 km de Ouro Preto), a unidade oferece um ambiente de charme e privacidade para temporadas de lazer e neg\u00f3cios. Perfeita para quem quer conhecer esta cidade, que \u00e9 Patrim\u00f4nio Cultural da Humanidade.<\/p>\n\n\n\n<p><strong>O SESC PO\u00c7OS DE CALDAS<\/strong><\/p>\n\n\n\n<p>Conhecida internacionalmente por suas \u00e1guas medicinais, Po\u00e7os de Caldas \u00e9 uma est\u00e2ncia hidromineral que conquista n\u00e3o s\u00f3 pelos diferentes roteiros recreativos e terap\u00eauticos, mas tamb\u00e9m pelo charme e pela beleza da pr\u00f3pria cidade. O Sesc Po\u00e7os de Caldas oferece completa estrutura para f\u00e9rias ou temporadas de lazer, assim como para eventos de neg\u00f3cios.<\/p>\n\n\n\n<p><strong>SELO TURISMO RESPONS\u00c1VEL<\/strong><\/p>\n\n\n\n<p>Para o retorno das atividades, as unidades de hospedagem do Sesc est\u00e3o tomando todas as medidas de seguran\u00e7a para receber os h\u00f3spedes, o que valeu o selo Turismo Respons\u00e1vel, concedido pelo Minist\u00e9rio do Turismo, atestando todos os protocolos de seguran\u00e7a e higiene de preven\u00e7\u00e3o \u00e0 Covid-19. Foram contempladas as hospedagens do Sesc Arax\u00e1, Contagem, Ouro Preto, Po\u00e7os de Caldas e Venda Nova, esta \u00faltima localizada em Belo Horizonte, al\u00e9m de outros servi\u00e7os de turismo da institui\u00e7\u00e3o, como os pacotes de viagens e excurs\u00f5es.<\/p>\n\n\n\n<p>De acordo com o Coordenador de Hospitalidade e Governan\u00e7a do Sesc em Minas, Valmir C\u00e2ndido, o selo do Minist\u00e9rio do Turismo \u00e9 concedido apenas \u00e0s empresas integrantes do Cadastro de Prestadores de Servi\u00e7os Tur\u00edsticos (Cadastur), da pasta , e visa garantir que os viajantes recebam o atendimento adequado ao planejar a sua viagem. \u201cS\u00f3 recebem o selo as empresas que seguem rigorosamente os protocolos de seguran\u00e7a e cumprem os decretos estaduais e municipais. No nosso caso, ainda temos o nosso protocolo interno, o que garante ainda mais a seguran\u00e7a de nossos h\u00f3spedes. A pr\u00f3pria Anvisa tem nos elogiado bastante em rela\u00e7\u00e3o \u00e0s medidas de preven\u00e7\u00e3o contra a Covid-19 que estamos tomando, n\u00e3o s\u00f3 com nossos h\u00f3spedes, mas tamb\u00e9m nossos empregados. O mais importante \u00e9 garantir a sa\u00fade e a seguran\u00e7a de todos\u201d, afirma.<\/p>\n\n\n\n<p>Reservas Ouro Preto: <a href=\"http:\/\/hospedagem.sescmg.com.br\/sesc_pousada_ouro_preto\" target=\"_blank\" rel=\"noreferrer noopener\">hospedagem.sescmg.com.br\/sesc_pousada_ouro_preto<\/a><\/p>\n\n\n\n<p>Reservas Po\u00e7os de Caldas: <a href=\"https:\/\/hospedagem.sescmg.com.br\/sesc_pousada_pocos_de_caldas\" target=\"_blank\" rel=\"noreferrer noopener\">hospedagem.sescmg.com.br\/sesc_pousada_pocos_de_caldas<\/a><\/p>\n","protected":false},"excerpt":{"rendered":"<p>O Sesc Ouro Preto e o Sesc Po\u00e7os de Caldas acabam de receber o pr\u00eamio Travellers Choice, do TripAdvisor, site independente especializado em informa\u00e7\u00f5es sobre turismo, principal refer\u00eancia em avalia\u00e7\u00f5es sobre o assunto no mundo. As avalia\u00e7\u00f5es e coment\u00e1rios s\u00e3o feitos geralmente por \u201cviajantes especialistas\u201d, que focam na experi\u00eancia que os destinos e hospedagens proporcionam. [&hellip;]<\/p>\n","protected":false},"author":1,"featured_media":17749,"comment_status":"open","ping_status":"open","sticky":false,"template":"","format":"standard","meta":{"tdm_status":"","tdm_grid_status":"","footnotes":""},"categories":[6],"tags":[28,894,3254,230],"class_list":["post-17748","post","type-post","status-publish","format-standard","has-post-thumbnail","hentry","category-noticias","tag-marketing","tag-sesc","tag-sesc-ouro-preto","tag-turismo"],"yoast_head":"<!-- This site is optimized with the Yoast SEO plugin v27.5 - https:\/\/yoast.com\/product\/yoast-seo-wordpress\/ -->\n<title>Sesc Ouro Preto e Sesc Po\u00e7os de Caldas recebem o pr\u00eamio Travellers Choice - CidadeMarketing<\/title>\n<meta name=\"robots\" content=\"index, follow, max-snippet:-1, max-image-preview:large, max-video-preview:-1\" \/>\n<link rel=\"canonical\" href=\"https:\/\/www.cidademarketing.com.br\/marketing\/2020\/08\/11\/sesc-ouro-preto-e-sesc-pocos-de-caldas-recebem-o-premio-travellers-choice\/\" \/>\n<meta property=\"og:locale\" content=\"pt_BR\" \/>\n<meta property=\"og:type\" content=\"article\" \/>\n<meta property=\"og:title\" content=\"Sesc Ouro Preto e Sesc Po\u00e7os de Caldas recebem o pr\u00eamio Travellers Choice - CidadeMarketing\" \/>\n<meta property=\"og:description\" content=\"O Sesc Ouro Preto e o Sesc Po\u00e7os de Caldas acabam de receber o pr\u00eamio Travellers Choice, do TripAdvisor, site independente especializado em informa\u00e7\u00f5es sobre turismo, principal refer\u00eancia em avalia\u00e7\u00f5es sobre o assunto no mundo. As avalia\u00e7\u00f5es e coment\u00e1rios s\u00e3o feitos geralmente por \u201cviajantes especialistas\u201d, que focam na experi\u00eancia que os destinos e hospedagens proporcionam. [&hellip;]\" \/>\n<meta property=\"og:url\" content=\"https:\/\/www.cidademarketing.com.br\/marketing\/2020\/08\/11\/sesc-ouro-preto-e-sesc-pocos-de-caldas-recebem-o-premio-travellers-choice\/\" \/>\n<meta property=\"og:site_name\" content=\"CidadeMarketing\" \/>\n<meta property=\"article:publisher\" content=\"https:\/\/www.facebook.com\/portalcidademarketing\" \/>\n<meta property=\"article:author\" content=\"https:\/\/www.facebook.com\/thalesbrandao\" \/>\n<meta property=\"article:published_time\" content=\"2020-08-11T16:05:09+00:00\" \/>\n<meta property=\"article:modified_time\" content=\"2020-08-11T16:05:12+00:00\" \/>\n<meta property=\"og:image\" content=\"https:\/\/www.cidademarketing.com.br\/marketing\/wp-content\/uploads\/2020\/08\/18_12-Pousada-Ouro-Preto-Foto-Washington-Alves-2081-1-scaled.jpg\" \/>\n\t<meta property=\"og:image:width\" content=\"2560\" \/>\n\t<meta property=\"og:image:height\" content=\"1707\" \/>\n\t<meta property=\"og:image:type\" content=\"image\/jpeg\" \/>\n<meta name=\"author\" content=\"Thales Brand\u00e3o\" \/>\n<meta name=\"twitter:card\" content=\"summary_large_image\" \/>\n<meta name=\"twitter:creator\" content=\"@http:\/\/www.twitter.com\/thalesbrandao\" \/>\n<meta name=\"twitter:site\" content=\"@CidadeMarketing\" \/>\n<meta name=\"twitter:label1\" content=\"Escrito por\" \/>\n\t<meta name=\"twitter:data1\" content=\"Thales Brand\u00e3o\" \/>\n\t<meta name=\"twitter:label2\" content=\"Est. tempo de leitura\" \/>\n\t<meta name=\"twitter:data2\" content=\"5 minutos\" \/>\n<script type=\"application\/ld+json\" class=\"yoast-schema-graph\">{\"@context\":\"https:\\\/\\\/schema.org\",\"@graph\":[{\"@type\":\"Article\",\"@id\":\"https:\\\/\\\/www.cidademarketing.com.br\\\/marketing\\\/2020\\\/08\\\/11\\\/sesc-ouro-preto-e-sesc-pocos-de-caldas-recebem-o-premio-travellers-choice\\\/#article\",\"isPartOf\":{\"@id\":\"https:\\\/\\\/www.cidademarketing.com.br\\\/marketing\\\/2020\\\/08\\\/11\\\/sesc-ouro-preto-e-sesc-pocos-de-caldas-recebem-o-premio-travellers-choice\\\/\"},\"author\":{\"name\":\"Thales Brand\u00e3o\",\"@id\":\"https:\\\/\\\/www.cidademarketing.com.br\\\/marketing\\\/#\\\/schema\\\/person\\\/02daff9f18bd9378c9e01eb6b2db155f\"},\"headline\":\"Sesc Ouro Preto e Sesc Po\u00e7os de Caldas recebem o pr\u00eamio Travellers Choice\",\"datePublished\":\"2020-08-11T16:05:09+00:00\",\"dateModified\":\"2020-08-11T16:05:12+00:00\",\"mainEntityOfPage\":{\"@id\":\"https:\\\/\\\/www.cidademarketing.com.br\\\/marketing\\\/2020\\\/08\\\/11\\\/sesc-ouro-preto-e-sesc-pocos-de-caldas-recebem-o-premio-travellers-choice\\\/\"},\"wordCount\":992,\"commentCount\":0,\"publisher\":{\"@id\":\"https:\\\/\\\/www.cidademarketing.com.br\\\/marketing\\\/#organization\"},\"image\":{\"@id\":\"https:\\\/\\\/www.cidademarketing.com.br\\\/marketing\\\/2020\\\/08\\\/11\\\/sesc-ouro-preto-e-sesc-pocos-de-caldas-recebem-o-premio-travellers-choice\\\/#primaryimage\"},\"thumbnailUrl\":\"https:\\\/\\\/www.cidademarketing.com.br\\\/marketing\\\/wp-content\\\/uploads\\\/2020\\\/08\\\/18_12-Pousada-Ouro-Preto-Foto-Washington-Alves-2081-1-scaled.jpg\",\"keywords\":[\"marketing\",\"Sesc\",\"SESC Ouro Preto\",\"turismo\"],\"articleSection\":[\"Not\u00edcias\"],\"inLanguage\":\"pt-BR\",\"potentialAction\":[{\"@type\":\"CommentAction\",\"name\":\"Comment\",\"target\":[\"https:\\\/\\\/www.cidademarketing.com.br\\\/marketing\\\/2020\\\/08\\\/11\\\/sesc-ouro-preto-e-sesc-pocos-de-caldas-recebem-o-premio-travellers-choice\\\/#respond\"]}]},{\"@type\":\"WebPage\",\"@id\":\"https:\\\/\\\/www.cidademarketing.com.br\\\/marketing\\\/2020\\\/08\\\/11\\\/sesc-ouro-preto-e-sesc-pocos-de-caldas-recebem-o-premio-travellers-choice\\\/\",\"url\":\"https:\\\/\\\/www.cidademarketing.com.br\\\/marketing\\\/2020\\\/08\\\/11\\\/sesc-ouro-preto-e-sesc-pocos-de-caldas-recebem-o-premio-travellers-choice\\\/\",\"name\":\"Sesc Ouro Preto e Sesc Po\u00e7os de Caldas recebem o pr\u00eamio Travellers Choice - CidadeMarketing\",\"isPartOf\":{\"@id\":\"https:\\\/\\\/www.cidademarketing.com.br\\\/marketing\\\/#website\"},\"primaryImageOfPage\":{\"@id\":\"https:\\\/\\\/www.cidademarketing.com.br\\\/marketing\\\/2020\\\/08\\\/11\\\/sesc-ouro-preto-e-sesc-pocos-de-caldas-recebem-o-premio-travellers-choice\\\/#primaryimage\"},\"image\":{\"@id\":\"https:\\\/\\\/www.cidademarketing.com.br\\\/marketing\\\/2020\\\/08\\\/11\\\/sesc-ouro-preto-e-sesc-pocos-de-caldas-recebem-o-premio-travellers-choice\\\/#primaryimage\"},\"thumbnailUrl\":\"https:\\\/\\\/www.cidademarketing.com.br\\\/marketing\\\/wp-content\\\/uploads\\\/2020\\\/08\\\/18_12-Pousada-Ouro-Preto-Foto-Washington-Alves-2081-1-scaled.jpg\",\"datePublished\":\"2020-08-11T16:05:09+00:00\",\"dateModified\":\"2020-08-11T16:05:12+00:00\",\"breadcrumb\":{\"@id\":\"https:\\\/\\\/www.cidademarketing.com.br\\\/marketing\\\/2020\\\/08\\\/11\\\/sesc-ouro-preto-e-sesc-pocos-de-caldas-recebem-o-premio-travellers-choice\\\/#breadcrumb\"},\"inLanguage\":\"pt-BR\",\"potentialAction\":[{\"@type\":\"ReadAction\",\"target\":[\"https:\\\/\\\/www.cidademarketing.com.br\\\/marketing\\\/2020\\\/08\\\/11\\\/sesc-ouro-preto-e-sesc-pocos-de-caldas-recebem-o-premio-travellers-choice\\\/\"]}]},{\"@type\":\"ImageObject\",\"inLanguage\":\"pt-BR\",\"@id\":\"https:\\\/\\\/www.cidademarketing.com.br\\\/marketing\\\/2020\\\/08\\\/11\\\/sesc-ouro-preto-e-sesc-pocos-de-caldas-recebem-o-premio-travellers-choice\\\/#primaryimage\",\"url\":\"https:\\\/\\\/www.cidademarketing.com.br\\\/marketing\\\/wp-content\\\/uploads\\\/2020\\\/08\\\/18_12-Pousada-Ouro-Preto-Foto-Washington-Alves-2081-1-scaled.jpg\",\"contentUrl\":\"https:\\\/\\\/www.cidademarketing.com.br\\\/marketing\\\/wp-content\\\/uploads\\\/2020\\\/08\\\/18_12-Pousada-Ouro-Preto-Foto-Washington-Alves-2081-1-scaled.jpg\",\"width\":2560,\"height\":1707,\"caption\":\"OURO PRETO \\\/ MINAS GERAIS \\\/ BRASIL - 18.12.2014 - Sesc unidade de Ouro Preto em MG. Pousada da Estalagem. \u00a9 Washington Alves \\\/ Light Press\"},{\"@type\":\"BreadcrumbList\",\"@id\":\"https:\\\/\\\/www.cidademarketing.com.br\\\/marketing\\\/2020\\\/08\\\/11\\\/sesc-ouro-preto-e-sesc-pocos-de-caldas-recebem-o-premio-travellers-choice\\\/#breadcrumb\",\"itemListElement\":[{\"@type\":\"ListItem\",\"position\":1,\"name\":\"In\u00edcio\",\"item\":\"https:\\\/\\\/www.cidademarketing.com.br\\\/marketing\\\/\"},{\"@type\":\"ListItem\",\"position\":2,\"name\":\"Sesc Ouro Preto e Sesc Po\u00e7os de Caldas recebem o pr\u00eamio Travellers Choice\"}]},{\"@type\":\"WebSite\",\"@id\":\"https:\\\/\\\/www.cidademarketing.com.br\\\/marketing\\\/#website\",\"url\":\"https:\\\/\\\/www.cidademarketing.com.br\\\/marketing\\\/\",\"name\":\"CidadeMarketing\",\"description\":\"Somos um ve\u00edculo de comunica\u00e7\u00e3o de destaque no Brasil, reconhecido por conte\u00fados nos segmentos de marketing, empreendedorismo e inova\u00e7\u00e3o.\",\"publisher\":{\"@id\":\"https:\\\/\\\/www.cidademarketing.com.br\\\/marketing\\\/#organization\"},\"alternateName\":\"CidadeMarketing\",\"potentialAction\":[{\"@type\":\"SearchAction\",\"target\":{\"@type\":\"EntryPoint\",\"urlTemplate\":\"https:\\\/\\\/www.cidademarketing.com.br\\\/marketing\\\/?s={search_term_string}\"},\"query-input\":{\"@type\":\"PropertyValueSpecification\",\"valueRequired\":true,\"valueName\":\"search_term_string\"}}],\"inLanguage\":\"pt-BR\"},{\"@type\":\"Organization\",\"@id\":\"https:\\\/\\\/www.cidademarketing.com.br\\\/marketing\\\/#organization\",\"name\":\"CidadeMarketing\",\"alternateName\":\"CidadeMarketing\",\"url\":\"https:\\\/\\\/www.cidademarketing.com.br\\\/marketing\\\/\",\"logo\":{\"@type\":\"ImageObject\",\"inLanguage\":\"pt-BR\",\"@id\":\"https:\\\/\\\/www.cidademarketing.com.br\\\/marketing\\\/#\\\/schema\\\/logo\\\/image\\\/\",\"url\":\"https:\\\/\\\/www.cidademarketing.com.br\\\/marketing\\\/wp-content\\\/uploads\\\/2020\\\/01\\\/cidademarketing_marca_mobile.png\",\"contentUrl\":\"https:\\\/\\\/www.cidademarketing.com.br\\\/marketing\\\/wp-content\\\/uploads\\\/2020\\\/01\\\/cidademarketing_marca_mobile.png\",\"width\":230,\"height\":92,\"caption\":\"CidadeMarketing\"},\"image\":{\"@id\":\"https:\\\/\\\/www.cidademarketing.com.br\\\/marketing\\\/#\\\/schema\\\/logo\\\/image\\\/\"},\"sameAs\":[\"https:\\\/\\\/www.facebook.com\\\/portalcidademarketing\",\"https:\\\/\\\/x.com\\\/CidadeMarketing\",\"https:\\\/\\\/www.instagram.com\\\/cidademarketing\\\/\"]},{\"@type\":\"Person\",\"@id\":\"https:\\\/\\\/www.cidademarketing.com.br\\\/marketing\\\/#\\\/schema\\\/person\\\/02daff9f18bd9378c9e01eb6b2db155f\",\"name\":\"Thales Brand\u00e3o\",\"image\":{\"@type\":\"ImageObject\",\"inLanguage\":\"pt-BR\",\"@id\":\"https:\\\/\\\/secure.gravatar.com\\\/avatar\\\/7ca3206950207cc3cb48feec56a8a7898741ab725c368d99d5d7a5a50aab80c6?s=96&d=mm&r=g\",\"url\":\"https:\\\/\\\/secure.gravatar.com\\\/avatar\\\/7ca3206950207cc3cb48feec56a8a7898741ab725c368d99d5d7a5a50aab80c6?s=96&d=mm&r=g\",\"contentUrl\":\"https:\\\/\\\/secure.gravatar.com\\\/avatar\\\/7ca3206950207cc3cb48feec56a8a7898741ab725c368d99d5d7a5a50aab80c6?s=96&d=mm&r=g\",\"caption\":\"Thales Brand\u00e3o\"},\"description\":\"Editor Executivo do Portal CidadeMarketing.com.br &gt; Mestre em Comunica\u00e7\u00e3o e Sociedade pela Universidade Federal de Sergipe. Possui MBA Executivo em Administra\u00e7\u00e3o com \u00eanfase em Marketing pela Funda\u00e7\u00e3o Get\u00falio Vargas - Rio de Janeiro. Consultor, Palestrante e Pesquisador sobre Empreendedorismo, Marketing, Redes Sociais e Neg\u00f3cios Digitais. Professor, Palestrante TedxTalks e Campus Party. Twitter: @ThalesBrandao\",\"sameAs\":[\"http:\\\/\\\/www.mandacaru.com.br\",\"https:\\\/\\\/www.facebook.com\\\/thalesbrandao\",\"http:\\\/\\\/www.instagram.com.br\\\/thalesbrandaoferreira\",\"https:\\\/\\\/www.linkedin.com\\\/in\\\/thales-brand\u00e3o-3948609\\\/\",\"https:\\\/\\\/x.com\\\/http:\\\/\\\/www.twitter.com\\\/thalesbrandao\"],\"url\":\"https:\\\/\\\/www.cidademarketing.com.br\\\/marketing\\\/author\\\/thalesbrandao\\\/\"}]}<\/script>\n<!-- \/ Yoast SEO plugin. -->","yoast_head_json":{"title":"Sesc Ouro Preto e Sesc Po\u00e7os de Caldas recebem o pr\u00eamio Travellers Choice - CidadeMarketing","robots":{"index":"index","follow":"follow","max-snippet":"max-snippet:-1","max-image-preview":"max-image-preview:large","max-video-preview":"max-video-preview:-1"},"canonical":"https:\/\/www.cidademarketing.com.br\/marketing\/2020\/08\/11\/sesc-ouro-preto-e-sesc-pocos-de-caldas-recebem-o-premio-travellers-choice\/","og_locale":"pt_BR","og_type":"article","og_title":"Sesc Ouro Preto e Sesc Po\u00e7os de Caldas recebem o pr\u00eamio Travellers Choice - CidadeMarketing","og_description":"O Sesc Ouro Preto e o Sesc Po\u00e7os de Caldas acabam de receber o pr\u00eamio Travellers Choice, do TripAdvisor, site independente especializado em informa\u00e7\u00f5es sobre turismo, principal refer\u00eancia em avalia\u00e7\u00f5es sobre o assunto no mundo. As avalia\u00e7\u00f5es e coment\u00e1rios s\u00e3o feitos geralmente por \u201cviajantes especialistas\u201d, que focam na experi\u00eancia que os destinos e hospedagens proporcionam. [&hellip;]","og_url":"https:\/\/www.cidademarketing.com.br\/marketing\/2020\/08\/11\/sesc-ouro-preto-e-sesc-pocos-de-caldas-recebem-o-premio-travellers-choice\/","og_site_name":"CidadeMarketing","article_publisher":"https:\/\/www.facebook.com\/portalcidademarketing","article_author":"https:\/\/www.facebook.com\/thalesbrandao","article_published_time":"2020-08-11T16:05:09+00:00","article_modified_time":"2020-08-11T16:05:12+00:00","og_image":[{"width":2560,"height":1707,"url":"https:\/\/www.cidademarketing.com.br\/marketing\/wp-content\/uploads\/2020\/08\/18_12-Pousada-Ouro-Preto-Foto-Washington-Alves-2081-1-scaled.jpg","type":"image\/jpeg"}],"author":"Thales Brand\u00e3o","twitter_card":"summary_large_image","twitter_creator":"@http:\/\/www.twitter.com\/thalesbrandao","twitter_site":"@CidadeMarketing","twitter_misc":{"Escrito por":"Thales Brand\u00e3o","Est. tempo de leitura":"5 minutos"},"schema":{"@context":"https:\/\/schema.org","@graph":[{"@type":"Article","@id":"https:\/\/www.cidademarketing.com.br\/marketing\/2020\/08\/11\/sesc-ouro-preto-e-sesc-pocos-de-caldas-recebem-o-premio-travellers-choice\/#article","isPartOf":{"@id":"https:\/\/www.cidademarketing.com.br\/marketing\/2020\/08\/11\/sesc-ouro-preto-e-sesc-pocos-de-caldas-recebem-o-premio-travellers-choice\/"},"author":{"name":"Thales Brand\u00e3o","@id":"https:\/\/www.cidademarketing.com.br\/marketing\/#\/schema\/person\/02daff9f18bd9378c9e01eb6b2db155f"},"headline":"Sesc Ouro Preto e Sesc Po\u00e7os de Caldas recebem o pr\u00eamio Travellers Choice","datePublished":"2020-08-11T16:05:09+00:00","dateModified":"2020-08-11T16:05:12+00:00","mainEntityOfPage":{"@id":"https:\/\/www.cidademarketing.com.br\/marketing\/2020\/08\/11\/sesc-ouro-preto-e-sesc-pocos-de-caldas-recebem-o-premio-travellers-choice\/"},"wordCount":992,"commentCount":0,"publisher":{"@id":"https:\/\/www.cidademarketing.com.br\/marketing\/#organization"},"image":{"@id":"https:\/\/www.cidademarketing.com.br\/marketing\/2020\/08\/11\/sesc-ouro-preto-e-sesc-pocos-de-caldas-recebem-o-premio-travellers-choice\/#primaryimage"},"thumbnailUrl":"https:\/\/www.cidademarketing.com.br\/marketing\/wp-content\/uploads\/2020\/08\/18_12-Pousada-Ouro-Preto-Foto-Washington-Alves-2081-1-scaled.jpg","keywords":["marketing","Sesc","SESC Ouro Preto","turismo"],"articleSection":["Not\u00edcias"],"inLanguage":"pt-BR","potentialAction":[{"@type":"CommentAction","name":"Comment","target":["https:\/\/www.cidademarketing.com.br\/marketing\/2020\/08\/11\/sesc-ouro-preto-e-sesc-pocos-de-caldas-recebem-o-premio-travellers-choice\/#respond"]}]},{"@type":"WebPage","@id":"https:\/\/www.cidademarketing.com.br\/marketing\/2020\/08\/11\/sesc-ouro-preto-e-sesc-pocos-de-caldas-recebem-o-premio-travellers-choice\/","url":"https:\/\/www.cidademarketing.com.br\/marketing\/2020\/08\/11\/sesc-ouro-preto-e-sesc-pocos-de-caldas-recebem-o-premio-travellers-choice\/","name":"Sesc Ouro Preto e Sesc Po\u00e7os de Caldas recebem o pr\u00eamio Travellers Choice - CidadeMarketing","isPartOf":{"@id":"https:\/\/www.cidademarketing.com.br\/marketing\/#website"},"primaryImageOfPage":{"@id":"https:\/\/www.cidademarketing.com.br\/marketing\/2020\/08\/11\/sesc-ouro-preto-e-sesc-pocos-de-caldas-recebem-o-premio-travellers-choice\/#primaryimage"},"image":{"@id":"https:\/\/www.cidademarketing.com.br\/marketing\/2020\/08\/11\/sesc-ouro-preto-e-sesc-pocos-de-caldas-recebem-o-premio-travellers-choice\/#primaryimage"},"thumbnailUrl":"https:\/\/www.cidademarketing.com.br\/marketing\/wp-content\/uploads\/2020\/08\/18_12-Pousada-Ouro-Preto-Foto-Washington-Alves-2081-1-scaled.jpg","datePublished":"2020-08-11T16:05:09+00:00","dateModified":"2020-08-11T16:05:12+00:00","breadcrumb":{"@id":"https:\/\/www.cidademarketing.com.br\/marketing\/2020\/08\/11\/sesc-ouro-preto-e-sesc-pocos-de-caldas-recebem-o-premio-travellers-choice\/#breadcrumb"},"inLanguage":"pt-BR","potentialAction":[{"@type":"ReadAction","target":["https:\/\/www.cidademarketing.com.br\/marketing\/2020\/08\/11\/sesc-ouro-preto-e-sesc-pocos-de-caldas-recebem-o-premio-travellers-choice\/"]}]},{"@type":"ImageObject","inLanguage":"pt-BR","@id":"https:\/\/www.cidademarketing.com.br\/marketing\/2020\/08\/11\/sesc-ouro-preto-e-sesc-pocos-de-caldas-recebem-o-premio-travellers-choice\/#primaryimage","url":"https:\/\/www.cidademarketing.com.br\/marketing\/wp-content\/uploads\/2020\/08\/18_12-Pousada-Ouro-Preto-Foto-Washington-Alves-2081-1-scaled.jpg","contentUrl":"https:\/\/www.cidademarketing.com.br\/marketing\/wp-content\/uploads\/2020\/08\/18_12-Pousada-Ouro-Preto-Foto-Washington-Alves-2081-1-scaled.jpg","width":2560,"height":1707,"caption":"OURO PRETO \/ MINAS GERAIS \/ BRASIL - 18.12.2014 - Sesc unidade de Ouro Preto em MG. Pousada da Estalagem. \u00a9 Washington Alves \/ Light Press"},{"@type":"BreadcrumbList","@id":"https:\/\/www.cidademarketing.com.br\/marketing\/2020\/08\/11\/sesc-ouro-preto-e-sesc-pocos-de-caldas-recebem-o-premio-travellers-choice\/#breadcrumb","itemListElement":[{"@type":"ListItem","position":1,"name":"In\u00edcio","item":"https:\/\/www.cidademarketing.com.br\/marketing\/"},{"@type":"ListItem","position":2,"name":"Sesc Ouro Preto e Sesc Po\u00e7os de Caldas recebem o pr\u00eamio Travellers Choice"}]},{"@type":"WebSite","@id":"https:\/\/www.cidademarketing.com.br\/marketing\/#website","url":"https:\/\/www.cidademarketing.com.br\/marketing\/","name":"CidadeMarketing","description":"Somos um ve\u00edculo de comunica\u00e7\u00e3o de destaque no Brasil, reconhecido por conte\u00fados nos segmentos de marketing, empreendedorismo e inova\u00e7\u00e3o.","publisher":{"@id":"https:\/\/www.cidademarketing.com.br\/marketing\/#organization"},"alternateName":"CidadeMarketing","potentialAction":[{"@type":"SearchAction","target":{"@type":"EntryPoint","urlTemplate":"https:\/\/www.cidademarketing.com.br\/marketing\/?s={search_term_string}"},"query-input":{"@type":"PropertyValueSpecification","valueRequired":true,"valueName":"search_term_string"}}],"inLanguage":"pt-BR"},{"@type":"Organization","@id":"https:\/\/www.cidademarketing.com.br\/marketing\/#organization","name":"CidadeMarketing","alternateName":"CidadeMarketing","url":"https:\/\/www.cidademarketing.com.br\/marketing\/","logo":{"@type":"ImageObject","inLanguage":"pt-BR","@id":"https:\/\/www.cidademarketing.com.br\/marketing\/#\/schema\/logo\/image\/","url":"https:\/\/www.cidademarketing.com.br\/marketing\/wp-content\/uploads\/2020\/01\/cidademarketing_marca_mobile.png","contentUrl":"https:\/\/www.cidademarketing.com.br\/marketing\/wp-content\/uploads\/2020\/01\/cidademarketing_marca_mobile.png","width":230,"height":92,"caption":"CidadeMarketing"},"image":{"@id":"https:\/\/www.cidademarketing.com.br\/marketing\/#\/schema\/logo\/image\/"},"sameAs":["https:\/\/www.facebook.com\/portalcidademarketing","https:\/\/x.com\/CidadeMarketing","https:\/\/www.instagram.com\/cidademarketing\/"]},{"@type":"Person","@id":"https:\/\/www.cidademarketing.com.br\/marketing\/#\/schema\/person\/02daff9f18bd9378c9e01eb6b2db155f","name":"Thales Brand\u00e3o","image":{"@type":"ImageObject","inLanguage":"pt-BR","@id":"https:\/\/secure.gravatar.com\/avatar\/7ca3206950207cc3cb48feec56a8a7898741ab725c368d99d5d7a5a50aab80c6?s=96&d=mm&r=g","url":"https:\/\/secure.gravatar.com\/avatar\/7ca3206950207cc3cb48feec56a8a7898741ab725c368d99d5d7a5a50aab80c6?s=96&d=mm&r=g","contentUrl":"https:\/\/secure.gravatar.com\/avatar\/7ca3206950207cc3cb48feec56a8a7898741ab725c368d99d5d7a5a50aab80c6?s=96&d=mm&r=g","caption":"Thales Brand\u00e3o"},"description":"Editor Executivo do Portal CidadeMarketing.com.br &gt; Mestre em Comunica\u00e7\u00e3o e Sociedade pela Universidade Federal de Sergipe. Possui MBA Executivo em Administra\u00e7\u00e3o com \u00eanfase em Marketing pela Funda\u00e7\u00e3o Get\u00falio Vargas - Rio de Janeiro. Consultor, Palestrante e Pesquisador sobre Empreendedorismo, Marketing, Redes Sociais e Neg\u00f3cios Digitais. Professor, Palestrante TedxTalks e Campus Party. Twitter: @ThalesBrandao","sameAs":["http:\/\/www.mandacaru.com.br","https:\/\/www.facebook.com\/thalesbrandao","http:\/\/www.instagram.com.br\/thalesbrandaoferreira","https:\/\/www.linkedin.com\/in\/thales-brand\u00e3o-3948609\/","https:\/\/x.com\/http:\/\/www.twitter.com\/thalesbrandao"],"url":"https:\/\/www.cidademarketing.com.br\/marketing\/author\/thalesbrandao\/"}]}},"amp_enabled":true,"_links":{"self":[{"href":"https:\/\/www.cidademarketing.com.br\/marketing\/wp-json\/wp\/v2\/posts\/17748","targetHints":{"allow":["GET"]}}],"collection":[{"href":"https:\/\/www.cidademarketing.com.br\/marketing\/wp-json\/wp\/v2\/posts"}],"about":[{"href":"https:\/\/www.cidademarketing.com.br\/marketing\/wp-json\/wp\/v2\/types\/post"}],"author":[{"embeddable":true,"href":"https:\/\/www.cidademarketing.com.br\/marketing\/wp-json\/wp\/v2\/users\/1"}],"replies":[{"embeddable":true,"href":"https:\/\/www.cidademarketing.com.br\/marketing\/wp-json\/wp\/v2\/comments?post=17748"}],"version-history":[{"count":1,"href":"https:\/\/www.cidademarketing.com.br\/marketing\/wp-json\/wp\/v2\/posts\/17748\/revisions"}],"predecessor-version":[{"id":17750,"href":"https:\/\/www.cidademarketing.com.br\/marketing\/wp-json\/wp\/v2\/posts\/17748\/revisions\/17750"}],"wp:featuredmedia":[{"embeddable":true,"href":"https:\/\/www.cidademarketing.com.br\/marketing\/wp-json\/wp\/v2\/media\/17749"}],"wp:attachment":[{"href":"https:\/\/www.cidademarketing.com.br\/marketing\/wp-json\/wp\/v2\/media?parent=17748"}],"wp:term":[{"taxonomy":"category","embeddable":true,"href":"https:\/\/www.cidademarketing.com.br\/marketing\/wp-json\/wp\/v2\/categories?post=17748"},{"taxonomy":"post_tag","embeddable":true,"href":"https:\/\/www.cidademarketing.com.br\/marketing\/wp-json\/wp\/v2\/tags?post=17748"}],"curies":[{"name":"wp","href":"https:\/\/api.w.org\/{rel}","templated":true}]}}