{"id":17695,"date":"2020-08-10T14:32:41","date_gmt":"2020-08-10T17:32:41","guid":{"rendered":"https:\/\/www.cidademarketing.com.br\/marketing\/?p=17695"},"modified":"2020-08-10T14:32:44","modified_gmt":"2020-08-10T17:32:44","slug":"looke-apresenta-mostra-cinema-e-reflexao-com-filmes-gratuitos-aclamados-pela-critica","status":"publish","type":"post","link":"https:\/\/www.cidademarketing.com.br\/marketing\/2020\/08\/10\/looke-apresenta-mostra-cinema-e-reflexao-com-filmes-gratuitos-aclamados-pela-critica\/","title":{"rendered":"Looke apresenta mostra &#8220;Cinema e Reflex\u00e3o&#8221; com filmes gratuitos aclamados pela cr\u00edtica"},"content":{"rendered":"\n<p>O\u00a0<strong>Looke<\/strong>, servi\u00e7o brasileiro de streaming, passa a hospedar em sua plataforma a mostra\u00a0<strong>Cinema e Reflex\u00e3o<\/strong>, projeto do Cine CPFL, que est\u00e1 paralisado desde mar\u00e7o em raz\u00e3o da pandemia de coronav\u00edrus.\u00a0A programa\u00e7\u00e3o, dispon\u00edvel entre os dias\u00a0<strong>4 e 31 de agosto<\/strong>, re\u00fane filmes aclamados pela cr\u00edtica, al\u00e9m de dois debates com cineastas de longas apresentados na mostra. Os filmes est\u00e3o com acesso ser\u00e1 gratuito pelo link:\u00a0<a rel=\"noreferrer noopener\" href=\"https:\/\/mostracinemaereflexao.com.br\/\" target=\"_blank\"><strong>https:\/\/mostracinemaereflexao.com.br\/<\/strong><\/a><\/p>\n\n\n\n<p>Com o tema \u201cRela\u00e7\u00f5es Pessoais no S\u00e9culo 21\u201d, a sele\u00e7\u00e3o de agosto traz cinco longas-metragens recentes que colheram premia\u00e7\u00f5es e elogios da cr\u00edtica especializada. \u201cAs discuss\u00f5es sobre rela\u00e7\u00f5es pessoais s\u00e3o quest\u00f5es presentes na cinematografia internacional contempor\u00e2nea e, nas mais elogiadas produ\u00e7\u00f5es recentes, esta tem\u00e1tica se desdobra em outros subtemas, como fam\u00edlia, trabalho e sociedade\u201d, explica Francisco Cesar Filho, um dos curadores do projeto ao lado de&nbsp;Lucas Reitano.&nbsp;Para os debates, os cineastas Marcelo Gomes e Beatriz Seigner participam de lives sobre seus filmes nos dias 21 e 28 de agosto, respectivamente, \u00e0s 16 horas. A transmiss\u00e3o ao vivo ocorrer\u00e1 pelo perfil&nbsp;<a href=\"https:\/\/www.facebook.com\/cinemaereflexaocpfl\" target=\"_blank\" rel=\"noreferrer noopener\">Mostra Cinema e Reflex\u00e3o<\/a>&nbsp;no Facebook.<\/p>\n\n\n\n<p>Confira os cinco filmes que participam da mostra:<\/p>\n\n\n\n<ul class=\"wp-block-list\"><li>Selecionado para o Festival de Cannes,\u00a0<strong>\u201cA Nossa Espera\u201d<\/strong>\u00a0(\u201cNos Bataille\u201d, B\u00e9lgica\/Fran\u00e7a, 2018, 99 min, 12 anos) tem como destaque a atua\u00e7\u00e3o do premiado ator franc\u00eas Romain Duris, que interpreta Olivier. O personagem faz o melhor que pode para combater as injusti\u00e7as em seu trabalho. Mas de um dia para o outro, sua esposa Laura inesperadamente abandona a fam\u00edlia, e ele se v\u00ea sozinho tendo que lidar com as necessidades de seus filhos pequenos, os desafios do cotidiano e as demandas de seu trabalho. No elenco est\u00e3o ainda Laure Calamy e Laetitia Dosch. O diretor belga Guillaume Senez assina aqui seu segundo longa-metragem que, assim como em sua estreia, \u201c9 Meses\u201d, tem como tem\u00e1tica central a paternidade. \u00a0<\/li><\/ul>\n\n\n\n<figure class=\"wp-block-embed-youtube wp-block-embed is-type-video is-provider-youtube wp-embed-aspect-16-9 wp-has-aspect-ratio\"><div class=\"wp-block-embed__wrapper\">\n<div class=\"youtube-embed\" data-video_id=\"l_3fbJqubiY\"><iframe title=\"A Nossa Espera | Trailer Oficial\" width=\"640\" height=\"360\" src=\"https:\/\/www.youtube.com\/embed\/l_3fbJqubiY?feature=oembed&#038;enablejsapi=1&#038;enablejsapi=1\" frameborder=\"0\" allow=\"accelerometer; autoplay; clipboard-write; encrypted-media; gyroscope; picture-in-picture; web-share\" referrerpolicy=\"strict-origin-when-cross-origin\" allowfullscreen><\/iframe><\/div>\n<\/div><\/figure>\n\n\n\n<ul class=\"wp-block-list\"><li>Em\u00a0<strong>\u201cEstou me Guardando para Quando o Carnaval Chegar\u201d<\/strong>\u00a0(Brasil, 2019, 86 min, 10 anos) o diretor pernambucano Marcelo Gomes volta suas c\u00e2meras para a cidade de Toritama, no interior nordestino. A localidade \u00e9 um microcosmo do capitalismo implac\u00e1vel: a cada ano, mais de 20 milh\u00f5es de jeans s\u00e3o produzidos em f\u00e1bricas de fundo de quintal.\u00a0 Os moradores trabalham sem parar, orgulhosos de serem os donos do seu pr\u00f3prio tempo. Durante o Carnaval \u2013 o \u00fanico momento de lazer do ano &#8211; eles transgridem a l\u00f3gica da acumula\u00e7\u00e3o de bens, vendem seus pertences sem arrependimentos e fogem para as praias em busca de uma felicidade ef\u00eamera. O filme foi selecionado para o Festival de Berlim, mereceu men\u00e7\u00e3o especial no Festival de Chicago e venceu o pr\u00eamio da cr\u00edtica, al\u00e9m de receber duas men\u00e7\u00f5es honrosas (do j\u00fari oficial e do Pr\u00eamio ABD), no festival \u00c9 Tudo Verdade. <\/li><\/ul>\n\n\n\n<figure class=\"wp-block-embed-youtube wp-block-embed is-type-video is-provider-youtube wp-embed-aspect-16-9 wp-has-aspect-ratio\"><div class=\"wp-block-embed__wrapper\">\n<div class=\"youtube-embed\" data-video_id=\"6HbikYNPOVA\"><iframe title=\"ESTOU ME GUARDANDO PARA QUANDO O CARNAVAL CHEGAR - FILME 2019 - TRAILER OFICIAL\" width=\"640\" height=\"360\" src=\"https:\/\/www.youtube.com\/embed\/6HbikYNPOVA?feature=oembed&#038;enablejsapi=1&#038;enablejsapi=1\" frameborder=\"0\" allow=\"accelerometer; autoplay; clipboard-write; encrypted-media; gyroscope; picture-in-picture; web-share\" referrerpolicy=\"strict-origin-when-cross-origin\" allowfullscreen><\/iframe><\/div>\n<\/div><\/figure>\n\n\n\n<ul class=\"wp-block-list\"><li>Tamb\u00e9m selecionado para o Festival de Cannes, dentro da Quinzena dos Realizadores, a coprodu\u00e7\u00e3o Brasil\/Col\u00f4mbia\/Fran\u00e7a,\u00a0<strong>\u201cLos Silencios\u201d\u00a0<\/strong>(2018, 86 min, 12 anos), focaliza tr\u00eas integrantes de uma fam\u00edlia &#8211; Nuria, F\u00e1bio e sua m\u00e3e Amparo &#8211; que chegam a uma pequena ilha no meio da Amaz\u00f4nia. Eles fugiram do conflito armado colombiano, onde o pai desapareceu. Certo dia, ele reaparece na nova casa de palafitas. A fam\u00edlia \u00e9 assombrada por esse estranho segredo e descobre que a ilha \u00e9 povoada por fantasmas. Enrique Diaz \u00e9 destaque no elenco, ao lado de Marleyda Soto e Mar\u00eda Paula Tabares Pe\u00f1a. Com este seu segundo longa-metragem, a cineasta brasileira Beatriz Seigner (de \u201cBollywood Dream &#8211; O Sonho Bollywoodiano\u201d) conquistou o pr\u00eamio de melhor dire\u00e7\u00e3o e o pr\u00eamio da cr\u00edtica no Festival de Bras\u00edlia do Cinema Brasileiro, o pr\u00eamio especial do j\u00fari nos festivais de Lima, Kerala (\u00cdndia) e de Natal, melhor filme de estreia no Festival de Havana e o Pr\u00eamio ICFT Unesco &#8211; Ghandi no Festival Internacional da \u00cdndia. J\u00e1 no Festival de Estocolmo, venceu o Pr\u00eamio Impacto por apresentar, segundo os jurados do evento, &#8220;personagens fortes e a maneira como lida com grandes problemas em um pa\u00eds em mudan\u00e7a, com uma abordagem \u00edntima&#8221;. <\/li><\/ul>\n\n\n\n<figure class=\"wp-block-embed-youtube wp-block-embed is-type-video is-provider-youtube wp-embed-aspect-16-9 wp-has-aspect-ratio\"><div class=\"wp-block-embed__wrapper\">\n<div class=\"youtube-embed\" data-video_id=\"DUIhz4pd-H0\"><iframe title=\"Los Silencios | Trailer (Legendado)\" width=\"640\" height=\"360\" src=\"https:\/\/www.youtube.com\/embed\/DUIhz4pd-H0?feature=oembed&#038;enablejsapi=1&#038;enablejsapi=1\" frameborder=\"0\" allow=\"accelerometer; autoplay; clipboard-write; encrypted-media; gyroscope; picture-in-picture; web-share\" referrerpolicy=\"strict-origin-when-cross-origin\" allowfullscreen><\/iframe><\/div>\n<\/div><\/figure>\n\n\n\n<ul class=\"wp-block-list\"><li><strong>\u201cElegia de Um Crime\u201d<\/strong>\u00a0(Brasil, 2018, 92 min, 14 anos), do diretor Cristiano Burlan, revisita um fato ocorrido na cidade de Uberl\u00e2ndia, Minas Gerais, em 24 de fevereiro de 2011. Foi quando Isabel Burlan da Silva, m\u00e3e do realizador, foi assassinada pelo parceiro. Diante da impunidade do crime, o filme mergulha numa viagem vertiginosa para reconstruir a imagem e a vida de Isabel. A obra encerra a \u201cTrilogia do Luto\u201d, com filmes que abordam a tr\u00e1gica hist\u00f3ria da fam\u00edlia do cineasta, incluindo as mortes do pai e de um irm\u00e3o. No festival \u00c9 Tudo Verdade, foi o vencedor dos pr\u00eamios ABC-SP e EDT de document\u00e1rio. No mesmo evento, em 2013, \u201cMataram Meu Irm\u00e3o\u201d, parte da trilogia, foi o grande vencedor da competi\u00e7\u00e3o brasileira, tendo recebido o Pr\u00eamio CPFL Energia\/\u00c9 Tudo Verdade \u201cJanelas para\u00a0o Contempor\u00e2neo\u201d.<\/li><\/ul>\n\n\n\n<figure class=\"wp-block-embed-youtube wp-block-embed is-type-video is-provider-youtube wp-embed-aspect-16-9 wp-has-aspect-ratio\"><div class=\"wp-block-embed__wrapper\">\n<div class=\"youtube-embed\" data-video_id=\"m_96nJHz6Js\"><iframe title=\"Elegia de Um Crime | Trailer Oficial\" width=\"640\" height=\"360\" src=\"https:\/\/www.youtube.com\/embed\/m_96nJHz6Js?start=8&#038;feature=oembed&#038;enablejsapi=1\" frameborder=\"0\" allow=\"accelerometer; autoplay; clipboard-write; encrypted-media; gyroscope; picture-in-picture; web-share\" referrerpolicy=\"strict-origin-when-cross-origin\" allowfullscreen><\/iframe><\/div>\n<\/div><\/figure>\n\n\n\n<ul class=\"wp-block-list\"><li>J\u00e1\u00a0<strong>\u201cTemporada\u201d<\/strong>\u00a0(Brasil, 2018, 113 min, 14 anos), do diretor mineiro Andr\u00e9 Novais Oliveira, foi selecionado para o prestigioso Festival de Locarno, na Su\u00ed\u00e7a, e no Festival de Bras\u00edlia do Cinema Brasileiro, venceu os pr\u00eamios de melhor filme, atriz, ator coadjuvante, fotografia e dire\u00e7\u00e3o de arte. No enredo, a personagem Juliana est\u00e1 se mudando de Ita\u00fana, no interior de Minas Gerais, para a periferia industrial de Contagem, na regi\u00e3o metropolitana de Belo Horizonte. L\u00e1, vai trabalhar no combate \u00e0s endemias e neste seu novo trabalho conhece pessoas e vive situa\u00e7\u00f5es pouco usuais que come\u00e7am a mudar sua vida. Ao mesmo tempo, ela enfrenta as dificuldades no relacionamento com seu marido, que tamb\u00e9m est\u00e1 prestes a se mudar para a cidade grande. Interpretando a protagonista est\u00e1 a atriz, diretora, curadora e dramaturga mineira Grace Pass\u00f4. Completam o elenco: Russo Apr, Rejane Faria, H\u00e9lio Ricardo e Ju Abreu. <\/li><\/ul>\n\n\n\n<figure class=\"wp-block-embed-youtube wp-block-embed is-type-video is-provider-youtube wp-embed-aspect-16-9 wp-has-aspect-ratio\"><div class=\"wp-block-embed__wrapper\">\n<div class=\"youtube-embed\" data-video_id=\"EHgyYdvX-2Q\"><iframe title=\"Temporada ( Andr\u00e9 Novais Oliveira) - Trailer\" width=\"640\" height=\"360\" src=\"https:\/\/www.youtube.com\/embed\/EHgyYdvX-2Q?feature=oembed&#038;enablejsapi=1&#038;enablejsapi=1\" frameborder=\"0\" allow=\"accelerometer; autoplay; clipboard-write; encrypted-media; gyroscope; picture-in-picture; web-share\" referrerpolicy=\"strict-origin-when-cross-origin\" allowfullscreen><\/iframe><\/div>\n<\/div><\/figure>\n\n\n\n<p>&#8212;<\/p>\n\n\n\n<p><strong>Servi\u00e7o<\/strong>&nbsp;<\/p>\n\n\n\n<p>\u201cCine CPFL \u2013MostraCinema e Reflex\u00e3o Online\u201d<\/p>\n\n\n\n<p><strong>Quando:&nbsp;<\/strong>programa\u00e7\u00e3o dispon\u00edvel entre4 a 31 de agosto de 2020.<\/p>\n\n\n\n<p><strong>Onde:&nbsp;<\/strong><a href=\"http:\/\/www.mostracinemaereflexao.com.br\/\" target=\"_blank\" rel=\"noreferrer noopener\">www.mostracinemaereflexao.com.br<\/a><\/p>\n\n\n\n<p><strong>Participa\u00e7\u00e3o:&nbsp;<\/strong>gratuita, com acesso por plataforma digital<\/p>\n\n\n\n<p><strong>Debates<\/strong>: 21 e 28 de agosto, 16h &#8211;&nbsp;<a href=\"https:\/\/www.facebook.com\/cinemaereflexaocpfl\" target=\"_blank\" rel=\"noreferrer noopener\">www.facebook.com\/cinemaereflexaocpfl<\/a><\/p>\n","protected":false},"excerpt":{"rendered":"<p>O\u00a0Looke, servi\u00e7o brasileiro de streaming, passa a hospedar em sua plataforma a mostra\u00a0Cinema e Reflex\u00e3o, projeto do Cine CPFL, que est\u00e1 paralisado desde mar\u00e7o em raz\u00e3o da pandemia de coronav\u00edrus.\u00a0A programa\u00e7\u00e3o, dispon\u00edvel entre os dias\u00a04 e 31 de agosto, re\u00fane filmes aclamados pela cr\u00edtica, al\u00e9m de dois debates com cineastas de longas apresentados na mostra. [&hellip;]<\/p>\n","protected":false},"author":1,"featured_media":17696,"comment_status":"open","ping_status":"open","sticky":false,"template":"","format":"standard","meta":{"tdm_status":"","tdm_grid_status":"","footnotes":""},"categories":[6],"tags":[3248,33,2526,28,2935],"class_list":["post-17695","post","type-post","status-publish","format-standard","has-post-thumbnail","hentry","category-noticias","tag-cpfl","tag-estrategia","tag-looke","tag-marketing","tag-pandemia"],"yoast_head":"<!-- This site is optimized with the Yoast SEO plugin v27.5 - https:\/\/yoast.com\/product\/yoast-seo-wordpress\/ -->\n<title>Looke apresenta mostra &quot;Cinema e Reflex\u00e3o&quot; com filmes gratuitos aclamados pela cr\u00edtica - CidadeMarketing<\/title>\n<meta name=\"robots\" content=\"index, follow, max-snippet:-1, max-image-preview:large, max-video-preview:-1\" \/>\n<link rel=\"canonical\" href=\"https:\/\/www.cidademarketing.com.br\/marketing\/2020\/08\/10\/looke-apresenta-mostra-cinema-e-reflexao-com-filmes-gratuitos-aclamados-pela-critica\/\" \/>\n<meta property=\"og:locale\" content=\"pt_BR\" \/>\n<meta property=\"og:type\" content=\"article\" \/>\n<meta property=\"og:title\" content=\"Looke apresenta mostra &quot;Cinema e Reflex\u00e3o&quot; com filmes gratuitos aclamados pela cr\u00edtica - CidadeMarketing\" \/>\n<meta property=\"og:description\" content=\"O\u00a0Looke, servi\u00e7o brasileiro de streaming, passa a hospedar em sua plataforma a mostra\u00a0Cinema e Reflex\u00e3o, projeto do Cine CPFL, que est\u00e1 paralisado desde mar\u00e7o em raz\u00e3o da pandemia de coronav\u00edrus.\u00a0A programa\u00e7\u00e3o, dispon\u00edvel entre os dias\u00a04 e 31 de agosto, re\u00fane filmes aclamados pela cr\u00edtica, al\u00e9m de dois debates com cineastas de longas apresentados na mostra. [&hellip;]\" \/>\n<meta property=\"og:url\" content=\"https:\/\/www.cidademarketing.com.br\/marketing\/2020\/08\/10\/looke-apresenta-mostra-cinema-e-reflexao-com-filmes-gratuitos-aclamados-pela-critica\/\" \/>\n<meta property=\"og:site_name\" content=\"CidadeMarketing\" \/>\n<meta property=\"article:publisher\" content=\"https:\/\/www.facebook.com\/portalcidademarketing\" \/>\n<meta property=\"article:author\" content=\"https:\/\/www.facebook.com\/thalesbrandao\" \/>\n<meta property=\"article:published_time\" content=\"2020-08-10T17:32:41+00:00\" \/>\n<meta property=\"article:modified_time\" content=\"2020-08-10T17:32:44+00:00\" \/>\n<meta property=\"og:image\" content=\"https:\/\/www.cidademarketing.com.br\/marketing\/wp-content\/uploads\/2020\/08\/looke_filmesgratuitos-scaled.jpg\" \/>\n\t<meta property=\"og:image:width\" content=\"2560\" \/>\n\t<meta property=\"og:image:height\" content=\"1108\" \/>\n\t<meta property=\"og:image:type\" content=\"image\/jpeg\" \/>\n<meta name=\"author\" content=\"Thales Brand\u00e3o\" \/>\n<meta name=\"twitter:card\" content=\"summary_large_image\" \/>\n<meta name=\"twitter:creator\" content=\"@http:\/\/www.twitter.com\/thalesbrandao\" \/>\n<meta name=\"twitter:site\" content=\"@CidadeMarketing\" \/>\n<meta name=\"twitter:label1\" content=\"Escrito por\" \/>\n\t<meta name=\"twitter:data1\" content=\"Thales Brand\u00e3o\" \/>\n\t<meta name=\"twitter:label2\" content=\"Est. tempo de leitura\" \/>\n\t<meta name=\"twitter:data2\" content=\"5 minutos\" \/>\n<script type=\"application\/ld+json\" class=\"yoast-schema-graph\">{\"@context\":\"https:\\\/\\\/schema.org\",\"@graph\":[{\"@type\":\"Article\",\"@id\":\"https:\\\/\\\/www.cidademarketing.com.br\\\/marketing\\\/2020\\\/08\\\/10\\\/looke-apresenta-mostra-cinema-e-reflexao-com-filmes-gratuitos-aclamados-pela-critica\\\/#article\",\"isPartOf\":{\"@id\":\"https:\\\/\\\/www.cidademarketing.com.br\\\/marketing\\\/2020\\\/08\\\/10\\\/looke-apresenta-mostra-cinema-e-reflexao-com-filmes-gratuitos-aclamados-pela-critica\\\/\"},\"author\":{\"name\":\"Thales Brand\u00e3o\",\"@id\":\"https:\\\/\\\/www.cidademarketing.com.br\\\/marketing\\\/#\\\/schema\\\/person\\\/02daff9f18bd9378c9e01eb6b2db155f\"},\"headline\":\"Looke apresenta mostra &#8220;Cinema e Reflex\u00e3o&#8221; com filmes gratuitos aclamados pela cr\u00edtica\",\"datePublished\":\"2020-08-10T17:32:41+00:00\",\"dateModified\":\"2020-08-10T17:32:44+00:00\",\"mainEntityOfPage\":{\"@id\":\"https:\\\/\\\/www.cidademarketing.com.br\\\/marketing\\\/2020\\\/08\\\/10\\\/looke-apresenta-mostra-cinema-e-reflexao-com-filmes-gratuitos-aclamados-pela-critica\\\/\"},\"wordCount\":1112,\"commentCount\":0,\"publisher\":{\"@id\":\"https:\\\/\\\/www.cidademarketing.com.br\\\/marketing\\\/#organization\"},\"image\":{\"@id\":\"https:\\\/\\\/www.cidademarketing.com.br\\\/marketing\\\/2020\\\/08\\\/10\\\/looke-apresenta-mostra-cinema-e-reflexao-com-filmes-gratuitos-aclamados-pela-critica\\\/#primaryimage\"},\"thumbnailUrl\":\"https:\\\/\\\/www.cidademarketing.com.br\\\/marketing\\\/wp-content\\\/uploads\\\/2020\\\/08\\\/looke_filmesgratuitos-scaled.jpg\",\"keywords\":[\"CPFL\",\"estrat\u00e9gia\",\"Looke\",\"marketing\",\"pandemia\"],\"articleSection\":[\"Not\u00edcias\"],\"inLanguage\":\"pt-BR\",\"potentialAction\":[{\"@type\":\"CommentAction\",\"name\":\"Comment\",\"target\":[\"https:\\\/\\\/www.cidademarketing.com.br\\\/marketing\\\/2020\\\/08\\\/10\\\/looke-apresenta-mostra-cinema-e-reflexao-com-filmes-gratuitos-aclamados-pela-critica\\\/#respond\"]}]},{\"@type\":\"WebPage\",\"@id\":\"https:\\\/\\\/www.cidademarketing.com.br\\\/marketing\\\/2020\\\/08\\\/10\\\/looke-apresenta-mostra-cinema-e-reflexao-com-filmes-gratuitos-aclamados-pela-critica\\\/\",\"url\":\"https:\\\/\\\/www.cidademarketing.com.br\\\/marketing\\\/2020\\\/08\\\/10\\\/looke-apresenta-mostra-cinema-e-reflexao-com-filmes-gratuitos-aclamados-pela-critica\\\/\",\"name\":\"Looke apresenta mostra \\\"Cinema e Reflex\u00e3o\\\" com filmes gratuitos aclamados pela cr\u00edtica - CidadeMarketing\",\"isPartOf\":{\"@id\":\"https:\\\/\\\/www.cidademarketing.com.br\\\/marketing\\\/#website\"},\"primaryImageOfPage\":{\"@id\":\"https:\\\/\\\/www.cidademarketing.com.br\\\/marketing\\\/2020\\\/08\\\/10\\\/looke-apresenta-mostra-cinema-e-reflexao-com-filmes-gratuitos-aclamados-pela-critica\\\/#primaryimage\"},\"image\":{\"@id\":\"https:\\\/\\\/www.cidademarketing.com.br\\\/marketing\\\/2020\\\/08\\\/10\\\/looke-apresenta-mostra-cinema-e-reflexao-com-filmes-gratuitos-aclamados-pela-critica\\\/#primaryimage\"},\"thumbnailUrl\":\"https:\\\/\\\/www.cidademarketing.com.br\\\/marketing\\\/wp-content\\\/uploads\\\/2020\\\/08\\\/looke_filmesgratuitos-scaled.jpg\",\"datePublished\":\"2020-08-10T17:32:41+00:00\",\"dateModified\":\"2020-08-10T17:32:44+00:00\",\"breadcrumb\":{\"@id\":\"https:\\\/\\\/www.cidademarketing.com.br\\\/marketing\\\/2020\\\/08\\\/10\\\/looke-apresenta-mostra-cinema-e-reflexao-com-filmes-gratuitos-aclamados-pela-critica\\\/#breadcrumb\"},\"inLanguage\":\"pt-BR\",\"potentialAction\":[{\"@type\":\"ReadAction\",\"target\":[\"https:\\\/\\\/www.cidademarketing.com.br\\\/marketing\\\/2020\\\/08\\\/10\\\/looke-apresenta-mostra-cinema-e-reflexao-com-filmes-gratuitos-aclamados-pela-critica\\\/\"]}]},{\"@type\":\"ImageObject\",\"inLanguage\":\"pt-BR\",\"@id\":\"https:\\\/\\\/www.cidademarketing.com.br\\\/marketing\\\/2020\\\/08\\\/10\\\/looke-apresenta-mostra-cinema-e-reflexao-com-filmes-gratuitos-aclamados-pela-critica\\\/#primaryimage\",\"url\":\"https:\\\/\\\/www.cidademarketing.com.br\\\/marketing\\\/wp-content\\\/uploads\\\/2020\\\/08\\\/looke_filmesgratuitos-scaled.jpg\",\"contentUrl\":\"https:\\\/\\\/www.cidademarketing.com.br\\\/marketing\\\/wp-content\\\/uploads\\\/2020\\\/08\\\/looke_filmesgratuitos-scaled.jpg\",\"width\":2560,\"height\":1108,\"caption\":\"os Silencios, de Beatriz Seigner\\\/Divulga\u00e7\u00e3o\"},{\"@type\":\"BreadcrumbList\",\"@id\":\"https:\\\/\\\/www.cidademarketing.com.br\\\/marketing\\\/2020\\\/08\\\/10\\\/looke-apresenta-mostra-cinema-e-reflexao-com-filmes-gratuitos-aclamados-pela-critica\\\/#breadcrumb\",\"itemListElement\":[{\"@type\":\"ListItem\",\"position\":1,\"name\":\"In\u00edcio\",\"item\":\"https:\\\/\\\/www.cidademarketing.com.br\\\/marketing\\\/\"},{\"@type\":\"ListItem\",\"position\":2,\"name\":\"Looke apresenta mostra &#8220;Cinema e Reflex\u00e3o&#8221; com filmes gratuitos aclamados pela cr\u00edtica\"}]},{\"@type\":\"WebSite\",\"@id\":\"https:\\\/\\\/www.cidademarketing.com.br\\\/marketing\\\/#website\",\"url\":\"https:\\\/\\\/www.cidademarketing.com.br\\\/marketing\\\/\",\"name\":\"CidadeMarketing\",\"description\":\"Somos um ve\u00edculo de comunica\u00e7\u00e3o de destaque no Brasil, reconhecido por conte\u00fados nos segmentos de marketing, empreendedorismo e inova\u00e7\u00e3o.\",\"publisher\":{\"@id\":\"https:\\\/\\\/www.cidademarketing.com.br\\\/marketing\\\/#organization\"},\"alternateName\":\"CidadeMarketing\",\"potentialAction\":[{\"@type\":\"SearchAction\",\"target\":{\"@type\":\"EntryPoint\",\"urlTemplate\":\"https:\\\/\\\/www.cidademarketing.com.br\\\/marketing\\\/?s={search_term_string}\"},\"query-input\":{\"@type\":\"PropertyValueSpecification\",\"valueRequired\":true,\"valueName\":\"search_term_string\"}}],\"inLanguage\":\"pt-BR\"},{\"@type\":\"Organization\",\"@id\":\"https:\\\/\\\/www.cidademarketing.com.br\\\/marketing\\\/#organization\",\"name\":\"CidadeMarketing\",\"alternateName\":\"CidadeMarketing\",\"url\":\"https:\\\/\\\/www.cidademarketing.com.br\\\/marketing\\\/\",\"logo\":{\"@type\":\"ImageObject\",\"inLanguage\":\"pt-BR\",\"@id\":\"https:\\\/\\\/www.cidademarketing.com.br\\\/marketing\\\/#\\\/schema\\\/logo\\\/image\\\/\",\"url\":\"https:\\\/\\\/www.cidademarketing.com.br\\\/marketing\\\/wp-content\\\/uploads\\\/2020\\\/01\\\/cidademarketing_marca_mobile.png\",\"contentUrl\":\"https:\\\/\\\/www.cidademarketing.com.br\\\/marketing\\\/wp-content\\\/uploads\\\/2020\\\/01\\\/cidademarketing_marca_mobile.png\",\"width\":230,\"height\":92,\"caption\":\"CidadeMarketing\"},\"image\":{\"@id\":\"https:\\\/\\\/www.cidademarketing.com.br\\\/marketing\\\/#\\\/schema\\\/logo\\\/image\\\/\"},\"sameAs\":[\"https:\\\/\\\/www.facebook.com\\\/portalcidademarketing\",\"https:\\\/\\\/x.com\\\/CidadeMarketing\",\"https:\\\/\\\/www.instagram.com\\\/cidademarketing\\\/\"]},{\"@type\":\"Person\",\"@id\":\"https:\\\/\\\/www.cidademarketing.com.br\\\/marketing\\\/#\\\/schema\\\/person\\\/02daff9f18bd9378c9e01eb6b2db155f\",\"name\":\"Thales Brand\u00e3o\",\"image\":{\"@type\":\"ImageObject\",\"inLanguage\":\"pt-BR\",\"@id\":\"https:\\\/\\\/secure.gravatar.com\\\/avatar\\\/7ca3206950207cc3cb48feec56a8a7898741ab725c368d99d5d7a5a50aab80c6?s=96&d=mm&r=g\",\"url\":\"https:\\\/\\\/secure.gravatar.com\\\/avatar\\\/7ca3206950207cc3cb48feec56a8a7898741ab725c368d99d5d7a5a50aab80c6?s=96&d=mm&r=g\",\"contentUrl\":\"https:\\\/\\\/secure.gravatar.com\\\/avatar\\\/7ca3206950207cc3cb48feec56a8a7898741ab725c368d99d5d7a5a50aab80c6?s=96&d=mm&r=g\",\"caption\":\"Thales Brand\u00e3o\"},\"description\":\"Editor Executivo do Portal CidadeMarketing.com.br &gt; Mestre em Comunica\u00e7\u00e3o e Sociedade pela Universidade Federal de Sergipe. Possui MBA Executivo em Administra\u00e7\u00e3o com \u00eanfase em Marketing pela Funda\u00e7\u00e3o Get\u00falio Vargas - Rio de Janeiro. Consultor, Palestrante e Pesquisador sobre Empreendedorismo, Marketing, Redes Sociais e Neg\u00f3cios Digitais. Professor, Palestrante TedxTalks e Campus Party. Twitter: @ThalesBrandao\",\"sameAs\":[\"http:\\\/\\\/www.mandacaru.com.br\",\"https:\\\/\\\/www.facebook.com\\\/thalesbrandao\",\"http:\\\/\\\/www.instagram.com.br\\\/thalesbrandaoferreira\",\"https:\\\/\\\/www.linkedin.com\\\/in\\\/thales-brand\u00e3o-3948609\\\/\",\"https:\\\/\\\/x.com\\\/http:\\\/\\\/www.twitter.com\\\/thalesbrandao\"],\"url\":\"https:\\\/\\\/www.cidademarketing.com.br\\\/marketing\\\/author\\\/thalesbrandao\\\/\"}]}<\/script>\n<!-- \/ Yoast SEO plugin. -->","yoast_head_json":{"title":"Looke apresenta mostra \"Cinema e Reflex\u00e3o\" com filmes gratuitos aclamados pela cr\u00edtica - CidadeMarketing","robots":{"index":"index","follow":"follow","max-snippet":"max-snippet:-1","max-image-preview":"max-image-preview:large","max-video-preview":"max-video-preview:-1"},"canonical":"https:\/\/www.cidademarketing.com.br\/marketing\/2020\/08\/10\/looke-apresenta-mostra-cinema-e-reflexao-com-filmes-gratuitos-aclamados-pela-critica\/","og_locale":"pt_BR","og_type":"article","og_title":"Looke apresenta mostra \"Cinema e Reflex\u00e3o\" com filmes gratuitos aclamados pela cr\u00edtica - CidadeMarketing","og_description":"O\u00a0Looke, servi\u00e7o brasileiro de streaming, passa a hospedar em sua plataforma a mostra\u00a0Cinema e Reflex\u00e3o, projeto do Cine CPFL, que est\u00e1 paralisado desde mar\u00e7o em raz\u00e3o da pandemia de coronav\u00edrus.\u00a0A programa\u00e7\u00e3o, dispon\u00edvel entre os dias\u00a04 e 31 de agosto, re\u00fane filmes aclamados pela cr\u00edtica, al\u00e9m de dois debates com cineastas de longas apresentados na mostra. [&hellip;]","og_url":"https:\/\/www.cidademarketing.com.br\/marketing\/2020\/08\/10\/looke-apresenta-mostra-cinema-e-reflexao-com-filmes-gratuitos-aclamados-pela-critica\/","og_site_name":"CidadeMarketing","article_publisher":"https:\/\/www.facebook.com\/portalcidademarketing","article_author":"https:\/\/www.facebook.com\/thalesbrandao","article_published_time":"2020-08-10T17:32:41+00:00","article_modified_time":"2020-08-10T17:32:44+00:00","og_image":[{"width":2560,"height":1108,"url":"https:\/\/www.cidademarketing.com.br\/marketing\/wp-content\/uploads\/2020\/08\/looke_filmesgratuitos-scaled.jpg","type":"image\/jpeg"}],"author":"Thales Brand\u00e3o","twitter_card":"summary_large_image","twitter_creator":"@http:\/\/www.twitter.com\/thalesbrandao","twitter_site":"@CidadeMarketing","twitter_misc":{"Escrito por":"Thales Brand\u00e3o","Est. tempo de leitura":"5 minutos"},"schema":{"@context":"https:\/\/schema.org","@graph":[{"@type":"Article","@id":"https:\/\/www.cidademarketing.com.br\/marketing\/2020\/08\/10\/looke-apresenta-mostra-cinema-e-reflexao-com-filmes-gratuitos-aclamados-pela-critica\/#article","isPartOf":{"@id":"https:\/\/www.cidademarketing.com.br\/marketing\/2020\/08\/10\/looke-apresenta-mostra-cinema-e-reflexao-com-filmes-gratuitos-aclamados-pela-critica\/"},"author":{"name":"Thales Brand\u00e3o","@id":"https:\/\/www.cidademarketing.com.br\/marketing\/#\/schema\/person\/02daff9f18bd9378c9e01eb6b2db155f"},"headline":"Looke apresenta mostra &#8220;Cinema e Reflex\u00e3o&#8221; com filmes gratuitos aclamados pela cr\u00edtica","datePublished":"2020-08-10T17:32:41+00:00","dateModified":"2020-08-10T17:32:44+00:00","mainEntityOfPage":{"@id":"https:\/\/www.cidademarketing.com.br\/marketing\/2020\/08\/10\/looke-apresenta-mostra-cinema-e-reflexao-com-filmes-gratuitos-aclamados-pela-critica\/"},"wordCount":1112,"commentCount":0,"publisher":{"@id":"https:\/\/www.cidademarketing.com.br\/marketing\/#organization"},"image":{"@id":"https:\/\/www.cidademarketing.com.br\/marketing\/2020\/08\/10\/looke-apresenta-mostra-cinema-e-reflexao-com-filmes-gratuitos-aclamados-pela-critica\/#primaryimage"},"thumbnailUrl":"https:\/\/www.cidademarketing.com.br\/marketing\/wp-content\/uploads\/2020\/08\/looke_filmesgratuitos-scaled.jpg","keywords":["CPFL","estrat\u00e9gia","Looke","marketing","pandemia"],"articleSection":["Not\u00edcias"],"inLanguage":"pt-BR","potentialAction":[{"@type":"CommentAction","name":"Comment","target":["https:\/\/www.cidademarketing.com.br\/marketing\/2020\/08\/10\/looke-apresenta-mostra-cinema-e-reflexao-com-filmes-gratuitos-aclamados-pela-critica\/#respond"]}]},{"@type":"WebPage","@id":"https:\/\/www.cidademarketing.com.br\/marketing\/2020\/08\/10\/looke-apresenta-mostra-cinema-e-reflexao-com-filmes-gratuitos-aclamados-pela-critica\/","url":"https:\/\/www.cidademarketing.com.br\/marketing\/2020\/08\/10\/looke-apresenta-mostra-cinema-e-reflexao-com-filmes-gratuitos-aclamados-pela-critica\/","name":"Looke apresenta mostra \"Cinema e Reflex\u00e3o\" com filmes gratuitos aclamados pela cr\u00edtica - CidadeMarketing","isPartOf":{"@id":"https:\/\/www.cidademarketing.com.br\/marketing\/#website"},"primaryImageOfPage":{"@id":"https:\/\/www.cidademarketing.com.br\/marketing\/2020\/08\/10\/looke-apresenta-mostra-cinema-e-reflexao-com-filmes-gratuitos-aclamados-pela-critica\/#primaryimage"},"image":{"@id":"https:\/\/www.cidademarketing.com.br\/marketing\/2020\/08\/10\/looke-apresenta-mostra-cinema-e-reflexao-com-filmes-gratuitos-aclamados-pela-critica\/#primaryimage"},"thumbnailUrl":"https:\/\/www.cidademarketing.com.br\/marketing\/wp-content\/uploads\/2020\/08\/looke_filmesgratuitos-scaled.jpg","datePublished":"2020-08-10T17:32:41+00:00","dateModified":"2020-08-10T17:32:44+00:00","breadcrumb":{"@id":"https:\/\/www.cidademarketing.com.br\/marketing\/2020\/08\/10\/looke-apresenta-mostra-cinema-e-reflexao-com-filmes-gratuitos-aclamados-pela-critica\/#breadcrumb"},"inLanguage":"pt-BR","potentialAction":[{"@type":"ReadAction","target":["https:\/\/www.cidademarketing.com.br\/marketing\/2020\/08\/10\/looke-apresenta-mostra-cinema-e-reflexao-com-filmes-gratuitos-aclamados-pela-critica\/"]}]},{"@type":"ImageObject","inLanguage":"pt-BR","@id":"https:\/\/www.cidademarketing.com.br\/marketing\/2020\/08\/10\/looke-apresenta-mostra-cinema-e-reflexao-com-filmes-gratuitos-aclamados-pela-critica\/#primaryimage","url":"https:\/\/www.cidademarketing.com.br\/marketing\/wp-content\/uploads\/2020\/08\/looke_filmesgratuitos-scaled.jpg","contentUrl":"https:\/\/www.cidademarketing.com.br\/marketing\/wp-content\/uploads\/2020\/08\/looke_filmesgratuitos-scaled.jpg","width":2560,"height":1108,"caption":"os Silencios, de Beatriz Seigner\/Divulga\u00e7\u00e3o"},{"@type":"BreadcrumbList","@id":"https:\/\/www.cidademarketing.com.br\/marketing\/2020\/08\/10\/looke-apresenta-mostra-cinema-e-reflexao-com-filmes-gratuitos-aclamados-pela-critica\/#breadcrumb","itemListElement":[{"@type":"ListItem","position":1,"name":"In\u00edcio","item":"https:\/\/www.cidademarketing.com.br\/marketing\/"},{"@type":"ListItem","position":2,"name":"Looke apresenta mostra &#8220;Cinema e Reflex\u00e3o&#8221; com filmes gratuitos aclamados pela cr\u00edtica"}]},{"@type":"WebSite","@id":"https:\/\/www.cidademarketing.com.br\/marketing\/#website","url":"https:\/\/www.cidademarketing.com.br\/marketing\/","name":"CidadeMarketing","description":"Somos um ve\u00edculo de comunica\u00e7\u00e3o de destaque no Brasil, reconhecido por conte\u00fados nos segmentos de marketing, empreendedorismo e inova\u00e7\u00e3o.","publisher":{"@id":"https:\/\/www.cidademarketing.com.br\/marketing\/#organization"},"alternateName":"CidadeMarketing","potentialAction":[{"@type":"SearchAction","target":{"@type":"EntryPoint","urlTemplate":"https:\/\/www.cidademarketing.com.br\/marketing\/?s={search_term_string}"},"query-input":{"@type":"PropertyValueSpecification","valueRequired":true,"valueName":"search_term_string"}}],"inLanguage":"pt-BR"},{"@type":"Organization","@id":"https:\/\/www.cidademarketing.com.br\/marketing\/#organization","name":"CidadeMarketing","alternateName":"CidadeMarketing","url":"https:\/\/www.cidademarketing.com.br\/marketing\/","logo":{"@type":"ImageObject","inLanguage":"pt-BR","@id":"https:\/\/www.cidademarketing.com.br\/marketing\/#\/schema\/logo\/image\/","url":"https:\/\/www.cidademarketing.com.br\/marketing\/wp-content\/uploads\/2020\/01\/cidademarketing_marca_mobile.png","contentUrl":"https:\/\/www.cidademarketing.com.br\/marketing\/wp-content\/uploads\/2020\/01\/cidademarketing_marca_mobile.png","width":230,"height":92,"caption":"CidadeMarketing"},"image":{"@id":"https:\/\/www.cidademarketing.com.br\/marketing\/#\/schema\/logo\/image\/"},"sameAs":["https:\/\/www.facebook.com\/portalcidademarketing","https:\/\/x.com\/CidadeMarketing","https:\/\/www.instagram.com\/cidademarketing\/"]},{"@type":"Person","@id":"https:\/\/www.cidademarketing.com.br\/marketing\/#\/schema\/person\/02daff9f18bd9378c9e01eb6b2db155f","name":"Thales Brand\u00e3o","image":{"@type":"ImageObject","inLanguage":"pt-BR","@id":"https:\/\/secure.gravatar.com\/avatar\/7ca3206950207cc3cb48feec56a8a7898741ab725c368d99d5d7a5a50aab80c6?s=96&d=mm&r=g","url":"https:\/\/secure.gravatar.com\/avatar\/7ca3206950207cc3cb48feec56a8a7898741ab725c368d99d5d7a5a50aab80c6?s=96&d=mm&r=g","contentUrl":"https:\/\/secure.gravatar.com\/avatar\/7ca3206950207cc3cb48feec56a8a7898741ab725c368d99d5d7a5a50aab80c6?s=96&d=mm&r=g","caption":"Thales Brand\u00e3o"},"description":"Editor Executivo do Portal CidadeMarketing.com.br &gt; Mestre em Comunica\u00e7\u00e3o e Sociedade pela Universidade Federal de Sergipe. Possui MBA Executivo em Administra\u00e7\u00e3o com \u00eanfase em Marketing pela Funda\u00e7\u00e3o Get\u00falio Vargas - Rio de Janeiro. Consultor, Palestrante e Pesquisador sobre Empreendedorismo, Marketing, Redes Sociais e Neg\u00f3cios Digitais. Professor, Palestrante TedxTalks e Campus Party. Twitter: @ThalesBrandao","sameAs":["http:\/\/www.mandacaru.com.br","https:\/\/www.facebook.com\/thalesbrandao","http:\/\/www.instagram.com.br\/thalesbrandaoferreira","https:\/\/www.linkedin.com\/in\/thales-brand\u00e3o-3948609\/","https:\/\/x.com\/http:\/\/www.twitter.com\/thalesbrandao"],"url":"https:\/\/www.cidademarketing.com.br\/marketing\/author\/thalesbrandao\/"}]}},"amp_enabled":true,"_links":{"self":[{"href":"https:\/\/www.cidademarketing.com.br\/marketing\/wp-json\/wp\/v2\/posts\/17695","targetHints":{"allow":["GET"]}}],"collection":[{"href":"https:\/\/www.cidademarketing.com.br\/marketing\/wp-json\/wp\/v2\/posts"}],"about":[{"href":"https:\/\/www.cidademarketing.com.br\/marketing\/wp-json\/wp\/v2\/types\/post"}],"author":[{"embeddable":true,"href":"https:\/\/www.cidademarketing.com.br\/marketing\/wp-json\/wp\/v2\/users\/1"}],"replies":[{"embeddable":true,"href":"https:\/\/www.cidademarketing.com.br\/marketing\/wp-json\/wp\/v2\/comments?post=17695"}],"version-history":[{"count":1,"href":"https:\/\/www.cidademarketing.com.br\/marketing\/wp-json\/wp\/v2\/posts\/17695\/revisions"}],"predecessor-version":[{"id":17697,"href":"https:\/\/www.cidademarketing.com.br\/marketing\/wp-json\/wp\/v2\/posts\/17695\/revisions\/17697"}],"wp:featuredmedia":[{"embeddable":true,"href":"https:\/\/www.cidademarketing.com.br\/marketing\/wp-json\/wp\/v2\/media\/17696"}],"wp:attachment":[{"href":"https:\/\/www.cidademarketing.com.br\/marketing\/wp-json\/wp\/v2\/media?parent=17695"}],"wp:term":[{"taxonomy":"category","embeddable":true,"href":"https:\/\/www.cidademarketing.com.br\/marketing\/wp-json\/wp\/v2\/categories?post=17695"},{"taxonomy":"post_tag","embeddable":true,"href":"https:\/\/www.cidademarketing.com.br\/marketing\/wp-json\/wp\/v2\/tags?post=17695"}],"curies":[{"name":"wp","href":"https:\/\/api.w.org\/{rel}","templated":true}]}}