{"id":1759,"date":"2018-08-14T22:32:43","date_gmt":"2018-08-15T01:32:43","guid":{"rendered":"http:\/\/www.cidademarketing.com.br\/marketing\/?p=1759"},"modified":"2018-08-14T22:32:43","modified_gmt":"2018-08-15T01:32:43","slug":"m-dias-branco-desenvolve-farelo-de-biscoito-e-de-macarrao-para-racao-animal-a-partir-de-residuos-da-producao","status":"publish","type":"post","link":"https:\/\/www.cidademarketing.com.br\/marketing\/2018\/08\/14\/m-dias-branco-desenvolve-farelo-de-biscoito-e-de-macarrao-para-racao-animal-a-partir-de-residuos-da-producao\/","title":{"rendered":"M. Dias Branco desenvolve farelo de biscoito e de macarr\u00e3o para ra\u00e7\u00e3o animal a partir de res\u00edduos da produ\u00e7\u00e3o"},"content":{"rendered":"<p>Em 2016, surgiu na M. Dias Branco, na unidade de Jaboat\u00e3o dos Guararapes (PE), a ideia de transformar res\u00edduo de varredura das produ\u00e7\u00f5es de biscoito e macarr\u00e3o em um subproduto, o farelo, que passou a ser produzido em dezembro de 2017 e comercializado para empresas de fabrica\u00e7\u00e3o e distribui\u00e7\u00e3o de ra\u00e7\u00e3o animal a partir do primeiro semestre deste ano.<\/p>\n<p>De acordo com Daniella Pessoa, Gerente de Meio Ambiente, \u201cessa a\u00e7\u00e3o gera uma diminui\u00e7\u00e3o no impacto ambiental, com a redu\u00e7\u00e3o na gera\u00e7\u00e3o de res\u00edduos s\u00f3lidos, aumentando a sustentabilidade do processo e agregando valor comercial ao produto. Ao transformarmos res\u00edduo em farelo, tivemos um aumento de 650% no valor do produto, uma redu\u00e7\u00e3o de 15% na gera\u00e7\u00e3o de res\u00edduos s\u00f3lidos, al\u00e9m da redu\u00e7\u00e3o do volume de res\u00edduos destinados atrav\u00e9s de terceiros.\u201d<\/p>\n<p>Entre a ideia e a realiza\u00e7\u00e3o desta a\u00e7\u00e3o, voltada para a maior sustentabilidade dos processos da companhia, houve um longo percurso. Ap\u00f3s trocar experi\u00eancias com outras empresas, realizar estudo de viabilidade de projeto e consultar o Minist\u00e9rio da Agricultura, a unidade realizou an\u00e1lises do novo produto que estava sendo criado, definiu e montou o processo de fabrica\u00e7\u00e3o, os modelos das embalagens e validou os documentos necess\u00e1rios.<\/p>\n<p>Para registrar os novos produtos originados do que antes seria res\u00edduo industrial, a empresa recebeu diversas fiscaliza\u00e7\u00f5es, at\u00e9 chegar a um modelo de produto e de processo de fabrica\u00e7\u00e3o completamente aprovado para o atendimento das legisla\u00e7\u00f5es e exig\u00eancias do Minist\u00e9rio da Agricultura e Pecu\u00e1ria de Abastecimento \u2013 MAPA.<\/p>\n<p>O processo de transforma\u00e7\u00e3o come\u00e7a com o recolhimento dos res\u00edduos gerados ao longo do processo de fabrica\u00e7\u00e3o, o farelo \u00e9 direcionado para a \u00e1rea de fabrica\u00e7\u00e3o do subproduto, onde \u00e9 mo\u00eddo, peneirado e ensacado. As embalagens possuem lote, data de fabrica\u00e7\u00e3o e prazo de validade, garantindo a sua rastreabilidade. Os produtos finais lan\u00e7ados a partir da\u00ed s\u00e3o Farelo de Biscoito Doce, Farelo de Biscoito Salgado, Farelo de Macarr\u00e3o e Farelo de Macarr\u00e3o Instant\u00e2neo.<\/p>\n<p>Todo esse projeto foi liderado pelo setor de Meio Ambiente e teve apoio de diversas outras \u00e1reas, como P&amp;D, Comercial, Qualidade, Financeiro, Log\u00edstica e PCP. \u201cTodos os projetos relacionados \u00e0 \u00e1rea est\u00e3o alinhados com a Pol\u00edtica do Sistema de Gest\u00e3o Industrial da M. Dias Branco. O foco \u00e9 a redu\u00e7\u00e3o da gera\u00e7\u00e3o de res\u00edduos para proteger o meio ambiente, n\u00e3o esquecendo da premissa dos 3R, reduzir, reutilizar e reciclar, que serve como norteador de todas as nossas a\u00e7\u00f5es\u201d, explica Shirley Mello, Coordenadora de Meio Ambiente da unidade.<\/p>\n<p>Entre os principais compromissos ambientais da M. Dias Branco est\u00e3o a redu\u00e7\u00e3o de res\u00edduos s\u00f3lidos em todas as suas unidades. Entre 2014 (ano-base) e 2017, o percentual de res\u00edduos destinados a aterros sanit\u00e1rios caiu de 14,6% para 11%. A empresa tem tamb\u00e9m programas de redu\u00e7\u00e3o de consumo e reuso de \u00e1gua, reciclagem e monitoramento de efluentes, entre outros.<\/p>\n","protected":false},"excerpt":{"rendered":"<p>Em 2016, surgiu na M. Dias Branco, na unidade de Jaboat\u00e3o dos Guararapes (PE), a ideia de transformar res\u00edduo de varredura das produ\u00e7\u00f5es de biscoito e macarr\u00e3o em um subproduto, o farelo, que passou a ser produzido em dezembro de 2017 e comercializado para empresas de fabrica\u00e7\u00e3o e distribui\u00e7\u00e3o de ra\u00e7\u00e3o animal a partir do [&hellip;]<\/p>\n","protected":false},"author":1,"featured_media":1760,"comment_status":"open","ping_status":"open","sticky":false,"template":"","format":"standard","meta":{"tdm_status":"","tdm_grid_status":"","footnotes":""},"categories":[6],"tags":[396,176],"class_list":["post-1759","post","type-post","status-publish","format-standard","has-post-thumbnail","hentry","category-noticias","tag-m-dias-branco","tag-sustentabilidade"],"yoast_head":"<!-- This site is optimized with the Yoast SEO plugin v27.5 - https:\/\/yoast.com\/product\/yoast-seo-wordpress\/ -->\n<title>M. Dias Branco desenvolve farelo de biscoito e de macarr\u00e3o para ra\u00e7\u00e3o animal a partir de res\u00edduos da produ\u00e7\u00e3o - CidadeMarketing<\/title>\n<meta name=\"robots\" content=\"index, follow, max-snippet:-1, max-image-preview:large, max-video-preview:-1\" \/>\n<link rel=\"canonical\" href=\"https:\/\/www.cidademarketing.com.br\/marketing\/2018\/08\/14\/m-dias-branco-desenvolve-farelo-de-biscoito-e-de-macarrao-para-racao-animal-a-partir-de-residuos-da-producao\/\" \/>\n<meta property=\"og:locale\" content=\"pt_BR\" \/>\n<meta property=\"og:type\" content=\"article\" \/>\n<meta property=\"og:title\" content=\"M. Dias Branco desenvolve farelo de biscoito e de macarr\u00e3o para ra\u00e7\u00e3o animal a partir de res\u00edduos da produ\u00e7\u00e3o - CidadeMarketing\" \/>\n<meta property=\"og:description\" content=\"Em 2016, surgiu na M. Dias Branco, na unidade de Jaboat\u00e3o dos Guararapes (PE), a ideia de transformar res\u00edduo de varredura das produ\u00e7\u00f5es de biscoito e macarr\u00e3o em um subproduto, o farelo, que passou a ser produzido em dezembro de 2017 e comercializado para empresas de fabrica\u00e7\u00e3o e distribui\u00e7\u00e3o de ra\u00e7\u00e3o animal a partir do [&hellip;]\" \/>\n<meta property=\"og:url\" content=\"https:\/\/www.cidademarketing.com.br\/marketing\/2018\/08\/14\/m-dias-branco-desenvolve-farelo-de-biscoito-e-de-macarrao-para-racao-animal-a-partir-de-residuos-da-producao\/\" \/>\n<meta property=\"og:site_name\" content=\"CidadeMarketing\" \/>\n<meta property=\"article:publisher\" content=\"https:\/\/www.facebook.com\/portalcidademarketing\" \/>\n<meta property=\"article:author\" content=\"https:\/\/www.facebook.com\/thalesbrandao\" \/>\n<meta property=\"article:published_time\" content=\"2018-08-15T01:32:43+00:00\" \/>\n<meta property=\"og:image\" content=\"https:\/\/www.cidademarketing.com.br\/marketing\/wp-content\/uploads\/2018\/08\/mdiasbranco.png\" \/>\n\t<meta property=\"og:image:width\" content=\"1512\" \/>\n\t<meta property=\"og:image:height\" content=\"1009\" \/>\n\t<meta property=\"og:image:type\" content=\"image\/png\" \/>\n<meta name=\"author\" content=\"Thales Brand\u00e3o\" \/>\n<meta name=\"twitter:card\" content=\"summary_large_image\" \/>\n<meta name=\"twitter:creator\" content=\"@http:\/\/www.twitter.com\/thalesbrandao\" \/>\n<meta name=\"twitter:site\" content=\"@CidadeMarketing\" \/>\n<meta name=\"twitter:label1\" content=\"Escrito por\" \/>\n\t<meta name=\"twitter:data1\" content=\"Thales Brand\u00e3o\" \/>\n\t<meta name=\"twitter:label2\" content=\"Est. tempo de leitura\" \/>\n\t<meta name=\"twitter:data2\" content=\"3 minutos\" \/>\n<script type=\"application\/ld+json\" class=\"yoast-schema-graph\">{\"@context\":\"https:\\\/\\\/schema.org\",\"@graph\":[{\"@type\":\"Article\",\"@id\":\"https:\\\/\\\/www.cidademarketing.com.br\\\/marketing\\\/2018\\\/08\\\/14\\\/m-dias-branco-desenvolve-farelo-de-biscoito-e-de-macarrao-para-racao-animal-a-partir-de-residuos-da-producao\\\/#article\",\"isPartOf\":{\"@id\":\"https:\\\/\\\/www.cidademarketing.com.br\\\/marketing\\\/2018\\\/08\\\/14\\\/m-dias-branco-desenvolve-farelo-de-biscoito-e-de-macarrao-para-racao-animal-a-partir-de-residuos-da-producao\\\/\"},\"author\":{\"name\":\"Thales Brand\u00e3o\",\"@id\":\"https:\\\/\\\/www.cidademarketing.com.br\\\/marketing\\\/#\\\/schema\\\/person\\\/02daff9f18bd9378c9e01eb6b2db155f\"},\"headline\":\"M. Dias Branco desenvolve farelo de biscoito e de macarr\u00e3o para ra\u00e7\u00e3o animal a partir de res\u00edduos da produ\u00e7\u00e3o\",\"datePublished\":\"2018-08-15T01:32:43+00:00\",\"mainEntityOfPage\":{\"@id\":\"https:\\\/\\\/www.cidademarketing.com.br\\\/marketing\\\/2018\\\/08\\\/14\\\/m-dias-branco-desenvolve-farelo-de-biscoito-e-de-macarrao-para-racao-animal-a-partir-de-residuos-da-producao\\\/\"},\"wordCount\":539,\"commentCount\":0,\"publisher\":{\"@id\":\"https:\\\/\\\/www.cidademarketing.com.br\\\/marketing\\\/#organization\"},\"image\":{\"@id\":\"https:\\\/\\\/www.cidademarketing.com.br\\\/marketing\\\/2018\\\/08\\\/14\\\/m-dias-branco-desenvolve-farelo-de-biscoito-e-de-macarrao-para-racao-animal-a-partir-de-residuos-da-producao\\\/#primaryimage\"},\"thumbnailUrl\":\"https:\\\/\\\/www.cidademarketing.com.br\\\/marketing\\\/wp-content\\\/uploads\\\/2018\\\/08\\\/mdiasbranco.png\",\"keywords\":[\"M. Dias Branco\",\"sustentabilidade\"],\"articleSection\":[\"Not\u00edcias\"],\"inLanguage\":\"pt-BR\",\"potentialAction\":[{\"@type\":\"CommentAction\",\"name\":\"Comment\",\"target\":[\"https:\\\/\\\/www.cidademarketing.com.br\\\/marketing\\\/2018\\\/08\\\/14\\\/m-dias-branco-desenvolve-farelo-de-biscoito-e-de-macarrao-para-racao-animal-a-partir-de-residuos-da-producao\\\/#respond\"]}]},{\"@type\":\"WebPage\",\"@id\":\"https:\\\/\\\/www.cidademarketing.com.br\\\/marketing\\\/2018\\\/08\\\/14\\\/m-dias-branco-desenvolve-farelo-de-biscoito-e-de-macarrao-para-racao-animal-a-partir-de-residuos-da-producao\\\/\",\"url\":\"https:\\\/\\\/www.cidademarketing.com.br\\\/marketing\\\/2018\\\/08\\\/14\\\/m-dias-branco-desenvolve-farelo-de-biscoito-e-de-macarrao-para-racao-animal-a-partir-de-residuos-da-producao\\\/\",\"name\":\"M. Dias Branco desenvolve farelo de biscoito e de macarr\u00e3o para ra\u00e7\u00e3o animal a partir de res\u00edduos da produ\u00e7\u00e3o - CidadeMarketing\",\"isPartOf\":{\"@id\":\"https:\\\/\\\/www.cidademarketing.com.br\\\/marketing\\\/#website\"},\"primaryImageOfPage\":{\"@id\":\"https:\\\/\\\/www.cidademarketing.com.br\\\/marketing\\\/2018\\\/08\\\/14\\\/m-dias-branco-desenvolve-farelo-de-biscoito-e-de-macarrao-para-racao-animal-a-partir-de-residuos-da-producao\\\/#primaryimage\"},\"image\":{\"@id\":\"https:\\\/\\\/www.cidademarketing.com.br\\\/marketing\\\/2018\\\/08\\\/14\\\/m-dias-branco-desenvolve-farelo-de-biscoito-e-de-macarrao-para-racao-animal-a-partir-de-residuos-da-producao\\\/#primaryimage\"},\"thumbnailUrl\":\"https:\\\/\\\/www.cidademarketing.com.br\\\/marketing\\\/wp-content\\\/uploads\\\/2018\\\/08\\\/mdiasbranco.png\",\"datePublished\":\"2018-08-15T01:32:43+00:00\",\"breadcrumb\":{\"@id\":\"https:\\\/\\\/www.cidademarketing.com.br\\\/marketing\\\/2018\\\/08\\\/14\\\/m-dias-branco-desenvolve-farelo-de-biscoito-e-de-macarrao-para-racao-animal-a-partir-de-residuos-da-producao\\\/#breadcrumb\"},\"inLanguage\":\"pt-BR\",\"potentialAction\":[{\"@type\":\"ReadAction\",\"target\":[\"https:\\\/\\\/www.cidademarketing.com.br\\\/marketing\\\/2018\\\/08\\\/14\\\/m-dias-branco-desenvolve-farelo-de-biscoito-e-de-macarrao-para-racao-animal-a-partir-de-residuos-da-producao\\\/\"]}]},{\"@type\":\"ImageObject\",\"inLanguage\":\"pt-BR\",\"@id\":\"https:\\\/\\\/www.cidademarketing.com.br\\\/marketing\\\/2018\\\/08\\\/14\\\/m-dias-branco-desenvolve-farelo-de-biscoito-e-de-macarrao-para-racao-animal-a-partir-de-residuos-da-producao\\\/#primaryimage\",\"url\":\"https:\\\/\\\/www.cidademarketing.com.br\\\/marketing\\\/wp-content\\\/uploads\\\/2018\\\/08\\\/mdiasbranco.png\",\"contentUrl\":\"https:\\\/\\\/www.cidademarketing.com.br\\\/marketing\\\/wp-content\\\/uploads\\\/2018\\\/08\\\/mdiasbranco.png\",\"width\":1512,\"height\":1009},{\"@type\":\"BreadcrumbList\",\"@id\":\"https:\\\/\\\/www.cidademarketing.com.br\\\/marketing\\\/2018\\\/08\\\/14\\\/m-dias-branco-desenvolve-farelo-de-biscoito-e-de-macarrao-para-racao-animal-a-partir-de-residuos-da-producao\\\/#breadcrumb\",\"itemListElement\":[{\"@type\":\"ListItem\",\"position\":1,\"name\":\"In\u00edcio\",\"item\":\"https:\\\/\\\/www.cidademarketing.com.br\\\/marketing\\\/\"},{\"@type\":\"ListItem\",\"position\":2,\"name\":\"M. Dias Branco desenvolve farelo de biscoito e de macarr\u00e3o para ra\u00e7\u00e3o animal a partir de res\u00edduos da produ\u00e7\u00e3o\"}]},{\"@type\":\"WebSite\",\"@id\":\"https:\\\/\\\/www.cidademarketing.com.br\\\/marketing\\\/#website\",\"url\":\"https:\\\/\\\/www.cidademarketing.com.br\\\/marketing\\\/\",\"name\":\"CidadeMarketing\",\"description\":\"Somos um ve\u00edculo de comunica\u00e7\u00e3o de destaque no Brasil, reconhecido por conte\u00fados nos segmentos de marketing, empreendedorismo e inova\u00e7\u00e3o.\",\"publisher\":{\"@id\":\"https:\\\/\\\/www.cidademarketing.com.br\\\/marketing\\\/#organization\"},\"alternateName\":\"CidadeMarketing\",\"potentialAction\":[{\"@type\":\"SearchAction\",\"target\":{\"@type\":\"EntryPoint\",\"urlTemplate\":\"https:\\\/\\\/www.cidademarketing.com.br\\\/marketing\\\/?s={search_term_string}\"},\"query-input\":{\"@type\":\"PropertyValueSpecification\",\"valueRequired\":true,\"valueName\":\"search_term_string\"}}],\"inLanguage\":\"pt-BR\"},{\"@type\":\"Organization\",\"@id\":\"https:\\\/\\\/www.cidademarketing.com.br\\\/marketing\\\/#organization\",\"name\":\"CidadeMarketing\",\"alternateName\":\"CidadeMarketing\",\"url\":\"https:\\\/\\\/www.cidademarketing.com.br\\\/marketing\\\/\",\"logo\":{\"@type\":\"ImageObject\",\"inLanguage\":\"pt-BR\",\"@id\":\"https:\\\/\\\/www.cidademarketing.com.br\\\/marketing\\\/#\\\/schema\\\/logo\\\/image\\\/\",\"url\":\"https:\\\/\\\/www.cidademarketing.com.br\\\/marketing\\\/wp-content\\\/uploads\\\/2020\\\/01\\\/cidademarketing_marca_mobile.png\",\"contentUrl\":\"https:\\\/\\\/www.cidademarketing.com.br\\\/marketing\\\/wp-content\\\/uploads\\\/2020\\\/01\\\/cidademarketing_marca_mobile.png\",\"width\":230,\"height\":92,\"caption\":\"CidadeMarketing\"},\"image\":{\"@id\":\"https:\\\/\\\/www.cidademarketing.com.br\\\/marketing\\\/#\\\/schema\\\/logo\\\/image\\\/\"},\"sameAs\":[\"https:\\\/\\\/www.facebook.com\\\/portalcidademarketing\",\"https:\\\/\\\/x.com\\\/CidadeMarketing\",\"https:\\\/\\\/www.instagram.com\\\/cidademarketing\\\/\"]},{\"@type\":\"Person\",\"@id\":\"https:\\\/\\\/www.cidademarketing.com.br\\\/marketing\\\/#\\\/schema\\\/person\\\/02daff9f18bd9378c9e01eb6b2db155f\",\"name\":\"Thales Brand\u00e3o\",\"image\":{\"@type\":\"ImageObject\",\"inLanguage\":\"pt-BR\",\"@id\":\"https:\\\/\\\/secure.gravatar.com\\\/avatar\\\/7ca3206950207cc3cb48feec56a8a7898741ab725c368d99d5d7a5a50aab80c6?s=96&d=mm&r=g\",\"url\":\"https:\\\/\\\/secure.gravatar.com\\\/avatar\\\/7ca3206950207cc3cb48feec56a8a7898741ab725c368d99d5d7a5a50aab80c6?s=96&d=mm&r=g\",\"contentUrl\":\"https:\\\/\\\/secure.gravatar.com\\\/avatar\\\/7ca3206950207cc3cb48feec56a8a7898741ab725c368d99d5d7a5a50aab80c6?s=96&d=mm&r=g\",\"caption\":\"Thales Brand\u00e3o\"},\"description\":\"Editor Executivo do Portal CidadeMarketing.com.br &gt; Mestre em Comunica\u00e7\u00e3o e Sociedade pela Universidade Federal de Sergipe. Possui MBA Executivo em Administra\u00e7\u00e3o com \u00eanfase em Marketing pela Funda\u00e7\u00e3o Get\u00falio Vargas - Rio de Janeiro. Consultor, Palestrante e Pesquisador sobre Empreendedorismo, Marketing, Redes Sociais e Neg\u00f3cios Digitais. Professor, Palestrante TedxTalks e Campus Party. Twitter: @ThalesBrandao\",\"sameAs\":[\"http:\\\/\\\/www.mandacaru.com.br\",\"https:\\\/\\\/www.facebook.com\\\/thalesbrandao\",\"http:\\\/\\\/www.instagram.com.br\\\/thalesbrandaoferreira\",\"https:\\\/\\\/www.linkedin.com\\\/in\\\/thales-brand\u00e3o-3948609\\\/\",\"https:\\\/\\\/x.com\\\/http:\\\/\\\/www.twitter.com\\\/thalesbrandao\"],\"url\":\"https:\\\/\\\/www.cidademarketing.com.br\\\/marketing\\\/author\\\/thalesbrandao\\\/\"}]}<\/script>\n<!-- \/ Yoast SEO plugin. -->","yoast_head_json":{"title":"M. Dias Branco desenvolve farelo de biscoito e de macarr\u00e3o para ra\u00e7\u00e3o animal a partir de res\u00edduos da produ\u00e7\u00e3o - CidadeMarketing","robots":{"index":"index","follow":"follow","max-snippet":"max-snippet:-1","max-image-preview":"max-image-preview:large","max-video-preview":"max-video-preview:-1"},"canonical":"https:\/\/www.cidademarketing.com.br\/marketing\/2018\/08\/14\/m-dias-branco-desenvolve-farelo-de-biscoito-e-de-macarrao-para-racao-animal-a-partir-de-residuos-da-producao\/","og_locale":"pt_BR","og_type":"article","og_title":"M. Dias Branco desenvolve farelo de biscoito e de macarr\u00e3o para ra\u00e7\u00e3o animal a partir de res\u00edduos da produ\u00e7\u00e3o - CidadeMarketing","og_description":"Em 2016, surgiu na M. Dias Branco, na unidade de Jaboat\u00e3o dos Guararapes (PE), a ideia de transformar res\u00edduo de varredura das produ\u00e7\u00f5es de biscoito e macarr\u00e3o em um subproduto, o farelo, que passou a ser produzido em dezembro de 2017 e comercializado para empresas de fabrica\u00e7\u00e3o e distribui\u00e7\u00e3o de ra\u00e7\u00e3o animal a partir do [&hellip;]","og_url":"https:\/\/www.cidademarketing.com.br\/marketing\/2018\/08\/14\/m-dias-branco-desenvolve-farelo-de-biscoito-e-de-macarrao-para-racao-animal-a-partir-de-residuos-da-producao\/","og_site_name":"CidadeMarketing","article_publisher":"https:\/\/www.facebook.com\/portalcidademarketing","article_author":"https:\/\/www.facebook.com\/thalesbrandao","article_published_time":"2018-08-15T01:32:43+00:00","og_image":[{"width":1512,"height":1009,"url":"https:\/\/www.cidademarketing.com.br\/marketing\/wp-content\/uploads\/2018\/08\/mdiasbranco.png","type":"image\/png"}],"author":"Thales Brand\u00e3o","twitter_card":"summary_large_image","twitter_creator":"@http:\/\/www.twitter.com\/thalesbrandao","twitter_site":"@CidadeMarketing","twitter_misc":{"Escrito por":"Thales Brand\u00e3o","Est. tempo de leitura":"3 minutos"},"schema":{"@context":"https:\/\/schema.org","@graph":[{"@type":"Article","@id":"https:\/\/www.cidademarketing.com.br\/marketing\/2018\/08\/14\/m-dias-branco-desenvolve-farelo-de-biscoito-e-de-macarrao-para-racao-animal-a-partir-de-residuos-da-producao\/#article","isPartOf":{"@id":"https:\/\/www.cidademarketing.com.br\/marketing\/2018\/08\/14\/m-dias-branco-desenvolve-farelo-de-biscoito-e-de-macarrao-para-racao-animal-a-partir-de-residuos-da-producao\/"},"author":{"name":"Thales Brand\u00e3o","@id":"https:\/\/www.cidademarketing.com.br\/marketing\/#\/schema\/person\/02daff9f18bd9378c9e01eb6b2db155f"},"headline":"M. Dias Branco desenvolve farelo de biscoito e de macarr\u00e3o para ra\u00e7\u00e3o animal a partir de res\u00edduos da produ\u00e7\u00e3o","datePublished":"2018-08-15T01:32:43+00:00","mainEntityOfPage":{"@id":"https:\/\/www.cidademarketing.com.br\/marketing\/2018\/08\/14\/m-dias-branco-desenvolve-farelo-de-biscoito-e-de-macarrao-para-racao-animal-a-partir-de-residuos-da-producao\/"},"wordCount":539,"commentCount":0,"publisher":{"@id":"https:\/\/www.cidademarketing.com.br\/marketing\/#organization"},"image":{"@id":"https:\/\/www.cidademarketing.com.br\/marketing\/2018\/08\/14\/m-dias-branco-desenvolve-farelo-de-biscoito-e-de-macarrao-para-racao-animal-a-partir-de-residuos-da-producao\/#primaryimage"},"thumbnailUrl":"https:\/\/www.cidademarketing.com.br\/marketing\/wp-content\/uploads\/2018\/08\/mdiasbranco.png","keywords":["M. Dias Branco","sustentabilidade"],"articleSection":["Not\u00edcias"],"inLanguage":"pt-BR","potentialAction":[{"@type":"CommentAction","name":"Comment","target":["https:\/\/www.cidademarketing.com.br\/marketing\/2018\/08\/14\/m-dias-branco-desenvolve-farelo-de-biscoito-e-de-macarrao-para-racao-animal-a-partir-de-residuos-da-producao\/#respond"]}]},{"@type":"WebPage","@id":"https:\/\/www.cidademarketing.com.br\/marketing\/2018\/08\/14\/m-dias-branco-desenvolve-farelo-de-biscoito-e-de-macarrao-para-racao-animal-a-partir-de-residuos-da-producao\/","url":"https:\/\/www.cidademarketing.com.br\/marketing\/2018\/08\/14\/m-dias-branco-desenvolve-farelo-de-biscoito-e-de-macarrao-para-racao-animal-a-partir-de-residuos-da-producao\/","name":"M. Dias Branco desenvolve farelo de biscoito e de macarr\u00e3o para ra\u00e7\u00e3o animal a partir de res\u00edduos da produ\u00e7\u00e3o - CidadeMarketing","isPartOf":{"@id":"https:\/\/www.cidademarketing.com.br\/marketing\/#website"},"primaryImageOfPage":{"@id":"https:\/\/www.cidademarketing.com.br\/marketing\/2018\/08\/14\/m-dias-branco-desenvolve-farelo-de-biscoito-e-de-macarrao-para-racao-animal-a-partir-de-residuos-da-producao\/#primaryimage"},"image":{"@id":"https:\/\/www.cidademarketing.com.br\/marketing\/2018\/08\/14\/m-dias-branco-desenvolve-farelo-de-biscoito-e-de-macarrao-para-racao-animal-a-partir-de-residuos-da-producao\/#primaryimage"},"thumbnailUrl":"https:\/\/www.cidademarketing.com.br\/marketing\/wp-content\/uploads\/2018\/08\/mdiasbranco.png","datePublished":"2018-08-15T01:32:43+00:00","breadcrumb":{"@id":"https:\/\/www.cidademarketing.com.br\/marketing\/2018\/08\/14\/m-dias-branco-desenvolve-farelo-de-biscoito-e-de-macarrao-para-racao-animal-a-partir-de-residuos-da-producao\/#breadcrumb"},"inLanguage":"pt-BR","potentialAction":[{"@type":"ReadAction","target":["https:\/\/www.cidademarketing.com.br\/marketing\/2018\/08\/14\/m-dias-branco-desenvolve-farelo-de-biscoito-e-de-macarrao-para-racao-animal-a-partir-de-residuos-da-producao\/"]}]},{"@type":"ImageObject","inLanguage":"pt-BR","@id":"https:\/\/www.cidademarketing.com.br\/marketing\/2018\/08\/14\/m-dias-branco-desenvolve-farelo-de-biscoito-e-de-macarrao-para-racao-animal-a-partir-de-residuos-da-producao\/#primaryimage","url":"https:\/\/www.cidademarketing.com.br\/marketing\/wp-content\/uploads\/2018\/08\/mdiasbranco.png","contentUrl":"https:\/\/www.cidademarketing.com.br\/marketing\/wp-content\/uploads\/2018\/08\/mdiasbranco.png","width":1512,"height":1009},{"@type":"BreadcrumbList","@id":"https:\/\/www.cidademarketing.com.br\/marketing\/2018\/08\/14\/m-dias-branco-desenvolve-farelo-de-biscoito-e-de-macarrao-para-racao-animal-a-partir-de-residuos-da-producao\/#breadcrumb","itemListElement":[{"@type":"ListItem","position":1,"name":"In\u00edcio","item":"https:\/\/www.cidademarketing.com.br\/marketing\/"},{"@type":"ListItem","position":2,"name":"M. Dias Branco desenvolve farelo de biscoito e de macarr\u00e3o para ra\u00e7\u00e3o animal a partir de res\u00edduos da produ\u00e7\u00e3o"}]},{"@type":"WebSite","@id":"https:\/\/www.cidademarketing.com.br\/marketing\/#website","url":"https:\/\/www.cidademarketing.com.br\/marketing\/","name":"CidadeMarketing","description":"Somos um ve\u00edculo de comunica\u00e7\u00e3o de destaque no Brasil, reconhecido por conte\u00fados nos segmentos de marketing, empreendedorismo e inova\u00e7\u00e3o.","publisher":{"@id":"https:\/\/www.cidademarketing.com.br\/marketing\/#organization"},"alternateName":"CidadeMarketing","potentialAction":[{"@type":"SearchAction","target":{"@type":"EntryPoint","urlTemplate":"https:\/\/www.cidademarketing.com.br\/marketing\/?s={search_term_string}"},"query-input":{"@type":"PropertyValueSpecification","valueRequired":true,"valueName":"search_term_string"}}],"inLanguage":"pt-BR"},{"@type":"Organization","@id":"https:\/\/www.cidademarketing.com.br\/marketing\/#organization","name":"CidadeMarketing","alternateName":"CidadeMarketing","url":"https:\/\/www.cidademarketing.com.br\/marketing\/","logo":{"@type":"ImageObject","inLanguage":"pt-BR","@id":"https:\/\/www.cidademarketing.com.br\/marketing\/#\/schema\/logo\/image\/","url":"https:\/\/www.cidademarketing.com.br\/marketing\/wp-content\/uploads\/2020\/01\/cidademarketing_marca_mobile.png","contentUrl":"https:\/\/www.cidademarketing.com.br\/marketing\/wp-content\/uploads\/2020\/01\/cidademarketing_marca_mobile.png","width":230,"height":92,"caption":"CidadeMarketing"},"image":{"@id":"https:\/\/www.cidademarketing.com.br\/marketing\/#\/schema\/logo\/image\/"},"sameAs":["https:\/\/www.facebook.com\/portalcidademarketing","https:\/\/x.com\/CidadeMarketing","https:\/\/www.instagram.com\/cidademarketing\/"]},{"@type":"Person","@id":"https:\/\/www.cidademarketing.com.br\/marketing\/#\/schema\/person\/02daff9f18bd9378c9e01eb6b2db155f","name":"Thales Brand\u00e3o","image":{"@type":"ImageObject","inLanguage":"pt-BR","@id":"https:\/\/secure.gravatar.com\/avatar\/7ca3206950207cc3cb48feec56a8a7898741ab725c368d99d5d7a5a50aab80c6?s=96&d=mm&r=g","url":"https:\/\/secure.gravatar.com\/avatar\/7ca3206950207cc3cb48feec56a8a7898741ab725c368d99d5d7a5a50aab80c6?s=96&d=mm&r=g","contentUrl":"https:\/\/secure.gravatar.com\/avatar\/7ca3206950207cc3cb48feec56a8a7898741ab725c368d99d5d7a5a50aab80c6?s=96&d=mm&r=g","caption":"Thales Brand\u00e3o"},"description":"Editor Executivo do Portal CidadeMarketing.com.br &gt; Mestre em Comunica\u00e7\u00e3o e Sociedade pela Universidade Federal de Sergipe. Possui MBA Executivo em Administra\u00e7\u00e3o com \u00eanfase em Marketing pela Funda\u00e7\u00e3o Get\u00falio Vargas - Rio de Janeiro. Consultor, Palestrante e Pesquisador sobre Empreendedorismo, Marketing, Redes Sociais e Neg\u00f3cios Digitais. Professor, Palestrante TedxTalks e Campus Party. Twitter: @ThalesBrandao","sameAs":["http:\/\/www.mandacaru.com.br","https:\/\/www.facebook.com\/thalesbrandao","http:\/\/www.instagram.com.br\/thalesbrandaoferreira","https:\/\/www.linkedin.com\/in\/thales-brand\u00e3o-3948609\/","https:\/\/x.com\/http:\/\/www.twitter.com\/thalesbrandao"],"url":"https:\/\/www.cidademarketing.com.br\/marketing\/author\/thalesbrandao\/"}]}},"amp_enabled":true,"_links":{"self":[{"href":"https:\/\/www.cidademarketing.com.br\/marketing\/wp-json\/wp\/v2\/posts\/1759","targetHints":{"allow":["GET"]}}],"collection":[{"href":"https:\/\/www.cidademarketing.com.br\/marketing\/wp-json\/wp\/v2\/posts"}],"about":[{"href":"https:\/\/www.cidademarketing.com.br\/marketing\/wp-json\/wp\/v2\/types\/post"}],"author":[{"embeddable":true,"href":"https:\/\/www.cidademarketing.com.br\/marketing\/wp-json\/wp\/v2\/users\/1"}],"replies":[{"embeddable":true,"href":"https:\/\/www.cidademarketing.com.br\/marketing\/wp-json\/wp\/v2\/comments?post=1759"}],"version-history":[{"count":1,"href":"https:\/\/www.cidademarketing.com.br\/marketing\/wp-json\/wp\/v2\/posts\/1759\/revisions"}],"predecessor-version":[{"id":1761,"href":"https:\/\/www.cidademarketing.com.br\/marketing\/wp-json\/wp\/v2\/posts\/1759\/revisions\/1761"}],"wp:featuredmedia":[{"embeddable":true,"href":"https:\/\/www.cidademarketing.com.br\/marketing\/wp-json\/wp\/v2\/media\/1760"}],"wp:attachment":[{"href":"https:\/\/www.cidademarketing.com.br\/marketing\/wp-json\/wp\/v2\/media?parent=1759"}],"wp:term":[{"taxonomy":"category","embeddable":true,"href":"https:\/\/www.cidademarketing.com.br\/marketing\/wp-json\/wp\/v2\/categories?post=1759"},{"taxonomy":"post_tag","embeddable":true,"href":"https:\/\/www.cidademarketing.com.br\/marketing\/wp-json\/wp\/v2\/tags?post=1759"}],"curies":[{"name":"wp","href":"https:\/\/api.w.org\/{rel}","templated":true}]}}