{"id":17518,"date":"2020-08-05T18:52:50","date_gmt":"2020-08-05T21:52:50","guid":{"rendered":"https:\/\/www.cidademarketing.com.br\/marketing\/?p=17518"},"modified":"2020-08-05T18:52:51","modified_gmt":"2020-08-05T21:52:51","slug":"no-dia-dos-pais-cerveja-original-convida-arlindinho-para-prestar-homenagem-a-arlindo-cruz-com-o-manifesto-filhos-do-samba","status":"publish","type":"post","link":"https:\/\/www.cidademarketing.com.br\/marketing\/2020\/08\/05\/no-dia-dos-pais-cerveja-original-convida-arlindinho-para-prestar-homenagem-a-arlindo-cruz-com-o-manifesto-filhos-do-samba\/","title":{"rendered":"No Dia dos Pais, Cerveja Original convida Arlindinho para prestar homenagem a Arlindo Cruz com o manifesto \u2018Filhos do Samba\u2019"},"content":{"rendered":"\n<p>Celebrar a conex\u00e3o que o samba cria entre pai e filho. \u00c9 dessa maneira que a Cerveja Original pretende festejar o Dia dos Pais. E quando o assunto envolve esse ritmo musical, n\u00e3o poderia haver outro homenageado que n\u00e3o Arlindo Cruz, um dos mais renomados sambistas do Brasil. Assim, a marca convida o filho dele, Arlindinho, n\u00e3o apenas para comemorar o papel do pai na fam\u00edlia, mas para prestar um tributo a todos os \u201cFilhos do Samba\u201d.<\/p>\n\n\n\n<p>Conhecida por celebrar as grandes tradi\u00e7\u00f5es, a Cerveja Original agora d\u00e1 luz para uma das rela\u00e7\u00f5es mais tradicionais do mundo. Dentro do samba, essa liga\u00e7\u00e3o se torna ainda mais pr\u00f3xima, afinal, n\u00e3o s\u00e3o poucos os filhos de grandes sambistas que seguem o caminho dos pais dentro da m\u00fasica, como \u00e9 o caso de Arlindinho e Arlindo Cruz. Por isso, o m\u00fasico mais jovem foi convidado para gravar um manifesto para celebrar essa rela\u00e7\u00e3o pr\u00f3xima entre eles. O v\u00eddeo pode ser visto nas redes sociais da pr\u00f3pria marca.&nbsp; A a\u00e7\u00e3o tem cria\u00e7\u00e3o da SunsetDDB.<\/p>\n\n\n\n<p>\u201cA gente at\u00e9 brinca dizendo que eu n\u00e3o sou s\u00f3 filho do Arlindo. Eu sou filho do samba\u201d, diz o cantor.<\/p>\n\n\n\n<p>Para completar a celebra\u00e7\u00e3o, Original e Arlindinho v\u00e3o preparar uma live especial no domingo chamada \u201cEm Nome do Pai\u201d, \u00e0s 18h30, no YouTube do pr\u00f3prio Arlindo Cruz. Al\u00e9m de relembrar da rela\u00e7\u00e3o paterna e prestar homenagens ao pai, o m\u00fasico quer apresentar outros \u201cFilhos do Samba\u201d para mostrarem suas m\u00fasicas e contarem a rela\u00e7\u00e3o com os familiares dentro desse estilo musical. Tudo isso com as devidas recomenda\u00e7\u00f5es de seguran\u00e7a e sa\u00fade que o momento pede.<\/p>\n\n\n\n<figure class=\"wp-block-embed-facebook wp-block-embed\"><div class=\"wp-block-embed__wrapper\">\nhttps:\/\/www.facebook.com\/watch\/?v=327452688411318\n<\/div><\/figure>\n\n\n\n<p>\u201cA Cerveja Original tem uma forte liga\u00e7\u00e3o com o samba. E n\u00e3o poder\u00edamos deixar de celebrar uma data como essa. Um dos grandes pais do samba \u00e9 o Arlindo Cruz. Ent\u00e3o, resolvemos chamar o Arlindinho para prestar uma homenagem a ele. Criado dentro desse universo pela influ\u00eancia paterna, esse jovem cantor acabou seguindo os passos do pai dentro da m\u00fasica e honrando o nosso t\u00e3o querido samba\u201d, afirmou Aline Fernandes, gerente de marketing da Cerveja Original.<\/p>\n\n\n\n<p><strong>Ficha T\u00e9cnica Original\/ Filhos do Samba<\/strong><\/p>\n\n\n\n<p><strong>Ag\u00eancia:<\/strong>&nbsp;SunsetDDB<\/p>\n\n\n\n<p><strong>T\u00edtulo da campanha:<\/strong>&nbsp; Filhos do Samba<\/p>\n\n\n\n<p><strong>Anunciante:<\/strong>&nbsp;Ambev<\/p>\n\n\n\n<p><strong>Produto:<\/strong>&nbsp;Cerveja Original<\/p>\n\n\n\n<p><strong>Copresidentes:<\/strong>&nbsp;Guilherme Jahara e Pipo Calazans<\/p>\n\n\n\n<p><strong>CCO:<\/strong>&nbsp;Guilherme Jahara<\/p>\n\n\n\n<p><strong>Cria\u00e7\u00e3o:<\/strong>&nbsp; Felipe Revite e Filipe Rosado<\/p>\n\n\n\n<p><strong>Atendimento:<\/strong>&nbsp;Cris Pereira, Bianca Bizello e Shirley Lacerda<\/p>\n\n\n\n<p><strong>M\u00eddia:<\/strong>&nbsp;Fabiana Baraldi, Rodrigo Vieira, Tanoa Narciso, Felipe Silva e Bruna Silva<\/p>\n\n\n\n<p><strong>Social Media:<\/strong>&nbsp; F\u00e1bio Machado e Gabriela Campagnucci<\/p>\n\n\n\n<p><strong>Planejamento:<\/strong>&nbsp;Marcia Aguiire, Fabiana Ribeiro<\/p>\n\n\n\n<p><strong>Head de Produ\u00e7\u00e3o:<\/strong>&nbsp;Rodrigo Luchini<\/p>\n\n\n\n<p><strong>RTV:<\/strong>&nbsp;Angelo Pende<\/p>\n\n\n\n<p><strong>Aprova\u00e7\u00e3o Cliente: Aline Fernandes<\/strong><\/p>\n\n\n\n<p><strong>Produtora:<\/strong> Sobreloja Filmes<\/p>\n\n\n\n<p><strong>Dire\u00e7\u00e3o de Cena:<\/strong> Marcelo Giannini<\/p>\n\n\n\n<p><strong>Produ\u00e7\u00e3o Executiva:<\/strong> Andi Correa\/ Marcelo Giannini<\/p>\n\n\n\n<p><strong>Diretor Operacional e de Atendimento:<\/strong> Andi Correa<\/p>\n\n\n\n<p><strong>Produ\u00e7\u00e3o:<\/strong> Andi Correa<\/p>\n\n\n\n<p><strong>Diretor de Fotografia:<\/strong> Ricardo Cunha<\/p>\n\n\n\n<p><strong>Diretor de Arte:<\/strong> Lislei Cunha<\/p>\n\n\n\n<p><strong>Montador:<\/strong> Gabriel Eyer<\/p>\n\n\n\n<p><strong>Color:<\/strong> Ari Marins<\/p>\n\n\n\n<p><strong>Produtora de \u00c1udio:<\/strong> Zu\u00eara Produ\u00e7\u00f5es<\/p>\n\n\n\n<p><strong>Maestro\/Produtor:<\/strong> M\u00e1rcio Padilha<\/p>\n\n\n\n<p><strong>Trilha musical:<\/strong> Tuca Alves<\/p>\n","protected":false},"excerpt":{"rendered":"<p>Celebrar a conex\u00e3o que o samba cria entre pai e filho. \u00c9 dessa maneira que a Cerveja Original pretende festejar o Dia dos Pais. E quando o assunto envolve esse ritmo musical, n\u00e3o poderia haver outro homenageado que n\u00e3o Arlindo Cruz, um dos mais renomados sambistas do Brasil. Assim, a marca convida o filho dele, [&hellip;]<\/p>\n","protected":false},"author":1,"featured_media":17519,"comment_status":"open","ping_status":"open","sticky":false,"template":"","format":"standard","meta":{"tdm_status":"","tdm_grid_status":"","footnotes":""},"categories":[14],"tags":[3224,65,33,3223,3225],"class_list":["post-17518","post","type-post","status-publish","format-standard","has-post-thumbnail","hentry","category-videos","tag-arlindo-cruz","tag-campanha","tag-estrategia","tag-original","tag-pagode"],"yoast_head":"<!-- This site is optimized with the Yoast SEO plugin v27.5 - https:\/\/yoast.com\/product\/yoast-seo-wordpress\/ -->\n<title>No Dia dos Pais, Cerveja Original convida Arlindinho para prestar homenagem a Arlindo Cruz com o manifesto \u2018Filhos do Samba\u2019 - CidadeMarketing<\/title>\n<meta name=\"robots\" content=\"index, follow, max-snippet:-1, max-image-preview:large, max-video-preview:-1\" \/>\n<link rel=\"canonical\" href=\"https:\/\/www.cidademarketing.com.br\/marketing\/2020\/08\/05\/no-dia-dos-pais-cerveja-original-convida-arlindinho-para-prestar-homenagem-a-arlindo-cruz-com-o-manifesto-filhos-do-samba\/\" \/>\n<meta property=\"og:locale\" content=\"pt_BR\" \/>\n<meta property=\"og:type\" content=\"article\" \/>\n<meta property=\"og:title\" content=\"No Dia dos Pais, Cerveja Original convida Arlindinho para prestar homenagem a Arlindo Cruz com o manifesto \u2018Filhos do Samba\u2019 - CidadeMarketing\" \/>\n<meta property=\"og:description\" content=\"Celebrar a conex\u00e3o que o samba cria entre pai e filho. \u00c9 dessa maneira que a Cerveja Original pretende festejar o Dia dos Pais. E quando o assunto envolve esse ritmo musical, n\u00e3o poderia haver outro homenageado que n\u00e3o Arlindo Cruz, um dos mais renomados sambistas do Brasil. Assim, a marca convida o filho dele, [&hellip;]\" \/>\n<meta property=\"og:url\" content=\"https:\/\/www.cidademarketing.com.br\/marketing\/2020\/08\/05\/no-dia-dos-pais-cerveja-original-convida-arlindinho-para-prestar-homenagem-a-arlindo-cruz-com-o-manifesto-filhos-do-samba\/\" \/>\n<meta property=\"og:site_name\" content=\"CidadeMarketing\" \/>\n<meta property=\"article:publisher\" content=\"https:\/\/www.facebook.com\/portalcidademarketing\" \/>\n<meta property=\"article:author\" content=\"https:\/\/www.facebook.com\/thalesbrandao\" \/>\n<meta property=\"article:published_time\" content=\"2020-08-05T21:52:50+00:00\" \/>\n<meta property=\"article:modified_time\" content=\"2020-08-05T21:52:51+00:00\" \/>\n<meta property=\"og:image\" content=\"https:\/\/www.cidademarketing.com.br\/marketing\/wp-content\/uploads\/2020\/08\/original_arlindinho.png\" \/>\n\t<meta property=\"og:image:width\" content=\"1431\" \/>\n\t<meta property=\"og:image:height\" content=\"798\" \/>\n\t<meta property=\"og:image:type\" content=\"image\/png\" \/>\n<meta name=\"author\" content=\"Thales Brand\u00e3o\" \/>\n<meta name=\"twitter:card\" content=\"summary_large_image\" \/>\n<meta name=\"twitter:creator\" content=\"@http:\/\/www.twitter.com\/thalesbrandao\" \/>\n<meta name=\"twitter:site\" content=\"@CidadeMarketing\" \/>\n<meta name=\"twitter:label1\" content=\"Escrito por\" \/>\n\t<meta name=\"twitter:data1\" content=\"Thales Brand\u00e3o\" \/>\n\t<meta name=\"twitter:label2\" content=\"Est. tempo de leitura\" \/>\n\t<meta name=\"twitter:data2\" content=\"3 minutos\" \/>\n<script type=\"application\/ld+json\" class=\"yoast-schema-graph\">{\"@context\":\"https:\\\/\\\/schema.org\",\"@graph\":[{\"@type\":\"Article\",\"@id\":\"https:\\\/\\\/www.cidademarketing.com.br\\\/marketing\\\/2020\\\/08\\\/05\\\/no-dia-dos-pais-cerveja-original-convida-arlindinho-para-prestar-homenagem-a-arlindo-cruz-com-o-manifesto-filhos-do-samba\\\/#article\",\"isPartOf\":{\"@id\":\"https:\\\/\\\/www.cidademarketing.com.br\\\/marketing\\\/2020\\\/08\\\/05\\\/no-dia-dos-pais-cerveja-original-convida-arlindinho-para-prestar-homenagem-a-arlindo-cruz-com-o-manifesto-filhos-do-samba\\\/\"},\"author\":{\"name\":\"Thales Brand\u00e3o\",\"@id\":\"https:\\\/\\\/www.cidademarketing.com.br\\\/marketing\\\/#\\\/schema\\\/person\\\/02daff9f18bd9378c9e01eb6b2db155f\"},\"headline\":\"No Dia dos Pais, Cerveja Original convida Arlindinho para prestar homenagem a Arlindo Cruz com o manifesto \u2018Filhos do Samba\u2019\",\"datePublished\":\"2020-08-05T21:52:50+00:00\",\"dateModified\":\"2020-08-05T21:52:51+00:00\",\"mainEntityOfPage\":{\"@id\":\"https:\\\/\\\/www.cidademarketing.com.br\\\/marketing\\\/2020\\\/08\\\/05\\\/no-dia-dos-pais-cerveja-original-convida-arlindinho-para-prestar-homenagem-a-arlindo-cruz-com-o-manifesto-filhos-do-samba\\\/\"},\"wordCount\":562,\"commentCount\":0,\"publisher\":{\"@id\":\"https:\\\/\\\/www.cidademarketing.com.br\\\/marketing\\\/#organization\"},\"image\":{\"@id\":\"https:\\\/\\\/www.cidademarketing.com.br\\\/marketing\\\/2020\\\/08\\\/05\\\/no-dia-dos-pais-cerveja-original-convida-arlindinho-para-prestar-homenagem-a-arlindo-cruz-com-o-manifesto-filhos-do-samba\\\/#primaryimage\"},\"thumbnailUrl\":\"https:\\\/\\\/www.cidademarketing.com.br\\\/marketing\\\/wp-content\\\/uploads\\\/2020\\\/08\\\/original_arlindinho.png\",\"keywords\":[\"Arlindo Cruz\",\"campanha\",\"estrat\u00e9gia\",\"Original\",\"pagode\"],\"articleSection\":[\"Videos\"],\"inLanguage\":\"pt-BR\",\"potentialAction\":[{\"@type\":\"CommentAction\",\"name\":\"Comment\",\"target\":[\"https:\\\/\\\/www.cidademarketing.com.br\\\/marketing\\\/2020\\\/08\\\/05\\\/no-dia-dos-pais-cerveja-original-convida-arlindinho-para-prestar-homenagem-a-arlindo-cruz-com-o-manifesto-filhos-do-samba\\\/#respond\"]}]},{\"@type\":\"WebPage\",\"@id\":\"https:\\\/\\\/www.cidademarketing.com.br\\\/marketing\\\/2020\\\/08\\\/05\\\/no-dia-dos-pais-cerveja-original-convida-arlindinho-para-prestar-homenagem-a-arlindo-cruz-com-o-manifesto-filhos-do-samba\\\/\",\"url\":\"https:\\\/\\\/www.cidademarketing.com.br\\\/marketing\\\/2020\\\/08\\\/05\\\/no-dia-dos-pais-cerveja-original-convida-arlindinho-para-prestar-homenagem-a-arlindo-cruz-com-o-manifesto-filhos-do-samba\\\/\",\"name\":\"No Dia dos Pais, Cerveja Original convida Arlindinho para prestar homenagem a Arlindo Cruz com o manifesto \u2018Filhos do Samba\u2019 - CidadeMarketing\",\"isPartOf\":{\"@id\":\"https:\\\/\\\/www.cidademarketing.com.br\\\/marketing\\\/#website\"},\"primaryImageOfPage\":{\"@id\":\"https:\\\/\\\/www.cidademarketing.com.br\\\/marketing\\\/2020\\\/08\\\/05\\\/no-dia-dos-pais-cerveja-original-convida-arlindinho-para-prestar-homenagem-a-arlindo-cruz-com-o-manifesto-filhos-do-samba\\\/#primaryimage\"},\"image\":{\"@id\":\"https:\\\/\\\/www.cidademarketing.com.br\\\/marketing\\\/2020\\\/08\\\/05\\\/no-dia-dos-pais-cerveja-original-convida-arlindinho-para-prestar-homenagem-a-arlindo-cruz-com-o-manifesto-filhos-do-samba\\\/#primaryimage\"},\"thumbnailUrl\":\"https:\\\/\\\/www.cidademarketing.com.br\\\/marketing\\\/wp-content\\\/uploads\\\/2020\\\/08\\\/original_arlindinho.png\",\"datePublished\":\"2020-08-05T21:52:50+00:00\",\"dateModified\":\"2020-08-05T21:52:51+00:00\",\"breadcrumb\":{\"@id\":\"https:\\\/\\\/www.cidademarketing.com.br\\\/marketing\\\/2020\\\/08\\\/05\\\/no-dia-dos-pais-cerveja-original-convida-arlindinho-para-prestar-homenagem-a-arlindo-cruz-com-o-manifesto-filhos-do-samba\\\/#breadcrumb\"},\"inLanguage\":\"pt-BR\",\"potentialAction\":[{\"@type\":\"ReadAction\",\"target\":[\"https:\\\/\\\/www.cidademarketing.com.br\\\/marketing\\\/2020\\\/08\\\/05\\\/no-dia-dos-pais-cerveja-original-convida-arlindinho-para-prestar-homenagem-a-arlindo-cruz-com-o-manifesto-filhos-do-samba\\\/\"]}]},{\"@type\":\"ImageObject\",\"inLanguage\":\"pt-BR\",\"@id\":\"https:\\\/\\\/www.cidademarketing.com.br\\\/marketing\\\/2020\\\/08\\\/05\\\/no-dia-dos-pais-cerveja-original-convida-arlindinho-para-prestar-homenagem-a-arlindo-cruz-com-o-manifesto-filhos-do-samba\\\/#primaryimage\",\"url\":\"https:\\\/\\\/www.cidademarketing.com.br\\\/marketing\\\/wp-content\\\/uploads\\\/2020\\\/08\\\/original_arlindinho.png\",\"contentUrl\":\"https:\\\/\\\/www.cidademarketing.com.br\\\/marketing\\\/wp-content\\\/uploads\\\/2020\\\/08\\\/original_arlindinho.png\",\"width\":1431,\"height\":798,\"caption\":\"Reprodu\u00e7\u00e3o\"},{\"@type\":\"BreadcrumbList\",\"@id\":\"https:\\\/\\\/www.cidademarketing.com.br\\\/marketing\\\/2020\\\/08\\\/05\\\/no-dia-dos-pais-cerveja-original-convida-arlindinho-para-prestar-homenagem-a-arlindo-cruz-com-o-manifesto-filhos-do-samba\\\/#breadcrumb\",\"itemListElement\":[{\"@type\":\"ListItem\",\"position\":1,\"name\":\"In\u00edcio\",\"item\":\"https:\\\/\\\/www.cidademarketing.com.br\\\/marketing\\\/\"},{\"@type\":\"ListItem\",\"position\":2,\"name\":\"No Dia dos Pais, Cerveja Original convida Arlindinho para prestar homenagem a Arlindo Cruz com o manifesto \u2018Filhos do Samba\u2019\"}]},{\"@type\":\"WebSite\",\"@id\":\"https:\\\/\\\/www.cidademarketing.com.br\\\/marketing\\\/#website\",\"url\":\"https:\\\/\\\/www.cidademarketing.com.br\\\/marketing\\\/\",\"name\":\"CidadeMarketing\",\"description\":\"Somos um ve\u00edculo de comunica\u00e7\u00e3o de destaque no Brasil, reconhecido por conte\u00fados nos segmentos de marketing, empreendedorismo e inova\u00e7\u00e3o.\",\"publisher\":{\"@id\":\"https:\\\/\\\/www.cidademarketing.com.br\\\/marketing\\\/#organization\"},\"alternateName\":\"CidadeMarketing\",\"potentialAction\":[{\"@type\":\"SearchAction\",\"target\":{\"@type\":\"EntryPoint\",\"urlTemplate\":\"https:\\\/\\\/www.cidademarketing.com.br\\\/marketing\\\/?s={search_term_string}\"},\"query-input\":{\"@type\":\"PropertyValueSpecification\",\"valueRequired\":true,\"valueName\":\"search_term_string\"}}],\"inLanguage\":\"pt-BR\"},{\"@type\":\"Organization\",\"@id\":\"https:\\\/\\\/www.cidademarketing.com.br\\\/marketing\\\/#organization\",\"name\":\"CidadeMarketing\",\"alternateName\":\"CidadeMarketing\",\"url\":\"https:\\\/\\\/www.cidademarketing.com.br\\\/marketing\\\/\",\"logo\":{\"@type\":\"ImageObject\",\"inLanguage\":\"pt-BR\",\"@id\":\"https:\\\/\\\/www.cidademarketing.com.br\\\/marketing\\\/#\\\/schema\\\/logo\\\/image\\\/\",\"url\":\"https:\\\/\\\/www.cidademarketing.com.br\\\/marketing\\\/wp-content\\\/uploads\\\/2020\\\/01\\\/cidademarketing_marca_mobile.png\",\"contentUrl\":\"https:\\\/\\\/www.cidademarketing.com.br\\\/marketing\\\/wp-content\\\/uploads\\\/2020\\\/01\\\/cidademarketing_marca_mobile.png\",\"width\":230,\"height\":92,\"caption\":\"CidadeMarketing\"},\"image\":{\"@id\":\"https:\\\/\\\/www.cidademarketing.com.br\\\/marketing\\\/#\\\/schema\\\/logo\\\/image\\\/\"},\"sameAs\":[\"https:\\\/\\\/www.facebook.com\\\/portalcidademarketing\",\"https:\\\/\\\/x.com\\\/CidadeMarketing\",\"https:\\\/\\\/www.instagram.com\\\/cidademarketing\\\/\"]},{\"@type\":\"Person\",\"@id\":\"https:\\\/\\\/www.cidademarketing.com.br\\\/marketing\\\/#\\\/schema\\\/person\\\/02daff9f18bd9378c9e01eb6b2db155f\",\"name\":\"Thales Brand\u00e3o\",\"image\":{\"@type\":\"ImageObject\",\"inLanguage\":\"pt-BR\",\"@id\":\"https:\\\/\\\/secure.gravatar.com\\\/avatar\\\/7ca3206950207cc3cb48feec56a8a7898741ab725c368d99d5d7a5a50aab80c6?s=96&d=mm&r=g\",\"url\":\"https:\\\/\\\/secure.gravatar.com\\\/avatar\\\/7ca3206950207cc3cb48feec56a8a7898741ab725c368d99d5d7a5a50aab80c6?s=96&d=mm&r=g\",\"contentUrl\":\"https:\\\/\\\/secure.gravatar.com\\\/avatar\\\/7ca3206950207cc3cb48feec56a8a7898741ab725c368d99d5d7a5a50aab80c6?s=96&d=mm&r=g\",\"caption\":\"Thales Brand\u00e3o\"},\"description\":\"Editor Executivo do Portal CidadeMarketing.com.br &gt; Mestre em Comunica\u00e7\u00e3o e Sociedade pela Universidade Federal de Sergipe. Possui MBA Executivo em Administra\u00e7\u00e3o com \u00eanfase em Marketing pela Funda\u00e7\u00e3o Get\u00falio Vargas - Rio de Janeiro. Consultor, Palestrante e Pesquisador sobre Empreendedorismo, Marketing, Redes Sociais e Neg\u00f3cios Digitais. Professor, Palestrante TedxTalks e Campus Party. Twitter: @ThalesBrandao\",\"sameAs\":[\"http:\\\/\\\/www.mandacaru.com.br\",\"https:\\\/\\\/www.facebook.com\\\/thalesbrandao\",\"http:\\\/\\\/www.instagram.com.br\\\/thalesbrandaoferreira\",\"https:\\\/\\\/www.linkedin.com\\\/in\\\/thales-brand\u00e3o-3948609\\\/\",\"https:\\\/\\\/x.com\\\/http:\\\/\\\/www.twitter.com\\\/thalesbrandao\"],\"url\":\"https:\\\/\\\/www.cidademarketing.com.br\\\/marketing\\\/author\\\/thalesbrandao\\\/\"}]}<\/script>\n<!-- \/ Yoast SEO plugin. -->","yoast_head_json":{"title":"No Dia dos Pais, Cerveja Original convida Arlindinho para prestar homenagem a Arlindo Cruz com o manifesto \u2018Filhos do Samba\u2019 - CidadeMarketing","robots":{"index":"index","follow":"follow","max-snippet":"max-snippet:-1","max-image-preview":"max-image-preview:large","max-video-preview":"max-video-preview:-1"},"canonical":"https:\/\/www.cidademarketing.com.br\/marketing\/2020\/08\/05\/no-dia-dos-pais-cerveja-original-convida-arlindinho-para-prestar-homenagem-a-arlindo-cruz-com-o-manifesto-filhos-do-samba\/","og_locale":"pt_BR","og_type":"article","og_title":"No Dia dos Pais, Cerveja Original convida Arlindinho para prestar homenagem a Arlindo Cruz com o manifesto \u2018Filhos do Samba\u2019 - CidadeMarketing","og_description":"Celebrar a conex\u00e3o que o samba cria entre pai e filho. \u00c9 dessa maneira que a Cerveja Original pretende festejar o Dia dos Pais. E quando o assunto envolve esse ritmo musical, n\u00e3o poderia haver outro homenageado que n\u00e3o Arlindo Cruz, um dos mais renomados sambistas do Brasil. Assim, a marca convida o filho dele, [&hellip;]","og_url":"https:\/\/www.cidademarketing.com.br\/marketing\/2020\/08\/05\/no-dia-dos-pais-cerveja-original-convida-arlindinho-para-prestar-homenagem-a-arlindo-cruz-com-o-manifesto-filhos-do-samba\/","og_site_name":"CidadeMarketing","article_publisher":"https:\/\/www.facebook.com\/portalcidademarketing","article_author":"https:\/\/www.facebook.com\/thalesbrandao","article_published_time":"2020-08-05T21:52:50+00:00","article_modified_time":"2020-08-05T21:52:51+00:00","og_image":[{"width":1431,"height":798,"url":"https:\/\/www.cidademarketing.com.br\/marketing\/wp-content\/uploads\/2020\/08\/original_arlindinho.png","type":"image\/png"}],"author":"Thales Brand\u00e3o","twitter_card":"summary_large_image","twitter_creator":"@http:\/\/www.twitter.com\/thalesbrandao","twitter_site":"@CidadeMarketing","twitter_misc":{"Escrito por":"Thales Brand\u00e3o","Est. tempo de leitura":"3 minutos"},"schema":{"@context":"https:\/\/schema.org","@graph":[{"@type":"Article","@id":"https:\/\/www.cidademarketing.com.br\/marketing\/2020\/08\/05\/no-dia-dos-pais-cerveja-original-convida-arlindinho-para-prestar-homenagem-a-arlindo-cruz-com-o-manifesto-filhos-do-samba\/#article","isPartOf":{"@id":"https:\/\/www.cidademarketing.com.br\/marketing\/2020\/08\/05\/no-dia-dos-pais-cerveja-original-convida-arlindinho-para-prestar-homenagem-a-arlindo-cruz-com-o-manifesto-filhos-do-samba\/"},"author":{"name":"Thales Brand\u00e3o","@id":"https:\/\/www.cidademarketing.com.br\/marketing\/#\/schema\/person\/02daff9f18bd9378c9e01eb6b2db155f"},"headline":"No Dia dos Pais, Cerveja Original convida Arlindinho para prestar homenagem a Arlindo Cruz com o manifesto \u2018Filhos do Samba\u2019","datePublished":"2020-08-05T21:52:50+00:00","dateModified":"2020-08-05T21:52:51+00:00","mainEntityOfPage":{"@id":"https:\/\/www.cidademarketing.com.br\/marketing\/2020\/08\/05\/no-dia-dos-pais-cerveja-original-convida-arlindinho-para-prestar-homenagem-a-arlindo-cruz-com-o-manifesto-filhos-do-samba\/"},"wordCount":562,"commentCount":0,"publisher":{"@id":"https:\/\/www.cidademarketing.com.br\/marketing\/#organization"},"image":{"@id":"https:\/\/www.cidademarketing.com.br\/marketing\/2020\/08\/05\/no-dia-dos-pais-cerveja-original-convida-arlindinho-para-prestar-homenagem-a-arlindo-cruz-com-o-manifesto-filhos-do-samba\/#primaryimage"},"thumbnailUrl":"https:\/\/www.cidademarketing.com.br\/marketing\/wp-content\/uploads\/2020\/08\/original_arlindinho.png","keywords":["Arlindo Cruz","campanha","estrat\u00e9gia","Original","pagode"],"articleSection":["Videos"],"inLanguage":"pt-BR","potentialAction":[{"@type":"CommentAction","name":"Comment","target":["https:\/\/www.cidademarketing.com.br\/marketing\/2020\/08\/05\/no-dia-dos-pais-cerveja-original-convida-arlindinho-para-prestar-homenagem-a-arlindo-cruz-com-o-manifesto-filhos-do-samba\/#respond"]}]},{"@type":"WebPage","@id":"https:\/\/www.cidademarketing.com.br\/marketing\/2020\/08\/05\/no-dia-dos-pais-cerveja-original-convida-arlindinho-para-prestar-homenagem-a-arlindo-cruz-com-o-manifesto-filhos-do-samba\/","url":"https:\/\/www.cidademarketing.com.br\/marketing\/2020\/08\/05\/no-dia-dos-pais-cerveja-original-convida-arlindinho-para-prestar-homenagem-a-arlindo-cruz-com-o-manifesto-filhos-do-samba\/","name":"No Dia dos Pais, Cerveja Original convida Arlindinho para prestar homenagem a Arlindo Cruz com o manifesto \u2018Filhos do Samba\u2019 - CidadeMarketing","isPartOf":{"@id":"https:\/\/www.cidademarketing.com.br\/marketing\/#website"},"primaryImageOfPage":{"@id":"https:\/\/www.cidademarketing.com.br\/marketing\/2020\/08\/05\/no-dia-dos-pais-cerveja-original-convida-arlindinho-para-prestar-homenagem-a-arlindo-cruz-com-o-manifesto-filhos-do-samba\/#primaryimage"},"image":{"@id":"https:\/\/www.cidademarketing.com.br\/marketing\/2020\/08\/05\/no-dia-dos-pais-cerveja-original-convida-arlindinho-para-prestar-homenagem-a-arlindo-cruz-com-o-manifesto-filhos-do-samba\/#primaryimage"},"thumbnailUrl":"https:\/\/www.cidademarketing.com.br\/marketing\/wp-content\/uploads\/2020\/08\/original_arlindinho.png","datePublished":"2020-08-05T21:52:50+00:00","dateModified":"2020-08-05T21:52:51+00:00","breadcrumb":{"@id":"https:\/\/www.cidademarketing.com.br\/marketing\/2020\/08\/05\/no-dia-dos-pais-cerveja-original-convida-arlindinho-para-prestar-homenagem-a-arlindo-cruz-com-o-manifesto-filhos-do-samba\/#breadcrumb"},"inLanguage":"pt-BR","potentialAction":[{"@type":"ReadAction","target":["https:\/\/www.cidademarketing.com.br\/marketing\/2020\/08\/05\/no-dia-dos-pais-cerveja-original-convida-arlindinho-para-prestar-homenagem-a-arlindo-cruz-com-o-manifesto-filhos-do-samba\/"]}]},{"@type":"ImageObject","inLanguage":"pt-BR","@id":"https:\/\/www.cidademarketing.com.br\/marketing\/2020\/08\/05\/no-dia-dos-pais-cerveja-original-convida-arlindinho-para-prestar-homenagem-a-arlindo-cruz-com-o-manifesto-filhos-do-samba\/#primaryimage","url":"https:\/\/www.cidademarketing.com.br\/marketing\/wp-content\/uploads\/2020\/08\/original_arlindinho.png","contentUrl":"https:\/\/www.cidademarketing.com.br\/marketing\/wp-content\/uploads\/2020\/08\/original_arlindinho.png","width":1431,"height":798,"caption":"Reprodu\u00e7\u00e3o"},{"@type":"BreadcrumbList","@id":"https:\/\/www.cidademarketing.com.br\/marketing\/2020\/08\/05\/no-dia-dos-pais-cerveja-original-convida-arlindinho-para-prestar-homenagem-a-arlindo-cruz-com-o-manifesto-filhos-do-samba\/#breadcrumb","itemListElement":[{"@type":"ListItem","position":1,"name":"In\u00edcio","item":"https:\/\/www.cidademarketing.com.br\/marketing\/"},{"@type":"ListItem","position":2,"name":"No Dia dos Pais, Cerveja Original convida Arlindinho para prestar homenagem a Arlindo Cruz com o manifesto \u2018Filhos do Samba\u2019"}]},{"@type":"WebSite","@id":"https:\/\/www.cidademarketing.com.br\/marketing\/#website","url":"https:\/\/www.cidademarketing.com.br\/marketing\/","name":"CidadeMarketing","description":"Somos um ve\u00edculo de comunica\u00e7\u00e3o de destaque no Brasil, reconhecido por conte\u00fados nos segmentos de marketing, empreendedorismo e inova\u00e7\u00e3o.","publisher":{"@id":"https:\/\/www.cidademarketing.com.br\/marketing\/#organization"},"alternateName":"CidadeMarketing","potentialAction":[{"@type":"SearchAction","target":{"@type":"EntryPoint","urlTemplate":"https:\/\/www.cidademarketing.com.br\/marketing\/?s={search_term_string}"},"query-input":{"@type":"PropertyValueSpecification","valueRequired":true,"valueName":"search_term_string"}}],"inLanguage":"pt-BR"},{"@type":"Organization","@id":"https:\/\/www.cidademarketing.com.br\/marketing\/#organization","name":"CidadeMarketing","alternateName":"CidadeMarketing","url":"https:\/\/www.cidademarketing.com.br\/marketing\/","logo":{"@type":"ImageObject","inLanguage":"pt-BR","@id":"https:\/\/www.cidademarketing.com.br\/marketing\/#\/schema\/logo\/image\/","url":"https:\/\/www.cidademarketing.com.br\/marketing\/wp-content\/uploads\/2020\/01\/cidademarketing_marca_mobile.png","contentUrl":"https:\/\/www.cidademarketing.com.br\/marketing\/wp-content\/uploads\/2020\/01\/cidademarketing_marca_mobile.png","width":230,"height":92,"caption":"CidadeMarketing"},"image":{"@id":"https:\/\/www.cidademarketing.com.br\/marketing\/#\/schema\/logo\/image\/"},"sameAs":["https:\/\/www.facebook.com\/portalcidademarketing","https:\/\/x.com\/CidadeMarketing","https:\/\/www.instagram.com\/cidademarketing\/"]},{"@type":"Person","@id":"https:\/\/www.cidademarketing.com.br\/marketing\/#\/schema\/person\/02daff9f18bd9378c9e01eb6b2db155f","name":"Thales Brand\u00e3o","image":{"@type":"ImageObject","inLanguage":"pt-BR","@id":"https:\/\/secure.gravatar.com\/avatar\/7ca3206950207cc3cb48feec56a8a7898741ab725c368d99d5d7a5a50aab80c6?s=96&d=mm&r=g","url":"https:\/\/secure.gravatar.com\/avatar\/7ca3206950207cc3cb48feec56a8a7898741ab725c368d99d5d7a5a50aab80c6?s=96&d=mm&r=g","contentUrl":"https:\/\/secure.gravatar.com\/avatar\/7ca3206950207cc3cb48feec56a8a7898741ab725c368d99d5d7a5a50aab80c6?s=96&d=mm&r=g","caption":"Thales Brand\u00e3o"},"description":"Editor Executivo do Portal CidadeMarketing.com.br &gt; Mestre em Comunica\u00e7\u00e3o e Sociedade pela Universidade Federal de Sergipe. Possui MBA Executivo em Administra\u00e7\u00e3o com \u00eanfase em Marketing pela Funda\u00e7\u00e3o Get\u00falio Vargas - Rio de Janeiro. Consultor, Palestrante e Pesquisador sobre Empreendedorismo, Marketing, Redes Sociais e Neg\u00f3cios Digitais. Professor, Palestrante TedxTalks e Campus Party. Twitter: @ThalesBrandao","sameAs":["http:\/\/www.mandacaru.com.br","https:\/\/www.facebook.com\/thalesbrandao","http:\/\/www.instagram.com.br\/thalesbrandaoferreira","https:\/\/www.linkedin.com\/in\/thales-brand\u00e3o-3948609\/","https:\/\/x.com\/http:\/\/www.twitter.com\/thalesbrandao"],"url":"https:\/\/www.cidademarketing.com.br\/marketing\/author\/thalesbrandao\/"}]}},"amp_enabled":true,"_links":{"self":[{"href":"https:\/\/www.cidademarketing.com.br\/marketing\/wp-json\/wp\/v2\/posts\/17518","targetHints":{"allow":["GET"]}}],"collection":[{"href":"https:\/\/www.cidademarketing.com.br\/marketing\/wp-json\/wp\/v2\/posts"}],"about":[{"href":"https:\/\/www.cidademarketing.com.br\/marketing\/wp-json\/wp\/v2\/types\/post"}],"author":[{"embeddable":true,"href":"https:\/\/www.cidademarketing.com.br\/marketing\/wp-json\/wp\/v2\/users\/1"}],"replies":[{"embeddable":true,"href":"https:\/\/www.cidademarketing.com.br\/marketing\/wp-json\/wp\/v2\/comments?post=17518"}],"version-history":[{"count":1,"href":"https:\/\/www.cidademarketing.com.br\/marketing\/wp-json\/wp\/v2\/posts\/17518\/revisions"}],"predecessor-version":[{"id":17520,"href":"https:\/\/www.cidademarketing.com.br\/marketing\/wp-json\/wp\/v2\/posts\/17518\/revisions\/17520"}],"wp:featuredmedia":[{"embeddable":true,"href":"https:\/\/www.cidademarketing.com.br\/marketing\/wp-json\/wp\/v2\/media\/17519"}],"wp:attachment":[{"href":"https:\/\/www.cidademarketing.com.br\/marketing\/wp-json\/wp\/v2\/media?parent=17518"}],"wp:term":[{"taxonomy":"category","embeddable":true,"href":"https:\/\/www.cidademarketing.com.br\/marketing\/wp-json\/wp\/v2\/categories?post=17518"},{"taxonomy":"post_tag","embeddable":true,"href":"https:\/\/www.cidademarketing.com.br\/marketing\/wp-json\/wp\/v2\/tags?post=17518"}],"curies":[{"name":"wp","href":"https:\/\/api.w.org\/{rel}","templated":true}]}}