{"id":17433,"date":"2020-08-02T00:36:46","date_gmt":"2020-08-02T03:36:46","guid":{"rendered":"https:\/\/www.cidademarketing.com.br\/marketing\/?p=17433"},"modified":"2020-08-02T00:37:44","modified_gmt":"2020-08-02T03:37:44","slug":"empreendedora-curitibana-lanca-projeto-de-moda-com-frases-inspiradoras","status":"publish","type":"post","link":"https:\/\/www.cidademarketing.com.br\/marketing\/2020\/08\/02\/empreendedora-curitibana-lanca-projeto-de-moda-com-frases-inspiradoras\/","title":{"rendered":"Empreendedora curitibana lan\u00e7a projeto de moda com frases inspiradoras"},"content":{"rendered":"\n<p>A pandemia covid-19 tem sido um grande desafio para empresas de diversos setores. Mas, ao mesmo tempo, tem se mostrado como oportunidade para muitos neg\u00f3cios, especialmente no com\u00e9rcio eletr\u00f4nico.  E justamente neste momento a empres\u00e1ria curitibana Hanna Azevedo lan\u00e7ou um projeto de vendas de roupas com frases inspiradoras, aliando duas grandes oportunidades do momento: o aumento das vendas online e a necessidade de mensagens positivas.<\/p>\n\n\n\n<figure class=\"wp-block-image size-large\"><a href=\"https:\/\/www.hannabacana.store\/\" target=\"_blank\" rel=\"noopener noreferrer\"><img fetchpriority=\"high\" decoding=\"async\" width=\"1024\" height=\"588\" src=\"https:\/\/www.cidademarketing.com.br\/marketing\/wp-content\/uploads\/2020\/08\/hanna_bacana_moda-1024x588.jpg\" alt=\"\" class=\"wp-image-17434\" srcset=\"https:\/\/www.cidademarketing.com.br\/marketing\/wp-content\/uploads\/2020\/08\/hanna_bacana_moda-1024x588.jpg 1024w, https:\/\/www.cidademarketing.com.br\/marketing\/wp-content\/uploads\/2020\/08\/hanna_bacana_moda-300x172.jpg 300w, https:\/\/www.cidademarketing.com.br\/marketing\/wp-content\/uploads\/2020\/08\/hanna_bacana_moda-768x441.jpg 768w, https:\/\/www.cidademarketing.com.br\/marketing\/wp-content\/uploads\/2020\/08\/hanna_bacana_moda-731x420.jpg 731w, https:\/\/www.cidademarketing.com.br\/marketing\/wp-content\/uploads\/2020\/08\/hanna_bacana_moda-640x368.jpg 640w, https:\/\/www.cidademarketing.com.br\/marketing\/wp-content\/uploads\/2020\/08\/hanna_bacana_moda-681x391.jpg 681w, https:\/\/www.cidademarketing.com.br\/marketing\/wp-content\/uploads\/2020\/08\/hanna_bacana_moda.jpg 1528w\" sizes=\"(max-width: 1024px) 100vw, 1024px\" \/><\/a><\/figure>\n\n\n\n<p><br>Segundo a empreendedora \u201cAs palavras tem poder. Queremos possibilitar que as pessoas vistam-se delas\u201d.  A grife \u201c<a rel=\"noreferrer noopener\" href=\"https:\/\/www.hannabacana.store\/\" target=\"_blank\">HannaBacana<\/a>&#8221; nasceu durante o per\u00edodo de quarentena, em pleno \u201calerta laranja\u201d na cidade de Curitiba e j\u00e1 nos primeiros dias as vendas alcan\u00e7aram<br>cidades distantes, comprovando o poder do com\u00e9rcio digital. Em menos de 30 dias o investimento inicial j\u00e1 havia retornado e agora a<br>empreendedora mira v\u00f4os maiores. \u201cQueremos alcan\u00e7ar clientes de todo o Brasil, levando n\u00e3o apenas roupas com estilo, mas mensagens inspiradoras que tornem o dia-a-dia das pessoas mais leve e positivo\u201d, afirma Hanna Azevedo.<\/p>\n\n\n\n<p><\/p>\n","protected":false},"excerpt":{"rendered":"<p>A pandemia covid-19 tem sido um grande desafio para empresas de diversos setores. Mas, ao mesmo tempo, tem se mostrado como oportunidade para muitos neg\u00f3cios, especialmente no com\u00e9rcio eletr\u00f4nico. E justamente neste momento a empres\u00e1ria curitibana Hanna Azevedo lan\u00e7ou um projeto de vendas de roupas com frases inspiradoras, aliando duas grandes oportunidades do momento: o [&hellip;]<\/p>\n","protected":false},"author":1,"featured_media":17435,"comment_status":"open","ping_status":"open","sticky":false,"template":"","format":"standard","meta":{"tdm_status":"","tdm_grid_status":"","footnotes":""},"categories":[11,6],"tags":[1754,214,33,3210,3211,26],"class_list":["post-17433","post","type-post","status-publish","format-standard","has-post-thumbnail","hentry","category-digital","category-noticias","tag-curitiba","tag-e-commerce","tag-estrategia","tag-hanna-azevedo","tag-hanna-bacana","tag-marketing-digital"],"yoast_head":"<!-- This site is optimized with the Yoast SEO plugin v27.5 - https:\/\/yoast.com\/product\/yoast-seo-wordpress\/ -->\n<title>Empreendedora curitibana lan\u00e7a projeto de moda com frases inspiradoras - CidadeMarketing<\/title>\n<meta name=\"robots\" content=\"index, follow, max-snippet:-1, max-image-preview:large, max-video-preview:-1\" \/>\n<link rel=\"canonical\" href=\"https:\/\/www.cidademarketing.com.br\/marketing\/2020\/08\/02\/empreendedora-curitibana-lanca-projeto-de-moda-com-frases-inspiradoras\/\" \/>\n<meta property=\"og:locale\" content=\"pt_BR\" \/>\n<meta property=\"og:type\" content=\"article\" \/>\n<meta property=\"og:title\" content=\"Empreendedora curitibana lan\u00e7a projeto de moda com frases inspiradoras - CidadeMarketing\" \/>\n<meta property=\"og:description\" content=\"A pandemia covid-19 tem sido um grande desafio para empresas de diversos setores. Mas, ao mesmo tempo, tem se mostrado como oportunidade para muitos neg\u00f3cios, especialmente no com\u00e9rcio eletr\u00f4nico. E justamente neste momento a empres\u00e1ria curitibana Hanna Azevedo lan\u00e7ou um projeto de vendas de roupas com frases inspiradoras, aliando duas grandes oportunidades do momento: o [&hellip;]\" \/>\n<meta property=\"og:url\" content=\"https:\/\/www.cidademarketing.com.br\/marketing\/2020\/08\/02\/empreendedora-curitibana-lanca-projeto-de-moda-com-frases-inspiradoras\/\" \/>\n<meta property=\"og:site_name\" content=\"CidadeMarketing\" \/>\n<meta property=\"article:publisher\" content=\"https:\/\/www.facebook.com\/portalcidademarketing\" \/>\n<meta property=\"article:author\" content=\"https:\/\/www.facebook.com\/thalesbrandao\" \/>\n<meta property=\"article:published_time\" content=\"2020-08-02T03:36:46+00:00\" \/>\n<meta property=\"article:modified_time\" content=\"2020-08-02T03:37:44+00:00\" \/>\n<meta property=\"og:image\" content=\"https:\/\/www.cidademarketing.com.br\/marketing\/wp-content\/uploads\/2020\/08\/hanna_azevedo_01.jpeg\" \/>\n\t<meta property=\"og:image:width\" content=\"768\" \/>\n\t<meta property=\"og:image:height\" content=\"1024\" \/>\n\t<meta property=\"og:image:type\" content=\"image\/jpeg\" \/>\n<meta name=\"author\" content=\"Thales Brand\u00e3o\" \/>\n<meta name=\"twitter:card\" content=\"summary_large_image\" \/>\n<meta name=\"twitter:creator\" content=\"@http:\/\/www.twitter.com\/thalesbrandao\" \/>\n<meta name=\"twitter:site\" content=\"@CidadeMarketing\" \/>\n<meta name=\"twitter:label1\" content=\"Escrito por\" \/>\n\t<meta name=\"twitter:data1\" content=\"Thales Brand\u00e3o\" \/>\n\t<meta name=\"twitter:label2\" content=\"Est. tempo de leitura\" \/>\n\t<meta name=\"twitter:data2\" content=\"1 minuto\" \/>\n<script type=\"application\/ld+json\" class=\"yoast-schema-graph\">{\"@context\":\"https:\\\/\\\/schema.org\",\"@graph\":[{\"@type\":\"Article\",\"@id\":\"https:\\\/\\\/www.cidademarketing.com.br\\\/marketing\\\/2020\\\/08\\\/02\\\/empreendedora-curitibana-lanca-projeto-de-moda-com-frases-inspiradoras\\\/#article\",\"isPartOf\":{\"@id\":\"https:\\\/\\\/www.cidademarketing.com.br\\\/marketing\\\/2020\\\/08\\\/02\\\/empreendedora-curitibana-lanca-projeto-de-moda-com-frases-inspiradoras\\\/\"},\"author\":{\"name\":\"Thales Brand\u00e3o\",\"@id\":\"https:\\\/\\\/www.cidademarketing.com.br\\\/marketing\\\/#\\\/schema\\\/person\\\/02daff9f18bd9378c9e01eb6b2db155f\"},\"headline\":\"Empreendedora curitibana lan\u00e7a projeto de moda com frases inspiradoras\",\"datePublished\":\"2020-08-02T03:36:46+00:00\",\"dateModified\":\"2020-08-02T03:37:44+00:00\",\"mainEntityOfPage\":{\"@id\":\"https:\\\/\\\/www.cidademarketing.com.br\\\/marketing\\\/2020\\\/08\\\/02\\\/empreendedora-curitibana-lanca-projeto-de-moda-com-frases-inspiradoras\\\/\"},\"wordCount\":177,\"commentCount\":0,\"publisher\":{\"@id\":\"https:\\\/\\\/www.cidademarketing.com.br\\\/marketing\\\/#organization\"},\"image\":{\"@id\":\"https:\\\/\\\/www.cidademarketing.com.br\\\/marketing\\\/2020\\\/08\\\/02\\\/empreendedora-curitibana-lanca-projeto-de-moda-com-frases-inspiradoras\\\/#primaryimage\"},\"thumbnailUrl\":\"https:\\\/\\\/www.cidademarketing.com.br\\\/marketing\\\/wp-content\\\/uploads\\\/2020\\\/08\\\/hanna_azevedo_01.jpeg\",\"keywords\":[\"Curitiba\",\"e-commerce\",\"estrat\u00e9gia\",\"Hanna Azevedo\",\"Hanna Bacana\",\"marketing digital\"],\"articleSection\":[\"Digital\",\"Not\u00edcias\"],\"inLanguage\":\"pt-BR\",\"potentialAction\":[{\"@type\":\"CommentAction\",\"name\":\"Comment\",\"target\":[\"https:\\\/\\\/www.cidademarketing.com.br\\\/marketing\\\/2020\\\/08\\\/02\\\/empreendedora-curitibana-lanca-projeto-de-moda-com-frases-inspiradoras\\\/#respond\"]}]},{\"@type\":\"WebPage\",\"@id\":\"https:\\\/\\\/www.cidademarketing.com.br\\\/marketing\\\/2020\\\/08\\\/02\\\/empreendedora-curitibana-lanca-projeto-de-moda-com-frases-inspiradoras\\\/\",\"url\":\"https:\\\/\\\/www.cidademarketing.com.br\\\/marketing\\\/2020\\\/08\\\/02\\\/empreendedora-curitibana-lanca-projeto-de-moda-com-frases-inspiradoras\\\/\",\"name\":\"Empreendedora curitibana lan\u00e7a projeto de moda com frases inspiradoras - CidadeMarketing\",\"isPartOf\":{\"@id\":\"https:\\\/\\\/www.cidademarketing.com.br\\\/marketing\\\/#website\"},\"primaryImageOfPage\":{\"@id\":\"https:\\\/\\\/www.cidademarketing.com.br\\\/marketing\\\/2020\\\/08\\\/02\\\/empreendedora-curitibana-lanca-projeto-de-moda-com-frases-inspiradoras\\\/#primaryimage\"},\"image\":{\"@id\":\"https:\\\/\\\/www.cidademarketing.com.br\\\/marketing\\\/2020\\\/08\\\/02\\\/empreendedora-curitibana-lanca-projeto-de-moda-com-frases-inspiradoras\\\/#primaryimage\"},\"thumbnailUrl\":\"https:\\\/\\\/www.cidademarketing.com.br\\\/marketing\\\/wp-content\\\/uploads\\\/2020\\\/08\\\/hanna_azevedo_01.jpeg\",\"datePublished\":\"2020-08-02T03:36:46+00:00\",\"dateModified\":\"2020-08-02T03:37:44+00:00\",\"breadcrumb\":{\"@id\":\"https:\\\/\\\/www.cidademarketing.com.br\\\/marketing\\\/2020\\\/08\\\/02\\\/empreendedora-curitibana-lanca-projeto-de-moda-com-frases-inspiradoras\\\/#breadcrumb\"},\"inLanguage\":\"pt-BR\",\"potentialAction\":[{\"@type\":\"ReadAction\",\"target\":[\"https:\\\/\\\/www.cidademarketing.com.br\\\/marketing\\\/2020\\\/08\\\/02\\\/empreendedora-curitibana-lanca-projeto-de-moda-com-frases-inspiradoras\\\/\"]}]},{\"@type\":\"ImageObject\",\"inLanguage\":\"pt-BR\",\"@id\":\"https:\\\/\\\/www.cidademarketing.com.br\\\/marketing\\\/2020\\\/08\\\/02\\\/empreendedora-curitibana-lanca-projeto-de-moda-com-frases-inspiradoras\\\/#primaryimage\",\"url\":\"https:\\\/\\\/www.cidademarketing.com.br\\\/marketing\\\/wp-content\\\/uploads\\\/2020\\\/08\\\/hanna_azevedo_01.jpeg\",\"contentUrl\":\"https:\\\/\\\/www.cidademarketing.com.br\\\/marketing\\\/wp-content\\\/uploads\\\/2020\\\/08\\\/hanna_azevedo_01.jpeg\",\"width\":768,\"height\":1024,\"caption\":\"E-commerce: Em tempos de crise, empreendedora curitibana faz sucesso com camisas inspiradoras.\"},{\"@type\":\"BreadcrumbList\",\"@id\":\"https:\\\/\\\/www.cidademarketing.com.br\\\/marketing\\\/2020\\\/08\\\/02\\\/empreendedora-curitibana-lanca-projeto-de-moda-com-frases-inspiradoras\\\/#breadcrumb\",\"itemListElement\":[{\"@type\":\"ListItem\",\"position\":1,\"name\":\"In\u00edcio\",\"item\":\"https:\\\/\\\/www.cidademarketing.com.br\\\/marketing\\\/\"},{\"@type\":\"ListItem\",\"position\":2,\"name\":\"Empreendedora curitibana lan\u00e7a projeto de moda com frases inspiradoras\"}]},{\"@type\":\"WebSite\",\"@id\":\"https:\\\/\\\/www.cidademarketing.com.br\\\/marketing\\\/#website\",\"url\":\"https:\\\/\\\/www.cidademarketing.com.br\\\/marketing\\\/\",\"name\":\"CidadeMarketing\",\"description\":\"Somos um ve\u00edculo de comunica\u00e7\u00e3o de destaque no Brasil, reconhecido por conte\u00fados nos segmentos de marketing, empreendedorismo e inova\u00e7\u00e3o.\",\"publisher\":{\"@id\":\"https:\\\/\\\/www.cidademarketing.com.br\\\/marketing\\\/#organization\"},\"alternateName\":\"CidadeMarketing\",\"potentialAction\":[{\"@type\":\"SearchAction\",\"target\":{\"@type\":\"EntryPoint\",\"urlTemplate\":\"https:\\\/\\\/www.cidademarketing.com.br\\\/marketing\\\/?s={search_term_string}\"},\"query-input\":{\"@type\":\"PropertyValueSpecification\",\"valueRequired\":true,\"valueName\":\"search_term_string\"}}],\"inLanguage\":\"pt-BR\"},{\"@type\":\"Organization\",\"@id\":\"https:\\\/\\\/www.cidademarketing.com.br\\\/marketing\\\/#organization\",\"name\":\"CidadeMarketing\",\"alternateName\":\"CidadeMarketing\",\"url\":\"https:\\\/\\\/www.cidademarketing.com.br\\\/marketing\\\/\",\"logo\":{\"@type\":\"ImageObject\",\"inLanguage\":\"pt-BR\",\"@id\":\"https:\\\/\\\/www.cidademarketing.com.br\\\/marketing\\\/#\\\/schema\\\/logo\\\/image\\\/\",\"url\":\"https:\\\/\\\/www.cidademarketing.com.br\\\/marketing\\\/wp-content\\\/uploads\\\/2020\\\/01\\\/cidademarketing_marca_mobile.png\",\"contentUrl\":\"https:\\\/\\\/www.cidademarketing.com.br\\\/marketing\\\/wp-content\\\/uploads\\\/2020\\\/01\\\/cidademarketing_marca_mobile.png\",\"width\":230,\"height\":92,\"caption\":\"CidadeMarketing\"},\"image\":{\"@id\":\"https:\\\/\\\/www.cidademarketing.com.br\\\/marketing\\\/#\\\/schema\\\/logo\\\/image\\\/\"},\"sameAs\":[\"https:\\\/\\\/www.facebook.com\\\/portalcidademarketing\",\"https:\\\/\\\/x.com\\\/CidadeMarketing\",\"https:\\\/\\\/www.instagram.com\\\/cidademarketing\\\/\"]},{\"@type\":\"Person\",\"@id\":\"https:\\\/\\\/www.cidademarketing.com.br\\\/marketing\\\/#\\\/schema\\\/person\\\/02daff9f18bd9378c9e01eb6b2db155f\",\"name\":\"Thales Brand\u00e3o\",\"image\":{\"@type\":\"ImageObject\",\"inLanguage\":\"pt-BR\",\"@id\":\"https:\\\/\\\/secure.gravatar.com\\\/avatar\\\/7ca3206950207cc3cb48feec56a8a7898741ab725c368d99d5d7a5a50aab80c6?s=96&d=mm&r=g\",\"url\":\"https:\\\/\\\/secure.gravatar.com\\\/avatar\\\/7ca3206950207cc3cb48feec56a8a7898741ab725c368d99d5d7a5a50aab80c6?s=96&d=mm&r=g\",\"contentUrl\":\"https:\\\/\\\/secure.gravatar.com\\\/avatar\\\/7ca3206950207cc3cb48feec56a8a7898741ab725c368d99d5d7a5a50aab80c6?s=96&d=mm&r=g\",\"caption\":\"Thales Brand\u00e3o\"},\"description\":\"Editor Executivo do Portal CidadeMarketing.com.br &gt; Mestre em Comunica\u00e7\u00e3o e Sociedade pela Universidade Federal de Sergipe. Possui MBA Executivo em Administra\u00e7\u00e3o com \u00eanfase em Marketing pela Funda\u00e7\u00e3o Get\u00falio Vargas - Rio de Janeiro. Consultor, Palestrante e Pesquisador sobre Empreendedorismo, Marketing, Redes Sociais e Neg\u00f3cios Digitais. Professor, Palestrante TedxTalks e Campus Party. Twitter: @ThalesBrandao\",\"sameAs\":[\"http:\\\/\\\/www.mandacaru.com.br\",\"https:\\\/\\\/www.facebook.com\\\/thalesbrandao\",\"http:\\\/\\\/www.instagram.com.br\\\/thalesbrandaoferreira\",\"https:\\\/\\\/www.linkedin.com\\\/in\\\/thales-brand\u00e3o-3948609\\\/\",\"https:\\\/\\\/x.com\\\/http:\\\/\\\/www.twitter.com\\\/thalesbrandao\"],\"url\":\"https:\\\/\\\/www.cidademarketing.com.br\\\/marketing\\\/author\\\/thalesbrandao\\\/\"}]}<\/script>\n<!-- \/ Yoast SEO plugin. -->","yoast_head_json":{"title":"Empreendedora curitibana lan\u00e7a projeto de moda com frases inspiradoras - CidadeMarketing","robots":{"index":"index","follow":"follow","max-snippet":"max-snippet:-1","max-image-preview":"max-image-preview:large","max-video-preview":"max-video-preview:-1"},"canonical":"https:\/\/www.cidademarketing.com.br\/marketing\/2020\/08\/02\/empreendedora-curitibana-lanca-projeto-de-moda-com-frases-inspiradoras\/","og_locale":"pt_BR","og_type":"article","og_title":"Empreendedora curitibana lan\u00e7a projeto de moda com frases inspiradoras - CidadeMarketing","og_description":"A pandemia covid-19 tem sido um grande desafio para empresas de diversos setores. Mas, ao mesmo tempo, tem se mostrado como oportunidade para muitos neg\u00f3cios, especialmente no com\u00e9rcio eletr\u00f4nico. E justamente neste momento a empres\u00e1ria curitibana Hanna Azevedo lan\u00e7ou um projeto de vendas de roupas com frases inspiradoras, aliando duas grandes oportunidades do momento: o [&hellip;]","og_url":"https:\/\/www.cidademarketing.com.br\/marketing\/2020\/08\/02\/empreendedora-curitibana-lanca-projeto-de-moda-com-frases-inspiradoras\/","og_site_name":"CidadeMarketing","article_publisher":"https:\/\/www.facebook.com\/portalcidademarketing","article_author":"https:\/\/www.facebook.com\/thalesbrandao","article_published_time":"2020-08-02T03:36:46+00:00","article_modified_time":"2020-08-02T03:37:44+00:00","og_image":[{"width":768,"height":1024,"url":"https:\/\/www.cidademarketing.com.br\/marketing\/wp-content\/uploads\/2020\/08\/hanna_azevedo_01.jpeg","type":"image\/jpeg"}],"author":"Thales Brand\u00e3o","twitter_card":"summary_large_image","twitter_creator":"@http:\/\/www.twitter.com\/thalesbrandao","twitter_site":"@CidadeMarketing","twitter_misc":{"Escrito por":"Thales Brand\u00e3o","Est. tempo de leitura":"1 minuto"},"schema":{"@context":"https:\/\/schema.org","@graph":[{"@type":"Article","@id":"https:\/\/www.cidademarketing.com.br\/marketing\/2020\/08\/02\/empreendedora-curitibana-lanca-projeto-de-moda-com-frases-inspiradoras\/#article","isPartOf":{"@id":"https:\/\/www.cidademarketing.com.br\/marketing\/2020\/08\/02\/empreendedora-curitibana-lanca-projeto-de-moda-com-frases-inspiradoras\/"},"author":{"name":"Thales Brand\u00e3o","@id":"https:\/\/www.cidademarketing.com.br\/marketing\/#\/schema\/person\/02daff9f18bd9378c9e01eb6b2db155f"},"headline":"Empreendedora curitibana lan\u00e7a projeto de moda com frases inspiradoras","datePublished":"2020-08-02T03:36:46+00:00","dateModified":"2020-08-02T03:37:44+00:00","mainEntityOfPage":{"@id":"https:\/\/www.cidademarketing.com.br\/marketing\/2020\/08\/02\/empreendedora-curitibana-lanca-projeto-de-moda-com-frases-inspiradoras\/"},"wordCount":177,"commentCount":0,"publisher":{"@id":"https:\/\/www.cidademarketing.com.br\/marketing\/#organization"},"image":{"@id":"https:\/\/www.cidademarketing.com.br\/marketing\/2020\/08\/02\/empreendedora-curitibana-lanca-projeto-de-moda-com-frases-inspiradoras\/#primaryimage"},"thumbnailUrl":"https:\/\/www.cidademarketing.com.br\/marketing\/wp-content\/uploads\/2020\/08\/hanna_azevedo_01.jpeg","keywords":["Curitiba","e-commerce","estrat\u00e9gia","Hanna Azevedo","Hanna Bacana","marketing digital"],"articleSection":["Digital","Not\u00edcias"],"inLanguage":"pt-BR","potentialAction":[{"@type":"CommentAction","name":"Comment","target":["https:\/\/www.cidademarketing.com.br\/marketing\/2020\/08\/02\/empreendedora-curitibana-lanca-projeto-de-moda-com-frases-inspiradoras\/#respond"]}]},{"@type":"WebPage","@id":"https:\/\/www.cidademarketing.com.br\/marketing\/2020\/08\/02\/empreendedora-curitibana-lanca-projeto-de-moda-com-frases-inspiradoras\/","url":"https:\/\/www.cidademarketing.com.br\/marketing\/2020\/08\/02\/empreendedora-curitibana-lanca-projeto-de-moda-com-frases-inspiradoras\/","name":"Empreendedora curitibana lan\u00e7a projeto de moda com frases inspiradoras - CidadeMarketing","isPartOf":{"@id":"https:\/\/www.cidademarketing.com.br\/marketing\/#website"},"primaryImageOfPage":{"@id":"https:\/\/www.cidademarketing.com.br\/marketing\/2020\/08\/02\/empreendedora-curitibana-lanca-projeto-de-moda-com-frases-inspiradoras\/#primaryimage"},"image":{"@id":"https:\/\/www.cidademarketing.com.br\/marketing\/2020\/08\/02\/empreendedora-curitibana-lanca-projeto-de-moda-com-frases-inspiradoras\/#primaryimage"},"thumbnailUrl":"https:\/\/www.cidademarketing.com.br\/marketing\/wp-content\/uploads\/2020\/08\/hanna_azevedo_01.jpeg","datePublished":"2020-08-02T03:36:46+00:00","dateModified":"2020-08-02T03:37:44+00:00","breadcrumb":{"@id":"https:\/\/www.cidademarketing.com.br\/marketing\/2020\/08\/02\/empreendedora-curitibana-lanca-projeto-de-moda-com-frases-inspiradoras\/#breadcrumb"},"inLanguage":"pt-BR","potentialAction":[{"@type":"ReadAction","target":["https:\/\/www.cidademarketing.com.br\/marketing\/2020\/08\/02\/empreendedora-curitibana-lanca-projeto-de-moda-com-frases-inspiradoras\/"]}]},{"@type":"ImageObject","inLanguage":"pt-BR","@id":"https:\/\/www.cidademarketing.com.br\/marketing\/2020\/08\/02\/empreendedora-curitibana-lanca-projeto-de-moda-com-frases-inspiradoras\/#primaryimage","url":"https:\/\/www.cidademarketing.com.br\/marketing\/wp-content\/uploads\/2020\/08\/hanna_azevedo_01.jpeg","contentUrl":"https:\/\/www.cidademarketing.com.br\/marketing\/wp-content\/uploads\/2020\/08\/hanna_azevedo_01.jpeg","width":768,"height":1024,"caption":"E-commerce: Em tempos de crise, empreendedora curitibana faz sucesso com camisas inspiradoras."},{"@type":"BreadcrumbList","@id":"https:\/\/www.cidademarketing.com.br\/marketing\/2020\/08\/02\/empreendedora-curitibana-lanca-projeto-de-moda-com-frases-inspiradoras\/#breadcrumb","itemListElement":[{"@type":"ListItem","position":1,"name":"In\u00edcio","item":"https:\/\/www.cidademarketing.com.br\/marketing\/"},{"@type":"ListItem","position":2,"name":"Empreendedora curitibana lan\u00e7a projeto de moda com frases inspiradoras"}]},{"@type":"WebSite","@id":"https:\/\/www.cidademarketing.com.br\/marketing\/#website","url":"https:\/\/www.cidademarketing.com.br\/marketing\/","name":"CidadeMarketing","description":"Somos um ve\u00edculo de comunica\u00e7\u00e3o de destaque no Brasil, reconhecido por conte\u00fados nos segmentos de marketing, empreendedorismo e inova\u00e7\u00e3o.","publisher":{"@id":"https:\/\/www.cidademarketing.com.br\/marketing\/#organization"},"alternateName":"CidadeMarketing","potentialAction":[{"@type":"SearchAction","target":{"@type":"EntryPoint","urlTemplate":"https:\/\/www.cidademarketing.com.br\/marketing\/?s={search_term_string}"},"query-input":{"@type":"PropertyValueSpecification","valueRequired":true,"valueName":"search_term_string"}}],"inLanguage":"pt-BR"},{"@type":"Organization","@id":"https:\/\/www.cidademarketing.com.br\/marketing\/#organization","name":"CidadeMarketing","alternateName":"CidadeMarketing","url":"https:\/\/www.cidademarketing.com.br\/marketing\/","logo":{"@type":"ImageObject","inLanguage":"pt-BR","@id":"https:\/\/www.cidademarketing.com.br\/marketing\/#\/schema\/logo\/image\/","url":"https:\/\/www.cidademarketing.com.br\/marketing\/wp-content\/uploads\/2020\/01\/cidademarketing_marca_mobile.png","contentUrl":"https:\/\/www.cidademarketing.com.br\/marketing\/wp-content\/uploads\/2020\/01\/cidademarketing_marca_mobile.png","width":230,"height":92,"caption":"CidadeMarketing"},"image":{"@id":"https:\/\/www.cidademarketing.com.br\/marketing\/#\/schema\/logo\/image\/"},"sameAs":["https:\/\/www.facebook.com\/portalcidademarketing","https:\/\/x.com\/CidadeMarketing","https:\/\/www.instagram.com\/cidademarketing\/"]},{"@type":"Person","@id":"https:\/\/www.cidademarketing.com.br\/marketing\/#\/schema\/person\/02daff9f18bd9378c9e01eb6b2db155f","name":"Thales Brand\u00e3o","image":{"@type":"ImageObject","inLanguage":"pt-BR","@id":"https:\/\/secure.gravatar.com\/avatar\/7ca3206950207cc3cb48feec56a8a7898741ab725c368d99d5d7a5a50aab80c6?s=96&d=mm&r=g","url":"https:\/\/secure.gravatar.com\/avatar\/7ca3206950207cc3cb48feec56a8a7898741ab725c368d99d5d7a5a50aab80c6?s=96&d=mm&r=g","contentUrl":"https:\/\/secure.gravatar.com\/avatar\/7ca3206950207cc3cb48feec56a8a7898741ab725c368d99d5d7a5a50aab80c6?s=96&d=mm&r=g","caption":"Thales Brand\u00e3o"},"description":"Editor Executivo do Portal CidadeMarketing.com.br &gt; Mestre em Comunica\u00e7\u00e3o e Sociedade pela Universidade Federal de Sergipe. Possui MBA Executivo em Administra\u00e7\u00e3o com \u00eanfase em Marketing pela Funda\u00e7\u00e3o Get\u00falio Vargas - Rio de Janeiro. Consultor, Palestrante e Pesquisador sobre Empreendedorismo, Marketing, Redes Sociais e Neg\u00f3cios Digitais. Professor, Palestrante TedxTalks e Campus Party. Twitter: @ThalesBrandao","sameAs":["http:\/\/www.mandacaru.com.br","https:\/\/www.facebook.com\/thalesbrandao","http:\/\/www.instagram.com.br\/thalesbrandaoferreira","https:\/\/www.linkedin.com\/in\/thales-brand\u00e3o-3948609\/","https:\/\/x.com\/http:\/\/www.twitter.com\/thalesbrandao"],"url":"https:\/\/www.cidademarketing.com.br\/marketing\/author\/thalesbrandao\/"}]}},"amp_enabled":true,"_links":{"self":[{"href":"https:\/\/www.cidademarketing.com.br\/marketing\/wp-json\/wp\/v2\/posts\/17433","targetHints":{"allow":["GET"]}}],"collection":[{"href":"https:\/\/www.cidademarketing.com.br\/marketing\/wp-json\/wp\/v2\/posts"}],"about":[{"href":"https:\/\/www.cidademarketing.com.br\/marketing\/wp-json\/wp\/v2\/types\/post"}],"author":[{"embeddable":true,"href":"https:\/\/www.cidademarketing.com.br\/marketing\/wp-json\/wp\/v2\/users\/1"}],"replies":[{"embeddable":true,"href":"https:\/\/www.cidademarketing.com.br\/marketing\/wp-json\/wp\/v2\/comments?post=17433"}],"version-history":[{"count":1,"href":"https:\/\/www.cidademarketing.com.br\/marketing\/wp-json\/wp\/v2\/posts\/17433\/revisions"}],"predecessor-version":[{"id":17436,"href":"https:\/\/www.cidademarketing.com.br\/marketing\/wp-json\/wp\/v2\/posts\/17433\/revisions\/17436"}],"wp:featuredmedia":[{"embeddable":true,"href":"https:\/\/www.cidademarketing.com.br\/marketing\/wp-json\/wp\/v2\/media\/17435"}],"wp:attachment":[{"href":"https:\/\/www.cidademarketing.com.br\/marketing\/wp-json\/wp\/v2\/media?parent=17433"}],"wp:term":[{"taxonomy":"category","embeddable":true,"href":"https:\/\/www.cidademarketing.com.br\/marketing\/wp-json\/wp\/v2\/categories?post=17433"},{"taxonomy":"post_tag","embeddable":true,"href":"https:\/\/www.cidademarketing.com.br\/marketing\/wp-json\/wp\/v2\/tags?post=17433"}],"curies":[{"name":"wp","href":"https:\/\/api.w.org\/{rel}","templated":true}]}}