{"id":17407,"date":"2020-07-31T22:00:53","date_gmt":"2020-08-01T01:00:53","guid":{"rendered":"https:\/\/www.cidademarketing.com.br\/marketing\/?p=17407"},"modified":"2020-07-31T22:00:54","modified_gmt":"2020-08-01T01:00:54","slug":"shopping-recife-lanca-campanha-do-dia-dos-pais","status":"publish","type":"post","link":"https:\/\/www.cidademarketing.com.br\/marketing\/2020\/07\/31\/shopping-recife-lanca-campanha-do-dia-dos-pais\/","title":{"rendered":"Shopping Recife lan\u00e7a campanha do Dia dos Pais"},"content":{"rendered":"\n<p>\u201cFazer aquele brinde inesquec\u00edvel. Isso \u00e9 muito Recife.\u201d Usando o slogan que vem marcando as celebra\u00e7\u00f5es de seus 40 anos, o Shopping Recife, o primeiro e principal shopping da cidade, proporciona a possiblidade de pais e filhos celebrarem o Dia dos Pais juntos, no espa\u00e7o, em campanha assinada pela Ampla Comunica\u00e7\u00e3o, ag\u00eancia com sede no Recife e escrit\u00f3rios em Vit\u00f3ria (ES), Aracaju (SE) e Macei\u00f3 (AL).<\/p>\n\n\n\n<p>\u201cMesmo com todas as incertezas que ainda nos cercam, este \u00e9 um momento de pais e filhos mostrarem que est\u00e3o unidos e celebrando a vida. Nossa ideia foi dizer que, mesmo em meio \u00e0s incertezas e com todos os cuidados que ainda nos cercam, a vida pode e deve ser vivida junto com quem se ama. Mostrar isso em uma das mais importantes datas comerciais do ano, de alguma forma, \u00e9 celebrar a vida\u201d, explica Aliwton Carvalho, diretor de Cria\u00e7\u00e3o da Ampla.<\/p>\n\n\n\n<p>A campanha, que vai ao ar at\u00e9 o dia 9 de agosto \u2013 data que tamb\u00e9m encerra promo\u00e7\u00e3o -, usa o slogan \u201cIsso \u00e9 muito Recife\u201d, criado para os 40 anos do Shopping \u2013 comemorados este ano \u2013 e coloca mais uma particularidade do recifense que a Ampla vem destacando ao longo deste ano como mote para as comemora\u00e7\u00f5es. A a\u00e7\u00e3o para o Dias dos Pais, al\u00e9m de filme, d\u00e1 um voucher a cada R$ 350 em compras que d\u00e1 direito a um <em>growler<\/em> de um litro de chopp para que pais e filhos comemorem o dia.<\/p>\n\n\n\n<p>\u201cO Shopping Recife tem uma rela\u00e7\u00e3o muito \u00edntima com a popula\u00e7\u00e3o da cidade e a rec\u00edproca \u00e9 mais que verdadeira. Nada mais justo convidar pais e filhos para essa celebra\u00e7\u00e3o, mas com todos os cuidados que esses tempos ainda exigem\u201d, sentencia Alessandra Pires, diretora de Atendimento da Ampla, informando que a campanha conta com o filme e a\u00e7\u00f5es nas redes sociais, YouTube e site do Shopping Recife. <\/p>\n\n\n\n<figure class=\"wp-block-embed-youtube wp-block-embed is-type-video is-provider-youtube wp-embed-aspect-16-9 wp-has-aspect-ratio\"><div class=\"wp-block-embed__wrapper\">\n<div class=\"youtube-embed\" data-video_id=\"fbSh-k5cIg4\"><iframe title=\"Dia dos Pais Shopping Recife\" width=\"640\" height=\"360\" src=\"https:\/\/www.youtube.com\/embed\/fbSh-k5cIg4?feature=oembed&#038;enablejsapi=1&#038;enablejsapi=1\" frameborder=\"0\" allow=\"accelerometer; autoplay; clipboard-write; encrypted-media; gyroscope; picture-in-picture; web-share\" referrerpolicy=\"strict-origin-when-cross-origin\" allowfullscreen><\/iframe><\/div>\n<\/div><\/figure>\n\n\n\n<p><strong>Ficha t\u00e9cnica<\/strong><\/p>\n\n\n\n<p>Ag\u00eancia: Ampla Comunica\u00e7\u00e3o<\/p>\n\n\n\n<p>T\u00edtulo: Dia dos Pais<\/p>\n\n\n\n<p>Cliente: Shopping Recife<\/p>\n\n\n\n<p>Diretor de Cria\u00e7\u00e3o: Ali Carvalho<\/p>\n\n\n\n<p>Cria\u00e7\u00e3o: Yago Santana e Manoel Michael<\/p>\n\n\n\n<p>Diretora de Atendimento: Alessandra Pires<\/p>\n\n\n\n<p>Atendimento: D\u00e9bora Beltr\u00e3o<\/p>\n\n\n\n<p>Diretor de Planejamento: Anselmo Albuquerque<\/p>\n\n\n\n<p>Planejamento: Anselmo Albuquerque, Thiago Diniz, D\u00e9bora Raposo, Phelipe Menezes, Thain\u00e1 Lira e Ise Figueir\u00f4a<\/p>\n\n\n\n<p>Diretor de M\u00eddia: Nilson Samico<\/p>\n\n\n\n<p>M\u00eddia: Amanda Rodrigues, Thais Rodrigues, D\u00e9bora Negromonte e Fred Teixeira<\/p>\n\n\n\n<p>Produ\u00e7\u00e3o RTV: Djalma Ferreira<\/p>\n\n\n\n<p>Produ\u00e7\u00e3o gr\u00e1fica: Tamires Vieira<\/p>\n\n\n\n<p>Anima\u00e7\u00e3o: Carlos Malungo e Carlos Hernandes<\/p>\n\n\n\n<p>Produtora de \u00e1udio: Audioriff Aprova\u00e7\u00e3o: Renata Cavalcanti<br><\/p>\n","protected":false},"excerpt":{"rendered":"<p>\u201cFazer aquele brinde inesquec\u00edvel. Isso \u00e9 muito Recife.\u201d Usando o slogan que vem marcando as celebra\u00e7\u00f5es de seus 40 anos, o Shopping Recife, o primeiro e principal shopping da cidade, proporciona a possiblidade de pais e filhos celebrarem o Dia dos Pais juntos, no espa\u00e7o, em campanha assinada pela Ampla Comunica\u00e7\u00e3o, ag\u00eancia com sede no [&hellip;]<\/p>\n","protected":false},"author":1,"featured_media":17408,"comment_status":"open","ping_status":"open","sticky":false,"template":"","format":"standard","meta":{"tdm_status":"","tdm_grid_status":"","footnotes":""},"categories":[6],"tags":[33,28,3005],"class_list":["post-17407","post","type-post","status-publish","format-standard","has-post-thumbnail","hentry","category-noticias","tag-estrategia","tag-marketing","tag-shopping-recife"],"yoast_head":"<!-- This site is optimized with the Yoast SEO plugin v27.5 - https:\/\/yoast.com\/product\/yoast-seo-wordpress\/ -->\n<title>Shopping Recife lan\u00e7a campanha do Dia dos Pais - CidadeMarketing<\/title>\n<meta name=\"robots\" content=\"index, follow, max-snippet:-1, max-image-preview:large, max-video-preview:-1\" \/>\n<link rel=\"canonical\" href=\"https:\/\/www.cidademarketing.com.br\/marketing\/2020\/07\/31\/shopping-recife-lanca-campanha-do-dia-dos-pais\/\" \/>\n<meta property=\"og:locale\" content=\"pt_BR\" \/>\n<meta property=\"og:type\" content=\"article\" \/>\n<meta property=\"og:title\" content=\"Shopping Recife lan\u00e7a campanha do Dia dos Pais - CidadeMarketing\" \/>\n<meta property=\"og:description\" content=\"\u201cFazer aquele brinde inesquec\u00edvel. Isso \u00e9 muito Recife.\u201d Usando o slogan que vem marcando as celebra\u00e7\u00f5es de seus 40 anos, o Shopping Recife, o primeiro e principal shopping da cidade, proporciona a possiblidade de pais e filhos celebrarem o Dia dos Pais juntos, no espa\u00e7o, em campanha assinada pela Ampla Comunica\u00e7\u00e3o, ag\u00eancia com sede no [&hellip;]\" \/>\n<meta property=\"og:url\" content=\"https:\/\/www.cidademarketing.com.br\/marketing\/2020\/07\/31\/shopping-recife-lanca-campanha-do-dia-dos-pais\/\" \/>\n<meta property=\"og:site_name\" content=\"CidadeMarketing\" \/>\n<meta property=\"article:publisher\" content=\"https:\/\/www.facebook.com\/portalcidademarketing\" \/>\n<meta property=\"article:author\" content=\"https:\/\/www.facebook.com\/thalesbrandao\" \/>\n<meta property=\"article:published_time\" content=\"2020-08-01T01:00:53+00:00\" \/>\n<meta property=\"article:modified_time\" content=\"2020-08-01T01:00:54+00:00\" \/>\n<meta property=\"og:image\" content=\"https:\/\/www.cidademarketing.com.br\/marketing\/wp-content\/uploads\/2020\/07\/diadospais_shoppingrecife.jpg\" \/>\n\t<meta property=\"og:image:width\" content=\"1067\" \/>\n\t<meta property=\"og:image:height\" content=\"549\" \/>\n\t<meta property=\"og:image:type\" content=\"image\/jpeg\" \/>\n<meta name=\"author\" content=\"Thales Brand\u00e3o\" \/>\n<meta name=\"twitter:card\" content=\"summary_large_image\" \/>\n<meta name=\"twitter:creator\" content=\"@http:\/\/www.twitter.com\/thalesbrandao\" \/>\n<meta name=\"twitter:site\" content=\"@CidadeMarketing\" \/>\n<meta name=\"twitter:label1\" content=\"Escrito por\" \/>\n\t<meta name=\"twitter:data1\" content=\"Thales Brand\u00e3o\" \/>\n\t<meta name=\"twitter:label2\" content=\"Est. tempo de leitura\" \/>\n\t<meta name=\"twitter:data2\" content=\"2 minutos\" \/>\n<script type=\"application\/ld+json\" class=\"yoast-schema-graph\">{\"@context\":\"https:\\\/\\\/schema.org\",\"@graph\":[{\"@type\":\"Article\",\"@id\":\"https:\\\/\\\/www.cidademarketing.com.br\\\/marketing\\\/2020\\\/07\\\/31\\\/shopping-recife-lanca-campanha-do-dia-dos-pais\\\/#article\",\"isPartOf\":{\"@id\":\"https:\\\/\\\/www.cidademarketing.com.br\\\/marketing\\\/2020\\\/07\\\/31\\\/shopping-recife-lanca-campanha-do-dia-dos-pais\\\/\"},\"author\":{\"name\":\"Thales Brand\u00e3o\",\"@id\":\"https:\\\/\\\/www.cidademarketing.com.br\\\/marketing\\\/#\\\/schema\\\/person\\\/02daff9f18bd9378c9e01eb6b2db155f\"},\"headline\":\"Shopping Recife lan\u00e7a campanha do Dia dos Pais\",\"datePublished\":\"2020-08-01T01:00:53+00:00\",\"dateModified\":\"2020-08-01T01:00:54+00:00\",\"mainEntityOfPage\":{\"@id\":\"https:\\\/\\\/www.cidademarketing.com.br\\\/marketing\\\/2020\\\/07\\\/31\\\/shopping-recife-lanca-campanha-do-dia-dos-pais\\\/\"},\"wordCount\":444,\"commentCount\":0,\"publisher\":{\"@id\":\"https:\\\/\\\/www.cidademarketing.com.br\\\/marketing\\\/#organization\"},\"image\":{\"@id\":\"https:\\\/\\\/www.cidademarketing.com.br\\\/marketing\\\/2020\\\/07\\\/31\\\/shopping-recife-lanca-campanha-do-dia-dos-pais\\\/#primaryimage\"},\"thumbnailUrl\":\"https:\\\/\\\/www.cidademarketing.com.br\\\/marketing\\\/wp-content\\\/uploads\\\/2020\\\/07\\\/diadospais_shoppingrecife.jpg\",\"keywords\":[\"estrat\u00e9gia\",\"marketing\",\"Shopping Recife\"],\"articleSection\":[\"Not\u00edcias\"],\"inLanguage\":\"pt-BR\",\"potentialAction\":[{\"@type\":\"CommentAction\",\"name\":\"Comment\",\"target\":[\"https:\\\/\\\/www.cidademarketing.com.br\\\/marketing\\\/2020\\\/07\\\/31\\\/shopping-recife-lanca-campanha-do-dia-dos-pais\\\/#respond\"]}]},{\"@type\":\"WebPage\",\"@id\":\"https:\\\/\\\/www.cidademarketing.com.br\\\/marketing\\\/2020\\\/07\\\/31\\\/shopping-recife-lanca-campanha-do-dia-dos-pais\\\/\",\"url\":\"https:\\\/\\\/www.cidademarketing.com.br\\\/marketing\\\/2020\\\/07\\\/31\\\/shopping-recife-lanca-campanha-do-dia-dos-pais\\\/\",\"name\":\"Shopping Recife lan\u00e7a campanha do Dia dos Pais - CidadeMarketing\",\"isPartOf\":{\"@id\":\"https:\\\/\\\/www.cidademarketing.com.br\\\/marketing\\\/#website\"},\"primaryImageOfPage\":{\"@id\":\"https:\\\/\\\/www.cidademarketing.com.br\\\/marketing\\\/2020\\\/07\\\/31\\\/shopping-recife-lanca-campanha-do-dia-dos-pais\\\/#primaryimage\"},\"image\":{\"@id\":\"https:\\\/\\\/www.cidademarketing.com.br\\\/marketing\\\/2020\\\/07\\\/31\\\/shopping-recife-lanca-campanha-do-dia-dos-pais\\\/#primaryimage\"},\"thumbnailUrl\":\"https:\\\/\\\/www.cidademarketing.com.br\\\/marketing\\\/wp-content\\\/uploads\\\/2020\\\/07\\\/diadospais_shoppingrecife.jpg\",\"datePublished\":\"2020-08-01T01:00:53+00:00\",\"dateModified\":\"2020-08-01T01:00:54+00:00\",\"breadcrumb\":{\"@id\":\"https:\\\/\\\/www.cidademarketing.com.br\\\/marketing\\\/2020\\\/07\\\/31\\\/shopping-recife-lanca-campanha-do-dia-dos-pais\\\/#breadcrumb\"},\"inLanguage\":\"pt-BR\",\"potentialAction\":[{\"@type\":\"ReadAction\",\"target\":[\"https:\\\/\\\/www.cidademarketing.com.br\\\/marketing\\\/2020\\\/07\\\/31\\\/shopping-recife-lanca-campanha-do-dia-dos-pais\\\/\"]}]},{\"@type\":\"ImageObject\",\"inLanguage\":\"pt-BR\",\"@id\":\"https:\\\/\\\/www.cidademarketing.com.br\\\/marketing\\\/2020\\\/07\\\/31\\\/shopping-recife-lanca-campanha-do-dia-dos-pais\\\/#primaryimage\",\"url\":\"https:\\\/\\\/www.cidademarketing.com.br\\\/marketing\\\/wp-content\\\/uploads\\\/2020\\\/07\\\/diadospais_shoppingrecife.jpg\",\"contentUrl\":\"https:\\\/\\\/www.cidademarketing.com.br\\\/marketing\\\/wp-content\\\/uploads\\\/2020\\\/07\\\/diadospais_shoppingrecife.jpg\",\"width\":1067,\"height\":549,\"caption\":\"Reprodu\u00e7\u00e3o\"},{\"@type\":\"BreadcrumbList\",\"@id\":\"https:\\\/\\\/www.cidademarketing.com.br\\\/marketing\\\/2020\\\/07\\\/31\\\/shopping-recife-lanca-campanha-do-dia-dos-pais\\\/#breadcrumb\",\"itemListElement\":[{\"@type\":\"ListItem\",\"position\":1,\"name\":\"In\u00edcio\",\"item\":\"https:\\\/\\\/www.cidademarketing.com.br\\\/marketing\\\/\"},{\"@type\":\"ListItem\",\"position\":2,\"name\":\"Shopping Recife lan\u00e7a campanha do Dia dos Pais\"}]},{\"@type\":\"WebSite\",\"@id\":\"https:\\\/\\\/www.cidademarketing.com.br\\\/marketing\\\/#website\",\"url\":\"https:\\\/\\\/www.cidademarketing.com.br\\\/marketing\\\/\",\"name\":\"CidadeMarketing\",\"description\":\"Somos um ve\u00edculo de comunica\u00e7\u00e3o de destaque no Brasil, reconhecido por conte\u00fados nos segmentos de marketing, empreendedorismo e inova\u00e7\u00e3o.\",\"publisher\":{\"@id\":\"https:\\\/\\\/www.cidademarketing.com.br\\\/marketing\\\/#organization\"},\"alternateName\":\"CidadeMarketing\",\"potentialAction\":[{\"@type\":\"SearchAction\",\"target\":{\"@type\":\"EntryPoint\",\"urlTemplate\":\"https:\\\/\\\/www.cidademarketing.com.br\\\/marketing\\\/?s={search_term_string}\"},\"query-input\":{\"@type\":\"PropertyValueSpecification\",\"valueRequired\":true,\"valueName\":\"search_term_string\"}}],\"inLanguage\":\"pt-BR\"},{\"@type\":\"Organization\",\"@id\":\"https:\\\/\\\/www.cidademarketing.com.br\\\/marketing\\\/#organization\",\"name\":\"CidadeMarketing\",\"alternateName\":\"CidadeMarketing\",\"url\":\"https:\\\/\\\/www.cidademarketing.com.br\\\/marketing\\\/\",\"logo\":{\"@type\":\"ImageObject\",\"inLanguage\":\"pt-BR\",\"@id\":\"https:\\\/\\\/www.cidademarketing.com.br\\\/marketing\\\/#\\\/schema\\\/logo\\\/image\\\/\",\"url\":\"https:\\\/\\\/www.cidademarketing.com.br\\\/marketing\\\/wp-content\\\/uploads\\\/2020\\\/01\\\/cidademarketing_marca_mobile.png\",\"contentUrl\":\"https:\\\/\\\/www.cidademarketing.com.br\\\/marketing\\\/wp-content\\\/uploads\\\/2020\\\/01\\\/cidademarketing_marca_mobile.png\",\"width\":230,\"height\":92,\"caption\":\"CidadeMarketing\"},\"image\":{\"@id\":\"https:\\\/\\\/www.cidademarketing.com.br\\\/marketing\\\/#\\\/schema\\\/logo\\\/image\\\/\"},\"sameAs\":[\"https:\\\/\\\/www.facebook.com\\\/portalcidademarketing\",\"https:\\\/\\\/x.com\\\/CidadeMarketing\",\"https:\\\/\\\/www.instagram.com\\\/cidademarketing\\\/\"]},{\"@type\":\"Person\",\"@id\":\"https:\\\/\\\/www.cidademarketing.com.br\\\/marketing\\\/#\\\/schema\\\/person\\\/02daff9f18bd9378c9e01eb6b2db155f\",\"name\":\"Thales Brand\u00e3o\",\"image\":{\"@type\":\"ImageObject\",\"inLanguage\":\"pt-BR\",\"@id\":\"https:\\\/\\\/secure.gravatar.com\\\/avatar\\\/7ca3206950207cc3cb48feec56a8a7898741ab725c368d99d5d7a5a50aab80c6?s=96&d=mm&r=g\",\"url\":\"https:\\\/\\\/secure.gravatar.com\\\/avatar\\\/7ca3206950207cc3cb48feec56a8a7898741ab725c368d99d5d7a5a50aab80c6?s=96&d=mm&r=g\",\"contentUrl\":\"https:\\\/\\\/secure.gravatar.com\\\/avatar\\\/7ca3206950207cc3cb48feec56a8a7898741ab725c368d99d5d7a5a50aab80c6?s=96&d=mm&r=g\",\"caption\":\"Thales Brand\u00e3o\"},\"description\":\"Editor Executivo do Portal CidadeMarketing.com.br &gt; Mestre em Comunica\u00e7\u00e3o e Sociedade pela Universidade Federal de Sergipe. Possui MBA Executivo em Administra\u00e7\u00e3o com \u00eanfase em Marketing pela Funda\u00e7\u00e3o Get\u00falio Vargas - Rio de Janeiro. Consultor, Palestrante e Pesquisador sobre Empreendedorismo, Marketing, Redes Sociais e Neg\u00f3cios Digitais. Professor, Palestrante TedxTalks e Campus Party. Twitter: @ThalesBrandao\",\"sameAs\":[\"http:\\\/\\\/www.mandacaru.com.br\",\"https:\\\/\\\/www.facebook.com\\\/thalesbrandao\",\"http:\\\/\\\/www.instagram.com.br\\\/thalesbrandaoferreira\",\"https:\\\/\\\/www.linkedin.com\\\/in\\\/thales-brand\u00e3o-3948609\\\/\",\"https:\\\/\\\/x.com\\\/http:\\\/\\\/www.twitter.com\\\/thalesbrandao\"],\"url\":\"https:\\\/\\\/www.cidademarketing.com.br\\\/marketing\\\/author\\\/thalesbrandao\\\/\"}]}<\/script>\n<!-- \/ Yoast SEO plugin. -->","yoast_head_json":{"title":"Shopping Recife lan\u00e7a campanha do Dia dos Pais - CidadeMarketing","robots":{"index":"index","follow":"follow","max-snippet":"max-snippet:-1","max-image-preview":"max-image-preview:large","max-video-preview":"max-video-preview:-1"},"canonical":"https:\/\/www.cidademarketing.com.br\/marketing\/2020\/07\/31\/shopping-recife-lanca-campanha-do-dia-dos-pais\/","og_locale":"pt_BR","og_type":"article","og_title":"Shopping Recife lan\u00e7a campanha do Dia dos Pais - CidadeMarketing","og_description":"\u201cFazer aquele brinde inesquec\u00edvel. Isso \u00e9 muito Recife.\u201d Usando o slogan que vem marcando as celebra\u00e7\u00f5es de seus 40 anos, o Shopping Recife, o primeiro e principal shopping da cidade, proporciona a possiblidade de pais e filhos celebrarem o Dia dos Pais juntos, no espa\u00e7o, em campanha assinada pela Ampla Comunica\u00e7\u00e3o, ag\u00eancia com sede no [&hellip;]","og_url":"https:\/\/www.cidademarketing.com.br\/marketing\/2020\/07\/31\/shopping-recife-lanca-campanha-do-dia-dos-pais\/","og_site_name":"CidadeMarketing","article_publisher":"https:\/\/www.facebook.com\/portalcidademarketing","article_author":"https:\/\/www.facebook.com\/thalesbrandao","article_published_time":"2020-08-01T01:00:53+00:00","article_modified_time":"2020-08-01T01:00:54+00:00","og_image":[{"width":1067,"height":549,"url":"https:\/\/www.cidademarketing.com.br\/marketing\/wp-content\/uploads\/2020\/07\/diadospais_shoppingrecife.jpg","type":"image\/jpeg"}],"author":"Thales Brand\u00e3o","twitter_card":"summary_large_image","twitter_creator":"@http:\/\/www.twitter.com\/thalesbrandao","twitter_site":"@CidadeMarketing","twitter_misc":{"Escrito por":"Thales Brand\u00e3o","Est. tempo de leitura":"2 minutos"},"schema":{"@context":"https:\/\/schema.org","@graph":[{"@type":"Article","@id":"https:\/\/www.cidademarketing.com.br\/marketing\/2020\/07\/31\/shopping-recife-lanca-campanha-do-dia-dos-pais\/#article","isPartOf":{"@id":"https:\/\/www.cidademarketing.com.br\/marketing\/2020\/07\/31\/shopping-recife-lanca-campanha-do-dia-dos-pais\/"},"author":{"name":"Thales Brand\u00e3o","@id":"https:\/\/www.cidademarketing.com.br\/marketing\/#\/schema\/person\/02daff9f18bd9378c9e01eb6b2db155f"},"headline":"Shopping Recife lan\u00e7a campanha do Dia dos Pais","datePublished":"2020-08-01T01:00:53+00:00","dateModified":"2020-08-01T01:00:54+00:00","mainEntityOfPage":{"@id":"https:\/\/www.cidademarketing.com.br\/marketing\/2020\/07\/31\/shopping-recife-lanca-campanha-do-dia-dos-pais\/"},"wordCount":444,"commentCount":0,"publisher":{"@id":"https:\/\/www.cidademarketing.com.br\/marketing\/#organization"},"image":{"@id":"https:\/\/www.cidademarketing.com.br\/marketing\/2020\/07\/31\/shopping-recife-lanca-campanha-do-dia-dos-pais\/#primaryimage"},"thumbnailUrl":"https:\/\/www.cidademarketing.com.br\/marketing\/wp-content\/uploads\/2020\/07\/diadospais_shoppingrecife.jpg","keywords":["estrat\u00e9gia","marketing","Shopping Recife"],"articleSection":["Not\u00edcias"],"inLanguage":"pt-BR","potentialAction":[{"@type":"CommentAction","name":"Comment","target":["https:\/\/www.cidademarketing.com.br\/marketing\/2020\/07\/31\/shopping-recife-lanca-campanha-do-dia-dos-pais\/#respond"]}]},{"@type":"WebPage","@id":"https:\/\/www.cidademarketing.com.br\/marketing\/2020\/07\/31\/shopping-recife-lanca-campanha-do-dia-dos-pais\/","url":"https:\/\/www.cidademarketing.com.br\/marketing\/2020\/07\/31\/shopping-recife-lanca-campanha-do-dia-dos-pais\/","name":"Shopping Recife lan\u00e7a campanha do Dia dos Pais - CidadeMarketing","isPartOf":{"@id":"https:\/\/www.cidademarketing.com.br\/marketing\/#website"},"primaryImageOfPage":{"@id":"https:\/\/www.cidademarketing.com.br\/marketing\/2020\/07\/31\/shopping-recife-lanca-campanha-do-dia-dos-pais\/#primaryimage"},"image":{"@id":"https:\/\/www.cidademarketing.com.br\/marketing\/2020\/07\/31\/shopping-recife-lanca-campanha-do-dia-dos-pais\/#primaryimage"},"thumbnailUrl":"https:\/\/www.cidademarketing.com.br\/marketing\/wp-content\/uploads\/2020\/07\/diadospais_shoppingrecife.jpg","datePublished":"2020-08-01T01:00:53+00:00","dateModified":"2020-08-01T01:00:54+00:00","breadcrumb":{"@id":"https:\/\/www.cidademarketing.com.br\/marketing\/2020\/07\/31\/shopping-recife-lanca-campanha-do-dia-dos-pais\/#breadcrumb"},"inLanguage":"pt-BR","potentialAction":[{"@type":"ReadAction","target":["https:\/\/www.cidademarketing.com.br\/marketing\/2020\/07\/31\/shopping-recife-lanca-campanha-do-dia-dos-pais\/"]}]},{"@type":"ImageObject","inLanguage":"pt-BR","@id":"https:\/\/www.cidademarketing.com.br\/marketing\/2020\/07\/31\/shopping-recife-lanca-campanha-do-dia-dos-pais\/#primaryimage","url":"https:\/\/www.cidademarketing.com.br\/marketing\/wp-content\/uploads\/2020\/07\/diadospais_shoppingrecife.jpg","contentUrl":"https:\/\/www.cidademarketing.com.br\/marketing\/wp-content\/uploads\/2020\/07\/diadospais_shoppingrecife.jpg","width":1067,"height":549,"caption":"Reprodu\u00e7\u00e3o"},{"@type":"BreadcrumbList","@id":"https:\/\/www.cidademarketing.com.br\/marketing\/2020\/07\/31\/shopping-recife-lanca-campanha-do-dia-dos-pais\/#breadcrumb","itemListElement":[{"@type":"ListItem","position":1,"name":"In\u00edcio","item":"https:\/\/www.cidademarketing.com.br\/marketing\/"},{"@type":"ListItem","position":2,"name":"Shopping Recife lan\u00e7a campanha do Dia dos Pais"}]},{"@type":"WebSite","@id":"https:\/\/www.cidademarketing.com.br\/marketing\/#website","url":"https:\/\/www.cidademarketing.com.br\/marketing\/","name":"CidadeMarketing","description":"Somos um ve\u00edculo de comunica\u00e7\u00e3o de destaque no Brasil, reconhecido por conte\u00fados nos segmentos de marketing, empreendedorismo e inova\u00e7\u00e3o.","publisher":{"@id":"https:\/\/www.cidademarketing.com.br\/marketing\/#organization"},"alternateName":"CidadeMarketing","potentialAction":[{"@type":"SearchAction","target":{"@type":"EntryPoint","urlTemplate":"https:\/\/www.cidademarketing.com.br\/marketing\/?s={search_term_string}"},"query-input":{"@type":"PropertyValueSpecification","valueRequired":true,"valueName":"search_term_string"}}],"inLanguage":"pt-BR"},{"@type":"Organization","@id":"https:\/\/www.cidademarketing.com.br\/marketing\/#organization","name":"CidadeMarketing","alternateName":"CidadeMarketing","url":"https:\/\/www.cidademarketing.com.br\/marketing\/","logo":{"@type":"ImageObject","inLanguage":"pt-BR","@id":"https:\/\/www.cidademarketing.com.br\/marketing\/#\/schema\/logo\/image\/","url":"https:\/\/www.cidademarketing.com.br\/marketing\/wp-content\/uploads\/2020\/01\/cidademarketing_marca_mobile.png","contentUrl":"https:\/\/www.cidademarketing.com.br\/marketing\/wp-content\/uploads\/2020\/01\/cidademarketing_marca_mobile.png","width":230,"height":92,"caption":"CidadeMarketing"},"image":{"@id":"https:\/\/www.cidademarketing.com.br\/marketing\/#\/schema\/logo\/image\/"},"sameAs":["https:\/\/www.facebook.com\/portalcidademarketing","https:\/\/x.com\/CidadeMarketing","https:\/\/www.instagram.com\/cidademarketing\/"]},{"@type":"Person","@id":"https:\/\/www.cidademarketing.com.br\/marketing\/#\/schema\/person\/02daff9f18bd9378c9e01eb6b2db155f","name":"Thales Brand\u00e3o","image":{"@type":"ImageObject","inLanguage":"pt-BR","@id":"https:\/\/secure.gravatar.com\/avatar\/7ca3206950207cc3cb48feec56a8a7898741ab725c368d99d5d7a5a50aab80c6?s=96&d=mm&r=g","url":"https:\/\/secure.gravatar.com\/avatar\/7ca3206950207cc3cb48feec56a8a7898741ab725c368d99d5d7a5a50aab80c6?s=96&d=mm&r=g","contentUrl":"https:\/\/secure.gravatar.com\/avatar\/7ca3206950207cc3cb48feec56a8a7898741ab725c368d99d5d7a5a50aab80c6?s=96&d=mm&r=g","caption":"Thales Brand\u00e3o"},"description":"Editor Executivo do Portal CidadeMarketing.com.br &gt; Mestre em Comunica\u00e7\u00e3o e Sociedade pela Universidade Federal de Sergipe. Possui MBA Executivo em Administra\u00e7\u00e3o com \u00eanfase em Marketing pela Funda\u00e7\u00e3o Get\u00falio Vargas - Rio de Janeiro. Consultor, Palestrante e Pesquisador sobre Empreendedorismo, Marketing, Redes Sociais e Neg\u00f3cios Digitais. Professor, Palestrante TedxTalks e Campus Party. Twitter: @ThalesBrandao","sameAs":["http:\/\/www.mandacaru.com.br","https:\/\/www.facebook.com\/thalesbrandao","http:\/\/www.instagram.com.br\/thalesbrandaoferreira","https:\/\/www.linkedin.com\/in\/thales-brand\u00e3o-3948609\/","https:\/\/x.com\/http:\/\/www.twitter.com\/thalesbrandao"],"url":"https:\/\/www.cidademarketing.com.br\/marketing\/author\/thalesbrandao\/"}]}},"amp_enabled":true,"_links":{"self":[{"href":"https:\/\/www.cidademarketing.com.br\/marketing\/wp-json\/wp\/v2\/posts\/17407","targetHints":{"allow":["GET"]}}],"collection":[{"href":"https:\/\/www.cidademarketing.com.br\/marketing\/wp-json\/wp\/v2\/posts"}],"about":[{"href":"https:\/\/www.cidademarketing.com.br\/marketing\/wp-json\/wp\/v2\/types\/post"}],"author":[{"embeddable":true,"href":"https:\/\/www.cidademarketing.com.br\/marketing\/wp-json\/wp\/v2\/users\/1"}],"replies":[{"embeddable":true,"href":"https:\/\/www.cidademarketing.com.br\/marketing\/wp-json\/wp\/v2\/comments?post=17407"}],"version-history":[{"count":1,"href":"https:\/\/www.cidademarketing.com.br\/marketing\/wp-json\/wp\/v2\/posts\/17407\/revisions"}],"predecessor-version":[{"id":17409,"href":"https:\/\/www.cidademarketing.com.br\/marketing\/wp-json\/wp\/v2\/posts\/17407\/revisions\/17409"}],"wp:featuredmedia":[{"embeddable":true,"href":"https:\/\/www.cidademarketing.com.br\/marketing\/wp-json\/wp\/v2\/media\/17408"}],"wp:attachment":[{"href":"https:\/\/www.cidademarketing.com.br\/marketing\/wp-json\/wp\/v2\/media?parent=17407"}],"wp:term":[{"taxonomy":"category","embeddable":true,"href":"https:\/\/www.cidademarketing.com.br\/marketing\/wp-json\/wp\/v2\/categories?post=17407"},{"taxonomy":"post_tag","embeddable":true,"href":"https:\/\/www.cidademarketing.com.br\/marketing\/wp-json\/wp\/v2\/tags?post=17407"}],"curies":[{"name":"wp","href":"https:\/\/api.w.org\/{rel}","templated":true}]}}