{"id":17399,"date":"2020-07-31T21:40:13","date_gmt":"2020-08-01T00:40:13","guid":{"rendered":"https:\/\/www.cidademarketing.com.br\/marketing\/?p=17399"},"modified":"2020-07-31T21:40:14","modified_gmt":"2020-08-01T00:40:14","slug":"frisia-completa-95-anos-como-uma-das-maiores-cooperativas-de-producao-do-brasil","status":"publish","type":"post","link":"https:\/\/www.cidademarketing.com.br\/marketing\/2020\/07\/31\/frisia-completa-95-anos-como-uma-das-maiores-cooperativas-de-producao-do-brasil\/","title":{"rendered":"Fr\u00edsia completa 95 anos como uma das maiores cooperativas de produ\u00e7\u00e3o do Brasil"},"content":{"rendered":"\n<p>No dia 1\u00ba de agosto, a Fr\u00edsia Cooperativa Agroindustrial comemora suas conquistas com o olhar no futuro, principalmente na gera\u00e7\u00e3o de valor e tecnologia. S\u00e3o 95 anos de inova\u00e7\u00e3o, se reinventando constantemente, mas sem deixar de lado sua ess\u00eancia. Neste s\u00e1bado, a cooperativa realiza \u00e0s 19h, em seu canal do YouTube, uma live que contar\u00e1 mais sobre sua hist\u00f3ria.<\/p>\n\n\n\n<p>O diretor-presidente do Conselho de Administra\u00e7\u00e3o da Fr\u00edsia Cooperativa Agroindustrial, Renato Greidanus, afirma que a cooperativa tem uma hist\u00f3ria muito rica. \u201cNo in\u00edcio, os presidentes que come\u00e7aram a cooperativa tiveram muita dificuldade, mas com muita luta e trabalho conseguiram levar a cooperativa adiante. Sabemos que, para conduzir a Fr\u00edsia nesses 95 anos, precisamos de um plano estrat\u00e9gico muito forte, que foi sempre pautado no compromisso, na \u00e9tica e no trabalho. Temos at\u00e9 hoje o trip\u00e9 que nos move sempre \u00e0 frente que \u00e9 a educa\u00e7\u00e3o, a f\u00e9 e o cooperativismo. E isso fez com que n\u00f3s cheg\u00e1ssemos aos 95 anos e continu\u00e1ssemos construindo essa hist\u00f3ria\u201d.<\/p>\n\n\n\n<p>A Fr\u00edsia \u00e9 a cooperativa de produ\u00e7\u00e3o mais antiga do Paran\u00e1, Estado que, ao todo, tem 216 entidades do sistema. No Brasil, \u00e9 a segunda em exist\u00eancia. Em 2019, alcan\u00e7ou R$ 2,9 bilh\u00f5es em faturamento, com 857 cooperados localizados em mais de 30 munic\u00edpios na regi\u00e3o Centro-Sul do Paran\u00e1 e 16 munic\u00edpios no Tocantins. Suas conquistas t\u00eam como base os valores Fidelidade, Responsabilidade, Intercoopera\u00e7\u00e3o, Sustentabilidade, Integridade e Atitude (FR\u00cdSIA).<\/p>\n\n\n\n<p><strong>Tradi\u00e7\u00e3o<\/strong><\/p>\n\n\n\n<p>A hist\u00f3ria da cooperativa se funde \u00e0 chegada das primeiras fam\u00edlias holandesas que se estabeleceram na regi\u00e3o paranaense dos Campos Gerais. Em 1925, 14 anos ap\u00f3s o in\u00edcio do movimento de imigra\u00e7\u00e3o, esses pioneiros desenvolveram o que pode ser considerada a primeira forma de inova\u00e7\u00e3o e empreendedorismo (de gest\u00e3o e produ\u00e7\u00e3o), ou seja, a iniciativa em criar uma cooperativa.<\/p>\n\n\n\n<p>Na ocasi\u00e3o, sete s\u00f3cios e uma produ\u00e7\u00e3o leiteira de 700 litros\/dia produziam manteiga e queijo que eram comercializados em Ponta Grossa, Castro, Curitiba e, posteriormente, em S\u00e3o Paulo. Foi a uni\u00e3o de quatro fabriquetas que originou a Sociedade Cooperativa Hollandeza de Lactic\u00ednios. Em 1928, essa sociedade deu origem \u00e0 marca Batavo, que, em 1954, foi incorporada \u00e0 Cooperativa Central de Latic\u00ednios do Paran\u00e1 Ltda. (CCLPL).<\/p>\n\n\n\n<p>Em agosto de 2015, nos seus 90 anos, a Batavo Cooperativa Agroindustrial decide mudar sua denomina\u00e7\u00e3o social para Fr\u00edsia Cooperativa Agroindustrial, desvinculando-se do antigo nome em virtude de sua venda para o mercado varejista nos segmentos de carnes e l\u00e1cteos. Sua hist\u00f3ria e ess\u00eancia permanecem as mesmas, bem como as estruturas, colaboradores e fam\u00edlias de associados.<\/p>\n\n\n\n<p><strong>Inova\u00e7\u00e3o<\/strong><\/p>\n\n\n\n<p>Em 2019, a produ\u00e7\u00e3o de leite da cooperativa alcan\u00e7ou 253 milh\u00f5es de litros. Somadas a isso est\u00e3o as 27.120 toneladas de carne su\u00edna; \u00e1rea cultivada de milho de 23.077 hectares na safra 18\/19; 121.701 hectares de soja; 5.609 hectares de feij\u00e3o; e 36.575 hectares de trigo.<\/p>\n\n\n\n<p>A produtividade da Fr\u00edsia, pela m\u00e9dia das \u00faltimas tr\u00eas safras, de soja, milho e trigo \u00e9 superior \u00e0 do Paran\u00e1 e do N\u00facleo Regional de Ponta Grossa (que engloba 18 munic\u00edpios dos Campos Gerais). J\u00e1 a unidade em Para\u00edso do Tocantins, tamb\u00e9m em 2019, cresceu 22% em recep\u00e7\u00e3o de gr\u00e3os, com um total de mais de 70 mil toneladas entre soja e milho. No Tocantins, atualmente s\u00e3o 30 mil hectares cultivados por 64 cooperados.<\/p>\n\n\n\n<p>Esses n\u00fameros s\u00f3 foram conquistados com planejamento e atitude da cooperativa ao longo dos anos. Cada passo dado foi previamente pensado, analisado, reunindo o que se tinha de melhor. A inova\u00e7\u00e3o se deu em v\u00e1rias frentes, como: desenvolvimento de um Planejamento Estrat\u00e9gico; an\u00e1lise e aplica\u00e7\u00e3o da melhor gen\u00e9tica da bovinocultura leiteira; sele\u00e7\u00e3o e comercializa\u00e7\u00e3o de sementes, com alto n\u00edvel de germina\u00e7\u00e3o e adaptabilidade \u00e0s regi\u00f5es produtoras; produ\u00e7\u00e3o de uma ra\u00e7\u00e3o balanceadas e de qualidade; rastreabilidade de toda a cadeia suin\u00edcola, respeitando o bem-estar animal; equipes t\u00e9cnicas de alto n\u00edvel; ser mantenedora da Funda\u00e7\u00e3o ABC, entidade refer\u00eancia em pesquisa e desenvolvimento da produ\u00e7\u00e3o agr\u00edcola, fundada em 1984; e incentivo e investimento constante com foco na gest\u00e3o das propriedades dos cooperados.<\/p>\n\n\n\n<p>A inova\u00e7\u00e3o sempre buscada pela Fr\u00edsia \u00e9 refor\u00e7ada com movimentos e caminhos que podem ser seguidos pelos associados e colaboradores. Mais recentemente, a cooperativa deu um salto representativo: o lan\u00e7amento da Plataforma Digital Agro. A marca Digital Agro surgiu h\u00e1 quatro anos inicialmente com a feira. Nela, o que h\u00e1 de mais tecnol\u00f3gico, inovador e aplic\u00e1vel no agroneg\u00f3cio, digitalmente, \u00e9 apresentado ao p\u00fablico, aproximando ainda mais o produtor das novidades. Em 2021, a feira acontecer\u00e1 pela primeira vez fora de Carambe\u00ed, agora em Curitiba, chegando ainda mais pr\u00f3ximo do consumidor final. A feira ocorrer\u00e1 entre 13 e 15 de julho.<\/p>\n\n\n\n<p>A plataforma ainda conta com outros tr\u00eas setores que impulsionam a busca por solu\u00e7\u00f5es de alto n\u00edvel, gerando conex\u00e3o entre uma s\u00e9rie de movimentos. Sendo eles: o Digital Agro News, um site de not\u00edcias que levanta temas e apresenta solu\u00e7\u00f5es para os desafios do campo; o Digital Agro Connection, que seleciona startups para apresentarem respostas \u00e0s demandas e sugest\u00f5es de melhorias dos processos; e o Digital Agro Ideas, que re\u00fane sugest\u00f5es e ideias de colaboradores, cooperados, fornecedores e clientes.<\/p>\n\n\n\n<p>A ExpoFr\u00edsia \u00e9 outra marca da cooperativa. A feira re\u00fane criadores e animais com alto padr\u00e3o gen\u00e9tico, reprodutivo e produtivo. Localizada no Parque de Exposi\u00e7\u00f5es Fr\u00edsia, em Carambe\u00ed (PR), sede da cooperativa, conta com julgamentos de animais, exposi\u00e7\u00e3o de tecnologias para o segmento e a apresenta\u00e7\u00e3o do Cat\u00e1logo de Touros da Intercoopera\u00e7\u00e3o, que aponta sugest\u00f5es dos melhores animais. Esse evento promove a mesma evolu\u00e7\u00e3o gen\u00e9tica buscada historicamente pelos cooperados, assim como na d\u00e9cada de 1940, que, com a chegada de novos imigrantes, realizou, entre outros processos, o aprimoramento gen\u00e9tico na atividade pecu\u00e1ria. Na ocasi\u00e3o, houve a chegada dos primeiros gados puros da ra\u00e7a holandesa.<\/p>\n\n\n\n<p>O diretor-presidente da Fr\u00edsia destaca a import\u00e2ncia do cooperativismo e das novas gera\u00e7\u00f5es para continuar esse trabalho. \u201cMuito se fala hoje sobre a agricultura 4.0, mas tamb\u00e9m pensamos como ser\u00e1 o cooperativismo 4.0. \u00c9 algo que a gente precisa ter em mente, com novas gera\u00e7\u00f5es chegando, nossos filhos e nossos netos, que v\u00eam com demandas e interesses diferentes, e enxergam o mundo de forma diferente do que a gente enxerga. Essa digitaliza\u00e7\u00e3o vai ser mais utilizada nas estruturas das cooperativas, de uma forma ou de outra, ou seja, na forma de voc\u00ea se conectar aos seus cooperados. Como a gente mant\u00e9m esses la\u00e7os com os nossos cooperados? Isso \u00e9 um desafio para n\u00f3s como cooperativa, \u00e9 um desafio para as novas gera\u00e7\u00f5es. Manter a ess\u00eancia do sistema, de que n\u00f3s n\u00e3o podemos nos distanciar. Precisamos nos manter pr\u00f3ximos e pensar de forma conjunta\u201d.<\/p>\n\n\n\n<p><strong>Coopera\u00e7\u00e3o<\/strong><\/p>\n\n\n\n<p>A base da Fr\u00edsia \u00e9 o cooperativismo. O trabalho, a uni\u00e3o das for\u00e7as e o compartilhamento dos resultados impulsiona a cooperativa a se tornar uma das maiores do Brasil. Ao longo dos anos, a Fr\u00edsia produziu marcas pr\u00f3prias e do sistema de intercoopera\u00e7\u00e3o Unium (que engloba cooperativas coirm\u00e3s tamb\u00e9m de origem holandesa). As marcas pr\u00f3prias s\u00e3o a Sementes Batavo, a Ra\u00e7\u00f5es Batavo, a plataforma Digital Agro, a feira ExpoFr\u00edsia, a plataforma SuperCampo e o TRR Fr\u00edsia, este voltado \u00e0 comercializa\u00e7\u00e3o de combust\u00edvel. Como marcas da Unium est\u00e3o as voltadas ao Moinho de Trigo (farinhas Heran\u00e7a Holandesa e Precisa), a Unidade Industrial de Carnes (da marca Alegra), das Unidades de Beneficiamento de Leite (com as marcas Col\u00f4nia Holandesa, Naturalle e Colaso) e Energik (usina de bioenergia).<\/p>\n\n\n\n<p>\u201cN\u00f3s constru\u00edmos esse legado buscando uma intercoopera\u00e7\u00e3o, aonde a gente conseguiu retornar \u00e0 agroindustrializa\u00e7\u00e3o, tanto nas plantas de leite quanto na suinocultura; temos ainda o Moinho de Trigo, al\u00e9m de semente e ra\u00e7\u00f5es. Temos v\u00e1rias unidades de neg\u00f3cio que d\u00e3o suporte n\u00e3o apenas a n\u00f3s cooperados, mas tamb\u00e9m ajudam a cooperativa a continuar a crescer. Isso \u00e9 extremamente importante e estrat\u00e9gico para n\u00f3s darmos vaz\u00e3o \u00e0 nossa produ\u00e7\u00e3o e tamb\u00e9m conseguirmos agregar valor a ela\u201d, explica Greidanus.<\/p>\n\n\n\n<p>A Fr\u00edsia e seus associados carregam as premissas do cooperativismo em todas as a\u00e7\u00f5es. \u00c9 o que acontece nesse per\u00edodo de pandemia da Covid-19, que reduziu fortemente a renda das fam\u00edlias, sobrecarregou unidades e profissionais da sa\u00fade e impactou a economia do Pa\u00eds.<\/p>\n\n\n\n<p>Desde o in\u00edcio do isolamento social foram feitas doa\u00e7\u00f5es para o poder p\u00fablico e entidades sociais no Paran\u00e1 e no Tocantins, envolvendo m\u00e1scaras respiradoras, equipamentos de prote\u00e7\u00e3o individual (EPI), material para entubamento de pacientes, \u00e1lcool l\u00edquido e em gel, v\u00e1rias toneladas de alimentos para fam\u00edlias em situa\u00e7\u00e3o de vulnerabilidade social e caminhoneiros, entre outros produtos. Al\u00e9m disso, mulheres cooperativistas confeccionaram milhares de m\u00e1scaras, item que se tornou fundamental para o combate \u00e0 propaga\u00e7\u00e3o da doen\u00e7a.<\/p>\n\n\n\n<p>Ao longo dessas d\u00e9cadas, a cooperativa conquistou diversos pr\u00eamios, seja pelas boas pr\u00e1ticas e produtividade ou mesmo pela sua hist\u00f3ria. Mas dois deles representam a coopera\u00e7\u00e3o de todos por um resultado de qualidade para a sociedade e o meio ambiente. Em 2019, a Fr\u00edsia conquistou o Selo Sesi ODS com o programa Coleta Legal (de recolhimento e correta destina\u00e7\u00e3o de embalagens de defensivos), que contribuiu para o alcance dos objetivos e metas da Agenda 2030 da Organiza\u00e7\u00e3o das Na\u00e7\u00f5es Unidas (ONU), para o Desenvolvimento Sustent\u00e1vel. Tamb\u00e9m ano passado a cooperativa foi premiada como Embaixadora da Am\u00e9rica Latina do Pr\u00eamio Mundo de Respeito, reconhecimento que aponta aquelas institui\u00e7\u00f5es que promovem cuidados e projetos em boas pr\u00e1ticas agr\u00edcolas, meio ambiente, sustentabilidade e comunidade.<\/p>\n\n\n\n<p>A Fr\u00edsia chega aos 95 anos sem esquecer todo o caminho que a levou ao patamar atual, valorizando o trabalho e dedica\u00e7\u00e3o dos associados, colaboradores e familiares, mas com foco no futuro para continuar se reinventando e produzindo mais e melhor. \u201cA cooperativa \u00e9 uma sociedade de pessoas para pessoas. Sempre, dentro do modelo cooperativista, vamos ter pessoas envolvidas. Sejam nossos colaboradores, sejam nossos cooperados, seus familiares e toda a sociedade que est\u00e1 a nossa volta. Isso \u00e9 o que n\u00f3s sempre trabalhamos e continuar\u00e1 sendo a ess\u00eancia da cooperativa\u201d, conclui Greidanus.<\/p>\n","protected":false},"excerpt":{"rendered":"<p>No dia 1\u00ba de agosto, a Fr\u00edsia Cooperativa Agroindustrial comemora suas conquistas com o olhar no futuro, principalmente na gera\u00e7\u00e3o de valor e tecnologia. S\u00e3o 95 anos de inova\u00e7\u00e3o, se reinventando constantemente, mas sem deixar de lado sua ess\u00eancia. Neste s\u00e1bado, a cooperativa realiza \u00e0s 19h, em seu canal do YouTube, uma live que contar\u00e1 [&hellip;]<\/p>\n","protected":false},"author":1,"featured_media":17400,"comment_status":"open","ping_status":"open","sticky":false,"template":"","format":"standard","meta":{"tdm_status":"","tdm_grid_status":"","footnotes":""},"categories":[6],"tags":[594,33,3205,28],"class_list":["post-17399","post","type-post","status-publish","format-standard","has-post-thumbnail","hentry","category-noticias","tag-agronegocio","tag-estrategia","tag-frisia","tag-marketing"],"yoast_head":"<!-- This site is optimized with the Yoast SEO plugin v27.5 - https:\/\/yoast.com\/product\/yoast-seo-wordpress\/ -->\n<title>Fr\u00edsia completa 95 anos como uma das maiores cooperativas de produ\u00e7\u00e3o do Brasil - CidadeMarketing<\/title>\n<meta name=\"robots\" content=\"index, follow, max-snippet:-1, max-image-preview:large, max-video-preview:-1\" \/>\n<link rel=\"canonical\" href=\"https:\/\/www.cidademarketing.com.br\/marketing\/2020\/07\/31\/frisia-completa-95-anos-como-uma-das-maiores-cooperativas-de-producao-do-brasil\/\" \/>\n<meta property=\"og:locale\" content=\"pt_BR\" \/>\n<meta property=\"og:type\" content=\"article\" \/>\n<meta property=\"og:title\" content=\"Fr\u00edsia completa 95 anos como uma das maiores cooperativas de produ\u00e7\u00e3o do Brasil - CidadeMarketing\" \/>\n<meta property=\"og:description\" content=\"No dia 1\u00ba de agosto, a Fr\u00edsia Cooperativa Agroindustrial comemora suas conquistas com o olhar no futuro, principalmente na gera\u00e7\u00e3o de valor e tecnologia. S\u00e3o 95 anos de inova\u00e7\u00e3o, se reinventando constantemente, mas sem deixar de lado sua ess\u00eancia. Neste s\u00e1bado, a cooperativa realiza \u00e0s 19h, em seu canal do YouTube, uma live que contar\u00e1 [&hellip;]\" \/>\n<meta property=\"og:url\" content=\"https:\/\/www.cidademarketing.com.br\/marketing\/2020\/07\/31\/frisia-completa-95-anos-como-uma-das-maiores-cooperativas-de-producao-do-brasil\/\" \/>\n<meta property=\"og:site_name\" content=\"CidadeMarketing\" \/>\n<meta property=\"article:publisher\" content=\"https:\/\/www.facebook.com\/portalcidademarketing\" \/>\n<meta property=\"article:author\" content=\"https:\/\/www.facebook.com\/thalesbrandao\" \/>\n<meta property=\"article:published_time\" content=\"2020-08-01T00:40:13+00:00\" \/>\n<meta property=\"article:modified_time\" content=\"2020-08-01T00:40:14+00:00\" \/>\n<meta property=\"og:image\" content=\"https:\/\/www.cidademarketing.com.br\/marketing\/wp-content\/uploads\/2020\/07\/frisia_tocantis.jpg\" \/>\n\t<meta property=\"og:image:width\" content=\"600\" \/>\n\t<meta property=\"og:image:height\" content=\"338\" \/>\n\t<meta property=\"og:image:type\" content=\"image\/jpeg\" \/>\n<meta name=\"author\" content=\"Thales Brand\u00e3o\" \/>\n<meta name=\"twitter:card\" content=\"summary_large_image\" \/>\n<meta name=\"twitter:creator\" content=\"@http:\/\/www.twitter.com\/thalesbrandao\" \/>\n<meta name=\"twitter:site\" content=\"@CidadeMarketing\" \/>\n<meta name=\"twitter:label1\" content=\"Escrito por\" \/>\n\t<meta name=\"twitter:data1\" content=\"Thales Brand\u00e3o\" \/>\n\t<meta name=\"twitter:label2\" content=\"Est. tempo de leitura\" \/>\n\t<meta name=\"twitter:data2\" content=\"9 minutos\" \/>\n<script type=\"application\/ld+json\" class=\"yoast-schema-graph\">{\"@context\":\"https:\\\/\\\/schema.org\",\"@graph\":[{\"@type\":\"Article\",\"@id\":\"https:\\\/\\\/www.cidademarketing.com.br\\\/marketing\\\/2020\\\/07\\\/31\\\/frisia-completa-95-anos-como-uma-das-maiores-cooperativas-de-producao-do-brasil\\\/#article\",\"isPartOf\":{\"@id\":\"https:\\\/\\\/www.cidademarketing.com.br\\\/marketing\\\/2020\\\/07\\\/31\\\/frisia-completa-95-anos-como-uma-das-maiores-cooperativas-de-producao-do-brasil\\\/\"},\"author\":{\"name\":\"Thales Brand\u00e3o\",\"@id\":\"https:\\\/\\\/www.cidademarketing.com.br\\\/marketing\\\/#\\\/schema\\\/person\\\/02daff9f18bd9378c9e01eb6b2db155f\"},\"headline\":\"Fr\u00edsia completa 95 anos como uma das maiores cooperativas de produ\u00e7\u00e3o do Brasil\",\"datePublished\":\"2020-08-01T00:40:13+00:00\",\"dateModified\":\"2020-08-01T00:40:14+00:00\",\"mainEntityOfPage\":{\"@id\":\"https:\\\/\\\/www.cidademarketing.com.br\\\/marketing\\\/2020\\\/07\\\/31\\\/frisia-completa-95-anos-como-uma-das-maiores-cooperativas-de-producao-do-brasil\\\/\"},\"wordCount\":1783,\"commentCount\":0,\"publisher\":{\"@id\":\"https:\\\/\\\/www.cidademarketing.com.br\\\/marketing\\\/#organization\"},\"image\":{\"@id\":\"https:\\\/\\\/www.cidademarketing.com.br\\\/marketing\\\/2020\\\/07\\\/31\\\/frisia-completa-95-anos-como-uma-das-maiores-cooperativas-de-producao-do-brasil\\\/#primaryimage\"},\"thumbnailUrl\":\"https:\\\/\\\/www.cidademarketing.com.br\\\/marketing\\\/wp-content\\\/uploads\\\/2020\\\/07\\\/frisia_tocantis.jpg\",\"keywords\":[\"agroneg\u00f3cio\",\"estrat\u00e9gia\",\"Fr\u00edsia\",\"marketing\"],\"articleSection\":[\"Not\u00edcias\"],\"inLanguage\":\"pt-BR\",\"potentialAction\":[{\"@type\":\"CommentAction\",\"name\":\"Comment\",\"target\":[\"https:\\\/\\\/www.cidademarketing.com.br\\\/marketing\\\/2020\\\/07\\\/31\\\/frisia-completa-95-anos-como-uma-das-maiores-cooperativas-de-producao-do-brasil\\\/#respond\"]}]},{\"@type\":\"WebPage\",\"@id\":\"https:\\\/\\\/www.cidademarketing.com.br\\\/marketing\\\/2020\\\/07\\\/31\\\/frisia-completa-95-anos-como-uma-das-maiores-cooperativas-de-producao-do-brasil\\\/\",\"url\":\"https:\\\/\\\/www.cidademarketing.com.br\\\/marketing\\\/2020\\\/07\\\/31\\\/frisia-completa-95-anos-como-uma-das-maiores-cooperativas-de-producao-do-brasil\\\/\",\"name\":\"Fr\u00edsia completa 95 anos como uma das maiores cooperativas de produ\u00e7\u00e3o do Brasil - CidadeMarketing\",\"isPartOf\":{\"@id\":\"https:\\\/\\\/www.cidademarketing.com.br\\\/marketing\\\/#website\"},\"primaryImageOfPage\":{\"@id\":\"https:\\\/\\\/www.cidademarketing.com.br\\\/marketing\\\/2020\\\/07\\\/31\\\/frisia-completa-95-anos-como-uma-das-maiores-cooperativas-de-producao-do-brasil\\\/#primaryimage\"},\"image\":{\"@id\":\"https:\\\/\\\/www.cidademarketing.com.br\\\/marketing\\\/2020\\\/07\\\/31\\\/frisia-completa-95-anos-como-uma-das-maiores-cooperativas-de-producao-do-brasil\\\/#primaryimage\"},\"thumbnailUrl\":\"https:\\\/\\\/www.cidademarketing.com.br\\\/marketing\\\/wp-content\\\/uploads\\\/2020\\\/07\\\/frisia_tocantis.jpg\",\"datePublished\":\"2020-08-01T00:40:13+00:00\",\"dateModified\":\"2020-08-01T00:40:14+00:00\",\"breadcrumb\":{\"@id\":\"https:\\\/\\\/www.cidademarketing.com.br\\\/marketing\\\/2020\\\/07\\\/31\\\/frisia-completa-95-anos-como-uma-das-maiores-cooperativas-de-producao-do-brasil\\\/#breadcrumb\"},\"inLanguage\":\"pt-BR\",\"potentialAction\":[{\"@type\":\"ReadAction\",\"target\":[\"https:\\\/\\\/www.cidademarketing.com.br\\\/marketing\\\/2020\\\/07\\\/31\\\/frisia-completa-95-anos-como-uma-das-maiores-cooperativas-de-producao-do-brasil\\\/\"]}]},{\"@type\":\"ImageObject\",\"inLanguage\":\"pt-BR\",\"@id\":\"https:\\\/\\\/www.cidademarketing.com.br\\\/marketing\\\/2020\\\/07\\\/31\\\/frisia-completa-95-anos-como-uma-das-maiores-cooperativas-de-producao-do-brasil\\\/#primaryimage\",\"url\":\"https:\\\/\\\/www.cidademarketing.com.br\\\/marketing\\\/wp-content\\\/uploads\\\/2020\\\/07\\\/frisia_tocantis.jpg\",\"contentUrl\":\"https:\\\/\\\/www.cidademarketing.com.br\\\/marketing\\\/wp-content\\\/uploads\\\/2020\\\/07\\\/frisia_tocantis.jpg\",\"width\":600,\"height\":338,\"caption\":\"Divulga\u00e7\u00e3o\"},{\"@type\":\"BreadcrumbList\",\"@id\":\"https:\\\/\\\/www.cidademarketing.com.br\\\/marketing\\\/2020\\\/07\\\/31\\\/frisia-completa-95-anos-como-uma-das-maiores-cooperativas-de-producao-do-brasil\\\/#breadcrumb\",\"itemListElement\":[{\"@type\":\"ListItem\",\"position\":1,\"name\":\"In\u00edcio\",\"item\":\"https:\\\/\\\/www.cidademarketing.com.br\\\/marketing\\\/\"},{\"@type\":\"ListItem\",\"position\":2,\"name\":\"Fr\u00edsia completa 95 anos como uma das maiores cooperativas de produ\u00e7\u00e3o do Brasil\"}]},{\"@type\":\"WebSite\",\"@id\":\"https:\\\/\\\/www.cidademarketing.com.br\\\/marketing\\\/#website\",\"url\":\"https:\\\/\\\/www.cidademarketing.com.br\\\/marketing\\\/\",\"name\":\"CidadeMarketing\",\"description\":\"Somos um ve\u00edculo de comunica\u00e7\u00e3o de destaque no Brasil, reconhecido por conte\u00fados nos segmentos de marketing, empreendedorismo e inova\u00e7\u00e3o.\",\"publisher\":{\"@id\":\"https:\\\/\\\/www.cidademarketing.com.br\\\/marketing\\\/#organization\"},\"alternateName\":\"CidadeMarketing\",\"potentialAction\":[{\"@type\":\"SearchAction\",\"target\":{\"@type\":\"EntryPoint\",\"urlTemplate\":\"https:\\\/\\\/www.cidademarketing.com.br\\\/marketing\\\/?s={search_term_string}\"},\"query-input\":{\"@type\":\"PropertyValueSpecification\",\"valueRequired\":true,\"valueName\":\"search_term_string\"}}],\"inLanguage\":\"pt-BR\"},{\"@type\":\"Organization\",\"@id\":\"https:\\\/\\\/www.cidademarketing.com.br\\\/marketing\\\/#organization\",\"name\":\"CidadeMarketing\",\"alternateName\":\"CidadeMarketing\",\"url\":\"https:\\\/\\\/www.cidademarketing.com.br\\\/marketing\\\/\",\"logo\":{\"@type\":\"ImageObject\",\"inLanguage\":\"pt-BR\",\"@id\":\"https:\\\/\\\/www.cidademarketing.com.br\\\/marketing\\\/#\\\/schema\\\/logo\\\/image\\\/\",\"url\":\"https:\\\/\\\/www.cidademarketing.com.br\\\/marketing\\\/wp-content\\\/uploads\\\/2020\\\/01\\\/cidademarketing_marca_mobile.png\",\"contentUrl\":\"https:\\\/\\\/www.cidademarketing.com.br\\\/marketing\\\/wp-content\\\/uploads\\\/2020\\\/01\\\/cidademarketing_marca_mobile.png\",\"width\":230,\"height\":92,\"caption\":\"CidadeMarketing\"},\"image\":{\"@id\":\"https:\\\/\\\/www.cidademarketing.com.br\\\/marketing\\\/#\\\/schema\\\/logo\\\/image\\\/\"},\"sameAs\":[\"https:\\\/\\\/www.facebook.com\\\/portalcidademarketing\",\"https:\\\/\\\/x.com\\\/CidadeMarketing\",\"https:\\\/\\\/www.instagram.com\\\/cidademarketing\\\/\"]},{\"@type\":\"Person\",\"@id\":\"https:\\\/\\\/www.cidademarketing.com.br\\\/marketing\\\/#\\\/schema\\\/person\\\/02daff9f18bd9378c9e01eb6b2db155f\",\"name\":\"Thales Brand\u00e3o\",\"image\":{\"@type\":\"ImageObject\",\"inLanguage\":\"pt-BR\",\"@id\":\"https:\\\/\\\/secure.gravatar.com\\\/avatar\\\/7ca3206950207cc3cb48feec56a8a7898741ab725c368d99d5d7a5a50aab80c6?s=96&d=mm&r=g\",\"url\":\"https:\\\/\\\/secure.gravatar.com\\\/avatar\\\/7ca3206950207cc3cb48feec56a8a7898741ab725c368d99d5d7a5a50aab80c6?s=96&d=mm&r=g\",\"contentUrl\":\"https:\\\/\\\/secure.gravatar.com\\\/avatar\\\/7ca3206950207cc3cb48feec56a8a7898741ab725c368d99d5d7a5a50aab80c6?s=96&d=mm&r=g\",\"caption\":\"Thales Brand\u00e3o\"},\"description\":\"Editor Executivo do Portal CidadeMarketing.com.br &gt; Mestre em Comunica\u00e7\u00e3o e Sociedade pela Universidade Federal de Sergipe. Possui MBA Executivo em Administra\u00e7\u00e3o com \u00eanfase em Marketing pela Funda\u00e7\u00e3o Get\u00falio Vargas - Rio de Janeiro. Consultor, Palestrante e Pesquisador sobre Empreendedorismo, Marketing, Redes Sociais e Neg\u00f3cios Digitais. Professor, Palestrante TedxTalks e Campus Party. Twitter: @ThalesBrandao\",\"sameAs\":[\"http:\\\/\\\/www.mandacaru.com.br\",\"https:\\\/\\\/www.facebook.com\\\/thalesbrandao\",\"http:\\\/\\\/www.instagram.com.br\\\/thalesbrandaoferreira\",\"https:\\\/\\\/www.linkedin.com\\\/in\\\/thales-brand\u00e3o-3948609\\\/\",\"https:\\\/\\\/x.com\\\/http:\\\/\\\/www.twitter.com\\\/thalesbrandao\"],\"url\":\"https:\\\/\\\/www.cidademarketing.com.br\\\/marketing\\\/author\\\/thalesbrandao\\\/\"}]}<\/script>\n<!-- \/ Yoast SEO plugin. -->","yoast_head_json":{"title":"Fr\u00edsia completa 95 anos como uma das maiores cooperativas de produ\u00e7\u00e3o do Brasil - CidadeMarketing","robots":{"index":"index","follow":"follow","max-snippet":"max-snippet:-1","max-image-preview":"max-image-preview:large","max-video-preview":"max-video-preview:-1"},"canonical":"https:\/\/www.cidademarketing.com.br\/marketing\/2020\/07\/31\/frisia-completa-95-anos-como-uma-das-maiores-cooperativas-de-producao-do-brasil\/","og_locale":"pt_BR","og_type":"article","og_title":"Fr\u00edsia completa 95 anos como uma das maiores cooperativas de produ\u00e7\u00e3o do Brasil - CidadeMarketing","og_description":"No dia 1\u00ba de agosto, a Fr\u00edsia Cooperativa Agroindustrial comemora suas conquistas com o olhar no futuro, principalmente na gera\u00e7\u00e3o de valor e tecnologia. S\u00e3o 95 anos de inova\u00e7\u00e3o, se reinventando constantemente, mas sem deixar de lado sua ess\u00eancia. Neste s\u00e1bado, a cooperativa realiza \u00e0s 19h, em seu canal do YouTube, uma live que contar\u00e1 [&hellip;]","og_url":"https:\/\/www.cidademarketing.com.br\/marketing\/2020\/07\/31\/frisia-completa-95-anos-como-uma-das-maiores-cooperativas-de-producao-do-brasil\/","og_site_name":"CidadeMarketing","article_publisher":"https:\/\/www.facebook.com\/portalcidademarketing","article_author":"https:\/\/www.facebook.com\/thalesbrandao","article_published_time":"2020-08-01T00:40:13+00:00","article_modified_time":"2020-08-01T00:40:14+00:00","og_image":[{"width":600,"height":338,"url":"https:\/\/www.cidademarketing.com.br\/marketing\/wp-content\/uploads\/2020\/07\/frisia_tocantis.jpg","type":"image\/jpeg"}],"author":"Thales Brand\u00e3o","twitter_card":"summary_large_image","twitter_creator":"@http:\/\/www.twitter.com\/thalesbrandao","twitter_site":"@CidadeMarketing","twitter_misc":{"Escrito por":"Thales Brand\u00e3o","Est. tempo de leitura":"9 minutos"},"schema":{"@context":"https:\/\/schema.org","@graph":[{"@type":"Article","@id":"https:\/\/www.cidademarketing.com.br\/marketing\/2020\/07\/31\/frisia-completa-95-anos-como-uma-das-maiores-cooperativas-de-producao-do-brasil\/#article","isPartOf":{"@id":"https:\/\/www.cidademarketing.com.br\/marketing\/2020\/07\/31\/frisia-completa-95-anos-como-uma-das-maiores-cooperativas-de-producao-do-brasil\/"},"author":{"name":"Thales Brand\u00e3o","@id":"https:\/\/www.cidademarketing.com.br\/marketing\/#\/schema\/person\/02daff9f18bd9378c9e01eb6b2db155f"},"headline":"Fr\u00edsia completa 95 anos como uma das maiores cooperativas de produ\u00e7\u00e3o do Brasil","datePublished":"2020-08-01T00:40:13+00:00","dateModified":"2020-08-01T00:40:14+00:00","mainEntityOfPage":{"@id":"https:\/\/www.cidademarketing.com.br\/marketing\/2020\/07\/31\/frisia-completa-95-anos-como-uma-das-maiores-cooperativas-de-producao-do-brasil\/"},"wordCount":1783,"commentCount":0,"publisher":{"@id":"https:\/\/www.cidademarketing.com.br\/marketing\/#organization"},"image":{"@id":"https:\/\/www.cidademarketing.com.br\/marketing\/2020\/07\/31\/frisia-completa-95-anos-como-uma-das-maiores-cooperativas-de-producao-do-brasil\/#primaryimage"},"thumbnailUrl":"https:\/\/www.cidademarketing.com.br\/marketing\/wp-content\/uploads\/2020\/07\/frisia_tocantis.jpg","keywords":["agroneg\u00f3cio","estrat\u00e9gia","Fr\u00edsia","marketing"],"articleSection":["Not\u00edcias"],"inLanguage":"pt-BR","potentialAction":[{"@type":"CommentAction","name":"Comment","target":["https:\/\/www.cidademarketing.com.br\/marketing\/2020\/07\/31\/frisia-completa-95-anos-como-uma-das-maiores-cooperativas-de-producao-do-brasil\/#respond"]}]},{"@type":"WebPage","@id":"https:\/\/www.cidademarketing.com.br\/marketing\/2020\/07\/31\/frisia-completa-95-anos-como-uma-das-maiores-cooperativas-de-producao-do-brasil\/","url":"https:\/\/www.cidademarketing.com.br\/marketing\/2020\/07\/31\/frisia-completa-95-anos-como-uma-das-maiores-cooperativas-de-producao-do-brasil\/","name":"Fr\u00edsia completa 95 anos como uma das maiores cooperativas de produ\u00e7\u00e3o do Brasil - CidadeMarketing","isPartOf":{"@id":"https:\/\/www.cidademarketing.com.br\/marketing\/#website"},"primaryImageOfPage":{"@id":"https:\/\/www.cidademarketing.com.br\/marketing\/2020\/07\/31\/frisia-completa-95-anos-como-uma-das-maiores-cooperativas-de-producao-do-brasil\/#primaryimage"},"image":{"@id":"https:\/\/www.cidademarketing.com.br\/marketing\/2020\/07\/31\/frisia-completa-95-anos-como-uma-das-maiores-cooperativas-de-producao-do-brasil\/#primaryimage"},"thumbnailUrl":"https:\/\/www.cidademarketing.com.br\/marketing\/wp-content\/uploads\/2020\/07\/frisia_tocantis.jpg","datePublished":"2020-08-01T00:40:13+00:00","dateModified":"2020-08-01T00:40:14+00:00","breadcrumb":{"@id":"https:\/\/www.cidademarketing.com.br\/marketing\/2020\/07\/31\/frisia-completa-95-anos-como-uma-das-maiores-cooperativas-de-producao-do-brasil\/#breadcrumb"},"inLanguage":"pt-BR","potentialAction":[{"@type":"ReadAction","target":["https:\/\/www.cidademarketing.com.br\/marketing\/2020\/07\/31\/frisia-completa-95-anos-como-uma-das-maiores-cooperativas-de-producao-do-brasil\/"]}]},{"@type":"ImageObject","inLanguage":"pt-BR","@id":"https:\/\/www.cidademarketing.com.br\/marketing\/2020\/07\/31\/frisia-completa-95-anos-como-uma-das-maiores-cooperativas-de-producao-do-brasil\/#primaryimage","url":"https:\/\/www.cidademarketing.com.br\/marketing\/wp-content\/uploads\/2020\/07\/frisia_tocantis.jpg","contentUrl":"https:\/\/www.cidademarketing.com.br\/marketing\/wp-content\/uploads\/2020\/07\/frisia_tocantis.jpg","width":600,"height":338,"caption":"Divulga\u00e7\u00e3o"},{"@type":"BreadcrumbList","@id":"https:\/\/www.cidademarketing.com.br\/marketing\/2020\/07\/31\/frisia-completa-95-anos-como-uma-das-maiores-cooperativas-de-producao-do-brasil\/#breadcrumb","itemListElement":[{"@type":"ListItem","position":1,"name":"In\u00edcio","item":"https:\/\/www.cidademarketing.com.br\/marketing\/"},{"@type":"ListItem","position":2,"name":"Fr\u00edsia completa 95 anos como uma das maiores cooperativas de produ\u00e7\u00e3o do Brasil"}]},{"@type":"WebSite","@id":"https:\/\/www.cidademarketing.com.br\/marketing\/#website","url":"https:\/\/www.cidademarketing.com.br\/marketing\/","name":"CidadeMarketing","description":"Somos um ve\u00edculo de comunica\u00e7\u00e3o de destaque no Brasil, reconhecido por conte\u00fados nos segmentos de marketing, empreendedorismo e inova\u00e7\u00e3o.","publisher":{"@id":"https:\/\/www.cidademarketing.com.br\/marketing\/#organization"},"alternateName":"CidadeMarketing","potentialAction":[{"@type":"SearchAction","target":{"@type":"EntryPoint","urlTemplate":"https:\/\/www.cidademarketing.com.br\/marketing\/?s={search_term_string}"},"query-input":{"@type":"PropertyValueSpecification","valueRequired":true,"valueName":"search_term_string"}}],"inLanguage":"pt-BR"},{"@type":"Organization","@id":"https:\/\/www.cidademarketing.com.br\/marketing\/#organization","name":"CidadeMarketing","alternateName":"CidadeMarketing","url":"https:\/\/www.cidademarketing.com.br\/marketing\/","logo":{"@type":"ImageObject","inLanguage":"pt-BR","@id":"https:\/\/www.cidademarketing.com.br\/marketing\/#\/schema\/logo\/image\/","url":"https:\/\/www.cidademarketing.com.br\/marketing\/wp-content\/uploads\/2020\/01\/cidademarketing_marca_mobile.png","contentUrl":"https:\/\/www.cidademarketing.com.br\/marketing\/wp-content\/uploads\/2020\/01\/cidademarketing_marca_mobile.png","width":230,"height":92,"caption":"CidadeMarketing"},"image":{"@id":"https:\/\/www.cidademarketing.com.br\/marketing\/#\/schema\/logo\/image\/"},"sameAs":["https:\/\/www.facebook.com\/portalcidademarketing","https:\/\/x.com\/CidadeMarketing","https:\/\/www.instagram.com\/cidademarketing\/"]},{"@type":"Person","@id":"https:\/\/www.cidademarketing.com.br\/marketing\/#\/schema\/person\/02daff9f18bd9378c9e01eb6b2db155f","name":"Thales Brand\u00e3o","image":{"@type":"ImageObject","inLanguage":"pt-BR","@id":"https:\/\/secure.gravatar.com\/avatar\/7ca3206950207cc3cb48feec56a8a7898741ab725c368d99d5d7a5a50aab80c6?s=96&d=mm&r=g","url":"https:\/\/secure.gravatar.com\/avatar\/7ca3206950207cc3cb48feec56a8a7898741ab725c368d99d5d7a5a50aab80c6?s=96&d=mm&r=g","contentUrl":"https:\/\/secure.gravatar.com\/avatar\/7ca3206950207cc3cb48feec56a8a7898741ab725c368d99d5d7a5a50aab80c6?s=96&d=mm&r=g","caption":"Thales Brand\u00e3o"},"description":"Editor Executivo do Portal CidadeMarketing.com.br &gt; Mestre em Comunica\u00e7\u00e3o e Sociedade pela Universidade Federal de Sergipe. Possui MBA Executivo em Administra\u00e7\u00e3o com \u00eanfase em Marketing pela Funda\u00e7\u00e3o Get\u00falio Vargas - Rio de Janeiro. Consultor, Palestrante e Pesquisador sobre Empreendedorismo, Marketing, Redes Sociais e Neg\u00f3cios Digitais. Professor, Palestrante TedxTalks e Campus Party. Twitter: @ThalesBrandao","sameAs":["http:\/\/www.mandacaru.com.br","https:\/\/www.facebook.com\/thalesbrandao","http:\/\/www.instagram.com.br\/thalesbrandaoferreira","https:\/\/www.linkedin.com\/in\/thales-brand\u00e3o-3948609\/","https:\/\/x.com\/http:\/\/www.twitter.com\/thalesbrandao"],"url":"https:\/\/www.cidademarketing.com.br\/marketing\/author\/thalesbrandao\/"}]}},"amp_enabled":true,"_links":{"self":[{"href":"https:\/\/www.cidademarketing.com.br\/marketing\/wp-json\/wp\/v2\/posts\/17399","targetHints":{"allow":["GET"]}}],"collection":[{"href":"https:\/\/www.cidademarketing.com.br\/marketing\/wp-json\/wp\/v2\/posts"}],"about":[{"href":"https:\/\/www.cidademarketing.com.br\/marketing\/wp-json\/wp\/v2\/types\/post"}],"author":[{"embeddable":true,"href":"https:\/\/www.cidademarketing.com.br\/marketing\/wp-json\/wp\/v2\/users\/1"}],"replies":[{"embeddable":true,"href":"https:\/\/www.cidademarketing.com.br\/marketing\/wp-json\/wp\/v2\/comments?post=17399"}],"version-history":[{"count":1,"href":"https:\/\/www.cidademarketing.com.br\/marketing\/wp-json\/wp\/v2\/posts\/17399\/revisions"}],"predecessor-version":[{"id":17401,"href":"https:\/\/www.cidademarketing.com.br\/marketing\/wp-json\/wp\/v2\/posts\/17399\/revisions\/17401"}],"wp:featuredmedia":[{"embeddable":true,"href":"https:\/\/www.cidademarketing.com.br\/marketing\/wp-json\/wp\/v2\/media\/17400"}],"wp:attachment":[{"href":"https:\/\/www.cidademarketing.com.br\/marketing\/wp-json\/wp\/v2\/media?parent=17399"}],"wp:term":[{"taxonomy":"category","embeddable":true,"href":"https:\/\/www.cidademarketing.com.br\/marketing\/wp-json\/wp\/v2\/categories?post=17399"},{"taxonomy":"post_tag","embeddable":true,"href":"https:\/\/www.cidademarketing.com.br\/marketing\/wp-json\/wp\/v2\/tags?post=17399"}],"curies":[{"name":"wp","href":"https:\/\/api.w.org\/{rel}","templated":true}]}}