{"id":17366,"date":"2020-07-28T21:34:44","date_gmt":"2020-07-29T00:34:44","guid":{"rendered":"https:\/\/www.cidademarketing.com.br\/marketing\/?p=17366"},"modified":"2020-07-28T21:34:46","modified_gmt":"2020-07-29T00:34:46","slug":"metro-abre-licitacao-para-uso-comercial-de-espacos-em-estacoes-e-terminal-de-onibus","status":"publish","type":"post","link":"https:\/\/www.cidademarketing.com.br\/marketing\/2020\/07\/28\/metro-abre-licitacao-para-uso-comercial-de-espacos-em-estacoes-e-terminal-de-onibus\/","title":{"rendered":"Metr\u00f4 abre licita\u00e7\u00e3o para uso comercial de espa\u00e7os em esta\u00e7\u00f5es e terminal de \u00f4nibus"},"content":{"rendered":"\n<p>A\u00a0Companhia do Metropolitano de S\u00e3o Paulo\u00a0abriu no \u00faltimo s\u00e1bado (25), por meio de publica\u00e7\u00e3o no Di\u00e1rio Oficial Empresarial do Estado, uma concess\u00e3o de uso para explora\u00e7\u00e3o comercial mediante remunera\u00e7\u00e3o. Os vencedores do processo licitat\u00f3rio tamb\u00e9m ser\u00e3o respons\u00e1veis pela administra\u00e7\u00e3o, implanta\u00e7\u00e3o, opera\u00e7\u00e3o, manuten\u00e7\u00e3o e seguran\u00e7a das 15 \u00e1reas.<\/p>\n\n\n\n<p>Os espa\u00e7os comerciais oferecidos est\u00e3o localizados nas esta\u00e7\u00f5es Jabaquara, Vila Mariana, Vergueiro, S\u00e3o Joaquim, Tiradentes, Portuguesa-Tiet\u00ea, Carandiru, Jardim S\u00e3o Paulo-Ayrton Senna e Tucuruvi, na Linha 1- Azul, e Bresser-Mooca, Bel\u00e9m e Tatuap\u00e9, na Linha 3- Vermelha. A \u00e1rea dos espa\u00e7os varia de 7 m\u00b2 a 40 m\u00b2. Na esta\u00e7\u00e3o Vila Mariana s\u00e3o quatro espa\u00e7os, todos no terminal de \u00f4nibus urbanos integrado \u00e0 esta\u00e7\u00e3o.<\/p>\n\n\n\n<p>Nesses locais, de acordo com especifica\u00e7\u00f5es, poder\u00e3o ser comercializados alimentos e vestu\u00e1rios, entre outros produtos.<\/p>\n\n\n\n<p>O processo ser\u00e1 na modalidade preg\u00e3o eletr\u00f4nico. Mais informa\u00e7\u00f5es sobre a licita\u00e7\u00e3o podem ser obtidas no edital completo, dispon\u00edvel nos endere\u00e7os\u00a0<a href=\"http:\/\/www.bec.sp.gov.br\/\" target=\"_blank\" rel=\"noreferrer noopener\">www.bec.sp.gov.br<\/a>,\u00a0<a href=\"http:\/\/www.imesp.com.br\/\" target=\"_blank\" rel=\"noreferrer noopener\">www.imesp.com.br<\/a>\u00a0e\u00a0<a href=\"http:\/\/www.metro.sp.gov.br\/\" target=\"_blank\" rel=\"noreferrer noopener\">www.metro.sp.gov.br<\/a>\u00a0desde esta segunda-feira (27).<\/p>\n","protected":false},"excerpt":{"rendered":"<p>A\u00a0Companhia do Metropolitano de S\u00e3o Paulo\u00a0abriu no \u00faltimo s\u00e1bado (25), por meio de publica\u00e7\u00e3o no Di\u00e1rio Oficial Empresarial do Estado, uma concess\u00e3o de uso para explora\u00e7\u00e3o comercial mediante remunera\u00e7\u00e3o. Os vencedores do processo licitat\u00f3rio tamb\u00e9m ser\u00e3o respons\u00e1veis pela administra\u00e7\u00e3o, implanta\u00e7\u00e3o, opera\u00e7\u00e3o, manuten\u00e7\u00e3o e seguran\u00e7a das 15 \u00e1reas. Os espa\u00e7os comerciais oferecidos est\u00e3o localizados nas esta\u00e7\u00f5es [&hellip;]<\/p>\n","protected":false},"author":1,"featured_media":17342,"comment_status":"open","ping_status":"open","sticky":false,"template":"","format":"standard","meta":{"tdm_status":"","tdm_grid_status":"","footnotes":""},"categories":[6],"tags":[33,1199,656,1200],"class_list":["post-17366","post","type-post","status-publish","format-standard","has-post-thumbnail","hentry","category-noticias","tag-estrategia","tag-metro-2","tag-sao-paulo","tag-sp"],"yoast_head":"<!-- This site is optimized with the Yoast SEO plugin v27.5 - https:\/\/yoast.com\/product\/yoast-seo-wordpress\/ -->\n<title>Metr\u00f4 abre licita\u00e7\u00e3o para uso comercial de espa\u00e7os em esta\u00e7\u00f5es e terminal de \u00f4nibus - CidadeMarketing<\/title>\n<meta name=\"robots\" content=\"index, follow, max-snippet:-1, max-image-preview:large, max-video-preview:-1\" \/>\n<link rel=\"canonical\" href=\"https:\/\/www.cidademarketing.com.br\/marketing\/2020\/07\/28\/metro-abre-licitacao-para-uso-comercial-de-espacos-em-estacoes-e-terminal-de-onibus\/\" \/>\n<meta property=\"og:locale\" content=\"pt_BR\" \/>\n<meta property=\"og:type\" content=\"article\" \/>\n<meta property=\"og:title\" content=\"Metr\u00f4 abre licita\u00e7\u00e3o para uso comercial de espa\u00e7os em esta\u00e7\u00f5es e terminal de \u00f4nibus - CidadeMarketing\" \/>\n<meta property=\"og:description\" content=\"A\u00a0Companhia do Metropolitano de S\u00e3o Paulo\u00a0abriu no \u00faltimo s\u00e1bado (25), por meio de publica\u00e7\u00e3o no Di\u00e1rio Oficial Empresarial do Estado, uma concess\u00e3o de uso para explora\u00e7\u00e3o comercial mediante remunera\u00e7\u00e3o. Os vencedores do processo licitat\u00f3rio tamb\u00e9m ser\u00e3o respons\u00e1veis pela administra\u00e7\u00e3o, implanta\u00e7\u00e3o, opera\u00e7\u00e3o, manuten\u00e7\u00e3o e seguran\u00e7a das 15 \u00e1reas. Os espa\u00e7os comerciais oferecidos est\u00e3o localizados nas esta\u00e7\u00f5es [&hellip;]\" \/>\n<meta property=\"og:url\" content=\"https:\/\/www.cidademarketing.com.br\/marketing\/2020\/07\/28\/metro-abre-licitacao-para-uso-comercial-de-espacos-em-estacoes-e-terminal-de-onibus\/\" \/>\n<meta property=\"og:site_name\" content=\"CidadeMarketing\" \/>\n<meta property=\"article:publisher\" content=\"https:\/\/www.facebook.com\/portalcidademarketing\" \/>\n<meta property=\"article:author\" content=\"https:\/\/www.facebook.com\/thalesbrandao\" \/>\n<meta property=\"article:published_time\" content=\"2020-07-29T00:34:44+00:00\" \/>\n<meta property=\"article:modified_time\" content=\"2020-07-29T00:34:46+00:00\" \/>\n<meta property=\"og:image\" content=\"https:\/\/www.cidademarketing.com.br\/marketing\/wp-content\/uploads\/2020\/07\/granjajulieta_thalesbrandao-1024x682.jpg\" \/>\n\t<meta property=\"og:image:width\" content=\"1024\" \/>\n\t<meta property=\"og:image:height\" content=\"682\" \/>\n\t<meta property=\"og:image:type\" content=\"image\/jpeg\" \/>\n<meta name=\"author\" content=\"Thales Brand\u00e3o\" \/>\n<meta name=\"twitter:card\" content=\"summary_large_image\" \/>\n<meta name=\"twitter:creator\" content=\"@http:\/\/www.twitter.com\/thalesbrandao\" \/>\n<meta name=\"twitter:site\" content=\"@CidadeMarketing\" \/>\n<meta name=\"twitter:label1\" content=\"Escrito por\" \/>\n\t<meta name=\"twitter:data1\" content=\"Thales Brand\u00e3o\" \/>\n\t<meta name=\"twitter:label2\" content=\"Est. tempo de leitura\" \/>\n\t<meta name=\"twitter:data2\" content=\"1 minuto\" \/>\n<script type=\"application\/ld+json\" class=\"yoast-schema-graph\">{\"@context\":\"https:\\\/\\\/schema.org\",\"@graph\":[{\"@type\":\"Article\",\"@id\":\"https:\\\/\\\/www.cidademarketing.com.br\\\/marketing\\\/2020\\\/07\\\/28\\\/metro-abre-licitacao-para-uso-comercial-de-espacos-em-estacoes-e-terminal-de-onibus\\\/#article\",\"isPartOf\":{\"@id\":\"https:\\\/\\\/www.cidademarketing.com.br\\\/marketing\\\/2020\\\/07\\\/28\\\/metro-abre-licitacao-para-uso-comercial-de-espacos-em-estacoes-e-terminal-de-onibus\\\/\"},\"author\":{\"name\":\"Thales Brand\u00e3o\",\"@id\":\"https:\\\/\\\/www.cidademarketing.com.br\\\/marketing\\\/#\\\/schema\\\/person\\\/02daff9f18bd9378c9e01eb6b2db155f\"},\"headline\":\"Metr\u00f4 abre licita\u00e7\u00e3o para uso comercial de espa\u00e7os em esta\u00e7\u00f5es e terminal de \u00f4nibus\",\"datePublished\":\"2020-07-29T00:34:44+00:00\",\"dateModified\":\"2020-07-29T00:34:46+00:00\",\"mainEntityOfPage\":{\"@id\":\"https:\\\/\\\/www.cidademarketing.com.br\\\/marketing\\\/2020\\\/07\\\/28\\\/metro-abre-licitacao-para-uso-comercial-de-espacos-em-estacoes-e-terminal-de-onibus\\\/\"},\"wordCount\":214,\"commentCount\":0,\"publisher\":{\"@id\":\"https:\\\/\\\/www.cidademarketing.com.br\\\/marketing\\\/#organization\"},\"image\":{\"@id\":\"https:\\\/\\\/www.cidademarketing.com.br\\\/marketing\\\/2020\\\/07\\\/28\\\/metro-abre-licitacao-para-uso-comercial-de-espacos-em-estacoes-e-terminal-de-onibus\\\/#primaryimage\"},\"thumbnailUrl\":\"https:\\\/\\\/www.cidademarketing.com.br\\\/marketing\\\/wp-content\\\/uploads\\\/2020\\\/07\\\/granjajulieta_thalesbrandao.jpg\",\"keywords\":[\"estrat\u00e9gia\",\"Metr\u00f4\",\"S\u00e3o Paulo\",\"SP\"],\"articleSection\":[\"Not\u00edcias\"],\"inLanguage\":\"pt-BR\",\"potentialAction\":[{\"@type\":\"CommentAction\",\"name\":\"Comment\",\"target\":[\"https:\\\/\\\/www.cidademarketing.com.br\\\/marketing\\\/2020\\\/07\\\/28\\\/metro-abre-licitacao-para-uso-comercial-de-espacos-em-estacoes-e-terminal-de-onibus\\\/#respond\"]}]},{\"@type\":\"WebPage\",\"@id\":\"https:\\\/\\\/www.cidademarketing.com.br\\\/marketing\\\/2020\\\/07\\\/28\\\/metro-abre-licitacao-para-uso-comercial-de-espacos-em-estacoes-e-terminal-de-onibus\\\/\",\"url\":\"https:\\\/\\\/www.cidademarketing.com.br\\\/marketing\\\/2020\\\/07\\\/28\\\/metro-abre-licitacao-para-uso-comercial-de-espacos-em-estacoes-e-terminal-de-onibus\\\/\",\"name\":\"Metr\u00f4 abre licita\u00e7\u00e3o para uso comercial de espa\u00e7os em esta\u00e7\u00f5es e terminal de \u00f4nibus - CidadeMarketing\",\"isPartOf\":{\"@id\":\"https:\\\/\\\/www.cidademarketing.com.br\\\/marketing\\\/#website\"},\"primaryImageOfPage\":{\"@id\":\"https:\\\/\\\/www.cidademarketing.com.br\\\/marketing\\\/2020\\\/07\\\/28\\\/metro-abre-licitacao-para-uso-comercial-de-espacos-em-estacoes-e-terminal-de-onibus\\\/#primaryimage\"},\"image\":{\"@id\":\"https:\\\/\\\/www.cidademarketing.com.br\\\/marketing\\\/2020\\\/07\\\/28\\\/metro-abre-licitacao-para-uso-comercial-de-espacos-em-estacoes-e-terminal-de-onibus\\\/#primaryimage\"},\"thumbnailUrl\":\"https:\\\/\\\/www.cidademarketing.com.br\\\/marketing\\\/wp-content\\\/uploads\\\/2020\\\/07\\\/granjajulieta_thalesbrandao.jpg\",\"datePublished\":\"2020-07-29T00:34:44+00:00\",\"dateModified\":\"2020-07-29T00:34:46+00:00\",\"breadcrumb\":{\"@id\":\"https:\\\/\\\/www.cidademarketing.com.br\\\/marketing\\\/2020\\\/07\\\/28\\\/metro-abre-licitacao-para-uso-comercial-de-espacos-em-estacoes-e-terminal-de-onibus\\\/#breadcrumb\"},\"inLanguage\":\"pt-BR\",\"potentialAction\":[{\"@type\":\"ReadAction\",\"target\":[\"https:\\\/\\\/www.cidademarketing.com.br\\\/marketing\\\/2020\\\/07\\\/28\\\/metro-abre-licitacao-para-uso-comercial-de-espacos-em-estacoes-e-terminal-de-onibus\\\/\"]}]},{\"@type\":\"ImageObject\",\"inLanguage\":\"pt-BR\",\"@id\":\"https:\\\/\\\/www.cidademarketing.com.br\\\/marketing\\\/2020\\\/07\\\/28\\\/metro-abre-licitacao-para-uso-comercial-de-espacos-em-estacoes-e-terminal-de-onibus\\\/#primaryimage\",\"url\":\"https:\\\/\\\/www.cidademarketing.com.br\\\/marketing\\\/wp-content\\\/uploads\\\/2020\\\/07\\\/granjajulieta_thalesbrandao.jpg\",\"contentUrl\":\"https:\\\/\\\/www.cidademarketing.com.br\\\/marketing\\\/wp-content\\\/uploads\\\/2020\\\/07\\\/granjajulieta_thalesbrandao.jpg\",\"width\":2000,\"height\":1333,\"caption\":\"foto: Thales Brand\u00e3o\"},{\"@type\":\"BreadcrumbList\",\"@id\":\"https:\\\/\\\/www.cidademarketing.com.br\\\/marketing\\\/2020\\\/07\\\/28\\\/metro-abre-licitacao-para-uso-comercial-de-espacos-em-estacoes-e-terminal-de-onibus\\\/#breadcrumb\",\"itemListElement\":[{\"@type\":\"ListItem\",\"position\":1,\"name\":\"In\u00edcio\",\"item\":\"https:\\\/\\\/www.cidademarketing.com.br\\\/marketing\\\/\"},{\"@type\":\"ListItem\",\"position\":2,\"name\":\"Metr\u00f4 abre licita\u00e7\u00e3o para uso comercial de espa\u00e7os em esta\u00e7\u00f5es e terminal de \u00f4nibus\"}]},{\"@type\":\"WebSite\",\"@id\":\"https:\\\/\\\/www.cidademarketing.com.br\\\/marketing\\\/#website\",\"url\":\"https:\\\/\\\/www.cidademarketing.com.br\\\/marketing\\\/\",\"name\":\"CidadeMarketing\",\"description\":\"Somos um ve\u00edculo de comunica\u00e7\u00e3o de destaque no Brasil, reconhecido por conte\u00fados nos segmentos de marketing, empreendedorismo e inova\u00e7\u00e3o.\",\"publisher\":{\"@id\":\"https:\\\/\\\/www.cidademarketing.com.br\\\/marketing\\\/#organization\"},\"alternateName\":\"CidadeMarketing\",\"potentialAction\":[{\"@type\":\"SearchAction\",\"target\":{\"@type\":\"EntryPoint\",\"urlTemplate\":\"https:\\\/\\\/www.cidademarketing.com.br\\\/marketing\\\/?s={search_term_string}\"},\"query-input\":{\"@type\":\"PropertyValueSpecification\",\"valueRequired\":true,\"valueName\":\"search_term_string\"}}],\"inLanguage\":\"pt-BR\"},{\"@type\":\"Organization\",\"@id\":\"https:\\\/\\\/www.cidademarketing.com.br\\\/marketing\\\/#organization\",\"name\":\"CidadeMarketing\",\"alternateName\":\"CidadeMarketing\",\"url\":\"https:\\\/\\\/www.cidademarketing.com.br\\\/marketing\\\/\",\"logo\":{\"@type\":\"ImageObject\",\"inLanguage\":\"pt-BR\",\"@id\":\"https:\\\/\\\/www.cidademarketing.com.br\\\/marketing\\\/#\\\/schema\\\/logo\\\/image\\\/\",\"url\":\"https:\\\/\\\/www.cidademarketing.com.br\\\/marketing\\\/wp-content\\\/uploads\\\/2020\\\/01\\\/cidademarketing_marca_mobile.png\",\"contentUrl\":\"https:\\\/\\\/www.cidademarketing.com.br\\\/marketing\\\/wp-content\\\/uploads\\\/2020\\\/01\\\/cidademarketing_marca_mobile.png\",\"width\":230,\"height\":92,\"caption\":\"CidadeMarketing\"},\"image\":{\"@id\":\"https:\\\/\\\/www.cidademarketing.com.br\\\/marketing\\\/#\\\/schema\\\/logo\\\/image\\\/\"},\"sameAs\":[\"https:\\\/\\\/www.facebook.com\\\/portalcidademarketing\",\"https:\\\/\\\/x.com\\\/CidadeMarketing\",\"https:\\\/\\\/www.instagram.com\\\/cidademarketing\\\/\"]},{\"@type\":\"Person\",\"@id\":\"https:\\\/\\\/www.cidademarketing.com.br\\\/marketing\\\/#\\\/schema\\\/person\\\/02daff9f18bd9378c9e01eb6b2db155f\",\"name\":\"Thales Brand\u00e3o\",\"image\":{\"@type\":\"ImageObject\",\"inLanguage\":\"pt-BR\",\"@id\":\"https:\\\/\\\/secure.gravatar.com\\\/avatar\\\/7ca3206950207cc3cb48feec56a8a7898741ab725c368d99d5d7a5a50aab80c6?s=96&d=mm&r=g\",\"url\":\"https:\\\/\\\/secure.gravatar.com\\\/avatar\\\/7ca3206950207cc3cb48feec56a8a7898741ab725c368d99d5d7a5a50aab80c6?s=96&d=mm&r=g\",\"contentUrl\":\"https:\\\/\\\/secure.gravatar.com\\\/avatar\\\/7ca3206950207cc3cb48feec56a8a7898741ab725c368d99d5d7a5a50aab80c6?s=96&d=mm&r=g\",\"caption\":\"Thales Brand\u00e3o\"},\"description\":\"Editor Executivo do Portal CidadeMarketing.com.br &gt; Mestre em Comunica\u00e7\u00e3o e Sociedade pela Universidade Federal de Sergipe. Possui MBA Executivo em Administra\u00e7\u00e3o com \u00eanfase em Marketing pela Funda\u00e7\u00e3o Get\u00falio Vargas - Rio de Janeiro. Consultor, Palestrante e Pesquisador sobre Empreendedorismo, Marketing, Redes Sociais e Neg\u00f3cios Digitais. Professor, Palestrante TedxTalks e Campus Party. Twitter: @ThalesBrandao\",\"sameAs\":[\"http:\\\/\\\/www.mandacaru.com.br\",\"https:\\\/\\\/www.facebook.com\\\/thalesbrandao\",\"http:\\\/\\\/www.instagram.com.br\\\/thalesbrandaoferreira\",\"https:\\\/\\\/www.linkedin.com\\\/in\\\/thales-brand\u00e3o-3948609\\\/\",\"https:\\\/\\\/x.com\\\/http:\\\/\\\/www.twitter.com\\\/thalesbrandao\"],\"url\":\"https:\\\/\\\/www.cidademarketing.com.br\\\/marketing\\\/author\\\/thalesbrandao\\\/\"}]}<\/script>\n<!-- \/ Yoast SEO plugin. -->","yoast_head_json":{"title":"Metr\u00f4 abre licita\u00e7\u00e3o para uso comercial de espa\u00e7os em esta\u00e7\u00f5es e terminal de \u00f4nibus - CidadeMarketing","robots":{"index":"index","follow":"follow","max-snippet":"max-snippet:-1","max-image-preview":"max-image-preview:large","max-video-preview":"max-video-preview:-1"},"canonical":"https:\/\/www.cidademarketing.com.br\/marketing\/2020\/07\/28\/metro-abre-licitacao-para-uso-comercial-de-espacos-em-estacoes-e-terminal-de-onibus\/","og_locale":"pt_BR","og_type":"article","og_title":"Metr\u00f4 abre licita\u00e7\u00e3o para uso comercial de espa\u00e7os em esta\u00e7\u00f5es e terminal de \u00f4nibus - CidadeMarketing","og_description":"A\u00a0Companhia do Metropolitano de S\u00e3o Paulo\u00a0abriu no \u00faltimo s\u00e1bado (25), por meio de publica\u00e7\u00e3o no Di\u00e1rio Oficial Empresarial do Estado, uma concess\u00e3o de uso para explora\u00e7\u00e3o comercial mediante remunera\u00e7\u00e3o. Os vencedores do processo licitat\u00f3rio tamb\u00e9m ser\u00e3o respons\u00e1veis pela administra\u00e7\u00e3o, implanta\u00e7\u00e3o, opera\u00e7\u00e3o, manuten\u00e7\u00e3o e seguran\u00e7a das 15 \u00e1reas. Os espa\u00e7os comerciais oferecidos est\u00e3o localizados nas esta\u00e7\u00f5es [&hellip;]","og_url":"https:\/\/www.cidademarketing.com.br\/marketing\/2020\/07\/28\/metro-abre-licitacao-para-uso-comercial-de-espacos-em-estacoes-e-terminal-de-onibus\/","og_site_name":"CidadeMarketing","article_publisher":"https:\/\/www.facebook.com\/portalcidademarketing","article_author":"https:\/\/www.facebook.com\/thalesbrandao","article_published_time":"2020-07-29T00:34:44+00:00","article_modified_time":"2020-07-29T00:34:46+00:00","og_image":[{"width":1024,"height":682,"url":"https:\/\/www.cidademarketing.com.br\/marketing\/wp-content\/uploads\/2020\/07\/granjajulieta_thalesbrandao-1024x682.jpg","type":"image\/jpeg"}],"author":"Thales Brand\u00e3o","twitter_card":"summary_large_image","twitter_creator":"@http:\/\/www.twitter.com\/thalesbrandao","twitter_site":"@CidadeMarketing","twitter_misc":{"Escrito por":"Thales Brand\u00e3o","Est. tempo de leitura":"1 minuto"},"schema":{"@context":"https:\/\/schema.org","@graph":[{"@type":"Article","@id":"https:\/\/www.cidademarketing.com.br\/marketing\/2020\/07\/28\/metro-abre-licitacao-para-uso-comercial-de-espacos-em-estacoes-e-terminal-de-onibus\/#article","isPartOf":{"@id":"https:\/\/www.cidademarketing.com.br\/marketing\/2020\/07\/28\/metro-abre-licitacao-para-uso-comercial-de-espacos-em-estacoes-e-terminal-de-onibus\/"},"author":{"name":"Thales Brand\u00e3o","@id":"https:\/\/www.cidademarketing.com.br\/marketing\/#\/schema\/person\/02daff9f18bd9378c9e01eb6b2db155f"},"headline":"Metr\u00f4 abre licita\u00e7\u00e3o para uso comercial de espa\u00e7os em esta\u00e7\u00f5es e terminal de \u00f4nibus","datePublished":"2020-07-29T00:34:44+00:00","dateModified":"2020-07-29T00:34:46+00:00","mainEntityOfPage":{"@id":"https:\/\/www.cidademarketing.com.br\/marketing\/2020\/07\/28\/metro-abre-licitacao-para-uso-comercial-de-espacos-em-estacoes-e-terminal-de-onibus\/"},"wordCount":214,"commentCount":0,"publisher":{"@id":"https:\/\/www.cidademarketing.com.br\/marketing\/#organization"},"image":{"@id":"https:\/\/www.cidademarketing.com.br\/marketing\/2020\/07\/28\/metro-abre-licitacao-para-uso-comercial-de-espacos-em-estacoes-e-terminal-de-onibus\/#primaryimage"},"thumbnailUrl":"https:\/\/www.cidademarketing.com.br\/marketing\/wp-content\/uploads\/2020\/07\/granjajulieta_thalesbrandao.jpg","keywords":["estrat\u00e9gia","Metr\u00f4","S\u00e3o Paulo","SP"],"articleSection":["Not\u00edcias"],"inLanguage":"pt-BR","potentialAction":[{"@type":"CommentAction","name":"Comment","target":["https:\/\/www.cidademarketing.com.br\/marketing\/2020\/07\/28\/metro-abre-licitacao-para-uso-comercial-de-espacos-em-estacoes-e-terminal-de-onibus\/#respond"]}]},{"@type":"WebPage","@id":"https:\/\/www.cidademarketing.com.br\/marketing\/2020\/07\/28\/metro-abre-licitacao-para-uso-comercial-de-espacos-em-estacoes-e-terminal-de-onibus\/","url":"https:\/\/www.cidademarketing.com.br\/marketing\/2020\/07\/28\/metro-abre-licitacao-para-uso-comercial-de-espacos-em-estacoes-e-terminal-de-onibus\/","name":"Metr\u00f4 abre licita\u00e7\u00e3o para uso comercial de espa\u00e7os em esta\u00e7\u00f5es e terminal de \u00f4nibus - CidadeMarketing","isPartOf":{"@id":"https:\/\/www.cidademarketing.com.br\/marketing\/#website"},"primaryImageOfPage":{"@id":"https:\/\/www.cidademarketing.com.br\/marketing\/2020\/07\/28\/metro-abre-licitacao-para-uso-comercial-de-espacos-em-estacoes-e-terminal-de-onibus\/#primaryimage"},"image":{"@id":"https:\/\/www.cidademarketing.com.br\/marketing\/2020\/07\/28\/metro-abre-licitacao-para-uso-comercial-de-espacos-em-estacoes-e-terminal-de-onibus\/#primaryimage"},"thumbnailUrl":"https:\/\/www.cidademarketing.com.br\/marketing\/wp-content\/uploads\/2020\/07\/granjajulieta_thalesbrandao.jpg","datePublished":"2020-07-29T00:34:44+00:00","dateModified":"2020-07-29T00:34:46+00:00","breadcrumb":{"@id":"https:\/\/www.cidademarketing.com.br\/marketing\/2020\/07\/28\/metro-abre-licitacao-para-uso-comercial-de-espacos-em-estacoes-e-terminal-de-onibus\/#breadcrumb"},"inLanguage":"pt-BR","potentialAction":[{"@type":"ReadAction","target":["https:\/\/www.cidademarketing.com.br\/marketing\/2020\/07\/28\/metro-abre-licitacao-para-uso-comercial-de-espacos-em-estacoes-e-terminal-de-onibus\/"]}]},{"@type":"ImageObject","inLanguage":"pt-BR","@id":"https:\/\/www.cidademarketing.com.br\/marketing\/2020\/07\/28\/metro-abre-licitacao-para-uso-comercial-de-espacos-em-estacoes-e-terminal-de-onibus\/#primaryimage","url":"https:\/\/www.cidademarketing.com.br\/marketing\/wp-content\/uploads\/2020\/07\/granjajulieta_thalesbrandao.jpg","contentUrl":"https:\/\/www.cidademarketing.com.br\/marketing\/wp-content\/uploads\/2020\/07\/granjajulieta_thalesbrandao.jpg","width":2000,"height":1333,"caption":"foto: Thales Brand\u00e3o"},{"@type":"BreadcrumbList","@id":"https:\/\/www.cidademarketing.com.br\/marketing\/2020\/07\/28\/metro-abre-licitacao-para-uso-comercial-de-espacos-em-estacoes-e-terminal-de-onibus\/#breadcrumb","itemListElement":[{"@type":"ListItem","position":1,"name":"In\u00edcio","item":"https:\/\/www.cidademarketing.com.br\/marketing\/"},{"@type":"ListItem","position":2,"name":"Metr\u00f4 abre licita\u00e7\u00e3o para uso comercial de espa\u00e7os em esta\u00e7\u00f5es e terminal de \u00f4nibus"}]},{"@type":"WebSite","@id":"https:\/\/www.cidademarketing.com.br\/marketing\/#website","url":"https:\/\/www.cidademarketing.com.br\/marketing\/","name":"CidadeMarketing","description":"Somos um ve\u00edculo de comunica\u00e7\u00e3o de destaque no Brasil, reconhecido por conte\u00fados nos segmentos de marketing, empreendedorismo e inova\u00e7\u00e3o.","publisher":{"@id":"https:\/\/www.cidademarketing.com.br\/marketing\/#organization"},"alternateName":"CidadeMarketing","potentialAction":[{"@type":"SearchAction","target":{"@type":"EntryPoint","urlTemplate":"https:\/\/www.cidademarketing.com.br\/marketing\/?s={search_term_string}"},"query-input":{"@type":"PropertyValueSpecification","valueRequired":true,"valueName":"search_term_string"}}],"inLanguage":"pt-BR"},{"@type":"Organization","@id":"https:\/\/www.cidademarketing.com.br\/marketing\/#organization","name":"CidadeMarketing","alternateName":"CidadeMarketing","url":"https:\/\/www.cidademarketing.com.br\/marketing\/","logo":{"@type":"ImageObject","inLanguage":"pt-BR","@id":"https:\/\/www.cidademarketing.com.br\/marketing\/#\/schema\/logo\/image\/","url":"https:\/\/www.cidademarketing.com.br\/marketing\/wp-content\/uploads\/2020\/01\/cidademarketing_marca_mobile.png","contentUrl":"https:\/\/www.cidademarketing.com.br\/marketing\/wp-content\/uploads\/2020\/01\/cidademarketing_marca_mobile.png","width":230,"height":92,"caption":"CidadeMarketing"},"image":{"@id":"https:\/\/www.cidademarketing.com.br\/marketing\/#\/schema\/logo\/image\/"},"sameAs":["https:\/\/www.facebook.com\/portalcidademarketing","https:\/\/x.com\/CidadeMarketing","https:\/\/www.instagram.com\/cidademarketing\/"]},{"@type":"Person","@id":"https:\/\/www.cidademarketing.com.br\/marketing\/#\/schema\/person\/02daff9f18bd9378c9e01eb6b2db155f","name":"Thales Brand\u00e3o","image":{"@type":"ImageObject","inLanguage":"pt-BR","@id":"https:\/\/secure.gravatar.com\/avatar\/7ca3206950207cc3cb48feec56a8a7898741ab725c368d99d5d7a5a50aab80c6?s=96&d=mm&r=g","url":"https:\/\/secure.gravatar.com\/avatar\/7ca3206950207cc3cb48feec56a8a7898741ab725c368d99d5d7a5a50aab80c6?s=96&d=mm&r=g","contentUrl":"https:\/\/secure.gravatar.com\/avatar\/7ca3206950207cc3cb48feec56a8a7898741ab725c368d99d5d7a5a50aab80c6?s=96&d=mm&r=g","caption":"Thales Brand\u00e3o"},"description":"Editor Executivo do Portal CidadeMarketing.com.br &gt; Mestre em Comunica\u00e7\u00e3o e Sociedade pela Universidade Federal de Sergipe. Possui MBA Executivo em Administra\u00e7\u00e3o com \u00eanfase em Marketing pela Funda\u00e7\u00e3o Get\u00falio Vargas - Rio de Janeiro. Consultor, Palestrante e Pesquisador sobre Empreendedorismo, Marketing, Redes Sociais e Neg\u00f3cios Digitais. Professor, Palestrante TedxTalks e Campus Party. Twitter: @ThalesBrandao","sameAs":["http:\/\/www.mandacaru.com.br","https:\/\/www.facebook.com\/thalesbrandao","http:\/\/www.instagram.com.br\/thalesbrandaoferreira","https:\/\/www.linkedin.com\/in\/thales-brand\u00e3o-3948609\/","https:\/\/x.com\/http:\/\/www.twitter.com\/thalesbrandao"],"url":"https:\/\/www.cidademarketing.com.br\/marketing\/author\/thalesbrandao\/"}]}},"amp_enabled":true,"_links":{"self":[{"href":"https:\/\/www.cidademarketing.com.br\/marketing\/wp-json\/wp\/v2\/posts\/17366","targetHints":{"allow":["GET"]}}],"collection":[{"href":"https:\/\/www.cidademarketing.com.br\/marketing\/wp-json\/wp\/v2\/posts"}],"about":[{"href":"https:\/\/www.cidademarketing.com.br\/marketing\/wp-json\/wp\/v2\/types\/post"}],"author":[{"embeddable":true,"href":"https:\/\/www.cidademarketing.com.br\/marketing\/wp-json\/wp\/v2\/users\/1"}],"replies":[{"embeddable":true,"href":"https:\/\/www.cidademarketing.com.br\/marketing\/wp-json\/wp\/v2\/comments?post=17366"}],"version-history":[{"count":1,"href":"https:\/\/www.cidademarketing.com.br\/marketing\/wp-json\/wp\/v2\/posts\/17366\/revisions"}],"predecessor-version":[{"id":17367,"href":"https:\/\/www.cidademarketing.com.br\/marketing\/wp-json\/wp\/v2\/posts\/17366\/revisions\/17367"}],"wp:featuredmedia":[{"embeddable":true,"href":"https:\/\/www.cidademarketing.com.br\/marketing\/wp-json\/wp\/v2\/media\/17342"}],"wp:attachment":[{"href":"https:\/\/www.cidademarketing.com.br\/marketing\/wp-json\/wp\/v2\/media?parent=17366"}],"wp:term":[{"taxonomy":"category","embeddable":true,"href":"https:\/\/www.cidademarketing.com.br\/marketing\/wp-json\/wp\/v2\/categories?post=17366"},{"taxonomy":"post_tag","embeddable":true,"href":"https:\/\/www.cidademarketing.com.br\/marketing\/wp-json\/wp\/v2\/tags?post=17366"}],"curies":[{"name":"wp","href":"https:\/\/api.w.org\/{rel}","templated":true}]}}