{"id":17267,"date":"2020-07-23T20:45:13","date_gmt":"2020-07-23T23:45:13","guid":{"rendered":"https:\/\/www.cidademarketing.com.br\/marketing\/?p=17267"},"modified":"2020-07-23T20:45:15","modified_gmt":"2020-07-23T23:45:15","slug":"primeiro-jeep-civil-cj-2a-completa-75-anos","status":"publish","type":"post","link":"https:\/\/www.cidademarketing.com.br\/marketing\/2020\/07\/23\/primeiro-jeep-civil-cj-2a-completa-75-anos\/","title":{"rendered":"Primeiro Jeep\u00ae civil, CJ-2A completa 75 anos"},"content":{"rendered":"\n<p>H\u00e1 75 anos, em 17 de julho de 1945, nascia o primeiro ve\u00edculo civil da Jeep\u00ae, o CJ-2A. O modelo tamb\u00e9m foi o primeiro a exibir grade dianteira com sete fendas, marca registrada dos ve\u00edculos da marca at\u00e9 hoje. O CJ-2A n\u00e3o teve uma vida t\u00e3o longa: sua produ\u00e7\u00e3o durou quatro anos e terminou em 1949. No entanto sua import\u00e2ncia hist\u00f3rica \u00e9 enorme e ele acabou dando origem \u00e0 fam\u00edlia CJ (abrevia\u00e7\u00e3o de&nbsp;<em>civilian jeep<\/em>&nbsp;\u2013 Jeep civil) que seguiu at\u00e9 a d\u00e9cada de 1980 e cuja tradi\u00e7\u00e3o continua viva at\u00e9 hoje no Wrangler e na Gladiator.<\/p>\n\n\n\n<p>Com 215 mil unidades fabricadas, o CJ-2A se parecia muito com o Jeep pioneiro, o Willys MB. No entanto, certas caracter\u00edsticas o distinguiam: a porta traseira que, por sua vez, jogou o estepe para a lateral, os far\u00f3is maiores e a grade com sete fendas, duas a menos que no MB. Ele tamb\u00e9m contava com tampa de combust\u00edvel externa, al\u00e9m de outros itens n\u00e3o inclu\u00eddos no antecessor militar. A transmiss\u00e3o T-90 substituiu a T-84 do MB, mas o motor &#8220;Go-Devil&#8221; foi mantido. V\u00e1rios recursos do CJ-2A, como o sistema propulsor, a caixa de transfer\u00eancia Spicer 18 e os eixos flutuantes (Dana 25 na frente e Dana 23-2 atr\u00e1s) foram encontrados em diversos ve\u00edculos Jeep nos anos seguintes.<\/p>\n\n\n\n<p>Os an\u00fancios da Willys da \u00e9poca divulgavam o modelo como um ve\u00edculo de trabalho para agricultores e trabalhadores da constru\u00e7\u00e3o. O CJ-2A podia ser equipado com assentos extras (de passageiro na frente e traseiros), tomadas de for\u00e7a para implementos agr\u00edcolas, guincho, removedor de neve e outras ferramentas. Outras op\u00e7\u00f5es ainda eram espelho retrovisor central, capota de lona, \u200b\u200bguincho, elevador hidr\u00e1ulico traseiro, cortador de grama, limpadores de para-brisa duplos a v\u00e1cuo, lanternas traseiras duplas, aquecedor, degraus laterais e protetor da escova do radiador.<\/p>\n\n\n\n<figure class=\"wp-block-embed-youtube wp-block-embed is-type-video is-provider-youtube wp-embed-aspect-16-9 wp-has-aspect-ratio\"><div class=\"wp-block-embed__wrapper\">\n<div class=\"youtube-embed\" data-video_id=\"QDajwb1MoKg\"><iframe title=\"75 anos da Jeep | CJ-2A\" width=\"640\" height=\"360\" src=\"https:\/\/www.youtube.com\/embed\/QDajwb1MoKg?feature=oembed&#038;enablejsapi=1&#038;enablejsapi=1\" frameborder=\"0\" allow=\"accelerometer; autoplay; clipboard-write; encrypted-media; gyroscope; picture-in-picture; web-share\" referrerpolicy=\"strict-origin-when-cross-origin\" allowfullscreen><\/iframe><\/div>\n<\/div><\/figure>\n\n\n\n<p><strong>Linhagem CJ<\/strong><\/p>\n\n\n\n<p>O CJ-2A ainda tem mais um destaque em seu curr\u00edculo. Ele deu origem \u00e0 extensa fam\u00edlia CJ, ve\u00edculos off-road de carroceria compacta, constru\u00eddos e vendidos por v\u00e1rias gera\u00e7\u00f5es sucessivas da Jeep por mais de 40 anos (de 1945 a 1986). Em 1949 foi introduzido o segundo membro da linhagem, o CJ-3A, que passou a ter para-brisas de pe\u00e7a \u00fanica e eixo traseiro mais forte, mantendo o motor original, de quatro cilindros com cabe\u00e7ote em L.<\/p>\n\n\n\n<p>O modelo foi atualizado em 1953, tornando-se o CJ-3B. Um ano depois, come\u00e7ou a ser montado em S\u00e3o Bernardo do Campo (SP) pela Willys-Overland do Brasil. Tinha grade frontal e cap\u00f4 mais altos que o antecessor militar, a fim de acomodar o novo motor de quatro cilindros Hurricane. O CJ-3B permaneceu em produ\u00e7\u00e3o at\u00e9 1968 e um total de 155.494 unidades foram fabricadas nos Estados Unidos.<\/p>\n\n\n\n<p>Em 1953, a Willys-Overland foi vendida para Henry J. Kaiser por US$ 60 milh\u00f5es. A Kaiser Company iniciou um extenso programa de pesquisa e desenvolvimento que ampliaria a gama de produtos Jeep. Dois anos depois, a companhia introduziu o CJ-5, baseado no M-38A1 de 1951, usado na Guerra da Coreia. Em rela\u00e7\u00e3o ao CJ-3B tinha dist\u00e2ncia entre eixos e comprimento total maiores.<\/p>\n\n\n\n<p>Al\u00e9m disso, melhorias no motor, eixos, transmiss\u00f5es e conforto fizeram do CJ-5 um ve\u00edculo ideal para o crescente interesse do p\u00fablico em ve\u00edculos off-road. As linhas de estilo eram mais suaves, incluindo contornos arredondados da carroceria. Mais de 600 mil unidades foram contabilizadas at\u00e9 o final da produ\u00e7\u00e3o em 1983, um dos maiores sucessos da marca Jeep. No Brasil, o CJ-5 foi fabricado de 1957 a 1982. Houve tamb\u00e9m o CJ-6, com entre eixos alongado (2,56 m), introduzido em 1956 e produzido at\u00e9 1975. Quase id\u00eantico ao CJ-5, ele podia ter quatro portas e entre os brasileiros, ganhou o apelido de \u201cBernard\u00e3o\u201d, em refer\u00eancia \u00e0 cidade paulista onde era fabricado.<\/p>\n\n\n\n<p>Nos 16 anos de propriedade da Kaiser, f\u00e1bricas foram estabelecidas em 30 pa\u00edses e ve\u00edculos Jeep foram comercializados em mais de 150 na\u00e7\u00f5es. Em 1965, o novo motor V6 Dauntless foi introduzido como op\u00e7\u00e3o tanto para o CJ-5 quanto para o CJ-6. Com 155 cv, quase dobrou a pot\u00eancia do propulsor padr\u00e3o, de quatro cilindros. Foi a primeira vez que um Jeep CJ p\u00f4de ser equipado com um V6.<\/p>\n\n\n\n<p><strong>Tradi\u00e7\u00e3o que segue at\u00e9 hoje<\/strong><\/p>\n\n\n\n<p>Em 1970, a Kaiser Jeep foi adquirida pela American Motors Corporation (AMC). Os ve\u00edculos com tra\u00e7\u00e3o 4&#215;4 estavam mais populares do que nunca. Em 1978, a produ\u00e7\u00e3o total de ve\u00edculos Jeep chegaria a 600 ve\u00edculos por dia \u2013 mais de tr\u00eas vezes a produ\u00e7\u00e3o no in\u00edcio da d\u00e9cada. A partir de 1973, todos os CJs tinham motor V8 da AMC, de 5 litros ou 5,9 litros. O CJ-5 e o CJ-6 receberam ainda eixos mais robustos, freios maiores e bitola mais larga.<\/p>\n\n\n\n<p>A primeira grande mudan\u00e7a no design da Jeep em 20 anos veio em 1976, com o CJ-7. A dist\u00e2ncia entre eixos era 25 cm maior que o CJ-5 a fim de permitir espa\u00e7o para uma transmiss\u00e3o autom\u00e1tica. Pela primeira vez, o CJ-7 ofereceu teto de pl\u00e1stico moldado e portas de a\u00e7o como opcionais. O CJ-7 com entre eixos de 2,37 m e o CJ-5 com 2,12 m foram produzidos at\u00e9 1983, quando a demanda pelo modelo maior deixou a AMC sem escolha a n\u00e3o ser descontinuar o CJ-5, ap\u00f3s 30 anos de produ\u00e7\u00e3o.<\/p>\n\n\n\n<p>O Scrambler, introduzido em 1981, era \u200b\u200bsemelhante ao CJ-7, mas com maior dist\u00e2ncia entre eixos. Conhecido internacionalmente como CJ-8, estava dispon\u00edvel nas vers\u00f5es com teto remov\u00edvel ou com capota. Menos de 30 mil Scramblers foram fabricados at\u00e9 1985, tornando-os extremamente populares entre colecionadores.O Jeep CJ-7 foi substitu\u00eddo em 1986 pelo Jeep Wrangler, que trouxe mais tecnologia preservando o estilo tradicional, para seguir na mesma trilha. O modelo segue evoluindo no mercado at\u00e9 hoje, estando na quarta gera\u00e7\u00e3o. Vale lembrar ainda que o CJ-8 tem na nova picape Gladiator uma digna herdeira, desde 2018.<\/p>\n\n\n\n<p>No total, foram produzidos mais de 1,5 milh\u00e3o de ve\u00edculos CJ, mantendo n\u00e3o apenas o estilo b\u00e1sico de carroceria por 40 anos desde que apareceu pela primeira vez, como tamb\u00e9m a capacidade off-road e o esp\u00edrito de liberdade.<\/p>\n","protected":false},"excerpt":{"rendered":"<p>H\u00e1 75 anos, em 17 de julho de 1945, nascia o primeiro ve\u00edculo civil da Jeep\u00ae, o CJ-2A. O modelo tamb\u00e9m foi o primeiro a exibir grade dianteira com sete fendas, marca registrada dos ve\u00edculos da marca at\u00e9 hoje. O CJ-2A n\u00e3o teve uma vida t\u00e3o longa: sua produ\u00e7\u00e3o durou quatro anos e terminou em [&hellip;]<\/p>\n","protected":false},"author":1,"featured_media":17268,"comment_status":"open","ping_status":"open","sticky":false,"template":"","format":"standard","meta":{"tdm_status":"","tdm_grid_status":"","footnotes":""},"categories":[6],"tags":[33,154,28],"class_list":["post-17267","post","type-post","status-publish","format-standard","has-post-thumbnail","hentry","category-noticias","tag-estrategia","tag-jeep","tag-marketing"],"yoast_head":"<!-- This site is optimized with the Yoast SEO plugin v27.5 - https:\/\/yoast.com\/product\/yoast-seo-wordpress\/ -->\n<title>Primeiro Jeep\u00ae civil, CJ-2A completa 75 anos - CidadeMarketing<\/title>\n<meta name=\"robots\" content=\"index, follow, max-snippet:-1, max-image-preview:large, max-video-preview:-1\" \/>\n<link rel=\"canonical\" href=\"https:\/\/www.cidademarketing.com.br\/marketing\/2020\/07\/23\/primeiro-jeep-civil-cj-2a-completa-75-anos\/\" \/>\n<meta property=\"og:locale\" content=\"pt_BR\" \/>\n<meta property=\"og:type\" content=\"article\" \/>\n<meta property=\"og:title\" content=\"Primeiro Jeep\u00ae civil, CJ-2A completa 75 anos - CidadeMarketing\" \/>\n<meta property=\"og:description\" content=\"H\u00e1 75 anos, em 17 de julho de 1945, nascia o primeiro ve\u00edculo civil da Jeep\u00ae, o CJ-2A. O modelo tamb\u00e9m foi o primeiro a exibir grade dianteira com sete fendas, marca registrada dos ve\u00edculos da marca at\u00e9 hoje. O CJ-2A n\u00e3o teve uma vida t\u00e3o longa: sua produ\u00e7\u00e3o durou quatro anos e terminou em [&hellip;]\" \/>\n<meta property=\"og:url\" content=\"https:\/\/www.cidademarketing.com.br\/marketing\/2020\/07\/23\/primeiro-jeep-civil-cj-2a-completa-75-anos\/\" \/>\n<meta property=\"og:site_name\" content=\"CidadeMarketing\" \/>\n<meta property=\"article:publisher\" content=\"https:\/\/www.facebook.com\/portalcidademarketing\" \/>\n<meta property=\"article:author\" content=\"https:\/\/www.facebook.com\/thalesbrandao\" \/>\n<meta property=\"article:published_time\" content=\"2020-07-23T23:45:13+00:00\" \/>\n<meta property=\"article:modified_time\" content=\"2020-07-23T23:45:15+00:00\" \/>\n<meta property=\"og:image\" content=\"https:\/\/www.cidademarketing.com.br\/marketing\/wp-content\/uploads\/2020\/07\/jeep_civil.jpg\" \/>\n\t<meta property=\"og:image:width\" content=\"1180\" \/>\n\t<meta property=\"og:image:height\" content=\"603\" \/>\n\t<meta property=\"og:image:type\" content=\"image\/jpeg\" \/>\n<meta name=\"author\" content=\"Thales Brand\u00e3o\" \/>\n<meta name=\"twitter:card\" content=\"summary_large_image\" \/>\n<meta name=\"twitter:creator\" content=\"@http:\/\/www.twitter.com\/thalesbrandao\" \/>\n<meta name=\"twitter:site\" content=\"@CidadeMarketing\" \/>\n<meta name=\"twitter:label1\" content=\"Escrito por\" \/>\n\t<meta name=\"twitter:data1\" content=\"Thales Brand\u00e3o\" \/>\n\t<meta name=\"twitter:label2\" content=\"Est. tempo de leitura\" \/>\n\t<meta name=\"twitter:data2\" content=\"5 minutos\" \/>\n<script type=\"application\/ld+json\" class=\"yoast-schema-graph\">{\"@context\":\"https:\\\/\\\/schema.org\",\"@graph\":[{\"@type\":\"Article\",\"@id\":\"https:\\\/\\\/www.cidademarketing.com.br\\\/marketing\\\/2020\\\/07\\\/23\\\/primeiro-jeep-civil-cj-2a-completa-75-anos\\\/#article\",\"isPartOf\":{\"@id\":\"https:\\\/\\\/www.cidademarketing.com.br\\\/marketing\\\/2020\\\/07\\\/23\\\/primeiro-jeep-civil-cj-2a-completa-75-anos\\\/\"},\"author\":{\"name\":\"Thales Brand\u00e3o\",\"@id\":\"https:\\\/\\\/www.cidademarketing.com.br\\\/marketing\\\/#\\\/schema\\\/person\\\/02daff9f18bd9378c9e01eb6b2db155f\"},\"headline\":\"Primeiro Jeep\u00ae civil, CJ-2A completa 75 anos\",\"datePublished\":\"2020-07-23T23:45:13+00:00\",\"dateModified\":\"2020-07-23T23:45:15+00:00\",\"mainEntityOfPage\":{\"@id\":\"https:\\\/\\\/www.cidademarketing.com.br\\\/marketing\\\/2020\\\/07\\\/23\\\/primeiro-jeep-civil-cj-2a-completa-75-anos\\\/\"},\"wordCount\":1060,\"commentCount\":0,\"publisher\":{\"@id\":\"https:\\\/\\\/www.cidademarketing.com.br\\\/marketing\\\/#organization\"},\"image\":{\"@id\":\"https:\\\/\\\/www.cidademarketing.com.br\\\/marketing\\\/2020\\\/07\\\/23\\\/primeiro-jeep-civil-cj-2a-completa-75-anos\\\/#primaryimage\"},\"thumbnailUrl\":\"https:\\\/\\\/www.cidademarketing.com.br\\\/marketing\\\/wp-content\\\/uploads\\\/2020\\\/07\\\/jeep_civil.jpg\",\"keywords\":[\"estrat\u00e9gia\",\"Jeep\",\"marketing\"],\"articleSection\":[\"Not\u00edcias\"],\"inLanguage\":\"pt-BR\",\"potentialAction\":[{\"@type\":\"CommentAction\",\"name\":\"Comment\",\"target\":[\"https:\\\/\\\/www.cidademarketing.com.br\\\/marketing\\\/2020\\\/07\\\/23\\\/primeiro-jeep-civil-cj-2a-completa-75-anos\\\/#respond\"]}]},{\"@type\":\"WebPage\",\"@id\":\"https:\\\/\\\/www.cidademarketing.com.br\\\/marketing\\\/2020\\\/07\\\/23\\\/primeiro-jeep-civil-cj-2a-completa-75-anos\\\/\",\"url\":\"https:\\\/\\\/www.cidademarketing.com.br\\\/marketing\\\/2020\\\/07\\\/23\\\/primeiro-jeep-civil-cj-2a-completa-75-anos\\\/\",\"name\":\"Primeiro Jeep\u00ae civil, CJ-2A completa 75 anos - CidadeMarketing\",\"isPartOf\":{\"@id\":\"https:\\\/\\\/www.cidademarketing.com.br\\\/marketing\\\/#website\"},\"primaryImageOfPage\":{\"@id\":\"https:\\\/\\\/www.cidademarketing.com.br\\\/marketing\\\/2020\\\/07\\\/23\\\/primeiro-jeep-civil-cj-2a-completa-75-anos\\\/#primaryimage\"},\"image\":{\"@id\":\"https:\\\/\\\/www.cidademarketing.com.br\\\/marketing\\\/2020\\\/07\\\/23\\\/primeiro-jeep-civil-cj-2a-completa-75-anos\\\/#primaryimage\"},\"thumbnailUrl\":\"https:\\\/\\\/www.cidademarketing.com.br\\\/marketing\\\/wp-content\\\/uploads\\\/2020\\\/07\\\/jeep_civil.jpg\",\"datePublished\":\"2020-07-23T23:45:13+00:00\",\"dateModified\":\"2020-07-23T23:45:15+00:00\",\"breadcrumb\":{\"@id\":\"https:\\\/\\\/www.cidademarketing.com.br\\\/marketing\\\/2020\\\/07\\\/23\\\/primeiro-jeep-civil-cj-2a-completa-75-anos\\\/#breadcrumb\"},\"inLanguage\":\"pt-BR\",\"potentialAction\":[{\"@type\":\"ReadAction\",\"target\":[\"https:\\\/\\\/www.cidademarketing.com.br\\\/marketing\\\/2020\\\/07\\\/23\\\/primeiro-jeep-civil-cj-2a-completa-75-anos\\\/\"]}]},{\"@type\":\"ImageObject\",\"inLanguage\":\"pt-BR\",\"@id\":\"https:\\\/\\\/www.cidademarketing.com.br\\\/marketing\\\/2020\\\/07\\\/23\\\/primeiro-jeep-civil-cj-2a-completa-75-anos\\\/#primaryimage\",\"url\":\"https:\\\/\\\/www.cidademarketing.com.br\\\/marketing\\\/wp-content\\\/uploads\\\/2020\\\/07\\\/jeep_civil.jpg\",\"contentUrl\":\"https:\\\/\\\/www.cidademarketing.com.br\\\/marketing\\\/wp-content\\\/uploads\\\/2020\\\/07\\\/jeep_civil.jpg\",\"width\":1180,\"height\":603,\"caption\":\"Reprodu\u00e7\u00e3o\"},{\"@type\":\"BreadcrumbList\",\"@id\":\"https:\\\/\\\/www.cidademarketing.com.br\\\/marketing\\\/2020\\\/07\\\/23\\\/primeiro-jeep-civil-cj-2a-completa-75-anos\\\/#breadcrumb\",\"itemListElement\":[{\"@type\":\"ListItem\",\"position\":1,\"name\":\"In\u00edcio\",\"item\":\"https:\\\/\\\/www.cidademarketing.com.br\\\/marketing\\\/\"},{\"@type\":\"ListItem\",\"position\":2,\"name\":\"Primeiro Jeep\u00ae civil, CJ-2A completa 75 anos\"}]},{\"@type\":\"WebSite\",\"@id\":\"https:\\\/\\\/www.cidademarketing.com.br\\\/marketing\\\/#website\",\"url\":\"https:\\\/\\\/www.cidademarketing.com.br\\\/marketing\\\/\",\"name\":\"CidadeMarketing\",\"description\":\"Somos um ve\u00edculo de comunica\u00e7\u00e3o de destaque no Brasil, reconhecido por conte\u00fados nos segmentos de marketing, empreendedorismo e inova\u00e7\u00e3o.\",\"publisher\":{\"@id\":\"https:\\\/\\\/www.cidademarketing.com.br\\\/marketing\\\/#organization\"},\"alternateName\":\"CidadeMarketing\",\"potentialAction\":[{\"@type\":\"SearchAction\",\"target\":{\"@type\":\"EntryPoint\",\"urlTemplate\":\"https:\\\/\\\/www.cidademarketing.com.br\\\/marketing\\\/?s={search_term_string}\"},\"query-input\":{\"@type\":\"PropertyValueSpecification\",\"valueRequired\":true,\"valueName\":\"search_term_string\"}}],\"inLanguage\":\"pt-BR\"},{\"@type\":\"Organization\",\"@id\":\"https:\\\/\\\/www.cidademarketing.com.br\\\/marketing\\\/#organization\",\"name\":\"CidadeMarketing\",\"alternateName\":\"CidadeMarketing\",\"url\":\"https:\\\/\\\/www.cidademarketing.com.br\\\/marketing\\\/\",\"logo\":{\"@type\":\"ImageObject\",\"inLanguage\":\"pt-BR\",\"@id\":\"https:\\\/\\\/www.cidademarketing.com.br\\\/marketing\\\/#\\\/schema\\\/logo\\\/image\\\/\",\"url\":\"https:\\\/\\\/www.cidademarketing.com.br\\\/marketing\\\/wp-content\\\/uploads\\\/2020\\\/01\\\/cidademarketing_marca_mobile.png\",\"contentUrl\":\"https:\\\/\\\/www.cidademarketing.com.br\\\/marketing\\\/wp-content\\\/uploads\\\/2020\\\/01\\\/cidademarketing_marca_mobile.png\",\"width\":230,\"height\":92,\"caption\":\"CidadeMarketing\"},\"image\":{\"@id\":\"https:\\\/\\\/www.cidademarketing.com.br\\\/marketing\\\/#\\\/schema\\\/logo\\\/image\\\/\"},\"sameAs\":[\"https:\\\/\\\/www.facebook.com\\\/portalcidademarketing\",\"https:\\\/\\\/x.com\\\/CidadeMarketing\",\"https:\\\/\\\/www.instagram.com\\\/cidademarketing\\\/\"]},{\"@type\":\"Person\",\"@id\":\"https:\\\/\\\/www.cidademarketing.com.br\\\/marketing\\\/#\\\/schema\\\/person\\\/02daff9f18bd9378c9e01eb6b2db155f\",\"name\":\"Thales Brand\u00e3o\",\"image\":{\"@type\":\"ImageObject\",\"inLanguage\":\"pt-BR\",\"@id\":\"https:\\\/\\\/secure.gravatar.com\\\/avatar\\\/7ca3206950207cc3cb48feec56a8a7898741ab725c368d99d5d7a5a50aab80c6?s=96&d=mm&r=g\",\"url\":\"https:\\\/\\\/secure.gravatar.com\\\/avatar\\\/7ca3206950207cc3cb48feec56a8a7898741ab725c368d99d5d7a5a50aab80c6?s=96&d=mm&r=g\",\"contentUrl\":\"https:\\\/\\\/secure.gravatar.com\\\/avatar\\\/7ca3206950207cc3cb48feec56a8a7898741ab725c368d99d5d7a5a50aab80c6?s=96&d=mm&r=g\",\"caption\":\"Thales Brand\u00e3o\"},\"description\":\"Editor Executivo do Portal CidadeMarketing.com.br &gt; Mestre em Comunica\u00e7\u00e3o e Sociedade pela Universidade Federal de Sergipe. Possui MBA Executivo em Administra\u00e7\u00e3o com \u00eanfase em Marketing pela Funda\u00e7\u00e3o Get\u00falio Vargas - Rio de Janeiro. Consultor, Palestrante e Pesquisador sobre Empreendedorismo, Marketing, Redes Sociais e Neg\u00f3cios Digitais. Professor, Palestrante TedxTalks e Campus Party. Twitter: @ThalesBrandao\",\"sameAs\":[\"http:\\\/\\\/www.mandacaru.com.br\",\"https:\\\/\\\/www.facebook.com\\\/thalesbrandao\",\"http:\\\/\\\/www.instagram.com.br\\\/thalesbrandaoferreira\",\"https:\\\/\\\/www.linkedin.com\\\/in\\\/thales-brand\u00e3o-3948609\\\/\",\"https:\\\/\\\/x.com\\\/http:\\\/\\\/www.twitter.com\\\/thalesbrandao\"],\"url\":\"https:\\\/\\\/www.cidademarketing.com.br\\\/marketing\\\/author\\\/thalesbrandao\\\/\"}]}<\/script>\n<!-- \/ Yoast SEO plugin. -->","yoast_head_json":{"title":"Primeiro Jeep\u00ae civil, CJ-2A completa 75 anos - CidadeMarketing","robots":{"index":"index","follow":"follow","max-snippet":"max-snippet:-1","max-image-preview":"max-image-preview:large","max-video-preview":"max-video-preview:-1"},"canonical":"https:\/\/www.cidademarketing.com.br\/marketing\/2020\/07\/23\/primeiro-jeep-civil-cj-2a-completa-75-anos\/","og_locale":"pt_BR","og_type":"article","og_title":"Primeiro Jeep\u00ae civil, CJ-2A completa 75 anos - CidadeMarketing","og_description":"H\u00e1 75 anos, em 17 de julho de 1945, nascia o primeiro ve\u00edculo civil da Jeep\u00ae, o CJ-2A. O modelo tamb\u00e9m foi o primeiro a exibir grade dianteira com sete fendas, marca registrada dos ve\u00edculos da marca at\u00e9 hoje. O CJ-2A n\u00e3o teve uma vida t\u00e3o longa: sua produ\u00e7\u00e3o durou quatro anos e terminou em [&hellip;]","og_url":"https:\/\/www.cidademarketing.com.br\/marketing\/2020\/07\/23\/primeiro-jeep-civil-cj-2a-completa-75-anos\/","og_site_name":"CidadeMarketing","article_publisher":"https:\/\/www.facebook.com\/portalcidademarketing","article_author":"https:\/\/www.facebook.com\/thalesbrandao","article_published_time":"2020-07-23T23:45:13+00:00","article_modified_time":"2020-07-23T23:45:15+00:00","og_image":[{"width":1180,"height":603,"url":"https:\/\/www.cidademarketing.com.br\/marketing\/wp-content\/uploads\/2020\/07\/jeep_civil.jpg","type":"image\/jpeg"}],"author":"Thales Brand\u00e3o","twitter_card":"summary_large_image","twitter_creator":"@http:\/\/www.twitter.com\/thalesbrandao","twitter_site":"@CidadeMarketing","twitter_misc":{"Escrito por":"Thales Brand\u00e3o","Est. tempo de leitura":"5 minutos"},"schema":{"@context":"https:\/\/schema.org","@graph":[{"@type":"Article","@id":"https:\/\/www.cidademarketing.com.br\/marketing\/2020\/07\/23\/primeiro-jeep-civil-cj-2a-completa-75-anos\/#article","isPartOf":{"@id":"https:\/\/www.cidademarketing.com.br\/marketing\/2020\/07\/23\/primeiro-jeep-civil-cj-2a-completa-75-anos\/"},"author":{"name":"Thales Brand\u00e3o","@id":"https:\/\/www.cidademarketing.com.br\/marketing\/#\/schema\/person\/02daff9f18bd9378c9e01eb6b2db155f"},"headline":"Primeiro Jeep\u00ae civil, CJ-2A completa 75 anos","datePublished":"2020-07-23T23:45:13+00:00","dateModified":"2020-07-23T23:45:15+00:00","mainEntityOfPage":{"@id":"https:\/\/www.cidademarketing.com.br\/marketing\/2020\/07\/23\/primeiro-jeep-civil-cj-2a-completa-75-anos\/"},"wordCount":1060,"commentCount":0,"publisher":{"@id":"https:\/\/www.cidademarketing.com.br\/marketing\/#organization"},"image":{"@id":"https:\/\/www.cidademarketing.com.br\/marketing\/2020\/07\/23\/primeiro-jeep-civil-cj-2a-completa-75-anos\/#primaryimage"},"thumbnailUrl":"https:\/\/www.cidademarketing.com.br\/marketing\/wp-content\/uploads\/2020\/07\/jeep_civil.jpg","keywords":["estrat\u00e9gia","Jeep","marketing"],"articleSection":["Not\u00edcias"],"inLanguage":"pt-BR","potentialAction":[{"@type":"CommentAction","name":"Comment","target":["https:\/\/www.cidademarketing.com.br\/marketing\/2020\/07\/23\/primeiro-jeep-civil-cj-2a-completa-75-anos\/#respond"]}]},{"@type":"WebPage","@id":"https:\/\/www.cidademarketing.com.br\/marketing\/2020\/07\/23\/primeiro-jeep-civil-cj-2a-completa-75-anos\/","url":"https:\/\/www.cidademarketing.com.br\/marketing\/2020\/07\/23\/primeiro-jeep-civil-cj-2a-completa-75-anos\/","name":"Primeiro Jeep\u00ae civil, CJ-2A completa 75 anos - CidadeMarketing","isPartOf":{"@id":"https:\/\/www.cidademarketing.com.br\/marketing\/#website"},"primaryImageOfPage":{"@id":"https:\/\/www.cidademarketing.com.br\/marketing\/2020\/07\/23\/primeiro-jeep-civil-cj-2a-completa-75-anos\/#primaryimage"},"image":{"@id":"https:\/\/www.cidademarketing.com.br\/marketing\/2020\/07\/23\/primeiro-jeep-civil-cj-2a-completa-75-anos\/#primaryimage"},"thumbnailUrl":"https:\/\/www.cidademarketing.com.br\/marketing\/wp-content\/uploads\/2020\/07\/jeep_civil.jpg","datePublished":"2020-07-23T23:45:13+00:00","dateModified":"2020-07-23T23:45:15+00:00","breadcrumb":{"@id":"https:\/\/www.cidademarketing.com.br\/marketing\/2020\/07\/23\/primeiro-jeep-civil-cj-2a-completa-75-anos\/#breadcrumb"},"inLanguage":"pt-BR","potentialAction":[{"@type":"ReadAction","target":["https:\/\/www.cidademarketing.com.br\/marketing\/2020\/07\/23\/primeiro-jeep-civil-cj-2a-completa-75-anos\/"]}]},{"@type":"ImageObject","inLanguage":"pt-BR","@id":"https:\/\/www.cidademarketing.com.br\/marketing\/2020\/07\/23\/primeiro-jeep-civil-cj-2a-completa-75-anos\/#primaryimage","url":"https:\/\/www.cidademarketing.com.br\/marketing\/wp-content\/uploads\/2020\/07\/jeep_civil.jpg","contentUrl":"https:\/\/www.cidademarketing.com.br\/marketing\/wp-content\/uploads\/2020\/07\/jeep_civil.jpg","width":1180,"height":603,"caption":"Reprodu\u00e7\u00e3o"},{"@type":"BreadcrumbList","@id":"https:\/\/www.cidademarketing.com.br\/marketing\/2020\/07\/23\/primeiro-jeep-civil-cj-2a-completa-75-anos\/#breadcrumb","itemListElement":[{"@type":"ListItem","position":1,"name":"In\u00edcio","item":"https:\/\/www.cidademarketing.com.br\/marketing\/"},{"@type":"ListItem","position":2,"name":"Primeiro Jeep\u00ae civil, CJ-2A completa 75 anos"}]},{"@type":"WebSite","@id":"https:\/\/www.cidademarketing.com.br\/marketing\/#website","url":"https:\/\/www.cidademarketing.com.br\/marketing\/","name":"CidadeMarketing","description":"Somos um ve\u00edculo de comunica\u00e7\u00e3o de destaque no Brasil, reconhecido por conte\u00fados nos segmentos de marketing, empreendedorismo e inova\u00e7\u00e3o.","publisher":{"@id":"https:\/\/www.cidademarketing.com.br\/marketing\/#organization"},"alternateName":"CidadeMarketing","potentialAction":[{"@type":"SearchAction","target":{"@type":"EntryPoint","urlTemplate":"https:\/\/www.cidademarketing.com.br\/marketing\/?s={search_term_string}"},"query-input":{"@type":"PropertyValueSpecification","valueRequired":true,"valueName":"search_term_string"}}],"inLanguage":"pt-BR"},{"@type":"Organization","@id":"https:\/\/www.cidademarketing.com.br\/marketing\/#organization","name":"CidadeMarketing","alternateName":"CidadeMarketing","url":"https:\/\/www.cidademarketing.com.br\/marketing\/","logo":{"@type":"ImageObject","inLanguage":"pt-BR","@id":"https:\/\/www.cidademarketing.com.br\/marketing\/#\/schema\/logo\/image\/","url":"https:\/\/www.cidademarketing.com.br\/marketing\/wp-content\/uploads\/2020\/01\/cidademarketing_marca_mobile.png","contentUrl":"https:\/\/www.cidademarketing.com.br\/marketing\/wp-content\/uploads\/2020\/01\/cidademarketing_marca_mobile.png","width":230,"height":92,"caption":"CidadeMarketing"},"image":{"@id":"https:\/\/www.cidademarketing.com.br\/marketing\/#\/schema\/logo\/image\/"},"sameAs":["https:\/\/www.facebook.com\/portalcidademarketing","https:\/\/x.com\/CidadeMarketing","https:\/\/www.instagram.com\/cidademarketing\/"]},{"@type":"Person","@id":"https:\/\/www.cidademarketing.com.br\/marketing\/#\/schema\/person\/02daff9f18bd9378c9e01eb6b2db155f","name":"Thales Brand\u00e3o","image":{"@type":"ImageObject","inLanguage":"pt-BR","@id":"https:\/\/secure.gravatar.com\/avatar\/7ca3206950207cc3cb48feec56a8a7898741ab725c368d99d5d7a5a50aab80c6?s=96&d=mm&r=g","url":"https:\/\/secure.gravatar.com\/avatar\/7ca3206950207cc3cb48feec56a8a7898741ab725c368d99d5d7a5a50aab80c6?s=96&d=mm&r=g","contentUrl":"https:\/\/secure.gravatar.com\/avatar\/7ca3206950207cc3cb48feec56a8a7898741ab725c368d99d5d7a5a50aab80c6?s=96&d=mm&r=g","caption":"Thales Brand\u00e3o"},"description":"Editor Executivo do Portal CidadeMarketing.com.br &gt; Mestre em Comunica\u00e7\u00e3o e Sociedade pela Universidade Federal de Sergipe. Possui MBA Executivo em Administra\u00e7\u00e3o com \u00eanfase em Marketing pela Funda\u00e7\u00e3o Get\u00falio Vargas - Rio de Janeiro. Consultor, Palestrante e Pesquisador sobre Empreendedorismo, Marketing, Redes Sociais e Neg\u00f3cios Digitais. Professor, Palestrante TedxTalks e Campus Party. Twitter: @ThalesBrandao","sameAs":["http:\/\/www.mandacaru.com.br","https:\/\/www.facebook.com\/thalesbrandao","http:\/\/www.instagram.com.br\/thalesbrandaoferreira","https:\/\/www.linkedin.com\/in\/thales-brand\u00e3o-3948609\/","https:\/\/x.com\/http:\/\/www.twitter.com\/thalesbrandao"],"url":"https:\/\/www.cidademarketing.com.br\/marketing\/author\/thalesbrandao\/"}]}},"amp_enabled":true,"_links":{"self":[{"href":"https:\/\/www.cidademarketing.com.br\/marketing\/wp-json\/wp\/v2\/posts\/17267","targetHints":{"allow":["GET"]}}],"collection":[{"href":"https:\/\/www.cidademarketing.com.br\/marketing\/wp-json\/wp\/v2\/posts"}],"about":[{"href":"https:\/\/www.cidademarketing.com.br\/marketing\/wp-json\/wp\/v2\/types\/post"}],"author":[{"embeddable":true,"href":"https:\/\/www.cidademarketing.com.br\/marketing\/wp-json\/wp\/v2\/users\/1"}],"replies":[{"embeddable":true,"href":"https:\/\/www.cidademarketing.com.br\/marketing\/wp-json\/wp\/v2\/comments?post=17267"}],"version-history":[{"count":1,"href":"https:\/\/www.cidademarketing.com.br\/marketing\/wp-json\/wp\/v2\/posts\/17267\/revisions"}],"predecessor-version":[{"id":17269,"href":"https:\/\/www.cidademarketing.com.br\/marketing\/wp-json\/wp\/v2\/posts\/17267\/revisions\/17269"}],"wp:featuredmedia":[{"embeddable":true,"href":"https:\/\/www.cidademarketing.com.br\/marketing\/wp-json\/wp\/v2\/media\/17268"}],"wp:attachment":[{"href":"https:\/\/www.cidademarketing.com.br\/marketing\/wp-json\/wp\/v2\/media?parent=17267"}],"wp:term":[{"taxonomy":"category","embeddable":true,"href":"https:\/\/www.cidademarketing.com.br\/marketing\/wp-json\/wp\/v2\/categories?post=17267"},{"taxonomy":"post_tag","embeddable":true,"href":"https:\/\/www.cidademarketing.com.br\/marketing\/wp-json\/wp\/v2\/tags?post=17267"}],"curies":[{"name":"wp","href":"https:\/\/api.w.org\/{rel}","templated":true}]}}