{"id":17261,"date":"2020-07-23T19:54:31","date_gmt":"2020-07-23T22:54:31","guid":{"rendered":"https:\/\/www.cidademarketing.com.br\/marketing\/?p=17261"},"modified":"2020-07-23T19:54:34","modified_gmt":"2020-07-23T22:54:34","slug":"a-pedido-do-mpmg-justica-determina-que-faculdade-de-uberlandia-reduza-mensalidades-em-30","status":"publish","type":"post","link":"https:\/\/www.cidademarketing.com.br\/marketing\/2020\/07\/23\/a-pedido-do-mpmg-justica-determina-que-faculdade-de-uberlandia-reduza-mensalidades-em-30\/","title":{"rendered":"A pedido do MPMG, Justi\u00e7a determina que faculdade de Uberl\u00e2ndia reduza mensalidades em 30%"},"content":{"rendered":"\n<p>O Minist\u00e9rio P\u00fablico de Minas Gerais (MPMG), por meio da Promotoria de Justi\u00e7a de Defesa do Cidad\u00e3o de Uberl\u00e2ndia, obteve decis\u00e3o liminar favor\u00e1vel que obriga uma faculdade de Uberl\u00e2ndia a reduzir em 30% as mensalidades de todos os cursos ministrados, desde mar\u00e7o de 2020 at\u00e9 o restabelecimento das aulas presenciais.&nbsp;<\/p>\n\n\n\n<p>A faculdade tamb\u00e9m dever\u00e1 liberar o acesso ao portal do aluno para que os estudantes tenham o conte\u00fado que for de interesse deles. Em caso de descumprimento, a empresa dever\u00e1 pagar multa di\u00e1ria de R$ 300.&nbsp;<\/p>\n\n\n\n<p>O pedido de tutela de urg\u00eancia foi feito pelo MPMG em A\u00e7\u00e3o Civil P\u00fablica (ACP) depois de tentativa, sem \u00eaxito, de ajustamento de conduta. Reclama\u00e7\u00f5es feitas por consumidores denunciaram que, al\u00e9m de n\u00e3o apresentar revis\u00e3o contratual com proposta de desconto e planilha de custos aos alunos, a faculdade bloqueou o acesso dos estudantes ao portal, o que dificultou o acompanhamento de faltas, notas e outros informa\u00e7\u00f5es anteriormente dispon\u00edveis.&nbsp;<\/p>\n\n\n\n<p>Para o MPMG, a empresa violou o direito \u00e0 informa\u00e7\u00e3o, os princ\u00edpios da boa-f\u00e9 objetiva e do equil\u00edbrio contratual, previstos no C\u00f3digo de Defesa do Consumidor.&nbsp;<\/p>\n","protected":false},"excerpt":{"rendered":"<p>O Minist\u00e9rio P\u00fablico de Minas Gerais (MPMG), por meio da Promotoria de Justi\u00e7a de Defesa do Cidad\u00e3o de Uberl\u00e2ndia, obteve decis\u00e3o liminar favor\u00e1vel que obriga uma faculdade de Uberl\u00e2ndia a reduzir em 30% as mensalidades de todos os cursos ministrados, desde mar\u00e7o de 2020 at\u00e9 o restabelecimento das aulas presenciais.&nbsp; A faculdade tamb\u00e9m dever\u00e1 liberar [&hellip;]<\/p>\n","protected":false},"author":1,"featured_media":17139,"comment_status":"open","ping_status":"open","sticky":false,"template":"","format":"standard","meta":{"tdm_status":"","tdm_grid_status":"","footnotes":""},"categories":[9,6],"tags":[3188,1238,884],"class_list":["post-17261","post","type-post","status-publish","format-standard","has-post-thumbnail","hentry","category-consumidor","category-noticias","tag-faculdade","tag-minas-gerais","tag-preco"],"yoast_head":"<!-- This site is optimized with the Yoast SEO plugin v27.5 - https:\/\/yoast.com\/product\/yoast-seo-wordpress\/ -->\n<title>A pedido do MPMG, Justi\u00e7a determina que faculdade de Uberl\u00e2ndia reduza mensalidades em 30% - CidadeMarketing<\/title>\n<meta name=\"robots\" content=\"index, follow, max-snippet:-1, max-image-preview:large, max-video-preview:-1\" \/>\n<link rel=\"canonical\" href=\"https:\/\/www.cidademarketing.com.br\/marketing\/2020\/07\/23\/a-pedido-do-mpmg-justica-determina-que-faculdade-de-uberlandia-reduza-mensalidades-em-30\/\" \/>\n<meta property=\"og:locale\" content=\"pt_BR\" \/>\n<meta property=\"og:type\" content=\"article\" \/>\n<meta property=\"og:title\" content=\"A pedido do MPMG, Justi\u00e7a determina que faculdade de Uberl\u00e2ndia reduza mensalidades em 30% - CidadeMarketing\" \/>\n<meta property=\"og:description\" content=\"O Minist\u00e9rio P\u00fablico de Minas Gerais (MPMG), por meio da Promotoria de Justi\u00e7a de Defesa do Cidad\u00e3o de Uberl\u00e2ndia, obteve decis\u00e3o liminar favor\u00e1vel que obriga uma faculdade de Uberl\u00e2ndia a reduzir em 30% as mensalidades de todos os cursos ministrados, desde mar\u00e7o de 2020 at\u00e9 o restabelecimento das aulas presenciais.&nbsp; A faculdade tamb\u00e9m dever\u00e1 liberar [&hellip;]\" \/>\n<meta property=\"og:url\" content=\"https:\/\/www.cidademarketing.com.br\/marketing\/2020\/07\/23\/a-pedido-do-mpmg-justica-determina-que-faculdade-de-uberlandia-reduza-mensalidades-em-30\/\" \/>\n<meta property=\"og:site_name\" content=\"CidadeMarketing\" \/>\n<meta property=\"article:publisher\" content=\"https:\/\/www.facebook.com\/portalcidademarketing\" \/>\n<meta property=\"article:author\" content=\"https:\/\/www.facebook.com\/thalesbrandao\" \/>\n<meta property=\"article:published_time\" content=\"2020-07-23T22:54:31+00:00\" \/>\n<meta property=\"article:modified_time\" content=\"2020-07-23T22:54:34+00:00\" \/>\n<meta property=\"og:image\" content=\"https:\/\/www.cidademarketing.com.br\/marketing\/wp-content\/uploads\/2020\/07\/desconto_faculdades.png\" \/>\n\t<meta property=\"og:image:width\" content=\"1080\" \/>\n\t<meta property=\"og:image:height\" content=\"1080\" \/>\n\t<meta property=\"og:image:type\" content=\"image\/png\" \/>\n<meta name=\"author\" content=\"Thales Brand\u00e3o\" \/>\n<meta name=\"twitter:card\" content=\"summary_large_image\" \/>\n<meta name=\"twitter:creator\" content=\"@http:\/\/www.twitter.com\/thalesbrandao\" \/>\n<meta name=\"twitter:site\" content=\"@CidadeMarketing\" \/>\n<meta name=\"twitter:label1\" content=\"Escrito por\" \/>\n\t<meta name=\"twitter:data1\" content=\"Thales Brand\u00e3o\" \/>\n\t<meta name=\"twitter:label2\" content=\"Est. tempo de leitura\" \/>\n\t<meta name=\"twitter:data2\" content=\"1 minuto\" \/>\n<script type=\"application\/ld+json\" class=\"yoast-schema-graph\">{\"@context\":\"https:\\\/\\\/schema.org\",\"@graph\":[{\"@type\":\"Article\",\"@id\":\"https:\\\/\\\/www.cidademarketing.com.br\\\/marketing\\\/2020\\\/07\\\/23\\\/a-pedido-do-mpmg-justica-determina-que-faculdade-de-uberlandia-reduza-mensalidades-em-30\\\/#article\",\"isPartOf\":{\"@id\":\"https:\\\/\\\/www.cidademarketing.com.br\\\/marketing\\\/2020\\\/07\\\/23\\\/a-pedido-do-mpmg-justica-determina-que-faculdade-de-uberlandia-reduza-mensalidades-em-30\\\/\"},\"author\":{\"name\":\"Thales Brand\u00e3o\",\"@id\":\"https:\\\/\\\/www.cidademarketing.com.br\\\/marketing\\\/#\\\/schema\\\/person\\\/02daff9f18bd9378c9e01eb6b2db155f\"},\"headline\":\"A pedido do MPMG, Justi\u00e7a determina que faculdade de Uberl\u00e2ndia reduza mensalidades em 30%\",\"datePublished\":\"2020-07-23T22:54:31+00:00\",\"dateModified\":\"2020-07-23T22:54:34+00:00\",\"mainEntityOfPage\":{\"@id\":\"https:\\\/\\\/www.cidademarketing.com.br\\\/marketing\\\/2020\\\/07\\\/23\\\/a-pedido-do-mpmg-justica-determina-que-faculdade-de-uberlandia-reduza-mensalidades-em-30\\\/\"},\"wordCount\":220,\"commentCount\":0,\"publisher\":{\"@id\":\"https:\\\/\\\/www.cidademarketing.com.br\\\/marketing\\\/#organization\"},\"image\":{\"@id\":\"https:\\\/\\\/www.cidademarketing.com.br\\\/marketing\\\/2020\\\/07\\\/23\\\/a-pedido-do-mpmg-justica-determina-que-faculdade-de-uberlandia-reduza-mensalidades-em-30\\\/#primaryimage\"},\"thumbnailUrl\":\"https:\\\/\\\/www.cidademarketing.com.br\\\/marketing\\\/wp-content\\\/uploads\\\/2020\\\/07\\\/desconto_faculdades.png\",\"keywords\":[\"faculdade\",\"Minas Gerais\",\"pre\u00e7o\"],\"articleSection\":[\"Consumidor\",\"Not\u00edcias\"],\"inLanguage\":\"pt-BR\",\"potentialAction\":[{\"@type\":\"CommentAction\",\"name\":\"Comment\",\"target\":[\"https:\\\/\\\/www.cidademarketing.com.br\\\/marketing\\\/2020\\\/07\\\/23\\\/a-pedido-do-mpmg-justica-determina-que-faculdade-de-uberlandia-reduza-mensalidades-em-30\\\/#respond\"]}]},{\"@type\":\"WebPage\",\"@id\":\"https:\\\/\\\/www.cidademarketing.com.br\\\/marketing\\\/2020\\\/07\\\/23\\\/a-pedido-do-mpmg-justica-determina-que-faculdade-de-uberlandia-reduza-mensalidades-em-30\\\/\",\"url\":\"https:\\\/\\\/www.cidademarketing.com.br\\\/marketing\\\/2020\\\/07\\\/23\\\/a-pedido-do-mpmg-justica-determina-que-faculdade-de-uberlandia-reduza-mensalidades-em-30\\\/\",\"name\":\"A pedido do MPMG, Justi\u00e7a determina que faculdade de Uberl\u00e2ndia reduza mensalidades em 30% - CidadeMarketing\",\"isPartOf\":{\"@id\":\"https:\\\/\\\/www.cidademarketing.com.br\\\/marketing\\\/#website\"},\"primaryImageOfPage\":{\"@id\":\"https:\\\/\\\/www.cidademarketing.com.br\\\/marketing\\\/2020\\\/07\\\/23\\\/a-pedido-do-mpmg-justica-determina-que-faculdade-de-uberlandia-reduza-mensalidades-em-30\\\/#primaryimage\"},\"image\":{\"@id\":\"https:\\\/\\\/www.cidademarketing.com.br\\\/marketing\\\/2020\\\/07\\\/23\\\/a-pedido-do-mpmg-justica-determina-que-faculdade-de-uberlandia-reduza-mensalidades-em-30\\\/#primaryimage\"},\"thumbnailUrl\":\"https:\\\/\\\/www.cidademarketing.com.br\\\/marketing\\\/wp-content\\\/uploads\\\/2020\\\/07\\\/desconto_faculdades.png\",\"datePublished\":\"2020-07-23T22:54:31+00:00\",\"dateModified\":\"2020-07-23T22:54:34+00:00\",\"breadcrumb\":{\"@id\":\"https:\\\/\\\/www.cidademarketing.com.br\\\/marketing\\\/2020\\\/07\\\/23\\\/a-pedido-do-mpmg-justica-determina-que-faculdade-de-uberlandia-reduza-mensalidades-em-30\\\/#breadcrumb\"},\"inLanguage\":\"pt-BR\",\"potentialAction\":[{\"@type\":\"ReadAction\",\"target\":[\"https:\\\/\\\/www.cidademarketing.com.br\\\/marketing\\\/2020\\\/07\\\/23\\\/a-pedido-do-mpmg-justica-determina-que-faculdade-de-uberlandia-reduza-mensalidades-em-30\\\/\"]}]},{\"@type\":\"ImageObject\",\"inLanguage\":\"pt-BR\",\"@id\":\"https:\\\/\\\/www.cidademarketing.com.br\\\/marketing\\\/2020\\\/07\\\/23\\\/a-pedido-do-mpmg-justica-determina-que-faculdade-de-uberlandia-reduza-mensalidades-em-30\\\/#primaryimage\",\"url\":\"https:\\\/\\\/www.cidademarketing.com.br\\\/marketing\\\/wp-content\\\/uploads\\\/2020\\\/07\\\/desconto_faculdades.png\",\"contentUrl\":\"https:\\\/\\\/www.cidademarketing.com.br\\\/marketing\\\/wp-content\\\/uploads\\\/2020\\\/07\\\/desconto_faculdades.png\",\"width\":1080,\"height\":1080,\"caption\":\"Reprodu\u00e7\u00e3o\\\/Youtube\"},{\"@type\":\"BreadcrumbList\",\"@id\":\"https:\\\/\\\/www.cidademarketing.com.br\\\/marketing\\\/2020\\\/07\\\/23\\\/a-pedido-do-mpmg-justica-determina-que-faculdade-de-uberlandia-reduza-mensalidades-em-30\\\/#breadcrumb\",\"itemListElement\":[{\"@type\":\"ListItem\",\"position\":1,\"name\":\"In\u00edcio\",\"item\":\"https:\\\/\\\/www.cidademarketing.com.br\\\/marketing\\\/\"},{\"@type\":\"ListItem\",\"position\":2,\"name\":\"A pedido do MPMG, Justi\u00e7a determina que faculdade de Uberl\u00e2ndia reduza mensalidades em 30%\"}]},{\"@type\":\"WebSite\",\"@id\":\"https:\\\/\\\/www.cidademarketing.com.br\\\/marketing\\\/#website\",\"url\":\"https:\\\/\\\/www.cidademarketing.com.br\\\/marketing\\\/\",\"name\":\"CidadeMarketing\",\"description\":\"Somos um ve\u00edculo de comunica\u00e7\u00e3o de destaque no Brasil, reconhecido por conte\u00fados nos segmentos de marketing, empreendedorismo e inova\u00e7\u00e3o.\",\"publisher\":{\"@id\":\"https:\\\/\\\/www.cidademarketing.com.br\\\/marketing\\\/#organization\"},\"alternateName\":\"CidadeMarketing\",\"potentialAction\":[{\"@type\":\"SearchAction\",\"target\":{\"@type\":\"EntryPoint\",\"urlTemplate\":\"https:\\\/\\\/www.cidademarketing.com.br\\\/marketing\\\/?s={search_term_string}\"},\"query-input\":{\"@type\":\"PropertyValueSpecification\",\"valueRequired\":true,\"valueName\":\"search_term_string\"}}],\"inLanguage\":\"pt-BR\"},{\"@type\":\"Organization\",\"@id\":\"https:\\\/\\\/www.cidademarketing.com.br\\\/marketing\\\/#organization\",\"name\":\"CidadeMarketing\",\"alternateName\":\"CidadeMarketing\",\"url\":\"https:\\\/\\\/www.cidademarketing.com.br\\\/marketing\\\/\",\"logo\":{\"@type\":\"ImageObject\",\"inLanguage\":\"pt-BR\",\"@id\":\"https:\\\/\\\/www.cidademarketing.com.br\\\/marketing\\\/#\\\/schema\\\/logo\\\/image\\\/\",\"url\":\"https:\\\/\\\/www.cidademarketing.com.br\\\/marketing\\\/wp-content\\\/uploads\\\/2020\\\/01\\\/cidademarketing_marca_mobile.png\",\"contentUrl\":\"https:\\\/\\\/www.cidademarketing.com.br\\\/marketing\\\/wp-content\\\/uploads\\\/2020\\\/01\\\/cidademarketing_marca_mobile.png\",\"width\":230,\"height\":92,\"caption\":\"CidadeMarketing\"},\"image\":{\"@id\":\"https:\\\/\\\/www.cidademarketing.com.br\\\/marketing\\\/#\\\/schema\\\/logo\\\/image\\\/\"},\"sameAs\":[\"https:\\\/\\\/www.facebook.com\\\/portalcidademarketing\",\"https:\\\/\\\/x.com\\\/CidadeMarketing\",\"https:\\\/\\\/www.instagram.com\\\/cidademarketing\\\/\"]},{\"@type\":\"Person\",\"@id\":\"https:\\\/\\\/www.cidademarketing.com.br\\\/marketing\\\/#\\\/schema\\\/person\\\/02daff9f18bd9378c9e01eb6b2db155f\",\"name\":\"Thales Brand\u00e3o\",\"image\":{\"@type\":\"ImageObject\",\"inLanguage\":\"pt-BR\",\"@id\":\"https:\\\/\\\/secure.gravatar.com\\\/avatar\\\/7ca3206950207cc3cb48feec56a8a7898741ab725c368d99d5d7a5a50aab80c6?s=96&d=mm&r=g\",\"url\":\"https:\\\/\\\/secure.gravatar.com\\\/avatar\\\/7ca3206950207cc3cb48feec56a8a7898741ab725c368d99d5d7a5a50aab80c6?s=96&d=mm&r=g\",\"contentUrl\":\"https:\\\/\\\/secure.gravatar.com\\\/avatar\\\/7ca3206950207cc3cb48feec56a8a7898741ab725c368d99d5d7a5a50aab80c6?s=96&d=mm&r=g\",\"caption\":\"Thales Brand\u00e3o\"},\"description\":\"Editor Executivo do Portal CidadeMarketing.com.br &gt; Mestre em Comunica\u00e7\u00e3o e Sociedade pela Universidade Federal de Sergipe. Possui MBA Executivo em Administra\u00e7\u00e3o com \u00eanfase em Marketing pela Funda\u00e7\u00e3o Get\u00falio Vargas - Rio de Janeiro. Consultor, Palestrante e Pesquisador sobre Empreendedorismo, Marketing, Redes Sociais e Neg\u00f3cios Digitais. Professor, Palestrante TedxTalks e Campus Party. Twitter: @ThalesBrandao\",\"sameAs\":[\"http:\\\/\\\/www.mandacaru.com.br\",\"https:\\\/\\\/www.facebook.com\\\/thalesbrandao\",\"http:\\\/\\\/www.instagram.com.br\\\/thalesbrandaoferreira\",\"https:\\\/\\\/www.linkedin.com\\\/in\\\/thales-brand\u00e3o-3948609\\\/\",\"https:\\\/\\\/x.com\\\/http:\\\/\\\/www.twitter.com\\\/thalesbrandao\"],\"url\":\"https:\\\/\\\/www.cidademarketing.com.br\\\/marketing\\\/author\\\/thalesbrandao\\\/\"}]}<\/script>\n<!-- \/ Yoast SEO plugin. -->","yoast_head_json":{"title":"A pedido do MPMG, Justi\u00e7a determina que faculdade de Uberl\u00e2ndia reduza mensalidades em 30% - CidadeMarketing","robots":{"index":"index","follow":"follow","max-snippet":"max-snippet:-1","max-image-preview":"max-image-preview:large","max-video-preview":"max-video-preview:-1"},"canonical":"https:\/\/www.cidademarketing.com.br\/marketing\/2020\/07\/23\/a-pedido-do-mpmg-justica-determina-que-faculdade-de-uberlandia-reduza-mensalidades-em-30\/","og_locale":"pt_BR","og_type":"article","og_title":"A pedido do MPMG, Justi\u00e7a determina que faculdade de Uberl\u00e2ndia reduza mensalidades em 30% - CidadeMarketing","og_description":"O Minist\u00e9rio P\u00fablico de Minas Gerais (MPMG), por meio da Promotoria de Justi\u00e7a de Defesa do Cidad\u00e3o de Uberl\u00e2ndia, obteve decis\u00e3o liminar favor\u00e1vel que obriga uma faculdade de Uberl\u00e2ndia a reduzir em 30% as mensalidades de todos os cursos ministrados, desde mar\u00e7o de 2020 at\u00e9 o restabelecimento das aulas presenciais.&nbsp; A faculdade tamb\u00e9m dever\u00e1 liberar [&hellip;]","og_url":"https:\/\/www.cidademarketing.com.br\/marketing\/2020\/07\/23\/a-pedido-do-mpmg-justica-determina-que-faculdade-de-uberlandia-reduza-mensalidades-em-30\/","og_site_name":"CidadeMarketing","article_publisher":"https:\/\/www.facebook.com\/portalcidademarketing","article_author":"https:\/\/www.facebook.com\/thalesbrandao","article_published_time":"2020-07-23T22:54:31+00:00","article_modified_time":"2020-07-23T22:54:34+00:00","og_image":[{"width":1080,"height":1080,"url":"https:\/\/www.cidademarketing.com.br\/marketing\/wp-content\/uploads\/2020\/07\/desconto_faculdades.png","type":"image\/png"}],"author":"Thales Brand\u00e3o","twitter_card":"summary_large_image","twitter_creator":"@http:\/\/www.twitter.com\/thalesbrandao","twitter_site":"@CidadeMarketing","twitter_misc":{"Escrito por":"Thales Brand\u00e3o","Est. tempo de leitura":"1 minuto"},"schema":{"@context":"https:\/\/schema.org","@graph":[{"@type":"Article","@id":"https:\/\/www.cidademarketing.com.br\/marketing\/2020\/07\/23\/a-pedido-do-mpmg-justica-determina-que-faculdade-de-uberlandia-reduza-mensalidades-em-30\/#article","isPartOf":{"@id":"https:\/\/www.cidademarketing.com.br\/marketing\/2020\/07\/23\/a-pedido-do-mpmg-justica-determina-que-faculdade-de-uberlandia-reduza-mensalidades-em-30\/"},"author":{"name":"Thales Brand\u00e3o","@id":"https:\/\/www.cidademarketing.com.br\/marketing\/#\/schema\/person\/02daff9f18bd9378c9e01eb6b2db155f"},"headline":"A pedido do MPMG, Justi\u00e7a determina que faculdade de Uberl\u00e2ndia reduza mensalidades em 30%","datePublished":"2020-07-23T22:54:31+00:00","dateModified":"2020-07-23T22:54:34+00:00","mainEntityOfPage":{"@id":"https:\/\/www.cidademarketing.com.br\/marketing\/2020\/07\/23\/a-pedido-do-mpmg-justica-determina-que-faculdade-de-uberlandia-reduza-mensalidades-em-30\/"},"wordCount":220,"commentCount":0,"publisher":{"@id":"https:\/\/www.cidademarketing.com.br\/marketing\/#organization"},"image":{"@id":"https:\/\/www.cidademarketing.com.br\/marketing\/2020\/07\/23\/a-pedido-do-mpmg-justica-determina-que-faculdade-de-uberlandia-reduza-mensalidades-em-30\/#primaryimage"},"thumbnailUrl":"https:\/\/www.cidademarketing.com.br\/marketing\/wp-content\/uploads\/2020\/07\/desconto_faculdades.png","keywords":["faculdade","Minas Gerais","pre\u00e7o"],"articleSection":["Consumidor","Not\u00edcias"],"inLanguage":"pt-BR","potentialAction":[{"@type":"CommentAction","name":"Comment","target":["https:\/\/www.cidademarketing.com.br\/marketing\/2020\/07\/23\/a-pedido-do-mpmg-justica-determina-que-faculdade-de-uberlandia-reduza-mensalidades-em-30\/#respond"]}]},{"@type":"WebPage","@id":"https:\/\/www.cidademarketing.com.br\/marketing\/2020\/07\/23\/a-pedido-do-mpmg-justica-determina-que-faculdade-de-uberlandia-reduza-mensalidades-em-30\/","url":"https:\/\/www.cidademarketing.com.br\/marketing\/2020\/07\/23\/a-pedido-do-mpmg-justica-determina-que-faculdade-de-uberlandia-reduza-mensalidades-em-30\/","name":"A pedido do MPMG, Justi\u00e7a determina que faculdade de Uberl\u00e2ndia reduza mensalidades em 30% - CidadeMarketing","isPartOf":{"@id":"https:\/\/www.cidademarketing.com.br\/marketing\/#website"},"primaryImageOfPage":{"@id":"https:\/\/www.cidademarketing.com.br\/marketing\/2020\/07\/23\/a-pedido-do-mpmg-justica-determina-que-faculdade-de-uberlandia-reduza-mensalidades-em-30\/#primaryimage"},"image":{"@id":"https:\/\/www.cidademarketing.com.br\/marketing\/2020\/07\/23\/a-pedido-do-mpmg-justica-determina-que-faculdade-de-uberlandia-reduza-mensalidades-em-30\/#primaryimage"},"thumbnailUrl":"https:\/\/www.cidademarketing.com.br\/marketing\/wp-content\/uploads\/2020\/07\/desconto_faculdades.png","datePublished":"2020-07-23T22:54:31+00:00","dateModified":"2020-07-23T22:54:34+00:00","breadcrumb":{"@id":"https:\/\/www.cidademarketing.com.br\/marketing\/2020\/07\/23\/a-pedido-do-mpmg-justica-determina-que-faculdade-de-uberlandia-reduza-mensalidades-em-30\/#breadcrumb"},"inLanguage":"pt-BR","potentialAction":[{"@type":"ReadAction","target":["https:\/\/www.cidademarketing.com.br\/marketing\/2020\/07\/23\/a-pedido-do-mpmg-justica-determina-que-faculdade-de-uberlandia-reduza-mensalidades-em-30\/"]}]},{"@type":"ImageObject","inLanguage":"pt-BR","@id":"https:\/\/www.cidademarketing.com.br\/marketing\/2020\/07\/23\/a-pedido-do-mpmg-justica-determina-que-faculdade-de-uberlandia-reduza-mensalidades-em-30\/#primaryimage","url":"https:\/\/www.cidademarketing.com.br\/marketing\/wp-content\/uploads\/2020\/07\/desconto_faculdades.png","contentUrl":"https:\/\/www.cidademarketing.com.br\/marketing\/wp-content\/uploads\/2020\/07\/desconto_faculdades.png","width":1080,"height":1080,"caption":"Reprodu\u00e7\u00e3o\/Youtube"},{"@type":"BreadcrumbList","@id":"https:\/\/www.cidademarketing.com.br\/marketing\/2020\/07\/23\/a-pedido-do-mpmg-justica-determina-que-faculdade-de-uberlandia-reduza-mensalidades-em-30\/#breadcrumb","itemListElement":[{"@type":"ListItem","position":1,"name":"In\u00edcio","item":"https:\/\/www.cidademarketing.com.br\/marketing\/"},{"@type":"ListItem","position":2,"name":"A pedido do MPMG, Justi\u00e7a determina que faculdade de Uberl\u00e2ndia reduza mensalidades em 30%"}]},{"@type":"WebSite","@id":"https:\/\/www.cidademarketing.com.br\/marketing\/#website","url":"https:\/\/www.cidademarketing.com.br\/marketing\/","name":"CidadeMarketing","description":"Somos um ve\u00edculo de comunica\u00e7\u00e3o de destaque no Brasil, reconhecido por conte\u00fados nos segmentos de marketing, empreendedorismo e inova\u00e7\u00e3o.","publisher":{"@id":"https:\/\/www.cidademarketing.com.br\/marketing\/#organization"},"alternateName":"CidadeMarketing","potentialAction":[{"@type":"SearchAction","target":{"@type":"EntryPoint","urlTemplate":"https:\/\/www.cidademarketing.com.br\/marketing\/?s={search_term_string}"},"query-input":{"@type":"PropertyValueSpecification","valueRequired":true,"valueName":"search_term_string"}}],"inLanguage":"pt-BR"},{"@type":"Organization","@id":"https:\/\/www.cidademarketing.com.br\/marketing\/#organization","name":"CidadeMarketing","alternateName":"CidadeMarketing","url":"https:\/\/www.cidademarketing.com.br\/marketing\/","logo":{"@type":"ImageObject","inLanguage":"pt-BR","@id":"https:\/\/www.cidademarketing.com.br\/marketing\/#\/schema\/logo\/image\/","url":"https:\/\/www.cidademarketing.com.br\/marketing\/wp-content\/uploads\/2020\/01\/cidademarketing_marca_mobile.png","contentUrl":"https:\/\/www.cidademarketing.com.br\/marketing\/wp-content\/uploads\/2020\/01\/cidademarketing_marca_mobile.png","width":230,"height":92,"caption":"CidadeMarketing"},"image":{"@id":"https:\/\/www.cidademarketing.com.br\/marketing\/#\/schema\/logo\/image\/"},"sameAs":["https:\/\/www.facebook.com\/portalcidademarketing","https:\/\/x.com\/CidadeMarketing","https:\/\/www.instagram.com\/cidademarketing\/"]},{"@type":"Person","@id":"https:\/\/www.cidademarketing.com.br\/marketing\/#\/schema\/person\/02daff9f18bd9378c9e01eb6b2db155f","name":"Thales Brand\u00e3o","image":{"@type":"ImageObject","inLanguage":"pt-BR","@id":"https:\/\/secure.gravatar.com\/avatar\/7ca3206950207cc3cb48feec56a8a7898741ab725c368d99d5d7a5a50aab80c6?s=96&d=mm&r=g","url":"https:\/\/secure.gravatar.com\/avatar\/7ca3206950207cc3cb48feec56a8a7898741ab725c368d99d5d7a5a50aab80c6?s=96&d=mm&r=g","contentUrl":"https:\/\/secure.gravatar.com\/avatar\/7ca3206950207cc3cb48feec56a8a7898741ab725c368d99d5d7a5a50aab80c6?s=96&d=mm&r=g","caption":"Thales Brand\u00e3o"},"description":"Editor Executivo do Portal CidadeMarketing.com.br &gt; Mestre em Comunica\u00e7\u00e3o e Sociedade pela Universidade Federal de Sergipe. Possui MBA Executivo em Administra\u00e7\u00e3o com \u00eanfase em Marketing pela Funda\u00e7\u00e3o Get\u00falio Vargas - Rio de Janeiro. Consultor, Palestrante e Pesquisador sobre Empreendedorismo, Marketing, Redes Sociais e Neg\u00f3cios Digitais. Professor, Palestrante TedxTalks e Campus Party. Twitter: @ThalesBrandao","sameAs":["http:\/\/www.mandacaru.com.br","https:\/\/www.facebook.com\/thalesbrandao","http:\/\/www.instagram.com.br\/thalesbrandaoferreira","https:\/\/www.linkedin.com\/in\/thales-brand\u00e3o-3948609\/","https:\/\/x.com\/http:\/\/www.twitter.com\/thalesbrandao"],"url":"https:\/\/www.cidademarketing.com.br\/marketing\/author\/thalesbrandao\/"}]}},"amp_enabled":true,"_links":{"self":[{"href":"https:\/\/www.cidademarketing.com.br\/marketing\/wp-json\/wp\/v2\/posts\/17261","targetHints":{"allow":["GET"]}}],"collection":[{"href":"https:\/\/www.cidademarketing.com.br\/marketing\/wp-json\/wp\/v2\/posts"}],"about":[{"href":"https:\/\/www.cidademarketing.com.br\/marketing\/wp-json\/wp\/v2\/types\/post"}],"author":[{"embeddable":true,"href":"https:\/\/www.cidademarketing.com.br\/marketing\/wp-json\/wp\/v2\/users\/1"}],"replies":[{"embeddable":true,"href":"https:\/\/www.cidademarketing.com.br\/marketing\/wp-json\/wp\/v2\/comments?post=17261"}],"version-history":[{"count":1,"href":"https:\/\/www.cidademarketing.com.br\/marketing\/wp-json\/wp\/v2\/posts\/17261\/revisions"}],"predecessor-version":[{"id":17262,"href":"https:\/\/www.cidademarketing.com.br\/marketing\/wp-json\/wp\/v2\/posts\/17261\/revisions\/17262"}],"wp:featuredmedia":[{"embeddable":true,"href":"https:\/\/www.cidademarketing.com.br\/marketing\/wp-json\/wp\/v2\/media\/17139"}],"wp:attachment":[{"href":"https:\/\/www.cidademarketing.com.br\/marketing\/wp-json\/wp\/v2\/media?parent=17261"}],"wp:term":[{"taxonomy":"category","embeddable":true,"href":"https:\/\/www.cidademarketing.com.br\/marketing\/wp-json\/wp\/v2\/categories?post=17261"},{"taxonomy":"post_tag","embeddable":true,"href":"https:\/\/www.cidademarketing.com.br\/marketing\/wp-json\/wp\/v2\/tags?post=17261"}],"curies":[{"name":"wp","href":"https:\/\/api.w.org\/{rel}","templated":true}]}}