{"id":17245,"date":"2020-07-22T22:26:59","date_gmt":"2020-07-23T01:26:59","guid":{"rendered":"https:\/\/www.cidademarketing.com.br\/marketing\/?p=17245"},"modified":"2020-07-22T22:27:01","modified_gmt":"2020-07-23T01:27:01","slug":"sodexo-oferece-descontos-exclusivos-para-o-dia-dos-avos","status":"publish","type":"post","link":"https:\/\/www.cidademarketing.com.br\/marketing\/2020\/07\/22\/sodexo-oferece-descontos-exclusivos-para-o-dia-dos-avos\/","title":{"rendered":"Sodexo oferece descontos exclusivos para o Dia dos Av\u00f3s"},"content":{"rendered":"\n<p>No pr\u00f3ximo dia 26 de julho \u00e9 comemorado o Dia dos Av\u00f3s. Para celebrar esta data, com cheiro e sabor de uma refei\u00e7\u00e3o que lembra comidinha de v\u00f3, a Sodexo Benef\u00edcios e Incentivos, refer\u00eancia em servi\u00e7os que levam mais qualidade de vida \u00e0s pessoas e organiza\u00e7\u00f5es, preparou <a href=\"http:\/\/www.sodexobeneficios.com.br\/comidinha-de-vo-sodexo-club.htm\" target=\"_blank\" rel=\"noreferrer noopener\">promo\u00e7\u00f5es exclusivas em parceria com restaurantes<\/a>.<\/p>\n\n\n\n<p>Estar\u00e3o dispon\u00edveis aos usu\u00e1rios do cart\u00e3o refei\u00e7\u00e3o Sodexo um card\u00e1pio com op\u00e7\u00f5es variadas que v\u00e3o desde strogonoff de carne e saladas, at\u00e9 tortas e doces. Mas h\u00e1 tamb\u00e9m a op\u00e7\u00e3o de comprar presentes na <a href=\"http:\/\/www.sodexobeneficios.com.br\/presentes-para-os-avos-sodexo-club.htm\" target=\"_blank\" rel=\"noreferrer noopener\">p\u00e1gina promocional<\/a> da Sodexo, com descontos de at\u00e9 58% em produtos ou servi\u00e7os, como m\u00f3veis, eletr\u00f4nicos, cosm\u00e9ticos, assinaturas de plataformas de streaming com filmes e s\u00e9ries e muitas op\u00e7\u00f5es que podem ser pagas com o Vale-Cultura ou com outras formas de pagamentos.<\/p>\n\n\n\n<p><strong>O Sodexo Club<\/strong><\/p>\n\n\n\n<p>Lan\u00e7ado em agosto de 2018, o aplicativo disponibiliza informa\u00e7\u00f5es que ajudam na gest\u00e3o di\u00e1ria dos benef\u00edcios, como: consulta de saldo e extrato; gasto m\u00e9dio no per\u00edodo; busca de rede credenciada; acesso a festivais gastron\u00f4micos; e promo\u00e7\u00f5es que aumentam o poder de compra dos consumidores.&nbsp;<\/p>\n\n\n\n<p><strong>Sobre a Sodexo Benef\u00edcios e Incentivos<\/strong><\/p>\n\n\n\n<p>\u00c9 a empresa do grupo franc\u00eas Sodexo, l\u00edder mundial em servi\u00e7os de qualidade de vida. Tem em sua miss\u00e3o desenhar, gerenciar e entregar servi\u00e7os para empresas de todos os portes, segmentos e regi\u00f5es do Brasil com o objetivo de melhorar a qualidade de vida di\u00e1ria das pessoas e contribuir para o desenvolvimento econ\u00f4mico, social e ambiental das cidades, regi\u00f5es e dos pa\u00edses em que atua.<\/p>\n\n\n\n<p>Atende aproximadamente 103 mil clientes, que representam 5,9 milh\u00f5es de usu\u00e1rios, com uma rede de 505 mil estabelecimentos credenciados em todo o Pa\u00eds com servi\u00e7os \u00fanicos no mercado de benef\u00edcios, gest\u00e3o de despesas, incentivos e reconhecimento: Refei\u00e7\u00e3o Pass, Alimenta\u00e7\u00e3o Pass, Cultura Pass, VT Pass, Combust\u00edvel Pass, Gift Pass, Alimenta\u00e7\u00e3o Pass Natal, Brinquedo Pass, Premium Pass, Wizeo, GymPass e Apoio Pass.<\/p>\n","protected":false},"excerpt":{"rendered":"<p>No pr\u00f3ximo dia 26 de julho \u00e9 comemorado o Dia dos Av\u00f3s. Para celebrar esta data, com cheiro e sabor de uma refei\u00e7\u00e3o que lembra comidinha de v\u00f3, a Sodexo Benef\u00edcios e Incentivos, refer\u00eancia em servi\u00e7os que levam mais qualidade de vida \u00e0s pessoas e organiza\u00e7\u00f5es, preparou promo\u00e7\u00f5es exclusivas em parceria com restaurantes. Estar\u00e3o dispon\u00edveis [&hellip;]<\/p>\n","protected":false},"author":1,"featured_media":17246,"comment_status":"open","ping_status":"open","sticky":false,"template":"","format":"standard","meta":{"tdm_status":"","tdm_grid_status":"","footnotes":""},"categories":[6],"tags":[33,28,228,1613],"class_list":["post-17245","post","type-post","status-publish","format-standard","has-post-thumbnail","hentry","category-noticias","tag-estrategia","tag-marketing","tag-segmentacao-de-mercado","tag-sodexo"],"yoast_head":"<!-- This site is optimized with the Yoast SEO plugin v27.5 - https:\/\/yoast.com\/product\/yoast-seo-wordpress\/ -->\n<title>Sodexo oferece descontos exclusivos para o Dia dos Av\u00f3s - CidadeMarketing<\/title>\n<meta name=\"robots\" content=\"index, follow, max-snippet:-1, max-image-preview:large, max-video-preview:-1\" \/>\n<link rel=\"canonical\" href=\"https:\/\/www.cidademarketing.com.br\/marketing\/2020\/07\/22\/sodexo-oferece-descontos-exclusivos-para-o-dia-dos-avos\/\" \/>\n<meta property=\"og:locale\" content=\"pt_BR\" \/>\n<meta property=\"og:type\" content=\"article\" \/>\n<meta property=\"og:title\" content=\"Sodexo oferece descontos exclusivos para o Dia dos Av\u00f3s - CidadeMarketing\" \/>\n<meta property=\"og:description\" content=\"No pr\u00f3ximo dia 26 de julho \u00e9 comemorado o Dia dos Av\u00f3s. Para celebrar esta data, com cheiro e sabor de uma refei\u00e7\u00e3o que lembra comidinha de v\u00f3, a Sodexo Benef\u00edcios e Incentivos, refer\u00eancia em servi\u00e7os que levam mais qualidade de vida \u00e0s pessoas e organiza\u00e7\u00f5es, preparou promo\u00e7\u00f5es exclusivas em parceria com restaurantes. Estar\u00e3o dispon\u00edveis [&hellip;]\" \/>\n<meta property=\"og:url\" content=\"https:\/\/www.cidademarketing.com.br\/marketing\/2020\/07\/22\/sodexo-oferece-descontos-exclusivos-para-o-dia-dos-avos\/\" \/>\n<meta property=\"og:site_name\" content=\"CidadeMarketing\" \/>\n<meta property=\"article:publisher\" content=\"https:\/\/www.facebook.com\/portalcidademarketing\" \/>\n<meta property=\"article:author\" content=\"https:\/\/www.facebook.com\/thalesbrandao\" \/>\n<meta property=\"article:published_time\" content=\"2020-07-23T01:26:59+00:00\" \/>\n<meta property=\"article:modified_time\" content=\"2020-07-23T01:27:01+00:00\" \/>\n<meta property=\"og:image\" content=\"https:\/\/www.cidademarketing.com.br\/marketing\/wp-content\/uploads\/2020\/07\/sodexoclub.jpg\" \/>\n\t<meta property=\"og:image:width\" content=\"702\" \/>\n\t<meta property=\"og:image:height\" content=\"509\" \/>\n\t<meta property=\"og:image:type\" content=\"image\/jpeg\" \/>\n<meta name=\"author\" content=\"Thales Brand\u00e3o\" \/>\n<meta name=\"twitter:card\" content=\"summary_large_image\" \/>\n<meta name=\"twitter:creator\" content=\"@http:\/\/www.twitter.com\/thalesbrandao\" \/>\n<meta name=\"twitter:site\" content=\"@CidadeMarketing\" \/>\n<meta name=\"twitter:label1\" content=\"Escrito por\" \/>\n\t<meta name=\"twitter:data1\" content=\"Thales Brand\u00e3o\" \/>\n\t<meta name=\"twitter:label2\" content=\"Est. tempo de leitura\" \/>\n\t<meta name=\"twitter:data2\" content=\"2 minutos\" \/>\n<script type=\"application\/ld+json\" class=\"yoast-schema-graph\">{\"@context\":\"https:\\\/\\\/schema.org\",\"@graph\":[{\"@type\":\"Article\",\"@id\":\"https:\\\/\\\/www.cidademarketing.com.br\\\/marketing\\\/2020\\\/07\\\/22\\\/sodexo-oferece-descontos-exclusivos-para-o-dia-dos-avos\\\/#article\",\"isPartOf\":{\"@id\":\"https:\\\/\\\/www.cidademarketing.com.br\\\/marketing\\\/2020\\\/07\\\/22\\\/sodexo-oferece-descontos-exclusivos-para-o-dia-dos-avos\\\/\"},\"author\":{\"name\":\"Thales Brand\u00e3o\",\"@id\":\"https:\\\/\\\/www.cidademarketing.com.br\\\/marketing\\\/#\\\/schema\\\/person\\\/02daff9f18bd9378c9e01eb6b2db155f\"},\"headline\":\"Sodexo oferece descontos exclusivos para o Dia dos Av\u00f3s\",\"datePublished\":\"2020-07-23T01:26:59+00:00\",\"dateModified\":\"2020-07-23T01:27:01+00:00\",\"mainEntityOfPage\":{\"@id\":\"https:\\\/\\\/www.cidademarketing.com.br\\\/marketing\\\/2020\\\/07\\\/22\\\/sodexo-oferece-descontos-exclusivos-para-o-dia-dos-avos\\\/\"},\"wordCount\":365,\"commentCount\":0,\"publisher\":{\"@id\":\"https:\\\/\\\/www.cidademarketing.com.br\\\/marketing\\\/#organization\"},\"image\":{\"@id\":\"https:\\\/\\\/www.cidademarketing.com.br\\\/marketing\\\/2020\\\/07\\\/22\\\/sodexo-oferece-descontos-exclusivos-para-o-dia-dos-avos\\\/#primaryimage\"},\"thumbnailUrl\":\"https:\\\/\\\/www.cidademarketing.com.br\\\/marketing\\\/wp-content\\\/uploads\\\/2020\\\/07\\\/sodexoclub.jpg\",\"keywords\":[\"estrat\u00e9gia\",\"marketing\",\"segmenta\u00e7\u00e3o de mercado\",\"Sodexo\"],\"articleSection\":[\"Not\u00edcias\"],\"inLanguage\":\"pt-BR\",\"potentialAction\":[{\"@type\":\"CommentAction\",\"name\":\"Comment\",\"target\":[\"https:\\\/\\\/www.cidademarketing.com.br\\\/marketing\\\/2020\\\/07\\\/22\\\/sodexo-oferece-descontos-exclusivos-para-o-dia-dos-avos\\\/#respond\"]}]},{\"@type\":\"WebPage\",\"@id\":\"https:\\\/\\\/www.cidademarketing.com.br\\\/marketing\\\/2020\\\/07\\\/22\\\/sodexo-oferece-descontos-exclusivos-para-o-dia-dos-avos\\\/\",\"url\":\"https:\\\/\\\/www.cidademarketing.com.br\\\/marketing\\\/2020\\\/07\\\/22\\\/sodexo-oferece-descontos-exclusivos-para-o-dia-dos-avos\\\/\",\"name\":\"Sodexo oferece descontos exclusivos para o Dia dos Av\u00f3s - CidadeMarketing\",\"isPartOf\":{\"@id\":\"https:\\\/\\\/www.cidademarketing.com.br\\\/marketing\\\/#website\"},\"primaryImageOfPage\":{\"@id\":\"https:\\\/\\\/www.cidademarketing.com.br\\\/marketing\\\/2020\\\/07\\\/22\\\/sodexo-oferece-descontos-exclusivos-para-o-dia-dos-avos\\\/#primaryimage\"},\"image\":{\"@id\":\"https:\\\/\\\/www.cidademarketing.com.br\\\/marketing\\\/2020\\\/07\\\/22\\\/sodexo-oferece-descontos-exclusivos-para-o-dia-dos-avos\\\/#primaryimage\"},\"thumbnailUrl\":\"https:\\\/\\\/www.cidademarketing.com.br\\\/marketing\\\/wp-content\\\/uploads\\\/2020\\\/07\\\/sodexoclub.jpg\",\"datePublished\":\"2020-07-23T01:26:59+00:00\",\"dateModified\":\"2020-07-23T01:27:01+00:00\",\"breadcrumb\":{\"@id\":\"https:\\\/\\\/www.cidademarketing.com.br\\\/marketing\\\/2020\\\/07\\\/22\\\/sodexo-oferece-descontos-exclusivos-para-o-dia-dos-avos\\\/#breadcrumb\"},\"inLanguage\":\"pt-BR\",\"potentialAction\":[{\"@type\":\"ReadAction\",\"target\":[\"https:\\\/\\\/www.cidademarketing.com.br\\\/marketing\\\/2020\\\/07\\\/22\\\/sodexo-oferece-descontos-exclusivos-para-o-dia-dos-avos\\\/\"]}]},{\"@type\":\"ImageObject\",\"inLanguage\":\"pt-BR\",\"@id\":\"https:\\\/\\\/www.cidademarketing.com.br\\\/marketing\\\/2020\\\/07\\\/22\\\/sodexo-oferece-descontos-exclusivos-para-o-dia-dos-avos\\\/#primaryimage\",\"url\":\"https:\\\/\\\/www.cidademarketing.com.br\\\/marketing\\\/wp-content\\\/uploads\\\/2020\\\/07\\\/sodexoclub.jpg\",\"contentUrl\":\"https:\\\/\\\/www.cidademarketing.com.br\\\/marketing\\\/wp-content\\\/uploads\\\/2020\\\/07\\\/sodexoclub.jpg\",\"width\":702,\"height\":509},{\"@type\":\"BreadcrumbList\",\"@id\":\"https:\\\/\\\/www.cidademarketing.com.br\\\/marketing\\\/2020\\\/07\\\/22\\\/sodexo-oferece-descontos-exclusivos-para-o-dia-dos-avos\\\/#breadcrumb\",\"itemListElement\":[{\"@type\":\"ListItem\",\"position\":1,\"name\":\"In\u00edcio\",\"item\":\"https:\\\/\\\/www.cidademarketing.com.br\\\/marketing\\\/\"},{\"@type\":\"ListItem\",\"position\":2,\"name\":\"Sodexo oferece descontos exclusivos para o Dia dos Av\u00f3s\"}]},{\"@type\":\"WebSite\",\"@id\":\"https:\\\/\\\/www.cidademarketing.com.br\\\/marketing\\\/#website\",\"url\":\"https:\\\/\\\/www.cidademarketing.com.br\\\/marketing\\\/\",\"name\":\"CidadeMarketing\",\"description\":\"Somos um ve\u00edculo de comunica\u00e7\u00e3o de destaque no Brasil, reconhecido por conte\u00fados nos segmentos de marketing, empreendedorismo e inova\u00e7\u00e3o.\",\"publisher\":{\"@id\":\"https:\\\/\\\/www.cidademarketing.com.br\\\/marketing\\\/#organization\"},\"alternateName\":\"CidadeMarketing\",\"potentialAction\":[{\"@type\":\"SearchAction\",\"target\":{\"@type\":\"EntryPoint\",\"urlTemplate\":\"https:\\\/\\\/www.cidademarketing.com.br\\\/marketing\\\/?s={search_term_string}\"},\"query-input\":{\"@type\":\"PropertyValueSpecification\",\"valueRequired\":true,\"valueName\":\"search_term_string\"}}],\"inLanguage\":\"pt-BR\"},{\"@type\":\"Organization\",\"@id\":\"https:\\\/\\\/www.cidademarketing.com.br\\\/marketing\\\/#organization\",\"name\":\"CidadeMarketing\",\"alternateName\":\"CidadeMarketing\",\"url\":\"https:\\\/\\\/www.cidademarketing.com.br\\\/marketing\\\/\",\"logo\":{\"@type\":\"ImageObject\",\"inLanguage\":\"pt-BR\",\"@id\":\"https:\\\/\\\/www.cidademarketing.com.br\\\/marketing\\\/#\\\/schema\\\/logo\\\/image\\\/\",\"url\":\"https:\\\/\\\/www.cidademarketing.com.br\\\/marketing\\\/wp-content\\\/uploads\\\/2020\\\/01\\\/cidademarketing_marca_mobile.png\",\"contentUrl\":\"https:\\\/\\\/www.cidademarketing.com.br\\\/marketing\\\/wp-content\\\/uploads\\\/2020\\\/01\\\/cidademarketing_marca_mobile.png\",\"width\":230,\"height\":92,\"caption\":\"CidadeMarketing\"},\"image\":{\"@id\":\"https:\\\/\\\/www.cidademarketing.com.br\\\/marketing\\\/#\\\/schema\\\/logo\\\/image\\\/\"},\"sameAs\":[\"https:\\\/\\\/www.facebook.com\\\/portalcidademarketing\",\"https:\\\/\\\/x.com\\\/CidadeMarketing\",\"https:\\\/\\\/www.instagram.com\\\/cidademarketing\\\/\"]},{\"@type\":\"Person\",\"@id\":\"https:\\\/\\\/www.cidademarketing.com.br\\\/marketing\\\/#\\\/schema\\\/person\\\/02daff9f18bd9378c9e01eb6b2db155f\",\"name\":\"Thales Brand\u00e3o\",\"image\":{\"@type\":\"ImageObject\",\"inLanguage\":\"pt-BR\",\"@id\":\"https:\\\/\\\/secure.gravatar.com\\\/avatar\\\/7ca3206950207cc3cb48feec56a8a7898741ab725c368d99d5d7a5a50aab80c6?s=96&d=mm&r=g\",\"url\":\"https:\\\/\\\/secure.gravatar.com\\\/avatar\\\/7ca3206950207cc3cb48feec56a8a7898741ab725c368d99d5d7a5a50aab80c6?s=96&d=mm&r=g\",\"contentUrl\":\"https:\\\/\\\/secure.gravatar.com\\\/avatar\\\/7ca3206950207cc3cb48feec56a8a7898741ab725c368d99d5d7a5a50aab80c6?s=96&d=mm&r=g\",\"caption\":\"Thales Brand\u00e3o\"},\"description\":\"Editor Executivo do Portal CidadeMarketing.com.br &gt; Mestre em Comunica\u00e7\u00e3o e Sociedade pela Universidade Federal de Sergipe. Possui MBA Executivo em Administra\u00e7\u00e3o com \u00eanfase em Marketing pela Funda\u00e7\u00e3o Get\u00falio Vargas - Rio de Janeiro. Consultor, Palestrante e Pesquisador sobre Empreendedorismo, Marketing, Redes Sociais e Neg\u00f3cios Digitais. Professor, Palestrante TedxTalks e Campus Party. Twitter: @ThalesBrandao\",\"sameAs\":[\"http:\\\/\\\/www.mandacaru.com.br\",\"https:\\\/\\\/www.facebook.com\\\/thalesbrandao\",\"http:\\\/\\\/www.instagram.com.br\\\/thalesbrandaoferreira\",\"https:\\\/\\\/www.linkedin.com\\\/in\\\/thales-brand\u00e3o-3948609\\\/\",\"https:\\\/\\\/x.com\\\/http:\\\/\\\/www.twitter.com\\\/thalesbrandao\"],\"url\":\"https:\\\/\\\/www.cidademarketing.com.br\\\/marketing\\\/author\\\/thalesbrandao\\\/\"}]}<\/script>\n<!-- \/ Yoast SEO plugin. -->","yoast_head_json":{"title":"Sodexo oferece descontos exclusivos para o Dia dos Av\u00f3s - CidadeMarketing","robots":{"index":"index","follow":"follow","max-snippet":"max-snippet:-1","max-image-preview":"max-image-preview:large","max-video-preview":"max-video-preview:-1"},"canonical":"https:\/\/www.cidademarketing.com.br\/marketing\/2020\/07\/22\/sodexo-oferece-descontos-exclusivos-para-o-dia-dos-avos\/","og_locale":"pt_BR","og_type":"article","og_title":"Sodexo oferece descontos exclusivos para o Dia dos Av\u00f3s - CidadeMarketing","og_description":"No pr\u00f3ximo dia 26 de julho \u00e9 comemorado o Dia dos Av\u00f3s. Para celebrar esta data, com cheiro e sabor de uma refei\u00e7\u00e3o que lembra comidinha de v\u00f3, a Sodexo Benef\u00edcios e Incentivos, refer\u00eancia em servi\u00e7os que levam mais qualidade de vida \u00e0s pessoas e organiza\u00e7\u00f5es, preparou promo\u00e7\u00f5es exclusivas em parceria com restaurantes. Estar\u00e3o dispon\u00edveis [&hellip;]","og_url":"https:\/\/www.cidademarketing.com.br\/marketing\/2020\/07\/22\/sodexo-oferece-descontos-exclusivos-para-o-dia-dos-avos\/","og_site_name":"CidadeMarketing","article_publisher":"https:\/\/www.facebook.com\/portalcidademarketing","article_author":"https:\/\/www.facebook.com\/thalesbrandao","article_published_time":"2020-07-23T01:26:59+00:00","article_modified_time":"2020-07-23T01:27:01+00:00","og_image":[{"width":702,"height":509,"url":"https:\/\/www.cidademarketing.com.br\/marketing\/wp-content\/uploads\/2020\/07\/sodexoclub.jpg","type":"image\/jpeg"}],"author":"Thales Brand\u00e3o","twitter_card":"summary_large_image","twitter_creator":"@http:\/\/www.twitter.com\/thalesbrandao","twitter_site":"@CidadeMarketing","twitter_misc":{"Escrito por":"Thales Brand\u00e3o","Est. tempo de leitura":"2 minutos"},"schema":{"@context":"https:\/\/schema.org","@graph":[{"@type":"Article","@id":"https:\/\/www.cidademarketing.com.br\/marketing\/2020\/07\/22\/sodexo-oferece-descontos-exclusivos-para-o-dia-dos-avos\/#article","isPartOf":{"@id":"https:\/\/www.cidademarketing.com.br\/marketing\/2020\/07\/22\/sodexo-oferece-descontos-exclusivos-para-o-dia-dos-avos\/"},"author":{"name":"Thales Brand\u00e3o","@id":"https:\/\/www.cidademarketing.com.br\/marketing\/#\/schema\/person\/02daff9f18bd9378c9e01eb6b2db155f"},"headline":"Sodexo oferece descontos exclusivos para o Dia dos Av\u00f3s","datePublished":"2020-07-23T01:26:59+00:00","dateModified":"2020-07-23T01:27:01+00:00","mainEntityOfPage":{"@id":"https:\/\/www.cidademarketing.com.br\/marketing\/2020\/07\/22\/sodexo-oferece-descontos-exclusivos-para-o-dia-dos-avos\/"},"wordCount":365,"commentCount":0,"publisher":{"@id":"https:\/\/www.cidademarketing.com.br\/marketing\/#organization"},"image":{"@id":"https:\/\/www.cidademarketing.com.br\/marketing\/2020\/07\/22\/sodexo-oferece-descontos-exclusivos-para-o-dia-dos-avos\/#primaryimage"},"thumbnailUrl":"https:\/\/www.cidademarketing.com.br\/marketing\/wp-content\/uploads\/2020\/07\/sodexoclub.jpg","keywords":["estrat\u00e9gia","marketing","segmenta\u00e7\u00e3o de mercado","Sodexo"],"articleSection":["Not\u00edcias"],"inLanguage":"pt-BR","potentialAction":[{"@type":"CommentAction","name":"Comment","target":["https:\/\/www.cidademarketing.com.br\/marketing\/2020\/07\/22\/sodexo-oferece-descontos-exclusivos-para-o-dia-dos-avos\/#respond"]}]},{"@type":"WebPage","@id":"https:\/\/www.cidademarketing.com.br\/marketing\/2020\/07\/22\/sodexo-oferece-descontos-exclusivos-para-o-dia-dos-avos\/","url":"https:\/\/www.cidademarketing.com.br\/marketing\/2020\/07\/22\/sodexo-oferece-descontos-exclusivos-para-o-dia-dos-avos\/","name":"Sodexo oferece descontos exclusivos para o Dia dos Av\u00f3s - CidadeMarketing","isPartOf":{"@id":"https:\/\/www.cidademarketing.com.br\/marketing\/#website"},"primaryImageOfPage":{"@id":"https:\/\/www.cidademarketing.com.br\/marketing\/2020\/07\/22\/sodexo-oferece-descontos-exclusivos-para-o-dia-dos-avos\/#primaryimage"},"image":{"@id":"https:\/\/www.cidademarketing.com.br\/marketing\/2020\/07\/22\/sodexo-oferece-descontos-exclusivos-para-o-dia-dos-avos\/#primaryimage"},"thumbnailUrl":"https:\/\/www.cidademarketing.com.br\/marketing\/wp-content\/uploads\/2020\/07\/sodexoclub.jpg","datePublished":"2020-07-23T01:26:59+00:00","dateModified":"2020-07-23T01:27:01+00:00","breadcrumb":{"@id":"https:\/\/www.cidademarketing.com.br\/marketing\/2020\/07\/22\/sodexo-oferece-descontos-exclusivos-para-o-dia-dos-avos\/#breadcrumb"},"inLanguage":"pt-BR","potentialAction":[{"@type":"ReadAction","target":["https:\/\/www.cidademarketing.com.br\/marketing\/2020\/07\/22\/sodexo-oferece-descontos-exclusivos-para-o-dia-dos-avos\/"]}]},{"@type":"ImageObject","inLanguage":"pt-BR","@id":"https:\/\/www.cidademarketing.com.br\/marketing\/2020\/07\/22\/sodexo-oferece-descontos-exclusivos-para-o-dia-dos-avos\/#primaryimage","url":"https:\/\/www.cidademarketing.com.br\/marketing\/wp-content\/uploads\/2020\/07\/sodexoclub.jpg","contentUrl":"https:\/\/www.cidademarketing.com.br\/marketing\/wp-content\/uploads\/2020\/07\/sodexoclub.jpg","width":702,"height":509},{"@type":"BreadcrumbList","@id":"https:\/\/www.cidademarketing.com.br\/marketing\/2020\/07\/22\/sodexo-oferece-descontos-exclusivos-para-o-dia-dos-avos\/#breadcrumb","itemListElement":[{"@type":"ListItem","position":1,"name":"In\u00edcio","item":"https:\/\/www.cidademarketing.com.br\/marketing\/"},{"@type":"ListItem","position":2,"name":"Sodexo oferece descontos exclusivos para o Dia dos Av\u00f3s"}]},{"@type":"WebSite","@id":"https:\/\/www.cidademarketing.com.br\/marketing\/#website","url":"https:\/\/www.cidademarketing.com.br\/marketing\/","name":"CidadeMarketing","description":"Somos um ve\u00edculo de comunica\u00e7\u00e3o de destaque no Brasil, reconhecido por conte\u00fados nos segmentos de marketing, empreendedorismo e inova\u00e7\u00e3o.","publisher":{"@id":"https:\/\/www.cidademarketing.com.br\/marketing\/#organization"},"alternateName":"CidadeMarketing","potentialAction":[{"@type":"SearchAction","target":{"@type":"EntryPoint","urlTemplate":"https:\/\/www.cidademarketing.com.br\/marketing\/?s={search_term_string}"},"query-input":{"@type":"PropertyValueSpecification","valueRequired":true,"valueName":"search_term_string"}}],"inLanguage":"pt-BR"},{"@type":"Organization","@id":"https:\/\/www.cidademarketing.com.br\/marketing\/#organization","name":"CidadeMarketing","alternateName":"CidadeMarketing","url":"https:\/\/www.cidademarketing.com.br\/marketing\/","logo":{"@type":"ImageObject","inLanguage":"pt-BR","@id":"https:\/\/www.cidademarketing.com.br\/marketing\/#\/schema\/logo\/image\/","url":"https:\/\/www.cidademarketing.com.br\/marketing\/wp-content\/uploads\/2020\/01\/cidademarketing_marca_mobile.png","contentUrl":"https:\/\/www.cidademarketing.com.br\/marketing\/wp-content\/uploads\/2020\/01\/cidademarketing_marca_mobile.png","width":230,"height":92,"caption":"CidadeMarketing"},"image":{"@id":"https:\/\/www.cidademarketing.com.br\/marketing\/#\/schema\/logo\/image\/"},"sameAs":["https:\/\/www.facebook.com\/portalcidademarketing","https:\/\/x.com\/CidadeMarketing","https:\/\/www.instagram.com\/cidademarketing\/"]},{"@type":"Person","@id":"https:\/\/www.cidademarketing.com.br\/marketing\/#\/schema\/person\/02daff9f18bd9378c9e01eb6b2db155f","name":"Thales Brand\u00e3o","image":{"@type":"ImageObject","inLanguage":"pt-BR","@id":"https:\/\/secure.gravatar.com\/avatar\/7ca3206950207cc3cb48feec56a8a7898741ab725c368d99d5d7a5a50aab80c6?s=96&d=mm&r=g","url":"https:\/\/secure.gravatar.com\/avatar\/7ca3206950207cc3cb48feec56a8a7898741ab725c368d99d5d7a5a50aab80c6?s=96&d=mm&r=g","contentUrl":"https:\/\/secure.gravatar.com\/avatar\/7ca3206950207cc3cb48feec56a8a7898741ab725c368d99d5d7a5a50aab80c6?s=96&d=mm&r=g","caption":"Thales Brand\u00e3o"},"description":"Editor Executivo do Portal CidadeMarketing.com.br &gt; Mestre em Comunica\u00e7\u00e3o e Sociedade pela Universidade Federal de Sergipe. Possui MBA Executivo em Administra\u00e7\u00e3o com \u00eanfase em Marketing pela Funda\u00e7\u00e3o Get\u00falio Vargas - Rio de Janeiro. Consultor, Palestrante e Pesquisador sobre Empreendedorismo, Marketing, Redes Sociais e Neg\u00f3cios Digitais. Professor, Palestrante TedxTalks e Campus Party. Twitter: @ThalesBrandao","sameAs":["http:\/\/www.mandacaru.com.br","https:\/\/www.facebook.com\/thalesbrandao","http:\/\/www.instagram.com.br\/thalesbrandaoferreira","https:\/\/www.linkedin.com\/in\/thales-brand\u00e3o-3948609\/","https:\/\/x.com\/http:\/\/www.twitter.com\/thalesbrandao"],"url":"https:\/\/www.cidademarketing.com.br\/marketing\/author\/thalesbrandao\/"}]}},"amp_enabled":true,"_links":{"self":[{"href":"https:\/\/www.cidademarketing.com.br\/marketing\/wp-json\/wp\/v2\/posts\/17245","targetHints":{"allow":["GET"]}}],"collection":[{"href":"https:\/\/www.cidademarketing.com.br\/marketing\/wp-json\/wp\/v2\/posts"}],"about":[{"href":"https:\/\/www.cidademarketing.com.br\/marketing\/wp-json\/wp\/v2\/types\/post"}],"author":[{"embeddable":true,"href":"https:\/\/www.cidademarketing.com.br\/marketing\/wp-json\/wp\/v2\/users\/1"}],"replies":[{"embeddable":true,"href":"https:\/\/www.cidademarketing.com.br\/marketing\/wp-json\/wp\/v2\/comments?post=17245"}],"version-history":[{"count":1,"href":"https:\/\/www.cidademarketing.com.br\/marketing\/wp-json\/wp\/v2\/posts\/17245\/revisions"}],"predecessor-version":[{"id":17247,"href":"https:\/\/www.cidademarketing.com.br\/marketing\/wp-json\/wp\/v2\/posts\/17245\/revisions\/17247"}],"wp:featuredmedia":[{"embeddable":true,"href":"https:\/\/www.cidademarketing.com.br\/marketing\/wp-json\/wp\/v2\/media\/17246"}],"wp:attachment":[{"href":"https:\/\/www.cidademarketing.com.br\/marketing\/wp-json\/wp\/v2\/media?parent=17245"}],"wp:term":[{"taxonomy":"category","embeddable":true,"href":"https:\/\/www.cidademarketing.com.br\/marketing\/wp-json\/wp\/v2\/categories?post=17245"},{"taxonomy":"post_tag","embeddable":true,"href":"https:\/\/www.cidademarketing.com.br\/marketing\/wp-json\/wp\/v2\/tags?post=17245"}],"curies":[{"name":"wp","href":"https:\/\/api.w.org\/{rel}","templated":true}]}}