{"id":1723,"date":"2018-08-14T10:38:51","date_gmt":"2018-08-14T13:38:51","guid":{"rendered":"http:\/\/www.cidademarketing.com.br\/marketing\/?p=1723"},"modified":"2018-08-14T10:46:51","modified_gmt":"2018-08-14T13:46:51","slug":"proteste-testa-maquinas-expressas-de-cafe","status":"publish","type":"post","link":"https:\/\/www.cidademarketing.com.br\/marketing\/2018\/08\/14\/proteste-testa-maquinas-expressas-de-cafe\/","title":{"rendered":"PROTESTE testa m\u00e1quinas expressas de caf\u00e9"},"content":{"rendered":"<p>Para os aficionados por caf\u00e9, as m\u00e1quinas expressas v\u00eam a calhar em todos os momentos do dia. A PROTESTE, associa\u00e7\u00e3o de consumidores, realizou um teste com cinco modelos de cafeteiras de preparo individual para mostrar qual se sobressai e ajudar o consumidor a evitar ciladas.<\/p>\n<p>As cafeteiras expressas testadas foram: Nespresso C60, Nespresso C80 Expert, Nespresso Essenza Mini, Tr\u00eas Cora\u00e7\u00f5es S26 POP, e Oster Primalat II Evolution. No geral, as m\u00e1quinas se saem bem, mas o consumidor precisa prestar aten\u00e7\u00e3o na escolha do modelo ideal. Do contr\u00e1rio, pode pagar por um produto que demora para preparar o caf\u00e9, ou n\u00e3o o entrega na temperatura adequada.<br \/>\nDurante a avalia\u00e7\u00e3o de desempenho foram observados aspectos como cor, aroma, sabor e cremosidade do primeiro e do segundo caf\u00e9 de cada uma das m\u00e1quinas. Nenhuma apresentou problemas. Mesmo assim, no crit\u00e9rio tempo de preparo nem todas se sa\u00edram bem.<br \/>\nA cafeteira da Oster leva 1 minuto e 35 segundos para fazer o primeiro caf\u00e9, j\u00e1 considerando o tempo de aquecimento da \u00e1gua. Nas outras m\u00e1quinas, o consumidor espera entre 37 (Nespresso C80) e 54 (Tr\u00eas Cora\u00e7\u00f5es) segundos para provar a bebida. Na segunda x\u00edcara os resultados das m\u00e1quinas expressas s\u00e3o melhores: leva-se menos de 20 segundos at\u00e9 que o caf\u00e9 fique pronto, em todos os casos.<br \/>\nA maioria das cafeteiras analisadas neste teste apresentaram bebidas em uma temperatura m\u00e9dia que variava de 64\u00baC a 70\u00baC, o que \u00e9 considerado ideal. Na avalia\u00e7\u00e3o de temperatura a Oster decepcionou novamente, visto que os expressos servidos atingiram a temperatura de 49\u00baC e 52\u00baC. O modelo da Oster foi considerada a mais vers\u00e1til, principalmente por permitir usar, gr\u00e3os, sach\u00eas e c\u00e1psulas na preca\u00e7\u00e3o do caf\u00e9.<br \/>\nA boa not\u00edcia para o consumidor \u00e9 que o uso das cafeteiras n\u00e3o pesa na conta de luz. A PROTESTE considerou a tarifa da concession\u00e1ria Light, e chegou \u00e0 conclus\u00e3o de que ao consumir tr\u00eas caf\u00e9s por dia o valor desembolsado ser\u00e1 de R$ 2,27 no fim do m\u00eas. Isso de acordo com o modelo Oster, considerado o que mais gasta energia. No caso de um casal que deseja beber seis expressos por dia, tr\u00eas para cada, a despesa \u00e9 de R$ 2,70 mensais.<\/p>\n<p>A associa\u00e7\u00e3o tamb\u00e9m observou, durante o teste, que os cabos de alimenta\u00e7\u00e3o s\u00e3o curtos demais. A marca Tr\u00eas Cora\u00e7\u00f5es foi a \u00fanica com 87 cm. O ideal \u00e9 um metro para oferecer ao usu\u00e1rio a liberdade de deixar o aparelho n\u00e3o t\u00e3o pr\u00f3ximo \u00e0 tomada. O cabo da Oster \u00e9 o mais curto, com 56 cm e a m\u00e1quina \u00e9 tamb\u00e9m a mais pesada, com 5,16 kg.<br \/>\nO modelo foi mal avaliado tamb\u00e9m no crit\u00e9rio de dimens\u00e3o, seguido pelo Nespresso C80 Expert, com 4,42kg, um resultado aceit\u00e1vel. O consumidor deve se atentar as dimens\u00f5es do produto, altura, com o reservat\u00f3rio de c\u00e1psulas aberto, para evitar surpresas em casa.<br \/>\nA m\u00e1quina da Oster \u00e9 a \u00fanica a preparar dois caf\u00e9s ao mesmo tempo e aceita p\u00f3 e sach\u00ea, al\u00e9m das c\u00e1psulas. Como a Oster n\u00e3o possui marca pr\u00f3pria de caf\u00e9 o modelo aceita as c\u00e1psulas da Nespresso, mas para isso o consumidor precisa estar disposto a pagar mais caro.<br \/>\nA melhor do teste foi a Nespresso C60, que pode ser encontrada a partir de R$ 523, oferece caf\u00e9 quente em pouco tempo e custa R$ 277 a menos que o equipamento mais caro do teste.<\/p>\n<p>Para quem deseja economizar ainda mais \u00e9 poss\u00edvel optar pelo modelo da Tr\u00eas Cora\u00e7\u00f5es, considerado a Escolha Certa. Encontrado a partir de R$ 199, o consumidor economiza R$ 601 em rela\u00e7\u00e3o a m\u00e1quina de caf\u00e9 expresso da Oster, de R$ 800. Com o valor \u00e9 poss\u00edvel comprar quatro modelos da Tr\u00eas Cora\u00e7\u00f5es, e ainda sobra troco.<br \/>\nTodos os modelos se mostraram seguros no quesito usabilidade. Nenhuma oferece riscos de choque ou de queimadura. Em caso de d\u00favidas, a PROTESTE aconselha que o consumidor consulte o manual de instru\u00e7\u00f5es, j\u00e1 que todos foram considerados como bons ou muito bons.<br \/>\nO consumidor pode comparar modelos em <a href=\"http:\/\/proteste.org.br\/cafeteiras\" target=\"_blank\" rel=\"noopener\">proteste.org.br\/cafeteiras<\/a><\/p>\n","protected":false},"excerpt":{"rendered":"<p>Para os aficionados por caf\u00e9, as m\u00e1quinas expressas v\u00eam a calhar em todos os momentos do dia. A PROTESTE, associa\u00e7\u00e3o de consumidores, realizou um teste com cinco modelos de cafeteiras de preparo individual para mostrar qual se sobressai e ajudar o consumidor a evitar ciladas. As cafeteiras expressas testadas foram: Nespresso C60, Nespresso C80 Expert, [&hellip;]<\/p>\n","protected":false},"author":1,"featured_media":1724,"comment_status":"open","ping_status":"open","sticky":false,"template":"","format":"standard","meta":{"tdm_status":"","tdm_grid_status":"","footnotes":""},"categories":[9,6],"tags":[135,28,70],"class_list":["post-1723","post","type-post","status-publish","format-standard","has-post-thumbnail","hentry","category-consumidor","category-noticias","tag-comportamento-do-consumidor","tag-marketing","tag-proteste"],"yoast_head":"<!-- This site is optimized with the Yoast SEO plugin v27.5 - https:\/\/yoast.com\/product\/yoast-seo-wordpress\/ -->\n<title>PROTESTE testa m\u00e1quinas expressas de caf\u00e9 - CidadeMarketing<\/title>\n<meta name=\"robots\" content=\"index, follow, max-snippet:-1, max-image-preview:large, max-video-preview:-1\" \/>\n<link rel=\"canonical\" href=\"https:\/\/www.cidademarketing.com.br\/marketing\/2018\/08\/14\/proteste-testa-maquinas-expressas-de-cafe\/\" \/>\n<meta property=\"og:locale\" content=\"pt_BR\" \/>\n<meta property=\"og:type\" content=\"article\" \/>\n<meta property=\"og:title\" content=\"PROTESTE testa m\u00e1quinas expressas de caf\u00e9 - CidadeMarketing\" \/>\n<meta property=\"og:description\" content=\"Para os aficionados por caf\u00e9, as m\u00e1quinas expressas v\u00eam a calhar em todos os momentos do dia. A PROTESTE, associa\u00e7\u00e3o de consumidores, realizou um teste com cinco modelos de cafeteiras de preparo individual para mostrar qual se sobressai e ajudar o consumidor a evitar ciladas. As cafeteiras expressas testadas foram: Nespresso C60, Nespresso C80 Expert, [&hellip;]\" \/>\n<meta property=\"og:url\" content=\"https:\/\/www.cidademarketing.com.br\/marketing\/2018\/08\/14\/proteste-testa-maquinas-expressas-de-cafe\/\" \/>\n<meta property=\"og:site_name\" content=\"CidadeMarketing\" \/>\n<meta property=\"article:publisher\" content=\"https:\/\/www.facebook.com\/portalcidademarketing\" \/>\n<meta property=\"article:author\" content=\"https:\/\/www.facebook.com\/thalesbrandao\" \/>\n<meta property=\"article:published_time\" content=\"2018-08-14T13:38:51+00:00\" \/>\n<meta property=\"article:modified_time\" content=\"2018-08-14T13:46:51+00:00\" \/>\n<meta property=\"og:image\" content=\"https:\/\/www.cidademarketing.com.br\/marketing\/wp-content\/uploads\/2018\/08\/cafeteira.jpg\" \/>\n\t<meta property=\"og:image:width\" content=\"1114\" \/>\n\t<meta property=\"og:image:height\" content=\"570\" \/>\n\t<meta property=\"og:image:type\" content=\"image\/jpeg\" \/>\n<meta name=\"author\" content=\"Thales Brand\u00e3o\" \/>\n<meta name=\"twitter:card\" content=\"summary_large_image\" \/>\n<meta name=\"twitter:creator\" content=\"@http:\/\/www.twitter.com\/thalesbrandao\" \/>\n<meta name=\"twitter:site\" content=\"@CidadeMarketing\" \/>\n<meta name=\"twitter:label1\" content=\"Escrito por\" \/>\n\t<meta name=\"twitter:data1\" content=\"Thales Brand\u00e3o\" \/>\n\t<meta name=\"twitter:label2\" content=\"Est. tempo de leitura\" \/>\n\t<meta name=\"twitter:data2\" content=\"4 minutos\" \/>\n<script type=\"application\/ld+json\" class=\"yoast-schema-graph\">{\"@context\":\"https:\\\/\\\/schema.org\",\"@graph\":[{\"@type\":\"Article\",\"@id\":\"https:\\\/\\\/www.cidademarketing.com.br\\\/marketing\\\/2018\\\/08\\\/14\\\/proteste-testa-maquinas-expressas-de-cafe\\\/#article\",\"isPartOf\":{\"@id\":\"https:\\\/\\\/www.cidademarketing.com.br\\\/marketing\\\/2018\\\/08\\\/14\\\/proteste-testa-maquinas-expressas-de-cafe\\\/\"},\"author\":{\"name\":\"Thales Brand\u00e3o\",\"@id\":\"https:\\\/\\\/www.cidademarketing.com.br\\\/marketing\\\/#\\\/schema\\\/person\\\/02daff9f18bd9378c9e01eb6b2db155f\"},\"headline\":\"PROTESTE testa m\u00e1quinas expressas de caf\u00e9\",\"datePublished\":\"2018-08-14T13:38:51+00:00\",\"dateModified\":\"2018-08-14T13:46:51+00:00\",\"mainEntityOfPage\":{\"@id\":\"https:\\\/\\\/www.cidademarketing.com.br\\\/marketing\\\/2018\\\/08\\\/14\\\/proteste-testa-maquinas-expressas-de-cafe\\\/\"},\"wordCount\":714,\"commentCount\":0,\"publisher\":{\"@id\":\"https:\\\/\\\/www.cidademarketing.com.br\\\/marketing\\\/#organization\"},\"image\":{\"@id\":\"https:\\\/\\\/www.cidademarketing.com.br\\\/marketing\\\/2018\\\/08\\\/14\\\/proteste-testa-maquinas-expressas-de-cafe\\\/#primaryimage\"},\"thumbnailUrl\":\"https:\\\/\\\/www.cidademarketing.com.br\\\/marketing\\\/wp-content\\\/uploads\\\/2018\\\/08\\\/cafeteira.jpg\",\"keywords\":[\"comportamento do consumidor\",\"marketing\",\"Proteste\"],\"articleSection\":[\"Consumidor\",\"Not\u00edcias\"],\"inLanguage\":\"pt-BR\",\"potentialAction\":[{\"@type\":\"CommentAction\",\"name\":\"Comment\",\"target\":[\"https:\\\/\\\/www.cidademarketing.com.br\\\/marketing\\\/2018\\\/08\\\/14\\\/proteste-testa-maquinas-expressas-de-cafe\\\/#respond\"]}]},{\"@type\":\"WebPage\",\"@id\":\"https:\\\/\\\/www.cidademarketing.com.br\\\/marketing\\\/2018\\\/08\\\/14\\\/proteste-testa-maquinas-expressas-de-cafe\\\/\",\"url\":\"https:\\\/\\\/www.cidademarketing.com.br\\\/marketing\\\/2018\\\/08\\\/14\\\/proteste-testa-maquinas-expressas-de-cafe\\\/\",\"name\":\"PROTESTE testa m\u00e1quinas expressas de caf\u00e9 - CidadeMarketing\",\"isPartOf\":{\"@id\":\"https:\\\/\\\/www.cidademarketing.com.br\\\/marketing\\\/#website\"},\"primaryImageOfPage\":{\"@id\":\"https:\\\/\\\/www.cidademarketing.com.br\\\/marketing\\\/2018\\\/08\\\/14\\\/proteste-testa-maquinas-expressas-de-cafe\\\/#primaryimage\"},\"image\":{\"@id\":\"https:\\\/\\\/www.cidademarketing.com.br\\\/marketing\\\/2018\\\/08\\\/14\\\/proteste-testa-maquinas-expressas-de-cafe\\\/#primaryimage\"},\"thumbnailUrl\":\"https:\\\/\\\/www.cidademarketing.com.br\\\/marketing\\\/wp-content\\\/uploads\\\/2018\\\/08\\\/cafeteira.jpg\",\"datePublished\":\"2018-08-14T13:38:51+00:00\",\"dateModified\":\"2018-08-14T13:46:51+00:00\",\"breadcrumb\":{\"@id\":\"https:\\\/\\\/www.cidademarketing.com.br\\\/marketing\\\/2018\\\/08\\\/14\\\/proteste-testa-maquinas-expressas-de-cafe\\\/#breadcrumb\"},\"inLanguage\":\"pt-BR\",\"potentialAction\":[{\"@type\":\"ReadAction\",\"target\":[\"https:\\\/\\\/www.cidademarketing.com.br\\\/marketing\\\/2018\\\/08\\\/14\\\/proteste-testa-maquinas-expressas-de-cafe\\\/\"]}]},{\"@type\":\"ImageObject\",\"inLanguage\":\"pt-BR\",\"@id\":\"https:\\\/\\\/www.cidademarketing.com.br\\\/marketing\\\/2018\\\/08\\\/14\\\/proteste-testa-maquinas-expressas-de-cafe\\\/#primaryimage\",\"url\":\"https:\\\/\\\/www.cidademarketing.com.br\\\/marketing\\\/wp-content\\\/uploads\\\/2018\\\/08\\\/cafeteira.jpg\",\"contentUrl\":\"https:\\\/\\\/www.cidademarketing.com.br\\\/marketing\\\/wp-content\\\/uploads\\\/2018\\\/08\\\/cafeteira.jpg\",\"width\":1114,\"height\":570},{\"@type\":\"BreadcrumbList\",\"@id\":\"https:\\\/\\\/www.cidademarketing.com.br\\\/marketing\\\/2018\\\/08\\\/14\\\/proteste-testa-maquinas-expressas-de-cafe\\\/#breadcrumb\",\"itemListElement\":[{\"@type\":\"ListItem\",\"position\":1,\"name\":\"In\u00edcio\",\"item\":\"https:\\\/\\\/www.cidademarketing.com.br\\\/marketing\\\/\"},{\"@type\":\"ListItem\",\"position\":2,\"name\":\"PROTESTE testa m\u00e1quinas expressas de caf\u00e9\"}]},{\"@type\":\"WebSite\",\"@id\":\"https:\\\/\\\/www.cidademarketing.com.br\\\/marketing\\\/#website\",\"url\":\"https:\\\/\\\/www.cidademarketing.com.br\\\/marketing\\\/\",\"name\":\"CidadeMarketing\",\"description\":\"Somos um ve\u00edculo de comunica\u00e7\u00e3o de destaque no Brasil, reconhecido por conte\u00fados nos segmentos de marketing, empreendedorismo e inova\u00e7\u00e3o.\",\"publisher\":{\"@id\":\"https:\\\/\\\/www.cidademarketing.com.br\\\/marketing\\\/#organization\"},\"alternateName\":\"CidadeMarketing\",\"potentialAction\":[{\"@type\":\"SearchAction\",\"target\":{\"@type\":\"EntryPoint\",\"urlTemplate\":\"https:\\\/\\\/www.cidademarketing.com.br\\\/marketing\\\/?s={search_term_string}\"},\"query-input\":{\"@type\":\"PropertyValueSpecification\",\"valueRequired\":true,\"valueName\":\"search_term_string\"}}],\"inLanguage\":\"pt-BR\"},{\"@type\":\"Organization\",\"@id\":\"https:\\\/\\\/www.cidademarketing.com.br\\\/marketing\\\/#organization\",\"name\":\"CidadeMarketing\",\"alternateName\":\"CidadeMarketing\",\"url\":\"https:\\\/\\\/www.cidademarketing.com.br\\\/marketing\\\/\",\"logo\":{\"@type\":\"ImageObject\",\"inLanguage\":\"pt-BR\",\"@id\":\"https:\\\/\\\/www.cidademarketing.com.br\\\/marketing\\\/#\\\/schema\\\/logo\\\/image\\\/\",\"url\":\"https:\\\/\\\/www.cidademarketing.com.br\\\/marketing\\\/wp-content\\\/uploads\\\/2020\\\/01\\\/cidademarketing_marca_mobile.png\",\"contentUrl\":\"https:\\\/\\\/www.cidademarketing.com.br\\\/marketing\\\/wp-content\\\/uploads\\\/2020\\\/01\\\/cidademarketing_marca_mobile.png\",\"width\":230,\"height\":92,\"caption\":\"CidadeMarketing\"},\"image\":{\"@id\":\"https:\\\/\\\/www.cidademarketing.com.br\\\/marketing\\\/#\\\/schema\\\/logo\\\/image\\\/\"},\"sameAs\":[\"https:\\\/\\\/www.facebook.com\\\/portalcidademarketing\",\"https:\\\/\\\/x.com\\\/CidadeMarketing\",\"https:\\\/\\\/www.instagram.com\\\/cidademarketing\\\/\"]},{\"@type\":\"Person\",\"@id\":\"https:\\\/\\\/www.cidademarketing.com.br\\\/marketing\\\/#\\\/schema\\\/person\\\/02daff9f18bd9378c9e01eb6b2db155f\",\"name\":\"Thales Brand\u00e3o\",\"image\":{\"@type\":\"ImageObject\",\"inLanguage\":\"pt-BR\",\"@id\":\"https:\\\/\\\/secure.gravatar.com\\\/avatar\\\/7ca3206950207cc3cb48feec56a8a7898741ab725c368d99d5d7a5a50aab80c6?s=96&d=mm&r=g\",\"url\":\"https:\\\/\\\/secure.gravatar.com\\\/avatar\\\/7ca3206950207cc3cb48feec56a8a7898741ab725c368d99d5d7a5a50aab80c6?s=96&d=mm&r=g\",\"contentUrl\":\"https:\\\/\\\/secure.gravatar.com\\\/avatar\\\/7ca3206950207cc3cb48feec56a8a7898741ab725c368d99d5d7a5a50aab80c6?s=96&d=mm&r=g\",\"caption\":\"Thales Brand\u00e3o\"},\"description\":\"Editor Executivo do Portal CidadeMarketing.com.br &gt; Mestre em Comunica\u00e7\u00e3o e Sociedade pela Universidade Federal de Sergipe. Possui MBA Executivo em Administra\u00e7\u00e3o com \u00eanfase em Marketing pela Funda\u00e7\u00e3o Get\u00falio Vargas - Rio de Janeiro. Consultor, Palestrante e Pesquisador sobre Empreendedorismo, Marketing, Redes Sociais e Neg\u00f3cios Digitais. Professor, Palestrante TedxTalks e Campus Party. Twitter: @ThalesBrandao\",\"sameAs\":[\"http:\\\/\\\/www.mandacaru.com.br\",\"https:\\\/\\\/www.facebook.com\\\/thalesbrandao\",\"http:\\\/\\\/www.instagram.com.br\\\/thalesbrandaoferreira\",\"https:\\\/\\\/www.linkedin.com\\\/in\\\/thales-brand\u00e3o-3948609\\\/\",\"https:\\\/\\\/x.com\\\/http:\\\/\\\/www.twitter.com\\\/thalesbrandao\"],\"url\":\"https:\\\/\\\/www.cidademarketing.com.br\\\/marketing\\\/author\\\/thalesbrandao\\\/\"}]}<\/script>\n<!-- \/ Yoast SEO plugin. -->","yoast_head_json":{"title":"PROTESTE testa m\u00e1quinas expressas de caf\u00e9 - CidadeMarketing","robots":{"index":"index","follow":"follow","max-snippet":"max-snippet:-1","max-image-preview":"max-image-preview:large","max-video-preview":"max-video-preview:-1"},"canonical":"https:\/\/www.cidademarketing.com.br\/marketing\/2018\/08\/14\/proteste-testa-maquinas-expressas-de-cafe\/","og_locale":"pt_BR","og_type":"article","og_title":"PROTESTE testa m\u00e1quinas expressas de caf\u00e9 - CidadeMarketing","og_description":"Para os aficionados por caf\u00e9, as m\u00e1quinas expressas v\u00eam a calhar em todos os momentos do dia. A PROTESTE, associa\u00e7\u00e3o de consumidores, realizou um teste com cinco modelos de cafeteiras de preparo individual para mostrar qual se sobressai e ajudar o consumidor a evitar ciladas. As cafeteiras expressas testadas foram: Nespresso C60, Nespresso C80 Expert, [&hellip;]","og_url":"https:\/\/www.cidademarketing.com.br\/marketing\/2018\/08\/14\/proteste-testa-maquinas-expressas-de-cafe\/","og_site_name":"CidadeMarketing","article_publisher":"https:\/\/www.facebook.com\/portalcidademarketing","article_author":"https:\/\/www.facebook.com\/thalesbrandao","article_published_time":"2018-08-14T13:38:51+00:00","article_modified_time":"2018-08-14T13:46:51+00:00","og_image":[{"width":1114,"height":570,"url":"https:\/\/www.cidademarketing.com.br\/marketing\/wp-content\/uploads\/2018\/08\/cafeteira.jpg","type":"image\/jpeg"}],"author":"Thales Brand\u00e3o","twitter_card":"summary_large_image","twitter_creator":"@http:\/\/www.twitter.com\/thalesbrandao","twitter_site":"@CidadeMarketing","twitter_misc":{"Escrito por":"Thales Brand\u00e3o","Est. tempo de leitura":"4 minutos"},"schema":{"@context":"https:\/\/schema.org","@graph":[{"@type":"Article","@id":"https:\/\/www.cidademarketing.com.br\/marketing\/2018\/08\/14\/proteste-testa-maquinas-expressas-de-cafe\/#article","isPartOf":{"@id":"https:\/\/www.cidademarketing.com.br\/marketing\/2018\/08\/14\/proteste-testa-maquinas-expressas-de-cafe\/"},"author":{"name":"Thales Brand\u00e3o","@id":"https:\/\/www.cidademarketing.com.br\/marketing\/#\/schema\/person\/02daff9f18bd9378c9e01eb6b2db155f"},"headline":"PROTESTE testa m\u00e1quinas expressas de caf\u00e9","datePublished":"2018-08-14T13:38:51+00:00","dateModified":"2018-08-14T13:46:51+00:00","mainEntityOfPage":{"@id":"https:\/\/www.cidademarketing.com.br\/marketing\/2018\/08\/14\/proteste-testa-maquinas-expressas-de-cafe\/"},"wordCount":714,"commentCount":0,"publisher":{"@id":"https:\/\/www.cidademarketing.com.br\/marketing\/#organization"},"image":{"@id":"https:\/\/www.cidademarketing.com.br\/marketing\/2018\/08\/14\/proteste-testa-maquinas-expressas-de-cafe\/#primaryimage"},"thumbnailUrl":"https:\/\/www.cidademarketing.com.br\/marketing\/wp-content\/uploads\/2018\/08\/cafeteira.jpg","keywords":["comportamento do consumidor","marketing","Proteste"],"articleSection":["Consumidor","Not\u00edcias"],"inLanguage":"pt-BR","potentialAction":[{"@type":"CommentAction","name":"Comment","target":["https:\/\/www.cidademarketing.com.br\/marketing\/2018\/08\/14\/proteste-testa-maquinas-expressas-de-cafe\/#respond"]}]},{"@type":"WebPage","@id":"https:\/\/www.cidademarketing.com.br\/marketing\/2018\/08\/14\/proteste-testa-maquinas-expressas-de-cafe\/","url":"https:\/\/www.cidademarketing.com.br\/marketing\/2018\/08\/14\/proteste-testa-maquinas-expressas-de-cafe\/","name":"PROTESTE testa m\u00e1quinas expressas de caf\u00e9 - CidadeMarketing","isPartOf":{"@id":"https:\/\/www.cidademarketing.com.br\/marketing\/#website"},"primaryImageOfPage":{"@id":"https:\/\/www.cidademarketing.com.br\/marketing\/2018\/08\/14\/proteste-testa-maquinas-expressas-de-cafe\/#primaryimage"},"image":{"@id":"https:\/\/www.cidademarketing.com.br\/marketing\/2018\/08\/14\/proteste-testa-maquinas-expressas-de-cafe\/#primaryimage"},"thumbnailUrl":"https:\/\/www.cidademarketing.com.br\/marketing\/wp-content\/uploads\/2018\/08\/cafeteira.jpg","datePublished":"2018-08-14T13:38:51+00:00","dateModified":"2018-08-14T13:46:51+00:00","breadcrumb":{"@id":"https:\/\/www.cidademarketing.com.br\/marketing\/2018\/08\/14\/proteste-testa-maquinas-expressas-de-cafe\/#breadcrumb"},"inLanguage":"pt-BR","potentialAction":[{"@type":"ReadAction","target":["https:\/\/www.cidademarketing.com.br\/marketing\/2018\/08\/14\/proteste-testa-maquinas-expressas-de-cafe\/"]}]},{"@type":"ImageObject","inLanguage":"pt-BR","@id":"https:\/\/www.cidademarketing.com.br\/marketing\/2018\/08\/14\/proteste-testa-maquinas-expressas-de-cafe\/#primaryimage","url":"https:\/\/www.cidademarketing.com.br\/marketing\/wp-content\/uploads\/2018\/08\/cafeteira.jpg","contentUrl":"https:\/\/www.cidademarketing.com.br\/marketing\/wp-content\/uploads\/2018\/08\/cafeteira.jpg","width":1114,"height":570},{"@type":"BreadcrumbList","@id":"https:\/\/www.cidademarketing.com.br\/marketing\/2018\/08\/14\/proteste-testa-maquinas-expressas-de-cafe\/#breadcrumb","itemListElement":[{"@type":"ListItem","position":1,"name":"In\u00edcio","item":"https:\/\/www.cidademarketing.com.br\/marketing\/"},{"@type":"ListItem","position":2,"name":"PROTESTE testa m\u00e1quinas expressas de caf\u00e9"}]},{"@type":"WebSite","@id":"https:\/\/www.cidademarketing.com.br\/marketing\/#website","url":"https:\/\/www.cidademarketing.com.br\/marketing\/","name":"CidadeMarketing","description":"Somos um ve\u00edculo de comunica\u00e7\u00e3o de destaque no Brasil, reconhecido por conte\u00fados nos segmentos de marketing, empreendedorismo e inova\u00e7\u00e3o.","publisher":{"@id":"https:\/\/www.cidademarketing.com.br\/marketing\/#organization"},"alternateName":"CidadeMarketing","potentialAction":[{"@type":"SearchAction","target":{"@type":"EntryPoint","urlTemplate":"https:\/\/www.cidademarketing.com.br\/marketing\/?s={search_term_string}"},"query-input":{"@type":"PropertyValueSpecification","valueRequired":true,"valueName":"search_term_string"}}],"inLanguage":"pt-BR"},{"@type":"Organization","@id":"https:\/\/www.cidademarketing.com.br\/marketing\/#organization","name":"CidadeMarketing","alternateName":"CidadeMarketing","url":"https:\/\/www.cidademarketing.com.br\/marketing\/","logo":{"@type":"ImageObject","inLanguage":"pt-BR","@id":"https:\/\/www.cidademarketing.com.br\/marketing\/#\/schema\/logo\/image\/","url":"https:\/\/www.cidademarketing.com.br\/marketing\/wp-content\/uploads\/2020\/01\/cidademarketing_marca_mobile.png","contentUrl":"https:\/\/www.cidademarketing.com.br\/marketing\/wp-content\/uploads\/2020\/01\/cidademarketing_marca_mobile.png","width":230,"height":92,"caption":"CidadeMarketing"},"image":{"@id":"https:\/\/www.cidademarketing.com.br\/marketing\/#\/schema\/logo\/image\/"},"sameAs":["https:\/\/www.facebook.com\/portalcidademarketing","https:\/\/x.com\/CidadeMarketing","https:\/\/www.instagram.com\/cidademarketing\/"]},{"@type":"Person","@id":"https:\/\/www.cidademarketing.com.br\/marketing\/#\/schema\/person\/02daff9f18bd9378c9e01eb6b2db155f","name":"Thales Brand\u00e3o","image":{"@type":"ImageObject","inLanguage":"pt-BR","@id":"https:\/\/secure.gravatar.com\/avatar\/7ca3206950207cc3cb48feec56a8a7898741ab725c368d99d5d7a5a50aab80c6?s=96&d=mm&r=g","url":"https:\/\/secure.gravatar.com\/avatar\/7ca3206950207cc3cb48feec56a8a7898741ab725c368d99d5d7a5a50aab80c6?s=96&d=mm&r=g","contentUrl":"https:\/\/secure.gravatar.com\/avatar\/7ca3206950207cc3cb48feec56a8a7898741ab725c368d99d5d7a5a50aab80c6?s=96&d=mm&r=g","caption":"Thales Brand\u00e3o"},"description":"Editor Executivo do Portal CidadeMarketing.com.br &gt; Mestre em Comunica\u00e7\u00e3o e Sociedade pela Universidade Federal de Sergipe. Possui MBA Executivo em Administra\u00e7\u00e3o com \u00eanfase em Marketing pela Funda\u00e7\u00e3o Get\u00falio Vargas - Rio de Janeiro. Consultor, Palestrante e Pesquisador sobre Empreendedorismo, Marketing, Redes Sociais e Neg\u00f3cios Digitais. Professor, Palestrante TedxTalks e Campus Party. Twitter: @ThalesBrandao","sameAs":["http:\/\/www.mandacaru.com.br","https:\/\/www.facebook.com\/thalesbrandao","http:\/\/www.instagram.com.br\/thalesbrandaoferreira","https:\/\/www.linkedin.com\/in\/thales-brand\u00e3o-3948609\/","https:\/\/x.com\/http:\/\/www.twitter.com\/thalesbrandao"],"url":"https:\/\/www.cidademarketing.com.br\/marketing\/author\/thalesbrandao\/"}]}},"amp_enabled":true,"_links":{"self":[{"href":"https:\/\/www.cidademarketing.com.br\/marketing\/wp-json\/wp\/v2\/posts\/1723","targetHints":{"allow":["GET"]}}],"collection":[{"href":"https:\/\/www.cidademarketing.com.br\/marketing\/wp-json\/wp\/v2\/posts"}],"about":[{"href":"https:\/\/www.cidademarketing.com.br\/marketing\/wp-json\/wp\/v2\/types\/post"}],"author":[{"embeddable":true,"href":"https:\/\/www.cidademarketing.com.br\/marketing\/wp-json\/wp\/v2\/users\/1"}],"replies":[{"embeddable":true,"href":"https:\/\/www.cidademarketing.com.br\/marketing\/wp-json\/wp\/v2\/comments?post=1723"}],"version-history":[{"count":3,"href":"https:\/\/www.cidademarketing.com.br\/marketing\/wp-json\/wp\/v2\/posts\/1723\/revisions"}],"predecessor-version":[{"id":1727,"href":"https:\/\/www.cidademarketing.com.br\/marketing\/wp-json\/wp\/v2\/posts\/1723\/revisions\/1727"}],"wp:featuredmedia":[{"embeddable":true,"href":"https:\/\/www.cidademarketing.com.br\/marketing\/wp-json\/wp\/v2\/media\/1724"}],"wp:attachment":[{"href":"https:\/\/www.cidademarketing.com.br\/marketing\/wp-json\/wp\/v2\/media?parent=1723"}],"wp:term":[{"taxonomy":"category","embeddable":true,"href":"https:\/\/www.cidademarketing.com.br\/marketing\/wp-json\/wp\/v2\/categories?post=1723"},{"taxonomy":"post_tag","embeddable":true,"href":"https:\/\/www.cidademarketing.com.br\/marketing\/wp-json\/wp\/v2\/tags?post=1723"}],"curies":[{"name":"wp","href":"https:\/\/api.w.org\/{rel}","templated":true}]}}