{"id":17150,"date":"2020-07-19T01:14:12","date_gmt":"2020-07-19T04:14:12","guid":{"rendered":"https:\/\/www.cidademarketing.com.br\/marketing\/?p=17150"},"modified":"2020-07-19T11:04:58","modified_gmt":"2020-07-19T14:04:58","slug":"stella-artois-promove-lives-gastronomicas-para-ajudar-tiradentes-a-se-preparar-para-o-turismo","status":"publish","type":"post","link":"https:\/\/www.cidademarketing.com.br\/marketing\/2020\/07\/19\/stella-artois-promove-lives-gastronomicas-para-ajudar-tiradentes-a-se-preparar-para-o-turismo\/","title":{"rendered":"Stella Artois promove lives gastron\u00f4micas para ajudar Tiradentes a se preparar para o turismo"},"content":{"rendered":"\n<p>Um dos destinos tur\u00edsticos mais importantes do pa\u00eds, Tiradentes tem sido impactada pelos desdobramentos econ\u00f4micos e sociais causados pela pandemia. Para arrecadar fundos e contribuir com a reabertura da cidade no p\u00f3s Covid-19, de maneira segura e consciente, a Stella Artois se uniu ao movimento Ame Tiradentes e preparou uma s\u00e9rie de lives gastron\u00f4micas, com a participa\u00e7\u00e3o de renomados chefs e artistas que t\u00eam um carinho especial pela cidade.<\/p>\n\n\n\n<p>As lives acontecem aos domingos, sempre \u00e0s 16h, no perfil <a href=\"https:\/\/www.instagram.com\/ametiradentes\/\" target=\"_blank\" rel=\"noreferrer noopener\">@ametiradentes<\/a>. Ser\u00e3o cinco transmiss\u00f5es a partir do dia 19\/07, cada uma com um tema diferente: Carnes, Fus\u00e3o Gastron\u00f4mica, Culin\u00e1ria Mineira Raiz, Defumados e Culin\u00e1ria Contempor\u00e2nea. O p\u00fablico poder\u00e1 acessar previamente as listas de ingredientes na p\u00e1gina do Instagram e cozinhar durante a live, junto com o chef convidado.<\/p>\n\n\n\n<p>\u201cStella tem uma rela\u00e7\u00e3o muito pr\u00f3xima com a gastronomia e n\u00e3o poderia deixar de participar dessa iniciativa\u201d, explica Fernanda Federico, gerente de marketing regional de Stella Artois. Tiradentes \u00e9 reconhecida mundialmente pela tradi\u00e7\u00e3o e pela riqueza de sabores da sua culin\u00e1ria. As lives t\u00eam o intuito de reconectar o p\u00fablico com essas ra\u00edzes em prol de um objetivo ainda mais nobre: ajudar a cidade e os estabelecimentos a se estruturarem para que possam reabrir, da melhor maneira poss\u00edvel, quando tudo isso passar.<\/p>\n\n\n\n<p>Para as doa\u00e7\u00f5es, ficar\u00e1 vis\u00edvel na tela um QR Code do Mesa Brasil Sesc, uma rede nacional de bancos de alimentos contra a fome e o desperd\u00edcio. \u201cCom os valores arrecadados ser\u00e3o adquiridos itens como totens de \u00e1lcool gel acionados por pedal, testes de Covid-19, m\u00e1scaras e cestas b\u00e1sicas a serem doadas para fam\u00edlias carentes da regi\u00e3o\u201d, explica o co-idealizador do movimento Ame Tiradentes, Luiz C\u00e9sar Costa. A iniciativa conta com o apoio do Sesc, Senac, Associa\u00e7\u00e3o Empresarial de Tiradentes, Prefeitura Municipal, Circuito Trilha dos Inconfidentes, Apae, Abrigo Tiradentes e Fecom\u00e9rcio S\u00e3o Jo\u00e3o Del Rei.<\/p>\n\n\n\n<p>\u201cStella \u00e9 uma cerveja que traz um toque especial at\u00e9 para os momentos mais simples. A gente acredita que fazer um prato descomplicado e dividir a mesa com as pessoas queridas \u2013 mesmo que neste momento isso aconte\u00e7a virtualmente ou apenas na nossa casa \u2013 \u00e9 o que realmente importa, ent\u00e3o, al\u00e9m de apoiar os restaurantes, tamb\u00e9m queremos ajudar o p\u00fablico a criar essas mem\u00f3rias\u201d, complementa Fernanda.&nbsp;<\/p>\n\n\n\n<p><strong>Stella Artois se mobiliza pelos restaurantes<\/strong><\/p>\n\n\n\n<p>Desde o in\u00edcio do distanciamento social, Stella Artois desenvolveu em uma s\u00e9rie de iniciativas para ajudar os restaurantes, um dos segmentos mais impactados pela paralisa\u00e7\u00e3o das atividades comerciais e a baixa demanda. Exemplo disso \u00e9 o movimento Apoie um Restaurante, uma plataforma colaborativa na qual o consumidor pode comprar vouchers de estabelecimentos cadastrados com um desconto de 50%, custeado por Stella Artois e outros parceiros, consumindo presencialmente no futuro quando o restaurante voltar a abrir suas portas. At\u00e9 agora, foram mais de 4,3 mil estabelecimentos beneficiados em todo o Brasil &#8211; em Minas Gerais j\u00e1 foram contemplados 340 restaurantes de 47 cidades.<\/p>\n\n\n\n<p><strong><u>Programa\u00e7\u00e3o Lives Ame Tiradentes<\/u><\/strong><\/p>\n\n\n\n<p><strong>Live Carnes<\/strong><\/p>\n\n\n\n<p>19\/07 \u2013 16h\/17h<\/p>\n\n\n\n<p>M\u00fasica: S\u00e9rgio Loroza<\/p>\n\n\n\n<p>Gastronomia: Mauro S\u00e9rgio \u2013 Senac<\/p>\n\n\n\n<p><strong>Live Defumados<\/strong><\/p>\n\n\n\n<p>26\/07 \u2013 16h\/17h<\/p>\n\n\n\n<p>M\u00fasica: Gabriel Sater&nbsp;<\/p>\n\n\n\n<p>Gastronomia: Rafael Pires (Mia Confeitaria e Restaurante)<\/p>\n\n\n\n<p><strong>Live Fus\u00e3o Gastron\u00f4mica<\/strong><\/p>\n\n\n\n<p>02\/08 \u2013 16h\/17h<\/p>\n\n\n\n<p>M\u00fasica: Wilson Simoninha<\/p>\n\n\n\n<p>Gastronomia: Ricardo Martins (Uai Thai)<\/p>\n\n\n\n<p><strong>Live Culin\u00e1ria Mineira Raiz<\/strong><\/p>\n\n\n\n<p>09\/08 \u2013 16h\/17h<\/p>\n\n\n\n<p>M\u00fasica: Fernando Anitelli (Teatro M\u00e1gico)<\/p>\n\n\n\n<p>Gastronomia: Beth Beltr\u00e3o<\/p>\n\n\n\n<p><strong>Live Culin\u00e1ria Contempor\u00e2nea<\/strong><\/p>\n\n\n\n<p>16\/08 \u2013 16h\/17h<\/p>\n\n\n\n<p>M\u00fasica: Lurex e John Clay<\/p>\n\n\n\n<p>Gastronomia: Luiz Cesar (Luth Bistr\u00f4) e Mauro C\u00e9sar (Senac)<\/p>\n","protected":false},"excerpt":{"rendered":"<p>Um dos destinos tur\u00edsticos mais importantes do pa\u00eds, Tiradentes tem sido impactada pelos desdobramentos econ\u00f4micos e sociais causados pela pandemia. Para arrecadar fundos e contribuir com a reabertura da cidade no p\u00f3s Covid-19, de maneira segura e consciente, a Stella Artois se uniu ao movimento Ame Tiradentes e preparou uma s\u00e9rie de lives gastron\u00f4micas, com [&hellip;]<\/p>\n","protected":false},"author":1,"featured_media":17151,"comment_status":"open","ping_status":"open","sticky":false,"template":"","format":"standard","meta":{"tdm_status":"","tdm_grid_status":"","footnotes":""},"categories":[6],"tags":[33,28,909],"class_list":["post-17150","post","type-post","status-publish","format-standard","has-post-thumbnail","hentry","category-noticias","tag-estrategia","tag-marketing","tag-stella-artois"],"yoast_head":"<!-- This site is optimized with the Yoast SEO plugin v27.5 - https:\/\/yoast.com\/product\/yoast-seo-wordpress\/ -->\n<title>Stella Artois promove lives gastron\u00f4micas para ajudar Tiradentes a se preparar para o turismo - CidadeMarketing<\/title>\n<meta name=\"robots\" content=\"index, follow, max-snippet:-1, max-image-preview:large, max-video-preview:-1\" \/>\n<link rel=\"canonical\" href=\"https:\/\/www.cidademarketing.com.br\/marketing\/2020\/07\/19\/stella-artois-promove-lives-gastronomicas-para-ajudar-tiradentes-a-se-preparar-para-o-turismo\/\" \/>\n<meta property=\"og:locale\" content=\"pt_BR\" \/>\n<meta property=\"og:type\" content=\"article\" \/>\n<meta property=\"og:title\" content=\"Stella Artois promove lives gastron\u00f4micas para ajudar Tiradentes a se preparar para o turismo - CidadeMarketing\" \/>\n<meta property=\"og:description\" content=\"Um dos destinos tur\u00edsticos mais importantes do pa\u00eds, Tiradentes tem sido impactada pelos desdobramentos econ\u00f4micos e sociais causados pela pandemia. Para arrecadar fundos e contribuir com a reabertura da cidade no p\u00f3s Covid-19, de maneira segura e consciente, a Stella Artois se uniu ao movimento Ame Tiradentes e preparou uma s\u00e9rie de lives gastron\u00f4micas, com [&hellip;]\" \/>\n<meta property=\"og:url\" content=\"https:\/\/www.cidademarketing.com.br\/marketing\/2020\/07\/19\/stella-artois-promove-lives-gastronomicas-para-ajudar-tiradentes-a-se-preparar-para-o-turismo\/\" \/>\n<meta property=\"og:site_name\" content=\"CidadeMarketing\" \/>\n<meta property=\"article:publisher\" content=\"https:\/\/www.facebook.com\/portalcidademarketing\" \/>\n<meta property=\"article:author\" content=\"https:\/\/www.facebook.com\/thalesbrandao\" \/>\n<meta property=\"article:published_time\" content=\"2020-07-19T04:14:12+00:00\" \/>\n<meta property=\"article:modified_time\" content=\"2020-07-19T14:04:58+00:00\" \/>\n<meta property=\"og:image\" content=\"https:\/\/www.cidademarketing.com.br\/marketing\/wp-content\/uploads\/2020\/07\/TIRADENTES.jpg\" \/>\n\t<meta property=\"og:image:width\" content=\"2000\" \/>\n\t<meta property=\"og:image:height\" content=\"1333\" \/>\n\t<meta property=\"og:image:type\" content=\"image\/jpeg\" \/>\n<meta name=\"author\" content=\"Thales Brand\u00e3o\" \/>\n<meta name=\"twitter:card\" content=\"summary_large_image\" \/>\n<meta name=\"twitter:creator\" content=\"@http:\/\/www.twitter.com\/thalesbrandao\" \/>\n<meta name=\"twitter:site\" content=\"@CidadeMarketing\" \/>\n<meta name=\"twitter:label1\" content=\"Escrito por\" \/>\n\t<meta name=\"twitter:data1\" content=\"Thales Brand\u00e3o\" \/>\n\t<meta name=\"twitter:label2\" content=\"Est. tempo de leitura\" \/>\n\t<meta name=\"twitter:data2\" content=\"3 minutos\" \/>\n<script type=\"application\/ld+json\" class=\"yoast-schema-graph\">{\"@context\":\"https:\\\/\\\/schema.org\",\"@graph\":[{\"@type\":\"Article\",\"@id\":\"https:\\\/\\\/www.cidademarketing.com.br\\\/marketing\\\/2020\\\/07\\\/19\\\/stella-artois-promove-lives-gastronomicas-para-ajudar-tiradentes-a-se-preparar-para-o-turismo\\\/#article\",\"isPartOf\":{\"@id\":\"https:\\\/\\\/www.cidademarketing.com.br\\\/marketing\\\/2020\\\/07\\\/19\\\/stella-artois-promove-lives-gastronomicas-para-ajudar-tiradentes-a-se-preparar-para-o-turismo\\\/\"},\"author\":{\"name\":\"Thales Brand\u00e3o\",\"@id\":\"https:\\\/\\\/www.cidademarketing.com.br\\\/marketing\\\/#\\\/schema\\\/person\\\/02daff9f18bd9378c9e01eb6b2db155f\"},\"headline\":\"Stella Artois promove lives gastron\u00f4micas para ajudar Tiradentes a se preparar para o turismo\",\"datePublished\":\"2020-07-19T04:14:12+00:00\",\"dateModified\":\"2020-07-19T14:04:58+00:00\",\"mainEntityOfPage\":{\"@id\":\"https:\\\/\\\/www.cidademarketing.com.br\\\/marketing\\\/2020\\\/07\\\/19\\\/stella-artois-promove-lives-gastronomicas-para-ajudar-tiradentes-a-se-preparar-para-o-turismo\\\/\"},\"wordCount\":624,\"commentCount\":0,\"publisher\":{\"@id\":\"https:\\\/\\\/www.cidademarketing.com.br\\\/marketing\\\/#organization\"},\"image\":{\"@id\":\"https:\\\/\\\/www.cidademarketing.com.br\\\/marketing\\\/2020\\\/07\\\/19\\\/stella-artois-promove-lives-gastronomicas-para-ajudar-tiradentes-a-se-preparar-para-o-turismo\\\/#primaryimage\"},\"thumbnailUrl\":\"https:\\\/\\\/www.cidademarketing.com.br\\\/marketing\\\/wp-content\\\/uploads\\\/2020\\\/07\\\/TIRADENTES.jpg\",\"keywords\":[\"estrat\u00e9gia\",\"marketing\",\"Stella Artois\"],\"articleSection\":[\"Not\u00edcias\"],\"inLanguage\":\"pt-BR\",\"potentialAction\":[{\"@type\":\"CommentAction\",\"name\":\"Comment\",\"target\":[\"https:\\\/\\\/www.cidademarketing.com.br\\\/marketing\\\/2020\\\/07\\\/19\\\/stella-artois-promove-lives-gastronomicas-para-ajudar-tiradentes-a-se-preparar-para-o-turismo\\\/#respond\"]}]},{\"@type\":\"WebPage\",\"@id\":\"https:\\\/\\\/www.cidademarketing.com.br\\\/marketing\\\/2020\\\/07\\\/19\\\/stella-artois-promove-lives-gastronomicas-para-ajudar-tiradentes-a-se-preparar-para-o-turismo\\\/\",\"url\":\"https:\\\/\\\/www.cidademarketing.com.br\\\/marketing\\\/2020\\\/07\\\/19\\\/stella-artois-promove-lives-gastronomicas-para-ajudar-tiradentes-a-se-preparar-para-o-turismo\\\/\",\"name\":\"Stella Artois promove lives gastron\u00f4micas para ajudar Tiradentes a se preparar para o turismo - CidadeMarketing\",\"isPartOf\":{\"@id\":\"https:\\\/\\\/www.cidademarketing.com.br\\\/marketing\\\/#website\"},\"primaryImageOfPage\":{\"@id\":\"https:\\\/\\\/www.cidademarketing.com.br\\\/marketing\\\/2020\\\/07\\\/19\\\/stella-artois-promove-lives-gastronomicas-para-ajudar-tiradentes-a-se-preparar-para-o-turismo\\\/#primaryimage\"},\"image\":{\"@id\":\"https:\\\/\\\/www.cidademarketing.com.br\\\/marketing\\\/2020\\\/07\\\/19\\\/stella-artois-promove-lives-gastronomicas-para-ajudar-tiradentes-a-se-preparar-para-o-turismo\\\/#primaryimage\"},\"thumbnailUrl\":\"https:\\\/\\\/www.cidademarketing.com.br\\\/marketing\\\/wp-content\\\/uploads\\\/2020\\\/07\\\/TIRADENTES.jpg\",\"datePublished\":\"2020-07-19T04:14:12+00:00\",\"dateModified\":\"2020-07-19T14:04:58+00:00\",\"breadcrumb\":{\"@id\":\"https:\\\/\\\/www.cidademarketing.com.br\\\/marketing\\\/2020\\\/07\\\/19\\\/stella-artois-promove-lives-gastronomicas-para-ajudar-tiradentes-a-se-preparar-para-o-turismo\\\/#breadcrumb\"},\"inLanguage\":\"pt-BR\",\"potentialAction\":[{\"@type\":\"ReadAction\",\"target\":[\"https:\\\/\\\/www.cidademarketing.com.br\\\/marketing\\\/2020\\\/07\\\/19\\\/stella-artois-promove-lives-gastronomicas-para-ajudar-tiradentes-a-se-preparar-para-o-turismo\\\/\"]}]},{\"@type\":\"ImageObject\",\"inLanguage\":\"pt-BR\",\"@id\":\"https:\\\/\\\/www.cidademarketing.com.br\\\/marketing\\\/2020\\\/07\\\/19\\\/stella-artois-promove-lives-gastronomicas-para-ajudar-tiradentes-a-se-preparar-para-o-turismo\\\/#primaryimage\",\"url\":\"https:\\\/\\\/www.cidademarketing.com.br\\\/marketing\\\/wp-content\\\/uploads\\\/2020\\\/07\\\/TIRADENTES.jpg\",\"contentUrl\":\"https:\\\/\\\/www.cidademarketing.com.br\\\/marketing\\\/wp-content\\\/uploads\\\/2020\\\/07\\\/TIRADENTES.jpg\",\"width\":2000,\"height\":1333,\"caption\":\"Tiradentes - Minas Gerais. Cidade Hist\u00f3ria e Tur\u00edstica em Minas Gerais. Foto: Thales Brand\u00e3o\"},{\"@type\":\"BreadcrumbList\",\"@id\":\"https:\\\/\\\/www.cidademarketing.com.br\\\/marketing\\\/2020\\\/07\\\/19\\\/stella-artois-promove-lives-gastronomicas-para-ajudar-tiradentes-a-se-preparar-para-o-turismo\\\/#breadcrumb\",\"itemListElement\":[{\"@type\":\"ListItem\",\"position\":1,\"name\":\"In\u00edcio\",\"item\":\"https:\\\/\\\/www.cidademarketing.com.br\\\/marketing\\\/\"},{\"@type\":\"ListItem\",\"position\":2,\"name\":\"Stella Artois promove lives gastron\u00f4micas para ajudar Tiradentes a se preparar para o turismo\"}]},{\"@type\":\"WebSite\",\"@id\":\"https:\\\/\\\/www.cidademarketing.com.br\\\/marketing\\\/#website\",\"url\":\"https:\\\/\\\/www.cidademarketing.com.br\\\/marketing\\\/\",\"name\":\"CidadeMarketing\",\"description\":\"Somos um ve\u00edculo de comunica\u00e7\u00e3o de destaque no Brasil, reconhecido por conte\u00fados nos segmentos de marketing, empreendedorismo e inova\u00e7\u00e3o.\",\"publisher\":{\"@id\":\"https:\\\/\\\/www.cidademarketing.com.br\\\/marketing\\\/#organization\"},\"alternateName\":\"CidadeMarketing\",\"potentialAction\":[{\"@type\":\"SearchAction\",\"target\":{\"@type\":\"EntryPoint\",\"urlTemplate\":\"https:\\\/\\\/www.cidademarketing.com.br\\\/marketing\\\/?s={search_term_string}\"},\"query-input\":{\"@type\":\"PropertyValueSpecification\",\"valueRequired\":true,\"valueName\":\"search_term_string\"}}],\"inLanguage\":\"pt-BR\"},{\"@type\":\"Organization\",\"@id\":\"https:\\\/\\\/www.cidademarketing.com.br\\\/marketing\\\/#organization\",\"name\":\"CidadeMarketing\",\"alternateName\":\"CidadeMarketing\",\"url\":\"https:\\\/\\\/www.cidademarketing.com.br\\\/marketing\\\/\",\"logo\":{\"@type\":\"ImageObject\",\"inLanguage\":\"pt-BR\",\"@id\":\"https:\\\/\\\/www.cidademarketing.com.br\\\/marketing\\\/#\\\/schema\\\/logo\\\/image\\\/\",\"url\":\"https:\\\/\\\/www.cidademarketing.com.br\\\/marketing\\\/wp-content\\\/uploads\\\/2020\\\/01\\\/cidademarketing_marca_mobile.png\",\"contentUrl\":\"https:\\\/\\\/www.cidademarketing.com.br\\\/marketing\\\/wp-content\\\/uploads\\\/2020\\\/01\\\/cidademarketing_marca_mobile.png\",\"width\":230,\"height\":92,\"caption\":\"CidadeMarketing\"},\"image\":{\"@id\":\"https:\\\/\\\/www.cidademarketing.com.br\\\/marketing\\\/#\\\/schema\\\/logo\\\/image\\\/\"},\"sameAs\":[\"https:\\\/\\\/www.facebook.com\\\/portalcidademarketing\",\"https:\\\/\\\/x.com\\\/CidadeMarketing\",\"https:\\\/\\\/www.instagram.com\\\/cidademarketing\\\/\"]},{\"@type\":\"Person\",\"@id\":\"https:\\\/\\\/www.cidademarketing.com.br\\\/marketing\\\/#\\\/schema\\\/person\\\/02daff9f18bd9378c9e01eb6b2db155f\",\"name\":\"Thales Brand\u00e3o\",\"image\":{\"@type\":\"ImageObject\",\"inLanguage\":\"pt-BR\",\"@id\":\"https:\\\/\\\/secure.gravatar.com\\\/avatar\\\/7ca3206950207cc3cb48feec56a8a7898741ab725c368d99d5d7a5a50aab80c6?s=96&d=mm&r=g\",\"url\":\"https:\\\/\\\/secure.gravatar.com\\\/avatar\\\/7ca3206950207cc3cb48feec56a8a7898741ab725c368d99d5d7a5a50aab80c6?s=96&d=mm&r=g\",\"contentUrl\":\"https:\\\/\\\/secure.gravatar.com\\\/avatar\\\/7ca3206950207cc3cb48feec56a8a7898741ab725c368d99d5d7a5a50aab80c6?s=96&d=mm&r=g\",\"caption\":\"Thales Brand\u00e3o\"},\"description\":\"Editor Executivo do Portal CidadeMarketing.com.br &gt; Mestre em Comunica\u00e7\u00e3o e Sociedade pela Universidade Federal de Sergipe. Possui MBA Executivo em Administra\u00e7\u00e3o com \u00eanfase em Marketing pela Funda\u00e7\u00e3o Get\u00falio Vargas - Rio de Janeiro. Consultor, Palestrante e Pesquisador sobre Empreendedorismo, Marketing, Redes Sociais e Neg\u00f3cios Digitais. Professor, Palestrante TedxTalks e Campus Party. Twitter: @ThalesBrandao\",\"sameAs\":[\"http:\\\/\\\/www.mandacaru.com.br\",\"https:\\\/\\\/www.facebook.com\\\/thalesbrandao\",\"http:\\\/\\\/www.instagram.com.br\\\/thalesbrandaoferreira\",\"https:\\\/\\\/www.linkedin.com\\\/in\\\/thales-brand\u00e3o-3948609\\\/\",\"https:\\\/\\\/x.com\\\/http:\\\/\\\/www.twitter.com\\\/thalesbrandao\"],\"url\":\"https:\\\/\\\/www.cidademarketing.com.br\\\/marketing\\\/author\\\/thalesbrandao\\\/\"}]}<\/script>\n<!-- \/ Yoast SEO plugin. -->","yoast_head_json":{"title":"Stella Artois promove lives gastron\u00f4micas para ajudar Tiradentes a se preparar para o turismo - CidadeMarketing","robots":{"index":"index","follow":"follow","max-snippet":"max-snippet:-1","max-image-preview":"max-image-preview:large","max-video-preview":"max-video-preview:-1"},"canonical":"https:\/\/www.cidademarketing.com.br\/marketing\/2020\/07\/19\/stella-artois-promove-lives-gastronomicas-para-ajudar-tiradentes-a-se-preparar-para-o-turismo\/","og_locale":"pt_BR","og_type":"article","og_title":"Stella Artois promove lives gastron\u00f4micas para ajudar Tiradentes a se preparar para o turismo - CidadeMarketing","og_description":"Um dos destinos tur\u00edsticos mais importantes do pa\u00eds, Tiradentes tem sido impactada pelos desdobramentos econ\u00f4micos e sociais causados pela pandemia. Para arrecadar fundos e contribuir com a reabertura da cidade no p\u00f3s Covid-19, de maneira segura e consciente, a Stella Artois se uniu ao movimento Ame Tiradentes e preparou uma s\u00e9rie de lives gastron\u00f4micas, com [&hellip;]","og_url":"https:\/\/www.cidademarketing.com.br\/marketing\/2020\/07\/19\/stella-artois-promove-lives-gastronomicas-para-ajudar-tiradentes-a-se-preparar-para-o-turismo\/","og_site_name":"CidadeMarketing","article_publisher":"https:\/\/www.facebook.com\/portalcidademarketing","article_author":"https:\/\/www.facebook.com\/thalesbrandao","article_published_time":"2020-07-19T04:14:12+00:00","article_modified_time":"2020-07-19T14:04:58+00:00","og_image":[{"width":2000,"height":1333,"url":"https:\/\/www.cidademarketing.com.br\/marketing\/wp-content\/uploads\/2020\/07\/TIRADENTES.jpg","type":"image\/jpeg"}],"author":"Thales Brand\u00e3o","twitter_card":"summary_large_image","twitter_creator":"@http:\/\/www.twitter.com\/thalesbrandao","twitter_site":"@CidadeMarketing","twitter_misc":{"Escrito por":"Thales Brand\u00e3o","Est. tempo de leitura":"3 minutos"},"schema":{"@context":"https:\/\/schema.org","@graph":[{"@type":"Article","@id":"https:\/\/www.cidademarketing.com.br\/marketing\/2020\/07\/19\/stella-artois-promove-lives-gastronomicas-para-ajudar-tiradentes-a-se-preparar-para-o-turismo\/#article","isPartOf":{"@id":"https:\/\/www.cidademarketing.com.br\/marketing\/2020\/07\/19\/stella-artois-promove-lives-gastronomicas-para-ajudar-tiradentes-a-se-preparar-para-o-turismo\/"},"author":{"name":"Thales Brand\u00e3o","@id":"https:\/\/www.cidademarketing.com.br\/marketing\/#\/schema\/person\/02daff9f18bd9378c9e01eb6b2db155f"},"headline":"Stella Artois promove lives gastron\u00f4micas para ajudar Tiradentes a se preparar para o turismo","datePublished":"2020-07-19T04:14:12+00:00","dateModified":"2020-07-19T14:04:58+00:00","mainEntityOfPage":{"@id":"https:\/\/www.cidademarketing.com.br\/marketing\/2020\/07\/19\/stella-artois-promove-lives-gastronomicas-para-ajudar-tiradentes-a-se-preparar-para-o-turismo\/"},"wordCount":624,"commentCount":0,"publisher":{"@id":"https:\/\/www.cidademarketing.com.br\/marketing\/#organization"},"image":{"@id":"https:\/\/www.cidademarketing.com.br\/marketing\/2020\/07\/19\/stella-artois-promove-lives-gastronomicas-para-ajudar-tiradentes-a-se-preparar-para-o-turismo\/#primaryimage"},"thumbnailUrl":"https:\/\/www.cidademarketing.com.br\/marketing\/wp-content\/uploads\/2020\/07\/TIRADENTES.jpg","keywords":["estrat\u00e9gia","marketing","Stella Artois"],"articleSection":["Not\u00edcias"],"inLanguage":"pt-BR","potentialAction":[{"@type":"CommentAction","name":"Comment","target":["https:\/\/www.cidademarketing.com.br\/marketing\/2020\/07\/19\/stella-artois-promove-lives-gastronomicas-para-ajudar-tiradentes-a-se-preparar-para-o-turismo\/#respond"]}]},{"@type":"WebPage","@id":"https:\/\/www.cidademarketing.com.br\/marketing\/2020\/07\/19\/stella-artois-promove-lives-gastronomicas-para-ajudar-tiradentes-a-se-preparar-para-o-turismo\/","url":"https:\/\/www.cidademarketing.com.br\/marketing\/2020\/07\/19\/stella-artois-promove-lives-gastronomicas-para-ajudar-tiradentes-a-se-preparar-para-o-turismo\/","name":"Stella Artois promove lives gastron\u00f4micas para ajudar Tiradentes a se preparar para o turismo - CidadeMarketing","isPartOf":{"@id":"https:\/\/www.cidademarketing.com.br\/marketing\/#website"},"primaryImageOfPage":{"@id":"https:\/\/www.cidademarketing.com.br\/marketing\/2020\/07\/19\/stella-artois-promove-lives-gastronomicas-para-ajudar-tiradentes-a-se-preparar-para-o-turismo\/#primaryimage"},"image":{"@id":"https:\/\/www.cidademarketing.com.br\/marketing\/2020\/07\/19\/stella-artois-promove-lives-gastronomicas-para-ajudar-tiradentes-a-se-preparar-para-o-turismo\/#primaryimage"},"thumbnailUrl":"https:\/\/www.cidademarketing.com.br\/marketing\/wp-content\/uploads\/2020\/07\/TIRADENTES.jpg","datePublished":"2020-07-19T04:14:12+00:00","dateModified":"2020-07-19T14:04:58+00:00","breadcrumb":{"@id":"https:\/\/www.cidademarketing.com.br\/marketing\/2020\/07\/19\/stella-artois-promove-lives-gastronomicas-para-ajudar-tiradentes-a-se-preparar-para-o-turismo\/#breadcrumb"},"inLanguage":"pt-BR","potentialAction":[{"@type":"ReadAction","target":["https:\/\/www.cidademarketing.com.br\/marketing\/2020\/07\/19\/stella-artois-promove-lives-gastronomicas-para-ajudar-tiradentes-a-se-preparar-para-o-turismo\/"]}]},{"@type":"ImageObject","inLanguage":"pt-BR","@id":"https:\/\/www.cidademarketing.com.br\/marketing\/2020\/07\/19\/stella-artois-promove-lives-gastronomicas-para-ajudar-tiradentes-a-se-preparar-para-o-turismo\/#primaryimage","url":"https:\/\/www.cidademarketing.com.br\/marketing\/wp-content\/uploads\/2020\/07\/TIRADENTES.jpg","contentUrl":"https:\/\/www.cidademarketing.com.br\/marketing\/wp-content\/uploads\/2020\/07\/TIRADENTES.jpg","width":2000,"height":1333,"caption":"Tiradentes - Minas Gerais. Cidade Hist\u00f3ria e Tur\u00edstica em Minas Gerais. Foto: Thales Brand\u00e3o"},{"@type":"BreadcrumbList","@id":"https:\/\/www.cidademarketing.com.br\/marketing\/2020\/07\/19\/stella-artois-promove-lives-gastronomicas-para-ajudar-tiradentes-a-se-preparar-para-o-turismo\/#breadcrumb","itemListElement":[{"@type":"ListItem","position":1,"name":"In\u00edcio","item":"https:\/\/www.cidademarketing.com.br\/marketing\/"},{"@type":"ListItem","position":2,"name":"Stella Artois promove lives gastron\u00f4micas para ajudar Tiradentes a se preparar para o turismo"}]},{"@type":"WebSite","@id":"https:\/\/www.cidademarketing.com.br\/marketing\/#website","url":"https:\/\/www.cidademarketing.com.br\/marketing\/","name":"CidadeMarketing","description":"Somos um ve\u00edculo de comunica\u00e7\u00e3o de destaque no Brasil, reconhecido por conte\u00fados nos segmentos de marketing, empreendedorismo e inova\u00e7\u00e3o.","publisher":{"@id":"https:\/\/www.cidademarketing.com.br\/marketing\/#organization"},"alternateName":"CidadeMarketing","potentialAction":[{"@type":"SearchAction","target":{"@type":"EntryPoint","urlTemplate":"https:\/\/www.cidademarketing.com.br\/marketing\/?s={search_term_string}"},"query-input":{"@type":"PropertyValueSpecification","valueRequired":true,"valueName":"search_term_string"}}],"inLanguage":"pt-BR"},{"@type":"Organization","@id":"https:\/\/www.cidademarketing.com.br\/marketing\/#organization","name":"CidadeMarketing","alternateName":"CidadeMarketing","url":"https:\/\/www.cidademarketing.com.br\/marketing\/","logo":{"@type":"ImageObject","inLanguage":"pt-BR","@id":"https:\/\/www.cidademarketing.com.br\/marketing\/#\/schema\/logo\/image\/","url":"https:\/\/www.cidademarketing.com.br\/marketing\/wp-content\/uploads\/2020\/01\/cidademarketing_marca_mobile.png","contentUrl":"https:\/\/www.cidademarketing.com.br\/marketing\/wp-content\/uploads\/2020\/01\/cidademarketing_marca_mobile.png","width":230,"height":92,"caption":"CidadeMarketing"},"image":{"@id":"https:\/\/www.cidademarketing.com.br\/marketing\/#\/schema\/logo\/image\/"},"sameAs":["https:\/\/www.facebook.com\/portalcidademarketing","https:\/\/x.com\/CidadeMarketing","https:\/\/www.instagram.com\/cidademarketing\/"]},{"@type":"Person","@id":"https:\/\/www.cidademarketing.com.br\/marketing\/#\/schema\/person\/02daff9f18bd9378c9e01eb6b2db155f","name":"Thales Brand\u00e3o","image":{"@type":"ImageObject","inLanguage":"pt-BR","@id":"https:\/\/secure.gravatar.com\/avatar\/7ca3206950207cc3cb48feec56a8a7898741ab725c368d99d5d7a5a50aab80c6?s=96&d=mm&r=g","url":"https:\/\/secure.gravatar.com\/avatar\/7ca3206950207cc3cb48feec56a8a7898741ab725c368d99d5d7a5a50aab80c6?s=96&d=mm&r=g","contentUrl":"https:\/\/secure.gravatar.com\/avatar\/7ca3206950207cc3cb48feec56a8a7898741ab725c368d99d5d7a5a50aab80c6?s=96&d=mm&r=g","caption":"Thales Brand\u00e3o"},"description":"Editor Executivo do Portal CidadeMarketing.com.br &gt; Mestre em Comunica\u00e7\u00e3o e Sociedade pela Universidade Federal de Sergipe. Possui MBA Executivo em Administra\u00e7\u00e3o com \u00eanfase em Marketing pela Funda\u00e7\u00e3o Get\u00falio Vargas - Rio de Janeiro. Consultor, Palestrante e Pesquisador sobre Empreendedorismo, Marketing, Redes Sociais e Neg\u00f3cios Digitais. Professor, Palestrante TedxTalks e Campus Party. Twitter: @ThalesBrandao","sameAs":["http:\/\/www.mandacaru.com.br","https:\/\/www.facebook.com\/thalesbrandao","http:\/\/www.instagram.com.br\/thalesbrandaoferreira","https:\/\/www.linkedin.com\/in\/thales-brand\u00e3o-3948609\/","https:\/\/x.com\/http:\/\/www.twitter.com\/thalesbrandao"],"url":"https:\/\/www.cidademarketing.com.br\/marketing\/author\/thalesbrandao\/"}]}},"amp_enabled":true,"_links":{"self":[{"href":"https:\/\/www.cidademarketing.com.br\/marketing\/wp-json\/wp\/v2\/posts\/17150","targetHints":{"allow":["GET"]}}],"collection":[{"href":"https:\/\/www.cidademarketing.com.br\/marketing\/wp-json\/wp\/v2\/posts"}],"about":[{"href":"https:\/\/www.cidademarketing.com.br\/marketing\/wp-json\/wp\/v2\/types\/post"}],"author":[{"embeddable":true,"href":"https:\/\/www.cidademarketing.com.br\/marketing\/wp-json\/wp\/v2\/users\/1"}],"replies":[{"embeddable":true,"href":"https:\/\/www.cidademarketing.com.br\/marketing\/wp-json\/wp\/v2\/comments?post=17150"}],"version-history":[{"count":2,"href":"https:\/\/www.cidademarketing.com.br\/marketing\/wp-json\/wp\/v2\/posts\/17150\/revisions"}],"predecessor-version":[{"id":17156,"href":"https:\/\/www.cidademarketing.com.br\/marketing\/wp-json\/wp\/v2\/posts\/17150\/revisions\/17156"}],"wp:featuredmedia":[{"embeddable":true,"href":"https:\/\/www.cidademarketing.com.br\/marketing\/wp-json\/wp\/v2\/media\/17151"}],"wp:attachment":[{"href":"https:\/\/www.cidademarketing.com.br\/marketing\/wp-json\/wp\/v2\/media?parent=17150"}],"wp:term":[{"taxonomy":"category","embeddable":true,"href":"https:\/\/www.cidademarketing.com.br\/marketing\/wp-json\/wp\/v2\/categories?post=17150"},{"taxonomy":"post_tag","embeddable":true,"href":"https:\/\/www.cidademarketing.com.br\/marketing\/wp-json\/wp\/v2\/tags?post=17150"}],"curies":[{"name":"wp","href":"https:\/\/api.w.org\/{rel}","templated":true}]}}